{"id":641265,"date":"2026-01-25T15:50:24","date_gmt":"2026-01-25T14:50:24","guid":{"rendered":"https:\/\/dicodusport.fr\/blog\/?p=641265&#038;preview=true&#038;preview_id=641265"},"modified":"2026-01-25T16:18:40","modified_gmt":"2026-01-25T15:18:40","slug":"classement-et-resultats-mass-start-hommes-nove-mesto-2026","status":"publish","type":"post","link":"https:\/\/dicodusport.fr\/blog\/classement-et-resultats-mass-start-hommes-nove-mesto-2026\/","title":{"rendered":"Classement et r\u00e9sultats Mass start hommes Nove Mesto 2026"},"content":{"rendered":"<p style=\"text-align: justify;\"><strong><i>D\u00e9couvrez le classement complet et les r\u00e9sultats d\u00e9taill\u00e9s de la mass start hommes de Nove Mesto (R\u00e9publique Tch\u00e8que), qui s&rsquo;est d\u00e9roul\u00e9e ce dimanche 25 janvier 2026.<\/i><\/strong><b><i><br \/>\n<\/i><\/b><\/p>\n<ul>\n<li style=\"text-align: justify;\"><strong>\u00c0 ce sujet \u2013\u00a0<a class=\"row-title\" href=\"https:\/\/dicodusport.fr\/blog\/biathlon-nove-mesto-2026-programme-horaires-et-resultats\/\" aria-label=\"\u00ab Biathlon Oberhof 2026 : Programme, Horaires et R\u00e9sultats \u00bb\">Biathlon Nove Mesto 2026 : Programme, Horaires et R\u00e9sultats<\/a><\/strong><\/li>\n<\/ul>\n<p style=\"text-align: justify;\">La <strong>mass start hommes de la Coupe du monde de biathlon de Nove Mesto<\/strong> s\u2019annonce comme l\u2019un des grands temps forts du week-end. Ce <strong>dimanche 25 janvier 2026<\/strong>, sur le trac\u00e9 exigeant de la <em>Vysocina Arena<\/em>, les 30 meilleurs biathl\u00e8tes du moment s\u2019\u00e9lanceront ensemble pour une course toujours aussi intense, spectaculaire et impitoyable.<\/p>\n<p style=\"text-align: justify;\">Disput\u00e9e sur 15 kilom\u00e8tres, cette <strong>mass start<\/strong> se jouera, comme souvent, autant sur la qualit\u00e9 du tir que sur la gestion de l\u2019effort. Quatre passages derri\u00e8re la carabine (deux couch\u00e9s, deux debout), des tours de p\u00e9nalit\u00e9 imm\u00e9diats \u00e0 la moindre erreur, et une ambiance surchauff\u00e9e port\u00e9e par le public tch\u00e8que : tous les ingr\u00e9dients sont r\u00e9unis pour un final haletant.<\/p>\n<h2 style=\"text-align: justify;\">Une forte d\u00e9l\u00e9gation fran\u00e7aise au d\u00e9part<\/h2>\n<p style=\"text-align: justify;\">La France sera particuli\u00e8rement bien repr\u00e9sent\u00e9e, avec six biathl\u00e8tes qualifi\u00e9s pour cette \u00e9preuve r\u00e9serv\u00e9e \u00e0 l\u2019\u00e9lite. En grande forme depuis le d\u00e9but de l\u2019\u00e9tape tch\u00e8que, <strong>\u00c9ric Perrot<\/strong> fera figure de leader tricolore. Impressionnant sur l\u2019individuel court qu\u2019il a remport\u00e9, le Savoyard arrive avec une confiance maximale et un statut de s\u00e9rieux pr\u00e9tendant \u00e0 la victoire.<\/p>\n<div class=\"vlp-link-container vlp-layout-article\"><a href=\"https:\/\/dicodusport.fr\/blog\/double-francais-sur-lindividuel-court-de-nove-mesto-en-demonstration-eric-perrot-devance-emilien-jacquelin\/\" class=\"vlp-link\" title=\"Doubl\u00e9 fran\u00e7ais sur l&#039;individuel court de Nove Mesto : En d\u00e9monstration, \u00c9ric Perrot devance \u00c9milien Jacquelin !\"><\/a><div class=\"vlp-layout-zone-side\"><div class=\"vlp-block-4 vlp-link-image\"><img loading=\"lazy\" decoding=\"async\" style=\"max-width: 792px;\" width=\"792\" height=\"445\" src=\"https:\/\/dicodusport.fr\/blog\/wp-content\/uploads\/2026\/01\/Double-francais-sur-lindividuel-court-de-Nove-Mesto-En-demonstration-Eric-Perrot-devance-Emilien-Jacquelin-.png\" class=\"attachment-800x445 size-800x445\" alt=\"Doubl\u00e9 fran\u00e7ais sur l&#039;individuel court de Nove Mesto En d\u00e9monstration, \u00c9ric Perrot devance \u00c9milien Jacquelin !\" srcset=\"https:\/\/dicodusport.fr\/blog\/wp-content\/uploads\/2026\/01\/Double-francais-sur-lindividuel-court-de-Nove-Mesto-En-demonstration-Eric-Perrot-devance-Emilien-Jacquelin-.png 1200w, https:\/\/dicodusport.fr\/blog\/wp-content\/uploads\/2026\/01\/Double-francais-sur-lindividuel-court-de-Nove-Mesto-En-demonstration-Eric-Perrot-devance-Emilien-Jacquelin--300x169.png 300w, https:\/\/dicodusport.fr\/blog\/wp-content\/uploads\/2026\/01\/Double-francais-sur-lindividuel-court-de-Nove-Mesto-En-demonstration-Eric-Perrot-devance-Emilien-Jacquelin--1024x575.png 1024w, https:\/\/dicodusport.fr\/blog\/wp-content\/uploads\/2026\/01\/Double-francais-sur-lindividuel-court-de-Nove-Mesto-En-demonstration-Eric-Perrot-devance-Emilien-Jacquelin--768x431.png 768w\" sizes=\"auto, (max-width: 792px) 100vw, 792px\" \/><\/div><\/div><div class=\"vlp-layout-zone-main\"><div class=\"vlp-block-0 vlp-link-title\">Doubl\u00e9 fran\u00e7ais sur l'individuel court de Nove Mesto : En d\u00e9monstration, \u00c9ric Perrot devance \u00c9milien Jacquelin !<\/div><div class=\"vlp-block-1 vlp-link-summary\">COUPE DU MONDE DE BIATHLON 2025\/2026 - Auteur d'un 20\/20, \u00c9ric Perrot remporte l'individuel court de Nove Mesto. \u00c9milien Jacquelin est son dauphin.<\/div><div class=\"vlp-block-2 vlp-link-button\">Lire l'article<\/div><div class=\"vlp-block-3 vlp-link-url\">dicodusport.fr<\/div><\/div><\/div>\n<p style=\"text-align: justify;\">\u00c0 ses c\u00f4t\u00e9s, <strong>\u00c9milien Jacquelin<\/strong>, deuxi\u00e8me de cette m\u00eame course, tentera de confirmer son regain de r\u00e9gularit\u00e9. Capable de coups d\u2019\u00e9clat comme de passages plus d\u00e9licats au tir, le Dauphinois reste un danger permanent dans ce format.<\/p>\n<p style=\"text-align: justify;\"><strong>Quentin Fillon Maillet<\/strong>, moins en vue ces derni\u00e8res semaines mais toujours redoutable en mass start, cherchera \u00e0 retrouver son meilleur niveau. <strong>Fabien Claude<\/strong>, solide et constant, <strong>Oscar Lombardot<\/strong>, r\u00e9compens\u00e9 de sa r\u00e9gularit\u00e9 au classement g\u00e9n\u00e9ral, ainsi que <strong>\u00c9milien Claude<\/strong>, compl\u00e8tent cette belle armada fran\u00e7aise.<\/p>\n<h2 style=\"text-align: justify;\">Des adversaires de tr\u00e8s haut niveau<\/h2>\n<p style=\"text-align: justify;\">La concurrence sera toutefois f\u00e9roce. L\u2019Italien <strong>Tommaso Giacomel<\/strong>, en t\u00eate de la start-list, le Su\u00e9dois S<strong>ebastian Samuelsson<\/strong> ou encore le Norv\u00e9gien <strong>Johan-Olav Botn<\/strong> figurent parmi les principaux outsiders. Dans un format o\u00f9 la moindre faute se paie cash, l\u2019exp\u00e9rience et la solidit\u00e9 mentale feront la diff\u00e9rence.<\/p>\n<h2 style=\"text-align: justify;\">Un enjeu majeur avant la suite de la saison<\/h2>\n<p style=\"text-align: justify;\">Au-del\u00e0 du prestige de l\u2019\u00e9preuve, cette mass start repr\u00e9sente une \u00e9tape cl\u00e9 dans la course aux points de Coupe du monde et un excellent barom\u00e8tre avant les grands rendez-vous de fin de saison. Pour certains, il s\u2019agira de confirmer une dynamique tr\u00e8s positive ; pour d\u2019autres, de se relancer avant la prochaine \u00e9tape du circuit.<\/p>\n<p style=\"text-align: justify;\">Dans l\u2019atmosph\u00e8re toujours \u00e9lectrique de <strong>Nove Mesto<\/strong>, une chose est s\u00fbre : le spectacle sera au rendez-vous, et la moindre erreur pourrait redistribuer toutes les cartes jusqu\u2019aux derniers m\u00e8tres.<\/p>\n<ul>\n<li style=\"text-align: justify;\"><strong>\u00c0 ce sujet &#8211; <a href=\"https:\/\/dicodusport.fr\/blog\/biathlon-2025-2026-classement-general-hommes-de-la-coupe-du-monde-mis-a-jour\/\">Biathlon 2025-2026 : Classement G\u00e9n\u00e9ral Hommes de la Coupe du monde mis \u00e0 jour<\/a><\/strong><\/li>\n<\/ul>\n<h2 style=\"text-align: justify;\">Classement Mass start hommes Nove Mesto &#8211; Coupe du monde de biathlon 2025-2026<\/h2>\n<div class=\"su-table su-table-alternate\">\n<table style=\"width: 800px;border-collapse: collapse\" border=\"1\">\n<tbody>\n<tr style=\"height: 24px\">\n<td style=\"border-color: #ebebeb;height: 24px;text-align: center;width: 80px;vertical-align: middle\">\ud83c\udfc6<\/td>\n<td style=\"border-color: #ebebeb;height: 24px;text-align: center;width: 500px;vertical-align: middle\"><span style=\"font-size: 0.9em\"><strong>BIATHL\u00c8TES<\/strong><\/span><\/td>\n<td style=\"border-color: #ebebeb;height: 24px;text-align: center;width: 220px;vertical-align: middle\"><span style=\"font-size: 0.9em\"><strong>TEMPS\/FAUTES<br \/>\n<\/strong><\/span><\/td>\n<\/tr>\n<tr>\n<td style=\"border-color: #ebebeb;text-align: center;width: 80px;vertical-align: middle\"><strong><span class=\"su-label su-label-type-warning\">1.<\/span><\/strong><\/td>\n<td style=\"border-color: #ebebeb;text-align: center;width: 500px;vertical-align: middle\"><span style=\"font-size: 0.9em\"><b>\ud83c\uddeb\ud83c\uddf7 ERIC PERROT<\/b><\/span><\/td>\n<td style=\"border-color: #ebebeb;text-align: center;width: 220px;vertical-align: middle\"><span style=\"font-size: 0.9em\"><strong>35m59.6s (0)<\/strong><\/span><\/td>\n<\/tr>\n<tr>\n<td style=\"border-color: #ebebeb;text-align: center;width: 80px;vertical-align: middle\"><span style=\"font-size: 0.9em\">2.<\/span><\/td>\n<td style=\"border-color: #ebebeb;text-align: center;width: 500px;vertical-align: middle\"><span style=\"font-size: 0.9em\"><b>\ud83c\uddfa\ud83c\uddf8 CAMPBELL WRIGHT<\/b><\/span><\/td>\n<td style=\"border-color: #ebebeb;text-align: center;width: 220px;vertical-align: middle\"><span style=\"font-size: 0.9em\"><strong>\u00e0 9.0s (1)<\/strong><\/span><\/td>\n<\/tr>\n<tr style=\"height: 24px\">\n<td style=\"border-color: #ebebeb;height: 24px;text-align: center;width: 80px;vertical-align: middle\"><span style=\"font-size: 0.9em\">3.<\/span><\/td>\n<td style=\"border-color: #ebebeb;text-align: center;width: 500px;vertical-align: middle\"><span style=\"font-size: 0.9em\"><b>\ud83c\uddf3\ud83c\uddf4 SVERRE DAHLEN ASPENES<\/b><\/span><\/td>\n<td style=\"border-color: #ebebeb;text-align: center;width: 220px;vertical-align: middle\"><span style=\"font-size: 0.9em\"><strong>\u00e0 16.2s (0)<\/strong><\/span><\/td>\n<\/tr>\n<tr>\n<td style=\"border-color: #ebebeb;text-align: center;width: 80px;vertical-align: middle\"><span style=\"font-size: 0.9em\">4<\/span><span style=\"font-size: 0.9em\">.<\/span><\/td>\n<td style=\"border-color: #ebebeb;text-align: center;width: 500px;vertical-align: middle\"><span style=\"font-size: 0.9em\"><b>\ud83c\uddeb\ud83c\uddf7 FABIEN CLAUDE<\/b><\/span><\/td>\n<td style=\"border-color: #ebebeb;text-align: center;width: 220px;vertical-align: middle\"><span style=\"font-size: 0.9em\"><strong>\u00e0 23.8s (2)<\/strong><\/span><\/td>\n<\/tr>\n<tr>\n<td style=\"border-color: #ebebeb;text-align: center;width: 80px;vertical-align: middle\"><span style=\"font-size: 0.9em\">5.<\/span><\/td>\n<td style=\"border-color: #ebebeb;text-align: center;width: 500px;vertical-align: middle\"><span style=\"font-size: 0.9em\"><b>\ud83c\uddee\ud83c\uddf9 LUKAS HOFER<\/b><\/span><\/td>\n<td style=\"border-color: #ebebeb;text-align: center;width: 220px;vertical-align: middle\"><span style=\"font-size: 0.9em\"><strong>\u00e0 38.1s (1)<\/strong><\/span><\/td>\n<\/tr>\n<tr>\n<td style=\"border-color: #ebebeb;text-align: center;width: 80px;vertical-align: middle\"><span style=\"font-size: 0.9em\">6.<\/span><\/td>\n<td style=\"border-color: #ebebeb;text-align: center;width: 500px;vertical-align: middle\"><span style=\"font-size: 0.9em\"><b>\ud83c\uddeb\ud83c\uddf7 \u00c9MILIEN CLAUDE<\/b><\/span><\/td>\n<td style=\"border-color: #ebebeb;text-align: center;width: 220px;vertical-align: middle\"><span style=\"font-size: 0.9em\"><strong>\u00e0 41.0s (1)<\/strong><\/span><\/td>\n<\/tr>\n<tr>\n<td style=\"border-color: #ebebeb;text-align: center;width: 80px;vertical-align: middle\"><span style=\"font-size: 0.9em\">7.<\/span><\/td>\n<td style=\"border-color: #ebebeb;text-align: center;width: 500px;vertical-align: middle\"><span style=\"font-size: 0.9em\"><b>\ud83c\uddf3\ud83c\uddf4 JOHAN-OLAV BOTN\u00a0<\/b><\/span><\/td>\n<td style=\"border-color: #ebebeb;text-align: center;width: 220px;vertical-align: middle\"><span style=\"font-size: 0.9em\"><strong>\u00e0 43.4s (3)<\/strong><\/span><\/td>\n<\/tr>\n<tr>\n<td style=\"border-color: #ebebeb;text-align: center;width: 80px;vertical-align: middle\"><span style=\"font-size: 0.9em\">8.<\/span><\/td>\n<td style=\"border-color: #ebebeb;text-align: center;width: 500px;vertical-align: middle\"><span style=\"font-size: 0.9em\"><b>\ud83c\udde9\ud83c\uddea ROMAN REES<\/b><\/span><\/td>\n<td style=\"border-color: #ebebeb;text-align: center;width: 220px;vertical-align: middle\"><span style=\"font-size: 0.9em\"><strong>\u00e0 44.4s (0)<\/strong><\/span><\/td>\n<\/tr>\n<tr>\n<td style=\"border-color: #ebebeb;text-align: center;width: 80px;vertical-align: middle\"><span style=\"font-size: 0.9em\">9.<\/span><\/td>\n<td style=\"border-color: #ebebeb;text-align: center;width: 500px;vertical-align: middle\"><span style=\"font-size: 0.9em\"><b>\ud83c\uddf3\ud83c\uddf4 ISAK FREY<\/b><\/span><\/td>\n<td style=\"border-color: #ebebeb;text-align: center;width: 220px;vertical-align: middle\"><span style=\"font-size: 0.9em\"><strong>\u00e0 53.8s (3)<\/strong><\/span><\/td>\n<\/tr>\n<tr>\n<td style=\"border-color: #ebebeb;text-align: center;width: 80px;vertical-align: middle\"><span style=\"font-size: 0.9em\">10.<\/span><\/td>\n<td style=\"border-color: #ebebeb;text-align: center;width: 500px;vertical-align: middle\"><span style=\"font-size: 0.9em\"><b>\ud83c\udde8\ud83c\uddff MICHAL KRCMAR<\/b><\/span><\/td>\n<td style=\"border-color: #ebebeb;text-align: center;width: 220px;vertical-align: middle\"><span style=\"font-size: 0.9em\"><strong>\u00e0 53.8s (1)<\/strong><\/span><\/td>\n<\/tr>\n<tr>\n<td style=\"border-color: #ebebeb;text-align: center;width: 80px;vertical-align: middle\"><span style=\"font-size: 0.9em\">11.<\/span><\/td>\n<td style=\"border-color: #ebebeb;text-align: center;width: 500px;vertical-align: middle\"><span style=\"font-size: 0.9em\"><b>\ud83c\uddee\ud83c\uddf9 TOMMASO GIACOMEL<\/b><\/span><\/td>\n<td style=\"border-color: #ebebeb;text-align: center;width: 220px;vertical-align: middle\"><span style=\"font-size: 0.9em\"><strong>\u00e0 53.9s (5)<\/strong><\/span><\/td>\n<\/tr>\n<tr>\n<td style=\"border-color: #ebebeb;text-align: center;width: 80px;vertical-align: middle\"><span style=\"font-size: 0.9em\">12.<\/span><\/td>\n<td style=\"border-color: #ebebeb;text-align: center;width: 500px;vertical-align: middle\"><span style=\"font-size: 0.9em\"><b>\ud83c\uddeb\ud83c\uddf7 \u00c9MILIEN JACQUELIN<\/b><\/span><\/td>\n<td style=\"border-color: #ebebeb;text-align: center;width: 220px;vertical-align: middle\"><span style=\"font-size: 0.9em\"><strong>\u00e0 57.6s (3)<\/strong><\/span><\/td>\n<\/tr>\n<tr style=\"height: 24px\">\n<td style=\"border-color: #ebebeb;height: 24px;text-align: center;width: 80px;vertical-align: middle\"><span style=\"font-size: 0.9em\">13.<\/span><\/td>\n<td style=\"border-color: #ebebeb;text-align: center;width: 500px;vertical-align: middle\"><span style=\"font-size: 0.9em\"><b>\ud83c\uddf8\ud83c\uddea SEBASTIAN SAMUELSSON<\/b><\/span><\/td>\n<td style=\"border-color: #ebebeb;text-align: center;width: 220px;vertical-align: middle\"><span style=\"font-size: 0.9em\"><strong>\u00e0 1m04.1s (4)<\/strong><\/span><\/td>\n<\/tr>\n<tr>\n<td style=\"border-color: #ebebeb;text-align: center;width: 80px;vertical-align: middle\"><span style=\"font-size: 0.9em\">14<\/span><span style=\"font-size: 0.9em\">.<\/span><\/td>\n<td style=\"border-color: #ebebeb;text-align: center;width: 500px;vertical-align: middle\"><span style=\"font-size: 0.9em\"><b>\ud83c\uddeb\ud83c\uddf7 OSCAR LOMBARDOT<\/b><\/span><\/td>\n<td style=\"border-color: #ebebeb;text-align: center;width: 220px;vertical-align: middle\"><span style=\"font-size: 0.9em\"><strong>\u00e0 1m05.6s (3)<\/strong><\/span><\/td>\n<\/tr>\n<tr>\n<td style=\"border-color: #ebebeb;text-align: center;width: 80px;vertical-align: middle\"><span style=\"font-size: 0.9em\">15.<\/span><\/td>\n<td style=\"border-color: #ebebeb;text-align: center;width: 500px;vertical-align: middle\"><span style=\"font-size: 0.9em\"><b>\ud83c\udde9\ud83c\uddea LEONARD PFUND<\/b><\/span><\/td>\n<td style=\"border-color: #ebebeb;text-align: center;width: 220px;vertical-align: middle\"><span style=\"font-size: 0.9em\"><strong>\u00e0 1m11.4s (2)<\/strong><\/span><\/td>\n<\/tr>\n<tr>\n<td style=\"border-color: #ebebeb;text-align: center;width: 80px;vertical-align: middle\"><span style=\"font-size: 0.9em\">16.<\/span><\/td>\n<td style=\"border-color: #ebebeb;text-align: center;width: 500px;vertical-align: middle\"><span style=\"font-size: 0.9em\"><b>\ud83c\uddf8\ud83c\uddea JESPER NELIN<\/b><\/span><\/td>\n<td style=\"border-color: #ebebeb;text-align: center;width: 220px;vertical-align: middle\"><span style=\"font-size: 0.9em\"><strong>\u00e0 1m34.6s (2)<\/strong><\/span><\/td>\n<\/tr>\n<tr>\n<td style=\"border-color: #ebebeb;text-align: center;width: 80px;vertical-align: middle\"><span style=\"font-size: 0.9em\">17.<\/span><\/td>\n<td style=\"border-color: #ebebeb;text-align: center;width: 500px;vertical-align: middle\"><span style=\"font-size: 0.9em\"><b>\ud83c\uddf8\ud83c\uddea MARTIN PONSILUOMA<\/b><\/span><\/td>\n<td style=\"border-color: #ebebeb;text-align: center;width: 220px;vertical-align: middle\"><span style=\"font-size: 0.9em\"><strong>\u00e0 1m38.0s (6)<\/strong><\/span><\/td>\n<\/tr>\n<tr>\n<td style=\"border-color: #ebebeb;text-align: center;width: 80px;vertical-align: middle\"><span style=\"font-size: 0.9em\">18.<\/span><\/td>\n<td style=\"border-color: #ebebeb;text-align: center;width: 500px;vertical-align: middle\"><span style=\"font-size: 0.9em\"><b>\ud83c\uddf3\ud83c\uddf4 MARTIN NEVLAND<\/b><\/span><\/td>\n<td style=\"border-color: #ebebeb;text-align: center;width: 220px;vertical-align: middle\"><span style=\"font-size: 0.9em\"><strong>\u00e0 1m47.9s (2)<\/strong><\/span><\/td>\n<\/tr>\n<tr>\n<td style=\"border-color: #ebebeb;text-align: center;width: 80px;vertical-align: middle\"><span style=\"font-size: 0.9em\">19.<\/span><\/td>\n<td style=\"border-color: #ebebeb;text-align: center;width: 500px;vertical-align: middle\"><span style=\"font-size: 0.9em\"><b>\ud83c\uddeb\ud83c\uddf7 QUENTIN FILLON MAILLET<\/b><\/span><\/td>\n<td style=\"border-color: #ebebeb;text-align: center;width: 220px;vertical-align: middle\"><span style=\"font-size: 0.9em\"><strong>\u00e0 1m50.7s (6)<\/strong><\/span><\/td>\n<\/tr>\n<tr>\n<td style=\"border-color: #ebebeb;text-align: center;width: 80px;vertical-align: middle\"><span style=\"font-size: 0.9em\">20.<\/span><\/td>\n<td style=\"border-color: #ebebeb;text-align: center;width: 500px;vertical-align: middle\"><span style=\"font-size: 0.9em\"><b>\ud83c\uddf8\ud83c\uddea MALTE STEFANSSON<\/b><\/span><\/td>\n<td style=\"border-color: #ebebeb;text-align: center;width: 220px;vertical-align: middle\"><span style=\"font-size: 0.9em\"><strong>\u00e0 1m51.5s (3)<\/strong><\/span><\/td>\n<\/tr>\n<\/tbody>\n<\/table>\n<\/div>\n<ul>\n<li style=\"text-align: justify;\"><a href=\"https:\/\/www.biathlonworld.com\/results\/BT2526SWRLCP06SMMS\"><strong>Le classement complet de la mass start hommes de Nove Mesto<\/strong><\/a><\/li>\n<\/ul>\n<h3 style=\"text-align: justify;\">Dicodusport vous conseille<\/h3>\n<ul>\n<li style=\"text-align: justify;\"><strong><a href=\"https:\/\/dicodusport.fr\/blog\/biathlon-coupe-du-monde-2025-2026-le-calendrier-complet\/\">Biathlon Coupe du monde 2025-2026 : Le calendrier complet<\/a><\/strong><\/li>\n<li style=\"text-align: justify;\"><a href=\"https:\/\/dicodusport.fr\/blog\/biathlon-2025-2026-classement-du-petit-globe-mass-start-hommes-mis-a-jour\/\"><strong>Biathlon 2025-2026 : Classement du Petit Globe Mass start Hommes mis \u00e0 jour<\/strong><\/a><\/li>\n<\/ul>\n<div class=\"vlp-link-container vlp-layout-article\"><a href=\"https:\/\/dicodusport.fr\/blog\/edito-aimer-le-biathlon-francais-sans-fermer-les-yeux\/\" class=\"vlp-link\" title=\"\u00c9dito : Aimer le biathlon fran\u00e7ais sans fermer les yeux\"><\/a><div class=\"vlp-layout-zone-side\"><div class=\"vlp-block-4 vlp-link-image\"><img loading=\"lazy\" decoding=\"async\" style=\"max-width: 792px;\" width=\"792\" height=\"445\" src=\"https:\/\/dicodusport.fr\/blog\/wp-content\/uploads\/2025\/12\/Edito-Aimer-le-biathlon-francais-sans-fermer-les-yeux.png\" class=\"attachment-800x445 size-800x445\" alt=\"\u00c9dito Aimer le biathlon fran\u00e7ais sans fermer les yeux\" srcset=\"https:\/\/dicodusport.fr\/blog\/wp-content\/uploads\/2025\/12\/Edito-Aimer-le-biathlon-francais-sans-fermer-les-yeux.png 1200w, https:\/\/dicodusport.fr\/blog\/wp-content\/uploads\/2025\/12\/Edito-Aimer-le-biathlon-francais-sans-fermer-les-yeux-300x169.png 300w, https:\/\/dicodusport.fr\/blog\/wp-content\/uploads\/2025\/12\/Edito-Aimer-le-biathlon-francais-sans-fermer-les-yeux-1024x575.png 1024w, https:\/\/dicodusport.fr\/blog\/wp-content\/uploads\/2025\/12\/Edito-Aimer-le-biathlon-francais-sans-fermer-les-yeux-768x431.png 768w\" sizes=\"auto, (max-width: 792px) 100vw, 792px\" \/><\/div><\/div><div class=\"vlp-layout-zone-main\"><div class=\"vlp-block-0 vlp-link-title\">\u00c9dito : Aimer le biathlon fran\u00e7ais sans fermer les yeux<\/div><div class=\"vlp-block-1 vlp-link-summary\">Aimer le biathlon fran\u00e7ais sans fermer les yeux : quand l\u2019exigence, la pression m\u00e9diatique et l\u2019humain entrent en collision.<\/div><div class=\"vlp-block-2 vlp-link-button\">Lire l'article<\/div><div class=\"vlp-block-3 vlp-link-url\">dicodusport.fr<\/div><\/div><\/div>\n","protected":false},"excerpt":{"rendered":"<p>D\u00e9couvrez le classement complet et les r\u00e9sultats d\u00e9taill\u00e9s de la mass start hommes de Nove Mesto (R\u00e9publique Tch\u00e8que), qui s&rsquo;est d\u00e9roul\u00e9e ce dimanche 25 janvier 2026.<\/p>\n","protected":false},"author":4,"featured_media":641271,"comment_status":"open","ping_status":"closed","sticky":false,"template":"","format":"standard","meta":{"_acf_changed":false,"_daextam_enable_autolinks":"1","footnotes":""},"categories":[47040],"tags":[2427,16878,2695,7140],"class_list":["post-641265","post","type-post","status-publish","format-standard","has-post-thumbnail","hentry","category-coupe-du-monde-de-biathlon","tag-biathlon","tag-breve","tag-coupe-du-monde-de-biathlon","tag-mass-start-hommes"],"acf":[],"yoast_head":"<!-- This site is optimized with the Yoast SEO Premium plugin v26.7 (Yoast SEO v26.7) - https:\/\/yoast.com\/wordpress\/plugins\/seo\/ -->\n<title>Classement et r\u00e9sultats Mass start hommes Nove Mesto 2026<\/title>\n<meta name=\"description\" content=\"D\u00e9couvrez le classement complet et les r\u00e9sultats d\u00e9taill\u00e9s de la mass start hommes de Nove Mesto (R\u00e9publique Tch\u00e8que), qui s&#039;est d\u00e9roul\u00e9e ce dimanche 25 janvier 2026.\" \/>\n<meta name=\"robots\" content=\"index, follow, max-snippet:-1, max-image-preview:large, max-video-preview:-1\" \/>\n<link rel=\"canonical\" href=\"https:\/\/dicodusport.fr\/blog\/classement-et-resultats-mass-start-hommes-nove-mesto-2026\/\" \/>\n<meta property=\"og:locale\" content=\"fr_FR\" \/>\n<meta property=\"og:type\" content=\"article\" \/>\n<meta property=\"og:title\" content=\"Mass start hommes Nove Mesto : Le vainqueur, le classement et les r\u00e9sultats\" \/>\n<meta property=\"og:description\" content=\"D\u00e9couvrez le classement complet et les r\u00e9sultats d\u00e9taill\u00e9s de la mass start hommes de Nove Mesto (R\u00e9publique Tch\u00e8que), qui s&#039;est d\u00e9roul\u00e9e ce dimanche 25 janvier 2026.\" \/>\n<meta property=\"og:url\" content=\"https:\/\/dicodusport.fr\/blog\/classement-et-resultats-mass-start-hommes-nove-mesto-2026\/\" \/>\n<meta property=\"og:site_name\" content=\"Dicodusport\" \/>\n<meta property=\"article:publisher\" content=\"https:\/\/www.facebook.com\/dicodusport\" \/>\n<meta property=\"article:author\" content=\"https:\/\/www.facebook.com\/florent.ostermann\" \/>\n<meta property=\"article:published_time\" content=\"2026-01-25T14:50:24+00:00\" \/>\n<meta property=\"article:modified_time\" content=\"2026-01-25T15:18:40+00:00\" \/>\n<meta property=\"og:image\" content=\"https:\/\/dicodusport.fr\/blog\/wp-content\/uploads\/2026\/01\/Classement-et-resultats-Mass-start-hommes-Nove-Mesto-2026.png\" \/>\n\t<meta property=\"og:image:width\" content=\"1200\" \/>\n\t<meta property=\"og:image:height\" content=\"674\" \/>\n\t<meta property=\"og:image:type\" content=\"image\/png\" \/>\n<meta name=\"author\" content=\"Flo Ostermann\" \/>\n<meta name=\"twitter:card\" content=\"summary_large_image\" \/>\n<meta name=\"twitter:title\" content=\"Mass start hommes Nove Mesto : Le vainqueur, le classement et les r\u00e9sultats\" \/>\n<meta name=\"twitter:creator\" content=\"@https:\/\/twitter.com\/FlOstermann\" \/>\n<meta name=\"twitter:site\" content=\"@dicodusport\" \/>\n<script type=\"application\/ld+json\" class=\"yoast-schema-graph\">{\"@context\":\"https:\/\/schema.org\",\"@graph\":[{\"@type\":\"NewsArticle\",\"@id\":\"https:\/\/dicodusport.fr\/blog\/classement-et-resultats-mass-start-hommes-nove-mesto-2026\/#article\",\"isPartOf\":{\"@id\":\"https:\/\/dicodusport.fr\/blog\/classement-et-resultats-mass-start-hommes-nove-mesto-2026\/\"},\"author\":{\"name\":\"Flo Ostermann\",\"@id\":\"https:\/\/dicodusport.fr\/blog\/#\/schema\/person\/cb02af4c173ce4a653b55e9baf388d4a\"},\"headline\":\"Classement et r\u00e9sultats Mass start hommes Nove Mesto 2026\",\"datePublished\":\"2026-01-25T14:50:24+00:00\",\"dateModified\":\"2026-01-25T15:18:40+00:00\",\"mainEntityOfPage\":{\"@id\":\"https:\/\/dicodusport.fr\/blog\/classement-et-resultats-mass-start-hommes-nove-mesto-2026\/\"},\"wordCount\":846,\"commentCount\":0,\"publisher\":{\"@id\":\"https:\/\/dicodusport.fr\/blog\/#organization\"},\"image\":{\"@id\":\"https:\/\/dicodusport.fr\/blog\/classement-et-resultats-mass-start-hommes-nove-mesto-2026\/#primaryimage\"},\"thumbnailUrl\":\"https:\/\/dicodusport.fr\/blog\/wp-content\/uploads\/2026\/01\/Classement-et-resultats-Mass-start-hommes-Nove-Mesto-2026.png\",\"keywords\":[\"Biathlon\",\"br\u00e8ve\",\"Coupe du monde de Biathlon\",\"Mass start hommes\"],\"articleSection\":[\"Coupe du monde de biathlon\"],\"inLanguage\":\"fr-FR\",\"potentialAction\":[{\"@type\":\"CommentAction\",\"name\":\"Comment\",\"target\":[\"https:\/\/dicodusport.fr\/blog\/classement-et-resultats-mass-start-hommes-nove-mesto-2026\/#respond\"]}],\"copyrightYear\":\"2026\",\"copyrightHolder\":{\"@id\":\"https:\/\/dicodusport.fr\/blog\/#organization\"}},{\"@type\":\"WebPage\",\"@id\":\"https:\/\/dicodusport.fr\/blog\/classement-et-resultats-mass-start-hommes-nove-mesto-2026\/\",\"url\":\"https:\/\/dicodusport.fr\/blog\/classement-et-resultats-mass-start-hommes-nove-mesto-2026\/\",\"name\":\"Classement et r\u00e9sultats Mass start hommes Nove Mesto 2026\",\"isPartOf\":{\"@id\":\"https:\/\/dicodusport.fr\/blog\/#website\"},\"primaryImageOfPage\":{\"@id\":\"https:\/\/dicodusport.fr\/blog\/classement-et-resultats-mass-start-hommes-nove-mesto-2026\/#primaryimage\"},\"image\":{\"@id\":\"https:\/\/dicodusport.fr\/blog\/classement-et-resultats-mass-start-hommes-nove-mesto-2026\/#primaryimage\"},\"thumbnailUrl\":\"https:\/\/dicodusport.fr\/blog\/wp-content\/uploads\/2026\/01\/Classement-et-resultats-Mass-start-hommes-Nove-Mesto-2026.png\",\"datePublished\":\"2026-01-25T14:50:24+00:00\",\"dateModified\":\"2026-01-25T15:18:40+00:00\",\"description\":\"D\u00e9couvrez le classement complet et les r\u00e9sultats d\u00e9taill\u00e9s de la mass start hommes de Nove Mesto (R\u00e9publique Tch\u00e8que), qui s'est d\u00e9roul\u00e9e ce dimanche 25 janvier 2026.\",\"breadcrumb\":{\"@id\":\"https:\/\/dicodusport.fr\/blog\/classement-et-resultats-mass-start-hommes-nove-mesto-2026\/#breadcrumb\"},\"inLanguage\":\"fr-FR\",\"potentialAction\":[{\"@type\":\"ReadAction\",\"target\":[\"https:\/\/dicodusport.fr\/blog\/classement-et-resultats-mass-start-hommes-nove-mesto-2026\/\"]}]},{\"@type\":\"ImageObject\",\"inLanguage\":\"fr-FR\",\"@id\":\"https:\/\/dicodusport.fr\/blog\/classement-et-resultats-mass-start-hommes-nove-mesto-2026\/#primaryimage\",\"url\":\"https:\/\/dicodusport.fr\/blog\/wp-content\/uploads\/2026\/01\/Classement-et-resultats-Mass-start-hommes-Nove-Mesto-2026.png\",\"contentUrl\":\"https:\/\/dicodusport.fr\/blog\/wp-content\/uploads\/2026\/01\/Classement-et-resultats-Mass-start-hommes-Nove-Mesto-2026.png\",\"width\":1200,\"height\":674,\"caption\":\"Classement et r\u00e9sultats Mass start hommes Nove Mesto 2026\"},{\"@type\":\"BreadcrumbList\",\"@id\":\"https:\/\/dicodusport.fr\/blog\/classement-et-resultats-mass-start-hommes-nove-mesto-2026\/#breadcrumb\",\"itemListElement\":[{\"@type\":\"ListItem\",\"position\":1,\"name\":\"Accueil\",\"item\":\"https:\/\/dicodusport.fr\/blog\/\"},{\"@type\":\"ListItem\",\"position\":2,\"name\":\"Classement et r\u00e9sultats Mass start hommes Nove Mesto 2026\"}]},{\"@type\":\"WebSite\",\"@id\":\"https:\/\/dicodusport.fr\/blog\/#website\",\"url\":\"https:\/\/dicodusport.fr\/blog\/\",\"name\":\"Dicodusport\",\"description\":\"L&#039;encyclop\u00e9die de l&#039;actualit\u00e9 sportive\",\"publisher\":{\"@id\":\"https:\/\/dicodusport.fr\/blog\/#organization\"},\"potentialAction\":[{\"@type\":\"SearchAction\",\"target\":{\"@type\":\"EntryPoint\",\"urlTemplate\":\"https:\/\/dicodusport.fr\/blog\/?s={search_term_string}\"},\"query-input\":{\"@type\":\"PropertyValueSpecification\",\"valueRequired\":true,\"valueName\":\"search_term_string\"}}],\"inLanguage\":\"fr-FR\"},{\"@type\":\"NewsMediaOrganization\",\"@id\":\"https:\/\/dicodusport.fr\/blog\/#organization\",\"name\":\"Dicodusport\",\"url\":\"https:\/\/dicodusport.fr\/blog\/\",\"logo\":{\"@type\":\"ImageObject\",\"inLanguage\":\"fr-FR\",\"@id\":\"https:\/\/dicodusport.fr\/blog\/#\/schema\/logo\/image\/\",\"url\":\"https:\/\/dicodusport.fr\/blog\/wp-content\/uploads\/2020\/06\/cropped-LOGO-DICODUSPORT-2020-SANS-FOND-SANS-TEXTE.png\",\"contentUrl\":\"https:\/\/dicodusport.fr\/blog\/wp-content\/uploads\/2020\/06\/cropped-LOGO-DICODUSPORT-2020-SANS-FOND-SANS-TEXTE.png\",\"width\":512,\"height\":512,\"caption\":\"Dicodusport\"},\"image\":{\"@id\":\"https:\/\/dicodusport.fr\/blog\/#\/schema\/logo\/image\/\"},\"sameAs\":[\"https:\/\/www.facebook.com\/dicodusport\",\"https:\/\/x.com\/dicodusport\",\"https:\/\/www.instagram.com\/dicodusport\/\",\"https:\/\/www.youtube.com\/channel\/UC7V2KZ5sd3htJivAbA4ZG3w\"],\"description\":\"Dicodusport est l'encyclop\u00e9die de l'actualit\u00e9 sportive.\",\"email\":\"bonjour@dicodusport.fr\",\"legalName\":\"DICODUSPORT\",\"foundingDate\":\"2018-01-14\",\"vatID\":\"FR71834470973\",\"taxID\":\"83447097300043\",\"numberOfEmployees\":{\"@type\":\"QuantitativeValue\",\"minValue\":\"1\",\"maxValue\":\"10\"}},{\"@type\":\"Person\",\"@id\":\"https:\/\/dicodusport.fr\/blog\/#\/schema\/person\/cb02af4c173ce4a653b55e9baf388d4a\",\"name\":\"Flo Ostermann\",\"image\":{\"@type\":\"ImageObject\",\"inLanguage\":\"fr-FR\",\"@id\":\"https:\/\/dicodusport.fr\/blog\/#\/schema\/person\/image\/\",\"url\":\"https:\/\/dicodusport.fr\/blog\/wp-content\/uploads\/2021\/05\/Flo-Ostermann-150x150.jpg\",\"contentUrl\":\"https:\/\/dicodusport.fr\/blog\/wp-content\/uploads\/2021\/05\/Flo-Ostermann-150x150.jpg\",\"caption\":\"Flo Ostermann\"},\"description\":\"Journaliste\/R\u00e9dacteur depuis septembre 2015 - Mes premiers souvenirs dans le sport ? Les envol\u00e9es du Stade Toulousain et les duels Villeneuve-Schumacher et H\u00e4kkinen-Schumacher \u00e0 la fin des ann\u00e9es 90, la Coupe du monde de football en 1998, l\u2019exploit du XV de France face aux All Blacks en 1999, mais aussi Richard C\u0153ur de Lion qui vole sur les montagnes du Tour de France. Bien parti pour devenir professeur d\u2019EPS, les \u00e9v\u00e9nements de la vie (et la flemme d\u2019animer des s\u00e9ances de 3x500 m\u00e8tres toute ma vie) m\u2019ont conduit \u00e0 revoir mes plans. Me voil\u00e0 depuis fin 2017 sur Dicodusport, m\u00e9dia gr\u00e2ce (et pour) lequel je partage ma passion : le sport dans tous ses \u00e9tats. Le tout accompagn\u00e9 par les fous furieux et folles furieuses cit\u00e9s sur cette page !\",\"sameAs\":[\"https:\/\/www.facebook.com\/florent.ostermann\",\"https:\/\/x.com\/https:\/\/twitter.com\/FlOstermann\",\"admin\"],\"url\":\"https:\/\/dicodusport.fr\/blog\/author\/flo\/\"}]}<\/script>\n<!-- \/ Yoast SEO Premium plugin. -->","yoast_head_json":{"title":"Classement et r\u00e9sultats Mass start hommes Nove Mesto 2026","description":"D\u00e9couvrez le classement complet et les r\u00e9sultats d\u00e9taill\u00e9s de la mass start hommes de Nove Mesto (R\u00e9publique Tch\u00e8que), qui s'est d\u00e9roul\u00e9e ce dimanche 25 janvier 2026.","robots":{"index":"index","follow":"follow","max-snippet":"max-snippet:-1","max-image-preview":"max-image-preview:large","max-video-preview":"max-video-preview:-1"},"canonical":"https:\/\/dicodusport.fr\/blog\/classement-et-resultats-mass-start-hommes-nove-mesto-2026\/","og_locale":"fr_FR","og_type":"article","og_title":"Mass start hommes Nove Mesto : Le vainqueur, le classement et les r\u00e9sultats","og_description":"D\u00e9couvrez le classement complet et les r\u00e9sultats d\u00e9taill\u00e9s de la mass start hommes de Nove Mesto (R\u00e9publique Tch\u00e8que), qui s'est d\u00e9roul\u00e9e ce dimanche 25 janvier 2026.","og_url":"https:\/\/dicodusport.fr\/blog\/classement-et-resultats-mass-start-hommes-nove-mesto-2026\/","og_site_name":"Dicodusport","article_publisher":"https:\/\/www.facebook.com\/dicodusport","article_author":"https:\/\/www.facebook.com\/florent.ostermann","article_published_time":"2026-01-25T14:50:24+00:00","article_modified_time":"2026-01-25T15:18:40+00:00","og_image":[{"width":1200,"height":674,"url":"https:\/\/dicodusport.fr\/blog\/wp-content\/uploads\/2026\/01\/Classement-et-resultats-Mass-start-hommes-Nove-Mesto-2026.png","type":"image\/png"}],"author":"Flo Ostermann","twitter_card":"summary_large_image","twitter_title":"Mass start hommes Nove Mesto : Le vainqueur, le classement et les r\u00e9sultats","twitter_creator":"@https:\/\/twitter.com\/FlOstermann","twitter_site":"@dicodusport","schema":{"@context":"https:\/\/schema.org","@graph":[{"@type":"NewsArticle","@id":"https:\/\/dicodusport.fr\/blog\/classement-et-resultats-mass-start-hommes-nove-mesto-2026\/#article","isPartOf":{"@id":"https:\/\/dicodusport.fr\/blog\/classement-et-resultats-mass-start-hommes-nove-mesto-2026\/"},"author":{"name":"Flo Ostermann","@id":"https:\/\/dicodusport.fr\/blog\/#\/schema\/person\/cb02af4c173ce4a653b55e9baf388d4a"},"headline":"Classement et r\u00e9sultats Mass start hommes Nove Mesto 2026","datePublished":"2026-01-25T14:50:24+00:00","dateModified":"2026-01-25T15:18:40+00:00","mainEntityOfPage":{"@id":"https:\/\/dicodusport.fr\/blog\/classement-et-resultats-mass-start-hommes-nove-mesto-2026\/"},"wordCount":846,"commentCount":0,"publisher":{"@id":"https:\/\/dicodusport.fr\/blog\/#organization"},"image":{"@id":"https:\/\/dicodusport.fr\/blog\/classement-et-resultats-mass-start-hommes-nove-mesto-2026\/#primaryimage"},"thumbnailUrl":"https:\/\/dicodusport.fr\/blog\/wp-content\/uploads\/2026\/01\/Classement-et-resultats-Mass-start-hommes-Nove-Mesto-2026.png","keywords":["Biathlon","br\u00e8ve","Coupe du monde de Biathlon","Mass start hommes"],"articleSection":["Coupe du monde de biathlon"],"inLanguage":"fr-FR","potentialAction":[{"@type":"CommentAction","name":"Comment","target":["https:\/\/dicodusport.fr\/blog\/classement-et-resultats-mass-start-hommes-nove-mesto-2026\/#respond"]}],"copyrightYear":"2026","copyrightHolder":{"@id":"https:\/\/dicodusport.fr\/blog\/#organization"}},{"@type":"WebPage","@id":"https:\/\/dicodusport.fr\/blog\/classement-et-resultats-mass-start-hommes-nove-mesto-2026\/","url":"https:\/\/dicodusport.fr\/blog\/classement-et-resultats-mass-start-hommes-nove-mesto-2026\/","name":"Classement et r\u00e9sultats Mass start hommes Nove Mesto 2026","isPartOf":{"@id":"https:\/\/dicodusport.fr\/blog\/#website"},"primaryImageOfPage":{"@id":"https:\/\/dicodusport.fr\/blog\/classement-et-resultats-mass-start-hommes-nove-mesto-2026\/#primaryimage"},"image":{"@id":"https:\/\/dicodusport.fr\/blog\/classement-et-resultats-mass-start-hommes-nove-mesto-2026\/#primaryimage"},"thumbnailUrl":"https:\/\/dicodusport.fr\/blog\/wp-content\/uploads\/2026\/01\/Classement-et-resultats-Mass-start-hommes-Nove-Mesto-2026.png","datePublished":"2026-01-25T14:50:24+00:00","dateModified":"2026-01-25T15:18:40+00:00","description":"D\u00e9couvrez le classement complet et les r\u00e9sultats d\u00e9taill\u00e9s de la mass start hommes de Nove Mesto (R\u00e9publique Tch\u00e8que), qui s'est d\u00e9roul\u00e9e ce dimanche 25 janvier 2026.","breadcrumb":{"@id":"https:\/\/dicodusport.fr\/blog\/classement-et-resultats-mass-start-hommes-nove-mesto-2026\/#breadcrumb"},"inLanguage":"fr-FR","potentialAction":[{"@type":"ReadAction","target":["https:\/\/dicodusport.fr\/blog\/classement-et-resultats-mass-start-hommes-nove-mesto-2026\/"]}]},{"@type":"ImageObject","inLanguage":"fr-FR","@id":"https:\/\/dicodusport.fr\/blog\/classement-et-resultats-mass-start-hommes-nove-mesto-2026\/#primaryimage","url":"https:\/\/dicodusport.fr\/blog\/wp-content\/uploads\/2026\/01\/Classement-et-resultats-Mass-start-hommes-Nove-Mesto-2026.png","contentUrl":"https:\/\/dicodusport.fr\/blog\/wp-content\/uploads\/2026\/01\/Classement-et-resultats-Mass-start-hommes-Nove-Mesto-2026.png","width":1200,"height":674,"caption":"Classement et r\u00e9sultats Mass start hommes Nove Mesto 2026"},{"@type":"BreadcrumbList","@id":"https:\/\/dicodusport.fr\/blog\/classement-et-resultats-mass-start-hommes-nove-mesto-2026\/#breadcrumb","itemListElement":[{"@type":"ListItem","position":1,"name":"Accueil","item":"https:\/\/dicodusport.fr\/blog\/"},{"@type":"ListItem","position":2,"name":"Classement et r\u00e9sultats Mass start hommes Nove Mesto 2026"}]},{"@type":"WebSite","@id":"https:\/\/dicodusport.fr\/blog\/#website","url":"https:\/\/dicodusport.fr\/blog\/","name":"Dicodusport","description":"L&#039;encyclop\u00e9die de l&#039;actualit\u00e9 sportive","publisher":{"@id":"https:\/\/dicodusport.fr\/blog\/#organization"},"potentialAction":[{"@type":"SearchAction","target":{"@type":"EntryPoint","urlTemplate":"https:\/\/dicodusport.fr\/blog\/?s={search_term_string}"},"query-input":{"@type":"PropertyValueSpecification","valueRequired":true,"valueName":"search_term_string"}}],"inLanguage":"fr-FR"},{"@type":"NewsMediaOrganization","@id":"https:\/\/dicodusport.fr\/blog\/#organization","name":"Dicodusport","url":"https:\/\/dicodusport.fr\/blog\/","logo":{"@type":"ImageObject","inLanguage":"fr-FR","@id":"https:\/\/dicodusport.fr\/blog\/#\/schema\/logo\/image\/","url":"https:\/\/dicodusport.fr\/blog\/wp-content\/uploads\/2020\/06\/cropped-LOGO-DICODUSPORT-2020-SANS-FOND-SANS-TEXTE.png","contentUrl":"https:\/\/dicodusport.fr\/blog\/wp-content\/uploads\/2020\/06\/cropped-LOGO-DICODUSPORT-2020-SANS-FOND-SANS-TEXTE.png","width":512,"height":512,"caption":"Dicodusport"},"image":{"@id":"https:\/\/dicodusport.fr\/blog\/#\/schema\/logo\/image\/"},"sameAs":["https:\/\/www.facebook.com\/dicodusport","https:\/\/x.com\/dicodusport","https:\/\/www.instagram.com\/dicodusport\/","https:\/\/www.youtube.com\/channel\/UC7V2KZ5sd3htJivAbA4ZG3w"],"description":"Dicodusport est l'encyclop\u00e9die de l'actualit\u00e9 sportive.","email":"bonjour@dicodusport.fr","legalName":"DICODUSPORT","foundingDate":"2018-01-14","vatID":"FR71834470973","taxID":"83447097300043","numberOfEmployees":{"@type":"QuantitativeValue","minValue":"1","maxValue":"10"}},{"@type":"Person","@id":"https:\/\/dicodusport.fr\/blog\/#\/schema\/person\/cb02af4c173ce4a653b55e9baf388d4a","name":"Flo Ostermann","image":{"@type":"ImageObject","inLanguage":"fr-FR","@id":"https:\/\/dicodusport.fr\/blog\/#\/schema\/person\/image\/","url":"https:\/\/dicodusport.fr\/blog\/wp-content\/uploads\/2021\/05\/Flo-Ostermann-150x150.jpg","contentUrl":"https:\/\/dicodusport.fr\/blog\/wp-content\/uploads\/2021\/05\/Flo-Ostermann-150x150.jpg","caption":"Flo Ostermann"},"description":"Journaliste\/R\u00e9dacteur depuis septembre 2015 - Mes premiers souvenirs dans le sport ? Les envol\u00e9es du Stade Toulousain et les duels Villeneuve-Schumacher et H\u00e4kkinen-Schumacher \u00e0 la fin des ann\u00e9es 90, la Coupe du monde de football en 1998, l\u2019exploit du XV de France face aux All Blacks en 1999, mais aussi Richard C\u0153ur de Lion qui vole sur les montagnes du Tour de France. Bien parti pour devenir professeur d\u2019EPS, les \u00e9v\u00e9nements de la vie (et la flemme d\u2019animer des s\u00e9ances de 3x500 m\u00e8tres toute ma vie) m\u2019ont conduit \u00e0 revoir mes plans. Me voil\u00e0 depuis fin 2017 sur Dicodusport, m\u00e9dia gr\u00e2ce (et pour) lequel je partage ma passion : le sport dans tous ses \u00e9tats. Le tout accompagn\u00e9 par les fous furieux et folles furieuses cit\u00e9s sur cette page !","sameAs":["https:\/\/www.facebook.com\/florent.ostermann","https:\/\/x.com\/https:\/\/twitter.com\/FlOstermann","admin"],"url":"https:\/\/dicodusport.fr\/blog\/author\/flo\/"}]}},"_links":{"self":[{"href":"https:\/\/dicodusport.fr\/blog\/wp-json\/wp\/v2\/posts\/641265","targetHints":{"allow":["GET"]}}],"collection":[{"href":"https:\/\/dicodusport.fr\/blog\/wp-json\/wp\/v2\/posts"}],"about":[{"href":"https:\/\/dicodusport.fr\/blog\/wp-json\/wp\/v2\/types\/post"}],"author":[{"embeddable":true,"href":"https:\/\/dicodusport.fr\/blog\/wp-json\/wp\/v2\/users\/4"}],"replies":[{"embeddable":true,"href":"https:\/\/dicodusport.fr\/blog\/wp-json\/wp\/v2\/comments?post=641265"}],"version-history":[{"count":5,"href":"https:\/\/dicodusport.fr\/blog\/wp-json\/wp\/v2\/posts\/641265\/revisions"}],"predecessor-version":[{"id":641489,"href":"https:\/\/dicodusport.fr\/blog\/wp-json\/wp\/v2\/posts\/641265\/revisions\/641489"}],"wp:featuredmedia":[{"embeddable":true,"href":"https:\/\/dicodusport.fr\/blog\/wp-json\/wp\/v2\/media\/641271"}],"wp:attachment":[{"href":"https:\/\/dicodusport.fr\/blog\/wp-json\/wp\/v2\/media?parent=641265"}],"wp:term":[{"taxonomy":"category","embeddable":true,"href":"https:\/\/dicodusport.fr\/blog\/wp-json\/wp\/v2\/categories?post=641265"},{"taxonomy":"post_tag","embeddable":true,"href":"https:\/\/dicodusport.fr\/blog\/wp-json\/wp\/v2\/tags?post=641265"}],"curies":[{"name":"wp","href":"https:\/\/api.w.org\/{rel}","templated":true}]}}