{"id":641290,"date":"2026-01-25T07:41:29","date_gmt":"2026-01-25T06:41:29","guid":{"rendered":"https:\/\/dicodusport.fr\/blog\/?p=641290&#038;preview=true&#038;preview_id=641290"},"modified":"2026-01-25T07:41:29","modified_gmt":"2026-01-25T06:41:29","slug":"justin-gaethje-decroche-de-nouveau-la-ceinture-interimaire-des-poids-legers-face-a-paddy-pimblett-a-lufc-324","status":"publish","type":"post","link":"https:\/\/dicodusport.fr\/blog\/justin-gaethje-decroche-de-nouveau-la-ceinture-interimaire-des-poids-legers-face-a-paddy-pimblett-a-lufc-324\/","title":{"rendered":"Justin Gaethje d\u00e9croche de nouveau la ceinture int\u00e9rimaire des poids l\u00e9gers face \u00e0 Paddy Pimblett \u00e0 l&rsquo;UFC 324"},"content":{"rendered":"<p style=\"text-align: justify;\"><strong><em>UFC 324 \u2013 Pr\u00e8s de six ans apr\u00e8s son premier sacre, Justin Gaethje renoue avec le titre int\u00e9rimaire des poids l\u00e9gers en battant Paddy Pimblett \u00e0 la d\u00e9cision (48-47, 49-46, 49-46).<\/em><\/strong><\/p>\n<ul style=\"text-align: justify;\">\n<li><strong>\u00c0 ce sujet &#8211; <a href=\"https:\/\/dicodusport.fr\/blog\/ufc-324-liste-des-combats-diffusion-tv-date-et-heure\/\">UFC 324 : Liste des combats, Diffusion TV, Date et Heure<\/a><\/strong><\/li>\n<\/ul>\n<h2 style=\"text-align: justify;\"><strong>Justin Gaethje s\u2019offre Paddy Pimblett\u00a0!<\/strong><\/h2>\n<p style=\"text-align: justify;\">En t\u00eate d\u2019affiche de l\u2019UFC 324, <strong>Paddy Pimblett<\/strong> et <strong>Justin Gaethje<\/strong> se sont livr\u00e9s une v\u00e9ritable guerre, intense du d\u00e9but \u00e0 la toute fin. L\u2019Anglais s\u2019est illustr\u00e9 par une r\u00e9sistance impressionnante, en encaissant notamment trois <em>knockdowns<\/em> sans jamais \u00eatre mis hors combat.<\/p>\n<p style=\"text-align: justify;\">D\u00e8s la premi\u00e8re reprise, <em>The Baddy<\/em> a fr\u00f4l\u00e9 le KO suite \u00e0 une combinaison crochet &#8211; uppercut. Mais il a montr\u00e9 qu\u2019il \u00e9tait dur au mal. Ce premier knockdown a permis \u00e0 <strong>Gaethje <\/strong>de prendre l\u2019ascendant dans ce <em>main event<\/em>, malgr\u00e9 une belle r\u00e9ponse debout du Britannique sur le reste du round. L\u2019Am\u00e9ricain a encore confort\u00e9 son avance lors du deuxi\u00e8me acte, en envoyant de nouveau son adversaire au tapis, lui ouvrant par la m\u00eame occasion l\u2019arcade juste avant le gong.<\/p>\n<blockquote class=\"twitter-tweet\">\n<p dir=\"ltr\" lang=\"fr\">JUSTIN GAETHJE Y \u00c9TAIT PRESQUE \ud83e\udd2f<a href=\"https:\/\/twitter.com\/hashtag\/UFC324?src=hash&amp;ref_src=twsrc%5Etfw\">#UFC324<\/a><a href=\"https:\/\/t.co\/Y0woimS75Y\">pic.twitter.com\/Y0woimS75Y<\/a><\/p>\n<p>\u2014 La Sueur (@LaSueur_off) <a href=\"https:\/\/twitter.com\/LaSueur_off\/status\/2015289434292342909?ref_src=twsrc%5Etfw\">January 25, 2026<\/a><\/p><\/blockquote>\n<p style=\"text-align: justify;\"><script async src=\"https:\/\/platform.twitter.com\/widgets.js\" charset=\"utf-8\"><\/script><\/p>\n<p style=\"text-align: justify;\">Dans le dur, <strong>Pimblett<\/strong> n\u2019a jamais renonc\u00e9. Il a sign\u00e9 un joli <em>come-back<\/em> dans le troisi\u00e8me round, dominant nettement son rival pour la premi\u00e8re fois en <em>striking<\/em>. Toutefois, <strong><em>The Highlight<\/em><\/strong> \u00a0a rapidement repris le contr\u00f4le dans la quatri\u00e8me reprise. Il a litt\u00e9ralement d\u00e9pos\u00e9 le Britannique sur les fesses apr\u00e8s un surpuissant crochet du droit. Lors du dernier round, l\u2019ancien champion du <em>Cage Warriors<\/em> a tent\u00e9 le tout pour le tout en cassant la distance pour chercher le corps \u00e0 corps. Et apr\u00e8s s\u2019\u00eatre mutuellement ass\u00e9n\u00e9 pr\u00e8s de 70 frappes, les deux hommes ont su serrer les dents et amener ce duel \u00e0 la d\u00e9cision finale. Un verdict qui a logiquement tourn\u00e9 en la faveur de <strong>Justin Gaethje.<\/strong><\/p>\n<p style=\"text-align: justify;\">Apr\u00e8s avoir d\u00e9croch\u00e9 la ceinture int\u00e9rimaire des poids l\u00e9gers de l\u2019UFC en 2020, <em>The Highlight<\/em> remporte de nouveau cette m\u00eame ceinture pr\u00e8s de 6 ans plus tard, \u00e0 37 printemps. Une prestation extr\u00eamement solide, qui lui vaudra le droit de se retrouver face \u00e0 la nouvelle superstar de l\u2019UFC <strong>Ilia Topuria<\/strong>, pour l\u2019unification des ceintures qui sera programm\u00e9e dans l\u2019ann\u00e9e.<\/p>\n<blockquote class=\"twitter-tweet\">\n<p dir=\"ltr\" lang=\"fr\">\ud83c\udfc6 AND NEEEEEW !<\/p>\n<p>\ud83c\uddfa\ud83c\uddf8\u2728 Justin Gaethje devient champion int\u00e9rimaire des -70KG pour la deuxi\u00e8me fois de sa carri\u00e8re.<\/p>\n<p>\u2705 Il s&rsquo;impose par d\u00e9cision unanime face \u00e0 Paddy Pimblett au terme d&rsquo;une \u00e9norme guerre ! <a href=\"https:\/\/twitter.com\/hashtag\/RMCMMA?src=hash&amp;ref_src=twsrc%5Etfw\">#RMCMMA<\/a> <a href=\"https:\/\/t.co\/XXahdE8VPI\">pic.twitter.com\/XXahdE8VPI<\/a><\/p>\n<p>\u2014 RMC Sport Combat (@RMCSportCombat) <a href=\"https:\/\/twitter.com\/RMCSportCombat\/status\/2015299003059937738?ref_src=twsrc%5Etfw\">January 25, 2026<\/a><\/p><\/blockquote>\n<p style=\"text-align: justify;\"><script async src=\"https:\/\/platform.twitter.com\/widgets.js\" charset=\"utf-8\"><\/script><\/p>\n<h2 style=\"text-align: justify;\"><strong>Les autres r\u00e9sultats de la carte principale de l\u2019UFC 324<\/strong><\/h2>\n<p style=\"text-align: justify;\">Coqs : <strong>Sean O\u2019Malley <\/strong>(#3) bat <strong>Song Yadong <\/strong>(#5) par d\u00e9cision unanime des juges. <em>Sugar <\/em>est bien entr\u00e9 dans son combat, avec un premier round globalement ma\u00eetris\u00e9 debout. La lutte du Chinois lui a permis de remettre les compteurs \u00e0 \u00e9galit\u00e9 apr\u00e8s le R2 (avec 2 amen\u00e9es au sol). Cependant, l\u2019ancien champion a domin\u00e9 nettement le troisi\u00e8me round avec son excellent <em>striking<\/em>. Une performance qui le relance apr\u00e8s sa double d\u00e9faite contre <strong>Merab<\/strong>.<\/p>\n<p style=\"text-align: justify;\">Lourds :<strong> Waldo Cortes-Acosta <\/strong>(#5) bat <strong>Derrick Lewis <\/strong>(#8) par TKO au R2. Le natif de la RDC a trouv\u00e9 le seul finish de la carte principale, gr\u00e2ce \u00e0 son g<em>round and pound <\/em>destructeur. Dans une cat\u00e9gorie qui a besoin de se renouveler, <strong>Cortes-Acosta <\/strong>signe une belle victoire face au v\u00e9t\u00e9ran am\u00e9ricain, qui lui permettra de viser plus haut lors de son prochain rendez-vous dans l\u2019octogone.<\/p>\n<blockquote class=\"twitter-tweet\">\n<p dir=\"ltr\" lang=\"en\">DERRICK LEWIS FELL AND WALDO CORTES-ACOSTA KNOCKED HIM OUT BEFORE HE COULD GET UP. <a href=\"https:\/\/t.co\/KKrGQr5YUi\">pic.twitter.com\/KKrGQr5YUi<\/a><\/p>\n<p>\u2014 Polymarket Sports (@PolymarketSport) <a href=\"https:\/\/twitter.com\/PolymarketSport\/status\/2015272568090177699?ref_src=twsrc%5Etfw\">January 25, 2026<\/a><\/p><\/blockquote>\n<p style=\"text-align: justify;\"><script async src=\"https:\/\/platform.twitter.com\/widgets.js\" charset=\"utf-8\"><\/script><\/p>\n<p style=\"text-align: justify;\">Mouches (F) : <strong>Nat\u00e1lia Silva <\/strong>(#2) bat <strong>Rose Namajunas <\/strong>(#6) par d\u00e9cision unanime des juges. Les deux combattantes se sont offertes un combat tr\u00e8s serr\u00e9, durant lequel chacune s\u2019est illustr\u00e9e par moment\u00a0: l\u2019Am\u00e9ricaine dans le R2 et la Br\u00e9silienne dans le R3. L\u2019issue du duel d\u00e9pendait du <em>scoring <\/em>de la premi\u00e8re reprise, et les juges ont accord\u00e9 la victoire \u00e0 <strong>Silva<\/strong>, qui reste donc toujours invaincue dans l\u2019organisation.<\/p>\n<blockquote class=\"twitter-tweet\">\n<p dir=\"ltr\" lang=\"fr\">Jean Silva est compl\u00e8tement fou \ud83e\udd23<a href=\"https:\/\/twitter.com\/hashtag\/UFC324?src=hash&amp;ref_src=twsrc%5Etfw\">#UFC324<\/a> <a href=\"https:\/\/t.co\/t8PKvUplhl\">pic.twitter.com\/t8PKvUplhl<\/a><\/p>\n<p>\u2014 La Sueur (@LaSueur_off) <a href=\"https:\/\/twitter.com\/LaSueur_off\/status\/2015256056494965056?ref_src=twsrc%5Etfw\">January 25, 2026<\/a><\/p><\/blockquote>\n<p style=\"text-align: justify;\"><script async src=\"https:\/\/platform.twitter.com\/widgets.js\" charset=\"utf-8\"><\/script><\/p>\n<p style=\"text-align: justify;\">Plumes\u00a0:\u00a0<strong>Jean Silva\u00a0<\/strong>(#10) bat\u00a0<strong>Arnold Allen\u00a0<\/strong>(#6) par d\u00e9cision unanime des juges. Malgr\u00e9 un bon premier round de l\u2019Anglais, marqu\u00e9 par sa mobilit\u00e9 et son agressivit\u00e9, le Br\u00e9silien a pris l\u2019ascendant lors des deux reprises suivantes. En allant constamment au contact,\u00a0<strong>Silva<\/strong>\u00a0est parvenu \u00e0 amener son adversaire au sol \u00e0 plusieurs reprises, tout en le dominant nettement au nombre de coups significatifs.\u00a0<strong><em>The Lord\u00a0<\/em><\/strong>reprend sa marche en avant, apr\u00e8s son \u00e9chec amer face \u00e0\u00a0<strong>Diogo Lopes<\/strong>, et prouve qu\u2019il reste un pr\u00e9tendant s\u00e9rieux au titre, dans une cat\u00e9gorie particuli\u00e8rement dense et relev\u00e9e.<\/p>\n<div id=\"gtx-trans\" style=\"position: absolute; left: -14px; top: 40.9091px;\">\n<div class=\"gtx-trans-icon\" style=\"text-align: justify;\"><\/div>\n<\/div>\n","protected":false},"excerpt":{"rendered":"<p>UFC 324 \u2013 Pr\u00e8s de six ans apr\u00e8s son premier sacre, Justin Gaethje renoue avec le titre int\u00e9rimaire des poids l\u00e9gers en battant Paddy Pimblett \u00e0 la d\u00e9cision (48-47, 49-46, 49-46). \u00c0 ce sujet &#8211; UFC 324 : Liste des combats, Diffusion TV, Date et Heure Justin Gaethje s\u2019offre Paddy Pimblett\u00a0! En t\u00eate d\u2019affiche de [&hellip;]<\/p>\n","protected":false},"author":86,"featured_media":641303,"comment_status":"open","ping_status":"closed","sticky":false,"template":"","format":"standard","meta":{"_acf_changed":false,"_daextam_enable_autolinks":"1","footnotes":""},"categories":[10666],"tags":[16878,1222,1224],"class_list":["post-641290","post","type-post","status-publish","format-standard","has-post-thumbnail","hentry","category-mma","tag-breve","tag-mma","tag-ufc"],"acf":[],"yoast_head":"<!-- This site is optimized with the Yoast SEO Premium plugin v26.7 (Yoast SEO v26.7) - https:\/\/yoast.com\/wordpress\/plugins\/seo\/ -->\n<title>Justin Gaethje d\u00e9croche de nouveau la ceinture int\u00e9rimaire des poids l\u00e9gers face \u00e0 Paddy Pimblett \u00e0 l&#039;UFC 324<\/title>\n<meta name=\"description\" content=\"Pr\u00e8s de six ans apr\u00e8s son premier sacre, Justin Gaethje renoue avec le titre int\u00e9rimaire des poids l\u00e9gers de l&#039;UFC en battant Paddy Pimblett \u00e0 la d\u00e9cision.\" \/>\n<meta name=\"robots\" content=\"index, follow, max-snippet:-1, max-image-preview:large, max-video-preview:-1\" \/>\n<link rel=\"canonical\" href=\"https:\/\/dicodusport.fr\/blog\/justin-gaethje-decroche-de-nouveau-la-ceinture-interimaire-des-poids-legers-face-a-paddy-pimblett-a-lufc-324\/\" \/>\n<meta property=\"og:locale\" content=\"fr_FR\" \/>\n<meta property=\"og:type\" content=\"article\" \/>\n<meta property=\"og:title\" content=\"Justin Gaethje d\u00e9croche de nouveau la ceinture int\u00e9rimaire des poids l\u00e9gers face \u00e0 Paddy Pimblett \u00e0 l&#039;UFC 324\" \/>\n<meta property=\"og:description\" content=\"Pr\u00e8s de six ans apr\u00e8s son premier sacre, Justin Gaethje renoue avec le titre int\u00e9rimaire des poids l\u00e9gers de l&#039;UFC en battant Paddy Pimblett \u00e0 la d\u00e9cision.\" \/>\n<meta property=\"og:url\" content=\"https:\/\/dicodusport.fr\/blog\/justin-gaethje-decroche-de-nouveau-la-ceinture-interimaire-des-poids-legers-face-a-paddy-pimblett-a-lufc-324\/\" \/>\n<meta property=\"og:site_name\" content=\"Dicodusport\" \/>\n<meta property=\"article:publisher\" content=\"https:\/\/www.facebook.com\/dicodusport\" \/>\n<meta property=\"article:published_time\" content=\"2026-01-25T06:41:29+00:00\" \/>\n<meta property=\"og:image\" content=\"https:\/\/dicodusport.fr\/blog\/wp-content\/uploads\/2026\/01\/Justin-Gaethje-decroche-de-nouveau-la-ceinture-interimaire-des-poids-legers-face-a-Paddy-Pimblett-a-lUFC-324.png\" \/>\n\t<meta property=\"og:image:width\" content=\"1200\" \/>\n\t<meta property=\"og:image:height\" content=\"674\" \/>\n\t<meta property=\"og:image:type\" content=\"image\/png\" \/>\n<meta name=\"author\" content=\"Nicolas Parant\" \/>\n<meta name=\"twitter:card\" content=\"summary_large_image\" \/>\n<meta name=\"twitter:title\" content=\"Justin Gaethje d\u00e9croche de nouveau la ceinture int\u00e9rimaire des poids l\u00e9gers face \u00e0 Paddy Pimblett \u00e0 l&#039;UFC 324\" \/>\n<meta name=\"twitter:creator\" content=\"@dicodusport\" \/>\n<meta name=\"twitter:site\" content=\"@dicodusport\" \/>\n<script type=\"application\/ld+json\" class=\"yoast-schema-graph\">{\"@context\":\"https:\/\/schema.org\",\"@graph\":[{\"@type\":\"NewsArticle\",\"@id\":\"https:\/\/dicodusport.fr\/blog\/justin-gaethje-decroche-de-nouveau-la-ceinture-interimaire-des-poids-legers-face-a-paddy-pimblett-a-lufc-324\/#article\",\"isPartOf\":{\"@id\":\"https:\/\/dicodusport.fr\/blog\/justin-gaethje-decroche-de-nouveau-la-ceinture-interimaire-des-poids-legers-face-a-paddy-pimblett-a-lufc-324\/\"},\"author\":{\"name\":\"Nicolas Parant\",\"@id\":\"https:\/\/dicodusport.fr\/blog\/#\/schema\/person\/816f1c1bae6e11b6ef5b39687639be63\"},\"headline\":\"Justin Gaethje d\u00e9croche de nouveau la ceinture int\u00e9rimaire des poids l\u00e9gers face \u00e0 Paddy Pimblett \u00e0 l&rsquo;UFC 324\",\"datePublished\":\"2026-01-25T06:41:29+00:00\",\"mainEntityOfPage\":{\"@id\":\"https:\/\/dicodusport.fr\/blog\/justin-gaethje-decroche-de-nouveau-la-ceinture-interimaire-des-poids-legers-face-a-paddy-pimblett-a-lufc-324\/\"},\"wordCount\":842,\"commentCount\":0,\"publisher\":{\"@id\":\"https:\/\/dicodusport.fr\/blog\/#organization\"},\"image\":{\"@id\":\"https:\/\/dicodusport.fr\/blog\/justin-gaethje-decroche-de-nouveau-la-ceinture-interimaire-des-poids-legers-face-a-paddy-pimblett-a-lufc-324\/#primaryimage\"},\"thumbnailUrl\":\"https:\/\/dicodusport.fr\/blog\/wp-content\/uploads\/2026\/01\/Justin-Gaethje-decroche-de-nouveau-la-ceinture-interimaire-des-poids-legers-face-a-Paddy-Pimblett-a-lUFC-324.png\",\"keywords\":[\"br\u00e8ve\",\"MMA\",\"UFC\"],\"articleSection\":[\"MMA\"],\"inLanguage\":\"fr-FR\",\"potentialAction\":[{\"@type\":\"CommentAction\",\"name\":\"Comment\",\"target\":[\"https:\/\/dicodusport.fr\/blog\/justin-gaethje-decroche-de-nouveau-la-ceinture-interimaire-des-poids-legers-face-a-paddy-pimblett-a-lufc-324\/#respond\"]}],\"copyrightYear\":\"2026\",\"copyrightHolder\":{\"@id\":\"https:\/\/dicodusport.fr\/blog\/#organization\"}},{\"@type\":\"WebPage\",\"@id\":\"https:\/\/dicodusport.fr\/blog\/justin-gaethje-decroche-de-nouveau-la-ceinture-interimaire-des-poids-legers-face-a-paddy-pimblett-a-lufc-324\/\",\"url\":\"https:\/\/dicodusport.fr\/blog\/justin-gaethje-decroche-de-nouveau-la-ceinture-interimaire-des-poids-legers-face-a-paddy-pimblett-a-lufc-324\/\",\"name\":\"Justin Gaethje d\u00e9croche de nouveau la ceinture int\u00e9rimaire des poids l\u00e9gers face \u00e0 Paddy Pimblett \u00e0 l'UFC 324\",\"isPartOf\":{\"@id\":\"https:\/\/dicodusport.fr\/blog\/#website\"},\"primaryImageOfPage\":{\"@id\":\"https:\/\/dicodusport.fr\/blog\/justin-gaethje-decroche-de-nouveau-la-ceinture-interimaire-des-poids-legers-face-a-paddy-pimblett-a-lufc-324\/#primaryimage\"},\"image\":{\"@id\":\"https:\/\/dicodusport.fr\/blog\/justin-gaethje-decroche-de-nouveau-la-ceinture-interimaire-des-poids-legers-face-a-paddy-pimblett-a-lufc-324\/#primaryimage\"},\"thumbnailUrl\":\"https:\/\/dicodusport.fr\/blog\/wp-content\/uploads\/2026\/01\/Justin-Gaethje-decroche-de-nouveau-la-ceinture-interimaire-des-poids-legers-face-a-Paddy-Pimblett-a-lUFC-324.png\",\"datePublished\":\"2026-01-25T06:41:29+00:00\",\"description\":\"Pr\u00e8s de six ans apr\u00e8s son premier sacre, Justin Gaethje renoue avec le titre int\u00e9rimaire des poids l\u00e9gers de l'UFC en battant Paddy Pimblett \u00e0 la d\u00e9cision.\",\"breadcrumb\":{\"@id\":\"https:\/\/dicodusport.fr\/blog\/justin-gaethje-decroche-de-nouveau-la-ceinture-interimaire-des-poids-legers-face-a-paddy-pimblett-a-lufc-324\/#breadcrumb\"},\"inLanguage\":\"fr-FR\",\"potentialAction\":[{\"@type\":\"ReadAction\",\"target\":[\"https:\/\/dicodusport.fr\/blog\/justin-gaethje-decroche-de-nouveau-la-ceinture-interimaire-des-poids-legers-face-a-paddy-pimblett-a-lufc-324\/\"]}]},{\"@type\":\"ImageObject\",\"inLanguage\":\"fr-FR\",\"@id\":\"https:\/\/dicodusport.fr\/blog\/justin-gaethje-decroche-de-nouveau-la-ceinture-interimaire-des-poids-legers-face-a-paddy-pimblett-a-lufc-324\/#primaryimage\",\"url\":\"https:\/\/dicodusport.fr\/blog\/wp-content\/uploads\/2026\/01\/Justin-Gaethje-decroche-de-nouveau-la-ceinture-interimaire-des-poids-legers-face-a-Paddy-Pimblett-a-lUFC-324.png\",\"contentUrl\":\"https:\/\/dicodusport.fr\/blog\/wp-content\/uploads\/2026\/01\/Justin-Gaethje-decroche-de-nouveau-la-ceinture-interimaire-des-poids-legers-face-a-Paddy-Pimblett-a-lUFC-324.png\",\"width\":1200,\"height\":674,\"caption\":\"Justin Gaethje d\u00e9croche de nouveau la ceinture int\u00e9rimaire des poids l\u00e9gers face \u00e0 Paddy Pimblett \u00e0 l'UFC 324\"},{\"@type\":\"BreadcrumbList\",\"@id\":\"https:\/\/dicodusport.fr\/blog\/justin-gaethje-decroche-de-nouveau-la-ceinture-interimaire-des-poids-legers-face-a-paddy-pimblett-a-lufc-324\/#breadcrumb\",\"itemListElement\":[{\"@type\":\"ListItem\",\"position\":1,\"name\":\"Accueil\",\"item\":\"https:\/\/dicodusport.fr\/blog\/\"},{\"@type\":\"ListItem\",\"position\":2,\"name\":\"Justin Gaethje d\u00e9croche de nouveau la ceinture int\u00e9rimaire des poids l\u00e9gers face \u00e0 Paddy Pimblett \u00e0 l&rsquo;UFC 324\"}]},{\"@type\":\"WebSite\",\"@id\":\"https:\/\/dicodusport.fr\/blog\/#website\",\"url\":\"https:\/\/dicodusport.fr\/blog\/\",\"name\":\"Dicodusport\",\"description\":\"L&#039;encyclop\u00e9die de l&#039;actualit\u00e9 sportive\",\"publisher\":{\"@id\":\"https:\/\/dicodusport.fr\/blog\/#organization\"},\"potentialAction\":[{\"@type\":\"SearchAction\",\"target\":{\"@type\":\"EntryPoint\",\"urlTemplate\":\"https:\/\/dicodusport.fr\/blog\/?s={search_term_string}\"},\"query-input\":{\"@type\":\"PropertyValueSpecification\",\"valueRequired\":true,\"valueName\":\"search_term_string\"}}],\"inLanguage\":\"fr-FR\"},{\"@type\":\"NewsMediaOrganization\",\"@id\":\"https:\/\/dicodusport.fr\/blog\/#organization\",\"name\":\"Dicodusport\",\"url\":\"https:\/\/dicodusport.fr\/blog\/\",\"logo\":{\"@type\":\"ImageObject\",\"inLanguage\":\"fr-FR\",\"@id\":\"https:\/\/dicodusport.fr\/blog\/#\/schema\/logo\/image\/\",\"url\":\"https:\/\/dicodusport.fr\/blog\/wp-content\/uploads\/2020\/06\/cropped-LOGO-DICODUSPORT-2020-SANS-FOND-SANS-TEXTE.png\",\"contentUrl\":\"https:\/\/dicodusport.fr\/blog\/wp-content\/uploads\/2020\/06\/cropped-LOGO-DICODUSPORT-2020-SANS-FOND-SANS-TEXTE.png\",\"width\":512,\"height\":512,\"caption\":\"Dicodusport\"},\"image\":{\"@id\":\"https:\/\/dicodusport.fr\/blog\/#\/schema\/logo\/image\/\"},\"sameAs\":[\"https:\/\/www.facebook.com\/dicodusport\",\"https:\/\/x.com\/dicodusport\",\"https:\/\/www.instagram.com\/dicodusport\/\",\"https:\/\/www.youtube.com\/channel\/UC7V2KZ5sd3htJivAbA4ZG3w\"],\"description\":\"Dicodusport est l'encyclop\u00e9die de l'actualit\u00e9 sportive.\",\"email\":\"bonjour@dicodusport.fr\",\"legalName\":\"DICODUSPORT\",\"foundingDate\":\"2018-01-14\",\"vatID\":\"FR71834470973\",\"taxID\":\"83447097300043\",\"numberOfEmployees\":{\"@type\":\"QuantitativeValue\",\"minValue\":\"1\",\"maxValue\":\"10\"}},{\"@type\":\"Person\",\"@id\":\"https:\/\/dicodusport.fr\/blog\/#\/schema\/person\/816f1c1bae6e11b6ef5b39687639be63\",\"name\":\"Nicolas Parant\",\"image\":{\"@type\":\"ImageObject\",\"inLanguage\":\"fr-FR\",\"@id\":\"https:\/\/dicodusport.fr\/blog\/#\/schema\/person\/image\/\",\"url\":\"https:\/\/dicodusport.fr\/blog\/wp-content\/uploads\/2023\/04\/1B6E3319-7CA3-49A2-A3FB-D53C46115743-150x150.jpeg\",\"contentUrl\":\"https:\/\/dicodusport.fr\/blog\/wp-content\/uploads\/2023\/04\/1B6E3319-7CA3-49A2-A3FB-D53C46115743-150x150.jpeg\",\"caption\":\"Nicolas Parant\"},\"description\":\"Passionn\u00e9 de sport et d\u2019\u00e9criture, r\u00e9diger des articles a \u00e9t\u00e9 une v\u00e9ritable r\u00e9v\u00e9lation quand j\u2019ai pris la plume num\u00e9rique pour la premi\u00e8re fois en 2021. Admiratif des exploits de Nadal \u00e0 Roland Garros et du charisme de Zlatan Ibrahimovi\u0107 \u00e0 son arriv\u00e9e dans la capitale, je m\u2019efforce de transmettre au mieux les \u00e9motions des athl\u00e8tes de la nouvelle g\u00e9n\u00e9ration. \u00c0 Dicodusport depuis 2023, je commente principalement les batailles qui se d\u00e9roulent dans l\u2019octogone de l\u2019UFC ou sur les pelouses de football et de rugby.\",\"url\":\"https:\/\/dicodusport.fr\/blog\/author\/nicolas-parant\/\"}]}<\/script>\n<!-- \/ Yoast SEO Premium plugin. -->","yoast_head_json":{"title":"Justin Gaethje d\u00e9croche de nouveau la ceinture int\u00e9rimaire des poids l\u00e9gers face \u00e0 Paddy Pimblett \u00e0 l'UFC 324","description":"Pr\u00e8s de six ans apr\u00e8s son premier sacre, Justin Gaethje renoue avec le titre int\u00e9rimaire des poids l\u00e9gers de l'UFC en battant Paddy Pimblett \u00e0 la d\u00e9cision.","robots":{"index":"index","follow":"follow","max-snippet":"max-snippet:-1","max-image-preview":"max-image-preview:large","max-video-preview":"max-video-preview:-1"},"canonical":"https:\/\/dicodusport.fr\/blog\/justin-gaethje-decroche-de-nouveau-la-ceinture-interimaire-des-poids-legers-face-a-paddy-pimblett-a-lufc-324\/","og_locale":"fr_FR","og_type":"article","og_title":"Justin Gaethje d\u00e9croche de nouveau la ceinture int\u00e9rimaire des poids l\u00e9gers face \u00e0 Paddy Pimblett \u00e0 l'UFC 324","og_description":"Pr\u00e8s de six ans apr\u00e8s son premier sacre, Justin Gaethje renoue avec le titre int\u00e9rimaire des poids l\u00e9gers de l'UFC en battant Paddy Pimblett \u00e0 la d\u00e9cision.","og_url":"https:\/\/dicodusport.fr\/blog\/justin-gaethje-decroche-de-nouveau-la-ceinture-interimaire-des-poids-legers-face-a-paddy-pimblett-a-lufc-324\/","og_site_name":"Dicodusport","article_publisher":"https:\/\/www.facebook.com\/dicodusport","article_published_time":"2026-01-25T06:41:29+00:00","og_image":[{"width":1200,"height":674,"url":"https:\/\/dicodusport.fr\/blog\/wp-content\/uploads\/2026\/01\/Justin-Gaethje-decroche-de-nouveau-la-ceinture-interimaire-des-poids-legers-face-a-Paddy-Pimblett-a-lUFC-324.png","type":"image\/png"}],"author":"Nicolas Parant","twitter_card":"summary_large_image","twitter_title":"Justin Gaethje d\u00e9croche de nouveau la ceinture int\u00e9rimaire des poids l\u00e9gers face \u00e0 Paddy Pimblett \u00e0 l'UFC 324","twitter_creator":"@dicodusport","twitter_site":"@dicodusport","schema":{"@context":"https:\/\/schema.org","@graph":[{"@type":"NewsArticle","@id":"https:\/\/dicodusport.fr\/blog\/justin-gaethje-decroche-de-nouveau-la-ceinture-interimaire-des-poids-legers-face-a-paddy-pimblett-a-lufc-324\/#article","isPartOf":{"@id":"https:\/\/dicodusport.fr\/blog\/justin-gaethje-decroche-de-nouveau-la-ceinture-interimaire-des-poids-legers-face-a-paddy-pimblett-a-lufc-324\/"},"author":{"name":"Nicolas Parant","@id":"https:\/\/dicodusport.fr\/blog\/#\/schema\/person\/816f1c1bae6e11b6ef5b39687639be63"},"headline":"Justin Gaethje d\u00e9croche de nouveau la ceinture int\u00e9rimaire des poids l\u00e9gers face \u00e0 Paddy Pimblett \u00e0 l&rsquo;UFC 324","datePublished":"2026-01-25T06:41:29+00:00","mainEntityOfPage":{"@id":"https:\/\/dicodusport.fr\/blog\/justin-gaethje-decroche-de-nouveau-la-ceinture-interimaire-des-poids-legers-face-a-paddy-pimblett-a-lufc-324\/"},"wordCount":842,"commentCount":0,"publisher":{"@id":"https:\/\/dicodusport.fr\/blog\/#organization"},"image":{"@id":"https:\/\/dicodusport.fr\/blog\/justin-gaethje-decroche-de-nouveau-la-ceinture-interimaire-des-poids-legers-face-a-paddy-pimblett-a-lufc-324\/#primaryimage"},"thumbnailUrl":"https:\/\/dicodusport.fr\/blog\/wp-content\/uploads\/2026\/01\/Justin-Gaethje-decroche-de-nouveau-la-ceinture-interimaire-des-poids-legers-face-a-Paddy-Pimblett-a-lUFC-324.png","keywords":["br\u00e8ve","MMA","UFC"],"articleSection":["MMA"],"inLanguage":"fr-FR","potentialAction":[{"@type":"CommentAction","name":"Comment","target":["https:\/\/dicodusport.fr\/blog\/justin-gaethje-decroche-de-nouveau-la-ceinture-interimaire-des-poids-legers-face-a-paddy-pimblett-a-lufc-324\/#respond"]}],"copyrightYear":"2026","copyrightHolder":{"@id":"https:\/\/dicodusport.fr\/blog\/#organization"}},{"@type":"WebPage","@id":"https:\/\/dicodusport.fr\/blog\/justin-gaethje-decroche-de-nouveau-la-ceinture-interimaire-des-poids-legers-face-a-paddy-pimblett-a-lufc-324\/","url":"https:\/\/dicodusport.fr\/blog\/justin-gaethje-decroche-de-nouveau-la-ceinture-interimaire-des-poids-legers-face-a-paddy-pimblett-a-lufc-324\/","name":"Justin Gaethje d\u00e9croche de nouveau la ceinture int\u00e9rimaire des poids l\u00e9gers face \u00e0 Paddy Pimblett \u00e0 l'UFC 324","isPartOf":{"@id":"https:\/\/dicodusport.fr\/blog\/#website"},"primaryImageOfPage":{"@id":"https:\/\/dicodusport.fr\/blog\/justin-gaethje-decroche-de-nouveau-la-ceinture-interimaire-des-poids-legers-face-a-paddy-pimblett-a-lufc-324\/#primaryimage"},"image":{"@id":"https:\/\/dicodusport.fr\/blog\/justin-gaethje-decroche-de-nouveau-la-ceinture-interimaire-des-poids-legers-face-a-paddy-pimblett-a-lufc-324\/#primaryimage"},"thumbnailUrl":"https:\/\/dicodusport.fr\/blog\/wp-content\/uploads\/2026\/01\/Justin-Gaethje-decroche-de-nouveau-la-ceinture-interimaire-des-poids-legers-face-a-Paddy-Pimblett-a-lUFC-324.png","datePublished":"2026-01-25T06:41:29+00:00","description":"Pr\u00e8s de six ans apr\u00e8s son premier sacre, Justin Gaethje renoue avec le titre int\u00e9rimaire des poids l\u00e9gers de l'UFC en battant Paddy Pimblett \u00e0 la d\u00e9cision.","breadcrumb":{"@id":"https:\/\/dicodusport.fr\/blog\/justin-gaethje-decroche-de-nouveau-la-ceinture-interimaire-des-poids-legers-face-a-paddy-pimblett-a-lufc-324\/#breadcrumb"},"inLanguage":"fr-FR","potentialAction":[{"@type":"ReadAction","target":["https:\/\/dicodusport.fr\/blog\/justin-gaethje-decroche-de-nouveau-la-ceinture-interimaire-des-poids-legers-face-a-paddy-pimblett-a-lufc-324\/"]}]},{"@type":"ImageObject","inLanguage":"fr-FR","@id":"https:\/\/dicodusport.fr\/blog\/justin-gaethje-decroche-de-nouveau-la-ceinture-interimaire-des-poids-legers-face-a-paddy-pimblett-a-lufc-324\/#primaryimage","url":"https:\/\/dicodusport.fr\/blog\/wp-content\/uploads\/2026\/01\/Justin-Gaethje-decroche-de-nouveau-la-ceinture-interimaire-des-poids-legers-face-a-Paddy-Pimblett-a-lUFC-324.png","contentUrl":"https:\/\/dicodusport.fr\/blog\/wp-content\/uploads\/2026\/01\/Justin-Gaethje-decroche-de-nouveau-la-ceinture-interimaire-des-poids-legers-face-a-Paddy-Pimblett-a-lUFC-324.png","width":1200,"height":674,"caption":"Justin Gaethje d\u00e9croche de nouveau la ceinture int\u00e9rimaire des poids l\u00e9gers face \u00e0 Paddy Pimblett \u00e0 l'UFC 324"},{"@type":"BreadcrumbList","@id":"https:\/\/dicodusport.fr\/blog\/justin-gaethje-decroche-de-nouveau-la-ceinture-interimaire-des-poids-legers-face-a-paddy-pimblett-a-lufc-324\/#breadcrumb","itemListElement":[{"@type":"ListItem","position":1,"name":"Accueil","item":"https:\/\/dicodusport.fr\/blog\/"},{"@type":"ListItem","position":2,"name":"Justin Gaethje d\u00e9croche de nouveau la ceinture int\u00e9rimaire des poids l\u00e9gers face \u00e0 Paddy Pimblett \u00e0 l&rsquo;UFC 324"}]},{"@type":"WebSite","@id":"https:\/\/dicodusport.fr\/blog\/#website","url":"https:\/\/dicodusport.fr\/blog\/","name":"Dicodusport","description":"L&#039;encyclop\u00e9die de l&#039;actualit\u00e9 sportive","publisher":{"@id":"https:\/\/dicodusport.fr\/blog\/#organization"},"potentialAction":[{"@type":"SearchAction","target":{"@type":"EntryPoint","urlTemplate":"https:\/\/dicodusport.fr\/blog\/?s={search_term_string}"},"query-input":{"@type":"PropertyValueSpecification","valueRequired":true,"valueName":"search_term_string"}}],"inLanguage":"fr-FR"},{"@type":"NewsMediaOrganization","@id":"https:\/\/dicodusport.fr\/blog\/#organization","name":"Dicodusport","url":"https:\/\/dicodusport.fr\/blog\/","logo":{"@type":"ImageObject","inLanguage":"fr-FR","@id":"https:\/\/dicodusport.fr\/blog\/#\/schema\/logo\/image\/","url":"https:\/\/dicodusport.fr\/blog\/wp-content\/uploads\/2020\/06\/cropped-LOGO-DICODUSPORT-2020-SANS-FOND-SANS-TEXTE.png","contentUrl":"https:\/\/dicodusport.fr\/blog\/wp-content\/uploads\/2020\/06\/cropped-LOGO-DICODUSPORT-2020-SANS-FOND-SANS-TEXTE.png","width":512,"height":512,"caption":"Dicodusport"},"image":{"@id":"https:\/\/dicodusport.fr\/blog\/#\/schema\/logo\/image\/"},"sameAs":["https:\/\/www.facebook.com\/dicodusport","https:\/\/x.com\/dicodusport","https:\/\/www.instagram.com\/dicodusport\/","https:\/\/www.youtube.com\/channel\/UC7V2KZ5sd3htJivAbA4ZG3w"],"description":"Dicodusport est l'encyclop\u00e9die de l'actualit\u00e9 sportive.","email":"bonjour@dicodusport.fr","legalName":"DICODUSPORT","foundingDate":"2018-01-14","vatID":"FR71834470973","taxID":"83447097300043","numberOfEmployees":{"@type":"QuantitativeValue","minValue":"1","maxValue":"10"}},{"@type":"Person","@id":"https:\/\/dicodusport.fr\/blog\/#\/schema\/person\/816f1c1bae6e11b6ef5b39687639be63","name":"Nicolas Parant","image":{"@type":"ImageObject","inLanguage":"fr-FR","@id":"https:\/\/dicodusport.fr\/blog\/#\/schema\/person\/image\/","url":"https:\/\/dicodusport.fr\/blog\/wp-content\/uploads\/2023\/04\/1B6E3319-7CA3-49A2-A3FB-D53C46115743-150x150.jpeg","contentUrl":"https:\/\/dicodusport.fr\/blog\/wp-content\/uploads\/2023\/04\/1B6E3319-7CA3-49A2-A3FB-D53C46115743-150x150.jpeg","caption":"Nicolas Parant"},"description":"Passionn\u00e9 de sport et d\u2019\u00e9criture, r\u00e9diger des articles a \u00e9t\u00e9 une v\u00e9ritable r\u00e9v\u00e9lation quand j\u2019ai pris la plume num\u00e9rique pour la premi\u00e8re fois en 2021. Admiratif des exploits de Nadal \u00e0 Roland Garros et du charisme de Zlatan Ibrahimovi\u0107 \u00e0 son arriv\u00e9e dans la capitale, je m\u2019efforce de transmettre au mieux les \u00e9motions des athl\u00e8tes de la nouvelle g\u00e9n\u00e9ration. \u00c0 Dicodusport depuis 2023, je commente principalement les batailles qui se d\u00e9roulent dans l\u2019octogone de l\u2019UFC ou sur les pelouses de football et de rugby.","url":"https:\/\/dicodusport.fr\/blog\/author\/nicolas-parant\/"}]}},"_links":{"self":[{"href":"https:\/\/dicodusport.fr\/blog\/wp-json\/wp\/v2\/posts\/641290","targetHints":{"allow":["GET"]}}],"collection":[{"href":"https:\/\/dicodusport.fr\/blog\/wp-json\/wp\/v2\/posts"}],"about":[{"href":"https:\/\/dicodusport.fr\/blog\/wp-json\/wp\/v2\/types\/post"}],"author":[{"embeddable":true,"href":"https:\/\/dicodusport.fr\/blog\/wp-json\/wp\/v2\/users\/86"}],"replies":[{"embeddable":true,"href":"https:\/\/dicodusport.fr\/blog\/wp-json\/wp\/v2\/comments?post=641290"}],"version-history":[{"count":6,"href":"https:\/\/dicodusport.fr\/blog\/wp-json\/wp\/v2\/posts\/641290\/revisions"}],"predecessor-version":[{"id":641305,"href":"https:\/\/dicodusport.fr\/blog\/wp-json\/wp\/v2\/posts\/641290\/revisions\/641305"}],"wp:featuredmedia":[{"embeddable":true,"href":"https:\/\/dicodusport.fr\/blog\/wp-json\/wp\/v2\/media\/641303"}],"wp:attachment":[{"href":"https:\/\/dicodusport.fr\/blog\/wp-json\/wp\/v2\/media?parent=641290"}],"wp:term":[{"taxonomy":"category","embeddable":true,"href":"https:\/\/dicodusport.fr\/blog\/wp-json\/wp\/v2\/categories?post=641290"},{"taxonomy":"post_tag","embeddable":true,"href":"https:\/\/dicodusport.fr\/blog\/wp-json\/wp\/v2\/tags?post=641290"}],"curies":[{"name":"wp","href":"https:\/\/api.w.org\/{rel}","templated":true}]}}