{"id":641325,"date":"2026-01-25T13:09:45","date_gmt":"2026-01-25T12:09:45","guid":{"rendered":"https:\/\/dicodusport.fr\/blog\/?p=641325&#038;preview=true&#038;preview_id=641325"},"modified":"2026-01-25T14:11:51","modified_gmt":"2026-01-25T13:11:51","slug":"mikaela-shiffrin-ecrase-le-slalom-de-spindleruv-mlyn-et-rafle-deja-le-petit-globe-de-la-specialite","status":"publish","type":"post","link":"https:\/\/dicodusport.fr\/blog\/mikaela-shiffrin-ecrase-le-slalom-de-spindleruv-mlyn-et-rafle-deja-le-petit-globe-de-la-specialite\/","title":{"rendered":"Mikaela Shiffrin \u00e9crase le slalom de Spindleruv Mlyn et rafle d\u00e9j\u00e0 le petit globe de la sp\u00e9cialit\u00e9"},"content":{"rendered":"<p style=\"text-align: justify;\"><strong><em>COUPE DU MONDE DE SKI ALPIN 2025\/2026 &#8211; En d\u00e9crochant son 7\u00e8me slalom de l&rsquo;hiver \u00e0 Spindleruv Mlyn, Mikaela Shiffrin s&rsquo;est assur\u00e9e le petit globe de la sp\u00e9cialit\u00e9.<\/em><\/strong><\/p>\n<ul style=\"text-align: justify;\">\n<li><strong>\u00c0 ce sujet \u2014\u00a0<a href=\"https:\/\/dicodusport.fr\/blog\/ski-alpin-coupe-du-monde-2025-2026-le-calendrier-complet\/\">Ski alpin Coupe du monde 2025-2026 \u2013 Le calendrier complet<\/a><\/strong><\/li>\n<\/ul>\n<p style=\"text-align: justify;\">Suite au g\u00e9ant remport\u00e9 hier par Sara Hector, l&rsquo;ultime \u00e9preuve technique pr\u00e9c\u00e9dant les Jeux Olympiques se disputait ce dimanche \u00e0 <strong>Spindleruv Mlyn<\/strong> (R\u00e9publique Tch\u00e8que). Vainqueure de six des sept <strong>slaloms<\/strong> disput\u00e9s jusque-l\u00e0, Mikaela Shiffrin faisait naturellement figure d&rsquo;\u00e9pouvantail.<\/p>\n<h2 style=\"text-align: justify;\">Shiffrin survole la premi\u00e8re manche, les Fran\u00e7aises proches du 100%<\/h2>\n<p style=\"text-align: justify;\">Et le moins que l&rsquo;on puisse dire, c&rsquo;est que l&rsquo;Am\u00e9ricaine a d\u00e9cid\u00e9 de mettre les points sur les i d\u00e8s la premi\u00e8re manche. En total contr\u00f4le, cette derni\u00e8re a d\u00e9livr\u00e9 un v\u00e9ritable r\u00e9cital en avalant \u00e0 une vitesse dingue. R\u00e9sultat, elle a \u00e9t\u00e9 la seule \u00e0 passer sous le cap des 0 secondes, et tr\u00e8s nettement (48.80). Cela lui a ainsi permis de creuser un \u00e9cart stratosph\u00e9rique sur sa dauphine provisoire, <strong>Wendy Holdener<\/strong> \u00e9tant repouss\u00e9e au-del\u00e0 de la minute (+1.26) ! Elles \u00e9taient seulement m\u00eame six \u00e0 accuser moins de deux secondes de retard sur la patronne<\/p>\n<ul style=\"text-align: justify;\">\n<li><strong>\u00c0 ce sujet \u2014\u00a0<a href=\"https:\/\/dicodusport.fr\/blog\/slalom-femmes-spindleruv-mlyn-2026-classement-et-resultats\/\">Slalom femmes Spindleruv Mlyn 2026 \u2013 Classement et r\u00e9sultats<\/a><\/strong><\/li>\n<\/ul>\n<p style=\"text-align: justify;\">C\u00f4t\u00e9 fran\u00e7ais, la matin\u00e9e s&rsquo;\u00e9tait \u00e9galement r\u00e9v\u00e9l\u00e9e positive. En dehors de l&rsquo;abandon de <strong>Chiara Pognaux<\/strong>, <strong>Marie Lamure<\/strong>, <strong>Caitlin McFarlane<\/strong> et <strong>Marion Chevrier<\/strong> s&rsquo;\u00e9taient positionn\u00e9es entre les positions 15 et 19, tandis que <strong>Doriane Escan\u00e9<\/strong> a assur\u00e9 sa qualification pour la 2\u00e8me manche pour moins de deux dixi\u00e8mes. Les Bleues avaient donc de la mati\u00e8re pour tenter de r\u00e9aliser un joli coup.<\/p>\n<blockquote class=\"twitter-tweet\">\n<p dir=\"ltr\" lang=\"it\">SHIFFRIN PARTE COME UNA SAETTA \u26a1\ufe0f\ud83c\uddfa\ud83c\uddf8<\/p>\n<p>Partita con il pettorale #1, Mikaela Shiffrin si presenta allo slalom gigante di \u0160pindleruv Ml\u00fdn con una prima manche pazzesca. La fuoriclasse di Vail chiude in 48.80 rimediando con autorit\u00e0 a un piccolo errore \u26f7\ufe0f\ud83c\udde8\ud83c\uddff<a href=\"https:\/\/twitter.com\/hashtag\/EurosportSCI?src=hash&amp;ref_src=twsrc%5Etfw\">#EurosportSCI<\/a> <a href=\"https:\/\/t.co\/klOMnRSGgO\">pic.twitter.com\/klOMnRSGgO<\/a><\/p>\n<p>\u2014 Eurosport IT (@Eurosport_IT) <a href=\"https:\/\/twitter.com\/Eurosport_IT\/status\/2015357301842903475?ref_src=twsrc%5Etfw\">January 25, 2026<\/a><\/p><\/blockquote>\n<p style=\"text-align: justify;\"><script async src=\"https:\/\/platform.twitter.com\/widgets.js\" charset=\"utf-8\"><\/script><\/p>\n<h2 style=\"text-align: justify;\">Le petit globe pour Shiffrin, Top 15 pour Chevrier, Lamure et McFarlane<\/h2>\n<p style=\"text-align: justify;\">En deuxi\u00e8me manche, la victoire ne faisait d\u00e9j\u00e0 plus de doute. Et, \u00e0 l&rsquo;issue d&rsquo;un nouveau run extr\u00eamement solide, o\u00f9 elle a sign\u00e9 le temps de r\u00e9f\u00e9rence encore une fois, <strong>Mikaela Shiffrin<\/strong> a valid\u00e9 son 7\u00e8me succ\u00e8s de l&rsquo;hiver en collant <strong>+1.67<\/strong> \u00e0 sa premi\u00e8re poursuivante. \u00c0 deux courses de la fin de la saison, l&rsquo;Am\u00e9ricaine <strong>remporte donc d\u00e9j\u00e0 le petit globe de la sp\u00e9cialit\u00e9,<\/strong> avant m\u00eame les JO.<\/p>\n<div id=\"mvp-content-main\" class=\"left relative\" style=\"text-align: justify;\">\n<ul>\n<li><strong>\u00c0 ce sujet \u2014 <a href=\"https:\/\/dicodusport.fr\/blog\/ski-alpin-coupe-du-monde-classement-general-femmes-actualise\/\">Ski alpin Coupe du monde : Classement g\u00e9n\u00e9ral femmes actualis\u00e9<\/a><\/strong><\/li>\n<\/ul>\n<\/div>\n<p style=\"text-align: justify;\">Pour les deux autres places sur le podium, tout restait ouvert entre les autres principales t\u00eates d&rsquo;affiche. Si <strong>Katharina Huber<\/strong> a lanc\u00e9 les hostilit\u00e9s avec un run tr\u00e8s solide, c&rsquo;est sa compatriote<strong> Katharina Truppe<\/strong> qui a r\u00e9ellement lanc\u00e9 la bataille en lui collant sept dixi\u00e8mes. Une bataille qui a d&rsquo;ailleurs fait des d\u00e9g\u00e2ts, puisque <strong>Nina O&rsquo;Brien<\/strong> et <strong>Paula Moltzan<\/strong> ont enfourch\u00e9.<\/p>\n<p style=\"text-align: justify;\">N\u00e9anmoins, l&rsquo;\u00e9cart conc\u00e9d\u00e9 sur la premi\u00e8re manche a \u00e9t\u00e9 fatal pour Truppe. Si <strong>Wendy Holdener<\/strong> a perdu son avance pour \u00e9chouer au 5\u00e8me rang, <strong>Camille Rast<\/strong> a gagn\u00e9 deux rangs pour s&#8217;emparer de la 2\u00e8me place tandis qu&rsquo;<strong>Emma Aicher<\/strong> s&rsquo;intercale et compl\u00e8te le podium.<\/p>\n<p style=\"text-align: justify;\">Positionn\u00e9es dans un milieu de classement tr\u00e8s resserr\u00e9, les Bleues avaient un coup \u00e0 r\u00e9aliser. En d\u00e9pit d&rsquo;une petite erreur \u00e0 mi-parcours, <strong>Marion Chevrier<\/strong> a saisi sa chance en allumant du vert \u00e0 son passage. Tout en d\u00e9passant plusieurs skieuses, dont une <strong>Caitlin McFarlane<\/strong> l\u00e9g\u00e8rement plus en retrait. Au final, Chevrier accroche une belle place 11\u00e8me place, juste devant une <strong>Marie Lamure<\/strong> (12\u00e8me) \u00e9galement consistante. McFarlane (15\u00e8me) se hisse dans le Top 15 alors que <strong>Doriane Escan\u00e9<\/strong> a b\u00e9n\u00e9fici\u00e9 de plusieurs abandons pour accrocher la 23\u00e8me position.<\/p>\n<blockquote class=\"twitter-tweet\">\n<p dir=\"ltr\" lang=\"fr\">Deux Fran\u00e7aises en t\u00eate apr\u00e8s 15 filles ! Chevrier devant Lamure, \u00e7a fera un r\u00e9sultat correct pour les deux. <a href=\"https:\/\/twitter.com\/hashtag\/fisalpine?src=hash&amp;ref_src=twsrc%5Etfw\">#fisalpine<\/a><\/p>\n<p>\u2014 Pierre Gorce (@pierregorce12) <a href=\"https:\/\/twitter.com\/pierregorce12\/status\/2015389792809124070?ref_src=twsrc%5Etfw\">January 25, 2026<\/a><\/p><\/blockquote>\n<p style=\"text-align: justify;\"><script async src=\"https:\/\/platform.twitter.com\/widgets.js\" charset=\"utf-8\"><\/script><\/p>\n","protected":false},"excerpt":{"rendered":"<p>COUPE DU MONDE DE SKI ALPIN 2025\/2026 &#8211; En d\u00e9crochant son 7\u00e8me slalom de l&rsquo;hiver \u00e0 Spindleruv Mlyn, Mikaela Shiffrin s&rsquo;est assur\u00e9e le petit globe de la sp\u00e9cialit\u00e9.<\/p>\n","protected":false},"author":55,"featured_media":641401,"comment_status":"open","ping_status":"closed","sticky":false,"template":"","format":"standard","meta":{"_acf_changed":false,"_daextam_enable_autolinks":"1","footnotes":""},"categories":[47084],"tags":[16878,12586,3542,2233,24],"class_list":["post-641325","post","type-post","status-publish","format-standard","has-post-thumbnail","hentry","category-coupe-du-monde-ski-alpin","tag-breve","tag-coupe-du-monde-de-ski-alpin","tag-mikaela-shiffrin","tag-ski-alpin","tag-sport"],"acf":[],"yoast_head":"<!-- This site is optimized with the Yoast SEO Premium plugin v26.7 (Yoast SEO v26.7) - https:\/\/yoast.com\/wordpress\/plugins\/seo\/ -->\n<title>Mikaela Shiffrin \u00e9crase le slalom de Spindleruv Mlyn et rafle d\u00e9j\u00e0 le petit globe de la sp\u00e9cialit\u00e9<\/title>\n<meta name=\"description\" content=\"COUPE DU MONDE DE SKI ALPIN 2025\/2026 - En d\u00e9crochant son 7\u00e8me slalom de l&#039;hiver \u00e0 Spindleruv Mlyn, Mikaela Shiffrin s&#039;est assur\u00e9e le petit globe de la sp\u00e9cialit\u00e9.\" \/>\n<meta name=\"robots\" content=\"index, follow, max-snippet:-1, max-image-preview:large, max-video-preview:-1\" \/>\n<link rel=\"canonical\" href=\"https:\/\/dicodusport.fr\/blog\/mikaela-shiffrin-ecrase-le-slalom-de-spindleruv-mlyn-et-rafle-deja-le-petit-globe-de-la-specialite\/\" \/>\n<meta property=\"og:locale\" content=\"fr_FR\" \/>\n<meta property=\"og:type\" content=\"article\" \/>\n<meta property=\"og:title\" content=\"Mikaela Shiffrin \u00e9crase le slalom de Spindleruv Mlyn et rafle d\u00e9j\u00e0 le petit globe de la sp\u00e9cialit\u00e9\" \/>\n<meta property=\"og:description\" content=\"COUPE DU MONDE DE SKI ALPIN 2025\/2026 - En d\u00e9crochant son 7\u00e8me slalom de l&#039;hiver \u00e0 Spindleruv Mlyn, Mikaela Shiffrin s&#039;est assur\u00e9e le petit globe de la sp\u00e9cialit\u00e9.\" \/>\n<meta property=\"og:url\" content=\"https:\/\/dicodusport.fr\/blog\/mikaela-shiffrin-ecrase-le-slalom-de-spindleruv-mlyn-et-rafle-deja-le-petit-globe-de-la-specialite\/\" \/>\n<meta property=\"og:site_name\" content=\"Dicodusport\" \/>\n<meta property=\"article:publisher\" content=\"https:\/\/www.facebook.com\/dicodusport\" \/>\n<meta property=\"article:published_time\" content=\"2026-01-25T12:09:45+00:00\" \/>\n<meta property=\"article:modified_time\" content=\"2026-01-25T13:11:51+00:00\" \/>\n<meta property=\"og:image\" content=\"https:\/\/dicodusport.fr\/blog\/wp-content\/uploads\/2026\/01\/Mikaela-Shiffrin-ecrase-le-slalom-de-Spindleruv-Mlyn-et-rafle-deja-le-petit-globe-de-la-specialite-1.png\" \/>\n\t<meta property=\"og:image:width\" content=\"1200\" \/>\n\t<meta property=\"og:image:height\" content=\"674\" \/>\n\t<meta property=\"og:image:type\" content=\"image\/png\" \/>\n<meta name=\"author\" content=\"Maxime Cazenave\" \/>\n<meta name=\"twitter:card\" content=\"summary_large_image\" \/>\n<meta name=\"twitter:title\" content=\"Mikaela Shiffrin \u00e9crase le slalom de Spindleruv Mlyn et rafle d\u00e9j\u00e0 le petit globe de la sp\u00e9cialit\u00e9\" \/>\n<meta name=\"twitter:creator\" content=\"@https:\/\/twitter.com\/Maxime_Caze\" \/>\n<meta name=\"twitter:site\" content=\"@dicodusport\" \/>\n<script type=\"application\/ld+json\" class=\"yoast-schema-graph\">{\"@context\":\"https:\/\/schema.org\",\"@graph\":[{\"@type\":\"NewsArticle\",\"@id\":\"https:\/\/dicodusport.fr\/blog\/mikaela-shiffrin-ecrase-le-slalom-de-spindleruv-mlyn-et-rafle-deja-le-petit-globe-de-la-specialite\/#article\",\"isPartOf\":{\"@id\":\"https:\/\/dicodusport.fr\/blog\/mikaela-shiffrin-ecrase-le-slalom-de-spindleruv-mlyn-et-rafle-deja-le-petit-globe-de-la-specialite\/\"},\"author\":{\"name\":\"Maxime Cazenave\",\"@id\":\"https:\/\/dicodusport.fr\/blog\/#\/schema\/person\/37def232098a7a5cbab3974a3690abb0\"},\"headline\":\"Mikaela Shiffrin \u00e9crase le slalom de Spindleruv Mlyn et rafle d\u00e9j\u00e0 le petit globe de la sp\u00e9cialit\u00e9\",\"datePublished\":\"2026-01-25T12:09:45+00:00\",\"dateModified\":\"2026-01-25T13:11:51+00:00\",\"mainEntityOfPage\":{\"@id\":\"https:\/\/dicodusport.fr\/blog\/mikaela-shiffrin-ecrase-le-slalom-de-spindleruv-mlyn-et-rafle-deja-le-petit-globe-de-la-specialite\/\"},\"wordCount\":701,\"commentCount\":0,\"publisher\":{\"@id\":\"https:\/\/dicodusport.fr\/blog\/#organization\"},\"image\":{\"@id\":\"https:\/\/dicodusport.fr\/blog\/mikaela-shiffrin-ecrase-le-slalom-de-spindleruv-mlyn-et-rafle-deja-le-petit-globe-de-la-specialite\/#primaryimage\"},\"thumbnailUrl\":\"https:\/\/dicodusport.fr\/blog\/wp-content\/uploads\/2026\/01\/Mikaela-Shiffrin-ecrase-le-slalom-de-Spindleruv-Mlyn-et-rafle-deja-le-petit-globe-de-la-specialite-1.png\",\"keywords\":[\"br\u00e8ve\",\"Coupe du monde de ski alpin\",\"Mikaela Shiffrin\",\"Ski alpin\",\"sport\"],\"articleSection\":[\"Coupe du monde de ski alpin\"],\"inLanguage\":\"fr-FR\",\"potentialAction\":[{\"@type\":\"CommentAction\",\"name\":\"Comment\",\"target\":[\"https:\/\/dicodusport.fr\/blog\/mikaela-shiffrin-ecrase-le-slalom-de-spindleruv-mlyn-et-rafle-deja-le-petit-globe-de-la-specialite\/#respond\"]}],\"copyrightYear\":\"2026\",\"copyrightHolder\":{\"@id\":\"https:\/\/dicodusport.fr\/blog\/#organization\"}},{\"@type\":\"WebPage\",\"@id\":\"https:\/\/dicodusport.fr\/blog\/mikaela-shiffrin-ecrase-le-slalom-de-spindleruv-mlyn-et-rafle-deja-le-petit-globe-de-la-specialite\/\",\"url\":\"https:\/\/dicodusport.fr\/blog\/mikaela-shiffrin-ecrase-le-slalom-de-spindleruv-mlyn-et-rafle-deja-le-petit-globe-de-la-specialite\/\",\"name\":\"Mikaela Shiffrin \u00e9crase le slalom de Spindleruv Mlyn et rafle d\u00e9j\u00e0 le petit globe de la sp\u00e9cialit\u00e9\",\"isPartOf\":{\"@id\":\"https:\/\/dicodusport.fr\/blog\/#website\"},\"primaryImageOfPage\":{\"@id\":\"https:\/\/dicodusport.fr\/blog\/mikaela-shiffrin-ecrase-le-slalom-de-spindleruv-mlyn-et-rafle-deja-le-petit-globe-de-la-specialite\/#primaryimage\"},\"image\":{\"@id\":\"https:\/\/dicodusport.fr\/blog\/mikaela-shiffrin-ecrase-le-slalom-de-spindleruv-mlyn-et-rafle-deja-le-petit-globe-de-la-specialite\/#primaryimage\"},\"thumbnailUrl\":\"https:\/\/dicodusport.fr\/blog\/wp-content\/uploads\/2026\/01\/Mikaela-Shiffrin-ecrase-le-slalom-de-Spindleruv-Mlyn-et-rafle-deja-le-petit-globe-de-la-specialite-1.png\",\"datePublished\":\"2026-01-25T12:09:45+00:00\",\"dateModified\":\"2026-01-25T13:11:51+00:00\",\"description\":\"COUPE DU MONDE DE SKI ALPIN 2025\/2026 - En d\u00e9crochant son 7\u00e8me slalom de l'hiver \u00e0 Spindleruv Mlyn, Mikaela Shiffrin s'est assur\u00e9e le petit globe de la sp\u00e9cialit\u00e9.\",\"breadcrumb\":{\"@id\":\"https:\/\/dicodusport.fr\/blog\/mikaela-shiffrin-ecrase-le-slalom-de-spindleruv-mlyn-et-rafle-deja-le-petit-globe-de-la-specialite\/#breadcrumb\"},\"inLanguage\":\"fr-FR\",\"potentialAction\":[{\"@type\":\"ReadAction\",\"target\":[\"https:\/\/dicodusport.fr\/blog\/mikaela-shiffrin-ecrase-le-slalom-de-spindleruv-mlyn-et-rafle-deja-le-petit-globe-de-la-specialite\/\"]}]},{\"@type\":\"ImageObject\",\"inLanguage\":\"fr-FR\",\"@id\":\"https:\/\/dicodusport.fr\/blog\/mikaela-shiffrin-ecrase-le-slalom-de-spindleruv-mlyn-et-rafle-deja-le-petit-globe-de-la-specialite\/#primaryimage\",\"url\":\"https:\/\/dicodusport.fr\/blog\/wp-content\/uploads\/2026\/01\/Mikaela-Shiffrin-ecrase-le-slalom-de-Spindleruv-Mlyn-et-rafle-deja-le-petit-globe-de-la-specialite-1.png\",\"contentUrl\":\"https:\/\/dicodusport.fr\/blog\/wp-content\/uploads\/2026\/01\/Mikaela-Shiffrin-ecrase-le-slalom-de-Spindleruv-Mlyn-et-rafle-deja-le-petit-globe-de-la-specialite-1.png\",\"width\":1200,\"height\":674,\"caption\":\"Mikaela Shiffrin \u00e9crase le slalom de Spindleruv Mlyn et rafle d\u00e9j\u00e0 le petit globe de la sp\u00e9cialit\u00e9\"},{\"@type\":\"BreadcrumbList\",\"@id\":\"https:\/\/dicodusport.fr\/blog\/mikaela-shiffrin-ecrase-le-slalom-de-spindleruv-mlyn-et-rafle-deja-le-petit-globe-de-la-specialite\/#breadcrumb\",\"itemListElement\":[{\"@type\":\"ListItem\",\"position\":1,\"name\":\"Accueil\",\"item\":\"https:\/\/dicodusport.fr\/blog\/\"},{\"@type\":\"ListItem\",\"position\":2,\"name\":\"Mikaela Shiffrin \u00e9crase le slalom de Spindleruv Mlyn et rafle d\u00e9j\u00e0 le petit globe de la sp\u00e9cialit\u00e9\"}]},{\"@type\":\"WebSite\",\"@id\":\"https:\/\/dicodusport.fr\/blog\/#website\",\"url\":\"https:\/\/dicodusport.fr\/blog\/\",\"name\":\"Dicodusport\",\"description\":\"L&#039;encyclop\u00e9die de l&#039;actualit\u00e9 sportive\",\"publisher\":{\"@id\":\"https:\/\/dicodusport.fr\/blog\/#organization\"},\"potentialAction\":[{\"@type\":\"SearchAction\",\"target\":{\"@type\":\"EntryPoint\",\"urlTemplate\":\"https:\/\/dicodusport.fr\/blog\/?s={search_term_string}\"},\"query-input\":{\"@type\":\"PropertyValueSpecification\",\"valueRequired\":true,\"valueName\":\"search_term_string\"}}],\"inLanguage\":\"fr-FR\"},{\"@type\":\"NewsMediaOrganization\",\"@id\":\"https:\/\/dicodusport.fr\/blog\/#organization\",\"name\":\"Dicodusport\",\"url\":\"https:\/\/dicodusport.fr\/blog\/\",\"logo\":{\"@type\":\"ImageObject\",\"inLanguage\":\"fr-FR\",\"@id\":\"https:\/\/dicodusport.fr\/blog\/#\/schema\/logo\/image\/\",\"url\":\"https:\/\/dicodusport.fr\/blog\/wp-content\/uploads\/2020\/06\/cropped-LOGO-DICODUSPORT-2020-SANS-FOND-SANS-TEXTE.png\",\"contentUrl\":\"https:\/\/dicodusport.fr\/blog\/wp-content\/uploads\/2020\/06\/cropped-LOGO-DICODUSPORT-2020-SANS-FOND-SANS-TEXTE.png\",\"width\":512,\"height\":512,\"caption\":\"Dicodusport\"},\"image\":{\"@id\":\"https:\/\/dicodusport.fr\/blog\/#\/schema\/logo\/image\/\"},\"sameAs\":[\"https:\/\/www.facebook.com\/dicodusport\",\"https:\/\/x.com\/dicodusport\",\"https:\/\/www.instagram.com\/dicodusport\/\",\"https:\/\/www.youtube.com\/channel\/UC7V2KZ5sd3htJivAbA4ZG3w\"],\"description\":\"Dicodusport est l'encyclop\u00e9die de l'actualit\u00e9 sportive.\",\"email\":\"bonjour@dicodusport.fr\",\"legalName\":\"DICODUSPORT\",\"foundingDate\":\"2018-01-14\",\"vatID\":\"FR71834470973\",\"taxID\":\"83447097300043\",\"numberOfEmployees\":{\"@type\":\"QuantitativeValue\",\"minValue\":\"1\",\"maxValue\":\"10\"}},{\"@type\":\"Person\",\"@id\":\"https:\/\/dicodusport.fr\/blog\/#\/schema\/person\/37def232098a7a5cbab3974a3690abb0\",\"name\":\"Maxime Cazenave\",\"image\":{\"@type\":\"ImageObject\",\"inLanguage\":\"fr-FR\",\"@id\":\"https:\/\/dicodusport.fr\/blog\/#\/schema\/person\/image\/\",\"url\":\"https:\/\/dicodusport.fr\/blog\/wp-content\/uploads\/2021\/05\/Maxime-Cazenave-150x150.jpg\",\"contentUrl\":\"https:\/\/dicodusport.fr\/blog\/wp-content\/uploads\/2021\/05\/Maxime-Cazenave-150x150.jpg\",\"caption\":\"Maxime Cazenave\"},\"description\":\"Journaliste\/R\u00e9dacteur depuis 2012 - Berc\u00e9 par l\u2019amour des Girondins de Bordeaux, les \u00e9checs de Christophe Moreau sur le Tour de France sous l'\u00e8re Lance Armstrong et le fade-away l\u00e9tal de Dirk Nowitzki, ma passion d\u00e9vorante pour le sport a toujours \u00e9t\u00e9 un pan incontournable de ma vie. Transmettre ma passion \u00e0 l\u2019\u00e9crit a \u00e9t\u00e9 une transition naturelle. Suiveur assidu de basket et de hockey sur glace, je garde toujours un peu de place pour suivre le cyclisme, le football et le maximum de performances fran\u00e7aises.\",\"sameAs\":[\"https:\/\/x.com\/https:\/\/twitter.com\/Maxime_Caze\"],\"url\":\"https:\/\/dicodusport.fr\/blog\/author\/maximec\/\"}]}<\/script>\n<!-- \/ Yoast SEO Premium plugin. -->","yoast_head_json":{"title":"Mikaela Shiffrin \u00e9crase le slalom de Spindleruv Mlyn et rafle d\u00e9j\u00e0 le petit globe de la sp\u00e9cialit\u00e9","description":"COUPE DU MONDE DE SKI ALPIN 2025\/2026 - En d\u00e9crochant son 7\u00e8me slalom de l'hiver \u00e0 Spindleruv Mlyn, Mikaela Shiffrin s'est assur\u00e9e le petit globe de la sp\u00e9cialit\u00e9.","robots":{"index":"index","follow":"follow","max-snippet":"max-snippet:-1","max-image-preview":"max-image-preview:large","max-video-preview":"max-video-preview:-1"},"canonical":"https:\/\/dicodusport.fr\/blog\/mikaela-shiffrin-ecrase-le-slalom-de-spindleruv-mlyn-et-rafle-deja-le-petit-globe-de-la-specialite\/","og_locale":"fr_FR","og_type":"article","og_title":"Mikaela Shiffrin \u00e9crase le slalom de Spindleruv Mlyn et rafle d\u00e9j\u00e0 le petit globe de la sp\u00e9cialit\u00e9","og_description":"COUPE DU MONDE DE SKI ALPIN 2025\/2026 - En d\u00e9crochant son 7\u00e8me slalom de l'hiver \u00e0 Spindleruv Mlyn, Mikaela Shiffrin s'est assur\u00e9e le petit globe de la sp\u00e9cialit\u00e9.","og_url":"https:\/\/dicodusport.fr\/blog\/mikaela-shiffrin-ecrase-le-slalom-de-spindleruv-mlyn-et-rafle-deja-le-petit-globe-de-la-specialite\/","og_site_name":"Dicodusport","article_publisher":"https:\/\/www.facebook.com\/dicodusport","article_published_time":"2026-01-25T12:09:45+00:00","article_modified_time":"2026-01-25T13:11:51+00:00","og_image":[{"width":1200,"height":674,"url":"https:\/\/dicodusport.fr\/blog\/wp-content\/uploads\/2026\/01\/Mikaela-Shiffrin-ecrase-le-slalom-de-Spindleruv-Mlyn-et-rafle-deja-le-petit-globe-de-la-specialite-1.png","type":"image\/png"}],"author":"Maxime Cazenave","twitter_card":"summary_large_image","twitter_title":"Mikaela Shiffrin \u00e9crase le slalom de Spindleruv Mlyn et rafle d\u00e9j\u00e0 le petit globe de la sp\u00e9cialit\u00e9","twitter_creator":"@https:\/\/twitter.com\/Maxime_Caze","twitter_site":"@dicodusport","schema":{"@context":"https:\/\/schema.org","@graph":[{"@type":"NewsArticle","@id":"https:\/\/dicodusport.fr\/blog\/mikaela-shiffrin-ecrase-le-slalom-de-spindleruv-mlyn-et-rafle-deja-le-petit-globe-de-la-specialite\/#article","isPartOf":{"@id":"https:\/\/dicodusport.fr\/blog\/mikaela-shiffrin-ecrase-le-slalom-de-spindleruv-mlyn-et-rafle-deja-le-petit-globe-de-la-specialite\/"},"author":{"name":"Maxime Cazenave","@id":"https:\/\/dicodusport.fr\/blog\/#\/schema\/person\/37def232098a7a5cbab3974a3690abb0"},"headline":"Mikaela Shiffrin \u00e9crase le slalom de Spindleruv Mlyn et rafle d\u00e9j\u00e0 le petit globe de la sp\u00e9cialit\u00e9","datePublished":"2026-01-25T12:09:45+00:00","dateModified":"2026-01-25T13:11:51+00:00","mainEntityOfPage":{"@id":"https:\/\/dicodusport.fr\/blog\/mikaela-shiffrin-ecrase-le-slalom-de-spindleruv-mlyn-et-rafle-deja-le-petit-globe-de-la-specialite\/"},"wordCount":701,"commentCount":0,"publisher":{"@id":"https:\/\/dicodusport.fr\/blog\/#organization"},"image":{"@id":"https:\/\/dicodusport.fr\/blog\/mikaela-shiffrin-ecrase-le-slalom-de-spindleruv-mlyn-et-rafle-deja-le-petit-globe-de-la-specialite\/#primaryimage"},"thumbnailUrl":"https:\/\/dicodusport.fr\/blog\/wp-content\/uploads\/2026\/01\/Mikaela-Shiffrin-ecrase-le-slalom-de-Spindleruv-Mlyn-et-rafle-deja-le-petit-globe-de-la-specialite-1.png","keywords":["br\u00e8ve","Coupe du monde de ski alpin","Mikaela Shiffrin","Ski alpin","sport"],"articleSection":["Coupe du monde de ski alpin"],"inLanguage":"fr-FR","potentialAction":[{"@type":"CommentAction","name":"Comment","target":["https:\/\/dicodusport.fr\/blog\/mikaela-shiffrin-ecrase-le-slalom-de-spindleruv-mlyn-et-rafle-deja-le-petit-globe-de-la-specialite\/#respond"]}],"copyrightYear":"2026","copyrightHolder":{"@id":"https:\/\/dicodusport.fr\/blog\/#organization"}},{"@type":"WebPage","@id":"https:\/\/dicodusport.fr\/blog\/mikaela-shiffrin-ecrase-le-slalom-de-spindleruv-mlyn-et-rafle-deja-le-petit-globe-de-la-specialite\/","url":"https:\/\/dicodusport.fr\/blog\/mikaela-shiffrin-ecrase-le-slalom-de-spindleruv-mlyn-et-rafle-deja-le-petit-globe-de-la-specialite\/","name":"Mikaela Shiffrin \u00e9crase le slalom de Spindleruv Mlyn et rafle d\u00e9j\u00e0 le petit globe de la sp\u00e9cialit\u00e9","isPartOf":{"@id":"https:\/\/dicodusport.fr\/blog\/#website"},"primaryImageOfPage":{"@id":"https:\/\/dicodusport.fr\/blog\/mikaela-shiffrin-ecrase-le-slalom-de-spindleruv-mlyn-et-rafle-deja-le-petit-globe-de-la-specialite\/#primaryimage"},"image":{"@id":"https:\/\/dicodusport.fr\/blog\/mikaela-shiffrin-ecrase-le-slalom-de-spindleruv-mlyn-et-rafle-deja-le-petit-globe-de-la-specialite\/#primaryimage"},"thumbnailUrl":"https:\/\/dicodusport.fr\/blog\/wp-content\/uploads\/2026\/01\/Mikaela-Shiffrin-ecrase-le-slalom-de-Spindleruv-Mlyn-et-rafle-deja-le-petit-globe-de-la-specialite-1.png","datePublished":"2026-01-25T12:09:45+00:00","dateModified":"2026-01-25T13:11:51+00:00","description":"COUPE DU MONDE DE SKI ALPIN 2025\/2026 - En d\u00e9crochant son 7\u00e8me slalom de l'hiver \u00e0 Spindleruv Mlyn, Mikaela Shiffrin s'est assur\u00e9e le petit globe de la sp\u00e9cialit\u00e9.","breadcrumb":{"@id":"https:\/\/dicodusport.fr\/blog\/mikaela-shiffrin-ecrase-le-slalom-de-spindleruv-mlyn-et-rafle-deja-le-petit-globe-de-la-specialite\/#breadcrumb"},"inLanguage":"fr-FR","potentialAction":[{"@type":"ReadAction","target":["https:\/\/dicodusport.fr\/blog\/mikaela-shiffrin-ecrase-le-slalom-de-spindleruv-mlyn-et-rafle-deja-le-petit-globe-de-la-specialite\/"]}]},{"@type":"ImageObject","inLanguage":"fr-FR","@id":"https:\/\/dicodusport.fr\/blog\/mikaela-shiffrin-ecrase-le-slalom-de-spindleruv-mlyn-et-rafle-deja-le-petit-globe-de-la-specialite\/#primaryimage","url":"https:\/\/dicodusport.fr\/blog\/wp-content\/uploads\/2026\/01\/Mikaela-Shiffrin-ecrase-le-slalom-de-Spindleruv-Mlyn-et-rafle-deja-le-petit-globe-de-la-specialite-1.png","contentUrl":"https:\/\/dicodusport.fr\/blog\/wp-content\/uploads\/2026\/01\/Mikaela-Shiffrin-ecrase-le-slalom-de-Spindleruv-Mlyn-et-rafle-deja-le-petit-globe-de-la-specialite-1.png","width":1200,"height":674,"caption":"Mikaela Shiffrin \u00e9crase le slalom de Spindleruv Mlyn et rafle d\u00e9j\u00e0 le petit globe de la sp\u00e9cialit\u00e9"},{"@type":"BreadcrumbList","@id":"https:\/\/dicodusport.fr\/blog\/mikaela-shiffrin-ecrase-le-slalom-de-spindleruv-mlyn-et-rafle-deja-le-petit-globe-de-la-specialite\/#breadcrumb","itemListElement":[{"@type":"ListItem","position":1,"name":"Accueil","item":"https:\/\/dicodusport.fr\/blog\/"},{"@type":"ListItem","position":2,"name":"Mikaela Shiffrin \u00e9crase le slalom de Spindleruv Mlyn et rafle d\u00e9j\u00e0 le petit globe de la sp\u00e9cialit\u00e9"}]},{"@type":"WebSite","@id":"https:\/\/dicodusport.fr\/blog\/#website","url":"https:\/\/dicodusport.fr\/blog\/","name":"Dicodusport","description":"L&#039;encyclop\u00e9die de l&#039;actualit\u00e9 sportive","publisher":{"@id":"https:\/\/dicodusport.fr\/blog\/#organization"},"potentialAction":[{"@type":"SearchAction","target":{"@type":"EntryPoint","urlTemplate":"https:\/\/dicodusport.fr\/blog\/?s={search_term_string}"},"query-input":{"@type":"PropertyValueSpecification","valueRequired":true,"valueName":"search_term_string"}}],"inLanguage":"fr-FR"},{"@type":"NewsMediaOrganization","@id":"https:\/\/dicodusport.fr\/blog\/#organization","name":"Dicodusport","url":"https:\/\/dicodusport.fr\/blog\/","logo":{"@type":"ImageObject","inLanguage":"fr-FR","@id":"https:\/\/dicodusport.fr\/blog\/#\/schema\/logo\/image\/","url":"https:\/\/dicodusport.fr\/blog\/wp-content\/uploads\/2020\/06\/cropped-LOGO-DICODUSPORT-2020-SANS-FOND-SANS-TEXTE.png","contentUrl":"https:\/\/dicodusport.fr\/blog\/wp-content\/uploads\/2020\/06\/cropped-LOGO-DICODUSPORT-2020-SANS-FOND-SANS-TEXTE.png","width":512,"height":512,"caption":"Dicodusport"},"image":{"@id":"https:\/\/dicodusport.fr\/blog\/#\/schema\/logo\/image\/"},"sameAs":["https:\/\/www.facebook.com\/dicodusport","https:\/\/x.com\/dicodusport","https:\/\/www.instagram.com\/dicodusport\/","https:\/\/www.youtube.com\/channel\/UC7V2KZ5sd3htJivAbA4ZG3w"],"description":"Dicodusport est l'encyclop\u00e9die de l'actualit\u00e9 sportive.","email":"bonjour@dicodusport.fr","legalName":"DICODUSPORT","foundingDate":"2018-01-14","vatID":"FR71834470973","taxID":"83447097300043","numberOfEmployees":{"@type":"QuantitativeValue","minValue":"1","maxValue":"10"}},{"@type":"Person","@id":"https:\/\/dicodusport.fr\/blog\/#\/schema\/person\/37def232098a7a5cbab3974a3690abb0","name":"Maxime Cazenave","image":{"@type":"ImageObject","inLanguage":"fr-FR","@id":"https:\/\/dicodusport.fr\/blog\/#\/schema\/person\/image\/","url":"https:\/\/dicodusport.fr\/blog\/wp-content\/uploads\/2021\/05\/Maxime-Cazenave-150x150.jpg","contentUrl":"https:\/\/dicodusport.fr\/blog\/wp-content\/uploads\/2021\/05\/Maxime-Cazenave-150x150.jpg","caption":"Maxime Cazenave"},"description":"Journaliste\/R\u00e9dacteur depuis 2012 - Berc\u00e9 par l\u2019amour des Girondins de Bordeaux, les \u00e9checs de Christophe Moreau sur le Tour de France sous l'\u00e8re Lance Armstrong et le fade-away l\u00e9tal de Dirk Nowitzki, ma passion d\u00e9vorante pour le sport a toujours \u00e9t\u00e9 un pan incontournable de ma vie. Transmettre ma passion \u00e0 l\u2019\u00e9crit a \u00e9t\u00e9 une transition naturelle. Suiveur assidu de basket et de hockey sur glace, je garde toujours un peu de place pour suivre le cyclisme, le football et le maximum de performances fran\u00e7aises.","sameAs":["https:\/\/x.com\/https:\/\/twitter.com\/Maxime_Caze"],"url":"https:\/\/dicodusport.fr\/blog\/author\/maximec\/"}]}},"_links":{"self":[{"href":"https:\/\/dicodusport.fr\/blog\/wp-json\/wp\/v2\/posts\/641325","targetHints":{"allow":["GET"]}}],"collection":[{"href":"https:\/\/dicodusport.fr\/blog\/wp-json\/wp\/v2\/posts"}],"about":[{"href":"https:\/\/dicodusport.fr\/blog\/wp-json\/wp\/v2\/types\/post"}],"author":[{"embeddable":true,"href":"https:\/\/dicodusport.fr\/blog\/wp-json\/wp\/v2\/users\/55"}],"replies":[{"embeddable":true,"href":"https:\/\/dicodusport.fr\/blog\/wp-json\/wp\/v2\/comments?post=641325"}],"version-history":[{"count":4,"href":"https:\/\/dicodusport.fr\/blog\/wp-json\/wp\/v2\/posts\/641325\/revisions"}],"predecessor-version":[{"id":641369,"href":"https:\/\/dicodusport.fr\/blog\/wp-json\/wp\/v2\/posts\/641325\/revisions\/641369"}],"wp:featuredmedia":[{"embeddable":true,"href":"https:\/\/dicodusport.fr\/blog\/wp-json\/wp\/v2\/media\/641401"}],"wp:attachment":[{"href":"https:\/\/dicodusport.fr\/blog\/wp-json\/wp\/v2\/media?parent=641325"}],"wp:term":[{"taxonomy":"category","embeddable":true,"href":"https:\/\/dicodusport.fr\/blog\/wp-json\/wp\/v2\/categories?post=641325"},{"taxonomy":"post_tag","embeddable":true,"href":"https:\/\/dicodusport.fr\/blog\/wp-json\/wp\/v2\/tags?post=641325"}],"curies":[{"name":"wp","href":"https:\/\/api.w.org\/{rel}","templated":true}]}}