{"id":641327,"date":"2026-01-25T11:44:56","date_gmt":"2026-01-25T10:44:56","guid":{"rendered":"https:\/\/dicodusport.fr\/blog\/?p=641327&#038;preview=true&#038;preview_id=641327"},"modified":"2026-01-25T12:23:33","modified_gmt":"2026-01-25T11:23:33","slug":"encore-un-double-pour-axelle-gachet-mollaret-et-emily-harrop-sur-la-vertical-race-de-comapedrosa","status":"publish","type":"post","link":"https:\/\/dicodusport.fr\/blog\/encore-un-double-pour-axelle-gachet-mollaret-et-emily-harrop-sur-la-vertical-race-de-comapedrosa\/","title":{"rendered":"Encore un doubl\u00e9 pour Axelle Gachet-Mollaret et Emily Harrop sur la vertical race de Comapedrosa"},"content":{"rendered":"<p style=\"text-align: justify;\"><strong><em>COUPE DU MONDE DE SKI ALPINISME 2025\/2026 &#8211; Toujours au-dessus de la m\u00eal\u00e9e, Axelle Gachet-Mollaret et Emily Harrop ont r\u00e9alis\u00e9 un doubl\u00e9 sur la vertical race de Comapedrosa.<\/em><\/strong><\/p>\n<p style=\"text-align: justify;\">Une semaine seulement apr\u00e8s une manche \u00e0 Courchevel parfaitement g\u00e9r\u00e9e, l&rsquo;\u00e9quipe de France de <strong>ski alpinisme<\/strong> prenait la direction de l&rsquo;Andorre pour l&rsquo;avant-derni\u00e8re \u00e9tape avant les Jeux Olympiques, disput\u00e9e \u00e0 <strong>Comapedrosa<\/strong> (Andorre). En attendant le sprint pr\u00e9vu lundi, la deuxi\u00e8me vertical race de l&rsquo;hiver \u00e9tait au programme ce dimanche.<\/p>\n<div class=\"vlp-link-container vlp-layout-article\"><a href=\"https:\/\/dicodusport.fr\/blog\/nouveau-double-francais-a-courchevel-axelle-gachet-mollaret-ecrase-la-vertical-race-devant-emily-harrop\/\" class=\"vlp-link\" title=\"Nouveau doubl\u00e9 Fran\u00e7ais \u00e0 Courchevel : Axelle Gachet-Mollaret \u00e9crase la vertical race devant Emily Harrop\"><\/a><div class=\"vlp-layout-zone-side\"><div class=\"vlp-block-4 vlp-link-image\"><img loading=\"lazy\" decoding=\"async\" style=\"max-width: 792px;\" width=\"792\" height=\"445\" src=\"https:\/\/dicodusport.fr\/blog\/wp-content\/uploads\/2026\/01\/Nouveau-double-Francais-a-Courchevel-Axelle-Gachet-Mollaret-ecrase-la-vertical-race-devant-Emily-Harrop.png\" class=\"attachment-800x445 size-800x445\" alt=\"Nouveau doubl\u00e9 Fran\u00e7ais \u00e0 Courchevel Axelle Gachet-Mollaret \u00e9crase la vertical race devant Emily Harrop\" srcset=\"https:\/\/dicodusport.fr\/blog\/wp-content\/uploads\/2026\/01\/Nouveau-double-Francais-a-Courchevel-Axelle-Gachet-Mollaret-ecrase-la-vertical-race-devant-Emily-Harrop.png 1200w, https:\/\/dicodusport.fr\/blog\/wp-content\/uploads\/2026\/01\/Nouveau-double-Francais-a-Courchevel-Axelle-Gachet-Mollaret-ecrase-la-vertical-race-devant-Emily-Harrop-300x169.png 300w, https:\/\/dicodusport.fr\/blog\/wp-content\/uploads\/2026\/01\/Nouveau-double-Francais-a-Courchevel-Axelle-Gachet-Mollaret-ecrase-la-vertical-race-devant-Emily-Harrop-1024x575.png 1024w, https:\/\/dicodusport.fr\/blog\/wp-content\/uploads\/2026\/01\/Nouveau-double-Francais-a-Courchevel-Axelle-Gachet-Mollaret-ecrase-la-vertical-race-devant-Emily-Harrop-768x431.png 768w\" sizes=\"auto, (max-width: 792px) 100vw, 792px\" \/><\/div><\/div><div class=\"vlp-layout-zone-main\"><div class=\"vlp-block-0 vlp-link-title\">Nouveau doubl\u00e9 Fran\u00e7ais \u00e0 Courchevel : Axelle Gachet-Mollaret \u00e9crase la vertical race devant Emily Harrop<\/div><div class=\"vlp-block-1 vlp-link-summary\">COUPE DU MONDE DE SKI ALPINISME 2025\/2026 - Axelle Gachet-Mollaret a domin\u00e9 la vertical race de Courchevel en s'imposant devant Emily Harrop.<\/div><div class=\"vlp-block-2 vlp-link-button\">Lire l'article<\/div><div class=\"vlp-block-3 vlp-link-url\">dicodusport.fr<\/div><\/div><\/div>\n<h2 style=\"text-align: justify;\">Le nouveau r\u00e9cital d&rsquo;Axelle Gachet-Mollaret<\/h2>\n<p style=\"text-align: justify;\">Et sans surprise, les deux premi\u00e8res marches du podium dans l&rsquo;\u00e9preuve f\u00e9minine ont \u00e9t\u00e9 trust\u00e9es par des grandes habitu\u00e9es. D\u00e9j\u00e0 largement au-dessus de toutes ses rivales la semaine derni\u00e8re, <strong>Axelle Gachet-Mollaret<\/strong> a une nouvelle fois confirm\u00e9 son h\u00e9g\u00e9monie sur la sp\u00e9cialit\u00e9. En bouclant la mont\u00e9e en moins de 32 minutes, elle a coll\u00e9 une pilule en cumulant plus de 55 secondes d&rsquo;avance sur sa premi\u00e8re poursuivante, qui est comme bien souvent la tenante en titre du gros globe de cristal, <strong>Emily Harrop<\/strong>.<\/p>\n<p style=\"text-align: justify;\">La hi\u00e9rarchie habituelle a donc \u00e9t\u00e9 parfaitement respect\u00e9e, d&rsquo;autant plus que Harrop a elle aussi cr\u00e9\u00e9 un gap important (environ 18 secondes) avec la 3\u00e8me du jour, l&rsquo;Autrichienne <strong>Sarah Dreier<\/strong>. Le podium final est donc exactement le m\u00eame qu&rsquo;\u00e0 Courchevel. En prime, encore une fois, <strong>Margot Ravinel<\/strong> doit se contenter de la 4\u00e8me place, \u00e0 pr\u00e8s de 30 secondes de l&rsquo;Autrichienne. \u00c0 noter \u00e9galement les Tops 10 de <strong>C\u00e9lia Perillat-Pessey<\/strong> (6\u00e8me) et <strong>Lucille Germain<\/strong> (9\u00e8me).<\/p>\n<p style=\"text-align: justify;\">Sur la course masculine, le Suisse R\u00e9mi Bonnet s&rsquo;est de nouveau adjug\u00e9 la victoire, mais en disposant d&rsquo;un \u00e9cart anormalement bas. Alors qu&rsquo;il \u00e9crase la plupart des \u00e9preuves, il a cette fois compt\u00e9 moins de dix secondes d&rsquo;avance sur son plus proche poursuivant, <strong>Paul Verbnjak<\/strong>. L&rsquo;Italien <strong>Matteo Sostizzo<\/strong> s&#8217;empare de la 3\u00e8me place, et prive de bo\u00eete<strong> Samuel Equy<\/strong> (4\u00e8me). <strong>Anselme Damevin<\/strong> (9\u00e8me) et <strong>Thibault Anselmet<\/strong> (10\u00e8me) accrochent eux une place en fond de Top 10.<\/p>\n<h3>\u00c0 lire aussi<\/h3>\n<div class=\"vlp-link-container vlp-layout-article\"><a href=\"https:\/\/dicodusport.fr\/blog\/52-athletes-rejoignent-la-delegation-francaise-pour-les-jo-de-milan-cortina-2026\/\" class=\"vlp-link\" title=\"52 athl\u00e8tes rejoignent la d\u00e9l\u00e9gation fran\u00e7aise pour les JO de Milan-Cortina 2026\"><\/a><div class=\"vlp-layout-zone-side\"><div class=\"vlp-block-4 vlp-link-image\"><img loading=\"lazy\" decoding=\"async\" style=\"max-width: 792px;\" width=\"792\" height=\"445\" src=\"https:\/\/dicodusport.fr\/blog\/wp-content\/uploads\/2026\/01\/52-athletes-rejoignent-la-delegation-francaise-pour-les-JO-de-Milan-Cortina-2026.png\" class=\"attachment-800x445 size-800x445\" alt=\"52 athl\u00e8tes rejoignent la d\u00e9l\u00e9gation fran\u00e7aise pour les JO de Milan-Cortina 2026\" srcset=\"https:\/\/dicodusport.fr\/blog\/wp-content\/uploads\/2026\/01\/52-athletes-rejoignent-la-delegation-francaise-pour-les-JO-de-Milan-Cortina-2026.png 1200w, https:\/\/dicodusport.fr\/blog\/wp-content\/uploads\/2026\/01\/52-athletes-rejoignent-la-delegation-francaise-pour-les-JO-de-Milan-Cortina-2026-300x169.png 300w, https:\/\/dicodusport.fr\/blog\/wp-content\/uploads\/2026\/01\/52-athletes-rejoignent-la-delegation-francaise-pour-les-JO-de-Milan-Cortina-2026-1024x575.png 1024w, https:\/\/dicodusport.fr\/blog\/wp-content\/uploads\/2026\/01\/52-athletes-rejoignent-la-delegation-francaise-pour-les-JO-de-Milan-Cortina-2026-768x431.png 768w\" sizes=\"auto, (max-width: 792px) 100vw, 792px\" \/><\/div><\/div><div class=\"vlp-layout-zone-main\"><div class=\"vlp-block-0 vlp-link-title\">52 athl\u00e8tes rejoignent la d\u00e9l\u00e9gation fran\u00e7aise pour les JO de Milan-Cortina 2026<\/div><div class=\"vlp-block-1 vlp-link-summary\">Le CNOSF a confirm\u00e9 la s\u00e9lection de 52 nouveaux athl\u00e8tes pour le grand rendez-vous en Italie.<\/div><div class=\"vlp-block-2 vlp-link-button\">Lire l'article<\/div><div class=\"vlp-block-3 vlp-link-url\">dicodusport.fr<\/div><\/div><\/div>\n<div id=\"gtx-trans\" style=\"position: absolute; left: -14px; top: 40.9091px;\">\n<div class=\"gtx-trans-icon\" style=\"text-align: justify;\"><\/div>\n<\/div>\n","protected":false},"excerpt":{"rendered":"<p>COUPE DU MONDE DE SKI ALPINISME 2025\/2026 &#8211; Toujours au-dessus de la m\u00eal\u00e9e, Axelle Gachet-Mollaret et Emily Harrop ont r\u00e9alis\u00e9 un doubl\u00e9 sur la vertical race de Comapedrosa.<\/p>\n","protected":false},"author":55,"featured_media":641335,"comment_status":"open","ping_status":"closed","sticky":false,"template":"","format":"standard","meta":{"_acf_changed":false,"_daextam_enable_autolinks":"1","footnotes":""},"categories":[45757],"tags":[22883,16878,37201,22884],"class_list":["post-641327","post","type-post","status-publish","format-standard","has-post-thumbnail","hentry","category-ski-alpinisme","tag-axelle-gachet-mollaret","tag-breve","tag-coupe-du-monde-ski-alpinisme","tag-emily-harrop"],"acf":[],"yoast_head":"<!-- This site is optimized with the Yoast SEO Premium plugin v26.7 (Yoast SEO v26.7) - https:\/\/yoast.com\/wordpress\/plugins\/seo\/ -->\n<title>Encore un doubl\u00e9 pour Axelle Gachet-Mollaret et Emily Harrop sur la vertical race de Comapedrosa<\/title>\n<meta name=\"description\" content=\"COUPE DU MONDE DE SKI ALPINISME 2025\/2026 - Toujours au-dessus de la m\u00eal\u00e9e, Axelle Gachet-Mollaret et Emily Harrop ont r\u00e9alis\u00e9 un doubl\u00e9 sur la vertical race de Comapedrosa.\" \/>\n<meta name=\"robots\" content=\"index, follow, max-snippet:-1, max-image-preview:large, max-video-preview:-1\" \/>\n<link rel=\"canonical\" href=\"https:\/\/dicodusport.fr\/blog\/encore-un-double-pour-axelle-gachet-mollaret-et-emily-harrop-sur-la-vertical-race-de-comapedrosa\/\" \/>\n<meta property=\"og:locale\" content=\"fr_FR\" \/>\n<meta property=\"og:type\" content=\"article\" \/>\n<meta property=\"og:title\" content=\"Encore un doubl\u00e9 pour Axelle Gachet-Mollaret et Emily Harrop sur la vertical race de Comapedrosa\" \/>\n<meta property=\"og:description\" content=\"COUPE DU MONDE DE SKI ALPINISME 2025\/2026 - Toujours au-dessus de la m\u00eal\u00e9e, Axelle Gachet-Mollaret et Emily Harrop ont r\u00e9alis\u00e9 un doubl\u00e9 sur la vertical race de Comapedrosa.\" \/>\n<meta property=\"og:url\" content=\"https:\/\/dicodusport.fr\/blog\/encore-un-double-pour-axelle-gachet-mollaret-et-emily-harrop-sur-la-vertical-race-de-comapedrosa\/\" \/>\n<meta property=\"og:site_name\" content=\"Dicodusport\" \/>\n<meta property=\"article:publisher\" content=\"https:\/\/www.facebook.com\/dicodusport\" \/>\n<meta property=\"article:published_time\" content=\"2026-01-25T10:44:56+00:00\" \/>\n<meta property=\"article:modified_time\" content=\"2026-01-25T11:23:33+00:00\" \/>\n<meta property=\"og:image\" content=\"https:\/\/dicodusport.fr\/blog\/wp-content\/uploads\/2026\/01\/Encore-un-double-pour-Axelle-Gachet-Mollaret-et-Emily-Harrop-sur-la-vertical-race-de-Comapedrosa.png\" \/>\n\t<meta property=\"og:image:width\" content=\"1200\" \/>\n\t<meta property=\"og:image:height\" content=\"674\" \/>\n\t<meta property=\"og:image:type\" content=\"image\/png\" \/>\n<meta name=\"author\" content=\"Maxime Cazenave\" \/>\n<meta name=\"twitter:card\" content=\"summary_large_image\" \/>\n<meta name=\"twitter:title\" content=\"Encore un doubl\u00e9 pour Axelle Gachet-Mollaret et Emily Harrop sur la vertical race de Comapedrosa\" \/>\n<meta name=\"twitter:creator\" content=\"@https:\/\/twitter.com\/Maxime_Caze\" \/>\n<meta name=\"twitter:site\" content=\"@dicodusport\" \/>\n<script type=\"application\/ld+json\" class=\"yoast-schema-graph\">{\"@context\":\"https:\/\/schema.org\",\"@graph\":[{\"@type\":\"NewsArticle\",\"@id\":\"https:\/\/dicodusport.fr\/blog\/encore-un-double-pour-axelle-gachet-mollaret-et-emily-harrop-sur-la-vertical-race-de-comapedrosa\/#article\",\"isPartOf\":{\"@id\":\"https:\/\/dicodusport.fr\/blog\/encore-un-double-pour-axelle-gachet-mollaret-et-emily-harrop-sur-la-vertical-race-de-comapedrosa\/\"},\"author\":{\"name\":\"Maxime Cazenave\",\"@id\":\"https:\/\/dicodusport.fr\/blog\/#\/schema\/person\/37def232098a7a5cbab3974a3690abb0\"},\"headline\":\"Encore un doubl\u00e9 pour Axelle Gachet-Mollaret et Emily Harrop sur la vertical race de Comapedrosa\",\"datePublished\":\"2026-01-25T10:44:56+00:00\",\"dateModified\":\"2026-01-25T11:23:33+00:00\",\"mainEntityOfPage\":{\"@id\":\"https:\/\/dicodusport.fr\/blog\/encore-un-double-pour-axelle-gachet-mollaret-et-emily-harrop-sur-la-vertical-race-de-comapedrosa\/\"},\"wordCount\":533,\"commentCount\":0,\"publisher\":{\"@id\":\"https:\/\/dicodusport.fr\/blog\/#organization\"},\"image\":{\"@id\":\"https:\/\/dicodusport.fr\/blog\/encore-un-double-pour-axelle-gachet-mollaret-et-emily-harrop-sur-la-vertical-race-de-comapedrosa\/#primaryimage\"},\"thumbnailUrl\":\"https:\/\/dicodusport.fr\/blog\/wp-content\/uploads\/2026\/01\/Encore-un-double-pour-Axelle-Gachet-Mollaret-et-Emily-Harrop-sur-la-vertical-race-de-Comapedrosa.png\",\"keywords\":[\"Axelle Gachet-Mollaret\",\"br\u00e8ve\",\"Coupe du monde ski alpinisme\",\"Emily Harrop\"],\"articleSection\":[\"Ski alpinisme\"],\"inLanguage\":\"fr-FR\",\"potentialAction\":[{\"@type\":\"CommentAction\",\"name\":\"Comment\",\"target\":[\"https:\/\/dicodusport.fr\/blog\/encore-un-double-pour-axelle-gachet-mollaret-et-emily-harrop-sur-la-vertical-race-de-comapedrosa\/#respond\"]}],\"copyrightYear\":\"2026\",\"copyrightHolder\":{\"@id\":\"https:\/\/dicodusport.fr\/blog\/#organization\"}},{\"@type\":\"WebPage\",\"@id\":\"https:\/\/dicodusport.fr\/blog\/encore-un-double-pour-axelle-gachet-mollaret-et-emily-harrop-sur-la-vertical-race-de-comapedrosa\/\",\"url\":\"https:\/\/dicodusport.fr\/blog\/encore-un-double-pour-axelle-gachet-mollaret-et-emily-harrop-sur-la-vertical-race-de-comapedrosa\/\",\"name\":\"Encore un doubl\u00e9 pour Axelle Gachet-Mollaret et Emily Harrop sur la vertical race de Comapedrosa\",\"isPartOf\":{\"@id\":\"https:\/\/dicodusport.fr\/blog\/#website\"},\"primaryImageOfPage\":{\"@id\":\"https:\/\/dicodusport.fr\/blog\/encore-un-double-pour-axelle-gachet-mollaret-et-emily-harrop-sur-la-vertical-race-de-comapedrosa\/#primaryimage\"},\"image\":{\"@id\":\"https:\/\/dicodusport.fr\/blog\/encore-un-double-pour-axelle-gachet-mollaret-et-emily-harrop-sur-la-vertical-race-de-comapedrosa\/#primaryimage\"},\"thumbnailUrl\":\"https:\/\/dicodusport.fr\/blog\/wp-content\/uploads\/2026\/01\/Encore-un-double-pour-Axelle-Gachet-Mollaret-et-Emily-Harrop-sur-la-vertical-race-de-Comapedrosa.png\",\"datePublished\":\"2026-01-25T10:44:56+00:00\",\"dateModified\":\"2026-01-25T11:23:33+00:00\",\"description\":\"COUPE DU MONDE DE SKI ALPINISME 2025\/2026 - Toujours au-dessus de la m\u00eal\u00e9e, Axelle Gachet-Mollaret et Emily Harrop ont r\u00e9alis\u00e9 un doubl\u00e9 sur la vertical race de Comapedrosa.\",\"breadcrumb\":{\"@id\":\"https:\/\/dicodusport.fr\/blog\/encore-un-double-pour-axelle-gachet-mollaret-et-emily-harrop-sur-la-vertical-race-de-comapedrosa\/#breadcrumb\"},\"inLanguage\":\"fr-FR\",\"potentialAction\":[{\"@type\":\"ReadAction\",\"target\":[\"https:\/\/dicodusport.fr\/blog\/encore-un-double-pour-axelle-gachet-mollaret-et-emily-harrop-sur-la-vertical-race-de-comapedrosa\/\"]}]},{\"@type\":\"ImageObject\",\"inLanguage\":\"fr-FR\",\"@id\":\"https:\/\/dicodusport.fr\/blog\/encore-un-double-pour-axelle-gachet-mollaret-et-emily-harrop-sur-la-vertical-race-de-comapedrosa\/#primaryimage\",\"url\":\"https:\/\/dicodusport.fr\/blog\/wp-content\/uploads\/2026\/01\/Encore-un-double-pour-Axelle-Gachet-Mollaret-et-Emily-Harrop-sur-la-vertical-race-de-Comapedrosa.png\",\"contentUrl\":\"https:\/\/dicodusport.fr\/blog\/wp-content\/uploads\/2026\/01\/Encore-un-double-pour-Axelle-Gachet-Mollaret-et-Emily-Harrop-sur-la-vertical-race-de-Comapedrosa.png\",\"width\":1200,\"height\":674,\"caption\":\"Encore un doubl\u00e9 pour Axelle Gachet-Mollaret et Emily Harrop sur la vertical race de Comapedrosa\"},{\"@type\":\"BreadcrumbList\",\"@id\":\"https:\/\/dicodusport.fr\/blog\/encore-un-double-pour-axelle-gachet-mollaret-et-emily-harrop-sur-la-vertical-race-de-comapedrosa\/#breadcrumb\",\"itemListElement\":[{\"@type\":\"ListItem\",\"position\":1,\"name\":\"Accueil\",\"item\":\"https:\/\/dicodusport.fr\/blog\/\"},{\"@type\":\"ListItem\",\"position\":2,\"name\":\"Encore un doubl\u00e9 pour Axelle Gachet-Mollaret et Emily Harrop sur la vertical race de Comapedrosa\"}]},{\"@type\":\"WebSite\",\"@id\":\"https:\/\/dicodusport.fr\/blog\/#website\",\"url\":\"https:\/\/dicodusport.fr\/blog\/\",\"name\":\"Dicodusport\",\"description\":\"L&#039;encyclop\u00e9die de l&#039;actualit\u00e9 sportive\",\"publisher\":{\"@id\":\"https:\/\/dicodusport.fr\/blog\/#organization\"},\"potentialAction\":[{\"@type\":\"SearchAction\",\"target\":{\"@type\":\"EntryPoint\",\"urlTemplate\":\"https:\/\/dicodusport.fr\/blog\/?s={search_term_string}\"},\"query-input\":{\"@type\":\"PropertyValueSpecification\",\"valueRequired\":true,\"valueName\":\"search_term_string\"}}],\"inLanguage\":\"fr-FR\"},{\"@type\":\"NewsMediaOrganization\",\"@id\":\"https:\/\/dicodusport.fr\/blog\/#organization\",\"name\":\"Dicodusport\",\"url\":\"https:\/\/dicodusport.fr\/blog\/\",\"logo\":{\"@type\":\"ImageObject\",\"inLanguage\":\"fr-FR\",\"@id\":\"https:\/\/dicodusport.fr\/blog\/#\/schema\/logo\/image\/\",\"url\":\"https:\/\/dicodusport.fr\/blog\/wp-content\/uploads\/2020\/06\/cropped-LOGO-DICODUSPORT-2020-SANS-FOND-SANS-TEXTE.png\",\"contentUrl\":\"https:\/\/dicodusport.fr\/blog\/wp-content\/uploads\/2020\/06\/cropped-LOGO-DICODUSPORT-2020-SANS-FOND-SANS-TEXTE.png\",\"width\":512,\"height\":512,\"caption\":\"Dicodusport\"},\"image\":{\"@id\":\"https:\/\/dicodusport.fr\/blog\/#\/schema\/logo\/image\/\"},\"sameAs\":[\"https:\/\/www.facebook.com\/dicodusport\",\"https:\/\/x.com\/dicodusport\",\"https:\/\/www.instagram.com\/dicodusport\/\",\"https:\/\/www.youtube.com\/channel\/UC7V2KZ5sd3htJivAbA4ZG3w\"],\"description\":\"Dicodusport est l'encyclop\u00e9die de l'actualit\u00e9 sportive.\",\"email\":\"bonjour@dicodusport.fr\",\"legalName\":\"DICODUSPORT\",\"foundingDate\":\"2018-01-14\",\"vatID\":\"FR71834470973\",\"taxID\":\"83447097300043\",\"numberOfEmployees\":{\"@type\":\"QuantitativeValue\",\"minValue\":\"1\",\"maxValue\":\"10\"}},{\"@type\":\"Person\",\"@id\":\"https:\/\/dicodusport.fr\/blog\/#\/schema\/person\/37def232098a7a5cbab3974a3690abb0\",\"name\":\"Maxime Cazenave\",\"image\":{\"@type\":\"ImageObject\",\"inLanguage\":\"fr-FR\",\"@id\":\"https:\/\/dicodusport.fr\/blog\/#\/schema\/person\/image\/\",\"url\":\"https:\/\/dicodusport.fr\/blog\/wp-content\/uploads\/2021\/05\/Maxime-Cazenave-150x150.jpg\",\"contentUrl\":\"https:\/\/dicodusport.fr\/blog\/wp-content\/uploads\/2021\/05\/Maxime-Cazenave-150x150.jpg\",\"caption\":\"Maxime Cazenave\"},\"description\":\"Journaliste\/R\u00e9dacteur depuis 2012 - Berc\u00e9 par l\u2019amour des Girondins de Bordeaux, les \u00e9checs de Christophe Moreau sur le Tour de France sous l'\u00e8re Lance Armstrong et le fade-away l\u00e9tal de Dirk Nowitzki, ma passion d\u00e9vorante pour le sport a toujours \u00e9t\u00e9 un pan incontournable de ma vie. Transmettre ma passion \u00e0 l\u2019\u00e9crit a \u00e9t\u00e9 une transition naturelle. Suiveur assidu de basket et de hockey sur glace, je garde toujours un peu de place pour suivre le cyclisme, le football et le maximum de performances fran\u00e7aises.\",\"sameAs\":[\"https:\/\/x.com\/https:\/\/twitter.com\/Maxime_Caze\"],\"url\":\"https:\/\/dicodusport.fr\/blog\/author\/maximec\/\"}]}<\/script>\n<!-- \/ Yoast SEO Premium plugin. -->","yoast_head_json":{"title":"Encore un doubl\u00e9 pour Axelle Gachet-Mollaret et Emily Harrop sur la vertical race de Comapedrosa","description":"COUPE DU MONDE DE SKI ALPINISME 2025\/2026 - Toujours au-dessus de la m\u00eal\u00e9e, Axelle Gachet-Mollaret et Emily Harrop ont r\u00e9alis\u00e9 un doubl\u00e9 sur la vertical race de Comapedrosa.","robots":{"index":"index","follow":"follow","max-snippet":"max-snippet:-1","max-image-preview":"max-image-preview:large","max-video-preview":"max-video-preview:-1"},"canonical":"https:\/\/dicodusport.fr\/blog\/encore-un-double-pour-axelle-gachet-mollaret-et-emily-harrop-sur-la-vertical-race-de-comapedrosa\/","og_locale":"fr_FR","og_type":"article","og_title":"Encore un doubl\u00e9 pour Axelle Gachet-Mollaret et Emily Harrop sur la vertical race de Comapedrosa","og_description":"COUPE DU MONDE DE SKI ALPINISME 2025\/2026 - Toujours au-dessus de la m\u00eal\u00e9e, Axelle Gachet-Mollaret et Emily Harrop ont r\u00e9alis\u00e9 un doubl\u00e9 sur la vertical race de Comapedrosa.","og_url":"https:\/\/dicodusport.fr\/blog\/encore-un-double-pour-axelle-gachet-mollaret-et-emily-harrop-sur-la-vertical-race-de-comapedrosa\/","og_site_name":"Dicodusport","article_publisher":"https:\/\/www.facebook.com\/dicodusport","article_published_time":"2026-01-25T10:44:56+00:00","article_modified_time":"2026-01-25T11:23:33+00:00","og_image":[{"width":1200,"height":674,"url":"https:\/\/dicodusport.fr\/blog\/wp-content\/uploads\/2026\/01\/Encore-un-double-pour-Axelle-Gachet-Mollaret-et-Emily-Harrop-sur-la-vertical-race-de-Comapedrosa.png","type":"image\/png"}],"author":"Maxime Cazenave","twitter_card":"summary_large_image","twitter_title":"Encore un doubl\u00e9 pour Axelle Gachet-Mollaret et Emily Harrop sur la vertical race de Comapedrosa","twitter_creator":"@https:\/\/twitter.com\/Maxime_Caze","twitter_site":"@dicodusport","schema":{"@context":"https:\/\/schema.org","@graph":[{"@type":"NewsArticle","@id":"https:\/\/dicodusport.fr\/blog\/encore-un-double-pour-axelle-gachet-mollaret-et-emily-harrop-sur-la-vertical-race-de-comapedrosa\/#article","isPartOf":{"@id":"https:\/\/dicodusport.fr\/blog\/encore-un-double-pour-axelle-gachet-mollaret-et-emily-harrop-sur-la-vertical-race-de-comapedrosa\/"},"author":{"name":"Maxime Cazenave","@id":"https:\/\/dicodusport.fr\/blog\/#\/schema\/person\/37def232098a7a5cbab3974a3690abb0"},"headline":"Encore un doubl\u00e9 pour Axelle Gachet-Mollaret et Emily Harrop sur la vertical race de Comapedrosa","datePublished":"2026-01-25T10:44:56+00:00","dateModified":"2026-01-25T11:23:33+00:00","mainEntityOfPage":{"@id":"https:\/\/dicodusport.fr\/blog\/encore-un-double-pour-axelle-gachet-mollaret-et-emily-harrop-sur-la-vertical-race-de-comapedrosa\/"},"wordCount":533,"commentCount":0,"publisher":{"@id":"https:\/\/dicodusport.fr\/blog\/#organization"},"image":{"@id":"https:\/\/dicodusport.fr\/blog\/encore-un-double-pour-axelle-gachet-mollaret-et-emily-harrop-sur-la-vertical-race-de-comapedrosa\/#primaryimage"},"thumbnailUrl":"https:\/\/dicodusport.fr\/blog\/wp-content\/uploads\/2026\/01\/Encore-un-double-pour-Axelle-Gachet-Mollaret-et-Emily-Harrop-sur-la-vertical-race-de-Comapedrosa.png","keywords":["Axelle Gachet-Mollaret","br\u00e8ve","Coupe du monde ski alpinisme","Emily Harrop"],"articleSection":["Ski alpinisme"],"inLanguage":"fr-FR","potentialAction":[{"@type":"CommentAction","name":"Comment","target":["https:\/\/dicodusport.fr\/blog\/encore-un-double-pour-axelle-gachet-mollaret-et-emily-harrop-sur-la-vertical-race-de-comapedrosa\/#respond"]}],"copyrightYear":"2026","copyrightHolder":{"@id":"https:\/\/dicodusport.fr\/blog\/#organization"}},{"@type":"WebPage","@id":"https:\/\/dicodusport.fr\/blog\/encore-un-double-pour-axelle-gachet-mollaret-et-emily-harrop-sur-la-vertical-race-de-comapedrosa\/","url":"https:\/\/dicodusport.fr\/blog\/encore-un-double-pour-axelle-gachet-mollaret-et-emily-harrop-sur-la-vertical-race-de-comapedrosa\/","name":"Encore un doubl\u00e9 pour Axelle Gachet-Mollaret et Emily Harrop sur la vertical race de Comapedrosa","isPartOf":{"@id":"https:\/\/dicodusport.fr\/blog\/#website"},"primaryImageOfPage":{"@id":"https:\/\/dicodusport.fr\/blog\/encore-un-double-pour-axelle-gachet-mollaret-et-emily-harrop-sur-la-vertical-race-de-comapedrosa\/#primaryimage"},"image":{"@id":"https:\/\/dicodusport.fr\/blog\/encore-un-double-pour-axelle-gachet-mollaret-et-emily-harrop-sur-la-vertical-race-de-comapedrosa\/#primaryimage"},"thumbnailUrl":"https:\/\/dicodusport.fr\/blog\/wp-content\/uploads\/2026\/01\/Encore-un-double-pour-Axelle-Gachet-Mollaret-et-Emily-Harrop-sur-la-vertical-race-de-Comapedrosa.png","datePublished":"2026-01-25T10:44:56+00:00","dateModified":"2026-01-25T11:23:33+00:00","description":"COUPE DU MONDE DE SKI ALPINISME 2025\/2026 - Toujours au-dessus de la m\u00eal\u00e9e, Axelle Gachet-Mollaret et Emily Harrop ont r\u00e9alis\u00e9 un doubl\u00e9 sur la vertical race de Comapedrosa.","breadcrumb":{"@id":"https:\/\/dicodusport.fr\/blog\/encore-un-double-pour-axelle-gachet-mollaret-et-emily-harrop-sur-la-vertical-race-de-comapedrosa\/#breadcrumb"},"inLanguage":"fr-FR","potentialAction":[{"@type":"ReadAction","target":["https:\/\/dicodusport.fr\/blog\/encore-un-double-pour-axelle-gachet-mollaret-et-emily-harrop-sur-la-vertical-race-de-comapedrosa\/"]}]},{"@type":"ImageObject","inLanguage":"fr-FR","@id":"https:\/\/dicodusport.fr\/blog\/encore-un-double-pour-axelle-gachet-mollaret-et-emily-harrop-sur-la-vertical-race-de-comapedrosa\/#primaryimage","url":"https:\/\/dicodusport.fr\/blog\/wp-content\/uploads\/2026\/01\/Encore-un-double-pour-Axelle-Gachet-Mollaret-et-Emily-Harrop-sur-la-vertical-race-de-Comapedrosa.png","contentUrl":"https:\/\/dicodusport.fr\/blog\/wp-content\/uploads\/2026\/01\/Encore-un-double-pour-Axelle-Gachet-Mollaret-et-Emily-Harrop-sur-la-vertical-race-de-Comapedrosa.png","width":1200,"height":674,"caption":"Encore un doubl\u00e9 pour Axelle Gachet-Mollaret et Emily Harrop sur la vertical race de Comapedrosa"},{"@type":"BreadcrumbList","@id":"https:\/\/dicodusport.fr\/blog\/encore-un-double-pour-axelle-gachet-mollaret-et-emily-harrop-sur-la-vertical-race-de-comapedrosa\/#breadcrumb","itemListElement":[{"@type":"ListItem","position":1,"name":"Accueil","item":"https:\/\/dicodusport.fr\/blog\/"},{"@type":"ListItem","position":2,"name":"Encore un doubl\u00e9 pour Axelle Gachet-Mollaret et Emily Harrop sur la vertical race de Comapedrosa"}]},{"@type":"WebSite","@id":"https:\/\/dicodusport.fr\/blog\/#website","url":"https:\/\/dicodusport.fr\/blog\/","name":"Dicodusport","description":"L&#039;encyclop\u00e9die de l&#039;actualit\u00e9 sportive","publisher":{"@id":"https:\/\/dicodusport.fr\/blog\/#organization"},"potentialAction":[{"@type":"SearchAction","target":{"@type":"EntryPoint","urlTemplate":"https:\/\/dicodusport.fr\/blog\/?s={search_term_string}"},"query-input":{"@type":"PropertyValueSpecification","valueRequired":true,"valueName":"search_term_string"}}],"inLanguage":"fr-FR"},{"@type":"NewsMediaOrganization","@id":"https:\/\/dicodusport.fr\/blog\/#organization","name":"Dicodusport","url":"https:\/\/dicodusport.fr\/blog\/","logo":{"@type":"ImageObject","inLanguage":"fr-FR","@id":"https:\/\/dicodusport.fr\/blog\/#\/schema\/logo\/image\/","url":"https:\/\/dicodusport.fr\/blog\/wp-content\/uploads\/2020\/06\/cropped-LOGO-DICODUSPORT-2020-SANS-FOND-SANS-TEXTE.png","contentUrl":"https:\/\/dicodusport.fr\/blog\/wp-content\/uploads\/2020\/06\/cropped-LOGO-DICODUSPORT-2020-SANS-FOND-SANS-TEXTE.png","width":512,"height":512,"caption":"Dicodusport"},"image":{"@id":"https:\/\/dicodusport.fr\/blog\/#\/schema\/logo\/image\/"},"sameAs":["https:\/\/www.facebook.com\/dicodusport","https:\/\/x.com\/dicodusport","https:\/\/www.instagram.com\/dicodusport\/","https:\/\/www.youtube.com\/channel\/UC7V2KZ5sd3htJivAbA4ZG3w"],"description":"Dicodusport est l'encyclop\u00e9die de l'actualit\u00e9 sportive.","email":"bonjour@dicodusport.fr","legalName":"DICODUSPORT","foundingDate":"2018-01-14","vatID":"FR71834470973","taxID":"83447097300043","numberOfEmployees":{"@type":"QuantitativeValue","minValue":"1","maxValue":"10"}},{"@type":"Person","@id":"https:\/\/dicodusport.fr\/blog\/#\/schema\/person\/37def232098a7a5cbab3974a3690abb0","name":"Maxime Cazenave","image":{"@type":"ImageObject","inLanguage":"fr-FR","@id":"https:\/\/dicodusport.fr\/blog\/#\/schema\/person\/image\/","url":"https:\/\/dicodusport.fr\/blog\/wp-content\/uploads\/2021\/05\/Maxime-Cazenave-150x150.jpg","contentUrl":"https:\/\/dicodusport.fr\/blog\/wp-content\/uploads\/2021\/05\/Maxime-Cazenave-150x150.jpg","caption":"Maxime Cazenave"},"description":"Journaliste\/R\u00e9dacteur depuis 2012 - Berc\u00e9 par l\u2019amour des Girondins de Bordeaux, les \u00e9checs de Christophe Moreau sur le Tour de France sous l'\u00e8re Lance Armstrong et le fade-away l\u00e9tal de Dirk Nowitzki, ma passion d\u00e9vorante pour le sport a toujours \u00e9t\u00e9 un pan incontournable de ma vie. Transmettre ma passion \u00e0 l\u2019\u00e9crit a \u00e9t\u00e9 une transition naturelle. Suiveur assidu de basket et de hockey sur glace, je garde toujours un peu de place pour suivre le cyclisme, le football et le maximum de performances fran\u00e7aises.","sameAs":["https:\/\/x.com\/https:\/\/twitter.com\/Maxime_Caze"],"url":"https:\/\/dicodusport.fr\/blog\/author\/maximec\/"}]}},"_links":{"self":[{"href":"https:\/\/dicodusport.fr\/blog\/wp-json\/wp\/v2\/posts\/641327","targetHints":{"allow":["GET"]}}],"collection":[{"href":"https:\/\/dicodusport.fr\/blog\/wp-json\/wp\/v2\/posts"}],"about":[{"href":"https:\/\/dicodusport.fr\/blog\/wp-json\/wp\/v2\/types\/post"}],"author":[{"embeddable":true,"href":"https:\/\/dicodusport.fr\/blog\/wp-json\/wp\/v2\/users\/55"}],"replies":[{"embeddable":true,"href":"https:\/\/dicodusport.fr\/blog\/wp-json\/wp\/v2\/comments?post=641327"}],"version-history":[{"count":4,"href":"https:\/\/dicodusport.fr\/blog\/wp-json\/wp\/v2\/posts\/641327\/revisions"}],"predecessor-version":[{"id":641350,"href":"https:\/\/dicodusport.fr\/blog\/wp-json\/wp\/v2\/posts\/641327\/revisions\/641350"}],"wp:featuredmedia":[{"embeddable":true,"href":"https:\/\/dicodusport.fr\/blog\/wp-json\/wp\/v2\/media\/641335"}],"wp:attachment":[{"href":"https:\/\/dicodusport.fr\/blog\/wp-json\/wp\/v2\/media?parent=641327"}],"wp:term":[{"taxonomy":"category","embeddable":true,"href":"https:\/\/dicodusport.fr\/blog\/wp-json\/wp\/v2\/categories?post=641327"},{"taxonomy":"post_tag","embeddable":true,"href":"https:\/\/dicodusport.fr\/blog\/wp-json\/wp\/v2\/tags?post=641327"}],"curies":[{"name":"wp","href":"https:\/\/api.w.org\/{rel}","templated":true}]}}