{"id":641690,"date":"2026-01-26T10:44:59","date_gmt":"2026-01-26T09:44:59","guid":{"rendered":"https:\/\/dicodusport.fr\/blog\/?p=641690&#038;preview=true&#038;preview_id=641690"},"modified":"2026-01-26T11:56:39","modified_gmt":"2026-01-26T10:56:39","slug":"le-all-black-dalton-papalii-en-top-14-un-club-francais-suit-de-pres-le-troisieme-ligne-neo-zelandais","status":"publish","type":"post","link":"https:\/\/dicodusport.fr\/blog\/le-all-black-dalton-papalii-en-top-14-un-club-francais-suit-de-pres-le-troisieme-ligne-neo-zelandais\/","title":{"rendered":"Le All Black Dalton Papali&rsquo;i en Top 14 ? Un club fran\u00e7ais suit de pr\u00e8s le troisi\u00e8me ligne n\u00e9o-z\u00e9landais"},"content":{"rendered":"<p style=\"text-align: justify;\"><strong><em>TOP 14 2025\/2026 \u2013 Un club du championnat cherche \u00e0 frapper un gros coup sur le march\u00e9 des transferts en ciblant le solide troisi\u00e8me ligne All Black, Dalton Papali&rsquo;i.<\/em><\/strong><\/p>\n<ul style=\"text-align: justify;\">\n<li style=\"text-align: justify;\"><strong>\u00c0 lire aussi \u2013 <a href=\"https:\/\/dicodusport.fr\/blog\/gregory-patat-et-sil-quittait-bayonne-pour-un-cador-de-pro-d2\/\">Gr\u00e9gory Patat, et s\u2019il quittait Bayonne pour un cador de Pro D2 ?<\/a><\/strong><\/li>\n<\/ul>\n<p style=\"text-align: justify;\">Comme chaque \u00e9t\u00e9, une vague de joueurs de l\u2019h\u00e9misph\u00e8re sud s\u2019appr\u00eate \u00e0 venir renforcer les rangs du <strong>Top 14<\/strong>. Alors que plusieurs \u00e9quipes ont d\u00e9j\u00e0 officialis\u00e9 certaines recrues, comme Clermont avec <a href=\"https:\/\/dicodusport.fr\/blog\/asm-clermont-aj-lam-dit-oui-un-gros-coup-sur-le-marche-des-transferts\/\"><strong>Lam<\/strong><\/a> et <a href=\"https:\/\/dicodusport.fr\/blog\/darcy-swain-en-france-la-saison-prochaine-laustralien-est-proche-dune-grosse-ecurie-du-top-14\/\"><strong>Swain<\/strong><\/a>, d\u2019autres continuent de prospecter en ciblant des profils de premier plan.<\/p>\n<h2 style=\"text-align: justify;\">Castres prend la temp\u00e9rature pour Dalton Papali&rsquo;i<\/h2>\n<p style=\"text-align: justify;\">C\u2019est notamment le cas du <a href=\"https:\/\/dicodusport.fr\/blog\/transferts-castres-2026-arrivees-departs-et-prolongations\/\"><strong>Castres Olympique<\/strong><\/a>. En effet, selon le <a href=\"https:\/\/www.rugbyrama.fr\/midi-olympique\/\"><em>Midi Olympique<\/em><\/a>, le CO se serait r\u00e9cemment renseign\u00e9 sur l\u2019international n\u00e9o-z\u00e9landais <strong>Dalton Papali&rsquo;i<\/strong>. En pleine force de l\u2019\u00e2ge, du haut de ses 28 ans, le natif d\u2019Auckland est, depuis pr\u00e8s d\u2019une d\u00e9cennie, l\u2019une des r\u00e9f\u00e9rences \u00e0 son poste en troisi\u00e8me ligne.<\/p>\n<ul style=\"text-align: justify;\">\n<li style=\"text-align: justify;\"><strong>\u00c0 lire aussi \u2013 <a href=\"https:\/\/dicodusport.fr\/blog\/braydon-ennor-en-france-un-club-de-top-14-tout-proche-de-signer-le-neo-zelandais\/\">Braydon Ennor en France ? Un club de Top 14 tout proche de signer le N\u00e9o-Z\u00e9landais<\/a><\/strong><\/li>\n<\/ul>\n<p style=\"text-align: justify;\">Indissociable de la franchise des <strong>Bulls<\/strong>, dont il porte le maillot depuis quasiment dix ans, il s\u2019est surtout fait conna\u00eetre sur la sc\u00e8ne internationale en devenant un habitu\u00e9 des <strong>All Blacks<\/strong>. Il a ainsi port\u00e9 le maillot n\u00e9o-z\u00e9landais \u00e0 <strong>37 reprises<\/strong>, pour huit essais, et a pris part \u00e0 la Coupe du monde 2023. Moins utilis\u00e9 depuis (cinq matchs), il avait notamment disput\u00e9 l\u2019un des test-matchs face au XV de France l\u2019\u00e9t\u00e9 dernier, avant de participer \u00e0 trois rencontres avec l\u2019\u00e9quipe B des All Blacks en novembre.<\/p>\n<p style=\"text-align: justify;\">Dans les rangs du CO, l\u2019apport d\u2019un tel joueur serait \u00e9videmment pr\u00e9cieux, alors que le d\u00e9part de <strong>Tyler Ardron<\/strong> semble se dessiner. N\u00e9anmoins, le dossier s\u2019annonce complexe, puisque le joueur est <strong>li\u00e9 \u00e0 la f\u00e9d\u00e9ration n\u00e9o-z\u00e9landaise jusqu\u2019en 2027<\/strong>. Affaire \u00e0 suivre\u2026<\/p>\n<h3 style=\"text-align: justify;\">Dicodusport vous conseille<\/h3>\n<div class=\"vlp-link-container vlp-layout-article\"><a href=\"https:\/\/dicodusport.fr\/blog\/jack-willis-et-si-son-avenir-au-stade-toulousain-netait-plus-si-evident\/\" class=\"vlp-link\" title=\"Jack Willis, et si son avenir au Stade Toulousain n\u2019\u00e9tait plus si \u00e9vident ?\"><\/a><div class=\"vlp-layout-zone-side\"><div class=\"vlp-block-4 vlp-link-image\"><img loading=\"lazy\" decoding=\"async\" style=\"max-width: 792px;\" width=\"792\" height=\"445\" src=\"https:\/\/dicodusport.fr\/blog\/wp-content\/uploads\/2026\/01\/Jack-Willis-et-si-son-avenir-au-Stade-Toulousain-netait-plus-si-evident-.png\" class=\"attachment-800x445 size-800x445\" alt=\"Jack Willis, et si son avenir au Stade Toulousain n\u2019\u00e9tait plus si \u00e9vident\" srcset=\"https:\/\/dicodusport.fr\/blog\/wp-content\/uploads\/2026\/01\/Jack-Willis-et-si-son-avenir-au-Stade-Toulousain-netait-plus-si-evident-.png 1200w, https:\/\/dicodusport.fr\/blog\/wp-content\/uploads\/2026\/01\/Jack-Willis-et-si-son-avenir-au-Stade-Toulousain-netait-plus-si-evident--300x169.png 300w, https:\/\/dicodusport.fr\/blog\/wp-content\/uploads\/2026\/01\/Jack-Willis-et-si-son-avenir-au-Stade-Toulousain-netait-plus-si-evident--1024x575.png 1024w, https:\/\/dicodusport.fr\/blog\/wp-content\/uploads\/2026\/01\/Jack-Willis-et-si-son-avenir-au-Stade-Toulousain-netait-plus-si-evident--768x431.png 768w\" sizes=\"auto, (max-width: 792px) 100vw, 792px\" \/><\/div><\/div><div class=\"vlp-layout-zone-main\"><div class=\"vlp-block-0 vlp-link-title\">Jack Willis, et si son avenir au Stade Toulousain n\u2019\u00e9tait plus si \u00e9vident ?<\/div><div class=\"vlp-block-1 vlp-link-summary\">Jack Willis, troisi\u00e8me ligne du Stade Toulousain, voit son avenir international s\u2019assombrir avec l\u2019Angleterre. \u00c9ligible pour l\u2019Irlande, un changement de s\u00e9lection est-il possible ?<\/div><div class=\"vlp-block-2 vlp-link-button\">Lire l'article<\/div><div class=\"vlp-block-3 vlp-link-url\">dicodusport.fr<\/div><\/div><\/div>\n<div id=\"gtx-trans\" style=\"position: absolute; left: -14px; top: 40.9091px;\">\n<div class=\"gtx-trans-icon\" style=\"text-align: justify;\"><\/div>\n<\/div>\n","protected":false},"excerpt":{"rendered":"<p>TOP 14 2025\/2026 &#8211; Un club du championnat cherche \u00e0 frapper un gros coup sur le march\u00e9 des transferts en visant le solide 3\u00e8me ligne All Black, Dalton Papali&rsquo;i.<\/p>\n","protected":false},"author":55,"featured_media":641698,"comment_status":"open","ping_status":"closed","sticky":false,"template":"","format":"standard","meta":{"_acf_changed":false,"_daextam_enable_autolinks":"1","footnotes":""},"categories":[47050],"tags":[16878,3077,4885,111,29105],"class_list":["post-641690","post","type-post","status-publish","format-standard","has-post-thumbnail","hentry","category-top-14","tag-breve","tag-castres","tag-castres-olympique","tag-top-14","tag-transferts-rugby"],"acf":[],"yoast_head":"<!-- This site is optimized with the Yoast SEO Premium plugin v26.7 (Yoast SEO v26.7) - https:\/\/yoast.com\/wordpress\/plugins\/seo\/ -->\n<title>Le All Black Dalton Papali&#039;i en Top 14 ? Un club fran\u00e7ais suit de pr\u00e8s le troisi\u00e8me ligne n\u00e9o-z\u00e9landais<\/title>\n<meta name=\"description\" content=\"TOP 14 2025\/2026 - Un club du championnat cherche \u00e0 frapper un gros coup sur le march\u00e9 des transferts en visant le solide 3\u00e8me ligne All Black, Dalton Papali&#039;i.\" \/>\n<meta name=\"robots\" content=\"index, follow, max-snippet:-1, max-image-preview:large, max-video-preview:-1\" \/>\n<link rel=\"canonical\" href=\"https:\/\/dicodusport.fr\/blog\/le-all-black-dalton-papalii-en-top-14-un-club-francais-suit-de-pres-le-troisieme-ligne-neo-zelandais\/\" \/>\n<meta property=\"og:locale\" content=\"fr_FR\" \/>\n<meta property=\"og:type\" content=\"article\" \/>\n<meta property=\"og:title\" content=\"Le All Black Dalton Papali&#039;i en Top 14 ? Un club fran\u00e7ais suit de pr\u00e8s le troisi\u00e8me ligne n\u00e9o-z\u00e9landais\" \/>\n<meta property=\"og:description\" content=\"TOP 14 2025\/2026 - Un club du championnat cherche \u00e0 frapper un gros coup sur le march\u00e9 des transferts en visant le solide 3\u00e8me ligne All Black, Dalton Papali&#039;i.\" \/>\n<meta property=\"og:url\" content=\"https:\/\/dicodusport.fr\/blog\/le-all-black-dalton-papalii-en-top-14-un-club-francais-suit-de-pres-le-troisieme-ligne-neo-zelandais\/\" \/>\n<meta property=\"og:site_name\" content=\"Dicodusport\" \/>\n<meta property=\"article:publisher\" content=\"https:\/\/www.facebook.com\/dicodusport\" \/>\n<meta property=\"article:published_time\" content=\"2026-01-26T09:44:59+00:00\" \/>\n<meta property=\"article:modified_time\" content=\"2026-01-26T10:56:39+00:00\" \/>\n<meta property=\"og:image\" content=\"https:\/\/dicodusport.fr\/blog\/wp-content\/uploads\/2026\/01\/La-All-Black-Dalton-Papalii-en-Top-14-Un-club-francais-suit-de-pres-le-troisieme-ligne-neo-zelandais.png\" \/>\n\t<meta property=\"og:image:width\" content=\"1200\" \/>\n\t<meta property=\"og:image:height\" content=\"674\" \/>\n\t<meta property=\"og:image:type\" content=\"image\/png\" \/>\n<meta name=\"author\" content=\"Maxime Cazenave\" \/>\n<meta name=\"twitter:card\" content=\"summary_large_image\" \/>\n<meta name=\"twitter:title\" content=\"Le All Black Dalton Papali&#039;i en Top 14 ? Un club fran\u00e7ais suit de pr\u00e8s le troisi\u00e8me ligne n\u00e9o-z\u00e9landais\" \/>\n<meta name=\"twitter:creator\" content=\"@https:\/\/twitter.com\/Maxime_Caze\" \/>\n<meta name=\"twitter:site\" content=\"@dicodusport\" \/>\n<script type=\"application\/ld+json\" class=\"yoast-schema-graph\">{\"@context\":\"https:\/\/schema.org\",\"@graph\":[{\"@type\":\"NewsArticle\",\"@id\":\"https:\/\/dicodusport.fr\/blog\/le-all-black-dalton-papalii-en-top-14-un-club-francais-suit-de-pres-le-troisieme-ligne-neo-zelandais\/#article\",\"isPartOf\":{\"@id\":\"https:\/\/dicodusport.fr\/blog\/le-all-black-dalton-papalii-en-top-14-un-club-francais-suit-de-pres-le-troisieme-ligne-neo-zelandais\/\"},\"author\":{\"name\":\"Maxime Cazenave\",\"@id\":\"https:\/\/dicodusport.fr\/blog\/#\/schema\/person\/37def232098a7a5cbab3974a3690abb0\"},\"headline\":\"Le All Black Dalton Papali&rsquo;i en Top 14 ? Un club fran\u00e7ais suit de pr\u00e8s le troisi\u00e8me ligne n\u00e9o-z\u00e9landais\",\"datePublished\":\"2026-01-26T09:44:59+00:00\",\"dateModified\":\"2026-01-26T10:56:39+00:00\",\"mainEntityOfPage\":{\"@id\":\"https:\/\/dicodusport.fr\/blog\/le-all-black-dalton-papalii-en-top-14-un-club-francais-suit-de-pres-le-troisieme-ligne-neo-zelandais\/\"},\"wordCount\":445,\"commentCount\":0,\"publisher\":{\"@id\":\"https:\/\/dicodusport.fr\/blog\/#organization\"},\"image\":{\"@id\":\"https:\/\/dicodusport.fr\/blog\/le-all-black-dalton-papalii-en-top-14-un-club-francais-suit-de-pres-le-troisieme-ligne-neo-zelandais\/#primaryimage\"},\"thumbnailUrl\":\"https:\/\/dicodusport.fr\/blog\/wp-content\/uploads\/2026\/01\/La-All-Black-Dalton-Papalii-en-Top-14-Un-club-francais-suit-de-pres-le-troisieme-ligne-neo-zelandais.png\",\"keywords\":[\"br\u00e8ve\",\"Castres\",\"Castres Olympique\",\"Top 14\",\"Transferts rugby\"],\"articleSection\":[\"Top 14\"],\"inLanguage\":\"fr-FR\",\"potentialAction\":[{\"@type\":\"CommentAction\",\"name\":\"Comment\",\"target\":[\"https:\/\/dicodusport.fr\/blog\/le-all-black-dalton-papalii-en-top-14-un-club-francais-suit-de-pres-le-troisieme-ligne-neo-zelandais\/#respond\"]}],\"copyrightYear\":\"2026\",\"copyrightHolder\":{\"@id\":\"https:\/\/dicodusport.fr\/blog\/#organization\"}},{\"@type\":\"WebPage\",\"@id\":\"https:\/\/dicodusport.fr\/blog\/le-all-black-dalton-papalii-en-top-14-un-club-francais-suit-de-pres-le-troisieme-ligne-neo-zelandais\/\",\"url\":\"https:\/\/dicodusport.fr\/blog\/le-all-black-dalton-papalii-en-top-14-un-club-francais-suit-de-pres-le-troisieme-ligne-neo-zelandais\/\",\"name\":\"Le All Black Dalton Papali'i en Top 14 ? Un club fran\u00e7ais suit de pr\u00e8s le troisi\u00e8me ligne n\u00e9o-z\u00e9landais\",\"isPartOf\":{\"@id\":\"https:\/\/dicodusport.fr\/blog\/#website\"},\"primaryImageOfPage\":{\"@id\":\"https:\/\/dicodusport.fr\/blog\/le-all-black-dalton-papalii-en-top-14-un-club-francais-suit-de-pres-le-troisieme-ligne-neo-zelandais\/#primaryimage\"},\"image\":{\"@id\":\"https:\/\/dicodusport.fr\/blog\/le-all-black-dalton-papalii-en-top-14-un-club-francais-suit-de-pres-le-troisieme-ligne-neo-zelandais\/#primaryimage\"},\"thumbnailUrl\":\"https:\/\/dicodusport.fr\/blog\/wp-content\/uploads\/2026\/01\/La-All-Black-Dalton-Papalii-en-Top-14-Un-club-francais-suit-de-pres-le-troisieme-ligne-neo-zelandais.png\",\"datePublished\":\"2026-01-26T09:44:59+00:00\",\"dateModified\":\"2026-01-26T10:56:39+00:00\",\"description\":\"TOP 14 2025\/2026 - Un club du championnat cherche \u00e0 frapper un gros coup sur le march\u00e9 des transferts en visant le solide 3\u00e8me ligne All Black, Dalton Papali'i.\",\"breadcrumb\":{\"@id\":\"https:\/\/dicodusport.fr\/blog\/le-all-black-dalton-papalii-en-top-14-un-club-francais-suit-de-pres-le-troisieme-ligne-neo-zelandais\/#breadcrumb\"},\"inLanguage\":\"fr-FR\",\"potentialAction\":[{\"@type\":\"ReadAction\",\"target\":[\"https:\/\/dicodusport.fr\/blog\/le-all-black-dalton-papalii-en-top-14-un-club-francais-suit-de-pres-le-troisieme-ligne-neo-zelandais\/\"]}]},{\"@type\":\"ImageObject\",\"inLanguage\":\"fr-FR\",\"@id\":\"https:\/\/dicodusport.fr\/blog\/le-all-black-dalton-papalii-en-top-14-un-club-francais-suit-de-pres-le-troisieme-ligne-neo-zelandais\/#primaryimage\",\"url\":\"https:\/\/dicodusport.fr\/blog\/wp-content\/uploads\/2026\/01\/La-All-Black-Dalton-Papalii-en-Top-14-Un-club-francais-suit-de-pres-le-troisieme-ligne-neo-zelandais.png\",\"contentUrl\":\"https:\/\/dicodusport.fr\/blog\/wp-content\/uploads\/2026\/01\/La-All-Black-Dalton-Papalii-en-Top-14-Un-club-francais-suit-de-pres-le-troisieme-ligne-neo-zelandais.png\",\"width\":1200,\"height\":674,\"caption\":\"Le All Black Dalton Papali'i en Top 14 ? Un club fran\u00e7ais suit de pr\u00e8s le troisi\u00e8me ligne n\u00e9o-z\u00e9landais\"},{\"@type\":\"BreadcrumbList\",\"@id\":\"https:\/\/dicodusport.fr\/blog\/le-all-black-dalton-papalii-en-top-14-un-club-francais-suit-de-pres-le-troisieme-ligne-neo-zelandais\/#breadcrumb\",\"itemListElement\":[{\"@type\":\"ListItem\",\"position\":1,\"name\":\"Accueil\",\"item\":\"https:\/\/dicodusport.fr\/blog\/\"},{\"@type\":\"ListItem\",\"position\":2,\"name\":\"Le All Black Dalton Papali&rsquo;i en Top 14 ? Un club fran\u00e7ais suit de pr\u00e8s le troisi\u00e8me ligne n\u00e9o-z\u00e9landais\"}]},{\"@type\":\"WebSite\",\"@id\":\"https:\/\/dicodusport.fr\/blog\/#website\",\"url\":\"https:\/\/dicodusport.fr\/blog\/\",\"name\":\"Dicodusport\",\"description\":\"L&#039;encyclop\u00e9die de l&#039;actualit\u00e9 sportive\",\"publisher\":{\"@id\":\"https:\/\/dicodusport.fr\/blog\/#organization\"},\"potentialAction\":[{\"@type\":\"SearchAction\",\"target\":{\"@type\":\"EntryPoint\",\"urlTemplate\":\"https:\/\/dicodusport.fr\/blog\/?s={search_term_string}\"},\"query-input\":{\"@type\":\"PropertyValueSpecification\",\"valueRequired\":true,\"valueName\":\"search_term_string\"}}],\"inLanguage\":\"fr-FR\"},{\"@type\":\"NewsMediaOrganization\",\"@id\":\"https:\/\/dicodusport.fr\/blog\/#organization\",\"name\":\"Dicodusport\",\"url\":\"https:\/\/dicodusport.fr\/blog\/\",\"logo\":{\"@type\":\"ImageObject\",\"inLanguage\":\"fr-FR\",\"@id\":\"https:\/\/dicodusport.fr\/blog\/#\/schema\/logo\/image\/\",\"url\":\"https:\/\/dicodusport.fr\/blog\/wp-content\/uploads\/2020\/06\/cropped-LOGO-DICODUSPORT-2020-SANS-FOND-SANS-TEXTE.png\",\"contentUrl\":\"https:\/\/dicodusport.fr\/blog\/wp-content\/uploads\/2020\/06\/cropped-LOGO-DICODUSPORT-2020-SANS-FOND-SANS-TEXTE.png\",\"width\":512,\"height\":512,\"caption\":\"Dicodusport\"},\"image\":{\"@id\":\"https:\/\/dicodusport.fr\/blog\/#\/schema\/logo\/image\/\"},\"sameAs\":[\"https:\/\/www.facebook.com\/dicodusport\",\"https:\/\/x.com\/dicodusport\",\"https:\/\/www.instagram.com\/dicodusport\/\",\"https:\/\/www.youtube.com\/channel\/UC7V2KZ5sd3htJivAbA4ZG3w\"],\"description\":\"Dicodusport est l'encyclop\u00e9die de l'actualit\u00e9 sportive.\",\"email\":\"bonjour@dicodusport.fr\",\"legalName\":\"DICODUSPORT\",\"foundingDate\":\"2018-01-14\",\"vatID\":\"FR71834470973\",\"taxID\":\"83447097300043\",\"numberOfEmployees\":{\"@type\":\"QuantitativeValue\",\"minValue\":\"1\",\"maxValue\":\"10\"}},{\"@type\":\"Person\",\"@id\":\"https:\/\/dicodusport.fr\/blog\/#\/schema\/person\/37def232098a7a5cbab3974a3690abb0\",\"name\":\"Maxime Cazenave\",\"image\":{\"@type\":\"ImageObject\",\"inLanguage\":\"fr-FR\",\"@id\":\"https:\/\/dicodusport.fr\/blog\/#\/schema\/person\/image\/\",\"url\":\"https:\/\/dicodusport.fr\/blog\/wp-content\/uploads\/2021\/05\/Maxime-Cazenave-150x150.jpg\",\"contentUrl\":\"https:\/\/dicodusport.fr\/blog\/wp-content\/uploads\/2021\/05\/Maxime-Cazenave-150x150.jpg\",\"caption\":\"Maxime Cazenave\"},\"description\":\"Journaliste\/R\u00e9dacteur depuis 2012 - Berc\u00e9 par l\u2019amour des Girondins de Bordeaux, les \u00e9checs de Christophe Moreau sur le Tour de France sous l'\u00e8re Lance Armstrong et le fade-away l\u00e9tal de Dirk Nowitzki, ma passion d\u00e9vorante pour le sport a toujours \u00e9t\u00e9 un pan incontournable de ma vie. Transmettre ma passion \u00e0 l\u2019\u00e9crit a \u00e9t\u00e9 une transition naturelle. Suiveur assidu de basket et de hockey sur glace, je garde toujours un peu de place pour suivre le cyclisme, le football et le maximum de performances fran\u00e7aises.\",\"sameAs\":[\"https:\/\/x.com\/https:\/\/twitter.com\/Maxime_Caze\"],\"url\":\"https:\/\/dicodusport.fr\/blog\/author\/maximec\/\"}]}<\/script>\n<!-- \/ Yoast SEO Premium plugin. -->","yoast_head_json":{"title":"Le All Black Dalton Papali'i en Top 14 ? Un club fran\u00e7ais suit de pr\u00e8s le troisi\u00e8me ligne n\u00e9o-z\u00e9landais","description":"TOP 14 2025\/2026 - Un club du championnat cherche \u00e0 frapper un gros coup sur le march\u00e9 des transferts en visant le solide 3\u00e8me ligne All Black, Dalton Papali'i.","robots":{"index":"index","follow":"follow","max-snippet":"max-snippet:-1","max-image-preview":"max-image-preview:large","max-video-preview":"max-video-preview:-1"},"canonical":"https:\/\/dicodusport.fr\/blog\/le-all-black-dalton-papalii-en-top-14-un-club-francais-suit-de-pres-le-troisieme-ligne-neo-zelandais\/","og_locale":"fr_FR","og_type":"article","og_title":"Le All Black Dalton Papali'i en Top 14 ? Un club fran\u00e7ais suit de pr\u00e8s le troisi\u00e8me ligne n\u00e9o-z\u00e9landais","og_description":"TOP 14 2025\/2026 - Un club du championnat cherche \u00e0 frapper un gros coup sur le march\u00e9 des transferts en visant le solide 3\u00e8me ligne All Black, Dalton Papali'i.","og_url":"https:\/\/dicodusport.fr\/blog\/le-all-black-dalton-papalii-en-top-14-un-club-francais-suit-de-pres-le-troisieme-ligne-neo-zelandais\/","og_site_name":"Dicodusport","article_publisher":"https:\/\/www.facebook.com\/dicodusport","article_published_time":"2026-01-26T09:44:59+00:00","article_modified_time":"2026-01-26T10:56:39+00:00","og_image":[{"width":1200,"height":674,"url":"https:\/\/dicodusport.fr\/blog\/wp-content\/uploads\/2026\/01\/La-All-Black-Dalton-Papalii-en-Top-14-Un-club-francais-suit-de-pres-le-troisieme-ligne-neo-zelandais.png","type":"image\/png"}],"author":"Maxime Cazenave","twitter_card":"summary_large_image","twitter_title":"Le All Black Dalton Papali'i en Top 14 ? Un club fran\u00e7ais suit de pr\u00e8s le troisi\u00e8me ligne n\u00e9o-z\u00e9landais","twitter_creator":"@https:\/\/twitter.com\/Maxime_Caze","twitter_site":"@dicodusport","schema":{"@context":"https:\/\/schema.org","@graph":[{"@type":"NewsArticle","@id":"https:\/\/dicodusport.fr\/blog\/le-all-black-dalton-papalii-en-top-14-un-club-francais-suit-de-pres-le-troisieme-ligne-neo-zelandais\/#article","isPartOf":{"@id":"https:\/\/dicodusport.fr\/blog\/le-all-black-dalton-papalii-en-top-14-un-club-francais-suit-de-pres-le-troisieme-ligne-neo-zelandais\/"},"author":{"name":"Maxime Cazenave","@id":"https:\/\/dicodusport.fr\/blog\/#\/schema\/person\/37def232098a7a5cbab3974a3690abb0"},"headline":"Le All Black Dalton Papali&rsquo;i en Top 14 ? Un club fran\u00e7ais suit de pr\u00e8s le troisi\u00e8me ligne n\u00e9o-z\u00e9landais","datePublished":"2026-01-26T09:44:59+00:00","dateModified":"2026-01-26T10:56:39+00:00","mainEntityOfPage":{"@id":"https:\/\/dicodusport.fr\/blog\/le-all-black-dalton-papalii-en-top-14-un-club-francais-suit-de-pres-le-troisieme-ligne-neo-zelandais\/"},"wordCount":445,"commentCount":0,"publisher":{"@id":"https:\/\/dicodusport.fr\/blog\/#organization"},"image":{"@id":"https:\/\/dicodusport.fr\/blog\/le-all-black-dalton-papalii-en-top-14-un-club-francais-suit-de-pres-le-troisieme-ligne-neo-zelandais\/#primaryimage"},"thumbnailUrl":"https:\/\/dicodusport.fr\/blog\/wp-content\/uploads\/2026\/01\/La-All-Black-Dalton-Papalii-en-Top-14-Un-club-francais-suit-de-pres-le-troisieme-ligne-neo-zelandais.png","keywords":["br\u00e8ve","Castres","Castres Olympique","Top 14","Transferts rugby"],"articleSection":["Top 14"],"inLanguage":"fr-FR","potentialAction":[{"@type":"CommentAction","name":"Comment","target":["https:\/\/dicodusport.fr\/blog\/le-all-black-dalton-papalii-en-top-14-un-club-francais-suit-de-pres-le-troisieme-ligne-neo-zelandais\/#respond"]}],"copyrightYear":"2026","copyrightHolder":{"@id":"https:\/\/dicodusport.fr\/blog\/#organization"}},{"@type":"WebPage","@id":"https:\/\/dicodusport.fr\/blog\/le-all-black-dalton-papalii-en-top-14-un-club-francais-suit-de-pres-le-troisieme-ligne-neo-zelandais\/","url":"https:\/\/dicodusport.fr\/blog\/le-all-black-dalton-papalii-en-top-14-un-club-francais-suit-de-pres-le-troisieme-ligne-neo-zelandais\/","name":"Le All Black Dalton Papali'i en Top 14 ? Un club fran\u00e7ais suit de pr\u00e8s le troisi\u00e8me ligne n\u00e9o-z\u00e9landais","isPartOf":{"@id":"https:\/\/dicodusport.fr\/blog\/#website"},"primaryImageOfPage":{"@id":"https:\/\/dicodusport.fr\/blog\/le-all-black-dalton-papalii-en-top-14-un-club-francais-suit-de-pres-le-troisieme-ligne-neo-zelandais\/#primaryimage"},"image":{"@id":"https:\/\/dicodusport.fr\/blog\/le-all-black-dalton-papalii-en-top-14-un-club-francais-suit-de-pres-le-troisieme-ligne-neo-zelandais\/#primaryimage"},"thumbnailUrl":"https:\/\/dicodusport.fr\/blog\/wp-content\/uploads\/2026\/01\/La-All-Black-Dalton-Papalii-en-Top-14-Un-club-francais-suit-de-pres-le-troisieme-ligne-neo-zelandais.png","datePublished":"2026-01-26T09:44:59+00:00","dateModified":"2026-01-26T10:56:39+00:00","description":"TOP 14 2025\/2026 - Un club du championnat cherche \u00e0 frapper un gros coup sur le march\u00e9 des transferts en visant le solide 3\u00e8me ligne All Black, Dalton Papali'i.","breadcrumb":{"@id":"https:\/\/dicodusport.fr\/blog\/le-all-black-dalton-papalii-en-top-14-un-club-francais-suit-de-pres-le-troisieme-ligne-neo-zelandais\/#breadcrumb"},"inLanguage":"fr-FR","potentialAction":[{"@type":"ReadAction","target":["https:\/\/dicodusport.fr\/blog\/le-all-black-dalton-papalii-en-top-14-un-club-francais-suit-de-pres-le-troisieme-ligne-neo-zelandais\/"]}]},{"@type":"ImageObject","inLanguage":"fr-FR","@id":"https:\/\/dicodusport.fr\/blog\/le-all-black-dalton-papalii-en-top-14-un-club-francais-suit-de-pres-le-troisieme-ligne-neo-zelandais\/#primaryimage","url":"https:\/\/dicodusport.fr\/blog\/wp-content\/uploads\/2026\/01\/La-All-Black-Dalton-Papalii-en-Top-14-Un-club-francais-suit-de-pres-le-troisieme-ligne-neo-zelandais.png","contentUrl":"https:\/\/dicodusport.fr\/blog\/wp-content\/uploads\/2026\/01\/La-All-Black-Dalton-Papalii-en-Top-14-Un-club-francais-suit-de-pres-le-troisieme-ligne-neo-zelandais.png","width":1200,"height":674,"caption":"Le All Black Dalton Papali'i en Top 14 ? Un club fran\u00e7ais suit de pr\u00e8s le troisi\u00e8me ligne n\u00e9o-z\u00e9landais"},{"@type":"BreadcrumbList","@id":"https:\/\/dicodusport.fr\/blog\/le-all-black-dalton-papalii-en-top-14-un-club-francais-suit-de-pres-le-troisieme-ligne-neo-zelandais\/#breadcrumb","itemListElement":[{"@type":"ListItem","position":1,"name":"Accueil","item":"https:\/\/dicodusport.fr\/blog\/"},{"@type":"ListItem","position":2,"name":"Le All Black Dalton Papali&rsquo;i en Top 14 ? Un club fran\u00e7ais suit de pr\u00e8s le troisi\u00e8me ligne n\u00e9o-z\u00e9landais"}]},{"@type":"WebSite","@id":"https:\/\/dicodusport.fr\/blog\/#website","url":"https:\/\/dicodusport.fr\/blog\/","name":"Dicodusport","description":"L&#039;encyclop\u00e9die de l&#039;actualit\u00e9 sportive","publisher":{"@id":"https:\/\/dicodusport.fr\/blog\/#organization"},"potentialAction":[{"@type":"SearchAction","target":{"@type":"EntryPoint","urlTemplate":"https:\/\/dicodusport.fr\/blog\/?s={search_term_string}"},"query-input":{"@type":"PropertyValueSpecification","valueRequired":true,"valueName":"search_term_string"}}],"inLanguage":"fr-FR"},{"@type":"NewsMediaOrganization","@id":"https:\/\/dicodusport.fr\/blog\/#organization","name":"Dicodusport","url":"https:\/\/dicodusport.fr\/blog\/","logo":{"@type":"ImageObject","inLanguage":"fr-FR","@id":"https:\/\/dicodusport.fr\/blog\/#\/schema\/logo\/image\/","url":"https:\/\/dicodusport.fr\/blog\/wp-content\/uploads\/2020\/06\/cropped-LOGO-DICODUSPORT-2020-SANS-FOND-SANS-TEXTE.png","contentUrl":"https:\/\/dicodusport.fr\/blog\/wp-content\/uploads\/2020\/06\/cropped-LOGO-DICODUSPORT-2020-SANS-FOND-SANS-TEXTE.png","width":512,"height":512,"caption":"Dicodusport"},"image":{"@id":"https:\/\/dicodusport.fr\/blog\/#\/schema\/logo\/image\/"},"sameAs":["https:\/\/www.facebook.com\/dicodusport","https:\/\/x.com\/dicodusport","https:\/\/www.instagram.com\/dicodusport\/","https:\/\/www.youtube.com\/channel\/UC7V2KZ5sd3htJivAbA4ZG3w"],"description":"Dicodusport est l'encyclop\u00e9die de l'actualit\u00e9 sportive.","email":"bonjour@dicodusport.fr","legalName":"DICODUSPORT","foundingDate":"2018-01-14","vatID":"FR71834470973","taxID":"83447097300043","numberOfEmployees":{"@type":"QuantitativeValue","minValue":"1","maxValue":"10"}},{"@type":"Person","@id":"https:\/\/dicodusport.fr\/blog\/#\/schema\/person\/37def232098a7a5cbab3974a3690abb0","name":"Maxime Cazenave","image":{"@type":"ImageObject","inLanguage":"fr-FR","@id":"https:\/\/dicodusport.fr\/blog\/#\/schema\/person\/image\/","url":"https:\/\/dicodusport.fr\/blog\/wp-content\/uploads\/2021\/05\/Maxime-Cazenave-150x150.jpg","contentUrl":"https:\/\/dicodusport.fr\/blog\/wp-content\/uploads\/2021\/05\/Maxime-Cazenave-150x150.jpg","caption":"Maxime Cazenave"},"description":"Journaliste\/R\u00e9dacteur depuis 2012 - Berc\u00e9 par l\u2019amour des Girondins de Bordeaux, les \u00e9checs de Christophe Moreau sur le Tour de France sous l'\u00e8re Lance Armstrong et le fade-away l\u00e9tal de Dirk Nowitzki, ma passion d\u00e9vorante pour le sport a toujours \u00e9t\u00e9 un pan incontournable de ma vie. Transmettre ma passion \u00e0 l\u2019\u00e9crit a \u00e9t\u00e9 une transition naturelle. Suiveur assidu de basket et de hockey sur glace, je garde toujours un peu de place pour suivre le cyclisme, le football et le maximum de performances fran\u00e7aises.","sameAs":["https:\/\/x.com\/https:\/\/twitter.com\/Maxime_Caze"],"url":"https:\/\/dicodusport.fr\/blog\/author\/maximec\/"}]}},"_links":{"self":[{"href":"https:\/\/dicodusport.fr\/blog\/wp-json\/wp\/v2\/posts\/641690","targetHints":{"allow":["GET"]}}],"collection":[{"href":"https:\/\/dicodusport.fr\/blog\/wp-json\/wp\/v2\/posts"}],"about":[{"href":"https:\/\/dicodusport.fr\/blog\/wp-json\/wp\/v2\/types\/post"}],"author":[{"embeddable":true,"href":"https:\/\/dicodusport.fr\/blog\/wp-json\/wp\/v2\/users\/55"}],"replies":[{"embeddable":true,"href":"https:\/\/dicodusport.fr\/blog\/wp-json\/wp\/v2\/comments?post=641690"}],"version-history":[{"count":5,"href":"https:\/\/dicodusport.fr\/blog\/wp-json\/wp\/v2\/posts\/641690\/revisions"}],"predecessor-version":[{"id":641728,"href":"https:\/\/dicodusport.fr\/blog\/wp-json\/wp\/v2\/posts\/641690\/revisions\/641728"}],"wp:featuredmedia":[{"embeddable":true,"href":"https:\/\/dicodusport.fr\/blog\/wp-json\/wp\/v2\/media\/641698"}],"wp:attachment":[{"href":"https:\/\/dicodusport.fr\/blog\/wp-json\/wp\/v2\/media?parent=641690"}],"wp:term":[{"taxonomy":"category","embeddable":true,"href":"https:\/\/dicodusport.fr\/blog\/wp-json\/wp\/v2\/categories?post=641690"},{"taxonomy":"post_tag","embeddable":true,"href":"https:\/\/dicodusport.fr\/blog\/wp-json\/wp\/v2\/tags?post=641690"}],"curies":[{"name":"wp","href":"https:\/\/api.w.org\/{rel}","templated":true}]}}