{"id":641783,"date":"2026-02-01T16:27:27","date_gmt":"2026-02-01T15:27:27","guid":{"rendered":"https:\/\/dicodusport.fr\/blog\/?p=641783&#038;preview=true&#038;preview_id=641783"},"modified":"2026-02-01T16:27:16","modified_gmt":"2026-02-01T15:27:16","slug":"championnats-du-monde-de-cyclo-cross-2026-programme-parcours-resultats","status":"publish","type":"post","link":"https:\/\/dicodusport.fr\/blog\/championnats-du-monde-de-cyclo-cross-2026-programme-parcours-resultats\/","title":{"rendered":"Championnats du monde de cyclo-cross 2026 : Les r\u00e9sultats complets"},"content":{"rendered":"<p style=\"text-align: justify;\"><em><strong>Tout savoir sur les Championnats du monde de cyclo-cross 2026 \u00e0 Hulst (Pays-Bas) : programme, parcours et r\u00e9sultats complets.<\/strong><\/em><\/p>\n<p style=\"text-align: justify;\">Pr\u00e8s de 35 000 spectateurs sont attendus \u00e0 <strong>Hulst<\/strong> pour les <strong>Championnats du monde de cyclo-cross<\/strong>, organis\u00e9s en Z\u00e9lande, aux Pays-Bas, \u00e0 la fin de la semaine. Sept titres mondiaux seront d\u00e9cern\u00e9s : trois chez les hommes, trois chez les femmes et un en relais mixte.<\/p>\n<h2 style=\"text-align: justify;\">Le parcours de Hulst aux Championnats du monde de cyclo-cross<\/h2>\n<p style=\"text-align: justify;\"><strong>Hulst<\/strong> est, bien s\u00fbr, un lieu incontournable du monde du cyclo-cross. Ce sera la dixi\u00e8me fois que ces fortifications embl\u00e9matiques du XVI<sup>e<\/sup> si\u00e8cle accueilleront les <strong>Championnats du monde de cyclo-cross<\/strong>, m\u00eame si les comp\u00e9titions se sont d\u00e9roul\u00e9es \u00e0 diff\u00e9rents endroits au fil des ann\u00e9es.<\/p>\n<p style=\"text-align: justify;\">Depuis l\u2019an dernier, le sens de course a \u00e9t\u00e9 invers\u00e9 afin d\u2019am\u00e9liorer la circulation des spectateurs. Le parcours est plus a\u00e9r\u00e9 et a \u00e9t\u00e9 agr\u00e9ment\u00e9 de sept pontons et de cinq ponts. Le plus spectaculaire mesure 200 m\u00e8tres de long et comporte deux niveaux. Ainsi, les coureurs peuvent observer leurs adversaires et se croiser sans \u00eatre vus. N\u2019oublions pas non plus la pr\u00e9sence d\u2019un escalier de 22 marches.<\/p>\n<div class=\"vlp-link-container vlp-layout-article\"><a href=\"https:\/\/dicodusport.fr\/blog\/cyclo-cross-coupe-du-monde-2025-2026-calendrier-complet-dates-et-horaires\/\" class=\"vlp-link\" title=\"Cyclo-cross Coupe du monde 2025-2026 - Tous les r\u00e9sultats\"><\/a><div class=\"vlp-layout-zone-side\"><div class=\"vlp-block-4 vlp-link-image\"><img loading=\"lazy\" decoding=\"async\" style=\"max-width: 792px;\" width=\"792\" height=\"445\" src=\"https:\/\/dicodusport.fr\/blog\/wp-content\/uploads\/2025\/11\/Cyclo-cross-Coupe-du-monde-2025-2026-Calendrier-complet-dates-et-horaires.png\" class=\"attachment-800x445 size-800x445\" alt=\"Cyclo-cross Coupe du monde 2025-2026 - Calendrier complet, dates et horaires\" srcset=\"https:\/\/dicodusport.fr\/blog\/wp-content\/uploads\/2025\/11\/Cyclo-cross-Coupe-du-monde-2025-2026-Calendrier-complet-dates-et-horaires.png 1200w, https:\/\/dicodusport.fr\/blog\/wp-content\/uploads\/2025\/11\/Cyclo-cross-Coupe-du-monde-2025-2026-Calendrier-complet-dates-et-horaires-300x169.png 300w, https:\/\/dicodusport.fr\/blog\/wp-content\/uploads\/2025\/11\/Cyclo-cross-Coupe-du-monde-2025-2026-Calendrier-complet-dates-et-horaires-1024x575.png 1024w, https:\/\/dicodusport.fr\/blog\/wp-content\/uploads\/2025\/11\/Cyclo-cross-Coupe-du-monde-2025-2026-Calendrier-complet-dates-et-horaires-768x431.png 768w\" sizes=\"auto, (max-width: 792px) 100vw, 792px\" \/><\/div><\/div><div class=\"vlp-layout-zone-main\"><div class=\"vlp-block-0 vlp-link-title\">Cyclo-cross Coupe du monde 2025-2026 - Tous les r\u00e9sultats<\/div><div class=\"vlp-block-1 vlp-link-summary\">D\u00e9couvrez le calendrier complet de la Coupe du monde de cyclo-cross 2025-2026 : 12 manches \u00e0 travers l\u2019Europe, entre classiques belges et nouveaut\u00e9s.<\/div><div class=\"vlp-block-2 vlp-link-button\">Lire l'article<\/div><div class=\"vlp-block-3 vlp-link-url\">dicodusport.fr<\/div><\/div><\/div>\n<p style=\"text-align: justify;\">De plus, une nouvelle section a \u00e9t\u00e9 ajout\u00e9e au parcours avec une prairie plate, l\u00e9g\u00e8rement en contrebas, que la municipalit\u00e9 de <strong>Hulst<\/strong> a am\u00e9nag\u00e9e pr\u00e8s du parc municipal, avec un demi-tour. Cette zone permettra d\u2019installer 5 000 VIP. Cette portion pourrait s\u2019av\u00e9rer int\u00e9ressante en cas de fortes pluies, en ajoutant entre 300 et 400 m\u00e8tres de course \u00e0 pied.<\/p>\n<p style=\"text-align: justify;\">Le reste du circuit comportera deux ascensions sur le moulin et le rempart, ainsi que deux descentes, mais \u00e9galement quelques petites mont\u00e9es en contrebas.<\/p>\n<p style=\"text-align: justify;\">Au total, le circuit sera long de 3 240 m\u00e8tres pour un d\u00e9nivel\u00e9 positif de 40 m\u00e8tres. La ligne droite de d\u00e9part sera longue de 165 m\u00e8tres et la ligne d\u2019arriv\u00e9e de 140 m\u00e8tres.<\/p>\n<p><a href=\"https:\/\/dicodusport.fr\/blog\/wp-content\/uploads\/2026\/01\/01KFX73VG1RHGDF23BS3YHCG6Y.png\"><img loading=\"lazy\" decoding=\"async\" class=\"aligncenter wp-image-641786 size-full\" src=\"https:\/\/dicodusport.fr\/blog\/wp-content\/uploads\/2026\/01\/01KFX73VG1RHGDF23BS3YHCG6Y.png\" alt=\"\" width=\"1017\" height=\"719\" srcset=\"https:\/\/dicodusport.fr\/blog\/wp-content\/uploads\/2026\/01\/01KFX73VG1RHGDF23BS3YHCG6Y.png 1017w, https:\/\/dicodusport.fr\/blog\/wp-content\/uploads\/2026\/01\/01KFX73VG1RHGDF23BS3YHCG6Y-300x212.png 300w, https:\/\/dicodusport.fr\/blog\/wp-content\/uploads\/2026\/01\/01KFX73VG1RHGDF23BS3YHCG6Y-768x543.png 768w\" sizes=\"auto, (max-width: 1017px) 100vw, 1017px\" \/><\/a><\/p>\n<h2 style=\"text-align: justify;\">Programme et r\u00e9sultats des championnats du monde de cyclo-cross 2026<\/h2>\n<p style=\"text-align: justify;\"><strong><span style=\"font-size: 14px;\"><em>Les \u00e9preuves sont \u00e0 suivre sur Eurosport et HBO Max.<\/em><\/span><\/strong><\/p>\n<table style=\"width: 100%; border-collapse: collapse; font-size: 0.9em;\">\n<tbody>\n<tr>\n<td style=\"background-color: #0081b4; width: 840px; text-align: center; vertical-align: middle;\" colspan=\"6\"><span style=\"color: #ffffff;\"><strong>VENDREDI 30 JANVIER 2026<\/strong><\/span><\/td>\n<\/tr>\n<tr>\n<td style=\"text-align: center; vertical-align: middle; background-color: #8db5c4; width: 10%;\"><span style=\"color: #ffffff; font-size: 0.9em;\"><strong>Horaire<\/strong><\/span><\/td>\n<td style=\"text-align: center; vertical-align: middle; background-color: #8db5c4; width: 22.5%;\" colspan=\"2\"><span style=\"color: #ffffff;\"><span style=\"font-size: 0.9em;\"><b>\u00c9preuve<\/b><\/span><\/span><\/td>\n<td style=\"text-align: center; vertical-align: middle; background-color: #8db5c4; width: 22.5%;\"><span style=\"color: #ffffff; font-size: 0.9em;\"><strong>Vainqueur<\/strong><\/span><\/td>\n<td style=\"text-align: center; vertical-align: middle; background-color: #8db5c4; width: 22.5%;\"><span style=\"color: #ffffff; font-size: 0.9em;\"><strong>Deuxi\u00e8me<\/strong><\/span><\/td>\n<td style=\"text-align: center; vertical-align: middle; background-color: #8db5c4; width: 22.5%;\"><span style=\"color: #ffffff; font-size: 0.9em;\"><strong>Troisi\u00e8me<\/strong><\/span><\/td>\n<\/tr>\n<tr>\n<td style=\"text-align: center; vertical-align: middle; width: 10%;\"><strong>13H30<\/strong><\/td>\n<td style=\"text-align: center; vertical-align: middle;\" colspan=\"2\"><strong>Relais mixte<br \/>\n<span style=\"font-size: 11.52px;\"><i><a href=\"https:\/\/dicodusport.fr\/blog\/les-pays-bas-soffrent-le-relais-mixte-aux-mondiaux-de-cyclo-cross-la-france-5eme\/\">R\u00e9sum\u00e9<\/a> &#8211; <a href=\"https:\/\/dicodusport.fr\/blog\/mondiaux-cyclo-cross-2026-classement-et-resultats-du-relais-mixte\/\">Classement<\/a><\/i><\/span><br \/>\n<\/strong><\/td>\n<td style=\"text-align: center; vertical-align: middle; font-size: 0.9em; width: 22.5%;\"><strong><span style=\"font-size: 0.9em;\">\ud83c\uddf3\ud83c\uddf1 PAYS-BAS<br \/>\n<em><span style=\"font-size: 11.52px;\">47:06<\/span><\/em><\/span><\/strong><\/td>\n<td style=\"text-align: center; vertical-align: middle; font-size: 0.9em; width: 22.5%;\"><span style=\"font-size: 0.9em;\">\ud83c\uddee\ud83c\uddf9 ITALIE<br \/>\n<em><span style=\"font-size: 11.52px;\">+16<\/span><\/em><\/span><\/td>\n<td style=\"text-align: center; vertical-align: middle; font-size: 0.9em; width: 22.5%;\"><span style=\"font-size: 0.9em;\">\ud83c\udde7\ud83c\uddea BELGIQUE<br \/>\n<em><span style=\"font-size: 11.52px;\">+37<\/span><\/em><\/span><\/td>\n<\/tr>\n<tr>\n<td style=\"background-color: #0081b4; width: 800px; text-align: center; vertical-align: middle;\" colspan=\"6\"><span style=\"color: #ffffff;\"><strong>SAMEDI 31 JANVIER 2026<\/strong><\/span><\/td>\n<\/tr>\n<tr>\n<td style=\"text-align: center; vertical-align: middle; background-color: #8db5c4; width: 10%;\"><span style=\"color: #ffffff; font-size: 0.9em;\"><strong>Horaire<\/strong><\/span><\/td>\n<td style=\"text-align: center; vertical-align: middle; background-color: #8db5c4; width: 22.5%;\" colspan=\"2\"><span style=\"color: #ffffff;\"><span style=\"font-size: 0.9em;\"><b>\u00c9preuve<\/b><\/span><\/span><\/td>\n<td style=\"text-align: center; vertical-align: middle; background-color: #8db5c4; width: 22.5%;\"><span style=\"color: #ffffff; font-size: 0.9em;\"><strong>Vainqueur<\/strong><\/span><\/td>\n<td style=\"text-align: center; vertical-align: middle; background-color: #8db5c4; width: 22.5%;\"><span style=\"color: #ffffff; font-size: 0.9em;\"><strong>Deuxi\u00e8me<\/strong><\/span><\/td>\n<td style=\"text-align: center; vertical-align: middle; background-color: #8db5c4; width: 22.5%;\"><span style=\"color: #ffffff; font-size: 0.9em;\"><strong>Troisi\u00e8me<\/strong><\/span><\/td>\n<\/tr>\n<tr>\n<td style=\"text-align: center; vertical-align: middle; width: 10%;\"><strong>11H00<\/strong><\/td>\n<td style=\"text-align: center; vertical-align: middle;\" colspan=\"2\"><strong>Juniors femmes<br \/>\n<span style=\"font-size: 11.52px;\"><i><a href=\"https:\/\/dicodusport.fr\/blog\/lise-revol-medaillee-dargent-barbora-bukovska-sacree-championne-du-monde-juniors-de-cyclo-cross\/\">R\u00e9sum\u00e9<\/a> &#8211; <a href=\"https:\/\/dicodusport.fr\/blog\/mondiaux-cyclo-cross-2026-classement-et-resultats-course-juniors-femmes\/\">Classement<\/a><\/i><\/span><br \/>\n<i><\/i><\/strong><\/td>\n<td style=\"text-align: center; vertical-align: middle; font-size: 0.9em; width: 22.5%;\"><strong><span style=\"font-size: 0.9em;\">\ud83c\udde8\ud83c\uddff BARBARA BUKOVSKA<br \/>\n<em><span style=\"font-size: 11.52px;\">44:55<\/span><\/em><\/span><\/strong><\/td>\n<td style=\"text-align: center; vertical-align: middle; font-size: 0.9em; width: 22.5%;\"><span style=\"font-size: 0.9em;\">\ud83c\uddeb\ud83c\uddf7 LISE REVOL<\/span><span style=\"font-size: 11.52px;\"><span style=\"font-size: 0.9em;\"><br \/>\n<\/span><\/span><span style=\"font-size: 0.9em;\"><em><span style=\"font-size: 11.52px;\">+15<\/span><\/em><\/span><\/td>\n<td style=\"text-align: center; vertical-align: middle; font-size: 0.9em; width: 22.5%;\"><span style=\"font-size: 0.9em;\">\ud83c\udde8\ud83c\uddff LUCIE GROHOVA<br \/>\n<em><span style=\"font-size: 11.52px;\">+35<\/span><\/em><br \/>\n<\/span><\/td>\n<\/tr>\n<tr>\n<td style=\"text-align: center; vertical-align: middle; width: 10%;\"><strong>13H00<\/strong><\/td>\n<td style=\"text-align: center; vertical-align: middle;\" colspan=\"2\"><strong>Espoirs hommes<br \/>\n<span style=\"font-size: 11.52px;\"><i><a href=\"https:\/\/dicodusport.fr\/blog\/aubin-sparfel-medaille-dargent-aaron-docks-sacre-champion-du-monde-espoirs-de-cyclo-cross\/\">R\u00e9sum\u00e9<\/a> &#8211; <a href=\"https:\/\/dicodusport.fr\/blog\/mondiaux-cyclo-cross-2026-classement-et-resultats-course-espoirs-hommes\/\">Classement<\/a><\/i><\/span><span style=\"font-size: 11.52px;\"><i><br \/>\n<\/i><\/span><\/strong><\/td>\n<td style=\"text-align: center; vertical-align: middle; font-size: 0.9em; width: 22.5%;\"><strong><span style=\"font-size: 0.9em;\">\ud83c\udde7\ud83c\uddea AARON DOCKX<br \/>\n<em><span style=\"font-size: 11.52px;\">53:11<\/span><\/em><\/span><\/strong><\/td>\n<td style=\"text-align: center; vertical-align: middle; font-size: 0.9em; width: 22.5%;\"><span style=\"font-size: 0.9em;\">\ud83c\uddeb\ud83c\uddf7 AUBIN SPARFEL<\/span><span style=\"font-size: 11.52px;\"><span style=\"font-size: 0.9em;\"><br \/>\n<\/span><\/span><span style=\"font-size: 0.9em;\"><em><span style=\"font-size: 11.52px;\">+19<\/span><\/em><\/span><\/td>\n<td style=\"text-align: center; vertical-align: middle; font-size: 0.9em; width: 22.5%;\"><span style=\"font-size: 0.9em;\">\ud83c\uddf3\ud83c\uddf1 KEIJE SOLEN<br \/>\n<em><span style=\"font-size: 11.52px;\">+22<\/span><\/em><\/span><\/td>\n<\/tr>\n<tr>\n<td style=\"text-align: center; vertical-align: middle; width: 10%;\"><strong>15H00<\/strong><\/td>\n<td style=\"text-align: center; vertical-align: middle;\" colspan=\"2\"><strong>\u00c9lites femmes<br \/>\n<span style=\"font-size: 11.52px;\"><i><a href=\"https:\/\/dicodusport.fr\/blog\/lucinda-brand-redevient-championne-du-monde-de-cyclo-cross-amandine-fouquenet-seulement-5eme\/\">R\u00e9sum\u00e9<\/a> &#8211; <a href=\"https:\/\/dicodusport.fr\/blog\/mondiaux-cyclo-cross-2026-classement-et-resultats-course-elites-femmes\/\">Classement<\/a><\/i><\/span><br \/>\n<\/strong><\/td>\n<td style=\"text-align: center; vertical-align: middle; font-size: 0.9em; width: 22.5%;\"><strong><span style=\"font-size: 0.9em;\">\ud83c\uddf3\ud83c\uddf1 LUCINDA BRAND<br \/>\n<em><span style=\"font-size: 11.52px;\">49:16<\/span><\/em><\/span><\/strong><\/td>\n<td style=\"text-align: center; vertical-align: middle; font-size: 0.9em; width: 22.5%;\"><span style=\"font-size: 0.9em;\">\ud83c\uddf3\ud83c\uddf1 CEYLIN DEL CARMEN ALVARADO<br \/>\n<em><span style=\"font-size: 11.52px;\">+27<\/span><\/em><\/span><\/td>\n<td style=\"text-align: center; vertical-align: middle; font-size: 0.9em; width: 22.5%;\"><span style=\"font-size: 0.9em;\">\ud83c\uddf3\ud83c\uddf1 PUCK PIETERSE<br \/>\n<em><span style=\"font-size: 11.52px;\">+51<\/span><\/em><\/span><\/td>\n<\/tr>\n<tr>\n<td style=\"background-color: #0081b4; width: 800px; text-align: center; vertical-align: middle;\" colspan=\"6\"><span style=\"color: #ffffff;\"><strong>DIMANCHE 1ER F\u00c9VRIER 2026<\/strong><\/span><\/td>\n<\/tr>\n<tr>\n<td style=\"text-align: center; vertical-align: middle; background-color: #8db5c4; width: 10%;\"><span style=\"color: #ffffff; font-size: 0.9em;\"><strong>Horaire<\/strong><\/span><\/td>\n<td style=\"text-align: center; vertical-align: middle; background-color: #8db5c4; width: 22.5%;\" colspan=\"2\"><span style=\"color: #ffffff;\"><span style=\"font-size: 0.9em;\"><b>\u00c9preuve<\/b><\/span><\/span><\/td>\n<td style=\"text-align: center; vertical-align: middle; background-color: #8db5c4; width: 22.5%;\"><span style=\"color: #ffffff; font-size: 0.9em;\"><strong>Vainqueur<\/strong><\/span><\/td>\n<td style=\"text-align: center; vertical-align: middle; background-color: #8db5c4; width: 22.5%;\"><span style=\"color: #ffffff; font-size: 0.9em;\"><strong>Deuxi\u00e8me<\/strong><\/span><\/td>\n<td style=\"text-align: center; vertical-align: middle; background-color: #8db5c4; width: 22.5%;\"><span style=\"color: #ffffff; font-size: 0.9em;\"><strong>Troisi\u00e8me<\/strong><\/span><\/td>\n<\/tr>\n<tr>\n<td style=\"text-align: center; vertical-align: middle; width: 10%;\"><strong>11H00<\/strong><\/td>\n<td style=\"text-align: center; vertical-align: middle;\" colspan=\"2\"><strong>Juniors hommes<br \/>\n<span style=\"font-size: 11.52px;\"><i><a href=\"https:\/\/dicodusport.fr\/blog\/delano-heeren-sacre-champion-du-monde-juniors-de-cyclo-cross-au-bout-dun-final-rocambolesque-deception-pour-soren-bruyere-joumard\/\">R\u00e9sum\u00e9<\/a> &#8211; <a href=\"https:\/\/dicodusport.fr\/blog\/mondiaux-cyclo-cross-2026-classement-et-resultats-course-juniors-hommes\/\">Classement<\/a><\/i><\/span><br \/>\n<i><\/i><\/strong><\/td>\n<td style=\"text-align: center; vertical-align: middle; font-size: 0.9em; width: 22.5%;\"><strong><span style=\"font-size: 0.9em;\"> \ud83c\uddf3\ud83c\uddf1 DELANO HEEREN<br \/>\n<em><span style=\"font-size: 11.52px;\">40:15<\/span><\/em><\/span><\/strong><\/td>\n<td style=\"text-align: center; vertical-align: middle; font-size: 0.9em; width: 22.5%;\"><span style=\"font-size: 0.9em;\">\ud83c\uddee\ud83c\uddf9 FILIPPO GRIGOLINI<br \/>\n<em><span style=\"font-size: 11.52px;\">+9<\/span><\/em><\/span><\/td>\n<td style=\"text-align: center; vertical-align: middle; font-size: 0.9em; width: 22.5%;\"><span style=\"font-size: 0.9em;\">\ud83c\udde7\ud83c\uddea GIEL LEJEUNE<br \/>\n<em><span style=\"font-size: 11.52px;\">+10<\/span><\/em><\/span><\/td>\n<\/tr>\n<tr>\n<td style=\"text-align: center; vertical-align: middle; width: 10%;\"><strong>13H00<\/strong><\/td>\n<td style=\"text-align: center; vertical-align: middle;\" colspan=\"2\"><strong>Espoirs femmes<br \/>\n<span style=\"font-size: 11.52px;\"><i><a href=\"https:\/\/dicodusport.fr\/blog\/leonie-bentveld-sempare-du-titre-mondial-de-cyclo-cross-en-espoirs-celia-gery-se-contente-du-bronze\/\">R\u00e9sum\u00e9<\/a> &#8211; <a href=\"https:\/\/dicodusport.fr\/blog\/mondiaux-cyclo-cross-2026-classement-et-resultats-course-espoirs-femmes\/\">Classement<\/a><\/i><\/span><span style=\"font-size: 11.52px;\"><i><br \/>\n<\/i><\/span><\/strong><\/td>\n<td style=\"text-align: center; vertical-align: middle; font-size: 0.9em; width: 22.5%;\"><strong><span style=\"font-size: 0.9em;\">\ud83c\uddf3\ud83c\uddf1 LEONIE BENTVELD<br \/>\n<em><span style=\"font-size: 11.52px;\">43:08<\/span><\/em><\/span><\/strong><\/td>\n<td style=\"text-align: center; vertical-align: middle; font-size: 0.9em; width: 22.5%;\"><span style=\"font-size: 0.9em;\">\ud83c\uddf8\ud83c\uddf0 VIKTORIA CHLADONOVA<br \/>\n<em><span style=\"font-size: 11.52px;\">+11<\/span><\/em><\/span><\/td>\n<td style=\"text-align: center; vertical-align: middle; font-size: 0.9em; width: 22.5%;\"><span style=\"font-size: 0.9em;\">\ud83c\uddeb\ud83c\uddf7 CELIA GERY<\/span><span style=\"font-size: 11.52px;\"><span style=\"font-size: 0.9em;\"><br \/>\n<\/span><\/span><span style=\"font-size: 0.9em;\"><em><span style=\"font-size: 11.52px;\">+57<\/span><\/em><\/span><\/td>\n<\/tr>\n<tr>\n<td style=\"text-align: center; vertical-align: middle; width: 10%;\"><strong>15H00<\/strong><\/td>\n<td style=\"text-align: center; vertical-align: middle;\" colspan=\"2\"><strong>\u00c9lites hommes<br \/>\n<span style=\"font-size: 11.52px;\"><i><a href=\"https:\/\/dicodusport.fr\/blog\/dans-la-legende-mathieu-van-der-poel-decroche-un-8eme-titre-mondial-elites-en-cyclo-cross\/\">R\u00e9sum\u00e9<\/a> &#8211; <a href=\"https:\/\/dicodusport.fr\/blog\/classement-et-resultats-course-elites-hommes-des-mondiaux-de-cyclo-cross-2026\/\">Classement<\/a><\/i><\/span><br \/>\n<\/strong><\/td>\n<td style=\"text-align: center; vertical-align: middle; font-size: 0.9em; width: 22.5%;\"><strong><span style=\"font-size: 0.9em;\">\ud83c\uddf3\ud83c\uddf1 MATHIEU VAN DER POEL<br \/>\n<em><span style=\"font-size: 11.52px;\">1h00:25<\/span><\/em><\/span><\/strong><\/td>\n<td style=\"text-align: center; vertical-align: middle; font-size: 0.9em; width: 22.5%;\"><span style=\"font-size: 0.9em;\">\ud83c\uddf3\ud83c\uddf1 TIBOR DEL GROSSO<br \/>\n<em><span style=\"font-size: 11.52px;\">+35<\/span><\/em><\/span><\/td>\n<td style=\"text-align: center; vertical-align: middle; font-size: 0.9em; width: 22.5%;\"><span style=\"font-size: 0.9em;\">\ud83c\udde7\ud83c\uddea THIBAU NYS<br \/>\n<em><span style=\"font-size: 11.52px;\">+46<\/span><\/em><\/span><\/td>\n<\/tr>\n<\/tbody>\n<\/table>\n","protected":false},"excerpt":{"rendered":"<p>Tout savoir sur les Championnats du monde de cyclo-cross 2026 \u00e0 Hulst (Pays-Bas) : programme, parcours et r\u00e9sultats complets.<\/p>\n","protected":false},"author":48,"featured_media":643462,"comment_status":"open","ping_status":"closed","sticky":false,"template":"","format":"standard","meta":{"_acf_changed":false,"_daextam_enable_autolinks":"1","footnotes":""},"categories":[9611],"tags":[16878,9759,6666],"class_list":["post-641783","post","type-post","status-publish","format-standard","has-post-thumbnail","hentry","category-cyclo-cross","tag-breve","tag-championnats-du-monde-de-cyclo-cross","tag-cyclo-cross"],"acf":[],"yoast_head":"<!-- This site is optimized with the Yoast SEO Premium plugin v26.7 (Yoast SEO v26.7) - https:\/\/yoast.com\/wordpress\/plugins\/seo\/ -->\n<title>Championnats du monde de cyclo-cross 2026 : Les r\u00e9sultats complets<\/title>\n<meta name=\"description\" content=\"Tout savoir sur les Championnats du monde de cyclo-cross 2026 \u00e0 Hulst (Pays-Bas) : programme, parcours et r\u00e9sultats complets.\" \/>\n<meta name=\"robots\" content=\"index, follow, max-snippet:-1, max-image-preview:large, max-video-preview:-1\" \/>\n<link rel=\"canonical\" href=\"https:\/\/dicodusport.fr\/blog\/championnats-du-monde-de-cyclo-cross-2026-programme-parcours-resultats\/\" \/>\n<meta property=\"og:locale\" content=\"fr_FR\" \/>\n<meta property=\"og:type\" content=\"article\" \/>\n<meta property=\"og:title\" content=\"Championnats du monde de cyclo-cross 2026 : Les r\u00e9sultats complets\" \/>\n<meta property=\"og:description\" content=\"Tout savoir sur les Championnats du monde de cyclo-cross 2026 \u00e0 Hulst (Pays-Bas) : programme, parcours et r\u00e9sultats complets.\" \/>\n<meta property=\"og:url\" content=\"https:\/\/dicodusport.fr\/blog\/championnats-du-monde-de-cyclo-cross-2026-programme-parcours-resultats\/\" \/>\n<meta property=\"og:site_name\" content=\"Dicodusport\" \/>\n<meta property=\"article:publisher\" content=\"https:\/\/www.facebook.com\/dicodusport\" \/>\n<meta property=\"article:author\" content=\"https:\/\/www.facebook.com\/groups\/LesRoisDuPeloton\" \/>\n<meta property=\"article:published_time\" content=\"2026-02-01T15:27:27+00:00\" \/>\n<meta property=\"og:image\" content=\"https:\/\/dicodusport.fr\/blog\/wp-content\/uploads\/2026\/01\/Championnats-du-monde-de-cyclo-cross-2026-Les-resultats-complets.png\" \/>\n\t<meta property=\"og:image:width\" content=\"1200\" \/>\n\t<meta property=\"og:image:height\" content=\"674\" \/>\n\t<meta property=\"og:image:type\" content=\"image\/png\" \/>\n<meta name=\"author\" content=\"Emilien Descampiaux\" \/>\n<meta name=\"twitter:card\" content=\"summary_large_image\" \/>\n<meta name=\"twitter:creator\" content=\"@https:\/\/twitter.com\/LRoisDuPeloton\" \/>\n<meta name=\"twitter:site\" content=\"@dicodusport\" \/>\n<script type=\"application\/ld+json\" class=\"yoast-schema-graph\">{\"@context\":\"https:\/\/schema.org\",\"@graph\":[{\"@type\":\"NewsArticle\",\"@id\":\"https:\/\/dicodusport.fr\/blog\/championnats-du-monde-de-cyclo-cross-2026-programme-parcours-resultats\/#article\",\"isPartOf\":{\"@id\":\"https:\/\/dicodusport.fr\/blog\/championnats-du-monde-de-cyclo-cross-2026-programme-parcours-resultats\/\"},\"author\":{\"name\":\"Emilien Descampiaux\",\"@id\":\"https:\/\/dicodusport.fr\/blog\/#\/schema\/person\/6db4bae06b171592211be385b32876a7\"},\"headline\":\"Championnats du monde de cyclo-cross 2026 : Les r\u00e9sultats complets\",\"datePublished\":\"2026-02-01T15:27:27+00:00\",\"mainEntityOfPage\":{\"@id\":\"https:\/\/dicodusport.fr\/blog\/championnats-du-monde-de-cyclo-cross-2026-programme-parcours-resultats\/\"},\"wordCount\":558,\"commentCount\":0,\"publisher\":{\"@id\":\"https:\/\/dicodusport.fr\/blog\/#organization\"},\"image\":{\"@id\":\"https:\/\/dicodusport.fr\/blog\/championnats-du-monde-de-cyclo-cross-2026-programme-parcours-resultats\/#primaryimage\"},\"thumbnailUrl\":\"https:\/\/dicodusport.fr\/blog\/wp-content\/uploads\/2026\/01\/Championnats-du-monde-de-cyclo-cross-2026-Les-resultats-complets.png\",\"keywords\":[\"br\u00e8ve\",\"Championnats du monde de Cyclo-cross\",\"Cyclo-cross\"],\"articleSection\":[\"Cyclo-cross\"],\"inLanguage\":\"fr-FR\",\"potentialAction\":[{\"@type\":\"CommentAction\",\"name\":\"Comment\",\"target\":[\"https:\/\/dicodusport.fr\/blog\/championnats-du-monde-de-cyclo-cross-2026-programme-parcours-resultats\/#respond\"]}],\"copyrightYear\":\"2026\",\"copyrightHolder\":{\"@id\":\"https:\/\/dicodusport.fr\/blog\/#organization\"}},{\"@type\":\"WebPage\",\"@id\":\"https:\/\/dicodusport.fr\/blog\/championnats-du-monde-de-cyclo-cross-2026-programme-parcours-resultats\/\",\"url\":\"https:\/\/dicodusport.fr\/blog\/championnats-du-monde-de-cyclo-cross-2026-programme-parcours-resultats\/\",\"name\":\"Championnats du monde de cyclo-cross 2026 : Les r\u00e9sultats complets\",\"isPartOf\":{\"@id\":\"https:\/\/dicodusport.fr\/blog\/#website\"},\"primaryImageOfPage\":{\"@id\":\"https:\/\/dicodusport.fr\/blog\/championnats-du-monde-de-cyclo-cross-2026-programme-parcours-resultats\/#primaryimage\"},\"image\":{\"@id\":\"https:\/\/dicodusport.fr\/blog\/championnats-du-monde-de-cyclo-cross-2026-programme-parcours-resultats\/#primaryimage\"},\"thumbnailUrl\":\"https:\/\/dicodusport.fr\/blog\/wp-content\/uploads\/2026\/01\/Championnats-du-monde-de-cyclo-cross-2026-Les-resultats-complets.png\",\"datePublished\":\"2026-02-01T15:27:27+00:00\",\"description\":\"Tout savoir sur les Championnats du monde de cyclo-cross 2026 \u00e0 Hulst (Pays-Bas) : programme, parcours et r\u00e9sultats complets.\",\"breadcrumb\":{\"@id\":\"https:\/\/dicodusport.fr\/blog\/championnats-du-monde-de-cyclo-cross-2026-programme-parcours-resultats\/#breadcrumb\"},\"inLanguage\":\"fr-FR\",\"potentialAction\":[{\"@type\":\"ReadAction\",\"target\":[\"https:\/\/dicodusport.fr\/blog\/championnats-du-monde-de-cyclo-cross-2026-programme-parcours-resultats\/\"]}]},{\"@type\":\"ImageObject\",\"inLanguage\":\"fr-FR\",\"@id\":\"https:\/\/dicodusport.fr\/blog\/championnats-du-monde-de-cyclo-cross-2026-programme-parcours-resultats\/#primaryimage\",\"url\":\"https:\/\/dicodusport.fr\/blog\/wp-content\/uploads\/2026\/01\/Championnats-du-monde-de-cyclo-cross-2026-Les-resultats-complets.png\",\"contentUrl\":\"https:\/\/dicodusport.fr\/blog\/wp-content\/uploads\/2026\/01\/Championnats-du-monde-de-cyclo-cross-2026-Les-resultats-complets.png\",\"width\":1200,\"height\":674,\"caption\":\"Championnats du monde de cyclo-cross 2026 Les r\u00e9sultats complets\"},{\"@type\":\"BreadcrumbList\",\"@id\":\"https:\/\/dicodusport.fr\/blog\/championnats-du-monde-de-cyclo-cross-2026-programme-parcours-resultats\/#breadcrumb\",\"itemListElement\":[{\"@type\":\"ListItem\",\"position\":1,\"name\":\"Accueil\",\"item\":\"https:\/\/dicodusport.fr\/blog\/\"},{\"@type\":\"ListItem\",\"position\":2,\"name\":\"Championnats du monde de cyclo-cross 2026 : Les r\u00e9sultats complets\"}]},{\"@type\":\"WebSite\",\"@id\":\"https:\/\/dicodusport.fr\/blog\/#website\",\"url\":\"https:\/\/dicodusport.fr\/blog\/\",\"name\":\"Dicodusport\",\"description\":\"L&#039;encyclop\u00e9die de l&#039;actualit\u00e9 sportive\",\"publisher\":{\"@id\":\"https:\/\/dicodusport.fr\/blog\/#organization\"},\"potentialAction\":[{\"@type\":\"SearchAction\",\"target\":{\"@type\":\"EntryPoint\",\"urlTemplate\":\"https:\/\/dicodusport.fr\/blog\/?s={search_term_string}\"},\"query-input\":{\"@type\":\"PropertyValueSpecification\",\"valueRequired\":true,\"valueName\":\"search_term_string\"}}],\"inLanguage\":\"fr-FR\"},{\"@type\":\"NewsMediaOrganization\",\"@id\":\"https:\/\/dicodusport.fr\/blog\/#organization\",\"name\":\"Dicodusport\",\"url\":\"https:\/\/dicodusport.fr\/blog\/\",\"logo\":{\"@type\":\"ImageObject\",\"inLanguage\":\"fr-FR\",\"@id\":\"https:\/\/dicodusport.fr\/blog\/#\/schema\/logo\/image\/\",\"url\":\"https:\/\/dicodusport.fr\/blog\/wp-content\/uploads\/2020\/06\/cropped-LOGO-DICODUSPORT-2020-SANS-FOND-SANS-TEXTE.png\",\"contentUrl\":\"https:\/\/dicodusport.fr\/blog\/wp-content\/uploads\/2020\/06\/cropped-LOGO-DICODUSPORT-2020-SANS-FOND-SANS-TEXTE.png\",\"width\":512,\"height\":512,\"caption\":\"Dicodusport\"},\"image\":{\"@id\":\"https:\/\/dicodusport.fr\/blog\/#\/schema\/logo\/image\/\"},\"sameAs\":[\"https:\/\/www.facebook.com\/dicodusport\",\"https:\/\/x.com\/dicodusport\",\"https:\/\/www.instagram.com\/dicodusport\/\",\"https:\/\/www.youtube.com\/channel\/UC7V2KZ5sd3htJivAbA4ZG3w\"],\"description\":\"Dicodusport est l'encyclop\u00e9die de l'actualit\u00e9 sportive.\",\"email\":\"bonjour@dicodusport.fr\",\"legalName\":\"DICODUSPORT\",\"foundingDate\":\"2018-01-14\",\"vatID\":\"FR71834470973\",\"taxID\":\"83447097300043\",\"numberOfEmployees\":{\"@type\":\"QuantitativeValue\",\"minValue\":\"1\",\"maxValue\":\"10\"}},{\"@type\":\"Person\",\"@id\":\"https:\/\/dicodusport.fr\/blog\/#\/schema\/person\/6db4bae06b171592211be385b32876a7\",\"name\":\"Emilien Descampiaux\",\"image\":{\"@type\":\"ImageObject\",\"inLanguage\":\"fr-FR\",\"@id\":\"https:\/\/dicodusport.fr\/blog\/#\/schema\/person\/image\/\",\"url\":\"https:\/\/dicodusport.fr\/blog\/wp-content\/uploads\/2021\/05\/Emilien-Descampiaux-150x150.jpg\",\"contentUrl\":\"https:\/\/dicodusport.fr\/blog\/wp-content\/uploads\/2021\/05\/Emilien-Descampiaux-150x150.jpg\",\"caption\":\"Emilien Descampiaux\"},\"description\":\"Journaliste\/r\u00e9dacteur depuis 2014 - Fan de la classe de Frank Vandenbroucke, je vis cyclisme (et de ses paysages) depuis plus de 20 ans. Je suis tr\u00e8s impliqu\u00e9 sur mes diff\u00e9rents r\u00e9seaux sociaux pour partager ma passion sur le monde et l'Histoire de la bicyclette avec ma voix sur les images en noir et blanc du succ\u00e8s de Rik Van Steenbergen lors du Ronde sur le V\u00e9lodrome de Gand.\",\"sameAs\":[\"https:\/\/www.facebook.com\/groups\/LesRoisDuPeloton\",\"https:\/\/x.com\/https:\/\/twitter.com\/LRoisDuPeloton\"],\"url\":\"https:\/\/dicodusport.fr\/blog\/author\/emiliend\/\"}]}<\/script>\n<!-- \/ Yoast SEO Premium plugin. -->","yoast_head_json":{"title":"Championnats du monde de cyclo-cross 2026 : Les r\u00e9sultats complets","description":"Tout savoir sur les Championnats du monde de cyclo-cross 2026 \u00e0 Hulst (Pays-Bas) : programme, parcours et r\u00e9sultats complets.","robots":{"index":"index","follow":"follow","max-snippet":"max-snippet:-1","max-image-preview":"max-image-preview:large","max-video-preview":"max-video-preview:-1"},"canonical":"https:\/\/dicodusport.fr\/blog\/championnats-du-monde-de-cyclo-cross-2026-programme-parcours-resultats\/","og_locale":"fr_FR","og_type":"article","og_title":"Championnats du monde de cyclo-cross 2026 : Les r\u00e9sultats complets","og_description":"Tout savoir sur les Championnats du monde de cyclo-cross 2026 \u00e0 Hulst (Pays-Bas) : programme, parcours et r\u00e9sultats complets.","og_url":"https:\/\/dicodusport.fr\/blog\/championnats-du-monde-de-cyclo-cross-2026-programme-parcours-resultats\/","og_site_name":"Dicodusport","article_publisher":"https:\/\/www.facebook.com\/dicodusport","article_author":"https:\/\/www.facebook.com\/groups\/LesRoisDuPeloton","article_published_time":"2026-02-01T15:27:27+00:00","og_image":[{"width":1200,"height":674,"url":"https:\/\/dicodusport.fr\/blog\/wp-content\/uploads\/2026\/01\/Championnats-du-monde-de-cyclo-cross-2026-Les-resultats-complets.png","type":"image\/png"}],"author":"Emilien Descampiaux","twitter_card":"summary_large_image","twitter_creator":"@https:\/\/twitter.com\/LRoisDuPeloton","twitter_site":"@dicodusport","schema":{"@context":"https:\/\/schema.org","@graph":[{"@type":"NewsArticle","@id":"https:\/\/dicodusport.fr\/blog\/championnats-du-monde-de-cyclo-cross-2026-programme-parcours-resultats\/#article","isPartOf":{"@id":"https:\/\/dicodusport.fr\/blog\/championnats-du-monde-de-cyclo-cross-2026-programme-parcours-resultats\/"},"author":{"name":"Emilien Descampiaux","@id":"https:\/\/dicodusport.fr\/blog\/#\/schema\/person\/6db4bae06b171592211be385b32876a7"},"headline":"Championnats du monde de cyclo-cross 2026 : Les r\u00e9sultats complets","datePublished":"2026-02-01T15:27:27+00:00","mainEntityOfPage":{"@id":"https:\/\/dicodusport.fr\/blog\/championnats-du-monde-de-cyclo-cross-2026-programme-parcours-resultats\/"},"wordCount":558,"commentCount":0,"publisher":{"@id":"https:\/\/dicodusport.fr\/blog\/#organization"},"image":{"@id":"https:\/\/dicodusport.fr\/blog\/championnats-du-monde-de-cyclo-cross-2026-programme-parcours-resultats\/#primaryimage"},"thumbnailUrl":"https:\/\/dicodusport.fr\/blog\/wp-content\/uploads\/2026\/01\/Championnats-du-monde-de-cyclo-cross-2026-Les-resultats-complets.png","keywords":["br\u00e8ve","Championnats du monde de Cyclo-cross","Cyclo-cross"],"articleSection":["Cyclo-cross"],"inLanguage":"fr-FR","potentialAction":[{"@type":"CommentAction","name":"Comment","target":["https:\/\/dicodusport.fr\/blog\/championnats-du-monde-de-cyclo-cross-2026-programme-parcours-resultats\/#respond"]}],"copyrightYear":"2026","copyrightHolder":{"@id":"https:\/\/dicodusport.fr\/blog\/#organization"}},{"@type":"WebPage","@id":"https:\/\/dicodusport.fr\/blog\/championnats-du-monde-de-cyclo-cross-2026-programme-parcours-resultats\/","url":"https:\/\/dicodusport.fr\/blog\/championnats-du-monde-de-cyclo-cross-2026-programme-parcours-resultats\/","name":"Championnats du monde de cyclo-cross 2026 : Les r\u00e9sultats complets","isPartOf":{"@id":"https:\/\/dicodusport.fr\/blog\/#website"},"primaryImageOfPage":{"@id":"https:\/\/dicodusport.fr\/blog\/championnats-du-monde-de-cyclo-cross-2026-programme-parcours-resultats\/#primaryimage"},"image":{"@id":"https:\/\/dicodusport.fr\/blog\/championnats-du-monde-de-cyclo-cross-2026-programme-parcours-resultats\/#primaryimage"},"thumbnailUrl":"https:\/\/dicodusport.fr\/blog\/wp-content\/uploads\/2026\/01\/Championnats-du-monde-de-cyclo-cross-2026-Les-resultats-complets.png","datePublished":"2026-02-01T15:27:27+00:00","description":"Tout savoir sur les Championnats du monde de cyclo-cross 2026 \u00e0 Hulst (Pays-Bas) : programme, parcours et r\u00e9sultats complets.","breadcrumb":{"@id":"https:\/\/dicodusport.fr\/blog\/championnats-du-monde-de-cyclo-cross-2026-programme-parcours-resultats\/#breadcrumb"},"inLanguage":"fr-FR","potentialAction":[{"@type":"ReadAction","target":["https:\/\/dicodusport.fr\/blog\/championnats-du-monde-de-cyclo-cross-2026-programme-parcours-resultats\/"]}]},{"@type":"ImageObject","inLanguage":"fr-FR","@id":"https:\/\/dicodusport.fr\/blog\/championnats-du-monde-de-cyclo-cross-2026-programme-parcours-resultats\/#primaryimage","url":"https:\/\/dicodusport.fr\/blog\/wp-content\/uploads\/2026\/01\/Championnats-du-monde-de-cyclo-cross-2026-Les-resultats-complets.png","contentUrl":"https:\/\/dicodusport.fr\/blog\/wp-content\/uploads\/2026\/01\/Championnats-du-monde-de-cyclo-cross-2026-Les-resultats-complets.png","width":1200,"height":674,"caption":"Championnats du monde de cyclo-cross 2026 Les r\u00e9sultats complets"},{"@type":"BreadcrumbList","@id":"https:\/\/dicodusport.fr\/blog\/championnats-du-monde-de-cyclo-cross-2026-programme-parcours-resultats\/#breadcrumb","itemListElement":[{"@type":"ListItem","position":1,"name":"Accueil","item":"https:\/\/dicodusport.fr\/blog\/"},{"@type":"ListItem","position":2,"name":"Championnats du monde de cyclo-cross 2026 : Les r\u00e9sultats complets"}]},{"@type":"WebSite","@id":"https:\/\/dicodusport.fr\/blog\/#website","url":"https:\/\/dicodusport.fr\/blog\/","name":"Dicodusport","description":"L&#039;encyclop\u00e9die de l&#039;actualit\u00e9 sportive","publisher":{"@id":"https:\/\/dicodusport.fr\/blog\/#organization"},"potentialAction":[{"@type":"SearchAction","target":{"@type":"EntryPoint","urlTemplate":"https:\/\/dicodusport.fr\/blog\/?s={search_term_string}"},"query-input":{"@type":"PropertyValueSpecification","valueRequired":true,"valueName":"search_term_string"}}],"inLanguage":"fr-FR"},{"@type":"NewsMediaOrganization","@id":"https:\/\/dicodusport.fr\/blog\/#organization","name":"Dicodusport","url":"https:\/\/dicodusport.fr\/blog\/","logo":{"@type":"ImageObject","inLanguage":"fr-FR","@id":"https:\/\/dicodusport.fr\/blog\/#\/schema\/logo\/image\/","url":"https:\/\/dicodusport.fr\/blog\/wp-content\/uploads\/2020\/06\/cropped-LOGO-DICODUSPORT-2020-SANS-FOND-SANS-TEXTE.png","contentUrl":"https:\/\/dicodusport.fr\/blog\/wp-content\/uploads\/2020\/06\/cropped-LOGO-DICODUSPORT-2020-SANS-FOND-SANS-TEXTE.png","width":512,"height":512,"caption":"Dicodusport"},"image":{"@id":"https:\/\/dicodusport.fr\/blog\/#\/schema\/logo\/image\/"},"sameAs":["https:\/\/www.facebook.com\/dicodusport","https:\/\/x.com\/dicodusport","https:\/\/www.instagram.com\/dicodusport\/","https:\/\/www.youtube.com\/channel\/UC7V2KZ5sd3htJivAbA4ZG3w"],"description":"Dicodusport est l'encyclop\u00e9die de l'actualit\u00e9 sportive.","email":"bonjour@dicodusport.fr","legalName":"DICODUSPORT","foundingDate":"2018-01-14","vatID":"FR71834470973","taxID":"83447097300043","numberOfEmployees":{"@type":"QuantitativeValue","minValue":"1","maxValue":"10"}},{"@type":"Person","@id":"https:\/\/dicodusport.fr\/blog\/#\/schema\/person\/6db4bae06b171592211be385b32876a7","name":"Emilien Descampiaux","image":{"@type":"ImageObject","inLanguage":"fr-FR","@id":"https:\/\/dicodusport.fr\/blog\/#\/schema\/person\/image\/","url":"https:\/\/dicodusport.fr\/blog\/wp-content\/uploads\/2021\/05\/Emilien-Descampiaux-150x150.jpg","contentUrl":"https:\/\/dicodusport.fr\/blog\/wp-content\/uploads\/2021\/05\/Emilien-Descampiaux-150x150.jpg","caption":"Emilien Descampiaux"},"description":"Journaliste\/r\u00e9dacteur depuis 2014 - Fan de la classe de Frank Vandenbroucke, je vis cyclisme (et de ses paysages) depuis plus de 20 ans. Je suis tr\u00e8s impliqu\u00e9 sur mes diff\u00e9rents r\u00e9seaux sociaux pour partager ma passion sur le monde et l'Histoire de la bicyclette avec ma voix sur les images en noir et blanc du succ\u00e8s de Rik Van Steenbergen lors du Ronde sur le V\u00e9lodrome de Gand.","sameAs":["https:\/\/www.facebook.com\/groups\/LesRoisDuPeloton","https:\/\/x.com\/https:\/\/twitter.com\/LRoisDuPeloton"],"url":"https:\/\/dicodusport.fr\/blog\/author\/emiliend\/"}]}},"_links":{"self":[{"href":"https:\/\/dicodusport.fr\/blog\/wp-json\/wp\/v2\/posts\/641783","targetHints":{"allow":["GET"]}}],"collection":[{"href":"https:\/\/dicodusport.fr\/blog\/wp-json\/wp\/v2\/posts"}],"about":[{"href":"https:\/\/dicodusport.fr\/blog\/wp-json\/wp\/v2\/types\/post"}],"author":[{"embeddable":true,"href":"https:\/\/dicodusport.fr\/blog\/wp-json\/wp\/v2\/users\/48"}],"replies":[{"embeddable":true,"href":"https:\/\/dicodusport.fr\/blog\/wp-json\/wp\/v2\/comments?post=641783"}],"version-history":[{"count":6,"href":"https:\/\/dicodusport.fr\/blog\/wp-json\/wp\/v2\/posts\/641783\/revisions"}],"predecessor-version":[{"id":643464,"href":"https:\/\/dicodusport.fr\/blog\/wp-json\/wp\/v2\/posts\/641783\/revisions\/643464"}],"wp:featuredmedia":[{"embeddable":true,"href":"https:\/\/dicodusport.fr\/blog\/wp-json\/wp\/v2\/media\/643462"}],"wp:attachment":[{"href":"https:\/\/dicodusport.fr\/blog\/wp-json\/wp\/v2\/media?parent=641783"}],"wp:term":[{"taxonomy":"category","embeddable":true,"href":"https:\/\/dicodusport.fr\/blog\/wp-json\/wp\/v2\/categories?post=641783"},{"taxonomy":"post_tag","embeddable":true,"href":"https:\/\/dicodusport.fr\/blog\/wp-json\/wp\/v2\/tags?post=641783"}],"curies":[{"name":"wp","href":"https:\/\/api.w.org\/{rel}","templated":true}]}}