{"id":642002,"date":"2026-01-27T22:03:27","date_gmt":"2026-01-27T21:03:27","guid":{"rendered":"https:\/\/dicodusport.fr\/blog\/?p=642002&#038;preview=true&#038;preview_id=642002"},"modified":"2026-01-27T23:13:11","modified_gmt":"2026-01-27T22:13:11","slug":"magnifique-alban-elezi-cannaferina-troisieme-du-geant-de-schladming-remporte-par-loic-meillard","status":"publish","type":"post","link":"https:\/\/dicodusport.fr\/blog\/magnifique-alban-elezi-cannaferina-troisieme-du-geant-de-schladming-remporte-par-loic-meillard\/","title":{"rendered":"Magnifique Alban Elezi Cannaferina, troisi\u00e8me du g\u00e9ant de Schladming remport\u00e9 par Lo\u00efc Meillard"},"content":{"rendered":"<p style=\"text-align: justify;\"><strong><em>COUPE DU MONDE DE SKI ALPIN 2025\/2026 \u2013 Auteur d\u2019une seconde manche exceptionnelle \u00e0 Schladming, Alban Elezi Cannaferina monte sur le podium et prend une s\u00e9rieuse option sur le 8\u1d49 quota olympique fran\u00e7ais. Victoire de Lo\u00efc Meillard.<\/em><\/strong><\/p>\n<p style=\"text-align: justify;\">\u00c0 quelques jours du lancement des Jeux olympiques de Milan-Cortina, le slalom g\u00e9ant masculin de Schladming avait des allures de r\u00e9p\u00e9tition g\u00e9n\u00e9rale. L\u2019occasion id\u00e9ale pour les meilleurs g\u00e9antistes de la plan\u00e8te de se tester une derni\u00e8re fois, mais aussi un rendez-vous capital c\u00f4t\u00e9 fran\u00e7ais avec l\u2019attribution d\u2019un huiti\u00e8me quota olympique. Des skieurs comme <strong>Alexis Pinturault<\/strong> (dossard 22) ou <strong>Thibaut Favrot<\/strong> (dossard 17) avaient ainsi une carte majeure \u00e0 jouer pour esp\u00e9rer d\u00e9crocher leur ticket pour les Jeux olympiques.<\/p>\n<ul>\n<li style=\"text-align: justify;\"><strong>\u00c0 ce sujet \u2013 <a href=\"https:\/\/dicodusport.fr\/blog\/ski-alpin-coupe-du-monde-2025-2026-le-calendrier-complet\/\">Ski alpin Coupe du monde 2025-2026 : le calendrier complet<\/a><\/strong><\/li>\n<\/ul>\n<h2>Braathen devant, Meillard tout proche<\/h2>\n<p style=\"text-align: justify;\"><strong>Henrik Kristoffersen<\/strong>, dont le p\u00e8re a trac\u00e9 le parcours, s\u2019\u00e9lance avec le dossard 1. Mais le Norv\u00e9gien ne parvient pas \u00e0 se montrer suffisamment offensif. Trop passif, il ne donne jamais l\u2019impression de r\u00e9ellement attaquer la piste. \u00c0 l\u2019inverse, le passage de <strong>Lucas Pinheiro Braathen<\/strong> (dossard 3) est une v\u00e9ritable d\u00e9monstration. Tr\u00e8s engag\u00e9, le Br\u00e9silien r\u00e9alise une premi\u00e8re manche de r\u00e9f\u00e9rence, rel\u00e9guant Kristoffersen \u00e0 2 secondes 18.<\/p>\n<p style=\"text-align: justify;\">Parti juste apr\u00e8s, le Suisse <strong>Lo\u00efc Meillard<\/strong> signe lui aussi une excellente manche, \u00e9chouant \u00e0 seulement six centi\u00e8mes du meilleur temps. <strong>Marco Odermatt<\/strong>, moins tranchant qu\u2019\u00e0 l\u2019accoutum\u00e9e, termine \u00e0 un peu moins d\u2019une seconde du leader.<\/p>\n<div class=\"vlp-link-container vlp-layout-article\"><a href=\"https:\/\/dicodusport.fr\/blog\/geant-hommes-schladming-2026-classement-et-resultats\/\" class=\"vlp-link\" title=\"G\u00e9ant hommes Schladming 2026 - Classement et r\u00e9sultats\"><\/a><div class=\"vlp-layout-zone-side\"><div class=\"vlp-block-4 vlp-link-image\"><img loading=\"lazy\" decoding=\"async\" style=\"max-width: 792px;\" width=\"792\" height=\"445\" src=\"https:\/\/dicodusport.fr\/blog\/wp-content\/uploads\/2026\/01\/Geant-hommes-Schladming-2026-Classement-et-resultats.png\" class=\"attachment-800x445 size-800x445\" alt=\"G\u00e9ant hommes Schladming 2026 - Classement et r\u00e9sultats\" srcset=\"https:\/\/dicodusport.fr\/blog\/wp-content\/uploads\/2026\/01\/Geant-hommes-Schladming-2026-Classement-et-resultats.png 1200w, https:\/\/dicodusport.fr\/blog\/wp-content\/uploads\/2026\/01\/Geant-hommes-Schladming-2026-Classement-et-resultats-300x169.png 300w, https:\/\/dicodusport.fr\/blog\/wp-content\/uploads\/2026\/01\/Geant-hommes-Schladming-2026-Classement-et-resultats-1024x575.png 1024w, https:\/\/dicodusport.fr\/blog\/wp-content\/uploads\/2026\/01\/Geant-hommes-Schladming-2026-Classement-et-resultats-768x431.png 768w\" sizes=\"auto, (max-width: 792px) 100vw, 792px\" \/><\/div><\/div><div class=\"vlp-layout-zone-main\"><div class=\"vlp-block-0 vlp-link-title\">G\u00e9ant hommes Schladming 2026 - Classement et r\u00e9sultats<\/div><div class=\"vlp-block-1 vlp-link-summary\">D\u00e9couvrez les r\u00e9sultats complets et le classement du g\u00e9ant hommes \u00e0 Schladming (Autriche) de la Coupe du monde de ski alpin 2025-2026, qui se dispute ce mardi 27 janvier 2026.<\/div><div class=\"vlp-block-2 vlp-link-button\">Lire l'article<\/div><div class=\"vlp-block-3 vlp-link-url\">dicodusport.fr<\/div><\/div><\/div>\n<p style=\"text-align: justify;\">\u00c0 noter les belles surprises allemandes avec les gros dossards <strong>Fabian Gratz<\/strong> (dossard 19) et <strong>Anton Grammel<\/strong> (dossard 24), respectivement troisi\u00e8me et sixi\u00e8me de cette premi\u00e8re manche. C\u00f4t\u00e9 fran\u00e7ais, gros coup d\u2019<strong>Alban Elezi Cannaferina<\/strong>. Parti avec le dossard 25, il r\u00e9alise une superbe premi\u00e8re manche et se classe huiti\u00e8me, \u00e0 1 seconde 03 de la t\u00eate.<\/p>\n<p style=\"text-align: justify;\">Dans la bataille pour le dernier ticket olympique, <strong>Thibaut Favrot<\/strong> se manque d\u00e8s les premiers virages, sans doute trop impact\u00e9 par l\u2019enjeu. <strong>Alexis Pinturault<\/strong>, plus solide mais sans \u00e9clat, ne commet pas d\u2019erreur majeure sans pour autant signer une manche exceptionnelle. Il parvient toutefois \u00e0 se qualifier pour la seconde manche en 29e position, en tant que dernier qualifi\u00e9.<\/p>\n<h2><strong>Elezi Cannaferina renverse tout et se rapproche des JO<\/strong><\/h2>\n<p style=\"text-align: justify;\"><strong>Alexis Pinturault<\/strong> s\u2019\u00e9lance en premier lors de cette seconde manche. Sans \u00eatre transcendant une nouvelle fois, le skieur de Courchevel assure l\u2019essentiel : il rallie l\u2019arriv\u00e9e et marque de pr\u00e9cieux points. Une performance qui peut lui ouvrir les portes des Jeux olympiques.<\/p>\n<p style=\"text-align: justify;\">La manche s\u2019emballe ensuite avec la tr\u00e8s grosse performance du Belge <strong>Sam Maes<\/strong>, auteur d\u2019une remont\u00e9e spectaculaire et grand gagnant en nombre de places. <strong>Timon Haugan<\/strong> prend un temps la t\u00eate provisoire, mais le sc\u00e9nario bascule totalement quelques instants plus tard.<\/p>\n<p style=\"text-align: justify;\"><strong>Alban Elezi Cannaferina<\/strong>, huiti\u00e8me de la premi\u00e8re manche, r\u00e9alise une seconde manche exceptionnelle. Engag\u00e9 et pr\u00e9cis, le Fran\u00e7ais signe le meilleur temps de la manche, prend la t\u00eate provisoire et valide peut-\u00eatre bien le huiti\u00e8me quota olympique. Un exploit monumental pour celui qui n\u2019avait encore jamais sign\u00e9 le moindre top 10 en g\u00e9ant en Coupe du monde.<\/p>\n<p style=\"text-align: justify;\">Derri\u00e8re lui, <strong>Marco Odermatt<\/strong> ne parvient pas \u00e0 le rattraper, p\u00e9nalis\u00e9 par une grosse faute sur le haut du parcours, tout comme <strong>Fabian Gratz<\/strong>. Le podium est alors assur\u00e9 pour le Fran\u00e7ais.<\/p>\n<p style=\"text-align: justify;\">Mais <strong>Lo\u00efc Meillard<\/strong> n\u2019a pas dit son dernier mot. Le Suisse livre une seconde manche parfaitement ma\u00eetris\u00e9e, reprend la t\u00eate de la course et met une pression maximale sur <strong>Lucas Pinheiro Braathen<\/strong>. Le Br\u00e9silien ne parvient pas \u00e0 faire mieux et doit se contenter de la deuxi\u00e8me place, \u00e0 sept dixi\u00e8mes de Meillard.<\/p>\n<blockquote class=\"twitter-tweet\">\n<p dir=\"ltr\" lang=\"fr\">\ud83e\udd29 \ud835\udc05\ud835\udc1a\ud835\udc27\ud835\udc2d\ud835\udc1a\ud835\udc2c\ud835\udc2d\ud835\udc22\ud835\udc2a\ud835\udc2e\ud835\udc1e, \ud835\udc00\ud835\udc25\ud835\udc1b\ud835\udc1a\ud835\udc27 \ud835\udc04\ud835\udc25\ud835\udc1e\ud835\udc33\ud835\udc22 \ud835\udc02\ud835\udc1a\ud835\udc27\ud835\udc27\ud835\udc1a\ud835\udc1f\ud835\udc1e\ud835\udc2b\ud835\udc22\ud835\udc27\ud835\udc1a !<\/p>\n<p>Le Fran\u00e7ais monte sur le podium \u00e0 Schladming apr\u00e8s avoir r\u00e9alis\u00e9 une deuxi\u00e8me manche venue d&rsquo;ailleurs !<\/p>\n<p>Difficile d&rsquo;imaginer qu&rsquo;il ne soit pas repris pour les JO de <a href=\"https:\/\/twitter.com\/hashtag\/MilanoCortina2026?src=hash&amp;ref_src=twsrc%5Etfw\">#MilanoCortina2026<\/a><a href=\"https:\/\/twitter.com\/hashtag\/ChaletClub?src=hash&amp;ref_src=twsrc%5Etfw\">#ChaletClub<\/a> <a href=\"https:\/\/t.co\/spOd6aCete\">pic.twitter.com\/spOd6aCete<\/a><\/p>\n<p>\u2014 Eurosport France (@Eurosport_FR) <a href=\"https:\/\/twitter.com\/Eurosport_FR\/status\/2016254928348500197?ref_src=twsrc%5Etfw\">January 27, 2026<\/a><\/p><\/blockquote>\n<p><script async src=\"https:\/\/platform.twitter.com\/widgets.js\" charset=\"utf-8\"><\/script><\/p>\n<p style=\"text-align: justify;\">Podium final : <strong>Lo\u00efc Meillard<\/strong> devant <strong>Lucas Pinheiro Braathen<\/strong> et <strong>Alban Elezi Cannaferina<\/strong>. Un r\u00e9sultat exceptionnel pour le Fran\u00e7ais, qui prend une grosse option sur le huiti\u00e8me ticket olympique, \u00e0 moins que <strong>Victor Muffat-Jeandet<\/strong> ne r\u00e9ponde lui aussi par un gros r\u00e9sultat lors de la prochaine course, le slalom autrichien pr\u00e9vu ce mercredi.<\/p>\n<ul>\n<li style=\"text-align: justify;\"><strong>\u00c0 ce sujet \u2013\u00a0<a href=\"https:\/\/dicodusport.fr\/blog\/coupe-du-monde-ski-alpin-classement-general-hommes-mis-a-jour\/\">Coupe du monde Ski alpin : Classement g\u00e9n\u00e9ral hommes mis \u00e0 jour<\/a><\/strong><\/li>\n<\/ul>\n","protected":false},"excerpt":{"rendered":"<p>Auteur d\u2019une seconde manche exceptionnelle \u00e0 Schladming, Alban Elezi Cannaferina monte sur le podium et prend une s\u00e9rieuse option sur le 8\u1d49 quota olympique fran\u00e7ais. Victoire de Lo\u00efc Meillard.<\/p>\n","protected":false},"author":111,"featured_media":642028,"comment_status":"open","ping_status":"closed","sticky":false,"template":"","format":"standard","meta":{"_acf_changed":false,"_daextam_enable_autolinks":"1","footnotes":""},"categories":[47084],"tags":[16878,12586,13905,2233,24],"class_list":["post-642002","post","type-post","status-publish","format-standard","has-post-thumbnail","hentry","category-coupe-du-monde-ski-alpin","tag-breve","tag-coupe-du-monde-de-ski-alpin","tag-schladming","tag-ski-alpin","tag-sport"],"acf":[],"yoast_head":"<!-- This site is optimized with the Yoast SEO Premium plugin v26.7 (Yoast SEO v26.7) - https:\/\/yoast.com\/wordpress\/plugins\/seo\/ -->\n<title>Magnifique Alban Elezi Cannaferina, troisi\u00e8me du g\u00e9ant de Schladming remport\u00e9 par Lo\u00efc Meillard<\/title>\n<meta name=\"description\" content=\"Auteur d\u2019une seconde manche exceptionnelle \u00e0 Schladming, Alban Elezi Cannaferina monte sur le podium du g\u00e9ant.\" \/>\n<meta name=\"robots\" content=\"index, follow, max-snippet:-1, max-image-preview:large, max-video-preview:-1\" \/>\n<link rel=\"canonical\" href=\"https:\/\/dicodusport.fr\/blog\/magnifique-alban-elezi-cannaferina-troisieme-du-geant-de-schladming-remporte-par-loic-meillard\/\" \/>\n<meta property=\"og:locale\" content=\"fr_FR\" \/>\n<meta property=\"og:type\" content=\"article\" \/>\n<meta property=\"og:title\" content=\"Magnifique Alban Elezi Cannaferina, troisi\u00e8me du g\u00e9ant de Schladming remport\u00e9 par Lo\u00efc Meillard\" \/>\n<meta property=\"og:description\" content=\"Auteur d\u2019une seconde manche exceptionnelle \u00e0 Schladming, Alban Elezi Cannaferina monte sur le podium du g\u00e9ant.\" \/>\n<meta property=\"og:url\" content=\"https:\/\/dicodusport.fr\/blog\/magnifique-alban-elezi-cannaferina-troisieme-du-geant-de-schladming-remporte-par-loic-meillard\/\" \/>\n<meta property=\"og:site_name\" content=\"Dicodusport\" \/>\n<meta property=\"article:publisher\" content=\"https:\/\/www.facebook.com\/dicodusport\" \/>\n<meta property=\"article:published_time\" content=\"2026-01-27T21:03:27+00:00\" \/>\n<meta property=\"article:modified_time\" content=\"2026-01-27T22:13:11+00:00\" \/>\n<meta property=\"og:image\" content=\"https:\/\/dicodusport.fr\/blog\/wp-content\/uploads\/2026\/01\/Magnifique-Alban-Elezi-Cannaferina-troisieme-du-geant-de-Schladming-remporte-par-Loic-Meillard-1.png\" \/>\n\t<meta property=\"og:image:width\" content=\"1200\" \/>\n\t<meta property=\"og:image:height\" content=\"674\" \/>\n\t<meta property=\"og:image:type\" content=\"image\/png\" \/>\n<meta name=\"author\" content=\"L\u00e9o Derambure\" \/>\n<meta name=\"twitter:card\" content=\"summary_large_image\" \/>\n<meta name=\"twitter:title\" content=\"Magnifique Alban Elezi Cannaferina, troisi\u00e8me du g\u00e9ant de Schladming remport\u00e9 par Lo\u00efc Meillard\" \/>\n<meta name=\"twitter:creator\" content=\"@dicodusport\" \/>\n<meta name=\"twitter:site\" content=\"@dicodusport\" \/>\n<script type=\"application\/ld+json\" class=\"yoast-schema-graph\">{\"@context\":\"https:\/\/schema.org\",\"@graph\":[{\"@type\":\"NewsArticle\",\"@id\":\"https:\/\/dicodusport.fr\/blog\/magnifique-alban-elezi-cannaferina-troisieme-du-geant-de-schladming-remporte-par-loic-meillard\/#article\",\"isPartOf\":{\"@id\":\"https:\/\/dicodusport.fr\/blog\/magnifique-alban-elezi-cannaferina-troisieme-du-geant-de-schladming-remporte-par-loic-meillard\/\"},\"author\":{\"name\":\"L\u00e9o Derambure\",\"@id\":\"https:\/\/dicodusport.fr\/blog\/#\/schema\/person\/93f03e222ed8da203c940d17ef257295\"},\"headline\":\"Magnifique Alban Elezi Cannaferina, troisi\u00e8me du g\u00e9ant de Schladming remport\u00e9 par Lo\u00efc Meillard\",\"datePublished\":\"2026-01-27T21:03:27+00:00\",\"dateModified\":\"2026-01-27T22:13:11+00:00\",\"mainEntityOfPage\":{\"@id\":\"https:\/\/dicodusport.fr\/blog\/magnifique-alban-elezi-cannaferina-troisieme-du-geant-de-schladming-remporte-par-loic-meillard\/\"},\"wordCount\":857,\"commentCount\":0,\"publisher\":{\"@id\":\"https:\/\/dicodusport.fr\/blog\/#organization\"},\"image\":{\"@id\":\"https:\/\/dicodusport.fr\/blog\/magnifique-alban-elezi-cannaferina-troisieme-du-geant-de-schladming-remporte-par-loic-meillard\/#primaryimage\"},\"thumbnailUrl\":\"https:\/\/dicodusport.fr\/blog\/wp-content\/uploads\/2026\/01\/Magnifique-Alban-Elezi-Cannaferina-troisieme-du-geant-de-Schladming-remporte-par-Loic-Meillard-1.png\",\"keywords\":[\"br\u00e8ve\",\"Coupe du monde de ski alpin\",\"Schladming\",\"Ski alpin\",\"sport\"],\"articleSection\":[\"Coupe du monde de ski alpin\"],\"inLanguage\":\"fr-FR\",\"potentialAction\":[{\"@type\":\"CommentAction\",\"name\":\"Comment\",\"target\":[\"https:\/\/dicodusport.fr\/blog\/magnifique-alban-elezi-cannaferina-troisieme-du-geant-de-schladming-remporte-par-loic-meillard\/#respond\"]}],\"copyrightYear\":\"2026\",\"copyrightHolder\":{\"@id\":\"https:\/\/dicodusport.fr\/blog\/#organization\"}},{\"@type\":\"WebPage\",\"@id\":\"https:\/\/dicodusport.fr\/blog\/magnifique-alban-elezi-cannaferina-troisieme-du-geant-de-schladming-remporte-par-loic-meillard\/\",\"url\":\"https:\/\/dicodusport.fr\/blog\/magnifique-alban-elezi-cannaferina-troisieme-du-geant-de-schladming-remporte-par-loic-meillard\/\",\"name\":\"Magnifique Alban Elezi Cannaferina, troisi\u00e8me du g\u00e9ant de Schladming remport\u00e9 par Lo\u00efc Meillard\",\"isPartOf\":{\"@id\":\"https:\/\/dicodusport.fr\/blog\/#website\"},\"primaryImageOfPage\":{\"@id\":\"https:\/\/dicodusport.fr\/blog\/magnifique-alban-elezi-cannaferina-troisieme-du-geant-de-schladming-remporte-par-loic-meillard\/#primaryimage\"},\"image\":{\"@id\":\"https:\/\/dicodusport.fr\/blog\/magnifique-alban-elezi-cannaferina-troisieme-du-geant-de-schladming-remporte-par-loic-meillard\/#primaryimage\"},\"thumbnailUrl\":\"https:\/\/dicodusport.fr\/blog\/wp-content\/uploads\/2026\/01\/Magnifique-Alban-Elezi-Cannaferina-troisieme-du-geant-de-Schladming-remporte-par-Loic-Meillard-1.png\",\"datePublished\":\"2026-01-27T21:03:27+00:00\",\"dateModified\":\"2026-01-27T22:13:11+00:00\",\"description\":\"Auteur d\u2019une seconde manche exceptionnelle \u00e0 Schladming, Alban Elezi Cannaferina monte sur le podium du g\u00e9ant.\",\"breadcrumb\":{\"@id\":\"https:\/\/dicodusport.fr\/blog\/magnifique-alban-elezi-cannaferina-troisieme-du-geant-de-schladming-remporte-par-loic-meillard\/#breadcrumb\"},\"inLanguage\":\"fr-FR\",\"potentialAction\":[{\"@type\":\"ReadAction\",\"target\":[\"https:\/\/dicodusport.fr\/blog\/magnifique-alban-elezi-cannaferina-troisieme-du-geant-de-schladming-remporte-par-loic-meillard\/\"]}]},{\"@type\":\"ImageObject\",\"inLanguage\":\"fr-FR\",\"@id\":\"https:\/\/dicodusport.fr\/blog\/magnifique-alban-elezi-cannaferina-troisieme-du-geant-de-schladming-remporte-par-loic-meillard\/#primaryimage\",\"url\":\"https:\/\/dicodusport.fr\/blog\/wp-content\/uploads\/2026\/01\/Magnifique-Alban-Elezi-Cannaferina-troisieme-du-geant-de-Schladming-remporte-par-Loic-Meillard-1.png\",\"contentUrl\":\"https:\/\/dicodusport.fr\/blog\/wp-content\/uploads\/2026\/01\/Magnifique-Alban-Elezi-Cannaferina-troisieme-du-geant-de-Schladming-remporte-par-Loic-Meillard-1.png\",\"width\":1200,\"height\":674,\"caption\":\"Magnifique Alban Elezi Cannaferina, troisi\u00e8me du g\u00e9ant de Schladming remport\u00e9 par Lo\u00efc Meillard (1)\"},{\"@type\":\"BreadcrumbList\",\"@id\":\"https:\/\/dicodusport.fr\/blog\/magnifique-alban-elezi-cannaferina-troisieme-du-geant-de-schladming-remporte-par-loic-meillard\/#breadcrumb\",\"itemListElement\":[{\"@type\":\"ListItem\",\"position\":1,\"name\":\"Accueil\",\"item\":\"https:\/\/dicodusport.fr\/blog\/\"},{\"@type\":\"ListItem\",\"position\":2,\"name\":\"Magnifique Alban Elezi Cannaferina, troisi\u00e8me du g\u00e9ant de Schladming remport\u00e9 par Lo\u00efc Meillard\"}]},{\"@type\":\"WebSite\",\"@id\":\"https:\/\/dicodusport.fr\/blog\/#website\",\"url\":\"https:\/\/dicodusport.fr\/blog\/\",\"name\":\"Dicodusport\",\"description\":\"L&#039;encyclop\u00e9die de l&#039;actualit\u00e9 sportive\",\"publisher\":{\"@id\":\"https:\/\/dicodusport.fr\/blog\/#organization\"},\"potentialAction\":[{\"@type\":\"SearchAction\",\"target\":{\"@type\":\"EntryPoint\",\"urlTemplate\":\"https:\/\/dicodusport.fr\/blog\/?s={search_term_string}\"},\"query-input\":{\"@type\":\"PropertyValueSpecification\",\"valueRequired\":true,\"valueName\":\"search_term_string\"}}],\"inLanguage\":\"fr-FR\"},{\"@type\":\"NewsMediaOrganization\",\"@id\":\"https:\/\/dicodusport.fr\/blog\/#organization\",\"name\":\"Dicodusport\",\"url\":\"https:\/\/dicodusport.fr\/blog\/\",\"logo\":{\"@type\":\"ImageObject\",\"inLanguage\":\"fr-FR\",\"@id\":\"https:\/\/dicodusport.fr\/blog\/#\/schema\/logo\/image\/\",\"url\":\"https:\/\/dicodusport.fr\/blog\/wp-content\/uploads\/2020\/06\/cropped-LOGO-DICODUSPORT-2020-SANS-FOND-SANS-TEXTE.png\",\"contentUrl\":\"https:\/\/dicodusport.fr\/blog\/wp-content\/uploads\/2020\/06\/cropped-LOGO-DICODUSPORT-2020-SANS-FOND-SANS-TEXTE.png\",\"width\":512,\"height\":512,\"caption\":\"Dicodusport\"},\"image\":{\"@id\":\"https:\/\/dicodusport.fr\/blog\/#\/schema\/logo\/image\/\"},\"sameAs\":[\"https:\/\/www.facebook.com\/dicodusport\",\"https:\/\/x.com\/dicodusport\",\"https:\/\/www.instagram.com\/dicodusport\/\",\"https:\/\/www.youtube.com\/channel\/UC7V2KZ5sd3htJivAbA4ZG3w\"],\"description\":\"Dicodusport est l'encyclop\u00e9die de l'actualit\u00e9 sportive.\",\"email\":\"bonjour@dicodusport.fr\",\"legalName\":\"DICODUSPORT\",\"foundingDate\":\"2018-01-14\",\"vatID\":\"FR71834470973\",\"taxID\":\"83447097300043\",\"numberOfEmployees\":{\"@type\":\"QuantitativeValue\",\"minValue\":\"1\",\"maxValue\":\"10\"}},{\"@type\":\"Person\",\"@id\":\"https:\/\/dicodusport.fr\/blog\/#\/schema\/person\/93f03e222ed8da203c940d17ef257295\",\"name\":\"L\u00e9o Derambure\",\"image\":{\"@type\":\"ImageObject\",\"inLanguage\":\"fr-FR\",\"@id\":\"https:\/\/dicodusport.fr\/blog\/#\/schema\/person\/image\/\",\"url\":\"https:\/\/dicodusport.fr\/blog\/wp-content\/uploads\/2025\/02\/Maillot-Dicodusport-Lele-150x150.png\",\"contentUrl\":\"https:\/\/dicodusport.fr\/blog\/wp-content\/uploads\/2025\/02\/Maillot-Dicodusport-Lele-150x150.png\",\"caption\":\"L\u00e9o Derambure\"},\"description\":\"Passionn\u00e9 de sport depuis l\u2019enfance, j\u2019ai grandi au rythme des grands \u00e9v\u00e9nements comme les Jeux Olympiques, les championnats du monde d\u2019athl\u00e9tisme et de natation, ou encore le Tour de France sur France T\u00e9l\u00e9visions. Abonn\u00e9 au RC Lens depuis 2008, cette ferveur m\u2019a \u00e9t\u00e9 transmise d\u00e8s l\u2019\u00e2ge de 5 ans par mon grand-p\u00e8re et mon p\u00e8re. Avec Rafael Nadal ou encore Aruna Dindane comme idole, j\u2019ai toujours ressenti l\u2019envie de partager cette passion \u00e0 travers l\u2019\u00e9criture. Apr\u00e8s les Jeux Olympiques de Paris 2024, j\u2019ai franchi le pas en rejoignant l\u2019\u00e9quipe de r\u00e9daction de Dicodusport. Aujourd\u2019hui, je couvre le biathlon, le ski alpin ainsi que les rencontres des clubs fran\u00e7ais en comp\u00e9titions europ\u00e9ennes, avec l'envie de faire vivre chaque instant sportif et de transmettre ces \u00e9motions au lecteur, comme s\u2019il \u00e9tait au c\u0153ur de l\u2019\u00e9v\u00e9nement.\",\"worksFor\":\"L\u00e9o Derambure\",\"url\":\"https:\/\/dicodusport.fr\/blog\/author\/leo-derambure\/\"}]}<\/script>\n<!-- \/ Yoast SEO Premium plugin. -->","yoast_head_json":{"title":"Magnifique Alban Elezi Cannaferina, troisi\u00e8me du g\u00e9ant de Schladming remport\u00e9 par Lo\u00efc Meillard","description":"Auteur d\u2019une seconde manche exceptionnelle \u00e0 Schladming, Alban Elezi Cannaferina monte sur le podium du g\u00e9ant.","robots":{"index":"index","follow":"follow","max-snippet":"max-snippet:-1","max-image-preview":"max-image-preview:large","max-video-preview":"max-video-preview:-1"},"canonical":"https:\/\/dicodusport.fr\/blog\/magnifique-alban-elezi-cannaferina-troisieme-du-geant-de-schladming-remporte-par-loic-meillard\/","og_locale":"fr_FR","og_type":"article","og_title":"Magnifique Alban Elezi Cannaferina, troisi\u00e8me du g\u00e9ant de Schladming remport\u00e9 par Lo\u00efc Meillard","og_description":"Auteur d\u2019une seconde manche exceptionnelle \u00e0 Schladming, Alban Elezi Cannaferina monte sur le podium du g\u00e9ant.","og_url":"https:\/\/dicodusport.fr\/blog\/magnifique-alban-elezi-cannaferina-troisieme-du-geant-de-schladming-remporte-par-loic-meillard\/","og_site_name":"Dicodusport","article_publisher":"https:\/\/www.facebook.com\/dicodusport","article_published_time":"2026-01-27T21:03:27+00:00","article_modified_time":"2026-01-27T22:13:11+00:00","og_image":[{"width":1200,"height":674,"url":"https:\/\/dicodusport.fr\/blog\/wp-content\/uploads\/2026\/01\/Magnifique-Alban-Elezi-Cannaferina-troisieme-du-geant-de-Schladming-remporte-par-Loic-Meillard-1.png","type":"image\/png"}],"author":"L\u00e9o Derambure","twitter_card":"summary_large_image","twitter_title":"Magnifique Alban Elezi Cannaferina, troisi\u00e8me du g\u00e9ant de Schladming remport\u00e9 par Lo\u00efc Meillard","twitter_creator":"@dicodusport","twitter_site":"@dicodusport","schema":{"@context":"https:\/\/schema.org","@graph":[{"@type":"NewsArticle","@id":"https:\/\/dicodusport.fr\/blog\/magnifique-alban-elezi-cannaferina-troisieme-du-geant-de-schladming-remporte-par-loic-meillard\/#article","isPartOf":{"@id":"https:\/\/dicodusport.fr\/blog\/magnifique-alban-elezi-cannaferina-troisieme-du-geant-de-schladming-remporte-par-loic-meillard\/"},"author":{"name":"L\u00e9o Derambure","@id":"https:\/\/dicodusport.fr\/blog\/#\/schema\/person\/93f03e222ed8da203c940d17ef257295"},"headline":"Magnifique Alban Elezi Cannaferina, troisi\u00e8me du g\u00e9ant de Schladming remport\u00e9 par Lo\u00efc Meillard","datePublished":"2026-01-27T21:03:27+00:00","dateModified":"2026-01-27T22:13:11+00:00","mainEntityOfPage":{"@id":"https:\/\/dicodusport.fr\/blog\/magnifique-alban-elezi-cannaferina-troisieme-du-geant-de-schladming-remporte-par-loic-meillard\/"},"wordCount":857,"commentCount":0,"publisher":{"@id":"https:\/\/dicodusport.fr\/blog\/#organization"},"image":{"@id":"https:\/\/dicodusport.fr\/blog\/magnifique-alban-elezi-cannaferina-troisieme-du-geant-de-schladming-remporte-par-loic-meillard\/#primaryimage"},"thumbnailUrl":"https:\/\/dicodusport.fr\/blog\/wp-content\/uploads\/2026\/01\/Magnifique-Alban-Elezi-Cannaferina-troisieme-du-geant-de-Schladming-remporte-par-Loic-Meillard-1.png","keywords":["br\u00e8ve","Coupe du monde de ski alpin","Schladming","Ski alpin","sport"],"articleSection":["Coupe du monde de ski alpin"],"inLanguage":"fr-FR","potentialAction":[{"@type":"CommentAction","name":"Comment","target":["https:\/\/dicodusport.fr\/blog\/magnifique-alban-elezi-cannaferina-troisieme-du-geant-de-schladming-remporte-par-loic-meillard\/#respond"]}],"copyrightYear":"2026","copyrightHolder":{"@id":"https:\/\/dicodusport.fr\/blog\/#organization"}},{"@type":"WebPage","@id":"https:\/\/dicodusport.fr\/blog\/magnifique-alban-elezi-cannaferina-troisieme-du-geant-de-schladming-remporte-par-loic-meillard\/","url":"https:\/\/dicodusport.fr\/blog\/magnifique-alban-elezi-cannaferina-troisieme-du-geant-de-schladming-remporte-par-loic-meillard\/","name":"Magnifique Alban Elezi Cannaferina, troisi\u00e8me du g\u00e9ant de Schladming remport\u00e9 par Lo\u00efc Meillard","isPartOf":{"@id":"https:\/\/dicodusport.fr\/blog\/#website"},"primaryImageOfPage":{"@id":"https:\/\/dicodusport.fr\/blog\/magnifique-alban-elezi-cannaferina-troisieme-du-geant-de-schladming-remporte-par-loic-meillard\/#primaryimage"},"image":{"@id":"https:\/\/dicodusport.fr\/blog\/magnifique-alban-elezi-cannaferina-troisieme-du-geant-de-schladming-remporte-par-loic-meillard\/#primaryimage"},"thumbnailUrl":"https:\/\/dicodusport.fr\/blog\/wp-content\/uploads\/2026\/01\/Magnifique-Alban-Elezi-Cannaferina-troisieme-du-geant-de-Schladming-remporte-par-Loic-Meillard-1.png","datePublished":"2026-01-27T21:03:27+00:00","dateModified":"2026-01-27T22:13:11+00:00","description":"Auteur d\u2019une seconde manche exceptionnelle \u00e0 Schladming, Alban Elezi Cannaferina monte sur le podium du g\u00e9ant.","breadcrumb":{"@id":"https:\/\/dicodusport.fr\/blog\/magnifique-alban-elezi-cannaferina-troisieme-du-geant-de-schladming-remporte-par-loic-meillard\/#breadcrumb"},"inLanguage":"fr-FR","potentialAction":[{"@type":"ReadAction","target":["https:\/\/dicodusport.fr\/blog\/magnifique-alban-elezi-cannaferina-troisieme-du-geant-de-schladming-remporte-par-loic-meillard\/"]}]},{"@type":"ImageObject","inLanguage":"fr-FR","@id":"https:\/\/dicodusport.fr\/blog\/magnifique-alban-elezi-cannaferina-troisieme-du-geant-de-schladming-remporte-par-loic-meillard\/#primaryimage","url":"https:\/\/dicodusport.fr\/blog\/wp-content\/uploads\/2026\/01\/Magnifique-Alban-Elezi-Cannaferina-troisieme-du-geant-de-Schladming-remporte-par-Loic-Meillard-1.png","contentUrl":"https:\/\/dicodusport.fr\/blog\/wp-content\/uploads\/2026\/01\/Magnifique-Alban-Elezi-Cannaferina-troisieme-du-geant-de-Schladming-remporte-par-Loic-Meillard-1.png","width":1200,"height":674,"caption":"Magnifique Alban Elezi Cannaferina, troisi\u00e8me du g\u00e9ant de Schladming remport\u00e9 par Lo\u00efc Meillard (1)"},{"@type":"BreadcrumbList","@id":"https:\/\/dicodusport.fr\/blog\/magnifique-alban-elezi-cannaferina-troisieme-du-geant-de-schladming-remporte-par-loic-meillard\/#breadcrumb","itemListElement":[{"@type":"ListItem","position":1,"name":"Accueil","item":"https:\/\/dicodusport.fr\/blog\/"},{"@type":"ListItem","position":2,"name":"Magnifique Alban Elezi Cannaferina, troisi\u00e8me du g\u00e9ant de Schladming remport\u00e9 par Lo\u00efc Meillard"}]},{"@type":"WebSite","@id":"https:\/\/dicodusport.fr\/blog\/#website","url":"https:\/\/dicodusport.fr\/blog\/","name":"Dicodusport","description":"L&#039;encyclop\u00e9die de l&#039;actualit\u00e9 sportive","publisher":{"@id":"https:\/\/dicodusport.fr\/blog\/#organization"},"potentialAction":[{"@type":"SearchAction","target":{"@type":"EntryPoint","urlTemplate":"https:\/\/dicodusport.fr\/blog\/?s={search_term_string}"},"query-input":{"@type":"PropertyValueSpecification","valueRequired":true,"valueName":"search_term_string"}}],"inLanguage":"fr-FR"},{"@type":"NewsMediaOrganization","@id":"https:\/\/dicodusport.fr\/blog\/#organization","name":"Dicodusport","url":"https:\/\/dicodusport.fr\/blog\/","logo":{"@type":"ImageObject","inLanguage":"fr-FR","@id":"https:\/\/dicodusport.fr\/blog\/#\/schema\/logo\/image\/","url":"https:\/\/dicodusport.fr\/blog\/wp-content\/uploads\/2020\/06\/cropped-LOGO-DICODUSPORT-2020-SANS-FOND-SANS-TEXTE.png","contentUrl":"https:\/\/dicodusport.fr\/blog\/wp-content\/uploads\/2020\/06\/cropped-LOGO-DICODUSPORT-2020-SANS-FOND-SANS-TEXTE.png","width":512,"height":512,"caption":"Dicodusport"},"image":{"@id":"https:\/\/dicodusport.fr\/blog\/#\/schema\/logo\/image\/"},"sameAs":["https:\/\/www.facebook.com\/dicodusport","https:\/\/x.com\/dicodusport","https:\/\/www.instagram.com\/dicodusport\/","https:\/\/www.youtube.com\/channel\/UC7V2KZ5sd3htJivAbA4ZG3w"],"description":"Dicodusport est l'encyclop\u00e9die de l'actualit\u00e9 sportive.","email":"bonjour@dicodusport.fr","legalName":"DICODUSPORT","foundingDate":"2018-01-14","vatID":"FR71834470973","taxID":"83447097300043","numberOfEmployees":{"@type":"QuantitativeValue","minValue":"1","maxValue":"10"}},{"@type":"Person","@id":"https:\/\/dicodusport.fr\/blog\/#\/schema\/person\/93f03e222ed8da203c940d17ef257295","name":"L\u00e9o Derambure","image":{"@type":"ImageObject","inLanguage":"fr-FR","@id":"https:\/\/dicodusport.fr\/blog\/#\/schema\/person\/image\/","url":"https:\/\/dicodusport.fr\/blog\/wp-content\/uploads\/2025\/02\/Maillot-Dicodusport-Lele-150x150.png","contentUrl":"https:\/\/dicodusport.fr\/blog\/wp-content\/uploads\/2025\/02\/Maillot-Dicodusport-Lele-150x150.png","caption":"L\u00e9o Derambure"},"description":"Passionn\u00e9 de sport depuis l\u2019enfance, j\u2019ai grandi au rythme des grands \u00e9v\u00e9nements comme les Jeux Olympiques, les championnats du monde d\u2019athl\u00e9tisme et de natation, ou encore le Tour de France sur France T\u00e9l\u00e9visions. Abonn\u00e9 au RC Lens depuis 2008, cette ferveur m\u2019a \u00e9t\u00e9 transmise d\u00e8s l\u2019\u00e2ge de 5 ans par mon grand-p\u00e8re et mon p\u00e8re. Avec Rafael Nadal ou encore Aruna Dindane comme idole, j\u2019ai toujours ressenti l\u2019envie de partager cette passion \u00e0 travers l\u2019\u00e9criture. Apr\u00e8s les Jeux Olympiques de Paris 2024, j\u2019ai franchi le pas en rejoignant l\u2019\u00e9quipe de r\u00e9daction de Dicodusport. Aujourd\u2019hui, je couvre le biathlon, le ski alpin ainsi que les rencontres des clubs fran\u00e7ais en comp\u00e9titions europ\u00e9ennes, avec l'envie de faire vivre chaque instant sportif et de transmettre ces \u00e9motions au lecteur, comme s\u2019il \u00e9tait au c\u0153ur de l\u2019\u00e9v\u00e9nement.","worksFor":"L\u00e9o Derambure","url":"https:\/\/dicodusport.fr\/blog\/author\/leo-derambure\/"}]}},"_links":{"self":[{"href":"https:\/\/dicodusport.fr\/blog\/wp-json\/wp\/v2\/posts\/642002","targetHints":{"allow":["GET"]}}],"collection":[{"href":"https:\/\/dicodusport.fr\/blog\/wp-json\/wp\/v2\/posts"}],"about":[{"href":"https:\/\/dicodusport.fr\/blog\/wp-json\/wp\/v2\/types\/post"}],"author":[{"embeddable":true,"href":"https:\/\/dicodusport.fr\/blog\/wp-json\/wp\/v2\/users\/111"}],"replies":[{"embeddable":true,"href":"https:\/\/dicodusport.fr\/blog\/wp-json\/wp\/v2\/comments?post=642002"}],"version-history":[{"count":5,"href":"https:\/\/dicodusport.fr\/blog\/wp-json\/wp\/v2\/posts\/642002\/revisions"}],"predecessor-version":[{"id":642021,"href":"https:\/\/dicodusport.fr\/blog\/wp-json\/wp\/v2\/posts\/642002\/revisions\/642021"}],"wp:featuredmedia":[{"embeddable":true,"href":"https:\/\/dicodusport.fr\/blog\/wp-json\/wp\/v2\/media\/642028"}],"wp:attachment":[{"href":"https:\/\/dicodusport.fr\/blog\/wp-json\/wp\/v2\/media?parent=642002"}],"wp:term":[{"taxonomy":"category","embeddable":true,"href":"https:\/\/dicodusport.fr\/blog\/wp-json\/wp\/v2\/categories?post=642002"},{"taxonomy":"post_tag","embeddable":true,"href":"https:\/\/dicodusport.fr\/blog\/wp-json\/wp\/v2\/tags?post=642002"}],"curies":[{"name":"wp","href":"https:\/\/api.w.org\/{rel}","templated":true}]}}