{"id":642022,"date":"2026-01-28T18:00:57","date_gmt":"2026-01-28T17:00:57","guid":{"rendered":"https:\/\/dicodusport.fr\/blog\/?p=642022&#038;preview=true&#038;preview_id=642022"},"modified":"2026-01-28T17:43:50","modified_gmt":"2026-01-28T16:43:50","slug":"edito-teddy-thomas-au-stade-toulousain-on-l-attend-la-ou-il-n-a-pas-besoin-de-l-etre","status":"publish","type":"post","link":"https:\/\/dicodusport.fr\/blog\/edito-teddy-thomas-au-stade-toulousain-on-l-attend-la-ou-il-n-a-pas-besoin-de-l-etre\/","title":{"rendered":"\u00c9dito : Teddy Thomas au Stade Toulousain, on l\u2019attend l\u00e0 o\u00f9 il n\u2019a pas besoin de l\u2019\u00eatre"},"content":{"rendered":"<p style=\"text-align: justify;\"><strong><em>\u00c9DITO &#8211; Souvent jug\u00e9 sur ce qu\u2019il ne fait pas, le r\u00f4le de Teddy Thomas au Stade Toulousain est-il mal compris ? Mission r\u00e9elle et attentes biais\u00e9es : d\u00e9cryptage d\u2019un malentendu.<\/em><\/strong><\/p>\n<p style=\"text-align: justify;\">\u00c0 <strong>Toulouse<\/strong>, les attentes sont souvent \u00e0 la hauteur de la l\u00e9gende. <a href=\"https:\/\/dicodusport.fr\/blog\/transferts-la-rochelle-teddy-thomas-signe-finalement-avec-un-cador-du-top-14\/\">Quand <strong>Teddy Thomas<\/strong> d\u00e9barque au <strong>Stade Toulousain<\/strong><\/a>, l\u2019imaginaire collectif s\u2019emballe aussit\u00f4t : travers\u00e9es de terrain, d\u00e9fenseurs d\u00e9pos\u00e9s, essais venus d\u2019ailleurs. Bref, le <strong>Teddy Thomas<\/strong> des <em>highlights<\/em>. Le probl\u00e8me ? Ce Teddy-l\u00e0 n\u2019est pas forc\u00e9ment celui dont Toulouse a besoin aujourd\u2019hui.<\/p>\n<h2 style=\"text-align: justify;\">Des chiffres qui parlent, malgr\u00e9 le bruit<\/h2>\n<p style=\"text-align: justify;\">Car pendant que le d\u00e9bat m\u00e9diatique s\u2019enlise dans une attente presque nostalgique, la r\u00e9alit\u00e9 du terrain raconte une autre histoire. Une histoire beaucoup plus simple, beaucoup plus factuelle : sept essais sur ses huit derniers matchs. Des chiffres nets, sans fioritures, qui disent une chose essentielle : <strong>Thomas<\/strong> marque. Souvent. R\u00e9guli\u00e8rement. Et dans une \u00e9quipe o\u00f9 finir les coups n\u2019est jamais un acquis.<\/p>\n<p style=\"text-align: justify;\">Pourtant, le proc\u00e8s continue. Et avec lui, le poids d\u2019un imaginaire tenace. Fin d\u00e9cembre, \u00e0 l\u2019heure de dresser un premier bilan des recrues phares de la saison en cours de <a href=\"https:\/\/dicodusport.fr\/blog\/actualites\/rugby\/rugby-a-xv\/top-14\/\"><strong>Top 14<\/strong><\/a>, certains confr\u00e8res jugent encore <strong>Thomas<\/strong> \u00e0 l\u2019aune de ce qu\u2019il ne fait pas (ou plus) \u2014 les courses solitaires de 100 m\u00e8tres, les \u00e9clairs individuels \u2014 plut\u00f4t qu\u2019\u00e0 partir de ce qu\u2019on lui demande r\u00e9ellement. \u00c0 <strong>Toulouse<\/strong>, l\u2019ailier\/centre n\u2019est pas un \u00e9lectron libre : il est un maillon. Un \u00e9l\u00e9ment d\u2019un syst\u00e8me o\u00f9 la circulation du ballon, le timing et la lecture collective priment sur l\u2019exploit isol\u00e9.<\/p>\n<div class=\"vlp-link-container vlp-layout-article\"><a href=\"https:\/\/dicodusport.fr\/blog\/edito-le-stade-rochelais-ne-fait-plus-peur-a-personne-et-ce-nest-pas-un-hasard\/\" class=\"vlp-link\" title=\"\u00c9dito : Le Stade Rochelais ne fait plus peur \u00e0 personne, et ce n\u2019est pas un hasard\"><\/a><div class=\"vlp-layout-zone-side\"><div class=\"vlp-block-4 vlp-link-image\"><img loading=\"lazy\" decoding=\"async\" style=\"max-width: 792px;\" width=\"792\" height=\"445\" src=\"https:\/\/dicodusport.fr\/blog\/wp-content\/uploads\/2026\/01\/Edito-Le-Stade-Rochelais-ne-fait-plus-peur-a-personne-et-ce-nest-pas-un-hasard.png\" class=\"attachment-800x445 size-800x445\" alt=\"\u00c9dito Le Stade Rochelais ne fait plus peur \u00e0 personne, et ce n\u2019est pas un hasard\" srcset=\"https:\/\/dicodusport.fr\/blog\/wp-content\/uploads\/2026\/01\/Edito-Le-Stade-Rochelais-ne-fait-plus-peur-a-personne-et-ce-nest-pas-un-hasard.png 1200w, https:\/\/dicodusport.fr\/blog\/wp-content\/uploads\/2026\/01\/Edito-Le-Stade-Rochelais-ne-fait-plus-peur-a-personne-et-ce-nest-pas-un-hasard-300x169.png 300w, https:\/\/dicodusport.fr\/blog\/wp-content\/uploads\/2026\/01\/Edito-Le-Stade-Rochelais-ne-fait-plus-peur-a-personne-et-ce-nest-pas-un-hasard-1024x575.png 1024w, https:\/\/dicodusport.fr\/blog\/wp-content\/uploads\/2026\/01\/Edito-Le-Stade-Rochelais-ne-fait-plus-peur-a-personne-et-ce-nest-pas-un-hasard-768x431.png 768w\" sizes=\"auto, (max-width: 792px) 100vw, 792px\" \/><\/div><\/div><div class=\"vlp-layout-zone-main\"><div class=\"vlp-block-0 vlp-link-title\">\u00c9dito : Le Stade Rochelais ne fait plus peur \u00e0 personne, et ce n\u2019est pas un hasard<\/div><div class=\"vlp-block-1 vlp-link-summary\">\u00c9dito \u2013 \u00c9limin\u00e9 en phase de poules de Champions Cup, le Stade Rochelais paie l\u2019usure d\u2019un mod\u00e8le et de ses cadres. D\u00e9cryptage sans langue de bois.<\/div><div class=\"vlp-block-2 vlp-link-button\">Lire l'article<\/div><div class=\"vlp-block-3 vlp-link-url\">dicodusport.fr<\/div><\/div><\/div>\n<h2 style=\"text-align: justify;\">Efficace plut\u00f4t que spectaculaire<\/h2>\n<p style=\"text-align: justify;\">C\u2019est sans doute l\u00e0 que se niche le malentendu. Le <a href=\"https:\/\/dicodusport.fr\/blog\/le-su-agen-va-recruter-trois-joueurs-du-stade-toulousain\/\"><strong>Stade Toulousain<\/strong><\/a> n\u2019a pas recrut\u00e9 <strong>Teddy Thomas<\/strong> pour sauver son attaque. Il n\u2019en avait pas besoin. Il l\u2019a recrut\u00e9 pour s\u00e9curiser une aile, offrir une solution fiable et exp\u00e9riment\u00e9e, capable de conclure lorsque l\u2019occasion se pr\u00e9sente. Et dans ce r\u00f4le-l\u00e0, <strong>Thomas<\/strong> r\u00e9pond pr\u00e9sent. Sans bruit. Sans poudre aux yeux. Mais avec une efficacit\u00e9 qui, elle, ne se discute pas.<\/p>\n<p style=\"text-align: justify;\">\u00c0 force d\u2019attendre qu\u2019il traverse le terrain, on oublie qu\u2019il traverse d\u00e9j\u00e0 les feuilles de match. \u00c0 force de chercher le spectaculaire, on n\u00e9glige la continuit\u00e9. Or <strong>Toulouse<\/strong> gagne rarement sur des coups d\u2019\u00e9clat isol\u00e9s : il gagne sur sa force collective, sur la ma\u00eetrise, sur la r\u00e9p\u00e9tition des bonnes d\u00e9cisions. <strong>Thomas<\/strong> s\u2019est fondu dans ce moule exigeant, quitte \u00e0 y perdre en visibilit\u00e9 ce qu\u2019il gagne en utilit\u00e9.<\/p>\n<h2 style=\"text-align: justify;\">Le paradoxe Thomas<\/h2>\n<p style=\"text-align: justify;\">Finalement, le paradoxe est l\u00e0. <strong>Teddy Thomas<\/strong> est critiqu\u00e9 non pas pour ce qu\u2019il fait mal, mais pour ce qu\u2019il ne fait plus \u2014 ou plut\u00f4t pour ce que l\u2019on aimerait encore qu\u2019il fasse. Mais le rugby n\u2019est pas un mus\u00e9e des souvenirs. \u00c0 <strong>Toulouse<\/strong>, il est un sport de rendement collectif.<\/p>\n<p style=\"text-align: justify;\">Et tant que <strong>Thomas<\/strong> continuera \u00e0 marquer, \u00e0 s\u2019ins\u00e9rer dans le jeu et \u00e0 r\u00e9pondre aux besoins r\u00e9els de l\u2019\u00e9quipe comme aux attentes du staff, il restera une pi\u00e8ce pr\u00e9cieuse d\u2019un puzzle qui, lui, fonctionne. Le probl\u00e8me n\u2019est donc pas <strong>Teddy Thomas<\/strong>. Le probl\u00e8me, c\u2019est l\u2019endroit o\u00f9 on l\u2019attend. Et si l\u2019on est vraiment objectif, il est aujourd\u2019hui au bon endroit, au bon moment.<\/p>\n<h3 style=\"text-align: justify;\">Dicodusport vous conseille<\/h3>\n<div class=\"vlp-link-container vlp-layout-article\"><a href=\"https:\/\/dicodusport.fr\/blog\/edito-xv-de-france-jalibert-vs-ntamack-et-si-on-se-trompait-de-debat\/\" class=\"vlp-link\" title=\"\u00c9dito - XV de France : Jalibert vs Ntamack... et si on se trompait de d\u00e9bat ?\"><\/a><div class=\"vlp-layout-zone-side\"><div class=\"vlp-block-4 vlp-link-image\"><img loading=\"lazy\" decoding=\"async\" style=\"max-width: 792px;\" width=\"792\" height=\"445\" src=\"https:\/\/dicodusport.fr\/blog\/wp-content\/uploads\/2026\/01\/Edito-XV-de-France-Jalibert-vs-Ntamack-et-si-on-se-trompait-de-debat-.png\" class=\"attachment-800x445 size-800x445\" alt=\"\u00c9dito - XV de France Jalibert vs Ntamack, et si on se trompait de d\u00e9bat\" srcset=\"https:\/\/dicodusport.fr\/blog\/wp-content\/uploads\/2026\/01\/Edito-XV-de-France-Jalibert-vs-Ntamack-et-si-on-se-trompait-de-debat-.png 1200w, https:\/\/dicodusport.fr\/blog\/wp-content\/uploads\/2026\/01\/Edito-XV-de-France-Jalibert-vs-Ntamack-et-si-on-se-trompait-de-debat--300x169.png 300w, https:\/\/dicodusport.fr\/blog\/wp-content\/uploads\/2026\/01\/Edito-XV-de-France-Jalibert-vs-Ntamack-et-si-on-se-trompait-de-debat--1024x575.png 1024w, https:\/\/dicodusport.fr\/blog\/wp-content\/uploads\/2026\/01\/Edito-XV-de-France-Jalibert-vs-Ntamack-et-si-on-se-trompait-de-debat--768x431.png 768w\" sizes=\"auto, (max-width: 792px) 100vw, 792px\" \/><\/div><\/div><div class=\"vlp-layout-zone-main\"><div class=\"vlp-block-0 vlp-link-title\">\u00c9dito - XV de France : Jalibert vs Ntamack... et si on se trompait de d\u00e9bat ?<\/div><div class=\"vlp-block-1 vlp-link-summary\">\u00c9dito sur le XV de France : le duel Ntamack\u2013Jalibert occupe tout l\u2019espace m\u00e9diatique, ou quand la vraie question du projet de jeu des Bleus est occult\u00e9e.<\/div><div class=\"vlp-block-2 vlp-link-button\">Lire l'article<\/div><div class=\"vlp-block-3 vlp-link-url\">dicodusport.fr<\/div><\/div><\/div>\n<div id=\"gtx-trans\" style=\"position: absolute; left: -14px; top: 40.9091px;\">\n<div class=\"gtx-trans-icon\"><\/div>\n<\/div>\n","protected":false},"excerpt":{"rendered":"<p>Souvent jug\u00e9 sur ce qu\u2019il ne fait pas, le r\u00f4le de Teddy Thomas au Stade Toulousain est-il mal compris ? Mission r\u00e9elle et attentes biais\u00e9es : d\u00e9cryptage d\u2019un malentendu.<\/p>\n","protected":false},"author":4,"featured_media":642041,"comment_status":"open","ping_status":"closed","sticky":false,"template":"","format":"standard","meta":{"_acf_changed":false,"_daextam_enable_autolinks":"1","footnotes":""},"categories":[4940,47050],"tags":[16878,5894,24,4008,2548,111],"class_list":["post-642022","post","type-post","status-publish","format-standard","has-post-thumbnail","hentry","category-edito","category-top-14","tag-breve","tag-edito","tag-sport","tag-stade-toulousain","tag-teddy-thomas","tag-top-14"],"acf":[],"yoast_head":"<!-- This site is optimized with the Yoast SEO Premium plugin v26.7 (Yoast SEO v26.7) - https:\/\/yoast.com\/wordpress\/plugins\/seo\/ -->\n<title>\u00c9dito : Teddy Thomas au Stade Toulousain, on l\u2019attend l\u00e0 o\u00f9 il n\u2019a pas besoin de l\u2019\u00eatre<\/title>\n<meta name=\"description\" content=\"\u00c9DITO - Souvent jug\u00e9 sur ce qu\u2019il ne fait pas, le r\u00f4le de Teddy Thomas au Stade Toulousain est-il mal compris ? Mission r\u00e9elle et attentes biais\u00e9es : d\u00e9cryptage d\u2019un malentendu.\" \/>\n<meta name=\"robots\" content=\"index, follow, max-snippet:-1, max-image-preview:large, max-video-preview:-1\" \/>\n<link rel=\"canonical\" href=\"https:\/\/dicodusport.fr\/blog\/edito-teddy-thomas-au-stade-toulousain-on-l-attend-la-ou-il-n-a-pas-besoin-de-l-etre\/\" \/>\n<meta property=\"og:locale\" content=\"fr_FR\" \/>\n<meta property=\"og:type\" content=\"article\" \/>\n<meta property=\"og:title\" content=\"\u00c9dito : Teddy Thomas au Stade Toulousain, on l\u2019attend l\u00e0 o\u00f9 il n\u2019a pas besoin de l\u2019\u00eatre\" \/>\n<meta property=\"og:description\" content=\"\u00c9DITO - Souvent jug\u00e9 sur ce qu\u2019il ne fait pas, le r\u00f4le de Teddy Thomas au Stade Toulousain est-il mal compris ? Mission r\u00e9elle et attentes biais\u00e9es : d\u00e9cryptage d\u2019un malentendu.\" \/>\n<meta property=\"og:url\" content=\"https:\/\/dicodusport.fr\/blog\/edito-teddy-thomas-au-stade-toulousain-on-l-attend-la-ou-il-n-a-pas-besoin-de-l-etre\/\" \/>\n<meta property=\"og:site_name\" content=\"Dicodusport\" \/>\n<meta property=\"article:publisher\" content=\"https:\/\/www.facebook.com\/dicodusport\" \/>\n<meta property=\"article:author\" content=\"https:\/\/www.facebook.com\/florent.ostermann\" \/>\n<meta property=\"article:published_time\" content=\"2026-01-28T17:00:57+00:00\" \/>\n<meta property=\"og:image\" content=\"https:\/\/dicodusport.fr\/blog\/wp-content\/uploads\/2026\/01\/Edito-Teddy-Thomas-au-Stade-Toulousain-on-lattend-la-ou-il-na-pas-besoin-de-letre.png\" \/>\n\t<meta property=\"og:image:width\" content=\"1200\" \/>\n\t<meta property=\"og:image:height\" content=\"674\" \/>\n\t<meta property=\"og:image:type\" content=\"image\/png\" \/>\n<meta name=\"author\" content=\"Flo Ostermann\" \/>\n<meta name=\"twitter:card\" content=\"summary_large_image\" \/>\n<meta name=\"twitter:title\" content=\"\u00c9dito : Teddy Thomas au Stade Toulousain, on l\u2019attend l\u00e0 o\u00f9 il n\u2019a pas besoin de l\u2019\u00eatre\" \/>\n<meta name=\"twitter:creator\" content=\"@https:\/\/twitter.com\/FlOstermann\" \/>\n<meta name=\"twitter:site\" content=\"@dicodusport\" \/>\n<script type=\"application\/ld+json\" class=\"yoast-schema-graph\">{\"@context\":\"https:\/\/schema.org\",\"@graph\":[{\"@type\":\"NewsArticle\",\"@id\":\"https:\/\/dicodusport.fr\/blog\/edito-teddy-thomas-au-stade-toulousain-on-l-attend-la-ou-il-n-a-pas-besoin-de-l-etre\/#article\",\"isPartOf\":{\"@id\":\"https:\/\/dicodusport.fr\/blog\/edito-teddy-thomas-au-stade-toulousain-on-l-attend-la-ou-il-n-a-pas-besoin-de-l-etre\/\"},\"author\":{\"name\":\"Flo Ostermann\",\"@id\":\"https:\/\/dicodusport.fr\/blog\/#\/schema\/person\/cb02af4c173ce4a653b55e9baf388d4a\"},\"headline\":\"\u00c9dito : Teddy Thomas au Stade Toulousain, on l\u2019attend l\u00e0 o\u00f9 il n\u2019a pas besoin de l\u2019\u00eatre\",\"datePublished\":\"2026-01-28T17:00:57+00:00\",\"mainEntityOfPage\":{\"@id\":\"https:\/\/dicodusport.fr\/blog\/edito-teddy-thomas-au-stade-toulousain-on-l-attend-la-ou-il-n-a-pas-besoin-de-l-etre\/\"},\"wordCount\":782,\"commentCount\":4,\"publisher\":{\"@id\":\"https:\/\/dicodusport.fr\/blog\/#organization\"},\"image\":{\"@id\":\"https:\/\/dicodusport.fr\/blog\/edito-teddy-thomas-au-stade-toulousain-on-l-attend-la-ou-il-n-a-pas-besoin-de-l-etre\/#primaryimage\"},\"thumbnailUrl\":\"https:\/\/dicodusport.fr\/blog\/wp-content\/uploads\/2026\/01\/Edito-Teddy-Thomas-au-Stade-Toulousain-on-lattend-la-ou-il-na-pas-besoin-de-letre.png\",\"keywords\":[\"br\u00e8ve\",\"Edito\",\"sport\",\"Stade Toulousain\",\"Teddy Thomas\",\"Top 14\"],\"articleSection\":[\"Edito\",\"Top 14\"],\"inLanguage\":\"fr-FR\",\"potentialAction\":[{\"@type\":\"CommentAction\",\"name\":\"Comment\",\"target\":[\"https:\/\/dicodusport.fr\/blog\/edito-teddy-thomas-au-stade-toulousain-on-l-attend-la-ou-il-n-a-pas-besoin-de-l-etre\/#respond\"]}],\"copyrightYear\":\"2026\",\"copyrightHolder\":{\"@id\":\"https:\/\/dicodusport.fr\/blog\/#organization\"}},{\"@type\":\"WebPage\",\"@id\":\"https:\/\/dicodusport.fr\/blog\/edito-teddy-thomas-au-stade-toulousain-on-l-attend-la-ou-il-n-a-pas-besoin-de-l-etre\/\",\"url\":\"https:\/\/dicodusport.fr\/blog\/edito-teddy-thomas-au-stade-toulousain-on-l-attend-la-ou-il-n-a-pas-besoin-de-l-etre\/\",\"name\":\"\u00c9dito : Teddy Thomas au Stade Toulousain, on l\u2019attend l\u00e0 o\u00f9 il n\u2019a pas besoin de l\u2019\u00eatre\",\"isPartOf\":{\"@id\":\"https:\/\/dicodusport.fr\/blog\/#website\"},\"primaryImageOfPage\":{\"@id\":\"https:\/\/dicodusport.fr\/blog\/edito-teddy-thomas-au-stade-toulousain-on-l-attend-la-ou-il-n-a-pas-besoin-de-l-etre\/#primaryimage\"},\"image\":{\"@id\":\"https:\/\/dicodusport.fr\/blog\/edito-teddy-thomas-au-stade-toulousain-on-l-attend-la-ou-il-n-a-pas-besoin-de-l-etre\/#primaryimage\"},\"thumbnailUrl\":\"https:\/\/dicodusport.fr\/blog\/wp-content\/uploads\/2026\/01\/Edito-Teddy-Thomas-au-Stade-Toulousain-on-lattend-la-ou-il-na-pas-besoin-de-letre.png\",\"datePublished\":\"2026-01-28T17:00:57+00:00\",\"description\":\"\u00c9DITO - Souvent jug\u00e9 sur ce qu\u2019il ne fait pas, le r\u00f4le de Teddy Thomas au Stade Toulousain est-il mal compris ? Mission r\u00e9elle et attentes biais\u00e9es : d\u00e9cryptage d\u2019un malentendu.\",\"breadcrumb\":{\"@id\":\"https:\/\/dicodusport.fr\/blog\/edito-teddy-thomas-au-stade-toulousain-on-l-attend-la-ou-il-n-a-pas-besoin-de-l-etre\/#breadcrumb\"},\"inLanguage\":\"fr-FR\",\"potentialAction\":[{\"@type\":\"ReadAction\",\"target\":[\"https:\/\/dicodusport.fr\/blog\/edito-teddy-thomas-au-stade-toulousain-on-l-attend-la-ou-il-n-a-pas-besoin-de-l-etre\/\"]}]},{\"@type\":\"ImageObject\",\"inLanguage\":\"fr-FR\",\"@id\":\"https:\/\/dicodusport.fr\/blog\/edito-teddy-thomas-au-stade-toulousain-on-l-attend-la-ou-il-n-a-pas-besoin-de-l-etre\/#primaryimage\",\"url\":\"https:\/\/dicodusport.fr\/blog\/wp-content\/uploads\/2026\/01\/Edito-Teddy-Thomas-au-Stade-Toulousain-on-lattend-la-ou-il-na-pas-besoin-de-letre.png\",\"contentUrl\":\"https:\/\/dicodusport.fr\/blog\/wp-content\/uploads\/2026\/01\/Edito-Teddy-Thomas-au-Stade-Toulousain-on-lattend-la-ou-il-na-pas-besoin-de-letre.png\",\"width\":1200,\"height\":674,\"caption\":\"\u00c9dito Teddy Thomas au Stade Toulousain, on l\u2019attend l\u00e0 o\u00f9 il n\u2019a pas besoin de l\u2019\u00eatre\"},{\"@type\":\"BreadcrumbList\",\"@id\":\"https:\/\/dicodusport.fr\/blog\/edito-teddy-thomas-au-stade-toulousain-on-l-attend-la-ou-il-n-a-pas-besoin-de-l-etre\/#breadcrumb\",\"itemListElement\":[{\"@type\":\"ListItem\",\"position\":1,\"name\":\"Accueil\",\"item\":\"https:\/\/dicodusport.fr\/blog\/\"},{\"@type\":\"ListItem\",\"position\":2,\"name\":\"\u00c9dito : Teddy Thomas au Stade Toulousain, on l\u2019attend l\u00e0 o\u00f9 il n\u2019a pas besoin de l\u2019\u00eatre\"}]},{\"@type\":\"WebSite\",\"@id\":\"https:\/\/dicodusport.fr\/blog\/#website\",\"url\":\"https:\/\/dicodusport.fr\/blog\/\",\"name\":\"Dicodusport\",\"description\":\"L&#039;encyclop\u00e9die de l&#039;actualit\u00e9 sportive\",\"publisher\":{\"@id\":\"https:\/\/dicodusport.fr\/blog\/#organization\"},\"potentialAction\":[{\"@type\":\"SearchAction\",\"target\":{\"@type\":\"EntryPoint\",\"urlTemplate\":\"https:\/\/dicodusport.fr\/blog\/?s={search_term_string}\"},\"query-input\":{\"@type\":\"PropertyValueSpecification\",\"valueRequired\":true,\"valueName\":\"search_term_string\"}}],\"inLanguage\":\"fr-FR\"},{\"@type\":\"NewsMediaOrganization\",\"@id\":\"https:\/\/dicodusport.fr\/blog\/#organization\",\"name\":\"Dicodusport\",\"url\":\"https:\/\/dicodusport.fr\/blog\/\",\"logo\":{\"@type\":\"ImageObject\",\"inLanguage\":\"fr-FR\",\"@id\":\"https:\/\/dicodusport.fr\/blog\/#\/schema\/logo\/image\/\",\"url\":\"https:\/\/dicodusport.fr\/blog\/wp-content\/uploads\/2020\/06\/cropped-LOGO-DICODUSPORT-2020-SANS-FOND-SANS-TEXTE.png\",\"contentUrl\":\"https:\/\/dicodusport.fr\/blog\/wp-content\/uploads\/2020\/06\/cropped-LOGO-DICODUSPORT-2020-SANS-FOND-SANS-TEXTE.png\",\"width\":512,\"height\":512,\"caption\":\"Dicodusport\"},\"image\":{\"@id\":\"https:\/\/dicodusport.fr\/blog\/#\/schema\/logo\/image\/\"},\"sameAs\":[\"https:\/\/www.facebook.com\/dicodusport\",\"https:\/\/x.com\/dicodusport\",\"https:\/\/www.instagram.com\/dicodusport\/\",\"https:\/\/www.youtube.com\/channel\/UC7V2KZ5sd3htJivAbA4ZG3w\"],\"description\":\"Dicodusport est l'encyclop\u00e9die de l'actualit\u00e9 sportive.\",\"email\":\"bonjour@dicodusport.fr\",\"legalName\":\"DICODUSPORT\",\"foundingDate\":\"2018-01-14\",\"vatID\":\"FR71834470973\",\"taxID\":\"83447097300043\",\"numberOfEmployees\":{\"@type\":\"QuantitativeValue\",\"minValue\":\"1\",\"maxValue\":\"10\"}},{\"@type\":\"Person\",\"@id\":\"https:\/\/dicodusport.fr\/blog\/#\/schema\/person\/cb02af4c173ce4a653b55e9baf388d4a\",\"name\":\"Flo Ostermann\",\"image\":{\"@type\":\"ImageObject\",\"inLanguage\":\"fr-FR\",\"@id\":\"https:\/\/dicodusport.fr\/blog\/#\/schema\/person\/image\/\",\"url\":\"https:\/\/dicodusport.fr\/blog\/wp-content\/uploads\/2021\/05\/Flo-Ostermann-150x150.jpg\",\"contentUrl\":\"https:\/\/dicodusport.fr\/blog\/wp-content\/uploads\/2021\/05\/Flo-Ostermann-150x150.jpg\",\"caption\":\"Flo Ostermann\"},\"description\":\"Journaliste\/R\u00e9dacteur depuis septembre 2015 - Mes premiers souvenirs dans le sport ? Les envol\u00e9es du Stade Toulousain et les duels Villeneuve-Schumacher et H\u00e4kkinen-Schumacher \u00e0 la fin des ann\u00e9es 90, la Coupe du monde de football en 1998, l\u2019exploit du XV de France face aux All Blacks en 1999, mais aussi Richard C\u0153ur de Lion qui vole sur les montagnes du Tour de France. Bien parti pour devenir professeur d\u2019EPS, les \u00e9v\u00e9nements de la vie (et la flemme d\u2019animer des s\u00e9ances de 3x500 m\u00e8tres toute ma vie) m\u2019ont conduit \u00e0 revoir mes plans. Me voil\u00e0 depuis fin 2017 sur Dicodusport, m\u00e9dia gr\u00e2ce (et pour) lequel je partage ma passion : le sport dans tous ses \u00e9tats. Le tout accompagn\u00e9 par les fous furieux et folles furieuses cit\u00e9s sur cette page !\",\"sameAs\":[\"https:\/\/www.facebook.com\/florent.ostermann\",\"https:\/\/x.com\/https:\/\/twitter.com\/FlOstermann\",\"admin\"],\"url\":\"https:\/\/dicodusport.fr\/blog\/author\/flo\/\"}]}<\/script>\n<!-- \/ Yoast SEO Premium plugin. -->","yoast_head_json":{"title":"\u00c9dito : Teddy Thomas au Stade Toulousain, on l\u2019attend l\u00e0 o\u00f9 il n\u2019a pas besoin de l\u2019\u00eatre","description":"\u00c9DITO - Souvent jug\u00e9 sur ce qu\u2019il ne fait pas, le r\u00f4le de Teddy Thomas au Stade Toulousain est-il mal compris ? Mission r\u00e9elle et attentes biais\u00e9es : d\u00e9cryptage d\u2019un malentendu.","robots":{"index":"index","follow":"follow","max-snippet":"max-snippet:-1","max-image-preview":"max-image-preview:large","max-video-preview":"max-video-preview:-1"},"canonical":"https:\/\/dicodusport.fr\/blog\/edito-teddy-thomas-au-stade-toulousain-on-l-attend-la-ou-il-n-a-pas-besoin-de-l-etre\/","og_locale":"fr_FR","og_type":"article","og_title":"\u00c9dito : Teddy Thomas au Stade Toulousain, on l\u2019attend l\u00e0 o\u00f9 il n\u2019a pas besoin de l\u2019\u00eatre","og_description":"\u00c9DITO - Souvent jug\u00e9 sur ce qu\u2019il ne fait pas, le r\u00f4le de Teddy Thomas au Stade Toulousain est-il mal compris ? Mission r\u00e9elle et attentes biais\u00e9es : d\u00e9cryptage d\u2019un malentendu.","og_url":"https:\/\/dicodusport.fr\/blog\/edito-teddy-thomas-au-stade-toulousain-on-l-attend-la-ou-il-n-a-pas-besoin-de-l-etre\/","og_site_name":"Dicodusport","article_publisher":"https:\/\/www.facebook.com\/dicodusport","article_author":"https:\/\/www.facebook.com\/florent.ostermann","article_published_time":"2026-01-28T17:00:57+00:00","og_image":[{"width":1200,"height":674,"url":"https:\/\/dicodusport.fr\/blog\/wp-content\/uploads\/2026\/01\/Edito-Teddy-Thomas-au-Stade-Toulousain-on-lattend-la-ou-il-na-pas-besoin-de-letre.png","type":"image\/png"}],"author":"Flo Ostermann","twitter_card":"summary_large_image","twitter_title":"\u00c9dito : Teddy Thomas au Stade Toulousain, on l\u2019attend l\u00e0 o\u00f9 il n\u2019a pas besoin de l\u2019\u00eatre","twitter_creator":"@https:\/\/twitter.com\/FlOstermann","twitter_site":"@dicodusport","schema":{"@context":"https:\/\/schema.org","@graph":[{"@type":"NewsArticle","@id":"https:\/\/dicodusport.fr\/blog\/edito-teddy-thomas-au-stade-toulousain-on-l-attend-la-ou-il-n-a-pas-besoin-de-l-etre\/#article","isPartOf":{"@id":"https:\/\/dicodusport.fr\/blog\/edito-teddy-thomas-au-stade-toulousain-on-l-attend-la-ou-il-n-a-pas-besoin-de-l-etre\/"},"author":{"name":"Flo Ostermann","@id":"https:\/\/dicodusport.fr\/blog\/#\/schema\/person\/cb02af4c173ce4a653b55e9baf388d4a"},"headline":"\u00c9dito : Teddy Thomas au Stade Toulousain, on l\u2019attend l\u00e0 o\u00f9 il n\u2019a pas besoin de l\u2019\u00eatre","datePublished":"2026-01-28T17:00:57+00:00","mainEntityOfPage":{"@id":"https:\/\/dicodusport.fr\/blog\/edito-teddy-thomas-au-stade-toulousain-on-l-attend-la-ou-il-n-a-pas-besoin-de-l-etre\/"},"wordCount":782,"commentCount":4,"publisher":{"@id":"https:\/\/dicodusport.fr\/blog\/#organization"},"image":{"@id":"https:\/\/dicodusport.fr\/blog\/edito-teddy-thomas-au-stade-toulousain-on-l-attend-la-ou-il-n-a-pas-besoin-de-l-etre\/#primaryimage"},"thumbnailUrl":"https:\/\/dicodusport.fr\/blog\/wp-content\/uploads\/2026\/01\/Edito-Teddy-Thomas-au-Stade-Toulousain-on-lattend-la-ou-il-na-pas-besoin-de-letre.png","keywords":["br\u00e8ve","Edito","sport","Stade Toulousain","Teddy Thomas","Top 14"],"articleSection":["Edito","Top 14"],"inLanguage":"fr-FR","potentialAction":[{"@type":"CommentAction","name":"Comment","target":["https:\/\/dicodusport.fr\/blog\/edito-teddy-thomas-au-stade-toulousain-on-l-attend-la-ou-il-n-a-pas-besoin-de-l-etre\/#respond"]}],"copyrightYear":"2026","copyrightHolder":{"@id":"https:\/\/dicodusport.fr\/blog\/#organization"}},{"@type":"WebPage","@id":"https:\/\/dicodusport.fr\/blog\/edito-teddy-thomas-au-stade-toulousain-on-l-attend-la-ou-il-n-a-pas-besoin-de-l-etre\/","url":"https:\/\/dicodusport.fr\/blog\/edito-teddy-thomas-au-stade-toulousain-on-l-attend-la-ou-il-n-a-pas-besoin-de-l-etre\/","name":"\u00c9dito : Teddy Thomas au Stade Toulousain, on l\u2019attend l\u00e0 o\u00f9 il n\u2019a pas besoin de l\u2019\u00eatre","isPartOf":{"@id":"https:\/\/dicodusport.fr\/blog\/#website"},"primaryImageOfPage":{"@id":"https:\/\/dicodusport.fr\/blog\/edito-teddy-thomas-au-stade-toulousain-on-l-attend-la-ou-il-n-a-pas-besoin-de-l-etre\/#primaryimage"},"image":{"@id":"https:\/\/dicodusport.fr\/blog\/edito-teddy-thomas-au-stade-toulousain-on-l-attend-la-ou-il-n-a-pas-besoin-de-l-etre\/#primaryimage"},"thumbnailUrl":"https:\/\/dicodusport.fr\/blog\/wp-content\/uploads\/2026\/01\/Edito-Teddy-Thomas-au-Stade-Toulousain-on-lattend-la-ou-il-na-pas-besoin-de-letre.png","datePublished":"2026-01-28T17:00:57+00:00","description":"\u00c9DITO - Souvent jug\u00e9 sur ce qu\u2019il ne fait pas, le r\u00f4le de Teddy Thomas au Stade Toulousain est-il mal compris ? Mission r\u00e9elle et attentes biais\u00e9es : d\u00e9cryptage d\u2019un malentendu.","breadcrumb":{"@id":"https:\/\/dicodusport.fr\/blog\/edito-teddy-thomas-au-stade-toulousain-on-l-attend-la-ou-il-n-a-pas-besoin-de-l-etre\/#breadcrumb"},"inLanguage":"fr-FR","potentialAction":[{"@type":"ReadAction","target":["https:\/\/dicodusport.fr\/blog\/edito-teddy-thomas-au-stade-toulousain-on-l-attend-la-ou-il-n-a-pas-besoin-de-l-etre\/"]}]},{"@type":"ImageObject","inLanguage":"fr-FR","@id":"https:\/\/dicodusport.fr\/blog\/edito-teddy-thomas-au-stade-toulousain-on-l-attend-la-ou-il-n-a-pas-besoin-de-l-etre\/#primaryimage","url":"https:\/\/dicodusport.fr\/blog\/wp-content\/uploads\/2026\/01\/Edito-Teddy-Thomas-au-Stade-Toulousain-on-lattend-la-ou-il-na-pas-besoin-de-letre.png","contentUrl":"https:\/\/dicodusport.fr\/blog\/wp-content\/uploads\/2026\/01\/Edito-Teddy-Thomas-au-Stade-Toulousain-on-lattend-la-ou-il-na-pas-besoin-de-letre.png","width":1200,"height":674,"caption":"\u00c9dito Teddy Thomas au Stade Toulousain, on l\u2019attend l\u00e0 o\u00f9 il n\u2019a pas besoin de l\u2019\u00eatre"},{"@type":"BreadcrumbList","@id":"https:\/\/dicodusport.fr\/blog\/edito-teddy-thomas-au-stade-toulousain-on-l-attend-la-ou-il-n-a-pas-besoin-de-l-etre\/#breadcrumb","itemListElement":[{"@type":"ListItem","position":1,"name":"Accueil","item":"https:\/\/dicodusport.fr\/blog\/"},{"@type":"ListItem","position":2,"name":"\u00c9dito : Teddy Thomas au Stade Toulousain, on l\u2019attend l\u00e0 o\u00f9 il n\u2019a pas besoin de l\u2019\u00eatre"}]},{"@type":"WebSite","@id":"https:\/\/dicodusport.fr\/blog\/#website","url":"https:\/\/dicodusport.fr\/blog\/","name":"Dicodusport","description":"L&#039;encyclop\u00e9die de l&#039;actualit\u00e9 sportive","publisher":{"@id":"https:\/\/dicodusport.fr\/blog\/#organization"},"potentialAction":[{"@type":"SearchAction","target":{"@type":"EntryPoint","urlTemplate":"https:\/\/dicodusport.fr\/blog\/?s={search_term_string}"},"query-input":{"@type":"PropertyValueSpecification","valueRequired":true,"valueName":"search_term_string"}}],"inLanguage":"fr-FR"},{"@type":"NewsMediaOrganization","@id":"https:\/\/dicodusport.fr\/blog\/#organization","name":"Dicodusport","url":"https:\/\/dicodusport.fr\/blog\/","logo":{"@type":"ImageObject","inLanguage":"fr-FR","@id":"https:\/\/dicodusport.fr\/blog\/#\/schema\/logo\/image\/","url":"https:\/\/dicodusport.fr\/blog\/wp-content\/uploads\/2020\/06\/cropped-LOGO-DICODUSPORT-2020-SANS-FOND-SANS-TEXTE.png","contentUrl":"https:\/\/dicodusport.fr\/blog\/wp-content\/uploads\/2020\/06\/cropped-LOGO-DICODUSPORT-2020-SANS-FOND-SANS-TEXTE.png","width":512,"height":512,"caption":"Dicodusport"},"image":{"@id":"https:\/\/dicodusport.fr\/blog\/#\/schema\/logo\/image\/"},"sameAs":["https:\/\/www.facebook.com\/dicodusport","https:\/\/x.com\/dicodusport","https:\/\/www.instagram.com\/dicodusport\/","https:\/\/www.youtube.com\/channel\/UC7V2KZ5sd3htJivAbA4ZG3w"],"description":"Dicodusport est l'encyclop\u00e9die de l'actualit\u00e9 sportive.","email":"bonjour@dicodusport.fr","legalName":"DICODUSPORT","foundingDate":"2018-01-14","vatID":"FR71834470973","taxID":"83447097300043","numberOfEmployees":{"@type":"QuantitativeValue","minValue":"1","maxValue":"10"}},{"@type":"Person","@id":"https:\/\/dicodusport.fr\/blog\/#\/schema\/person\/cb02af4c173ce4a653b55e9baf388d4a","name":"Flo Ostermann","image":{"@type":"ImageObject","inLanguage":"fr-FR","@id":"https:\/\/dicodusport.fr\/blog\/#\/schema\/person\/image\/","url":"https:\/\/dicodusport.fr\/blog\/wp-content\/uploads\/2021\/05\/Flo-Ostermann-150x150.jpg","contentUrl":"https:\/\/dicodusport.fr\/blog\/wp-content\/uploads\/2021\/05\/Flo-Ostermann-150x150.jpg","caption":"Flo Ostermann"},"description":"Journaliste\/R\u00e9dacteur depuis septembre 2015 - Mes premiers souvenirs dans le sport ? Les envol\u00e9es du Stade Toulousain et les duels Villeneuve-Schumacher et H\u00e4kkinen-Schumacher \u00e0 la fin des ann\u00e9es 90, la Coupe du monde de football en 1998, l\u2019exploit du XV de France face aux All Blacks en 1999, mais aussi Richard C\u0153ur de Lion qui vole sur les montagnes du Tour de France. Bien parti pour devenir professeur d\u2019EPS, les \u00e9v\u00e9nements de la vie (et la flemme d\u2019animer des s\u00e9ances de 3x500 m\u00e8tres toute ma vie) m\u2019ont conduit \u00e0 revoir mes plans. Me voil\u00e0 depuis fin 2017 sur Dicodusport, m\u00e9dia gr\u00e2ce (et pour) lequel je partage ma passion : le sport dans tous ses \u00e9tats. Le tout accompagn\u00e9 par les fous furieux et folles furieuses cit\u00e9s sur cette page !","sameAs":["https:\/\/www.facebook.com\/florent.ostermann","https:\/\/x.com\/https:\/\/twitter.com\/FlOstermann","admin"],"url":"https:\/\/dicodusport.fr\/blog\/author\/flo\/"}]}},"_links":{"self":[{"href":"https:\/\/dicodusport.fr\/blog\/wp-json\/wp\/v2\/posts\/642022","targetHints":{"allow":["GET"]}}],"collection":[{"href":"https:\/\/dicodusport.fr\/blog\/wp-json\/wp\/v2\/posts"}],"about":[{"href":"https:\/\/dicodusport.fr\/blog\/wp-json\/wp\/v2\/types\/post"}],"author":[{"embeddable":true,"href":"https:\/\/dicodusport.fr\/blog\/wp-json\/wp\/v2\/users\/4"}],"replies":[{"embeddable":true,"href":"https:\/\/dicodusport.fr\/blog\/wp-json\/wp\/v2\/comments?post=642022"}],"version-history":[{"count":5,"href":"https:\/\/dicodusport.fr\/blog\/wp-json\/wp\/v2\/posts\/642022\/revisions"}],"predecessor-version":[{"id":642207,"href":"https:\/\/dicodusport.fr\/blog\/wp-json\/wp\/v2\/posts\/642022\/revisions\/642207"}],"wp:featuredmedia":[{"embeddable":true,"href":"https:\/\/dicodusport.fr\/blog\/wp-json\/wp\/v2\/media\/642041"}],"wp:attachment":[{"href":"https:\/\/dicodusport.fr\/blog\/wp-json\/wp\/v2\/media?parent=642022"}],"wp:term":[{"taxonomy":"category","embeddable":true,"href":"https:\/\/dicodusport.fr\/blog\/wp-json\/wp\/v2\/categories?post=642022"},{"taxonomy":"post_tag","embeddable":true,"href":"https:\/\/dicodusport.fr\/blog\/wp-json\/wp\/v2\/tags?post=642022"}],"curies":[{"name":"wp","href":"https:\/\/api.w.org\/{rel}","templated":true}]}}