{"id":64224,"date":"2020-04-01T12:56:21","date_gmt":"2020-04-01T10:56:21","guid":{"rendered":"http:\/\/dicodusport.fr\/blog\/?p=64224&#038;preview=true&#038;preview_id=64224"},"modified":"2020-05-05T10:42:55","modified_gmt":"2020-05-05T08:42:55","slug":"les-barbarians-francais-annulent-leur-tournee-estivale","status":"publish","type":"post","link":"https:\/\/dicodusport.fr\/blog\/les-barbarians-francais-annulent-leur-tournee-estivale\/","title":{"rendered":"Les Barbarians fran\u00e7ais annulent leur tourn\u00e9e estivale"},"content":{"rendered":"<p style=\"text-align: justify;\"><em><b>Cons\u00e9quence de la crise du Coronavirus qui touche toute la plan\u00e8te, les Barbarians fran\u00e7ais ont annonc\u00e9 qu&rsquo;ils annulaient leur tourn\u00e9e estivale pr\u00e9vue en Am\u00e9rique du Nord.<\/b><\/em><\/p>\n<p style=\"text-align: justify;\">Les Babas tricolores devaient jouer deux matchs en Am\u00e9rique du Nord, le Canada le 4 juillet puis les \u00c9tats-Unis le 11 juillet. Finalement, la tourn\u00e9e est annul\u00e9e. <strong>Denis Charvet<\/strong>, vice-pr\u00e9sident du <strong>Barbarian Rugby Club<\/strong>, a expliqu\u00e9 :<\/p>\n<blockquote>\n<p style=\"text-align: justify;\">Ce fut une d\u00e9cision tr\u00e8s difficile \u00e0 prendre mais n\u00e9cessaire dans le contexte actuel. Nous devons tous agir pour que la situation \u00e9volue positivement et que nous puissions reprendre nos activit\u00e9s.<\/p>\n<\/blockquote>\n<blockquote class=\"twitter-tweet\">\n<p dir=\"ltr\" lang=\"fr\">[Communiqu\u00e9 &#x1f4e3;]\n<p>Pour r\u00e9pondre \u00e0 la crise exceptionnelle li\u00e9e au <a href=\"https:\/\/twitter.com\/hashtag\/COVID19?src=hash&amp;ref_src=twsrc%5Etfw\">#COVID19<\/a>, <a href=\"https:\/\/twitter.com\/DenisCharvet?ref_src=twsrc%5Etfw\">@DenisCharvet<\/a>, vice-pr\u00e9sident du <a href=\"https:\/\/twitter.com\/Barbarian_RC?ref_src=twsrc%5Etfw\">@Barbarian_RC<\/a> a le regret d\u2019annoncer l\u2019annulation de la tourn\u00e9e d\u2019\u00e9t\u00e9 en Am\u00e9rique du Nord. <a href=\"https:\/\/t.co\/JkgUAJLZFq\">pic.twitter.com\/JkgUAJLZFq<\/a><\/p>\n<p>\u2014 Barbarian Rugby Club (@Barbarian_RC) <a href=\"https:\/\/twitter.com\/Barbarian_RC\/status\/1245012334147485697?ref_src=twsrc%5Etfw\">March 31, 2020<\/a><\/p><\/blockquote>\n<p><script async src=\"https:\/\/platform.twitter.com\/widgets.js\" charset=\"utf-8\"><\/script><\/p>\n<p style=\"text-align: justify;\">La tourn\u00e9e du <strong>XV de France<\/strong> en <strong>Argentine<\/strong> n&rsquo;est quant \u00e0 elle par encore annul\u00e9e. Mais pas s\u00fbr que la FFR ne soit pas contrainte de prendre la m\u00eame d\u00e9cision dans quelques jours.<\/p>\n<p><strong><em>Dicodusport<br \/>\n<a href=\"https:\/\/www.facebook.com\/dicodusport\/\" target=\"_blank\" rel=\"noopener noreferrer\"><img loading=\"lazy\" decoding=\"async\" class=\"alignnone wp-image-2909\" src=\"http:\/\/dicodusport.fr\/blog\/wp-content\/uploads\/2017\/07\/logo-facebook-150x150.png\" alt=\"\" width=\"40\" height=\"40\" \/><\/a><a href=\"https:\/\/twitter.com\/dicodusport\" target=\"_blank\" rel=\"noopener noreferrer\"><img loading=\"lazy\" decoding=\"async\" class=\"alignnone wp-image-2908\" src=\"http:\/\/dicodusport.fr\/blog\/wp-content\/uploads\/2017\/07\/logo-twitter-150x150.png\" alt=\"\" width=\"39\" height=\"39\" \/><\/a><\/em><\/strong><\/p>\n","protected":false},"excerpt":{"rendered":"<p>Cons\u00e9quence de la crise du Coronavirus qui touche toute la plan\u00e8te, les Barbarians fran\u00e7ais ont annonc\u00e9 qu&rsquo;ils annulaient leur tourn\u00e9e estivale pr\u00e9vue en Am\u00e9rique du Nord.<\/p>\n","protected":false},"author":1,"featured_media":64251,"comment_status":"open","ping_status":"closed","sticky":false,"template":"","format":"standard","meta":{"_acf_changed":false,"_daextam_enable_autolinks":"","footnotes":""},"categories":[10646,9129],"tags":[110],"class_list":["post-64224","post","type-post","status-publish","format-standard","has-post-thumbnail","hentry","category-coronavirus","category-rugby-a-xv","tag-rugby-a-xv"],"acf":[],"yoast_head":"<!-- This site is optimized with the Yoast SEO Premium plugin v26.7 (Yoast SEO v26.7) - https:\/\/yoast.com\/wordpress\/plugins\/seo\/ -->\n<title>Les Barbarians fran\u00e7ais annulent leur tourn\u00e9e estivale<\/title>\n<meta name=\"description\" content=\"Cons\u00e9quence de la crise du Coronavirus qui touche toute la plan\u00e8te, les Barbarians fran\u00e7ais ont annonc\u00e9 qu&#039;ils annulaient leur tourn\u00e9e estivale pr\u00e9vue en Am\u00e9rique du Nord.\" \/>\n<meta name=\"robots\" content=\"index, follow, max-snippet:-1, max-image-preview:large, max-video-preview:-1\" \/>\n<link rel=\"canonical\" href=\"https:\/\/dicodusport.fr\/blog\/les-barbarians-francais-annulent-leur-tournee-estivale\/\" \/>\n<meta property=\"og:locale\" content=\"fr_FR\" \/>\n<meta property=\"og:type\" content=\"article\" \/>\n<meta property=\"og:title\" content=\"Les Barbarians fran\u00e7ais annulent leur tourn\u00e9e estivale\" \/>\n<meta property=\"og:description\" content=\"Cons\u00e9quence de la crise du Coronavirus qui touche toute la plan\u00e8te, les Barbarians fran\u00e7ais ont annonc\u00e9 qu&#039;ils annulaient leur tourn\u00e9e estivale pr\u00e9vue en Am\u00e9rique du Nord.\" \/>\n<meta property=\"og:url\" content=\"https:\/\/dicodusport.fr\/blog\/les-barbarians-francais-annulent-leur-tournee-estivale\/\" \/>\n<meta property=\"og:site_name\" content=\"Dicodusport\" \/>\n<meta property=\"article:publisher\" content=\"https:\/\/www.facebook.com\/dicodusport\" \/>\n<meta property=\"article:author\" content=\"https:\/\/www.facebook.com\/dicodusport\" \/>\n<meta property=\"article:published_time\" content=\"2020-04-01T10:56:21+00:00\" \/>\n<meta property=\"article:modified_time\" content=\"2020-05-05T08:42:55+00:00\" \/>\n<meta property=\"og:image\" content=\"https:\/\/dicodusport.fr\/blog\/wp-content\/uploads\/2020\/04\/Les-Barbarians-fran\u00e7ais-annulent-leur-tourn\u00e9e-estivale.png\" \/>\n\t<meta property=\"og:image:width\" content=\"800\" \/>\n\t<meta property=\"og:image:height\" content=\"445\" \/>\n\t<meta property=\"og:image:type\" content=\"image\/png\" \/>\n<meta name=\"author\" content=\"Nicolas Jacquemard\" \/>\n<meta name=\"twitter:card\" content=\"summary_large_image\" \/>\n<meta name=\"twitter:title\" content=\"Les Barbarians fran\u00e7ais annulent leur tourn\u00e9e estivale\" \/>\n<meta name=\"twitter:creator\" content=\"@https:\/\/twitter.com\/Nico_Jacquemard\" \/>\n<meta name=\"twitter:site\" content=\"@dicodusport\" \/>\n<script type=\"application\/ld+json\" class=\"yoast-schema-graph\">{\"@context\":\"https:\/\/schema.org\",\"@graph\":[{\"@type\":\"NewsArticle\",\"@id\":\"https:\/\/dicodusport.fr\/blog\/les-barbarians-francais-annulent-leur-tournee-estivale\/#article\",\"isPartOf\":{\"@id\":\"https:\/\/dicodusport.fr\/blog\/les-barbarians-francais-annulent-leur-tournee-estivale\/\"},\"author\":{\"name\":\"Nicolas Jacquemard\",\"@id\":\"https:\/\/dicodusport.fr\/blog\/#\/schema\/person\/55dcb50ad410894e431ed812bbb70191\"},\"headline\":\"Les Barbarians fran\u00e7ais annulent leur tourn\u00e9e estivale\",\"datePublished\":\"2020-04-01T10:56:21+00:00\",\"dateModified\":\"2020-05-05T08:42:55+00:00\",\"mainEntityOfPage\":{\"@id\":\"https:\/\/dicodusport.fr\/blog\/les-barbarians-francais-annulent-leur-tournee-estivale\/\"},\"wordCount\":201,\"commentCount\":0,\"publisher\":{\"@id\":\"https:\/\/dicodusport.fr\/blog\/#organization\"},\"image\":{\"@id\":\"https:\/\/dicodusport.fr\/blog\/les-barbarians-francais-annulent-leur-tournee-estivale\/#primaryimage\"},\"thumbnailUrl\":\"https:\/\/dicodusport.fr\/blog\/wp-content\/uploads\/2020\/04\/Les-Barbarians-fran\u00e7ais-annulent-leur-tourn\u00e9e-estivale.png\",\"keywords\":[\"Rugby \u00e0 XV\"],\"articleSection\":[\"Coronavirus\",\"Rugby \u00e0 XV\"],\"inLanguage\":\"fr-FR\",\"potentialAction\":[{\"@type\":\"CommentAction\",\"name\":\"Comment\",\"target\":[\"https:\/\/dicodusport.fr\/blog\/les-barbarians-francais-annulent-leur-tournee-estivale\/#respond\"]}],\"copyrightYear\":\"2020\",\"copyrightHolder\":{\"@id\":\"https:\/\/dicodusport.fr\/blog\/#organization\"}},{\"@type\":\"WebPage\",\"@id\":\"https:\/\/dicodusport.fr\/blog\/les-barbarians-francais-annulent-leur-tournee-estivale\/\",\"url\":\"https:\/\/dicodusport.fr\/blog\/les-barbarians-francais-annulent-leur-tournee-estivale\/\",\"name\":\"Les Barbarians fran\u00e7ais annulent leur tourn\u00e9e estivale\",\"isPartOf\":{\"@id\":\"https:\/\/dicodusport.fr\/blog\/#website\"},\"primaryImageOfPage\":{\"@id\":\"https:\/\/dicodusport.fr\/blog\/les-barbarians-francais-annulent-leur-tournee-estivale\/#primaryimage\"},\"image\":{\"@id\":\"https:\/\/dicodusport.fr\/blog\/les-barbarians-francais-annulent-leur-tournee-estivale\/#primaryimage\"},\"thumbnailUrl\":\"https:\/\/dicodusport.fr\/blog\/wp-content\/uploads\/2020\/04\/Les-Barbarians-fran\u00e7ais-annulent-leur-tourn\u00e9e-estivale.png\",\"datePublished\":\"2020-04-01T10:56:21+00:00\",\"dateModified\":\"2020-05-05T08:42:55+00:00\",\"description\":\"Cons\u00e9quence de la crise du Coronavirus qui touche toute la plan\u00e8te, les Barbarians fran\u00e7ais ont annonc\u00e9 qu'ils annulaient leur tourn\u00e9e estivale pr\u00e9vue en Am\u00e9rique du Nord.\",\"breadcrumb\":{\"@id\":\"https:\/\/dicodusport.fr\/blog\/les-barbarians-francais-annulent-leur-tournee-estivale\/#breadcrumb\"},\"inLanguage\":\"fr-FR\",\"potentialAction\":[{\"@type\":\"ReadAction\",\"target\":[\"https:\/\/dicodusport.fr\/blog\/les-barbarians-francais-annulent-leur-tournee-estivale\/\"]}]},{\"@type\":\"ImageObject\",\"inLanguage\":\"fr-FR\",\"@id\":\"https:\/\/dicodusport.fr\/blog\/les-barbarians-francais-annulent-leur-tournee-estivale\/#primaryimage\",\"url\":\"https:\/\/dicodusport.fr\/blog\/wp-content\/uploads\/2020\/04\/Les-Barbarians-fran\u00e7ais-annulent-leur-tourn\u00e9e-estivale.png\",\"contentUrl\":\"https:\/\/dicodusport.fr\/blog\/wp-content\/uploads\/2020\/04\/Les-Barbarians-fran\u00e7ais-annulent-leur-tourn\u00e9e-estivale.png\",\"width\":800,\"height\":445,\"caption\":\"Les Barbarians fran\u00e7ais annulent leur tourn\u00e9e estivale\"},{\"@type\":\"BreadcrumbList\",\"@id\":\"https:\/\/dicodusport.fr\/blog\/les-barbarians-francais-annulent-leur-tournee-estivale\/#breadcrumb\",\"itemListElement\":[{\"@type\":\"ListItem\",\"position\":1,\"name\":\"Accueil\",\"item\":\"https:\/\/dicodusport.fr\/blog\/\"},{\"@type\":\"ListItem\",\"position\":2,\"name\":\"Les Barbarians fran\u00e7ais annulent leur tourn\u00e9e estivale\"}]},{\"@type\":\"WebSite\",\"@id\":\"https:\/\/dicodusport.fr\/blog\/#website\",\"url\":\"https:\/\/dicodusport.fr\/blog\/\",\"name\":\"Dicodusport\",\"description\":\"L&#039;encyclop\u00e9die de l&#039;actualit\u00e9 sportive\",\"publisher\":{\"@id\":\"https:\/\/dicodusport.fr\/blog\/#organization\"},\"potentialAction\":[{\"@type\":\"SearchAction\",\"target\":{\"@type\":\"EntryPoint\",\"urlTemplate\":\"https:\/\/dicodusport.fr\/blog\/?s={search_term_string}\"},\"query-input\":{\"@type\":\"PropertyValueSpecification\",\"valueRequired\":true,\"valueName\":\"search_term_string\"}}],\"inLanguage\":\"fr-FR\"},{\"@type\":\"NewsMediaOrganization\",\"@id\":\"https:\/\/dicodusport.fr\/blog\/#organization\",\"name\":\"Dicodusport\",\"url\":\"https:\/\/dicodusport.fr\/blog\/\",\"logo\":{\"@type\":\"ImageObject\",\"inLanguage\":\"fr-FR\",\"@id\":\"https:\/\/dicodusport.fr\/blog\/#\/schema\/logo\/image\/\",\"url\":\"https:\/\/dicodusport.fr\/blog\/wp-content\/uploads\/2020\/06\/cropped-LOGO-DICODUSPORT-2020-SANS-FOND-SANS-TEXTE.png\",\"contentUrl\":\"https:\/\/dicodusport.fr\/blog\/wp-content\/uploads\/2020\/06\/cropped-LOGO-DICODUSPORT-2020-SANS-FOND-SANS-TEXTE.png\",\"width\":512,\"height\":512,\"caption\":\"Dicodusport\"},\"image\":{\"@id\":\"https:\/\/dicodusport.fr\/blog\/#\/schema\/logo\/image\/\"},\"sameAs\":[\"https:\/\/www.facebook.com\/dicodusport\",\"https:\/\/x.com\/dicodusport\",\"https:\/\/www.instagram.com\/dicodusport\/\",\"https:\/\/www.youtube.com\/channel\/UC7V2KZ5sd3htJivAbA4ZG3w\"],\"description\":\"Dicodusport est l'encyclop\u00e9die de l'actualit\u00e9 sportive.\",\"email\":\"bonjour@dicodusport.fr\",\"legalName\":\"DICODUSPORT\",\"foundingDate\":\"2018-01-14\",\"vatID\":\"FR71834470973\",\"taxID\":\"83447097300043\",\"numberOfEmployees\":{\"@type\":\"QuantitativeValue\",\"minValue\":\"1\",\"maxValue\":\"10\"}},{\"@type\":\"Person\",\"@id\":\"https:\/\/dicodusport.fr\/blog\/#\/schema\/person\/55dcb50ad410894e431ed812bbb70191\",\"name\":\"Nicolas Jacquemard\",\"image\":{\"@type\":\"ImageObject\",\"inLanguage\":\"fr-FR\",\"@id\":\"https:\/\/dicodusport.fr\/blog\/#\/schema\/person\/image\/\",\"url\":\"https:\/\/dicodusport.fr\/blog\/wp-content\/uploads\/2021\/05\/Nicolas-Jacquemard-150x150.jpeg\",\"contentUrl\":\"https:\/\/dicodusport.fr\/blog\/wp-content\/uploads\/2021\/05\/Nicolas-Jacquemard-150x150.jpeg\",\"caption\":\"Nicolas Jacquemard\"},\"description\":\"Passionn\u00e9 de sport et entrepreneur depuis mes 18 ans, la cr\u00e9ation de Dicodusport m'a sembl\u00e9 \u00e9vidente pour participer \u00e0 la m\u00e9diatisation d'un plus grand nombre de sports. Le chemin est long mais avec une \u00e9quipe des plus motiv\u00e9es et les Jeux Olympiques de Paris 2024 en point de mire, nous y arriverons ! Journaliste dans le monde du sport depuis plus de 5 ans, je traite aussi bien de football, de rugby, de biathlon que de cyclisme.\",\"sameAs\":[\"https:\/\/www.facebook.com\/dicodusport\",\"https:\/\/x.com\/https:\/\/twitter.com\/Nico_Jacquemard\"],\"url\":\"https:\/\/dicodusport.fr\/blog\/author\/dicodusport\/\"}]}<\/script>\n<!-- \/ Yoast SEO Premium plugin. -->","yoast_head_json":{"title":"Les Barbarians fran\u00e7ais annulent leur tourn\u00e9e estivale","description":"Cons\u00e9quence de la crise du Coronavirus qui touche toute la plan\u00e8te, les Barbarians fran\u00e7ais ont annonc\u00e9 qu'ils annulaient leur tourn\u00e9e estivale pr\u00e9vue en Am\u00e9rique du Nord.","robots":{"index":"index","follow":"follow","max-snippet":"max-snippet:-1","max-image-preview":"max-image-preview:large","max-video-preview":"max-video-preview:-1"},"canonical":"https:\/\/dicodusport.fr\/blog\/les-barbarians-francais-annulent-leur-tournee-estivale\/","og_locale":"fr_FR","og_type":"article","og_title":"Les Barbarians fran\u00e7ais annulent leur tourn\u00e9e estivale","og_description":"Cons\u00e9quence de la crise du Coronavirus qui touche toute la plan\u00e8te, les Barbarians fran\u00e7ais ont annonc\u00e9 qu'ils annulaient leur tourn\u00e9e estivale pr\u00e9vue en Am\u00e9rique du Nord.","og_url":"https:\/\/dicodusport.fr\/blog\/les-barbarians-francais-annulent-leur-tournee-estivale\/","og_site_name":"Dicodusport","article_publisher":"https:\/\/www.facebook.com\/dicodusport","article_author":"https:\/\/www.facebook.com\/dicodusport","article_published_time":"2020-04-01T10:56:21+00:00","article_modified_time":"2020-05-05T08:42:55+00:00","og_image":[{"width":800,"height":445,"url":"https:\/\/dicodusport.fr\/blog\/wp-content\/uploads\/2020\/04\/Les-Barbarians-fran\u00e7ais-annulent-leur-tourn\u00e9e-estivale.png","type":"image\/png"}],"author":"Nicolas Jacquemard","twitter_card":"summary_large_image","twitter_title":"Les Barbarians fran\u00e7ais annulent leur tourn\u00e9e estivale","twitter_creator":"@https:\/\/twitter.com\/Nico_Jacquemard","twitter_site":"@dicodusport","schema":{"@context":"https:\/\/schema.org","@graph":[{"@type":"NewsArticle","@id":"https:\/\/dicodusport.fr\/blog\/les-barbarians-francais-annulent-leur-tournee-estivale\/#article","isPartOf":{"@id":"https:\/\/dicodusport.fr\/blog\/les-barbarians-francais-annulent-leur-tournee-estivale\/"},"author":{"name":"Nicolas Jacquemard","@id":"https:\/\/dicodusport.fr\/blog\/#\/schema\/person\/55dcb50ad410894e431ed812bbb70191"},"headline":"Les Barbarians fran\u00e7ais annulent leur tourn\u00e9e estivale","datePublished":"2020-04-01T10:56:21+00:00","dateModified":"2020-05-05T08:42:55+00:00","mainEntityOfPage":{"@id":"https:\/\/dicodusport.fr\/blog\/les-barbarians-francais-annulent-leur-tournee-estivale\/"},"wordCount":201,"commentCount":0,"publisher":{"@id":"https:\/\/dicodusport.fr\/blog\/#organization"},"image":{"@id":"https:\/\/dicodusport.fr\/blog\/les-barbarians-francais-annulent-leur-tournee-estivale\/#primaryimage"},"thumbnailUrl":"https:\/\/dicodusport.fr\/blog\/wp-content\/uploads\/2020\/04\/Les-Barbarians-fran\u00e7ais-annulent-leur-tourn\u00e9e-estivale.png","keywords":["Rugby \u00e0 XV"],"articleSection":["Coronavirus","Rugby \u00e0 XV"],"inLanguage":"fr-FR","potentialAction":[{"@type":"CommentAction","name":"Comment","target":["https:\/\/dicodusport.fr\/blog\/les-barbarians-francais-annulent-leur-tournee-estivale\/#respond"]}],"copyrightYear":"2020","copyrightHolder":{"@id":"https:\/\/dicodusport.fr\/blog\/#organization"}},{"@type":"WebPage","@id":"https:\/\/dicodusport.fr\/blog\/les-barbarians-francais-annulent-leur-tournee-estivale\/","url":"https:\/\/dicodusport.fr\/blog\/les-barbarians-francais-annulent-leur-tournee-estivale\/","name":"Les Barbarians fran\u00e7ais annulent leur tourn\u00e9e estivale","isPartOf":{"@id":"https:\/\/dicodusport.fr\/blog\/#website"},"primaryImageOfPage":{"@id":"https:\/\/dicodusport.fr\/blog\/les-barbarians-francais-annulent-leur-tournee-estivale\/#primaryimage"},"image":{"@id":"https:\/\/dicodusport.fr\/blog\/les-barbarians-francais-annulent-leur-tournee-estivale\/#primaryimage"},"thumbnailUrl":"https:\/\/dicodusport.fr\/blog\/wp-content\/uploads\/2020\/04\/Les-Barbarians-fran\u00e7ais-annulent-leur-tourn\u00e9e-estivale.png","datePublished":"2020-04-01T10:56:21+00:00","dateModified":"2020-05-05T08:42:55+00:00","description":"Cons\u00e9quence de la crise du Coronavirus qui touche toute la plan\u00e8te, les Barbarians fran\u00e7ais ont annonc\u00e9 qu'ils annulaient leur tourn\u00e9e estivale pr\u00e9vue en Am\u00e9rique du Nord.","breadcrumb":{"@id":"https:\/\/dicodusport.fr\/blog\/les-barbarians-francais-annulent-leur-tournee-estivale\/#breadcrumb"},"inLanguage":"fr-FR","potentialAction":[{"@type":"ReadAction","target":["https:\/\/dicodusport.fr\/blog\/les-barbarians-francais-annulent-leur-tournee-estivale\/"]}]},{"@type":"ImageObject","inLanguage":"fr-FR","@id":"https:\/\/dicodusport.fr\/blog\/les-barbarians-francais-annulent-leur-tournee-estivale\/#primaryimage","url":"https:\/\/dicodusport.fr\/blog\/wp-content\/uploads\/2020\/04\/Les-Barbarians-fran\u00e7ais-annulent-leur-tourn\u00e9e-estivale.png","contentUrl":"https:\/\/dicodusport.fr\/blog\/wp-content\/uploads\/2020\/04\/Les-Barbarians-fran\u00e7ais-annulent-leur-tourn\u00e9e-estivale.png","width":800,"height":445,"caption":"Les Barbarians fran\u00e7ais annulent leur tourn\u00e9e estivale"},{"@type":"BreadcrumbList","@id":"https:\/\/dicodusport.fr\/blog\/les-barbarians-francais-annulent-leur-tournee-estivale\/#breadcrumb","itemListElement":[{"@type":"ListItem","position":1,"name":"Accueil","item":"https:\/\/dicodusport.fr\/blog\/"},{"@type":"ListItem","position":2,"name":"Les Barbarians fran\u00e7ais annulent leur tourn\u00e9e estivale"}]},{"@type":"WebSite","@id":"https:\/\/dicodusport.fr\/blog\/#website","url":"https:\/\/dicodusport.fr\/blog\/","name":"Dicodusport","description":"L&#039;encyclop\u00e9die de l&#039;actualit\u00e9 sportive","publisher":{"@id":"https:\/\/dicodusport.fr\/blog\/#organization"},"potentialAction":[{"@type":"SearchAction","target":{"@type":"EntryPoint","urlTemplate":"https:\/\/dicodusport.fr\/blog\/?s={search_term_string}"},"query-input":{"@type":"PropertyValueSpecification","valueRequired":true,"valueName":"search_term_string"}}],"inLanguage":"fr-FR"},{"@type":"NewsMediaOrganization","@id":"https:\/\/dicodusport.fr\/blog\/#organization","name":"Dicodusport","url":"https:\/\/dicodusport.fr\/blog\/","logo":{"@type":"ImageObject","inLanguage":"fr-FR","@id":"https:\/\/dicodusport.fr\/blog\/#\/schema\/logo\/image\/","url":"https:\/\/dicodusport.fr\/blog\/wp-content\/uploads\/2020\/06\/cropped-LOGO-DICODUSPORT-2020-SANS-FOND-SANS-TEXTE.png","contentUrl":"https:\/\/dicodusport.fr\/blog\/wp-content\/uploads\/2020\/06\/cropped-LOGO-DICODUSPORT-2020-SANS-FOND-SANS-TEXTE.png","width":512,"height":512,"caption":"Dicodusport"},"image":{"@id":"https:\/\/dicodusport.fr\/blog\/#\/schema\/logo\/image\/"},"sameAs":["https:\/\/www.facebook.com\/dicodusport","https:\/\/x.com\/dicodusport","https:\/\/www.instagram.com\/dicodusport\/","https:\/\/www.youtube.com\/channel\/UC7V2KZ5sd3htJivAbA4ZG3w"],"description":"Dicodusport est l'encyclop\u00e9die de l'actualit\u00e9 sportive.","email":"bonjour@dicodusport.fr","legalName":"DICODUSPORT","foundingDate":"2018-01-14","vatID":"FR71834470973","taxID":"83447097300043","numberOfEmployees":{"@type":"QuantitativeValue","minValue":"1","maxValue":"10"}},{"@type":"Person","@id":"https:\/\/dicodusport.fr\/blog\/#\/schema\/person\/55dcb50ad410894e431ed812bbb70191","name":"Nicolas Jacquemard","image":{"@type":"ImageObject","inLanguage":"fr-FR","@id":"https:\/\/dicodusport.fr\/blog\/#\/schema\/person\/image\/","url":"https:\/\/dicodusport.fr\/blog\/wp-content\/uploads\/2021\/05\/Nicolas-Jacquemard-150x150.jpeg","contentUrl":"https:\/\/dicodusport.fr\/blog\/wp-content\/uploads\/2021\/05\/Nicolas-Jacquemard-150x150.jpeg","caption":"Nicolas Jacquemard"},"description":"Passionn\u00e9 de sport et entrepreneur depuis mes 18 ans, la cr\u00e9ation de Dicodusport m'a sembl\u00e9 \u00e9vidente pour participer \u00e0 la m\u00e9diatisation d'un plus grand nombre de sports. Le chemin est long mais avec une \u00e9quipe des plus motiv\u00e9es et les Jeux Olympiques de Paris 2024 en point de mire, nous y arriverons ! Journaliste dans le monde du sport depuis plus de 5 ans, je traite aussi bien de football, de rugby, de biathlon que de cyclisme.","sameAs":["https:\/\/www.facebook.com\/dicodusport","https:\/\/x.com\/https:\/\/twitter.com\/Nico_Jacquemard"],"url":"https:\/\/dicodusport.fr\/blog\/author\/dicodusport\/"}]}},"_links":{"self":[{"href":"https:\/\/dicodusport.fr\/blog\/wp-json\/wp\/v2\/posts\/64224","targetHints":{"allow":["GET"]}}],"collection":[{"href":"https:\/\/dicodusport.fr\/blog\/wp-json\/wp\/v2\/posts"}],"about":[{"href":"https:\/\/dicodusport.fr\/blog\/wp-json\/wp\/v2\/types\/post"}],"author":[{"embeddable":true,"href":"https:\/\/dicodusport.fr\/blog\/wp-json\/wp\/v2\/users\/1"}],"replies":[{"embeddable":true,"href":"https:\/\/dicodusport.fr\/blog\/wp-json\/wp\/v2\/comments?post=64224"}],"version-history":[{"count":0,"href":"https:\/\/dicodusport.fr\/blog\/wp-json\/wp\/v2\/posts\/64224\/revisions"}],"wp:featuredmedia":[{"embeddable":true,"href":"https:\/\/dicodusport.fr\/blog\/wp-json\/wp\/v2\/media\/64251"}],"wp:attachment":[{"href":"https:\/\/dicodusport.fr\/blog\/wp-json\/wp\/v2\/media?parent=64224"}],"wp:term":[{"taxonomy":"category","embeddable":true,"href":"https:\/\/dicodusport.fr\/blog\/wp-json\/wp\/v2\/categories?post=64224"},{"taxonomy":"post_tag","embeddable":true,"href":"https:\/\/dicodusport.fr\/blog\/wp-json\/wp\/v2\/tags?post=64224"}],"curies":[{"name":"wp","href":"https:\/\/api.w.org\/{rel}","templated":true}]}}