{"id":642723,"date":"2026-01-30T17:20:05","date_gmt":"2026-01-30T16:20:05","guid":{"rendered":"https:\/\/dicodusport.fr\/blog\/?p=642723&#038;preview=true&#038;preview_id=642723"},"modified":"2026-02-03T15:21:51","modified_gmt":"2026-02-03T14:21:51","slug":"trespeuch-noel-hernandez-et-broisin-les-porte-drapeaux-de-la-france-pour-les-jeux-olympiques-et-paralympiques-2026-de-milan-cortina-sont-connus","status":"publish","type":"post","link":"https:\/\/dicodusport.fr\/blog\/trespeuch-noel-hernandez-et-broisin-les-porte-drapeaux-de-la-france-pour-les-jeux-olympiques-et-paralympiques-2026-de-milan-cortina-sont-connus\/","title":{"rendered":"Trespeuch, No\u00ebl, Hernandez et Broisin : les porte-drapeaux de la France pour les Jeux Olympiques et Paralympiques 2026 de Milan-Cortina sont connus"},"content":{"rendered":"<p style=\"text-align: justify;\"><strong><em>JEUX OLYMPIQUES DE MILAN-CORTINA 2026 &#8211; Les porte-drapeaux qui emm\u00e8neront l&rsquo;\u00e9quipe de France lors de la c\u00e9r\u00e9monie d&rsquo;ouverture ont \u00e9t\u00e9 d\u00e9voil\u00e9s. Il s&rsquo;agit de Chlo\u00e9 Trespeuch et Cl\u00e9ment No\u00ebl pour les Jeux Olympiques, et de C\u00e9cile Hernandez et Jordan Broisin pour les Jeux Paralympiques.\u00a0<\/em><\/strong><\/p>\n<ul>\n<li style=\"text-align: justify;\"><strong>\u00c0 ce sujet &#8211; <a href=\"https:\/\/dicodusport.fr\/blog\/calendrier-jo-dhiver-2026-programme-complet-des-epreuves-jour-par-jour-milan-cortina\/\">Calendrier JO d\u2019hiver 2026 : programme complet des \u00e9preuves, jour par jour (Milan-Cortina)<\/a><\/strong><\/li>\n<\/ul>\n<p style=\"text-align: justify;\">\u00c7a y est, nous connaissons les noms des porte-drapeaux qui m\u00e8neront la d\u00e9l\u00e9gation fran\u00e7aise lors de la c\u00e9r\u00e9monie d\u2019ouverture des Jeux Olympiques et Paralympiques de <strong>Milan-Cortina<\/strong>, le 6 f\u00e9vrier prochain.<\/p>\n<h2 style=\"text-align: justify;\">Trespeuch\/No\u00ebl et Hernandez\/Broisin m\u00e8neront la d\u00e9l\u00e9gation tricolore<\/h2>\n<p style=\"text-align: justify;\">Apr\u00e8s plusieurs jours d&rsquo;attente, les dix candidats pour devenir porte-drapeau de l\u2019\u00e9quipe de France connaissent leur sort. <strong>Chlo\u00e9 Trespeuch<\/strong> et <strong>Cl\u00e9ment No\u00ebl<\/strong> sont les heureux \u00e9lus pour les Jeux Olympiques. Concernant <strong>Trespeuch<\/strong>, ce seront les quatri\u00e8mes Jeux Olympiques, une occasion d\u2019y d\u00e9crocher une troisi\u00e8me m\u00e9daille, apr\u00e8s un retour de grossesse. <strong>No\u00ebl<\/strong> participera, lui, \u00e0 ses troisi\u00e8mes JO et tentera de conserver son titre olympique obtenu quatre ans plus t\u00f4t \u00e0 <strong>P\u00e9kin<\/strong>.<\/p>\n<div class=\"vlp-link-container vlp-layout-article\"><a href=\"https:\/\/dicodusport.fr\/blog\/jo-pekin-2022-ski-alpin-clement-noel-champion-olympique-de-slalom\/\" class=\"vlp-link\" title=\"JO P\u00e9kin 2022 - Ski Alpin : Cl\u00e9ment No\u00ebl champion olympique de slalom\"><\/a><div class=\"vlp-layout-zone-side\"><div class=\"vlp-block-4 vlp-link-image\"><img loading=\"lazy\" decoding=\"async\" style=\"max-width: 800px;\" width=\"800\" height=\"445\" src=\"https:\/\/dicodusport.fr\/blog\/wp-content\/uploads\/2022\/02\/Sport-JO-Pekin-2022-Ski-Alpin-Clement-Noel-champion-olympique-de-slalom.png\" class=\"attachment-800x445 size-800x445\" alt=\"Sport - JO P\u00e9kin 2022 - Ski Alpin Cl\u00e9ment No\u00ebl champion olympique de slalom\" srcset=\"https:\/\/dicodusport.fr\/blog\/wp-content\/uploads\/2022\/02\/Sport-JO-Pekin-2022-Ski-Alpin-Clement-Noel-champion-olympique-de-slalom.png 800w, https:\/\/dicodusport.fr\/blog\/wp-content\/uploads\/2022\/02\/Sport-JO-Pekin-2022-Ski-Alpin-Clement-Noel-champion-olympique-de-slalom-300x167.png 300w, https:\/\/dicodusport.fr\/blog\/wp-content\/uploads\/2022\/02\/Sport-JO-Pekin-2022-Ski-Alpin-Clement-Noel-champion-olympique-de-slalom-768x427.png 768w\" sizes=\"auto, (max-width: 800px) 100vw, 800px\" \/><\/div><\/div><div class=\"vlp-layout-zone-main\"><div class=\"vlp-block-0 vlp-link-title\">JO P\u00e9kin 2022 - Ski Alpin : Cl\u00e9ment No\u00ebl champion olympique de slalom<\/div><div class=\"vlp-block-1 vlp-link-summary\">JO P\u00c9KIN 2022 - SKI ALPIN - Derni\u00e8re \u00e9preuve masculine de ski alpin de ces JO de P\u00e9kin, Cl\u00e9ment No\u00ebl a gagn\u00e9 le titre olympique du slalom ce mercredi sur la piste de Yanqing. Il a devanc\u00e9 Johannes Strolz et Sebastian Foss Solevaag.<\/div><div class=\"vlp-block-2 vlp-link-button\">Lire l'article<\/div><div class=\"vlp-block-3 vlp-link-url\">dicodusport.fr<\/div><\/div><\/div>\n<p style=\"text-align: justify;\">Pour les Jeux Paralympiques, ce sont <strong>C\u00e9cile Hernandez<\/strong> et <strong>Jordan Broisin<\/strong> qui ont \u00e9t\u00e9 choisis. L\u2019in\u00e9puisable snowboardeuse de 51 ans participera \u00e0 ses quatri\u00e8mes Jeux Paralympiques et tentera d\u2019ajouter une cinqui\u00e8me breloque \u00e0 son palmar\u00e8s. \u00c0 ses c\u00f4t\u00e9s, le skieur alpin <strong>Jordan Broisin<\/strong> vivra ses troisi\u00e8mes Jeux et aura sa premi\u00e8re m\u00e9daille paralympique en ligne de mire.<\/p>\n<blockquote class=\"twitter-tweet\">\n<p dir=\"ltr\" lang=\"fr\">\ud83c\uddeb\ud83c\uddf7 Chlo\u00e9 Trespeuch &amp; Cl\u00e9ment No\u00ebl.<br \/>\n\ud83c\uddeb\ud83c\uddf7 C\u00e9cile Hernandez &amp; Jordan Broisin.<\/p>\n<p>Voici nos porte-drapeaux qui emm\u00e8neront notre Equipe de France aux Jeux de <a href=\"https:\/\/twitter.com\/hashtag\/MilanoCortina2026?src=hash&amp;ref_src=twsrc%5Etfw\">#MilanoCortina2026<\/a> \u2728 <a href=\"https:\/\/t.co\/9bbYW9Llc3\">pic.twitter.com\/9bbYW9Llc3<\/a><\/p>\n<p>\u2014 Equipe France (@EquipeFRA) <a href=\"https:\/\/twitter.com\/EquipeFRA\/status\/2017270476368756736?ref_src=twsrc%5Etfw\">January 30, 2026<\/a><\/p><\/blockquote>\n<p style=\"text-align: justify;\"><script async src=\"https:\/\/platform.twitter.com\/widgets.js\" charset=\"utf-8\"><\/script><\/p>\n<div id=\"gtx-trans\" style=\"position: absolute; left: -14px; top: 40.9091px;\">\n<div class=\"gtx-trans-icon\" style=\"text-align: justify;\"><\/div>\n<\/div>\n","protected":false},"excerpt":{"rendered":"<p>Les porte-drapeaux qui emm\u00e8neront l&rsquo;\u00e9quipe de France lors de la c\u00e9r\u00e9monie d&rsquo;ouverture ont \u00e9t\u00e9 d\u00e9voil\u00e9s. Il s&rsquo;agit de Chlo\u00e9 Trespeuch et Cl\u00e9ment No\u00ebl pour les Jeux Olympiques, et de C\u00e9cile Hernandez et Jordan Broisin pour les Jeux Paralympiques.\u00a0<\/p>\n","protected":false},"author":89,"featured_media":642848,"comment_status":"open","ping_status":"closed","sticky":false,"template":"","format":"standard","meta":{"_acf_changed":false,"_daextam_enable_autolinks":"1","footnotes":""},"categories":[44003],"tags":[16878,46887,46888,47094,21453,24],"class_list":["post-642723","post","type-post","status-publish","format-standard","has-post-thumbnail","hentry","category-jo-hiver-2026","tag-breve","tag-jeux-olympiques-2026","tag-jo-2026","tag-jo-dhiver","tag-porte-drapeaux-france","tag-sport"],"acf":[],"yoast_head":"<!-- This site is optimized with the Yoast SEO Premium plugin v26.7 (Yoast SEO v26.7) - https:\/\/yoast.com\/wordpress\/plugins\/seo\/ -->\n<title>Trespeuch, No\u00ebl, Hernandez et Broisin : les porte-drapeaux de la France pour les Jeux Olympiques et Paralympiques 2026 de Milan-Cortina sont connus<\/title>\n<meta name=\"description\" content=\"Les porte-drapeaux qui emm\u00e8neront l&#039;\u00e9quipe de France lors de la c\u00e9r\u00e9monie d&#039;ouverture ont \u00e9t\u00e9 d\u00e9voil\u00e9s. Il s&#039;agit de Chlo\u00e9 Trespeuch et Cl\u00e9ment No\u00ebl pour les Jeux Olympiques, et de C\u00e9cile Hernandez et Jordan Broisin pour les Jeux Paralympiques.\u00a0\" \/>\n<meta name=\"robots\" content=\"index, follow, max-snippet:-1, max-image-preview:large, max-video-preview:-1\" \/>\n<link rel=\"canonical\" href=\"https:\/\/dicodusport.fr\/blog\/trespeuch-noel-hernandez-et-broisin-les-porte-drapeaux-de-la-france-pour-les-jeux-olympiques-et-paralympiques-2026-de-milan-cortina-sont-connus\/\" \/>\n<meta property=\"og:locale\" content=\"fr_FR\" \/>\n<meta property=\"og:type\" content=\"article\" \/>\n<meta property=\"og:title\" content=\"Trespeuch, No\u00ebl, Hernandez et Broisin : les porte-drapeaux de la France pour les Jeux Olympiques et Paralympiques 2026 de Milan-Cortina sont connus\" \/>\n<meta property=\"og:description\" content=\"Les porte-drapeaux qui emm\u00e8neront l&#039;\u00e9quipe de France lors de la c\u00e9r\u00e9monie d&#039;ouverture ont \u00e9t\u00e9 d\u00e9voil\u00e9s. Il s&#039;agit de Chlo\u00e9 Trespeuch et Cl\u00e9ment No\u00ebl pour les Jeux Olympiques, et de C\u00e9cile Hernandez et Jordan Broisin pour les Jeux Paralympiques.\u00a0\" \/>\n<meta property=\"og:url\" content=\"https:\/\/dicodusport.fr\/blog\/trespeuch-noel-hernandez-et-broisin-les-porte-drapeaux-de-la-france-pour-les-jeux-olympiques-et-paralympiques-2026-de-milan-cortina-sont-connus\/\" \/>\n<meta property=\"og:site_name\" content=\"Dicodusport\" \/>\n<meta property=\"article:publisher\" content=\"https:\/\/www.facebook.com\/dicodusport\" \/>\n<meta property=\"article:published_time\" content=\"2026-01-30T16:20:05+00:00\" \/>\n<meta property=\"article:modified_time\" content=\"2026-02-03T14:21:51+00:00\" \/>\n<meta property=\"og:image\" content=\"https:\/\/dicodusport.fr\/blog\/wp-content\/uploads\/2026\/01\/Trespeuch-Noel-Hernandez-et-Broisin-designes-porte-drapeaux-de-lequipe-de-France-pour-les-Jeux-Olympiques-et-Paralympiques-2026.png\" \/>\n\t<meta property=\"og:image:width\" content=\"1200\" \/>\n\t<meta property=\"og:image:height\" content=\"674\" \/>\n\t<meta property=\"og:image:type\" content=\"image\/png\" \/>\n<meta name=\"author\" content=\"Louka Lesueur\" \/>\n<meta name=\"twitter:card\" content=\"summary_large_image\" \/>\n<meta name=\"twitter:title\" content=\"Trespeuch, No\u00ebl, Hernandez et Broisin : les porte-drapeaux de la France pour les Jeux Olympiques et Paralympiques 2026 de Milan-Cortina sont connus\" \/>\n<meta name=\"twitter:creator\" content=\"@https:\/\/twitter.com\/LNewsSF\" \/>\n<meta name=\"twitter:site\" content=\"@dicodusport\" \/>\n<script type=\"application\/ld+json\" class=\"yoast-schema-graph\">{\"@context\":\"https:\/\/schema.org\",\"@graph\":[{\"@type\":\"NewsArticle\",\"@id\":\"https:\/\/dicodusport.fr\/blog\/trespeuch-noel-hernandez-et-broisin-les-porte-drapeaux-de-la-france-pour-les-jeux-olympiques-et-paralympiques-2026-de-milan-cortina-sont-connus\/#article\",\"isPartOf\":{\"@id\":\"https:\/\/dicodusport.fr\/blog\/trespeuch-noel-hernandez-et-broisin-les-porte-drapeaux-de-la-france-pour-les-jeux-olympiques-et-paralympiques-2026-de-milan-cortina-sont-connus\/\"},\"author\":{\"name\":\"Louka Lesueur\",\"@id\":\"https:\/\/dicodusport.fr\/blog\/#\/schema\/person\/54b6cdccebdfcd5a1036c594aecffc2a\"},\"headline\":\"Trespeuch, No\u00ebl, Hernandez et Broisin : les porte-drapeaux de la France pour les Jeux Olympiques et Paralympiques 2026 de Milan-Cortina sont connus\",\"datePublished\":\"2026-01-30T16:20:05+00:00\",\"dateModified\":\"2026-02-03T14:21:51+00:00\",\"mainEntityOfPage\":{\"@id\":\"https:\/\/dicodusport.fr\/blog\/trespeuch-noel-hernandez-et-broisin-les-porte-drapeaux-de-la-france-pour-les-jeux-olympiques-et-paralympiques-2026-de-milan-cortina-sont-connus\/\"},\"wordCount\":428,\"commentCount\":0,\"publisher\":{\"@id\":\"https:\/\/dicodusport.fr\/blog\/#organization\"},\"image\":{\"@id\":\"https:\/\/dicodusport.fr\/blog\/trespeuch-noel-hernandez-et-broisin-les-porte-drapeaux-de-la-france-pour-les-jeux-olympiques-et-paralympiques-2026-de-milan-cortina-sont-connus\/#primaryimage\"},\"thumbnailUrl\":\"https:\/\/dicodusport.fr\/blog\/wp-content\/uploads\/2026\/01\/Trespeuch-Noel-Hernandez-et-Broisin-designes-porte-drapeaux-de-lequipe-de-France-pour-les-Jeux-Olympiques-et-Paralympiques-2026.png\",\"keywords\":[\"br\u00e8ve\",\"Jeux Olympiques 2026\",\"JO 2026\",\"JO d'hiver\",\"Porte-drapeaux France\",\"sport\"],\"articleSection\":[\"JO d'hiver 2026\"],\"inLanguage\":\"fr-FR\",\"potentialAction\":[{\"@type\":\"CommentAction\",\"name\":\"Comment\",\"target\":[\"https:\/\/dicodusport.fr\/blog\/trespeuch-noel-hernandez-et-broisin-les-porte-drapeaux-de-la-france-pour-les-jeux-olympiques-et-paralympiques-2026-de-milan-cortina-sont-connus\/#respond\"]}],\"copyrightYear\":\"2026\",\"copyrightHolder\":{\"@id\":\"https:\/\/dicodusport.fr\/blog\/#organization\"}},{\"@type\":\"WebPage\",\"@id\":\"https:\/\/dicodusport.fr\/blog\/trespeuch-noel-hernandez-et-broisin-les-porte-drapeaux-de-la-france-pour-les-jeux-olympiques-et-paralympiques-2026-de-milan-cortina-sont-connus\/\",\"url\":\"https:\/\/dicodusport.fr\/blog\/trespeuch-noel-hernandez-et-broisin-les-porte-drapeaux-de-la-france-pour-les-jeux-olympiques-et-paralympiques-2026-de-milan-cortina-sont-connus\/\",\"name\":\"Trespeuch, No\u00ebl, Hernandez et Broisin : les porte-drapeaux de la France pour les Jeux Olympiques et Paralympiques 2026 de Milan-Cortina sont connus\",\"isPartOf\":{\"@id\":\"https:\/\/dicodusport.fr\/blog\/#website\"},\"primaryImageOfPage\":{\"@id\":\"https:\/\/dicodusport.fr\/blog\/trespeuch-noel-hernandez-et-broisin-les-porte-drapeaux-de-la-france-pour-les-jeux-olympiques-et-paralympiques-2026-de-milan-cortina-sont-connus\/#primaryimage\"},\"image\":{\"@id\":\"https:\/\/dicodusport.fr\/blog\/trespeuch-noel-hernandez-et-broisin-les-porte-drapeaux-de-la-france-pour-les-jeux-olympiques-et-paralympiques-2026-de-milan-cortina-sont-connus\/#primaryimage\"},\"thumbnailUrl\":\"https:\/\/dicodusport.fr\/blog\/wp-content\/uploads\/2026\/01\/Trespeuch-Noel-Hernandez-et-Broisin-designes-porte-drapeaux-de-lequipe-de-France-pour-les-Jeux-Olympiques-et-Paralympiques-2026.png\",\"datePublished\":\"2026-01-30T16:20:05+00:00\",\"dateModified\":\"2026-02-03T14:21:51+00:00\",\"description\":\"Les porte-drapeaux qui emm\u00e8neront l'\u00e9quipe de France lors de la c\u00e9r\u00e9monie d'ouverture ont \u00e9t\u00e9 d\u00e9voil\u00e9s. Il s'agit de Chlo\u00e9 Trespeuch et Cl\u00e9ment No\u00ebl pour les Jeux Olympiques, et de C\u00e9cile Hernandez et Jordan Broisin pour les Jeux Paralympiques.\u00a0\",\"breadcrumb\":{\"@id\":\"https:\/\/dicodusport.fr\/blog\/trespeuch-noel-hernandez-et-broisin-les-porte-drapeaux-de-la-france-pour-les-jeux-olympiques-et-paralympiques-2026-de-milan-cortina-sont-connus\/#breadcrumb\"},\"inLanguage\":\"fr-FR\",\"potentialAction\":[{\"@type\":\"ReadAction\",\"target\":[\"https:\/\/dicodusport.fr\/blog\/trespeuch-noel-hernandez-et-broisin-les-porte-drapeaux-de-la-france-pour-les-jeux-olympiques-et-paralympiques-2026-de-milan-cortina-sont-connus\/\"]}]},{\"@type\":\"ImageObject\",\"inLanguage\":\"fr-FR\",\"@id\":\"https:\/\/dicodusport.fr\/blog\/trespeuch-noel-hernandez-et-broisin-les-porte-drapeaux-de-la-france-pour-les-jeux-olympiques-et-paralympiques-2026-de-milan-cortina-sont-connus\/#primaryimage\",\"url\":\"https:\/\/dicodusport.fr\/blog\/wp-content\/uploads\/2026\/01\/Trespeuch-Noel-Hernandez-et-Broisin-designes-porte-drapeaux-de-lequipe-de-France-pour-les-Jeux-Olympiques-et-Paralympiques-2026.png\",\"contentUrl\":\"https:\/\/dicodusport.fr\/blog\/wp-content\/uploads\/2026\/01\/Trespeuch-Noel-Hernandez-et-Broisin-designes-porte-drapeaux-de-lequipe-de-France-pour-les-Jeux-Olympiques-et-Paralympiques-2026.png\",\"width\":1200,\"height\":674,\"caption\":\"Trespeuch, No\u00ebl, Hernandez et Broisin les porte-drapeaux de la France pour les Jeux Olympiques et Paralympiques 2026 de Milan-Cortina sont connus\"},{\"@type\":\"BreadcrumbList\",\"@id\":\"https:\/\/dicodusport.fr\/blog\/trespeuch-noel-hernandez-et-broisin-les-porte-drapeaux-de-la-france-pour-les-jeux-olympiques-et-paralympiques-2026-de-milan-cortina-sont-connus\/#breadcrumb\",\"itemListElement\":[{\"@type\":\"ListItem\",\"position\":1,\"name\":\"Accueil\",\"item\":\"https:\/\/dicodusport.fr\/blog\/\"},{\"@type\":\"ListItem\",\"position\":2,\"name\":\"Trespeuch, No\u00ebl, Hernandez et Broisin : les porte-drapeaux de la France pour les Jeux Olympiques et Paralympiques 2026 de Milan-Cortina sont connus\"}]},{\"@type\":\"WebSite\",\"@id\":\"https:\/\/dicodusport.fr\/blog\/#website\",\"url\":\"https:\/\/dicodusport.fr\/blog\/\",\"name\":\"Dicodusport\",\"description\":\"L&#039;encyclop\u00e9die de l&#039;actualit\u00e9 sportive\",\"publisher\":{\"@id\":\"https:\/\/dicodusport.fr\/blog\/#organization\"},\"potentialAction\":[{\"@type\":\"SearchAction\",\"target\":{\"@type\":\"EntryPoint\",\"urlTemplate\":\"https:\/\/dicodusport.fr\/blog\/?s={search_term_string}\"},\"query-input\":{\"@type\":\"PropertyValueSpecification\",\"valueRequired\":true,\"valueName\":\"search_term_string\"}}],\"inLanguage\":\"fr-FR\"},{\"@type\":\"NewsMediaOrganization\",\"@id\":\"https:\/\/dicodusport.fr\/blog\/#organization\",\"name\":\"Dicodusport\",\"url\":\"https:\/\/dicodusport.fr\/blog\/\",\"logo\":{\"@type\":\"ImageObject\",\"inLanguage\":\"fr-FR\",\"@id\":\"https:\/\/dicodusport.fr\/blog\/#\/schema\/logo\/image\/\",\"url\":\"https:\/\/dicodusport.fr\/blog\/wp-content\/uploads\/2020\/06\/cropped-LOGO-DICODUSPORT-2020-SANS-FOND-SANS-TEXTE.png\",\"contentUrl\":\"https:\/\/dicodusport.fr\/blog\/wp-content\/uploads\/2020\/06\/cropped-LOGO-DICODUSPORT-2020-SANS-FOND-SANS-TEXTE.png\",\"width\":512,\"height\":512,\"caption\":\"Dicodusport\"},\"image\":{\"@id\":\"https:\/\/dicodusport.fr\/blog\/#\/schema\/logo\/image\/\"},\"sameAs\":[\"https:\/\/www.facebook.com\/dicodusport\",\"https:\/\/x.com\/dicodusport\",\"https:\/\/www.instagram.com\/dicodusport\/\",\"https:\/\/www.youtube.com\/channel\/UC7V2KZ5sd3htJivAbA4ZG3w\"],\"description\":\"Dicodusport est l'encyclop\u00e9die de l'actualit\u00e9 sportive.\",\"email\":\"bonjour@dicodusport.fr\",\"legalName\":\"DICODUSPORT\",\"foundingDate\":\"2018-01-14\",\"vatID\":\"FR71834470973\",\"taxID\":\"83447097300043\",\"numberOfEmployees\":{\"@type\":\"QuantitativeValue\",\"minValue\":\"1\",\"maxValue\":\"10\"}},{\"@type\":\"Person\",\"@id\":\"https:\/\/dicodusport.fr\/blog\/#\/schema\/person\/54b6cdccebdfcd5a1036c594aecffc2a\",\"name\":\"Louka Lesueur\",\"image\":{\"@type\":\"ImageObject\",\"inLanguage\":\"fr-FR\",\"@id\":\"https:\/\/dicodusport.fr\/blog\/#\/schema\/person\/image\/\",\"url\":\"https:\/\/dicodusport.fr\/blog\/wp-content\/uploads\/2023\/09\/IMG_2783-150x150.jpeg\",\"contentUrl\":\"https:\/\/dicodusport.fr\/blog\/wp-content\/uploads\/2023\/09\/IMG_2783-150x150.jpeg\",\"caption\":\"Louka Lesueur\"},\"description\":\"Passionn\u00e9 depuis tout petit par les exploits de Bolt, Fourcade, Riner, Lavillenie, Wilkinson, Hirscher. Les \u00e9motions provoqu\u00e9es par le sport ont berc\u00e9 mon enfance et continuent de le faire aujourd'hui. C'est ainsi qu'il m'est arriv\u00e9 de pleurer devant la d\u00e9faite des Bleus face aux Blacks en 2011, ou encore devant le titre olympique de Florent Manaudou \u00e0 Londres. Bien loin de ce milieu professionnel, j'ai os\u00e9 tenter ma chance pour rejoindre l'\u00e9quipe de r\u00e9daction de Dicodusport, et depuis septembre 2023, je tente de retransmettre au mieux les exploits des athl\u00e8tes, tous sports confondus. Grand chauvin, c'est bel et bien sur les sportifs tricolores que je pr\u00e9f\u00e8re \u00e9crire.\",\"sameAs\":[\"https:\/\/x.com\/https:\/\/twitter.com\/LNewsSF\"],\"gender\":\"Homme\",\"worksFor\":\"Louka LESUEUR\",\"url\":\"https:\/\/dicodusport.fr\/blog\/author\/louka-lesueur\/\"}]}<\/script>\n<!-- \/ Yoast SEO Premium plugin. -->","yoast_head_json":{"title":"Trespeuch, No\u00ebl, Hernandez et Broisin : les porte-drapeaux de la France pour les Jeux Olympiques et Paralympiques 2026 de Milan-Cortina sont connus","description":"Les porte-drapeaux qui emm\u00e8neront l'\u00e9quipe de France lors de la c\u00e9r\u00e9monie d'ouverture ont \u00e9t\u00e9 d\u00e9voil\u00e9s. Il s'agit de Chlo\u00e9 Trespeuch et Cl\u00e9ment No\u00ebl pour les Jeux Olympiques, et de C\u00e9cile Hernandez et Jordan Broisin pour les Jeux Paralympiques.\u00a0","robots":{"index":"index","follow":"follow","max-snippet":"max-snippet:-1","max-image-preview":"max-image-preview:large","max-video-preview":"max-video-preview:-1"},"canonical":"https:\/\/dicodusport.fr\/blog\/trespeuch-noel-hernandez-et-broisin-les-porte-drapeaux-de-la-france-pour-les-jeux-olympiques-et-paralympiques-2026-de-milan-cortina-sont-connus\/","og_locale":"fr_FR","og_type":"article","og_title":"Trespeuch, No\u00ebl, Hernandez et Broisin : les porte-drapeaux de la France pour les Jeux Olympiques et Paralympiques 2026 de Milan-Cortina sont connus","og_description":"Les porte-drapeaux qui emm\u00e8neront l'\u00e9quipe de France lors de la c\u00e9r\u00e9monie d'ouverture ont \u00e9t\u00e9 d\u00e9voil\u00e9s. Il s'agit de Chlo\u00e9 Trespeuch et Cl\u00e9ment No\u00ebl pour les Jeux Olympiques, et de C\u00e9cile Hernandez et Jordan Broisin pour les Jeux Paralympiques.\u00a0","og_url":"https:\/\/dicodusport.fr\/blog\/trespeuch-noel-hernandez-et-broisin-les-porte-drapeaux-de-la-france-pour-les-jeux-olympiques-et-paralympiques-2026-de-milan-cortina-sont-connus\/","og_site_name":"Dicodusport","article_publisher":"https:\/\/www.facebook.com\/dicodusport","article_published_time":"2026-01-30T16:20:05+00:00","article_modified_time":"2026-02-03T14:21:51+00:00","og_image":[{"width":1200,"height":674,"url":"https:\/\/dicodusport.fr\/blog\/wp-content\/uploads\/2026\/01\/Trespeuch-Noel-Hernandez-et-Broisin-designes-porte-drapeaux-de-lequipe-de-France-pour-les-Jeux-Olympiques-et-Paralympiques-2026.png","type":"image\/png"}],"author":"Louka Lesueur","twitter_card":"summary_large_image","twitter_title":"Trespeuch, No\u00ebl, Hernandez et Broisin : les porte-drapeaux de la France pour les Jeux Olympiques et Paralympiques 2026 de Milan-Cortina sont connus","twitter_creator":"@https:\/\/twitter.com\/LNewsSF","twitter_site":"@dicodusport","schema":{"@context":"https:\/\/schema.org","@graph":[{"@type":"NewsArticle","@id":"https:\/\/dicodusport.fr\/blog\/trespeuch-noel-hernandez-et-broisin-les-porte-drapeaux-de-la-france-pour-les-jeux-olympiques-et-paralympiques-2026-de-milan-cortina-sont-connus\/#article","isPartOf":{"@id":"https:\/\/dicodusport.fr\/blog\/trespeuch-noel-hernandez-et-broisin-les-porte-drapeaux-de-la-france-pour-les-jeux-olympiques-et-paralympiques-2026-de-milan-cortina-sont-connus\/"},"author":{"name":"Louka Lesueur","@id":"https:\/\/dicodusport.fr\/blog\/#\/schema\/person\/54b6cdccebdfcd5a1036c594aecffc2a"},"headline":"Trespeuch, No\u00ebl, Hernandez et Broisin : les porte-drapeaux de la France pour les Jeux Olympiques et Paralympiques 2026 de Milan-Cortina sont connus","datePublished":"2026-01-30T16:20:05+00:00","dateModified":"2026-02-03T14:21:51+00:00","mainEntityOfPage":{"@id":"https:\/\/dicodusport.fr\/blog\/trespeuch-noel-hernandez-et-broisin-les-porte-drapeaux-de-la-france-pour-les-jeux-olympiques-et-paralympiques-2026-de-milan-cortina-sont-connus\/"},"wordCount":428,"commentCount":0,"publisher":{"@id":"https:\/\/dicodusport.fr\/blog\/#organization"},"image":{"@id":"https:\/\/dicodusport.fr\/blog\/trespeuch-noel-hernandez-et-broisin-les-porte-drapeaux-de-la-france-pour-les-jeux-olympiques-et-paralympiques-2026-de-milan-cortina-sont-connus\/#primaryimage"},"thumbnailUrl":"https:\/\/dicodusport.fr\/blog\/wp-content\/uploads\/2026\/01\/Trespeuch-Noel-Hernandez-et-Broisin-designes-porte-drapeaux-de-lequipe-de-France-pour-les-Jeux-Olympiques-et-Paralympiques-2026.png","keywords":["br\u00e8ve","Jeux Olympiques 2026","JO 2026","JO d'hiver","Porte-drapeaux France","sport"],"articleSection":["JO d'hiver 2026"],"inLanguage":"fr-FR","potentialAction":[{"@type":"CommentAction","name":"Comment","target":["https:\/\/dicodusport.fr\/blog\/trespeuch-noel-hernandez-et-broisin-les-porte-drapeaux-de-la-france-pour-les-jeux-olympiques-et-paralympiques-2026-de-milan-cortina-sont-connus\/#respond"]}],"copyrightYear":"2026","copyrightHolder":{"@id":"https:\/\/dicodusport.fr\/blog\/#organization"}},{"@type":"WebPage","@id":"https:\/\/dicodusport.fr\/blog\/trespeuch-noel-hernandez-et-broisin-les-porte-drapeaux-de-la-france-pour-les-jeux-olympiques-et-paralympiques-2026-de-milan-cortina-sont-connus\/","url":"https:\/\/dicodusport.fr\/blog\/trespeuch-noel-hernandez-et-broisin-les-porte-drapeaux-de-la-france-pour-les-jeux-olympiques-et-paralympiques-2026-de-milan-cortina-sont-connus\/","name":"Trespeuch, No\u00ebl, Hernandez et Broisin : les porte-drapeaux de la France pour les Jeux Olympiques et Paralympiques 2026 de Milan-Cortina sont connus","isPartOf":{"@id":"https:\/\/dicodusport.fr\/blog\/#website"},"primaryImageOfPage":{"@id":"https:\/\/dicodusport.fr\/blog\/trespeuch-noel-hernandez-et-broisin-les-porte-drapeaux-de-la-france-pour-les-jeux-olympiques-et-paralympiques-2026-de-milan-cortina-sont-connus\/#primaryimage"},"image":{"@id":"https:\/\/dicodusport.fr\/blog\/trespeuch-noel-hernandez-et-broisin-les-porte-drapeaux-de-la-france-pour-les-jeux-olympiques-et-paralympiques-2026-de-milan-cortina-sont-connus\/#primaryimage"},"thumbnailUrl":"https:\/\/dicodusport.fr\/blog\/wp-content\/uploads\/2026\/01\/Trespeuch-Noel-Hernandez-et-Broisin-designes-porte-drapeaux-de-lequipe-de-France-pour-les-Jeux-Olympiques-et-Paralympiques-2026.png","datePublished":"2026-01-30T16:20:05+00:00","dateModified":"2026-02-03T14:21:51+00:00","description":"Les porte-drapeaux qui emm\u00e8neront l'\u00e9quipe de France lors de la c\u00e9r\u00e9monie d'ouverture ont \u00e9t\u00e9 d\u00e9voil\u00e9s. Il s'agit de Chlo\u00e9 Trespeuch et Cl\u00e9ment No\u00ebl pour les Jeux Olympiques, et de C\u00e9cile Hernandez et Jordan Broisin pour les Jeux Paralympiques.\u00a0","breadcrumb":{"@id":"https:\/\/dicodusport.fr\/blog\/trespeuch-noel-hernandez-et-broisin-les-porte-drapeaux-de-la-france-pour-les-jeux-olympiques-et-paralympiques-2026-de-milan-cortina-sont-connus\/#breadcrumb"},"inLanguage":"fr-FR","potentialAction":[{"@type":"ReadAction","target":["https:\/\/dicodusport.fr\/blog\/trespeuch-noel-hernandez-et-broisin-les-porte-drapeaux-de-la-france-pour-les-jeux-olympiques-et-paralympiques-2026-de-milan-cortina-sont-connus\/"]}]},{"@type":"ImageObject","inLanguage":"fr-FR","@id":"https:\/\/dicodusport.fr\/blog\/trespeuch-noel-hernandez-et-broisin-les-porte-drapeaux-de-la-france-pour-les-jeux-olympiques-et-paralympiques-2026-de-milan-cortina-sont-connus\/#primaryimage","url":"https:\/\/dicodusport.fr\/blog\/wp-content\/uploads\/2026\/01\/Trespeuch-Noel-Hernandez-et-Broisin-designes-porte-drapeaux-de-lequipe-de-France-pour-les-Jeux-Olympiques-et-Paralympiques-2026.png","contentUrl":"https:\/\/dicodusport.fr\/blog\/wp-content\/uploads\/2026\/01\/Trespeuch-Noel-Hernandez-et-Broisin-designes-porte-drapeaux-de-lequipe-de-France-pour-les-Jeux-Olympiques-et-Paralympiques-2026.png","width":1200,"height":674,"caption":"Trespeuch, No\u00ebl, Hernandez et Broisin les porte-drapeaux de la France pour les Jeux Olympiques et Paralympiques 2026 de Milan-Cortina sont connus"},{"@type":"BreadcrumbList","@id":"https:\/\/dicodusport.fr\/blog\/trespeuch-noel-hernandez-et-broisin-les-porte-drapeaux-de-la-france-pour-les-jeux-olympiques-et-paralympiques-2026-de-milan-cortina-sont-connus\/#breadcrumb","itemListElement":[{"@type":"ListItem","position":1,"name":"Accueil","item":"https:\/\/dicodusport.fr\/blog\/"},{"@type":"ListItem","position":2,"name":"Trespeuch, No\u00ebl, Hernandez et Broisin : les porte-drapeaux de la France pour les Jeux Olympiques et Paralympiques 2026 de Milan-Cortina sont connus"}]},{"@type":"WebSite","@id":"https:\/\/dicodusport.fr\/blog\/#website","url":"https:\/\/dicodusport.fr\/blog\/","name":"Dicodusport","description":"L&#039;encyclop\u00e9die de l&#039;actualit\u00e9 sportive","publisher":{"@id":"https:\/\/dicodusport.fr\/blog\/#organization"},"potentialAction":[{"@type":"SearchAction","target":{"@type":"EntryPoint","urlTemplate":"https:\/\/dicodusport.fr\/blog\/?s={search_term_string}"},"query-input":{"@type":"PropertyValueSpecification","valueRequired":true,"valueName":"search_term_string"}}],"inLanguage":"fr-FR"},{"@type":"NewsMediaOrganization","@id":"https:\/\/dicodusport.fr\/blog\/#organization","name":"Dicodusport","url":"https:\/\/dicodusport.fr\/blog\/","logo":{"@type":"ImageObject","inLanguage":"fr-FR","@id":"https:\/\/dicodusport.fr\/blog\/#\/schema\/logo\/image\/","url":"https:\/\/dicodusport.fr\/blog\/wp-content\/uploads\/2020\/06\/cropped-LOGO-DICODUSPORT-2020-SANS-FOND-SANS-TEXTE.png","contentUrl":"https:\/\/dicodusport.fr\/blog\/wp-content\/uploads\/2020\/06\/cropped-LOGO-DICODUSPORT-2020-SANS-FOND-SANS-TEXTE.png","width":512,"height":512,"caption":"Dicodusport"},"image":{"@id":"https:\/\/dicodusport.fr\/blog\/#\/schema\/logo\/image\/"},"sameAs":["https:\/\/www.facebook.com\/dicodusport","https:\/\/x.com\/dicodusport","https:\/\/www.instagram.com\/dicodusport\/","https:\/\/www.youtube.com\/channel\/UC7V2KZ5sd3htJivAbA4ZG3w"],"description":"Dicodusport est l'encyclop\u00e9die de l'actualit\u00e9 sportive.","email":"bonjour@dicodusport.fr","legalName":"DICODUSPORT","foundingDate":"2018-01-14","vatID":"FR71834470973","taxID":"83447097300043","numberOfEmployees":{"@type":"QuantitativeValue","minValue":"1","maxValue":"10"}},{"@type":"Person","@id":"https:\/\/dicodusport.fr\/blog\/#\/schema\/person\/54b6cdccebdfcd5a1036c594aecffc2a","name":"Louka Lesueur","image":{"@type":"ImageObject","inLanguage":"fr-FR","@id":"https:\/\/dicodusport.fr\/blog\/#\/schema\/person\/image\/","url":"https:\/\/dicodusport.fr\/blog\/wp-content\/uploads\/2023\/09\/IMG_2783-150x150.jpeg","contentUrl":"https:\/\/dicodusport.fr\/blog\/wp-content\/uploads\/2023\/09\/IMG_2783-150x150.jpeg","caption":"Louka Lesueur"},"description":"Passionn\u00e9 depuis tout petit par les exploits de Bolt, Fourcade, Riner, Lavillenie, Wilkinson, Hirscher. Les \u00e9motions provoqu\u00e9es par le sport ont berc\u00e9 mon enfance et continuent de le faire aujourd'hui. C'est ainsi qu'il m'est arriv\u00e9 de pleurer devant la d\u00e9faite des Bleus face aux Blacks en 2011, ou encore devant le titre olympique de Florent Manaudou \u00e0 Londres. Bien loin de ce milieu professionnel, j'ai os\u00e9 tenter ma chance pour rejoindre l'\u00e9quipe de r\u00e9daction de Dicodusport, et depuis septembre 2023, je tente de retransmettre au mieux les exploits des athl\u00e8tes, tous sports confondus. Grand chauvin, c'est bel et bien sur les sportifs tricolores que je pr\u00e9f\u00e8re \u00e9crire.","sameAs":["https:\/\/x.com\/https:\/\/twitter.com\/LNewsSF"],"gender":"Homme","worksFor":"Louka LESUEUR","url":"https:\/\/dicodusport.fr\/blog\/author\/louka-lesueur\/"}]}},"_links":{"self":[{"href":"https:\/\/dicodusport.fr\/blog\/wp-json\/wp\/v2\/posts\/642723","targetHints":{"allow":["GET"]}}],"collection":[{"href":"https:\/\/dicodusport.fr\/blog\/wp-json\/wp\/v2\/posts"}],"about":[{"href":"https:\/\/dicodusport.fr\/blog\/wp-json\/wp\/v2\/types\/post"}],"author":[{"embeddable":true,"href":"https:\/\/dicodusport.fr\/blog\/wp-json\/wp\/v2\/users\/89"}],"replies":[{"embeddable":true,"href":"https:\/\/dicodusport.fr\/blog\/wp-json\/wp\/v2\/comments?post=642723"}],"version-history":[{"count":5,"href":"https:\/\/dicodusport.fr\/blog\/wp-json\/wp\/v2\/posts\/642723\/revisions"}],"predecessor-version":[{"id":643744,"href":"https:\/\/dicodusport.fr\/blog\/wp-json\/wp\/v2\/posts\/642723\/revisions\/643744"}],"wp:featuredmedia":[{"embeddable":true,"href":"https:\/\/dicodusport.fr\/blog\/wp-json\/wp\/v2\/media\/642848"}],"wp:attachment":[{"href":"https:\/\/dicodusport.fr\/blog\/wp-json\/wp\/v2\/media?parent=642723"}],"wp:term":[{"taxonomy":"category","embeddable":true,"href":"https:\/\/dicodusport.fr\/blog\/wp-json\/wp\/v2\/categories?post=642723"},{"taxonomy":"post_tag","embeddable":true,"href":"https:\/\/dicodusport.fr\/blog\/wp-json\/wp\/v2\/tags?post=642723"}],"curies":[{"name":"wp","href":"https:\/\/api.w.org\/{rel}","templated":true}]}}