{"id":642841,"date":"2026-01-31T16:02:51","date_gmt":"2026-01-31T15:02:51","guid":{"rendered":"https:\/\/dicodusport.fr\/blog\/?p=642841&#038;preview=true&#038;preview_id=642841"},"modified":"2026-01-31T16:07:51","modified_gmt":"2026-01-31T15:07:51","slug":"mondiaux-cyclo-cross-2026-classement-et-resultats-course-elites-femmes","status":"publish","type":"post","link":"https:\/\/dicodusport.fr\/blog\/mondiaux-cyclo-cross-2026-classement-et-resultats-course-elites-femmes\/","title":{"rendered":"Mondiaux Cyclo-cross 2026 : Classement et r\u00e9sultats course \u00e9lites femmes"},"content":{"rendered":"<p style=\"text-align: justify;\"><em><strong>Retrouvez les r\u00e9sultats complets et le classement de la course \u00e9lites femmes des championnats du monde de cyclo-cross 2026 \u00e0 Hulst (Pays-Bas), qui s&rsquo;est d\u00e9roul\u00e9e ce samedi 31 janvier 2026.<\/strong><\/em><\/p>\n<ul>\n<li style=\"text-align: justify;\"><strong>\u00c0 ce sujet &#8211; <a href=\"https:\/\/dicodusport.fr\/blog\/championnats-du-monde-de-cyclo-cross-2026-programme-parcours-resultats\/\">Championnats du monde de cyclo-cross 2026 : programme, parcours, r\u00e9sultats<\/a><\/strong><\/li>\n<\/ul>\n<p style=\"text-align: justify;\">La <strong>course \u00e9lites femmes des Championnats du monde de cyclo-cross 2026<\/strong> constitue l\u2019un des sommets sportifs de la saison hivernale. Disput\u00e9e ce <strong>samedi 31 janvier<\/strong> sur le circuit de <strong>Hulst<\/strong>, elle r\u00e9unira les meilleures sp\u00e9cialistes mondiales pour une bataille de tr\u00e8s haut niveau, o\u00f9 l\u2019intensit\u00e9, la ma\u00eetrise technique et la gestion des temps faibles seront d\u00e9terminantes dans la conqu\u00eate du maillot arc-en-ciel.<\/p>\n<p style=\"text-align: justify;\">Le trac\u00e9 n\u00e9erlandais, fid\u00e8le \u00e0 la tradition du <strong>cyclo-cross<\/strong>, propose un encha\u00eenement de secteurs rapides, de virages serr\u00e9s et de portions techniques qui ne laissent que peu de place \u00e0 l\u2019improvisation. Sur ce type de parcours, la course se construit souvent sur la dur\u00e9e : il faut savoir encaisser les premiers tours tr\u00e8s rythm\u00e9s, rester lucide dans les zones pi\u00e9geuses et garder suffisamment de ressources pour faire la diff\u00e9rence dans le final.<\/p>\n<h2 style=\"text-align: justify;\">Les favorites \u00e0 suivre<\/h2>\n<p style=\"text-align: justify;\">Parmi les favorites, la N\u00e9erlandaise <strong>Puck Pieterse<\/strong> arrive avec un statut particuli\u00e8rement solide. Capable d\u2019imprimer un tempo \u00e9lev\u00e9 et de cr\u00e9er des \u00e9carts dans les portions techniques, elle poss\u00e8de le profil id\u00e9al pour un circuit exigeant comme celui de Hulst. Sa capacit\u00e9 \u00e0 durcir la course en fait une candidate majeure au titre mondial.<\/p>\n<p style=\"text-align: justify;\">Elle devra toutefois composer avec l\u2019exp\u00e9rience et la r\u00e9gularit\u00e9 de <strong>Lucinda Brand<\/strong>, r\u00e9f\u00e9rence du peloton f\u00e9minin depuis plusieurs saisons. Ultra-dominante sur l\u2019ensemble de l\u2019hiver (18 succ\u00e8s, plus le g\u00e9n\u00e9ral de la Coupe du monde en prime), <strong>Brand<\/strong> sait parfaitement g\u00e9rer une course de championnat, o\u00f9 la patience et le sens tactique comptent autant que la puissance pure.<\/p>\n<p style=\"text-align: justify;\">Autre pr\u00e9tendante cr\u00e9dible, <strong>Ceylin del Carmen Alvarado<\/strong> poss\u00e8de un profil complet, capable de rester plac\u00e9e dans toutes les phases de course et de profiter de la moindre ouverture. Sa vitesse et son intelligence de course peuvent s\u2019av\u00e9rer d\u00e9cisives dans un sc\u00e9nario serr\u00e9.<\/p>\n<p style=\"text-align: justify;\">Dans un peloton dense et homog\u00e8ne, d\u2019autres coureuses pourraient \u00e9galement jouer les trouble-f\u00eates, tant le niveau est \u00e9lev\u00e9 chez les \u00e9lites femmes. Entre attaque lointaine, course d\u2019usure ou sprint r\u00e9duit, plusieurs sc\u00e9narios restent possibles, promettant une \u00e9preuve disput\u00e9e jusqu\u2019aux derniers hectom\u00e8tres. N\u2019oublions pas la Fran\u00e7aise <strong>Amandine Fouquenet<\/strong>, qui a empil\u00e9 les podiums en Coupe du monde, avec une troisi\u00e8me place au classement g\u00e9n\u00e9ral en prime.<\/p>\n<div class=\"vlp-link-container vlp-layout-article\"><a href=\"https:\/\/dicodusport.fr\/blog\/un-dernier-podium-pour-amandine-fouquenet-a-hoogerheide-puck-pieterse-intouchable\/\" class=\"vlp-link\" title=\"Un dernier podium pour Amandine Fouquenet \u00e0 Hoogerheide, Puck Pieterse intouchable\"><\/a><div class=\"vlp-layout-zone-side\"><div class=\"vlp-block-4 vlp-link-image\"><img loading=\"lazy\" decoding=\"async\" style=\"max-width: 792px;\" width=\"792\" height=\"445\" src=\"https:\/\/dicodusport.fr\/blog\/wp-content\/uploads\/2026\/01\/Un-dernier-podium-pour-Amandine-Fouquenet-a-Hoogerheide-Puck-Pieterse-intouchable-1.png\" class=\"attachment-800x445 size-800x445\" alt=\"Un dernier podium pour Amandine Fouquenet \u00e0 Hoogerheide, Puck Pieterse intouchable\" srcset=\"https:\/\/dicodusport.fr\/blog\/wp-content\/uploads\/2026\/01\/Un-dernier-podium-pour-Amandine-Fouquenet-a-Hoogerheide-Puck-Pieterse-intouchable-1.png 1200w, https:\/\/dicodusport.fr\/blog\/wp-content\/uploads\/2026\/01\/Un-dernier-podium-pour-Amandine-Fouquenet-a-Hoogerheide-Puck-Pieterse-intouchable-1-300x169.png 300w, https:\/\/dicodusport.fr\/blog\/wp-content\/uploads\/2026\/01\/Un-dernier-podium-pour-Amandine-Fouquenet-a-Hoogerheide-Puck-Pieterse-intouchable-1-1024x575.png 1024w, https:\/\/dicodusport.fr\/blog\/wp-content\/uploads\/2026\/01\/Un-dernier-podium-pour-Amandine-Fouquenet-a-Hoogerheide-Puck-Pieterse-intouchable-1-768x431.png 768w\" sizes=\"auto, (max-width: 792px) 100vw, 792px\" \/><\/div><\/div><div class=\"vlp-layout-zone-main\"><div class=\"vlp-block-0 vlp-link-title\">Un dernier podium pour Amandine Fouquenet \u00e0 Hoogerheide, Puck Pieterse intouchable<\/div><div class=\"vlp-block-1 vlp-link-summary\">COUPE DU MONDE DE CYCLO-CROSS 2025-2026 - Intouchable ce weekend, Puck Pieterse s'est impos\u00e9e lors de la derni\u00e8re manche \u00e0 Hoogerheide, dimanche. Amandine Fouquenet a termin\u00e9 troisi\u00e8me.\u00a0<\/div><div class=\"vlp-block-2 vlp-link-button\">Lire l'article<\/div><div class=\"vlp-block-3 vlp-link-url\">dicodusport.fr<\/div><\/div><\/div>\n<p style=\"text-align: justify;\">\u00c0 <strong>Hulst<\/strong>, plus qu\u2019une simple confrontation entre favorites, la course \u00e9lites femmes s\u2019annonce comme un v\u00e9ritable test de ma\u00eetrise et de sang-froid. Dans l\u2019ambiance unique des Championnats du monde, la moindre erreur peut co\u00fbter cher, et seule la coureuse la plus compl\u00e8te pourra inscrire son nom au palmar\u00e8s mondial du cyclo-cross.<\/p>\n<h2 style=\"text-align: justify;\">Championnats du monde de cyclo-cross 2026 &#8211; Classement et r\u00e9sultats \u00e9lites femmes<\/h2>\n<p style=\"text-align: justify;\"><span style=\"font-size: 14px;\"><strong><em>Classement officiel mis \u00e0 jour \u00e0 l&rsquo;issue de la course.<\/em><\/strong><\/span><\/p>\n<div class=\"su-table su-table-alternate\">\n<table style=\"width: 800px;border-collapse: collapse\" border=\"1\">\n<tbody>\n<tr style=\"height: 24px\">\n<td style=\"border-color: #ebebeb;height: 24px;text-align: center;width: 80px;vertical-align: middle\">\ud83c\udfc6<\/td>\n<td style=\"border-color: #ebebeb;height: 24px;text-align: center;width: 500px;vertical-align: middle\"><span style=\"font-size: 0.9em\"><strong>COUREUSES<\/strong><\/span><\/td>\n<td style=\"border-color: #ebebeb;height: 24px;text-align: center;width: 220px;vertical-align: middle\"><span style=\"font-size: 0.9em\"><strong>TEMPS \/ \u00c9CART<\/strong><\/span><\/td>\n<\/tr>\n<tr style=\"height: 24px\">\n<td style=\"border-color: #ebebeb;height: 24px;text-align: center;width: 80px;vertical-align: middle\"><strong><span class=\"su-label su-label-type-warning\">1.<\/span><\/strong><\/td>\n<td style=\"border-color: #ebebeb;text-align: center;width: 500px;vertical-align: middle\"><span style=\"font-size: 0.9em\"><strong>\ud83c\uddf3\ud83c\uddf1 LUCINDA BRAND<\/strong><\/span><\/td>\n<td style=\"border-color: #ebebeb;text-align: center;width: 220px;vertical-align: middle\"><strong><span style=\"font-size: 0.9em\">49m16s<\/span><\/strong><\/td>\n<\/tr>\n<tr>\n<td style=\"border-color: #ebebeb;text-align: center;width: 80px;vertical-align: middle\"><strong><span class=\"su-label su-label-type-default\">2.<\/span><\/strong><\/td>\n<td style=\"border-color: #ebebeb;text-align: center;width: 500px;vertical-align: middle\"><span style=\"font-size: 0.9em\"><strong>\ud83c\uddf3\ud83c\uddf1 CEYLIN DEL CARMEN ALVARADO<\/strong><\/span><\/td>\n<td style=\"border-color: #ebebeb;text-align: center;width: 220px;vertical-align: middle\"><span style=\"font-size: 0.9em\"><strong>\u00e0 27s<\/strong><\/span><\/td>\n<\/tr>\n<tr>\n<td style=\"border-color: #ebebeb;text-align: center;width: 80px;vertical-align: middle\"><strong><span class=\"su-label su-label-type-important\">3.<\/span><\/strong><\/td>\n<td style=\"border-color: #ebebeb;text-align: center;width: 500px;vertical-align: middle\"><span style=\"font-size: 0.9em\"><strong>\ud83c\uddf3\ud83c\uddf1 PUCK PIETERSE<\/strong><\/span><\/td>\n<td style=\"border-color: #ebebeb;text-align: center;width: 220px;vertical-align: middle\"><span style=\"font-size: 0.9em\"><strong>\u00e0 51s<\/strong><\/span><\/td>\n<\/tr>\n<tr>\n<td style=\"border-color: #ebebeb;text-align: center;width: 80px;vertical-align: middle\"><span style=\"font-size: 0.9em\">4.<\/span><\/td>\n<td style=\"border-color: #ebebeb;text-align: center;width: 500px;vertical-align: middle\"><span style=\"font-size: 0.9em\"><strong>\ud83c\udded\ud83c\uddfa BLANKA VAS<\/strong><\/span><\/td>\n<td style=\"border-color: #ebebeb;text-align: center;width: 220px;vertical-align: middle\"><span style=\"font-size: 0.9em\"><strong>\u00e0 56s<\/strong><\/span><\/td>\n<\/tr>\n<tr>\n<td style=\"border-color: #ebebeb;text-align: center;width: 80px;vertical-align: middle\"><span style=\"font-size: 0.9em\">5.<\/span><\/td>\n<td style=\"border-color: #ebebeb;text-align: center;width: 500px;vertical-align: middle\"><span style=\"font-size: 0.9em\"><strong>\ud83c\uddeb\ud83c\uddf7 AMANDINE FOUQUENET<\/strong><\/span><\/td>\n<td style=\"border-color: #ebebeb;text-align: center;width: 220px;vertical-align: middle\"><span style=\"font-size: 0.9em\"><strong>\u00e0 58s<\/strong><\/span><\/td>\n<\/tr>\n<tr>\n<td style=\"border-color: #ebebeb;text-align: center;width: 80px;vertical-align: middle\"><span style=\"font-size: 0.9em\">6.<\/span><\/td>\n<td style=\"border-color: #ebebeb;text-align: center;width: 500px;vertical-align: middle\"><span style=\"font-size: 0.9em\"><strong>\ud83c\udde8\ud83c\udded JOLANDA NEFF<\/strong><\/span><\/td>\n<td style=\"border-color: #ebebeb;text-align: center;width: 220px;vertical-align: middle\"><span style=\"font-size: 0.9em\"><strong>\u00e0 1m02s<\/strong><\/span><\/td>\n<\/tr>\n<tr>\n<td style=\"border-color: #ebebeb;text-align: center;width: 80px;vertical-align: middle\"><span style=\"font-size: 0.9em\">7.<\/span><\/td>\n<td style=\"border-color: #ebebeb;text-align: center;width: 500px;vertical-align: middle\"><span style=\"font-size: 0.9em\"><strong>\ud83c\uddec\ud83c\udde7 ZOE B\u00c4CKSTEDT<\/strong><\/span><\/td>\n<td style=\"border-color: #ebebeb;text-align: center;width: 220px;vertical-align: middle\"><span style=\"font-size: 0.9em\"><strong>\u00e0 1m05s<\/strong><\/span><\/td>\n<\/tr>\n<tr>\n<td style=\"border-color: #ebebeb;text-align: center;width: 80px;vertical-align: middle\"><span style=\"font-size: 0.9em\">8.<\/span><\/td>\n<td style=\"border-color: #ebebeb;text-align: center;width: 500px;vertical-align: middle\"><span style=\"font-size: 0.9em\"><strong>\ud83c\uddf3\ud83c\uddf1 MANON BAKKER<\/strong><\/span><\/td>\n<td style=\"border-color: #ebebeb;text-align: center;width: 220px;vertical-align: middle\"><span style=\"font-size: 0.9em\"><strong>\u00e0 1m11s<\/strong><\/span><\/td>\n<\/tr>\n<tr>\n<td style=\"border-color: #ebebeb;text-align: center;width: 80px;vertical-align: middle\"><span style=\"font-size: 0.9em\">9.<\/span><\/td>\n<td style=\"border-color: #ebebeb;text-align: center;width: 500px;vertical-align: middle\"><span style=\"font-size: 0.9em\"><strong>\ud83c\uddf3\ud83c\uddf1 SHIRIN VAN ANROOIJ<\/strong><\/span><\/td>\n<td style=\"border-color: #ebebeb;text-align: center;width: 220px;vertical-align: middle\"><span style=\"font-size: 0.9em\"><strong>\u00e0 1m20s<\/strong><\/span><\/td>\n<\/tr>\n<tr>\n<td style=\"border-color: #ebebeb;text-align: center;width: 80px;vertical-align: middle\"><span style=\"font-size: 0.9em\">10.<\/span><\/td>\n<td style=\"border-color: #ebebeb;text-align: center;width: 500px;vertical-align: middle\"><span style=\"font-size: 0.9em\"><strong>\ud83c\uddf1\ud83c\uddfa MARIE SCHREIBER<\/strong><\/span><\/td>\n<td style=\"border-color: #ebebeb;text-align: center;width: 220px;vertical-align: middle\"><span style=\"font-size: 0.9em\"><strong>\u00e0 1m37s<\/strong><\/span><\/td>\n<\/tr>\n<tr>\n<td style=\"border-color: #ebebeb;text-align: center;width: 80px;vertical-align: middle\"><span style=\"font-size: 0.9em\">11.<\/span><\/td>\n<td style=\"border-color: #ebebeb;text-align: center;width: 500px;vertical-align: middle\"><span style=\"font-size: 0.9em\"><strong>\ud83c\udde8\ud83c\uddff KRIST\u00ddNA ZEMANOV\u00c1<\/strong><\/span><\/td>\n<td style=\"border-color: #ebebeb;text-align: center;width: 220px;vertical-align: middle\"><span style=\"font-size: 0.9em\"><strong>\u00e0 2m05s<\/strong><\/span><\/td>\n<\/tr>\n<tr>\n<td style=\"border-color: #ebebeb;text-align: center;width: 80px;vertical-align: middle\"><span style=\"font-size: 0.9em\">12.<\/span><\/td>\n<td style=\"border-color: #ebebeb;text-align: center;width: 500px;vertical-align: middle\"><span style=\"font-size: 0.9em\"><strong>\ud83c\uddeb\ud83c\uddf7 H\u00c9L\u00c8NE CLAUZEL<\/strong><\/span><\/td>\n<td style=\"border-color: #ebebeb;text-align: center;width: 220px;vertical-align: middle\"><span style=\"font-size: 0.9em\"><strong>\u00e0 2m12s<\/strong><\/span><\/td>\n<\/tr>\n<tr>\n<td style=\"border-color: #ebebeb;text-align: center;width: 80px;vertical-align: middle\"><span style=\"font-size: 0.9em\">13.<\/span><\/td>\n<td style=\"border-color: #ebebeb;text-align: center;width: 500px;vertical-align: middle\"><span style=\"font-size: 0.9em\"><strong>\ud83c\uddf3\ud83c\uddf1 INGE VAN DER HEIJDEN<\/strong><\/span><\/td>\n<td style=\"border-color: #ebebeb;text-align: center;width: 220px;vertical-align: middle\"><span style=\"font-size: 0.9em\"><strong>\u00e0 2m17s<\/strong><\/span><\/td>\n<\/tr>\n<tr>\n<td style=\"border-color: #ebebeb;text-align: center;width: 80px;vertical-align: middle\"><span style=\"font-size: 0.9em\">14.<\/span><\/td>\n<td style=\"border-color: #ebebeb;text-align: center;width: 500px;vertical-align: middle\"><span style=\"font-size: 0.9em\"><strong>\ud83c\uddf3\ud83c\uddf1 ANIEK VAN ALPHEN<\/strong><\/span><\/td>\n<td style=\"border-color: #ebebeb;text-align: center;width: 220px;vertical-align: middle\"><span style=\"font-size: 0.9em\"><strong>\u00e0 2m19s<\/strong><\/span><\/td>\n<\/tr>\n<tr>\n<td style=\"border-color: #ebebeb;text-align: center;width: 80px;vertical-align: middle\"><span style=\"font-size: 0.9em\">15.<\/span><\/td>\n<td style=\"border-color: #ebebeb;text-align: center;width: 500px;vertical-align: middle\"><span style=\"font-size: 0.9em\"><strong>\ud83c\uddf3\ud83c\uddf1 ANNEMARIE WORST<\/strong><\/span><\/td>\n<td style=\"border-color: #ebebeb;text-align: center;width: 220px;vertical-align: middle\"><span style=\"font-size: 0.9em\"><strong>\u00e0 2m21s<\/strong><\/span><\/td>\n<\/tr>\n<tr>\n<td style=\"border-color: #ebebeb;text-align: center;width: 80px;vertical-align: middle\"><span style=\"font-size: 0.9em\">16.<\/span><\/td>\n<td style=\"border-color: #ebebeb;text-align: center;width: 500px;vertical-align: middle\"><span style=\"font-size: 0.9em\"><strong>\ud83c\udde8\ud83c\udde6 SIDNEY MCGILL<\/strong><\/span><\/td>\n<td style=\"border-color: #ebebeb;text-align: center;width: 220px;vertical-align: middle\"><span style=\"font-size: 0.9em\"><strong>\u00e0 4m00s<\/strong><\/span><\/td>\n<\/tr>\n<tr>\n<td style=\"border-color: #ebebeb;text-align: center;width: 80px;vertical-align: middle\"><span style=\"font-size: 0.9em\">17.<\/span><\/td>\n<td style=\"border-color: #ebebeb;text-align: center;width: 500px;vertical-align: middle\"><span style=\"font-size: 0.9em\"><strong>\ud83c\uddea\ud83c\uddf8 SOFIA RODR\u00cdGUEZ<\/strong><\/span><\/td>\n<td style=\"border-color: #ebebeb;text-align: center;width: 220px;vertical-align: middle\"><span style=\"font-size: 0.9em\"><strong>\u00e0 4m14s<\/strong><\/span><\/td>\n<\/tr>\n<tr>\n<td style=\"border-color: #ebebeb;text-align: center;width: 80px;vertical-align: middle\"><span style=\"font-size: 0.9em\">18.<\/span><\/td>\n<td style=\"border-color: #ebebeb;text-align: center;width: 500px;vertical-align: middle\"><span style=\"font-size: 0.9em\"><strong>\ud83c\uddea\ud83c\uddf8 LUC\u00cdA GONZ\u00c1LEZ<\/strong><\/span><\/td>\n<td style=\"border-color: #ebebeb;text-align: center;width: 220px;vertical-align: middle\"><span style=\"font-size: 0.9em\"><strong>\u00e0 4m19s<\/strong><\/span><\/td>\n<\/tr>\n<tr>\n<td style=\"border-color: #ebebeb;text-align: center;width: 80px;vertical-align: middle\"><span style=\"font-size: 0.9em\">19.<\/span><\/td>\n<td style=\"border-color: #ebebeb;text-align: center;width: 500px;vertical-align: middle\"><span style=\"font-size: 0.9em\"><strong>\ud83c\uddf3\ud83c\uddf1 LARISSA HARTOG<\/strong><\/span><\/td>\n<td style=\"border-color: #ebebeb;text-align: center;width: 220px;vertical-align: middle\"><span style=\"font-size: 0.9em\"><strong>\u00e0 4m46s<\/strong><\/span><\/td>\n<\/tr>\n<tr>\n<td style=\"border-color: #ebebeb;text-align: center;width: 80px;vertical-align: middle\"><span style=\"font-size: 0.9em\">20.<\/span><\/td>\n<td style=\"border-color: #ebebeb;text-align: center;width: 500px;vertical-align: middle\"><span style=\"font-size: 0.9em\"><strong>\ud83c\uddfa\ud83c\uddf8 LIZZY GUNSALUS<\/strong><\/span><\/td>\n<td style=\"border-color: #ebebeb;text-align: center;width: 220px;vertical-align: middle\"><span style=\"font-size: 0.9em\"><strong>\u00e0 4m53s<\/strong><\/span><\/td>\n<\/tr>\n<\/tbody>\n<\/table>\n<\/div>\n<ul>\n<li style=\"text-align: justify;\"><a href=\"https:\/\/cx.procyclingstats.com\/race\/world-championship\/2026\/we\/results\"><strong>Le classement complet<\/strong><\/a><\/li>\n<\/ul>\n","protected":false},"excerpt":{"rendered":"<p>Retrouvez les r\u00e9sultats complets et le classement de la course \u00e9lites femmes des championnats du monde de cyclo-cross 2026 \u00e0 Hulst (Pays-Bas).<\/p>\n","protected":false},"author":4,"featured_media":642852,"comment_status":"open","ping_status":"closed","sticky":false,"template":"","format":"standard","meta":{"_acf_changed":false,"_daextam_enable_autolinks":"1","footnotes":""},"categories":[9611],"tags":[16878,9759],"class_list":["post-642841","post","type-post","status-publish","format-standard","has-post-thumbnail","hentry","category-cyclo-cross","tag-breve","tag-championnats-du-monde-de-cyclo-cross"],"acf":[],"yoast_head":"<!-- This site is optimized with the Yoast SEO Premium plugin v26.7 (Yoast SEO v26.7) - https:\/\/yoast.com\/wordpress\/plugins\/seo\/ -->\n<title>Mondiaux Cyclo-cross 2026 : Classement et r\u00e9sultats course \u00e9lites femmes<\/title>\n<meta name=\"description\" content=\"Retrouvez les r\u00e9sultats complets et le classement de la course \u00e9lites femmes des championnats du monde de cyclo-cross 2026 \u00e0 Hulst (Pays-Bas).\" \/>\n<meta name=\"robots\" content=\"index, follow, max-snippet:-1, max-image-preview:large, max-video-preview:-1\" \/>\n<link rel=\"canonical\" href=\"https:\/\/dicodusport.fr\/blog\/mondiaux-cyclo-cross-2026-classement-et-resultats-course-elites-femmes\/\" \/>\n<meta property=\"og:locale\" content=\"fr_FR\" \/>\n<meta property=\"og:type\" content=\"article\" \/>\n<meta property=\"og:title\" content=\"Course \u00e9lites femmes Mondiaux cyclo-cross : La championne, le classement et les r\u00e9sultats\" \/>\n<meta property=\"og:description\" content=\"Retrouvez les r\u00e9sultats complets et le classement de la course \u00e9lites femmes des championnats du monde de cyclo-cross 2026 \u00e0 Hulst (Pays-Bas).\" \/>\n<meta property=\"og:url\" content=\"https:\/\/dicodusport.fr\/blog\/mondiaux-cyclo-cross-2026-classement-et-resultats-course-elites-femmes\/\" \/>\n<meta property=\"og:site_name\" content=\"Dicodusport\" \/>\n<meta property=\"article:publisher\" content=\"https:\/\/www.facebook.com\/dicodusport\" \/>\n<meta property=\"article:author\" content=\"https:\/\/www.facebook.com\/florent.ostermann\" \/>\n<meta property=\"article:published_time\" content=\"2026-01-31T15:02:51+00:00\" \/>\n<meta property=\"article:modified_time\" content=\"2026-01-31T15:07:51+00:00\" \/>\n<meta property=\"og:image\" content=\"https:\/\/dicodusport.fr\/blog\/wp-content\/uploads\/2026\/01\/Mondiaux-Cyclo-cross-2026-Classement-et-resultats-course-elites-femmes.png\" \/>\n\t<meta property=\"og:image:width\" content=\"1200\" \/>\n\t<meta property=\"og:image:height\" content=\"674\" \/>\n\t<meta property=\"og:image:type\" content=\"image\/png\" \/>\n<meta name=\"author\" content=\"Flo Ostermann\" \/>\n<meta name=\"twitter:card\" content=\"summary_large_image\" \/>\n<meta name=\"twitter:title\" content=\"Course \u00e9lites femmes Mondiaux cyclo-cross : La championne, le classement et les r\u00e9sultats\" \/>\n<meta name=\"twitter:creator\" content=\"@https:\/\/twitter.com\/FlOstermann\" \/>\n<meta name=\"twitter:site\" content=\"@dicodusport\" \/>\n<script type=\"application\/ld+json\" class=\"yoast-schema-graph\">{\"@context\":\"https:\/\/schema.org\",\"@graph\":[{\"@type\":\"NewsArticle\",\"@id\":\"https:\/\/dicodusport.fr\/blog\/mondiaux-cyclo-cross-2026-classement-et-resultats-course-elites-femmes\/#article\",\"isPartOf\":{\"@id\":\"https:\/\/dicodusport.fr\/blog\/mondiaux-cyclo-cross-2026-classement-et-resultats-course-elites-femmes\/\"},\"author\":{\"name\":\"Flo Ostermann\",\"@id\":\"https:\/\/dicodusport.fr\/blog\/#\/schema\/person\/cb02af4c173ce4a653b55e9baf388d4a\"},\"headline\":\"Mondiaux Cyclo-cross 2026 : Classement et r\u00e9sultats course \u00e9lites femmes\",\"datePublished\":\"2026-01-31T15:02:51+00:00\",\"dateModified\":\"2026-01-31T15:07:51+00:00\",\"mainEntityOfPage\":{\"@id\":\"https:\/\/dicodusport.fr\/blog\/mondiaux-cyclo-cross-2026-classement-et-resultats-course-elites-femmes\/\"},\"wordCount\":756,\"commentCount\":1,\"publisher\":{\"@id\":\"https:\/\/dicodusport.fr\/blog\/#organization\"},\"image\":{\"@id\":\"https:\/\/dicodusport.fr\/blog\/mondiaux-cyclo-cross-2026-classement-et-resultats-course-elites-femmes\/#primaryimage\"},\"thumbnailUrl\":\"https:\/\/dicodusport.fr\/blog\/wp-content\/uploads\/2026\/01\/Mondiaux-Cyclo-cross-2026-Classement-et-resultats-course-elites-femmes.png\",\"keywords\":[\"br\u00e8ve\",\"Championnats du monde de Cyclo-cross\"],\"articleSection\":[\"Cyclo-cross\"],\"inLanguage\":\"fr-FR\",\"potentialAction\":[{\"@type\":\"CommentAction\",\"name\":\"Comment\",\"target\":[\"https:\/\/dicodusport.fr\/blog\/mondiaux-cyclo-cross-2026-classement-et-resultats-course-elites-femmes\/#respond\"]}],\"copyrightYear\":\"2026\",\"copyrightHolder\":{\"@id\":\"https:\/\/dicodusport.fr\/blog\/#organization\"}},{\"@type\":\"WebPage\",\"@id\":\"https:\/\/dicodusport.fr\/blog\/mondiaux-cyclo-cross-2026-classement-et-resultats-course-elites-femmes\/\",\"url\":\"https:\/\/dicodusport.fr\/blog\/mondiaux-cyclo-cross-2026-classement-et-resultats-course-elites-femmes\/\",\"name\":\"Mondiaux Cyclo-cross 2026 : Classement et r\u00e9sultats course \u00e9lites femmes\",\"isPartOf\":{\"@id\":\"https:\/\/dicodusport.fr\/blog\/#website\"},\"primaryImageOfPage\":{\"@id\":\"https:\/\/dicodusport.fr\/blog\/mondiaux-cyclo-cross-2026-classement-et-resultats-course-elites-femmes\/#primaryimage\"},\"image\":{\"@id\":\"https:\/\/dicodusport.fr\/blog\/mondiaux-cyclo-cross-2026-classement-et-resultats-course-elites-femmes\/#primaryimage\"},\"thumbnailUrl\":\"https:\/\/dicodusport.fr\/blog\/wp-content\/uploads\/2026\/01\/Mondiaux-Cyclo-cross-2026-Classement-et-resultats-course-elites-femmes.png\",\"datePublished\":\"2026-01-31T15:02:51+00:00\",\"dateModified\":\"2026-01-31T15:07:51+00:00\",\"description\":\"Retrouvez les r\u00e9sultats complets et le classement de la course \u00e9lites femmes des championnats du monde de cyclo-cross 2026 \u00e0 Hulst (Pays-Bas).\",\"breadcrumb\":{\"@id\":\"https:\/\/dicodusport.fr\/blog\/mondiaux-cyclo-cross-2026-classement-et-resultats-course-elites-femmes\/#breadcrumb\"},\"inLanguage\":\"fr-FR\",\"potentialAction\":[{\"@type\":\"ReadAction\",\"target\":[\"https:\/\/dicodusport.fr\/blog\/mondiaux-cyclo-cross-2026-classement-et-resultats-course-elites-femmes\/\"]}]},{\"@type\":\"ImageObject\",\"inLanguage\":\"fr-FR\",\"@id\":\"https:\/\/dicodusport.fr\/blog\/mondiaux-cyclo-cross-2026-classement-et-resultats-course-elites-femmes\/#primaryimage\",\"url\":\"https:\/\/dicodusport.fr\/blog\/wp-content\/uploads\/2026\/01\/Mondiaux-Cyclo-cross-2026-Classement-et-resultats-course-elites-femmes.png\",\"contentUrl\":\"https:\/\/dicodusport.fr\/blog\/wp-content\/uploads\/2026\/01\/Mondiaux-Cyclo-cross-2026-Classement-et-resultats-course-elites-femmes.png\",\"width\":1200,\"height\":674,\"caption\":\"Mondiaux Cyclo-cross 2026 Classement et r\u00e9sultats course \u00e9lites femmes\"},{\"@type\":\"BreadcrumbList\",\"@id\":\"https:\/\/dicodusport.fr\/blog\/mondiaux-cyclo-cross-2026-classement-et-resultats-course-elites-femmes\/#breadcrumb\",\"itemListElement\":[{\"@type\":\"ListItem\",\"position\":1,\"name\":\"Accueil\",\"item\":\"https:\/\/dicodusport.fr\/blog\/\"},{\"@type\":\"ListItem\",\"position\":2,\"name\":\"Mondiaux Cyclo-cross 2026 : Classement et r\u00e9sultats course \u00e9lites femmes\"}]},{\"@type\":\"WebSite\",\"@id\":\"https:\/\/dicodusport.fr\/blog\/#website\",\"url\":\"https:\/\/dicodusport.fr\/blog\/\",\"name\":\"Dicodusport\",\"description\":\"L&#039;encyclop\u00e9die de l&#039;actualit\u00e9 sportive\",\"publisher\":{\"@id\":\"https:\/\/dicodusport.fr\/blog\/#organization\"},\"potentialAction\":[{\"@type\":\"SearchAction\",\"target\":{\"@type\":\"EntryPoint\",\"urlTemplate\":\"https:\/\/dicodusport.fr\/blog\/?s={search_term_string}\"},\"query-input\":{\"@type\":\"PropertyValueSpecification\",\"valueRequired\":true,\"valueName\":\"search_term_string\"}}],\"inLanguage\":\"fr-FR\"},{\"@type\":\"NewsMediaOrganization\",\"@id\":\"https:\/\/dicodusport.fr\/blog\/#organization\",\"name\":\"Dicodusport\",\"url\":\"https:\/\/dicodusport.fr\/blog\/\",\"logo\":{\"@type\":\"ImageObject\",\"inLanguage\":\"fr-FR\",\"@id\":\"https:\/\/dicodusport.fr\/blog\/#\/schema\/logo\/image\/\",\"url\":\"https:\/\/dicodusport.fr\/blog\/wp-content\/uploads\/2020\/06\/cropped-LOGO-DICODUSPORT-2020-SANS-FOND-SANS-TEXTE.png\",\"contentUrl\":\"https:\/\/dicodusport.fr\/blog\/wp-content\/uploads\/2020\/06\/cropped-LOGO-DICODUSPORT-2020-SANS-FOND-SANS-TEXTE.png\",\"width\":512,\"height\":512,\"caption\":\"Dicodusport\"},\"image\":{\"@id\":\"https:\/\/dicodusport.fr\/blog\/#\/schema\/logo\/image\/\"},\"sameAs\":[\"https:\/\/www.facebook.com\/dicodusport\",\"https:\/\/x.com\/dicodusport\",\"https:\/\/www.instagram.com\/dicodusport\/\",\"https:\/\/www.youtube.com\/channel\/UC7V2KZ5sd3htJivAbA4ZG3w\"],\"description\":\"Dicodusport est l'encyclop\u00e9die de l'actualit\u00e9 sportive.\",\"email\":\"bonjour@dicodusport.fr\",\"legalName\":\"DICODUSPORT\",\"foundingDate\":\"2018-01-14\",\"vatID\":\"FR71834470973\",\"taxID\":\"83447097300043\",\"numberOfEmployees\":{\"@type\":\"QuantitativeValue\",\"minValue\":\"1\",\"maxValue\":\"10\"}},{\"@type\":\"Person\",\"@id\":\"https:\/\/dicodusport.fr\/blog\/#\/schema\/person\/cb02af4c173ce4a653b55e9baf388d4a\",\"name\":\"Flo Ostermann\",\"image\":{\"@type\":\"ImageObject\",\"inLanguage\":\"fr-FR\",\"@id\":\"https:\/\/dicodusport.fr\/blog\/#\/schema\/person\/image\/\",\"url\":\"https:\/\/dicodusport.fr\/blog\/wp-content\/uploads\/2021\/05\/Flo-Ostermann-150x150.jpg\",\"contentUrl\":\"https:\/\/dicodusport.fr\/blog\/wp-content\/uploads\/2021\/05\/Flo-Ostermann-150x150.jpg\",\"caption\":\"Flo Ostermann\"},\"description\":\"Journaliste\/R\u00e9dacteur depuis septembre 2015 - Mes premiers souvenirs dans le sport ? Les envol\u00e9es du Stade Toulousain et les duels Villeneuve-Schumacher et H\u00e4kkinen-Schumacher \u00e0 la fin des ann\u00e9es 90, la Coupe du monde de football en 1998, l\u2019exploit du XV de France face aux All Blacks en 1999, mais aussi Richard C\u0153ur de Lion qui vole sur les montagnes du Tour de France. Bien parti pour devenir professeur d\u2019EPS, les \u00e9v\u00e9nements de la vie (et la flemme d\u2019animer des s\u00e9ances de 3x500 m\u00e8tres toute ma vie) m\u2019ont conduit \u00e0 revoir mes plans. Me voil\u00e0 depuis fin 2017 sur Dicodusport, m\u00e9dia gr\u00e2ce (et pour) lequel je partage ma passion : le sport dans tous ses \u00e9tats. Le tout accompagn\u00e9 par les fous furieux et folles furieuses cit\u00e9s sur cette page !\",\"sameAs\":[\"https:\/\/www.facebook.com\/florent.ostermann\",\"https:\/\/x.com\/https:\/\/twitter.com\/FlOstermann\",\"admin\"],\"url\":\"https:\/\/dicodusport.fr\/blog\/author\/flo\/\"}]}<\/script>\n<!-- \/ Yoast SEO Premium plugin. -->","yoast_head_json":{"title":"Mondiaux Cyclo-cross 2026 : Classement et r\u00e9sultats course \u00e9lites femmes","description":"Retrouvez les r\u00e9sultats complets et le classement de la course \u00e9lites femmes des championnats du monde de cyclo-cross 2026 \u00e0 Hulst (Pays-Bas).","robots":{"index":"index","follow":"follow","max-snippet":"max-snippet:-1","max-image-preview":"max-image-preview:large","max-video-preview":"max-video-preview:-1"},"canonical":"https:\/\/dicodusport.fr\/blog\/mondiaux-cyclo-cross-2026-classement-et-resultats-course-elites-femmes\/","og_locale":"fr_FR","og_type":"article","og_title":"Course \u00e9lites femmes Mondiaux cyclo-cross : La championne, le classement et les r\u00e9sultats","og_description":"Retrouvez les r\u00e9sultats complets et le classement de la course \u00e9lites femmes des championnats du monde de cyclo-cross 2026 \u00e0 Hulst (Pays-Bas).","og_url":"https:\/\/dicodusport.fr\/blog\/mondiaux-cyclo-cross-2026-classement-et-resultats-course-elites-femmes\/","og_site_name":"Dicodusport","article_publisher":"https:\/\/www.facebook.com\/dicodusport","article_author":"https:\/\/www.facebook.com\/florent.ostermann","article_published_time":"2026-01-31T15:02:51+00:00","article_modified_time":"2026-01-31T15:07:51+00:00","og_image":[{"width":1200,"height":674,"url":"https:\/\/dicodusport.fr\/blog\/wp-content\/uploads\/2026\/01\/Mondiaux-Cyclo-cross-2026-Classement-et-resultats-course-elites-femmes.png","type":"image\/png"}],"author":"Flo Ostermann","twitter_card":"summary_large_image","twitter_title":"Course \u00e9lites femmes Mondiaux cyclo-cross : La championne, le classement et les r\u00e9sultats","twitter_creator":"@https:\/\/twitter.com\/FlOstermann","twitter_site":"@dicodusport","schema":{"@context":"https:\/\/schema.org","@graph":[{"@type":"NewsArticle","@id":"https:\/\/dicodusport.fr\/blog\/mondiaux-cyclo-cross-2026-classement-et-resultats-course-elites-femmes\/#article","isPartOf":{"@id":"https:\/\/dicodusport.fr\/blog\/mondiaux-cyclo-cross-2026-classement-et-resultats-course-elites-femmes\/"},"author":{"name":"Flo Ostermann","@id":"https:\/\/dicodusport.fr\/blog\/#\/schema\/person\/cb02af4c173ce4a653b55e9baf388d4a"},"headline":"Mondiaux Cyclo-cross 2026 : Classement et r\u00e9sultats course \u00e9lites femmes","datePublished":"2026-01-31T15:02:51+00:00","dateModified":"2026-01-31T15:07:51+00:00","mainEntityOfPage":{"@id":"https:\/\/dicodusport.fr\/blog\/mondiaux-cyclo-cross-2026-classement-et-resultats-course-elites-femmes\/"},"wordCount":756,"commentCount":1,"publisher":{"@id":"https:\/\/dicodusport.fr\/blog\/#organization"},"image":{"@id":"https:\/\/dicodusport.fr\/blog\/mondiaux-cyclo-cross-2026-classement-et-resultats-course-elites-femmes\/#primaryimage"},"thumbnailUrl":"https:\/\/dicodusport.fr\/blog\/wp-content\/uploads\/2026\/01\/Mondiaux-Cyclo-cross-2026-Classement-et-resultats-course-elites-femmes.png","keywords":["br\u00e8ve","Championnats du monde de Cyclo-cross"],"articleSection":["Cyclo-cross"],"inLanguage":"fr-FR","potentialAction":[{"@type":"CommentAction","name":"Comment","target":["https:\/\/dicodusport.fr\/blog\/mondiaux-cyclo-cross-2026-classement-et-resultats-course-elites-femmes\/#respond"]}],"copyrightYear":"2026","copyrightHolder":{"@id":"https:\/\/dicodusport.fr\/blog\/#organization"}},{"@type":"WebPage","@id":"https:\/\/dicodusport.fr\/blog\/mondiaux-cyclo-cross-2026-classement-et-resultats-course-elites-femmes\/","url":"https:\/\/dicodusport.fr\/blog\/mondiaux-cyclo-cross-2026-classement-et-resultats-course-elites-femmes\/","name":"Mondiaux Cyclo-cross 2026 : Classement et r\u00e9sultats course \u00e9lites femmes","isPartOf":{"@id":"https:\/\/dicodusport.fr\/blog\/#website"},"primaryImageOfPage":{"@id":"https:\/\/dicodusport.fr\/blog\/mondiaux-cyclo-cross-2026-classement-et-resultats-course-elites-femmes\/#primaryimage"},"image":{"@id":"https:\/\/dicodusport.fr\/blog\/mondiaux-cyclo-cross-2026-classement-et-resultats-course-elites-femmes\/#primaryimage"},"thumbnailUrl":"https:\/\/dicodusport.fr\/blog\/wp-content\/uploads\/2026\/01\/Mondiaux-Cyclo-cross-2026-Classement-et-resultats-course-elites-femmes.png","datePublished":"2026-01-31T15:02:51+00:00","dateModified":"2026-01-31T15:07:51+00:00","description":"Retrouvez les r\u00e9sultats complets et le classement de la course \u00e9lites femmes des championnats du monde de cyclo-cross 2026 \u00e0 Hulst (Pays-Bas).","breadcrumb":{"@id":"https:\/\/dicodusport.fr\/blog\/mondiaux-cyclo-cross-2026-classement-et-resultats-course-elites-femmes\/#breadcrumb"},"inLanguage":"fr-FR","potentialAction":[{"@type":"ReadAction","target":["https:\/\/dicodusport.fr\/blog\/mondiaux-cyclo-cross-2026-classement-et-resultats-course-elites-femmes\/"]}]},{"@type":"ImageObject","inLanguage":"fr-FR","@id":"https:\/\/dicodusport.fr\/blog\/mondiaux-cyclo-cross-2026-classement-et-resultats-course-elites-femmes\/#primaryimage","url":"https:\/\/dicodusport.fr\/blog\/wp-content\/uploads\/2026\/01\/Mondiaux-Cyclo-cross-2026-Classement-et-resultats-course-elites-femmes.png","contentUrl":"https:\/\/dicodusport.fr\/blog\/wp-content\/uploads\/2026\/01\/Mondiaux-Cyclo-cross-2026-Classement-et-resultats-course-elites-femmes.png","width":1200,"height":674,"caption":"Mondiaux Cyclo-cross 2026 Classement et r\u00e9sultats course \u00e9lites femmes"},{"@type":"BreadcrumbList","@id":"https:\/\/dicodusport.fr\/blog\/mondiaux-cyclo-cross-2026-classement-et-resultats-course-elites-femmes\/#breadcrumb","itemListElement":[{"@type":"ListItem","position":1,"name":"Accueil","item":"https:\/\/dicodusport.fr\/blog\/"},{"@type":"ListItem","position":2,"name":"Mondiaux Cyclo-cross 2026 : Classement et r\u00e9sultats course \u00e9lites femmes"}]},{"@type":"WebSite","@id":"https:\/\/dicodusport.fr\/blog\/#website","url":"https:\/\/dicodusport.fr\/blog\/","name":"Dicodusport","description":"L&#039;encyclop\u00e9die de l&#039;actualit\u00e9 sportive","publisher":{"@id":"https:\/\/dicodusport.fr\/blog\/#organization"},"potentialAction":[{"@type":"SearchAction","target":{"@type":"EntryPoint","urlTemplate":"https:\/\/dicodusport.fr\/blog\/?s={search_term_string}"},"query-input":{"@type":"PropertyValueSpecification","valueRequired":true,"valueName":"search_term_string"}}],"inLanguage":"fr-FR"},{"@type":"NewsMediaOrganization","@id":"https:\/\/dicodusport.fr\/blog\/#organization","name":"Dicodusport","url":"https:\/\/dicodusport.fr\/blog\/","logo":{"@type":"ImageObject","inLanguage":"fr-FR","@id":"https:\/\/dicodusport.fr\/blog\/#\/schema\/logo\/image\/","url":"https:\/\/dicodusport.fr\/blog\/wp-content\/uploads\/2020\/06\/cropped-LOGO-DICODUSPORT-2020-SANS-FOND-SANS-TEXTE.png","contentUrl":"https:\/\/dicodusport.fr\/blog\/wp-content\/uploads\/2020\/06\/cropped-LOGO-DICODUSPORT-2020-SANS-FOND-SANS-TEXTE.png","width":512,"height":512,"caption":"Dicodusport"},"image":{"@id":"https:\/\/dicodusport.fr\/blog\/#\/schema\/logo\/image\/"},"sameAs":["https:\/\/www.facebook.com\/dicodusport","https:\/\/x.com\/dicodusport","https:\/\/www.instagram.com\/dicodusport\/","https:\/\/www.youtube.com\/channel\/UC7V2KZ5sd3htJivAbA4ZG3w"],"description":"Dicodusport est l'encyclop\u00e9die de l'actualit\u00e9 sportive.","email":"bonjour@dicodusport.fr","legalName":"DICODUSPORT","foundingDate":"2018-01-14","vatID":"FR71834470973","taxID":"83447097300043","numberOfEmployees":{"@type":"QuantitativeValue","minValue":"1","maxValue":"10"}},{"@type":"Person","@id":"https:\/\/dicodusport.fr\/blog\/#\/schema\/person\/cb02af4c173ce4a653b55e9baf388d4a","name":"Flo Ostermann","image":{"@type":"ImageObject","inLanguage":"fr-FR","@id":"https:\/\/dicodusport.fr\/blog\/#\/schema\/person\/image\/","url":"https:\/\/dicodusport.fr\/blog\/wp-content\/uploads\/2021\/05\/Flo-Ostermann-150x150.jpg","contentUrl":"https:\/\/dicodusport.fr\/blog\/wp-content\/uploads\/2021\/05\/Flo-Ostermann-150x150.jpg","caption":"Flo Ostermann"},"description":"Journaliste\/R\u00e9dacteur depuis septembre 2015 - Mes premiers souvenirs dans le sport ? Les envol\u00e9es du Stade Toulousain et les duels Villeneuve-Schumacher et H\u00e4kkinen-Schumacher \u00e0 la fin des ann\u00e9es 90, la Coupe du monde de football en 1998, l\u2019exploit du XV de France face aux All Blacks en 1999, mais aussi Richard C\u0153ur de Lion qui vole sur les montagnes du Tour de France. Bien parti pour devenir professeur d\u2019EPS, les \u00e9v\u00e9nements de la vie (et la flemme d\u2019animer des s\u00e9ances de 3x500 m\u00e8tres toute ma vie) m\u2019ont conduit \u00e0 revoir mes plans. Me voil\u00e0 depuis fin 2017 sur Dicodusport, m\u00e9dia gr\u00e2ce (et pour) lequel je partage ma passion : le sport dans tous ses \u00e9tats. Le tout accompagn\u00e9 par les fous furieux et folles furieuses cit\u00e9s sur cette page !","sameAs":["https:\/\/www.facebook.com\/florent.ostermann","https:\/\/x.com\/https:\/\/twitter.com\/FlOstermann","admin"],"url":"https:\/\/dicodusport.fr\/blog\/author\/flo\/"}]}},"_links":{"self":[{"href":"https:\/\/dicodusport.fr\/blog\/wp-json\/wp\/v2\/posts\/642841","targetHints":{"allow":["GET"]}}],"collection":[{"href":"https:\/\/dicodusport.fr\/blog\/wp-json\/wp\/v2\/posts"}],"about":[{"href":"https:\/\/dicodusport.fr\/blog\/wp-json\/wp\/v2\/types\/post"}],"author":[{"embeddable":true,"href":"https:\/\/dicodusport.fr\/blog\/wp-json\/wp\/v2\/users\/4"}],"replies":[{"embeddable":true,"href":"https:\/\/dicodusport.fr\/blog\/wp-json\/wp\/v2\/comments?post=642841"}],"version-history":[{"count":5,"href":"https:\/\/dicodusport.fr\/blog\/wp-json\/wp\/v2\/posts\/642841\/revisions"}],"predecessor-version":[{"id":643141,"href":"https:\/\/dicodusport.fr\/blog\/wp-json\/wp\/v2\/posts\/642841\/revisions\/643141"}],"wp:featuredmedia":[{"embeddable":true,"href":"https:\/\/dicodusport.fr\/blog\/wp-json\/wp\/v2\/media\/642852"}],"wp:attachment":[{"href":"https:\/\/dicodusport.fr\/blog\/wp-json\/wp\/v2\/media?parent=642841"}],"wp:term":[{"taxonomy":"category","embeddable":true,"href":"https:\/\/dicodusport.fr\/blog\/wp-json\/wp\/v2\/categories?post=642841"},{"taxonomy":"post_tag","embeddable":true,"href":"https:\/\/dicodusport.fr\/blog\/wp-json\/wp\/v2\/tags?post=642841"}],"curies":[{"name":"wp","href":"https:\/\/api.w.org\/{rel}","templated":true}]}}