{"id":642863,"date":"2026-01-30T18:08:31","date_gmt":"2026-01-30T17:08:31","guid":{"rendered":"https:\/\/dicodusport.fr\/blog\/?p=642863&#038;preview=true&#038;preview_id=642863"},"modified":"2026-01-30T18:08:31","modified_gmt":"2026-01-30T17:08:31","slug":"biathlon-championnats-deurope-startlist-poursuite-femmes","status":"publish","type":"post","link":"https:\/\/dicodusport.fr\/blog\/biathlon-championnats-deurope-startlist-poursuite-femmes\/","title":{"rendered":"Biathlon Championnats d&rsquo;Europe : Startlist Poursuite femmes"},"content":{"rendered":"<p style=\"text-align: justify;\"><strong><em>Retrouvez la startlist de la poursuite femmes des championnats d&rsquo;Europe de biathlon 2026 \u00e0 Sjusjoen (Norv\u00e8ge), dont le d\u00e9part est pr\u00e9vu ce samedi 31 janvier \u00e0 13h30.<\/em><\/strong><\/p>\n<ul>\n<li style=\"text-align: justify;\"><strong>\u00c0 ce sujet &#8211; <a href=\"https:\/\/dicodusport.fr\/blog\/championnats-deurope-biathlon-2026-programme-et-resultats\/\">Championnats d\u2019Europe biathlon 2026 : Programme et R\u00e9sultats<\/a><\/strong><\/li>\n<\/ul>\n<p style=\"text-align: justify;\">La <strong>poursuite femmes des Championnats d\u2019Europe de biathlon 2026<\/strong>, disput\u00e9e ce <strong>samedi 31 janvier<\/strong> \u00e0 <strong>Sjusjoen<\/strong>, s\u2019annonce particuli\u00e8rement favorable au clan fran\u00e7ais. <a href=\"https:\/\/dicodusport.fr\/blog\/gilonne-guigonnat-mene-un-quadruple-francais-sur-le-sprint-des-championnats-deurope\/\">Championne d\u2019Europe du sprin<\/a>t, <strong>Gilonne Guigonnat<\/strong> s\u2019\u00e9lancera en t\u00eate de la course, imm\u00e9diatement suivie par <strong>C\u00e9lia Henaff<\/strong> et <strong>Sophie Chauveau<\/strong>, toutes deux id\u00e9alement plac\u00e9es pour jouer les premiers r\u00f4les. Ce trio tricolore aux avant-postes promet une course anim\u00e9e d\u00e8s les premiers tirs.<\/p>\n<p style=\"text-align: justify;\">Un peu plus loin sur la grille, <strong>Amandine Mengin<\/strong> et <strong>Paula Botet<\/strong> restent en embuscade avec des \u00e9carts encore raisonnables, tandis que <strong>Voldiya Galmace-Paulin<\/strong> devra miser sur une poursuite solide et un tir efficace pour remonter au classement. Avec plusieurs Fran\u00e7aises aux meilleures positions de d\u00e9part, les Bleues peuvent clairement viser un podium, voire un doubl\u00e9, sur cette poursuite continentale.<\/p>\n<h3 style=\"text-align: justify;\">Dossards des Fran\u00e7aises et retard au d\u00e9part<\/h3>\n<p style=\"text-align: justify;\">1. Gilonne Guigonnat<br \/>\n2. C\u00e9lia Henaff : 0:14<br \/>\n3. Sophie Chauveau : 0:16<br \/>\n4. Amandine Mengin : 0:33<br \/>\n7. Paula Botet : 1:02<br \/>\n40. Voldiya Galmace-Paulin : 2:42<\/p>\n<ul>\n<li style=\"text-align: justify;\"><strong>\u00c0 ce sujet &#8211; <a href=\"https:\/\/dicodusport.fr\/blog\/tableau-des-medailles-des-championnats-deurope-de-biathlon-2026\/\">Tableau des m\u00e9dailles des Championnats d\u2019Europe de biathlon 2026<\/a>\u00a0<\/strong><\/li>\n<\/ul>\n<h2 style=\"text-align: justify;\" align=\"justify\">La startlist de la poursuite hommes des championnats d&rsquo;Europe<\/h2>\n<a href=\"https:\/\/dicodusport.fr\/blog\/wp-content\/uploads\/2026\/01\/Startlist-Poursuite-femmes-des-championnats-dEurope-de-biathlon-2026-a-Sjusjoen.pdf\" class=\"pdfemb-viewer\" style=\"\" data-width=\"max\" data-height=\"max\"  data-toolbar=\"both\" data-toolbar-fixed=\"on\">Startlist Poursuite femmes des championnats d&#039;Europe de biathlon 2026 \u00e0 Sjusjoen<br\/><\/a>\n<h3 style=\"text-align: justify;\">Dicodusport vous conseille<\/h3>\n<ul>\n<li style=\"text-align: justify;\"><a href=\"https:\/\/dicodusport.fr\/blog\/edito-aimer-le-biathlon-francais-sans-fermer-les-yeux\/\"><strong>\u00c9dito : Aimer le biathlon fran\u00e7ais sans fermer les yeux\u00a0<\/strong><\/a><\/li>\n<\/ul>\n","protected":false},"excerpt":{"rendered":"<p>Retrouvez la startlist de la poursuite femmes des championnats d&rsquo;Europe de biathlon 2026 \u00e0 Sjusjoen (Norv\u00e8ge), dont le d\u00e9part est pr\u00e9vu ce samedi 31 janvier \u00e0 13h30.<\/p>\n","protected":false},"author":4,"featured_media":642868,"comment_status":"open","ping_status":"closed","sticky":false,"template":"","format":"standard","meta":{"_acf_changed":false,"_daextam_enable_autolinks":"1","footnotes":""},"categories":[2426],"tags":[32415,2427,16878,21429,6945],"class_list":["post-642863","post","type-post","status-publish","format-standard","has-post-thumbnail","hentry","category-biathlon","tag-actu","tag-biathlon","tag-breve","tag-championnats-deurope-de-biathlon","tag-poursuite-femmes"],"acf":[],"yoast_head":"<!-- This site is optimized with the Yoast SEO Premium plugin v26.7 (Yoast SEO v26.7) - https:\/\/yoast.com\/wordpress\/plugins\/seo\/ -->\n<title>Biathlon Championnats d&#039;Europe : Startlist Poursuite femmes<\/title>\n<meta name=\"description\" content=\"Retrouvez la startlist de la poursuite femmes des championnats d&#039;Europe de biathlon 2026 \u00e0 Sjusjoen (Norv\u00e8ge), dont le d\u00e9part est pr\u00e9vu ce samedi 31 janvier \u00e0 13h30.\" \/>\n<meta name=\"robots\" content=\"index, follow, max-snippet:-1, max-image-preview:large, max-video-preview:-1\" \/>\n<link rel=\"canonical\" href=\"https:\/\/dicodusport.fr\/blog\/biathlon-championnats-deurope-startlist-poursuite-femmes\/\" \/>\n<meta property=\"og:locale\" content=\"fr_FR\" \/>\n<meta property=\"og:type\" content=\"article\" \/>\n<meta property=\"og:title\" content=\"Biathlon Championnats d&#039;Europe : Startlist Poursuite femmes\" \/>\n<meta property=\"og:description\" content=\"Retrouvez la startlist de la poursuite femmes des championnats d&#039;Europe de biathlon 2026 \u00e0 Sjusjoen (Norv\u00e8ge), dont le d\u00e9part est pr\u00e9vu ce samedi 31 janvier \u00e0 13h30.\" \/>\n<meta property=\"og:url\" content=\"https:\/\/dicodusport.fr\/blog\/biathlon-championnats-deurope-startlist-poursuite-femmes\/\" \/>\n<meta property=\"og:site_name\" content=\"Dicodusport\" \/>\n<meta property=\"article:publisher\" content=\"https:\/\/www.facebook.com\/dicodusport\" \/>\n<meta property=\"article:author\" content=\"https:\/\/www.facebook.com\/florent.ostermann\" \/>\n<meta property=\"article:published_time\" content=\"2026-01-30T17:08:31+00:00\" \/>\n<meta property=\"og:image\" content=\"https:\/\/dicodusport.fr\/blog\/wp-content\/uploads\/2026\/01\/Biathlon-Championnats-dEurope-Startlist-Poursuite-femmes.png\" \/>\n\t<meta property=\"og:image:width\" content=\"1200\" \/>\n\t<meta property=\"og:image:height\" content=\"674\" \/>\n\t<meta property=\"og:image:type\" content=\"image\/png\" \/>\n<meta name=\"author\" content=\"Flo Ostermann\" \/>\n<meta name=\"twitter:card\" content=\"summary_large_image\" \/>\n<meta name=\"twitter:title\" content=\"Biathlon Championnats d&#039;Europe : Startlist Poursuite femmes\" \/>\n<meta name=\"twitter:creator\" content=\"@https:\/\/twitter.com\/FlOstermann\" \/>\n<meta name=\"twitter:site\" content=\"@dicodusport\" \/>\n<script type=\"application\/ld+json\" class=\"yoast-schema-graph\">{\"@context\":\"https:\/\/schema.org\",\"@graph\":[{\"@type\":\"NewsArticle\",\"@id\":\"https:\/\/dicodusport.fr\/blog\/biathlon-championnats-deurope-startlist-poursuite-femmes\/#article\",\"isPartOf\":{\"@id\":\"https:\/\/dicodusport.fr\/blog\/biathlon-championnats-deurope-startlist-poursuite-femmes\/\"},\"author\":{\"name\":\"Flo Ostermann\",\"@id\":\"https:\/\/dicodusport.fr\/blog\/#\/schema\/person\/cb02af4c173ce4a653b55e9baf388d4a\"},\"headline\":\"Biathlon Championnats d&rsquo;Europe : Startlist Poursuite femmes\",\"datePublished\":\"2026-01-30T17:08:31+00:00\",\"mainEntityOfPage\":{\"@id\":\"https:\/\/dicodusport.fr\/blog\/biathlon-championnats-deurope-startlist-poursuite-femmes\/\"},\"wordCount\":263,\"commentCount\":1,\"publisher\":{\"@id\":\"https:\/\/dicodusport.fr\/blog\/#organization\"},\"image\":{\"@id\":\"https:\/\/dicodusport.fr\/blog\/biathlon-championnats-deurope-startlist-poursuite-femmes\/#primaryimage\"},\"thumbnailUrl\":\"https:\/\/dicodusport.fr\/blog\/wp-content\/uploads\/2026\/01\/Biathlon-Championnats-dEurope-Startlist-Poursuite-femmes.png\",\"keywords\":[\"actu\",\"Biathlon\",\"br\u00e8ve\",\"Championnats d'Europe de biathlon\",\"Poursuite femmes\"],\"articleSection\":[\"Biathlon\"],\"inLanguage\":\"fr-FR\",\"potentialAction\":[{\"@type\":\"CommentAction\",\"name\":\"Comment\",\"target\":[\"https:\/\/dicodusport.fr\/blog\/biathlon-championnats-deurope-startlist-poursuite-femmes\/#respond\"]}],\"copyrightYear\":\"2026\",\"copyrightHolder\":{\"@id\":\"https:\/\/dicodusport.fr\/blog\/#organization\"}},{\"@type\":\"WebPage\",\"@id\":\"https:\/\/dicodusport.fr\/blog\/biathlon-championnats-deurope-startlist-poursuite-femmes\/\",\"url\":\"https:\/\/dicodusport.fr\/blog\/biathlon-championnats-deurope-startlist-poursuite-femmes\/\",\"name\":\"Biathlon Championnats d'Europe : Startlist Poursuite femmes\",\"isPartOf\":{\"@id\":\"https:\/\/dicodusport.fr\/blog\/#website\"},\"primaryImageOfPage\":{\"@id\":\"https:\/\/dicodusport.fr\/blog\/biathlon-championnats-deurope-startlist-poursuite-femmes\/#primaryimage\"},\"image\":{\"@id\":\"https:\/\/dicodusport.fr\/blog\/biathlon-championnats-deurope-startlist-poursuite-femmes\/#primaryimage\"},\"thumbnailUrl\":\"https:\/\/dicodusport.fr\/blog\/wp-content\/uploads\/2026\/01\/Biathlon-Championnats-dEurope-Startlist-Poursuite-femmes.png\",\"datePublished\":\"2026-01-30T17:08:31+00:00\",\"description\":\"Retrouvez la startlist de la poursuite femmes des championnats d'Europe de biathlon 2026 \u00e0 Sjusjoen (Norv\u00e8ge), dont le d\u00e9part est pr\u00e9vu ce samedi 31 janvier \u00e0 13h30.\",\"breadcrumb\":{\"@id\":\"https:\/\/dicodusport.fr\/blog\/biathlon-championnats-deurope-startlist-poursuite-femmes\/#breadcrumb\"},\"inLanguage\":\"fr-FR\",\"potentialAction\":[{\"@type\":\"ReadAction\",\"target\":[\"https:\/\/dicodusport.fr\/blog\/biathlon-championnats-deurope-startlist-poursuite-femmes\/\"]}]},{\"@type\":\"ImageObject\",\"inLanguage\":\"fr-FR\",\"@id\":\"https:\/\/dicodusport.fr\/blog\/biathlon-championnats-deurope-startlist-poursuite-femmes\/#primaryimage\",\"url\":\"https:\/\/dicodusport.fr\/blog\/wp-content\/uploads\/2026\/01\/Biathlon-Championnats-dEurope-Startlist-Poursuite-femmes.png\",\"contentUrl\":\"https:\/\/dicodusport.fr\/blog\/wp-content\/uploads\/2026\/01\/Biathlon-Championnats-dEurope-Startlist-Poursuite-femmes.png\",\"width\":1200,\"height\":674,\"caption\":\"Biathlon Championnats d'Europe Startlist Poursuite femmes\"},{\"@type\":\"BreadcrumbList\",\"@id\":\"https:\/\/dicodusport.fr\/blog\/biathlon-championnats-deurope-startlist-poursuite-femmes\/#breadcrumb\",\"itemListElement\":[{\"@type\":\"ListItem\",\"position\":1,\"name\":\"Accueil\",\"item\":\"https:\/\/dicodusport.fr\/blog\/\"},{\"@type\":\"ListItem\",\"position\":2,\"name\":\"Biathlon Championnats d&rsquo;Europe : Startlist Poursuite femmes\"}]},{\"@type\":\"WebSite\",\"@id\":\"https:\/\/dicodusport.fr\/blog\/#website\",\"url\":\"https:\/\/dicodusport.fr\/blog\/\",\"name\":\"Dicodusport\",\"description\":\"L&#039;encyclop\u00e9die de l&#039;actualit\u00e9 sportive\",\"publisher\":{\"@id\":\"https:\/\/dicodusport.fr\/blog\/#organization\"},\"potentialAction\":[{\"@type\":\"SearchAction\",\"target\":{\"@type\":\"EntryPoint\",\"urlTemplate\":\"https:\/\/dicodusport.fr\/blog\/?s={search_term_string}\"},\"query-input\":{\"@type\":\"PropertyValueSpecification\",\"valueRequired\":true,\"valueName\":\"search_term_string\"}}],\"inLanguage\":\"fr-FR\"},{\"@type\":\"NewsMediaOrganization\",\"@id\":\"https:\/\/dicodusport.fr\/blog\/#organization\",\"name\":\"Dicodusport\",\"url\":\"https:\/\/dicodusport.fr\/blog\/\",\"logo\":{\"@type\":\"ImageObject\",\"inLanguage\":\"fr-FR\",\"@id\":\"https:\/\/dicodusport.fr\/blog\/#\/schema\/logo\/image\/\",\"url\":\"https:\/\/dicodusport.fr\/blog\/wp-content\/uploads\/2020\/06\/cropped-LOGO-DICODUSPORT-2020-SANS-FOND-SANS-TEXTE.png\",\"contentUrl\":\"https:\/\/dicodusport.fr\/blog\/wp-content\/uploads\/2020\/06\/cropped-LOGO-DICODUSPORT-2020-SANS-FOND-SANS-TEXTE.png\",\"width\":512,\"height\":512,\"caption\":\"Dicodusport\"},\"image\":{\"@id\":\"https:\/\/dicodusport.fr\/blog\/#\/schema\/logo\/image\/\"},\"sameAs\":[\"https:\/\/www.facebook.com\/dicodusport\",\"https:\/\/x.com\/dicodusport\",\"https:\/\/www.instagram.com\/dicodusport\/\",\"https:\/\/www.youtube.com\/channel\/UC7V2KZ5sd3htJivAbA4ZG3w\"],\"description\":\"Dicodusport est l'encyclop\u00e9die de l'actualit\u00e9 sportive.\",\"email\":\"bonjour@dicodusport.fr\",\"legalName\":\"DICODUSPORT\",\"foundingDate\":\"2018-01-14\",\"vatID\":\"FR71834470973\",\"taxID\":\"83447097300043\",\"numberOfEmployees\":{\"@type\":\"QuantitativeValue\",\"minValue\":\"1\",\"maxValue\":\"10\"}},{\"@type\":\"Person\",\"@id\":\"https:\/\/dicodusport.fr\/blog\/#\/schema\/person\/cb02af4c173ce4a653b55e9baf388d4a\",\"name\":\"Flo Ostermann\",\"image\":{\"@type\":\"ImageObject\",\"inLanguage\":\"fr-FR\",\"@id\":\"https:\/\/dicodusport.fr\/blog\/#\/schema\/person\/image\/\",\"url\":\"https:\/\/dicodusport.fr\/blog\/wp-content\/uploads\/2021\/05\/Flo-Ostermann-150x150.jpg\",\"contentUrl\":\"https:\/\/dicodusport.fr\/blog\/wp-content\/uploads\/2021\/05\/Flo-Ostermann-150x150.jpg\",\"caption\":\"Flo Ostermann\"},\"description\":\"Journaliste\/R\u00e9dacteur depuis septembre 2015 - Mes premiers souvenirs dans le sport ? Les envol\u00e9es du Stade Toulousain et les duels Villeneuve-Schumacher et H\u00e4kkinen-Schumacher \u00e0 la fin des ann\u00e9es 90, la Coupe du monde de football en 1998, l\u2019exploit du XV de France face aux All Blacks en 1999, mais aussi Richard C\u0153ur de Lion qui vole sur les montagnes du Tour de France. Bien parti pour devenir professeur d\u2019EPS, les \u00e9v\u00e9nements de la vie (et la flemme d\u2019animer des s\u00e9ances de 3x500 m\u00e8tres toute ma vie) m\u2019ont conduit \u00e0 revoir mes plans. Me voil\u00e0 depuis fin 2017 sur Dicodusport, m\u00e9dia gr\u00e2ce (et pour) lequel je partage ma passion : le sport dans tous ses \u00e9tats. Le tout accompagn\u00e9 par les fous furieux et folles furieuses cit\u00e9s sur cette page !\",\"sameAs\":[\"https:\/\/www.facebook.com\/florent.ostermann\",\"https:\/\/x.com\/https:\/\/twitter.com\/FlOstermann\",\"admin\"],\"url\":\"https:\/\/dicodusport.fr\/blog\/author\/flo\/\"}]}<\/script>\n<!-- \/ Yoast SEO Premium plugin. -->","yoast_head_json":{"title":"Biathlon Championnats d'Europe : Startlist Poursuite femmes","description":"Retrouvez la startlist de la poursuite femmes des championnats d'Europe de biathlon 2026 \u00e0 Sjusjoen (Norv\u00e8ge), dont le d\u00e9part est pr\u00e9vu ce samedi 31 janvier \u00e0 13h30.","robots":{"index":"index","follow":"follow","max-snippet":"max-snippet:-1","max-image-preview":"max-image-preview:large","max-video-preview":"max-video-preview:-1"},"canonical":"https:\/\/dicodusport.fr\/blog\/biathlon-championnats-deurope-startlist-poursuite-femmes\/","og_locale":"fr_FR","og_type":"article","og_title":"Biathlon Championnats d'Europe : Startlist Poursuite femmes","og_description":"Retrouvez la startlist de la poursuite femmes des championnats d'Europe de biathlon 2026 \u00e0 Sjusjoen (Norv\u00e8ge), dont le d\u00e9part est pr\u00e9vu ce samedi 31 janvier \u00e0 13h30.","og_url":"https:\/\/dicodusport.fr\/blog\/biathlon-championnats-deurope-startlist-poursuite-femmes\/","og_site_name":"Dicodusport","article_publisher":"https:\/\/www.facebook.com\/dicodusport","article_author":"https:\/\/www.facebook.com\/florent.ostermann","article_published_time":"2026-01-30T17:08:31+00:00","og_image":[{"width":1200,"height":674,"url":"https:\/\/dicodusport.fr\/blog\/wp-content\/uploads\/2026\/01\/Biathlon-Championnats-dEurope-Startlist-Poursuite-femmes.png","type":"image\/png"}],"author":"Flo Ostermann","twitter_card":"summary_large_image","twitter_title":"Biathlon Championnats d'Europe : Startlist Poursuite femmes","twitter_creator":"@https:\/\/twitter.com\/FlOstermann","twitter_site":"@dicodusport","schema":{"@context":"https:\/\/schema.org","@graph":[{"@type":"NewsArticle","@id":"https:\/\/dicodusport.fr\/blog\/biathlon-championnats-deurope-startlist-poursuite-femmes\/#article","isPartOf":{"@id":"https:\/\/dicodusport.fr\/blog\/biathlon-championnats-deurope-startlist-poursuite-femmes\/"},"author":{"name":"Flo Ostermann","@id":"https:\/\/dicodusport.fr\/blog\/#\/schema\/person\/cb02af4c173ce4a653b55e9baf388d4a"},"headline":"Biathlon Championnats d&rsquo;Europe : Startlist Poursuite femmes","datePublished":"2026-01-30T17:08:31+00:00","mainEntityOfPage":{"@id":"https:\/\/dicodusport.fr\/blog\/biathlon-championnats-deurope-startlist-poursuite-femmes\/"},"wordCount":263,"commentCount":1,"publisher":{"@id":"https:\/\/dicodusport.fr\/blog\/#organization"},"image":{"@id":"https:\/\/dicodusport.fr\/blog\/biathlon-championnats-deurope-startlist-poursuite-femmes\/#primaryimage"},"thumbnailUrl":"https:\/\/dicodusport.fr\/blog\/wp-content\/uploads\/2026\/01\/Biathlon-Championnats-dEurope-Startlist-Poursuite-femmes.png","keywords":["actu","Biathlon","br\u00e8ve","Championnats d'Europe de biathlon","Poursuite femmes"],"articleSection":["Biathlon"],"inLanguage":"fr-FR","potentialAction":[{"@type":"CommentAction","name":"Comment","target":["https:\/\/dicodusport.fr\/blog\/biathlon-championnats-deurope-startlist-poursuite-femmes\/#respond"]}],"copyrightYear":"2026","copyrightHolder":{"@id":"https:\/\/dicodusport.fr\/blog\/#organization"}},{"@type":"WebPage","@id":"https:\/\/dicodusport.fr\/blog\/biathlon-championnats-deurope-startlist-poursuite-femmes\/","url":"https:\/\/dicodusport.fr\/blog\/biathlon-championnats-deurope-startlist-poursuite-femmes\/","name":"Biathlon Championnats d'Europe : Startlist Poursuite femmes","isPartOf":{"@id":"https:\/\/dicodusport.fr\/blog\/#website"},"primaryImageOfPage":{"@id":"https:\/\/dicodusport.fr\/blog\/biathlon-championnats-deurope-startlist-poursuite-femmes\/#primaryimage"},"image":{"@id":"https:\/\/dicodusport.fr\/blog\/biathlon-championnats-deurope-startlist-poursuite-femmes\/#primaryimage"},"thumbnailUrl":"https:\/\/dicodusport.fr\/blog\/wp-content\/uploads\/2026\/01\/Biathlon-Championnats-dEurope-Startlist-Poursuite-femmes.png","datePublished":"2026-01-30T17:08:31+00:00","description":"Retrouvez la startlist de la poursuite femmes des championnats d'Europe de biathlon 2026 \u00e0 Sjusjoen (Norv\u00e8ge), dont le d\u00e9part est pr\u00e9vu ce samedi 31 janvier \u00e0 13h30.","breadcrumb":{"@id":"https:\/\/dicodusport.fr\/blog\/biathlon-championnats-deurope-startlist-poursuite-femmes\/#breadcrumb"},"inLanguage":"fr-FR","potentialAction":[{"@type":"ReadAction","target":["https:\/\/dicodusport.fr\/blog\/biathlon-championnats-deurope-startlist-poursuite-femmes\/"]}]},{"@type":"ImageObject","inLanguage":"fr-FR","@id":"https:\/\/dicodusport.fr\/blog\/biathlon-championnats-deurope-startlist-poursuite-femmes\/#primaryimage","url":"https:\/\/dicodusport.fr\/blog\/wp-content\/uploads\/2026\/01\/Biathlon-Championnats-dEurope-Startlist-Poursuite-femmes.png","contentUrl":"https:\/\/dicodusport.fr\/blog\/wp-content\/uploads\/2026\/01\/Biathlon-Championnats-dEurope-Startlist-Poursuite-femmes.png","width":1200,"height":674,"caption":"Biathlon Championnats d'Europe Startlist Poursuite femmes"},{"@type":"BreadcrumbList","@id":"https:\/\/dicodusport.fr\/blog\/biathlon-championnats-deurope-startlist-poursuite-femmes\/#breadcrumb","itemListElement":[{"@type":"ListItem","position":1,"name":"Accueil","item":"https:\/\/dicodusport.fr\/blog\/"},{"@type":"ListItem","position":2,"name":"Biathlon Championnats d&rsquo;Europe : Startlist Poursuite femmes"}]},{"@type":"WebSite","@id":"https:\/\/dicodusport.fr\/blog\/#website","url":"https:\/\/dicodusport.fr\/blog\/","name":"Dicodusport","description":"L&#039;encyclop\u00e9die de l&#039;actualit\u00e9 sportive","publisher":{"@id":"https:\/\/dicodusport.fr\/blog\/#organization"},"potentialAction":[{"@type":"SearchAction","target":{"@type":"EntryPoint","urlTemplate":"https:\/\/dicodusport.fr\/blog\/?s={search_term_string}"},"query-input":{"@type":"PropertyValueSpecification","valueRequired":true,"valueName":"search_term_string"}}],"inLanguage":"fr-FR"},{"@type":"NewsMediaOrganization","@id":"https:\/\/dicodusport.fr\/blog\/#organization","name":"Dicodusport","url":"https:\/\/dicodusport.fr\/blog\/","logo":{"@type":"ImageObject","inLanguage":"fr-FR","@id":"https:\/\/dicodusport.fr\/blog\/#\/schema\/logo\/image\/","url":"https:\/\/dicodusport.fr\/blog\/wp-content\/uploads\/2020\/06\/cropped-LOGO-DICODUSPORT-2020-SANS-FOND-SANS-TEXTE.png","contentUrl":"https:\/\/dicodusport.fr\/blog\/wp-content\/uploads\/2020\/06\/cropped-LOGO-DICODUSPORT-2020-SANS-FOND-SANS-TEXTE.png","width":512,"height":512,"caption":"Dicodusport"},"image":{"@id":"https:\/\/dicodusport.fr\/blog\/#\/schema\/logo\/image\/"},"sameAs":["https:\/\/www.facebook.com\/dicodusport","https:\/\/x.com\/dicodusport","https:\/\/www.instagram.com\/dicodusport\/","https:\/\/www.youtube.com\/channel\/UC7V2KZ5sd3htJivAbA4ZG3w"],"description":"Dicodusport est l'encyclop\u00e9die de l'actualit\u00e9 sportive.","email":"bonjour@dicodusport.fr","legalName":"DICODUSPORT","foundingDate":"2018-01-14","vatID":"FR71834470973","taxID":"83447097300043","numberOfEmployees":{"@type":"QuantitativeValue","minValue":"1","maxValue":"10"}},{"@type":"Person","@id":"https:\/\/dicodusport.fr\/blog\/#\/schema\/person\/cb02af4c173ce4a653b55e9baf388d4a","name":"Flo Ostermann","image":{"@type":"ImageObject","inLanguage":"fr-FR","@id":"https:\/\/dicodusport.fr\/blog\/#\/schema\/person\/image\/","url":"https:\/\/dicodusport.fr\/blog\/wp-content\/uploads\/2021\/05\/Flo-Ostermann-150x150.jpg","contentUrl":"https:\/\/dicodusport.fr\/blog\/wp-content\/uploads\/2021\/05\/Flo-Ostermann-150x150.jpg","caption":"Flo Ostermann"},"description":"Journaliste\/R\u00e9dacteur depuis septembre 2015 - Mes premiers souvenirs dans le sport ? Les envol\u00e9es du Stade Toulousain et les duels Villeneuve-Schumacher et H\u00e4kkinen-Schumacher \u00e0 la fin des ann\u00e9es 90, la Coupe du monde de football en 1998, l\u2019exploit du XV de France face aux All Blacks en 1999, mais aussi Richard C\u0153ur de Lion qui vole sur les montagnes du Tour de France. Bien parti pour devenir professeur d\u2019EPS, les \u00e9v\u00e9nements de la vie (et la flemme d\u2019animer des s\u00e9ances de 3x500 m\u00e8tres toute ma vie) m\u2019ont conduit \u00e0 revoir mes plans. Me voil\u00e0 depuis fin 2017 sur Dicodusport, m\u00e9dia gr\u00e2ce (et pour) lequel je partage ma passion : le sport dans tous ses \u00e9tats. Le tout accompagn\u00e9 par les fous furieux et folles furieuses cit\u00e9s sur cette page !","sameAs":["https:\/\/www.facebook.com\/florent.ostermann","https:\/\/x.com\/https:\/\/twitter.com\/FlOstermann","admin"],"url":"https:\/\/dicodusport.fr\/blog\/author\/flo\/"}]}},"_links":{"self":[{"href":"https:\/\/dicodusport.fr\/blog\/wp-json\/wp\/v2\/posts\/642863","targetHints":{"allow":["GET"]}}],"collection":[{"href":"https:\/\/dicodusport.fr\/blog\/wp-json\/wp\/v2\/posts"}],"about":[{"href":"https:\/\/dicodusport.fr\/blog\/wp-json\/wp\/v2\/types\/post"}],"author":[{"embeddable":true,"href":"https:\/\/dicodusport.fr\/blog\/wp-json\/wp\/v2\/users\/4"}],"replies":[{"embeddable":true,"href":"https:\/\/dicodusport.fr\/blog\/wp-json\/wp\/v2\/comments?post=642863"}],"version-history":[{"count":2,"href":"https:\/\/dicodusport.fr\/blog\/wp-json\/wp\/v2\/posts\/642863\/revisions"}],"predecessor-version":[{"id":642875,"href":"https:\/\/dicodusport.fr\/blog\/wp-json\/wp\/v2\/posts\/642863\/revisions\/642875"}],"wp:featuredmedia":[{"embeddable":true,"href":"https:\/\/dicodusport.fr\/blog\/wp-json\/wp\/v2\/media\/642868"}],"wp:attachment":[{"href":"https:\/\/dicodusport.fr\/blog\/wp-json\/wp\/v2\/media?parent=642863"}],"wp:term":[{"taxonomy":"category","embeddable":true,"href":"https:\/\/dicodusport.fr\/blog\/wp-json\/wp\/v2\/categories?post=642863"},{"taxonomy":"post_tag","embeddable":true,"href":"https:\/\/dicodusport.fr\/blog\/wp-json\/wp\/v2\/tags?post=642863"}],"curies":[{"name":"wp","href":"https:\/\/api.w.org\/{rel}","templated":true}]}}