{"id":643119,"date":"2026-01-31T16:03:24","date_gmt":"2026-01-31T15:03:24","guid":{"rendered":"https:\/\/dicodusport.fr\/blog\/?p=643119&#038;preview=true&#038;preview_id=643119"},"modified":"2026-01-31T16:25:59","modified_gmt":"2026-01-31T15:25:59","slug":"lucinda-brand-redevient-championne-du-monde-de-cyclo-cross-amandine-fouquenet-seulement-5eme","status":"publish","type":"post","link":"https:\/\/dicodusport.fr\/blog\/lucinda-brand-redevient-championne-du-monde-de-cyclo-cross-amandine-fouquenet-seulement-5eme\/","title":{"rendered":"Lucinda Brand redevient championne du monde de cyclo-cross, Amandine Fouquenet seulement 5\u00e8me"},"content":{"rendered":"<p style=\"text-align: justify;\"><em><strong>CHAMPIONNATS DU MONDE DE CYCLO-CROSS 2025-2026 &#8211; Lucinda Brand s&rsquo;impose en grande favorite \u00e0 Hulst. Amandine Fouquenet n&rsquo;a pas pu accrocher le podium.<\/strong><\/em><\/p>\n<ul style=\"text-align: justify;\">\n<li style=\"text-align: justify;\"><strong>\u00c0 ce sujet &#8211; <a href=\"https:\/\/dicodusport.fr\/blog\/championnats-du-monde-de-cyclo-cross-2026-programme-parcours-resultats\/\">Championnats du monde de cyclo-cross 2026 : programme, parcours, r\u00e9sultats<\/a><\/strong><\/li>\n<\/ul>\n<p style=\"text-align: justify;\"><strong>Lucinda Brand<\/strong>, seule et unique. La N\u00e9erlandaise a confirm\u00e9 sa saison stratosph\u00e9rique et sa mainmise sur la discipline. \u00c0 36 ans, elle s&rsquo;adjuge un second titre de championne du monde, apr\u00e8s 2021, au terme d&rsquo;une nouvelle domination, un temps contrari\u00e9e par sa compatriote <strong>Ceylin del Carmen Alvarado<\/strong>. Tout simplement monstrueux.<\/p>\n<blockquote class=\"twitter-tweet\">\n<p dir=\"ltr\" lang=\"en\">\ud83c\udf08\ud83c\uddf3\ud83c\uddf1 LUCINDA BRAND \ud83c\uddf3\ud83c\uddf1\ud83c\udf08<\/p>\n<p>After claiming the title in 2021, she\u2019s back on \ud83d\udd1d in 2026! \ud83d\udca5<\/p>\n<p>Woooow \u2728<a href=\"https:\/\/twitter.com\/hashtag\/Hulst2026?src=hash&amp;ref_src=twsrc%5Etfw\">#Hulst2026<\/a> | <a href=\"https:\/\/twitter.com\/KNWU?ref_src=twsrc%5Etfw\">@KNWU<\/a> <a href=\"https:\/\/t.co\/J2E5IKbTE0\">pic.twitter.com\/J2E5IKbTE0<\/a><\/p>\n<p>\u2014 UCI Cyclocross (@UCI_CX) <a href=\"https:\/\/twitter.com\/UCI_CX\/status\/2017617008578224336?ref_src=twsrc%5Etfw\">January 31, 2026<\/a><\/p><\/blockquote>\n<p style=\"text-align: justify;\"><script async src=\"https:\/\/platform.twitter.com\/widgets.js\" charset=\"utf-8\"><\/script><\/p>\n<h2 style=\"text-align: justify;\">Fouquenet s&rsquo;inflige un chasse-patate<\/h2>\n<p style=\"text-align: justify;\">Tout d&rsquo;abord, le d\u00e9part a d\u00e9cid\u00e9 de beaucoup de choses sur ces Championnats du Monde. <strong>Amandine Fouquenet<\/strong> a compl\u00e8tement rat\u00e9 son envol\u00e9e, contrairement \u00e0 son habitude prise en Coupe du monde de toujours virer en t\u00eate, ou presque. Elle se retrouvait englu\u00e9e dans le trafic tandis que les N\u00e9erlandaises <strong>Puck Pieterse<\/strong> et <strong>Ceylin del Carmen Alvarado<\/strong> prenaient le leadership, juste devant la Hongroise <strong>Blanka Vas<\/strong>. Tout ce beau monde sous l&rsquo;\u0153il attentif de la grande favorite et vainqueur de la Coupe du monde <strong>Lucinda Brand<\/strong>.<\/p>\n<p style=\"text-align: justify;\">Ensuite, la Bretonne a tent\u00e9 une remont\u00e9e impossible, d&rsquo;abord g\u00ean\u00e9e par <strong>Manon Bakker<\/strong>, de mani\u00e8re assez limite, puis revenant sur un groupe de poursuivantes avec <strong>Vas,<\/strong> la Tch\u00e8que <strong>Kristyna Zemanova<\/strong> et la Suissesse <strong>Jolanda Nef<\/strong>. <strong>Amandine Fouquenet<\/strong> ne pouvait tenir le rythme derri\u00e8re, sans cesse \u00e0 la rupture, \u00e0 cause des efforts accumul\u00e9s en poursuite et de nombreuses petites erreurs techniques, mais s&rsquo;accrochait.<\/p>\n<blockquote class=\"twitter-tweet\">\n<p dir=\"ltr\" lang=\"en\">The battle for third is intense \ud83d\udd25<\/p>\n<p>Fouquenet \ud83c\uddeb\ud83c\uddf7<br \/>\nPieterse \ud83c\uddf3\ud83c\uddf1<br \/>\nVas \ud83c\udded\ud83c\uddfa<br \/>\nNeff \ud83c\udde8\ud83c\udded<\/p>\n<p>They enter the last lap nearly a min down from our leader, Brand! <a href=\"https:\/\/twitter.com\/hashtag\/Hulst2026?src=hash&amp;ref_src=twsrc%5Etfw\">#Hulst2026<\/a> <a href=\"https:\/\/t.co\/afr4wGm260\">pic.twitter.com\/afr4wGm260<\/a><\/p>\n<p>\u2014 UCI Cyclocross (@UCI_CX) <a href=\"https:\/\/twitter.com\/UCI_CX\/status\/2017612017389965621?ref_src=twsrc%5Etfw\">January 31, 2026<\/a><\/p><\/blockquote>\n<p><script async src=\"https:\/\/platform.twitter.com\/widgets.js\" charset=\"utf-8\"><\/script><\/p>\n<p style=\"text-align: justify;\">Devant, <strong>Lucinda Brand<\/strong> commen\u00e7ait \u00e0 s&rsquo;isoler comme \u00e0 son habitude, se d\u00e9barrassant de ses deux rivales n\u00e9erlandaises. Elle a \u00e9t\u00e9 bien aid\u00e9e en cela par <strong>Puck Pieterse<\/strong> qui a chut\u00e9 au milieu du troisi\u00e8me tour, abandonnant sa place de dauphine au passage et m\u00eame rattrap\u00e9e par les poursuivantes. Les chutes se multipliaient et <strong>Brand<\/strong> n&rsquo;a pas fait exception, ce qui permettait \u00e0 <strong>Alvarado<\/strong> de rentrer.<\/p>\n<h2 style=\"text-align: justify;\">Six pour une m\u00e9daille de bronze<\/h2>\n<p style=\"text-align: justify;\">Puis, pendant que <strong>Sara Casasola<\/strong> continuait de trainer sa peine sur ces Championnats en abandonnant \u00e0 mi-course, on assistait \u00e0 une belle bataille pour le titre et pour la troisi\u00e8me place.<\/p>\n<p style=\"text-align: justify;\">D&rsquo;abord, pour le titre, <strong>Lucinda Brand<\/strong> s&rsquo;envolait \u00e0 un tour de l&rsquo;arriv\u00e9e, portant une acc\u00e9l\u00e9ration d\u00e9cisive, <strong>Alvarado<\/strong> assurant une tr\u00e8s belle m\u00e9daille d&rsquo;argent.<\/p>\n<p style=\"text-align: justify;\">Et finalement, en ce qui concerne la troisi\u00e8me place, <strong>Kristyna Zemanova<\/strong> et <strong>Marion Norbert-Riberolle<\/strong>, revenue de l&rsquo;arri\u00e8re, s&rsquo;accrochaient, la premi\u00e8re perdant du temps suite \u00e0 une man\u0153uvre rat\u00e9e et la deuxi\u00e8me \u00e9tant disqualifi\u00e9e pour un geste incontr\u00f4l\u00e9. Elle restait 4 en lice pour le pr\u00e9cieux m\u00e9tal : <strong>Fouquenet<\/strong>, <strong>Vas<\/strong>, <strong>Neff<\/strong> et <strong>Pieterse<\/strong>. La N\u00e9erlandaise a eu le dernier mot, permettant \u00e0 son pays de s&rsquo;offrir un tripl\u00e9 exceptionnel. Finalement cinqui\u00e8me, <strong>Amandine Fouquenet<\/strong> pouvait se montrer d\u00e9\u00e7ue. Sans tous les efforts consentis, le podium semblait bel et bien \u00e0 port\u00e9e de main.<\/p>\n<ul style=\"text-align: justify;\">\n<li style=\"text-align: justify;\"><strong>\u00c0 ce sujet &#8211; <a href=\"https:\/\/dicodusport.fr\/blog\/mondiaux-cyclo-cross-2026-classement-et-resultats-course-elites-femmes\/\">Mondiaux Cyclo-Cross 2026 : Classement et r\u00e9sultats course \u00e9lites femmes<\/a><\/strong><\/li>\n<\/ul>\n","protected":false},"excerpt":{"rendered":"<p>CHAMPIONNATS DU MONDE DE CYCLO-CROSS 2025-2026 &#8211; Lucinda Brand s&rsquo;impose en grande favorite \u00e0 Hulst. Amandine Fouquenet n&rsquo;a pas pu accrocher le podium.<\/p>\n","protected":false},"author":92,"featured_media":643154,"comment_status":"open","ping_status":"closed","sticky":false,"template":"","format":"standard","meta":{"_acf_changed":false,"_daextam_enable_autolinks":"1","footnotes":""},"categories":[9611],"tags":[16878,9759],"class_list":["post-643119","post","type-post","status-publish","format-standard","has-post-thumbnail","hentry","category-cyclo-cross","tag-breve","tag-championnats-du-monde-de-cyclo-cross"],"acf":[],"yoast_head":"<!-- This site is optimized with the Yoast SEO Premium plugin v26.7 (Yoast SEO v26.7) - https:\/\/yoast.com\/wordpress\/plugins\/seo\/ -->\n<title>Lucinda Brand redevient championne du monde de cyclo-cross, Amandine Fouquenet seulement 5\u00e8me<\/title>\n<meta name=\"description\" content=\"CHAMPIONNATS DU MONDE DE CYCLO-CROSS 2025-2026 - Lucinda Brand s&#039;impose en grande favorite \u00e0 Hulst. Amandine Fouquenet n&#039;a pas pu accrocher le podium.\" \/>\n<meta name=\"robots\" content=\"index, follow, max-snippet:-1, max-image-preview:large, max-video-preview:-1\" \/>\n<link rel=\"canonical\" href=\"https:\/\/dicodusport.fr\/blog\/lucinda-brand-redevient-championne-du-monde-de-cyclo-cross-amandine-fouquenet-seulement-5eme\/\" \/>\n<meta property=\"og:locale\" content=\"fr_FR\" \/>\n<meta property=\"og:type\" content=\"article\" \/>\n<meta property=\"og:title\" content=\"Lucinda Brand redevient championne du monde de cyclo-cross, Amandine Fouquenet seulement 5\u00e8me\" \/>\n<meta property=\"og:description\" content=\"CHAMPIONNATS DU MONDE DE CYCLO-CROSS 2025-2026 - Lucinda Brand s&#039;impose en grande favorite \u00e0 Hulst. Amandine Fouquenet n&#039;a pas pu accrocher le podium.\" \/>\n<meta property=\"og:url\" content=\"https:\/\/dicodusport.fr\/blog\/lucinda-brand-redevient-championne-du-monde-de-cyclo-cross-amandine-fouquenet-seulement-5eme\/\" \/>\n<meta property=\"og:site_name\" content=\"Dicodusport\" \/>\n<meta property=\"article:publisher\" content=\"https:\/\/www.facebook.com\/dicodusport\" \/>\n<meta property=\"article:published_time\" content=\"2026-01-31T15:03:24+00:00\" \/>\n<meta property=\"article:modified_time\" content=\"2026-01-31T15:25:59+00:00\" \/>\n<meta property=\"og:image\" content=\"https:\/\/dicodusport.fr\/blog\/wp-content\/uploads\/2026\/01\/Lucinda-Brand-redevient-championne-du-monde-de-cyclo-cross-Amandine-Fouquenet-seulement-5eme-1.png\" \/>\n\t<meta property=\"og:image:width\" content=\"1200\" \/>\n\t<meta property=\"og:image:height\" content=\"674\" \/>\n\t<meta property=\"og:image:type\" content=\"image\/png\" \/>\n<meta name=\"author\" content=\"Olivier Dobiezynski\" \/>\n<meta name=\"twitter:card\" content=\"summary_large_image\" \/>\n<meta name=\"twitter:creator\" content=\"@https:\/\/x.com\/Olivier_Matros\" \/>\n<meta name=\"twitter:site\" content=\"@dicodusport\" \/>\n<script type=\"application\/ld+json\" class=\"yoast-schema-graph\">{\"@context\":\"https:\/\/schema.org\",\"@graph\":[{\"@type\":\"NewsArticle\",\"@id\":\"https:\/\/dicodusport.fr\/blog\/lucinda-brand-redevient-championne-du-monde-de-cyclo-cross-amandine-fouquenet-seulement-5eme\/#article\",\"isPartOf\":{\"@id\":\"https:\/\/dicodusport.fr\/blog\/lucinda-brand-redevient-championne-du-monde-de-cyclo-cross-amandine-fouquenet-seulement-5eme\/\"},\"author\":{\"name\":\"Olivier Dobiezynski\",\"@id\":\"https:\/\/dicodusport.fr\/blog\/#\/schema\/person\/fe500246414ca17ddf0c0312d7a792cc\"},\"headline\":\"Lucinda Brand redevient championne du monde de cyclo-cross, Amandine Fouquenet seulement 5\u00e8me\",\"datePublished\":\"2026-01-31T15:03:24+00:00\",\"dateModified\":\"2026-01-31T15:25:59+00:00\",\"mainEntityOfPage\":{\"@id\":\"https:\/\/dicodusport.fr\/blog\/lucinda-brand-redevient-championne-du-monde-de-cyclo-cross-amandine-fouquenet-seulement-5eme\/\"},\"wordCount\":584,\"commentCount\":0,\"publisher\":{\"@id\":\"https:\/\/dicodusport.fr\/blog\/#organization\"},\"image\":{\"@id\":\"https:\/\/dicodusport.fr\/blog\/lucinda-brand-redevient-championne-du-monde-de-cyclo-cross-amandine-fouquenet-seulement-5eme\/#primaryimage\"},\"thumbnailUrl\":\"https:\/\/dicodusport.fr\/blog\/wp-content\/uploads\/2026\/01\/Lucinda-Brand-redevient-championne-du-monde-de-cyclo-cross-Amandine-Fouquenet-seulement-5eme-1.png\",\"keywords\":[\"br\u00e8ve\",\"Championnats du monde de Cyclo-cross\"],\"articleSection\":[\"Cyclo-cross\"],\"inLanguage\":\"fr-FR\",\"potentialAction\":[{\"@type\":\"CommentAction\",\"name\":\"Comment\",\"target\":[\"https:\/\/dicodusport.fr\/blog\/lucinda-brand-redevient-championne-du-monde-de-cyclo-cross-amandine-fouquenet-seulement-5eme\/#respond\"]}],\"copyrightYear\":\"2026\",\"copyrightHolder\":{\"@id\":\"https:\/\/dicodusport.fr\/blog\/#organization\"}},{\"@type\":\"WebPage\",\"@id\":\"https:\/\/dicodusport.fr\/blog\/lucinda-brand-redevient-championne-du-monde-de-cyclo-cross-amandine-fouquenet-seulement-5eme\/\",\"url\":\"https:\/\/dicodusport.fr\/blog\/lucinda-brand-redevient-championne-du-monde-de-cyclo-cross-amandine-fouquenet-seulement-5eme\/\",\"name\":\"Lucinda Brand redevient championne du monde de cyclo-cross, Amandine Fouquenet seulement 5\u00e8me\",\"isPartOf\":{\"@id\":\"https:\/\/dicodusport.fr\/blog\/#website\"},\"primaryImageOfPage\":{\"@id\":\"https:\/\/dicodusport.fr\/blog\/lucinda-brand-redevient-championne-du-monde-de-cyclo-cross-amandine-fouquenet-seulement-5eme\/#primaryimage\"},\"image\":{\"@id\":\"https:\/\/dicodusport.fr\/blog\/lucinda-brand-redevient-championne-du-monde-de-cyclo-cross-amandine-fouquenet-seulement-5eme\/#primaryimage\"},\"thumbnailUrl\":\"https:\/\/dicodusport.fr\/blog\/wp-content\/uploads\/2026\/01\/Lucinda-Brand-redevient-championne-du-monde-de-cyclo-cross-Amandine-Fouquenet-seulement-5eme-1.png\",\"datePublished\":\"2026-01-31T15:03:24+00:00\",\"dateModified\":\"2026-01-31T15:25:59+00:00\",\"description\":\"CHAMPIONNATS DU MONDE DE CYCLO-CROSS 2025-2026 - Lucinda Brand s'impose en grande favorite \u00e0 Hulst. Amandine Fouquenet n'a pas pu accrocher le podium.\",\"breadcrumb\":{\"@id\":\"https:\/\/dicodusport.fr\/blog\/lucinda-brand-redevient-championne-du-monde-de-cyclo-cross-amandine-fouquenet-seulement-5eme\/#breadcrumb\"},\"inLanguage\":\"fr-FR\",\"potentialAction\":[{\"@type\":\"ReadAction\",\"target\":[\"https:\/\/dicodusport.fr\/blog\/lucinda-brand-redevient-championne-du-monde-de-cyclo-cross-amandine-fouquenet-seulement-5eme\/\"]}]},{\"@type\":\"ImageObject\",\"inLanguage\":\"fr-FR\",\"@id\":\"https:\/\/dicodusport.fr\/blog\/lucinda-brand-redevient-championne-du-monde-de-cyclo-cross-amandine-fouquenet-seulement-5eme\/#primaryimage\",\"url\":\"https:\/\/dicodusport.fr\/blog\/wp-content\/uploads\/2026\/01\/Lucinda-Brand-redevient-championne-du-monde-de-cyclo-cross-Amandine-Fouquenet-seulement-5eme-1.png\",\"contentUrl\":\"https:\/\/dicodusport.fr\/blog\/wp-content\/uploads\/2026\/01\/Lucinda-Brand-redevient-championne-du-monde-de-cyclo-cross-Amandine-Fouquenet-seulement-5eme-1.png\",\"width\":1200,\"height\":674,\"caption\":\"Lucinda Brand redevient championne du monde de cyclo-cross, Amandine Fouquenet seulement 5\u00e8me\"},{\"@type\":\"BreadcrumbList\",\"@id\":\"https:\/\/dicodusport.fr\/blog\/lucinda-brand-redevient-championne-du-monde-de-cyclo-cross-amandine-fouquenet-seulement-5eme\/#breadcrumb\",\"itemListElement\":[{\"@type\":\"ListItem\",\"position\":1,\"name\":\"Accueil\",\"item\":\"https:\/\/dicodusport.fr\/blog\/\"},{\"@type\":\"ListItem\",\"position\":2,\"name\":\"Lucinda Brand redevient championne du monde de cyclo-cross, Amandine Fouquenet seulement 5\u00e8me\"}]},{\"@type\":\"WebSite\",\"@id\":\"https:\/\/dicodusport.fr\/blog\/#website\",\"url\":\"https:\/\/dicodusport.fr\/blog\/\",\"name\":\"Dicodusport\",\"description\":\"L&#039;encyclop\u00e9die de l&#039;actualit\u00e9 sportive\",\"publisher\":{\"@id\":\"https:\/\/dicodusport.fr\/blog\/#organization\"},\"potentialAction\":[{\"@type\":\"SearchAction\",\"target\":{\"@type\":\"EntryPoint\",\"urlTemplate\":\"https:\/\/dicodusport.fr\/blog\/?s={search_term_string}\"},\"query-input\":{\"@type\":\"PropertyValueSpecification\",\"valueRequired\":true,\"valueName\":\"search_term_string\"}}],\"inLanguage\":\"fr-FR\"},{\"@type\":\"NewsMediaOrganization\",\"@id\":\"https:\/\/dicodusport.fr\/blog\/#organization\",\"name\":\"Dicodusport\",\"url\":\"https:\/\/dicodusport.fr\/blog\/\",\"logo\":{\"@type\":\"ImageObject\",\"inLanguage\":\"fr-FR\",\"@id\":\"https:\/\/dicodusport.fr\/blog\/#\/schema\/logo\/image\/\",\"url\":\"https:\/\/dicodusport.fr\/blog\/wp-content\/uploads\/2020\/06\/cropped-LOGO-DICODUSPORT-2020-SANS-FOND-SANS-TEXTE.png\",\"contentUrl\":\"https:\/\/dicodusport.fr\/blog\/wp-content\/uploads\/2020\/06\/cropped-LOGO-DICODUSPORT-2020-SANS-FOND-SANS-TEXTE.png\",\"width\":512,\"height\":512,\"caption\":\"Dicodusport\"},\"image\":{\"@id\":\"https:\/\/dicodusport.fr\/blog\/#\/schema\/logo\/image\/\"},\"sameAs\":[\"https:\/\/www.facebook.com\/dicodusport\",\"https:\/\/x.com\/dicodusport\",\"https:\/\/www.instagram.com\/dicodusport\/\",\"https:\/\/www.youtube.com\/channel\/UC7V2KZ5sd3htJivAbA4ZG3w\"],\"description\":\"Dicodusport est l'encyclop\u00e9die de l'actualit\u00e9 sportive.\",\"email\":\"bonjour@dicodusport.fr\",\"legalName\":\"DICODUSPORT\",\"foundingDate\":\"2018-01-14\",\"vatID\":\"FR71834470973\",\"taxID\":\"83447097300043\",\"numberOfEmployees\":{\"@type\":\"QuantitativeValue\",\"minValue\":\"1\",\"maxValue\":\"10\"}},{\"@type\":\"Person\",\"@id\":\"https:\/\/dicodusport.fr\/blog\/#\/schema\/person\/fe500246414ca17ddf0c0312d7a792cc\",\"name\":\"Olivier Dobiezynski\",\"image\":{\"@type\":\"ImageObject\",\"inLanguage\":\"fr-FR\",\"@id\":\"https:\/\/dicodusport.fr\/blog\/#\/schema\/person\/image\/\",\"url\":\"https:\/\/dicodusport.fr\/blog\/wp-content\/uploads\/2024\/09\/5be8fe8d-9962-4f1e-ad06-d6f9dee30e6d-150x150.jpg\",\"contentUrl\":\"https:\/\/dicodusport.fr\/blog\/wp-content\/uploads\/2024\/09\/5be8fe8d-9962-4f1e-ad06-d6f9dee30e6d-150x150.jpg\",\"caption\":\"Olivier Dobiezynski\"},\"description\":\"Depuis le milieu des ann\u00e9es 90, la passion du cyclisme m'anime. Mes h\u00e9ros s'appellent Luc Leblanc, Piotr Ugrumov, Paolo Savoldelli, Peter Sagan et bien \u00e9videmment Romain Bardet. R\u00e9dacteur depuis 2023, je suis ici pour partager cet amour de la Petite Reine. Vous pourrez me lire \u00e9galement sur du trail, du ski de fond et tout autre sujet susceptible d'\u00e9veiller ma curiosit\u00e9 sportive.\",\"sameAs\":[\"https:\/\/x.com\/https:\/\/x.com\/Olivier_Matros\"],\"url\":\"https:\/\/dicodusport.fr\/blog\/author\/olivier-gh\/\"}]}<\/script>\n<!-- \/ Yoast SEO Premium plugin. -->","yoast_head_json":{"title":"Lucinda Brand redevient championne du monde de cyclo-cross, Amandine Fouquenet seulement 5\u00e8me","description":"CHAMPIONNATS DU MONDE DE CYCLO-CROSS 2025-2026 - Lucinda Brand s'impose en grande favorite \u00e0 Hulst. Amandine Fouquenet n'a pas pu accrocher le podium.","robots":{"index":"index","follow":"follow","max-snippet":"max-snippet:-1","max-image-preview":"max-image-preview:large","max-video-preview":"max-video-preview:-1"},"canonical":"https:\/\/dicodusport.fr\/blog\/lucinda-brand-redevient-championne-du-monde-de-cyclo-cross-amandine-fouquenet-seulement-5eme\/","og_locale":"fr_FR","og_type":"article","og_title":"Lucinda Brand redevient championne du monde de cyclo-cross, Amandine Fouquenet seulement 5\u00e8me","og_description":"CHAMPIONNATS DU MONDE DE CYCLO-CROSS 2025-2026 - Lucinda Brand s'impose en grande favorite \u00e0 Hulst. Amandine Fouquenet n'a pas pu accrocher le podium.","og_url":"https:\/\/dicodusport.fr\/blog\/lucinda-brand-redevient-championne-du-monde-de-cyclo-cross-amandine-fouquenet-seulement-5eme\/","og_site_name":"Dicodusport","article_publisher":"https:\/\/www.facebook.com\/dicodusport","article_published_time":"2026-01-31T15:03:24+00:00","article_modified_time":"2026-01-31T15:25:59+00:00","og_image":[{"width":1200,"height":674,"url":"https:\/\/dicodusport.fr\/blog\/wp-content\/uploads\/2026\/01\/Lucinda-Brand-redevient-championne-du-monde-de-cyclo-cross-Amandine-Fouquenet-seulement-5eme-1.png","type":"image\/png"}],"author":"Olivier Dobiezynski","twitter_card":"summary_large_image","twitter_creator":"@https:\/\/x.com\/Olivier_Matros","twitter_site":"@dicodusport","schema":{"@context":"https:\/\/schema.org","@graph":[{"@type":"NewsArticle","@id":"https:\/\/dicodusport.fr\/blog\/lucinda-brand-redevient-championne-du-monde-de-cyclo-cross-amandine-fouquenet-seulement-5eme\/#article","isPartOf":{"@id":"https:\/\/dicodusport.fr\/blog\/lucinda-brand-redevient-championne-du-monde-de-cyclo-cross-amandine-fouquenet-seulement-5eme\/"},"author":{"name":"Olivier Dobiezynski","@id":"https:\/\/dicodusport.fr\/blog\/#\/schema\/person\/fe500246414ca17ddf0c0312d7a792cc"},"headline":"Lucinda Brand redevient championne du monde de cyclo-cross, Amandine Fouquenet seulement 5\u00e8me","datePublished":"2026-01-31T15:03:24+00:00","dateModified":"2026-01-31T15:25:59+00:00","mainEntityOfPage":{"@id":"https:\/\/dicodusport.fr\/blog\/lucinda-brand-redevient-championne-du-monde-de-cyclo-cross-amandine-fouquenet-seulement-5eme\/"},"wordCount":584,"commentCount":0,"publisher":{"@id":"https:\/\/dicodusport.fr\/blog\/#organization"},"image":{"@id":"https:\/\/dicodusport.fr\/blog\/lucinda-brand-redevient-championne-du-monde-de-cyclo-cross-amandine-fouquenet-seulement-5eme\/#primaryimage"},"thumbnailUrl":"https:\/\/dicodusport.fr\/blog\/wp-content\/uploads\/2026\/01\/Lucinda-Brand-redevient-championne-du-monde-de-cyclo-cross-Amandine-Fouquenet-seulement-5eme-1.png","keywords":["br\u00e8ve","Championnats du monde de Cyclo-cross"],"articleSection":["Cyclo-cross"],"inLanguage":"fr-FR","potentialAction":[{"@type":"CommentAction","name":"Comment","target":["https:\/\/dicodusport.fr\/blog\/lucinda-brand-redevient-championne-du-monde-de-cyclo-cross-amandine-fouquenet-seulement-5eme\/#respond"]}],"copyrightYear":"2026","copyrightHolder":{"@id":"https:\/\/dicodusport.fr\/blog\/#organization"}},{"@type":"WebPage","@id":"https:\/\/dicodusport.fr\/blog\/lucinda-brand-redevient-championne-du-monde-de-cyclo-cross-amandine-fouquenet-seulement-5eme\/","url":"https:\/\/dicodusport.fr\/blog\/lucinda-brand-redevient-championne-du-monde-de-cyclo-cross-amandine-fouquenet-seulement-5eme\/","name":"Lucinda Brand redevient championne du monde de cyclo-cross, Amandine Fouquenet seulement 5\u00e8me","isPartOf":{"@id":"https:\/\/dicodusport.fr\/blog\/#website"},"primaryImageOfPage":{"@id":"https:\/\/dicodusport.fr\/blog\/lucinda-brand-redevient-championne-du-monde-de-cyclo-cross-amandine-fouquenet-seulement-5eme\/#primaryimage"},"image":{"@id":"https:\/\/dicodusport.fr\/blog\/lucinda-brand-redevient-championne-du-monde-de-cyclo-cross-amandine-fouquenet-seulement-5eme\/#primaryimage"},"thumbnailUrl":"https:\/\/dicodusport.fr\/blog\/wp-content\/uploads\/2026\/01\/Lucinda-Brand-redevient-championne-du-monde-de-cyclo-cross-Amandine-Fouquenet-seulement-5eme-1.png","datePublished":"2026-01-31T15:03:24+00:00","dateModified":"2026-01-31T15:25:59+00:00","description":"CHAMPIONNATS DU MONDE DE CYCLO-CROSS 2025-2026 - Lucinda Brand s'impose en grande favorite \u00e0 Hulst. Amandine Fouquenet n'a pas pu accrocher le podium.","breadcrumb":{"@id":"https:\/\/dicodusport.fr\/blog\/lucinda-brand-redevient-championne-du-monde-de-cyclo-cross-amandine-fouquenet-seulement-5eme\/#breadcrumb"},"inLanguage":"fr-FR","potentialAction":[{"@type":"ReadAction","target":["https:\/\/dicodusport.fr\/blog\/lucinda-brand-redevient-championne-du-monde-de-cyclo-cross-amandine-fouquenet-seulement-5eme\/"]}]},{"@type":"ImageObject","inLanguage":"fr-FR","@id":"https:\/\/dicodusport.fr\/blog\/lucinda-brand-redevient-championne-du-monde-de-cyclo-cross-amandine-fouquenet-seulement-5eme\/#primaryimage","url":"https:\/\/dicodusport.fr\/blog\/wp-content\/uploads\/2026\/01\/Lucinda-Brand-redevient-championne-du-monde-de-cyclo-cross-Amandine-Fouquenet-seulement-5eme-1.png","contentUrl":"https:\/\/dicodusport.fr\/blog\/wp-content\/uploads\/2026\/01\/Lucinda-Brand-redevient-championne-du-monde-de-cyclo-cross-Amandine-Fouquenet-seulement-5eme-1.png","width":1200,"height":674,"caption":"Lucinda Brand redevient championne du monde de cyclo-cross, Amandine Fouquenet seulement 5\u00e8me"},{"@type":"BreadcrumbList","@id":"https:\/\/dicodusport.fr\/blog\/lucinda-brand-redevient-championne-du-monde-de-cyclo-cross-amandine-fouquenet-seulement-5eme\/#breadcrumb","itemListElement":[{"@type":"ListItem","position":1,"name":"Accueil","item":"https:\/\/dicodusport.fr\/blog\/"},{"@type":"ListItem","position":2,"name":"Lucinda Brand redevient championne du monde de cyclo-cross, Amandine Fouquenet seulement 5\u00e8me"}]},{"@type":"WebSite","@id":"https:\/\/dicodusport.fr\/blog\/#website","url":"https:\/\/dicodusport.fr\/blog\/","name":"Dicodusport","description":"L&#039;encyclop\u00e9die de l&#039;actualit\u00e9 sportive","publisher":{"@id":"https:\/\/dicodusport.fr\/blog\/#organization"},"potentialAction":[{"@type":"SearchAction","target":{"@type":"EntryPoint","urlTemplate":"https:\/\/dicodusport.fr\/blog\/?s={search_term_string}"},"query-input":{"@type":"PropertyValueSpecification","valueRequired":true,"valueName":"search_term_string"}}],"inLanguage":"fr-FR"},{"@type":"NewsMediaOrganization","@id":"https:\/\/dicodusport.fr\/blog\/#organization","name":"Dicodusport","url":"https:\/\/dicodusport.fr\/blog\/","logo":{"@type":"ImageObject","inLanguage":"fr-FR","@id":"https:\/\/dicodusport.fr\/blog\/#\/schema\/logo\/image\/","url":"https:\/\/dicodusport.fr\/blog\/wp-content\/uploads\/2020\/06\/cropped-LOGO-DICODUSPORT-2020-SANS-FOND-SANS-TEXTE.png","contentUrl":"https:\/\/dicodusport.fr\/blog\/wp-content\/uploads\/2020\/06\/cropped-LOGO-DICODUSPORT-2020-SANS-FOND-SANS-TEXTE.png","width":512,"height":512,"caption":"Dicodusport"},"image":{"@id":"https:\/\/dicodusport.fr\/blog\/#\/schema\/logo\/image\/"},"sameAs":["https:\/\/www.facebook.com\/dicodusport","https:\/\/x.com\/dicodusport","https:\/\/www.instagram.com\/dicodusport\/","https:\/\/www.youtube.com\/channel\/UC7V2KZ5sd3htJivAbA4ZG3w"],"description":"Dicodusport est l'encyclop\u00e9die de l'actualit\u00e9 sportive.","email":"bonjour@dicodusport.fr","legalName":"DICODUSPORT","foundingDate":"2018-01-14","vatID":"FR71834470973","taxID":"83447097300043","numberOfEmployees":{"@type":"QuantitativeValue","minValue":"1","maxValue":"10"}},{"@type":"Person","@id":"https:\/\/dicodusport.fr\/blog\/#\/schema\/person\/fe500246414ca17ddf0c0312d7a792cc","name":"Olivier Dobiezynski","image":{"@type":"ImageObject","inLanguage":"fr-FR","@id":"https:\/\/dicodusport.fr\/blog\/#\/schema\/person\/image\/","url":"https:\/\/dicodusport.fr\/blog\/wp-content\/uploads\/2024\/09\/5be8fe8d-9962-4f1e-ad06-d6f9dee30e6d-150x150.jpg","contentUrl":"https:\/\/dicodusport.fr\/blog\/wp-content\/uploads\/2024\/09\/5be8fe8d-9962-4f1e-ad06-d6f9dee30e6d-150x150.jpg","caption":"Olivier Dobiezynski"},"description":"Depuis le milieu des ann\u00e9es 90, la passion du cyclisme m'anime. Mes h\u00e9ros s'appellent Luc Leblanc, Piotr Ugrumov, Paolo Savoldelli, Peter Sagan et bien \u00e9videmment Romain Bardet. R\u00e9dacteur depuis 2023, je suis ici pour partager cet amour de la Petite Reine. Vous pourrez me lire \u00e9galement sur du trail, du ski de fond et tout autre sujet susceptible d'\u00e9veiller ma curiosit\u00e9 sportive.","sameAs":["https:\/\/x.com\/https:\/\/x.com\/Olivier_Matros"],"url":"https:\/\/dicodusport.fr\/blog\/author\/olivier-gh\/"}]}},"_links":{"self":[{"href":"https:\/\/dicodusport.fr\/blog\/wp-json\/wp\/v2\/posts\/643119","targetHints":{"allow":["GET"]}}],"collection":[{"href":"https:\/\/dicodusport.fr\/blog\/wp-json\/wp\/v2\/posts"}],"about":[{"href":"https:\/\/dicodusport.fr\/blog\/wp-json\/wp\/v2\/types\/post"}],"author":[{"embeddable":true,"href":"https:\/\/dicodusport.fr\/blog\/wp-json\/wp\/v2\/users\/92"}],"replies":[{"embeddable":true,"href":"https:\/\/dicodusport.fr\/blog\/wp-json\/wp\/v2\/comments?post=643119"}],"version-history":[{"count":5,"href":"https:\/\/dicodusport.fr\/blog\/wp-json\/wp\/v2\/posts\/643119\/revisions"}],"predecessor-version":[{"id":643155,"href":"https:\/\/dicodusport.fr\/blog\/wp-json\/wp\/v2\/posts\/643119\/revisions\/643155"}],"wp:featuredmedia":[{"embeddable":true,"href":"https:\/\/dicodusport.fr\/blog\/wp-json\/wp\/v2\/media\/643154"}],"wp:attachment":[{"href":"https:\/\/dicodusport.fr\/blog\/wp-json\/wp\/v2\/media?parent=643119"}],"wp:term":[{"taxonomy":"category","embeddable":true,"href":"https:\/\/dicodusport.fr\/blog\/wp-json\/wp\/v2\/categories?post=643119"},{"taxonomy":"post_tag","embeddable":true,"href":"https:\/\/dicodusport.fr\/blog\/wp-json\/wp\/v2\/tags?post=643119"}],"curies":[{"name":"wp","href":"https:\/\/api.w.org\/{rel}","templated":true}]}}