{"id":643123,"date":"2026-01-31T19:44:01","date_gmt":"2026-01-31T18:44:01","guid":{"rendered":"https:\/\/dicodusport.fr\/blog\/?p=643123&#038;preview=true&#038;preview_id=643123"},"modified":"2026-01-31T19:52:21","modified_gmt":"2026-01-31T18:52:21","slug":"la-composition-francaise-et-la-startlist-du-relais-hommes-aux-championnats-deurope-de-biathlon","status":"publish","type":"post","link":"https:\/\/dicodusport.fr\/blog\/la-composition-francaise-et-la-startlist-du-relais-hommes-aux-championnats-deurope-de-biathlon\/","title":{"rendered":"La composition fran\u00e7aise et la startlist du relais hommes aux Championnats d&rsquo;Europe de biathlon"},"content":{"rendered":"<p style=\"text-align: justify;\"><strong><em>Retrouvez la startlist et la composition pour l&rsquo;\u00e9quipe de France pour le relais hommes des championnats d&rsquo;Europe de biathlon 2026 \u00e0 Sjusjoen (Norv\u00e8ge), dont le d\u00e9part est pr\u00e9vu ce dimanche 1er f\u00e9vrier \u00e0 10h40.<\/em><\/strong><\/p>\n<ul style=\"text-align: justify;\">\n<li style=\"text-align: justify;\"><strong>\u00c0 ce sujet &#8211; <a href=\"https:\/\/dicodusport.fr\/blog\/championnats-deurope-biathlon-2026-programme-et-resultats\/\">Championnats d\u2019Europe biathlon 2026 : Programme et R\u00e9sultats<\/a><\/strong><\/li>\n<\/ul>\n<p style=\"text-align: justify;\">Dernier jour de comp\u00e9tition aux Championnats d&rsquo;Europe de biathlon \u00e0 Susjoen, consacr\u00e9e aux relais. Ce dimanche, les Bleus tenteront d&rsquo;ajouter \u00e0 leurs deux titres rafl\u00e9s sur l&rsquo;individuel par <a href=\"https:\/\/dicodusport.fr\/blog\/magistral-antonin-guigonnat-champion-deurope-de-lindividuel-valentin-lejeune-en-bronze\/\"><strong>Antonin Guigonnat<\/strong><\/a>, puis sur le sprint par <a href=\"https:\/\/dicodusport.fr\/blog\/damien-levet-soffre-le-titre-de-champion-deurope-sur-le-sprint-gaetan-paturel-termine-troisieme\/\"><strong>Damien Levet<\/strong><\/a>.<\/p>\n<ul>\n<li style=\"text-align: justify;\"><strong>\u00c0 lire aussi &#8211; <a href=\"https:\/\/dicodusport.fr\/blog\/la-composition-francaise-et-la-startlist-du-relais-femmes-aux-championnats-deurope-de-biathlon\/\">La composition fran\u00e7aise et la startlist du relais femmes aux Championnats d\u2019Europe de biathlon<\/a><\/strong><\/li>\n<\/ul>\n<p style=\"text-align: justify;\">Ce sont d&rsquo;ailleurs ces deux-l\u00e0 qui lanceront le relais fran\u00e7ais. <strong>Ga\u00ebtan Paturel<\/strong>, en bronze sur le sprint, prendra ensuite le relais, alors que c&rsquo;est<strong> Valentin Lejeune<\/strong>, toujours \u00e0 la recherche d&rsquo;une m\u00e9daille sur cette \u00e9dition, qui conclura l&rsquo;affaire. Comme souvent, il faudra regarder du c\u00f4t\u00e9 des Norv\u00e9giens et des Allemands comme principaux concurrents des Bleus.<\/p>\n<h3 style=\"text-align: justify;\">La composition du relais fran\u00e7ais<\/h3>\n<ol style=\"text-align: justify;\">\n<li style=\"text-align: justify;\">Antonin Guigonnat<\/li>\n<li style=\"text-align: justify;\">Damien Levet<\/li>\n<li style=\"text-align: justify;\">Ga\u00ebtan Paturel<\/li>\n<li style=\"text-align: justify;\">Valentin Lejeune<\/li>\n<\/ol>\n<ul style=\"text-align: justify;\">\n<li style=\"text-align: justify;\"><strong>\u00c0 ce sujet &#8211; <a href=\"https:\/\/dicodusport.fr\/blog\/tableau-des-medailles-des-championnats-deurope-de-biathlon-2026\/\">Tableau des m\u00e9dailles des Championnats d\u2019Europe de biathlon 2026<\/a>\u00a0<\/strong><\/li>\n<\/ul>\n<h2 style=\"text-align: justify;\" align=\"justify\">La startlist du relais hommes des championnats d&rsquo;Europe<\/h2>\n<p style=\"text-align: justify;\"><a href=\"https:\/\/dicodusport.fr\/blog\/wp-content\/uploads\/2026\/01\/Startlist-relais-hommes-Europe.pdf\" class=\"pdfemb-viewer\" style=\"\" data-width=\"max\" data-height=\"max\"  data-toolbar=\"both\" data-toolbar-fixed=\"on\">Startlist relais hommes Europe<br\/><\/a>\n<h3 style=\"text-align: justify;\">Dicodusport vous conseille<\/h3>\n<ul>\n<li style=\"text-align: justify;\"><a href=\"https:\/\/dicodusport.fr\/blog\/edito-aimer-le-biathlon-francais-sans-fermer-les-yeux\/\"><strong>\u00c9dito : Aimer le biathlon fran\u00e7ais sans fermer les yeux\u00a0<\/strong><\/a><\/li>\n<\/ul>\n","protected":false},"excerpt":{"rendered":"<p>Retrouvez la startlist et la composition pour l&rsquo;\u00e9quipe de France pour le relais hommes des championnats d&rsquo;Europe de biathlon 2026 \u00e0 Sjusjoen (Norv\u00e8ge), dont le d\u00e9part est pr\u00e9vu ce dimanche 1er f\u00e9vrier \u00e0 10h40.<\/p>\n","protected":false},"author":1,"featured_media":643126,"comment_status":"open","ping_status":"closed","sticky":false,"template":"","format":"standard","meta":{"_acf_changed":false,"_daextam_enable_autolinks":"1","footnotes":""},"categories":[2426],"tags":[32415,2427,16878,21429,3926],"class_list":["post-643123","post","type-post","status-publish","format-standard","has-post-thumbnail","hentry","category-biathlon","tag-actu","tag-biathlon","tag-breve","tag-championnats-deurope-de-biathlon","tag-relais-hommes"],"acf":[],"yoast_head":"<!-- This site is optimized with the Yoast SEO Premium plugin v26.7 (Yoast SEO v26.7) - https:\/\/yoast.com\/wordpress\/plugins\/seo\/ -->\n<title>La composition fran\u00e7aise et la startlist du relais hommes aux Championnats d&#039;Europe de biathlon<\/title>\n<meta name=\"description\" content=\"Retrouvez la startlist et la composition pour l&#039;\u00e9quipe de France pour le relais hommes des championnats d&#039;Europe de biathlon 2026 \u00e0 Sjusjoen (Norv\u00e8ge), dont le d\u00e9part est pr\u00e9vu ce dimanche 1er f\u00e9vrier \u00e0 10h40.\" \/>\n<meta name=\"robots\" content=\"index, follow, max-snippet:-1, max-image-preview:large, max-video-preview:-1\" \/>\n<link rel=\"canonical\" href=\"https:\/\/dicodusport.fr\/blog\/la-composition-francaise-et-la-startlist-du-relais-hommes-aux-championnats-deurope-de-biathlon\/\" \/>\n<meta property=\"og:locale\" content=\"fr_FR\" \/>\n<meta property=\"og:type\" content=\"article\" \/>\n<meta property=\"og:title\" content=\"La composition fran\u00e7aise et la startlist du relais hommes aux Championnats d&#039;Europe de biathlon\" \/>\n<meta property=\"og:description\" content=\"Retrouvez la startlist et la composition pour l&#039;\u00e9quipe de France pour le relais hommes des championnats d&#039;Europe de biathlon 2026 \u00e0 Sjusjoen (Norv\u00e8ge), dont le d\u00e9part est pr\u00e9vu ce dimanche 1er f\u00e9vrier \u00e0 10h40.\" \/>\n<meta property=\"og:url\" content=\"https:\/\/dicodusport.fr\/blog\/la-composition-francaise-et-la-startlist-du-relais-hommes-aux-championnats-deurope-de-biathlon\/\" \/>\n<meta property=\"og:site_name\" content=\"Dicodusport\" \/>\n<meta property=\"article:publisher\" content=\"https:\/\/www.facebook.com\/dicodusport\" \/>\n<meta property=\"article:author\" content=\"https:\/\/www.facebook.com\/dicodusport\" \/>\n<meta property=\"article:published_time\" content=\"2026-01-31T18:44:01+00:00\" \/>\n<meta property=\"article:modified_time\" content=\"2026-01-31T18:52:21+00:00\" \/>\n<meta property=\"og:image\" content=\"https:\/\/dicodusport.fr\/blog\/wp-content\/uploads\/2026\/01\/La-composition-francaise-et-la-startlist-du-relais-hommes-aux-Championnats-dEurope-de-biathlon.png\" \/>\n\t<meta property=\"og:image:width\" content=\"1200\" \/>\n\t<meta property=\"og:image:height\" content=\"674\" \/>\n\t<meta property=\"og:image:type\" content=\"image\/png\" \/>\n<meta name=\"author\" content=\"Nicolas Jacquemard\" \/>\n<meta name=\"twitter:card\" content=\"summary_large_image\" \/>\n<meta name=\"twitter:title\" content=\"La composition fran\u00e7aise et la startlist du relais hommes aux Championnats d&#039;Europe de biathlon\" \/>\n<meta name=\"twitter:creator\" content=\"@https:\/\/twitter.com\/Nico_Jacquemard\" \/>\n<meta name=\"twitter:site\" content=\"@dicodusport\" \/>\n<script type=\"application\/ld+json\" class=\"yoast-schema-graph\">{\"@context\":\"https:\/\/schema.org\",\"@graph\":[{\"@type\":\"NewsArticle\",\"@id\":\"https:\/\/dicodusport.fr\/blog\/la-composition-francaise-et-la-startlist-du-relais-hommes-aux-championnats-deurope-de-biathlon\/#article\",\"isPartOf\":{\"@id\":\"https:\/\/dicodusport.fr\/blog\/la-composition-francaise-et-la-startlist-du-relais-hommes-aux-championnats-deurope-de-biathlon\/\"},\"author\":{\"name\":\"Nicolas Jacquemard\",\"@id\":\"https:\/\/dicodusport.fr\/blog\/#\/schema\/person\/55dcb50ad410894e431ed812bbb70191\"},\"headline\":\"La composition fran\u00e7aise et la startlist du relais hommes aux Championnats d&rsquo;Europe de biathlon\",\"datePublished\":\"2026-01-31T18:44:01+00:00\",\"dateModified\":\"2026-01-31T18:52:21+00:00\",\"mainEntityOfPage\":{\"@id\":\"https:\/\/dicodusport.fr\/blog\/la-composition-francaise-et-la-startlist-du-relais-hommes-aux-championnats-deurope-de-biathlon\/\"},\"wordCount\":252,\"commentCount\":0,\"publisher\":{\"@id\":\"https:\/\/dicodusport.fr\/blog\/#organization\"},\"image\":{\"@id\":\"https:\/\/dicodusport.fr\/blog\/la-composition-francaise-et-la-startlist-du-relais-hommes-aux-championnats-deurope-de-biathlon\/#primaryimage\"},\"thumbnailUrl\":\"https:\/\/dicodusport.fr\/blog\/wp-content\/uploads\/2026\/01\/La-composition-francaise-et-la-startlist-du-relais-hommes-aux-Championnats-dEurope-de-biathlon.png\",\"keywords\":[\"actu\",\"Biathlon\",\"br\u00e8ve\",\"Championnats d'Europe de biathlon\",\"Relais hommes\"],\"articleSection\":[\"Biathlon\"],\"inLanguage\":\"fr-FR\",\"potentialAction\":[{\"@type\":\"CommentAction\",\"name\":\"Comment\",\"target\":[\"https:\/\/dicodusport.fr\/blog\/la-composition-francaise-et-la-startlist-du-relais-hommes-aux-championnats-deurope-de-biathlon\/#respond\"]}],\"copyrightYear\":\"2026\",\"copyrightHolder\":{\"@id\":\"https:\/\/dicodusport.fr\/blog\/#organization\"}},{\"@type\":\"WebPage\",\"@id\":\"https:\/\/dicodusport.fr\/blog\/la-composition-francaise-et-la-startlist-du-relais-hommes-aux-championnats-deurope-de-biathlon\/\",\"url\":\"https:\/\/dicodusport.fr\/blog\/la-composition-francaise-et-la-startlist-du-relais-hommes-aux-championnats-deurope-de-biathlon\/\",\"name\":\"La composition fran\u00e7aise et la startlist du relais hommes aux Championnats d'Europe de biathlon\",\"isPartOf\":{\"@id\":\"https:\/\/dicodusport.fr\/blog\/#website\"},\"primaryImageOfPage\":{\"@id\":\"https:\/\/dicodusport.fr\/blog\/la-composition-francaise-et-la-startlist-du-relais-hommes-aux-championnats-deurope-de-biathlon\/#primaryimage\"},\"image\":{\"@id\":\"https:\/\/dicodusport.fr\/blog\/la-composition-francaise-et-la-startlist-du-relais-hommes-aux-championnats-deurope-de-biathlon\/#primaryimage\"},\"thumbnailUrl\":\"https:\/\/dicodusport.fr\/blog\/wp-content\/uploads\/2026\/01\/La-composition-francaise-et-la-startlist-du-relais-hommes-aux-Championnats-dEurope-de-biathlon.png\",\"datePublished\":\"2026-01-31T18:44:01+00:00\",\"dateModified\":\"2026-01-31T18:52:21+00:00\",\"description\":\"Retrouvez la startlist et la composition pour l'\u00e9quipe de France pour le relais hommes des championnats d'Europe de biathlon 2026 \u00e0 Sjusjoen (Norv\u00e8ge), dont le d\u00e9part est pr\u00e9vu ce dimanche 1er f\u00e9vrier \u00e0 10h40.\",\"breadcrumb\":{\"@id\":\"https:\/\/dicodusport.fr\/blog\/la-composition-francaise-et-la-startlist-du-relais-hommes-aux-championnats-deurope-de-biathlon\/#breadcrumb\"},\"inLanguage\":\"fr-FR\",\"potentialAction\":[{\"@type\":\"ReadAction\",\"target\":[\"https:\/\/dicodusport.fr\/blog\/la-composition-francaise-et-la-startlist-du-relais-hommes-aux-championnats-deurope-de-biathlon\/\"]}]},{\"@type\":\"ImageObject\",\"inLanguage\":\"fr-FR\",\"@id\":\"https:\/\/dicodusport.fr\/blog\/la-composition-francaise-et-la-startlist-du-relais-hommes-aux-championnats-deurope-de-biathlon\/#primaryimage\",\"url\":\"https:\/\/dicodusport.fr\/blog\/wp-content\/uploads\/2026\/01\/La-composition-francaise-et-la-startlist-du-relais-hommes-aux-Championnats-dEurope-de-biathlon.png\",\"contentUrl\":\"https:\/\/dicodusport.fr\/blog\/wp-content\/uploads\/2026\/01\/La-composition-francaise-et-la-startlist-du-relais-hommes-aux-Championnats-dEurope-de-biathlon.png\",\"width\":1200,\"height\":674},{\"@type\":\"BreadcrumbList\",\"@id\":\"https:\/\/dicodusport.fr\/blog\/la-composition-francaise-et-la-startlist-du-relais-hommes-aux-championnats-deurope-de-biathlon\/#breadcrumb\",\"itemListElement\":[{\"@type\":\"ListItem\",\"position\":1,\"name\":\"Accueil\",\"item\":\"https:\/\/dicodusport.fr\/blog\/\"},{\"@type\":\"ListItem\",\"position\":2,\"name\":\"La composition fran\u00e7aise et la startlist du relais hommes aux Championnats d&rsquo;Europe de biathlon\"}]},{\"@type\":\"WebSite\",\"@id\":\"https:\/\/dicodusport.fr\/blog\/#website\",\"url\":\"https:\/\/dicodusport.fr\/blog\/\",\"name\":\"Dicodusport\",\"description\":\"L&#039;encyclop\u00e9die de l&#039;actualit\u00e9 sportive\",\"publisher\":{\"@id\":\"https:\/\/dicodusport.fr\/blog\/#organization\"},\"potentialAction\":[{\"@type\":\"SearchAction\",\"target\":{\"@type\":\"EntryPoint\",\"urlTemplate\":\"https:\/\/dicodusport.fr\/blog\/?s={search_term_string}\"},\"query-input\":{\"@type\":\"PropertyValueSpecification\",\"valueRequired\":true,\"valueName\":\"search_term_string\"}}],\"inLanguage\":\"fr-FR\"},{\"@type\":\"NewsMediaOrganization\",\"@id\":\"https:\/\/dicodusport.fr\/blog\/#organization\",\"name\":\"Dicodusport\",\"url\":\"https:\/\/dicodusport.fr\/blog\/\",\"logo\":{\"@type\":\"ImageObject\",\"inLanguage\":\"fr-FR\",\"@id\":\"https:\/\/dicodusport.fr\/blog\/#\/schema\/logo\/image\/\",\"url\":\"https:\/\/dicodusport.fr\/blog\/wp-content\/uploads\/2020\/06\/cropped-LOGO-DICODUSPORT-2020-SANS-FOND-SANS-TEXTE.png\",\"contentUrl\":\"https:\/\/dicodusport.fr\/blog\/wp-content\/uploads\/2020\/06\/cropped-LOGO-DICODUSPORT-2020-SANS-FOND-SANS-TEXTE.png\",\"width\":512,\"height\":512,\"caption\":\"Dicodusport\"},\"image\":{\"@id\":\"https:\/\/dicodusport.fr\/blog\/#\/schema\/logo\/image\/\"},\"sameAs\":[\"https:\/\/www.facebook.com\/dicodusport\",\"https:\/\/x.com\/dicodusport\",\"https:\/\/www.instagram.com\/dicodusport\/\",\"https:\/\/www.youtube.com\/channel\/UC7V2KZ5sd3htJivAbA4ZG3w\"],\"description\":\"Dicodusport est l'encyclop\u00e9die de l'actualit\u00e9 sportive.\",\"email\":\"bonjour@dicodusport.fr\",\"legalName\":\"DICODUSPORT\",\"foundingDate\":\"2018-01-14\",\"vatID\":\"FR71834470973\",\"taxID\":\"83447097300043\",\"numberOfEmployees\":{\"@type\":\"QuantitativeValue\",\"minValue\":\"1\",\"maxValue\":\"10\"}},{\"@type\":\"Person\",\"@id\":\"https:\/\/dicodusport.fr\/blog\/#\/schema\/person\/55dcb50ad410894e431ed812bbb70191\",\"name\":\"Nicolas Jacquemard\",\"image\":{\"@type\":\"ImageObject\",\"inLanguage\":\"fr-FR\",\"@id\":\"https:\/\/dicodusport.fr\/blog\/#\/schema\/person\/image\/\",\"url\":\"https:\/\/dicodusport.fr\/blog\/wp-content\/uploads\/2021\/05\/Nicolas-Jacquemard-150x150.jpeg\",\"contentUrl\":\"https:\/\/dicodusport.fr\/blog\/wp-content\/uploads\/2021\/05\/Nicolas-Jacquemard-150x150.jpeg\",\"caption\":\"Nicolas Jacquemard\"},\"description\":\"Passionn\u00e9 de sport et entrepreneur depuis mes 18 ans, la cr\u00e9ation de Dicodusport m'a sembl\u00e9 \u00e9vidente pour participer \u00e0 la m\u00e9diatisation d'un plus grand nombre de sports. Le chemin est long mais avec une \u00e9quipe des plus motiv\u00e9es et les Jeux Olympiques de Paris 2024 en point de mire, nous y arriverons ! Journaliste dans le monde du sport depuis plus de 5 ans, je traite aussi bien de football, de rugby, de biathlon que de cyclisme.\",\"sameAs\":[\"https:\/\/www.facebook.com\/dicodusport\",\"https:\/\/x.com\/https:\/\/twitter.com\/Nico_Jacquemard\"],\"url\":\"https:\/\/dicodusport.fr\/blog\/author\/dicodusport\/\"}]}<\/script>\n<!-- \/ Yoast SEO Premium plugin. -->","yoast_head_json":{"title":"La composition fran\u00e7aise et la startlist du relais hommes aux Championnats d'Europe de biathlon","description":"Retrouvez la startlist et la composition pour l'\u00e9quipe de France pour le relais hommes des championnats d'Europe de biathlon 2026 \u00e0 Sjusjoen (Norv\u00e8ge), dont le d\u00e9part est pr\u00e9vu ce dimanche 1er f\u00e9vrier \u00e0 10h40.","robots":{"index":"index","follow":"follow","max-snippet":"max-snippet:-1","max-image-preview":"max-image-preview:large","max-video-preview":"max-video-preview:-1"},"canonical":"https:\/\/dicodusport.fr\/blog\/la-composition-francaise-et-la-startlist-du-relais-hommes-aux-championnats-deurope-de-biathlon\/","og_locale":"fr_FR","og_type":"article","og_title":"La composition fran\u00e7aise et la startlist du relais hommes aux Championnats d'Europe de biathlon","og_description":"Retrouvez la startlist et la composition pour l'\u00e9quipe de France pour le relais hommes des championnats d'Europe de biathlon 2026 \u00e0 Sjusjoen (Norv\u00e8ge), dont le d\u00e9part est pr\u00e9vu ce dimanche 1er f\u00e9vrier \u00e0 10h40.","og_url":"https:\/\/dicodusport.fr\/blog\/la-composition-francaise-et-la-startlist-du-relais-hommes-aux-championnats-deurope-de-biathlon\/","og_site_name":"Dicodusport","article_publisher":"https:\/\/www.facebook.com\/dicodusport","article_author":"https:\/\/www.facebook.com\/dicodusport","article_published_time":"2026-01-31T18:44:01+00:00","article_modified_time":"2026-01-31T18:52:21+00:00","og_image":[{"width":1200,"height":674,"url":"https:\/\/dicodusport.fr\/blog\/wp-content\/uploads\/2026\/01\/La-composition-francaise-et-la-startlist-du-relais-hommes-aux-Championnats-dEurope-de-biathlon.png","type":"image\/png"}],"author":"Nicolas Jacquemard","twitter_card":"summary_large_image","twitter_title":"La composition fran\u00e7aise et la startlist du relais hommes aux Championnats d'Europe de biathlon","twitter_creator":"@https:\/\/twitter.com\/Nico_Jacquemard","twitter_site":"@dicodusport","schema":{"@context":"https:\/\/schema.org","@graph":[{"@type":"NewsArticle","@id":"https:\/\/dicodusport.fr\/blog\/la-composition-francaise-et-la-startlist-du-relais-hommes-aux-championnats-deurope-de-biathlon\/#article","isPartOf":{"@id":"https:\/\/dicodusport.fr\/blog\/la-composition-francaise-et-la-startlist-du-relais-hommes-aux-championnats-deurope-de-biathlon\/"},"author":{"name":"Nicolas Jacquemard","@id":"https:\/\/dicodusport.fr\/blog\/#\/schema\/person\/55dcb50ad410894e431ed812bbb70191"},"headline":"La composition fran\u00e7aise et la startlist du relais hommes aux Championnats d&rsquo;Europe de biathlon","datePublished":"2026-01-31T18:44:01+00:00","dateModified":"2026-01-31T18:52:21+00:00","mainEntityOfPage":{"@id":"https:\/\/dicodusport.fr\/blog\/la-composition-francaise-et-la-startlist-du-relais-hommes-aux-championnats-deurope-de-biathlon\/"},"wordCount":252,"commentCount":0,"publisher":{"@id":"https:\/\/dicodusport.fr\/blog\/#organization"},"image":{"@id":"https:\/\/dicodusport.fr\/blog\/la-composition-francaise-et-la-startlist-du-relais-hommes-aux-championnats-deurope-de-biathlon\/#primaryimage"},"thumbnailUrl":"https:\/\/dicodusport.fr\/blog\/wp-content\/uploads\/2026\/01\/La-composition-francaise-et-la-startlist-du-relais-hommes-aux-Championnats-dEurope-de-biathlon.png","keywords":["actu","Biathlon","br\u00e8ve","Championnats d'Europe de biathlon","Relais hommes"],"articleSection":["Biathlon"],"inLanguage":"fr-FR","potentialAction":[{"@type":"CommentAction","name":"Comment","target":["https:\/\/dicodusport.fr\/blog\/la-composition-francaise-et-la-startlist-du-relais-hommes-aux-championnats-deurope-de-biathlon\/#respond"]}],"copyrightYear":"2026","copyrightHolder":{"@id":"https:\/\/dicodusport.fr\/blog\/#organization"}},{"@type":"WebPage","@id":"https:\/\/dicodusport.fr\/blog\/la-composition-francaise-et-la-startlist-du-relais-hommes-aux-championnats-deurope-de-biathlon\/","url":"https:\/\/dicodusport.fr\/blog\/la-composition-francaise-et-la-startlist-du-relais-hommes-aux-championnats-deurope-de-biathlon\/","name":"La composition fran\u00e7aise et la startlist du relais hommes aux Championnats d'Europe de biathlon","isPartOf":{"@id":"https:\/\/dicodusport.fr\/blog\/#website"},"primaryImageOfPage":{"@id":"https:\/\/dicodusport.fr\/blog\/la-composition-francaise-et-la-startlist-du-relais-hommes-aux-championnats-deurope-de-biathlon\/#primaryimage"},"image":{"@id":"https:\/\/dicodusport.fr\/blog\/la-composition-francaise-et-la-startlist-du-relais-hommes-aux-championnats-deurope-de-biathlon\/#primaryimage"},"thumbnailUrl":"https:\/\/dicodusport.fr\/blog\/wp-content\/uploads\/2026\/01\/La-composition-francaise-et-la-startlist-du-relais-hommes-aux-Championnats-dEurope-de-biathlon.png","datePublished":"2026-01-31T18:44:01+00:00","dateModified":"2026-01-31T18:52:21+00:00","description":"Retrouvez la startlist et la composition pour l'\u00e9quipe de France pour le relais hommes des championnats d'Europe de biathlon 2026 \u00e0 Sjusjoen (Norv\u00e8ge), dont le d\u00e9part est pr\u00e9vu ce dimanche 1er f\u00e9vrier \u00e0 10h40.","breadcrumb":{"@id":"https:\/\/dicodusport.fr\/blog\/la-composition-francaise-et-la-startlist-du-relais-hommes-aux-championnats-deurope-de-biathlon\/#breadcrumb"},"inLanguage":"fr-FR","potentialAction":[{"@type":"ReadAction","target":["https:\/\/dicodusport.fr\/blog\/la-composition-francaise-et-la-startlist-du-relais-hommes-aux-championnats-deurope-de-biathlon\/"]}]},{"@type":"ImageObject","inLanguage":"fr-FR","@id":"https:\/\/dicodusport.fr\/blog\/la-composition-francaise-et-la-startlist-du-relais-hommes-aux-championnats-deurope-de-biathlon\/#primaryimage","url":"https:\/\/dicodusport.fr\/blog\/wp-content\/uploads\/2026\/01\/La-composition-francaise-et-la-startlist-du-relais-hommes-aux-Championnats-dEurope-de-biathlon.png","contentUrl":"https:\/\/dicodusport.fr\/blog\/wp-content\/uploads\/2026\/01\/La-composition-francaise-et-la-startlist-du-relais-hommes-aux-Championnats-dEurope-de-biathlon.png","width":1200,"height":674},{"@type":"BreadcrumbList","@id":"https:\/\/dicodusport.fr\/blog\/la-composition-francaise-et-la-startlist-du-relais-hommes-aux-championnats-deurope-de-biathlon\/#breadcrumb","itemListElement":[{"@type":"ListItem","position":1,"name":"Accueil","item":"https:\/\/dicodusport.fr\/blog\/"},{"@type":"ListItem","position":2,"name":"La composition fran\u00e7aise et la startlist du relais hommes aux Championnats d&rsquo;Europe de biathlon"}]},{"@type":"WebSite","@id":"https:\/\/dicodusport.fr\/blog\/#website","url":"https:\/\/dicodusport.fr\/blog\/","name":"Dicodusport","description":"L&#039;encyclop\u00e9die de l&#039;actualit\u00e9 sportive","publisher":{"@id":"https:\/\/dicodusport.fr\/blog\/#organization"},"potentialAction":[{"@type":"SearchAction","target":{"@type":"EntryPoint","urlTemplate":"https:\/\/dicodusport.fr\/blog\/?s={search_term_string}"},"query-input":{"@type":"PropertyValueSpecification","valueRequired":true,"valueName":"search_term_string"}}],"inLanguage":"fr-FR"},{"@type":"NewsMediaOrganization","@id":"https:\/\/dicodusport.fr\/blog\/#organization","name":"Dicodusport","url":"https:\/\/dicodusport.fr\/blog\/","logo":{"@type":"ImageObject","inLanguage":"fr-FR","@id":"https:\/\/dicodusport.fr\/blog\/#\/schema\/logo\/image\/","url":"https:\/\/dicodusport.fr\/blog\/wp-content\/uploads\/2020\/06\/cropped-LOGO-DICODUSPORT-2020-SANS-FOND-SANS-TEXTE.png","contentUrl":"https:\/\/dicodusport.fr\/blog\/wp-content\/uploads\/2020\/06\/cropped-LOGO-DICODUSPORT-2020-SANS-FOND-SANS-TEXTE.png","width":512,"height":512,"caption":"Dicodusport"},"image":{"@id":"https:\/\/dicodusport.fr\/blog\/#\/schema\/logo\/image\/"},"sameAs":["https:\/\/www.facebook.com\/dicodusport","https:\/\/x.com\/dicodusport","https:\/\/www.instagram.com\/dicodusport\/","https:\/\/www.youtube.com\/channel\/UC7V2KZ5sd3htJivAbA4ZG3w"],"description":"Dicodusport est l'encyclop\u00e9die de l'actualit\u00e9 sportive.","email":"bonjour@dicodusport.fr","legalName":"DICODUSPORT","foundingDate":"2018-01-14","vatID":"FR71834470973","taxID":"83447097300043","numberOfEmployees":{"@type":"QuantitativeValue","minValue":"1","maxValue":"10"}},{"@type":"Person","@id":"https:\/\/dicodusport.fr\/blog\/#\/schema\/person\/55dcb50ad410894e431ed812bbb70191","name":"Nicolas Jacquemard","image":{"@type":"ImageObject","inLanguage":"fr-FR","@id":"https:\/\/dicodusport.fr\/blog\/#\/schema\/person\/image\/","url":"https:\/\/dicodusport.fr\/blog\/wp-content\/uploads\/2021\/05\/Nicolas-Jacquemard-150x150.jpeg","contentUrl":"https:\/\/dicodusport.fr\/blog\/wp-content\/uploads\/2021\/05\/Nicolas-Jacquemard-150x150.jpeg","caption":"Nicolas Jacquemard"},"description":"Passionn\u00e9 de sport et entrepreneur depuis mes 18 ans, la cr\u00e9ation de Dicodusport m'a sembl\u00e9 \u00e9vidente pour participer \u00e0 la m\u00e9diatisation d'un plus grand nombre de sports. Le chemin est long mais avec une \u00e9quipe des plus motiv\u00e9es et les Jeux Olympiques de Paris 2024 en point de mire, nous y arriverons ! Journaliste dans le monde du sport depuis plus de 5 ans, je traite aussi bien de football, de rugby, de biathlon que de cyclisme.","sameAs":["https:\/\/www.facebook.com\/dicodusport","https:\/\/x.com\/https:\/\/twitter.com\/Nico_Jacquemard"],"url":"https:\/\/dicodusport.fr\/blog\/author\/dicodusport\/"}]}},"_links":{"self":[{"href":"https:\/\/dicodusport.fr\/blog\/wp-json\/wp\/v2\/posts\/643123","targetHints":{"allow":["GET"]}}],"collection":[{"href":"https:\/\/dicodusport.fr\/blog\/wp-json\/wp\/v2\/posts"}],"about":[{"href":"https:\/\/dicodusport.fr\/blog\/wp-json\/wp\/v2\/types\/post"}],"author":[{"embeddable":true,"href":"https:\/\/dicodusport.fr\/blog\/wp-json\/wp\/v2\/users\/1"}],"replies":[{"embeddable":true,"href":"https:\/\/dicodusport.fr\/blog\/wp-json\/wp\/v2\/comments?post=643123"}],"version-history":[{"count":4,"href":"https:\/\/dicodusport.fr\/blog\/wp-json\/wp\/v2\/posts\/643123\/revisions"}],"predecessor-version":[{"id":643203,"href":"https:\/\/dicodusport.fr\/blog\/wp-json\/wp\/v2\/posts\/643123\/revisions\/643203"}],"wp:featuredmedia":[{"embeddable":true,"href":"https:\/\/dicodusport.fr\/blog\/wp-json\/wp\/v2\/media\/643126"}],"wp:attachment":[{"href":"https:\/\/dicodusport.fr\/blog\/wp-json\/wp\/v2\/media?parent=643123"}],"wp:term":[{"taxonomy":"category","embeddable":true,"href":"https:\/\/dicodusport.fr\/blog\/wp-json\/wp\/v2\/categories?post=643123"},{"taxonomy":"post_tag","embeddable":true,"href":"https:\/\/dicodusport.fr\/blog\/wp-json\/wp\/v2\/tags?post=643123"}],"curies":[{"name":"wp","href":"https:\/\/api.w.org\/{rel}","templated":true}]}}