{"id":643410,"date":"2026-02-01T16:13:31","date_gmt":"2026-02-01T15:13:31","guid":{"rendered":"https:\/\/dicodusport.fr\/blog\/?p=643410&#038;preview=true&#038;preview_id=643410"},"modified":"2026-02-01T19:58:09","modified_gmt":"2026-02-01T18:58:09","slug":"dans-la-legende-mathieu-van-der-poel-decroche-un-8eme-titre-mondial-elites-en-cyclo-cross","status":"publish","type":"post","link":"https:\/\/dicodusport.fr\/blog\/dans-la-legende-mathieu-van-der-poel-decroche-un-8eme-titre-mondial-elites-en-cyclo-cross\/","title":{"rendered":"Dans la l\u00e9gende : Mathieu van der Poel d\u00e9croche un 8\u00e8me titre mondial \u00e9lites en cyclo-cross !"},"content":{"rendered":"<p style=\"text-align: justify;\"><em><strong>CHAMPIONNATS DU MONDE DE CYCLO-CROSS 2025-2026 &#8211; Encore largement au-dessus de ses rivaux, Mathieu van der Poel conserve son titre \u00e0 Hulst.<\/strong><\/em><\/p>\n<ul>\n<li style=\"text-align: justify;\"><strong>\u00c0 ce sujet &#8211; <a href=\"https:\/\/dicodusport.fr\/blog\/classement-et-resultats-course-elites-hommes-des-mondiaux-de-cyclo-cross-2026\/\">Classement et r\u00e9sultats course \u00e9lites hommes des Mondiaux de Cyclo-cross 2026<\/a><\/strong><\/li>\n<\/ul>\n<p style=\"text-align: justify;\">Personne n&rsquo;attendait de suspense sur le trac\u00e9 des Championnats du monde de Hulst ce dimanche. Au terme d&rsquo;un nouveau cavalier seul, <strong>Mathieu van der Poel<\/strong> n&rsquo;a laiss\u00e9 aucune chance \u00e0 ses concurrents, marchant une nouvelle fois litt\u00e9ralement sur la concurrence. Le N\u00e9erlandais s&rsquo;adjugeait ainsi son huiti\u00e8me titre de champion du monde de la discipline. Un record puisqu&rsquo;il d\u00e9passe d\u00e9finitivement <strong>Eric De Vlaeminck<\/strong> et ses 7 titres.<\/p>\n<h2 style=\"text-align: justify;\">Le r\u00e9cital de van der Poel<\/h2>\n<p style=\"text-align: justify;\">De tension dramatique, il n&rsquo;y en aura eu qu&rsquo;au premier tour des huit tours de circuit quand un trio s&rsquo;est d\u00e9tach\u00e9 \u00e0 la p\u00e9dale. On retrouvait l\u00e0 les trois dominateurs de la saison. <strong>van der Poel<\/strong> bien s\u00fbr mais aussi son compatriote <strong>Tibor del Grosso<\/strong> et le Belge <strong>Thibau Nys<\/strong>. Un podium presque connu \u00e0 l&rsquo;avance mais dont l&rsquo;ordre restait \u00e0 d\u00e9terminer.<\/p>\n<p style=\"text-align: justify;\">Du moins, pour les accessits. Car, pour la victoire, <strong>Mathieu van der Poel<\/strong> a une nouvelle fois forc\u00e9 son destin d\u00e8s le deuxi\u00e8me tour en s&rsquo;envolant d\u00e9finitivement gr\u00e2ce \u00e0 une acc\u00e9l\u00e9ration soudaine. Simplement au-dessus du lot et imbattable.<\/p>\n<blockquote class=\"twitter-tweet\">\n<p dir=\"ltr\" lang=\"fr\">\ud83c\udf08 ET DE HUIT POUR MATHIEU VAN DER POEL !<\/p>\n<p>Le N\u00e9erlandais devient Champion du monde de cyclo-cross pour la huiti\u00e8me fois, record absolu !<\/p>\n<p>Tibor Del Grosso et Thibau Nys compl\u00e8tent le podium. <a href=\"https:\/\/twitter.com\/hashtag\/lequipeVELO?src=hash&amp;ref_src=twsrc%5Etfw\">#lequipeVELO<\/a> <a href=\"https:\/\/t.co\/jjgIqExXnq\">pic.twitter.com\/jjgIqExXnq<\/a><\/p>\n<p>\u2014 la chaine L&rsquo;\u00c9quipe (@lachainelequipe) <a href=\"https:\/\/twitter.com\/lachainelequipe\/status\/2017979614832820253?ref_src=twsrc%5Etfw\">February 1, 2026<\/a><\/p><\/blockquote>\n<p><script async src=\"https:\/\/platform.twitter.com\/widgets.js\" charset=\"utf-8\"><\/script><\/p>\n<h2 style=\"text-align: justify;\">La bataille pour la m\u00e9daille d&rsquo;argent a anim\u00e9 la course<\/h2>\n<p style=\"text-align: justify;\">Ensuite, on a assist\u00e9 \u00e0 un beau mano-\u00e0-mano pour la deuxi\u00e8me place entre <strong>del Grosso<\/strong> et <strong>Nys<\/strong>. Les autres coureurs \u00e9taient trop loin pour esp\u00e9rer quelque chose. Ainsi, exit les <strong>Lars van der Haar<\/strong>, qui disputait son dernier Championnat du monde avant sa retraite, <strong>Michael Vanthourenhout<\/strong> ou encore <strong>Joris Nieuwenhuis.<\/strong><\/p>\n<p style=\"text-align: justify;\">Puis, <strong>Thibau Nys<\/strong> a pris ses distances avec le N\u00e9erlandais lors du septi\u00e8me tour, mais <strong>Tibor del Grosso<\/strong> ne s&rsquo;avouait pas vaincu et revenait au contact au d\u00e9but du dernier tour. Avant de d\u00e9border le Belge d\u00e9finitivement pour offrir un doubl\u00e9 \u00e0 son pays. Le meilleur Fran\u00e7ais <strong>Martin Groslambert<\/strong> termine lui loin des d\u00e9bats, \u00e0 la 15\u00e8me place.<\/p>\n","protected":false},"excerpt":{"rendered":"<p>Encore largement au-dessus de ses rivaux, Mathieu van der Poel conserve son titre \u00e0 Hulst.<\/p>\n","protected":false},"author":92,"featured_media":643479,"comment_status":"open","ping_status":"closed","sticky":false,"template":"","format":"standard","meta":{"_acf_changed":false,"_daextam_enable_autolinks":"1","footnotes":""},"categories":[9611],"tags":[16878,9759,6597,24],"class_list":["post-643410","post","type-post","status-publish","format-standard","has-post-thumbnail","hentry","category-cyclo-cross","tag-breve","tag-championnats-du-monde-de-cyclo-cross","tag-mathieu-van-der-poel","tag-sport"],"acf":[],"yoast_head":"<!-- This site is optimized with the Yoast SEO Premium plugin v26.7 (Yoast SEO v26.7) - https:\/\/yoast.com\/wordpress\/plugins\/seo\/ -->\n<title>Dans la l\u00e9gende : Mathieu van der Poel d\u00e9croche un 8\u00e8me titre mondial \u00e9lites en cyclo-cross !<\/title>\n<meta name=\"description\" content=\"Encore largement au-dessus de ses rivaux, Mathieu van der Poel conserve son titre de champion du monde de cyclo-cross \u00e0 Hulst.\" \/>\n<meta name=\"robots\" content=\"index, follow, max-snippet:-1, max-image-preview:large, max-video-preview:-1\" \/>\n<link rel=\"canonical\" href=\"https:\/\/dicodusport.fr\/blog\/dans-la-legende-mathieu-van-der-poel-decroche-un-8eme-titre-mondial-elites-en-cyclo-cross\/\" \/>\n<meta property=\"og:locale\" content=\"fr_FR\" \/>\n<meta property=\"og:type\" content=\"article\" \/>\n<meta property=\"og:title\" content=\"Dans la l\u00e9gende : Mathieu van der Poel d\u00e9croche un 8\u00e8me titre mondial \u00e9lites en cyclo-cross !\" \/>\n<meta property=\"og:description\" content=\"Encore largement au-dessus de ses rivaux, Mathieu van der Poel conserve son titre de champion du monde de cyclo-cross \u00e0 Hulst.\" \/>\n<meta property=\"og:url\" content=\"https:\/\/dicodusport.fr\/blog\/dans-la-legende-mathieu-van-der-poel-decroche-un-8eme-titre-mondial-elites-en-cyclo-cross\/\" \/>\n<meta property=\"og:site_name\" content=\"Dicodusport\" \/>\n<meta property=\"article:publisher\" content=\"https:\/\/www.facebook.com\/dicodusport\" \/>\n<meta property=\"article:published_time\" content=\"2026-02-01T15:13:31+00:00\" \/>\n<meta property=\"article:modified_time\" content=\"2026-02-01T18:58:09+00:00\" \/>\n<meta property=\"og:image\" content=\"https:\/\/dicodusport.fr\/blog\/wp-content\/uploads\/2026\/02\/Dans-la-legende-Mathieu-van-der-Poel-decroche-un-8eme-titre-mondial-elites-en-cyclo-cross-.png\" \/>\n\t<meta property=\"og:image:width\" content=\"1200\" \/>\n\t<meta property=\"og:image:height\" content=\"674\" \/>\n\t<meta property=\"og:image:type\" content=\"image\/png\" \/>\n<meta name=\"author\" content=\"Olivier Dobiezynski\" \/>\n<meta name=\"twitter:card\" content=\"summary_large_image\" \/>\n<meta name=\"twitter:creator\" content=\"@https:\/\/x.com\/Olivier_Matros\" \/>\n<meta name=\"twitter:site\" content=\"@dicodusport\" \/>\n<script type=\"application\/ld+json\" class=\"yoast-schema-graph\">{\"@context\":\"https:\/\/schema.org\",\"@graph\":[{\"@type\":\"NewsArticle\",\"@id\":\"https:\/\/dicodusport.fr\/blog\/dans-la-legende-mathieu-van-der-poel-decroche-un-8eme-titre-mondial-elites-en-cyclo-cross\/#article\",\"isPartOf\":{\"@id\":\"https:\/\/dicodusport.fr\/blog\/dans-la-legende-mathieu-van-der-poel-decroche-un-8eme-titre-mondial-elites-en-cyclo-cross\/\"},\"author\":{\"name\":\"Olivier Dobiezynski\",\"@id\":\"https:\/\/dicodusport.fr\/blog\/#\/schema\/person\/fe500246414ca17ddf0c0312d7a792cc\"},\"headline\":\"Dans la l\u00e9gende : Mathieu van der Poel d\u00e9croche un 8\u00e8me titre mondial \u00e9lites en cyclo-cross !\",\"datePublished\":\"2026-02-01T15:13:31+00:00\",\"dateModified\":\"2026-02-01T18:58:09+00:00\",\"mainEntityOfPage\":{\"@id\":\"https:\/\/dicodusport.fr\/blog\/dans-la-legende-mathieu-van-der-poel-decroche-un-8eme-titre-mondial-elites-en-cyclo-cross\/\"},\"wordCount\":418,\"commentCount\":0,\"publisher\":{\"@id\":\"https:\/\/dicodusport.fr\/blog\/#organization\"},\"image\":{\"@id\":\"https:\/\/dicodusport.fr\/blog\/dans-la-legende-mathieu-van-der-poel-decroche-un-8eme-titre-mondial-elites-en-cyclo-cross\/#primaryimage\"},\"thumbnailUrl\":\"https:\/\/dicodusport.fr\/blog\/wp-content\/uploads\/2026\/02\/Dans-la-legende-Mathieu-van-der-Poel-decroche-un-8eme-titre-mondial-elites-en-cyclo-cross-.png\",\"keywords\":[\"br\u00e8ve\",\"Championnats du monde de Cyclo-cross\",\"Mathieu van der Poel\",\"sport\"],\"articleSection\":[\"Cyclo-cross\"],\"inLanguage\":\"fr-FR\",\"potentialAction\":[{\"@type\":\"CommentAction\",\"name\":\"Comment\",\"target\":[\"https:\/\/dicodusport.fr\/blog\/dans-la-legende-mathieu-van-der-poel-decroche-un-8eme-titre-mondial-elites-en-cyclo-cross\/#respond\"]}],\"copyrightYear\":\"2026\",\"copyrightHolder\":{\"@id\":\"https:\/\/dicodusport.fr\/blog\/#organization\"}},{\"@type\":\"WebPage\",\"@id\":\"https:\/\/dicodusport.fr\/blog\/dans-la-legende-mathieu-van-der-poel-decroche-un-8eme-titre-mondial-elites-en-cyclo-cross\/\",\"url\":\"https:\/\/dicodusport.fr\/blog\/dans-la-legende-mathieu-van-der-poel-decroche-un-8eme-titre-mondial-elites-en-cyclo-cross\/\",\"name\":\"Dans la l\u00e9gende : Mathieu van der Poel d\u00e9croche un 8\u00e8me titre mondial \u00e9lites en cyclo-cross !\",\"isPartOf\":{\"@id\":\"https:\/\/dicodusport.fr\/blog\/#website\"},\"primaryImageOfPage\":{\"@id\":\"https:\/\/dicodusport.fr\/blog\/dans-la-legende-mathieu-van-der-poel-decroche-un-8eme-titre-mondial-elites-en-cyclo-cross\/#primaryimage\"},\"image\":{\"@id\":\"https:\/\/dicodusport.fr\/blog\/dans-la-legende-mathieu-van-der-poel-decroche-un-8eme-titre-mondial-elites-en-cyclo-cross\/#primaryimage\"},\"thumbnailUrl\":\"https:\/\/dicodusport.fr\/blog\/wp-content\/uploads\/2026\/02\/Dans-la-legende-Mathieu-van-der-Poel-decroche-un-8eme-titre-mondial-elites-en-cyclo-cross-.png\",\"datePublished\":\"2026-02-01T15:13:31+00:00\",\"dateModified\":\"2026-02-01T18:58:09+00:00\",\"description\":\"Encore largement au-dessus de ses rivaux, Mathieu van der Poel conserve son titre de champion du monde de cyclo-cross \u00e0 Hulst.\",\"breadcrumb\":{\"@id\":\"https:\/\/dicodusport.fr\/blog\/dans-la-legende-mathieu-van-der-poel-decroche-un-8eme-titre-mondial-elites-en-cyclo-cross\/#breadcrumb\"},\"inLanguage\":\"fr-FR\",\"potentialAction\":[{\"@type\":\"ReadAction\",\"target\":[\"https:\/\/dicodusport.fr\/blog\/dans-la-legende-mathieu-van-der-poel-decroche-un-8eme-titre-mondial-elites-en-cyclo-cross\/\"]}]},{\"@type\":\"ImageObject\",\"inLanguage\":\"fr-FR\",\"@id\":\"https:\/\/dicodusport.fr\/blog\/dans-la-legende-mathieu-van-der-poel-decroche-un-8eme-titre-mondial-elites-en-cyclo-cross\/#primaryimage\",\"url\":\"https:\/\/dicodusport.fr\/blog\/wp-content\/uploads\/2026\/02\/Dans-la-legende-Mathieu-van-der-Poel-decroche-un-8eme-titre-mondial-elites-en-cyclo-cross-.png\",\"contentUrl\":\"https:\/\/dicodusport.fr\/blog\/wp-content\/uploads\/2026\/02\/Dans-la-legende-Mathieu-van-der-Poel-decroche-un-8eme-titre-mondial-elites-en-cyclo-cross-.png\",\"width\":1200,\"height\":674,\"caption\":\"Dans la l\u00e9gende Mathieu van der Poel d\u00e9croche un 8\u00e8me titre mondial \u00e9lites en cyclo-cross !\"},{\"@type\":\"BreadcrumbList\",\"@id\":\"https:\/\/dicodusport.fr\/blog\/dans-la-legende-mathieu-van-der-poel-decroche-un-8eme-titre-mondial-elites-en-cyclo-cross\/#breadcrumb\",\"itemListElement\":[{\"@type\":\"ListItem\",\"position\":1,\"name\":\"Accueil\",\"item\":\"https:\/\/dicodusport.fr\/blog\/\"},{\"@type\":\"ListItem\",\"position\":2,\"name\":\"Dans la l\u00e9gende : Mathieu van der Poel d\u00e9croche un 8\u00e8me titre mondial \u00e9lites en cyclo-cross !\"}]},{\"@type\":\"WebSite\",\"@id\":\"https:\/\/dicodusport.fr\/blog\/#website\",\"url\":\"https:\/\/dicodusport.fr\/blog\/\",\"name\":\"Dicodusport\",\"description\":\"L&#039;encyclop\u00e9die de l&#039;actualit\u00e9 sportive\",\"publisher\":{\"@id\":\"https:\/\/dicodusport.fr\/blog\/#organization\"},\"potentialAction\":[{\"@type\":\"SearchAction\",\"target\":{\"@type\":\"EntryPoint\",\"urlTemplate\":\"https:\/\/dicodusport.fr\/blog\/?s={search_term_string}\"},\"query-input\":{\"@type\":\"PropertyValueSpecification\",\"valueRequired\":true,\"valueName\":\"search_term_string\"}}],\"inLanguage\":\"fr-FR\"},{\"@type\":\"NewsMediaOrganization\",\"@id\":\"https:\/\/dicodusport.fr\/blog\/#organization\",\"name\":\"Dicodusport\",\"url\":\"https:\/\/dicodusport.fr\/blog\/\",\"logo\":{\"@type\":\"ImageObject\",\"inLanguage\":\"fr-FR\",\"@id\":\"https:\/\/dicodusport.fr\/blog\/#\/schema\/logo\/image\/\",\"url\":\"https:\/\/dicodusport.fr\/blog\/wp-content\/uploads\/2020\/06\/cropped-LOGO-DICODUSPORT-2020-SANS-FOND-SANS-TEXTE.png\",\"contentUrl\":\"https:\/\/dicodusport.fr\/blog\/wp-content\/uploads\/2020\/06\/cropped-LOGO-DICODUSPORT-2020-SANS-FOND-SANS-TEXTE.png\",\"width\":512,\"height\":512,\"caption\":\"Dicodusport\"},\"image\":{\"@id\":\"https:\/\/dicodusport.fr\/blog\/#\/schema\/logo\/image\/\"},\"sameAs\":[\"https:\/\/www.facebook.com\/dicodusport\",\"https:\/\/x.com\/dicodusport\",\"https:\/\/www.instagram.com\/dicodusport\/\",\"https:\/\/www.youtube.com\/channel\/UC7V2KZ5sd3htJivAbA4ZG3w\"],\"description\":\"Dicodusport est l'encyclop\u00e9die de l'actualit\u00e9 sportive.\",\"email\":\"bonjour@dicodusport.fr\",\"legalName\":\"DICODUSPORT\",\"foundingDate\":\"2018-01-14\",\"vatID\":\"FR71834470973\",\"taxID\":\"83447097300043\",\"numberOfEmployees\":{\"@type\":\"QuantitativeValue\",\"minValue\":\"1\",\"maxValue\":\"10\"}},{\"@type\":\"Person\",\"@id\":\"https:\/\/dicodusport.fr\/blog\/#\/schema\/person\/fe500246414ca17ddf0c0312d7a792cc\",\"name\":\"Olivier Dobiezynski\",\"image\":{\"@type\":\"ImageObject\",\"inLanguage\":\"fr-FR\",\"@id\":\"https:\/\/dicodusport.fr\/blog\/#\/schema\/person\/image\/\",\"url\":\"https:\/\/dicodusport.fr\/blog\/wp-content\/uploads\/2024\/09\/5be8fe8d-9962-4f1e-ad06-d6f9dee30e6d-150x150.jpg\",\"contentUrl\":\"https:\/\/dicodusport.fr\/blog\/wp-content\/uploads\/2024\/09\/5be8fe8d-9962-4f1e-ad06-d6f9dee30e6d-150x150.jpg\",\"caption\":\"Olivier Dobiezynski\"},\"description\":\"Depuis le milieu des ann\u00e9es 90, la passion du cyclisme m'anime. Mes h\u00e9ros s'appellent Luc Leblanc, Piotr Ugrumov, Paolo Savoldelli, Peter Sagan et bien \u00e9videmment Romain Bardet. R\u00e9dacteur depuis 2023, je suis ici pour partager cet amour de la Petite Reine. Vous pourrez me lire \u00e9galement sur du trail, du ski de fond et tout autre sujet susceptible d'\u00e9veiller ma curiosit\u00e9 sportive.\",\"sameAs\":[\"https:\/\/x.com\/https:\/\/x.com\/Olivier_Matros\"],\"url\":\"https:\/\/dicodusport.fr\/blog\/author\/olivier-gh\/\"}]}<\/script>\n<!-- \/ Yoast SEO Premium plugin. -->","yoast_head_json":{"title":"Dans la l\u00e9gende : Mathieu van der Poel d\u00e9croche un 8\u00e8me titre mondial \u00e9lites en cyclo-cross !","description":"Encore largement au-dessus de ses rivaux, Mathieu van der Poel conserve son titre de champion du monde de cyclo-cross \u00e0 Hulst.","robots":{"index":"index","follow":"follow","max-snippet":"max-snippet:-1","max-image-preview":"max-image-preview:large","max-video-preview":"max-video-preview:-1"},"canonical":"https:\/\/dicodusport.fr\/blog\/dans-la-legende-mathieu-van-der-poel-decroche-un-8eme-titre-mondial-elites-en-cyclo-cross\/","og_locale":"fr_FR","og_type":"article","og_title":"Dans la l\u00e9gende : Mathieu van der Poel d\u00e9croche un 8\u00e8me titre mondial \u00e9lites en cyclo-cross !","og_description":"Encore largement au-dessus de ses rivaux, Mathieu van der Poel conserve son titre de champion du monde de cyclo-cross \u00e0 Hulst.","og_url":"https:\/\/dicodusport.fr\/blog\/dans-la-legende-mathieu-van-der-poel-decroche-un-8eme-titre-mondial-elites-en-cyclo-cross\/","og_site_name":"Dicodusport","article_publisher":"https:\/\/www.facebook.com\/dicodusport","article_published_time":"2026-02-01T15:13:31+00:00","article_modified_time":"2026-02-01T18:58:09+00:00","og_image":[{"width":1200,"height":674,"url":"https:\/\/dicodusport.fr\/blog\/wp-content\/uploads\/2026\/02\/Dans-la-legende-Mathieu-van-der-Poel-decroche-un-8eme-titre-mondial-elites-en-cyclo-cross-.png","type":"image\/png"}],"author":"Olivier Dobiezynski","twitter_card":"summary_large_image","twitter_creator":"@https:\/\/x.com\/Olivier_Matros","twitter_site":"@dicodusport","schema":{"@context":"https:\/\/schema.org","@graph":[{"@type":"NewsArticle","@id":"https:\/\/dicodusport.fr\/blog\/dans-la-legende-mathieu-van-der-poel-decroche-un-8eme-titre-mondial-elites-en-cyclo-cross\/#article","isPartOf":{"@id":"https:\/\/dicodusport.fr\/blog\/dans-la-legende-mathieu-van-der-poel-decroche-un-8eme-titre-mondial-elites-en-cyclo-cross\/"},"author":{"name":"Olivier Dobiezynski","@id":"https:\/\/dicodusport.fr\/blog\/#\/schema\/person\/fe500246414ca17ddf0c0312d7a792cc"},"headline":"Dans la l\u00e9gende : Mathieu van der Poel d\u00e9croche un 8\u00e8me titre mondial \u00e9lites en cyclo-cross !","datePublished":"2026-02-01T15:13:31+00:00","dateModified":"2026-02-01T18:58:09+00:00","mainEntityOfPage":{"@id":"https:\/\/dicodusport.fr\/blog\/dans-la-legende-mathieu-van-der-poel-decroche-un-8eme-titre-mondial-elites-en-cyclo-cross\/"},"wordCount":418,"commentCount":0,"publisher":{"@id":"https:\/\/dicodusport.fr\/blog\/#organization"},"image":{"@id":"https:\/\/dicodusport.fr\/blog\/dans-la-legende-mathieu-van-der-poel-decroche-un-8eme-titre-mondial-elites-en-cyclo-cross\/#primaryimage"},"thumbnailUrl":"https:\/\/dicodusport.fr\/blog\/wp-content\/uploads\/2026\/02\/Dans-la-legende-Mathieu-van-der-Poel-decroche-un-8eme-titre-mondial-elites-en-cyclo-cross-.png","keywords":["br\u00e8ve","Championnats du monde de Cyclo-cross","Mathieu van der Poel","sport"],"articleSection":["Cyclo-cross"],"inLanguage":"fr-FR","potentialAction":[{"@type":"CommentAction","name":"Comment","target":["https:\/\/dicodusport.fr\/blog\/dans-la-legende-mathieu-van-der-poel-decroche-un-8eme-titre-mondial-elites-en-cyclo-cross\/#respond"]}],"copyrightYear":"2026","copyrightHolder":{"@id":"https:\/\/dicodusport.fr\/blog\/#organization"}},{"@type":"WebPage","@id":"https:\/\/dicodusport.fr\/blog\/dans-la-legende-mathieu-van-der-poel-decroche-un-8eme-titre-mondial-elites-en-cyclo-cross\/","url":"https:\/\/dicodusport.fr\/blog\/dans-la-legende-mathieu-van-der-poel-decroche-un-8eme-titre-mondial-elites-en-cyclo-cross\/","name":"Dans la l\u00e9gende : Mathieu van der Poel d\u00e9croche un 8\u00e8me titre mondial \u00e9lites en cyclo-cross !","isPartOf":{"@id":"https:\/\/dicodusport.fr\/blog\/#website"},"primaryImageOfPage":{"@id":"https:\/\/dicodusport.fr\/blog\/dans-la-legende-mathieu-van-der-poel-decroche-un-8eme-titre-mondial-elites-en-cyclo-cross\/#primaryimage"},"image":{"@id":"https:\/\/dicodusport.fr\/blog\/dans-la-legende-mathieu-van-der-poel-decroche-un-8eme-titre-mondial-elites-en-cyclo-cross\/#primaryimage"},"thumbnailUrl":"https:\/\/dicodusport.fr\/blog\/wp-content\/uploads\/2026\/02\/Dans-la-legende-Mathieu-van-der-Poel-decroche-un-8eme-titre-mondial-elites-en-cyclo-cross-.png","datePublished":"2026-02-01T15:13:31+00:00","dateModified":"2026-02-01T18:58:09+00:00","description":"Encore largement au-dessus de ses rivaux, Mathieu van der Poel conserve son titre de champion du monde de cyclo-cross \u00e0 Hulst.","breadcrumb":{"@id":"https:\/\/dicodusport.fr\/blog\/dans-la-legende-mathieu-van-der-poel-decroche-un-8eme-titre-mondial-elites-en-cyclo-cross\/#breadcrumb"},"inLanguage":"fr-FR","potentialAction":[{"@type":"ReadAction","target":["https:\/\/dicodusport.fr\/blog\/dans-la-legende-mathieu-van-der-poel-decroche-un-8eme-titre-mondial-elites-en-cyclo-cross\/"]}]},{"@type":"ImageObject","inLanguage":"fr-FR","@id":"https:\/\/dicodusport.fr\/blog\/dans-la-legende-mathieu-van-der-poel-decroche-un-8eme-titre-mondial-elites-en-cyclo-cross\/#primaryimage","url":"https:\/\/dicodusport.fr\/blog\/wp-content\/uploads\/2026\/02\/Dans-la-legende-Mathieu-van-der-Poel-decroche-un-8eme-titre-mondial-elites-en-cyclo-cross-.png","contentUrl":"https:\/\/dicodusport.fr\/blog\/wp-content\/uploads\/2026\/02\/Dans-la-legende-Mathieu-van-der-Poel-decroche-un-8eme-titre-mondial-elites-en-cyclo-cross-.png","width":1200,"height":674,"caption":"Dans la l\u00e9gende Mathieu van der Poel d\u00e9croche un 8\u00e8me titre mondial \u00e9lites en cyclo-cross !"},{"@type":"BreadcrumbList","@id":"https:\/\/dicodusport.fr\/blog\/dans-la-legende-mathieu-van-der-poel-decroche-un-8eme-titre-mondial-elites-en-cyclo-cross\/#breadcrumb","itemListElement":[{"@type":"ListItem","position":1,"name":"Accueil","item":"https:\/\/dicodusport.fr\/blog\/"},{"@type":"ListItem","position":2,"name":"Dans la l\u00e9gende : Mathieu van der Poel d\u00e9croche un 8\u00e8me titre mondial \u00e9lites en cyclo-cross !"}]},{"@type":"WebSite","@id":"https:\/\/dicodusport.fr\/blog\/#website","url":"https:\/\/dicodusport.fr\/blog\/","name":"Dicodusport","description":"L&#039;encyclop\u00e9die de l&#039;actualit\u00e9 sportive","publisher":{"@id":"https:\/\/dicodusport.fr\/blog\/#organization"},"potentialAction":[{"@type":"SearchAction","target":{"@type":"EntryPoint","urlTemplate":"https:\/\/dicodusport.fr\/blog\/?s={search_term_string}"},"query-input":{"@type":"PropertyValueSpecification","valueRequired":true,"valueName":"search_term_string"}}],"inLanguage":"fr-FR"},{"@type":"NewsMediaOrganization","@id":"https:\/\/dicodusport.fr\/blog\/#organization","name":"Dicodusport","url":"https:\/\/dicodusport.fr\/blog\/","logo":{"@type":"ImageObject","inLanguage":"fr-FR","@id":"https:\/\/dicodusport.fr\/blog\/#\/schema\/logo\/image\/","url":"https:\/\/dicodusport.fr\/blog\/wp-content\/uploads\/2020\/06\/cropped-LOGO-DICODUSPORT-2020-SANS-FOND-SANS-TEXTE.png","contentUrl":"https:\/\/dicodusport.fr\/blog\/wp-content\/uploads\/2020\/06\/cropped-LOGO-DICODUSPORT-2020-SANS-FOND-SANS-TEXTE.png","width":512,"height":512,"caption":"Dicodusport"},"image":{"@id":"https:\/\/dicodusport.fr\/blog\/#\/schema\/logo\/image\/"},"sameAs":["https:\/\/www.facebook.com\/dicodusport","https:\/\/x.com\/dicodusport","https:\/\/www.instagram.com\/dicodusport\/","https:\/\/www.youtube.com\/channel\/UC7V2KZ5sd3htJivAbA4ZG3w"],"description":"Dicodusport est l'encyclop\u00e9die de l'actualit\u00e9 sportive.","email":"bonjour@dicodusport.fr","legalName":"DICODUSPORT","foundingDate":"2018-01-14","vatID":"FR71834470973","taxID":"83447097300043","numberOfEmployees":{"@type":"QuantitativeValue","minValue":"1","maxValue":"10"}},{"@type":"Person","@id":"https:\/\/dicodusport.fr\/blog\/#\/schema\/person\/fe500246414ca17ddf0c0312d7a792cc","name":"Olivier Dobiezynski","image":{"@type":"ImageObject","inLanguage":"fr-FR","@id":"https:\/\/dicodusport.fr\/blog\/#\/schema\/person\/image\/","url":"https:\/\/dicodusport.fr\/blog\/wp-content\/uploads\/2024\/09\/5be8fe8d-9962-4f1e-ad06-d6f9dee30e6d-150x150.jpg","contentUrl":"https:\/\/dicodusport.fr\/blog\/wp-content\/uploads\/2024\/09\/5be8fe8d-9962-4f1e-ad06-d6f9dee30e6d-150x150.jpg","caption":"Olivier Dobiezynski"},"description":"Depuis le milieu des ann\u00e9es 90, la passion du cyclisme m'anime. Mes h\u00e9ros s'appellent Luc Leblanc, Piotr Ugrumov, Paolo Savoldelli, Peter Sagan et bien \u00e9videmment Romain Bardet. R\u00e9dacteur depuis 2023, je suis ici pour partager cet amour de la Petite Reine. Vous pourrez me lire \u00e9galement sur du trail, du ski de fond et tout autre sujet susceptible d'\u00e9veiller ma curiosit\u00e9 sportive.","sameAs":["https:\/\/x.com\/https:\/\/x.com\/Olivier_Matros"],"url":"https:\/\/dicodusport.fr\/blog\/author\/olivier-gh\/"}]}},"_links":{"self":[{"href":"https:\/\/dicodusport.fr\/blog\/wp-json\/wp\/v2\/posts\/643410","targetHints":{"allow":["GET"]}}],"collection":[{"href":"https:\/\/dicodusport.fr\/blog\/wp-json\/wp\/v2\/posts"}],"about":[{"href":"https:\/\/dicodusport.fr\/blog\/wp-json\/wp\/v2\/types\/post"}],"author":[{"embeddable":true,"href":"https:\/\/dicodusport.fr\/blog\/wp-json\/wp\/v2\/users\/92"}],"replies":[{"embeddable":true,"href":"https:\/\/dicodusport.fr\/blog\/wp-json\/wp\/v2\/comments?post=643410"}],"version-history":[{"count":6,"href":"https:\/\/dicodusport.fr\/blog\/wp-json\/wp\/v2\/posts\/643410\/revisions"}],"predecessor-version":[{"id":643523,"href":"https:\/\/dicodusport.fr\/blog\/wp-json\/wp\/v2\/posts\/643410\/revisions\/643523"}],"wp:featuredmedia":[{"embeddable":true,"href":"https:\/\/dicodusport.fr\/blog\/wp-json\/wp\/v2\/media\/643479"}],"wp:attachment":[{"href":"https:\/\/dicodusport.fr\/blog\/wp-json\/wp\/v2\/media?parent=643410"}],"wp:term":[{"taxonomy":"category","embeddable":true,"href":"https:\/\/dicodusport.fr\/blog\/wp-json\/wp\/v2\/categories?post=643410"},{"taxonomy":"post_tag","embeddable":true,"href":"https:\/\/dicodusport.fr\/blog\/wp-json\/wp\/v2\/tags?post=643410"}],"curies":[{"name":"wp","href":"https:\/\/api.w.org\/{rel}","templated":true}]}}