{"id":64343,"date":"2020-04-02T17:35:43","date_gmt":"2020-04-02T15:35:43","guid":{"rendered":"http:\/\/dicodusport.fr\/blog\/?p=64343&#038;preview=true&#038;preview_id=64343"},"modified":"2020-05-15T19:01:05","modified_gmt":"2020-05-15T17:01:05","slug":"video-jour-julien-absalon-conquis-deuxieme-titre-olympique-vtt","status":"publish","type":"post","link":"https:\/\/dicodusport.fr\/blog\/video-jour-julien-absalon-conquis-deuxieme-titre-olympique-vtt\/","title":{"rendered":"[Vid\u00e9o] Le jour o\u00f9 Julien Absalon a conquis un deuxi\u00e8me titre olympique en VTT"},"content":{"rendered":"<p style=\"text-align: justify;\"><strong><em><a href=\"https:\/\/dicodusport.fr\/blog\/tag\/vtt\/\" target=\"_blank\" rel=\"noopener noreferrer\">VTT<\/a> &#8211; Le 23 ao\u00fbt 2008, Julien Absalon remportait son deuxi\u00e8me titre olympique cons\u00e9cutif en VTT cross-country, \u00e0 P\u00e9kin. Un deuxi\u00e8me sacre synonyme de d\u00e9monstration.<\/em><\/strong><\/p>\n<p style=\"text-align: justify;\"><strong>P\u00e9kin 2008<\/strong>. Quatre ans apr\u00e8s son premier sacre olympique glan\u00e9 \u00e0 Ath\u00e8nes \u00e0 tout juste 23 ans, <strong>Julien Absalon<\/strong> remettait son titre en jeu sur le site de Laoshan. Depuis son \u00e9pop\u00e9e grecque, le Vosgien a tout rafl\u00e9, ou presque, avec quatre titres mondiaux, une m\u00e9daille d&rsquo;or europ\u00e9enne et deux premi\u00e8res places au classement g\u00e9n\u00e9ral de la Coupe du monde. Ainsi, le natif de Remiremont \u00e9tait sur une autre plan\u00e8te.<\/p>\n<h2 style=\"text-align: justify;\">Julien Absalon \u00e0 son apog\u00e9e<\/h2>\n<p style=\"text-align: justify;\">Dans la peau d&rsquo;immense favori, <strong>Julien Absalon<\/strong> ne fait pas dans le d\u00e9tail. En effet, presque seul au monde, le v\u00e9t\u00e9tiste tricolore surclassait la concurrence. Il devan\u00e7ait sur la ligne un certain <strong>Jean-Christophe P\u00e9raud<\/strong> (+1&rsquo;07), futur deuxi\u00e8me du <strong>Tour de France<\/strong> en 2014, pour un doubl\u00e9 fran\u00e7ais. Troisi\u00e8me, le Suisse <strong>Nino Schurter<\/strong> (+1&rsquo;53), futur grand rival du Tricolore, 21 ans \u00e0 l&rsquo;\u00e9poque.<\/p>\n<p>https:\/\/www.youtube.com\/watch?v=78GfG1ecPSk<\/p>\n<p style=\"text-align: justify;\">De nouveau grand favori en 2012 \u00e0 Londres mais contraint \u00e0 l&rsquo;abandon, <strong>Julien Absalon<\/strong> prenait la 8\u00e8me place \u00e0 Rio en 2016. Pas de tripl\u00e9 olympique, mais une carri\u00e8re fantastique : en plus de ses deux sacres olympiques, <strong>cinq titres mondiaux et europ\u00e9ens<\/strong>, ainsi que <strong>sept victoires au classement g\u00e9n\u00e9ral de la Coupe du monde<\/strong>. L&rsquo;un des plus beaux palmar\u00e8s du sport fran\u00e7ais, indiscutablement.<\/p>\n<p><strong><em>Dicodusport<br \/>\n<a href=\"https:\/\/www.facebook.com\/dicodusport\/\" target=\"_blank\" rel=\"noopener noreferrer\"><img loading=\"lazy\" decoding=\"async\" class=\"alignnone wp-image-2909\" src=\"http:\/\/dicodusport.fr\/blog\/wp-content\/uploads\/2017\/07\/logo-facebook-150x150.png\" alt=\"\" width=\"40\" height=\"40\" \/><\/a><a href=\"https:\/\/twitter.com\/dicodusport\" target=\"_blank\" rel=\"noopener noreferrer\"><img loading=\"lazy\" decoding=\"async\" class=\"alignnone wp-image-2908\" src=\"http:\/\/dicodusport.fr\/blog\/wp-content\/uploads\/2017\/07\/logo-twitter-150x150.png\" alt=\"\" width=\"39\" height=\"39\" \/><\/a><\/em><\/strong><\/p>\n","protected":false},"excerpt":{"rendered":"<p>VTT &#8211; Le 23 ao\u00fbt 2008, Julien Absalon remportait son deuxi\u00e8me titre olympique cons\u00e9cutif en VTT cross-country, \u00e0 P\u00e9kin. Un deuxi\u00e8me sacre synonyme de d\u00e9monstration.<\/p>\n","protected":false},"author":4,"featured_media":64344,"comment_status":"open","ping_status":"closed","sticky":false,"template":"","format":"standard","meta":{"_acf_changed":false,"_daextam_enable_autolinks":"","footnotes":""},"categories":[8,10279],"tags":[24,4111],"class_list":["post-64343","post","type-post","status-publish","format-standard","has-post-thumbnail","hentry","category-histoire","category-vtt","tag-sport","tag-vtt-cross-country"],"acf":[],"yoast_head":"<!-- This site is optimized with the Yoast SEO Premium plugin v26.7 (Yoast SEO v26.7) - https:\/\/yoast.com\/wordpress\/plugins\/seo\/ -->\n<title>[Vid\u00e9o] Le jour o\u00f9 Julien Absalon a conquis un deuxi\u00e8me titre olympique en VTT<\/title>\n<meta name=\"description\" content=\"VTT - Le 23 ao\u00fbt 2008, le Fran\u00e7ais Julien Absalon remportait son deuxi\u00e8me titre olympique cons\u00e9cutif en VTT cross-country, \u00e0 P\u00e9kin.\" \/>\n<meta name=\"robots\" content=\"index, follow, max-snippet:-1, max-image-preview:large, max-video-preview:-1\" \/>\n<link rel=\"canonical\" href=\"https:\/\/dicodusport.fr\/blog\/video-jour-julien-absalon-conquis-deuxieme-titre-olympique-vtt\/\" \/>\n<meta property=\"og:locale\" content=\"fr_FR\" \/>\n<meta property=\"og:type\" content=\"article\" \/>\n<meta property=\"og:title\" content=\"[Vid\u00e9o] Le jour o\u00f9 Julien Absalon a conquis un deuxi\u00e8me titre olympique en VTT\" \/>\n<meta property=\"og:description\" content=\"VTT - Le 23 ao\u00fbt 2008, le Fran\u00e7ais Julien Absalon remportait son deuxi\u00e8me titre olympique cons\u00e9cutif en VTT cross-country, \u00e0 P\u00e9kin.\" \/>\n<meta property=\"og:url\" content=\"https:\/\/dicodusport.fr\/blog\/video-jour-julien-absalon-conquis-deuxieme-titre-olympique-vtt\/\" \/>\n<meta property=\"og:site_name\" content=\"Dicodusport\" \/>\n<meta property=\"article:publisher\" content=\"https:\/\/www.facebook.com\/dicodusport\" \/>\n<meta property=\"article:author\" content=\"https:\/\/www.facebook.com\/florent.ostermann\" \/>\n<meta property=\"article:published_time\" content=\"2020-04-02T15:35:43+00:00\" \/>\n<meta property=\"article:modified_time\" content=\"2020-05-15T17:01:05+00:00\" \/>\n<meta property=\"og:image\" content=\"https:\/\/dicodusport.fr\/blog\/wp-content\/uploads\/2020\/04\/Vid\u00e9o-Le-jour-o\u00f9-Julien-Absalon-a-conquis-un-deuxi\u00e8me-titre-olympique-en-VTT.png\" \/>\n\t<meta property=\"og:image:width\" content=\"800\" \/>\n\t<meta property=\"og:image:height\" content=\"445\" \/>\n\t<meta property=\"og:image:type\" content=\"image\/png\" \/>\n<meta name=\"author\" content=\"Flo Ostermann\" \/>\n<meta name=\"twitter:card\" content=\"summary_large_image\" \/>\n<meta name=\"twitter:title\" content=\"[Vid\u00e9o] Le jour o\u00f9 Julien Absalon a conquis un deuxi\u00e8me titre olympique en VTT\" \/>\n<meta name=\"twitter:creator\" content=\"@https:\/\/twitter.com\/FlOstermann\" \/>\n<meta name=\"twitter:site\" content=\"@dicodusport\" \/>\n<script type=\"application\/ld+json\" class=\"yoast-schema-graph\">{\"@context\":\"https:\/\/schema.org\",\"@graph\":[{\"@type\":\"NewsArticle\",\"@id\":\"https:\/\/dicodusport.fr\/blog\/video-jour-julien-absalon-conquis-deuxieme-titre-olympique-vtt\/#article\",\"isPartOf\":{\"@id\":\"https:\/\/dicodusport.fr\/blog\/video-jour-julien-absalon-conquis-deuxieme-titre-olympique-vtt\/\"},\"author\":{\"name\":\"Flo Ostermann\",\"@id\":\"https:\/\/dicodusport.fr\/blog\/#\/schema\/person\/cb02af4c173ce4a653b55e9baf388d4a\"},\"headline\":\"[Vid\u00e9o] Le jour o\u00f9 Julien Absalon a conquis un deuxi\u00e8me titre olympique en VTT\",\"datePublished\":\"2020-04-02T15:35:43+00:00\",\"dateModified\":\"2020-05-15T17:01:05+00:00\",\"mainEntityOfPage\":{\"@id\":\"https:\/\/dicodusport.fr\/blog\/video-jour-julien-absalon-conquis-deuxieme-titre-olympique-vtt\/\"},\"wordCount\":268,\"commentCount\":0,\"publisher\":{\"@id\":\"https:\/\/dicodusport.fr\/blog\/#organization\"},\"image\":{\"@id\":\"https:\/\/dicodusport.fr\/blog\/video-jour-julien-absalon-conquis-deuxieme-titre-olympique-vtt\/#primaryimage\"},\"thumbnailUrl\":\"https:\/\/dicodusport.fr\/blog\/wp-content\/uploads\/2020\/04\/Vid\u00e9o-Le-jour-o\u00f9-Julien-Absalon-a-conquis-un-deuxi\u00e8me-titre-olympique-en-VTT.png\",\"keywords\":[\"sport\",\"VTT cross country\"],\"articleSection\":[\"Histoire\",\"VTT\"],\"inLanguage\":\"fr-FR\",\"potentialAction\":[{\"@type\":\"CommentAction\",\"name\":\"Comment\",\"target\":[\"https:\/\/dicodusport.fr\/blog\/video-jour-julien-absalon-conquis-deuxieme-titre-olympique-vtt\/#respond\"]}],\"copyrightYear\":\"2020\",\"copyrightHolder\":{\"@id\":\"https:\/\/dicodusport.fr\/blog\/#organization\"}},{\"@type\":\"WebPage\",\"@id\":\"https:\/\/dicodusport.fr\/blog\/video-jour-julien-absalon-conquis-deuxieme-titre-olympique-vtt\/\",\"url\":\"https:\/\/dicodusport.fr\/blog\/video-jour-julien-absalon-conquis-deuxieme-titre-olympique-vtt\/\",\"name\":\"[Vid\u00e9o] Le jour o\u00f9 Julien Absalon a conquis un deuxi\u00e8me titre olympique en VTT\",\"isPartOf\":{\"@id\":\"https:\/\/dicodusport.fr\/blog\/#website\"},\"primaryImageOfPage\":{\"@id\":\"https:\/\/dicodusport.fr\/blog\/video-jour-julien-absalon-conquis-deuxieme-titre-olympique-vtt\/#primaryimage\"},\"image\":{\"@id\":\"https:\/\/dicodusport.fr\/blog\/video-jour-julien-absalon-conquis-deuxieme-titre-olympique-vtt\/#primaryimage\"},\"thumbnailUrl\":\"https:\/\/dicodusport.fr\/blog\/wp-content\/uploads\/2020\/04\/Vid\u00e9o-Le-jour-o\u00f9-Julien-Absalon-a-conquis-un-deuxi\u00e8me-titre-olympique-en-VTT.png\",\"datePublished\":\"2020-04-02T15:35:43+00:00\",\"dateModified\":\"2020-05-15T17:01:05+00:00\",\"description\":\"VTT - Le 23 ao\u00fbt 2008, le Fran\u00e7ais Julien Absalon remportait son deuxi\u00e8me titre olympique cons\u00e9cutif en VTT cross-country, \u00e0 P\u00e9kin.\",\"breadcrumb\":{\"@id\":\"https:\/\/dicodusport.fr\/blog\/video-jour-julien-absalon-conquis-deuxieme-titre-olympique-vtt\/#breadcrumb\"},\"inLanguage\":\"fr-FR\",\"potentialAction\":[{\"@type\":\"ReadAction\",\"target\":[\"https:\/\/dicodusport.fr\/blog\/video-jour-julien-absalon-conquis-deuxieme-titre-olympique-vtt\/\"]}]},{\"@type\":\"ImageObject\",\"inLanguage\":\"fr-FR\",\"@id\":\"https:\/\/dicodusport.fr\/blog\/video-jour-julien-absalon-conquis-deuxieme-titre-olympique-vtt\/#primaryimage\",\"url\":\"https:\/\/dicodusport.fr\/blog\/wp-content\/uploads\/2020\/04\/Vid\u00e9o-Le-jour-o\u00f9-Julien-Absalon-a-conquis-un-deuxi\u00e8me-titre-olympique-en-VTT.png\",\"contentUrl\":\"https:\/\/dicodusport.fr\/blog\/wp-content\/uploads\/2020\/04\/Vid\u00e9o-Le-jour-o\u00f9-Julien-Absalon-a-conquis-un-deuxi\u00e8me-titre-olympique-en-VTT.png\",\"width\":800,\"height\":445,\"caption\":\"[Vid\u00e9o] Le jour o\u00f9 Julien Absalon a conquis un deuxi\u00e8me titre olympique en VTT\"},{\"@type\":\"BreadcrumbList\",\"@id\":\"https:\/\/dicodusport.fr\/blog\/video-jour-julien-absalon-conquis-deuxieme-titre-olympique-vtt\/#breadcrumb\",\"itemListElement\":[{\"@type\":\"ListItem\",\"position\":1,\"name\":\"Accueil\",\"item\":\"https:\/\/dicodusport.fr\/blog\/\"},{\"@type\":\"ListItem\",\"position\":2,\"name\":\"[Vid\u00e9o] Le jour o\u00f9 Julien Absalon a conquis un deuxi\u00e8me titre olympique en VTT\"}]},{\"@type\":\"WebSite\",\"@id\":\"https:\/\/dicodusport.fr\/blog\/#website\",\"url\":\"https:\/\/dicodusport.fr\/blog\/\",\"name\":\"Dicodusport\",\"description\":\"L&#039;encyclop\u00e9die de l&#039;actualit\u00e9 sportive\",\"publisher\":{\"@id\":\"https:\/\/dicodusport.fr\/blog\/#organization\"},\"potentialAction\":[{\"@type\":\"SearchAction\",\"target\":{\"@type\":\"EntryPoint\",\"urlTemplate\":\"https:\/\/dicodusport.fr\/blog\/?s={search_term_string}\"},\"query-input\":{\"@type\":\"PropertyValueSpecification\",\"valueRequired\":true,\"valueName\":\"search_term_string\"}}],\"inLanguage\":\"fr-FR\"},{\"@type\":\"NewsMediaOrganization\",\"@id\":\"https:\/\/dicodusport.fr\/blog\/#organization\",\"name\":\"Dicodusport\",\"url\":\"https:\/\/dicodusport.fr\/blog\/\",\"logo\":{\"@type\":\"ImageObject\",\"inLanguage\":\"fr-FR\",\"@id\":\"https:\/\/dicodusport.fr\/blog\/#\/schema\/logo\/image\/\",\"url\":\"https:\/\/dicodusport.fr\/blog\/wp-content\/uploads\/2020\/06\/cropped-LOGO-DICODUSPORT-2020-SANS-FOND-SANS-TEXTE.png\",\"contentUrl\":\"https:\/\/dicodusport.fr\/blog\/wp-content\/uploads\/2020\/06\/cropped-LOGO-DICODUSPORT-2020-SANS-FOND-SANS-TEXTE.png\",\"width\":512,\"height\":512,\"caption\":\"Dicodusport\"},\"image\":{\"@id\":\"https:\/\/dicodusport.fr\/blog\/#\/schema\/logo\/image\/\"},\"sameAs\":[\"https:\/\/www.facebook.com\/dicodusport\",\"https:\/\/x.com\/dicodusport\",\"https:\/\/www.instagram.com\/dicodusport\/\",\"https:\/\/www.youtube.com\/channel\/UC7V2KZ5sd3htJivAbA4ZG3w\"],\"description\":\"Dicodusport est l'encyclop\u00e9die de l'actualit\u00e9 sportive.\",\"email\":\"bonjour@dicodusport.fr\",\"legalName\":\"DICODUSPORT\",\"foundingDate\":\"2018-01-14\",\"vatID\":\"FR71834470973\",\"taxID\":\"83447097300043\",\"numberOfEmployees\":{\"@type\":\"QuantitativeValue\",\"minValue\":\"1\",\"maxValue\":\"10\"}},{\"@type\":\"Person\",\"@id\":\"https:\/\/dicodusport.fr\/blog\/#\/schema\/person\/cb02af4c173ce4a653b55e9baf388d4a\",\"name\":\"Flo Ostermann\",\"image\":{\"@type\":\"ImageObject\",\"inLanguage\":\"fr-FR\",\"@id\":\"https:\/\/dicodusport.fr\/blog\/#\/schema\/person\/image\/\",\"url\":\"https:\/\/dicodusport.fr\/blog\/wp-content\/uploads\/2021\/05\/Flo-Ostermann-150x150.jpg\",\"contentUrl\":\"https:\/\/dicodusport.fr\/blog\/wp-content\/uploads\/2021\/05\/Flo-Ostermann-150x150.jpg\",\"caption\":\"Flo Ostermann\"},\"description\":\"Journaliste\/R\u00e9dacteur depuis septembre 2015 - Mes premiers souvenirs dans le sport ? Les envol\u00e9es du Stade Toulousain et les duels Villeneuve-Schumacher et H\u00e4kkinen-Schumacher \u00e0 la fin des ann\u00e9es 90, la Coupe du monde de football en 1998, l\u2019exploit du XV de France face aux All Blacks en 1999, mais aussi Richard C\u0153ur de Lion qui vole sur les montagnes du Tour de France. Bien parti pour devenir professeur d\u2019EPS, les \u00e9v\u00e9nements de la vie (et la flemme d\u2019animer des s\u00e9ances de 3x500 m\u00e8tres toute ma vie) m\u2019ont conduit \u00e0 revoir mes plans. Me voil\u00e0 depuis fin 2017 sur Dicodusport, m\u00e9dia gr\u00e2ce (et pour) lequel je partage ma passion : le sport dans tous ses \u00e9tats. Le tout accompagn\u00e9 par les fous furieux et folles furieuses cit\u00e9s sur cette page !\",\"sameAs\":[\"https:\/\/www.facebook.com\/florent.ostermann\",\"https:\/\/x.com\/https:\/\/twitter.com\/FlOstermann\",\"admin\"],\"url\":\"https:\/\/dicodusport.fr\/blog\/author\/flo\/\"}]}<\/script>\n<!-- \/ Yoast SEO Premium plugin. -->","yoast_head_json":{"title":"[Vid\u00e9o] Le jour o\u00f9 Julien Absalon a conquis un deuxi\u00e8me titre olympique en VTT","description":"VTT - Le 23 ao\u00fbt 2008, le Fran\u00e7ais Julien Absalon remportait son deuxi\u00e8me titre olympique cons\u00e9cutif en VTT cross-country, \u00e0 P\u00e9kin.","robots":{"index":"index","follow":"follow","max-snippet":"max-snippet:-1","max-image-preview":"max-image-preview:large","max-video-preview":"max-video-preview:-1"},"canonical":"https:\/\/dicodusport.fr\/blog\/video-jour-julien-absalon-conquis-deuxieme-titre-olympique-vtt\/","og_locale":"fr_FR","og_type":"article","og_title":"[Vid\u00e9o] Le jour o\u00f9 Julien Absalon a conquis un deuxi\u00e8me titre olympique en VTT","og_description":"VTT - Le 23 ao\u00fbt 2008, le Fran\u00e7ais Julien Absalon remportait son deuxi\u00e8me titre olympique cons\u00e9cutif en VTT cross-country, \u00e0 P\u00e9kin.","og_url":"https:\/\/dicodusport.fr\/blog\/video-jour-julien-absalon-conquis-deuxieme-titre-olympique-vtt\/","og_site_name":"Dicodusport","article_publisher":"https:\/\/www.facebook.com\/dicodusport","article_author":"https:\/\/www.facebook.com\/florent.ostermann","article_published_time":"2020-04-02T15:35:43+00:00","article_modified_time":"2020-05-15T17:01:05+00:00","og_image":[{"width":800,"height":445,"url":"https:\/\/dicodusport.fr\/blog\/wp-content\/uploads\/2020\/04\/Vid\u00e9o-Le-jour-o\u00f9-Julien-Absalon-a-conquis-un-deuxi\u00e8me-titre-olympique-en-VTT.png","type":"image\/png"}],"author":"Flo Ostermann","twitter_card":"summary_large_image","twitter_title":"[Vid\u00e9o] Le jour o\u00f9 Julien Absalon a conquis un deuxi\u00e8me titre olympique en VTT","twitter_creator":"@https:\/\/twitter.com\/FlOstermann","twitter_site":"@dicodusport","schema":{"@context":"https:\/\/schema.org","@graph":[{"@type":"NewsArticle","@id":"https:\/\/dicodusport.fr\/blog\/video-jour-julien-absalon-conquis-deuxieme-titre-olympique-vtt\/#article","isPartOf":{"@id":"https:\/\/dicodusport.fr\/blog\/video-jour-julien-absalon-conquis-deuxieme-titre-olympique-vtt\/"},"author":{"name":"Flo Ostermann","@id":"https:\/\/dicodusport.fr\/blog\/#\/schema\/person\/cb02af4c173ce4a653b55e9baf388d4a"},"headline":"[Vid\u00e9o] Le jour o\u00f9 Julien Absalon a conquis un deuxi\u00e8me titre olympique en VTT","datePublished":"2020-04-02T15:35:43+00:00","dateModified":"2020-05-15T17:01:05+00:00","mainEntityOfPage":{"@id":"https:\/\/dicodusport.fr\/blog\/video-jour-julien-absalon-conquis-deuxieme-titre-olympique-vtt\/"},"wordCount":268,"commentCount":0,"publisher":{"@id":"https:\/\/dicodusport.fr\/blog\/#organization"},"image":{"@id":"https:\/\/dicodusport.fr\/blog\/video-jour-julien-absalon-conquis-deuxieme-titre-olympique-vtt\/#primaryimage"},"thumbnailUrl":"https:\/\/dicodusport.fr\/blog\/wp-content\/uploads\/2020\/04\/Vid\u00e9o-Le-jour-o\u00f9-Julien-Absalon-a-conquis-un-deuxi\u00e8me-titre-olympique-en-VTT.png","keywords":["sport","VTT cross country"],"articleSection":["Histoire","VTT"],"inLanguage":"fr-FR","potentialAction":[{"@type":"CommentAction","name":"Comment","target":["https:\/\/dicodusport.fr\/blog\/video-jour-julien-absalon-conquis-deuxieme-titre-olympique-vtt\/#respond"]}],"copyrightYear":"2020","copyrightHolder":{"@id":"https:\/\/dicodusport.fr\/blog\/#organization"}},{"@type":"WebPage","@id":"https:\/\/dicodusport.fr\/blog\/video-jour-julien-absalon-conquis-deuxieme-titre-olympique-vtt\/","url":"https:\/\/dicodusport.fr\/blog\/video-jour-julien-absalon-conquis-deuxieme-titre-olympique-vtt\/","name":"[Vid\u00e9o] Le jour o\u00f9 Julien Absalon a conquis un deuxi\u00e8me titre olympique en VTT","isPartOf":{"@id":"https:\/\/dicodusport.fr\/blog\/#website"},"primaryImageOfPage":{"@id":"https:\/\/dicodusport.fr\/blog\/video-jour-julien-absalon-conquis-deuxieme-titre-olympique-vtt\/#primaryimage"},"image":{"@id":"https:\/\/dicodusport.fr\/blog\/video-jour-julien-absalon-conquis-deuxieme-titre-olympique-vtt\/#primaryimage"},"thumbnailUrl":"https:\/\/dicodusport.fr\/blog\/wp-content\/uploads\/2020\/04\/Vid\u00e9o-Le-jour-o\u00f9-Julien-Absalon-a-conquis-un-deuxi\u00e8me-titre-olympique-en-VTT.png","datePublished":"2020-04-02T15:35:43+00:00","dateModified":"2020-05-15T17:01:05+00:00","description":"VTT - Le 23 ao\u00fbt 2008, le Fran\u00e7ais Julien Absalon remportait son deuxi\u00e8me titre olympique cons\u00e9cutif en VTT cross-country, \u00e0 P\u00e9kin.","breadcrumb":{"@id":"https:\/\/dicodusport.fr\/blog\/video-jour-julien-absalon-conquis-deuxieme-titre-olympique-vtt\/#breadcrumb"},"inLanguage":"fr-FR","potentialAction":[{"@type":"ReadAction","target":["https:\/\/dicodusport.fr\/blog\/video-jour-julien-absalon-conquis-deuxieme-titre-olympique-vtt\/"]}]},{"@type":"ImageObject","inLanguage":"fr-FR","@id":"https:\/\/dicodusport.fr\/blog\/video-jour-julien-absalon-conquis-deuxieme-titre-olympique-vtt\/#primaryimage","url":"https:\/\/dicodusport.fr\/blog\/wp-content\/uploads\/2020\/04\/Vid\u00e9o-Le-jour-o\u00f9-Julien-Absalon-a-conquis-un-deuxi\u00e8me-titre-olympique-en-VTT.png","contentUrl":"https:\/\/dicodusport.fr\/blog\/wp-content\/uploads\/2020\/04\/Vid\u00e9o-Le-jour-o\u00f9-Julien-Absalon-a-conquis-un-deuxi\u00e8me-titre-olympique-en-VTT.png","width":800,"height":445,"caption":"[Vid\u00e9o] Le jour o\u00f9 Julien Absalon a conquis un deuxi\u00e8me titre olympique en VTT"},{"@type":"BreadcrumbList","@id":"https:\/\/dicodusport.fr\/blog\/video-jour-julien-absalon-conquis-deuxieme-titre-olympique-vtt\/#breadcrumb","itemListElement":[{"@type":"ListItem","position":1,"name":"Accueil","item":"https:\/\/dicodusport.fr\/blog\/"},{"@type":"ListItem","position":2,"name":"[Vid\u00e9o] Le jour o\u00f9 Julien Absalon a conquis un deuxi\u00e8me titre olympique en VTT"}]},{"@type":"WebSite","@id":"https:\/\/dicodusport.fr\/blog\/#website","url":"https:\/\/dicodusport.fr\/blog\/","name":"Dicodusport","description":"L&#039;encyclop\u00e9die de l&#039;actualit\u00e9 sportive","publisher":{"@id":"https:\/\/dicodusport.fr\/blog\/#organization"},"potentialAction":[{"@type":"SearchAction","target":{"@type":"EntryPoint","urlTemplate":"https:\/\/dicodusport.fr\/blog\/?s={search_term_string}"},"query-input":{"@type":"PropertyValueSpecification","valueRequired":true,"valueName":"search_term_string"}}],"inLanguage":"fr-FR"},{"@type":"NewsMediaOrganization","@id":"https:\/\/dicodusport.fr\/blog\/#organization","name":"Dicodusport","url":"https:\/\/dicodusport.fr\/blog\/","logo":{"@type":"ImageObject","inLanguage":"fr-FR","@id":"https:\/\/dicodusport.fr\/blog\/#\/schema\/logo\/image\/","url":"https:\/\/dicodusport.fr\/blog\/wp-content\/uploads\/2020\/06\/cropped-LOGO-DICODUSPORT-2020-SANS-FOND-SANS-TEXTE.png","contentUrl":"https:\/\/dicodusport.fr\/blog\/wp-content\/uploads\/2020\/06\/cropped-LOGO-DICODUSPORT-2020-SANS-FOND-SANS-TEXTE.png","width":512,"height":512,"caption":"Dicodusport"},"image":{"@id":"https:\/\/dicodusport.fr\/blog\/#\/schema\/logo\/image\/"},"sameAs":["https:\/\/www.facebook.com\/dicodusport","https:\/\/x.com\/dicodusport","https:\/\/www.instagram.com\/dicodusport\/","https:\/\/www.youtube.com\/channel\/UC7V2KZ5sd3htJivAbA4ZG3w"],"description":"Dicodusport est l'encyclop\u00e9die de l'actualit\u00e9 sportive.","email":"bonjour@dicodusport.fr","legalName":"DICODUSPORT","foundingDate":"2018-01-14","vatID":"FR71834470973","taxID":"83447097300043","numberOfEmployees":{"@type":"QuantitativeValue","minValue":"1","maxValue":"10"}},{"@type":"Person","@id":"https:\/\/dicodusport.fr\/blog\/#\/schema\/person\/cb02af4c173ce4a653b55e9baf388d4a","name":"Flo Ostermann","image":{"@type":"ImageObject","inLanguage":"fr-FR","@id":"https:\/\/dicodusport.fr\/blog\/#\/schema\/person\/image\/","url":"https:\/\/dicodusport.fr\/blog\/wp-content\/uploads\/2021\/05\/Flo-Ostermann-150x150.jpg","contentUrl":"https:\/\/dicodusport.fr\/blog\/wp-content\/uploads\/2021\/05\/Flo-Ostermann-150x150.jpg","caption":"Flo Ostermann"},"description":"Journaliste\/R\u00e9dacteur depuis septembre 2015 - Mes premiers souvenirs dans le sport ? Les envol\u00e9es du Stade Toulousain et les duels Villeneuve-Schumacher et H\u00e4kkinen-Schumacher \u00e0 la fin des ann\u00e9es 90, la Coupe du monde de football en 1998, l\u2019exploit du XV de France face aux All Blacks en 1999, mais aussi Richard C\u0153ur de Lion qui vole sur les montagnes du Tour de France. Bien parti pour devenir professeur d\u2019EPS, les \u00e9v\u00e9nements de la vie (et la flemme d\u2019animer des s\u00e9ances de 3x500 m\u00e8tres toute ma vie) m\u2019ont conduit \u00e0 revoir mes plans. Me voil\u00e0 depuis fin 2017 sur Dicodusport, m\u00e9dia gr\u00e2ce (et pour) lequel je partage ma passion : le sport dans tous ses \u00e9tats. Le tout accompagn\u00e9 par les fous furieux et folles furieuses cit\u00e9s sur cette page !","sameAs":["https:\/\/www.facebook.com\/florent.ostermann","https:\/\/x.com\/https:\/\/twitter.com\/FlOstermann","admin"],"url":"https:\/\/dicodusport.fr\/blog\/author\/flo\/"}]}},"_links":{"self":[{"href":"https:\/\/dicodusport.fr\/blog\/wp-json\/wp\/v2\/posts\/64343","targetHints":{"allow":["GET"]}}],"collection":[{"href":"https:\/\/dicodusport.fr\/blog\/wp-json\/wp\/v2\/posts"}],"about":[{"href":"https:\/\/dicodusport.fr\/blog\/wp-json\/wp\/v2\/types\/post"}],"author":[{"embeddable":true,"href":"https:\/\/dicodusport.fr\/blog\/wp-json\/wp\/v2\/users\/4"}],"replies":[{"embeddable":true,"href":"https:\/\/dicodusport.fr\/blog\/wp-json\/wp\/v2\/comments?post=64343"}],"version-history":[{"count":0,"href":"https:\/\/dicodusport.fr\/blog\/wp-json\/wp\/v2\/posts\/64343\/revisions"}],"wp:featuredmedia":[{"embeddable":true,"href":"https:\/\/dicodusport.fr\/blog\/wp-json\/wp\/v2\/media\/64344"}],"wp:attachment":[{"href":"https:\/\/dicodusport.fr\/blog\/wp-json\/wp\/v2\/media?parent=64343"}],"wp:term":[{"taxonomy":"category","embeddable":true,"href":"https:\/\/dicodusport.fr\/blog\/wp-json\/wp\/v2\/categories?post=64343"},{"taxonomy":"post_tag","embeddable":true,"href":"https:\/\/dicodusport.fr\/blog\/wp-json\/wp\/v2\/tags?post=64343"}],"curies":[{"name":"wp","href":"https:\/\/api.w.org\/{rel}","templated":true}]}}