{"id":643594,"date":"2026-02-07T15:06:34","date_gmt":"2026-02-07T14:06:34","guid":{"rendered":"https:\/\/dicodusport.fr\/blog\/?p=643594&#038;preview=true&#038;preview_id=643594"},"modified":"2026-02-07T21:28:43","modified_gmt":"2026-02-07T20:28:43","slug":"grand-slam-de-paris-2026-le-direct-des-francais-du-samedi-7-fevrier","status":"publish","type":"post","link":"https:\/\/dicodusport.fr\/blog\/grand-slam-de-paris-2026-le-direct-des-francais-du-samedi-7-fevrier\/","title":{"rendered":"Grand Slam de Paris 2026 : le direct des Fran\u00e7ais du samedi 7 f\u00e9vrier"},"content":{"rendered":"<h4 style=\"text-align: justify;\"><em>JUDO &#8211; Bienvenue dans le direct comment\u00e9 des r\u00e9sultats des Fran\u00e7ais du samedi 7 f\u00e9vrier, premi\u00e8re journ\u00e9e du Grand Slam de Paris 2026.<\/em><\/h4>\n<ul>\n<li><strong>\u00c0 ce sujet \u2013\u00a0<a title=\"Judo Paris Grand Slam 2025 : Programme complet et r\u00e9sultats\" href=\"https:\/\/dicodusport.fr\/blog\/judo-paris-grand-slam-2026-programme-et-resultats-mis-a-jour\/\" rel=\"\">Judo Paris Grand Slam 2026 : le programme complet<\/a><\/strong><\/li>\n<li><strong>\u00c0 ce sujet \u2013 <a title=\"Judo Grand Slam Paris 2025 : La s\u00e9lection fran\u00e7aise\" href=\"https:\/\/dicodusport.fr\/blog\/judo-grand-slam-de-paris-2026-la-selection-francaise\/\" target=\"_blank\" rel=\"noopener\">Judo Grand Slam de Paris 2026 : la s\u00e9lection fran\u00e7aise<\/a><\/strong><\/li>\n<\/ul>\n<p>&nbsp;<\/p>\n<hr \/>\n<table style=\"width: 97%; border-color: #ffffff;\">\n<tbody>\n<tr>\n<td style=\"border-color: #ffffff #ffffff #e0e0e0; background-color: #ffffff; width: 19.2201%; border-bottom-style: solid; border-bottom-width: 1px; text-align: center; vertical-align: top;\">\n<p style=\"text-align: center;\"><strong>\u00a0<\/strong><\/p>\n<\/td>\n<td style=\"border-color: #ffffff #ffffff #e0e0e0; background-color: #ffffff; text-align: justify; width: 79.805%; border-bottom-style: solid; border-bottom-width: 1px; vertical-align: top;\"><strong>\u00a0<\/strong><\/td>\n<\/tr>\n<tr>\n<td style=\"border-color: #ffffff #ffffff #e0e0e0; background-color: #ffffff; width: 19.2201%; border-bottom-style: solid; border-bottom-width: 1px; text-align: center; vertical-align: top;\"><strong>20:05<\/strong><\/td>\n<td style=\"border-color: #ffffff #ffffff #e0e0e0; background-color: #ffffff; text-align: justify; width: 79.805%; border-bottom-style: solid; border-bottom-width: 1px; vertical-align: top;\">\n<p style=\"text-align: justify;\"><strong>Fin de journ\u00e9e \u00e0 Paris, on se retrouve demain avec 28 nouveaux judokas qui tenteront d&rsquo;aller chercher une m\u00e9daille.<\/strong><\/p>\n<\/td>\n<\/tr>\n<tr>\n<td style=\"border-color: #ffffff #ffffff #e0e0e0; background-color: #ffffff; width: 19.2201%; border-bottom-style: solid; border-bottom-width: 1px; text-align: center; vertical-align: top;\"><strong>20:00<\/strong><\/p>\n<p>\ud83c\udf99\ufe0f<\/p>\n<p><strong>\u00a0<\/strong><\/td>\n<td style=\"border-color: #ffffff #ffffff #e0e0e0; background-color: #ffffff; text-align: justify; width: 79.805%; border-bottom-style: solid; border-bottom-width: 1px; vertical-align: top;\">\n<p style=\"text-align: justify;\"><strong>Sarah-L\u00e9onie Cysique : \u00ab\u00a0C&rsquo;\u00e9tait juste une journ\u00e9e incroyable.\u00a0\u00bb<\/strong><\/p>\n<blockquote>\n<p style=\"text-align: justify;\">Je suis vraiment contente, c&rsquo;est ma premi\u00e8re \u00e0 la maison. En plus j&rsquo;ai fait vraiment une belle journ\u00e9e, je suis contente de mes combats. Je me sentais bien d\u00e8s le d\u00e9but de la journ\u00e9e, je suis en forme, mon r\u00e9gime s&rsquo;est bien pass\u00e9 et vraiment tout \u00e9tait au vert et je repars avec une belle m\u00e9daille. C&rsquo;\u00e9tait juste une journ\u00e9e incroyable.<\/p>\n<p>C&rsquo;est pas la fin de quoi que ce soit vraiment, c&rsquo;est que le d\u00e9but. Je voulais bien lancer ma saison et pour moi \u00e7a c&rsquo;est vraiment bien lancer sa saison. Donc je vais me servir de \u00e7a comme tremplin et continuer sur cette lanc\u00e9e.<\/p>\n<p>Il y a beaucoup de m\u00e9dailles dont je suis fi\u00e8re et pas forc\u00e9ment en or. En fait je suis vraiment fi\u00e8re du travail que je mets en place l\u00e0 sur les derniers mois apr\u00e8s les championnats du monde qui \u00e9taient \u00e9prouvants .C&rsquo;est satisfaisant de voir un travail qui aboutit \u00e0 quelque chose. Que ce soit en argent, en bronze ou m\u00eame en or, c&rsquo;est encore mieux bien \u00e9videmment. Bien s\u00fbr , il y a du bon et du mauvais comme dans tout mais au moins c&rsquo;est beaucoup plus agr\u00e9able de finir une journ\u00e9e comme \u00e7a .<\/p><\/blockquote>\n<p style=\"text-align: justify;\">Sur ce qu\u2019elle a mis en place ces derniers mois<\/p>\n<blockquote>\n<p style=\"text-align: justify;\">Surtout tactiquement. C&rsquo;est vrai que j&rsquo;ai un judo un peu impulsif et des fois je m&#8217;emballe un petit peu. Apr\u00e8s avec la maturit\u00e9 on apprend \u00e0 calmer \u00e7a . Mais c&rsquo;est vrai que des fois on oublie un petit peu. Et l\u00e0 , j&rsquo;ai bien vu sur la journ\u00e9e que j&rsquo;ai r\u00e9ussi \u00e0 bien g\u00e9rer \u00e7a. Pas trop me pr\u00e9cipiter. De septembre \u00e0 l\u00e0 en fait, j&rsquo;ai vu ce que j&rsquo;ai mis en place, \u00e7a commence vraiment \u00e0 payer. D\u00e9j\u00e0 \u00e0 Tokyo o\u00f9 je suis tr\u00e8s contente de ma comp\u00e8te, et l\u00e0 Paris o\u00f9 je reviens en plus avec une belle m\u00e9daille d&rsquo;or.<\/p>\n<\/blockquote>\n<blockquote class=\"twitter-tweet\">\n<p dir=\"ltr\" lang=\"fr\">\ud83e\udd4b Peut-\u00eatre pas la plus belle m\u00e9daille de Sarah-L\u00e9onie Cysique, mais une m\u00e9daille dont elle est fi\u00e8re ! \ud83e\udd47 \ud83c\uddeb\ud83c\uddf7 <a href=\"https:\/\/twitter.com\/hashtag\/ParisGrandSlam2026?src=hash&amp;ref_src=twsrc%5Etfw\">#ParisGrandSlam2026<\/a> <a href=\"https:\/\/twitter.com\/hashtag\/JudoParis?src=hash&amp;ref_src=twsrc%5Etfw\">#JudoParis<\/a> <a href=\"https:\/\/t.co\/mfsguNohy0\">pic.twitter.com\/mfsguNohy0<\/a><\/p>\n<p>\u2014 \u2b50 Dedette \u0646 (@Shiclette94) <a href=\"https:\/\/twitter.com\/Shiclette94\/status\/2020217745057501503?ref_src=twsrc%5Etfw\">February 7, 2026<\/a><\/p><\/blockquote>\n<p><script async src=\"https:\/\/platform.twitter.com\/widgets.js\" charset=\"utf-8\"><\/script><\/td>\n<\/tr>\n<tr>\n<td style=\"border-color: #ffffff #ffffff #e0e0e0; background-color: #ffffff; width: 19.2201%; border-bottom-style: solid; border-bottom-width: 1px; text-align: center; vertical-align: top;\"><strong>19:40<\/strong><\/p>\n<p>\ud83c\udf99\ufe0f<\/p>\n<p style=\"text-align: center;\"><strong>\u00a0<\/strong><\/p>\n<\/td>\n<td style=\"border-color: #ffffff #ffffff #e0e0e0; background-color: #ffffff; text-align: justify; width: 79.805%; border-bottom-style: solid; border-bottom-width: 1px; vertical-align: top;\">\n<p style=\"text-align: justify;\"><strong>La r\u00e9action de Dayyan Boulemtafes<\/strong><\/p>\n<blockquote>\n<p style=\"text-align: justify;\">J\u2019ai vraiment \u00e9t\u00e9 au bout de la journ\u00e9e. Ce n&rsquo;\u00e9tait pas facile, c&rsquo;\u00e9tait long, \u00e7a a commenc\u00e9 t\u00f4t ce matin. J&rsquo;ai essay\u00e9 de faire le maximum . En plus, je sais que les gens y sont rest\u00e9s, j&rsquo;\u00e9tais le dernier Fran\u00e7ais en lice donc je suis hyper d\u00e9\u00e7u. J\u2019aurais pu accrocher une m\u00e9daille. Et en tous cas, j&rsquo;esp\u00e8re que j&rsquo;ai montr\u00e9 de belles choses. Je n&rsquo;ai pas encore la force de regarder toute la journ\u00e9e dans son enti\u00e8ret\u00e9. J&rsquo;esp\u00e8re que l&rsquo;ann\u00e9e prochaine \u00e7a se passera mieux. Et puis il y en aura d&rsquo;autres des Grands Chelems. J&rsquo;esp\u00e8re que l&rsquo;exp\u00e9rience que j&rsquo;ai pris aujourd&rsquo;hui, elle va me servir.<\/p>\n<\/blockquote>\n<p style=\"text-align: justify;\">Sur ce qu\u2019il faudrait am\u00e9liorer<\/p>\n<blockquote>\n<p style=\"text-align: justify;\">Je pense qu\u2019il faut juste continuer sur cette voie-l\u00e0 et essayer de faire un maximum en pr\u00e9pa physique, au judo. Je pense qu&rsquo;il n&rsquo;y a pas de secret, il faut juste en faire plus. En plus je suis encore jeune donc je pense que j&rsquo;ai la capacit\u00e9 d&rsquo;encore plus donner. L&rsquo;ann\u00e9e derni\u00e8re j&rsquo;ai fait quand m\u00eame 17 comp\u00e9titions, je suis sorti de Label Excellence au d\u00e9but d&rsquo;ann\u00e9e jusqu&rsquo;au Grand Prix et au Grand Slam \u00e0 la fin de l&rsquo;ann\u00e9e. Donc je prends tout ce qu&rsquo;il y a \u00e0 prendre et que \u00e7a soit au niveau de l&rsquo;entra\u00eenement ou des comp\u00e8tes maintenant, il faut rehausser le curseur, revoir tout \u00e0 la hausse.<\/p>\n<\/blockquote>\n<p>Un \u00e9l\u00e9ment positif de sa journ\u00e9e<\/p>\n<blockquote><p>Je pense que c&rsquo;est ma capacit\u00e9 \u00e0 faire tomber rapidement. On l&rsquo;a vu sur les premiers tours. Ce n&rsquo;\u00e9tait pas des tours faciles, surtout que je n&rsquo;ai pas beaucoup de rep\u00e8res en senior. C&rsquo;est ma troisi\u00e8me ou quatri\u00e8me comp\u00e8te en comptant les France. Donc je pense que j&rsquo;ai su montrer que je savais faire tomber. J&rsquo;ai d\u00e9j\u00e0 fait tomber pas mal de gens : Heydarov, l\u00e0 Ishihara, podium mondial (<em>3\u00e8me aux Mondiaux 2025, ndlr.<\/em>). Je pense que \u00e7a au niveau des s\u00e9lectionneurs, \u00e7a les marque, quelqu&rsquo;un qui arrive \u00e0 faire tomber des grands noms du judo.<\/p><\/blockquote>\n<\/td>\n<\/tr>\n<tr>\n<td style=\"border-color: #ffffff #ffffff #e0e0e0; background-color: #ffffff; width: 19.2201%; border-bottom-style: solid; border-bottom-width: 1px; text-align: center; vertical-align: top;\">\n<p style=\"text-align: center;\"><strong>18:59<\/strong><\/p>\n<\/td>\n<td style=\"border-color: #ffffff #ffffff #e0e0e0; background-color: #ffffff; text-align: justify; width: 79.805%; border-bottom-style: solid; border-bottom-width: 1px; vertical-align: top;\">\n<p style=\"text-align: justify;\">Pas de m\u00e9daille pour le jeune<strong> Dayyan Boulemtafes <\/strong>(-73 kg) qui aura tout de m\u00eame fait une belle journ\u00e9e.<\/p>\n<\/td>\n<\/tr>\n<tr>\n<td style=\"border-color: #ffffff #ffffff #e0e0e0; background-color: #ffffff; width: 19.2201%; border-bottom-style: solid; border-bottom-width: 1px; text-align: center; vertical-align: top;\">\n<p style=\"text-align: center;\"><strong>18:43<\/strong><\/p>\n<p>\ud83e\udd47<\/td>\n<td style=\"border-color: #ffffff #ffffff #e0e0e0; background-color: #ffffff; text-align: justify; width: 79.805%; border-bottom-style: solid; border-bottom-width: 1px; vertical-align: top;\">\n<p style=\"text-align: justify;\"><strong>Premi\u00e8re victoire \u00e0 Paris pour Sarah-L\u00e9onie Cysique !<\/strong><\/p>\n<p style=\"text-align: justify;\">Dans sa finale face \u00e0 Akari Omori qui lui r\u00e9ussit mal (1 victoire en 5 combats, battue en demies des Mondiaux et au Grand Slam de Tokyo l&rsquo;ann\u00e9e derni\u00e8re),\u00a0<strong>Sarah-L\u00e9onie Cysique\u00a0<\/strong>(-57 kg) a inscrit un waza-ari \u00e0 1 minute 30 de la fin. Elle va tenir son avantage jusqu&rsquo;au bout et monter sur la plus haute marche pour la premi\u00e8re fois apr\u00e8s deux m\u00e9dailles de bronze.<\/p>\n<div class=\"vlp-link-container vlp-layout-article\"><a href=\"https:\/\/dicodusport.fr\/blog\/sarah-leonie-cysique-57-kg-soffre-une-premiere-victoire-au-paris-grand-slam-faiza-mokdar-sur-le-podium\/\" class=\"vlp-link\" title=\"Sarah-L\u00e9onie Cysique (-57 kg) s\u2019offre une premi\u00e8re victoire au Paris Grand Slam, Fa\u00efza Mokdar sur le podium\"><\/a><div class=\"vlp-layout-zone-side\"><div class=\"vlp-block-4 vlp-link-image\"><img loading=\"lazy\" decoding=\"async\" style=\"max-width: 792px;\" width=\"792\" height=\"445\" src=\"https:\/\/dicodusport.fr\/blog\/wp-content\/uploads\/2026\/02\/Sarah-Leonie-Cysique-57-kg-soffre-une-premiere-victoire-au-Paris-Grand-Slam-Faiza-Mokdar-sur-le-podium.png\" class=\"attachment-800x445 size-800x445\" alt=\"Sarah-L\u00e9onie Cysique (-57 kg) s\u2019offre une premi\u00e8re victoire au Paris Grand Slam, Fa\u00efza Mokdar sur le podium\" srcset=\"https:\/\/dicodusport.fr\/blog\/wp-content\/uploads\/2026\/02\/Sarah-Leonie-Cysique-57-kg-soffre-une-premiere-victoire-au-Paris-Grand-Slam-Faiza-Mokdar-sur-le-podium.png 1200w, https:\/\/dicodusport.fr\/blog\/wp-content\/uploads\/2026\/02\/Sarah-Leonie-Cysique-57-kg-soffre-une-premiere-victoire-au-Paris-Grand-Slam-Faiza-Mokdar-sur-le-podium-300x169.png 300w, https:\/\/dicodusport.fr\/blog\/wp-content\/uploads\/2026\/02\/Sarah-Leonie-Cysique-57-kg-soffre-une-premiere-victoire-au-Paris-Grand-Slam-Faiza-Mokdar-sur-le-podium-1024x575.png 1024w, https:\/\/dicodusport.fr\/blog\/wp-content\/uploads\/2026\/02\/Sarah-Leonie-Cysique-57-kg-soffre-une-premiere-victoire-au-Paris-Grand-Slam-Faiza-Mokdar-sur-le-podium-768x431.png 768w\" sizes=\"auto, (max-width: 792px) 100vw, 792px\" \/><\/div><\/div><div class=\"vlp-layout-zone-main\"><div class=\"vlp-block-0 vlp-link-title\">Sarah-L\u00e9onie Cysique (-57 kg) s\u2019offre une premi\u00e8re victoire au Paris Grand Slam, Fa\u00efza Mokdar sur le podium<\/div><div class=\"vlp-block-1 vlp-link-summary\">JUDO PARIS GRAND SLAM 2026 - Sarah-L\u00e9onie Cysique s'offre une premi\u00e8re victoire \u00e0 Paris et emm\u00e8ne avec elle sur le podium Fa\u00efza Mokdar (-57 kg).<\/div><div class=\"vlp-block-2 vlp-link-button\">Lire l'article<\/div><div class=\"vlp-block-3 vlp-link-url\">dicodusport.fr<\/div><\/div><\/div><\/td>\n<\/tr>\n<tr>\n<td style=\"border-color: #ffffff #ffffff #e0e0e0; background-color: #ffffff; width: 19.2201%; border-bottom-style: solid; border-bottom-width: 1px; text-align: center; vertical-align: top;\">\n<p style=\"text-align: center;\"><strong>18:36<\/strong><\/p>\n<p>\ud83e\udd49<\/td>\n<td style=\"border-color: #ffffff #ffffff #e0e0e0; background-color: #ffffff; text-align: justify; width: 79.805%; border-bottom-style: solid; border-bottom-width: 1px; vertical-align: top;\">\n<p style=\"text-align: justify;\"><strong>Un bronze sur deux<\/strong><\/p>\n<p style=\"text-align: justify;\">5\u00e8me en 2021 et pour sa 5\u00e8me participation \u00e0 Paris, <strong>Chlo\u00e9 Devictor\u00a0<\/strong>(-57 kg) reste encore au pied du podium. D\u00e9j\u00e0 men\u00e9e par Momo Tamaoki, elle s&rsquo;est fait immobiliser en fin de combat.<\/p>\n<p style=\"text-align: justify;\">\u00c9galement au pied du podium en 2025,\u00a0<strong>Fa\u00efza Mokdar\u00a0<\/strong>renoue elle avec le podium ! En toute fin de combat elle s&rsquo;impose face \u00e0 Mariana Esteves.<\/p>\n<div class=\"vlp-link-container vlp-layout-article\"><a href=\"https:\/\/dicodusport.fr\/blog\/sarah-leonie-cysique-57-kg-soffre-une-premiere-victoire-au-paris-grand-slam-faiza-mokdar-sur-le-podium\/\" class=\"vlp-link\" title=\"Sarah-L\u00e9onie Cysique (-57 kg) s\u2019offre une premi\u00e8re victoire au Paris Grand Slam, Fa\u00efza Mokdar sur le podium\"><\/a><div class=\"vlp-layout-zone-side\"><div class=\"vlp-block-4 vlp-link-image\"><img loading=\"lazy\" decoding=\"async\" style=\"max-width: 792px;\" width=\"792\" height=\"445\" src=\"https:\/\/dicodusport.fr\/blog\/wp-content\/uploads\/2026\/02\/Sarah-Leonie-Cysique-57-kg-soffre-une-premiere-victoire-au-Paris-Grand-Slam-Faiza-Mokdar-sur-le-podium.png\" class=\"attachment-800x445 size-800x445\" alt=\"Sarah-L\u00e9onie Cysique (-57 kg) s\u2019offre une premi\u00e8re victoire au Paris Grand Slam, Fa\u00efza Mokdar sur le podium\" srcset=\"https:\/\/dicodusport.fr\/blog\/wp-content\/uploads\/2026\/02\/Sarah-Leonie-Cysique-57-kg-soffre-une-premiere-victoire-au-Paris-Grand-Slam-Faiza-Mokdar-sur-le-podium.png 1200w, https:\/\/dicodusport.fr\/blog\/wp-content\/uploads\/2026\/02\/Sarah-Leonie-Cysique-57-kg-soffre-une-premiere-victoire-au-Paris-Grand-Slam-Faiza-Mokdar-sur-le-podium-300x169.png 300w, https:\/\/dicodusport.fr\/blog\/wp-content\/uploads\/2026\/02\/Sarah-Leonie-Cysique-57-kg-soffre-une-premiere-victoire-au-Paris-Grand-Slam-Faiza-Mokdar-sur-le-podium-1024x575.png 1024w, https:\/\/dicodusport.fr\/blog\/wp-content\/uploads\/2026\/02\/Sarah-Leonie-Cysique-57-kg-soffre-une-premiere-victoire-au-Paris-Grand-Slam-Faiza-Mokdar-sur-le-podium-768x431.png 768w\" sizes=\"auto, (max-width: 792px) 100vw, 792px\" \/><\/div><\/div><div class=\"vlp-layout-zone-main\"><div class=\"vlp-block-0 vlp-link-title\">Sarah-L\u00e9onie Cysique (-57 kg) s\u2019offre une premi\u00e8re victoire au Paris Grand Slam, Fa\u00efza Mokdar sur le podium<\/div><div class=\"vlp-block-1 vlp-link-summary\">JUDO PARIS GRAND SLAM 2026 - Sarah-L\u00e9onie Cysique s'offre une premi\u00e8re victoire \u00e0 Paris et emm\u00e8ne avec elle sur le podium Fa\u00efza Mokdar (-57 kg).<\/div><div class=\"vlp-block-2 vlp-link-button\">Lire l'article<\/div><div class=\"vlp-block-3 vlp-link-url\">dicodusport.fr<\/div><\/div><\/div><\/td>\n<\/tr>\n<tr>\n<td style=\"border-color: #ffffff #ffffff #e0e0e0; background-color: #ffffff; width: 19.2201%; border-bottom-style: solid; border-bottom-width: 1px; text-align: center; vertical-align: top;\">\n<p style=\"text-align: center;\"><strong>18:16<\/strong><\/p>\n<\/td>\n<td style=\"border-color: #ffffff #ffffff #e0e0e0; background-color: #ffffff; text-align: justify; width: 79.805%; border-bottom-style: solid; border-bottom-width: 1px; vertical-align: top;\">\n<p style=\"text-align: justify;\"><strong>Daikii Bouba 5\u00e8me<\/strong><\/p>\n<p>M\u00e9daill\u00e9 d&rsquo;argent l&rsquo;ann\u00e9e derni\u00e8re,\u00a0<strong>Daikii Bouba <\/strong>(-66 kg) n&rsquo;est pas parvenu \u00e0 renverser Kairi Kentoku aujourd&rsquo;hui dans le combat pour le bronze et termine au pied du podium.<\/td>\n<\/tr>\n<tr>\n<td style=\"border-color: #ffffff #ffffff #e0e0e0; background-color: #ffffff; width: 19.2201%; border-bottom-style: solid; border-bottom-width: 1px; text-align: center; vertical-align: top;\">\n<p style=\"text-align: center;\"><strong>17:50<\/strong><\/p>\n<p>\ud83e\udd49<\/td>\n<td style=\"border-color: #ffffff #ffffff #e0e0e0; background-color: #ffffff; text-align: justify; width: 79.805%; border-bottom-style: solid; border-bottom-width: 1px; vertical-align: top;\">\n<p style=\"text-align: justify;\"><strong>Amandine Buchard en bronze !<\/strong><\/p>\n<p style=\"text-align: justify;\">Comme en 2023, <strong>Amandine Buchard<\/strong> (-52 kg) remporte le bronze. Apr\u00e8s avoir battu Seyun Jang.<\/p>\n<div class=\"vlp-link-container vlp-layout-article\"><a href=\"https:\/\/dicodusport.fr\/blog\/amandine-buchard-complete-la-belle-journee-francaise-au-grand-slam-de-paris-avec-du-bronze\/\" class=\"vlp-link\" title=\"Amandine Buchard compl\u00e8te la belle journ\u00e9e fran\u00e7aise au Grand Slam de Paris avec du bronze\"><\/a><div class=\"vlp-layout-zone-side\"><div class=\"vlp-block-4 vlp-link-image\"><img loading=\"lazy\" decoding=\"async\" style=\"max-width: 792px;\" width=\"792\" height=\"445\" src=\"https:\/\/dicodusport.fr\/blog\/wp-content\/uploads\/2026\/02\/Amandine-Buchard-complete-la-belle-journee-francaise-au-Grand-Slam-de-Paris-avec-du-bronze.png\" class=\"attachment-800x445 size-800x445\" alt=\"Amandine Buchard compl\u00e8te la belle journ\u00e9e fran\u00e7aise au Grand Slam de Paris avec du bronze\" srcset=\"https:\/\/dicodusport.fr\/blog\/wp-content\/uploads\/2026\/02\/Amandine-Buchard-complete-la-belle-journee-francaise-au-Grand-Slam-de-Paris-avec-du-bronze.png 1200w, https:\/\/dicodusport.fr\/blog\/wp-content\/uploads\/2026\/02\/Amandine-Buchard-complete-la-belle-journee-francaise-au-Grand-Slam-de-Paris-avec-du-bronze-300x169.png 300w, https:\/\/dicodusport.fr\/blog\/wp-content\/uploads\/2026\/02\/Amandine-Buchard-complete-la-belle-journee-francaise-au-Grand-Slam-de-Paris-avec-du-bronze-1024x575.png 1024w, https:\/\/dicodusport.fr\/blog\/wp-content\/uploads\/2026\/02\/Amandine-Buchard-complete-la-belle-journee-francaise-au-Grand-Slam-de-Paris-avec-du-bronze-768x431.png 768w\" sizes=\"auto, (max-width: 792px) 100vw, 792px\" \/><\/div><\/div><div class=\"vlp-layout-zone-main\"><div class=\"vlp-block-0 vlp-link-title\">Amandine Buchard compl\u00e8te la belle journ\u00e9e fran\u00e7aise au Grand Slam de Paris avec du bronze<\/div><div class=\"vlp-block-1 vlp-link-summary\">JUDO PARIS GRAND SLAM 2026 - Amandine Buchard a \u00e9t\u00e9 solide pour rafler sa cinqui\u00e8me m\u00e9daille parisienne ce samedi.<\/div><div class=\"vlp-block-2 vlp-link-button\">Lire l'article<\/div><div class=\"vlp-block-3 vlp-link-url\">dicodusport.fr<\/div><\/div><\/div><\/td>\n<\/tr>\n<tr>\n<td style=\"border-color: #ffffff #ffffff #e0e0e0; background-color: #ffffff; width: 19.2201%; border-bottom-style: solid; border-bottom-width: 1px; text-align: center; vertical-align: top;\">\n<p style=\"text-align: center;\"><strong>17:49<\/strong><\/p>\n<p>\ud83c\udf99\ufe0f<\/td>\n<td style=\"border-color: #ffffff #ffffff #e0e0e0; background-color: #ffffff; text-align: justify; width: 79.805%; border-bottom-style: solid; border-bottom-width: 1px; vertical-align: top;\">\n<p style=\"text-align: justify;\"><strong>Shirine Boukli r\u00e9agit sur le d\u00e9roul\u00e9 mouvement\u00e9 de sa finale<\/strong><\/p>\n<blockquote>\n<p style=\"text-align: justify;\">Je suis rest\u00e9e focus. Je sais que tant que l&rsquo;arbitre n&rsquo;annonce pas r\u00e9ellement qui est le vainqueur, je sais qu&rsquo;il y a la possibilit\u00e9 que \u00e7a ne le soit pas. Donc j&rsquo;ai essay\u00e9 de rester concentr\u00e9e malgr\u00e9 cette explosion de joie. Parce que quand on te dit que t&rsquo;as gagn\u00e9 le Grand Slam de Paris, c&rsquo;est quand m\u00eame fou. Mais j&rsquo;ai r\u00e9ussi \u00e0 me remettre dedans pour ne pas changer la dynamique qui \u00e9tait en cours. Je suis rest\u00e9e agressive et j&rsquo;ai su basculer comme il faut pour continuer sur ce que j&rsquo;\u00e9tais en train de faire qui \u00e9tait vraiment pas mal.<\/p>\n<p style=\"text-align: justify;\">C\u2019est une super victoire ! Moi cette ann\u00e9e c&rsquo;\u00e9tait assez compliqu\u00e9 apr\u00e8s le retour des Jeux. M\u00eame si \u00e7a ne se voit peut-\u00eatre pas d&rsquo;un point de vue ext\u00e9rieur, int\u00e9rieurement c&rsquo;\u00e9tait assez compliqu\u00e9 de se retrouver physiquement et mentalement align\u00e9 au m\u00eame moment. On se cherche beaucoup et c&rsquo;est \u00e7a qui est difficile.<\/p>\n<p style=\"text-align: justify;\">Les objectifs sont diff\u00e9rents, on a l&rsquo;impression de devoir un petit peu recommencer les basiques . Sauf que la plupart du temps , j&rsquo;ai eu le sentiment de m&rsquo;\u00eatre tromp\u00e9e sur la mani\u00e8re dont il fallait que je me retrouve. C\u2019\u00e9tait pas fameux les derni\u00e8res comp\u00e9titions. Je travaille tous les jours pour et je savais qu&rsquo;\u00e0 un moment il y allait avoir un d\u00e9clic et j&rsquo;avais espoir que \u00e7a soit ici \u00e0 Bercy, \u00e0 domicile, parce que c&rsquo;est d&rsquo;autant plus beau. M\u00eame si j&rsquo;aurais aim\u00e9 au Japon aussi parce que c&rsquo;est styl\u00e9 aussi.<\/p>\n<\/blockquote>\n<\/td>\n<\/tr>\n<tr>\n<td style=\"border-color: #ffffff #ffffff #e0e0e0; background-color: #ffffff; width: 19.2201%; border-bottom-style: solid; border-bottom-width: 1px; text-align: center; vertical-align: top;\">\n<p style=\"text-align: center;\"><strong>17:19<\/strong><\/p>\n<p>\ud83e\udd47<\/td>\n<td style=\"border-color: #ffffff #ffffff #e0e0e0; background-color: #ffffff; text-align: justify; width: 79.805%; border-bottom-style: solid; border-bottom-width: 1px; vertical-align: top;\">\n<p style=\"text-align: justify;\"><strong>Shirine Boukli r\u00e9cup\u00e8re son titre ! <\/strong><\/p>\n<p>Battue en finale l&rsquo;ann\u00e9e derni\u00e8re, <strong>Shirine Boukli<\/strong> (-48 kg) redevient reine \u00e0 Paris ! Apr\u00e8s un yuko annul\u00e9 de part et d&rsquo;autre \u00e0 commencer par celui de la Chinoise, la Fran\u00e7aise s&rsquo;impose finalement sans contestation.<\/p>\n<div class=\"vlp-link-container vlp-layout-article\"><a href=\"https:\/\/dicodusport.fr\/blog\/shirine-boukli-48-kg-remporte-pour-la-deuxieme-fois-le-paris-grand-slam\/\" class=\"vlp-link\" title=\"Shirine Boukli (-48 kg) remporte pour la deuxi\u00e8me fois le Paris Grand Slam !\"><\/a><div class=\"vlp-layout-zone-side\"><div class=\"vlp-block-4 vlp-link-image\"><img loading=\"lazy\" decoding=\"async\" style=\"max-width: 792px;\" width=\"792\" height=\"445\" src=\"https:\/\/dicodusport.fr\/blog\/wp-content\/uploads\/2026\/02\/Shirine-Boukli-48-kg-remporte-pour-la-deuxieme-fois-le-Paris-Grand-Slam-.png\" class=\"attachment-800x445 size-800x445\" alt=\"Shirine Boukli (-48 kg) remporte pour la deuxi\u00e8me fois le Paris Grand Slam !\" srcset=\"https:\/\/dicodusport.fr\/blog\/wp-content\/uploads\/2026\/02\/Shirine-Boukli-48-kg-remporte-pour-la-deuxieme-fois-le-Paris-Grand-Slam-.png 1200w, https:\/\/dicodusport.fr\/blog\/wp-content\/uploads\/2026\/02\/Shirine-Boukli-48-kg-remporte-pour-la-deuxieme-fois-le-Paris-Grand-Slam--300x169.png 300w, https:\/\/dicodusport.fr\/blog\/wp-content\/uploads\/2026\/02\/Shirine-Boukli-48-kg-remporte-pour-la-deuxieme-fois-le-Paris-Grand-Slam--1024x575.png 1024w, https:\/\/dicodusport.fr\/blog\/wp-content\/uploads\/2026\/02\/Shirine-Boukli-48-kg-remporte-pour-la-deuxieme-fois-le-Paris-Grand-Slam--768x431.png 768w\" sizes=\"auto, (max-width: 792px) 100vw, 792px\" \/><\/div><\/div><div class=\"vlp-layout-zone-main\"><div class=\"vlp-block-0 vlp-link-title\">Shirine Boukli (-48 kg) remporte pour la deuxi\u00e8me fois le Paris Grand Slam !<\/div><div class=\"vlp-block-1 vlp-link-summary\">JUDO PARIS GRAND SLAM 2026 - Dans une finale renversante, Shirine Boukli (-48 kg) a remport\u00e9 le deuxi\u00e8me Paris Grand Slam de sa carri\u00e8re.\u00a0<\/div><div class=\"vlp-block-2 vlp-link-button\">Lire l'article<\/div><div class=\"vlp-block-3 vlp-link-url\">dicodusport.fr<\/div><\/div><\/div><\/td>\n<\/tr>\n<tr>\n<td style=\"border-color: #ffffff #ffffff #e0e0e0; background-color: #ffffff; width: 19.2201%; border-bottom-style: solid; border-bottom-width: 1px; text-align: center; vertical-align: top;\">\n<p style=\"text-align: center;\"><strong>17:07<\/strong><\/p>\n<p>\ud83e\udd49<\/td>\n<td style=\"border-color: #ffffff #ffffff #e0e0e0; background-color: #ffffff; text-align: justify; width: 79.805%; border-bottom-style: solid; border-bottom-width: 1px; vertical-align: top;\">\n<p style=\"text-align: justify;\">La Japonaise<b> Wakana Koga<\/b> n&rsquo;a pas train\u00e9 pour rafler la premi\u00e8re m\u00e9daille de bronze face \u00e0 Laura Martniez Abelenda. La Chinoise <strong>Xinran Hui<\/strong> remporte l&rsquo;autre m\u00e9daille en attendant le combat de Shirine Boukli.<\/p>\n<\/td>\n<\/tr>\n<tr>\n<td style=\"border-color: #ffffff #ffffff #e0e0e0; background-color: #ffffff; width: 19.2201%; border-bottom-style: solid; border-bottom-width: 1px; text-align: center; vertical-align: top;\">\n<p style=\"text-align: center;\"><strong>17:00<\/strong><\/p>\n<p>\ud83c\udfc6<\/td>\n<td style=\"border-color: #ffffff #ffffff #e0e0e0; background-color: #ffffff; text-align: justify; width: 79.805%; border-bottom-style: solid; border-bottom-width: 1px; vertical-align: top;\">\n<p style=\"text-align: justify;\"><b>Et c&rsquo;est parti pour le bloc final !<\/b><\/p>\n<\/td>\n<\/tr>\n<tr style=\"height: 120px;\">\n<td style=\"border-color: #ffffff #ffffff #e0e0e0; background-color: #ffffff; width: 19.2201%; border-bottom-style: solid; border-bottom-width: 1px; text-align: center; vertical-align: top;\">\n<p style=\"text-align: center;\"><strong>15:06<\/strong><\/p>\n<p>\ud83c\udfc6<\/td>\n<td style=\"border-color: #ffffff #ffffff #e0e0e0; background-color: #ffffff; text-align: justify; width: 79.805%; border-bottom-style: solid; border-bottom-width: 1px; vertical-align: top;\">\n<p style=\"text-align: justify;\"><b>LES M\u00c9DAILLES \u00c0 ALLER CHERCHER<\/b><\/p>\n<p style=\"text-align: justify;\">Ils seront 7 Fran\u00e7ais \u00e0 tenter de d\u00e9crocher une m\u00e9daille \u00e0 partir de 17h. Retrouvez les adversaires des Bleus ainsi que leur ordre de passage ci-dessous.<\/p>\n<div class=\"su-row\"><div class=\"su-column su-column-size-1-2\"><div class=\"su-column-inner su-u-clearfix su-u-trim\"><strong>Tatami 2<\/strong><br \/>\n2.\ud83e\udd47 Wenna Zhuang vs <strong>Shirine Boukli<\/strong><br \/>\n9.\ud83e\udd49 Momo Tamaoki vs<strong> Chlo\u00e9 Devictor<\/strong><br \/>\n10.\ud83e\udd47 Akari Omori vs <strong>Sarah-L\u00e9onie Cysique<\/strong><br \/>\n11.\ud83e\udd49 Muhiddin Asadulloev vs <strong>Dayyan Boulemtafes<\/strong><\/p>\n<\/div><\/div>\n<div class=\"su-column su-column-size-1-2\"><div class=\"su-column-inner su-u-clearfix su-u-trim\"><strong>Tatami 3<\/strong><br \/>\n2.\ud83e\udd49 Seyun Jang vs\u00a0<strong>Amandine Buchard<\/strong><br \/>\n3.\ud83e\udd49 Kairi Kentoku vs <strong>Daikii Bouba<\/strong><br \/>\n4.\ud83e\udd49 Mariana Esteves vs <strong>Fa\u00efza Mokdar<\/strong><br \/>\n<\/div><\/div><\/div><\/td>\n<\/tr>\n<tr>\n<td style=\"border-color: #ffffff #ffffff #e0e0e0; background-color: #ffffff; width: 19.2201%; border-bottom-style: solid; border-bottom-width: 1px; text-align: center; vertical-align: top;\"><strong>14:41<\/strong><\/td>\n<td style=\"border-color: #ffffff #ffffff #e0e0e0; background-color: #ffffff; text-align: justify; width: 80.2691%; border-bottom-style: solid; border-bottom-width: 1px; vertical-align: top;\">\n<p style=\"text-align: justify;\">Ce sera aussi le combat pour le bronze pour <strong>Daikii Bouba<\/strong>, battu par Takesi Takeoka en demies.<\/p>\n<\/td>\n<\/tr>\n<tr>\n<td style=\"border-color: #ffffff #ffffff #e0e0e0; background-color: #ffffff; width: 19.2201%; border-bottom-style: solid; border-bottom-width: 1px; text-align: center; vertical-align: top;\"><strong>14:31<\/strong><\/td>\n<td style=\"border-color: #ffffff #ffffff #e0e0e0; background-color: #ffffff; text-align: justify; width: 80.2691%; border-bottom-style: solid; border-bottom-width: 1px; vertical-align: top;\">\n<p style=\"text-align: justify;\"><strong>Dayyan Boulemtafes<\/strong> n&rsquo;a pu sortir de l&rsquo;immobilisation de Makhmadbek Mkhmadbekov et combattra pour le bronze.<\/p>\n<\/td>\n<\/tr>\n<tr>\n<td style=\"border-color: #ffffff #ffffff #e0e0e0; background-color: #ffffff; width: 19.2201%; border-bottom-style: solid; border-bottom-width: 1px; text-align: center; vertical-align: top;\"><strong>14:28<\/strong><\/td>\n<td style=\"border-color: #ffffff #ffffff #e0e0e0; background-color: #ffffff; text-align: justify; width: 80.2691%; border-bottom-style: solid; border-bottom-width: 1px; vertical-align: top;\">Aux rep\u00eachages face \u00e0 Joanne van Lieshout, <strong>Manon Deketer<\/strong> s&rsquo;est inclin\u00e9e. La Fran\u00e7aise \u00e9tait tr\u00e8s marqu\u00e9e \u00e0 la fin de son combat, pointant l&rsquo;arbitrage.<\/td>\n<\/tr>\n<tr>\n<td style=\"border-color: #ffffff #ffffff #e0e0e0; background-color: #ffffff; width: 19.2201%; border-bottom-style: solid; border-bottom-width: 1px; text-align: center; vertical-align: top;\"><strong>14:18<\/strong><\/td>\n<td style=\"border-color: #ffffff #ffffff #e0e0e0; background-color: #ffffff; text-align: justify; width: 80.2691%; border-bottom-style: solid; border-bottom-width: 1px; vertical-align: top;\">\n<p style=\"text-align: justify;\"><strong>Shirine Boukli en finale !\u00a0<\/strong><\/p>\n<p>Comme en finale en 2024 et en demies l&rsquo;ann\u00e9e derni\u00e8re, Shirine Boukli a battu Wakana Koga et combattra pour l&rsquo;or !<\/td>\n<\/tr>\n<tr>\n<td style=\"border-color: #ffffff #ffffff #e0e0e0; background-color: #ffffff; width: 19.2201%; border-bottom-style: solid; border-bottom-width: 1px; text-align: center; vertical-align: top;\"><strong>14:06<\/strong><\/td>\n<td style=\"border-color: #ffffff #ffffff #e0e0e0; background-color: #ffffff; text-align: justify; width: 80.2691%; border-bottom-style: solid; border-bottom-width: 1px; vertical-align: top;\">Dans la demie 100% bleue entre <strong>Sarah-L\u00e9onie Cysique<\/strong> et <strong>Chlo\u00e9 Devictor<\/strong>, la premi\u00e8re a pris le dessus au sol avec un waza-ari et yuko sans pouvoir aller au bout de son immobilisation.<\/p>\n<p>De son c\u00f4t\u00e9, men\u00e9e de 2 yuko et 1 waza-ari par Akari Omori, <strong>Fa\u00efza Mokdar<\/strong> combattra pour le bronze.<\/td>\n<\/tr>\n<tr>\n<td style=\"border-color: #ffffff #ffffff #e0e0e0; background-color: #ffffff; width: 19.2201%; border-bottom-style: solid; border-bottom-width: 1px; text-align: center; vertical-align: top;\"><strong>13:54<\/strong><\/td>\n<td style=\"border-color: #ffffff #ffffff #e0e0e0; background-color: #ffffff; text-align: justify; width: 80.2691%; border-bottom-style: solid; border-bottom-width: 1px; vertical-align: top;\">Face \u00e0 la num\u00e9ro 1 mondiale Distria Krasniqi contre qui elle a de bonnes stats, <strong>Amandine Buchard<\/strong> n&rsquo;a pas pu refaire son retard. Elle combattra pour le bronze.<\/td>\n<\/tr>\n<tr>\n<td style=\"border-color: #ffffff #ffffff #e0e0e0; background-color: #ffffff; width: 19.2201%; border-bottom-style: solid; border-bottom-width: 1px; text-align: center; vertical-align: top;\"><strong>13:26<\/strong><\/td>\n<td style=\"border-color: #ffffff #ffffff #e0e0e0; background-color: #ffffff; text-align: justify; width: 80.2691%; border-bottom-style: solid; border-bottom-width: 1px; vertical-align: top;\">\n<p style=\"text-align: justify;\"><strong>Super Bouba !\u00a0<\/strong><\/p>\n<p style=\"text-align: justify;\"><strong>Daikii Bouba <\/strong>r\u00e9alise un superbe ippon face \u00e0 Miguel Gago et se qualifie pour les demies.<\/p>\n<\/td>\n<\/tr>\n<tr>\n<td style=\"border-color: #ffffff #ffffff #e0e0e0; background-color: #ffffff; width: 19.2201%; border-bottom-style: solid; border-bottom-width: 1px; text-align: center; vertical-align: top;\"><strong>13:19<\/strong><\/td>\n<td style=\"border-color: #ffffff #ffffff #e0e0e0; background-color: #ffffff; text-align: justify; width: 80.2691%; border-bottom-style: solid; border-bottom-width: 1px; vertical-align: top;\"><strong>Fa\u00efza Mokdar<\/strong> rejoint les demies apr\u00e8s sa victoire face \u00e0 Adriana Rodriguez Salvador.<\/td>\n<\/tr>\n<tr>\n<td style=\"border-color: #ffffff #ffffff #e0e0e0; background-color: #ffffff; width: 19.2201%; border-bottom-style: solid; border-bottom-width: 1px; text-align: center; vertical-align: top;\"><strong>13:05<\/strong><\/td>\n<td style=\"border-color: #ffffff #ffffff #e0e0e0; background-color: #ffffff; text-align: justify; width: 80.2691%; border-bottom-style: solid; border-bottom-width: 1px; vertical-align: top;\">\n<p style=\"text-align: justify;\"><strong>Double victoire\u00a0<\/strong><\/p>\n<p style=\"text-align: justify;\">Un shido, un yuko un waza-ari partout : \u00e9galit\u00e9 parfaite entre <strong>Daikii Bouba<\/strong>, rejoint par Narmanadkh Bayanmunkh. Mais c&rsquo;est bien le Fran\u00e7ais qui va s&rsquo;imposer. Quasiment dans le m\u00eame temps qu&rsquo;<strong>Amandine Buchard<\/strong>. Qui signe une 9e victoire en autant de combats face \u00e0 Reka Pupp.\u00a0 Direction les quarts pour Bouba, la demie pou Buchard.<\/p>\n<\/td>\n<\/tr>\n<tr>\n<td style=\"border-color: #ffffff #ffffff #e0e0e0; background-color: #ffffff; width: 19.2201%; border-bottom-style: solid; border-bottom-width: 1px; text-align: center; vertical-align: top;\"><strong>12:52<\/strong><\/td>\n<td style=\"border-color: #ffffff #ffffff #e0e0e0; background-color: #ffffff; text-align: justify; width: 80.2691%; border-bottom-style: solid; border-bottom-width: 1px; vertical-align: top;\">\n<p style=\"text-align: justify;\">Apr\u00e8s un dur combat,<strong> Peter Jean <\/strong>\u00e9choue au 3e tour face \u00e0 Muhiddin Asadulloev, le champion du monde juniors 2025.<\/p>\n<\/td>\n<\/tr>\n<tr>\n<td style=\"border-color: #ffffff #ffffff #e0e0e0; background-color: #ffffff; width: 19.2201%; border-bottom-style: solid; border-bottom-width: 1px; text-align: center; vertical-align: top;\"><strong>\ud83c\udf99\ufe0f\u00a0<\/strong><\/td>\n<td style=\"border-color: #ffffff #ffffff #e0e0e0; background-color: #ffffff; text-align: justify; width: 80.2691%; border-bottom-style: solid; border-bottom-width: 1px; vertical-align: top;\">\n<p style=\"text-align: justify;\"><strong>La r\u00e9action de Luka Mkheidze<\/strong><\/p>\n<p>Je suis d\u00e9\u00e7u, \u00e9videmment. Je perds mon match sur Golden Score. J&rsquo;\u00e9tais un peu moins intransigeant sur le Golden Score, il y a une s\u00e9quence o\u00f9 je n&rsquo;avais pas les mains devant, je me suis fait un peu d\u00e9border et il m&rsquo;a surpris.<\/p>\n<p>Lors du premier match , j&rsquo;\u00e9tais pr\u00e9cis, je savais sur quoi il \u00e9tait dangereux, c&rsquo;\u00e9tait un droitier. Apr\u00e8s, j&rsquo;ai pris un gaucher. Pareil, il \u00e9tait beaucoup sur l&rsquo;arri\u00e8re. J&rsquo;\u00e9tais les deux pieds sur la m\u00eame ligne, je n&rsquo;ai pas r\u00e9ussi \u00e0 me d\u00e9caler, je suis rest\u00e9 trop face \u00e0 lui, j&rsquo;ai pas forc\u00e9ment mis les mains&#8230; Il a \u00e9t\u00e9 opportuniste donc rien \u00e0 dire.<\/td>\n<\/tr>\n<tr>\n<td style=\"border-color: #ffffff #ffffff #e0e0e0; background-color: #ffffff; width: 19.2201%; border-bottom-style: solid; border-bottom-width: 1px; text-align: center; vertical-align: top;\"><strong>12h19<\/strong><\/td>\n<td style=\"border-color: #ffffff #ffffff #e0e0e0; background-color: #ffffff; text-align: justify; width: 80.2691%; border-bottom-style: solid; border-bottom-width: 1px; vertical-align: top;\">\n<p style=\"text-align: justify;\"><strong>Dayyan Boulemtafes poursuit son chemin<\/strong><\/p>\n<p style=\"text-align: justify;\">Pour son quart face \u00e0 Tatsuki Ishihara,\u00a0<strong>Dayyan Boulemtafes\u00a0<\/strong>men\u00e9 de longues minutes, s&rsquo;impose finalement sur ippon apr\u00e8s \u00eatre revenu \u00e0 hauteur du Japonais ! Direction les demies.<\/p>\n<p style=\"text-align: justify;\"><strong>Manon Deketer\u00a0<\/strong>s&rsquo;est en revanche inclin\u00e9e en quarts face \u00e0 Kirari Yamaguchi.<\/p>\n<\/td>\n<\/tr>\n<tr>\n<td style=\"border-color: #ffffff #ffffff #e0e0e0; background-color: #ffffff; width: 19.2201%; border-bottom-style: solid; border-bottom-width: 1px; text-align: center; vertical-align: top;\">\ud83c\udf99\ufe0f<\/p>\n<p><strong>\u00a0<\/strong><\/td>\n<td style=\"border-color: #ffffff #ffffff #e0e0e0; background-color: #ffffff; text-align: justify; width: 80.2691%; border-bottom-style: solid; border-bottom-width: 1px; vertical-align: top;\">\n<p style=\"text-align: justify;\"><strong>Joan-Benjamin Gaba : \u00ab\u00a0Je me sentais fatigu\u00e9 sur la journ\u00e9e\u00a0\u00bb<\/strong><\/p>\n<blockquote>\n<p style=\"text-align: justify;\">Il y a de la d\u00e9ception. Je ne suis pas venu pour \u00e7a, c\u2019est dommage. Je suis pas en grande forme ces temps-ci. Apr\u00e8s c&rsquo;est le sport, ce n&rsquo;est pas la fin du monde. Mais c&rsquo;est dommage parce que ce Grand Chelem je voulais le gagner.<\/p>\n<p style=\"text-align: justify;\">Je me sentais fatigu\u00e9 sur la journ\u00e9e, d\u00e8s l&rsquo;\u00e9chauffement. Je ne me suis pas senti en forme comme sur les \u00e9ch\u00e9ances o\u00f9 j&rsquo;ai pu performer. Donc je me suis dit que j&rsquo;allais faire avec mes armes malgr\u00e9 tout, m\u00eame en n&rsquo;\u00e9tant pas en forme. Je pense que je dois quand m\u00eame faire mieux. Peut-\u00eatre que j&rsquo;ai mal abord\u00e9 la comp\u00e9tition , peut-\u00eatre que j&rsquo;ai mal abord\u00e9 mes matchs, il faut que je r\u00e9fl\u00e9chisse. Cet Anglais (<em>Benjamin Levy, ndlr.<\/em>) vient s&rsquo;entra\u00eener \u00e0 l&rsquo;INSEP des fois donc on se conna\u00eet bien. Quand on prend plusieurs fois quelqu&rsquo;un, on commence \u00e0 se conna\u00eetre et on arrive plus facilement \u00e0 annihiler l&rsquo;autre. Donc c\u2019\u00e9tait un combat un peu plus compliqu\u00e9.<\/p>\n<\/blockquote>\n<\/td>\n<\/tr>\n<tr>\n<td style=\"border-color: #ffffff #ffffff #e0e0e0; background-color: #ffffff; width: 19.2201%; border-bottom-style: solid; border-bottom-width: 1px; text-align: center; vertical-align: top;\"><strong>12h05\u00a0<\/strong><\/p>\n<p>\u2705<\/td>\n<td style=\"border-color: #ffffff #ffffff #e0e0e0; background-color: #ffffff; text-align: justify; width: 80.2691%; border-bottom-style: solid; border-bottom-width: 1px; vertical-align: top;\">\n<p style=\"text-align: justify;\"><strong>Sarah-L\u00e9onie Cysique en demies<\/strong><\/p>\n<p>On se console avec la belle qualification en demies de <strong>Sarah-L\u00e9onie Cysique<\/strong> (-57 kg) apr\u00e8s sa victoire express sur ippon face \u00e0 Mariana Esteves. Et \u00e7a sera face \u00e0 Chlo\u00e9 Devictor donc nous aurons une Fran\u00e7aise en finale !<\/p>\n<p style=\"text-align: justify;\">Entr\u00e9e en lice r\u00e9ussie pour\u00a0<strong>Fa\u00efza Mokdar<\/strong> dans la m\u00eame cat\u00e9gorie qui passe Tassnim Roshdy et qui se qualifie pour les quarts.<\/p>\n<\/td>\n<\/tr>\n<tr>\n<td style=\"border-color: #ffffff #ffffff #e0e0e0; background-color: #ffffff; width: 19.2201%; border-bottom-style: solid; border-bottom-width: 1px; text-align: center; vertical-align: top;\"><strong>11:57<\/strong><\/p>\n<p>\u274c<\/td>\n<td style=\"border-color: #ffffff #ffffff #e0e0e0; background-color: #ffffff; text-align: justify; width: 80.2691%; border-bottom-style: solid; border-bottom-width: 1px; vertical-align: top;\">\n<p style=\"text-align: justify;\"><strong>C&rsquo;est fini pour Luka Mkheidze<\/strong><\/p>\n<p style=\"text-align: justify;\">Encore une d\u00e9ception avec l&rsquo;\u00e9limination de <strong>Luka Mkheidze<\/strong> sur ippon au golden score par Jonathan Ch\u00e2ton.<\/p>\n<p><strong>\u00a0<\/strong><\/td>\n<\/tr>\n<tr>\n<td style=\"border-color: #ffffff #ffffff #e0e0e0; background-color: #ffffff; width: 19.2201%; border-bottom-style: solid; border-bottom-width: 1px; text-align: center; vertical-align: top;\"><strong>11:45<\/strong><\/p>\n<p>\u274c<\/td>\n<td style=\"border-color: #ffffff #ffffff #e0e0e0; background-color: #ffffff; text-align: justify; width: 80.2691%; border-bottom-style: solid; border-bottom-width: 1px; vertical-align: top;\"><strong>\u00c9LIMINATION DE GABA<\/strong><\/p>\n<p>Nouveau coup de tonnerre avec l&rsquo;\u00e9limination de <strong>Joan-Benjamin Gaba<\/strong> d\u00e8s le 3\u00e8me tour.<\/p>\n<p style=\"text-align: justify;\">Apr\u00e8s 8 minutes de combat,<strong> Amandine Buchard<\/strong> passe en quarts.<\/p>\n<\/td>\n<\/tr>\n<tr>\n<td style=\"border-color: #ffffff #ffffff #e0e0e0; background-color: #ffffff; width: 19.2201%; border-bottom-style: solid; border-bottom-width: 1px; text-align: center; vertical-align: top;\"><strong>11:07<\/strong><\/p>\n<p><strong>\u274c<\/strong><\/td>\n<td style=\"border-color: #ffffff #ffffff #e0e0e0; background-color: #ffffff; text-align: justify; width: 80.2691%; border-bottom-style: solid; border-bottom-width: 1px; vertical-align: top;\"><strong>D\u00c9SILLUSION POUR VALADIER-PICARD !<\/strong><\/p>\n<p style=\"text-align: justify;\">Le tenant du titre en -66 kg\u00a0<strong>Romain Valadier-Picard <\/strong>\u00a0s&rsquo;est inclin\u00e9 d\u00e8s le deuxi\u00e8me tour face \u00e0 Harim Lee apr\u00e8s un gros combat.<\/p>\n<p style=\"text-align: justify;\">Face \u00e0 la num\u00e9ro 1 japonaise Wakana Koga,\u00a0<strong>Laura Espadinha\u00a0<\/strong>n&rsquo;a rien pu faire et a subi une d\u00e9faite rapide sur ippon.<\/p>\n<\/td>\n<\/tr>\n<tr>\n<td style=\"border-color: #ffffff #ffffff #e0e0e0; background-color: #ffffff; width: 19.2201%; border-bottom-style: solid; border-bottom-width: 1px; text-align: center; vertical-align: top;\"><strong>10:45<\/strong><\/td>\n<td style=\"border-color: #ffffff #ffffff #e0e0e0; background-color: #ffffff; text-align: justify; width: 80.2691%; border-bottom-style: solid; border-bottom-width: 1px; vertical-align: top;\"><strong>Belle victoire pour Chlo\u00e9 Devictor\u00a0<\/strong><\/p>\n<p>Face \u00e0 la num\u00e9ro 5 mondiale Shirlen Nascimento, <strong>Chlo\u00e9 Devictor<\/strong> a \u00e9t\u00e9 solide au sol et s&rsquo;impose avec un yuko.<\/p>\n<blockquote class=\"twitter-tweet\">\n<p dir=\"ltr\" lang=\"en\">Devictor gets the home crowd going! \ud83c\uddeb\ud83c\uddf7<\/p>\n<p>Follow all the action on <a href=\"https:\/\/t.co\/5YYXyE0nko\">https:\/\/t.co\/5YYXyE0nko<\/a> \ud83d\udcbb<a href=\"https:\/\/twitter.com\/hashtag\/JudoParis?src=hash&amp;ref_src=twsrc%5Etfw\">#JudoParis<\/a> <a href=\"https:\/\/twitter.com\/hashtag\/France?src=hash&amp;ref_src=twsrc%5Etfw\">#France<\/a> <a href=\"https:\/\/twitter.com\/hashtag\/Paris?src=hash&amp;ref_src=twsrc%5Etfw\">#Paris<\/a> <a href=\"https:\/\/twitter.com\/hashtag\/IJF?src=hash&amp;ref_src=twsrc%5Etfw\">#IJF<\/a> <a href=\"https:\/\/twitter.com\/hashtag\/Judo?src=hash&amp;ref_src=twsrc%5Etfw\">#Judo<\/a> <a href=\"https:\/\/twitter.com\/hashtag\/RoadToLA2028?src=hash&amp;ref_src=twsrc%5Etfw\">#RoadToLA2028<\/a> <a href=\"https:\/\/t.co\/0vHjq62nD4\">pic.twitter.com\/0vHjq62nD4<\/a><\/p>\n<p>\u2014 Judo (@Judo) <a href=\"https:\/\/twitter.com\/Judo\/status\/2020070461128769983?ref_src=twsrc%5Etfw\">February 7, 2026<\/a><\/p><\/blockquote>\n<p><script async src=\"https:\/\/platform.twitter.com\/widgets.js\" charset=\"utf-8\"><\/script><\/td>\n<\/tr>\n<tr>\n<td style=\"border-color: #ffffff #ffffff #e0e0e0; background-color: #ffffff; width: 19.2201%; border-bottom-style: solid; border-bottom-width: 1px; text-align: center; vertical-align: top;\"><strong>10:36<\/strong><\/td>\n<td style=\"border-color: #ffffff #ffffff #e0e0e0; background-color: #ffffff; text-align: justify; width: 80.2691%; border-bottom-style: solid; border-bottom-width: 1px; vertical-align: top;\"><strong>\u00c7a continue pour Daikii Bouba<\/strong><\/p>\n<p style=\"text-align: justify;\">Face au champion du monde Ryuju Nagayama, <strong>Maxime Merlin<\/strong> (-60 kg) a plus que r\u00e9sist\u00e9 mais s&rsquo;incline finalement au golden score. Tout comme <strong>Oph\u00e9lie Vellozzi<\/strong> face \u00e0 Momo Tamaoki.<\/p>\n<p style=\"text-align: justify;\"><strong>Daikii Bouba<\/strong> (-66 kg) a eu besoin d&rsquo;une minute au golden score pour s&rsquo;imposer face \u00e0 Minghao Zhang.<\/p>\n<\/td>\n<\/tr>\n<tr>\n<td style=\"border-color: #ffffff #ffffff #e0e0e0; background-color: #ffffff; width: 19.2201%; border-bottom-style: solid; border-bottom-width: 1px; text-align: center; vertical-align: top;\"><strong>10:15<\/strong><\/td>\n<td style=\"border-color: #ffffff #ffffff #e0e0e0; background-color: #ffffff; text-align: justify; width: 80.2691%; border-bottom-style: solid; border-bottom-width: 1px; vertical-align: top;\"><strong>Peter Jean<\/strong> (-73 kg) a tenu son avantage face \u00e0 Ryuga Tanaka malgr\u00e9 2 p\u00e9nalit\u00e9s.<\/td>\n<\/tr>\n<tr>\n<td style=\"border-color: #ffffff #ffffff #e0e0e0; background-color: #ffffff; width: 19.2201%; border-bottom-style: solid; border-bottom-width: 1px; text-align: center; vertical-align: top;\"><strong>10:11<\/strong><\/td>\n<td style=\"border-color: #ffffff #ffffff #e0e0e0; background-color: #ffffff; text-align: justify; width: 80.2691%; border-bottom-style: solid; border-bottom-width: 1px; vertical-align: top;\"><strong>Luka Mkheidze<\/strong> (-60 kg) n&rsquo;a pas tra\u00een\u00e9 pour son premier combat.<br \/>\nDayyan Boulemtafes l&rsquo;a imite\u00e9 avec une victoire sur ippon face \u00e0 Levi Maerkt.<strong>Walide Khyar<\/strong> (-66 kg) \u00e9tait en danger face au japonais Kairi Kentoku qui n&rsquo;a cess\u00e9 de tenter de le faucher. Il a finalement r\u00e9ussi et s&rsquo;impose sur ippon.<\/p>\n<blockquote class=\"twitter-tweet\">\n<p dir=\"ltr\" lang=\"en\">A beautiful uchi-mata from Kentoku! \ud83c\uddef\ud83c\uddf5<\/p>\n<p>Follow all the action on <a href=\"https:\/\/t.co\/5YYXyE0V9W\">https:\/\/t.co\/5YYXyE0V9W<\/a> \ud83d\udcbb<a href=\"https:\/\/twitter.com\/hashtag\/JudoParis?src=hash&amp;ref_src=twsrc%5Etfw\">#JudoParis<\/a> <a href=\"https:\/\/twitter.com\/hashtag\/France?src=hash&amp;ref_src=twsrc%5Etfw\">#France<\/a> <a href=\"https:\/\/twitter.com\/hashtag\/Paris?src=hash&amp;ref_src=twsrc%5Etfw\">#Paris<\/a> <a href=\"https:\/\/twitter.com\/hashtag\/IJF?src=hash&amp;ref_src=twsrc%5Etfw\">#IJF<\/a> <a href=\"https:\/\/twitter.com\/hashtag\/Judo?src=hash&amp;ref_src=twsrc%5Etfw\">#Judo<\/a> <a href=\"https:\/\/twitter.com\/hashtag\/RoadToLA2028?src=hash&amp;ref_src=twsrc%5Etfw\">#RoadToLA2028<\/a> <a href=\"https:\/\/t.co\/NQQYZK3L7b\">pic.twitter.com\/NQQYZK3L7b<\/a><\/p>\n<p>\u2014 Judo (@Judo) <a href=\"https:\/\/twitter.com\/Judo\/status\/2020078167848010093?ref_src=twsrc%5Etfw\">February 7, 2026<\/a><\/p><\/blockquote>\n<p><script async src=\"https:\/\/platform.twitter.com\/widgets.js\" charset=\"utf-8\"><\/script><\/td>\n<\/tr>\n<tr>\n<td style=\"border-color: #ffffff #ffffff #e0e0e0; background-color: #ffffff; width: 19.2201%; border-bottom-style: solid; border-bottom-width: 1px; text-align: center; vertical-align: top;\"><strong>09:56<\/strong><\/td>\n<td style=\"border-color: #ffffff #ffffff #e0e0e0; background-color: #ffffff; text-align: justify; width: 80.2691%; border-bottom-style: solid; border-bottom-width: 1px; vertical-align: top;\">\n<p style=\"text-align: justify;\">Pour son entr\u00e9e en lice, le champion du monde<strong> Joan-Benjamin Gaba<\/strong> (-73 kg) s&rsquo;est impos\u00e9 sur hansoku-make face \u00e0 Steven Boldbaatar.<\/p>\n<p style=\"text-align: justify;\"><strong>Doria Boursas<\/strong> (-63 kg) n&rsquo;a rien pu faire face \u00e0 Gili Sharir.<\/p>\n<\/td>\n<\/tr>\n<tr>\n<td style=\"border-color: #ffffff #ffffff #e0e0e0; background-color: #ffffff; width: 19.2201%; border-bottom-style: solid; border-bottom-width: 1px; text-align: center; vertical-align: top;\"><strong>09:47<\/strong><\/td>\n<td style=\"border-color: #ffffff #ffffff #e0e0e0; background-color: #ffffff; text-align: justify; width: 80.2691%; border-bottom-style: solid; border-bottom-width: 1px; vertical-align: top;\">\n<p style=\"text-align: justify;\"><strong>Marine Gilly <\/strong>(-48 kg) ne passe pas le premier tour face \u00e0 Erza Muminoviq. Pour sa grande premi\u00e8re chez les seniors,\u00a0<strong>Audren Guenneugues <\/strong>(-63 kg) s&rsquo;est inclin\u00e9e.<\/p>\n<\/td>\n<\/tr>\n<tr>\n<td style=\"border-color: #ffffff #ffffff #e0e0e0; background-color: #ffffff; width: 19.2201%; border-bottom-style: solid; border-bottom-width: 1px; text-align: center; vertical-align: top;\"><strong>09:22<\/strong><\/td>\n<td style=\"border-color: #ffffff #ffffff #e0e0e0; background-color: #ffffff; text-align: justify; width: 80.2691%; border-bottom-style: solid; border-bottom-width: 1px; vertical-align: top;\">\n<p style=\"text-align: justify;\"><strong>Premi\u00e8re r\u00e9ussie pour Amandine Buchard<\/strong><\/p>\n<p>Sous la clameur du public,\u00a0<strong>Amandine Buchard\u00a0<\/strong>(-52 kg) s&rsquo;est impos\u00e9e face \u00e0 Nandin-Erdene Myagmarsuren. Victoire \u00e9galement pour <strong>Laura Espadinha\u00a0<\/strong>(-48 kg) face \u00e0 Maria Segunda.<\/td>\n<\/tr>\n<tr>\n<td style=\"border-color: #ffffff #ffffff #e0e0e0; background-color: #ffffff; width: 19.2201%; border-bottom-style: solid; border-bottom-width: 1px; text-align: center; vertical-align: top;\"><strong>09:17<\/strong><\/td>\n<td style=\"border-color: #ffffff #ffffff #e0e0e0; background-color: #ffffff; text-align: justify; width: 80.2691%; border-bottom-style: solid; border-bottom-width: 1px; vertical-align: top;\">\n<p style=\"text-align: justify;\"><strong>1 victoire, 1 d\u00e9faite<\/strong><\/p>\n<p style=\"text-align: justify;\">Oppos\u00e9e \u00e0 Tzu-Yun Liu, <strong>Oph\u00e9lie Vellozzi\u00a0<\/strong>(-57 kg) a r\u00e9ussi son entr\u00e9e en lice tandis que <strong>Blandine Pont<\/strong> (-52 kg) qui n&rsquo;avait plus combattu \u00e0 Paris depuis 2023, s&rsquo;est inclin\u00e9e face \u00e0 Fationa Kasapi.<\/p>\n<\/td>\n<\/tr>\n<tr>\n<td style=\"border-color: #ffffff #ffffff #e0e0e0; background-color: #ffffff; width: 19.2201%; border-bottom-style: solid; border-bottom-width: 1px; text-align: center; vertical-align: top;\"><strong>09:09<\/strong><\/td>\n<td style=\"border-color: #ffffff #ffffff #e0e0e0; background-color: #ffffff; text-align: justify; width: 80.2691%; border-bottom-style: solid; border-bottom-width: 1px; vertical-align: top;\">\n<p style=\"text-align: justify;\"><strong>\u00c7a passe pour Chlo\u00e9 Devictor<\/strong><\/p>\n<p style=\"text-align: justify;\">En -57 kg, <strong>Chlo\u00e9 Devictor\u00a0<\/strong>a r\u00e9ussi son entr\u00e9e en lice tandis que <strong>Pauline Cuq<\/strong> (-52 kg) s&rsquo;est inclin\u00e9e face \u00e0 la Japonaise Nanako Tsubone.<\/p>\n<\/td>\n<\/tr>\n<tr>\n<td style=\"border-color: #ffffff #ffffff #e0e0e0; background-color: #ffffff; width: 19.2201%; border-bottom-style: solid; border-bottom-width: 1px; text-align: center; vertical-align: top;\"><strong>08:52<\/strong><\/td>\n<td style=\"border-color: #ffffff #ffffff #e0e0e0; background-color: #ffffff; text-align: justify; width: 80.2691%; border-bottom-style: solid; border-bottom-width: 1px; vertical-align: top;\">\n<p style=\"text-align: justify;\"><strong>Premi\u00e8re victoire en GS pour Alicia Marques !<\/strong><\/p>\n<p style=\"text-align: justify;\"><strong>Alicia Marques<\/strong> (-52 kg), 19 ans, participe \u00e0 son premier Grand Slam. Et elle a \u00e9t\u00e9 au bout des 4 minutes pour s&rsquo;imposer face \u00e0 Tereza Bodnarova.<\/p>\n<\/td>\n<\/tr>\n<tr>\n<td style=\"border-color: #ffffff #ffffff #e0e0e0; background-color: #ffffff; width: 19.2201%; border-bottom-style: solid; border-bottom-width: 1px; text-align: center; vertical-align: top;\"><strong>08:41<\/strong><\/td>\n<td style=\"border-color: #ffffff #ffffff #e0e0e0; background-color: #ffffff; text-align: justify; width: 80.2691%; border-bottom-style: solid; border-bottom-width: 1px; vertical-align: top;\">\n<p style=\"text-align: justify;\"><strong>Deux victoires, deux d\u00e9faites<\/strong><\/p>\n<p style=\"text-align: justify;\">Les jeunes de 20 ans <strong>Kelvin Ray <\/strong>(-66 kg) et\u00a0<strong>Nathan Cadignan\u00a0<\/strong>(-73 kg) se sont inclin\u00e9s lors de leur premier combat.<\/p>\n<p style=\"text-align: justify;\">En revanche, \u00e7a passe pour\u00a0<strong>Alexis Renard\u00a0<\/strong>(-66 kg) et\u00a0<strong>Peter Jean\u00a0<\/strong>(-73 kg)\u00a0face \u00e0 Andrej Klokov et Jerome Zelman.<\/p>\n<\/td>\n<\/tr>\n<tr style=\"height: 120px;\">\n<td style=\"border-color: #ffffff #ffffff #e0e0e0; background-color: #ffffff; width: 19.2201%; border-bottom-style: solid; border-bottom-width: 1px; text-align: center; vertical-align: top;\"><strong>08:37<\/strong><\/p>\n<p>\ud83e\udd4b<\/td>\n<td style=\"border-color: #ffffff #ffffff #e0e0e0; background-color: #ffffff; text-align: justify; width: 80.2691%; border-bottom-style: solid; border-bottom-width: 1px; vertical-align: top;\">\n<p style=\"text-align: justify;\"><strong>Bienvenue !<\/strong><\/p>\n<p style=\"text-align: justify;\">C&rsquo;est parti pour le premier Grand Slam de la saison \u00e0 Paris. Retrouvez sur ce direct tous les r\u00e9sultats des 28 Fran\u00e7ais engag\u00e9s.<\/p>\n<\/td>\n<\/tr>\n<\/tbody>\n<\/table>\n<p><!--nextpage--><\/p>\n<table style=\"width: 97%; border-color: #ffffff;\">\n<tbody>\n<tr style=\"height: 120px;\">\n<td style=\"border-color: #ffffff #ffffff #e0e0e0; background-color: #ffffff; width: 19.2201%; border-bottom-style: solid; border-bottom-width: 1px; text-align: center; vertical-align: top;\"><strong>18:55<\/strong><\/p>\n<p>\ud83e\udd48\ud83e\udd49<\/td>\n<td style=\"border-color: #ffffff #ffffff #e0e0e0; background-color: #ffffff; text-align: justify; width: 80.2691%; border-bottom-style: solid; border-bottom-width: 1px; vertical-align: top;\">\n<p style=\"text-align: justify;\"><strong>MARTHA FAWAZ TITR\u00c9E,\u00a0 OPH\u00c9LIE VELLOZZI EN BRONZE<\/strong><\/p>\n<p style=\"text-align: justify;\">On ne les arr\u00eate plus ! Les Bleues remportent 2 nouvelles m\u00e9dailles : le titre pour Martha Fawaz chez les -57 kg et le bronze pour Oph\u00e9lie Vellozzi.<\/p>\n<div class=\"vlp-link-container vlp-layout-article\"><a href=\"https:\/\/dicodusport.fr\/blog\/judo-paris-grand-slam-2025-martha-fawaz-remporte-lor-ophelie-vellozzi-en-bronze-57-kg\/\" class=\"vlp-link\" title=\"Judo Paris Grand Slam 2025 : Martha Fawaz remporte l&#039;or, Oph\u00e9lie Vellozzi en bronze (-57 kg)\"><\/a><div class=\"vlp-layout-zone-side\"><div class=\"vlp-block-4 vlp-link-image\"><img loading=\"lazy\" decoding=\"async\" style=\"max-width: 792px;\" width=\"792\" height=\"445\" src=\"https:\/\/dicodusport.fr\/blog\/wp-content\/uploads\/2025\/02\/Judo-Paris-Grand-Slam-2025-Martha-Fawaz-remporte-lor-Ophelie-Vellozzi-en-bronze.png\" class=\"attachment-800x445 size-800x445\" alt=\"\" srcset=\"https:\/\/dicodusport.fr\/blog\/wp-content\/uploads\/2025\/02\/Judo-Paris-Grand-Slam-2025-Martha-Fawaz-remporte-lor-Ophelie-Vellozzi-en-bronze.png 1200w, https:\/\/dicodusport.fr\/blog\/wp-content\/uploads\/2025\/02\/Judo-Paris-Grand-Slam-2025-Martha-Fawaz-remporte-lor-Ophelie-Vellozzi-en-bronze-300x169.png 300w, https:\/\/dicodusport.fr\/blog\/wp-content\/uploads\/2025\/02\/Judo-Paris-Grand-Slam-2025-Martha-Fawaz-remporte-lor-Ophelie-Vellozzi-en-bronze-1024x575.png 1024w, https:\/\/dicodusport.fr\/blog\/wp-content\/uploads\/2025\/02\/Judo-Paris-Grand-Slam-2025-Martha-Fawaz-remporte-lor-Ophelie-Vellozzi-en-bronze-768x431.png 768w\" sizes=\"auto, (max-width: 792px) 100vw, 792px\" \/><\/div><\/div><div class=\"vlp-layout-zone-main\"><div class=\"vlp-block-0 vlp-link-title\">Judo Paris Grand Slam 2025 : Martha Fawaz remporte l'or, Oph\u00e9lie Vellozzi en bronze (-57 kg)<\/div><div class=\"vlp-block-1 vlp-link-summary\">Martha Fawaz et Oph\u00e9lie Vellozzi font grimper le compteur.<\/div><div class=\"vlp-block-2 vlp-link-button\">Lire l'article<\/div><div class=\"vlp-block-3 vlp-link-url\">dicodusport.fr<\/div><\/div><\/div><\/td>\n<\/tr>\n<\/tbody>\n<\/table>\n<table style=\"width: 97%; border-color: #ffffff;\">\n<tbody>\n<tr style=\"height: 120px;\">\n<td style=\"border-color: #ffffff #ffffff #e0e0e0; background-color: #ffffff; width: 19.2201%; border-bottom-style: solid; border-bottom-width: 1px; text-align: center; vertical-align: top;\"><strong>18:34<\/strong><\/p>\n<p>\ud83e\udd48\ud83e\udd47\ud83e\udd49<\/td>\n<td style=\"border-color: #ffffff #ffffff #e0e0e0; background-color: #ffffff; text-align: justify; width: 80.2691%; border-bottom-style: solid; border-bottom-width: 1px; vertical-align: top;\">\n<p style=\"text-align: justify;\"><strong>DEUX NOUVELLES M\u00c9DAILLES<\/strong><\/p>\n<p style=\"text-align: justify;\">-66 kg :<b> Walide Khyar <\/b>remporte le bronze,\u00a0<strong>Daikii Bouba\u00a0<\/strong>l&rsquo;argent.<\/p>\n<div class=\"vlp-link-container vlp-layout-article\"><a href=\"https:\/\/dicodusport.fr\/blog\/judo-paris-grand-slam-2025-daikii-bouba-et-walide-khyar-sur-le-podium-en-66-kg\/\" class=\"vlp-link\" title=\"Judo Paris Grand Slam 2025 : Daikii Bouba et Walide Khyar sur le podium en -66 kg\"><\/a><div class=\"vlp-layout-zone-side\"><div class=\"vlp-block-4 vlp-link-image\"><img loading=\"lazy\" decoding=\"async\" style=\"max-width: 792px;\" width=\"792\" height=\"445\" src=\"https:\/\/dicodusport.fr\/blog\/wp-content\/uploads\/2025\/02\/Judo-Paris-Grand-Slam-2025-Daikii-Bouba-et-Walide-Khyar-sur-le-podium-en-66-kg.png\" class=\"attachment-800x445 size-800x445\" alt=\"Judo Paris Grand Slam 2025 Daikii Bouba et Walide Khyar sur le podium en -66 kg\" srcset=\"https:\/\/dicodusport.fr\/blog\/wp-content\/uploads\/2025\/02\/Judo-Paris-Grand-Slam-2025-Daikii-Bouba-et-Walide-Khyar-sur-le-podium-en-66-kg.png 1200w, https:\/\/dicodusport.fr\/blog\/wp-content\/uploads\/2025\/02\/Judo-Paris-Grand-Slam-2025-Daikii-Bouba-et-Walide-Khyar-sur-le-podium-en-66-kg-300x169.png 300w, https:\/\/dicodusport.fr\/blog\/wp-content\/uploads\/2025\/02\/Judo-Paris-Grand-Slam-2025-Daikii-Bouba-et-Walide-Khyar-sur-le-podium-en-66-kg-1024x575.png 1024w, https:\/\/dicodusport.fr\/blog\/wp-content\/uploads\/2025\/02\/Judo-Paris-Grand-Slam-2025-Daikii-Bouba-et-Walide-Khyar-sur-le-podium-en-66-kg-768x431.png 768w\" sizes=\"auto, (max-width: 792px) 100vw, 792px\" \/><\/div><\/div><div class=\"vlp-layout-zone-main\"><div class=\"vlp-block-0 vlp-link-title\">Judo Paris Grand Slam 2025 : Daikii Bouba et Walide Khyar sur le podium en -66 kg<\/div><div class=\"vlp-block-1 vlp-link-summary\">GRAND SLAM DE JUDO DE PARIS 2025 - Daikii Bouba et Walide Khyar ont tous deux chut\u00e9 contre le m\u00eame adversaire, et prennent respectivement l'argent et le bronze en -66 kg.\u00a0<\/div><div class=\"vlp-block-2 vlp-link-button\">Lire l'article<\/div><div class=\"vlp-block-3 vlp-link-url\">dicodusport.fr<\/div><\/div><\/div><\/td>\n<\/tr>\n<\/tbody>\n<\/table>\n<table style=\"width: 97%; border-color: #ffffff;\">\n<tbody>\n<tr style=\"height: 120px;\">\n<td style=\"border-color: #ffffff #ffffff #e0e0e0; background-color: #ffffff; width: 19.2201%; border-bottom-style: solid; border-bottom-width: 1px; text-align: center; vertical-align: top;\"><strong>17:44<\/strong><\/p>\n<p>\ud83e\udd47\ud83e\udd48\ud83e\udd49<\/td>\n<td style=\"border-color: #ffffff #ffffff #e0e0e0; background-color: #ffffff; text-align: justify; width: 80.2691%; border-bottom-style: solid; border-bottom-width: 1px; vertical-align: top;\">\n<p style=\"text-align: justify;\"><strong>L&rsquo;OR POUR ROMAIN VALADIER-PICARD<\/strong><\/p>\n<p style=\"text-align: justify;\"><b>Romain Valadier-Picard\u00a0<\/b>s&rsquo;impose en finale et rafle sa premi\u00e8re m\u00e9daille d&rsquo;or en Grand Slam \u00e0 22 ans !<\/p>\n<div class=\"vlp-link-container vlp-layout-article\"><a href=\"https:\/\/dicodusport.fr\/blog\/judo-paris-grand-slam-2025-romain-valadier-picard-triomphe-en-60-kg-enzo-jean-en-bronze\/\" class=\"vlp-link\" title=\"Judo Paris Grand Slam 2025 : Romain Valadier-Picard triomphe en -60 kg, Enzo Jean en bronze !\"><\/a><div class=\"vlp-layout-zone-side\"><div class=\"vlp-block-4 vlp-link-image\"><img loading=\"lazy\" decoding=\"async\" style=\"max-width: 792px;\" width=\"792\" height=\"445\" src=\"https:\/\/dicodusport.fr\/blog\/wp-content\/uploads\/2025\/02\/Judo-Paris-Grand-Slam-2025-Romain-Valadier-Picard-triomphe-en-60-kg-Enzo-Jean-en-bronze-.png\" class=\"attachment-800x445 size-800x445\" alt=\"Judo Paris Grand Slam 2025 Romain Valadier-Picard triomphe en -60 kg, Enzo Jean en bronze !\" srcset=\"https:\/\/dicodusport.fr\/blog\/wp-content\/uploads\/2025\/02\/Judo-Paris-Grand-Slam-2025-Romain-Valadier-Picard-triomphe-en-60-kg-Enzo-Jean-en-bronze-.png 1200w, https:\/\/dicodusport.fr\/blog\/wp-content\/uploads\/2025\/02\/Judo-Paris-Grand-Slam-2025-Romain-Valadier-Picard-triomphe-en-60-kg-Enzo-Jean-en-bronze--300x169.png 300w, https:\/\/dicodusport.fr\/blog\/wp-content\/uploads\/2025\/02\/Judo-Paris-Grand-Slam-2025-Romain-Valadier-Picard-triomphe-en-60-kg-Enzo-Jean-en-bronze--1024x575.png 1024w, https:\/\/dicodusport.fr\/blog\/wp-content\/uploads\/2025\/02\/Judo-Paris-Grand-Slam-2025-Romain-Valadier-Picard-triomphe-en-60-kg-Enzo-Jean-en-bronze--768x431.png 768w\" sizes=\"auto, (max-width: 792px) 100vw, 792px\" \/><\/div><\/div><div class=\"vlp-layout-zone-main\"><div class=\"vlp-block-0 vlp-link-title\">Judo Paris Grand Slam 2025 : Romain Valadier-Picard triomphe en -60 kg, Enzo Jean en bronze !<\/div><div class=\"vlp-block-1 vlp-link-summary\">GRAND SLAM DE JUDO DE PARIS 2025 - Magnifique performance d'ensemble des Bleus en -60 kg avec la troisi\u00e8me place pour Enzo Jean, mais surtout l'or pour Romain Valadier-Picard, sacr\u00e9 pour la premi\u00e8re fois en Grand Slam.<\/div><div class=\"vlp-block-2 vlp-link-button\">Lire l'article<\/div><div class=\"vlp-block-3 vlp-link-url\">dicodusport.fr<\/div><\/div><\/div><\/td>\n<\/tr>\n<\/tbody>\n<\/table>\n<table style=\"width: 97%; border-color: #ffffff;\">\n<tbody>\n<tr style=\"height: 120px;\">\n<td style=\"border-color: #ffffff #ffffff #e0e0e0; background-color: #ffffff; width: 19.2201%; border-bottom-style: solid; border-bottom-width: 1px; text-align: center; vertical-align: top;\"><strong>17:35<\/strong><\/p>\n<p>\ud83e\udd49<\/td>\n<td style=\"border-color: #ffffff #ffffff #e0e0e0; background-color: #ffffff; text-align: justify; width: 80.2691%; border-bottom-style: solid; border-bottom-width: 1px; vertical-align: top;\">\n<p style=\"text-align: justify;\"><strong>LE BRONZE POUR JEAN<\/strong><\/p>\n<p style=\"text-align: justify;\"><b>Enzo Jean<\/b>, 22 ans, remporte le bronze chez les -60 kg.\u00a0<strong>C\u00e9dric Revol\u00a0<\/strong>lui s&rsquo;incline.<\/p>\n<div class=\"vlp-link-container vlp-layout-article\"><a href=\"https:\/\/dicodusport.fr\/blog\/judo-paris-grand-slam-2025-romain-valadier-picard-triomphe-en-60-kg-enzo-jean-en-bronze\/\" class=\"vlp-link\" title=\"Judo Paris Grand Slam 2025 : Romain Valadier-Picard triomphe en -60 kg, Enzo Jean en bronze !\"><\/a><div class=\"vlp-layout-zone-side\"><div class=\"vlp-block-4 vlp-link-image\"><img loading=\"lazy\" decoding=\"async\" style=\"max-width: 792px;\" width=\"792\" height=\"445\" src=\"https:\/\/dicodusport.fr\/blog\/wp-content\/uploads\/2025\/02\/Judo-Paris-Grand-Slam-2025-Romain-Valadier-Picard-triomphe-en-60-kg-Enzo-Jean-en-bronze-.png\" class=\"attachment-800x445 size-800x445\" alt=\"Judo Paris Grand Slam 2025 Romain Valadier-Picard triomphe en -60 kg, Enzo Jean en bronze !\" srcset=\"https:\/\/dicodusport.fr\/blog\/wp-content\/uploads\/2025\/02\/Judo-Paris-Grand-Slam-2025-Romain-Valadier-Picard-triomphe-en-60-kg-Enzo-Jean-en-bronze-.png 1200w, https:\/\/dicodusport.fr\/blog\/wp-content\/uploads\/2025\/02\/Judo-Paris-Grand-Slam-2025-Romain-Valadier-Picard-triomphe-en-60-kg-Enzo-Jean-en-bronze--300x169.png 300w, https:\/\/dicodusport.fr\/blog\/wp-content\/uploads\/2025\/02\/Judo-Paris-Grand-Slam-2025-Romain-Valadier-Picard-triomphe-en-60-kg-Enzo-Jean-en-bronze--1024x575.png 1024w, https:\/\/dicodusport.fr\/blog\/wp-content\/uploads\/2025\/02\/Judo-Paris-Grand-Slam-2025-Romain-Valadier-Picard-triomphe-en-60-kg-Enzo-Jean-en-bronze--768x431.png 768w\" sizes=\"auto, (max-width: 792px) 100vw, 792px\" \/><\/div><\/div><div class=\"vlp-layout-zone-main\"><div class=\"vlp-block-0 vlp-link-title\">Judo Paris Grand Slam 2025 : Romain Valadier-Picard triomphe en -60 kg, Enzo Jean en bronze !<\/div><div class=\"vlp-block-1 vlp-link-summary\">GRAND SLAM DE JUDO DE PARIS 2025 - Magnifique performance d'ensemble des Bleus en -60 kg avec la troisi\u00e8me place pour Enzo Jean, mais surtout l'or pour Romain Valadier-Picard, sacr\u00e9 pour la premi\u00e8re fois en Grand Slam.<\/div><div class=\"vlp-block-2 vlp-link-button\">Lire l'article<\/div><div class=\"vlp-block-3 vlp-link-url\">dicodusport.fr<\/div><\/div><\/div><\/td>\n<\/tr>\n<\/tbody>\n<\/table>\n<table style=\"width: 97%; border-color: #ffffff;\">\n<tbody>\n<tr style=\"height: 120px;\">\n<td style=\"border-color: #ffffff #ffffff #e0e0e0; background-color: #ffffff; width: 19.2201%; border-bottom-style: solid; border-bottom-width: 1px; text-align: center; vertical-align: top;\"><strong>17:29<\/strong><\/p>\n<p>\ud83e\udd48<\/td>\n<td style=\"border-color: #ffffff #ffffff #e0e0e0; background-color: #ffffff; text-align: justify; width: 80.2691%; border-bottom-style: solid; border-bottom-width: 1px; vertical-align: top;\">\n<p style=\"text-align: justify;\"><strong>L&rsquo;ARGENT POUR SHIRINE BOUKLI<\/strong><\/p>\n<p style=\"text-align: justify;\"><strong>Shirine Boukli\u00a0<\/strong>(-48 kg) remet sa couronne. Elle s&rsquo;est inclin\u00e9e en finale face \u00e0 Mitsuki Kondo.<\/p>\n<div class=\"vlp-link-container vlp-layout-article\"><a href=\"https:\/\/dicodusport.fr\/blog\/judo-paris-grand-slam-2025-shirine-boukli-remporte-largent-48-kg\/\" class=\"vlp-link\" title=\"Judo Paris Grand Slam 2025 : Shirine Boukli remporte l&#039;argent (-48 kg)\"><\/a><div class=\"vlp-layout-zone-side\"><div class=\"vlp-block-4 vlp-link-image\"><img loading=\"lazy\" decoding=\"async\" style=\"max-width: 792px;\" width=\"792\" height=\"445\" src=\"https:\/\/dicodusport.fr\/blog\/wp-content\/uploads\/2025\/02\/Shirine-Boukli-Grand-Slam-Paris-2025.png\" class=\"attachment-800x445 size-800x445\" alt=\"\" srcset=\"https:\/\/dicodusport.fr\/blog\/wp-content\/uploads\/2025\/02\/Shirine-Boukli-Grand-Slam-Paris-2025.png 1200w, https:\/\/dicodusport.fr\/blog\/wp-content\/uploads\/2025\/02\/Shirine-Boukli-Grand-Slam-Paris-2025-300x169.png 300w, https:\/\/dicodusport.fr\/blog\/wp-content\/uploads\/2025\/02\/Shirine-Boukli-Grand-Slam-Paris-2025-1024x575.png 1024w, https:\/\/dicodusport.fr\/blog\/wp-content\/uploads\/2025\/02\/Shirine-Boukli-Grand-Slam-Paris-2025-768x431.png 768w\" sizes=\"auto, (max-width: 792px) 100vw, 792px\" \/><\/div><\/div><div class=\"vlp-layout-zone-main\"><div class=\"vlp-block-0 vlp-link-title\">Judo Paris Grand Slam 2025 : Shirine Boukli remporte l'argent (-48 kg)<\/div><div class=\"vlp-block-1 vlp-link-summary\">Shirine Boukli en argent.<\/div><div class=\"vlp-block-2 vlp-link-button\">Lire l'article<\/div><div class=\"vlp-block-3 vlp-link-url\">dicodusport.fr<\/div><\/div><\/div><\/td>\n<\/tr>\n<\/tbody>\n<\/table>\n<table style=\"width: 97%; border-color: #ffffff;\">\n<tbody>\n<tr style=\"height: 120px;\">\n<td style=\"border-color: #ffffff #ffffff #e0e0e0; background-color: #ffffff; width: 19.2201%; border-bottom-style: solid; border-bottom-width: 1px; text-align: center; vertical-align: top;\"><strong>14:50<\/strong><\/p>\n<p>\ud83c\udfc6<\/td>\n<td style=\"border-color: #ffffff #ffffff #e0e0e0; background-color: #ffffff; text-align: justify; width: 80.2691%; border-bottom-style: solid; border-bottom-width: 1px; vertical-align: top;\">\n<p style=\"text-align: justify;\"><strong>12 M\u00c9DAILLES \u00c0 ALLER CHERCHER<\/strong><\/p>\n<p style=\"text-align: justify;\">On retrouvera un nombre incroyable de 12 Fran\u00e7ais lors du bloc final \u00e0 partir de 17h. 5 joueront la m\u00e9daille d&rsquo;or et 7 tenteront d&rsquo;aller chercher le bronze.<\/p>\n<p style=\"text-align: justify;\">\ud83e\udd47 : Shirine Boukli, Martha Fawaz, Manon Deketer, Romain Valadier-Picard et Daikii Bouba<\/p>\n<p style=\"text-align: justify;\">\ud83e\udd49 : Melkia Auchecorne, Fa\u00efza Mokdar, Oph\u00e9lie Vellozzi, Walide Khyar, Maxime Gobert, Enzo Jean et C\u00e9dric Revol<\/p>\n<\/td>\n<\/tr>\n<\/tbody>\n<\/table>\n<table style=\"width: 97%; border-color: #ffffff;\">\n<tbody>\n<tr style=\"height: 120px;\">\n<td style=\"border-color: #ffffff #ffffff #e0e0e0; background-color: #ffffff; width: 19.2201%; border-bottom-style: solid; border-bottom-width: 1px; text-align: center; vertical-align: top;\"><strong>14:44<\/strong><\/td>\n<td style=\"border-color: #ffffff #ffffff #e0e0e0; background-color: #ffffff; text-align: justify; width: 80.2691%; border-bottom-style: solid; border-bottom-width: 1px; vertical-align: top;\">\n<p style=\"text-align: justify;\">Dernier combat de la matin\u00e9e, <strong>Orlando Cazorla<\/strong> (-73 kg) s&rsquo;est inclin\u00e9 aux rep\u00eachages face \u00e0 Rashid Mammadaliyev.<\/p>\n<\/td>\n<\/tr>\n<\/tbody>\n<\/table>\n<table style=\"width: 97%; border-color: #ffffff;\">\n<tbody>\n<tr style=\"height: 120px;\">\n<td style=\"border-color: #ffffff #ffffff #e0e0e0; background-color: #ffffff; width: 19.2201%; border-bottom-style: solid; border-bottom-width: 1px; text-align: center; vertical-align: top;\"><strong>14:36<\/strong><\/td>\n<td style=\"border-color: #ffffff #ffffff #e0e0e0; background-color: #ffffff; text-align: justify; width: 80.2691%; border-bottom-style: solid; border-bottom-width: 1px; vertical-align: top;\">\n<p style=\"text-align: justify;\">C&rsquo;est malheureusement termin\u00e9 pour le jeune <strong>Kelvin Ray<\/strong> (-60 kg), battu aux rep\u00eachages par Bakhrom Boturov.<\/p>\n<p style=\"text-align: justify;\"><strong>C\u00e9dric Revol<\/strong> (-60 kg) a \u00e9t\u00e9 battu en demi-finales par Kenta Sekimoto.<\/p>\n<p style=\"text-align: justify;\"><strong>Enzo Jean<\/strong> (-60 kg) a battu In Hyuk Choi en rep\u00eachages.<\/p>\n<p style=\"text-align: justify;\"><strong>Maxime Gobert<\/strong> (-73 kg) a inscrit un joli ippon face \u00e0 Donghyun Bae aux rep\u00eachages.<\/p>\n<\/td>\n<\/tr>\n<\/tbody>\n<\/table>\n<table style=\"width: 97%; border-color: #ffffff;\">\n<tbody>\n<tr style=\"height: 120px;\">\n<td style=\"border-color: #ffffff #ffffff #e0e0e0; background-color: #ffffff; width: 19.2201%; border-bottom-style: solid; border-bottom-width: 1px; text-align: center; vertical-align: top;\"><strong>14:18<\/strong><\/td>\n<td style=\"border-color: #ffffff #ffffff #e0e0e0; background-color: #ffffff; text-align: justify; width: 80.2691%; border-bottom-style: solid; border-bottom-width: 1px; vertical-align: top;\">\n<p style=\"text-align: justify;\"><strong>DAIKI BOUBA EN FINALE !<\/strong><\/p>\n<p style=\"text-align: justify;\">Au golden score, Daikii Bouba (-66 kg) a battu Vazha Margvelashvili.<\/p>\n<\/td>\n<\/tr>\n<\/tbody>\n<\/table>\n<table style=\"width: 97%; border-color: #ffffff;\">\n<tbody>\n<tr style=\"height: 120px;\">\n<td style=\"border-color: #ffffff #ffffff #e0e0e0; background-color: #ffffff; width: 19.2201%; border-bottom-style: solid; border-bottom-width: 1px; text-align: center; vertical-align: top;\"><strong>14:16<\/strong><\/td>\n<td style=\"border-color: #ffffff #ffffff #e0e0e0; background-color: #ffffff; text-align: justify; width: 80.2691%; border-bottom-style: solid; border-bottom-width: 1px; vertical-align: top;\">\n<p style=\"text-align: justify;\"><strong>SHIRINE BOUKLI D\u00c9FENDRA SON TITRE !<\/strong><\/p>\n<p style=\"text-align: justify;\">Shirine Boukli (-48 kg) a battu Wakana Koga et tentera de doubler la mise.<\/p>\n<\/td>\n<\/tr>\n<\/tbody>\n<\/table>\n<table style=\"width: 97%; border-color: #ffffff;\">\n<tbody>\n<tr style=\"height: 120px;\">\n<td style=\"border-color: #ffffff #ffffff #e0e0e0; background-color: #ffffff; width: 19.2201%; border-bottom-style: solid; border-bottom-width: 1px; text-align: center; vertical-align: top;\"><strong>14:11<\/strong><\/td>\n<td style=\"border-color: #ffffff #ffffff #e0e0e0; background-color: #ffffff; text-align: justify; width: 80.2691%; border-bottom-style: solid; border-bottom-width: 1px; vertical-align: top;\">\n<p style=\"text-align: justify;\"><strong>DEUXIEME FINALE POUR VALADIER-PICARD<\/strong><\/p>\n<p style=\"text-align: justify;\"><strong>Romain Valadier-Picard<\/strong> (-60 kg) est venu \u00e0 bout de Jorre Verstraeten (hansoku make) et disputera sa 2e finale en Grand Chelem.<\/p>\n<\/td>\n<\/tr>\n<\/tbody>\n<\/table>\n<table style=\"width: 97%; border-color: #ffffff;\">\n<tbody>\n<tr style=\"height: 120px;\">\n<td style=\"border-color: #ffffff #ffffff #e0e0e0; background-color: #ffffff; width: 19.2201%; border-bottom-style: solid; border-bottom-width: 1px; text-align: center; vertical-align: top;\"><strong>14:06<\/strong><\/td>\n<td style=\"border-color: #ffffff #ffffff #e0e0e0; background-color: #ffffff; text-align: justify; width: 80.2691%; border-bottom-style: solid; border-bottom-width: 1px; vertical-align: top;\">\n<p style=\"text-align: justify;\"><strong>Melkia Auchecorne<\/strong> (-63 kg) a lutt\u00e9 avec 2 shido contre elle mais s&rsquo;impose finalement au golden score face \u00e0 Inbal Shemesh. Elle combattra pour le bronze.<\/p>\n<\/td>\n<\/tr>\n<\/tbody>\n<\/table>\n<table style=\"width: 97%; border-color: #ffffff;\">\n<tbody>\n<tr style=\"height: 120px;\">\n<td style=\"border-color: #ffffff #ffffff #e0e0e0; background-color: #ffffff; width: 19.2201%; border-bottom-style: solid; border-bottom-width: 1px; text-align: center; vertical-align: top;\"><strong>14:02<\/strong><\/td>\n<td style=\"border-color: #ffffff #ffffff #e0e0e0; background-color: #ffffff; text-align: justify; width: 80.2691%; border-bottom-style: solid; border-bottom-width: 1px; vertical-align: top;\">\n<p style=\"text-align: justify;\"><strong>Walide Khyar<\/strong> (-66 kg) s&rsquo;est inclin\u00e9 en demi-finales face \u00e0 Ruslan Pashayev. Il disputera le combat pour le bronze.<\/p>\n<p style=\"text-align: justify;\"><strong>Fa\u00efza Mokdar<\/strong> (-57 kg) a inscrit un waza-ari rapide face \u00e0 Marica Perisic. Elle a tenu son avantage et combattra pour le bronze.<\/p>\n<p style=\"text-align: justify;\">La demie 100% fran\u00e7aise a tourn\u00e9 en faveur de\u00a0<strong>Martha Fawaz<\/strong>.<strong> Oph\u00e9lie Vellozzi\u00a0<\/strong>combattra pour le bronze.<\/p>\n<\/td>\n<\/tr>\n<\/tbody>\n<\/table>\n<table style=\"width: 97%; border-color: #ffffff;\">\n<tbody>\n<tr style=\"height: 120px;\">\n<td style=\"border-color: #ffffff #ffffff #e0e0e0; background-color: #ffffff; width: 19.2201%; border-bottom-style: solid; border-bottom-width: 1px; text-align: center; vertical-align: top;\"><strong>13:57<\/strong><\/td>\n<td style=\"border-color: #ffffff #ffffff #e0e0e0; background-color: #ffffff; text-align: justify; width: 80.2691%; border-bottom-style: solid; border-bottom-width: 1px; vertical-align: top;\">\n<p style=\"text-align: justify;\"><strong>MANON DEKETER EN FINALE !<\/strong><\/p>\n<p style=\"text-align: justify;\"><b>Manon Deketer\u00a0<\/b>est la premi\u00e8re qualifi\u00e9e en finale. Elle a battu Megu Danno.<\/p>\n<\/td>\n<\/tr>\n<\/tbody>\n<\/table>\n<table style=\"width: 97%; border-color: #ffffff;\">\n<tbody>\n<tr style=\"height: 120px;\">\n<td style=\"border-color: #ffffff #ffffff #e0e0e0; background-color: #ffffff; width: 19.2201%; border-bottom-style: solid; border-bottom-width: 1px; text-align: center; vertical-align: top;\"><strong>13:39<\/strong><\/p>\n<p>\ud83c\uddeb\ud83c\uddf7<\/td>\n<td style=\"border-color: #ffffff #ffffff #e0e0e0; background-color: #ffffff; text-align: justify; width: 80.2691%; border-bottom-style: solid; border-bottom-width: 1px; vertical-align: top;\">\n<p style=\"text-align: justify;\"><strong>Le point sur les Fran\u00e7ais<\/strong><\/p>\n<p style=\"text-align: justify;\">Il y a encore <strong>13 Fran\u00e7ais engag\u00e9s<\/strong> : 7 disputent les demi-finales avec une demie 100% fran\u00e7aise, et 6 sont en rep\u00eachages.<\/p>\n<\/td>\n<\/tr>\n<\/tbody>\n<\/table>\n<table style=\"width: 97%; border-color: #ffffff;\">\n<tbody>\n<tr style=\"height: 120px;\">\n<td style=\"border-color: #ffffff #ffffff #e0e0e0; background-color: #ffffff; width: 19.2201%; border-bottom-style: solid; border-bottom-width: 1px; text-align: center; vertical-align: top;\"><strong>13:39<\/strong><\/td>\n<td style=\"border-color: #ffffff #ffffff #e0e0e0; background-color: #ffffff; text-align: justify; width: 80.2691%; border-bottom-style: solid; border-bottom-width: 1px; vertical-align: top;\">\n<p style=\"text-align: justify;\"><strong>Derniers quarts de finale.<\/strong><\/p>\n<p style=\"text-align: justify;\">Le premier \u00e9tait franco-fran\u00e7ais (-60 kg) et c&rsquo;est le plus exp\u00e9riment\u00e9 des deux, <strong>C\u00e9dric Revol<\/strong>\u00a0qui a battu <strong>Enzo Jean\u00a0<\/strong>avec un waza-ari.<\/p>\n<p style=\"text-align: justify;\">En revanche, pour <strong>Orlando Cazorla<\/strong> (-73 kg), \u00e7a n&rsquo;est pas pass\u00e9 face \u00e0 Manuel Lombardo.<\/p>\n<\/td>\n<\/tr>\n<\/tbody>\n<\/table>\n<table style=\"width: 97%; border-color: #ffffff;\">\n<tbody>\n<tr style=\"height: 120px;\">\n<td style=\"border-color: #ffffff #ffffff #e0e0e0; background-color: #ffffff; width: 19.2201%; border-bottom-style: solid; border-bottom-width: 1px; text-align: center; vertical-align: top;\"><strong>13:16<\/strong><\/td>\n<td style=\"border-color: #ffffff #ffffff #e0e0e0; background-color: #ffffff; text-align: justify; width: 80.2691%; border-bottom-style: solid; border-bottom-width: 1px; vertical-align: top;\">\n<p style=\"text-align: justify;\">Pas de probl\u00e8me pour <strong>Shirine Boukli <\/strong>(-48 kg) qui rejoint les demi-finales.<\/p>\n<p style=\"text-align: justify;\"><strong>Maxime Gobert<\/strong> (-73 kg) affrontait Shakhram Ahadov en quarts. Dans un combat ferm\u00e9 o\u00f9 tous deux ont pris 2 shido, c&rsquo;est finalement le Fran\u00e7ais qui sera p\u00e9nalis\u00e9 d&rsquo;un 3e.<\/p>\n<\/td>\n<\/tr>\n<\/tbody>\n<\/table>\n<table style=\"width: 97%; border-color: #ffffff;\">\n<tbody>\n<tr style=\"height: 120px;\">\n<td style=\"border-color: #ffffff #ffffff #e0e0e0; background-color: #ffffff; width: 19.2201%; border-bottom-style: solid; border-bottom-width: 1px; text-align: center; vertical-align: top;\"><strong>13:05<\/strong><\/td>\n<td style=\"border-color: #ffffff #ffffff #e0e0e0; background-color: #ffffff; text-align: justify; width: 80.2691%; border-bottom-style: solid; border-bottom-width: 1px; vertical-align: top;\">\n<p style=\"text-align: justify;\">Men\u00e9 d&rsquo;un waza-ari par Saikhan Shabikhanov, <strong>Orlando Cazorla<\/strong> (-73 kg) a invers\u00e9 la tendance en toute fin de combat pour rejoindre les quarts de finale.<\/p>\n<p style=\"text-align: justify;\">Solide au sol, <strong>Romain Valadier-Picard<\/strong> (-60 kg) s&rsquo;est impos\u00e9 en quarts face \u00e0 Bakhrom Boturov.<\/p>\n<p style=\"text-align: justify;\"><strong>Kelvin Ray<\/strong> (-60 kg) a c\u00e9d\u00e9 en quarts face \u00e0 Jorre Verstraeten.<\/p>\n<\/td>\n<\/tr>\n<\/tbody>\n<\/table>\n<table style=\"width: 97%; border-color: #ffffff;\">\n<tbody>\n<tr style=\"height: 120px;\">\n<td style=\"border-color: #ffffff #ffffff #e0e0e0; background-color: #ffffff; width: 19.2201%; border-bottom-style: solid; border-bottom-width: 1px; text-align: center; vertical-align: top;\"><strong>12:44<\/strong><\/td>\n<td style=\"border-color: #ffffff #ffffff #e0e0e0; background-color: #ffffff; text-align: justify; width: 80.2691%; border-bottom-style: solid; border-bottom-width: 1px; vertical-align: top;\">\n<p style=\"text-align: justify;\">Direction les demies pour <strong>Walide Khyar<\/strong> (-66 kg) ! Il a battu Temur Nozadze sur ippon.<\/p>\n<\/td>\n<\/tr>\n<\/tbody>\n<\/table>\n<table style=\"width: 97%; border-color: #ffffff;\">\n<tbody>\n<tr style=\"height: 120px;\">\n<td style=\"border-color: #ffffff #ffffff #e0e0e0; background-color: #ffffff; width: 19.2201%; border-bottom-style: solid; border-bottom-width: 1px; text-align: center; vertical-align: top;\"><strong>12:44<\/strong><\/td>\n<td style=\"border-color: #ffffff #ffffff #e0e0e0; background-color: #ffffff; text-align: justify; width: 80.2691%; border-bottom-style: solid; border-bottom-width: 1px; vertical-align: top;\">\n<p style=\"text-align: justify;\"><strong>Oph\u00e9lie Velozzi<\/strong> (-57 kg) en demies ! Elle a battu Marica Perisic sur ippon en quarts et retrouvera sa compatriote <strong>Martha Fawaz<\/strong>.<\/p>\n<\/td>\n<\/tr>\n<\/tbody>\n<\/table>\n<table style=\"width: 97%; border-color: #ffffff;\">\n<tbody>\n<tr style=\"height: 120px;\">\n<td style=\"border-color: #ffffff #ffffff #e0e0e0; background-color: #ffffff; width: 19.2201%; border-bottom-style: solid; border-bottom-width: 1px; text-align: center; vertical-align: top;\"><strong>12:39<\/strong><\/td>\n<td style=\"border-color: #ffffff #ffffff #e0e0e0; background-color: #ffffff; text-align: justify; width: 80.2691%; border-bottom-style: solid; border-bottom-width: 1px; vertical-align: top;\">\n<p style=\"text-align: justify;\">Simultan\u00e9ment, <strong>Manon Deketer<\/strong> (-63 kg) et <strong>Maxime Gobert<\/strong> (-73 kg) se sont impos\u00e9s sur ippon. Direction les demies pour Deketer et les quarts pour Gobert.<\/p>\n<blockquote class=\"twitter-tweet\">\n<p dir=\"ltr\" lang=\"fr\">Maxime Gobert (-73kg) se qualifie en quarts de finale en s&rsquo;imposant face au triple m\u00e9daill\u00e9 olympique Lasha Shavdatuashvili (GEO) ! \ud83c\uddeb\ud83c\uddf7\ud83d\udd25<\/p>\n<p>\ud83d\udcf7 France Judo\/S.Bonnet<a href=\"https:\/\/twitter.com\/hashtag\/JudoParis?src=hash&amp;ref_src=twsrc%5Etfw\">#JudoParis<\/a> <a href=\"https:\/\/twitter.com\/hashtag\/ParisGrandSlam2025?src=hash&amp;ref_src=twsrc%5Etfw\">#ParisGrandSlam2025<\/a> <a href=\"https:\/\/twitter.com\/hashtag\/FierdEtreJudoka?src=hash&amp;ref_src=twsrc%5Etfw\">#FierdEtreJudoka<\/a> <a href=\"https:\/\/t.co\/lcmfKsCeg1\">pic.twitter.com\/lcmfKsCeg1<\/a><\/p>\n<p>\u2014 France Judo (@francejudo) <a href=\"https:\/\/twitter.com\/francejudo\/status\/1885655667454677488?ref_src=twsrc%5Etfw\">February 1, 2025<\/a><\/p><\/blockquote>\n<p><script async src=\"https:\/\/platform.twitter.com\/widgets.js\" charset=\"utf-8\"><\/script><\/td>\n<\/tr>\n<\/tbody>\n<\/table>\n<table style=\"width: 97%; border-color: #ffffff;\">\n<tbody>\n<tr style=\"height: 120px;\">\n<td style=\"border-color: #ffffff #ffffff #e0e0e0; background-color: #ffffff; width: 19.2201%; border-bottom-style: solid; border-bottom-width: 1px; text-align: center; vertical-align: top;\"><strong>12:35<\/strong><\/td>\n<td style=\"border-color: #ffffff #ffffff #e0e0e0; background-color: #ffffff; text-align: justify; width: 80.2691%; border-bottom-style: solid; border-bottom-width: 1px; vertical-align: top;\">\n<p style=\"text-align: justify;\">Le quart de finale franco-fran\u00e7ais (-57 kg) a tourn\u00e9 en faveur de <strong>Martha Fawaz<\/strong>. <strong>Fa\u00efza Mokdar<\/strong> est en rep\u00eachages.<\/p>\n<p style=\"text-align: justify;\">D\u00e9faite sur ippon pour <strong>Melkia Auchecorne<\/strong> (-63 kg) face \u00e0 Haruka Kaju qui est revers\u00e9e en rep\u00eachages.<\/p>\n<\/td>\n<\/tr>\n<\/tbody>\n<\/table>\n<table style=\"width: 97%; border-color: #ffffff;\">\n<tbody>\n<tr style=\"height: 120px;\">\n<td style=\"border-color: #ffffff #ffffff #e0e0e0; background-color: #ffffff; width: 19.2201%; border-bottom-style: solid; border-bottom-width: 1px; text-align: center; vertical-align: top;\"><strong>12:31<\/strong><\/td>\n<td style=\"border-color: #ffffff #ffffff #e0e0e0; background-color: #ffffff; text-align: justify; width: 80.2691%; border-bottom-style: solid; border-bottom-width: 1px; vertical-align: top;\">\n<p style=\"text-align: justify;\"><strong>Enzo Jean<\/strong> (-60 kg) rejoint les quarts apr\u00e8s sa victoire sur Luis Barroso Lopez.<\/p>\n<p style=\"text-align: justify;\"><strong>Marine Gilly<\/strong> (-48 kg) n&rsquo;est pas parvenue \u00e0 se d\u00e9faire de la prise au sol de Tara Babulfath et s&rsquo;incline au 2e tour.<\/p>\n<\/td>\n<\/tr>\n<\/tbody>\n<\/table>\n<table style=\"width: 97%; border-color: #ffffff;\">\n<tbody>\n<tr style=\"height: 120px;\">\n<td style=\"border-color: #ffffff #ffffff #e0e0e0; background-color: #ffffff; width: 19.2201%; border-bottom-style: solid; border-bottom-width: 1px; text-align: center; vertical-align: top;\"><strong>12:21<\/strong><\/td>\n<td style=\"border-color: #ffffff #ffffff #e0e0e0; background-color: #ffffff; text-align: justify; width: 80.2691%; border-bottom-style: solid; border-bottom-width: 1px; vertical-align: top;\">\n<p style=\"text-align: justify;\"><strong>C\u00e9dric Revol<\/strong> (-60 kg) r\u00e9ussit son entr\u00e9e en lice face \u00e0 Mendsaikhan Nyamsuren (ippon).<\/p>\n<p style=\"text-align: justify;\"><strong>Coralie Gilly<\/strong> (-48 kg) qui participait \u00e0 son 1er Grand Slam \u00e0 Paris s&rsquo;incline sur ippon face \u00e0 Andrea Stojadinov.<\/p>\n<\/td>\n<\/tr>\n<\/tbody>\n<\/table>\n<table style=\"width: 97%; border-color: #ffffff;\">\n<tbody>\n<tr style=\"height: 120px;\">\n<td style=\"border-color: #ffffff #ffffff #e0e0e0; background-color: #ffffff; width: 19.2201%; border-bottom-style: solid; border-bottom-width: 1px; text-align: center; vertical-align: top;\"><strong>12:11<\/strong><\/td>\n<td style=\"border-color: #ffffff #ffffff #e0e0e0; background-color: #ffffff; text-align: justify; width: 80.2691%; border-bottom-style: solid; border-bottom-width: 1px; vertical-align: top;\">\n<p style=\"text-align: justify;\">Pour son premier combat depuis les JO,<strong> Shirine Boukli<\/strong> (-48 kg) s&rsquo;est impos\u00e9e sur hansoku make face \u00e0 \u00a0Gemma Maria Gomez Antona.<\/p>\n<p style=\"text-align: justify;\"><strong>Kelvin Ray<\/strong> (-60 kg) n&rsquo;est pas parvenu \u00e0 tenir au sol face \u00e0 Jonathan Charon. C&rsquo;est finalement sur hansoku make que le Fran\u00e7ais va rejoindre les quarts de finale.<\/p>\n<\/td>\n<\/tr>\n<\/tbody>\n<\/table>\n<table style=\"width: 97%; border-color: #ffffff;\">\n<tbody>\n<tr style=\"height: 120px;\">\n<td style=\"border-color: #ffffff #ffffff #e0e0e0; background-color: #ffffff; width: 19.2201%; border-bottom-style: solid; border-bottom-width: 1px; text-align: center; vertical-align: top;\"><strong>12:06<br \/>\n\u274c<br \/>\n<\/strong><\/td>\n<td style=\"border-color: #ffffff #ffffff #e0e0e0; background-color: #ffffff; text-align: justify; width: 80.2691%; border-bottom-style: solid; border-bottom-width: 1px; vertical-align: top;\">\n<p style=\"text-align: justify;\">Men\u00e9 d&rsquo;un waza-ari, <strong>K\u00e9vin Azema<\/strong> (-66 kg) s&rsquo;incline finalement sur ippon face \u00e0 Murad Chopanov.<\/p>\n<p style=\"text-align: justify;\">Prise au sol par Kisumi Omori, <strong>Astride Gneto<\/strong> s&rsquo;est inclin\u00e9e au 2e tour.<\/p>\n<p style=\"text-align: justify;\">Apr\u00e8s voir inscrit un waza-ari face \u00e0 Vazha Margvelashvili, <strong>Romaric Bouda<\/strong> (-66 kg) a subi la r\u00e9ponse du G\u00e9orgien qui s&rsquo;impose sur ippon.<\/p>\n<p>Malheureusement, la march\u00e9 \u00e9tait trop haute pour <strong>Alyssia Poulange<\/strong> (-52 kg) face \u00e0 la vice-championne olympique Distria Krasniqi. Elle s&rsquo;incline au 2e tour sur hansoku make.<\/td>\n<\/tr>\n<\/tbody>\n<\/table>\n<table style=\"width: 97%; border-color: #ffffff;\">\n<tbody>\n<tr style=\"height: 120px;\">\n<td style=\"border-color: #ffffff #ffffff #e0e0e0; background-color: #ffffff; width: 19.2201%; border-bottom-style: solid; border-bottom-width: 1px; text-align: center; vertical-align: top;\"><strong>11:40<\/strong><\/td>\n<td style=\"border-color: #ffffff #ffffff #e0e0e0; background-color: #ffffff; text-align: justify; width: 80.2691%; border-bottom-style: solid; border-bottom-width: 1px; vertical-align: top;\">\n<p style=\"text-align: justify;\"><strong>Orlando Cazorla<\/strong> (-73 kg) n&rsquo;a pas tra\u00een\u00e9 avec un ippon express au 2e tour face \u00e0 Joe Haddad.<\/p>\n<p style=\"text-align: justify;\">Ippon pour <strong>Manon Deketer<\/strong> (-63 kg) qui rejoint Cristina Cabana Perez en quarts.<\/p>\n<\/td>\n<\/tr>\n<\/tbody>\n<\/table>\n<table style=\"width: 97%; border-color: #ffffff;\">\n<tbody>\n<tr style=\"height: 120px;\">\n<td style=\"border-color: #ffffff #ffffff #e0e0e0; background-color: #ffffff; width: 19.2201%; border-bottom-style: solid; border-bottom-width: 1px; text-align: center; vertical-align: top;\"><strong>11:33<\/strong><\/td>\n<td style=\"border-color: #ffffff #ffffff #e0e0e0; background-color: #ffffff; text-align: justify; width: 80.2691%; border-bottom-style: solid; border-bottom-width: 1px; vertical-align: top;\">\n<p style=\"text-align: justify;\">Entr\u00e9e en lice r\u00e9ussie pour <strong>Walide Khyar<\/strong> (-66 kg) avec un ippon face \u00e0 Mykyta Holoborodko.<\/p>\n<p style=\"text-align: justify;\">Victoire sur hansoku make pour <strong>Daikii Bouba<\/strong> (-66 kg) face \u00e0 Petros Christodoulides.<\/p>\n<\/td>\n<\/tr>\n<\/tbody>\n<\/table>\n<table style=\"width: 97%; border-color: #ffffff;\">\n<tbody>\n<tr style=\"height: 120px;\">\n<td style=\"border-color: #ffffff #ffffff #e0e0e0; background-color: #ffffff; width: 19.2201%; border-bottom-style: solid; border-bottom-width: 1px; text-align: center; vertical-align: top;\"><strong>11:22<\/strong><\/td>\n<td style=\"border-color: #ffffff #ffffff #e0e0e0; background-color: #ffffff; text-align: justify; width: 80.2691%; border-bottom-style: solid; border-bottom-width: 1px; vertical-align: top;\">\n<p style=\"text-align: justify;\">Apr\u00e8s plus de 8 minutes de combat, <strong>Benjamin Axus<\/strong> (-73 kg) s&rsquo;est inclin\u00e9 au 2e tour face \u00e0 Makhmadbek Makhmadbekov.<\/p>\n<p style=\"text-align: justify;\">Apr\u00e8s son immobilisation au 2e tour face \u00e0 Renata Zachova, <strong>Melkia Auchecorne<\/strong> (-63 kg) passe en quarts de finale.<\/p>\n<\/td>\n<\/tr>\n<\/tbody>\n<\/table>\n<table style=\"width: 97%; border-color: #ffffff;\">\n<tbody>\n<tr style=\"height: 120px;\">\n<td style=\"border-color: #ffffff #ffffff #e0e0e0; background-color: #ffffff; width: 19.2201%; border-bottom-style: solid; border-bottom-width: 1px; text-align: center; vertical-align: top;\"><strong>11:17<\/strong><\/td>\n<td style=\"border-color: #ffffff #ffffff #e0e0e0; background-color: #ffffff; text-align: justify; width: 80.2691%; border-bottom-style: solid; border-bottom-width: 1px; vertical-align: top;\">\n<p style=\"text-align: justify;\"><strong>Oph\u00e9lie Vellozzi <\/strong>(-57 kg) est qualifi\u00e9e pour les quarts de finale. Elle s&rsquo;est impos\u00e9e sur ippon face \u00e0 Nok Lam Yeung.<\/p>\n<\/td>\n<\/tr>\n<\/tbody>\n<\/table>\n<table style=\"width: 97%; border-color: #ffffff;\">\n<tbody>\n<tr style=\"height: 120px;\">\n<td style=\"border-color: #ffffff #ffffff #e0e0e0; background-color: #ffffff; width: 19.2201%; border-bottom-style: solid; border-bottom-width: 1px; text-align: center; vertical-align: top;\"><strong>11:07<\/strong><\/td>\n<td style=\"border-color: #ffffff #ffffff #e0e0e0; background-color: #ffffff; text-align: justify; width: 80.2691%; border-bottom-style: solid; border-bottom-width: 1px; vertical-align: top;\">\n<p style=\"text-align: justify;\">Apr\u00e8s un long combat, <strong>Chlo\u00e9 Devictor<\/strong> (-57 kg) s&rsquo;est inclin\u00e9e sur hansoku make face \u00e0 Mika Adachi.<\/p>\n<\/td>\n<\/tr>\n<\/tbody>\n<\/table>\n<table style=\"width: 97%; border-color: #ffffff;\">\n<tbody>\n<tr style=\"height: 120px;\">\n<td style=\"border-color: #ffffff #ffffff #e0e0e0; background-color: #ffffff; width: 19.2201%; border-bottom-style: solid; border-bottom-width: 1px; text-align: center; vertical-align: top;\"><strong>11:00<\/strong><\/td>\n<td style=\"border-color: #ffffff #ffffff #e0e0e0; background-color: #ffffff; text-align: justify; width: 80.2691%; border-bottom-style: solid; border-bottom-width: 1px; vertical-align: top;\">\n<p style=\"text-align: justify;\">Entr\u00e9e r\u00e9ussie pour <strong>Martha Fawaz<\/strong> (-57 kg) avec un ippon face \u00e0 Tsendbazar Mashbat. En quarts, elle retrouvera sa compatriote Fa\u00efza Mokdar.<\/p>\n<p style=\"text-align: justify;\">Pour sa premi\u00e8re \u00e0 Paris, le jeune de 19 ans <strong>Peter Jean<\/strong> (-73 kg) s&rsquo;est inclin\u00e9 au 2e tour sur ippon face \u00e0 Akil Gjakova.<\/p>\n<\/td>\n<\/tr>\n<\/tbody>\n<\/table>\n<table style=\"width: 97%; border-color: #ffffff;\">\n<tbody>\n<tr style=\"height: 120px;\">\n<td style=\"border-color: #ffffff #ffffff #e0e0e0; background-color: #ffffff; width: 19.2201%; border-bottom-style: solid; border-bottom-width: 1px; text-align: center; vertical-align: top;\"><strong>10:53<\/strong><\/td>\n<td style=\"border-color: #ffffff #ffffff #e0e0e0; background-color: #ffffff; text-align: justify; width: 80.2691%; border-bottom-style: solid; border-bottom-width: 1px; vertical-align: top;\">\n<p style=\"text-align: justify;\">Pour sa 2e participation, <strong>Ana\u00efs Perrot <\/strong>s&rsquo;est inclin\u00e9e face \u00e0 la Japonaise Mitsuki Kondo.<\/p>\n<p style=\"text-align: justify;\">Victoire sur hansoku make pour <strong>Kelvin Ray <\/strong>(-60 kg) face \u00e0 Christopher Velazco.<\/p>\n<p style=\"text-align: justify;\">\u00c7a passe pour <strong>Alyssia Poulange<\/strong> (-52 kg) face \u00e0 Suryeon Hwang et la tenante du titre <strong>Fa\u00efza Mokdar<\/strong> (-57 kg) face \u00e0 Marta Garcia Martin.<\/p>\n<\/td>\n<\/tr>\n<\/tbody>\n<\/table>\n<table style=\"width: 97%; border-color: #ffffff;\">\n<tbody>\n<tr style=\"height: 120px;\">\n<td style=\"border-color: #ffffff #ffffff #e0e0e0; background-color: #ffffff; width: 19.2201%; border-bottom-style: solid; border-bottom-width: 1px; text-align: center; vertical-align: top;\"><strong>10:44<\/strong><\/p>\n<p>\u274c<\/td>\n<td style=\"border-color: #ffffff #ffffff #e0e0e0; background-color: #ffffff; text-align: justify; width: 80.2691%; border-bottom-style: solid; border-bottom-width: 1px; vertical-align: top;\">\n<p style=\"text-align: justify;\">C&rsquo;est malheureusement termin\u00e9 pour <strong>Julie Weill dit Morey<\/strong> (-52 kg) et <strong>Rania Drid<\/strong> (-63 kg), battues par Uranzaya Bayanmunkh et Nora Gjakova.<\/p>\n<\/td>\n<\/tr>\n<\/tbody>\n<\/table>\n<table style=\"width: 97%; border-color: #ffffff;\">\n<tbody>\n<tr style=\"height: 120px;\">\n<td style=\"border-color: #ffffff #ffffff #e0e0e0; background-color: #ffffff; width: 19.2201%; border-bottom-style: solid; border-bottom-width: 1px; text-align: center; vertical-align: top;\"><strong>10:36<\/strong><\/td>\n<td style=\"border-color: #ffffff #ffffff #e0e0e0; background-color: #ffffff; text-align: justify; width: 80.2691%; border-bottom-style: solid; border-bottom-width: 1px; vertical-align: top;\">\n<p style=\"text-align: justify;\">Apr\u00e8s 5 minutes au golden score, <strong>Ga\u00ebtane Deberdt<\/strong> (-63 kg) s&rsquo;est inclin\u00e9e sur hansoku make face \u00e0 Inbal Shemesh.<\/p>\n<p style=\"text-align: justify;\">M\u00eame combat de 4 minutes 30 pour <strong>L\u00e9a B\u00e9r\u00e8s<\/strong> (-52 kg) face \u00e0 l&rsquo;exp\u00e9riment\u00e9e Milica Nikolic. Alors qu&rsquo;elle a d\u00e9but\u00e9 le golden score avec 2 shido contre elle, la Fran\u00e7aise a fait le dos rond et bien contr\u00e9 son adversaire pour s&rsquo;imposer sur hansoku make.<\/p>\n<p style=\"text-align: justify;\">Victoire express pour <strong>Astride Gneto <\/strong>(-52 kg) en 35 secondes face \u00e0 Evelyn Beaton.<\/p>\n<p style=\"text-align: justify;\"><strong>Romaric Bouda<\/strong> (-66 kg) pensait avoir inscrit un ippon face \u00e0 Isaiah Ramirez. Mais celui-ci a \u00e9t\u00e9 recat\u00e9goris\u00e9 en waza-ari. Le Fran\u00e7ais remporte tout de m\u00eame son premier tour.<\/p>\n<\/td>\n<\/tr>\n<\/tbody>\n<\/table>\n<table style=\"width: 97%; border-color: #ffffff;\">\n<tbody>\n<tr style=\"height: 120px;\">\n<td style=\"border-color: #ffffff #ffffff #e0e0e0; background-color: #ffffff; width: 19.2201%; border-bottom-style: solid; border-bottom-width: 1px; text-align: center; vertical-align: top;\"><strong>10:20<\/strong><\/td>\n<td style=\"border-color: #ffffff #ffffff #e0e0e0; background-color: #ffffff; text-align: justify; width: 80.2691%; border-bottom-style: solid; border-bottom-width: 1px; vertical-align: top;\">\n<p style=\"text-align: justify;\">\u00c7a passe pour <strong>Melkia Auchecorne <\/strong>(-63 kg) et <strong>K\u00e9vin Azema <\/strong>(-66 kg) au premier tour. Waza-ari pour la premi\u00e8re cit\u00e9e face \u00e0 Seulmi Heo tandis que le second nomm\u00e9 s&rsquo;est impos\u00e9 sur ippon face \u00e0 Miguel Gago.<\/p>\n<\/td>\n<\/tr>\n<\/tbody>\n<\/table>\n<table style=\"width: 97%; border-color: #ffffff;\">\n<tbody>\n<tr style=\"height: 120px;\">\n<td style=\"border-color: #ffffff #ffffff #e0e0e0; background-color: #ffffff; width: 19.2201%; border-bottom-style: solid; border-bottom-width: 1px; text-align: center; vertical-align: top;\"><strong>10:12<\/strong><\/p>\n<p>\ud83c\uddeb\ud83c\uddf7<\/td>\n<td style=\"border-color: #ffffff #ffffff #e0e0e0; background-color: #ffffff; text-align: justify; width: 80.2691%; border-bottom-style: solid; border-bottom-width: 1px; vertical-align: top;\">\n<p style=\"text-align: justify;\"><strong>LE PROGRAMME DES FRAN\u00c7AIS DU JOUR<\/strong><\/p>\n<p style=\"text-align: justify;\">Pas moins de 28 Fran\u00e7ais sont engag\u00e9s aujourd&rsquo;hui. 4 dans chaque cat\u00e9gorie, dont les tenantes du titre <strong>Shirine Boukli<\/strong> (-48 kg) et <strong>Fa\u00efza Mokdar<\/strong> (-57 kg).<\/p>\n<\/td>\n<\/tr>\n<\/tbody>\n<\/table>\n<table style=\"width: 97%; border-color: #ffffff;\">\n<tbody>\n<tr style=\"height: 120px;\">\n<td style=\"border-color: #ffffff #ffffff #e0e0e0; background-color: #ffffff; width: 19.2201%; border-bottom-style: solid; border-bottom-width: 1px; text-align: center; vertical-align: top;\">\n<p style=\"text-align: center;\"><strong>09:50<\/strong><\/p>\n<p>\ud83e\udd4b<\/td>\n<td style=\"border-color: #ffffff #ffffff #e0e0e0; background-color: #ffffff; text-align: justify; width: 80.2691%; border-bottom-style: solid; border-bottom-width: 1px; vertical-align: top;\">\n<p style=\"text-align: justify;\"><strong>D\u00c9BUT DE LA PREMI\u00c8RE JOURN\u00c9E !<\/strong><\/p>\n<p style=\"text-align: justify;\">Bienvenue sur Dicodusport ! Suivez avec nous la premi\u00e8re journ\u00e9e des Fran\u00e7ais au Paris Grand Slam.<\/p>\n<div class=\"vlp-link-container vlp-layout-article\"><a href=\"https:\/\/dicodusport.fr\/blog\/judo-paris-grand-slam-2025-programme-complet-et-resultats\/\" class=\"vlp-link\" title=\"Judo Paris Grand Slam 2025 : Programme complet et r\u00e9sultats\"><\/a><div class=\"vlp-layout-zone-side\"><div class=\"vlp-block-4 vlp-link-image\"><img loading=\"lazy\" decoding=\"async\" style=\"max-width: 792px;\" width=\"792\" height=\"445\" src=\"https:\/\/dicodusport.fr\/blog\/wp-content\/uploads\/2025\/01\/Judo-Paris-Grand-Slam-2025-Programme-complet-et-resultats.png\" class=\"attachment-800x445 size-800x445\" alt=\"\" srcset=\"https:\/\/dicodusport.fr\/blog\/wp-content\/uploads\/2025\/01\/Judo-Paris-Grand-Slam-2025-Programme-complet-et-resultats.png 1200w, https:\/\/dicodusport.fr\/blog\/wp-content\/uploads\/2025\/01\/Judo-Paris-Grand-Slam-2025-Programme-complet-et-resultats-300x169.png 300w, https:\/\/dicodusport.fr\/blog\/wp-content\/uploads\/2025\/01\/Judo-Paris-Grand-Slam-2025-Programme-complet-et-resultats-1024x575.png 1024w, https:\/\/dicodusport.fr\/blog\/wp-content\/uploads\/2025\/01\/Judo-Paris-Grand-Slam-2025-Programme-complet-et-resultats-768x431.png 768w\" sizes=\"auto, (max-width: 792px) 100vw, 792px\" \/><\/div><\/div><div class=\"vlp-layout-zone-main\"><div class=\"vlp-block-0 vlp-link-title\">Judo Paris Grand Slam 2025 : Programme complet et r\u00e9sultats<\/div><div class=\"vlp-block-1 vlp-link-summary\">JUDO - Le Grand Slam de Paris se d\u00e9roule du samedi 1er au dimanche 2 f\u00e9vrier. Voici le programme et les r\u00e9sultats de la comp\u00e9tition.<\/div><div class=\"vlp-block-2 vlp-link-button\">Lire l'article<\/div><div class=\"vlp-block-3 vlp-link-url\">dicodusport.fr<\/div><\/div><\/div><\/td>\n<\/tr>\n<\/tbody>\n<\/table>\n<p><!--nextpage--><\/p>\n<table style=\"width: 97%; border-color: #ffffff;\">\n<tbody>\n<tr style=\"height: 120px;\">\n<td style=\"border-color: #ffffff #ffffff #e0e0e0; background-color: #ffffff; width: 19.2201%; border-bottom-style: solid; border-bottom-width: 1px; text-align: center; vertical-align: top;\">\n<p style=\"text-align: center;\">\ud83c\udf99\ufe0f<\/p>\n<\/td>\n<td style=\"border-color: #ffffff #ffffff #e0e0e0; background-color: #ffffff; text-align: justify; width: 79.805%; border-bottom-style: solid; border-bottom-width: 1px; vertical-align: top;\">\n<p style=\"text-align: justify;\"><b>La r\u00e9action de Fa\u00efza Mokdar<br \/>\n<\/b><\/p>\n<blockquote><p>C&rsquo;est ce pourquoi je travaille. C&rsquo;est bien, \u00e7a montre qu&rsquo;il faut que je continue comme \u00e7a. J&rsquo;avais une strat\u00e9gie qu&rsquo;on a mise en place avec mes coachs et j&rsquo;ai fait ce qu&rsquo;ils m&rsquo;ont dit. C&rsquo;\u00e9tait de rester bien en droiti\u00e8re et d&rsquo;\u00eatre toujours la premi\u00e8re sur le kumi-kata et agressive.<\/p><\/blockquote>\n<div id=\"attachment_459215\" style=\"width: 688px\" class=\"wp-caption alignnone\"><img loading=\"lazy\" decoding=\"async\" aria-describedby=\"caption-attachment-459215\" class=\"wp-image-459215 \" src=\"https:\/\/dicodusport.fr\/blog\/wp-content\/uploads\/2024\/02\/Faiza-Mokdar-et-Sarah-Leonie-Cysique-Grand-Slam-Paris-2024-1024x682.jpg\" alt=\"\" width=\"678\" height=\"452\" srcset=\"https:\/\/dicodusport.fr\/blog\/wp-content\/uploads\/2024\/02\/Faiza-Mokdar-et-Sarah-Leonie-Cysique-Grand-Slam-Paris-2024-1024x682.jpg 1024w, https:\/\/dicodusport.fr\/blog\/wp-content\/uploads\/2024\/02\/Faiza-Mokdar-et-Sarah-Leonie-Cysique-Grand-Slam-Paris-2024-300x200.jpg 300w, https:\/\/dicodusport.fr\/blog\/wp-content\/uploads\/2024\/02\/Faiza-Mokdar-et-Sarah-Leonie-Cysique-Grand-Slam-Paris-2024-768x512.jpg 768w, https:\/\/dicodusport.fr\/blog\/wp-content\/uploads\/2024\/02\/Faiza-Mokdar-et-Sarah-Leonie-Cysique-Grand-Slam-Paris-2024-1536x1024.jpg 1536w, https:\/\/dicodusport.fr\/blog\/wp-content\/uploads\/2024\/02\/Faiza-Mokdar-et-Sarah-Leonie-Cysique-Grand-Slam-Paris-2024-2048x1365.jpg 2048w\" sizes=\"auto, (max-width: 678px) 100vw, 678px\" \/><p id=\"caption-attachment-459215\" class=\"wp-caption-text\">Fa\u00efza Mokdar et Sarah-L\u00e9onie Cysique avec leur m\u00e9daille &#8211; Photo Gabi Juan \/ EJU<\/p><\/div><\/td>\n<\/tr>\n<\/tbody>\n<\/table>\n<table style=\"width: 97%; border-color: #ffffff;\">\n<tbody>\n<tr style=\"height: 120px;\">\n<td style=\"border-color: #ffffff #ffffff #e0e0e0; background-color: #ffffff; width: 19.2201%; border-bottom-style: solid; border-bottom-width: 1px; text-align: center; vertical-align: top;\">\n<p style=\"text-align: center;\">\ud83c\udf99\ufe0f<\/p>\n<\/td>\n<td style=\"border-color: #ffffff #ffffff #e0e0e0; background-color: #ffffff; text-align: justify; width: 79.805%; border-bottom-style: solid; border-bottom-width: 1px; vertical-align: top;\">\n<p style=\"text-align: justify;\"><b>La r\u00e9action de Sarah-L\u00e9onie Cysique<br \/>\n<\/b><\/p>\n<blockquote>\n<p style=\"text-align: justify;\">Une bonne fin de journ\u00e9e. C&rsquo;est certes pas la m\u00e9daille que je venais chercher, mais c&rsquo;est comme \u00e7a qu&rsquo;on construit des carri\u00e8res. Je suis contente de mon \u00e9tat de forme aujourd&rsquo;hui, m\u00eame si sur Deguchi \u00e7a passe pas. Mais je suis contente de mon \u00e9tat de forme et de comment j&rsquo;ai r\u00e9ussi \u00e0 g\u00e9rer cette journ\u00e9e . Je vois que j&rsquo;ai r\u00e9ussi \u00e0 mettre des choses en place qui sont pass\u00e9es donc je suis contente. Il faut que j&rsquo;arrive \u00e0 \u00eatre un peu plus surprenante, (Deguchi) c&rsquo;est une tr\u00e8s grande judokate, c&rsquo;est quelqu&rsquo;un que j&rsquo;admire beaucoup de par son judo, sa mani\u00e8re d&rsquo;\u00eatre. L\u00e0 , elle l&rsquo;a encore d\u00e9montr\u00e9, elle est forte, elle est stable. Aujourd&rsquo;hui, elle a \u00e9t\u00e9 plus forte que moi mais j&rsquo;esp\u00e8re bien que la prochaine fois je l&rsquo;aurai.<\/p>\n<\/blockquote>\n<p style=\"text-align: justify;\"><strong>Sur la victoire de Fa\u00efza Mokdar<\/strong><\/p>\n<blockquote>\n<p style=\"text-align: justify;\">Je suis vraiment contente parce que Fa\u00efza \u00e7a revient de loin. Donc l\u00e0, le fait qu&rsquo;elle soit bien en forme, je suis contente pour elle, \u00e7a lui0 donne beaucoup de confiance en elle. Elle a fait une super journ\u00e9e, donc je suis vraiment , vraiment fi\u00e8re d&rsquo;elle.<\/p>\n<\/blockquote>\n<\/td>\n<\/tr>\n<\/tbody>\n<\/table>\n<table style=\"width: 97%; border-color: #ffffff;\">\n<tbody>\n<tr style=\"height: 120px;\">\n<td style=\"border-color: #ffffff #ffffff #e0e0e0; background-color: #ffffff; width: 19.2201%; border-bottom-style: solid; border-bottom-width: 1px; text-align: center; vertical-align: top;\">\n<p style=\"text-align: center;\"><strong>19:30<\/strong><\/p>\n<p>\ud83e\udd47<\/td>\n<td style=\"border-color: #ffffff #ffffff #e0e0e0; background-color: #ffffff; text-align: justify; width: 79.805%; border-bottom-style: solid; border-bottom-width: 1px; vertical-align: top;\">\n<p style=\"text-align: justify;\"><b>L&rsquo;OR POUR FA\u00cfZA MOKDAR !<br \/>\n<\/b><\/p>\n<p>Incroyable <strong>Fa\u00efza Mokdar<\/strong> qui s&rsquo;offre Deguchi en moins d&rsquo;une minute ! Journ\u00e9e de r\u00eave pour la jeune fran\u00e7aise.<\/p>\n<div class=\"vlp-link-container vlp-layout-article\"><a href=\"https:\/\/dicodusport.fr\/blog\/judo-paris-grand-slam-2024-lor-pour-faiza-mokdar-57kg-le-bronze-pour-sarah-leonie-cysique\/\" class=\"vlp-link\" title=\"Judo Paris Grand Slam 2024 : L&#039;or pour Fa\u00efza Mokdar (-57kg), le bronze pour Sarah-L\u00e9onie Cysique\"><\/a><div class=\"vlp-layout-zone-side\"><div class=\"vlp-block-4 vlp-link-image\"><img loading=\"lazy\" decoding=\"async\" style=\"max-width: 792px;\" width=\"792\" height=\"445\" src=\"https:\/\/dicodusport.fr\/blog\/wp-content\/uploads\/2024\/02\/Judo-Paris-Grand-Slam-2024-Lor-pour-Faiza-Mokdar-57kg-le-bronze-pour-Sarah-Leonie-Cysique.png\" class=\"attachment-800x445 size-800x445\" alt=\"Judo Paris Grand Slam 2024 L&#039;or pour Fa\u00efza Mokdar (-57kg), le bronze pour Sarah-L\u00e9onie Cysique\" srcset=\"https:\/\/dicodusport.fr\/blog\/wp-content\/uploads\/2024\/02\/Judo-Paris-Grand-Slam-2024-Lor-pour-Faiza-Mokdar-57kg-le-bronze-pour-Sarah-Leonie-Cysique.png 1200w, https:\/\/dicodusport.fr\/blog\/wp-content\/uploads\/2024\/02\/Judo-Paris-Grand-Slam-2024-Lor-pour-Faiza-Mokdar-57kg-le-bronze-pour-Sarah-Leonie-Cysique-300x169.png 300w, https:\/\/dicodusport.fr\/blog\/wp-content\/uploads\/2024\/02\/Judo-Paris-Grand-Slam-2024-Lor-pour-Faiza-Mokdar-57kg-le-bronze-pour-Sarah-Leonie-Cysique-1024x575.png 1024w, https:\/\/dicodusport.fr\/blog\/wp-content\/uploads\/2024\/02\/Judo-Paris-Grand-Slam-2024-Lor-pour-Faiza-Mokdar-57kg-le-bronze-pour-Sarah-Leonie-Cysique-768x431.png 768w\" sizes=\"auto, (max-width: 792px) 100vw, 792px\" \/><\/div><\/div><div class=\"vlp-layout-zone-main\"><div class=\"vlp-block-0 vlp-link-title\">Judo Paris Grand Slam 2024 : L'or pour Fa\u00efza Mokdar (-57kg), le bronze pour Sarah-L\u00e9onie Cysique<\/div><div class=\"vlp-block-1 vlp-link-summary\">JUDO GRAND SLAM DE PARIS 2024 - Deux m\u00e9dailles de plus pour le clan fran\u00e7ais gr\u00e2ce \u00e0 l'or surprise de Fa\u00efza Mokdar et le bronze de Sarah-L\u00e9onie Cysique chez les - de 57 kg.\u00a0<\/div><div class=\"vlp-block-2 vlp-link-button\">Lire l'article<\/div><div class=\"vlp-block-3 vlp-link-url\">dicodusport.fr<\/div><\/div><\/div><\/td>\n<\/tr>\n<\/tbody>\n<\/table>\n<table style=\"width: 97%; border-color: #ffffff;\">\n<tbody>\n<tr style=\"height: 120px;\">\n<td style=\"border-color: #ffffff #ffffff #e0e0e0; background-color: #ffffff; width: 19.2201%; border-bottom-style: solid; border-bottom-width: 1px; text-align: center; vertical-align: top;\">\n<p style=\"text-align: center;\"><strong>19:21<\/strong><\/p>\n<p>\ud83e\udd49<\/td>\n<td style=\"border-color: #ffffff #ffffff #e0e0e0; background-color: #ffffff; text-align: justify; width: 79.805%; border-bottom-style: solid; border-bottom-width: 1px; vertical-align: top;\">\n<p style=\"text-align: justify;\"><b>LE BRONZE POUR SARAH-L\u00c9ONIE CYSIQUE !<br \/>\n<\/b><\/p>\n<p style=\"text-align: justify;\">Dans le combat pour le bronze, <strong>Sarah-L\u00e9onie Cysique<\/strong> s&rsquo;est impos\u00e9e face \u00e0 Marica Perisic. Comme en 2022, elle termine \u00e0 la 3e place.<\/p>\n<\/td>\n<\/tr>\n<\/tbody>\n<\/table>\n<table style=\"width: 97%; border-color: #ffffff;\">\n<tbody>\n<tr style=\"height: 120px;\">\n<td style=\"border-color: #ffffff #ffffff #e0e0e0; background-color: #ffffff; width: 19.2201%; border-bottom-style: solid; border-bottom-width: 1px; text-align: center; vertical-align: top;\">\n<p style=\"text-align: center;\"><strong>17:53<\/strong><\/p>\n<p>\ud83e\udd47<\/td>\n<td style=\"border-color: #ffffff #ffffff #e0e0e0; background-color: #ffffff; text-align: justify; width: 79.805%; border-bottom-style: solid; border-bottom-width: 1px; vertical-align: top;\">\n<p style=\"text-align: justify;\"><b>AU TOUR DE LUKA MKHEIDZE DE REMPORTER L&rsquo;OR !<br \/>\n<\/b><\/p>\n<p>Au golden score, <strong>Luka Mkheidze<\/strong> remporte sa 3e m\u00e9daille d&rsquo;or en Grand Slam, la premi\u00e8re \u00e0 Paris !<\/p>\n<div class=\"vlp-link-container vlp-layout-article\"><a href=\"https:\/\/dicodusport.fr\/blog\/judo-paris-grand-slam-2024-lor-pour-luka-mkheidze-60-kg\/\" class=\"vlp-link\" title=\"Judo Paris Grand Slam 2024 : L&#039;or pour Luka Mkheidze (-60 kg)\"><\/a><div class=\"vlp-layout-zone-side\"><div class=\"vlp-block-4 vlp-link-image\"><img loading=\"lazy\" decoding=\"async\" style=\"max-width: 792px;\" width=\"792\" height=\"445\" src=\"https:\/\/dicodusport.fr\/blog\/wp-content\/uploads\/2024\/02\/Judo-Paris-Grand-Slam-2024-Lor-pour-Luka-Mkheidze-60-kg.png\" class=\"attachment-800x445 size-800x445\" alt=\"Judo Paris Grand Slam 2024 L&#039;or pour Luka Mkheidze (-60 kg)\" srcset=\"https:\/\/dicodusport.fr\/blog\/wp-content\/uploads\/2024\/02\/Judo-Paris-Grand-Slam-2024-Lor-pour-Luka-Mkheidze-60-kg.png 1200w, https:\/\/dicodusport.fr\/blog\/wp-content\/uploads\/2024\/02\/Judo-Paris-Grand-Slam-2024-Lor-pour-Luka-Mkheidze-60-kg-300x169.png 300w, https:\/\/dicodusport.fr\/blog\/wp-content\/uploads\/2024\/02\/Judo-Paris-Grand-Slam-2024-Lor-pour-Luka-Mkheidze-60-kg-1024x575.png 1024w, https:\/\/dicodusport.fr\/blog\/wp-content\/uploads\/2024\/02\/Judo-Paris-Grand-Slam-2024-Lor-pour-Luka-Mkheidze-60-kg-768x431.png 768w\" sizes=\"auto, (max-width: 792px) 100vw, 792px\" \/><\/div><\/div><div class=\"vlp-layout-zone-main\"><div class=\"vlp-block-0 vlp-link-title\">Judo Paris Grand Slam 2024 : L'or pour Luka Mkheidze (-60 kg)<\/div><div class=\"vlp-block-1 vlp-link-summary\">JUDO GRAND SLAM DE PARIS 2024 - Magnifique journ\u00e9e pour Luka Mkheidze qui s'empare de l'or au Paris Grand Slam de Paris ce vendredi, chez les - de 60 kg.<\/div><div class=\"vlp-block-2 vlp-link-button\">Lire l'article<\/div><div class=\"vlp-block-3 vlp-link-url\">dicodusport.fr<\/div><\/div><\/div><\/td>\n<\/tr>\n<\/tbody>\n<\/table>\n<table style=\"width: 97%; border-color: #ffffff;\">\n<tbody>\n<tr style=\"height: 120px;\">\n<td style=\"border-color: #ffffff #ffffff #e0e0e0; background-color: #ffffff; width: 19.2201%; border-bottom-style: solid; border-bottom-width: 1px; text-align: center; vertical-align: top;\">\n<p style=\"text-align: center;\"><strong>17:33<\/strong><\/p>\n<p>&nbsp;<\/td>\n<td style=\"border-color: #ffffff #ffffff #e0e0e0; background-color: #ffffff; text-align: justify; width: 79.805%; border-bottom-style: solid; border-bottom-width: 1px; vertical-align: top;\">\n<p style=\"text-align: justify;\"><b>PREMIER GRAND SLAM DE PARIS POUR BOUKLI !<br \/>\n<\/b><\/p>\n<p style=\"text-align: justify;\">Apr\u00e8s une finale haute en couleurs, <strong>Shirine Boukli<\/strong> s&rsquo;est impos\u00e9e face \u00e0 Wakana Koga !<\/p>\n<div class=\"vlp-link-container vlp-layout-article\"><a href=\"https:\/\/dicodusport.fr\/blog\/judo-paris-grand-slam-2024-shirine-boukli-en-or-48-kg\/\" class=\"vlp-link\" title=\"Judo Paris Grand Slam 2024 : Shirine Boukli en or (-48 kg)\"><\/a><div class=\"vlp-layout-zone-side\"><div class=\"vlp-block-4 vlp-link-image\"><img loading=\"lazy\" decoding=\"async\" style=\"max-width: 792px;\" width=\"792\" height=\"445\" src=\"https:\/\/dicodusport.fr\/blog\/wp-content\/uploads\/2024\/02\/Judo-Paris-Grand-Slam-2024-Shirine-Boukli-en-or-48-kg-1.png\" class=\"attachment-800x445 size-800x445\" alt=\"Judo Paris Grand Slam 2024 Shirine Boukli en or (-48 kg) (1)\" srcset=\"https:\/\/dicodusport.fr\/blog\/wp-content\/uploads\/2024\/02\/Judo-Paris-Grand-Slam-2024-Shirine-Boukli-en-or-48-kg-1.png 1200w, https:\/\/dicodusport.fr\/blog\/wp-content\/uploads\/2024\/02\/Judo-Paris-Grand-Slam-2024-Shirine-Boukli-en-or-48-kg-1-300x169.png 300w, https:\/\/dicodusport.fr\/blog\/wp-content\/uploads\/2024\/02\/Judo-Paris-Grand-Slam-2024-Shirine-Boukli-en-or-48-kg-1-1024x575.png 1024w, https:\/\/dicodusport.fr\/blog\/wp-content\/uploads\/2024\/02\/Judo-Paris-Grand-Slam-2024-Shirine-Boukli-en-or-48-kg-1-768x431.png 768w\" sizes=\"auto, (max-width: 792px) 100vw, 792px\" \/><\/div><\/div><div class=\"vlp-layout-zone-main\"><div class=\"vlp-block-0 vlp-link-title\">Judo Paris Grand Slam 2024 : Shirine Boukli en or (-48 kg)<\/div><div class=\"vlp-block-1 vlp-link-summary\">JUDO GRAND SLAM DE PARIS 2024 - Premi\u00e8re victoire pour Shirine Boukli (-48 kg) au Paris Grand Slam ! La Fran\u00e7aise s'est empar\u00e9e de lors ce vendredi, en fin de journ\u00e9e.<\/div><div class=\"vlp-block-2 vlp-link-button\">Lire l'article<\/div><div class=\"vlp-block-3 vlp-link-url\">dicodusport.fr<\/div><\/div><\/div><\/td>\n<\/tr>\n<\/tbody>\n<\/table>\n<table style=\"width: 97%; border-color: #ffffff;\">\n<tbody>\n<tr style=\"height: 120px;\">\n<td style=\"border-color: #ffffff #ffffff #e0e0e0; background-color: #ffffff; width: 19.2201%; border-bottom-style: solid; border-bottom-width: 1px; text-align: center; vertical-align: top;\">\n<p style=\"text-align: center;\"><strong>15:43<\/strong><\/p>\n<p>\ud83c\udfc6<\/td>\n<td style=\"border-color: #ffffff #ffffff #e0e0e0; background-color: #ffffff; text-align: justify; width: 79.805%; border-bottom-style: solid; border-bottom-width: 1px; vertical-align: top;\">\n<p style=\"text-align: justify;\"><b>LE PROGRAMME DES FINALES<\/b><\/p>\n<p style=\"text-align: justify;\">Retrouvez l&rsquo;ordre des combats des Fran\u00e7ais avec entre parenth\u00e8ses les historiques des confrontations directes.<\/p>\n<p style=\"text-align: justify;\"><strong>3.<\/strong> -48 kg : Wakana Koga &#8211; Shirine Boukli (2-2)<\/p>\n<p style=\"text-align: justify;\"><strong>6.<\/strong> -60 kg : Luka Mkheidze &#8211; Harim Lee (1-1)<\/p>\n<p style=\"text-align: justify;\"><strong>14.<\/strong> -57 kg : Marica Perisic &#8211; Sarah-L\u00e9onie Cysique (2-3)<\/p>\n<p style=\"text-align: justify;\"><strong>15.<\/strong> -57 kg : Christa Deguchi &#8211; Fa\u00efza Mokdar (0-0)<\/p>\n<\/td>\n<\/tr>\n<\/tbody>\n<\/table>\n<table style=\"width: 97%; border-color: #ffffff;\">\n<tbody>\n<tr style=\"height: 120px;\">\n<td style=\"border-color: #ffffff #ffffff #e0e0e0; background-color: #ffffff; width: 19.2201%; border-bottom-style: solid; border-bottom-width: 1px; text-align: center; vertical-align: top;\"><\/td>\n<td style=\"border-color: #ffffff #ffffff #e0e0e0; background-color: #ffffff; text-align: justify; width: 79.805%; border-bottom-style: solid; border-bottom-width: 1px; vertical-align: top;\"><\/td>\n<\/tr>\n<\/tbody>\n<\/table>\n<table style=\"width: 97%; border-color: #ffffff;\">\n<tbody>\n<tr style=\"height: 120px;\">\n<td style=\"border-color: #ffffff #ffffff #e0e0e0; background-color: #ffffff; width: 19.2201%; border-bottom-style: solid; border-bottom-width: 1px; text-align: center; vertical-align: top;\"><\/td>\n<td style=\"border-color: #ffffff #ffffff #e0e0e0; background-color: #ffffff; text-align: justify; width: 79.805%; border-bottom-style: solid; border-bottom-width: 1px; vertical-align: top;\"><\/td>\n<\/tr>\n<\/tbody>\n<\/table>\n<table style=\"width: 97%; border-color: #ffffff;\">\n<tbody>\n<tr style=\"height: 120px;\">\n<td style=\"border-color: #ffffff #ffffff #e0e0e0; background-color: #ffffff; width: 150px; border-bottom-style: solid; border-bottom-width: 1px; text-align: center; vertical-align: top;\"><\/td>\n<td style=\"border-color: #ffffff #ffffff #e0e0e0; background-color: #ffffff; text-align: justify; width: 650px; border-bottom-style: solid; border-bottom-width: 1px; vertical-align: top;\"><\/td>\n<\/tr>\n<\/tbody>\n<\/table>\n<p><!--nextpage--><\/p>\n<hr \/>\n<table style=\"width: 97%; border-color: #ffffff;\">\n<tbody>\n<tr style=\"height: 120px;\">\n<td style=\"border-color: #ffffff #ffffff #e0e0e0; background-color: #ffffff; width: 19.2201%; border-bottom-style: solid; border-bottom-width: 1px; text-align: center; vertical-align: top;\">\n<p style=\"text-align: center;\">\ud83c\udf99\ufe0f<\/p>\n<\/td>\n<td style=\"border-color: #ffffff #ffffff #e0e0e0; background-color: #ffffff; text-align: justify; width: 79.805%; border-bottom-style: solid; border-bottom-width: 1px; vertical-align: top;\">\n<p style=\"text-align: justify;\"><b>La r\u00e9action de Melkia Auchecorne<br \/>\n<\/b><\/p>\n<blockquote>\n<p style=\"text-align: justify;\">Il y a beaucoup de travail derri\u00e8re. C&rsquo;est ma 3e participation et c&rsquo;est la premi\u00e8re fois que je me classe et que je fais une m\u00e9daille donc je suis tr\u00e8s tr\u00e8s contente. J&rsquo;ai grandi. Les autres fois je n&rsquo;ai pas abord\u00e9 la comp\u00e9tition de la m\u00eame mani\u00e8re. Je me cachais derri\u00e8re le fait que j&rsquo;\u00e9tais encore junior avec pas beaucoup d&rsquo;exp\u00e9rience. Donc je me mettais un peu en dessous des filles alors qu&rsquo;aujourd&rsquo;hui j&rsquo;ai vraiment cru en moi.<\/p>\n<\/blockquote>\n<p style=\"text-align: justify;\">L&rsquo;ann\u00e9e derni\u00e8re, elle \u00e9tait tr\u00e8s affect\u00e9e apr\u00e8s sa d\u00e9faite au 3e tour, alors cette m\u00e9daille a une saveur particuli\u00e8re :<\/p>\n<blockquote>\n<p style=\"text-align: justify;\">C&rsquo;est un soulagement parce que je me demandais \u00ab\u00a0quand est-ce que je vais passer le cap\u00a0\u00bb? A chaque fois je parlais avec les grandes qui me rassuraient et qui me disaient que \u00e7a allait venir. Mais on ne sait jamais quand \u00e7a on le passe. Pour certains \u00e7a peut prendre 2 ans, 3 ans, pour d&rsquo;autres \u00e7a se fait directement.<\/p>\n<\/blockquote>\n<div id=\"attachment_552121\" style=\"width: 510px\" class=\"wp-caption aligncenter\"><img loading=\"lazy\" decoding=\"async\" aria-describedby=\"caption-attachment-552121\" class=\"wp-image-552121\" src=\"https:\/\/dicodusport.fr\/blog\/wp-content\/uploads\/2025\/02\/Podium-Manon-Deketer-Melkia-Auchecorne-1024x683.jpg\" alt=\"\" width=\"500\" height=\"333\" srcset=\"https:\/\/dicodusport.fr\/blog\/wp-content\/uploads\/2025\/02\/Podium-Manon-Deketer-Melkia-Auchecorne-1024x683.jpg 1024w, https:\/\/dicodusport.fr\/blog\/wp-content\/uploads\/2025\/02\/Podium-Manon-Deketer-Melkia-Auchecorne-300x200.jpg 300w, https:\/\/dicodusport.fr\/blog\/wp-content\/uploads\/2025\/02\/Podium-Manon-Deketer-Melkia-Auchecorne-768x512.jpg 768w, https:\/\/dicodusport.fr\/blog\/wp-content\/uploads\/2025\/02\/Podium-Manon-Deketer-Melkia-Auchecorne-1536x1024.jpg 1536w, https:\/\/dicodusport.fr\/blog\/wp-content\/uploads\/2025\/02\/Podium-Manon-Deketer-Melkia-Auchecorne-2048x1365.jpg 2048w\" sizes=\"auto, (max-width: 500px) 100vw, 500px\" \/><p id=\"caption-attachment-552121\" class=\"wp-caption-text\">Podium de Melkia Auchecorne en compagnie de Manon Deketer &#8211; Photo Di Feliciantonio Emanuele\/IJF<\/p><\/div><\/td>\n<\/tr>\n<\/tbody>\n<\/table>\n<table style=\"width: 97%; border-color: #ffffff;\">\n<tbody>\n<tr style=\"height: 120px;\">\n<td style=\"border-color: #ffffff #ffffff #e0e0e0; background-color: #ffffff; width: 19.2201%; border-bottom-style: solid; border-bottom-width: 1px; text-align: center; vertical-align: top;\">\n<p style=\"text-align: center;\">\ud83c\udf99\ufe0f<\/p>\n<\/td>\n<td style=\"border-color: #ffffff #ffffff #e0e0e0; background-color: #ffffff; text-align: justify; width: 79.805%; border-bottom-style: solid; border-bottom-width: 1px; vertical-align: top;\">\n<p style=\"text-align: justify;\"><b>La r\u00e9action de Maxime Gobert<br \/>\n<\/b><\/p>\n<blockquote>\n<p style=\"text-align: justify;\">On s&rsquo;entra\u00eene tous les jours pour ce genre de comp\u00e9tition. Je suis content de ramener cette m\u00e9daille. Les 3 derni\u00e8res ann\u00e9es \u00e7a n&rsquo;a pas forc\u00e9ment fonctionn\u00e9 pour moi \u00e0 Paris et \u00e7a me tenait \u00e0 c\u0153ur de prendre une m\u00e9daille devant ce magnifique public et cette magnifique arena.<\/p>\n<\/blockquote>\n<div id=\"attachment_552116\" style=\"width: 510px\" class=\"wp-caption aligncenter\"><img loading=\"lazy\" decoding=\"async\" aria-describedby=\"caption-attachment-552116\" class=\"wp-image-552116\" src=\"https:\/\/dicodusport.fr\/blog\/wp-content\/uploads\/2025\/02\/Maxime-Gobert-1024x683.png\" alt=\"\" width=\"500\" height=\"333\" srcset=\"https:\/\/dicodusport.fr\/blog\/wp-content\/uploads\/2025\/02\/Maxime-Gobert-1024x683.png 1024w, https:\/\/dicodusport.fr\/blog\/wp-content\/uploads\/2025\/02\/Maxime-Gobert-300x200.png 300w, https:\/\/dicodusport.fr\/blog\/wp-content\/uploads\/2025\/02\/Maxime-Gobert-768x512.png 768w, https:\/\/dicodusport.fr\/blog\/wp-content\/uploads\/2025\/02\/Maxime-Gobert.png 1200w\" sizes=\"auto, (max-width: 500px) 100vw, 500px\" \/><p id=\"caption-attachment-552116\" class=\"wp-caption-text\">Maxime Gobert &#8211; Photo Icon Sport<\/p><\/div><\/td>\n<\/tr>\n<\/tbody>\n<\/table>\n<table style=\"width: 97%; border-color: #ffffff;\">\n<tbody>\n<tr style=\"height: 120px;\">\n<td style=\"border-color: #ffffff #ffffff #e0e0e0; background-color: #ffffff; width: 19.2201%; border-bottom-style: solid; border-bottom-width: 1px; text-align: center; vertical-align: top;\">\n<p style=\"text-align: center;\">\ud83c\udf99\ufe0f<\/p>\n<\/td>\n<td style=\"border-color: #ffffff #ffffff #e0e0e0; background-color: #ffffff; text-align: justify; width: 79.805%; border-bottom-style: solid; border-bottom-width: 1px; vertical-align: top;\">\n<p style=\"text-align: justify;\"><b>La r\u00e9action de Martha Fawaz<br \/>\n<\/b><\/p>\n<blockquote>\n<p style=\"text-align: justify;\">Pour \u00eatre assez honn\u00eate, je suis un peu d\u00e9pass\u00e9e. Je ne r\u00e9alise pas, c&rsquo;est Paris. Pour tous les judokas fran\u00e7ais, c&rsquo;est le tournoi r\u00e9f\u00e9rence. C&rsquo;est un accomplissement, je suis vraiment contente. Ca marque le d\u00e9but de belles choses je l&rsquo;esp\u00e8re. J&rsquo;ai fait une belle journ\u00e9e, je suis contente de moi. Je suis assez difficile avec moi-m\u00eame mais sur cette journ\u00e9e, toutes les \u00e9toiles \u00e9taient align\u00e9es. Je commence \u00e0 faire mon petit trou dans le jeu et je suis vraiment contente.<\/p>\n<\/blockquote>\n<p style=\"text-align: center;\"><img loading=\"lazy\" decoding=\"async\" class=\"alignnone size-large wp-image-552048\" src=\"https:\/\/dicodusport.fr\/blog\/wp-content\/uploads\/2025\/02\/Judo-Paris-Grand-Slam-2025-Martha-Fawaz-remporte-lor-Ophelie-Vellozzi-en-bronze-1024x575.png\" alt=\"\" width=\"740\" height=\"416\" srcset=\"https:\/\/dicodusport.fr\/blog\/wp-content\/uploads\/2025\/02\/Judo-Paris-Grand-Slam-2025-Martha-Fawaz-remporte-lor-Ophelie-Vellozzi-en-bronze-1024x575.png 1024w, https:\/\/dicodusport.fr\/blog\/wp-content\/uploads\/2025\/02\/Judo-Paris-Grand-Slam-2025-Martha-Fawaz-remporte-lor-Ophelie-Vellozzi-en-bronze-300x169.png 300w, https:\/\/dicodusport.fr\/blog\/wp-content\/uploads\/2025\/02\/Judo-Paris-Grand-Slam-2025-Martha-Fawaz-remporte-lor-Ophelie-Vellozzi-en-bronze-768x431.png 768w, https:\/\/dicodusport.fr\/blog\/wp-content\/uploads\/2025\/02\/Judo-Paris-Grand-Slam-2025-Martha-Fawaz-remporte-lor-Ophelie-Vellozzi-en-bronze.png 1200w\" sizes=\"auto, (max-width: 740px) 100vw, 740px\" \/><br \/>\n<span style=\"font-size: 14px;\">Martha Fawaz &#8211; Photo Icon Sport<\/span><\/p>\n<\/td>\n<\/tr>\n<\/tbody>\n<\/table>\n<table style=\"width: 97%; border-color: #ffffff;\">\n<tbody>\n<tr style=\"height: 120px;\">\n<td style=\"border-color: #ffffff #ffffff #e0e0e0; background-color: #ffffff; width: 19.2201%; border-bottom-style: solid; border-bottom-width: 1px; text-align: center; vertical-align: top;\">\n<p style=\"text-align: center;\">\ud83c\udf99\ufe0f<\/p>\n<\/td>\n<td style=\"border-color: #ffffff #ffffff #e0e0e0; background-color: #ffffff; text-align: justify; width: 79.805%; border-bottom-style: solid; border-bottom-width: 1px; vertical-align: top;\">\n<p style=\"text-align: justify;\"><b>La r\u00e9action d&rsquo;Oph\u00e9lie Vellozzi<br \/>\n<\/b><\/p>\n<blockquote>\n<p style=\"text-align: justify;\">C&rsquo;est un cap qui fait plaisir \u00e0 franchir. J&rsquo;ai un peu chang\u00e9 ma fa\u00e7on de travailler et finalement \u00e7a a pay\u00e9. Je suis sur la bonne voie pour aller chercher la m\u00e9daille d&rsquo;or la prochaine fois. [Remporter cette m\u00e9daille \u00e0 la 3e participation] c&rsquo;est se dire qu&rsquo;on n&rsquo;est pas l\u00e0 pour rien et que le travail paye. Je travaille sur le contact, je pense que la confiance en moi a permis d&rsquo;impacter sur les mains. Il faut que je travaille sur la tactique et savoir g\u00e9rer les p\u00e9nalit\u00e9s.<\/p>\n<\/blockquote>\n<div id=\"attachment_552112\" style=\"width: 750px\" class=\"wp-caption aligncenter\"><img loading=\"lazy\" decoding=\"async\" aria-describedby=\"caption-attachment-552112\" class=\"size-large wp-image-552112\" src=\"https:\/\/dicodusport.fr\/blog\/wp-content\/uploads\/2025\/02\/Fawaz-Vellozzi-1024x575.png\" alt=\"\" width=\"740\" height=\"416\" srcset=\"https:\/\/dicodusport.fr\/blog\/wp-content\/uploads\/2025\/02\/Fawaz-Vellozzi-1024x575.png 1024w, https:\/\/dicodusport.fr\/blog\/wp-content\/uploads\/2025\/02\/Fawaz-Vellozzi-300x169.png 300w, https:\/\/dicodusport.fr\/blog\/wp-content\/uploads\/2025\/02\/Fawaz-Vellozzi-768x431.png 768w, https:\/\/dicodusport.fr\/blog\/wp-content\/uploads\/2025\/02\/Fawaz-Vellozzi.png 1200w\" sizes=\"auto, (max-width: 740px) 100vw, 740px\" \/><p id=\"caption-attachment-552112\" class=\"wp-caption-text\">Oph\u00e9lie Vellozzi durant sa demi-finale perdue sur hansoku make face \u00e0 Martha Fawaz &#8211; Photo Gabi Juan\/EJU<\/p><\/div><\/td>\n<\/tr>\n<\/tbody>\n<\/table>\n<table style=\"width: 97%; border-color: #ffffff;\">\n<tbody>\n<tr style=\"height: 120px;\">\n<td style=\"border-color: #ffffff #ffffff #e0e0e0; background-color: #ffffff; width: 19.2201%; border-bottom-style: solid; border-bottom-width: 1px; text-align: center; vertical-align: top;\">\n<p style=\"text-align: center;\">\ud83c\udf99\ufe0f<\/p>\n<\/td>\n<td style=\"border-color: #ffffff #ffffff #e0e0e0; background-color: #ffffff; text-align: justify; width: 79.805%; border-bottom-style: solid; border-bottom-width: 1px; vertical-align: top;\">\n<p style=\"text-align: justify;\"><b>La r\u00e9action de Daikii Bouba<br \/>\n<\/b><\/p>\n<blockquote>\n<p style=\"text-align: justify;\">Je ne trouve pas que j&rsquo;ai produit du beau judo aujourd&rsquo;hui. Le r\u00e9sultat est l\u00e0, \u00e7a je le prends. Mais je pense pas que ce soit une belle journ\u00e9e. Par contre \u00e7a fait plaisir de voir la r\u00e9gularit\u00e9. \u00c7a veut dire qu&rsquo;il y a une certaine maturit\u00e9. Je dois peut-\u00eatre progresser sur la prise de risques.<\/p>\n<\/blockquote>\n<div id=\"attachment_552110\" style=\"width: 210px\" class=\"wp-caption aligncenter\"><img loading=\"lazy\" decoding=\"async\" aria-describedby=\"caption-attachment-552110\" class=\"wp-image-552110 size-medium\" src=\"https:\/\/dicodusport.fr\/blog\/wp-content\/uploads\/2025\/02\/Daikii-Bouba-200x300.png\" alt=\"\" width=\"200\" height=\"300\" srcset=\"https:\/\/dicodusport.fr\/blog\/wp-content\/uploads\/2025\/02\/Daikii-Bouba-200x300.png 200w, https:\/\/dicodusport.fr\/blog\/wp-content\/uploads\/2025\/02\/Daikii-Bouba-683x1024.png 683w, https:\/\/dicodusport.fr\/blog\/wp-content\/uploads\/2025\/02\/Daikii-Bouba-768x1152.png 768w, https:\/\/dicodusport.fr\/blog\/wp-content\/uploads\/2025\/02\/Daikii-Bouba-1024x1536.png 1024w, https:\/\/dicodusport.fr\/blog\/wp-content\/uploads\/2025\/02\/Daikii-Bouba.png 1200w\" sizes=\"auto, (max-width: 200px) 100vw, 200px\" \/><p id=\"caption-attachment-552110\" class=\"wp-caption-text\">Daikii Bouba &#8211; Photo Icon Sport<\/p><\/div><\/td>\n<\/tr>\n<\/tbody>\n<\/table>\n<table style=\"width: 97%; border-color: #ffffff;\">\n<tbody>\n<tr style=\"height: 120px;\">\n<td style=\"border-color: #ffffff #ffffff #e0e0e0; background-color: #ffffff; width: 19.2201%; border-bottom-style: solid; border-bottom-width: 1px; text-align: center; vertical-align: top;\"><strong>19:50<\/strong><\/p>\n<p>\ud83e\udd48\ud83e\udd49\ud83e\udd49<\/td>\n<td style=\"border-color: #ffffff #ffffff #e0e0e0; background-color: #ffffff; text-align: justify; width: 80.2691%; border-bottom-style: solid; border-bottom-width: 1px; vertical-align: top;\">\n<p style=\"text-align: justify;\"><strong>3 M\u00c9DAILLES POUR TERMINER<\/strong><\/p>\n<p style=\"text-align: justify;\">Pour cl\u00f4turer cette journ\u00e9e, les Bleus ont fait tomber dans leur escarcelle 3 nouvelles m\u00e9dailles :<\/p>\n<ul>\n<li>Le bronze pour <a title=\"Judo Paris Grand Slam 2025 : Daikii Bouba et Walide Khyar sur le podium en -66 kg\" href=\"https:\/\/dicodusport.fr\/blog\/judo-paris-grand-slam-2025-daikii-bouba-et-walide-khyar-sur-le-podium-en-66-kg\/\" target=\"_blank\" rel=\"noopener\"><strong>Maxime Gobert<\/strong><\/a> (-73 kg)<\/li>\n<li>L&rsquo;argent pour <strong>Manon Deketer<\/strong> et le bronze pour <strong>Melkia Auchecorne<\/strong><\/li>\n<\/ul>\n<div class=\"vlp-link-container vlp-layout-article\"><a href=\"https:\/\/dicodusport.fr\/blog\/judo-paris-grand-slam-2025-manon-deketer-et-melkia-auchecorne-sur-le-podium-en-63-kg\/\" class=\"vlp-link\" title=\"Judo Paris Grand Slam 2025 : Manon Deketer et Melkia Auchecorne sur le podium en -63 kg\"><\/a><div class=\"vlp-layout-zone-side\"><div class=\"vlp-block-4 vlp-link-image\"><img loading=\"lazy\" decoding=\"async\" style=\"max-width: 792px;\" width=\"792\" height=\"445\" src=\"https:\/\/dicodusport.fr\/blog\/wp-content\/uploads\/2025\/02\/Judo-Paris-Grand-Slam-2025-Manon-Deketer-et-Melkia-Auchecorne-sur-le-podium-en-63-kg.png\" class=\"attachment-800x445 size-800x445\" alt=\"Judo Paris Grand Slam 2025 Manon Deketer et Melkia Auchecorne sur le podium en -63 kg\" srcset=\"https:\/\/dicodusport.fr\/blog\/wp-content\/uploads\/2025\/02\/Judo-Paris-Grand-Slam-2025-Manon-Deketer-et-Melkia-Auchecorne-sur-le-podium-en-63-kg.png 1200w, https:\/\/dicodusport.fr\/blog\/wp-content\/uploads\/2025\/02\/Judo-Paris-Grand-Slam-2025-Manon-Deketer-et-Melkia-Auchecorne-sur-le-podium-en-63-kg-300x169.png 300w, https:\/\/dicodusport.fr\/blog\/wp-content\/uploads\/2025\/02\/Judo-Paris-Grand-Slam-2025-Manon-Deketer-et-Melkia-Auchecorne-sur-le-podium-en-63-kg-1024x575.png 1024w, https:\/\/dicodusport.fr\/blog\/wp-content\/uploads\/2025\/02\/Judo-Paris-Grand-Slam-2025-Manon-Deketer-et-Melkia-Auchecorne-sur-le-podium-en-63-kg-768x431.png 768w\" sizes=\"auto, (max-width: 792px) 100vw, 792px\" \/><\/div><\/div><div class=\"vlp-layout-zone-main\"><div class=\"vlp-block-0 vlp-link-title\">Judo Paris Grand Slam 2025 : Manon Deketer et Melkia Auchecorne sur le podium en -63 kg<\/div><div class=\"vlp-block-1 vlp-link-summary\">GRAND SLAM DE JUDO DE PARIS 2025 - Apr\u00e8s une belle journ\u00e9e, Manon Deketer a cal\u00e9 en finale, et se voit accompagn\u00e9e sur le podium des -63 kg par Melkia Auchecorne.\u00a0<\/div><div class=\"vlp-block-2 vlp-link-button\">Lire l'article<\/div><div class=\"vlp-block-3 vlp-link-url\">dicodusport.fr<\/div><\/div><\/div><\/td>\n<\/tr>\n<\/tbody>\n<\/table>\n<table style=\"width: 97%; border-color: #ffffff;\">\n<tbody>\n<tr style=\"height: 120px;\">\n<td style=\"border-color: #ffffff #ffffff #e0e0e0; background-color: #ffffff; width: 19.2201%; border-bottom-style: solid; border-bottom-width: 1px; text-align: center; vertical-align: top;\"><strong>18:55<\/strong><\/p>\n<p>\ud83e\udd48\ud83e\udd49<\/td>\n<td style=\"border-color: #ffffff #ffffff #e0e0e0; background-color: #ffffff; text-align: justify; width: 80.2691%; border-bottom-style: solid; border-bottom-width: 1px; vertical-align: top;\">\n<p style=\"text-align: justify;\"><strong>MARTHA FAWAZ TITR\u00c9E,\u00a0 OPH\u00c9LIE VELLOZZI EN BRONZE<\/strong><\/p>\n<p style=\"text-align: justify;\">On ne les arr\u00eate plus ! Les Bleues remportent 2 nouvelles m\u00e9dailles : le titre pour Martha Fawaz chez les -57 kg et le bronze pour Oph\u00e9lie Vellozzi.<\/p>\n<div class=\"vlp-link-container vlp-layout-article\"><a href=\"https:\/\/dicodusport.fr\/blog\/judo-paris-grand-slam-2025-martha-fawaz-remporte-lor-ophelie-vellozzi-en-bronze-57-kg\/\" class=\"vlp-link\" title=\"Judo Paris Grand Slam 2025 : Martha Fawaz remporte l&#039;or, Oph\u00e9lie Vellozzi en bronze (-57 kg)\"><\/a><div class=\"vlp-layout-zone-side\"><div class=\"vlp-block-4 vlp-link-image\"><img loading=\"lazy\" decoding=\"async\" style=\"max-width: 792px;\" width=\"792\" height=\"445\" src=\"https:\/\/dicodusport.fr\/blog\/wp-content\/uploads\/2025\/02\/Judo-Paris-Grand-Slam-2025-Martha-Fawaz-remporte-lor-Ophelie-Vellozzi-en-bronze.png\" class=\"attachment-800x445 size-800x445\" alt=\"\" srcset=\"https:\/\/dicodusport.fr\/blog\/wp-content\/uploads\/2025\/02\/Judo-Paris-Grand-Slam-2025-Martha-Fawaz-remporte-lor-Ophelie-Vellozzi-en-bronze.png 1200w, https:\/\/dicodusport.fr\/blog\/wp-content\/uploads\/2025\/02\/Judo-Paris-Grand-Slam-2025-Martha-Fawaz-remporte-lor-Ophelie-Vellozzi-en-bronze-300x169.png 300w, https:\/\/dicodusport.fr\/blog\/wp-content\/uploads\/2025\/02\/Judo-Paris-Grand-Slam-2025-Martha-Fawaz-remporte-lor-Ophelie-Vellozzi-en-bronze-1024x575.png 1024w, https:\/\/dicodusport.fr\/blog\/wp-content\/uploads\/2025\/02\/Judo-Paris-Grand-Slam-2025-Martha-Fawaz-remporte-lor-Ophelie-Vellozzi-en-bronze-768x431.png 768w\" sizes=\"auto, (max-width: 792px) 100vw, 792px\" \/><\/div><\/div><div class=\"vlp-layout-zone-main\"><div class=\"vlp-block-0 vlp-link-title\">Judo Paris Grand Slam 2025 : Martha Fawaz remporte l'or, Oph\u00e9lie Vellozzi en bronze (-57 kg)<\/div><div class=\"vlp-block-1 vlp-link-summary\">Martha Fawaz et Oph\u00e9lie Vellozzi font grimper le compteur.<\/div><div class=\"vlp-block-2 vlp-link-button\">Lire l'article<\/div><div class=\"vlp-block-3 vlp-link-url\">dicodusport.fr<\/div><\/div><\/div><\/td>\n<\/tr>\n<\/tbody>\n<\/table>\n<table style=\"width: 97%; border-color: #ffffff;\">\n<tbody>\n<tr style=\"height: 120px;\">\n<td style=\"border-color: #ffffff #ffffff #e0e0e0; background-color: #ffffff; width: 19.2201%; border-bottom-style: solid; border-bottom-width: 1px; text-align: center; vertical-align: top;\"><strong>18:34<\/strong><\/p>\n<p>\ud83e\udd48\ud83e\udd49<\/td>\n<td style=\"border-color: #ffffff #ffffff #e0e0e0; background-color: #ffffff; text-align: justify; width: 80.2691%; border-bottom-style: solid; border-bottom-width: 1px; vertical-align: top;\">\n<p style=\"text-align: justify;\"><strong>DEUX NOUVELLES M\u00c9DAILLES<\/strong><\/p>\n<p style=\"text-align: justify;\">-66 kg :<b> Walide Khyar <\/b>remporte le bronze,\u00a0<strong>Daikii Bouba\u00a0<\/strong>l&rsquo;argent.<\/p>\n<div class=\"vlp-link-container vlp-layout-article\"><a href=\"https:\/\/dicodusport.fr\/blog\/judo-paris-grand-slam-2025-daikii-bouba-et-walide-khyar-sur-le-podium-en-66-kg\/\" class=\"vlp-link\" title=\"Judo Paris Grand Slam 2025 : Daikii Bouba et Walide Khyar sur le podium en -66 kg\"><\/a><div class=\"vlp-layout-zone-side\"><div class=\"vlp-block-4 vlp-link-image\"><img loading=\"lazy\" decoding=\"async\" style=\"max-width: 792px;\" width=\"792\" height=\"445\" src=\"https:\/\/dicodusport.fr\/blog\/wp-content\/uploads\/2025\/02\/Judo-Paris-Grand-Slam-2025-Daikii-Bouba-et-Walide-Khyar-sur-le-podium-en-66-kg.png\" class=\"attachment-800x445 size-800x445\" alt=\"Judo Paris Grand Slam 2025 Daikii Bouba et Walide Khyar sur le podium en -66 kg\" srcset=\"https:\/\/dicodusport.fr\/blog\/wp-content\/uploads\/2025\/02\/Judo-Paris-Grand-Slam-2025-Daikii-Bouba-et-Walide-Khyar-sur-le-podium-en-66-kg.png 1200w, https:\/\/dicodusport.fr\/blog\/wp-content\/uploads\/2025\/02\/Judo-Paris-Grand-Slam-2025-Daikii-Bouba-et-Walide-Khyar-sur-le-podium-en-66-kg-300x169.png 300w, https:\/\/dicodusport.fr\/blog\/wp-content\/uploads\/2025\/02\/Judo-Paris-Grand-Slam-2025-Daikii-Bouba-et-Walide-Khyar-sur-le-podium-en-66-kg-1024x575.png 1024w, https:\/\/dicodusport.fr\/blog\/wp-content\/uploads\/2025\/02\/Judo-Paris-Grand-Slam-2025-Daikii-Bouba-et-Walide-Khyar-sur-le-podium-en-66-kg-768x431.png 768w\" sizes=\"auto, (max-width: 792px) 100vw, 792px\" \/><\/div><\/div><div class=\"vlp-layout-zone-main\"><div class=\"vlp-block-0 vlp-link-title\">Judo Paris Grand Slam 2025 : Daikii Bouba et Walide Khyar sur le podium en -66 kg<\/div><div class=\"vlp-block-1 vlp-link-summary\">GRAND SLAM DE JUDO DE PARIS 2025 - Daikii Bouba et Walide Khyar ont tous deux chut\u00e9 contre le m\u00eame adversaire, et prennent respectivement l'argent et le bronze en -66 kg.\u00a0<\/div><div class=\"vlp-block-2 vlp-link-button\">Lire l'article<\/div><div class=\"vlp-block-3 vlp-link-url\">dicodusport.fr<\/div><\/div><\/div><\/td>\n<\/tr>\n<\/tbody>\n<\/table>\n<table style=\"width: 97%; border-color: #ffffff;\">\n<tbody>\n<tr style=\"height: 120px;\">\n<td style=\"border-color: #ffffff #ffffff #e0e0e0; background-color: #ffffff; width: 19.2201%; border-bottom-style: solid; border-bottom-width: 1px; text-align: center; vertical-align: top;\"><strong>17:44<\/strong><\/p>\n<p>\ud83e\udd47<\/td>\n<td style=\"border-color: #ffffff #ffffff #e0e0e0; background-color: #ffffff; text-align: justify; width: 80.2691%; border-bottom-style: solid; border-bottom-width: 1px; vertical-align: top;\">\n<p style=\"text-align: justify;\"><strong>L&rsquo;OR POUR ROMAIN VALADIER-PICARD<\/strong><\/p>\n<p style=\"text-align: justify;\"><b>Romain Valadier-Picard\u00a0<\/b>s&rsquo;impose en finale et rafle sa premi\u00e8re m\u00e9daille d&rsquo;or en Grand Slam \u00e0 22 ans !<\/p>\n<div class=\"vlp-link-container vlp-layout-article\"><a href=\"https:\/\/dicodusport.fr\/blog\/judo-paris-grand-slam-2025-romain-valadier-picard-triomphe-en-60-kg-enzo-jean-en-bronze\/\" class=\"vlp-link\" title=\"Judo Paris Grand Slam 2025 : Romain Valadier-Picard triomphe en -60 kg, Enzo Jean en bronze !\"><\/a><div class=\"vlp-layout-zone-side\"><div class=\"vlp-block-4 vlp-link-image\"><img loading=\"lazy\" decoding=\"async\" style=\"max-width: 792px;\" width=\"792\" height=\"445\" src=\"https:\/\/dicodusport.fr\/blog\/wp-content\/uploads\/2025\/02\/Judo-Paris-Grand-Slam-2025-Romain-Valadier-Picard-triomphe-en-60-kg-Enzo-Jean-en-bronze-.png\" class=\"attachment-800x445 size-800x445\" alt=\"Judo Paris Grand Slam 2025 Romain Valadier-Picard triomphe en -60 kg, Enzo Jean en bronze !\" srcset=\"https:\/\/dicodusport.fr\/blog\/wp-content\/uploads\/2025\/02\/Judo-Paris-Grand-Slam-2025-Romain-Valadier-Picard-triomphe-en-60-kg-Enzo-Jean-en-bronze-.png 1200w, https:\/\/dicodusport.fr\/blog\/wp-content\/uploads\/2025\/02\/Judo-Paris-Grand-Slam-2025-Romain-Valadier-Picard-triomphe-en-60-kg-Enzo-Jean-en-bronze--300x169.png 300w, https:\/\/dicodusport.fr\/blog\/wp-content\/uploads\/2025\/02\/Judo-Paris-Grand-Slam-2025-Romain-Valadier-Picard-triomphe-en-60-kg-Enzo-Jean-en-bronze--1024x575.png 1024w, https:\/\/dicodusport.fr\/blog\/wp-content\/uploads\/2025\/02\/Judo-Paris-Grand-Slam-2025-Romain-Valadier-Picard-triomphe-en-60-kg-Enzo-Jean-en-bronze--768x431.png 768w\" sizes=\"auto, (max-width: 792px) 100vw, 792px\" \/><\/div><\/div><div class=\"vlp-layout-zone-main\"><div class=\"vlp-block-0 vlp-link-title\">Judo Paris Grand Slam 2025 : Romain Valadier-Picard triomphe en -60 kg, Enzo Jean en bronze !<\/div><div class=\"vlp-block-1 vlp-link-summary\">GRAND SLAM DE JUDO DE PARIS 2025 - Magnifique performance d'ensemble des Bleus en -60 kg avec la troisi\u00e8me place pour Enzo Jean, mais surtout l'or pour Romain Valadier-Picard, sacr\u00e9 pour la premi\u00e8re fois en Grand Slam.<\/div><div class=\"vlp-block-2 vlp-link-button\">Lire l'article<\/div><div class=\"vlp-block-3 vlp-link-url\">dicodusport.fr<\/div><\/div><\/div><\/td>\n<\/tr>\n<\/tbody>\n<\/table>\n<table style=\"width: 97%; border-color: #ffffff;\">\n<tbody>\n<tr style=\"height: 120px;\">\n<td style=\"border-color: #ffffff #ffffff #e0e0e0; background-color: #ffffff; width: 19.2201%; border-bottom-style: solid; border-bottom-width: 1px; text-align: center; vertical-align: top;\"><strong>17:35<\/strong><\/p>\n<p>\ud83e\udd49<\/td>\n<td style=\"border-color: #ffffff #ffffff #e0e0e0; background-color: #ffffff; text-align: justify; width: 80.2691%; border-bottom-style: solid; border-bottom-width: 1px; vertical-align: top;\">\n<p style=\"text-align: justify;\"><strong>LE BRONZE POUR JEAN<\/strong><\/p>\n<p style=\"text-align: justify;\"><b>Enzo Jean<\/b>, 22 ans, remporte le bronze chez les -60 kg.\u00a0<strong>C\u00e9dric Revol\u00a0<\/strong>lui s&rsquo;incline.<\/p>\n<div class=\"vlp-link-container vlp-layout-article\"><a href=\"https:\/\/dicodusport.fr\/blog\/judo-paris-grand-slam-2025-romain-valadier-picard-triomphe-en-60-kg-enzo-jean-en-bronze\/\" class=\"vlp-link\" title=\"Judo Paris Grand Slam 2025 : Romain Valadier-Picard triomphe en -60 kg, Enzo Jean en bronze !\"><\/a><div class=\"vlp-layout-zone-side\"><div class=\"vlp-block-4 vlp-link-image\"><img loading=\"lazy\" decoding=\"async\" style=\"max-width: 792px;\" width=\"792\" height=\"445\" src=\"https:\/\/dicodusport.fr\/blog\/wp-content\/uploads\/2025\/02\/Judo-Paris-Grand-Slam-2025-Romain-Valadier-Picard-triomphe-en-60-kg-Enzo-Jean-en-bronze-.png\" class=\"attachment-800x445 size-800x445\" alt=\"Judo Paris Grand Slam 2025 Romain Valadier-Picard triomphe en -60 kg, Enzo Jean en bronze !\" srcset=\"https:\/\/dicodusport.fr\/blog\/wp-content\/uploads\/2025\/02\/Judo-Paris-Grand-Slam-2025-Romain-Valadier-Picard-triomphe-en-60-kg-Enzo-Jean-en-bronze-.png 1200w, https:\/\/dicodusport.fr\/blog\/wp-content\/uploads\/2025\/02\/Judo-Paris-Grand-Slam-2025-Romain-Valadier-Picard-triomphe-en-60-kg-Enzo-Jean-en-bronze--300x169.png 300w, https:\/\/dicodusport.fr\/blog\/wp-content\/uploads\/2025\/02\/Judo-Paris-Grand-Slam-2025-Romain-Valadier-Picard-triomphe-en-60-kg-Enzo-Jean-en-bronze--1024x575.png 1024w, https:\/\/dicodusport.fr\/blog\/wp-content\/uploads\/2025\/02\/Judo-Paris-Grand-Slam-2025-Romain-Valadier-Picard-triomphe-en-60-kg-Enzo-Jean-en-bronze--768x431.png 768w\" sizes=\"auto, (max-width: 792px) 100vw, 792px\" \/><\/div><\/div><div class=\"vlp-layout-zone-main\"><div class=\"vlp-block-0 vlp-link-title\">Judo Paris Grand Slam 2025 : Romain Valadier-Picard triomphe en -60 kg, Enzo Jean en bronze !<\/div><div class=\"vlp-block-1 vlp-link-summary\">GRAND SLAM DE JUDO DE PARIS 2025 - Magnifique performance d'ensemble des Bleus en -60 kg avec la troisi\u00e8me place pour Enzo Jean, mais surtout l'or pour Romain Valadier-Picard, sacr\u00e9 pour la premi\u00e8re fois en Grand Slam.<\/div><div class=\"vlp-block-2 vlp-link-button\">Lire l'article<\/div><div class=\"vlp-block-3 vlp-link-url\">dicodusport.fr<\/div><\/div><\/div><\/td>\n<\/tr>\n<\/tbody>\n<\/table>\n<table style=\"width: 97%; border-color: #ffffff;\">\n<tbody>\n<tr style=\"height: 120px;\">\n<td style=\"border-color: #ffffff #ffffff #e0e0e0; background-color: #ffffff; width: 19.2201%; border-bottom-style: solid; border-bottom-width: 1px; text-align: center; vertical-align: top;\"><strong>17:29<\/strong><\/p>\n<p>\ud83e\udd48<\/td>\n<td style=\"border-color: #ffffff #ffffff #e0e0e0; background-color: #ffffff; text-align: justify; width: 80.2691%; border-bottom-style: solid; border-bottom-width: 1px; vertical-align: top;\">\n<p style=\"text-align: justify;\"><strong>L&rsquo;ARGENT POUR SHIRINE BOUKLI<\/strong><\/p>\n<p style=\"text-align: justify;\"><strong>Shirine Boukli\u00a0<\/strong>(-48 kg) remet sa couronne. Elle s&rsquo;est inclin\u00e9e en finale face \u00e0 Mitsuki Kondo.<\/p>\n<div class=\"vlp-link-container vlp-layout-article\"><a href=\"https:\/\/dicodusport.fr\/blog\/judo-paris-grand-slam-2025-shirine-boukli-remporte-largent-48-kg\/\" class=\"vlp-link\" title=\"Judo Paris Grand Slam 2025 : Shirine Boukli remporte l&#039;argent (-48 kg)\"><\/a><div class=\"vlp-layout-zone-side\"><div class=\"vlp-block-4 vlp-link-image\"><img loading=\"lazy\" decoding=\"async\" style=\"max-width: 792px;\" width=\"792\" height=\"445\" src=\"https:\/\/dicodusport.fr\/blog\/wp-content\/uploads\/2025\/02\/Shirine-Boukli-Grand-Slam-Paris-2025.png\" class=\"attachment-800x445 size-800x445\" alt=\"\" srcset=\"https:\/\/dicodusport.fr\/blog\/wp-content\/uploads\/2025\/02\/Shirine-Boukli-Grand-Slam-Paris-2025.png 1200w, https:\/\/dicodusport.fr\/blog\/wp-content\/uploads\/2025\/02\/Shirine-Boukli-Grand-Slam-Paris-2025-300x169.png 300w, https:\/\/dicodusport.fr\/blog\/wp-content\/uploads\/2025\/02\/Shirine-Boukli-Grand-Slam-Paris-2025-1024x575.png 1024w, https:\/\/dicodusport.fr\/blog\/wp-content\/uploads\/2025\/02\/Shirine-Boukli-Grand-Slam-Paris-2025-768x431.png 768w\" sizes=\"auto, (max-width: 792px) 100vw, 792px\" \/><\/div><\/div><div class=\"vlp-layout-zone-main\"><div class=\"vlp-block-0 vlp-link-title\">Judo Paris Grand Slam 2025 : Shirine Boukli remporte l'argent (-48 kg)<\/div><div class=\"vlp-block-1 vlp-link-summary\">Shirine Boukli en argent.<\/div><div class=\"vlp-block-2 vlp-link-button\">Lire l'article<\/div><div class=\"vlp-block-3 vlp-link-url\">dicodusport.fr<\/div><\/div><\/div><\/td>\n<\/tr>\n<\/tbody>\n<\/table>\n<table style=\"width: 97%; border-color: #ffffff;\">\n<tbody>\n<tr style=\"height: 120px;\">\n<td style=\"border-color: #ffffff #ffffff #e0e0e0; background-color: #ffffff; width: 19.2201%; border-bottom-style: solid; border-bottom-width: 1px; text-align: center; vertical-align: top;\"><strong>14:50<\/strong><\/p>\n<p>\ud83c\udfc6<\/td>\n<td style=\"border-color: #ffffff #ffffff #e0e0e0; background-color: #ffffff; text-align: justify; width: 80.2691%; border-bottom-style: solid; border-bottom-width: 1px; vertical-align: top;\">\n<p style=\"text-align: justify;\"><strong>12 M\u00c9DAILLES \u00c0 ALLER CHERCHER<\/strong><\/p>\n<p style=\"text-align: justify;\">On retrouvera un nombre incroyable de 12 Fran\u00e7ais lors du bloc final \u00e0 partir de 17h. 5 joueront la m\u00e9daille d&rsquo;or et 7 tenteront d&rsquo;aller chercher le bronze.<\/p>\n<p style=\"text-align: justify;\">\ud83e\udd47 : Shirine Boukli, Martha Fawaz, Manon Deketer, Romain Valadier-Picard et Daikii Bouba<\/p>\n<p style=\"text-align: justify;\">\ud83e\udd49 : Melkia Auchecorne, Fa\u00efza Mokdar, Oph\u00e9lie Vellozzi, Walide Khyar, Maxime Gobert, Enzo Jean et C\u00e9dric Revol<\/p>\n<\/td>\n<\/tr>\n<\/tbody>\n<\/table>\n<table style=\"width: 97%; border-color: #ffffff;\">\n<tbody>\n<tr style=\"height: 120px;\">\n<td style=\"border-color: #ffffff #ffffff #e0e0e0; background-color: #ffffff; width: 19.2201%; border-bottom-style: solid; border-bottom-width: 1px; text-align: center; vertical-align: top;\"><strong>14:44<\/strong><\/td>\n<td style=\"border-color: #ffffff #ffffff #e0e0e0; background-color: #ffffff; text-align: justify; width: 80.2691%; border-bottom-style: solid; border-bottom-width: 1px; vertical-align: top;\">\n<p style=\"text-align: justify;\">Dernier combat de la matin\u00e9e, <strong>Orlando Cazorla<\/strong> (-73 kg) s&rsquo;est inclin\u00e9 aux rep\u00eachages face \u00e0 Rashid Mammadaliyev.<\/p>\n<\/td>\n<\/tr>\n<\/tbody>\n<\/table>\n<table style=\"width: 97%; border-color: #ffffff;\">\n<tbody>\n<tr style=\"height: 120px;\">\n<td style=\"border-color: #ffffff #ffffff #e0e0e0; background-color: #ffffff; width: 19.2201%; border-bottom-style: solid; border-bottom-width: 1px; text-align: center; vertical-align: top;\"><strong>14:36<\/strong><\/td>\n<td style=\"border-color: #ffffff #ffffff #e0e0e0; background-color: #ffffff; text-align: justify; width: 80.2691%; border-bottom-style: solid; border-bottom-width: 1px; vertical-align: top;\">\n<p style=\"text-align: justify;\">C&rsquo;est malheureusement termin\u00e9 pour le jeune <strong>Kelvin Ray<\/strong> (-60 kg), battu aux rep\u00eachages par Bakhrom Boturov.<\/p>\n<p style=\"text-align: justify;\"><strong>C\u00e9dric Revol<\/strong> (-60 kg) a \u00e9t\u00e9 battu en demi-finales par Kenta Sekimoto.<\/p>\n<p style=\"text-align: justify;\"><strong>Enzo Jean<\/strong> (-60 kg) a battu In Hyuk Choi en rep\u00eachages.<\/p>\n<p style=\"text-align: justify;\"><strong>Maxime Gobert<\/strong> (-73 kg) a inscrit un joli ippon face \u00e0 Donghyun Bae aux rep\u00eachages.<\/p>\n<\/td>\n<\/tr>\n<\/tbody>\n<\/table>\n<table style=\"width: 97%; border-color: #ffffff;\">\n<tbody>\n<tr style=\"height: 120px;\">\n<td style=\"border-color: #ffffff #ffffff #e0e0e0; background-color: #ffffff; width: 19.2201%; border-bottom-style: solid; border-bottom-width: 1px; text-align: center; vertical-align: top;\"><strong>14:18<\/strong><\/td>\n<td style=\"border-color: #ffffff #ffffff #e0e0e0; background-color: #ffffff; text-align: justify; width: 80.2691%; border-bottom-style: solid; border-bottom-width: 1px; vertical-align: top;\">\n<p style=\"text-align: justify;\"><strong>DAIKI BOUBA EN FINALE !<\/strong><\/p>\n<p style=\"text-align: justify;\">Au golden score, Daikii Bouba (-66 kg) a battu Vazha Margvelashvili.<\/p>\n<\/td>\n<\/tr>\n<\/tbody>\n<\/table>\n<table style=\"width: 97%; border-color: #ffffff;\">\n<tbody>\n<tr style=\"height: 120px;\">\n<td style=\"border-color: #ffffff #ffffff #e0e0e0; background-color: #ffffff; width: 19.2201%; border-bottom-style: solid; border-bottom-width: 1px; text-align: center; vertical-align: top;\"><strong>14:16<\/strong><\/td>\n<td style=\"border-color: #ffffff #ffffff #e0e0e0; background-color: #ffffff; text-align: justify; width: 80.2691%; border-bottom-style: solid; border-bottom-width: 1px; vertical-align: top;\">\n<p style=\"text-align: justify;\"><strong>SHIRINE BOUKLI D\u00c9FENDRA SON TITRE !<\/strong><\/p>\n<p style=\"text-align: justify;\">Shirine Boukli (-48 kg) a battu Wakana Koga et tentera de doubler la mise.<\/p>\n<\/td>\n<\/tr>\n<\/tbody>\n<\/table>\n<table style=\"width: 97%; border-color: #ffffff;\">\n<tbody>\n<tr style=\"height: 120px;\">\n<td style=\"border-color: #ffffff #ffffff #e0e0e0; background-color: #ffffff; width: 19.2201%; border-bottom-style: solid; border-bottom-width: 1px; text-align: center; vertical-align: top;\"><strong>14:11<\/strong><\/td>\n<td style=\"border-color: #ffffff #ffffff #e0e0e0; background-color: #ffffff; text-align: justify; width: 80.2691%; border-bottom-style: solid; border-bottom-width: 1px; vertical-align: top;\">\n<p style=\"text-align: justify;\"><strong>DEUXIEME FINALE POUR VALADIER-PICARD<\/strong><\/p>\n<p style=\"text-align: justify;\"><strong>Romain Valadier-Picard<\/strong> (-60 kg) est venu \u00e0 bout de Jorre Verstraeten (hansoku make) et disputera sa 2e finale en Grand Chelem.<\/p>\n<\/td>\n<\/tr>\n<\/tbody>\n<\/table>\n<table style=\"width: 97%; border-color: #ffffff;\">\n<tbody>\n<tr style=\"height: 120px;\">\n<td style=\"border-color: #ffffff #ffffff #e0e0e0; background-color: #ffffff; width: 19.2201%; border-bottom-style: solid; border-bottom-width: 1px; text-align: center; vertical-align: top;\"><strong>14:06<\/strong><\/td>\n<td style=\"border-color: #ffffff #ffffff #e0e0e0; background-color: #ffffff; text-align: justify; width: 80.2691%; border-bottom-style: solid; border-bottom-width: 1px; vertical-align: top;\">\n<p style=\"text-align: justify;\"><strong>Melkia Auchecorne<\/strong> (-63 kg) a lutt\u00e9 avec 2 shido contre elle mais s&rsquo;impose finalement au golden score face \u00e0 Inbal Shemesh. Elle combattra pour le bronze.<\/p>\n<\/td>\n<\/tr>\n<\/tbody>\n<\/table>\n<table style=\"width: 97%; border-color: #ffffff;\">\n<tbody>\n<tr style=\"height: 120px;\">\n<td style=\"border-color: #ffffff #ffffff #e0e0e0; background-color: #ffffff; width: 19.2201%; border-bottom-style: solid; border-bottom-width: 1px; text-align: center; vertical-align: top;\"><strong>14:02<\/strong><\/td>\n<td style=\"border-color: #ffffff #ffffff #e0e0e0; background-color: #ffffff; text-align: justify; width: 80.2691%; border-bottom-style: solid; border-bottom-width: 1px; vertical-align: top;\">\n<p style=\"text-align: justify;\"><strong>Walide Khyar<\/strong> (-66 kg) s&rsquo;est inclin\u00e9 en demi-finales face \u00e0 Ruslan Pashayev. Il disputera le combat pour le bronze.<\/p>\n<p style=\"text-align: justify;\"><strong>Fa\u00efza Mokdar<\/strong> (-57 kg) a inscrit un waza-ari rapide face \u00e0 Marica Perisic. Elle a tenu son avantage et combattra pour le bronze.<\/p>\n<p style=\"text-align: justify;\">La demie 100% fran\u00e7aise a tourn\u00e9 en faveur de\u00a0<strong>Martha Fawaz<\/strong>.<strong> Oph\u00e9lie Vellozzi\u00a0<\/strong>combattra pour le bronze.<\/p>\n<\/td>\n<\/tr>\n<\/tbody>\n<\/table>\n<table style=\"width: 97%; border-color: #ffffff;\">\n<tbody>\n<tr style=\"height: 120px;\">\n<td style=\"border-color: #ffffff #ffffff #e0e0e0; background-color: #ffffff; width: 19.2201%; border-bottom-style: solid; border-bottom-width: 1px; text-align: center; vertical-align: top;\"><strong>13:57<\/strong><\/td>\n<td style=\"border-color: #ffffff #ffffff #e0e0e0; background-color: #ffffff; text-align: justify; width: 80.2691%; border-bottom-style: solid; border-bottom-width: 1px; vertical-align: top;\">\n<p style=\"text-align: justify;\"><strong>MANON DEKETER EN FINALE !<\/strong><\/p>\n<p style=\"text-align: justify;\"><b>Manon Deketer\u00a0<\/b>est la premi\u00e8re qualifi\u00e9e en finale. Elle a battu Megu Danno.<\/p>\n<\/td>\n<\/tr>\n<\/tbody>\n<\/table>\n<table style=\"width: 97%; border-color: #ffffff;\">\n<tbody>\n<tr style=\"height: 120px;\">\n<td style=\"border-color: #ffffff #ffffff #e0e0e0; background-color: #ffffff; width: 19.2201%; border-bottom-style: solid; border-bottom-width: 1px; text-align: center; vertical-align: top;\"><strong>13:39<\/strong><\/p>\n<p>\ud83c\uddeb\ud83c\uddf7<\/td>\n<td style=\"border-color: #ffffff #ffffff #e0e0e0; background-color: #ffffff; text-align: justify; width: 80.2691%; border-bottom-style: solid; border-bottom-width: 1px; vertical-align: top;\">\n<p style=\"text-align: justify;\"><strong>Le point sur les Fran\u00e7ais<\/strong><\/p>\n<p style=\"text-align: justify;\">Il y a encore <strong>13 Fran\u00e7ais engag\u00e9s<\/strong> : 7 disputent les demi-finales avec une demie 100% fran\u00e7aise, et 6 sont en rep\u00eachages.<\/p>\n<\/td>\n<\/tr>\n<\/tbody>\n<\/table>\n<table style=\"width: 97%; border-color: #ffffff;\">\n<tbody>\n<tr style=\"height: 120px;\">\n<td style=\"border-color: #ffffff #ffffff #e0e0e0; background-color: #ffffff; width: 19.2201%; border-bottom-style: solid; border-bottom-width: 1px; text-align: center; vertical-align: top;\"><strong>13:39<\/strong><\/td>\n<td style=\"border-color: #ffffff #ffffff #e0e0e0; background-color: #ffffff; text-align: justify; width: 80.2691%; border-bottom-style: solid; border-bottom-width: 1px; vertical-align: top;\">\n<p style=\"text-align: justify;\"><strong>Derniers quarts de finale.<\/strong><\/p>\n<p style=\"text-align: justify;\">Le premier \u00e9tait franco-fran\u00e7ais (-60 kg) et c&rsquo;est le plus exp\u00e9riment\u00e9 des deux, <strong>C\u00e9dric Revol<\/strong>\u00a0qui a battu <strong>Enzo Jean\u00a0<\/strong>avec un waza-ari.<\/p>\n<p style=\"text-align: justify;\">En revanche, pour <strong>Orlando Cazorla<\/strong> (-73 kg), \u00e7a n&rsquo;est pas pass\u00e9 face \u00e0 Manuel Lombardo.<\/p>\n<\/td>\n<\/tr>\n<\/tbody>\n<\/table>\n<table style=\"width: 97%; border-color: #ffffff;\">\n<tbody>\n<tr style=\"height: 120px;\">\n<td style=\"border-color: #ffffff #ffffff #e0e0e0; background-color: #ffffff; width: 19.2201%; border-bottom-style: solid; border-bottom-width: 1px; text-align: center; vertical-align: top;\"><strong>13:16<\/strong><\/td>\n<td style=\"border-color: #ffffff #ffffff #e0e0e0; background-color: #ffffff; text-align: justify; width: 80.2691%; border-bottom-style: solid; border-bottom-width: 1px; vertical-align: top;\">\n<p style=\"text-align: justify;\">Pas de probl\u00e8me pour <strong>Shirine Boukli <\/strong>(-48 kg) qui rejoint les demi-finales.<\/p>\n<p style=\"text-align: justify;\"><strong>Maxime Gobert<\/strong> (-73 kg) affrontait Shakhram Ahadov en quarts. Dans un combat ferm\u00e9 o\u00f9 tous deux ont pris 2 shido, c&rsquo;est finalement le Fran\u00e7ais qui sera p\u00e9nalis\u00e9 d&rsquo;un 3e.<\/p>\n<\/td>\n<\/tr>\n<\/tbody>\n<\/table>\n<table style=\"width: 97%; border-color: #ffffff;\">\n<tbody>\n<tr style=\"height: 120px;\">\n<td style=\"border-color: #ffffff #ffffff #e0e0e0; background-color: #ffffff; width: 19.2201%; border-bottom-style: solid; border-bottom-width: 1px; text-align: center; vertical-align: top;\"><strong>13:05<\/strong><\/td>\n<td style=\"border-color: #ffffff #ffffff #e0e0e0; background-color: #ffffff; text-align: justify; width: 80.2691%; border-bottom-style: solid; border-bottom-width: 1px; vertical-align: top;\">\n<p style=\"text-align: justify;\">Men\u00e9 d&rsquo;un waza-ari par Saikhan Shabikhanov, <strong>Orlando Cazorla<\/strong> (-73 kg) a invers\u00e9 la tendance en toute fin de combat pour rejoindre les quarts de finale.<\/p>\n<p style=\"text-align: justify;\">Solide au sol, <strong>Romain Valadier-Picard<\/strong> (-60 kg) s&rsquo;est impos\u00e9 en quarts face \u00e0 Bakhrom Boturov.<\/p>\n<p style=\"text-align: justify;\"><strong>Kelvin Ray<\/strong> (-60 kg) a c\u00e9d\u00e9 en quarts face \u00e0 Jorre Verstraeten.<\/p>\n<\/td>\n<\/tr>\n<\/tbody>\n<\/table>\n<table style=\"width: 97%; border-color: #ffffff;\">\n<tbody>\n<tr style=\"height: 120px;\">\n<td style=\"border-color: #ffffff #ffffff #e0e0e0; background-color: #ffffff; width: 19.2201%; border-bottom-style: solid; border-bottom-width: 1px; text-align: center; vertical-align: top;\"><strong>12:44<\/strong><\/td>\n<td style=\"border-color: #ffffff #ffffff #e0e0e0; background-color: #ffffff; text-align: justify; width: 80.2691%; border-bottom-style: solid; border-bottom-width: 1px; vertical-align: top;\">\n<p style=\"text-align: justify;\">Direction les demies pour <strong>Walide Khyar<\/strong> (-66 kg) ! Il a battu Temur Nozadze sur ippon.<\/p>\n<\/td>\n<\/tr>\n<\/tbody>\n<\/table>\n<table style=\"width: 97%; border-color: #ffffff;\">\n<tbody>\n<tr style=\"height: 120px;\">\n<td style=\"border-color: #ffffff #ffffff #e0e0e0; background-color: #ffffff; width: 19.2201%; border-bottom-style: solid; border-bottom-width: 1px; text-align: center; vertical-align: top;\"><strong>12:44<\/strong><\/td>\n<td style=\"border-color: #ffffff #ffffff #e0e0e0; background-color: #ffffff; text-align: justify; width: 80.2691%; border-bottom-style: solid; border-bottom-width: 1px; vertical-align: top;\">\n<p style=\"text-align: justify;\"><strong>Oph\u00e9lie Velozzi<\/strong> (-57 kg) en demies ! Elle a battu Marica Perisic sur ippon en quarts et retrouvera sa compatriote <strong>Martha Fawaz<\/strong>.<\/p>\n<\/td>\n<\/tr>\n<\/tbody>\n<\/table>\n<table style=\"width: 97%; border-color: #ffffff;\">\n<tbody>\n<tr style=\"height: 120px;\">\n<td style=\"border-color: #ffffff #ffffff #e0e0e0; background-color: #ffffff; width: 19.2201%; border-bottom-style: solid; border-bottom-width: 1px; text-align: center; vertical-align: top;\"><strong>12:39<\/strong><\/td>\n<td style=\"border-color: #ffffff #ffffff #e0e0e0; background-color: #ffffff; text-align: justify; width: 80.2691%; border-bottom-style: solid; border-bottom-width: 1px; vertical-align: top;\">\n<p style=\"text-align: justify;\">Simultan\u00e9ment, <strong>Manon Deketer<\/strong> (-63 kg) et <strong>Maxime Gobert<\/strong> (-73 kg) se sont impos\u00e9s sur ippon. Direction les demies pour Deketer et les quarts pour Gobert.<\/p>\n<blockquote class=\"twitter-tweet\">\n<p dir=\"ltr\" lang=\"fr\">Maxime Gobert (-73kg) se qualifie en quarts de finale en s&rsquo;imposant face au triple m\u00e9daill\u00e9 olympique Lasha Shavdatuashvili (GEO) ! \ud83c\uddeb\ud83c\uddf7\ud83d\udd25<\/p>\n<p>\ud83d\udcf7 France Judo\/S.Bonnet<a href=\"https:\/\/twitter.com\/hashtag\/JudoParis?src=hash&amp;ref_src=twsrc%5Etfw\">#JudoParis<\/a> <a href=\"https:\/\/twitter.com\/hashtag\/ParisGrandSlam2025?src=hash&amp;ref_src=twsrc%5Etfw\">#ParisGrandSlam2025<\/a> <a href=\"https:\/\/twitter.com\/hashtag\/FierdEtreJudoka?src=hash&amp;ref_src=twsrc%5Etfw\">#FierdEtreJudoka<\/a> <a href=\"https:\/\/t.co\/lcmfKsCeg1\">pic.twitter.com\/lcmfKsCeg1<\/a><\/p>\n<p>\u2014 France Judo (@francejudo) <a href=\"https:\/\/twitter.com\/francejudo\/status\/1885655667454677488?ref_src=twsrc%5Etfw\">February 1, 2025<\/a><\/p><\/blockquote>\n<p><script async src=\"https:\/\/platform.twitter.com\/widgets.js\" charset=\"utf-8\"><\/script><\/td>\n<\/tr>\n<\/tbody>\n<\/table>\n<table style=\"width: 97%; border-color: #ffffff;\">\n<tbody>\n<tr style=\"height: 120px;\">\n<td style=\"border-color: #ffffff #ffffff #e0e0e0; background-color: #ffffff; width: 19.2201%; border-bottom-style: solid; border-bottom-width: 1px; text-align: center; vertical-align: top;\"><strong>12:35<\/strong><\/td>\n<td style=\"border-color: #ffffff #ffffff #e0e0e0; background-color: #ffffff; text-align: justify; width: 80.2691%; border-bottom-style: solid; border-bottom-width: 1px; vertical-align: top;\">\n<p style=\"text-align: justify;\">Le quart de finale franco-fran\u00e7ais (-57 kg) a tourn\u00e9 en faveur de <strong>Martha Fawaz<\/strong>. <strong>Fa\u00efza Mokdar<\/strong> est en rep\u00eachages.<\/p>\n<p style=\"text-align: justify;\">D\u00e9faite sur ippon pour <strong>Melkia Auchecorne<\/strong> (-63 kg) face \u00e0 Haruka Kaju qui est revers\u00e9e en rep\u00eachages.<\/p>\n<\/td>\n<\/tr>\n<\/tbody>\n<\/table>\n<table style=\"width: 97%; border-color: #ffffff;\">\n<tbody>\n<tr style=\"height: 120px;\">\n<td style=\"border-color: #ffffff #ffffff #e0e0e0; background-color: #ffffff; width: 19.2201%; border-bottom-style: solid; border-bottom-width: 1px; text-align: center; vertical-align: top;\"><strong>12:31<\/strong><\/td>\n<td style=\"border-color: #ffffff #ffffff #e0e0e0; background-color: #ffffff; text-align: justify; width: 80.2691%; border-bottom-style: solid; border-bottom-width: 1px; vertical-align: top;\">\n<p style=\"text-align: justify;\"><strong>Enzo Jean<\/strong> (-60 kg) rejoint les quarts apr\u00e8s sa victoire sur Luis Barroso Lopez.<\/p>\n<p style=\"text-align: justify;\"><strong>Marine Gilly<\/strong> (-48 kg) n&rsquo;est pas parvenue \u00e0 se d\u00e9faire de la prise au sol de Tara Babulfath et s&rsquo;incline au 2e tour.<\/p>\n<\/td>\n<\/tr>\n<\/tbody>\n<\/table>\n<table style=\"width: 97%; border-color: #ffffff;\">\n<tbody>\n<tr style=\"height: 120px;\">\n<td style=\"border-color: #ffffff #ffffff #e0e0e0; background-color: #ffffff; width: 19.2201%; border-bottom-style: solid; border-bottom-width: 1px; text-align: center; vertical-align: top;\"><strong>12:21<\/strong><\/td>\n<td style=\"border-color: #ffffff #ffffff #e0e0e0; background-color: #ffffff; text-align: justify; width: 80.2691%; border-bottom-style: solid; border-bottom-width: 1px; vertical-align: top;\">\n<p style=\"text-align: justify;\"><strong>C\u00e9dric Revol<\/strong> (-60 kg) r\u00e9ussit son entr\u00e9e en lice face \u00e0 Mendsaikhan Nyamsuren (ippon).<\/p>\n<p style=\"text-align: justify;\"><strong>Coralie Gilly<\/strong> (-48 kg) qui participait \u00e0 son 1er Grand Slam \u00e0 Paris s&rsquo;incline sur ippon face \u00e0 Andrea Stojadinov.<\/p>\n<\/td>\n<\/tr>\n<\/tbody>\n<\/table>\n<table style=\"width: 97%; border-color: #ffffff;\">\n<tbody>\n<tr style=\"height: 120px;\">\n<td style=\"border-color: #ffffff #ffffff #e0e0e0; background-color: #ffffff; width: 19.2201%; border-bottom-style: solid; border-bottom-width: 1px; text-align: center; vertical-align: top;\"><strong>12:11<\/strong><\/td>\n<td style=\"border-color: #ffffff #ffffff #e0e0e0; background-color: #ffffff; text-align: justify; width: 80.2691%; border-bottom-style: solid; border-bottom-width: 1px; vertical-align: top;\">\n<p style=\"text-align: justify;\">Pour son premier combat depuis les JO,<strong> Shirine Boukli<\/strong> (-48 kg) s&rsquo;est impos\u00e9e sur hansoku make face \u00e0 \u00a0Gemma Maria Gomez Antona.<\/p>\n<p style=\"text-align: justify;\"><strong>Kelvin Ray<\/strong> (-60 kg) n&rsquo;est pas parvenu \u00e0 tenir au sol face \u00e0 Jonathan Charon. C&rsquo;est finalement sur hansoku make que le Fran\u00e7ais va rejoindre les quarts de finale.<\/p>\n<\/td>\n<\/tr>\n<\/tbody>\n<\/table>\n<table style=\"width: 97%; border-color: #ffffff;\">\n<tbody>\n<tr style=\"height: 120px;\">\n<td style=\"border-color: #ffffff #ffffff #e0e0e0; background-color: #ffffff; width: 19.2201%; border-bottom-style: solid; border-bottom-width: 1px; text-align: center; vertical-align: top;\"><strong>12:06<br \/>\n\u274c<br \/>\n<\/strong><\/td>\n<td style=\"border-color: #ffffff #ffffff #e0e0e0; background-color: #ffffff; text-align: justify; width: 80.2691%; border-bottom-style: solid; border-bottom-width: 1px; vertical-align: top;\">\n<p style=\"text-align: justify;\">Men\u00e9 d&rsquo;un waza-ari, <strong>K\u00e9vin Azema<\/strong> (-66 kg) s&rsquo;incline finalement sur ippon face \u00e0 Murad Chopanov.<\/p>\n<p style=\"text-align: justify;\">Prise au sol par Kisumi Omori, <strong>Astride Gneto<\/strong> s&rsquo;est inclin\u00e9e au 2e tour.<\/p>\n<p style=\"text-align: justify;\">Apr\u00e8s voir inscrit un waza-ari face \u00e0 Vazha Margvelashvili, <strong>Romaric Bouda<\/strong> (-66 kg) a subi la r\u00e9ponse du G\u00e9orgien qui s&rsquo;impose sur ippon.<\/p>\n<p>Malheureusement, la march\u00e9 \u00e9tait trop haute pour <strong>Alyssia Poulange<\/strong> (-52 kg) face \u00e0 la vice-championne olympique Distria Krasniqi. Elle s&rsquo;incline au 2e tour sur hansoku make.<\/td>\n<\/tr>\n<\/tbody>\n<\/table>\n<table style=\"width: 97%; border-color: #ffffff;\">\n<tbody>\n<tr style=\"height: 120px;\">\n<td style=\"border-color: #ffffff #ffffff #e0e0e0; background-color: #ffffff; width: 19.2201%; border-bottom-style: solid; border-bottom-width: 1px; text-align: center; vertical-align: top;\"><strong>11:40<\/strong><\/td>\n<td style=\"border-color: #ffffff #ffffff #e0e0e0; background-color: #ffffff; text-align: justify; width: 80.2691%; border-bottom-style: solid; border-bottom-width: 1px; vertical-align: top;\">\n<p style=\"text-align: justify;\"><strong>Orlando Cazorla<\/strong> (-73 kg) n&rsquo;a pas tra\u00een\u00e9 avec un ippon express au 2e tour face \u00e0 Joe Haddad.<\/p>\n<p style=\"text-align: justify;\">Ippon pour <strong>Manon Deketer<\/strong> (-63 kg) qui rejoint Cristina Cabana Perez en quarts.<\/p>\n<\/td>\n<\/tr>\n<\/tbody>\n<\/table>\n<table style=\"width: 97%; border-color: #ffffff;\">\n<tbody>\n<tr style=\"height: 120px;\">\n<td style=\"border-color: #ffffff #ffffff #e0e0e0; background-color: #ffffff; width: 19.2201%; border-bottom-style: solid; border-bottom-width: 1px; text-align: center; vertical-align: top;\"><strong>11:33<\/strong><\/td>\n<td style=\"border-color: #ffffff #ffffff #e0e0e0; background-color: #ffffff; text-align: justify; width: 80.2691%; border-bottom-style: solid; border-bottom-width: 1px; vertical-align: top;\">\n<p style=\"text-align: justify;\">Entr\u00e9e en lice r\u00e9ussie pour <strong>Walide Khyar<\/strong> (-66 kg) avec un ippon face \u00e0 Mykyta Holoborodko.<\/p>\n<p style=\"text-align: justify;\">Victoire sur hansoku make pour <strong>Daikii Bouba<\/strong> (-66 kg) face \u00e0 Petros Christodoulides.<\/p>\n<\/td>\n<\/tr>\n<\/tbody>\n<\/table>\n<table style=\"width: 97%; border-color: #ffffff;\">\n<tbody>\n<tr style=\"height: 120px;\">\n<td style=\"border-color: #ffffff #ffffff #e0e0e0; background-color: #ffffff; width: 19.2201%; border-bottom-style: solid; border-bottom-width: 1px; text-align: center; vertical-align: top;\"><strong>11:22<\/strong><\/td>\n<td style=\"border-color: #ffffff #ffffff #e0e0e0; background-color: #ffffff; text-align: justify; width: 80.2691%; border-bottom-style: solid; border-bottom-width: 1px; vertical-align: top;\">\n<p style=\"text-align: justify;\">Apr\u00e8s plus de 8 minutes de combat, <strong>Benjamin Axus<\/strong> (-73 kg) s&rsquo;est inclin\u00e9 au 2e tour face \u00e0 Makhmadbek Makhmadbekov.<\/p>\n<p style=\"text-align: justify;\">Apr\u00e8s son immobilisation au 2e tour face \u00e0 Renata Zachova, <strong>Melkia Auchecorne<\/strong> (-63 kg) passe en quarts de finale.<\/p>\n<\/td>\n<\/tr>\n<\/tbody>\n<\/table>\n<table style=\"width: 97%; border-color: #ffffff;\">\n<tbody>\n<tr style=\"height: 120px;\">\n<td style=\"border-color: #ffffff #ffffff #e0e0e0; background-color: #ffffff; width: 19.2201%; border-bottom-style: solid; border-bottom-width: 1px; text-align: center; vertical-align: top;\"><strong>11:17<\/strong><\/td>\n<td style=\"border-color: #ffffff #ffffff #e0e0e0; background-color: #ffffff; text-align: justify; width: 80.2691%; border-bottom-style: solid; border-bottom-width: 1px; vertical-align: top;\">\n<p style=\"text-align: justify;\"><strong>Oph\u00e9lie Vellozzi <\/strong>(-57 kg) est qualifi\u00e9e pour les quarts de finale. Elle s&rsquo;est impos\u00e9e sur ippon face \u00e0 Nok Lam Yeung.<\/p>\n<\/td>\n<\/tr>\n<\/tbody>\n<\/table>\n<table style=\"width: 97%; border-color: #ffffff;\">\n<tbody>\n<tr style=\"height: 120px;\">\n<td style=\"border-color: #ffffff #ffffff #e0e0e0; background-color: #ffffff; width: 19.2201%; border-bottom-style: solid; border-bottom-width: 1px; text-align: center; vertical-align: top;\"><strong>11:07<\/strong><\/td>\n<td style=\"border-color: #ffffff #ffffff #e0e0e0; background-color: #ffffff; text-align: justify; width: 80.2691%; border-bottom-style: solid; border-bottom-width: 1px; vertical-align: top;\">\n<p style=\"text-align: justify;\">Apr\u00e8s un long combat, <strong>Chlo\u00e9 Devictor<\/strong> (-57 kg) s&rsquo;est inclin\u00e9e sur hansoku make face \u00e0 Mika Adachi.<\/p>\n<\/td>\n<\/tr>\n<\/tbody>\n<\/table>\n<table style=\"width: 97%; border-color: #ffffff;\">\n<tbody>\n<tr style=\"height: 120px;\">\n<td style=\"border-color: #ffffff #ffffff #e0e0e0; background-color: #ffffff; width: 19.2201%; border-bottom-style: solid; border-bottom-width: 1px; text-align: center; vertical-align: top;\"><strong>11:00<\/strong><\/td>\n<td style=\"border-color: #ffffff #ffffff #e0e0e0; background-color: #ffffff; text-align: justify; width: 80.2691%; border-bottom-style: solid; border-bottom-width: 1px; vertical-align: top;\">\n<p style=\"text-align: justify;\">Entr\u00e9e r\u00e9ussie pour <strong>Martha Fawaz<\/strong> (-57 kg) avec un ippon face \u00e0 Tsendbazar Mashbat. En quarts, elle retrouvera sa compatriote Fa\u00efza Mokdar.<\/p>\n<p style=\"text-align: justify;\">Pour sa premi\u00e8re \u00e0 Paris, le jeune de 19 ans <strong>Peter Jean<\/strong> (-73 kg) s&rsquo;est inclin\u00e9 au 2e tour sur ippon face \u00e0 Akil Gjakova.<\/p>\n<\/td>\n<\/tr>\n<\/tbody>\n<\/table>\n<table style=\"width: 97%; border-color: #ffffff;\">\n<tbody>\n<tr style=\"height: 120px;\">\n<td style=\"border-color: #ffffff #ffffff #e0e0e0; background-color: #ffffff; width: 19.2201%; border-bottom-style: solid; border-bottom-width: 1px; text-align: center; vertical-align: top;\"><strong>10:53<\/strong><\/td>\n<td style=\"border-color: #ffffff #ffffff #e0e0e0; background-color: #ffffff; text-align: justify; width: 80.2691%; border-bottom-style: solid; border-bottom-width: 1px; vertical-align: top;\">\n<p style=\"text-align: justify;\">Pour sa 2e participation, <strong>Ana\u00efs Perrot <\/strong>s&rsquo;est inclin\u00e9e face \u00e0 la Japonaise Mitsuki Kondo.<\/p>\n<p style=\"text-align: justify;\">Victoire sur hansoku make pour <strong>Kelvin Ray <\/strong>(-60 kg) face \u00e0 Christopher Velazco.<\/p>\n<p style=\"text-align: justify;\">\u00c7a passe pour <strong>Alyssia Poulange<\/strong> (-52 kg) face \u00e0 Suryeon Hwang et la tenante du titre <strong>Fa\u00efza Mokdar<\/strong> (-57 kg) face \u00e0 Marta Garcia Martin.<\/p>\n<\/td>\n<\/tr>\n<\/tbody>\n<\/table>\n<table style=\"width: 97%; border-color: #ffffff;\">\n<tbody>\n<tr style=\"height: 120px;\">\n<td style=\"border-color: #ffffff #ffffff #e0e0e0; background-color: #ffffff; width: 19.2201%; border-bottom-style: solid; border-bottom-width: 1px; text-align: center; vertical-align: top;\"><strong>10:44<\/strong><\/p>\n<p>\u274c<\/td>\n<td style=\"border-color: #ffffff #ffffff #e0e0e0; background-color: #ffffff; text-align: justify; width: 80.2691%; border-bottom-style: solid; border-bottom-width: 1px; vertical-align: top;\">\n<p style=\"text-align: justify;\">C&rsquo;est malheureusement termin\u00e9 pour <strong>Julie Weill dit Morey<\/strong> (-52 kg) et <strong>Rania Drid<\/strong> (-63 kg), battues par Uranzaya Bayanmunkh et Nora Gjakova.<\/p>\n<\/td>\n<\/tr>\n<\/tbody>\n<\/table>\n<table style=\"width: 97%; border-color: #ffffff;\">\n<tbody>\n<tr style=\"height: 120px;\">\n<td style=\"border-color: #ffffff #ffffff #e0e0e0; background-color: #ffffff; width: 19.2201%; border-bottom-style: solid; border-bottom-width: 1px; text-align: center; vertical-align: top;\"><strong>10:36<\/strong><\/td>\n<td style=\"border-color: #ffffff #ffffff #e0e0e0; background-color: #ffffff; text-align: justify; width: 80.2691%; border-bottom-style: solid; border-bottom-width: 1px; vertical-align: top;\">\n<p style=\"text-align: justify;\">Apr\u00e8s 5 minutes au golden score, <strong>Ga\u00ebtane Deberdt<\/strong> (-63 kg) s&rsquo;est inclin\u00e9e sur hansoku make face \u00e0 Inbal Shemesh.<\/p>\n<p style=\"text-align: justify;\">M\u00eame combat de 4 minutes 30 pour <strong>L\u00e9a B\u00e9r\u00e8s<\/strong> (-52 kg) face \u00e0 l&rsquo;exp\u00e9riment\u00e9e Milica Nikolic. Alors qu&rsquo;elle a d\u00e9but\u00e9 le golden score avec 2 shido contre elle, la Fran\u00e7aise a fait le dos rond et bien contr\u00e9 son adversaire pour s&rsquo;imposer sur hansoku make.<\/p>\n<p style=\"text-align: justify;\">Victoire express pour <strong>Astride Gneto <\/strong>(-52 kg) en 35 secondes face \u00e0 Evelyn Beaton.<\/p>\n<p style=\"text-align: justify;\"><strong>Romaric Bouda<\/strong> (-66 kg) pensait avoir inscrit un ippon face \u00e0 Isaiah Ramirez. Mais celui-ci a \u00e9t\u00e9 recat\u00e9goris\u00e9 en waza-ari. Le Fran\u00e7ais remporte tout de m\u00eame son premier tour.<\/p>\n<\/td>\n<\/tr>\n<\/tbody>\n<\/table>\n<table style=\"width: 97%; border-color: #ffffff;\">\n<tbody>\n<tr style=\"height: 120px;\">\n<td style=\"border-color: #ffffff #ffffff #e0e0e0; background-color: #ffffff; width: 19.2201%; border-bottom-style: solid; border-bottom-width: 1px; text-align: center; vertical-align: top;\"><strong>10:20<\/strong><\/td>\n<td style=\"border-color: #ffffff #ffffff #e0e0e0; background-color: #ffffff; text-align: justify; width: 80.2691%; border-bottom-style: solid; border-bottom-width: 1px; vertical-align: top;\">\n<p style=\"text-align: justify;\">\u00c7a passe pour <strong>Melkia Auchecorne <\/strong>(-63 kg) et <strong>K\u00e9vin Azema <\/strong>(-66 kg) au premier tour. Waza-ari pour la premi\u00e8re cit\u00e9e face \u00e0 Seulmi Heo tandis que le second nomm\u00e9 s&rsquo;est impos\u00e9 sur ippon face \u00e0 Miguel Gago.<\/p>\n<\/td>\n<\/tr>\n<\/tbody>\n<\/table>\n<table style=\"width: 97%; border-color: #ffffff;\">\n<tbody>\n<tr style=\"height: 120px;\">\n<td style=\"border-color: #ffffff #ffffff #e0e0e0; background-color: #ffffff; width: 19.2201%; border-bottom-style: solid; border-bottom-width: 1px; text-align: center; vertical-align: top;\">\n<p style=\"text-align: center;\"><strong>09:50<\/strong><\/p>\n<p>\ud83e\udd4b<\/td>\n<td style=\"border-color: #ffffff #ffffff #e0e0e0; background-color: #ffffff; text-align: justify; width: 80.2691%; border-bottom-style: solid; border-bottom-width: 1px; vertical-align: top;\">\n<p style=\"text-align: justify;\"><strong>D\u00c9BUT DE LA PREMI\u00c8RE JOURN\u00c9E !<\/strong><\/p>\n<p style=\"text-align: justify;\">Bienvenue sur Dicodusport ! Suivez avec nous la premi\u00e8re journ\u00e9e des Fran\u00e7ais au Paris Grand Slam.<\/p>\n<div class=\"vlp-link-container vlp-layout-article\"><a href=\"https:\/\/dicodusport.fr\/blog\/judo-paris-grand-slam-2025-programme-complet-et-resultats\/\" class=\"vlp-link\" title=\"Judo Paris Grand Slam 2025 : Programme complet et r\u00e9sultats\"><\/a><div class=\"vlp-layout-zone-side\"><div class=\"vlp-block-4 vlp-link-image\"><img loading=\"lazy\" decoding=\"async\" style=\"max-width: 792px;\" width=\"792\" height=\"445\" src=\"https:\/\/dicodusport.fr\/blog\/wp-content\/uploads\/2025\/01\/Judo-Paris-Grand-Slam-2025-Programme-complet-et-resultats.png\" class=\"attachment-800x445 size-800x445\" alt=\"\" srcset=\"https:\/\/dicodusport.fr\/blog\/wp-content\/uploads\/2025\/01\/Judo-Paris-Grand-Slam-2025-Programme-complet-et-resultats.png 1200w, https:\/\/dicodusport.fr\/blog\/wp-content\/uploads\/2025\/01\/Judo-Paris-Grand-Slam-2025-Programme-complet-et-resultats-300x169.png 300w, https:\/\/dicodusport.fr\/blog\/wp-content\/uploads\/2025\/01\/Judo-Paris-Grand-Slam-2025-Programme-complet-et-resultats-1024x575.png 1024w, https:\/\/dicodusport.fr\/blog\/wp-content\/uploads\/2025\/01\/Judo-Paris-Grand-Slam-2025-Programme-complet-et-resultats-768x431.png 768w\" sizes=\"auto, (max-width: 792px) 100vw, 792px\" \/><\/div><\/div><div class=\"vlp-layout-zone-main\"><div class=\"vlp-block-0 vlp-link-title\">Judo Paris Grand Slam 2025 : Programme complet et r\u00e9sultats<\/div><div class=\"vlp-block-1 vlp-link-summary\">JUDO - Le Grand Slam de Paris se d\u00e9roule du samedi 1er au dimanche 2 f\u00e9vrier. Voici le programme et les r\u00e9sultats de la comp\u00e9tition.<\/div><div class=\"vlp-block-2 vlp-link-button\">Lire l'article<\/div><div class=\"vlp-block-3 vlp-link-url\">dicodusport.fr<\/div><\/div><\/div><\/td>\n<\/tr>\n<\/tbody>\n<\/table>\n<p><!--nextpage--><\/p>\n<table style=\"width: 97%; border-color: #ffffff;\">\n<tbody>\n<tr style=\"height: 120px;\">\n<td style=\"border-color: #ffffff #ffffff #e0e0e0; background-color: #ffffff; width: 19.2201%; border-bottom-style: solid; border-bottom-width: 1px; text-align: center; vertical-align: top;\">\n<p style=\"text-align: center;\"><strong>15:43<\/strong><\/p>\n<p>\ud83c\udfc6<\/td>\n<td style=\"border-color: #ffffff #ffffff #e0e0e0; background-color: #ffffff; text-align: justify; width: 79.805%; border-bottom-style: solid; border-bottom-width: 1px; vertical-align: top;\">\n<p style=\"text-align: justify;\"><b>LE PROGRAMME DES FINALES<\/b><\/p>\n<p style=\"text-align: justify;\">Retrouvez l&rsquo;ordre des combats des Fran\u00e7ais avec entre parenth\u00e8ses les historiques des confrontations directes.<\/p>\n<p style=\"text-align: justify;\"><strong>3.<\/strong> -48 kg : Wakana Koga &#8211; Shirine Boukli (2-2)<\/p>\n<p style=\"text-align: justify;\"><strong>6.<\/strong> -60 kg : Luka Mkheidze &#8211; Harim Lee (1-1)<\/p>\n<p style=\"text-align: justify;\"><strong>14.<\/strong> -57 kg : Marica Perisic &#8211; Sarah-L\u00e9onie Cysique (2-3)<\/p>\n<p style=\"text-align: justify;\"><strong>15.<\/strong> -57 kg : Christa Deguchi &#8211; Fa\u00efza Mokdar (0-0)<\/p>\n<\/td>\n<\/tr>\n<\/tbody>\n<\/table>\n<table style=\"width: 97%; border-color: #ffffff;\">\n<tbody>\n<tr style=\"height: 120px;\">\n<td style=\"border-color: #ffffff #ffffff #e0e0e0; background-color: #ffffff; width: 19.2201%; border-bottom-style: solid; border-bottom-width: 1px; text-align: center; vertical-align: top;\"><\/td>\n<td style=\"border-color: #ffffff #ffffff #e0e0e0; background-color: #ffffff; text-align: justify; width: 79.805%; border-bottom-style: solid; border-bottom-width: 1px; vertical-align: top;\"><\/td>\n<\/tr>\n<\/tbody>\n<\/table>\n<table style=\"width: 97%; border-color: #ffffff;\">\n<tbody>\n<tr style=\"height: 120px;\">\n<td style=\"border-color: #ffffff #ffffff #e0e0e0; background-color: #ffffff; width: 19.2201%; border-bottom-style: solid; border-bottom-width: 1px; text-align: center; vertical-align: top;\"><\/td>\n<td style=\"border-color: #ffffff #ffffff #e0e0e0; background-color: #ffffff; text-align: justify; width: 79.805%; border-bottom-style: solid; border-bottom-width: 1px; vertical-align: top;\"><\/td>\n<\/tr>\n<\/tbody>\n<\/table>\n<table style=\"width: 97%; border-color: #ffffff;\">\n<tbody>\n<tr style=\"height: 120px;\">\n<td style=\"border-color: #ffffff #ffffff #e0e0e0; background-color: #ffffff; width: 150px; border-bottom-style: solid; border-bottom-width: 1px; text-align: center; vertical-align: top;\"><\/td>\n<td style=\"border-color: #ffffff #ffffff #e0e0e0; background-color: #ffffff; text-align: justify; width: 650px; border-bottom-style: solid; border-bottom-width: 1px; vertical-align: top;\"><\/td>\n<\/tr>\n<\/tbody>\n<\/table>\n","protected":false},"excerpt":{"rendered":"<p>JUDO &#8211; Bienvenue dans le direct comment\u00e9 des r\u00e9sultats des Fran\u00e7ais du samedi 7 f\u00e9vrier, premi\u00e8re journ\u00e9e du Grand Slam de Paris 2026.<\/p>\n","protected":false},"author":12,"featured_media":644851,"comment_status":"open","ping_status":"closed","sticky":false,"template":"","format":"standard","meta":{"_acf_changed":false,"_daextam_enable_autolinks":"1","footnotes":""},"categories":[8651],"tags":[16878,18155,3774,68,37016],"class_list":["post-643594","post","type-post","status-publish","format-standard","has-post-thumbnail","hentry","category-judo","tag-breve","tag-direct-commente","tag-grand-slam-de-paris","tag-judo","tag-live"],"acf":[],"yoast_head":"<!-- This site is optimized with the Yoast SEO Premium plugin v26.7 (Yoast SEO v26.7) - https:\/\/yoast.com\/wordpress\/plugins\/seo\/ -->\n<title>Grand Slam de Paris 2026 : le direct des Fran\u00e7ais du samedi 7 f\u00e9vrier<\/title>\n<meta name=\"description\" content=\"JUDO - Bienvenue dans le direct comment\u00e9 des r\u00e9sultats des Fran\u00e7ais du samedi 7 f\u00e9vrier, premi\u00e8re journ\u00e9e du Grand Slam de Paris 2026.\" \/>\n<meta name=\"robots\" content=\"index, follow, max-snippet:-1, max-image-preview:large, max-video-preview:-1\" \/>\n<link rel=\"canonical\" href=\"https:\/\/dicodusport.fr\/blog\/grand-slam-de-paris-2026-le-direct-des-francais-du-samedi-7-fevrier\/\" \/>\n<link rel=\"next\" href=\"https:\/\/dicodusport.fr\/blog\/grand-slam-de-paris-2026-le-direct-des-francais-du-samedi-7-fevrier\/2\/\" \/>\n<meta property=\"og:locale\" content=\"fr_FR\" \/>\n<meta property=\"og:type\" content=\"article\" \/>\n<meta property=\"og:title\" content=\"Grand Slam de Paris 2026 : le direct des Fran\u00e7ais du samedi 7 f\u00e9vrier\" \/>\n<meta property=\"og:description\" content=\"JUDO - Bienvenue dans le direct comment\u00e9 des r\u00e9sultats des Fran\u00e7ais du samedi 7 f\u00e9vrier, premi\u00e8re journ\u00e9e du Grand Slam de Paris 2026.\" \/>\n<meta property=\"og:url\" content=\"https:\/\/dicodusport.fr\/blog\/grand-slam-de-paris-2026-le-direct-des-francais-du-samedi-7-fevrier\/\" \/>\n<meta property=\"og:site_name\" content=\"Dicodusport\" \/>\n<meta property=\"article:publisher\" content=\"https:\/\/www.facebook.com\/dicodusport\" \/>\n<meta property=\"article:published_time\" content=\"2026-02-07T14:06:34+00:00\" \/>\n<meta property=\"article:modified_time\" content=\"2026-02-07T20:28:43+00:00\" \/>\n<meta property=\"og:image\" content=\"https:\/\/dicodusport.fr\/blog\/wp-content\/uploads\/2026\/02\/Grand-Slam-de-Paris-2026-le-direct-des-Francais-du-samedi-7-fevrier.png\" \/>\n\t<meta property=\"og:image:width\" content=\"1200\" \/>\n\t<meta property=\"og:image:height\" content=\"674\" \/>\n\t<meta property=\"og:image:type\" content=\"image\/png\" \/>\n<meta name=\"author\" content=\"Arlette Yeye\" \/>\n<meta name=\"twitter:card\" content=\"summary_large_image\" \/>\n<meta name=\"twitter:title\" content=\"Grand Slam de Paris 2026 : le direct des Fran\u00e7ais du samedi 7 f\u00e9vrier\" \/>\n<meta name=\"twitter:creator\" content=\"@https:\/\/twitter.com\/Shiclette94\" \/>\n<meta name=\"twitter:site\" content=\"@dicodusport\" \/>\n<script type=\"application\/ld+json\" class=\"yoast-schema-graph\">{\"@context\":\"https:\/\/schema.org\",\"@graph\":[{\"@type\":\"NewsArticle\",\"@id\":\"https:\/\/dicodusport.fr\/blog\/grand-slam-de-paris-2026-le-direct-des-francais-du-samedi-7-fevrier\/#article\",\"isPartOf\":{\"@id\":\"https:\/\/dicodusport.fr\/blog\/grand-slam-de-paris-2026-le-direct-des-francais-du-samedi-7-fevrier\/\"},\"author\":{\"name\":\"Arlette Yeye\",\"@id\":\"https:\/\/dicodusport.fr\/blog\/#\/schema\/person\/cce96fa88785bd8573e3d43078ac8c79\"},\"headline\":\"Grand Slam de Paris 2026 : le direct des Fran\u00e7ais du samedi 7 f\u00e9vrier\",\"datePublished\":\"2026-02-07T14:06:34+00:00\",\"dateModified\":\"2026-02-07T20:28:43+00:00\",\"mainEntityOfPage\":{\"@id\":\"https:\/\/dicodusport.fr\/blog\/grand-slam-de-paris-2026-le-direct-des-francais-du-samedi-7-fevrier\/\"},\"wordCount\":8512,\"commentCount\":0,\"publisher\":{\"@id\":\"https:\/\/dicodusport.fr\/blog\/#organization\"},\"image\":{\"@id\":\"https:\/\/dicodusport.fr\/blog\/grand-slam-de-paris-2026-le-direct-des-francais-du-samedi-7-fevrier\/#primaryimage\"},\"thumbnailUrl\":\"https:\/\/dicodusport.fr\/blog\/wp-content\/uploads\/2026\/02\/Grand-Slam-de-Paris-2026-le-direct-des-Francais-du-samedi-7-fevrier.png\",\"keywords\":[\"br\u00e8ve\",\"Direct comment\u00e9\",\"Grand Slam de Paris\",\"Judo\",\"Live\"],\"articleSection\":[\"Judo\"],\"inLanguage\":\"fr-FR\",\"potentialAction\":[{\"@type\":\"CommentAction\",\"name\":\"Comment\",\"target\":[\"https:\/\/dicodusport.fr\/blog\/grand-slam-de-paris-2026-le-direct-des-francais-du-samedi-7-fevrier\/#respond\"]}],\"copyrightYear\":\"2026\",\"copyrightHolder\":{\"@id\":\"https:\/\/dicodusport.fr\/blog\/#organization\"}},{\"@type\":\"WebPage\",\"@id\":\"https:\/\/dicodusport.fr\/blog\/grand-slam-de-paris-2026-le-direct-des-francais-du-samedi-7-fevrier\/\",\"url\":\"https:\/\/dicodusport.fr\/blog\/grand-slam-de-paris-2026-le-direct-des-francais-du-samedi-7-fevrier\/\",\"name\":\"Grand Slam de Paris 2026 : le direct des Fran\u00e7ais du samedi 7 f\u00e9vrier\",\"isPartOf\":{\"@id\":\"https:\/\/dicodusport.fr\/blog\/#website\"},\"primaryImageOfPage\":{\"@id\":\"https:\/\/dicodusport.fr\/blog\/grand-slam-de-paris-2026-le-direct-des-francais-du-samedi-7-fevrier\/#primaryimage\"},\"image\":{\"@id\":\"https:\/\/dicodusport.fr\/blog\/grand-slam-de-paris-2026-le-direct-des-francais-du-samedi-7-fevrier\/#primaryimage\"},\"thumbnailUrl\":\"https:\/\/dicodusport.fr\/blog\/wp-content\/uploads\/2026\/02\/Grand-Slam-de-Paris-2026-le-direct-des-Francais-du-samedi-7-fevrier.png\",\"datePublished\":\"2026-02-07T14:06:34+00:00\",\"dateModified\":\"2026-02-07T20:28:43+00:00\",\"description\":\"JUDO - Bienvenue dans le direct comment\u00e9 des r\u00e9sultats des Fran\u00e7ais du samedi 7 f\u00e9vrier, premi\u00e8re journ\u00e9e du Grand Slam de Paris 2026.\",\"inLanguage\":\"fr-FR\",\"potentialAction\":[{\"@type\":\"ReadAction\",\"target\":[\"https:\/\/dicodusport.fr\/blog\/grand-slam-de-paris-2026-le-direct-des-francais-du-samedi-7-fevrier\/\"]}]},{\"@type\":\"ImageObject\",\"inLanguage\":\"fr-FR\",\"@id\":\"https:\/\/dicodusport.fr\/blog\/grand-slam-de-paris-2026-le-direct-des-francais-du-samedi-7-fevrier\/#primaryimage\",\"url\":\"https:\/\/dicodusport.fr\/blog\/wp-content\/uploads\/2026\/02\/Grand-Slam-de-Paris-2026-le-direct-des-Francais-du-samedi-7-fevrier.png\",\"contentUrl\":\"https:\/\/dicodusport.fr\/blog\/wp-content\/uploads\/2026\/02\/Grand-Slam-de-Paris-2026-le-direct-des-Francais-du-samedi-7-fevrier.png\",\"width\":1200,\"height\":674,\"caption\":\"Grand Slam de Paris 2026 le direct des Fran\u00e7ais du samedi 7 f\u00e9vrier\"},{\"@type\":\"WebSite\",\"@id\":\"https:\/\/dicodusport.fr\/blog\/#website\",\"url\":\"https:\/\/dicodusport.fr\/blog\/\",\"name\":\"Dicodusport\",\"description\":\"L&#039;encyclop\u00e9die de l&#039;actualit\u00e9 sportive\",\"publisher\":{\"@id\":\"https:\/\/dicodusport.fr\/blog\/#organization\"},\"potentialAction\":[{\"@type\":\"SearchAction\",\"target\":{\"@type\":\"EntryPoint\",\"urlTemplate\":\"https:\/\/dicodusport.fr\/blog\/?s={search_term_string}\"},\"query-input\":{\"@type\":\"PropertyValueSpecification\",\"valueRequired\":true,\"valueName\":\"search_term_string\"}}],\"inLanguage\":\"fr-FR\"},{\"@type\":\"NewsMediaOrganization\",\"@id\":\"https:\/\/dicodusport.fr\/blog\/#organization\",\"name\":\"Dicodusport\",\"url\":\"https:\/\/dicodusport.fr\/blog\/\",\"logo\":{\"@type\":\"ImageObject\",\"inLanguage\":\"fr-FR\",\"@id\":\"https:\/\/dicodusport.fr\/blog\/#\/schema\/logo\/image\/\",\"url\":\"https:\/\/dicodusport.fr\/blog\/wp-content\/uploads\/2020\/06\/cropped-LOGO-DICODUSPORT-2020-SANS-FOND-SANS-TEXTE.png\",\"contentUrl\":\"https:\/\/dicodusport.fr\/blog\/wp-content\/uploads\/2020\/06\/cropped-LOGO-DICODUSPORT-2020-SANS-FOND-SANS-TEXTE.png\",\"width\":512,\"height\":512,\"caption\":\"Dicodusport\"},\"image\":{\"@id\":\"https:\/\/dicodusport.fr\/blog\/#\/schema\/logo\/image\/\"},\"sameAs\":[\"https:\/\/www.facebook.com\/dicodusport\",\"https:\/\/x.com\/dicodusport\",\"https:\/\/www.instagram.com\/dicodusport\/\",\"https:\/\/www.youtube.com\/channel\/UC7V2KZ5sd3htJivAbA4ZG3w\"],\"description\":\"Dicodusport est l'encyclop\u00e9die de l'actualit\u00e9 sportive.\",\"email\":\"bonjour@dicodusport.fr\",\"legalName\":\"DICODUSPORT\",\"foundingDate\":\"2018-01-14\",\"vatID\":\"FR71834470973\",\"taxID\":\"83447097300043\",\"numberOfEmployees\":{\"@type\":\"QuantitativeValue\",\"minValue\":\"1\",\"maxValue\":\"10\"}},{\"@type\":\"Person\",\"@id\":\"https:\/\/dicodusport.fr\/blog\/#\/schema\/person\/cce96fa88785bd8573e3d43078ac8c79\",\"name\":\"Arlette Yeye\",\"image\":{\"@type\":\"ImageObject\",\"inLanguage\":\"fr-FR\",\"@id\":\"https:\/\/dicodusport.fr\/blog\/#\/schema\/person\/image\/\",\"url\":\"https:\/\/secure.gravatar.com\/avatar\/dca4a6239e6d708e46c45d60e160de6c?s=96&d=wp_user_avatar&r=g\",\"contentUrl\":\"https:\/\/secure.gravatar.com\/avatar\/dca4a6239e6d708e46c45d60e160de6c?s=96&d=wp_user_avatar&r=g\",\"caption\":\"Arlette Yeye\"},\"description\":\"Journaliste\/r\u00e9dactrice depuis septembre 2015 - Supportrice de Chelsea, j'ai pour sports de pr\u00e9dilection le handball, l'athl\u00e9tisme et le tennis. Si je tweete plus vite que mon ombre, vous pouvez aussi me retrouver les week-ends sur les playgrounds de Bruxelles pour un petit foot ou basket entre potes. Parcourir la France, l'Europe et plus si affinit\u00e9s pour suivre mes sportifs pr\u00e9f\u00e9r\u00e9s ? Mon kif ! Et c'est avec plaisir que je partage les r\u00e9sultats des sports populaires mais \u00e9galement plus confidentiels pour Dicodusport.\",\"sameAs\":[\"https:\/\/x.com\/https:\/\/twitter.com\/Shiclette94\"],\"url\":\"https:\/\/dicodusport.fr\/blog\/author\/arlette\/\"}]}<\/script>\n<!-- \/ Yoast SEO Premium plugin. -->","yoast_head_json":{"title":"Grand Slam de Paris 2026 : le direct des Fran\u00e7ais du samedi 7 f\u00e9vrier","description":"JUDO - Bienvenue dans le direct comment\u00e9 des r\u00e9sultats des Fran\u00e7ais du samedi 7 f\u00e9vrier, premi\u00e8re journ\u00e9e du Grand Slam de Paris 2026.","robots":{"index":"index","follow":"follow","max-snippet":"max-snippet:-1","max-image-preview":"max-image-preview:large","max-video-preview":"max-video-preview:-1"},"canonical":"https:\/\/dicodusport.fr\/blog\/grand-slam-de-paris-2026-le-direct-des-francais-du-samedi-7-fevrier\/","next":"https:\/\/dicodusport.fr\/blog\/grand-slam-de-paris-2026-le-direct-des-francais-du-samedi-7-fevrier\/2\/","og_locale":"fr_FR","og_type":"article","og_title":"Grand Slam de Paris 2026 : le direct des Fran\u00e7ais du samedi 7 f\u00e9vrier","og_description":"JUDO - Bienvenue dans le direct comment\u00e9 des r\u00e9sultats des Fran\u00e7ais du samedi 7 f\u00e9vrier, premi\u00e8re journ\u00e9e du Grand Slam de Paris 2026.","og_url":"https:\/\/dicodusport.fr\/blog\/grand-slam-de-paris-2026-le-direct-des-francais-du-samedi-7-fevrier\/","og_site_name":"Dicodusport","article_publisher":"https:\/\/www.facebook.com\/dicodusport","article_published_time":"2026-02-07T14:06:34+00:00","article_modified_time":"2026-02-07T20:28:43+00:00","og_image":[{"width":1200,"height":674,"url":"https:\/\/dicodusport.fr\/blog\/wp-content\/uploads\/2026\/02\/Grand-Slam-de-Paris-2026-le-direct-des-Francais-du-samedi-7-fevrier.png","type":"image\/png"}],"author":"Arlette Yeye","twitter_card":"summary_large_image","twitter_title":"Grand Slam de Paris 2026 : le direct des Fran\u00e7ais du samedi 7 f\u00e9vrier","twitter_creator":"@https:\/\/twitter.com\/Shiclette94","twitter_site":"@dicodusport","schema":{"@context":"https:\/\/schema.org","@graph":[{"@type":"NewsArticle","@id":"https:\/\/dicodusport.fr\/blog\/grand-slam-de-paris-2026-le-direct-des-francais-du-samedi-7-fevrier\/#article","isPartOf":{"@id":"https:\/\/dicodusport.fr\/blog\/grand-slam-de-paris-2026-le-direct-des-francais-du-samedi-7-fevrier\/"},"author":{"name":"Arlette Yeye","@id":"https:\/\/dicodusport.fr\/blog\/#\/schema\/person\/cce96fa88785bd8573e3d43078ac8c79"},"headline":"Grand Slam de Paris 2026 : le direct des Fran\u00e7ais du samedi 7 f\u00e9vrier","datePublished":"2026-02-07T14:06:34+00:00","dateModified":"2026-02-07T20:28:43+00:00","mainEntityOfPage":{"@id":"https:\/\/dicodusport.fr\/blog\/grand-slam-de-paris-2026-le-direct-des-francais-du-samedi-7-fevrier\/"},"wordCount":8512,"commentCount":0,"publisher":{"@id":"https:\/\/dicodusport.fr\/blog\/#organization"},"image":{"@id":"https:\/\/dicodusport.fr\/blog\/grand-slam-de-paris-2026-le-direct-des-francais-du-samedi-7-fevrier\/#primaryimage"},"thumbnailUrl":"https:\/\/dicodusport.fr\/blog\/wp-content\/uploads\/2026\/02\/Grand-Slam-de-Paris-2026-le-direct-des-Francais-du-samedi-7-fevrier.png","keywords":["br\u00e8ve","Direct comment\u00e9","Grand Slam de Paris","Judo","Live"],"articleSection":["Judo"],"inLanguage":"fr-FR","potentialAction":[{"@type":"CommentAction","name":"Comment","target":["https:\/\/dicodusport.fr\/blog\/grand-slam-de-paris-2026-le-direct-des-francais-du-samedi-7-fevrier\/#respond"]}],"copyrightYear":"2026","copyrightHolder":{"@id":"https:\/\/dicodusport.fr\/blog\/#organization"}},{"@type":"WebPage","@id":"https:\/\/dicodusport.fr\/blog\/grand-slam-de-paris-2026-le-direct-des-francais-du-samedi-7-fevrier\/","url":"https:\/\/dicodusport.fr\/blog\/grand-slam-de-paris-2026-le-direct-des-francais-du-samedi-7-fevrier\/","name":"Grand Slam de Paris 2026 : le direct des Fran\u00e7ais du samedi 7 f\u00e9vrier","isPartOf":{"@id":"https:\/\/dicodusport.fr\/blog\/#website"},"primaryImageOfPage":{"@id":"https:\/\/dicodusport.fr\/blog\/grand-slam-de-paris-2026-le-direct-des-francais-du-samedi-7-fevrier\/#primaryimage"},"image":{"@id":"https:\/\/dicodusport.fr\/blog\/grand-slam-de-paris-2026-le-direct-des-francais-du-samedi-7-fevrier\/#primaryimage"},"thumbnailUrl":"https:\/\/dicodusport.fr\/blog\/wp-content\/uploads\/2026\/02\/Grand-Slam-de-Paris-2026-le-direct-des-Francais-du-samedi-7-fevrier.png","datePublished":"2026-02-07T14:06:34+00:00","dateModified":"2026-02-07T20:28:43+00:00","description":"JUDO - Bienvenue dans le direct comment\u00e9 des r\u00e9sultats des Fran\u00e7ais du samedi 7 f\u00e9vrier, premi\u00e8re journ\u00e9e du Grand Slam de Paris 2026.","inLanguage":"fr-FR","potentialAction":[{"@type":"ReadAction","target":["https:\/\/dicodusport.fr\/blog\/grand-slam-de-paris-2026-le-direct-des-francais-du-samedi-7-fevrier\/"]}]},{"@type":"ImageObject","inLanguage":"fr-FR","@id":"https:\/\/dicodusport.fr\/blog\/grand-slam-de-paris-2026-le-direct-des-francais-du-samedi-7-fevrier\/#primaryimage","url":"https:\/\/dicodusport.fr\/blog\/wp-content\/uploads\/2026\/02\/Grand-Slam-de-Paris-2026-le-direct-des-Francais-du-samedi-7-fevrier.png","contentUrl":"https:\/\/dicodusport.fr\/blog\/wp-content\/uploads\/2026\/02\/Grand-Slam-de-Paris-2026-le-direct-des-Francais-du-samedi-7-fevrier.png","width":1200,"height":674,"caption":"Grand Slam de Paris 2026 le direct des Fran\u00e7ais du samedi 7 f\u00e9vrier"},{"@type":"WebSite","@id":"https:\/\/dicodusport.fr\/blog\/#website","url":"https:\/\/dicodusport.fr\/blog\/","name":"Dicodusport","description":"L&#039;encyclop\u00e9die de l&#039;actualit\u00e9 sportive","publisher":{"@id":"https:\/\/dicodusport.fr\/blog\/#organization"},"potentialAction":[{"@type":"SearchAction","target":{"@type":"EntryPoint","urlTemplate":"https:\/\/dicodusport.fr\/blog\/?s={search_term_string}"},"query-input":{"@type":"PropertyValueSpecification","valueRequired":true,"valueName":"search_term_string"}}],"inLanguage":"fr-FR"},{"@type":"NewsMediaOrganization","@id":"https:\/\/dicodusport.fr\/blog\/#organization","name":"Dicodusport","url":"https:\/\/dicodusport.fr\/blog\/","logo":{"@type":"ImageObject","inLanguage":"fr-FR","@id":"https:\/\/dicodusport.fr\/blog\/#\/schema\/logo\/image\/","url":"https:\/\/dicodusport.fr\/blog\/wp-content\/uploads\/2020\/06\/cropped-LOGO-DICODUSPORT-2020-SANS-FOND-SANS-TEXTE.png","contentUrl":"https:\/\/dicodusport.fr\/blog\/wp-content\/uploads\/2020\/06\/cropped-LOGO-DICODUSPORT-2020-SANS-FOND-SANS-TEXTE.png","width":512,"height":512,"caption":"Dicodusport"},"image":{"@id":"https:\/\/dicodusport.fr\/blog\/#\/schema\/logo\/image\/"},"sameAs":["https:\/\/www.facebook.com\/dicodusport","https:\/\/x.com\/dicodusport","https:\/\/www.instagram.com\/dicodusport\/","https:\/\/www.youtube.com\/channel\/UC7V2KZ5sd3htJivAbA4ZG3w"],"description":"Dicodusport est l'encyclop\u00e9die de l'actualit\u00e9 sportive.","email":"bonjour@dicodusport.fr","legalName":"DICODUSPORT","foundingDate":"2018-01-14","vatID":"FR71834470973","taxID":"83447097300043","numberOfEmployees":{"@type":"QuantitativeValue","minValue":"1","maxValue":"10"}},{"@type":"Person","@id":"https:\/\/dicodusport.fr\/blog\/#\/schema\/person\/cce96fa88785bd8573e3d43078ac8c79","name":"Arlette Yeye","image":{"@type":"ImageObject","inLanguage":"fr-FR","@id":"https:\/\/dicodusport.fr\/blog\/#\/schema\/person\/image\/","url":"https:\/\/secure.gravatar.com\/avatar\/dca4a6239e6d708e46c45d60e160de6c?s=96&d=wp_user_avatar&r=g","contentUrl":"https:\/\/secure.gravatar.com\/avatar\/dca4a6239e6d708e46c45d60e160de6c?s=96&d=wp_user_avatar&r=g","caption":"Arlette Yeye"},"description":"Journaliste\/r\u00e9dactrice depuis septembre 2015 - Supportrice de Chelsea, j'ai pour sports de pr\u00e9dilection le handball, l'athl\u00e9tisme et le tennis. Si je tweete plus vite que mon ombre, vous pouvez aussi me retrouver les week-ends sur les playgrounds de Bruxelles pour un petit foot ou basket entre potes. Parcourir la France, l'Europe et plus si affinit\u00e9s pour suivre mes sportifs pr\u00e9f\u00e9r\u00e9s ? Mon kif ! Et c'est avec plaisir que je partage les r\u00e9sultats des sports populaires mais \u00e9galement plus confidentiels pour Dicodusport.","sameAs":["https:\/\/x.com\/https:\/\/twitter.com\/Shiclette94"],"url":"https:\/\/dicodusport.fr\/blog\/author\/arlette\/"}]}},"_links":{"self":[{"href":"https:\/\/dicodusport.fr\/blog\/wp-json\/wp\/v2\/posts\/643594","targetHints":{"allow":["GET"]}}],"collection":[{"href":"https:\/\/dicodusport.fr\/blog\/wp-json\/wp\/v2\/posts"}],"about":[{"href":"https:\/\/dicodusport.fr\/blog\/wp-json\/wp\/v2\/types\/post"}],"author":[{"embeddable":true,"href":"https:\/\/dicodusport.fr\/blog\/wp-json\/wp\/v2\/users\/12"}],"replies":[{"embeddable":true,"href":"https:\/\/dicodusport.fr\/blog\/wp-json\/wp\/v2\/comments?post=643594"}],"version-history":[{"count":5,"href":"https:\/\/dicodusport.fr\/blog\/wp-json\/wp\/v2\/posts\/643594\/revisions"}],"predecessor-version":[{"id":645334,"href":"https:\/\/dicodusport.fr\/blog\/wp-json\/wp\/v2\/posts\/643594\/revisions\/645334"}],"wp:featuredmedia":[{"embeddable":true,"href":"https:\/\/dicodusport.fr\/blog\/wp-json\/wp\/v2\/media\/644851"}],"wp:attachment":[{"href":"https:\/\/dicodusport.fr\/blog\/wp-json\/wp\/v2\/media?parent=643594"}],"wp:term":[{"taxonomy":"category","embeddable":true,"href":"https:\/\/dicodusport.fr\/blog\/wp-json\/wp\/v2\/categories?post=643594"},{"taxonomy":"post_tag","embeddable":true,"href":"https:\/\/dicodusport.fr\/blog\/wp-json\/wp\/v2\/tags?post=643594"}],"curies":[{"name":"wp","href":"https:\/\/api.w.org\/{rel}","templated":true}]}}