{"id":643938,"date":"2026-02-04T17:24:14","date_gmt":"2026-02-04T16:24:14","guid":{"rendered":"https:\/\/dicodusport.fr\/blog\/?p=643938&#038;preview=true&#038;preview_id=643938"},"modified":"2026-02-04T20:06:39","modified_gmt":"2026-02-04T19:06:39","slug":"mathilde-gros-surpuissante-et-championne-deurope-du-kilometre-a-konya","status":"publish","type":"post","link":"https:\/\/dicodusport.fr\/blog\/mathilde-gros-surpuissante-et-championne-deurope-du-kilometre-a-konya\/","title":{"rendered":"Mathilde Gros surpuissante et championne d&rsquo;Europe du kilom\u00e8tre \u00e0 Konya !"},"content":{"rendered":"<p style=\"text-align: justify;\"><strong><em>CHAMPIONNATS D&rsquo;EUROPE DE CYCLISME SUR PISTE 2026 &#8211; Comme en qualifications, Mathilde Gros a domin\u00e9 la concurrence en finale et rafle l&rsquo;or sur le kilom\u00e8tre !<\/em><\/strong><\/p>\n<ul style=\"text-align: justify;\">\n<li style=\"text-align: justify;\"><strong>\u00c0 ce sujet &#8211; <a href=\"https:\/\/dicodusport.fr\/blog\/championnats-deurope-de-cyclisme-sur-piste-2026-programme-et-resultats\/\">Championnats d\u2019Europe de cyclisme sur piste 2026 \u2013 programme et r\u00e9sultats<\/a><\/strong><\/li>\n<\/ul>\n<p style=\"text-align: justify;\">En 2022, <strong>Mathilde Gros<\/strong> avait atteint un Graal en devenant <a href=\"https:\/\/dicodusport.fr\/blog\/mondiaux-cyclisme-sur-piste-mathilde-gros-championne-du-monde-de-la-vitesse\/\">championne du monde de la vitesse individuelle \u00e0 Saint-Quentin-en-Yvelines<\/a>. Mais depuis, la Tricolore avait eu du mal \u00e0 dig\u00e9rer, ne d\u00e9crochant plus aucun titre, qu&rsquo;il soit europ\u00e9en, mondial ou olympique. Et son \u00e9limination en 8\u00e8me de finale de la vitesse \u00e0 Konya n&rsquo;\u00e9tait pas rassurante.<\/p>\n<h2 style=\"text-align: justify;\">Magnifique Mathilde Gros<\/h2>\n<p style=\"text-align: justify;\">N\u00e9anmoins, elle avait encore deux objectifs au programme. Le premier, c&rsquo;\u00e9tait le kilom\u00e8tre, \u00e9preuve d\u00e9sormais install\u00e9e \u00e0 la place du 500 m\u00e8tres qui \u00e9tait pendant longtemps au programme. D\u00e8s les qualifications, ce matin, la Fran\u00e7aise avait frapp\u00e9 fort : <strong>1:03.328<\/strong>, meilleur temps de toutes les engag\u00e9es, alors qu&rsquo;il y avait dans la liste quelques pointures comme <strong>Sophie Capewell<\/strong>, en argent sur la vitesse hier.<\/p>\n<p style=\"text-align: justify;\">Ainsi, elle s&rsquo;\u00e9lan\u00e7ait en dernier de la finale, mais au moment de son envol, c&rsquo;est la surprenante <strong>Miriam Vece<\/strong> qui avait le meilleur chrono. L&rsquo;heure \u00e9tait donc \u00e0 la revanche, puisque c&rsquo;est l&rsquo;Italienne qui avait \u00e9limin\u00e9 la Tricolore en vitesse. Un d\u00e9part difficile, plus d&rsquo;une demi-seconde de d\u00e9bours apr\u00e8s 375 m\u00e8tres, avant qu&rsquo;elle ne trouve son rythme et commence \u00e0 boucher son retard. Une acc\u00e9l\u00e9ration d\u00e9mentielle qui allait la voir prendre la main \u00e0 un tour de la fin, et terminer en trombe avec une incroyable impression de puissance : <strong>1.03.682<\/strong>, moins rapide qu&rsquo;au matin, mais avec <strong>0.424<\/strong> d&rsquo;avance sur sa rivale, <strong>Mathilde Gros<\/strong> est la premi\u00e8re Fran\u00e7aise championne d&rsquo;Europe du kilom\u00e8tre ! Un deuxi\u00e8me titre fran\u00e7ais et un boost de confiance avant le keirin demain.<\/p>\n<blockquote class=\"twitter-tweet\">\n<p dir=\"ltr\" lang=\"fr\">Mathilde Gros CHAMPIONNE D&rsquo;EUROPE du Kilom\u00e8tre !<\/p>\n<p>La Fran\u00e7aise d\u00e9croche son premier titre continental depuis 2019, apr\u00e8s avoir am\u00e9lior\u00e9 le record de France en qualifications ! <a href=\"https:\/\/twitter.com\/hashtag\/lequipeVELO?src=hash&amp;ref_src=twsrc%5Etfw\">#lequipeVELO<\/a> <a href=\"https:\/\/t.co\/jnhvfActfn\">pic.twitter.com\/jnhvfActfn<\/a><\/p>\n<p>\u2014 L&rsquo;\u00c9quipe (@lequipe) <a href=\"https:\/\/twitter.com\/lequipe\/status\/2019084832781852875?ref_src=twsrc%5Etfw\">February 4, 2026<\/a><\/p><\/blockquote>\n<p><script async src=\"https:\/\/platform.twitter.com\/widgets.js\" charset=\"utf-8\"><\/script><\/p>\n<ul style=\"text-align: justify;\">\n<li style=\"text-align: justify;\"><strong>\u00c0 lire aussi &#8211; <a href=\"https:\/\/dicodusport.fr\/blog\/tableau-des-medailles-championnats-deurope-de-cyclisme-sur-piste-2026\/\">Tableau des m\u00e9dailles \u2013 Championnats d\u2019Europe de cyclisme sur piste 2026<\/a><\/strong><\/li>\n<\/ul>\n<div id=\"gtx-trans\" style=\"position: absolute; left: -14px; top: 40.9091px;\">\n<div class=\"gtx-trans-icon\" style=\"text-align: justify;\"><\/div>\n<\/div>\n","protected":false},"excerpt":{"rendered":"<p>CHAMPIONNATS D&rsquo;EUROPE DE CYCLISME SUR PISTE 2026 &#8211; Comme en qualifications, Mathilde Gros a domin\u00e9 la concurrence en finale et rafle l&rsquo;or sur le kilom\u00e8tre !<\/p>\n","protected":false},"author":59,"featured_media":644088,"comment_status":"open","ping_status":"closed","sticky":false,"template":"","format":"standard","meta":{"_acf_changed":false,"_daextam_enable_autolinks":"1","footnotes":""},"categories":[14089],"tags":[16878,19732,1664,1721,24],"class_list":["post-643938","post","type-post","status-publish","format-standard","has-post-thumbnail","hentry","category-cyclisme-sur-piste","tag-breve","tag-championnats-deurope-cyclisme-sur-piste","tag-cyclisme-sur-piste","tag-mathilde-gros","tag-sport"],"acf":[],"yoast_head":"<!-- This site is optimized with the Yoast SEO Premium plugin v26.7 (Yoast SEO v26.7) - https:\/\/yoast.com\/wordpress\/plugins\/seo\/ -->\n<title>Mathilde Gros surpuissante et championne d&#039;Europe du kilom\u00e8tre \u00e0 Konya !<\/title>\n<meta name=\"description\" content=\"CHAMPIONNATS D&#039;EUROPE DE CYCLISME SUR PISTE 2026 - Comme en qualifications, Mathilde Gros a domin\u00e9 la concurrence en finale et rafle l&#039;or sur le kilom\u00e8tre !\" \/>\n<meta name=\"robots\" content=\"index, follow, max-snippet:-1, max-image-preview:large, max-video-preview:-1\" \/>\n<link rel=\"canonical\" href=\"https:\/\/dicodusport.fr\/blog\/mathilde-gros-surpuissante-et-championne-deurope-du-kilometre-a-konya\/\" \/>\n<meta property=\"og:locale\" content=\"fr_FR\" \/>\n<meta property=\"og:type\" content=\"article\" \/>\n<meta property=\"og:title\" content=\"Mathilde Gros surpuissante et championne d&#039;Europe du kilom\u00e8tre \u00e0 Konya !\" \/>\n<meta property=\"og:description\" content=\"CHAMPIONNATS D&#039;EUROPE DE CYCLISME SUR PISTE 2026 - Comme en qualifications, Mathilde Gros a domin\u00e9 la concurrence en finale et rafle l&#039;or sur le kilom\u00e8tre !\" \/>\n<meta property=\"og:url\" content=\"https:\/\/dicodusport.fr\/blog\/mathilde-gros-surpuissante-et-championne-deurope-du-kilometre-a-konya\/\" \/>\n<meta property=\"og:site_name\" content=\"Dicodusport\" \/>\n<meta property=\"article:publisher\" content=\"https:\/\/www.facebook.com\/dicodusport\" \/>\n<meta property=\"article:author\" content=\"https:\/\/www.facebook.com\/sebastien.gente\/\" \/>\n<meta property=\"article:published_time\" content=\"2026-02-04T16:24:14+00:00\" \/>\n<meta property=\"article:modified_time\" content=\"2026-02-04T19:06:39+00:00\" \/>\n<meta property=\"og:image\" content=\"https:\/\/dicodusport.fr\/blog\/wp-content\/uploads\/2026\/02\/Mathilde-Gros-surpuissante-et-championne-dEurope-du-kilometre-a-Konya-1-2.png\" \/>\n\t<meta property=\"og:image:width\" content=\"1200\" \/>\n\t<meta property=\"og:image:height\" content=\"674\" \/>\n\t<meta property=\"og:image:type\" content=\"image\/png\" \/>\n<meta name=\"author\" content=\"S\u00e9bastien Gente\" \/>\n<meta name=\"twitter:card\" content=\"summary_large_image\" \/>\n<meta name=\"twitter:title\" content=\"Mathilde Gros surpuissante et championne d&#039;Europe du kilom\u00e8tre \u00e0 Konya !\" \/>\n<meta name=\"twitter:creator\" content=\"@https:\/\/twitter.com\/globulo24\" \/>\n<meta name=\"twitter:site\" content=\"@dicodusport\" \/>\n<script type=\"application\/ld+json\" class=\"yoast-schema-graph\">{\"@context\":\"https:\/\/schema.org\",\"@graph\":[{\"@type\":\"NewsArticle\",\"@id\":\"https:\/\/dicodusport.fr\/blog\/mathilde-gros-surpuissante-et-championne-deurope-du-kilometre-a-konya\/#article\",\"isPartOf\":{\"@id\":\"https:\/\/dicodusport.fr\/blog\/mathilde-gros-surpuissante-et-championne-deurope-du-kilometre-a-konya\/\"},\"author\":{\"name\":\"S\u00e9bastien Gente\",\"@id\":\"https:\/\/dicodusport.fr\/blog\/#\/schema\/person\/627966a6cde45dbd8c5e36ac85d783da\"},\"headline\":\"Mathilde Gros surpuissante et championne d&rsquo;Europe du kilom\u00e8tre \u00e0 Konya !\",\"datePublished\":\"2026-02-04T16:24:14+00:00\",\"dateModified\":\"2026-02-04T19:06:39+00:00\",\"mainEntityOfPage\":{\"@id\":\"https:\/\/dicodusport.fr\/blog\/mathilde-gros-surpuissante-et-championne-deurope-du-kilometre-a-konya\/\"},\"wordCount\":374,\"commentCount\":0,\"publisher\":{\"@id\":\"https:\/\/dicodusport.fr\/blog\/#organization\"},\"image\":{\"@id\":\"https:\/\/dicodusport.fr\/blog\/mathilde-gros-surpuissante-et-championne-deurope-du-kilometre-a-konya\/#primaryimage\"},\"thumbnailUrl\":\"https:\/\/dicodusport.fr\/blog\/wp-content\/uploads\/2026\/02\/Mathilde-Gros-surpuissante-et-championne-dEurope-du-kilometre-a-Konya-1-2.png\",\"keywords\":[\"br\u00e8ve\",\"Championnats d'Europe cyclisme sur piste\",\"cyclisme sur piste\",\"Mathilde Gros\",\"sport\"],\"articleSection\":[\"Cyclisme sur piste\"],\"inLanguage\":\"fr-FR\",\"potentialAction\":[{\"@type\":\"CommentAction\",\"name\":\"Comment\",\"target\":[\"https:\/\/dicodusport.fr\/blog\/mathilde-gros-surpuissante-et-championne-deurope-du-kilometre-a-konya\/#respond\"]}],\"copyrightYear\":\"2026\",\"copyrightHolder\":{\"@id\":\"https:\/\/dicodusport.fr\/blog\/#organization\"}},{\"@type\":\"WebPage\",\"@id\":\"https:\/\/dicodusport.fr\/blog\/mathilde-gros-surpuissante-et-championne-deurope-du-kilometre-a-konya\/\",\"url\":\"https:\/\/dicodusport.fr\/blog\/mathilde-gros-surpuissante-et-championne-deurope-du-kilometre-a-konya\/\",\"name\":\"Mathilde Gros surpuissante et championne d'Europe du kilom\u00e8tre \u00e0 Konya !\",\"isPartOf\":{\"@id\":\"https:\/\/dicodusport.fr\/blog\/#website\"},\"primaryImageOfPage\":{\"@id\":\"https:\/\/dicodusport.fr\/blog\/mathilde-gros-surpuissante-et-championne-deurope-du-kilometre-a-konya\/#primaryimage\"},\"image\":{\"@id\":\"https:\/\/dicodusport.fr\/blog\/mathilde-gros-surpuissante-et-championne-deurope-du-kilometre-a-konya\/#primaryimage\"},\"thumbnailUrl\":\"https:\/\/dicodusport.fr\/blog\/wp-content\/uploads\/2026\/02\/Mathilde-Gros-surpuissante-et-championne-dEurope-du-kilometre-a-Konya-1-2.png\",\"datePublished\":\"2026-02-04T16:24:14+00:00\",\"dateModified\":\"2026-02-04T19:06:39+00:00\",\"description\":\"CHAMPIONNATS D'EUROPE DE CYCLISME SUR PISTE 2026 - Comme en qualifications, Mathilde Gros a domin\u00e9 la concurrence en finale et rafle l'or sur le kilom\u00e8tre !\",\"breadcrumb\":{\"@id\":\"https:\/\/dicodusport.fr\/blog\/mathilde-gros-surpuissante-et-championne-deurope-du-kilometre-a-konya\/#breadcrumb\"},\"inLanguage\":\"fr-FR\",\"potentialAction\":[{\"@type\":\"ReadAction\",\"target\":[\"https:\/\/dicodusport.fr\/blog\/mathilde-gros-surpuissante-et-championne-deurope-du-kilometre-a-konya\/\"]}]},{\"@type\":\"ImageObject\",\"inLanguage\":\"fr-FR\",\"@id\":\"https:\/\/dicodusport.fr\/blog\/mathilde-gros-surpuissante-et-championne-deurope-du-kilometre-a-konya\/#primaryimage\",\"url\":\"https:\/\/dicodusport.fr\/blog\/wp-content\/uploads\/2026\/02\/Mathilde-Gros-surpuissante-et-championne-dEurope-du-kilometre-a-Konya-1-2.png\",\"contentUrl\":\"https:\/\/dicodusport.fr\/blog\/wp-content\/uploads\/2026\/02\/Mathilde-Gros-surpuissante-et-championne-dEurope-du-kilometre-a-Konya-1-2.png\",\"width\":1200,\"height\":674,\"caption\":\"Mathilde Gros surpuissante et championne d'Europe du kilom\u00e8tre \u00e0 Konya !\"},{\"@type\":\"BreadcrumbList\",\"@id\":\"https:\/\/dicodusport.fr\/blog\/mathilde-gros-surpuissante-et-championne-deurope-du-kilometre-a-konya\/#breadcrumb\",\"itemListElement\":[{\"@type\":\"ListItem\",\"position\":1,\"name\":\"Accueil\",\"item\":\"https:\/\/dicodusport.fr\/blog\/\"},{\"@type\":\"ListItem\",\"position\":2,\"name\":\"Mathilde Gros surpuissante et championne d&rsquo;Europe du kilom\u00e8tre \u00e0 Konya !\"}]},{\"@type\":\"WebSite\",\"@id\":\"https:\/\/dicodusport.fr\/blog\/#website\",\"url\":\"https:\/\/dicodusport.fr\/blog\/\",\"name\":\"Dicodusport\",\"description\":\"L&#039;encyclop\u00e9die de l&#039;actualit\u00e9 sportive\",\"publisher\":{\"@id\":\"https:\/\/dicodusport.fr\/blog\/#organization\"},\"potentialAction\":[{\"@type\":\"SearchAction\",\"target\":{\"@type\":\"EntryPoint\",\"urlTemplate\":\"https:\/\/dicodusport.fr\/blog\/?s={search_term_string}\"},\"query-input\":{\"@type\":\"PropertyValueSpecification\",\"valueRequired\":true,\"valueName\":\"search_term_string\"}}],\"inLanguage\":\"fr-FR\"},{\"@type\":\"NewsMediaOrganization\",\"@id\":\"https:\/\/dicodusport.fr\/blog\/#organization\",\"name\":\"Dicodusport\",\"url\":\"https:\/\/dicodusport.fr\/blog\/\",\"logo\":{\"@type\":\"ImageObject\",\"inLanguage\":\"fr-FR\",\"@id\":\"https:\/\/dicodusport.fr\/blog\/#\/schema\/logo\/image\/\",\"url\":\"https:\/\/dicodusport.fr\/blog\/wp-content\/uploads\/2020\/06\/cropped-LOGO-DICODUSPORT-2020-SANS-FOND-SANS-TEXTE.png\",\"contentUrl\":\"https:\/\/dicodusport.fr\/blog\/wp-content\/uploads\/2020\/06\/cropped-LOGO-DICODUSPORT-2020-SANS-FOND-SANS-TEXTE.png\",\"width\":512,\"height\":512,\"caption\":\"Dicodusport\"},\"image\":{\"@id\":\"https:\/\/dicodusport.fr\/blog\/#\/schema\/logo\/image\/\"},\"sameAs\":[\"https:\/\/www.facebook.com\/dicodusport\",\"https:\/\/x.com\/dicodusport\",\"https:\/\/www.instagram.com\/dicodusport\/\",\"https:\/\/www.youtube.com\/channel\/UC7V2KZ5sd3htJivAbA4ZG3w\"],\"description\":\"Dicodusport est l'encyclop\u00e9die de l'actualit\u00e9 sportive.\",\"email\":\"bonjour@dicodusport.fr\",\"legalName\":\"DICODUSPORT\",\"foundingDate\":\"2018-01-14\",\"vatID\":\"FR71834470973\",\"taxID\":\"83447097300043\",\"numberOfEmployees\":{\"@type\":\"QuantitativeValue\",\"minValue\":\"1\",\"maxValue\":\"10\"}},{\"@type\":\"Person\",\"@id\":\"https:\/\/dicodusport.fr\/blog\/#\/schema\/person\/627966a6cde45dbd8c5e36ac85d783da\",\"name\":\"S\u00e9bastien Gente\",\"image\":{\"@type\":\"ImageObject\",\"inLanguage\":\"fr-FR\",\"@id\":\"https:\/\/dicodusport.fr\/blog\/#\/schema\/person\/image\/\",\"url\":\"https:\/\/dicodusport.fr\/blog\/wp-content\/uploads\/2021\/09\/1510990_10205810251400683_4124423575079401707_n-150x150.jpg\",\"contentUrl\":\"https:\/\/dicodusport.fr\/blog\/wp-content\/uploads\/2021\/09\/1510990_10205810251400683_4124423575079401707_n-150x150.jpg\",\"caption\":\"S\u00e9bastien Gente\"},\"description\":\"John Stockton, Gianni Bugno, Zinedine Zidane, Steffi Graf, Frode Andresen, St\u00e9phane Stoecklin, Davis Kamoga, Primoz Peterka, Werner Schlager et Aur\u00e9lien Rougerie. Point commun entre ces sportifs? Ils m'ont fait r\u00eaver et ont berc\u00e9 mon adolescence. Je suis un fondu de sports et j'essaie de retranscrire ma passion \u00e0 travers mes articles. Originaire du P\u00e9rigord, ma passion pour les Girondins, les Jaunards et les Jazzmen transpire dans mes \u00e9crits. \u00c0 Dicodusport depuis 2021, je d\u00e9niche les sports m\u00e9connus dans lesquels la France brille, et il y en a !\",\"sameAs\":[\"https:\/\/www.facebook.com\/sebastien.gente\/\",\"https:\/\/www.instagram.com\/sebgente\/\",\"https:\/\/www.linkedin.com\/in\/sbastien-gente-a29583169\/\",\"https:\/\/x.com\/https:\/\/twitter.com\/globulo24\",\"SebastienGente\"],\"worksFor\":\"S\u00e9bastien GENTE\",\"url\":\"https:\/\/dicodusport.fr\/blog\/author\/sebastiengente\/\"}]}<\/script>\n<!-- \/ Yoast SEO Premium plugin. -->","yoast_head_json":{"title":"Mathilde Gros surpuissante et championne d'Europe du kilom\u00e8tre \u00e0 Konya !","description":"CHAMPIONNATS D'EUROPE DE CYCLISME SUR PISTE 2026 - Comme en qualifications, Mathilde Gros a domin\u00e9 la concurrence en finale et rafle l'or sur le kilom\u00e8tre !","robots":{"index":"index","follow":"follow","max-snippet":"max-snippet:-1","max-image-preview":"max-image-preview:large","max-video-preview":"max-video-preview:-1"},"canonical":"https:\/\/dicodusport.fr\/blog\/mathilde-gros-surpuissante-et-championne-deurope-du-kilometre-a-konya\/","og_locale":"fr_FR","og_type":"article","og_title":"Mathilde Gros surpuissante et championne d'Europe du kilom\u00e8tre \u00e0 Konya !","og_description":"CHAMPIONNATS D'EUROPE DE CYCLISME SUR PISTE 2026 - Comme en qualifications, Mathilde Gros a domin\u00e9 la concurrence en finale et rafle l'or sur le kilom\u00e8tre !","og_url":"https:\/\/dicodusport.fr\/blog\/mathilde-gros-surpuissante-et-championne-deurope-du-kilometre-a-konya\/","og_site_name":"Dicodusport","article_publisher":"https:\/\/www.facebook.com\/dicodusport","article_author":"https:\/\/www.facebook.com\/sebastien.gente\/","article_published_time":"2026-02-04T16:24:14+00:00","article_modified_time":"2026-02-04T19:06:39+00:00","og_image":[{"width":1200,"height":674,"url":"https:\/\/dicodusport.fr\/blog\/wp-content\/uploads\/2026\/02\/Mathilde-Gros-surpuissante-et-championne-dEurope-du-kilometre-a-Konya-1-2.png","type":"image\/png"}],"author":"S\u00e9bastien Gente","twitter_card":"summary_large_image","twitter_title":"Mathilde Gros surpuissante et championne d'Europe du kilom\u00e8tre \u00e0 Konya !","twitter_creator":"@https:\/\/twitter.com\/globulo24","twitter_site":"@dicodusport","schema":{"@context":"https:\/\/schema.org","@graph":[{"@type":"NewsArticle","@id":"https:\/\/dicodusport.fr\/blog\/mathilde-gros-surpuissante-et-championne-deurope-du-kilometre-a-konya\/#article","isPartOf":{"@id":"https:\/\/dicodusport.fr\/blog\/mathilde-gros-surpuissante-et-championne-deurope-du-kilometre-a-konya\/"},"author":{"name":"S\u00e9bastien Gente","@id":"https:\/\/dicodusport.fr\/blog\/#\/schema\/person\/627966a6cde45dbd8c5e36ac85d783da"},"headline":"Mathilde Gros surpuissante et championne d&rsquo;Europe du kilom\u00e8tre \u00e0 Konya !","datePublished":"2026-02-04T16:24:14+00:00","dateModified":"2026-02-04T19:06:39+00:00","mainEntityOfPage":{"@id":"https:\/\/dicodusport.fr\/blog\/mathilde-gros-surpuissante-et-championne-deurope-du-kilometre-a-konya\/"},"wordCount":374,"commentCount":0,"publisher":{"@id":"https:\/\/dicodusport.fr\/blog\/#organization"},"image":{"@id":"https:\/\/dicodusport.fr\/blog\/mathilde-gros-surpuissante-et-championne-deurope-du-kilometre-a-konya\/#primaryimage"},"thumbnailUrl":"https:\/\/dicodusport.fr\/blog\/wp-content\/uploads\/2026\/02\/Mathilde-Gros-surpuissante-et-championne-dEurope-du-kilometre-a-Konya-1-2.png","keywords":["br\u00e8ve","Championnats d'Europe cyclisme sur piste","cyclisme sur piste","Mathilde Gros","sport"],"articleSection":["Cyclisme sur piste"],"inLanguage":"fr-FR","potentialAction":[{"@type":"CommentAction","name":"Comment","target":["https:\/\/dicodusport.fr\/blog\/mathilde-gros-surpuissante-et-championne-deurope-du-kilometre-a-konya\/#respond"]}],"copyrightYear":"2026","copyrightHolder":{"@id":"https:\/\/dicodusport.fr\/blog\/#organization"}},{"@type":"WebPage","@id":"https:\/\/dicodusport.fr\/blog\/mathilde-gros-surpuissante-et-championne-deurope-du-kilometre-a-konya\/","url":"https:\/\/dicodusport.fr\/blog\/mathilde-gros-surpuissante-et-championne-deurope-du-kilometre-a-konya\/","name":"Mathilde Gros surpuissante et championne d'Europe du kilom\u00e8tre \u00e0 Konya !","isPartOf":{"@id":"https:\/\/dicodusport.fr\/blog\/#website"},"primaryImageOfPage":{"@id":"https:\/\/dicodusport.fr\/blog\/mathilde-gros-surpuissante-et-championne-deurope-du-kilometre-a-konya\/#primaryimage"},"image":{"@id":"https:\/\/dicodusport.fr\/blog\/mathilde-gros-surpuissante-et-championne-deurope-du-kilometre-a-konya\/#primaryimage"},"thumbnailUrl":"https:\/\/dicodusport.fr\/blog\/wp-content\/uploads\/2026\/02\/Mathilde-Gros-surpuissante-et-championne-dEurope-du-kilometre-a-Konya-1-2.png","datePublished":"2026-02-04T16:24:14+00:00","dateModified":"2026-02-04T19:06:39+00:00","description":"CHAMPIONNATS D'EUROPE DE CYCLISME SUR PISTE 2026 - Comme en qualifications, Mathilde Gros a domin\u00e9 la concurrence en finale et rafle l'or sur le kilom\u00e8tre !","breadcrumb":{"@id":"https:\/\/dicodusport.fr\/blog\/mathilde-gros-surpuissante-et-championne-deurope-du-kilometre-a-konya\/#breadcrumb"},"inLanguage":"fr-FR","potentialAction":[{"@type":"ReadAction","target":["https:\/\/dicodusport.fr\/blog\/mathilde-gros-surpuissante-et-championne-deurope-du-kilometre-a-konya\/"]}]},{"@type":"ImageObject","inLanguage":"fr-FR","@id":"https:\/\/dicodusport.fr\/blog\/mathilde-gros-surpuissante-et-championne-deurope-du-kilometre-a-konya\/#primaryimage","url":"https:\/\/dicodusport.fr\/blog\/wp-content\/uploads\/2026\/02\/Mathilde-Gros-surpuissante-et-championne-dEurope-du-kilometre-a-Konya-1-2.png","contentUrl":"https:\/\/dicodusport.fr\/blog\/wp-content\/uploads\/2026\/02\/Mathilde-Gros-surpuissante-et-championne-dEurope-du-kilometre-a-Konya-1-2.png","width":1200,"height":674,"caption":"Mathilde Gros surpuissante et championne d'Europe du kilom\u00e8tre \u00e0 Konya !"},{"@type":"BreadcrumbList","@id":"https:\/\/dicodusport.fr\/blog\/mathilde-gros-surpuissante-et-championne-deurope-du-kilometre-a-konya\/#breadcrumb","itemListElement":[{"@type":"ListItem","position":1,"name":"Accueil","item":"https:\/\/dicodusport.fr\/blog\/"},{"@type":"ListItem","position":2,"name":"Mathilde Gros surpuissante et championne d&rsquo;Europe du kilom\u00e8tre \u00e0 Konya !"}]},{"@type":"WebSite","@id":"https:\/\/dicodusport.fr\/blog\/#website","url":"https:\/\/dicodusport.fr\/blog\/","name":"Dicodusport","description":"L&#039;encyclop\u00e9die de l&#039;actualit\u00e9 sportive","publisher":{"@id":"https:\/\/dicodusport.fr\/blog\/#organization"},"potentialAction":[{"@type":"SearchAction","target":{"@type":"EntryPoint","urlTemplate":"https:\/\/dicodusport.fr\/blog\/?s={search_term_string}"},"query-input":{"@type":"PropertyValueSpecification","valueRequired":true,"valueName":"search_term_string"}}],"inLanguage":"fr-FR"},{"@type":"NewsMediaOrganization","@id":"https:\/\/dicodusport.fr\/blog\/#organization","name":"Dicodusport","url":"https:\/\/dicodusport.fr\/blog\/","logo":{"@type":"ImageObject","inLanguage":"fr-FR","@id":"https:\/\/dicodusport.fr\/blog\/#\/schema\/logo\/image\/","url":"https:\/\/dicodusport.fr\/blog\/wp-content\/uploads\/2020\/06\/cropped-LOGO-DICODUSPORT-2020-SANS-FOND-SANS-TEXTE.png","contentUrl":"https:\/\/dicodusport.fr\/blog\/wp-content\/uploads\/2020\/06\/cropped-LOGO-DICODUSPORT-2020-SANS-FOND-SANS-TEXTE.png","width":512,"height":512,"caption":"Dicodusport"},"image":{"@id":"https:\/\/dicodusport.fr\/blog\/#\/schema\/logo\/image\/"},"sameAs":["https:\/\/www.facebook.com\/dicodusport","https:\/\/x.com\/dicodusport","https:\/\/www.instagram.com\/dicodusport\/","https:\/\/www.youtube.com\/channel\/UC7V2KZ5sd3htJivAbA4ZG3w"],"description":"Dicodusport est l'encyclop\u00e9die de l'actualit\u00e9 sportive.","email":"bonjour@dicodusport.fr","legalName":"DICODUSPORT","foundingDate":"2018-01-14","vatID":"FR71834470973","taxID":"83447097300043","numberOfEmployees":{"@type":"QuantitativeValue","minValue":"1","maxValue":"10"}},{"@type":"Person","@id":"https:\/\/dicodusport.fr\/blog\/#\/schema\/person\/627966a6cde45dbd8c5e36ac85d783da","name":"S\u00e9bastien Gente","image":{"@type":"ImageObject","inLanguage":"fr-FR","@id":"https:\/\/dicodusport.fr\/blog\/#\/schema\/person\/image\/","url":"https:\/\/dicodusport.fr\/blog\/wp-content\/uploads\/2021\/09\/1510990_10205810251400683_4124423575079401707_n-150x150.jpg","contentUrl":"https:\/\/dicodusport.fr\/blog\/wp-content\/uploads\/2021\/09\/1510990_10205810251400683_4124423575079401707_n-150x150.jpg","caption":"S\u00e9bastien Gente"},"description":"John Stockton, Gianni Bugno, Zinedine Zidane, Steffi Graf, Frode Andresen, St\u00e9phane Stoecklin, Davis Kamoga, Primoz Peterka, Werner Schlager et Aur\u00e9lien Rougerie. Point commun entre ces sportifs? Ils m'ont fait r\u00eaver et ont berc\u00e9 mon adolescence. Je suis un fondu de sports et j'essaie de retranscrire ma passion \u00e0 travers mes articles. Originaire du P\u00e9rigord, ma passion pour les Girondins, les Jaunards et les Jazzmen transpire dans mes \u00e9crits. \u00c0 Dicodusport depuis 2021, je d\u00e9niche les sports m\u00e9connus dans lesquels la France brille, et il y en a !","sameAs":["https:\/\/www.facebook.com\/sebastien.gente\/","https:\/\/www.instagram.com\/sebgente\/","https:\/\/www.linkedin.com\/in\/sbastien-gente-a29583169\/","https:\/\/x.com\/https:\/\/twitter.com\/globulo24","SebastienGente"],"worksFor":"S\u00e9bastien GENTE","url":"https:\/\/dicodusport.fr\/blog\/author\/sebastiengente\/"}]}},"_links":{"self":[{"href":"https:\/\/dicodusport.fr\/blog\/wp-json\/wp\/v2\/posts\/643938","targetHints":{"allow":["GET"]}}],"collection":[{"href":"https:\/\/dicodusport.fr\/blog\/wp-json\/wp\/v2\/posts"}],"about":[{"href":"https:\/\/dicodusport.fr\/blog\/wp-json\/wp\/v2\/types\/post"}],"author":[{"embeddable":true,"href":"https:\/\/dicodusport.fr\/blog\/wp-json\/wp\/v2\/users\/59"}],"replies":[{"embeddable":true,"href":"https:\/\/dicodusport.fr\/blog\/wp-json\/wp\/v2\/comments?post=643938"}],"version-history":[{"count":5,"href":"https:\/\/dicodusport.fr\/blog\/wp-json\/wp\/v2\/posts\/643938\/revisions"}],"predecessor-version":[{"id":643947,"href":"https:\/\/dicodusport.fr\/blog\/wp-json\/wp\/v2\/posts\/643938\/revisions\/643947"}],"wp:featuredmedia":[{"embeddable":true,"href":"https:\/\/dicodusport.fr\/blog\/wp-json\/wp\/v2\/media\/644088"}],"wp:attachment":[{"href":"https:\/\/dicodusport.fr\/blog\/wp-json\/wp\/v2\/media?parent=643938"}],"wp:term":[{"taxonomy":"category","embeddable":true,"href":"https:\/\/dicodusport.fr\/blog\/wp-json\/wp\/v2\/categories?post=643938"},{"taxonomy":"post_tag","embeddable":true,"href":"https:\/\/dicodusport.fr\/blog\/wp-json\/wp\/v2\/tags?post=643938"}],"curies":[{"name":"wp","href":"https:\/\/api.w.org\/{rel}","templated":true}]}}