{"id":64395,"date":"2020-04-03T18:55:12","date_gmt":"2020-04-03T16:55:12","guid":{"rendered":"http:\/\/dicodusport.fr\/blog\/?p=64395&#038;preview=true&#038;preview_id=64395"},"modified":"2020-05-05T10:42:17","modified_gmt":"2020-05-05T08:42:17","slug":"lettre-president-brest-demandant-fin-saison-ligue-1","status":"publish","type":"post","link":"https:\/\/dicodusport.fr\/blog\/lettre-president-brest-demandant-fin-saison-ligue-1\/","title":{"rendered":"La lettre du pr\u00e9sident de Brest demandant la fin de la saison de Ligue 1"},"content":{"rendered":"<p style=\"text-align: justify;\"><strong><em>CORONAVIRUS &#8211; Le pr\u00e9sident du Stade Brestois, Denis Le Saint, a adress\u00e9 une lettre \u00e0 ses homologues de Ligue 1 et Ligue 2, demandant l&rsquo;arr\u00eat d\u00e9finitif de la saison en cours. La lettre a \u00e9t\u00e9 d\u00e9voil\u00e9e par RMC Sport.<\/em><\/strong><\/p>\n<h2 style=\"text-align: justify;\">La lettre de <strong>Denis Le Saint<\/strong>, pr\u00e9sident de <strong>Brest<\/strong> :<\/h2>\n<blockquote>\n<p style=\"text-align: justify;\">Vous avez tout mon soutien pour mener \u00e0 bien les n\u00e9gociations. N&rsquo;ayant pas l&rsquo;habitude de m&rsquo;exprimer souvent, je tiens malgr\u00e9 tout \u00e0 vous faire partager le fond de ma pens\u00e9e qui semble \u00eatre partag\u00e9e par certains d&rsquo;entre vous, du moins pour l&rsquo;essentiel. 1- La sant\u00e9 est le facteur essentiel qui va conduire nos d\u00e9cisions \u00e0 venir. C&rsquo;est d&rsquo;ailleurs la seule pr\u00e9occupation des Fran\u00e7ais et Fran\u00e7aises aujourd&rsquo;hui. Ils ont peur pour leur sant\u00e9 et celle de leurs proches ! 2- Le football, qu&rsquo;ils consid\u00e8rent comme un loisir, ne viendra qu&rsquo;apr\u00e8s, lorsque la maladie sera vaincue. Avant le football, leurs pr\u00e9occupations vont aller \u00e0 l&rsquo;\u00e9conomique : leur travail, celui de leurs enfants, de leurs proches et comment faire face aux fins de mois qui pour plusieurs seront difficiles. 3- Pensez-vous un instant que nos concitoyens aient la moindre envie de rentrer dans un stade fin mai ou d\u00e9but juin alors que le risque est toujours pr\u00e9sent ! Il nous reste dix journ\u00e9es de championnat et nos joueurs ne reprendront que lorsque tout aura \u00e9t\u00e9 s\u00e9curis\u00e9 et il leur faudra trois semaines pour revenir en comp\u00e9tition. 4 L&rsquo;image du football, trop souvent li\u00e9e au monde de l&rsquo;argent, serait ternie et deviendrait catastrophique si nous voulions \u00e0 tout prix reprendre la comp\u00e9tition alors que le monde m\u00e9dical joue un match extr\u00eamement compliqu\u00e9 pour sauver nos vies au risque de perdre la leur ! La responsabilit\u00e9 de nos politiques ne le permettra pas car ils sont responsables de notre sant\u00e9 \u00e0 tous. 5- Pour moi, l&rsquo;ann\u00e9e sportive est termin\u00e9e (idem en Belgique). Il est hors de question que j&rsquo;am\u00e8ne mon \u00e9quipe \u00e0 jouer \u00e0 Paris en mai, juin ou juillet prochains, dans le plus grand foyer de contamination de France. Ce serait irresponsable de ma part et j&rsquo;ai trop de respect pour mes joueurs et mon staff. 6- Il y a un temps pour tout, celui du football est historiquement cal\u00e9 de septembre \u00e0 mai et il n&rsquo;y a pas que cela dans la vie (surtout aujourd&rsquo;hui avec les nouvelles mentalit\u00e9s). Ne g\u00e2chons pas l&rsquo;avenir du football en termes d&rsquo;image car nous le payerions tr\u00e8s cher en termes de retour de spectateurs, d&rsquo;abonnements et de partenaires. 7- De gr\u00e2ce, oublions les matchs \u00e0 huis clos qui ne font r\u00eaver personne, car les stades vides \u00e9loignent le public de notre sport ! Quant \u00e0 l&rsquo;aspect budg\u00e9taire d\u00e9fendu par certains pr\u00e9sidents de clubs, je leur dirais simplement qu&rsquo;il faut revenir \u00e0 des standards coh\u00e9rents, que nous ne devons pas nous enflammer et que la raison doit l&#8217;emporter.<\/p>\n<\/blockquote>\n<p><strong><em>Dicodusport<br \/>\n<a href=\"https:\/\/www.facebook.com\/dicodusport\/\" target=\"_blank\" rel=\"noopener noreferrer\"><img loading=\"lazy\" decoding=\"async\" class=\"alignnone wp-image-2909\" src=\"http:\/\/dicodusport.fr\/blog\/wp-content\/uploads\/2017\/07\/logo-facebook-150x150.png\" alt=\"\" width=\"40\" height=\"40\" \/><\/a><a href=\"https:\/\/twitter.com\/dicodusport\" target=\"_blank\" rel=\"noopener noreferrer\"><img loading=\"lazy\" decoding=\"async\" class=\"alignnone wp-image-2908\" src=\"http:\/\/dicodusport.fr\/blog\/wp-content\/uploads\/2017\/07\/logo-twitter-150x150.png\" alt=\"\" width=\"39\" height=\"39\" \/><\/a><\/em><\/strong><\/p>\n","protected":false},"excerpt":{"rendered":"<p>CORONAVIRUS &#8211; Le pr\u00e9sident du Stade Brestois, Denis Le Saint, a adress\u00e9 une lettre \u00e0 ses homologues de Ligue 1 et Ligue 2, demandant l&rsquo;arr\u00eat d\u00e9finitif de la saison en cours.<\/p>\n","protected":false},"author":4,"featured_media":64396,"comment_status":"open","ping_status":"closed","sticky":false,"template":"","format":"standard","meta":{"_acf_changed":false,"_daextam_enable_autolinks":"","footnotes":""},"categories":[10646,2301],"tags":[5460,9827,75,1554],"class_list":["post-64395","post","type-post","status-publish","format-standard","has-post-thumbnail","hentry","category-coronavirus","category-football","tag-brest","tag-coronavirus","tag-football","tag-ligue-1"],"acf":[],"yoast_head":"<!-- This site is optimized with the Yoast SEO Premium plugin v26.7 (Yoast SEO v26.7) - https:\/\/yoast.com\/wordpress\/plugins\/seo\/ -->\n<title>La lettre du pr\u00e9sident de Brest demandant la fin de la saison de Ligue 1<\/title>\n<meta name=\"description\" content=\"CORONAVIRUS - Le pr\u00e9sident de Brest, Denis Le Saint, a adress\u00e9 une lettre \u00e0 ses homologues de Ligue 1 et Ligue 2, demandant l&#039;arr\u00eat d\u00e9finitif de la saison.\" \/>\n<meta name=\"robots\" content=\"index, follow, max-snippet:-1, max-image-preview:large, max-video-preview:-1\" \/>\n<link rel=\"canonical\" href=\"https:\/\/dicodusport.fr\/blog\/lettre-president-brest-demandant-fin-saison-ligue-1\/\" \/>\n<meta property=\"og:locale\" content=\"fr_FR\" \/>\n<meta property=\"og:type\" content=\"article\" \/>\n<meta property=\"og:title\" content=\"La lettre du pr\u00e9sident de Brest demandant la fin de la saison de Ligue 1\" \/>\n<meta property=\"og:description\" content=\"CORONAVIRUS - Le pr\u00e9sident de Brest, Denis Le Saint, a adress\u00e9 une lettre \u00e0 ses homologues de Ligue 1 et Ligue 2, demandant l&#039;arr\u00eat d\u00e9finitif de la saison.\" \/>\n<meta property=\"og:url\" content=\"https:\/\/dicodusport.fr\/blog\/lettre-president-brest-demandant-fin-saison-ligue-1\/\" \/>\n<meta property=\"og:site_name\" content=\"Dicodusport\" \/>\n<meta property=\"article:publisher\" content=\"https:\/\/www.facebook.com\/dicodusport\" \/>\n<meta property=\"article:author\" content=\"https:\/\/www.facebook.com\/florent.ostermann\" \/>\n<meta property=\"article:published_time\" content=\"2020-04-03T16:55:12+00:00\" \/>\n<meta property=\"article:modified_time\" content=\"2020-05-05T08:42:17+00:00\" \/>\n<meta property=\"og:image\" content=\"https:\/\/dicodusport.fr\/blog\/wp-content\/uploads\/2020\/04\/La-lettre-du-pr\u00e9sident-de-Brest-demandant-la-fin-de-la-saison-de-Ligue-1.png\" \/>\n\t<meta property=\"og:image:width\" content=\"800\" \/>\n\t<meta property=\"og:image:height\" content=\"445\" \/>\n\t<meta property=\"og:image:type\" content=\"image\/png\" \/>\n<meta name=\"author\" content=\"Flo Ostermann\" \/>\n<meta name=\"twitter:card\" content=\"summary_large_image\" \/>\n<meta name=\"twitter:title\" content=\"La lettre du pr\u00e9sident de Brest demandant la fin de la saison de Ligue 1\" \/>\n<meta name=\"twitter:creator\" content=\"@https:\/\/twitter.com\/FlOstermann\" \/>\n<meta name=\"twitter:site\" content=\"@dicodusport\" \/>\n<script type=\"application\/ld+json\" class=\"yoast-schema-graph\">{\"@context\":\"https:\/\/schema.org\",\"@graph\":[{\"@type\":\"NewsArticle\",\"@id\":\"https:\/\/dicodusport.fr\/blog\/lettre-president-brest-demandant-fin-saison-ligue-1\/#article\",\"isPartOf\":{\"@id\":\"https:\/\/dicodusport.fr\/blog\/lettre-president-brest-demandant-fin-saison-ligue-1\/\"},\"author\":{\"name\":\"Flo Ostermann\",\"@id\":\"https:\/\/dicodusport.fr\/blog\/#\/schema\/person\/cb02af4c173ce4a653b55e9baf388d4a\"},\"headline\":\"La lettre du pr\u00e9sident de Brest demandant la fin de la saison de Ligue 1\",\"datePublished\":\"2020-04-03T16:55:12+00:00\",\"dateModified\":\"2020-05-05T08:42:17+00:00\",\"mainEntityOfPage\":{\"@id\":\"https:\/\/dicodusport.fr\/blog\/lettre-president-brest-demandant-fin-saison-ligue-1\/\"},\"wordCount\":525,\"commentCount\":0,\"publisher\":{\"@id\":\"https:\/\/dicodusport.fr\/blog\/#organization\"},\"image\":{\"@id\":\"https:\/\/dicodusport.fr\/blog\/lettre-president-brest-demandant-fin-saison-ligue-1\/#primaryimage\"},\"thumbnailUrl\":\"https:\/\/dicodusport.fr\/blog\/wp-content\/uploads\/2020\/04\/La-lettre-du-pr\u00e9sident-de-Brest-demandant-la-fin-de-la-saison-de-Ligue-1.png\",\"keywords\":[\"Brest\",\"Coronavirus\",\"Football\",\"Ligue 1\"],\"articleSection\":[\"Coronavirus\",\"Football\"],\"inLanguage\":\"fr-FR\",\"potentialAction\":[{\"@type\":\"CommentAction\",\"name\":\"Comment\",\"target\":[\"https:\/\/dicodusport.fr\/blog\/lettre-president-brest-demandant-fin-saison-ligue-1\/#respond\"]}],\"copyrightYear\":\"2020\",\"copyrightHolder\":{\"@id\":\"https:\/\/dicodusport.fr\/blog\/#organization\"}},{\"@type\":\"WebPage\",\"@id\":\"https:\/\/dicodusport.fr\/blog\/lettre-president-brest-demandant-fin-saison-ligue-1\/\",\"url\":\"https:\/\/dicodusport.fr\/blog\/lettre-president-brest-demandant-fin-saison-ligue-1\/\",\"name\":\"La lettre du pr\u00e9sident de Brest demandant la fin de la saison de Ligue 1\",\"isPartOf\":{\"@id\":\"https:\/\/dicodusport.fr\/blog\/#website\"},\"primaryImageOfPage\":{\"@id\":\"https:\/\/dicodusport.fr\/blog\/lettre-president-brest-demandant-fin-saison-ligue-1\/#primaryimage\"},\"image\":{\"@id\":\"https:\/\/dicodusport.fr\/blog\/lettre-president-brest-demandant-fin-saison-ligue-1\/#primaryimage\"},\"thumbnailUrl\":\"https:\/\/dicodusport.fr\/blog\/wp-content\/uploads\/2020\/04\/La-lettre-du-pr\u00e9sident-de-Brest-demandant-la-fin-de-la-saison-de-Ligue-1.png\",\"datePublished\":\"2020-04-03T16:55:12+00:00\",\"dateModified\":\"2020-05-05T08:42:17+00:00\",\"description\":\"CORONAVIRUS - Le pr\u00e9sident de Brest, Denis Le Saint, a adress\u00e9 une lettre \u00e0 ses homologues de Ligue 1 et Ligue 2, demandant l'arr\u00eat d\u00e9finitif de la saison.\",\"breadcrumb\":{\"@id\":\"https:\/\/dicodusport.fr\/blog\/lettre-president-brest-demandant-fin-saison-ligue-1\/#breadcrumb\"},\"inLanguage\":\"fr-FR\",\"potentialAction\":[{\"@type\":\"ReadAction\",\"target\":[\"https:\/\/dicodusport.fr\/blog\/lettre-president-brest-demandant-fin-saison-ligue-1\/\"]}]},{\"@type\":\"ImageObject\",\"inLanguage\":\"fr-FR\",\"@id\":\"https:\/\/dicodusport.fr\/blog\/lettre-president-brest-demandant-fin-saison-ligue-1\/#primaryimage\",\"url\":\"https:\/\/dicodusport.fr\/blog\/wp-content\/uploads\/2020\/04\/La-lettre-du-pr\u00e9sident-de-Brest-demandant-la-fin-de-la-saison-de-Ligue-1.png\",\"contentUrl\":\"https:\/\/dicodusport.fr\/blog\/wp-content\/uploads\/2020\/04\/La-lettre-du-pr\u00e9sident-de-Brest-demandant-la-fin-de-la-saison-de-Ligue-1.png\",\"width\":800,\"height\":445,\"caption\":\"La lettre du pr\u00e9sident de Brest demandant la fin de la saison de Ligue 1\"},{\"@type\":\"BreadcrumbList\",\"@id\":\"https:\/\/dicodusport.fr\/blog\/lettre-president-brest-demandant-fin-saison-ligue-1\/#breadcrumb\",\"itemListElement\":[{\"@type\":\"ListItem\",\"position\":1,\"name\":\"Accueil\",\"item\":\"https:\/\/dicodusport.fr\/blog\/\"},{\"@type\":\"ListItem\",\"position\":2,\"name\":\"La lettre du pr\u00e9sident de Brest demandant la fin de la saison de Ligue 1\"}]},{\"@type\":\"WebSite\",\"@id\":\"https:\/\/dicodusport.fr\/blog\/#website\",\"url\":\"https:\/\/dicodusport.fr\/blog\/\",\"name\":\"Dicodusport\",\"description\":\"L&#039;encyclop\u00e9die de l&#039;actualit\u00e9 sportive\",\"publisher\":{\"@id\":\"https:\/\/dicodusport.fr\/blog\/#organization\"},\"potentialAction\":[{\"@type\":\"SearchAction\",\"target\":{\"@type\":\"EntryPoint\",\"urlTemplate\":\"https:\/\/dicodusport.fr\/blog\/?s={search_term_string}\"},\"query-input\":{\"@type\":\"PropertyValueSpecification\",\"valueRequired\":true,\"valueName\":\"search_term_string\"}}],\"inLanguage\":\"fr-FR\"},{\"@type\":\"NewsMediaOrganization\",\"@id\":\"https:\/\/dicodusport.fr\/blog\/#organization\",\"name\":\"Dicodusport\",\"url\":\"https:\/\/dicodusport.fr\/blog\/\",\"logo\":{\"@type\":\"ImageObject\",\"inLanguage\":\"fr-FR\",\"@id\":\"https:\/\/dicodusport.fr\/blog\/#\/schema\/logo\/image\/\",\"url\":\"https:\/\/dicodusport.fr\/blog\/wp-content\/uploads\/2020\/06\/cropped-LOGO-DICODUSPORT-2020-SANS-FOND-SANS-TEXTE.png\",\"contentUrl\":\"https:\/\/dicodusport.fr\/blog\/wp-content\/uploads\/2020\/06\/cropped-LOGO-DICODUSPORT-2020-SANS-FOND-SANS-TEXTE.png\",\"width\":512,\"height\":512,\"caption\":\"Dicodusport\"},\"image\":{\"@id\":\"https:\/\/dicodusport.fr\/blog\/#\/schema\/logo\/image\/\"},\"sameAs\":[\"https:\/\/www.facebook.com\/dicodusport\",\"https:\/\/x.com\/dicodusport\",\"https:\/\/www.instagram.com\/dicodusport\/\",\"https:\/\/www.youtube.com\/channel\/UC7V2KZ5sd3htJivAbA4ZG3w\"],\"description\":\"Dicodusport est l'encyclop\u00e9die de l'actualit\u00e9 sportive.\",\"email\":\"bonjour@dicodusport.fr\",\"legalName\":\"DICODUSPORT\",\"foundingDate\":\"2018-01-14\",\"vatID\":\"FR71834470973\",\"taxID\":\"83447097300043\",\"numberOfEmployees\":{\"@type\":\"QuantitativeValue\",\"minValue\":\"1\",\"maxValue\":\"10\"}},{\"@type\":\"Person\",\"@id\":\"https:\/\/dicodusport.fr\/blog\/#\/schema\/person\/cb02af4c173ce4a653b55e9baf388d4a\",\"name\":\"Flo Ostermann\",\"image\":{\"@type\":\"ImageObject\",\"inLanguage\":\"fr-FR\",\"@id\":\"https:\/\/dicodusport.fr\/blog\/#\/schema\/person\/image\/\",\"url\":\"https:\/\/dicodusport.fr\/blog\/wp-content\/uploads\/2021\/05\/Flo-Ostermann-150x150.jpg\",\"contentUrl\":\"https:\/\/dicodusport.fr\/blog\/wp-content\/uploads\/2021\/05\/Flo-Ostermann-150x150.jpg\",\"caption\":\"Flo Ostermann\"},\"description\":\"Journaliste\/R\u00e9dacteur depuis septembre 2015 - Mes premiers souvenirs dans le sport ? Les envol\u00e9es du Stade Toulousain et les duels Villeneuve-Schumacher et H\u00e4kkinen-Schumacher \u00e0 la fin des ann\u00e9es 90, la Coupe du monde de football en 1998, l\u2019exploit du XV de France face aux All Blacks en 1999, mais aussi Richard C\u0153ur de Lion qui vole sur les montagnes du Tour de France. Bien parti pour devenir professeur d\u2019EPS, les \u00e9v\u00e9nements de la vie (et la flemme d\u2019animer des s\u00e9ances de 3x500 m\u00e8tres toute ma vie) m\u2019ont conduit \u00e0 revoir mes plans. Me voil\u00e0 depuis fin 2017 sur Dicodusport, m\u00e9dia gr\u00e2ce (et pour) lequel je partage ma passion : le sport dans tous ses \u00e9tats. Le tout accompagn\u00e9 par les fous furieux et folles furieuses cit\u00e9s sur cette page !\",\"sameAs\":[\"https:\/\/www.facebook.com\/florent.ostermann\",\"https:\/\/x.com\/https:\/\/twitter.com\/FlOstermann\",\"admin\"],\"url\":\"https:\/\/dicodusport.fr\/blog\/author\/flo\/\"}]}<\/script>\n<!-- \/ Yoast SEO Premium plugin. -->","yoast_head_json":{"title":"La lettre du pr\u00e9sident de Brest demandant la fin de la saison de Ligue 1","description":"CORONAVIRUS - Le pr\u00e9sident de Brest, Denis Le Saint, a adress\u00e9 une lettre \u00e0 ses homologues de Ligue 1 et Ligue 2, demandant l'arr\u00eat d\u00e9finitif de la saison.","robots":{"index":"index","follow":"follow","max-snippet":"max-snippet:-1","max-image-preview":"max-image-preview:large","max-video-preview":"max-video-preview:-1"},"canonical":"https:\/\/dicodusport.fr\/blog\/lettre-president-brest-demandant-fin-saison-ligue-1\/","og_locale":"fr_FR","og_type":"article","og_title":"La lettre du pr\u00e9sident de Brest demandant la fin de la saison de Ligue 1","og_description":"CORONAVIRUS - Le pr\u00e9sident de Brest, Denis Le Saint, a adress\u00e9 une lettre \u00e0 ses homologues de Ligue 1 et Ligue 2, demandant l'arr\u00eat d\u00e9finitif de la saison.","og_url":"https:\/\/dicodusport.fr\/blog\/lettre-president-brest-demandant-fin-saison-ligue-1\/","og_site_name":"Dicodusport","article_publisher":"https:\/\/www.facebook.com\/dicodusport","article_author":"https:\/\/www.facebook.com\/florent.ostermann","article_published_time":"2020-04-03T16:55:12+00:00","article_modified_time":"2020-05-05T08:42:17+00:00","og_image":[{"width":800,"height":445,"url":"https:\/\/dicodusport.fr\/blog\/wp-content\/uploads\/2020\/04\/La-lettre-du-pr\u00e9sident-de-Brest-demandant-la-fin-de-la-saison-de-Ligue-1.png","type":"image\/png"}],"author":"Flo Ostermann","twitter_card":"summary_large_image","twitter_title":"La lettre du pr\u00e9sident de Brest demandant la fin de la saison de Ligue 1","twitter_creator":"@https:\/\/twitter.com\/FlOstermann","twitter_site":"@dicodusport","schema":{"@context":"https:\/\/schema.org","@graph":[{"@type":"NewsArticle","@id":"https:\/\/dicodusport.fr\/blog\/lettre-president-brest-demandant-fin-saison-ligue-1\/#article","isPartOf":{"@id":"https:\/\/dicodusport.fr\/blog\/lettre-president-brest-demandant-fin-saison-ligue-1\/"},"author":{"name":"Flo Ostermann","@id":"https:\/\/dicodusport.fr\/blog\/#\/schema\/person\/cb02af4c173ce4a653b55e9baf388d4a"},"headline":"La lettre du pr\u00e9sident de Brest demandant la fin de la saison de Ligue 1","datePublished":"2020-04-03T16:55:12+00:00","dateModified":"2020-05-05T08:42:17+00:00","mainEntityOfPage":{"@id":"https:\/\/dicodusport.fr\/blog\/lettre-president-brest-demandant-fin-saison-ligue-1\/"},"wordCount":525,"commentCount":0,"publisher":{"@id":"https:\/\/dicodusport.fr\/blog\/#organization"},"image":{"@id":"https:\/\/dicodusport.fr\/blog\/lettre-president-brest-demandant-fin-saison-ligue-1\/#primaryimage"},"thumbnailUrl":"https:\/\/dicodusport.fr\/blog\/wp-content\/uploads\/2020\/04\/La-lettre-du-pr\u00e9sident-de-Brest-demandant-la-fin-de-la-saison-de-Ligue-1.png","keywords":["Brest","Coronavirus","Football","Ligue 1"],"articleSection":["Coronavirus","Football"],"inLanguage":"fr-FR","potentialAction":[{"@type":"CommentAction","name":"Comment","target":["https:\/\/dicodusport.fr\/blog\/lettre-president-brest-demandant-fin-saison-ligue-1\/#respond"]}],"copyrightYear":"2020","copyrightHolder":{"@id":"https:\/\/dicodusport.fr\/blog\/#organization"}},{"@type":"WebPage","@id":"https:\/\/dicodusport.fr\/blog\/lettre-president-brest-demandant-fin-saison-ligue-1\/","url":"https:\/\/dicodusport.fr\/blog\/lettre-president-brest-demandant-fin-saison-ligue-1\/","name":"La lettre du pr\u00e9sident de Brest demandant la fin de la saison de Ligue 1","isPartOf":{"@id":"https:\/\/dicodusport.fr\/blog\/#website"},"primaryImageOfPage":{"@id":"https:\/\/dicodusport.fr\/blog\/lettre-president-brest-demandant-fin-saison-ligue-1\/#primaryimage"},"image":{"@id":"https:\/\/dicodusport.fr\/blog\/lettre-president-brest-demandant-fin-saison-ligue-1\/#primaryimage"},"thumbnailUrl":"https:\/\/dicodusport.fr\/blog\/wp-content\/uploads\/2020\/04\/La-lettre-du-pr\u00e9sident-de-Brest-demandant-la-fin-de-la-saison-de-Ligue-1.png","datePublished":"2020-04-03T16:55:12+00:00","dateModified":"2020-05-05T08:42:17+00:00","description":"CORONAVIRUS - Le pr\u00e9sident de Brest, Denis Le Saint, a adress\u00e9 une lettre \u00e0 ses homologues de Ligue 1 et Ligue 2, demandant l'arr\u00eat d\u00e9finitif de la saison.","breadcrumb":{"@id":"https:\/\/dicodusport.fr\/blog\/lettre-president-brest-demandant-fin-saison-ligue-1\/#breadcrumb"},"inLanguage":"fr-FR","potentialAction":[{"@type":"ReadAction","target":["https:\/\/dicodusport.fr\/blog\/lettre-president-brest-demandant-fin-saison-ligue-1\/"]}]},{"@type":"ImageObject","inLanguage":"fr-FR","@id":"https:\/\/dicodusport.fr\/blog\/lettre-president-brest-demandant-fin-saison-ligue-1\/#primaryimage","url":"https:\/\/dicodusport.fr\/blog\/wp-content\/uploads\/2020\/04\/La-lettre-du-pr\u00e9sident-de-Brest-demandant-la-fin-de-la-saison-de-Ligue-1.png","contentUrl":"https:\/\/dicodusport.fr\/blog\/wp-content\/uploads\/2020\/04\/La-lettre-du-pr\u00e9sident-de-Brest-demandant-la-fin-de-la-saison-de-Ligue-1.png","width":800,"height":445,"caption":"La lettre du pr\u00e9sident de Brest demandant la fin de la saison de Ligue 1"},{"@type":"BreadcrumbList","@id":"https:\/\/dicodusport.fr\/blog\/lettre-president-brest-demandant-fin-saison-ligue-1\/#breadcrumb","itemListElement":[{"@type":"ListItem","position":1,"name":"Accueil","item":"https:\/\/dicodusport.fr\/blog\/"},{"@type":"ListItem","position":2,"name":"La lettre du pr\u00e9sident de Brest demandant la fin de la saison de Ligue 1"}]},{"@type":"WebSite","@id":"https:\/\/dicodusport.fr\/blog\/#website","url":"https:\/\/dicodusport.fr\/blog\/","name":"Dicodusport","description":"L&#039;encyclop\u00e9die de l&#039;actualit\u00e9 sportive","publisher":{"@id":"https:\/\/dicodusport.fr\/blog\/#organization"},"potentialAction":[{"@type":"SearchAction","target":{"@type":"EntryPoint","urlTemplate":"https:\/\/dicodusport.fr\/blog\/?s={search_term_string}"},"query-input":{"@type":"PropertyValueSpecification","valueRequired":true,"valueName":"search_term_string"}}],"inLanguage":"fr-FR"},{"@type":"NewsMediaOrganization","@id":"https:\/\/dicodusport.fr\/blog\/#organization","name":"Dicodusport","url":"https:\/\/dicodusport.fr\/blog\/","logo":{"@type":"ImageObject","inLanguage":"fr-FR","@id":"https:\/\/dicodusport.fr\/blog\/#\/schema\/logo\/image\/","url":"https:\/\/dicodusport.fr\/blog\/wp-content\/uploads\/2020\/06\/cropped-LOGO-DICODUSPORT-2020-SANS-FOND-SANS-TEXTE.png","contentUrl":"https:\/\/dicodusport.fr\/blog\/wp-content\/uploads\/2020\/06\/cropped-LOGO-DICODUSPORT-2020-SANS-FOND-SANS-TEXTE.png","width":512,"height":512,"caption":"Dicodusport"},"image":{"@id":"https:\/\/dicodusport.fr\/blog\/#\/schema\/logo\/image\/"},"sameAs":["https:\/\/www.facebook.com\/dicodusport","https:\/\/x.com\/dicodusport","https:\/\/www.instagram.com\/dicodusport\/","https:\/\/www.youtube.com\/channel\/UC7V2KZ5sd3htJivAbA4ZG3w"],"description":"Dicodusport est l'encyclop\u00e9die de l'actualit\u00e9 sportive.","email":"bonjour@dicodusport.fr","legalName":"DICODUSPORT","foundingDate":"2018-01-14","vatID":"FR71834470973","taxID":"83447097300043","numberOfEmployees":{"@type":"QuantitativeValue","minValue":"1","maxValue":"10"}},{"@type":"Person","@id":"https:\/\/dicodusport.fr\/blog\/#\/schema\/person\/cb02af4c173ce4a653b55e9baf388d4a","name":"Flo Ostermann","image":{"@type":"ImageObject","inLanguage":"fr-FR","@id":"https:\/\/dicodusport.fr\/blog\/#\/schema\/person\/image\/","url":"https:\/\/dicodusport.fr\/blog\/wp-content\/uploads\/2021\/05\/Flo-Ostermann-150x150.jpg","contentUrl":"https:\/\/dicodusport.fr\/blog\/wp-content\/uploads\/2021\/05\/Flo-Ostermann-150x150.jpg","caption":"Flo Ostermann"},"description":"Journaliste\/R\u00e9dacteur depuis septembre 2015 - Mes premiers souvenirs dans le sport ? Les envol\u00e9es du Stade Toulousain et les duels Villeneuve-Schumacher et H\u00e4kkinen-Schumacher \u00e0 la fin des ann\u00e9es 90, la Coupe du monde de football en 1998, l\u2019exploit du XV de France face aux All Blacks en 1999, mais aussi Richard C\u0153ur de Lion qui vole sur les montagnes du Tour de France. Bien parti pour devenir professeur d\u2019EPS, les \u00e9v\u00e9nements de la vie (et la flemme d\u2019animer des s\u00e9ances de 3x500 m\u00e8tres toute ma vie) m\u2019ont conduit \u00e0 revoir mes plans. Me voil\u00e0 depuis fin 2017 sur Dicodusport, m\u00e9dia gr\u00e2ce (et pour) lequel je partage ma passion : le sport dans tous ses \u00e9tats. Le tout accompagn\u00e9 par les fous furieux et folles furieuses cit\u00e9s sur cette page !","sameAs":["https:\/\/www.facebook.com\/florent.ostermann","https:\/\/x.com\/https:\/\/twitter.com\/FlOstermann","admin"],"url":"https:\/\/dicodusport.fr\/blog\/author\/flo\/"}]}},"_links":{"self":[{"href":"https:\/\/dicodusport.fr\/blog\/wp-json\/wp\/v2\/posts\/64395","targetHints":{"allow":["GET"]}}],"collection":[{"href":"https:\/\/dicodusport.fr\/blog\/wp-json\/wp\/v2\/posts"}],"about":[{"href":"https:\/\/dicodusport.fr\/blog\/wp-json\/wp\/v2\/types\/post"}],"author":[{"embeddable":true,"href":"https:\/\/dicodusport.fr\/blog\/wp-json\/wp\/v2\/users\/4"}],"replies":[{"embeddable":true,"href":"https:\/\/dicodusport.fr\/blog\/wp-json\/wp\/v2\/comments?post=64395"}],"version-history":[{"count":0,"href":"https:\/\/dicodusport.fr\/blog\/wp-json\/wp\/v2\/posts\/64395\/revisions"}],"wp:featuredmedia":[{"embeddable":true,"href":"https:\/\/dicodusport.fr\/blog\/wp-json\/wp\/v2\/media\/64396"}],"wp:attachment":[{"href":"https:\/\/dicodusport.fr\/blog\/wp-json\/wp\/v2\/media?parent=64395"}],"wp:term":[{"taxonomy":"category","embeddable":true,"href":"https:\/\/dicodusport.fr\/blog\/wp-json\/wp\/v2\/categories?post=64395"},{"taxonomy":"post_tag","embeddable":true,"href":"https:\/\/dicodusport.fr\/blog\/wp-json\/wp\/v2\/tags?post=64395"}],"curies":[{"name":"wp","href":"https:\/\/api.w.org\/{rel}","templated":true}]}}