{"id":644095,"date":"2026-02-04T22:17:15","date_gmt":"2026-02-04T21:17:15","guid":{"rendered":"https:\/\/dicodusport.fr\/blog\/?p=644095&#038;preview=true&#038;preview_id=644095"},"modified":"2026-02-04T23:04:58","modified_gmt":"2026-02-04T22:04:58","slug":"les-bleus-du-futsal-battus-aux-portes-de-la-finale-de-leuro-par-les-champions-en-titre-portugais","status":"publish","type":"post","link":"https:\/\/dicodusport.fr\/blog\/les-bleus-du-futsal-battus-aux-portes-de-la-finale-de-leuro-par-les-champions-en-titre-portugais\/","title":{"rendered":"Les Bleus du futsal battus aux portes de la finale de l\u2019Euro par les champions en titre portugais"},"content":{"rendered":"<p style=\"text-align: justify;\"><em><strong>EURO MASCULIN DE FUTSAL 2026 &#8211; Aux commandes du match, les Bleus ont connu une fin de premi\u00e8re p\u00e9riode cauchemardesque. Ils s\u2019inclinent aux portes de la finale 4-1 face aux tenants du titre portugais et joueront le podium contre la Croatie.<\/strong><\/em><\/p>\n<p style=\"text-align: justify;\">L\u2019exp\u00e9rience portugaise aura finalement eu raison des Fran\u00e7ais dans cet Euro. Apr\u00e8s avoir fait douter les doubles champions d\u2019Europe en titre sur l\u2019ouverture du score de <strong>Mamadou Tour\u00e9<\/strong>, les Bleus ont manqu\u00e9 trop d\u2019occasions de doubler la mise et ont connu une fin de premi\u00e8re p\u00e9riode cauchemardesque. Chasseurs du score au retour des vestiaires, ils n\u2019ont pas r\u00e9ussi \u00e0 riposter. Sans le meilleur buteur national <strong>Abdessamad Mohammed<\/strong>, <a href=\"https:\/\/dicodusport.fr\/blog\/les-bleus-du-futsal-terrassent-lukraine-et-sinvitent-dans-le-dernier-carre-de-leuro\/\">sanctionn\u00e9 d\u2019un rouge contre l\u2019Ukraine<\/a>, ni son joueur le plus cap\u00e9 <strong>Sid Belhaj<\/strong>, l\u2019\u00e9quipe de France s\u2019incline aux portes de la finale.<\/p>\n<h2 style=\"text-align: justify;\">Une fin de premi\u00e8re p\u00e9riode fatale aux Bleus<\/h2>\n<p style=\"text-align: justify;\">Le pressing des Portugais a tr\u00e8s vite mis en difficult\u00e9 les Fran\u00e7ais, qui ne parvenaient pas \u00e0 mettre en place leur jeu. Et <strong>Lokoka<\/strong> a \u00e9t\u00e9 sollicit\u00e9 apr\u00e8s 45 secondes seulement. Les champions d\u2019Europe se projetaient tr\u00e8s vite mais les Bleus avaient du r\u00e9pondant. Sur une transition rapide, <strong>Rezzoug<\/strong> se heurtait \u00e0 <strong>Bernardo Pa\u00e7o<\/strong>. La r\u00e9ponse lusitanienne ne tardait pas mais le portier tricolore \u00e9tait vigilant. Moins dangereux dans ces premi\u00e8res minutes, les Fran\u00e7ais surprenaient toutefois leurs adversaires. Couloir gauche, <strong>Mamadou Tour\u00e9<\/strong> remontait le parquet et profitait du seul trou d&rsquo;air de Pa\u00e7o du match pour ouvrir la marque d\u2019une frappe \u00e9cras\u00e9e (5\u203255, 1-0).<\/p>\n<blockquote class=\"twitter-tweet\">\n<p dir=\"ltr\" lang=\"fr\">Les Bleus ouvrent le score sur une \u00e9norme boulette du gardien portugais !<\/p>\n<p>Le direct sur L&rsquo;\u00c9quipe live &gt; <a href=\"https:\/\/t.co\/pXI4SIbEoH\">https:\/\/t.co\/pXI4SIbEoH<\/a><a href=\"https:\/\/twitter.com\/hashtag\/lequipeFUTSAL?src=hash&amp;ref_src=twsrc%5Etfw\">#lequipeFUTSAL<\/a> <a href=\"https:\/\/t.co\/gDtv5smkfT\">pic.twitter.com\/gDtv5smkfT<\/a><\/p>\n<p>\u2014 la chaine L&rsquo;\u00c9quipe (@lachainelequipe) <a href=\"https:\/\/twitter.com\/lachainelequipe\/status\/2019134560034840801?ref_src=twsrc%5Etfw\">February 4, 2026<\/a><\/p><\/blockquote>\n<p style=\"text-align: justify;\"><script async src=\"https:\/\/platform.twitter.com\/widgets.js\" charset=\"utf-8\"><\/script><\/p>\n<p style=\"text-align: justify;\">Un but qui donnait un boost de confiance aux Bleus. Mais si les situations devant les cages portugaises se multipliaient, la finition manquait cruellement. <strong>Guirio<\/strong> ratait ainsi son duel avec le gardien (8\u203204), tout comme <strong>Rezzoug<\/strong> deux minutes plus tard. Apr\u00e8s avoir fait la diff\u00e9rence en pivot, <strong>Tchaptchet<\/strong> voyait le cadre se d\u00e9rober par deux fois (6\u203250, 12\u203212) avant de lui aussi buter sur Pa\u00e7o lors d\u2019une double occasion fran\u00e7aise. R\u00e9cup\u00e9rant le cuir dans la foul\u00e9e, <strong>Tour\u00e9<\/strong> \u00e9tait lui, mis en \u00e9chec par le poteau (12\u203229).<\/p>\n<blockquote class=\"twitter-tweet\">\n<p dir=\"ltr\" lang=\"fr\">L&rsquo;\u00e9norme occasion pour les Bleus !<\/p>\n<p>Le direct sur L&rsquo;\u00c9quipe live &gt; <a href=\"https:\/\/t.co\/pXI4SIbEoH\">https:\/\/t.co\/pXI4SIbEoH<\/a><a href=\"https:\/\/twitter.com\/hashtag\/lequipeFUTSAL?src=hash&amp;ref_src=twsrc%5Etfw\">#lequipeFUTSAL<\/a> <a href=\"https:\/\/t.co\/ZXhH4WsaQg\">pic.twitter.com\/ZXhH4WsaQg<\/a><\/p>\n<p>\u2014 la chaine L&rsquo;\u00c9quipe (@lachainelequipe) <a href=\"https:\/\/twitter.com\/lachainelequipe\/status\/2019138987949015308?ref_src=twsrc%5Etfw\">February 4, 2026<\/a><\/p><\/blockquote>\n<p style=\"text-align: justify;\"><script async src=\"https:\/\/platform.twitter.com\/widgets.js\" charset=\"utf-8\"><\/script><\/p>\n<p style=\"text-align: justify;\">De trop nombreuses opportunit\u00e9s g\u00e2ch\u00e9es et comme souvent\u2026 sanctionn\u00e9es ! En un peu plus d\u2019une minute, sur deux corners, le Portugal inversait la tendance. <strong>Diogo Santos<\/strong> \u00e9tait \u00e0 la conclusion d\u2019une combinaison sur le premier et \u00e9galisait, <strong>Tomas Pa\u00e7o<\/strong> reprenait directement le deuxi\u00e8me et changeait le leader au tableau d\u2019affichage (1-2).<\/p>\n<blockquote class=\"twitter-tweet\">\n<p dir=\"ltr\" lang=\"fr\">Le Portugal prend l&rsquo;avantage face aux Bleus avant la mi-temps !<\/p>\n<p>Le direct sur la chaine L&rsquo;\u00c9quipe &gt; <a href=\"https:\/\/t.co\/pXI4SIbEoH\">https:\/\/t.co\/pXI4SIbEoH<\/a><a href=\"https:\/\/twitter.com\/hashtag\/lequipeFUTSAL?src=hash&amp;ref_src=twsrc%5Etfw\">#lequipeFUTSAL<\/a> <a href=\"https:\/\/t.co\/ryVgVKe00q\">pic.twitter.com\/ryVgVKe00q<\/a><\/p>\n<p>\u2014 la chaine L&rsquo;\u00c9quipe (@lachainelequipe) <a href=\"https:\/\/twitter.com\/lachainelequipe\/status\/2019142853834788996?ref_src=twsrc%5Etfw\">February 4, 2026<\/a><\/p><\/blockquote>\n<p style=\"text-align: justify;\"><script async src=\"https:\/\/platform.twitter.com\/widgets.js\" charset=\"utf-8\"><\/script><\/p>\n<h2 style=\"text-align: justify;\">Les Bleus si pr\u00e8s et si loin<\/h2>\n<p style=\"text-align: justify;\">Apr\u00e8s un arr\u00eat et une relance rapide de <strong>Lokoka<\/strong>, <strong>Benslama<\/strong> avait la balle d\u2019\u00e9galisation au bout du pied. Mais l\u00e0 encore, la frappe n\u2019\u00e9tait pas assez lev\u00e9e pour tromper <strong>Bernardo Pa\u00e7o<\/strong>. Pas loin du K.O sur un poteau de <strong>Pauleta<\/strong>, les Bleus ne tardaient toutefois pas \u00e0 avoir un genou \u00e0 terre. Tandis que <strong>Souheil Mouhoudine<\/strong> manquait \u00e0 son tour le cadre, la punition portugaise ne se faisait pas attendre. Sur une passe malicieuse de <strong>Tomas Pa\u00e7o<\/strong>, <strong>Erick<\/strong> rapprochait les siens d\u2019une troisi\u00e8me finale cons\u00e9cutive. Un coup de massue tandis que Pa\u00e7o continuait d\u2019\u00e9teindre toute tentative de r\u00e9volte tricolore.<\/p>\n<blockquote class=\"twitter-tweet\">\n<p dir=\"ltr\" lang=\"fr\">Le troisi\u00e8me but portugais mais ce n&rsquo;est pas fini pour les Bleus !<\/p>\n<p>Le direct sur la chaine L&rsquo;\u00c9quipe &gt; <a href=\"https:\/\/t.co\/pXI4SIbEoH\">https:\/\/t.co\/pXI4SIbEoH<\/a><a href=\"https:\/\/twitter.com\/hashtag\/lequipeFUTSAL?src=hash&amp;ref_src=twsrc%5Etfw\">#lequipeFUTSAL<\/a> <a href=\"https:\/\/t.co\/q24v6ZGMDB\">pic.twitter.com\/q24v6ZGMDB<\/a><\/p>\n<p>\u2014 la chaine L&rsquo;\u00c9quipe (@lachainelequipe) <a href=\"https:\/\/twitter.com\/lachainelequipe\/status\/2019152745194795226?ref_src=twsrc%5Etfw\">February 4, 2026<\/a><\/p><\/blockquote>\n<p style=\"text-align: justify;\"><script async src=\"https:\/\/platform.twitter.com\/widgets.js\" charset=\"utf-8\"><\/script><\/p>\n<p style=\"text-align: justify;\">Symbole de l\u2019impuissance des Bleus ce soir\u00a0: le tir lointain du gardien portugais vers les cages vides qui trouvait le poteau mais rebondissait sur <strong>Gueddoura<\/strong> pour finir au fond des filets. Si le r\u00e9sultat peut para\u00eetre s\u00e9v\u00e8re avec 3 buts d\u2019\u00e9cart, la diff\u00e9rence sur le terrain n\u2019est pas si abyssale que \u00e7a. Il faudra r\u00e9agir contre la Croatie samedi lors du match pour la 3<sup>\u00e8me<\/sup> place. Ce qui signifierait quand m\u00eame un premier podium international. Il faudra aller le chercher. Fran\u00e7ais et Croates se sont d\u00e9j\u00e0 affront\u00e9s lors des matchs de poule, pour un r\u00e9sultat nul de 2-2.<\/p>\n<blockquote class=\"twitter-tweet\">\n<p dir=\"ltr\" lang=\"fr\">Incroyable malchance pour les Bleus&#8230;<\/p>\n<p>Le direct sur la chaine L&rsquo;\u00c9quipe &gt; <a href=\"https:\/\/t.co\/pXI4SIbEoH\">https:\/\/t.co\/pXI4SIbEoH<\/a><a href=\"https:\/\/twitter.com\/hashtag\/lequipeFUTSAL?src=hash&amp;ref_src=twsrc%5Etfw\">#lequipeFUTSAL<\/a> <a href=\"https:\/\/t.co\/ibBmR6gcFO\">pic.twitter.com\/ibBmR6gcFO<\/a><\/p>\n<p>\u2014 la chaine L&rsquo;\u00c9quipe (@lachainelequipe) <a href=\"https:\/\/twitter.com\/lachainelequipe\/status\/2019156197211767159?ref_src=twsrc%5Etfw\">February 4, 2026<\/a><\/p><\/blockquote>\n<p style=\"text-align: justify;\"><script async src=\"https:\/\/platform.twitter.com\/widgets.js\" charset=\"utf-8\"><\/script><\/p>\n<h3 style=\"text-align: justify;\">\u00c0 ce sujet<\/h3>\n<div class=\"vlp-link-container vlp-layout-article\"><a href=\"https:\/\/dicodusport.fr\/blog\/les-bleus-du-futsal-lancent-leur-euro-avec-un-nul-contre-la-croatie\/\" class=\"vlp-link\" title=\"Les Bleus du futsal lancent leur Euro avec un nul contre la Croatie\"><\/a><div class=\"vlp-layout-zone-side\"><div class=\"vlp-block-4 vlp-link-image\"><img loading=\"lazy\" decoding=\"async\" style=\"max-width: 792px;\" width=\"792\" height=\"445\" src=\"https:\/\/dicodusport.fr\/blog\/wp-content\/uploads\/2026\/01\/Les-Bleus-du-futsal-lancent-leur-Euro-avec-un-nul-contre-la-Croatie.png\" class=\"attachment-800x445 size-800x445\" alt=\"Les Bleus du futsal lancent leur Euro avec un nul contre la Croatie\" srcset=\"https:\/\/dicodusport.fr\/blog\/wp-content\/uploads\/2026\/01\/Les-Bleus-du-futsal-lancent-leur-Euro-avec-un-nul-contre-la-Croatie.png 1200w, https:\/\/dicodusport.fr\/blog\/wp-content\/uploads\/2026\/01\/Les-Bleus-du-futsal-lancent-leur-Euro-avec-un-nul-contre-la-Croatie-300x169.png 300w, https:\/\/dicodusport.fr\/blog\/wp-content\/uploads\/2026\/01\/Les-Bleus-du-futsal-lancent-leur-Euro-avec-un-nul-contre-la-Croatie-1024x575.png 1024w, https:\/\/dicodusport.fr\/blog\/wp-content\/uploads\/2026\/01\/Les-Bleus-du-futsal-lancent-leur-Euro-avec-un-nul-contre-la-Croatie-768x431.png 768w\" sizes=\"auto, (max-width: 792px) 100vw, 792px\" \/><\/div><\/div><div class=\"vlp-layout-zone-main\"><div class=\"vlp-block-0 vlp-link-title\">Les Bleus du futsal lancent leur Euro avec un nul contre la Croatie<\/div><div class=\"vlp-block-1 vlp-link-summary\">EURO MASCULIN DE FUTSAL 2026 - D\u00e9but de comp\u00e9tition timide pour les Fran\u00e7ais, qui d\u00e9butent avec un nul contre la Croatie (2-2).<\/div><div class=\"vlp-block-2 vlp-link-button\">Lire l'article<\/div><div class=\"vlp-block-3 vlp-link-url\">dicodusport.fr<\/div><\/div><\/div>\n<div id=\"gtx-trans\" style=\"position: absolute; left: -14px; top: 40.9091px;\">\n<div class=\"gtx-trans-icon\" style=\"text-align: justify;\"><\/div>\n<\/div>\n","protected":false},"excerpt":{"rendered":"<p>EURO MASCULIN DE FUTSAL 2026 &#8211; Aux commandes du match, les Bleus ont connu une fin de premi\u00e8re p\u00e9riode cauchemardesque. Ils s\u2019inclinent aux portes de la finale 4-1 face aux tenants du titre portugais et joueront le podium\u00a0contre la Croatie.<\/p>\n","protected":false},"author":18,"featured_media":644235,"comment_status":"open","ping_status":"closed","sticky":false,"template":"","format":"standard","meta":{"_acf_changed":false,"_daextam_enable_autolinks":"1","footnotes":""},"categories":[15138],"tags":[16878,47385,47386],"class_list":["post-644095","post","type-post","status-publish","format-standard","has-post-thumbnail","hentry","category-futsal","tag-breve","tag-euro-futsal","tag-france-futsal"],"acf":[],"yoast_head":"<!-- This site is optimized with the Yoast SEO Premium plugin v26.7 (Yoast SEO v26.7) - https:\/\/yoast.com\/wordpress\/plugins\/seo\/ -->\n<title>Les Bleus du futsal battus aux portes de la finale de l\u2019Euro par les champions en titre portugais<\/title>\n<meta name=\"description\" content=\"EURO MASCULIN DE FUTSAL 2026 - Les Bleus s\u2019inclinent aux portes de la finale 4-1 face aux tenants du titre portugais.\" \/>\n<meta name=\"robots\" content=\"index, follow, max-snippet:-1, max-image-preview:large, max-video-preview:-1\" \/>\n<link rel=\"canonical\" href=\"https:\/\/dicodusport.fr\/blog\/les-bleus-du-futsal-battus-aux-portes-de-la-finale-de-leuro-par-les-champions-en-titre-portugais\/\" \/>\n<meta property=\"og:locale\" content=\"fr_FR\" \/>\n<meta property=\"og:type\" content=\"article\" \/>\n<meta property=\"og:title\" content=\"Les Bleus du futsal battus aux portes de la finale de l\u2019Euro par les champions en titre portugais\" \/>\n<meta property=\"og:description\" content=\"EURO MASCULIN DE FUTSAL 2026 - Les Bleus s\u2019inclinent aux portes de la finale 4-1 face aux tenants du titre portugais.\" \/>\n<meta property=\"og:url\" content=\"https:\/\/dicodusport.fr\/blog\/les-bleus-du-futsal-battus-aux-portes-de-la-finale-de-leuro-par-les-champions-en-titre-portugais\/\" \/>\n<meta property=\"og:site_name\" content=\"Dicodusport\" \/>\n<meta property=\"article:publisher\" content=\"https:\/\/www.facebook.com\/dicodusport\" \/>\n<meta property=\"article:author\" content=\"https:\/\/www.facebook.com\/soocube\" \/>\n<meta property=\"article:published_time\" content=\"2026-02-04T21:17:15+00:00\" \/>\n<meta property=\"article:modified_time\" content=\"2026-02-04T22:04:58+00:00\" \/>\n<meta property=\"og:image\" content=\"https:\/\/dicodusport.fr\/blog\/wp-content\/uploads\/2026\/02\/Les-Bleus-du-futsal-battus-aux-portes-de-la-finale-de-lEuro-par-les-champions-en-titre-portugais.png\" \/>\n\t<meta property=\"og:image:width\" content=\"1200\" \/>\n\t<meta property=\"og:image:height\" content=\"674\" \/>\n\t<meta property=\"og:image:type\" content=\"image\/png\" \/>\n<meta name=\"author\" content=\"Sophie Clapier\" \/>\n<meta name=\"twitter:card\" content=\"summary_large_image\" \/>\n<meta name=\"twitter:title\" content=\"Les Bleus du futsal battus aux portes de la finale de l\u2019Euro par les champions en titre portugais\" \/>\n<meta name=\"twitter:creator\" content=\"@https:\/\/twitter.com\/soocube\" \/>\n<meta name=\"twitter:site\" content=\"@dicodusport\" \/>\n<script type=\"application\/ld+json\" class=\"yoast-schema-graph\">{\"@context\":\"https:\/\/schema.org\",\"@graph\":[{\"@type\":\"NewsArticle\",\"@id\":\"https:\/\/dicodusport.fr\/blog\/les-bleus-du-futsal-battus-aux-portes-de-la-finale-de-leuro-par-les-champions-en-titre-portugais\/#article\",\"isPartOf\":{\"@id\":\"https:\/\/dicodusport.fr\/blog\/les-bleus-du-futsal-battus-aux-portes-de-la-finale-de-leuro-par-les-champions-en-titre-portugais\/\"},\"author\":{\"name\":\"Sophie Clapier\",\"@id\":\"https:\/\/dicodusport.fr\/blog\/#\/schema\/person\/416c975648aca9da8839bdfe333a21c9\"},\"headline\":\"Les Bleus du futsal battus aux portes de la finale de l\u2019Euro par les champions en titre portugais\",\"datePublished\":\"2026-02-04T21:17:15+00:00\",\"dateModified\":\"2026-02-04T22:04:58+00:00\",\"mainEntityOfPage\":{\"@id\":\"https:\/\/dicodusport.fr\/blog\/les-bleus-du-futsal-battus-aux-portes-de-la-finale-de-leuro-par-les-champions-en-titre-portugais\/\"},\"wordCount\":921,\"commentCount\":0,\"publisher\":{\"@id\":\"https:\/\/dicodusport.fr\/blog\/#organization\"},\"image\":{\"@id\":\"https:\/\/dicodusport.fr\/blog\/les-bleus-du-futsal-battus-aux-portes-de-la-finale-de-leuro-par-les-champions-en-titre-portugais\/#primaryimage\"},\"thumbnailUrl\":\"https:\/\/dicodusport.fr\/blog\/wp-content\/uploads\/2026\/02\/Les-Bleus-du-futsal-battus-aux-portes-de-la-finale-de-lEuro-par-les-champions-en-titre-portugais.png\",\"keywords\":[\"br\u00e8ve\",\"Euro futsal\",\"France futsal\"],\"articleSection\":[\"Futsal\"],\"inLanguage\":\"fr-FR\",\"potentialAction\":[{\"@type\":\"CommentAction\",\"name\":\"Comment\",\"target\":[\"https:\/\/dicodusport.fr\/blog\/les-bleus-du-futsal-battus-aux-portes-de-la-finale-de-leuro-par-les-champions-en-titre-portugais\/#respond\"]}],\"copyrightYear\":\"2026\",\"copyrightHolder\":{\"@id\":\"https:\/\/dicodusport.fr\/blog\/#organization\"}},{\"@type\":\"WebPage\",\"@id\":\"https:\/\/dicodusport.fr\/blog\/les-bleus-du-futsal-battus-aux-portes-de-la-finale-de-leuro-par-les-champions-en-titre-portugais\/\",\"url\":\"https:\/\/dicodusport.fr\/blog\/les-bleus-du-futsal-battus-aux-portes-de-la-finale-de-leuro-par-les-champions-en-titre-portugais\/\",\"name\":\"Les Bleus du futsal battus aux portes de la finale de l\u2019Euro par les champions en titre portugais\",\"isPartOf\":{\"@id\":\"https:\/\/dicodusport.fr\/blog\/#website\"},\"primaryImageOfPage\":{\"@id\":\"https:\/\/dicodusport.fr\/blog\/les-bleus-du-futsal-battus-aux-portes-de-la-finale-de-leuro-par-les-champions-en-titre-portugais\/#primaryimage\"},\"image\":{\"@id\":\"https:\/\/dicodusport.fr\/blog\/les-bleus-du-futsal-battus-aux-portes-de-la-finale-de-leuro-par-les-champions-en-titre-portugais\/#primaryimage\"},\"thumbnailUrl\":\"https:\/\/dicodusport.fr\/blog\/wp-content\/uploads\/2026\/02\/Les-Bleus-du-futsal-battus-aux-portes-de-la-finale-de-lEuro-par-les-champions-en-titre-portugais.png\",\"datePublished\":\"2026-02-04T21:17:15+00:00\",\"dateModified\":\"2026-02-04T22:04:58+00:00\",\"description\":\"EURO MASCULIN DE FUTSAL 2026 - Les Bleus s\u2019inclinent aux portes de la finale 4-1 face aux tenants du titre portugais.\",\"breadcrumb\":{\"@id\":\"https:\/\/dicodusport.fr\/blog\/les-bleus-du-futsal-battus-aux-portes-de-la-finale-de-leuro-par-les-champions-en-titre-portugais\/#breadcrumb\"},\"inLanguage\":\"fr-FR\",\"potentialAction\":[{\"@type\":\"ReadAction\",\"target\":[\"https:\/\/dicodusport.fr\/blog\/les-bleus-du-futsal-battus-aux-portes-de-la-finale-de-leuro-par-les-champions-en-titre-portugais\/\"]}]},{\"@type\":\"ImageObject\",\"inLanguage\":\"fr-FR\",\"@id\":\"https:\/\/dicodusport.fr\/blog\/les-bleus-du-futsal-battus-aux-portes-de-la-finale-de-leuro-par-les-champions-en-titre-portugais\/#primaryimage\",\"url\":\"https:\/\/dicodusport.fr\/blog\/wp-content\/uploads\/2026\/02\/Les-Bleus-du-futsal-battus-aux-portes-de-la-finale-de-lEuro-par-les-champions-en-titre-portugais.png\",\"contentUrl\":\"https:\/\/dicodusport.fr\/blog\/wp-content\/uploads\/2026\/02\/Les-Bleus-du-futsal-battus-aux-portes-de-la-finale-de-lEuro-par-les-champions-en-titre-portugais.png\",\"width\":1200,\"height\":674,\"caption\":\"Les Bleus du futsal battus aux portes de la finale de l\u2019Euro par les champions en titre portugais\"},{\"@type\":\"BreadcrumbList\",\"@id\":\"https:\/\/dicodusport.fr\/blog\/les-bleus-du-futsal-battus-aux-portes-de-la-finale-de-leuro-par-les-champions-en-titre-portugais\/#breadcrumb\",\"itemListElement\":[{\"@type\":\"ListItem\",\"position\":1,\"name\":\"Accueil\",\"item\":\"https:\/\/dicodusport.fr\/blog\/\"},{\"@type\":\"ListItem\",\"position\":2,\"name\":\"Les Bleus du futsal battus aux portes de la finale de l\u2019Euro par les champions en titre portugais\"}]},{\"@type\":\"WebSite\",\"@id\":\"https:\/\/dicodusport.fr\/blog\/#website\",\"url\":\"https:\/\/dicodusport.fr\/blog\/\",\"name\":\"Dicodusport\",\"description\":\"L&#039;encyclop\u00e9die de l&#039;actualit\u00e9 sportive\",\"publisher\":{\"@id\":\"https:\/\/dicodusport.fr\/blog\/#organization\"},\"potentialAction\":[{\"@type\":\"SearchAction\",\"target\":{\"@type\":\"EntryPoint\",\"urlTemplate\":\"https:\/\/dicodusport.fr\/blog\/?s={search_term_string}\"},\"query-input\":{\"@type\":\"PropertyValueSpecification\",\"valueRequired\":true,\"valueName\":\"search_term_string\"}}],\"inLanguage\":\"fr-FR\"},{\"@type\":\"NewsMediaOrganization\",\"@id\":\"https:\/\/dicodusport.fr\/blog\/#organization\",\"name\":\"Dicodusport\",\"url\":\"https:\/\/dicodusport.fr\/blog\/\",\"logo\":{\"@type\":\"ImageObject\",\"inLanguage\":\"fr-FR\",\"@id\":\"https:\/\/dicodusport.fr\/blog\/#\/schema\/logo\/image\/\",\"url\":\"https:\/\/dicodusport.fr\/blog\/wp-content\/uploads\/2020\/06\/cropped-LOGO-DICODUSPORT-2020-SANS-FOND-SANS-TEXTE.png\",\"contentUrl\":\"https:\/\/dicodusport.fr\/blog\/wp-content\/uploads\/2020\/06\/cropped-LOGO-DICODUSPORT-2020-SANS-FOND-SANS-TEXTE.png\",\"width\":512,\"height\":512,\"caption\":\"Dicodusport\"},\"image\":{\"@id\":\"https:\/\/dicodusport.fr\/blog\/#\/schema\/logo\/image\/\"},\"sameAs\":[\"https:\/\/www.facebook.com\/dicodusport\",\"https:\/\/x.com\/dicodusport\",\"https:\/\/www.instagram.com\/dicodusport\/\",\"https:\/\/www.youtube.com\/channel\/UC7V2KZ5sd3htJivAbA4ZG3w\"],\"description\":\"Dicodusport est l'encyclop\u00e9die de l'actualit\u00e9 sportive.\",\"email\":\"bonjour@dicodusport.fr\",\"legalName\":\"DICODUSPORT\",\"foundingDate\":\"2018-01-14\",\"vatID\":\"FR71834470973\",\"taxID\":\"83447097300043\",\"numberOfEmployees\":{\"@type\":\"QuantitativeValue\",\"minValue\":\"1\",\"maxValue\":\"10\"}},{\"@type\":\"Person\",\"@id\":\"https:\/\/dicodusport.fr\/blog\/#\/schema\/person\/416c975648aca9da8839bdfe333a21c9\",\"name\":\"Sophie Clapier\",\"image\":{\"@type\":\"ImageObject\",\"inLanguage\":\"fr-FR\",\"@id\":\"https:\/\/dicodusport.fr\/blog\/#\/schema\/person\/image\/\",\"url\":\"https:\/\/dicodusport.fr\/blog\/wp-content\/uploads\/2021\/05\/Sophie-Clapier-150x150.jpg\",\"contentUrl\":\"https:\/\/dicodusport.fr\/blog\/wp-content\/uploads\/2021\/05\/Sophie-Clapier-150x150.jpg\",\"caption\":\"Sophie Clapier\"},\"description\":\"Journaliste\/r\u00e9dactrice depuis janvier 2016 - Passionn\u00e9e de sport depuis toujours, j\u2019en ai pratiqu\u00e9 quelques-uns. Judo, football, handball ou encore tennis, je n\u2019ai jamais pu me mettre d\u2019accord sur un en particulier. Mais \u00e7a, c\u2019\u00e9tait avant de d\u00e9couvrir le basket, devenu mon sport de pr\u00e9dilection. Les actions NBA, le All-Star Week-end, la fureur des Game 7 pendant les playoffs ou mieux, lors des Finals, this is why we play. Team Spurs T.P, je m\u2019accroche encore \u00e0 Gregg Popovich (don\u2019t leave !). Team chef Curry, je souhaite qu\u2019il finisse aux Warriors (staaaay !). Non, il n\u2019y a pas qu\u2019eux, des petits nouveaux -et des petites nouvelles \u00e9videmment- arrivent chaque jour dans toutes les disciplines et cr\u00e9ent de nouveaux exploits. Alors pour les grands \u00e9v\u00e9nements et comp\u00e9titions internationales, vive les pulsations 240\/minutes et le d\u00e9fibrillateur pas loin, et allez les Bleu(e)s ! C\u2019est s\u00fbr, j\u2019aurai plus vu ma vie sur un terrain de sport, mais \u00e0 d\u00e9faut d\u2019en faire en haut niveau, je le partage avec vous.\",\"sameAs\":[\"https:\/\/www.facebook.com\/soocube\",\"https:\/\/x.com\/https:\/\/twitter.com\/soocube\",\"admin\"],\"url\":\"https:\/\/dicodusport.fr\/blog\/author\/sophie\/\"}]}<\/script>\n<!-- \/ Yoast SEO Premium plugin. -->","yoast_head_json":{"title":"Les Bleus du futsal battus aux portes de la finale de l\u2019Euro par les champions en titre portugais","description":"EURO MASCULIN DE FUTSAL 2026 - Les Bleus s\u2019inclinent aux portes de la finale 4-1 face aux tenants du titre portugais.","robots":{"index":"index","follow":"follow","max-snippet":"max-snippet:-1","max-image-preview":"max-image-preview:large","max-video-preview":"max-video-preview:-1"},"canonical":"https:\/\/dicodusport.fr\/blog\/les-bleus-du-futsal-battus-aux-portes-de-la-finale-de-leuro-par-les-champions-en-titre-portugais\/","og_locale":"fr_FR","og_type":"article","og_title":"Les Bleus du futsal battus aux portes de la finale de l\u2019Euro par les champions en titre portugais","og_description":"EURO MASCULIN DE FUTSAL 2026 - Les Bleus s\u2019inclinent aux portes de la finale 4-1 face aux tenants du titre portugais.","og_url":"https:\/\/dicodusport.fr\/blog\/les-bleus-du-futsal-battus-aux-portes-de-la-finale-de-leuro-par-les-champions-en-titre-portugais\/","og_site_name":"Dicodusport","article_publisher":"https:\/\/www.facebook.com\/dicodusport","article_author":"https:\/\/www.facebook.com\/soocube","article_published_time":"2026-02-04T21:17:15+00:00","article_modified_time":"2026-02-04T22:04:58+00:00","og_image":[{"width":1200,"height":674,"url":"https:\/\/dicodusport.fr\/blog\/wp-content\/uploads\/2026\/02\/Les-Bleus-du-futsal-battus-aux-portes-de-la-finale-de-lEuro-par-les-champions-en-titre-portugais.png","type":"image\/png"}],"author":"Sophie Clapier","twitter_card":"summary_large_image","twitter_title":"Les Bleus du futsal battus aux portes de la finale de l\u2019Euro par les champions en titre portugais","twitter_creator":"@https:\/\/twitter.com\/soocube","twitter_site":"@dicodusport","schema":{"@context":"https:\/\/schema.org","@graph":[{"@type":"NewsArticle","@id":"https:\/\/dicodusport.fr\/blog\/les-bleus-du-futsal-battus-aux-portes-de-la-finale-de-leuro-par-les-champions-en-titre-portugais\/#article","isPartOf":{"@id":"https:\/\/dicodusport.fr\/blog\/les-bleus-du-futsal-battus-aux-portes-de-la-finale-de-leuro-par-les-champions-en-titre-portugais\/"},"author":{"name":"Sophie Clapier","@id":"https:\/\/dicodusport.fr\/blog\/#\/schema\/person\/416c975648aca9da8839bdfe333a21c9"},"headline":"Les Bleus du futsal battus aux portes de la finale de l\u2019Euro par les champions en titre portugais","datePublished":"2026-02-04T21:17:15+00:00","dateModified":"2026-02-04T22:04:58+00:00","mainEntityOfPage":{"@id":"https:\/\/dicodusport.fr\/blog\/les-bleus-du-futsal-battus-aux-portes-de-la-finale-de-leuro-par-les-champions-en-titre-portugais\/"},"wordCount":921,"commentCount":0,"publisher":{"@id":"https:\/\/dicodusport.fr\/blog\/#organization"},"image":{"@id":"https:\/\/dicodusport.fr\/blog\/les-bleus-du-futsal-battus-aux-portes-de-la-finale-de-leuro-par-les-champions-en-titre-portugais\/#primaryimage"},"thumbnailUrl":"https:\/\/dicodusport.fr\/blog\/wp-content\/uploads\/2026\/02\/Les-Bleus-du-futsal-battus-aux-portes-de-la-finale-de-lEuro-par-les-champions-en-titre-portugais.png","keywords":["br\u00e8ve","Euro futsal","France futsal"],"articleSection":["Futsal"],"inLanguage":"fr-FR","potentialAction":[{"@type":"CommentAction","name":"Comment","target":["https:\/\/dicodusport.fr\/blog\/les-bleus-du-futsal-battus-aux-portes-de-la-finale-de-leuro-par-les-champions-en-titre-portugais\/#respond"]}],"copyrightYear":"2026","copyrightHolder":{"@id":"https:\/\/dicodusport.fr\/blog\/#organization"}},{"@type":"WebPage","@id":"https:\/\/dicodusport.fr\/blog\/les-bleus-du-futsal-battus-aux-portes-de-la-finale-de-leuro-par-les-champions-en-titre-portugais\/","url":"https:\/\/dicodusport.fr\/blog\/les-bleus-du-futsal-battus-aux-portes-de-la-finale-de-leuro-par-les-champions-en-titre-portugais\/","name":"Les Bleus du futsal battus aux portes de la finale de l\u2019Euro par les champions en titre portugais","isPartOf":{"@id":"https:\/\/dicodusport.fr\/blog\/#website"},"primaryImageOfPage":{"@id":"https:\/\/dicodusport.fr\/blog\/les-bleus-du-futsal-battus-aux-portes-de-la-finale-de-leuro-par-les-champions-en-titre-portugais\/#primaryimage"},"image":{"@id":"https:\/\/dicodusport.fr\/blog\/les-bleus-du-futsal-battus-aux-portes-de-la-finale-de-leuro-par-les-champions-en-titre-portugais\/#primaryimage"},"thumbnailUrl":"https:\/\/dicodusport.fr\/blog\/wp-content\/uploads\/2026\/02\/Les-Bleus-du-futsal-battus-aux-portes-de-la-finale-de-lEuro-par-les-champions-en-titre-portugais.png","datePublished":"2026-02-04T21:17:15+00:00","dateModified":"2026-02-04T22:04:58+00:00","description":"EURO MASCULIN DE FUTSAL 2026 - Les Bleus s\u2019inclinent aux portes de la finale 4-1 face aux tenants du titre portugais.","breadcrumb":{"@id":"https:\/\/dicodusport.fr\/blog\/les-bleus-du-futsal-battus-aux-portes-de-la-finale-de-leuro-par-les-champions-en-titre-portugais\/#breadcrumb"},"inLanguage":"fr-FR","potentialAction":[{"@type":"ReadAction","target":["https:\/\/dicodusport.fr\/blog\/les-bleus-du-futsal-battus-aux-portes-de-la-finale-de-leuro-par-les-champions-en-titre-portugais\/"]}]},{"@type":"ImageObject","inLanguage":"fr-FR","@id":"https:\/\/dicodusport.fr\/blog\/les-bleus-du-futsal-battus-aux-portes-de-la-finale-de-leuro-par-les-champions-en-titre-portugais\/#primaryimage","url":"https:\/\/dicodusport.fr\/blog\/wp-content\/uploads\/2026\/02\/Les-Bleus-du-futsal-battus-aux-portes-de-la-finale-de-lEuro-par-les-champions-en-titre-portugais.png","contentUrl":"https:\/\/dicodusport.fr\/blog\/wp-content\/uploads\/2026\/02\/Les-Bleus-du-futsal-battus-aux-portes-de-la-finale-de-lEuro-par-les-champions-en-titre-portugais.png","width":1200,"height":674,"caption":"Les Bleus du futsal battus aux portes de la finale de l\u2019Euro par les champions en titre portugais"},{"@type":"BreadcrumbList","@id":"https:\/\/dicodusport.fr\/blog\/les-bleus-du-futsal-battus-aux-portes-de-la-finale-de-leuro-par-les-champions-en-titre-portugais\/#breadcrumb","itemListElement":[{"@type":"ListItem","position":1,"name":"Accueil","item":"https:\/\/dicodusport.fr\/blog\/"},{"@type":"ListItem","position":2,"name":"Les Bleus du futsal battus aux portes de la finale de l\u2019Euro par les champions en titre portugais"}]},{"@type":"WebSite","@id":"https:\/\/dicodusport.fr\/blog\/#website","url":"https:\/\/dicodusport.fr\/blog\/","name":"Dicodusport","description":"L&#039;encyclop\u00e9die de l&#039;actualit\u00e9 sportive","publisher":{"@id":"https:\/\/dicodusport.fr\/blog\/#organization"},"potentialAction":[{"@type":"SearchAction","target":{"@type":"EntryPoint","urlTemplate":"https:\/\/dicodusport.fr\/blog\/?s={search_term_string}"},"query-input":{"@type":"PropertyValueSpecification","valueRequired":true,"valueName":"search_term_string"}}],"inLanguage":"fr-FR"},{"@type":"NewsMediaOrganization","@id":"https:\/\/dicodusport.fr\/blog\/#organization","name":"Dicodusport","url":"https:\/\/dicodusport.fr\/blog\/","logo":{"@type":"ImageObject","inLanguage":"fr-FR","@id":"https:\/\/dicodusport.fr\/blog\/#\/schema\/logo\/image\/","url":"https:\/\/dicodusport.fr\/blog\/wp-content\/uploads\/2020\/06\/cropped-LOGO-DICODUSPORT-2020-SANS-FOND-SANS-TEXTE.png","contentUrl":"https:\/\/dicodusport.fr\/blog\/wp-content\/uploads\/2020\/06\/cropped-LOGO-DICODUSPORT-2020-SANS-FOND-SANS-TEXTE.png","width":512,"height":512,"caption":"Dicodusport"},"image":{"@id":"https:\/\/dicodusport.fr\/blog\/#\/schema\/logo\/image\/"},"sameAs":["https:\/\/www.facebook.com\/dicodusport","https:\/\/x.com\/dicodusport","https:\/\/www.instagram.com\/dicodusport\/","https:\/\/www.youtube.com\/channel\/UC7V2KZ5sd3htJivAbA4ZG3w"],"description":"Dicodusport est l'encyclop\u00e9die de l'actualit\u00e9 sportive.","email":"bonjour@dicodusport.fr","legalName":"DICODUSPORT","foundingDate":"2018-01-14","vatID":"FR71834470973","taxID":"83447097300043","numberOfEmployees":{"@type":"QuantitativeValue","minValue":"1","maxValue":"10"}},{"@type":"Person","@id":"https:\/\/dicodusport.fr\/blog\/#\/schema\/person\/416c975648aca9da8839bdfe333a21c9","name":"Sophie Clapier","image":{"@type":"ImageObject","inLanguage":"fr-FR","@id":"https:\/\/dicodusport.fr\/blog\/#\/schema\/person\/image\/","url":"https:\/\/dicodusport.fr\/blog\/wp-content\/uploads\/2021\/05\/Sophie-Clapier-150x150.jpg","contentUrl":"https:\/\/dicodusport.fr\/blog\/wp-content\/uploads\/2021\/05\/Sophie-Clapier-150x150.jpg","caption":"Sophie Clapier"},"description":"Journaliste\/r\u00e9dactrice depuis janvier 2016 - Passionn\u00e9e de sport depuis toujours, j\u2019en ai pratiqu\u00e9 quelques-uns. Judo, football, handball ou encore tennis, je n\u2019ai jamais pu me mettre d\u2019accord sur un en particulier. Mais \u00e7a, c\u2019\u00e9tait avant de d\u00e9couvrir le basket, devenu mon sport de pr\u00e9dilection. Les actions NBA, le All-Star Week-end, la fureur des Game 7 pendant les playoffs ou mieux, lors des Finals, this is why we play. Team Spurs T.P, je m\u2019accroche encore \u00e0 Gregg Popovich (don\u2019t leave !). Team chef Curry, je souhaite qu\u2019il finisse aux Warriors (staaaay !). Non, il n\u2019y a pas qu\u2019eux, des petits nouveaux -et des petites nouvelles \u00e9videmment- arrivent chaque jour dans toutes les disciplines et cr\u00e9ent de nouveaux exploits. Alors pour les grands \u00e9v\u00e9nements et comp\u00e9titions internationales, vive les pulsations 240\/minutes et le d\u00e9fibrillateur pas loin, et allez les Bleu(e)s ! C\u2019est s\u00fbr, j\u2019aurai plus vu ma vie sur un terrain de sport, mais \u00e0 d\u00e9faut d\u2019en faire en haut niveau, je le partage avec vous.","sameAs":["https:\/\/www.facebook.com\/soocube","https:\/\/x.com\/https:\/\/twitter.com\/soocube","admin"],"url":"https:\/\/dicodusport.fr\/blog\/author\/sophie\/"}]}},"_links":{"self":[{"href":"https:\/\/dicodusport.fr\/blog\/wp-json\/wp\/v2\/posts\/644095","targetHints":{"allow":["GET"]}}],"collection":[{"href":"https:\/\/dicodusport.fr\/blog\/wp-json\/wp\/v2\/posts"}],"about":[{"href":"https:\/\/dicodusport.fr\/blog\/wp-json\/wp\/v2\/types\/post"}],"author":[{"embeddable":true,"href":"https:\/\/dicodusport.fr\/blog\/wp-json\/wp\/v2\/users\/18"}],"replies":[{"embeddable":true,"href":"https:\/\/dicodusport.fr\/blog\/wp-json\/wp\/v2\/comments?post=644095"}],"version-history":[{"count":5,"href":"https:\/\/dicodusport.fr\/blog\/wp-json\/wp\/v2\/posts\/644095\/revisions"}],"predecessor-version":[{"id":644246,"href":"https:\/\/dicodusport.fr\/blog\/wp-json\/wp\/v2\/posts\/644095\/revisions\/644246"}],"wp:featuredmedia":[{"embeddable":true,"href":"https:\/\/dicodusport.fr\/blog\/wp-json\/wp\/v2\/media\/644235"}],"wp:attachment":[{"href":"https:\/\/dicodusport.fr\/blog\/wp-json\/wp\/v2\/media?parent=644095"}],"wp:term":[{"taxonomy":"category","embeddable":true,"href":"https:\/\/dicodusport.fr\/blog\/wp-json\/wp\/v2\/categories?post=644095"},{"taxonomy":"post_tag","embeddable":true,"href":"https:\/\/dicodusport.fr\/blog\/wp-json\/wp\/v2\/tags?post=644095"}],"curies":[{"name":"wp","href":"https:\/\/api.w.org\/{rel}","templated":true}]}}