{"id":644277,"date":"2026-02-06T14:58:52","date_gmt":"2026-02-06T13:58:52","guid":{"rendered":"https:\/\/dicodusport.fr\/blog\/?p=644277&#038;preview=true&#038;preview_id=644277"},"modified":"2026-02-06T15:05:17","modified_gmt":"2026-02-06T14:05:17","slug":"la-france-sixieme-de-lepreuve-par-equipes-de-patinage-artistique-apres-la-premiere-journee","status":"publish","type":"post","link":"https:\/\/dicodusport.fr\/blog\/la-france-sixieme-de-lepreuve-par-equipes-de-patinage-artistique-apres-la-premiere-journee\/","title":{"rendered":"La France sixi\u00e8me de l&rsquo;\u00e9preuve par \u00e9quipes de patinage artistique apr\u00e8s la premi\u00e8re journ\u00e9e"},"content":{"rendered":"<p style=\"text-align: justify;\"><strong><em>PATINAGE ARTISTIQUE JO 2026 \u2013 \u00c0 l&rsquo;issue de la premi\u00e8re journ\u00e9e de qualifications, les Bleus pointent \u00e0 la 6\u00e8me position de l&rsquo;\u00e9preuve par \u00e9quipes. Il restera le programme court masculin demain pour esp\u00e9rer rejoindre la finale.\u00a0<\/em><\/strong><\/p>\n<ul style=\"text-align: justify;\">\n<li><strong>\u00c0 ce sujet &#8211; <a href=\"https:\/\/dicodusport.fr\/blog\/jo-2026-le-programme-des-francais-a-suivre-ce-vendredi-6-fevrier-a-milan-cortina\/\">JO 2026 : le programme des Fran\u00e7ais \u00e0 suivre ce vendredi 6 f\u00e9vrier \u00e0 Milan-Cortina<\/a><\/strong><\/li>\n<\/ul>\n<p style=\"text-align: justify;\">Les \u00e9preuves de patinage artistique ont d\u00e9but\u00e9 ce matin sur la patinoire de Milan, avec la premi\u00e8re journ\u00e9e des qualifications de l\u2019\u00e9preuve par \u00e9quipes. Des qualifications aux termes desquelles il faudra terminer dans le Top 5 pour rallier la grande finale qui aura lieu dimanche.<\/p>\n<h2 style=\"text-align: justify;\">Fournier Beaudry\/Cizeron d\u00e9marrent bien la comp\u00e9tition<\/h2>\n<p style=\"text-align: justify;\">Pour commencer, ce sont les danseurs sur glace qui se sont \u00e9lanc\u00e9s pour la danse rythmique. C\u00f4t\u00e9 tricolore, ce sont <a href=\"https:\/\/dicodusport.fr\/blog\/premier-titre-europeen-pour-le-couple-guillaume-cizeron-et-laurence-fournier-beaudry-en-danse-sur-glace\/\">les champions d\u2019Europe<\/a> <strong>Laurence Fournier Beaudry<\/strong> et <strong>Guillaume Cizeron<\/strong> qui \u00e9taient align\u00e9s. Les Tricolores ont offert un superbe programme leur permettant de r\u00e9aliser leur meilleur score de la saison (89.98).<\/p>\n<p style=\"text-align: justify;\">Ils n\u2019ont \u00e9t\u00e9 battus que par les Am\u00e9ricains <strong>Madison Chock<\/strong> et <strong>Evan Bates<\/strong>, qui seront leurs principaux concurrents pour l\u2019\u00e9preuve individuelle. Avec la note de 91.06, les Am\u00e9ricains ont apport\u00e9 10 points \u00e0 leur \u00e9quipe, contre 9 pour les Fran\u00e7ais. 3\u00e8mes avec la note de 86.85, les Britanniques <strong>Lilah Fear<\/strong> et <strong>Lewis Gibson<\/strong> ont r\u00e9colt\u00e9 8 points.<\/p>\n<blockquote class=\"twitter-tweet\">\n<p dir=\"ltr\" lang=\"fr\">QUEL PASSAGE DE NOS FRAN\u00c7AIS !<\/p>\n<p>Guillaume Cizeron et Laurence Fournier-Beaudry signent leur meilleur score de la saison : 89.98.<\/p>\n<p>Ils prennent donc la premi\u00e8re place provisoire devant les Japonais et les Chinois. Il reste encore six \u00e9quipes \u00e0 passer dans cette \u00e9preuve de danse\u2026 <a href=\"https:\/\/t.co\/WPD3giIxYd\">pic.twitter.com\/WPD3giIxYd<\/a><\/p>\n<p>\u2014 Equipe France (@EquipeFRA) <a href=\"https:\/\/twitter.com\/EquipeFRA\/status\/2019705550875857111?ref_src=twsrc%5Etfw\">February 6, 2026<\/a><\/p><\/blockquote>\n<p style=\"text-align: justify;\"><script async src=\"https:\/\/platform.twitter.com\/widgets.js\" charset=\"utf-8\"><\/script><\/p>\n<p style=\"text-align: justify;\">S\u2019en est suivi le programme court en couple o\u00f9 <strong>Camille<\/strong> et <strong>Pavel Kovalev<\/strong> ont pris la 7\u00e8me place apportant 4 points \u00e0 l\u2019\u00e9quipe de France. Ainsi les Bleus se retrouvaient au 5\u00e8me rang g\u00e9n\u00e9ral (13 points) derri\u00e8re les USA (16 points) et l\u2019Italie, la G\u00e9orgie et le Canada \u00e0 \u00e9galit\u00e9 (14 points).<\/p>\n<h2 style=\"text-align: justify;\">La France 6\u00e8me provisoire<\/h2>\n<p style=\"text-align: justify;\">Pour cl\u00f4turer cette premi\u00e8re journ\u00e9e, nous avons assist\u00e9 au programme court f\u00e9minin. La R\u00e9moise <strong>Lorine Schild<\/strong> s\u2019est approch\u00e9e de son season best avec un programme sans erreur (62.24). Une performance qui l\u2019a class\u00e9 \u00e0 la 7\u00e8me position.<\/p>\n<p style=\"text-align: justify;\">\u00c0 l\u2019issue de cette premi\u00e8re journ\u00e9e de qualifications, l\u2019\u00e9quipe de France pointe en 6\u00e8me position avec 17 points. Les USA (25 points) sont en t\u00eate devant le Japon (23 points), l\u2019Italie (22 points), la G\u00e9orgie (20 points) et le Canada (19 points). Il faudra donc un gros programme court de <strong>K\u00e9vin Aymoz<\/strong> pour que les Bleus terminent dans le top 5.<\/p>\n<blockquote class=\"twitter-tweet\">\n<p dir=\"ltr\" lang=\"fr\">L&rsquo;\u00e9preuve de patinage artistique par \u00e9quipes est termin\u00e9e pour aujourd&rsquo;hui.<\/p>\n<p>Lorine Schild se classe \u00e0 la 7e place.<br \/>\nLa France recule donc \u00e0 la 6e place du g\u00e9n\u00e9ral avant l&rsquo;individuel hommes de demain.<\/p>\n<p>\ud83d\udcf8CNOSF\/KMSP <a href=\"https:\/\/twitter.com\/hashtag\/MilanoCortina2026?src=hash&amp;ref_src=twsrc%5Etfw\">#MilanoCortina2026<\/a> <a href=\"https:\/\/twitter.com\/hashtag\/AllezLesBleus?src=hash&amp;ref_src=twsrc%5Etfw\">#AllezLesBleus<\/a> <a href=\"https:\/\/t.co\/MvlfBv344R\">pic.twitter.com\/MvlfBv344R<\/a><\/p>\n<p>\u2014 Equipe France (@EquipeFRA) <a href=\"https:\/\/twitter.com\/EquipeFRA\/status\/2019773376076624002?ref_src=twsrc%5Etfw\">February 6, 2026<\/a><\/p><\/blockquote>\n<p style=\"text-align: justify;\"><script async src=\"https:\/\/platform.twitter.com\/widgets.js\" charset=\"utf-8\"><\/script><\/p>\n<h3 style=\"text-align: justify;\">\u00c0 lire aussi<\/h3>\n<div class=\"vlp-link-container vlp-layout-article\"><a href=\"https:\/\/dicodusport.fr\/blog\/calendrier-jo-dhiver-2026-programme-complet-des-epreuves-jour-par-jour-milan-cortina\/\" class=\"vlp-link\" title=\"Calendrier JO d\u2019hiver 2026 : programme complet des \u00e9preuves, jour par jour (Milan-Cortina)\"><\/a><div class=\"vlp-layout-zone-side\"><div class=\"vlp-block-4 vlp-link-image\"><img loading=\"lazy\" decoding=\"async\" style=\"max-width: 792px;\" width=\"792\" height=\"445\" src=\"https:\/\/dicodusport.fr\/blog\/wp-content\/uploads\/2026\/02\/Calendrier-JO-dhiver-2026-programme-complet-des-epreuves-jour-par-jour-Milan-Cortina.png\" class=\"attachment-800x445 size-800x445\" alt=\"Calendrier JO d\u2019hiver 2026 programme complet des \u00e9preuves, jour par jour (Milan-Cortina)\" srcset=\"https:\/\/dicodusport.fr\/blog\/wp-content\/uploads\/2026\/02\/Calendrier-JO-dhiver-2026-programme-complet-des-epreuves-jour-par-jour-Milan-Cortina.png 1200w, https:\/\/dicodusport.fr\/blog\/wp-content\/uploads\/2026\/02\/Calendrier-JO-dhiver-2026-programme-complet-des-epreuves-jour-par-jour-Milan-Cortina-300x169.png 300w, https:\/\/dicodusport.fr\/blog\/wp-content\/uploads\/2026\/02\/Calendrier-JO-dhiver-2026-programme-complet-des-epreuves-jour-par-jour-Milan-Cortina-1024x575.png 1024w, https:\/\/dicodusport.fr\/blog\/wp-content\/uploads\/2026\/02\/Calendrier-JO-dhiver-2026-programme-complet-des-epreuves-jour-par-jour-Milan-Cortina-768x431.png 768w\" sizes=\"auto, (max-width: 792px) 100vw, 792px\" \/><\/div><\/div><div class=\"vlp-layout-zone-main\"><div class=\"vlp-block-0 vlp-link-title\">Calendrier JO d\u2019hiver 2026 : programme complet des \u00e9preuves, jour par jour (Milan-Cortina)<\/div><div class=\"vlp-block-1 vlp-link-summary\">D\u00e9couvrez le calendrier complet des JO d\u2019hiver 2026 \u00e0 Milan-Cortina : toutes les \u00e9preuves, dates et horaires, jour par jour.<\/div><div class=\"vlp-block-2 vlp-link-button\">Lire l'article<\/div><div class=\"vlp-block-3 vlp-link-url\">dicodusport.fr<\/div><\/div><\/div>\n<div id=\"gtx-trans\" style=\"position: absolute; left: -14px; top: 40.9091px;\">\n<div class=\"gtx-trans-icon\" style=\"text-align: justify;\"><\/div>\n<\/div>\n","protected":false},"excerpt":{"rendered":"<p>PATINAGE ARTISTIQUE JO 2026 \u2013 \u00c0 l&rsquo;issue de la premi\u00e8re journ\u00e9e de qualifications, les Bleus pointent \u00e0 la 6\u00e8me position de l&rsquo;\u00e9preuve par \u00e9quipes. Il restera le programme court masculin demain pour esp\u00e9rer rejoindre la finale.\u00a0<\/p>\n","protected":false},"author":89,"featured_media":644660,"comment_status":"open","ping_status":"closed","sticky":false,"template":"","format":"standard","meta":{"_acf_changed":false,"_daextam_enable_autolinks":"1","footnotes":""},"categories":[44003,9141],"tags":[32415,16878,46887,46888,47094,2289],"class_list":["post-644277","post","type-post","status-publish","format-standard","has-post-thumbnail","hentry","category-jo-hiver-2026","category-patinage-artistique","tag-actu","tag-breve","tag-jeux-olympiques-2026","tag-jo-2026","tag-jo-dhiver","tag-patinage-artistique"],"acf":[],"yoast_head":"<!-- This site is optimized with the Yoast SEO Premium plugin v26.7 (Yoast SEO v26.7) - https:\/\/yoast.com\/wordpress\/plugins\/seo\/ -->\n<title>La France sixi\u00e8me de l&#039;\u00e9preuve par \u00e9quipes de patinage artistique apr\u00e8s la premi\u00e8re journ\u00e9e<\/title>\n<meta name=\"description\" content=\"PATINAGE ARTISTIQUE JO 2026 \u2013 \u00c0 l&#039;issue de la premi\u00e8re journ\u00e9e de qualifications, les Bleus pointent \u00e0 la 6\u00e8me position de l&#039;\u00e9preuve par \u00e9quipes. Il restera le programme court masculin demain pour esp\u00e9rer rejoindre la finale.\u00a0\" \/>\n<meta name=\"robots\" content=\"index, follow, max-snippet:-1, max-image-preview:large, max-video-preview:-1\" \/>\n<link rel=\"canonical\" href=\"https:\/\/dicodusport.fr\/blog\/la-france-sixieme-de-lepreuve-par-equipes-de-patinage-artistique-apres-la-premiere-journee\/\" \/>\n<meta property=\"og:locale\" content=\"fr_FR\" \/>\n<meta property=\"og:type\" content=\"article\" \/>\n<meta property=\"og:title\" content=\"La France sixi\u00e8me de l&#039;\u00e9preuve par \u00e9quipes de patinage artistique apr\u00e8s la premi\u00e8re journ\u00e9e\" \/>\n<meta property=\"og:description\" content=\"PATINAGE ARTISTIQUE JO 2026 \u2013 \u00c0 l&#039;issue de la premi\u00e8re journ\u00e9e de qualifications, les Bleus pointent \u00e0 la 6\u00e8me position de l&#039;\u00e9preuve par \u00e9quipes. Il restera le programme court masculin demain pour esp\u00e9rer rejoindre la finale.\u00a0\" \/>\n<meta property=\"og:url\" content=\"https:\/\/dicodusport.fr\/blog\/la-france-sixieme-de-lepreuve-par-equipes-de-patinage-artistique-apres-la-premiere-journee\/\" \/>\n<meta property=\"og:site_name\" content=\"Dicodusport\" \/>\n<meta property=\"article:publisher\" content=\"https:\/\/www.facebook.com\/dicodusport\" \/>\n<meta property=\"article:published_time\" content=\"2026-02-06T13:58:52+00:00\" \/>\n<meta property=\"article:modified_time\" content=\"2026-02-06T14:05:17+00:00\" \/>\n<meta property=\"og:image\" content=\"https:\/\/dicodusport.fr\/blog\/wp-content\/uploads\/2026\/02\/La-France-sixieme-de-lepreuve-par-equipes-de-patinage-artistique-apres-la-premiere-journee.png\" \/>\n\t<meta property=\"og:image:width\" content=\"1200\" \/>\n\t<meta property=\"og:image:height\" content=\"674\" \/>\n\t<meta property=\"og:image:type\" content=\"image\/png\" \/>\n<meta name=\"author\" content=\"Louka Lesueur\" \/>\n<meta name=\"twitter:card\" content=\"summary_large_image\" \/>\n<meta name=\"twitter:title\" content=\"La France sixi\u00e8me de l&#039;\u00e9preuve par \u00e9quipes de patinage artistique apr\u00e8s la premi\u00e8re journ\u00e9e\" \/>\n<meta name=\"twitter:creator\" content=\"@https:\/\/twitter.com\/LNewsSF\" \/>\n<meta name=\"twitter:site\" content=\"@dicodusport\" \/>\n<script type=\"application\/ld+json\" class=\"yoast-schema-graph\">{\"@context\":\"https:\/\/schema.org\",\"@graph\":[{\"@type\":\"NewsArticle\",\"@id\":\"https:\/\/dicodusport.fr\/blog\/la-france-sixieme-de-lepreuve-par-equipes-de-patinage-artistique-apres-la-premiere-journee\/#article\",\"isPartOf\":{\"@id\":\"https:\/\/dicodusport.fr\/blog\/la-france-sixieme-de-lepreuve-par-equipes-de-patinage-artistique-apres-la-premiere-journee\/\"},\"author\":{\"name\":\"Louka Lesueur\",\"@id\":\"https:\/\/dicodusport.fr\/blog\/#\/schema\/person\/54b6cdccebdfcd5a1036c594aecffc2a\"},\"headline\":\"La France sixi\u00e8me de l&rsquo;\u00e9preuve par \u00e9quipes de patinage artistique apr\u00e8s la premi\u00e8re journ\u00e9e\",\"datePublished\":\"2026-02-06T13:58:52+00:00\",\"dateModified\":\"2026-02-06T14:05:17+00:00\",\"mainEntityOfPage\":{\"@id\":\"https:\/\/dicodusport.fr\/blog\/la-france-sixieme-de-lepreuve-par-equipes-de-patinage-artistique-apres-la-premiere-journee\/\"},\"wordCount\":584,\"commentCount\":0,\"publisher\":{\"@id\":\"https:\/\/dicodusport.fr\/blog\/#organization\"},\"image\":{\"@id\":\"https:\/\/dicodusport.fr\/blog\/la-france-sixieme-de-lepreuve-par-equipes-de-patinage-artistique-apres-la-premiere-journee\/#primaryimage\"},\"thumbnailUrl\":\"https:\/\/dicodusport.fr\/blog\/wp-content\/uploads\/2026\/02\/La-France-sixieme-de-lepreuve-par-equipes-de-patinage-artistique-apres-la-premiere-journee.png\",\"keywords\":[\"actu\",\"br\u00e8ve\",\"Jeux Olympiques 2026\",\"JO 2026\",\"JO d'hiver\",\"Patinage artistique\"],\"articleSection\":[\"JO d'hiver 2026\",\"Patinage artistique\"],\"inLanguage\":\"fr-FR\",\"potentialAction\":[{\"@type\":\"CommentAction\",\"name\":\"Comment\",\"target\":[\"https:\/\/dicodusport.fr\/blog\/la-france-sixieme-de-lepreuve-par-equipes-de-patinage-artistique-apres-la-premiere-journee\/#respond\"]}],\"copyrightYear\":\"2026\",\"copyrightHolder\":{\"@id\":\"https:\/\/dicodusport.fr\/blog\/#organization\"}},{\"@type\":\"WebPage\",\"@id\":\"https:\/\/dicodusport.fr\/blog\/la-france-sixieme-de-lepreuve-par-equipes-de-patinage-artistique-apres-la-premiere-journee\/\",\"url\":\"https:\/\/dicodusport.fr\/blog\/la-france-sixieme-de-lepreuve-par-equipes-de-patinage-artistique-apres-la-premiere-journee\/\",\"name\":\"La France sixi\u00e8me de l'\u00e9preuve par \u00e9quipes de patinage artistique apr\u00e8s la premi\u00e8re journ\u00e9e\",\"isPartOf\":{\"@id\":\"https:\/\/dicodusport.fr\/blog\/#website\"},\"primaryImageOfPage\":{\"@id\":\"https:\/\/dicodusport.fr\/blog\/la-france-sixieme-de-lepreuve-par-equipes-de-patinage-artistique-apres-la-premiere-journee\/#primaryimage\"},\"image\":{\"@id\":\"https:\/\/dicodusport.fr\/blog\/la-france-sixieme-de-lepreuve-par-equipes-de-patinage-artistique-apres-la-premiere-journee\/#primaryimage\"},\"thumbnailUrl\":\"https:\/\/dicodusport.fr\/blog\/wp-content\/uploads\/2026\/02\/La-France-sixieme-de-lepreuve-par-equipes-de-patinage-artistique-apres-la-premiere-journee.png\",\"datePublished\":\"2026-02-06T13:58:52+00:00\",\"dateModified\":\"2026-02-06T14:05:17+00:00\",\"description\":\"PATINAGE ARTISTIQUE JO 2026 \u2013 \u00c0 l'issue de la premi\u00e8re journ\u00e9e de qualifications, les Bleus pointent \u00e0 la 6\u00e8me position de l'\u00e9preuve par \u00e9quipes. Il restera le programme court masculin demain pour esp\u00e9rer rejoindre la finale.\u00a0\",\"breadcrumb\":{\"@id\":\"https:\/\/dicodusport.fr\/blog\/la-france-sixieme-de-lepreuve-par-equipes-de-patinage-artistique-apres-la-premiere-journee\/#breadcrumb\"},\"inLanguage\":\"fr-FR\",\"potentialAction\":[{\"@type\":\"ReadAction\",\"target\":[\"https:\/\/dicodusport.fr\/blog\/la-france-sixieme-de-lepreuve-par-equipes-de-patinage-artistique-apres-la-premiere-journee\/\"]}]},{\"@type\":\"ImageObject\",\"inLanguage\":\"fr-FR\",\"@id\":\"https:\/\/dicodusport.fr\/blog\/la-france-sixieme-de-lepreuve-par-equipes-de-patinage-artistique-apres-la-premiere-journee\/#primaryimage\",\"url\":\"https:\/\/dicodusport.fr\/blog\/wp-content\/uploads\/2026\/02\/La-France-sixieme-de-lepreuve-par-equipes-de-patinage-artistique-apres-la-premiere-journee.png\",\"contentUrl\":\"https:\/\/dicodusport.fr\/blog\/wp-content\/uploads\/2026\/02\/La-France-sixieme-de-lepreuve-par-equipes-de-patinage-artistique-apres-la-premiere-journee.png\",\"width\":1200,\"height\":674,\"caption\":\"La France sixi\u00e8me de l'\u00e9preuve par \u00e9quipes de patinage artistique apr\u00e8s la premi\u00e8re journ\u00e9e\"},{\"@type\":\"BreadcrumbList\",\"@id\":\"https:\/\/dicodusport.fr\/blog\/la-france-sixieme-de-lepreuve-par-equipes-de-patinage-artistique-apres-la-premiere-journee\/#breadcrumb\",\"itemListElement\":[{\"@type\":\"ListItem\",\"position\":1,\"name\":\"Accueil\",\"item\":\"https:\/\/dicodusport.fr\/blog\/\"},{\"@type\":\"ListItem\",\"position\":2,\"name\":\"La France sixi\u00e8me de l&rsquo;\u00e9preuve par \u00e9quipes de patinage artistique apr\u00e8s la premi\u00e8re journ\u00e9e\"}]},{\"@type\":\"WebSite\",\"@id\":\"https:\/\/dicodusport.fr\/blog\/#website\",\"url\":\"https:\/\/dicodusport.fr\/blog\/\",\"name\":\"Dicodusport\",\"description\":\"L&#039;encyclop\u00e9die de l&#039;actualit\u00e9 sportive\",\"publisher\":{\"@id\":\"https:\/\/dicodusport.fr\/blog\/#organization\"},\"potentialAction\":[{\"@type\":\"SearchAction\",\"target\":{\"@type\":\"EntryPoint\",\"urlTemplate\":\"https:\/\/dicodusport.fr\/blog\/?s={search_term_string}\"},\"query-input\":{\"@type\":\"PropertyValueSpecification\",\"valueRequired\":true,\"valueName\":\"search_term_string\"}}],\"inLanguage\":\"fr-FR\"},{\"@type\":\"NewsMediaOrganization\",\"@id\":\"https:\/\/dicodusport.fr\/blog\/#organization\",\"name\":\"Dicodusport\",\"url\":\"https:\/\/dicodusport.fr\/blog\/\",\"logo\":{\"@type\":\"ImageObject\",\"inLanguage\":\"fr-FR\",\"@id\":\"https:\/\/dicodusport.fr\/blog\/#\/schema\/logo\/image\/\",\"url\":\"https:\/\/dicodusport.fr\/blog\/wp-content\/uploads\/2020\/06\/cropped-LOGO-DICODUSPORT-2020-SANS-FOND-SANS-TEXTE.png\",\"contentUrl\":\"https:\/\/dicodusport.fr\/blog\/wp-content\/uploads\/2020\/06\/cropped-LOGO-DICODUSPORT-2020-SANS-FOND-SANS-TEXTE.png\",\"width\":512,\"height\":512,\"caption\":\"Dicodusport\"},\"image\":{\"@id\":\"https:\/\/dicodusport.fr\/blog\/#\/schema\/logo\/image\/\"},\"sameAs\":[\"https:\/\/www.facebook.com\/dicodusport\",\"https:\/\/x.com\/dicodusport\",\"https:\/\/www.instagram.com\/dicodusport\/\",\"https:\/\/www.youtube.com\/channel\/UC7V2KZ5sd3htJivAbA4ZG3w\"],\"description\":\"Dicodusport est l'encyclop\u00e9die de l'actualit\u00e9 sportive.\",\"email\":\"bonjour@dicodusport.fr\",\"legalName\":\"DICODUSPORT\",\"foundingDate\":\"2018-01-14\",\"vatID\":\"FR71834470973\",\"taxID\":\"83447097300043\",\"numberOfEmployees\":{\"@type\":\"QuantitativeValue\",\"minValue\":\"1\",\"maxValue\":\"10\"}},{\"@type\":\"Person\",\"@id\":\"https:\/\/dicodusport.fr\/blog\/#\/schema\/person\/54b6cdccebdfcd5a1036c594aecffc2a\",\"name\":\"Louka Lesueur\",\"image\":{\"@type\":\"ImageObject\",\"inLanguage\":\"fr-FR\",\"@id\":\"https:\/\/dicodusport.fr\/blog\/#\/schema\/person\/image\/\",\"url\":\"https:\/\/dicodusport.fr\/blog\/wp-content\/uploads\/2023\/09\/IMG_2783-150x150.jpeg\",\"contentUrl\":\"https:\/\/dicodusport.fr\/blog\/wp-content\/uploads\/2023\/09\/IMG_2783-150x150.jpeg\",\"caption\":\"Louka Lesueur\"},\"description\":\"Passionn\u00e9 depuis tout petit par les exploits de Bolt, Fourcade, Riner, Lavillenie, Wilkinson, Hirscher. Les \u00e9motions provoqu\u00e9es par le sport ont berc\u00e9 mon enfance et continuent de le faire aujourd'hui. C'est ainsi qu'il m'est arriv\u00e9 de pleurer devant la d\u00e9faite des Bleus face aux Blacks en 2011, ou encore devant le titre olympique de Florent Manaudou \u00e0 Londres. Bien loin de ce milieu professionnel, j'ai os\u00e9 tenter ma chance pour rejoindre l'\u00e9quipe de r\u00e9daction de Dicodusport, et depuis septembre 2023, je tente de retransmettre au mieux les exploits des athl\u00e8tes, tous sports confondus. Grand chauvin, c'est bel et bien sur les sportifs tricolores que je pr\u00e9f\u00e8re \u00e9crire.\",\"sameAs\":[\"https:\/\/x.com\/https:\/\/twitter.com\/LNewsSF\"],\"gender\":\"Homme\",\"worksFor\":\"Louka LESUEUR\",\"url\":\"https:\/\/dicodusport.fr\/blog\/author\/louka-lesueur\/\"}]}<\/script>\n<!-- \/ Yoast SEO Premium plugin. -->","yoast_head_json":{"title":"La France sixi\u00e8me de l'\u00e9preuve par \u00e9quipes de patinage artistique apr\u00e8s la premi\u00e8re journ\u00e9e","description":"PATINAGE ARTISTIQUE JO 2026 \u2013 \u00c0 l'issue de la premi\u00e8re journ\u00e9e de qualifications, les Bleus pointent \u00e0 la 6\u00e8me position de l'\u00e9preuve par \u00e9quipes. Il restera le programme court masculin demain pour esp\u00e9rer rejoindre la finale.\u00a0","robots":{"index":"index","follow":"follow","max-snippet":"max-snippet:-1","max-image-preview":"max-image-preview:large","max-video-preview":"max-video-preview:-1"},"canonical":"https:\/\/dicodusport.fr\/blog\/la-france-sixieme-de-lepreuve-par-equipes-de-patinage-artistique-apres-la-premiere-journee\/","og_locale":"fr_FR","og_type":"article","og_title":"La France sixi\u00e8me de l'\u00e9preuve par \u00e9quipes de patinage artistique apr\u00e8s la premi\u00e8re journ\u00e9e","og_description":"PATINAGE ARTISTIQUE JO 2026 \u2013 \u00c0 l'issue de la premi\u00e8re journ\u00e9e de qualifications, les Bleus pointent \u00e0 la 6\u00e8me position de l'\u00e9preuve par \u00e9quipes. Il restera le programme court masculin demain pour esp\u00e9rer rejoindre la finale.\u00a0","og_url":"https:\/\/dicodusport.fr\/blog\/la-france-sixieme-de-lepreuve-par-equipes-de-patinage-artistique-apres-la-premiere-journee\/","og_site_name":"Dicodusport","article_publisher":"https:\/\/www.facebook.com\/dicodusport","article_published_time":"2026-02-06T13:58:52+00:00","article_modified_time":"2026-02-06T14:05:17+00:00","og_image":[{"width":1200,"height":674,"url":"https:\/\/dicodusport.fr\/blog\/wp-content\/uploads\/2026\/02\/La-France-sixieme-de-lepreuve-par-equipes-de-patinage-artistique-apres-la-premiere-journee.png","type":"image\/png"}],"author":"Louka Lesueur","twitter_card":"summary_large_image","twitter_title":"La France sixi\u00e8me de l'\u00e9preuve par \u00e9quipes de patinage artistique apr\u00e8s la premi\u00e8re journ\u00e9e","twitter_creator":"@https:\/\/twitter.com\/LNewsSF","twitter_site":"@dicodusport","schema":{"@context":"https:\/\/schema.org","@graph":[{"@type":"NewsArticle","@id":"https:\/\/dicodusport.fr\/blog\/la-france-sixieme-de-lepreuve-par-equipes-de-patinage-artistique-apres-la-premiere-journee\/#article","isPartOf":{"@id":"https:\/\/dicodusport.fr\/blog\/la-france-sixieme-de-lepreuve-par-equipes-de-patinage-artistique-apres-la-premiere-journee\/"},"author":{"name":"Louka Lesueur","@id":"https:\/\/dicodusport.fr\/blog\/#\/schema\/person\/54b6cdccebdfcd5a1036c594aecffc2a"},"headline":"La France sixi\u00e8me de l&rsquo;\u00e9preuve par \u00e9quipes de patinage artistique apr\u00e8s la premi\u00e8re journ\u00e9e","datePublished":"2026-02-06T13:58:52+00:00","dateModified":"2026-02-06T14:05:17+00:00","mainEntityOfPage":{"@id":"https:\/\/dicodusport.fr\/blog\/la-france-sixieme-de-lepreuve-par-equipes-de-patinage-artistique-apres-la-premiere-journee\/"},"wordCount":584,"commentCount":0,"publisher":{"@id":"https:\/\/dicodusport.fr\/blog\/#organization"},"image":{"@id":"https:\/\/dicodusport.fr\/blog\/la-france-sixieme-de-lepreuve-par-equipes-de-patinage-artistique-apres-la-premiere-journee\/#primaryimage"},"thumbnailUrl":"https:\/\/dicodusport.fr\/blog\/wp-content\/uploads\/2026\/02\/La-France-sixieme-de-lepreuve-par-equipes-de-patinage-artistique-apres-la-premiere-journee.png","keywords":["actu","br\u00e8ve","Jeux Olympiques 2026","JO 2026","JO d'hiver","Patinage artistique"],"articleSection":["JO d'hiver 2026","Patinage artistique"],"inLanguage":"fr-FR","potentialAction":[{"@type":"CommentAction","name":"Comment","target":["https:\/\/dicodusport.fr\/blog\/la-france-sixieme-de-lepreuve-par-equipes-de-patinage-artistique-apres-la-premiere-journee\/#respond"]}],"copyrightYear":"2026","copyrightHolder":{"@id":"https:\/\/dicodusport.fr\/blog\/#organization"}},{"@type":"WebPage","@id":"https:\/\/dicodusport.fr\/blog\/la-france-sixieme-de-lepreuve-par-equipes-de-patinage-artistique-apres-la-premiere-journee\/","url":"https:\/\/dicodusport.fr\/blog\/la-france-sixieme-de-lepreuve-par-equipes-de-patinage-artistique-apres-la-premiere-journee\/","name":"La France sixi\u00e8me de l'\u00e9preuve par \u00e9quipes de patinage artistique apr\u00e8s la premi\u00e8re journ\u00e9e","isPartOf":{"@id":"https:\/\/dicodusport.fr\/blog\/#website"},"primaryImageOfPage":{"@id":"https:\/\/dicodusport.fr\/blog\/la-france-sixieme-de-lepreuve-par-equipes-de-patinage-artistique-apres-la-premiere-journee\/#primaryimage"},"image":{"@id":"https:\/\/dicodusport.fr\/blog\/la-france-sixieme-de-lepreuve-par-equipes-de-patinage-artistique-apres-la-premiere-journee\/#primaryimage"},"thumbnailUrl":"https:\/\/dicodusport.fr\/blog\/wp-content\/uploads\/2026\/02\/La-France-sixieme-de-lepreuve-par-equipes-de-patinage-artistique-apres-la-premiere-journee.png","datePublished":"2026-02-06T13:58:52+00:00","dateModified":"2026-02-06T14:05:17+00:00","description":"PATINAGE ARTISTIQUE JO 2026 \u2013 \u00c0 l'issue de la premi\u00e8re journ\u00e9e de qualifications, les Bleus pointent \u00e0 la 6\u00e8me position de l'\u00e9preuve par \u00e9quipes. Il restera le programme court masculin demain pour esp\u00e9rer rejoindre la finale.\u00a0","breadcrumb":{"@id":"https:\/\/dicodusport.fr\/blog\/la-france-sixieme-de-lepreuve-par-equipes-de-patinage-artistique-apres-la-premiere-journee\/#breadcrumb"},"inLanguage":"fr-FR","potentialAction":[{"@type":"ReadAction","target":["https:\/\/dicodusport.fr\/blog\/la-france-sixieme-de-lepreuve-par-equipes-de-patinage-artistique-apres-la-premiere-journee\/"]}]},{"@type":"ImageObject","inLanguage":"fr-FR","@id":"https:\/\/dicodusport.fr\/blog\/la-france-sixieme-de-lepreuve-par-equipes-de-patinage-artistique-apres-la-premiere-journee\/#primaryimage","url":"https:\/\/dicodusport.fr\/blog\/wp-content\/uploads\/2026\/02\/La-France-sixieme-de-lepreuve-par-equipes-de-patinage-artistique-apres-la-premiere-journee.png","contentUrl":"https:\/\/dicodusport.fr\/blog\/wp-content\/uploads\/2026\/02\/La-France-sixieme-de-lepreuve-par-equipes-de-patinage-artistique-apres-la-premiere-journee.png","width":1200,"height":674,"caption":"La France sixi\u00e8me de l'\u00e9preuve par \u00e9quipes de patinage artistique apr\u00e8s la premi\u00e8re journ\u00e9e"},{"@type":"BreadcrumbList","@id":"https:\/\/dicodusport.fr\/blog\/la-france-sixieme-de-lepreuve-par-equipes-de-patinage-artistique-apres-la-premiere-journee\/#breadcrumb","itemListElement":[{"@type":"ListItem","position":1,"name":"Accueil","item":"https:\/\/dicodusport.fr\/blog\/"},{"@type":"ListItem","position":2,"name":"La France sixi\u00e8me de l&rsquo;\u00e9preuve par \u00e9quipes de patinage artistique apr\u00e8s la premi\u00e8re journ\u00e9e"}]},{"@type":"WebSite","@id":"https:\/\/dicodusport.fr\/blog\/#website","url":"https:\/\/dicodusport.fr\/blog\/","name":"Dicodusport","description":"L&#039;encyclop\u00e9die de l&#039;actualit\u00e9 sportive","publisher":{"@id":"https:\/\/dicodusport.fr\/blog\/#organization"},"potentialAction":[{"@type":"SearchAction","target":{"@type":"EntryPoint","urlTemplate":"https:\/\/dicodusport.fr\/blog\/?s={search_term_string}"},"query-input":{"@type":"PropertyValueSpecification","valueRequired":true,"valueName":"search_term_string"}}],"inLanguage":"fr-FR"},{"@type":"NewsMediaOrganization","@id":"https:\/\/dicodusport.fr\/blog\/#organization","name":"Dicodusport","url":"https:\/\/dicodusport.fr\/blog\/","logo":{"@type":"ImageObject","inLanguage":"fr-FR","@id":"https:\/\/dicodusport.fr\/blog\/#\/schema\/logo\/image\/","url":"https:\/\/dicodusport.fr\/blog\/wp-content\/uploads\/2020\/06\/cropped-LOGO-DICODUSPORT-2020-SANS-FOND-SANS-TEXTE.png","contentUrl":"https:\/\/dicodusport.fr\/blog\/wp-content\/uploads\/2020\/06\/cropped-LOGO-DICODUSPORT-2020-SANS-FOND-SANS-TEXTE.png","width":512,"height":512,"caption":"Dicodusport"},"image":{"@id":"https:\/\/dicodusport.fr\/blog\/#\/schema\/logo\/image\/"},"sameAs":["https:\/\/www.facebook.com\/dicodusport","https:\/\/x.com\/dicodusport","https:\/\/www.instagram.com\/dicodusport\/","https:\/\/www.youtube.com\/channel\/UC7V2KZ5sd3htJivAbA4ZG3w"],"description":"Dicodusport est l'encyclop\u00e9die de l'actualit\u00e9 sportive.","email":"bonjour@dicodusport.fr","legalName":"DICODUSPORT","foundingDate":"2018-01-14","vatID":"FR71834470973","taxID":"83447097300043","numberOfEmployees":{"@type":"QuantitativeValue","minValue":"1","maxValue":"10"}},{"@type":"Person","@id":"https:\/\/dicodusport.fr\/blog\/#\/schema\/person\/54b6cdccebdfcd5a1036c594aecffc2a","name":"Louka Lesueur","image":{"@type":"ImageObject","inLanguage":"fr-FR","@id":"https:\/\/dicodusport.fr\/blog\/#\/schema\/person\/image\/","url":"https:\/\/dicodusport.fr\/blog\/wp-content\/uploads\/2023\/09\/IMG_2783-150x150.jpeg","contentUrl":"https:\/\/dicodusport.fr\/blog\/wp-content\/uploads\/2023\/09\/IMG_2783-150x150.jpeg","caption":"Louka Lesueur"},"description":"Passionn\u00e9 depuis tout petit par les exploits de Bolt, Fourcade, Riner, Lavillenie, Wilkinson, Hirscher. Les \u00e9motions provoqu\u00e9es par le sport ont berc\u00e9 mon enfance et continuent de le faire aujourd'hui. C'est ainsi qu'il m'est arriv\u00e9 de pleurer devant la d\u00e9faite des Bleus face aux Blacks en 2011, ou encore devant le titre olympique de Florent Manaudou \u00e0 Londres. Bien loin de ce milieu professionnel, j'ai os\u00e9 tenter ma chance pour rejoindre l'\u00e9quipe de r\u00e9daction de Dicodusport, et depuis septembre 2023, je tente de retransmettre au mieux les exploits des athl\u00e8tes, tous sports confondus. Grand chauvin, c'est bel et bien sur les sportifs tricolores que je pr\u00e9f\u00e8re \u00e9crire.","sameAs":["https:\/\/x.com\/https:\/\/twitter.com\/LNewsSF"],"gender":"Homme","worksFor":"Louka LESUEUR","url":"https:\/\/dicodusport.fr\/blog\/author\/louka-lesueur\/"}]}},"_links":{"self":[{"href":"https:\/\/dicodusport.fr\/blog\/wp-json\/wp\/v2\/posts\/644277","targetHints":{"allow":["GET"]}}],"collection":[{"href":"https:\/\/dicodusport.fr\/blog\/wp-json\/wp\/v2\/posts"}],"about":[{"href":"https:\/\/dicodusport.fr\/blog\/wp-json\/wp\/v2\/types\/post"}],"author":[{"embeddable":true,"href":"https:\/\/dicodusport.fr\/blog\/wp-json\/wp\/v2\/users\/89"}],"replies":[{"embeddable":true,"href":"https:\/\/dicodusport.fr\/blog\/wp-json\/wp\/v2\/comments?post=644277"}],"version-history":[{"count":5,"href":"https:\/\/dicodusport.fr\/blog\/wp-json\/wp\/v2\/posts\/644277\/revisions"}],"predecessor-version":[{"id":644664,"href":"https:\/\/dicodusport.fr\/blog\/wp-json\/wp\/v2\/posts\/644277\/revisions\/644664"}],"wp:featuredmedia":[{"embeddable":true,"href":"https:\/\/dicodusport.fr\/blog\/wp-json\/wp\/v2\/media\/644660"}],"wp:attachment":[{"href":"https:\/\/dicodusport.fr\/blog\/wp-json\/wp\/v2\/media?parent=644277"}],"wp:term":[{"taxonomy":"category","embeddable":true,"href":"https:\/\/dicodusport.fr\/blog\/wp-json\/wp\/v2\/categories?post=644277"},{"taxonomy":"post_tag","embeddable":true,"href":"https:\/\/dicodusport.fr\/blog\/wp-json\/wp\/v2\/tags?post=644277"}],"curies":[{"name":"wp","href":"https:\/\/api.w.org\/{rel}","templated":true}]}}