{"id":64433,"date":"2020-04-04T14:58:24","date_gmt":"2020-04-04T12:58:24","guid":{"rendered":"http:\/\/dicodusport.fr\/blog\/?p=64433&#038;preview=true&#038;preview_id=64433"},"modified":"2020-04-04T14:58:24","modified_gmt":"2020-04-04T12:58:24","slug":"video-martin-fourcade-dans-ses-oeuvres-sur-la-mass-start-doberhof-en-2014","status":"publish","type":"post","link":"https:\/\/dicodusport.fr\/blog\/video-martin-fourcade-dans-ses-oeuvres-sur-la-mass-start-doberhof-en-2014\/","title":{"rendered":"[Vid\u00e9o] Martin Fourcade dans ses oeuvres sur la mass start d&rsquo;Oberhof en 2014"},"content":{"rendered":"<p style=\"text-align: justify;\"><em><strong>Biathlon <\/strong><b>&#8211; Gr\u00e2ce \u00e0 la cha\u00eene Youtube du m\u00e9dia <a href=\"https:\/\/www.youtube.com\/channel\/UCkDLsvnYjtK08HMX4PdpXkA\" target=\"_blank\" rel=\"noopener noreferrer\">Biathlon Live<\/a>, revivez la victoire de Martin Fourcade sur la mass start d&rsquo;Oberhof en 2014.<\/b><\/em><\/p>\n<p style=\"text-align: justify;\">Ce 5 janvier 2014, \u00e0 un mois des <strong>JO de Sotchi<\/strong>, <a href=\"https:\/\/dicodusport.fr\/blog\/tag\/martin-fourcade\/\" target=\"_blank\" rel=\"noopener noreferrer\"><strong>Martin Fourcade<\/strong><\/a> \u00e9c\u0153urait la concurrence. Sur le site allemand, le Catalan arrive avec cinq autre biathl\u00e8tes (les Russes <strong>Shipulin<\/strong>, <strong>Loginov<\/strong> et <strong>Volkov<\/strong>, l&rsquo;Allemand Stephan et le Norv\u00e9gien <strong>Svendsen<\/strong>) au dernier tir debout. Le Fran\u00e7ais va leur faire sa sp\u00e9ciale : d\u00e9cocher sa premi\u00e8re balle tr\u00e8s vite pour mettre la pression \u00e0 ses adversaires. <strong>Fourcade<\/strong> fait le plein et un seul autre biathl\u00e8te r\u00e9ussit \u00e0 en faire autant, le Russe <strong>Volkov<\/strong>. Mais ce dernier ne pourra rien dans le dernier tour&#8230;<\/p>\n<p><span class=\"vhROIq3Y9GMXC4amhdQuKLMT5e1Sn9Uize6mD00taFVvBr3R74lEzwiHNHDjpuZsowSokfVf\"><iframe loading=\"lazy\" title=\"MASS START HOMMES - OBERHOF 2014\" width=\"740\" height=\"416\" src=\"https:\/\/www.youtube.com\/embed\/Yy2rO-8U7RU?feature=oembed\" frameborder=\"0\" allow=\"accelerometer; autoplay; clipboard-write; encrypted-media; gyroscope; picture-in-picture; web-share\" allowfullscreen><\/iframe><\/span><\/p>\n<p><strong><em>Dicodusport<br \/>\n<a href=\"https:\/\/www.facebook.com\/dicodusport\/\" target=\"_blank\" rel=\"noopener noreferrer\"><img loading=\"lazy\" decoding=\"async\" class=\"alignnone wp-image-2909\" src=\"http:\/\/dicodusport.fr\/blog\/wp-content\/uploads\/2017\/07\/logo-facebook-150x150.png\" alt=\"\" width=\"40\" height=\"40\" \/><\/a><a href=\"https:\/\/twitter.com\/dicodusport\" target=\"_blank\" rel=\"noopener noreferrer\"><img loading=\"lazy\" decoding=\"async\" class=\"alignnone wp-image-2908\" src=\"http:\/\/dicodusport.fr\/blog\/wp-content\/uploads\/2017\/07\/logo-twitter-150x150.png\" alt=\"\" width=\"39\" height=\"39\" \/><\/a><\/em><\/strong><\/p>\n","protected":false},"excerpt":{"rendered":"<p>Biathlon &#8211; Gr\u00e2ce \u00e0 la cha\u00eene Youtube du m\u00e9dia Biathlon Live, revivez la victoire de Martin Fourcade sur la mass start d&rsquo;Oberhof en 2014.<\/p>\n","protected":false},"author":1,"featured_media":64437,"comment_status":"open","ping_status":"closed","sticky":false,"template":"","format":"standard","meta":{"_acf_changed":false,"_daextam_enable_autolinks":"","footnotes":""},"categories":[2426,8],"tags":[2427,2429,2945,3258],"class_list":["post-64433","post","type-post","status-publish","format-standard","has-post-thumbnail","hentry","category-biathlon","category-histoire","tag-biathlon","tag-martin-fourcade","tag-mass-start","tag-oberhof"],"acf":[],"yoast_head":"<!-- This site is optimized with the Yoast SEO Premium plugin v26.7 (Yoast SEO v26.7) - https:\/\/yoast.com\/wordpress\/plugins\/seo\/ -->\n<title>[Vid\u00e9o] Martin Fourcade dans ses oeuvres sur la mass start d&#039;Oberhof en 2014<\/title>\n<meta name=\"description\" content=\"Biathlon - Gr\u00e2ce \u00e0 la cha\u00eene Youtube du m\u00e9dia Biathlon Live, revivez la victoire de Martin Fourcade sur la mass start d&#039;Oberhof en 2014.\" \/>\n<meta name=\"robots\" content=\"index, follow, max-snippet:-1, max-image-preview:large, max-video-preview:-1\" \/>\n<link rel=\"canonical\" href=\"https:\/\/dicodusport.fr\/blog\/video-martin-fourcade-dans-ses-oeuvres-sur-la-mass-start-doberhof-en-2014\/\" \/>\n<meta property=\"og:locale\" content=\"fr_FR\" \/>\n<meta property=\"og:type\" content=\"article\" \/>\n<meta property=\"og:title\" content=\"[Vid\u00e9o] Martin Fourcade dans ses oeuvres sur la mass start d&#039;Oberhof en 2014\" \/>\n<meta property=\"og:description\" content=\"Biathlon - Gr\u00e2ce \u00e0 la cha\u00eene Youtube du m\u00e9dia Biathlon Live, revivez la victoire de Martin Fourcade sur la mass start d&#039;Oberhof en 2014.\" \/>\n<meta property=\"og:url\" content=\"https:\/\/dicodusport.fr\/blog\/video-martin-fourcade-dans-ses-oeuvres-sur-la-mass-start-doberhof-en-2014\/\" \/>\n<meta property=\"og:site_name\" content=\"Dicodusport\" \/>\n<meta property=\"article:publisher\" content=\"https:\/\/www.facebook.com\/dicodusport\" \/>\n<meta property=\"article:author\" content=\"https:\/\/www.facebook.com\/dicodusport\" \/>\n<meta property=\"article:published_time\" content=\"2020-04-04T12:58:24+00:00\" \/>\n<meta property=\"og:image\" content=\"https:\/\/dicodusport.fr\/blog\/wp-content\/uploads\/2020\/04\/Vid\u00e9o-Martin-Fourcade-dans-ses-oeuvres-sur-la-mass-start-dOberhof-en-2014.png\" \/>\n\t<meta property=\"og:image:width\" content=\"800\" \/>\n\t<meta property=\"og:image:height\" content=\"445\" \/>\n\t<meta property=\"og:image:type\" content=\"image\/png\" \/>\n<meta name=\"author\" content=\"Nicolas Jacquemard\" \/>\n<meta name=\"twitter:card\" content=\"summary_large_image\" \/>\n<meta name=\"twitter:title\" content=\"[Vid\u00e9o] Martin Fourcade dans ses oeuvres sur la mass start d&#039;Oberhof en 2014\" \/>\n<meta name=\"twitter:creator\" content=\"@https:\/\/twitter.com\/Nico_Jacquemard\" \/>\n<meta name=\"twitter:site\" content=\"@dicodusport\" \/>\n<script type=\"application\/ld+json\" class=\"yoast-schema-graph\">{\"@context\":\"https:\/\/schema.org\",\"@graph\":[{\"@type\":\"NewsArticle\",\"@id\":\"https:\/\/dicodusport.fr\/blog\/video-martin-fourcade-dans-ses-oeuvres-sur-la-mass-start-doberhof-en-2014\/#article\",\"isPartOf\":{\"@id\":\"https:\/\/dicodusport.fr\/blog\/video-martin-fourcade-dans-ses-oeuvres-sur-la-mass-start-doberhof-en-2014\/\"},\"author\":{\"name\":\"Nicolas Jacquemard\",\"@id\":\"https:\/\/dicodusport.fr\/blog\/#\/schema\/person\/55dcb50ad410894e431ed812bbb70191\"},\"headline\":\"[Vid\u00e9o] Martin Fourcade dans ses oeuvres sur la mass start d&rsquo;Oberhof en 2014\",\"datePublished\":\"2020-04-04T12:58:24+00:00\",\"mainEntityOfPage\":{\"@id\":\"https:\/\/dicodusport.fr\/blog\/video-martin-fourcade-dans-ses-oeuvres-sur-la-mass-start-doberhof-en-2014\/\"},\"wordCount\":144,\"commentCount\":0,\"publisher\":{\"@id\":\"https:\/\/dicodusport.fr\/blog\/#organization\"},\"image\":{\"@id\":\"https:\/\/dicodusport.fr\/blog\/video-martin-fourcade-dans-ses-oeuvres-sur-la-mass-start-doberhof-en-2014\/#primaryimage\"},\"thumbnailUrl\":\"https:\/\/dicodusport.fr\/blog\/wp-content\/uploads\/2020\/04\/Vid\u00e9o-Martin-Fourcade-dans-ses-oeuvres-sur-la-mass-start-dOberhof-en-2014.png\",\"keywords\":[\"Biathlon\",\"Martin Fourcade\",\"Mass start\",\"Oberhof\"],\"articleSection\":[\"Biathlon\",\"Histoire\"],\"inLanguage\":\"fr-FR\",\"potentialAction\":[{\"@type\":\"CommentAction\",\"name\":\"Comment\",\"target\":[\"https:\/\/dicodusport.fr\/blog\/video-martin-fourcade-dans-ses-oeuvres-sur-la-mass-start-doberhof-en-2014\/#respond\"]}],\"copyrightYear\":\"2020\",\"copyrightHolder\":{\"@id\":\"https:\/\/dicodusport.fr\/blog\/#organization\"}},{\"@type\":\"WebPage\",\"@id\":\"https:\/\/dicodusport.fr\/blog\/video-martin-fourcade-dans-ses-oeuvres-sur-la-mass-start-doberhof-en-2014\/\",\"url\":\"https:\/\/dicodusport.fr\/blog\/video-martin-fourcade-dans-ses-oeuvres-sur-la-mass-start-doberhof-en-2014\/\",\"name\":\"[Vid\u00e9o] Martin Fourcade dans ses oeuvres sur la mass start d'Oberhof en 2014\",\"isPartOf\":{\"@id\":\"https:\/\/dicodusport.fr\/blog\/#website\"},\"primaryImageOfPage\":{\"@id\":\"https:\/\/dicodusport.fr\/blog\/video-martin-fourcade-dans-ses-oeuvres-sur-la-mass-start-doberhof-en-2014\/#primaryimage\"},\"image\":{\"@id\":\"https:\/\/dicodusport.fr\/blog\/video-martin-fourcade-dans-ses-oeuvres-sur-la-mass-start-doberhof-en-2014\/#primaryimage\"},\"thumbnailUrl\":\"https:\/\/dicodusport.fr\/blog\/wp-content\/uploads\/2020\/04\/Vid\u00e9o-Martin-Fourcade-dans-ses-oeuvres-sur-la-mass-start-dOberhof-en-2014.png\",\"datePublished\":\"2020-04-04T12:58:24+00:00\",\"description\":\"Biathlon - Gr\u00e2ce \u00e0 la cha\u00eene Youtube du m\u00e9dia Biathlon Live, revivez la victoire de Martin Fourcade sur la mass start d'Oberhof en 2014.\",\"breadcrumb\":{\"@id\":\"https:\/\/dicodusport.fr\/blog\/video-martin-fourcade-dans-ses-oeuvres-sur-la-mass-start-doberhof-en-2014\/#breadcrumb\"},\"inLanguage\":\"fr-FR\",\"potentialAction\":[{\"@type\":\"ReadAction\",\"target\":[\"https:\/\/dicodusport.fr\/blog\/video-martin-fourcade-dans-ses-oeuvres-sur-la-mass-start-doberhof-en-2014\/\"]}]},{\"@type\":\"ImageObject\",\"inLanguage\":\"fr-FR\",\"@id\":\"https:\/\/dicodusport.fr\/blog\/video-martin-fourcade-dans-ses-oeuvres-sur-la-mass-start-doberhof-en-2014\/#primaryimage\",\"url\":\"https:\/\/dicodusport.fr\/blog\/wp-content\/uploads\/2020\/04\/Vid\u00e9o-Martin-Fourcade-dans-ses-oeuvres-sur-la-mass-start-dOberhof-en-2014.png\",\"contentUrl\":\"https:\/\/dicodusport.fr\/blog\/wp-content\/uploads\/2020\/04\/Vid\u00e9o-Martin-Fourcade-dans-ses-oeuvres-sur-la-mass-start-dOberhof-en-2014.png\",\"width\":800,\"height\":445,\"caption\":\"[Vid\u00e9o] Martin Fourcade dans ses oeuvres sur la mass start d'Oberhof en 2014\"},{\"@type\":\"BreadcrumbList\",\"@id\":\"https:\/\/dicodusport.fr\/blog\/video-martin-fourcade-dans-ses-oeuvres-sur-la-mass-start-doberhof-en-2014\/#breadcrumb\",\"itemListElement\":[{\"@type\":\"ListItem\",\"position\":1,\"name\":\"Accueil\",\"item\":\"https:\/\/dicodusport.fr\/blog\/\"},{\"@type\":\"ListItem\",\"position\":2,\"name\":\"[Vid\u00e9o] Martin Fourcade dans ses oeuvres sur la mass start d&rsquo;Oberhof en 2014\"}]},{\"@type\":\"WebSite\",\"@id\":\"https:\/\/dicodusport.fr\/blog\/#website\",\"url\":\"https:\/\/dicodusport.fr\/blog\/\",\"name\":\"Dicodusport\",\"description\":\"L&#039;encyclop\u00e9die de l&#039;actualit\u00e9 sportive\",\"publisher\":{\"@id\":\"https:\/\/dicodusport.fr\/blog\/#organization\"},\"potentialAction\":[{\"@type\":\"SearchAction\",\"target\":{\"@type\":\"EntryPoint\",\"urlTemplate\":\"https:\/\/dicodusport.fr\/blog\/?s={search_term_string}\"},\"query-input\":{\"@type\":\"PropertyValueSpecification\",\"valueRequired\":true,\"valueName\":\"search_term_string\"}}],\"inLanguage\":\"fr-FR\"},{\"@type\":\"NewsMediaOrganization\",\"@id\":\"https:\/\/dicodusport.fr\/blog\/#organization\",\"name\":\"Dicodusport\",\"url\":\"https:\/\/dicodusport.fr\/blog\/\",\"logo\":{\"@type\":\"ImageObject\",\"inLanguage\":\"fr-FR\",\"@id\":\"https:\/\/dicodusport.fr\/blog\/#\/schema\/logo\/image\/\",\"url\":\"https:\/\/dicodusport.fr\/blog\/wp-content\/uploads\/2020\/06\/cropped-LOGO-DICODUSPORT-2020-SANS-FOND-SANS-TEXTE.png\",\"contentUrl\":\"https:\/\/dicodusport.fr\/blog\/wp-content\/uploads\/2020\/06\/cropped-LOGO-DICODUSPORT-2020-SANS-FOND-SANS-TEXTE.png\",\"width\":512,\"height\":512,\"caption\":\"Dicodusport\"},\"image\":{\"@id\":\"https:\/\/dicodusport.fr\/blog\/#\/schema\/logo\/image\/\"},\"sameAs\":[\"https:\/\/www.facebook.com\/dicodusport\",\"https:\/\/x.com\/dicodusport\",\"https:\/\/www.instagram.com\/dicodusport\/\",\"https:\/\/www.youtube.com\/channel\/UC7V2KZ5sd3htJivAbA4ZG3w\"],\"description\":\"Dicodusport est l'encyclop\u00e9die de l'actualit\u00e9 sportive.\",\"email\":\"bonjour@dicodusport.fr\",\"legalName\":\"DICODUSPORT\",\"foundingDate\":\"2018-01-14\",\"vatID\":\"FR71834470973\",\"taxID\":\"83447097300043\",\"numberOfEmployees\":{\"@type\":\"QuantitativeValue\",\"minValue\":\"1\",\"maxValue\":\"10\"}},{\"@type\":\"Person\",\"@id\":\"https:\/\/dicodusport.fr\/blog\/#\/schema\/person\/55dcb50ad410894e431ed812bbb70191\",\"name\":\"Nicolas Jacquemard\",\"image\":{\"@type\":\"ImageObject\",\"inLanguage\":\"fr-FR\",\"@id\":\"https:\/\/dicodusport.fr\/blog\/#\/schema\/person\/image\/\",\"url\":\"https:\/\/dicodusport.fr\/blog\/wp-content\/uploads\/2021\/05\/Nicolas-Jacquemard-150x150.jpeg\",\"contentUrl\":\"https:\/\/dicodusport.fr\/blog\/wp-content\/uploads\/2021\/05\/Nicolas-Jacquemard-150x150.jpeg\",\"caption\":\"Nicolas Jacquemard\"},\"description\":\"Passionn\u00e9 de sport et entrepreneur depuis mes 18 ans, la cr\u00e9ation de Dicodusport m'a sembl\u00e9 \u00e9vidente pour participer \u00e0 la m\u00e9diatisation d'un plus grand nombre de sports. Le chemin est long mais avec une \u00e9quipe des plus motiv\u00e9es et les Jeux Olympiques de Paris 2024 en point de mire, nous y arriverons ! Journaliste dans le monde du sport depuis plus de 5 ans, je traite aussi bien de football, de rugby, de biathlon que de cyclisme.\",\"sameAs\":[\"https:\/\/www.facebook.com\/dicodusport\",\"https:\/\/x.com\/https:\/\/twitter.com\/Nico_Jacquemard\"],\"url\":\"https:\/\/dicodusport.fr\/blog\/author\/dicodusport\/\"}]}<\/script>\n<!-- \/ Yoast SEO Premium plugin. -->","yoast_head_json":{"title":"[Vid\u00e9o] Martin Fourcade dans ses oeuvres sur la mass start d'Oberhof en 2014","description":"Biathlon - Gr\u00e2ce \u00e0 la cha\u00eene Youtube du m\u00e9dia Biathlon Live, revivez la victoire de Martin Fourcade sur la mass start d'Oberhof en 2014.","robots":{"index":"index","follow":"follow","max-snippet":"max-snippet:-1","max-image-preview":"max-image-preview:large","max-video-preview":"max-video-preview:-1"},"canonical":"https:\/\/dicodusport.fr\/blog\/video-martin-fourcade-dans-ses-oeuvres-sur-la-mass-start-doberhof-en-2014\/","og_locale":"fr_FR","og_type":"article","og_title":"[Vid\u00e9o] Martin Fourcade dans ses oeuvres sur la mass start d'Oberhof en 2014","og_description":"Biathlon - Gr\u00e2ce \u00e0 la cha\u00eene Youtube du m\u00e9dia Biathlon Live, revivez la victoire de Martin Fourcade sur la mass start d'Oberhof en 2014.","og_url":"https:\/\/dicodusport.fr\/blog\/video-martin-fourcade-dans-ses-oeuvres-sur-la-mass-start-doberhof-en-2014\/","og_site_name":"Dicodusport","article_publisher":"https:\/\/www.facebook.com\/dicodusport","article_author":"https:\/\/www.facebook.com\/dicodusport","article_published_time":"2020-04-04T12:58:24+00:00","og_image":[{"width":800,"height":445,"url":"https:\/\/dicodusport.fr\/blog\/wp-content\/uploads\/2020\/04\/Vid\u00e9o-Martin-Fourcade-dans-ses-oeuvres-sur-la-mass-start-dOberhof-en-2014.png","type":"image\/png"}],"author":"Nicolas Jacquemard","twitter_card":"summary_large_image","twitter_title":"[Vid\u00e9o] Martin Fourcade dans ses oeuvres sur la mass start d'Oberhof en 2014","twitter_creator":"@https:\/\/twitter.com\/Nico_Jacquemard","twitter_site":"@dicodusport","schema":{"@context":"https:\/\/schema.org","@graph":[{"@type":"NewsArticle","@id":"https:\/\/dicodusport.fr\/blog\/video-martin-fourcade-dans-ses-oeuvres-sur-la-mass-start-doberhof-en-2014\/#article","isPartOf":{"@id":"https:\/\/dicodusport.fr\/blog\/video-martin-fourcade-dans-ses-oeuvres-sur-la-mass-start-doberhof-en-2014\/"},"author":{"name":"Nicolas Jacquemard","@id":"https:\/\/dicodusport.fr\/blog\/#\/schema\/person\/55dcb50ad410894e431ed812bbb70191"},"headline":"[Vid\u00e9o] Martin Fourcade dans ses oeuvres sur la mass start d&rsquo;Oberhof en 2014","datePublished":"2020-04-04T12:58:24+00:00","mainEntityOfPage":{"@id":"https:\/\/dicodusport.fr\/blog\/video-martin-fourcade-dans-ses-oeuvres-sur-la-mass-start-doberhof-en-2014\/"},"wordCount":144,"commentCount":0,"publisher":{"@id":"https:\/\/dicodusport.fr\/blog\/#organization"},"image":{"@id":"https:\/\/dicodusport.fr\/blog\/video-martin-fourcade-dans-ses-oeuvres-sur-la-mass-start-doberhof-en-2014\/#primaryimage"},"thumbnailUrl":"https:\/\/dicodusport.fr\/blog\/wp-content\/uploads\/2020\/04\/Vid\u00e9o-Martin-Fourcade-dans-ses-oeuvres-sur-la-mass-start-dOberhof-en-2014.png","keywords":["Biathlon","Martin Fourcade","Mass start","Oberhof"],"articleSection":["Biathlon","Histoire"],"inLanguage":"fr-FR","potentialAction":[{"@type":"CommentAction","name":"Comment","target":["https:\/\/dicodusport.fr\/blog\/video-martin-fourcade-dans-ses-oeuvres-sur-la-mass-start-doberhof-en-2014\/#respond"]}],"copyrightYear":"2020","copyrightHolder":{"@id":"https:\/\/dicodusport.fr\/blog\/#organization"}},{"@type":"WebPage","@id":"https:\/\/dicodusport.fr\/blog\/video-martin-fourcade-dans-ses-oeuvres-sur-la-mass-start-doberhof-en-2014\/","url":"https:\/\/dicodusport.fr\/blog\/video-martin-fourcade-dans-ses-oeuvres-sur-la-mass-start-doberhof-en-2014\/","name":"[Vid\u00e9o] Martin Fourcade dans ses oeuvres sur la mass start d'Oberhof en 2014","isPartOf":{"@id":"https:\/\/dicodusport.fr\/blog\/#website"},"primaryImageOfPage":{"@id":"https:\/\/dicodusport.fr\/blog\/video-martin-fourcade-dans-ses-oeuvres-sur-la-mass-start-doberhof-en-2014\/#primaryimage"},"image":{"@id":"https:\/\/dicodusport.fr\/blog\/video-martin-fourcade-dans-ses-oeuvres-sur-la-mass-start-doberhof-en-2014\/#primaryimage"},"thumbnailUrl":"https:\/\/dicodusport.fr\/blog\/wp-content\/uploads\/2020\/04\/Vid\u00e9o-Martin-Fourcade-dans-ses-oeuvres-sur-la-mass-start-dOberhof-en-2014.png","datePublished":"2020-04-04T12:58:24+00:00","description":"Biathlon - Gr\u00e2ce \u00e0 la cha\u00eene Youtube du m\u00e9dia Biathlon Live, revivez la victoire de Martin Fourcade sur la mass start d'Oberhof en 2014.","breadcrumb":{"@id":"https:\/\/dicodusport.fr\/blog\/video-martin-fourcade-dans-ses-oeuvres-sur-la-mass-start-doberhof-en-2014\/#breadcrumb"},"inLanguage":"fr-FR","potentialAction":[{"@type":"ReadAction","target":["https:\/\/dicodusport.fr\/blog\/video-martin-fourcade-dans-ses-oeuvres-sur-la-mass-start-doberhof-en-2014\/"]}]},{"@type":"ImageObject","inLanguage":"fr-FR","@id":"https:\/\/dicodusport.fr\/blog\/video-martin-fourcade-dans-ses-oeuvres-sur-la-mass-start-doberhof-en-2014\/#primaryimage","url":"https:\/\/dicodusport.fr\/blog\/wp-content\/uploads\/2020\/04\/Vid\u00e9o-Martin-Fourcade-dans-ses-oeuvres-sur-la-mass-start-dOberhof-en-2014.png","contentUrl":"https:\/\/dicodusport.fr\/blog\/wp-content\/uploads\/2020\/04\/Vid\u00e9o-Martin-Fourcade-dans-ses-oeuvres-sur-la-mass-start-dOberhof-en-2014.png","width":800,"height":445,"caption":"[Vid\u00e9o] Martin Fourcade dans ses oeuvres sur la mass start d'Oberhof en 2014"},{"@type":"BreadcrumbList","@id":"https:\/\/dicodusport.fr\/blog\/video-martin-fourcade-dans-ses-oeuvres-sur-la-mass-start-doberhof-en-2014\/#breadcrumb","itemListElement":[{"@type":"ListItem","position":1,"name":"Accueil","item":"https:\/\/dicodusport.fr\/blog\/"},{"@type":"ListItem","position":2,"name":"[Vid\u00e9o] Martin Fourcade dans ses oeuvres sur la mass start d&rsquo;Oberhof en 2014"}]},{"@type":"WebSite","@id":"https:\/\/dicodusport.fr\/blog\/#website","url":"https:\/\/dicodusport.fr\/blog\/","name":"Dicodusport","description":"L&#039;encyclop\u00e9die de l&#039;actualit\u00e9 sportive","publisher":{"@id":"https:\/\/dicodusport.fr\/blog\/#organization"},"potentialAction":[{"@type":"SearchAction","target":{"@type":"EntryPoint","urlTemplate":"https:\/\/dicodusport.fr\/blog\/?s={search_term_string}"},"query-input":{"@type":"PropertyValueSpecification","valueRequired":true,"valueName":"search_term_string"}}],"inLanguage":"fr-FR"},{"@type":"NewsMediaOrganization","@id":"https:\/\/dicodusport.fr\/blog\/#organization","name":"Dicodusport","url":"https:\/\/dicodusport.fr\/blog\/","logo":{"@type":"ImageObject","inLanguage":"fr-FR","@id":"https:\/\/dicodusport.fr\/blog\/#\/schema\/logo\/image\/","url":"https:\/\/dicodusport.fr\/blog\/wp-content\/uploads\/2020\/06\/cropped-LOGO-DICODUSPORT-2020-SANS-FOND-SANS-TEXTE.png","contentUrl":"https:\/\/dicodusport.fr\/blog\/wp-content\/uploads\/2020\/06\/cropped-LOGO-DICODUSPORT-2020-SANS-FOND-SANS-TEXTE.png","width":512,"height":512,"caption":"Dicodusport"},"image":{"@id":"https:\/\/dicodusport.fr\/blog\/#\/schema\/logo\/image\/"},"sameAs":["https:\/\/www.facebook.com\/dicodusport","https:\/\/x.com\/dicodusport","https:\/\/www.instagram.com\/dicodusport\/","https:\/\/www.youtube.com\/channel\/UC7V2KZ5sd3htJivAbA4ZG3w"],"description":"Dicodusport est l'encyclop\u00e9die de l'actualit\u00e9 sportive.","email":"bonjour@dicodusport.fr","legalName":"DICODUSPORT","foundingDate":"2018-01-14","vatID":"FR71834470973","taxID":"83447097300043","numberOfEmployees":{"@type":"QuantitativeValue","minValue":"1","maxValue":"10"}},{"@type":"Person","@id":"https:\/\/dicodusport.fr\/blog\/#\/schema\/person\/55dcb50ad410894e431ed812bbb70191","name":"Nicolas Jacquemard","image":{"@type":"ImageObject","inLanguage":"fr-FR","@id":"https:\/\/dicodusport.fr\/blog\/#\/schema\/person\/image\/","url":"https:\/\/dicodusport.fr\/blog\/wp-content\/uploads\/2021\/05\/Nicolas-Jacquemard-150x150.jpeg","contentUrl":"https:\/\/dicodusport.fr\/blog\/wp-content\/uploads\/2021\/05\/Nicolas-Jacquemard-150x150.jpeg","caption":"Nicolas Jacquemard"},"description":"Passionn\u00e9 de sport et entrepreneur depuis mes 18 ans, la cr\u00e9ation de Dicodusport m'a sembl\u00e9 \u00e9vidente pour participer \u00e0 la m\u00e9diatisation d'un plus grand nombre de sports. Le chemin est long mais avec une \u00e9quipe des plus motiv\u00e9es et les Jeux Olympiques de Paris 2024 en point de mire, nous y arriverons ! Journaliste dans le monde du sport depuis plus de 5 ans, je traite aussi bien de football, de rugby, de biathlon que de cyclisme.","sameAs":["https:\/\/www.facebook.com\/dicodusport","https:\/\/x.com\/https:\/\/twitter.com\/Nico_Jacquemard"],"url":"https:\/\/dicodusport.fr\/blog\/author\/dicodusport\/"}]}},"_links":{"self":[{"href":"https:\/\/dicodusport.fr\/blog\/wp-json\/wp\/v2\/posts\/64433","targetHints":{"allow":["GET"]}}],"collection":[{"href":"https:\/\/dicodusport.fr\/blog\/wp-json\/wp\/v2\/posts"}],"about":[{"href":"https:\/\/dicodusport.fr\/blog\/wp-json\/wp\/v2\/types\/post"}],"author":[{"embeddable":true,"href":"https:\/\/dicodusport.fr\/blog\/wp-json\/wp\/v2\/users\/1"}],"replies":[{"embeddable":true,"href":"https:\/\/dicodusport.fr\/blog\/wp-json\/wp\/v2\/comments?post=64433"}],"version-history":[{"count":0,"href":"https:\/\/dicodusport.fr\/blog\/wp-json\/wp\/v2\/posts\/64433\/revisions"}],"wp:featuredmedia":[{"embeddable":true,"href":"https:\/\/dicodusport.fr\/blog\/wp-json\/wp\/v2\/media\/64437"}],"wp:attachment":[{"href":"https:\/\/dicodusport.fr\/blog\/wp-json\/wp\/v2\/media?parent=64433"}],"wp:term":[{"taxonomy":"category","embeddable":true,"href":"https:\/\/dicodusport.fr\/blog\/wp-json\/wp\/v2\/categories?post=64433"},{"taxonomy":"post_tag","embeddable":true,"href":"https:\/\/dicodusport.fr\/blog\/wp-json\/wp\/v2\/tags?post=64433"}],"curies":[{"name":"wp","href":"https:\/\/api.w.org\/{rel}","templated":true}]}}