{"id":64439,"date":"2020-04-04T16:08:31","date_gmt":"2020-04-04T14:08:31","guid":{"rendered":"http:\/\/dicodusport.fr\/blog\/?p=64439&#038;preview=true&#038;preview_id=64439"},"modified":"2020-04-04T16:11:04","modified_gmt":"2020-04-04T14:11:04","slug":"malgre-suspension-top-14-canal-va-payer-droits-tele","status":"publish","type":"post","link":"https:\/\/dicodusport.fr\/blog\/malgre-suspension-top-14-canal-va-payer-droits-tele\/","title":{"rendered":"Malgr\u00e9 la suspension du Top 14, Canal + va payer les droits t\u00e9l\u00e9"},"content":{"rendered":"<p style=\"text-align: justify;\"><strong><em><a href=\"https:\/\/dicodusport.fr\/blog\/tag\/top-14\/\" target=\"_blank\" rel=\"noopener noreferrer\">Top 14<\/a> &#8211; Canal + a rassur\u00e9 les clubs professionnels. La cha\u00eene crypt\u00e9e va en effet payer les droits t\u00e9l\u00e9, et ce malgr\u00e9 la suspension des championnats.<\/em><\/strong><\/p>\n<p style=\"text-align: justify;\">Soulagement pour les clubs de rugby professionnels. <strong>Canal +<\/strong>, qui a acquis les droits t\u00e9l\u00e9visuels du rugby pour 97 millions d&rsquo;euros jusqu&rsquo;en 2023, va bien verser ces droits \u00e0 la <strong>Ligue Nationale de Rugby<\/strong>. Un dirigeant de la cha\u00eene crypt\u00e9e a tenu \u00e0 rassurer les pr\u00e9sidents des clubs fran\u00e7ais, dans les colonnes du <em>Midi Olympique<\/em> :<\/p>\n<blockquote>\n<p style=\"text-align: justify;\">Les relations avec la Ligue sont tr\u00e8s saines et m\u00eame excellentes.<\/p>\n<\/blockquote>\n<p style=\"text-align: justify;\">L&rsquo;interrogation \u00e9tait l\u00e9gitime pour le rugby fran\u00e7ais. En effet,\u00a0<strong>Canal +<\/strong>\u00a0avait r\u00e9cemment refus\u00e9 de verser 110 millions d&rsquo;euros \u00e0 la <strong>Ligue Football Professionnelle<\/strong> pour les droits t\u00e9l\u00e9 du championnat de <strong>Ligue 1<\/strong>. Mais la quatri\u00e8me cha\u00eene se dit solidaire du rugby tricolore. Une bonne nouvelle pour ce dernier.<\/p>\n<p><strong><em>Dicodusport<br \/>\n<a href=\"https:\/\/www.facebook.com\/dicodusport\/\" target=\"_blank\" rel=\"noopener noreferrer\"><img loading=\"lazy\" decoding=\"async\" class=\"alignnone wp-image-2909\" src=\"http:\/\/dicodusport.fr\/blog\/wp-content\/uploads\/2017\/07\/logo-facebook-150x150.png\" alt=\"\" width=\"40\" height=\"40\" \/><\/a><a href=\"https:\/\/twitter.com\/dicodusport\" target=\"_blank\" rel=\"noopener noreferrer\"><img loading=\"lazy\" decoding=\"async\" class=\"alignnone wp-image-2908\" src=\"http:\/\/dicodusport.fr\/blog\/wp-content\/uploads\/2017\/07\/logo-twitter-150x150.png\" alt=\"\" width=\"39\" height=\"39\" \/><\/a><\/em><\/strong><\/p>\n","protected":false},"excerpt":{"rendered":"<p>Top 14 &#8211; Canal + a rassur\u00e9 les clubs professionnels. La cha\u00eene crypt\u00e9e va en effet payer les droits t\u00e9l\u00e9, et ce malgr\u00e9 la suspension des championnats.<\/p>\n","protected":false},"author":4,"featured_media":64440,"comment_status":"open","ping_status":"closed","sticky":false,"template":"","format":"standard","meta":{"_acf_changed":false,"_daextam_enable_autolinks":"","footnotes":""},"categories":[9129],"tags":[13,111],"class_list":["post-64439","post","type-post","status-publish","format-standard","has-post-thumbnail","hentry","category-rugby-a-xv","tag-rugby","tag-top-14"],"acf":[],"yoast_head":"<!-- This site is optimized with the Yoast SEO Premium plugin v26.7 (Yoast SEO v26.7) - https:\/\/yoast.com\/wordpress\/plugins\/seo\/ -->\n<title>Malgr\u00e9 la suspension du Top 14, Canal + va payer les droits t\u00e9l\u00e9<\/title>\n<meta name=\"description\" content=\"Top 14 - Canal + a rassur\u00e9 les clubs professionnels. La cha\u00eene crypt\u00e9e va en effet payer les droits t\u00e9l\u00e9, et ce malgr\u00e9 la suspension des championnats.\" \/>\n<meta name=\"robots\" content=\"index, follow, max-snippet:-1, max-image-preview:large, max-video-preview:-1\" \/>\n<link rel=\"canonical\" href=\"https:\/\/dicodusport.fr\/blog\/malgre-suspension-top-14-canal-va-payer-droits-tele\/\" \/>\n<meta property=\"og:locale\" content=\"fr_FR\" \/>\n<meta property=\"og:type\" content=\"article\" \/>\n<meta property=\"og:title\" content=\"Malgr\u00e9 la suspension du Top 14, Canal + va payer les droits t\u00e9l\u00e9\" \/>\n<meta property=\"og:description\" content=\"Top 14 - Canal + a rassur\u00e9 les clubs professionnels. La cha\u00eene crypt\u00e9e va en effet payer les droits t\u00e9l\u00e9, et ce malgr\u00e9 la suspension des championnats.\" \/>\n<meta property=\"og:url\" content=\"https:\/\/dicodusport.fr\/blog\/malgre-suspension-top-14-canal-va-payer-droits-tele\/\" \/>\n<meta property=\"og:site_name\" content=\"Dicodusport\" \/>\n<meta property=\"article:publisher\" content=\"https:\/\/www.facebook.com\/dicodusport\" \/>\n<meta property=\"article:author\" content=\"https:\/\/www.facebook.com\/florent.ostermann\" \/>\n<meta property=\"article:published_time\" content=\"2020-04-04T14:08:31+00:00\" \/>\n<meta property=\"article:modified_time\" content=\"2020-04-04T14:11:04+00:00\" \/>\n<meta property=\"og:image\" content=\"https:\/\/dicodusport.fr\/blog\/wp-content\/uploads\/2020\/04\/Malgr\u00e9-la-suspension-du-Top-14-Canal-va-payer-les-droits-t\u00e9l\u00e9.png\" \/>\n\t<meta property=\"og:image:width\" content=\"800\" \/>\n\t<meta property=\"og:image:height\" content=\"445\" \/>\n\t<meta property=\"og:image:type\" content=\"image\/png\" \/>\n<meta name=\"author\" content=\"Flo Ostermann\" \/>\n<meta name=\"twitter:card\" content=\"summary_large_image\" \/>\n<meta name=\"twitter:title\" content=\"Malgr\u00e9 la suspension du Top 14, Canal + va payer les droits t\u00e9l\u00e9\" \/>\n<meta name=\"twitter:creator\" content=\"@https:\/\/twitter.com\/FlOstermann\" \/>\n<meta name=\"twitter:site\" content=\"@dicodusport\" \/>\n<script type=\"application\/ld+json\" class=\"yoast-schema-graph\">{\"@context\":\"https:\/\/schema.org\",\"@graph\":[{\"@type\":\"NewsArticle\",\"@id\":\"https:\/\/dicodusport.fr\/blog\/malgre-suspension-top-14-canal-va-payer-droits-tele\/#article\",\"isPartOf\":{\"@id\":\"https:\/\/dicodusport.fr\/blog\/malgre-suspension-top-14-canal-va-payer-droits-tele\/\"},\"author\":{\"name\":\"Flo Ostermann\",\"@id\":\"https:\/\/dicodusport.fr\/blog\/#\/schema\/person\/cb02af4c173ce4a653b55e9baf388d4a\"},\"headline\":\"Malgr\u00e9 la suspension du Top 14, Canal + va payer les droits t\u00e9l\u00e9\",\"datePublished\":\"2020-04-04T14:08:31+00:00\",\"dateModified\":\"2020-04-04T14:11:04+00:00\",\"mainEntityOfPage\":{\"@id\":\"https:\/\/dicodusport.fr\/blog\/malgre-suspension-top-14-canal-va-payer-droits-tele\/\"},\"wordCount\":165,\"commentCount\":0,\"publisher\":{\"@id\":\"https:\/\/dicodusport.fr\/blog\/#organization\"},\"image\":{\"@id\":\"https:\/\/dicodusport.fr\/blog\/malgre-suspension-top-14-canal-va-payer-droits-tele\/#primaryimage\"},\"thumbnailUrl\":\"https:\/\/dicodusport.fr\/blog\/wp-content\/uploads\/2020\/04\/Malgr\u00e9-la-suspension-du-Top-14-Canal-va-payer-les-droits-t\u00e9l\u00e9.png\",\"keywords\":[\"Rugby\",\"Top 14\"],\"articleSection\":[\"Rugby \u00e0 XV\"],\"inLanguage\":\"fr-FR\",\"potentialAction\":[{\"@type\":\"CommentAction\",\"name\":\"Comment\",\"target\":[\"https:\/\/dicodusport.fr\/blog\/malgre-suspension-top-14-canal-va-payer-droits-tele\/#respond\"]}],\"copyrightYear\":\"2020\",\"copyrightHolder\":{\"@id\":\"https:\/\/dicodusport.fr\/blog\/#organization\"}},{\"@type\":\"WebPage\",\"@id\":\"https:\/\/dicodusport.fr\/blog\/malgre-suspension-top-14-canal-va-payer-droits-tele\/\",\"url\":\"https:\/\/dicodusport.fr\/blog\/malgre-suspension-top-14-canal-va-payer-droits-tele\/\",\"name\":\"Malgr\u00e9 la suspension du Top 14, Canal + va payer les droits t\u00e9l\u00e9\",\"isPartOf\":{\"@id\":\"https:\/\/dicodusport.fr\/blog\/#website\"},\"primaryImageOfPage\":{\"@id\":\"https:\/\/dicodusport.fr\/blog\/malgre-suspension-top-14-canal-va-payer-droits-tele\/#primaryimage\"},\"image\":{\"@id\":\"https:\/\/dicodusport.fr\/blog\/malgre-suspension-top-14-canal-va-payer-droits-tele\/#primaryimage\"},\"thumbnailUrl\":\"https:\/\/dicodusport.fr\/blog\/wp-content\/uploads\/2020\/04\/Malgr\u00e9-la-suspension-du-Top-14-Canal-va-payer-les-droits-t\u00e9l\u00e9.png\",\"datePublished\":\"2020-04-04T14:08:31+00:00\",\"dateModified\":\"2020-04-04T14:11:04+00:00\",\"description\":\"Top 14 - Canal + a rassur\u00e9 les clubs professionnels. La cha\u00eene crypt\u00e9e va en effet payer les droits t\u00e9l\u00e9, et ce malgr\u00e9 la suspension des championnats.\",\"breadcrumb\":{\"@id\":\"https:\/\/dicodusport.fr\/blog\/malgre-suspension-top-14-canal-va-payer-droits-tele\/#breadcrumb\"},\"inLanguage\":\"fr-FR\",\"potentialAction\":[{\"@type\":\"ReadAction\",\"target\":[\"https:\/\/dicodusport.fr\/blog\/malgre-suspension-top-14-canal-va-payer-droits-tele\/\"]}]},{\"@type\":\"ImageObject\",\"inLanguage\":\"fr-FR\",\"@id\":\"https:\/\/dicodusport.fr\/blog\/malgre-suspension-top-14-canal-va-payer-droits-tele\/#primaryimage\",\"url\":\"https:\/\/dicodusport.fr\/blog\/wp-content\/uploads\/2020\/04\/Malgr\u00e9-la-suspension-du-Top-14-Canal-va-payer-les-droits-t\u00e9l\u00e9.png\",\"contentUrl\":\"https:\/\/dicodusport.fr\/blog\/wp-content\/uploads\/2020\/04\/Malgr\u00e9-la-suspension-du-Top-14-Canal-va-payer-les-droits-t\u00e9l\u00e9.png\",\"width\":800,\"height\":445,\"caption\":\"Malgr\u00e9 la suspension du Top 14, Canal + va payer les droits t\u00e9l\u00e9\"},{\"@type\":\"BreadcrumbList\",\"@id\":\"https:\/\/dicodusport.fr\/blog\/malgre-suspension-top-14-canal-va-payer-droits-tele\/#breadcrumb\",\"itemListElement\":[{\"@type\":\"ListItem\",\"position\":1,\"name\":\"Accueil\",\"item\":\"https:\/\/dicodusport.fr\/blog\/\"},{\"@type\":\"ListItem\",\"position\":2,\"name\":\"Malgr\u00e9 la suspension du Top 14, Canal + va payer les droits t\u00e9l\u00e9\"}]},{\"@type\":\"WebSite\",\"@id\":\"https:\/\/dicodusport.fr\/blog\/#website\",\"url\":\"https:\/\/dicodusport.fr\/blog\/\",\"name\":\"Dicodusport\",\"description\":\"L&#039;encyclop\u00e9die de l&#039;actualit\u00e9 sportive\",\"publisher\":{\"@id\":\"https:\/\/dicodusport.fr\/blog\/#organization\"},\"potentialAction\":[{\"@type\":\"SearchAction\",\"target\":{\"@type\":\"EntryPoint\",\"urlTemplate\":\"https:\/\/dicodusport.fr\/blog\/?s={search_term_string}\"},\"query-input\":{\"@type\":\"PropertyValueSpecification\",\"valueRequired\":true,\"valueName\":\"search_term_string\"}}],\"inLanguage\":\"fr-FR\"},{\"@type\":\"NewsMediaOrganization\",\"@id\":\"https:\/\/dicodusport.fr\/blog\/#organization\",\"name\":\"Dicodusport\",\"url\":\"https:\/\/dicodusport.fr\/blog\/\",\"logo\":{\"@type\":\"ImageObject\",\"inLanguage\":\"fr-FR\",\"@id\":\"https:\/\/dicodusport.fr\/blog\/#\/schema\/logo\/image\/\",\"url\":\"https:\/\/dicodusport.fr\/blog\/wp-content\/uploads\/2020\/06\/cropped-LOGO-DICODUSPORT-2020-SANS-FOND-SANS-TEXTE.png\",\"contentUrl\":\"https:\/\/dicodusport.fr\/blog\/wp-content\/uploads\/2020\/06\/cropped-LOGO-DICODUSPORT-2020-SANS-FOND-SANS-TEXTE.png\",\"width\":512,\"height\":512,\"caption\":\"Dicodusport\"},\"image\":{\"@id\":\"https:\/\/dicodusport.fr\/blog\/#\/schema\/logo\/image\/\"},\"sameAs\":[\"https:\/\/www.facebook.com\/dicodusport\",\"https:\/\/x.com\/dicodusport\",\"https:\/\/www.instagram.com\/dicodusport\/\",\"https:\/\/www.youtube.com\/channel\/UC7V2KZ5sd3htJivAbA4ZG3w\"],\"description\":\"Dicodusport est l'encyclop\u00e9die de l'actualit\u00e9 sportive.\",\"email\":\"bonjour@dicodusport.fr\",\"legalName\":\"DICODUSPORT\",\"foundingDate\":\"2018-01-14\",\"vatID\":\"FR71834470973\",\"taxID\":\"83447097300043\",\"numberOfEmployees\":{\"@type\":\"QuantitativeValue\",\"minValue\":\"1\",\"maxValue\":\"10\"}},{\"@type\":\"Person\",\"@id\":\"https:\/\/dicodusport.fr\/blog\/#\/schema\/person\/cb02af4c173ce4a653b55e9baf388d4a\",\"name\":\"Flo Ostermann\",\"image\":{\"@type\":\"ImageObject\",\"inLanguage\":\"fr-FR\",\"@id\":\"https:\/\/dicodusport.fr\/blog\/#\/schema\/person\/image\/\",\"url\":\"https:\/\/dicodusport.fr\/blog\/wp-content\/uploads\/2021\/05\/Flo-Ostermann-150x150.jpg\",\"contentUrl\":\"https:\/\/dicodusport.fr\/blog\/wp-content\/uploads\/2021\/05\/Flo-Ostermann-150x150.jpg\",\"caption\":\"Flo Ostermann\"},\"description\":\"Journaliste\/R\u00e9dacteur depuis septembre 2015 - Mes premiers souvenirs dans le sport ? Les envol\u00e9es du Stade Toulousain et les duels Villeneuve-Schumacher et H\u00e4kkinen-Schumacher \u00e0 la fin des ann\u00e9es 90, la Coupe du monde de football en 1998, l\u2019exploit du XV de France face aux All Blacks en 1999, mais aussi Richard C\u0153ur de Lion qui vole sur les montagnes du Tour de France. Bien parti pour devenir professeur d\u2019EPS, les \u00e9v\u00e9nements de la vie (et la flemme d\u2019animer des s\u00e9ances de 3x500 m\u00e8tres toute ma vie) m\u2019ont conduit \u00e0 revoir mes plans. Me voil\u00e0 depuis fin 2017 sur Dicodusport, m\u00e9dia gr\u00e2ce (et pour) lequel je partage ma passion : le sport dans tous ses \u00e9tats. Le tout accompagn\u00e9 par les fous furieux et folles furieuses cit\u00e9s sur cette page !\",\"sameAs\":[\"https:\/\/www.facebook.com\/florent.ostermann\",\"https:\/\/x.com\/https:\/\/twitter.com\/FlOstermann\",\"admin\"],\"url\":\"https:\/\/dicodusport.fr\/blog\/author\/flo\/\"}]}<\/script>\n<!-- \/ Yoast SEO Premium plugin. -->","yoast_head_json":{"title":"Malgr\u00e9 la suspension du Top 14, Canal + va payer les droits t\u00e9l\u00e9","description":"Top 14 - Canal + a rassur\u00e9 les clubs professionnels. La cha\u00eene crypt\u00e9e va en effet payer les droits t\u00e9l\u00e9, et ce malgr\u00e9 la suspension des championnats.","robots":{"index":"index","follow":"follow","max-snippet":"max-snippet:-1","max-image-preview":"max-image-preview:large","max-video-preview":"max-video-preview:-1"},"canonical":"https:\/\/dicodusport.fr\/blog\/malgre-suspension-top-14-canal-va-payer-droits-tele\/","og_locale":"fr_FR","og_type":"article","og_title":"Malgr\u00e9 la suspension du Top 14, Canal + va payer les droits t\u00e9l\u00e9","og_description":"Top 14 - Canal + a rassur\u00e9 les clubs professionnels. La cha\u00eene crypt\u00e9e va en effet payer les droits t\u00e9l\u00e9, et ce malgr\u00e9 la suspension des championnats.","og_url":"https:\/\/dicodusport.fr\/blog\/malgre-suspension-top-14-canal-va-payer-droits-tele\/","og_site_name":"Dicodusport","article_publisher":"https:\/\/www.facebook.com\/dicodusport","article_author":"https:\/\/www.facebook.com\/florent.ostermann","article_published_time":"2020-04-04T14:08:31+00:00","article_modified_time":"2020-04-04T14:11:04+00:00","og_image":[{"width":800,"height":445,"url":"https:\/\/dicodusport.fr\/blog\/wp-content\/uploads\/2020\/04\/Malgr\u00e9-la-suspension-du-Top-14-Canal-va-payer-les-droits-t\u00e9l\u00e9.png","type":"image\/png"}],"author":"Flo Ostermann","twitter_card":"summary_large_image","twitter_title":"Malgr\u00e9 la suspension du Top 14, Canal + va payer les droits t\u00e9l\u00e9","twitter_creator":"@https:\/\/twitter.com\/FlOstermann","twitter_site":"@dicodusport","schema":{"@context":"https:\/\/schema.org","@graph":[{"@type":"NewsArticle","@id":"https:\/\/dicodusport.fr\/blog\/malgre-suspension-top-14-canal-va-payer-droits-tele\/#article","isPartOf":{"@id":"https:\/\/dicodusport.fr\/blog\/malgre-suspension-top-14-canal-va-payer-droits-tele\/"},"author":{"name":"Flo Ostermann","@id":"https:\/\/dicodusport.fr\/blog\/#\/schema\/person\/cb02af4c173ce4a653b55e9baf388d4a"},"headline":"Malgr\u00e9 la suspension du Top 14, Canal + va payer les droits t\u00e9l\u00e9","datePublished":"2020-04-04T14:08:31+00:00","dateModified":"2020-04-04T14:11:04+00:00","mainEntityOfPage":{"@id":"https:\/\/dicodusport.fr\/blog\/malgre-suspension-top-14-canal-va-payer-droits-tele\/"},"wordCount":165,"commentCount":0,"publisher":{"@id":"https:\/\/dicodusport.fr\/blog\/#organization"},"image":{"@id":"https:\/\/dicodusport.fr\/blog\/malgre-suspension-top-14-canal-va-payer-droits-tele\/#primaryimage"},"thumbnailUrl":"https:\/\/dicodusport.fr\/blog\/wp-content\/uploads\/2020\/04\/Malgr\u00e9-la-suspension-du-Top-14-Canal-va-payer-les-droits-t\u00e9l\u00e9.png","keywords":["Rugby","Top 14"],"articleSection":["Rugby \u00e0 XV"],"inLanguage":"fr-FR","potentialAction":[{"@type":"CommentAction","name":"Comment","target":["https:\/\/dicodusport.fr\/blog\/malgre-suspension-top-14-canal-va-payer-droits-tele\/#respond"]}],"copyrightYear":"2020","copyrightHolder":{"@id":"https:\/\/dicodusport.fr\/blog\/#organization"}},{"@type":"WebPage","@id":"https:\/\/dicodusport.fr\/blog\/malgre-suspension-top-14-canal-va-payer-droits-tele\/","url":"https:\/\/dicodusport.fr\/blog\/malgre-suspension-top-14-canal-va-payer-droits-tele\/","name":"Malgr\u00e9 la suspension du Top 14, Canal + va payer les droits t\u00e9l\u00e9","isPartOf":{"@id":"https:\/\/dicodusport.fr\/blog\/#website"},"primaryImageOfPage":{"@id":"https:\/\/dicodusport.fr\/blog\/malgre-suspension-top-14-canal-va-payer-droits-tele\/#primaryimage"},"image":{"@id":"https:\/\/dicodusport.fr\/blog\/malgre-suspension-top-14-canal-va-payer-droits-tele\/#primaryimage"},"thumbnailUrl":"https:\/\/dicodusport.fr\/blog\/wp-content\/uploads\/2020\/04\/Malgr\u00e9-la-suspension-du-Top-14-Canal-va-payer-les-droits-t\u00e9l\u00e9.png","datePublished":"2020-04-04T14:08:31+00:00","dateModified":"2020-04-04T14:11:04+00:00","description":"Top 14 - Canal + a rassur\u00e9 les clubs professionnels. La cha\u00eene crypt\u00e9e va en effet payer les droits t\u00e9l\u00e9, et ce malgr\u00e9 la suspension des championnats.","breadcrumb":{"@id":"https:\/\/dicodusport.fr\/blog\/malgre-suspension-top-14-canal-va-payer-droits-tele\/#breadcrumb"},"inLanguage":"fr-FR","potentialAction":[{"@type":"ReadAction","target":["https:\/\/dicodusport.fr\/blog\/malgre-suspension-top-14-canal-va-payer-droits-tele\/"]}]},{"@type":"ImageObject","inLanguage":"fr-FR","@id":"https:\/\/dicodusport.fr\/blog\/malgre-suspension-top-14-canal-va-payer-droits-tele\/#primaryimage","url":"https:\/\/dicodusport.fr\/blog\/wp-content\/uploads\/2020\/04\/Malgr\u00e9-la-suspension-du-Top-14-Canal-va-payer-les-droits-t\u00e9l\u00e9.png","contentUrl":"https:\/\/dicodusport.fr\/blog\/wp-content\/uploads\/2020\/04\/Malgr\u00e9-la-suspension-du-Top-14-Canal-va-payer-les-droits-t\u00e9l\u00e9.png","width":800,"height":445,"caption":"Malgr\u00e9 la suspension du Top 14, Canal + va payer les droits t\u00e9l\u00e9"},{"@type":"BreadcrumbList","@id":"https:\/\/dicodusport.fr\/blog\/malgre-suspension-top-14-canal-va-payer-droits-tele\/#breadcrumb","itemListElement":[{"@type":"ListItem","position":1,"name":"Accueil","item":"https:\/\/dicodusport.fr\/blog\/"},{"@type":"ListItem","position":2,"name":"Malgr\u00e9 la suspension du Top 14, Canal + va payer les droits t\u00e9l\u00e9"}]},{"@type":"WebSite","@id":"https:\/\/dicodusport.fr\/blog\/#website","url":"https:\/\/dicodusport.fr\/blog\/","name":"Dicodusport","description":"L&#039;encyclop\u00e9die de l&#039;actualit\u00e9 sportive","publisher":{"@id":"https:\/\/dicodusport.fr\/blog\/#organization"},"potentialAction":[{"@type":"SearchAction","target":{"@type":"EntryPoint","urlTemplate":"https:\/\/dicodusport.fr\/blog\/?s={search_term_string}"},"query-input":{"@type":"PropertyValueSpecification","valueRequired":true,"valueName":"search_term_string"}}],"inLanguage":"fr-FR"},{"@type":"NewsMediaOrganization","@id":"https:\/\/dicodusport.fr\/blog\/#organization","name":"Dicodusport","url":"https:\/\/dicodusport.fr\/blog\/","logo":{"@type":"ImageObject","inLanguage":"fr-FR","@id":"https:\/\/dicodusport.fr\/blog\/#\/schema\/logo\/image\/","url":"https:\/\/dicodusport.fr\/blog\/wp-content\/uploads\/2020\/06\/cropped-LOGO-DICODUSPORT-2020-SANS-FOND-SANS-TEXTE.png","contentUrl":"https:\/\/dicodusport.fr\/blog\/wp-content\/uploads\/2020\/06\/cropped-LOGO-DICODUSPORT-2020-SANS-FOND-SANS-TEXTE.png","width":512,"height":512,"caption":"Dicodusport"},"image":{"@id":"https:\/\/dicodusport.fr\/blog\/#\/schema\/logo\/image\/"},"sameAs":["https:\/\/www.facebook.com\/dicodusport","https:\/\/x.com\/dicodusport","https:\/\/www.instagram.com\/dicodusport\/","https:\/\/www.youtube.com\/channel\/UC7V2KZ5sd3htJivAbA4ZG3w"],"description":"Dicodusport est l'encyclop\u00e9die de l'actualit\u00e9 sportive.","email":"bonjour@dicodusport.fr","legalName":"DICODUSPORT","foundingDate":"2018-01-14","vatID":"FR71834470973","taxID":"83447097300043","numberOfEmployees":{"@type":"QuantitativeValue","minValue":"1","maxValue":"10"}},{"@type":"Person","@id":"https:\/\/dicodusport.fr\/blog\/#\/schema\/person\/cb02af4c173ce4a653b55e9baf388d4a","name":"Flo Ostermann","image":{"@type":"ImageObject","inLanguage":"fr-FR","@id":"https:\/\/dicodusport.fr\/blog\/#\/schema\/person\/image\/","url":"https:\/\/dicodusport.fr\/blog\/wp-content\/uploads\/2021\/05\/Flo-Ostermann-150x150.jpg","contentUrl":"https:\/\/dicodusport.fr\/blog\/wp-content\/uploads\/2021\/05\/Flo-Ostermann-150x150.jpg","caption":"Flo Ostermann"},"description":"Journaliste\/R\u00e9dacteur depuis septembre 2015 - Mes premiers souvenirs dans le sport ? Les envol\u00e9es du Stade Toulousain et les duels Villeneuve-Schumacher et H\u00e4kkinen-Schumacher \u00e0 la fin des ann\u00e9es 90, la Coupe du monde de football en 1998, l\u2019exploit du XV de France face aux All Blacks en 1999, mais aussi Richard C\u0153ur de Lion qui vole sur les montagnes du Tour de France. Bien parti pour devenir professeur d\u2019EPS, les \u00e9v\u00e9nements de la vie (et la flemme d\u2019animer des s\u00e9ances de 3x500 m\u00e8tres toute ma vie) m\u2019ont conduit \u00e0 revoir mes plans. Me voil\u00e0 depuis fin 2017 sur Dicodusport, m\u00e9dia gr\u00e2ce (et pour) lequel je partage ma passion : le sport dans tous ses \u00e9tats. Le tout accompagn\u00e9 par les fous furieux et folles furieuses cit\u00e9s sur cette page !","sameAs":["https:\/\/www.facebook.com\/florent.ostermann","https:\/\/x.com\/https:\/\/twitter.com\/FlOstermann","admin"],"url":"https:\/\/dicodusport.fr\/blog\/author\/flo\/"}]}},"_links":{"self":[{"href":"https:\/\/dicodusport.fr\/blog\/wp-json\/wp\/v2\/posts\/64439","targetHints":{"allow":["GET"]}}],"collection":[{"href":"https:\/\/dicodusport.fr\/blog\/wp-json\/wp\/v2\/posts"}],"about":[{"href":"https:\/\/dicodusport.fr\/blog\/wp-json\/wp\/v2\/types\/post"}],"author":[{"embeddable":true,"href":"https:\/\/dicodusport.fr\/blog\/wp-json\/wp\/v2\/users\/4"}],"replies":[{"embeddable":true,"href":"https:\/\/dicodusport.fr\/blog\/wp-json\/wp\/v2\/comments?post=64439"}],"version-history":[{"count":0,"href":"https:\/\/dicodusport.fr\/blog\/wp-json\/wp\/v2\/posts\/64439\/revisions"}],"wp:featuredmedia":[{"embeddable":true,"href":"https:\/\/dicodusport.fr\/blog\/wp-json\/wp\/v2\/media\/64440"}],"wp:attachment":[{"href":"https:\/\/dicodusport.fr\/blog\/wp-json\/wp\/v2\/media?parent=64439"}],"wp:term":[{"taxonomy":"category","embeddable":true,"href":"https:\/\/dicodusport.fr\/blog\/wp-json\/wp\/v2\/categories?post=64439"},{"taxonomy":"post_tag","embeddable":true,"href":"https:\/\/dicodusport.fr\/blog\/wp-json\/wp\/v2\/tags?post=64439"}],"curies":[{"name":"wp","href":"https:\/\/api.w.org\/{rel}","templated":true}]}}