{"id":644732,"date":"2026-02-06T20:02:28","date_gmt":"2026-02-06T19:02:28","guid":{"rendered":"https:\/\/dicodusport.fr\/blog\/?p=644732&#038;preview=true&#038;preview_id=644732"},"modified":"2026-02-06T21:09:56","modified_gmt":"2026-02-06T20:09:56","slug":"diane-parry-secroule-face-a-tamara-korpatsch-et-nira-pas-en-finale-a-ostrava","status":"publish","type":"post","link":"https:\/\/dicodusport.fr\/blog\/diane-parry-secroule-face-a-tamara-korpatsch-et-nira-pas-en-finale-a-ostrava\/","title":{"rendered":"Diane Parry s&rsquo;\u00e9croule face \u00e0 Tamara Korpatsch et n&rsquo;ira pas en finale \u00e0 Ostrava"},"content":{"rendered":"<p style=\"text-align: justify;\"><strong><em>WTA 250 OSTRAVA &#8211; Diane Parry s&rsquo;incline en demi-finale face \u00e0 Tamara Korpatsch (6-4, 6-4) et peut nourrir quelques regrets.<\/em><\/strong><\/p>\n<ul style=\"text-align: justify;\">\n<li><strong>\u00c0 ce sujet &#8211; <a href=\"https:\/\/dicodusport.fr\/blog\/wta-250-le-tableau-du-tournoi-dostrava-2026\/\">WTA 250 : Le tableau du tournoi d\u2019Ostrava 2026<\/a><\/strong><\/li>\n<\/ul>\n<h2 style=\"text-align: justify;\">Diane Parry s\u2019\u00e9croule en fin de premier set<\/h2>\n<p style=\"text-align: justify;\"><strong>Diane Parry<\/strong> peut nourrir de gros regrets dans cette premi\u00e8re manche. Apr\u00e8s une premi\u00e8re moiti\u00e9 de set sans histoire, c\u2019est la Fran\u00e7aise qui est la premi\u00e8re \u00e0 faire le break. Un superbe jeu de retour, ponctu\u00e9 par une amortie gagnante puis un coup droit dans la lucarne, a eu raison de la r\u00e9sistance de <strong>Tamara Korpatsch<\/strong>. Elle m\u00e8ne alors 4-3, service \u00e0 suivre. Puis, extinction des feux. Elle ne marquera plus aucun jeu. Plus rien ne sort de sa raquette et les fautes s\u2019accumulent.<\/p>\n<p style=\"text-align: justify;\">Alors qu\u2019elle se montrait tr\u00e8s solide au service jusque-l\u00e0 (trois petits points conc\u00e9d\u00e9s sur ses trois premi\u00e8res mises en jeu), elle c\u00e8de deux fois de suite son engagement. Entre ces deux jeux perdus, un moment charni\u00e8re sur service allemand, avec quatre balles de break non converties, qui sonnent comme un glas pour les espoirs de Diane Parry (4-6). Dans le jeu, l\u2019Allemande a moins donn\u00e9 que la Fran\u00e7aise, mais elle a su s\u2019accrocher malgr\u00e9 un break conc\u00e9d\u00e9 au plus mauvais moment.<\/p>\n<h2 style=\"text-align: justify;\">La r\u00e9action n\u2019aura pas suffi<\/h2>\n<p style=\"text-align: justify;\">Le cauchemar se poursuit pour <strong>Diane Parry<\/strong> d\u00e8s l\u2019entame de la seconde manche. Plus rien ne sort de sa raquette, y compris en coup droit. Elle multiplie les fautes, conc\u00e8de sa mise en jeu et se retrouve rapidement men\u00e9e 2-0. On craint alors le pire pour la Fran\u00e7aise, <a href=\"https:\/\/dicodusport.fr\/blog\/diane-parry-soffre-nikola-bartunkova-chez-elle-et-file-dans-le-dernier-carre-a-ostrava\/\">bien loin du visage s\u00e9duisant affich\u00e9 la veille en quart de finale<\/a>. D\u2019autant plus qu\u2019elle perd de nouveau son service dans la foul\u00e9e de son d\u00e9break.<\/p>\n<p style=\"text-align: justify;\">C\u2019est alors qu\u2019intervient un d\u00e9but de m\u00e9tamorphose. Elle d\u00e9breake une nouvelle fois et, malgr\u00e9 un jeu de service tr\u00e8s accroch\u00e9, parvient \u00e0 recoller \u00e0 <strong>4-4<\/strong>. Tout n\u2019est pas parfait, mais sa combativit\u00e9 m\u00e9rite d\u2019\u00eatre soulign\u00e9e. Ce match, la Fran\u00e7aise l\u2019aurait sans doute laiss\u00e9 filer plus t\u00f4t par le pass\u00e9. Malheureusement, son niveau tennistique n\u2019a pas \u00e9t\u00e9 \u00e0 la hauteur de son engagement. Elle conc\u00e8de un ultime break, celui de trop, et s\u2019incline.<\/p>\n<h3 style=\"text-align: justify;\">Dicodusport vous conseille<\/h3>\n<div class=\"vlp-link-container vlp-layout-article\"><a href=\"https:\/\/dicodusport.fr\/blog\/sarah-rakotomanga-a-lheure-de-la-confirmation-la-francaise-lance-sa-saison-en-australie\/\" class=\"vlp-link\" title=\"Sarah Rakotomanga \u00e0 l&#039;heure de la confirmation : la Fran\u00e7aise lance sa saison en Australie\"><\/a><div class=\"vlp-layout-zone-side\"><div class=\"vlp-block-4 vlp-link-image\"><img loading=\"lazy\" decoding=\"async\" style=\"max-width: 792px;\" width=\"792\" height=\"445\" src=\"https:\/\/dicodusport.fr\/blog\/wp-content\/uploads\/2026\/01\/Sarah-Rakotomanga-a-lheure-de-la-confirmation-la-Francaise-lance-sa-saison-en-Australie-1.png\" class=\"attachment-800x445 size-800x445\" alt=\"Sarah Rakotomanga \u00e0 l&#039;heure de la confirmation : la Fran\u00e7aise lance sa saison en Australie\" srcset=\"https:\/\/dicodusport.fr\/blog\/wp-content\/uploads\/2026\/01\/Sarah-Rakotomanga-a-lheure-de-la-confirmation-la-Francaise-lance-sa-saison-en-Australie-1.png 1200w, https:\/\/dicodusport.fr\/blog\/wp-content\/uploads\/2026\/01\/Sarah-Rakotomanga-a-lheure-de-la-confirmation-la-Francaise-lance-sa-saison-en-Australie-1-300x169.png 300w, https:\/\/dicodusport.fr\/blog\/wp-content\/uploads\/2026\/01\/Sarah-Rakotomanga-a-lheure-de-la-confirmation-la-Francaise-lance-sa-saison-en-Australie-1-1024x575.png 1024w, https:\/\/dicodusport.fr\/blog\/wp-content\/uploads\/2026\/01\/Sarah-Rakotomanga-a-lheure-de-la-confirmation-la-Francaise-lance-sa-saison-en-Australie-1-768x431.png 768w\" sizes=\"auto, (max-width: 792px) 100vw, 792px\" \/><\/div><\/div><div class=\"vlp-layout-zone-main\"><div class=\"vlp-block-0 vlp-link-title\">Sarah Rakotomanga \u00e0 l'heure de la confirmation : la Fran\u00e7aise lance sa saison en Australie<\/div><div class=\"vlp-block-1 vlp-link-summary\">TENNIS - Sarah Rakotomanga fait sa rentr\u00e9e ce samedi en Australie. Apr\u00e8s son \u00e9closion en 2025, place \u00e0 la confirmation pour la Fran\u00e7aise.<\/div><div class=\"vlp-block-2 vlp-link-button\">Lire l'article<\/div><div class=\"vlp-block-3 vlp-link-url\">dicodusport.fr<\/div><\/div><\/div>\n<div id=\"gtx-trans\" style=\"position: absolute; left: -14px; top: 40.9091px;\">\n<div class=\"gtx-trans-icon\" style=\"text-align: justify;\"><\/div>\n<\/div>\n","protected":false},"excerpt":{"rendered":"<p>WTA 250 OSTRAVA &#8211; Diane Parry s&rsquo;incline en demi-finale face \u00e0 Tamara Korpatsch (6-4, 6-4) et peut nourrir quelques regrets.<\/p>\n","protected":false},"author":83,"featured_media":644744,"comment_status":"open","ping_status":"closed","sticky":false,"template":"","format":"standard","meta":{"_acf_changed":false,"_daextam_enable_autolinks":"1","footnotes":""},"categories":[2302],"tags":[16878,24605,4936,136,2099],"class_list":["post-644732","post","type-post","status-publish","format-standard","has-post-thumbnail","hentry","category-tennis","tag-breve","tag-circuit-wta","tag-diane-parry","tag-tennis","tag-tennis-feminin"],"acf":[],"yoast_head":"<!-- This site is optimized with the Yoast SEO Premium plugin v26.7 (Yoast SEO v26.7) - https:\/\/yoast.com\/wordpress\/plugins\/seo\/ -->\n<title>Diane Parry s&#039;\u00e9croule face \u00e0 Tamara Korpatsch et n&#039;ira pas en finale \u00e0 Ostrava<\/title>\n<meta name=\"description\" content=\"WTA 250 OSTRAVA - Diane Parry s&#039;incline en demi-finale face \u00e0 Tamara Korpatsch (6-4, 6-4) et peut nourrir quelques regrets.\" \/>\n<meta name=\"robots\" content=\"index, follow, max-snippet:-1, max-image-preview:large, max-video-preview:-1\" \/>\n<link rel=\"canonical\" href=\"https:\/\/dicodusport.fr\/blog\/diane-parry-secroule-face-a-tamara-korpatsch-et-nira-pas-en-finale-a-ostrava\/\" \/>\n<meta property=\"og:locale\" content=\"fr_FR\" \/>\n<meta property=\"og:type\" content=\"article\" \/>\n<meta property=\"og:title\" content=\"Diane Parry s&#039;\u00e9croule face \u00e0 Tamara Korpatsch et n&#039;ira pas en finale \u00e0 Ostrava\" \/>\n<meta property=\"og:description\" content=\"WTA 250 OSTRAVA - Diane Parry s&#039;incline en demi-finale face \u00e0 Tamara Korpatsch (6-4, 6-4) et peut nourrir quelques regrets.\" \/>\n<meta property=\"og:url\" content=\"https:\/\/dicodusport.fr\/blog\/diane-parry-secroule-face-a-tamara-korpatsch-et-nira-pas-en-finale-a-ostrava\/\" \/>\n<meta property=\"og:site_name\" content=\"Dicodusport\" \/>\n<meta property=\"article:publisher\" content=\"https:\/\/www.facebook.com\/dicodusport\" \/>\n<meta property=\"article:published_time\" content=\"2026-02-06T19:02:28+00:00\" \/>\n<meta property=\"article:modified_time\" content=\"2026-02-06T20:09:56+00:00\" \/>\n<meta property=\"og:image\" content=\"https:\/\/dicodusport.fr\/blog\/wp-content\/uploads\/2026\/02\/Diane-Parry-secroule-en-demi-finale-a-Ostrava-face-a-Tamara-Korpatsch.png\" \/>\n\t<meta property=\"og:image:width\" content=\"1200\" \/>\n\t<meta property=\"og:image:height\" content=\"674\" \/>\n\t<meta property=\"og:image:type\" content=\"image\/png\" \/>\n<meta name=\"author\" content=\"Etienne Goursaud\" \/>\n<meta name=\"twitter:card\" content=\"summary_large_image\" \/>\n<meta name=\"twitter:title\" content=\"Diane Parry s&#039;\u00e9croule face \u00e0 Tamara Korpatsch et n&#039;ira pas en finale \u00e0 Ostrava\" \/>\n<meta name=\"twitter:creator\" content=\"@dicodusport\" \/>\n<meta name=\"twitter:site\" content=\"@dicodusport\" \/>\n<script type=\"application\/ld+json\" class=\"yoast-schema-graph\">{\"@context\":\"https:\/\/schema.org\",\"@graph\":[{\"@type\":\"NewsArticle\",\"@id\":\"https:\/\/dicodusport.fr\/blog\/diane-parry-secroule-face-a-tamara-korpatsch-et-nira-pas-en-finale-a-ostrava\/#article\",\"isPartOf\":{\"@id\":\"https:\/\/dicodusport.fr\/blog\/diane-parry-secroule-face-a-tamara-korpatsch-et-nira-pas-en-finale-a-ostrava\/\"},\"author\":{\"name\":\"Etienne Goursaud\",\"@id\":\"https:\/\/dicodusport.fr\/blog\/#\/schema\/person\/d603dd7da31fb2b46c82b9835a77ec13\"},\"headline\":\"Diane Parry s&rsquo;\u00e9croule face \u00e0 Tamara Korpatsch et n&rsquo;ira pas en finale \u00e0 Ostrava\",\"datePublished\":\"2026-02-06T19:02:28+00:00\",\"dateModified\":\"2026-02-06T20:09:56+00:00\",\"mainEntityOfPage\":{\"@id\":\"https:\/\/dicodusport.fr\/blog\/diane-parry-secroule-face-a-tamara-korpatsch-et-nira-pas-en-finale-a-ostrava\/\"},\"wordCount\":497,\"commentCount\":0,\"publisher\":{\"@id\":\"https:\/\/dicodusport.fr\/blog\/#organization\"},\"image\":{\"@id\":\"https:\/\/dicodusport.fr\/blog\/diane-parry-secroule-face-a-tamara-korpatsch-et-nira-pas-en-finale-a-ostrava\/#primaryimage\"},\"thumbnailUrl\":\"https:\/\/dicodusport.fr\/blog\/wp-content\/uploads\/2026\/02\/Diane-Parry-secroule-en-demi-finale-a-Ostrava-face-a-Tamara-Korpatsch.png\",\"keywords\":[\"br\u00e8ve\",\"circuit wta\",\"Diane Parry\",\"Tennis\",\"tennis f\u00e9minin\"],\"articleSection\":[\"Tennis\"],\"inLanguage\":\"fr-FR\",\"potentialAction\":[{\"@type\":\"CommentAction\",\"name\":\"Comment\",\"target\":[\"https:\/\/dicodusport.fr\/blog\/diane-parry-secroule-face-a-tamara-korpatsch-et-nira-pas-en-finale-a-ostrava\/#respond\"]}],\"copyrightYear\":\"2026\",\"copyrightHolder\":{\"@id\":\"https:\/\/dicodusport.fr\/blog\/#organization\"}},{\"@type\":\"WebPage\",\"@id\":\"https:\/\/dicodusport.fr\/blog\/diane-parry-secroule-face-a-tamara-korpatsch-et-nira-pas-en-finale-a-ostrava\/\",\"url\":\"https:\/\/dicodusport.fr\/blog\/diane-parry-secroule-face-a-tamara-korpatsch-et-nira-pas-en-finale-a-ostrava\/\",\"name\":\"Diane Parry s'\u00e9croule face \u00e0 Tamara Korpatsch et n'ira pas en finale \u00e0 Ostrava\",\"isPartOf\":{\"@id\":\"https:\/\/dicodusport.fr\/blog\/#website\"},\"primaryImageOfPage\":{\"@id\":\"https:\/\/dicodusport.fr\/blog\/diane-parry-secroule-face-a-tamara-korpatsch-et-nira-pas-en-finale-a-ostrava\/#primaryimage\"},\"image\":{\"@id\":\"https:\/\/dicodusport.fr\/blog\/diane-parry-secroule-face-a-tamara-korpatsch-et-nira-pas-en-finale-a-ostrava\/#primaryimage\"},\"thumbnailUrl\":\"https:\/\/dicodusport.fr\/blog\/wp-content\/uploads\/2026\/02\/Diane-Parry-secroule-en-demi-finale-a-Ostrava-face-a-Tamara-Korpatsch.png\",\"datePublished\":\"2026-02-06T19:02:28+00:00\",\"dateModified\":\"2026-02-06T20:09:56+00:00\",\"description\":\"WTA 250 OSTRAVA - Diane Parry s'incline en demi-finale face \u00e0 Tamara Korpatsch (6-4, 6-4) et peut nourrir quelques regrets.\",\"breadcrumb\":{\"@id\":\"https:\/\/dicodusport.fr\/blog\/diane-parry-secroule-face-a-tamara-korpatsch-et-nira-pas-en-finale-a-ostrava\/#breadcrumb\"},\"inLanguage\":\"fr-FR\",\"potentialAction\":[{\"@type\":\"ReadAction\",\"target\":[\"https:\/\/dicodusport.fr\/blog\/diane-parry-secroule-face-a-tamara-korpatsch-et-nira-pas-en-finale-a-ostrava\/\"]}]},{\"@type\":\"ImageObject\",\"inLanguage\":\"fr-FR\",\"@id\":\"https:\/\/dicodusport.fr\/blog\/diane-parry-secroule-face-a-tamara-korpatsch-et-nira-pas-en-finale-a-ostrava\/#primaryimage\",\"url\":\"https:\/\/dicodusport.fr\/blog\/wp-content\/uploads\/2026\/02\/Diane-Parry-secroule-en-demi-finale-a-Ostrava-face-a-Tamara-Korpatsch.png\",\"contentUrl\":\"https:\/\/dicodusport.fr\/blog\/wp-content\/uploads\/2026\/02\/Diane-Parry-secroule-en-demi-finale-a-Ostrava-face-a-Tamara-Korpatsch.png\",\"width\":1200,\"height\":674,\"caption\":\"Diane Parry s'\u00e9croule en demi-finale \u00e0 Ostrava face \u00e0 Tamara Korpatsch\"},{\"@type\":\"BreadcrumbList\",\"@id\":\"https:\/\/dicodusport.fr\/blog\/diane-parry-secroule-face-a-tamara-korpatsch-et-nira-pas-en-finale-a-ostrava\/#breadcrumb\",\"itemListElement\":[{\"@type\":\"ListItem\",\"position\":1,\"name\":\"Accueil\",\"item\":\"https:\/\/dicodusport.fr\/blog\/\"},{\"@type\":\"ListItem\",\"position\":2,\"name\":\"Diane Parry s&rsquo;\u00e9croule face \u00e0 Tamara Korpatsch et n&rsquo;ira pas en finale \u00e0 Ostrava\"}]},{\"@type\":\"WebSite\",\"@id\":\"https:\/\/dicodusport.fr\/blog\/#website\",\"url\":\"https:\/\/dicodusport.fr\/blog\/\",\"name\":\"Dicodusport\",\"description\":\"L&#039;encyclop\u00e9die de l&#039;actualit\u00e9 sportive\",\"publisher\":{\"@id\":\"https:\/\/dicodusport.fr\/blog\/#organization\"},\"potentialAction\":[{\"@type\":\"SearchAction\",\"target\":{\"@type\":\"EntryPoint\",\"urlTemplate\":\"https:\/\/dicodusport.fr\/blog\/?s={search_term_string}\"},\"query-input\":{\"@type\":\"PropertyValueSpecification\",\"valueRequired\":true,\"valueName\":\"search_term_string\"}}],\"inLanguage\":\"fr-FR\"},{\"@type\":\"NewsMediaOrganization\",\"@id\":\"https:\/\/dicodusport.fr\/blog\/#organization\",\"name\":\"Dicodusport\",\"url\":\"https:\/\/dicodusport.fr\/blog\/\",\"logo\":{\"@type\":\"ImageObject\",\"inLanguage\":\"fr-FR\",\"@id\":\"https:\/\/dicodusport.fr\/blog\/#\/schema\/logo\/image\/\",\"url\":\"https:\/\/dicodusport.fr\/blog\/wp-content\/uploads\/2020\/06\/cropped-LOGO-DICODUSPORT-2020-SANS-FOND-SANS-TEXTE.png\",\"contentUrl\":\"https:\/\/dicodusport.fr\/blog\/wp-content\/uploads\/2020\/06\/cropped-LOGO-DICODUSPORT-2020-SANS-FOND-SANS-TEXTE.png\",\"width\":512,\"height\":512,\"caption\":\"Dicodusport\"},\"image\":{\"@id\":\"https:\/\/dicodusport.fr\/blog\/#\/schema\/logo\/image\/\"},\"sameAs\":[\"https:\/\/www.facebook.com\/dicodusport\",\"https:\/\/x.com\/dicodusport\",\"https:\/\/www.instagram.com\/dicodusport\/\",\"https:\/\/www.youtube.com\/channel\/UC7V2KZ5sd3htJivAbA4ZG3w\"],\"description\":\"Dicodusport est l'encyclop\u00e9die de l'actualit\u00e9 sportive.\",\"email\":\"bonjour@dicodusport.fr\",\"legalName\":\"DICODUSPORT\",\"foundingDate\":\"2018-01-14\",\"vatID\":\"FR71834470973\",\"taxID\":\"83447097300043\",\"numberOfEmployees\":{\"@type\":\"QuantitativeValue\",\"minValue\":\"1\",\"maxValue\":\"10\"}},{\"@type\":\"Person\",\"@id\":\"https:\/\/dicodusport.fr\/blog\/#\/schema\/person\/d603dd7da31fb2b46c82b9835a77ec13\",\"name\":\"Etienne Goursaud\",\"image\":{\"@type\":\"ImageObject\",\"inLanguage\":\"fr-FR\",\"@id\":\"https:\/\/dicodusport.fr\/blog\/#\/schema\/person\/image\/\",\"url\":\"https:\/\/dicodusport.fr\/blog\/wp-content\/uploads\/2023\/12\/410122264_10231602061736049_5565839791558026645_n-150x150.jpg\",\"contentUrl\":\"https:\/\/dicodusport.fr\/blog\/wp-content\/uploads\/2023\/12\/410122264_10231602061736049_5565839791558026645_n-150x150.jpg\",\"caption\":\"Etienne Goursaud\"},\"description\":\"Journaliste et amoureux de sport. Ancien footballeur reconverti athl\u00e8te quand ses muscles le laissent tranquille. \u00c9lev\u00e9 \u00e0 la sauce des exploits de Thomas Voeckler en 2004, du dernier essai de l\u00e9gende de Eunice Barber \u00e0 la longueur lors des championnats du monde d'athl\u00e9tisme de 2003 mais aussi Zidane, Omeyer et Titou Lamaison.\",\"url\":\"https:\/\/dicodusport.fr\/blog\/author\/etienne-goursaud\/\"}]}<\/script>\n<!-- \/ Yoast SEO Premium plugin. -->","yoast_head_json":{"title":"Diane Parry s'\u00e9croule face \u00e0 Tamara Korpatsch et n'ira pas en finale \u00e0 Ostrava","description":"WTA 250 OSTRAVA - Diane Parry s'incline en demi-finale face \u00e0 Tamara Korpatsch (6-4, 6-4) et peut nourrir quelques regrets.","robots":{"index":"index","follow":"follow","max-snippet":"max-snippet:-1","max-image-preview":"max-image-preview:large","max-video-preview":"max-video-preview:-1"},"canonical":"https:\/\/dicodusport.fr\/blog\/diane-parry-secroule-face-a-tamara-korpatsch-et-nira-pas-en-finale-a-ostrava\/","og_locale":"fr_FR","og_type":"article","og_title":"Diane Parry s'\u00e9croule face \u00e0 Tamara Korpatsch et n'ira pas en finale \u00e0 Ostrava","og_description":"WTA 250 OSTRAVA - Diane Parry s'incline en demi-finale face \u00e0 Tamara Korpatsch (6-4, 6-4) et peut nourrir quelques regrets.","og_url":"https:\/\/dicodusport.fr\/blog\/diane-parry-secroule-face-a-tamara-korpatsch-et-nira-pas-en-finale-a-ostrava\/","og_site_name":"Dicodusport","article_publisher":"https:\/\/www.facebook.com\/dicodusport","article_published_time":"2026-02-06T19:02:28+00:00","article_modified_time":"2026-02-06T20:09:56+00:00","og_image":[{"width":1200,"height":674,"url":"https:\/\/dicodusport.fr\/blog\/wp-content\/uploads\/2026\/02\/Diane-Parry-secroule-en-demi-finale-a-Ostrava-face-a-Tamara-Korpatsch.png","type":"image\/png"}],"author":"Etienne Goursaud","twitter_card":"summary_large_image","twitter_title":"Diane Parry s'\u00e9croule face \u00e0 Tamara Korpatsch et n'ira pas en finale \u00e0 Ostrava","twitter_creator":"@dicodusport","twitter_site":"@dicodusport","schema":{"@context":"https:\/\/schema.org","@graph":[{"@type":"NewsArticle","@id":"https:\/\/dicodusport.fr\/blog\/diane-parry-secroule-face-a-tamara-korpatsch-et-nira-pas-en-finale-a-ostrava\/#article","isPartOf":{"@id":"https:\/\/dicodusport.fr\/blog\/diane-parry-secroule-face-a-tamara-korpatsch-et-nira-pas-en-finale-a-ostrava\/"},"author":{"name":"Etienne Goursaud","@id":"https:\/\/dicodusport.fr\/blog\/#\/schema\/person\/d603dd7da31fb2b46c82b9835a77ec13"},"headline":"Diane Parry s&rsquo;\u00e9croule face \u00e0 Tamara Korpatsch et n&rsquo;ira pas en finale \u00e0 Ostrava","datePublished":"2026-02-06T19:02:28+00:00","dateModified":"2026-02-06T20:09:56+00:00","mainEntityOfPage":{"@id":"https:\/\/dicodusport.fr\/blog\/diane-parry-secroule-face-a-tamara-korpatsch-et-nira-pas-en-finale-a-ostrava\/"},"wordCount":497,"commentCount":0,"publisher":{"@id":"https:\/\/dicodusport.fr\/blog\/#organization"},"image":{"@id":"https:\/\/dicodusport.fr\/blog\/diane-parry-secroule-face-a-tamara-korpatsch-et-nira-pas-en-finale-a-ostrava\/#primaryimage"},"thumbnailUrl":"https:\/\/dicodusport.fr\/blog\/wp-content\/uploads\/2026\/02\/Diane-Parry-secroule-en-demi-finale-a-Ostrava-face-a-Tamara-Korpatsch.png","keywords":["br\u00e8ve","circuit wta","Diane Parry","Tennis","tennis f\u00e9minin"],"articleSection":["Tennis"],"inLanguage":"fr-FR","potentialAction":[{"@type":"CommentAction","name":"Comment","target":["https:\/\/dicodusport.fr\/blog\/diane-parry-secroule-face-a-tamara-korpatsch-et-nira-pas-en-finale-a-ostrava\/#respond"]}],"copyrightYear":"2026","copyrightHolder":{"@id":"https:\/\/dicodusport.fr\/blog\/#organization"}},{"@type":"WebPage","@id":"https:\/\/dicodusport.fr\/blog\/diane-parry-secroule-face-a-tamara-korpatsch-et-nira-pas-en-finale-a-ostrava\/","url":"https:\/\/dicodusport.fr\/blog\/diane-parry-secroule-face-a-tamara-korpatsch-et-nira-pas-en-finale-a-ostrava\/","name":"Diane Parry s'\u00e9croule face \u00e0 Tamara Korpatsch et n'ira pas en finale \u00e0 Ostrava","isPartOf":{"@id":"https:\/\/dicodusport.fr\/blog\/#website"},"primaryImageOfPage":{"@id":"https:\/\/dicodusport.fr\/blog\/diane-parry-secroule-face-a-tamara-korpatsch-et-nira-pas-en-finale-a-ostrava\/#primaryimage"},"image":{"@id":"https:\/\/dicodusport.fr\/blog\/diane-parry-secroule-face-a-tamara-korpatsch-et-nira-pas-en-finale-a-ostrava\/#primaryimage"},"thumbnailUrl":"https:\/\/dicodusport.fr\/blog\/wp-content\/uploads\/2026\/02\/Diane-Parry-secroule-en-demi-finale-a-Ostrava-face-a-Tamara-Korpatsch.png","datePublished":"2026-02-06T19:02:28+00:00","dateModified":"2026-02-06T20:09:56+00:00","description":"WTA 250 OSTRAVA - Diane Parry s'incline en demi-finale face \u00e0 Tamara Korpatsch (6-4, 6-4) et peut nourrir quelques regrets.","breadcrumb":{"@id":"https:\/\/dicodusport.fr\/blog\/diane-parry-secroule-face-a-tamara-korpatsch-et-nira-pas-en-finale-a-ostrava\/#breadcrumb"},"inLanguage":"fr-FR","potentialAction":[{"@type":"ReadAction","target":["https:\/\/dicodusport.fr\/blog\/diane-parry-secroule-face-a-tamara-korpatsch-et-nira-pas-en-finale-a-ostrava\/"]}]},{"@type":"ImageObject","inLanguage":"fr-FR","@id":"https:\/\/dicodusport.fr\/blog\/diane-parry-secroule-face-a-tamara-korpatsch-et-nira-pas-en-finale-a-ostrava\/#primaryimage","url":"https:\/\/dicodusport.fr\/blog\/wp-content\/uploads\/2026\/02\/Diane-Parry-secroule-en-demi-finale-a-Ostrava-face-a-Tamara-Korpatsch.png","contentUrl":"https:\/\/dicodusport.fr\/blog\/wp-content\/uploads\/2026\/02\/Diane-Parry-secroule-en-demi-finale-a-Ostrava-face-a-Tamara-Korpatsch.png","width":1200,"height":674,"caption":"Diane Parry s'\u00e9croule en demi-finale \u00e0 Ostrava face \u00e0 Tamara Korpatsch"},{"@type":"BreadcrumbList","@id":"https:\/\/dicodusport.fr\/blog\/diane-parry-secroule-face-a-tamara-korpatsch-et-nira-pas-en-finale-a-ostrava\/#breadcrumb","itemListElement":[{"@type":"ListItem","position":1,"name":"Accueil","item":"https:\/\/dicodusport.fr\/blog\/"},{"@type":"ListItem","position":2,"name":"Diane Parry s&rsquo;\u00e9croule face \u00e0 Tamara Korpatsch et n&rsquo;ira pas en finale \u00e0 Ostrava"}]},{"@type":"WebSite","@id":"https:\/\/dicodusport.fr\/blog\/#website","url":"https:\/\/dicodusport.fr\/blog\/","name":"Dicodusport","description":"L&#039;encyclop\u00e9die de l&#039;actualit\u00e9 sportive","publisher":{"@id":"https:\/\/dicodusport.fr\/blog\/#organization"},"potentialAction":[{"@type":"SearchAction","target":{"@type":"EntryPoint","urlTemplate":"https:\/\/dicodusport.fr\/blog\/?s={search_term_string}"},"query-input":{"@type":"PropertyValueSpecification","valueRequired":true,"valueName":"search_term_string"}}],"inLanguage":"fr-FR"},{"@type":"NewsMediaOrganization","@id":"https:\/\/dicodusport.fr\/blog\/#organization","name":"Dicodusport","url":"https:\/\/dicodusport.fr\/blog\/","logo":{"@type":"ImageObject","inLanguage":"fr-FR","@id":"https:\/\/dicodusport.fr\/blog\/#\/schema\/logo\/image\/","url":"https:\/\/dicodusport.fr\/blog\/wp-content\/uploads\/2020\/06\/cropped-LOGO-DICODUSPORT-2020-SANS-FOND-SANS-TEXTE.png","contentUrl":"https:\/\/dicodusport.fr\/blog\/wp-content\/uploads\/2020\/06\/cropped-LOGO-DICODUSPORT-2020-SANS-FOND-SANS-TEXTE.png","width":512,"height":512,"caption":"Dicodusport"},"image":{"@id":"https:\/\/dicodusport.fr\/blog\/#\/schema\/logo\/image\/"},"sameAs":["https:\/\/www.facebook.com\/dicodusport","https:\/\/x.com\/dicodusport","https:\/\/www.instagram.com\/dicodusport\/","https:\/\/www.youtube.com\/channel\/UC7V2KZ5sd3htJivAbA4ZG3w"],"description":"Dicodusport est l'encyclop\u00e9die de l'actualit\u00e9 sportive.","email":"bonjour@dicodusport.fr","legalName":"DICODUSPORT","foundingDate":"2018-01-14","vatID":"FR71834470973","taxID":"83447097300043","numberOfEmployees":{"@type":"QuantitativeValue","minValue":"1","maxValue":"10"}},{"@type":"Person","@id":"https:\/\/dicodusport.fr\/blog\/#\/schema\/person\/d603dd7da31fb2b46c82b9835a77ec13","name":"Etienne Goursaud","image":{"@type":"ImageObject","inLanguage":"fr-FR","@id":"https:\/\/dicodusport.fr\/blog\/#\/schema\/person\/image\/","url":"https:\/\/dicodusport.fr\/blog\/wp-content\/uploads\/2023\/12\/410122264_10231602061736049_5565839791558026645_n-150x150.jpg","contentUrl":"https:\/\/dicodusport.fr\/blog\/wp-content\/uploads\/2023\/12\/410122264_10231602061736049_5565839791558026645_n-150x150.jpg","caption":"Etienne Goursaud"},"description":"Journaliste et amoureux de sport. Ancien footballeur reconverti athl\u00e8te quand ses muscles le laissent tranquille. \u00c9lev\u00e9 \u00e0 la sauce des exploits de Thomas Voeckler en 2004, du dernier essai de l\u00e9gende de Eunice Barber \u00e0 la longueur lors des championnats du monde d'athl\u00e9tisme de 2003 mais aussi Zidane, Omeyer et Titou Lamaison.","url":"https:\/\/dicodusport.fr\/blog\/author\/etienne-goursaud\/"}]}},"_links":{"self":[{"href":"https:\/\/dicodusport.fr\/blog\/wp-json\/wp\/v2\/posts\/644732","targetHints":{"allow":["GET"]}}],"collection":[{"href":"https:\/\/dicodusport.fr\/blog\/wp-json\/wp\/v2\/posts"}],"about":[{"href":"https:\/\/dicodusport.fr\/blog\/wp-json\/wp\/v2\/types\/post"}],"author":[{"embeddable":true,"href":"https:\/\/dicodusport.fr\/blog\/wp-json\/wp\/v2\/users\/83"}],"replies":[{"embeddable":true,"href":"https:\/\/dicodusport.fr\/blog\/wp-json\/wp\/v2\/comments?post=644732"}],"version-history":[{"count":5,"href":"https:\/\/dicodusport.fr\/blog\/wp-json\/wp\/v2\/posts\/644732\/revisions"}],"predecessor-version":[{"id":644766,"href":"https:\/\/dicodusport.fr\/blog\/wp-json\/wp\/v2\/posts\/644732\/revisions\/644766"}],"wp:featuredmedia":[{"embeddable":true,"href":"https:\/\/dicodusport.fr\/blog\/wp-json\/wp\/v2\/media\/644744"}],"wp:attachment":[{"href":"https:\/\/dicodusport.fr\/blog\/wp-json\/wp\/v2\/media?parent=644732"}],"wp:term":[{"taxonomy":"category","embeddable":true,"href":"https:\/\/dicodusport.fr\/blog\/wp-json\/wp\/v2\/categories?post=644732"},{"taxonomy":"post_tag","embeddable":true,"href":"https:\/\/dicodusport.fr\/blog\/wp-json\/wp\/v2\/tags?post=644732"}],"curies":[{"name":"wp","href":"https:\/\/api.w.org\/{rel}","templated":true}]}}