{"id":644991,"date":"2026-02-07T14:31:33","date_gmt":"2026-02-07T13:31:33","guid":{"rendered":"https:\/\/dicodusport.fr\/blog\/?p=644991&#038;preview=true&#038;preview_id=644991"},"modified":"2026-02-07T14:31:33","modified_gmt":"2026-02-07T13:31:33","slug":"xv-de-france-la-liste-des-42-joueurs-pour-preparer-le-pays-de-galles","status":"publish","type":"post","link":"https:\/\/dicodusport.fr\/blog\/xv-de-france-la-liste-des-42-joueurs-pour-preparer-le-pays-de-galles\/","title":{"rendered":"XV de France : la liste des 42 joueurs pour pr\u00e9parer le Pays de Galles"},"content":{"rendered":"<p style=\"text-align: justify;\"><strong><em>TOURNOI DES 6 NATIONS &#8211; D\u00e9couvrez la liste des 42 Bleus s\u00e9lectionn\u00e9s pour pr\u00e9parer le deuxi\u00e8me match du XV de France face aux Pays de Galles.<\/em><\/strong><\/p>\n<ul>\n<li style=\"text-align: justify;\"><strong>\u00c0 ce sujet \u2013\u00a0<a href=\"https:\/\/dicodusport.fr\/blog\/tournoi-des-6-nations-2026-calendrier-resultats-et-classement-mis-a-jour\/\">Tournoi des 6 Nations 2026 : calendrier, r\u00e9sultats et classement mis \u00e0 jour<\/a><\/strong><\/li>\n<\/ul>\n<h2 style=\"text-align: justify;\">Gr\u00e9gory Alldritt et Damian Penaud toujours absents<\/h2>\n<p style=\"text-align: justify;\">Mis au ban de la toute premi\u00e8re liste des Bleus pour pr\u00e9parer le premier match contre l&rsquo;Irlande, <strong>Damian Penaud et Gr\u00e9gory Alldritt<\/strong> ne feront pas leur retour dans le groupe, pour pr\u00e9parer le match pour le Pays de Galles. Voil\u00e0 qui donne des indications sur le nouveau d\u00e9classement des deux internationaux et l\u00e9gendes r\u00e9centes du XV de France, qui ne disputeront de match avec les Bleus, pour la deuxi\u00e8me fois cons\u00e9cutive.<\/p>\n<p style=\"text-align: justify;\">La r\u00e9ussite de la troisi\u00e8me ligne contre l&rsquo;Irlande, et en particulier celle d&rsquo;<strong>Oscar J\u00e9gou<\/strong>, ainsi que la prestation de <strong>Th\u00e9o Attissogbe<\/strong>, auteur d&rsquo;un essai face <a href=\"https:\/\/dicodusport.fr\/blog\/le-xv-de-france-frappe-fort-dentree-en-surclassant-lirlande\/\">aux Irlandais (36-14)<\/a>, ont convaincu le staff fran\u00e7ais de miser sur la continuit\u00e9.<\/p>\n<ul>\n<li style=\"text-align: justify;\"><strong>\u00c0 ce sujet &#8211; <a href=\"https:\/\/dicodusport.fr\/blog\/guillard-enorme-ramos-regale-les-notes-des-bleus-contre-irlande\/\">Guillard monumental, Ramos r\u00e9gale : les notes des Bleus contre l\u2019Irlande<\/a><\/strong><\/li>\n<\/ul>\n<p style=\"text-align: justify;\">C&rsquo;est \u00e9galement le cas de <strong>Ga\u00ebl Fickou<\/strong>, dont le cas fait n\u00e9anmoins moins d\u00e9bat que les deux autres joueurs cit\u00e9s plus haut. Touch\u00e9 au rein, <strong>Romain Ntamack<\/strong> n&rsquo;est toujours pas dans le groupe, renfor\u00e7ant l&rsquo;incertitude sur sa capacit\u00e9 \u00e0 \u00eatre r\u00e9tabli \u00e0 temps pour la fin du Tournoi des 6 Nations. L&rsquo;ouvreur du Stade Toulousain peinant \u00e0 se remettre d&rsquo;une blessure compliqu\u00e9e. Le bon match de <strong>Matthieu Jalibert<\/strong> ne joue pas non plus en sa faveur.<\/p>\n<div class=\"vlp-link-container vlp-layout-article\"><a href=\"https:\/\/dicodusport.fr\/blog\/six-nations-2026-decouvrez-les-42-joueurs-appeles-avec-le-xv-de-france\/\" class=\"vlp-link\" title=\"Six Nations 2026 : d\u00e9couvrez les 42 joueurs appel\u00e9s avec le XV de France\"><\/a><div class=\"vlp-layout-zone-side\"><div class=\"vlp-block-4 vlp-link-image\"><img loading=\"lazy\" decoding=\"async\" style=\"max-width: 792px;\" width=\"792\" height=\"445\" src=\"https:\/\/dicodusport.fr\/blog\/wp-content\/uploads\/2026\/01\/Six-Nations-2026-decouvrez-les-42-joueurs-appeles-avec-le-XV-de-France.png\" class=\"attachment-800x445 size-800x445\" alt=\"Six Nations 2026 : d\u00e9couvrez les 42 joueurs appel\u00e9s avec le XV de France\" srcset=\"https:\/\/dicodusport.fr\/blog\/wp-content\/uploads\/2026\/01\/Six-Nations-2026-decouvrez-les-42-joueurs-appeles-avec-le-XV-de-France.png 1200w, https:\/\/dicodusport.fr\/blog\/wp-content\/uploads\/2026\/01\/Six-Nations-2026-decouvrez-les-42-joueurs-appeles-avec-le-XV-de-France-300x169.png 300w, https:\/\/dicodusport.fr\/blog\/wp-content\/uploads\/2026\/01\/Six-Nations-2026-decouvrez-les-42-joueurs-appeles-avec-le-XV-de-France-1024x575.png 1024w, https:\/\/dicodusport.fr\/blog\/wp-content\/uploads\/2026\/01\/Six-Nations-2026-decouvrez-les-42-joueurs-appeles-avec-le-XV-de-France-768x431.png 768w\" sizes=\"auto, (max-width: 792px) 100vw, 792px\" \/><\/div><\/div><div class=\"vlp-layout-zone-main\"><div class=\"vlp-block-0 vlp-link-title\">Six Nations 2026 : d\u00e9couvrez les 42 joueurs appel\u00e9s avec le XV de France<\/div><div class=\"vlp-block-1 vlp-link-summary\">D\u00e9couvrez la liste des 42 Bleus s\u00e9lectionn\u00e9s pour pr\u00e9parer le d\u00e9but de la comp\u00e9tition.<\/div><div class=\"vlp-block-2 vlp-link-button\">Lire l'article<\/div><div class=\"vlp-block-3 vlp-link-url\">dicodusport.fr<\/div><\/div><\/div>\n<h2 style=\"text-align: justify;\">Axel Desp\u00e9r\u00e8s appel\u00e9 avec les Bleus<\/h2>\n<p style=\"text-align: justify;\">Touch\u00e9 \u00e0 la cheville apr\u00e8s son entr\u00e9e en jeu,<strong> Kalvin Gourgues<\/strong> est forfait pour le match contre les Gallois. <strong>Ugo Seunes<\/strong> sort \u00e9galement de la liste et est remplac\u00e9 par un nouveau joueur de Pau, le jeune <strong>Axel Desp\u00e9r\u00e8s<\/strong> (22 ans), r\u00e9compens\u00e9 de son bon d\u00e9but de saison et du gros d\u00e9but de saison des Palois. Un autre joueur \u00e9voluant dans les Pyr\u00e9n\u00e9es-Atlantiques sera \u00e0 l&rsquo;honneur. <strong>Cheikh Tiberghien<\/strong> (Aviron Bayonnais) est \u00e9galement appel\u00e9 dans le groupe des 42. Sa polyvalence sur la ligne d&rsquo;arri\u00e8re a convaincu Fabien Galthi\u00e9 de lui faire confiance.<\/p>\n<ul>\n<li style=\"text-align: justify;\"><strong>\u00c0 ce sujet &#8211; <a href=\"https:\/\/dicodusport.fr\/blog\/penaud-alldritt-barre-les-grands-absents-et-perdants-de-la-liste-du-xv-de-france-pour-le-six-nations\/\">Penaud, Alldritt, Barr\u00e9 : Les grands absents et perdants de la liste du XV de France pour le Six Nations<\/a><\/strong><\/li>\n<\/ul>\n<h2 style=\"text-align: justify;\">XV de France : La liste des 42 joueurs<\/h2>\n<p style=\"text-align: justify;\"><strong>Piliers gauches :<\/strong> Cyril Baille (Toulouse), Jean-Baptiste Gros (Toulon), Rodrigue Neti (Toulouse), Danny Priso (Toulon).<\/p>\n<p style=\"text-align: justify;\"><strong>Piliers droits :<\/strong> Dorian Aldegheri (Toulouse), Georges-Henri Colombe (Toulouse), R\u00e9gis Montagne (Clermont), Tevita Tatafu (Bayonne).<\/p>\n<p style=\"text-align: justify;\"><strong>Talonneurs :<\/strong> Maxime Lamothe (Bordeaux-B\u00e8gles), Julien Marchand (Toulouse), Peato Mauvaka (Toulouse).<\/p>\n<p style=\"text-align: justify;\"><strong>Deuxi\u00e8mes lignes :<\/strong> Hugo Auradou (Pau), Thibaud Flament (Toulouse), Micka\u00ebl Guillard (Lyon), Emmanuel Meafou (Toulouse), Tom Staniforth (Castres).<\/p>\n<p style=\"text-align: justify;\"><strong>Troisi\u00e8mes lignes :<\/strong> Fran\u00e7ois Cros (Toulouse), Alexandre Fischer (Bayonne), Oscar J\u00e9gou (La Rochelle), Anthony Jelonch (Toulouse), Temo Matiu (Bordeaux-B\u00e8gles), Lenni Nouchi (Montpellier), Charles Ollivon (Toulon), Alexandre Roumat (Toulouse), Cameron Woki (Bordeaux-B\u00e8gles).<\/p>\n<p style=\"text-align: justify;\"><strong>Demis de m\u00eal\u00e9e :<\/strong> Thibault Daubagna (Pau), Antoine Dupont (Toulouse), Baptiste Serin (Toulon).<\/p>\n<p style=\"text-align: justify;\"><strong>Demis d&rsquo;ouverture :<\/strong> Matthieu Jalibert (Bordeaux-B\u00e8gles), Axel Desp\u00e9r\u00e8s (Pau).<\/p>\n<p style=\"text-align: justify;\"><strong>Centres :<\/strong> Fabien Brau-Boirie (Pau), Nicolas Depoortere (Bordeaux-B\u00e8gles), Yoram Moefana (Bordeaux-B\u00e8gles), Noah Nene (Stade Fran\u00e7ais), Cheikh Tiberghien (Aviron Bayonnais).<\/p>\n<p style=\"text-align: justify;\"><strong>Ailiers :<\/strong> Gr\u00e9goire Arfeuil (Pau), Louis Bielle-Biarrey (Bordeaux-B\u00e8gles), Ga\u00ebl Dr\u00e9an (Toulon), Aaron Grandidier-Nkanang (Pau), Th\u00e9o Attissogbe (Pau).<\/p>\n<p style=\"text-align: justify;\"><strong>Arri\u00e8res :<\/strong> Romain Buros (Bordeaux-B\u00e8gles), Thomas Ramos (Toulouse).<\/p>\n<div id=\"gtx-trans\" style=\"position: absolute; left: -14px; top: 40.9091px;\">\n<div class=\"gtx-trans-icon\"><\/div>\n<\/div>\n<blockquote class=\"twitter-tweet\">\n<p dir=\"ltr\" lang=\"fr\">Le groupe des 42 joueurs convoqu\u00e9s par Fabien Galthi\u00e9 et son staff pour pr\u00e9parer la rencontre face au Pays de Galles est tomb\u00e9 !<\/p>\n<p>Surprise : Axel Desp\u00e9r\u00e8s est convoqu\u00e9, Kalvin Gourgues et Romain Ntamack n&rsquo;y sont pas.<\/p>\n<p>Votre avis sur ces 42 ? <a href=\"https:\/\/t.co\/REHl5AgWJn\">pic.twitter.com\/REHl5AgWJn<\/a><\/p>\n<p>\u2014 Tanguy (@tanguyscigala) <a href=\"https:\/\/twitter.com\/tanguyscigala\/status\/2020110226813300846?ref_src=twsrc%5Etfw\">February 7, 2026<\/a><\/p><\/blockquote>\n<p><script async src=\"https:\/\/platform.twitter.com\/widgets.js\" charset=\"utf-8\"><\/script><\/p>\n","protected":false},"excerpt":{"rendered":"<p>D\u00e9couvrez la liste des 42 Bleus s\u00e9lectionn\u00e9s pour pr\u00e9parer le deuxi\u00e8me match du XV de France face aux Pays de Galles.<\/p>\n","protected":false},"author":83,"featured_media":645023,"comment_status":"open","ping_status":"closed","sticky":false,"template":"","format":"standard","meta":{"_acf_changed":false,"_daextam_enable_autolinks":"1","footnotes":""},"categories":[47048,19951],"tags":[32415,16878,9734,1638],"class_list":["post-644991","post","type-post","status-publish","format-standard","has-post-thumbnail","hentry","category-tournoi-des-6-nations","category-xv-de-france","tag-actu","tag-breve","tag-tournoi-des-6-nations","tag-xv-de-france"],"acf":[],"yoast_head":"<!-- This site is optimized with the Yoast SEO Premium plugin v26.7 (Yoast SEO v26.7) - https:\/\/yoast.com\/wordpress\/plugins\/seo\/ -->\n<title>XV de France : la liste des 42 joueurs pour pr\u00e9parer le Pays de Galles<\/title>\n<meta name=\"description\" content=\"D\u00e9couvrez la liste des 42 Bleus s\u00e9lectionn\u00e9s pour pr\u00e9parer le deuxi\u00e8me match du XV de France face aux Pays de Galles.\" \/>\n<meta name=\"robots\" content=\"index, follow, max-snippet:-1, max-image-preview:large, max-video-preview:-1\" \/>\n<link rel=\"canonical\" href=\"https:\/\/dicodusport.fr\/blog\/xv-de-france-la-liste-des-42-joueurs-pour-preparer-le-pays-de-galles\/\" \/>\n<meta property=\"og:locale\" content=\"fr_FR\" \/>\n<meta property=\"og:type\" content=\"article\" \/>\n<meta property=\"og:title\" content=\"XV de France : la liste des 42 joueurs pour pr\u00e9parer le Pays de Galles\" \/>\n<meta property=\"og:description\" content=\"D\u00e9couvrez la liste des 42 Bleus s\u00e9lectionn\u00e9s pour pr\u00e9parer le deuxi\u00e8me match du XV de France face aux Pays de Galles.\" \/>\n<meta property=\"og:url\" content=\"https:\/\/dicodusport.fr\/blog\/xv-de-france-la-liste-des-42-joueurs-pour-preparer-le-pays-de-galles\/\" \/>\n<meta property=\"og:site_name\" content=\"Dicodusport\" \/>\n<meta property=\"article:publisher\" content=\"https:\/\/www.facebook.com\/dicodusport\" \/>\n<meta property=\"article:published_time\" content=\"2026-02-07T13:31:33+00:00\" \/>\n<meta property=\"og:image\" content=\"https:\/\/dicodusport.fr\/blog\/wp-content\/uploads\/2026\/02\/XV-de-France-la-liste-des-42-joueurs-pour-preparer-le-Pays-de-Galles.png\" \/>\n\t<meta property=\"og:image:width\" content=\"1200\" \/>\n\t<meta property=\"og:image:height\" content=\"674\" \/>\n\t<meta property=\"og:image:type\" content=\"image\/png\" \/>\n<meta name=\"author\" content=\"Etienne Goursaud\" \/>\n<meta name=\"twitter:card\" content=\"summary_large_image\" \/>\n<meta name=\"twitter:title\" content=\"XV de France : la liste des 42 joueurs pour pr\u00e9parer le Pays de Galles\" \/>\n<meta name=\"twitter:creator\" content=\"@dicodusport\" \/>\n<meta name=\"twitter:site\" content=\"@dicodusport\" \/>\n<script type=\"application\/ld+json\" class=\"yoast-schema-graph\">{\"@context\":\"https:\/\/schema.org\",\"@graph\":[{\"@type\":\"NewsArticle\",\"@id\":\"https:\/\/dicodusport.fr\/blog\/xv-de-france-la-liste-des-42-joueurs-pour-preparer-le-pays-de-galles\/#article\",\"isPartOf\":{\"@id\":\"https:\/\/dicodusport.fr\/blog\/xv-de-france-la-liste-des-42-joueurs-pour-preparer-le-pays-de-galles\/\"},\"author\":{\"name\":\"Etienne Goursaud\",\"@id\":\"https:\/\/dicodusport.fr\/blog\/#\/schema\/person\/d603dd7da31fb2b46c82b9835a77ec13\"},\"headline\":\"XV de France : la liste des 42 joueurs pour pr\u00e9parer le Pays de Galles\",\"datePublished\":\"2026-02-07T13:31:33+00:00\",\"mainEntityOfPage\":{\"@id\":\"https:\/\/dicodusport.fr\/blog\/xv-de-france-la-liste-des-42-joueurs-pour-preparer-le-pays-de-galles\/\"},\"wordCount\":731,\"commentCount\":0,\"publisher\":{\"@id\":\"https:\/\/dicodusport.fr\/blog\/#organization\"},\"image\":{\"@id\":\"https:\/\/dicodusport.fr\/blog\/xv-de-france-la-liste-des-42-joueurs-pour-preparer-le-pays-de-galles\/#primaryimage\"},\"thumbnailUrl\":\"https:\/\/dicodusport.fr\/blog\/wp-content\/uploads\/2026\/02\/XV-de-France-la-liste-des-42-joueurs-pour-preparer-le-Pays-de-Galles.png\",\"keywords\":[\"actu\",\"br\u00e8ve\",\"Tournoi des 6 Nations\",\"XV de France\"],\"articleSection\":[\"Tournoi des 6 Nations\",\"XV de France\"],\"inLanguage\":\"fr-FR\",\"potentialAction\":[{\"@type\":\"CommentAction\",\"name\":\"Comment\",\"target\":[\"https:\/\/dicodusport.fr\/blog\/xv-de-france-la-liste-des-42-joueurs-pour-preparer-le-pays-de-galles\/#respond\"]}],\"copyrightYear\":\"2026\",\"copyrightHolder\":{\"@id\":\"https:\/\/dicodusport.fr\/blog\/#organization\"}},{\"@type\":\"WebPage\",\"@id\":\"https:\/\/dicodusport.fr\/blog\/xv-de-france-la-liste-des-42-joueurs-pour-preparer-le-pays-de-galles\/\",\"url\":\"https:\/\/dicodusport.fr\/blog\/xv-de-france-la-liste-des-42-joueurs-pour-preparer-le-pays-de-galles\/\",\"name\":\"XV de France : la liste des 42 joueurs pour pr\u00e9parer le Pays de Galles\",\"isPartOf\":{\"@id\":\"https:\/\/dicodusport.fr\/blog\/#website\"},\"primaryImageOfPage\":{\"@id\":\"https:\/\/dicodusport.fr\/blog\/xv-de-france-la-liste-des-42-joueurs-pour-preparer-le-pays-de-galles\/#primaryimage\"},\"image\":{\"@id\":\"https:\/\/dicodusport.fr\/blog\/xv-de-france-la-liste-des-42-joueurs-pour-preparer-le-pays-de-galles\/#primaryimage\"},\"thumbnailUrl\":\"https:\/\/dicodusport.fr\/blog\/wp-content\/uploads\/2026\/02\/XV-de-France-la-liste-des-42-joueurs-pour-preparer-le-Pays-de-Galles.png\",\"datePublished\":\"2026-02-07T13:31:33+00:00\",\"description\":\"D\u00e9couvrez la liste des 42 Bleus s\u00e9lectionn\u00e9s pour pr\u00e9parer le deuxi\u00e8me match du XV de France face aux Pays de Galles.\",\"breadcrumb\":{\"@id\":\"https:\/\/dicodusport.fr\/blog\/xv-de-france-la-liste-des-42-joueurs-pour-preparer-le-pays-de-galles\/#breadcrumb\"},\"inLanguage\":\"fr-FR\",\"potentialAction\":[{\"@type\":\"ReadAction\",\"target\":[\"https:\/\/dicodusport.fr\/blog\/xv-de-france-la-liste-des-42-joueurs-pour-preparer-le-pays-de-galles\/\"]}]},{\"@type\":\"ImageObject\",\"inLanguage\":\"fr-FR\",\"@id\":\"https:\/\/dicodusport.fr\/blog\/xv-de-france-la-liste-des-42-joueurs-pour-preparer-le-pays-de-galles\/#primaryimage\",\"url\":\"https:\/\/dicodusport.fr\/blog\/wp-content\/uploads\/2026\/02\/XV-de-France-la-liste-des-42-joueurs-pour-preparer-le-Pays-de-Galles.png\",\"contentUrl\":\"https:\/\/dicodusport.fr\/blog\/wp-content\/uploads\/2026\/02\/XV-de-France-la-liste-des-42-joueurs-pour-preparer-le-Pays-de-Galles.png\",\"width\":1200,\"height\":674,\"caption\":\"XV de France la liste des 42 joueurs pour pr\u00e9parer le Pays de Galles\"},{\"@type\":\"BreadcrumbList\",\"@id\":\"https:\/\/dicodusport.fr\/blog\/xv-de-france-la-liste-des-42-joueurs-pour-preparer-le-pays-de-galles\/#breadcrumb\",\"itemListElement\":[{\"@type\":\"ListItem\",\"position\":1,\"name\":\"Accueil\",\"item\":\"https:\/\/dicodusport.fr\/blog\/\"},{\"@type\":\"ListItem\",\"position\":2,\"name\":\"XV de France : la liste des 42 joueurs pour pr\u00e9parer le Pays de Galles\"}]},{\"@type\":\"WebSite\",\"@id\":\"https:\/\/dicodusport.fr\/blog\/#website\",\"url\":\"https:\/\/dicodusport.fr\/blog\/\",\"name\":\"Dicodusport\",\"description\":\"L&#039;encyclop\u00e9die de l&#039;actualit\u00e9 sportive\",\"publisher\":{\"@id\":\"https:\/\/dicodusport.fr\/blog\/#organization\"},\"potentialAction\":[{\"@type\":\"SearchAction\",\"target\":{\"@type\":\"EntryPoint\",\"urlTemplate\":\"https:\/\/dicodusport.fr\/blog\/?s={search_term_string}\"},\"query-input\":{\"@type\":\"PropertyValueSpecification\",\"valueRequired\":true,\"valueName\":\"search_term_string\"}}],\"inLanguage\":\"fr-FR\"},{\"@type\":\"NewsMediaOrganization\",\"@id\":\"https:\/\/dicodusport.fr\/blog\/#organization\",\"name\":\"Dicodusport\",\"url\":\"https:\/\/dicodusport.fr\/blog\/\",\"logo\":{\"@type\":\"ImageObject\",\"inLanguage\":\"fr-FR\",\"@id\":\"https:\/\/dicodusport.fr\/blog\/#\/schema\/logo\/image\/\",\"url\":\"https:\/\/dicodusport.fr\/blog\/wp-content\/uploads\/2020\/06\/cropped-LOGO-DICODUSPORT-2020-SANS-FOND-SANS-TEXTE.png\",\"contentUrl\":\"https:\/\/dicodusport.fr\/blog\/wp-content\/uploads\/2020\/06\/cropped-LOGO-DICODUSPORT-2020-SANS-FOND-SANS-TEXTE.png\",\"width\":512,\"height\":512,\"caption\":\"Dicodusport\"},\"image\":{\"@id\":\"https:\/\/dicodusport.fr\/blog\/#\/schema\/logo\/image\/\"},\"sameAs\":[\"https:\/\/www.facebook.com\/dicodusport\",\"https:\/\/x.com\/dicodusport\",\"https:\/\/www.instagram.com\/dicodusport\/\",\"https:\/\/www.youtube.com\/channel\/UC7V2KZ5sd3htJivAbA4ZG3w\"],\"description\":\"Dicodusport est l'encyclop\u00e9die de l'actualit\u00e9 sportive.\",\"email\":\"bonjour@dicodusport.fr\",\"legalName\":\"DICODUSPORT\",\"foundingDate\":\"2018-01-14\",\"vatID\":\"FR71834470973\",\"taxID\":\"83447097300043\",\"numberOfEmployees\":{\"@type\":\"QuantitativeValue\",\"minValue\":\"1\",\"maxValue\":\"10\"}},{\"@type\":\"Person\",\"@id\":\"https:\/\/dicodusport.fr\/blog\/#\/schema\/person\/d603dd7da31fb2b46c82b9835a77ec13\",\"name\":\"Etienne Goursaud\",\"image\":{\"@type\":\"ImageObject\",\"inLanguage\":\"fr-FR\",\"@id\":\"https:\/\/dicodusport.fr\/blog\/#\/schema\/person\/image\/\",\"url\":\"https:\/\/dicodusport.fr\/blog\/wp-content\/uploads\/2023\/12\/410122264_10231602061736049_5565839791558026645_n-150x150.jpg\",\"contentUrl\":\"https:\/\/dicodusport.fr\/blog\/wp-content\/uploads\/2023\/12\/410122264_10231602061736049_5565839791558026645_n-150x150.jpg\",\"caption\":\"Etienne Goursaud\"},\"description\":\"Journaliste et amoureux de sport. Ancien footballeur reconverti athl\u00e8te quand ses muscles le laissent tranquille. \u00c9lev\u00e9 \u00e0 la sauce des exploits de Thomas Voeckler en 2004, du dernier essai de l\u00e9gende de Eunice Barber \u00e0 la longueur lors des championnats du monde d'athl\u00e9tisme de 2003 mais aussi Zidane, Omeyer et Titou Lamaison.\",\"url\":\"https:\/\/dicodusport.fr\/blog\/author\/etienne-goursaud\/\"}]}<\/script>\n<!-- \/ Yoast SEO Premium plugin. -->","yoast_head_json":{"title":"XV de France : la liste des 42 joueurs pour pr\u00e9parer le Pays de Galles","description":"D\u00e9couvrez la liste des 42 Bleus s\u00e9lectionn\u00e9s pour pr\u00e9parer le deuxi\u00e8me match du XV de France face aux Pays de Galles.","robots":{"index":"index","follow":"follow","max-snippet":"max-snippet:-1","max-image-preview":"max-image-preview:large","max-video-preview":"max-video-preview:-1"},"canonical":"https:\/\/dicodusport.fr\/blog\/xv-de-france-la-liste-des-42-joueurs-pour-preparer-le-pays-de-galles\/","og_locale":"fr_FR","og_type":"article","og_title":"XV de France : la liste des 42 joueurs pour pr\u00e9parer le Pays de Galles","og_description":"D\u00e9couvrez la liste des 42 Bleus s\u00e9lectionn\u00e9s pour pr\u00e9parer le deuxi\u00e8me match du XV de France face aux Pays de Galles.","og_url":"https:\/\/dicodusport.fr\/blog\/xv-de-france-la-liste-des-42-joueurs-pour-preparer-le-pays-de-galles\/","og_site_name":"Dicodusport","article_publisher":"https:\/\/www.facebook.com\/dicodusport","article_published_time":"2026-02-07T13:31:33+00:00","og_image":[{"width":1200,"height":674,"url":"https:\/\/dicodusport.fr\/blog\/wp-content\/uploads\/2026\/02\/XV-de-France-la-liste-des-42-joueurs-pour-preparer-le-Pays-de-Galles.png","type":"image\/png"}],"author":"Etienne Goursaud","twitter_card":"summary_large_image","twitter_title":"XV de France : la liste des 42 joueurs pour pr\u00e9parer le Pays de Galles","twitter_creator":"@dicodusport","twitter_site":"@dicodusport","schema":{"@context":"https:\/\/schema.org","@graph":[{"@type":"NewsArticle","@id":"https:\/\/dicodusport.fr\/blog\/xv-de-france-la-liste-des-42-joueurs-pour-preparer-le-pays-de-galles\/#article","isPartOf":{"@id":"https:\/\/dicodusport.fr\/blog\/xv-de-france-la-liste-des-42-joueurs-pour-preparer-le-pays-de-galles\/"},"author":{"name":"Etienne Goursaud","@id":"https:\/\/dicodusport.fr\/blog\/#\/schema\/person\/d603dd7da31fb2b46c82b9835a77ec13"},"headline":"XV de France : la liste des 42 joueurs pour pr\u00e9parer le Pays de Galles","datePublished":"2026-02-07T13:31:33+00:00","mainEntityOfPage":{"@id":"https:\/\/dicodusport.fr\/blog\/xv-de-france-la-liste-des-42-joueurs-pour-preparer-le-pays-de-galles\/"},"wordCount":731,"commentCount":0,"publisher":{"@id":"https:\/\/dicodusport.fr\/blog\/#organization"},"image":{"@id":"https:\/\/dicodusport.fr\/blog\/xv-de-france-la-liste-des-42-joueurs-pour-preparer-le-pays-de-galles\/#primaryimage"},"thumbnailUrl":"https:\/\/dicodusport.fr\/blog\/wp-content\/uploads\/2026\/02\/XV-de-France-la-liste-des-42-joueurs-pour-preparer-le-Pays-de-Galles.png","keywords":["actu","br\u00e8ve","Tournoi des 6 Nations","XV de France"],"articleSection":["Tournoi des 6 Nations","XV de France"],"inLanguage":"fr-FR","potentialAction":[{"@type":"CommentAction","name":"Comment","target":["https:\/\/dicodusport.fr\/blog\/xv-de-france-la-liste-des-42-joueurs-pour-preparer-le-pays-de-galles\/#respond"]}],"copyrightYear":"2026","copyrightHolder":{"@id":"https:\/\/dicodusport.fr\/blog\/#organization"}},{"@type":"WebPage","@id":"https:\/\/dicodusport.fr\/blog\/xv-de-france-la-liste-des-42-joueurs-pour-preparer-le-pays-de-galles\/","url":"https:\/\/dicodusport.fr\/blog\/xv-de-france-la-liste-des-42-joueurs-pour-preparer-le-pays-de-galles\/","name":"XV de France : la liste des 42 joueurs pour pr\u00e9parer le Pays de Galles","isPartOf":{"@id":"https:\/\/dicodusport.fr\/blog\/#website"},"primaryImageOfPage":{"@id":"https:\/\/dicodusport.fr\/blog\/xv-de-france-la-liste-des-42-joueurs-pour-preparer-le-pays-de-galles\/#primaryimage"},"image":{"@id":"https:\/\/dicodusport.fr\/blog\/xv-de-france-la-liste-des-42-joueurs-pour-preparer-le-pays-de-galles\/#primaryimage"},"thumbnailUrl":"https:\/\/dicodusport.fr\/blog\/wp-content\/uploads\/2026\/02\/XV-de-France-la-liste-des-42-joueurs-pour-preparer-le-Pays-de-Galles.png","datePublished":"2026-02-07T13:31:33+00:00","description":"D\u00e9couvrez la liste des 42 Bleus s\u00e9lectionn\u00e9s pour pr\u00e9parer le deuxi\u00e8me match du XV de France face aux Pays de Galles.","breadcrumb":{"@id":"https:\/\/dicodusport.fr\/blog\/xv-de-france-la-liste-des-42-joueurs-pour-preparer-le-pays-de-galles\/#breadcrumb"},"inLanguage":"fr-FR","potentialAction":[{"@type":"ReadAction","target":["https:\/\/dicodusport.fr\/blog\/xv-de-france-la-liste-des-42-joueurs-pour-preparer-le-pays-de-galles\/"]}]},{"@type":"ImageObject","inLanguage":"fr-FR","@id":"https:\/\/dicodusport.fr\/blog\/xv-de-france-la-liste-des-42-joueurs-pour-preparer-le-pays-de-galles\/#primaryimage","url":"https:\/\/dicodusport.fr\/blog\/wp-content\/uploads\/2026\/02\/XV-de-France-la-liste-des-42-joueurs-pour-preparer-le-Pays-de-Galles.png","contentUrl":"https:\/\/dicodusport.fr\/blog\/wp-content\/uploads\/2026\/02\/XV-de-France-la-liste-des-42-joueurs-pour-preparer-le-Pays-de-Galles.png","width":1200,"height":674,"caption":"XV de France la liste des 42 joueurs pour pr\u00e9parer le Pays de Galles"},{"@type":"BreadcrumbList","@id":"https:\/\/dicodusport.fr\/blog\/xv-de-france-la-liste-des-42-joueurs-pour-preparer-le-pays-de-galles\/#breadcrumb","itemListElement":[{"@type":"ListItem","position":1,"name":"Accueil","item":"https:\/\/dicodusport.fr\/blog\/"},{"@type":"ListItem","position":2,"name":"XV de France : la liste des 42 joueurs pour pr\u00e9parer le Pays de Galles"}]},{"@type":"WebSite","@id":"https:\/\/dicodusport.fr\/blog\/#website","url":"https:\/\/dicodusport.fr\/blog\/","name":"Dicodusport","description":"L&#039;encyclop\u00e9die de l&#039;actualit\u00e9 sportive","publisher":{"@id":"https:\/\/dicodusport.fr\/blog\/#organization"},"potentialAction":[{"@type":"SearchAction","target":{"@type":"EntryPoint","urlTemplate":"https:\/\/dicodusport.fr\/blog\/?s={search_term_string}"},"query-input":{"@type":"PropertyValueSpecification","valueRequired":true,"valueName":"search_term_string"}}],"inLanguage":"fr-FR"},{"@type":"NewsMediaOrganization","@id":"https:\/\/dicodusport.fr\/blog\/#organization","name":"Dicodusport","url":"https:\/\/dicodusport.fr\/blog\/","logo":{"@type":"ImageObject","inLanguage":"fr-FR","@id":"https:\/\/dicodusport.fr\/blog\/#\/schema\/logo\/image\/","url":"https:\/\/dicodusport.fr\/blog\/wp-content\/uploads\/2020\/06\/cropped-LOGO-DICODUSPORT-2020-SANS-FOND-SANS-TEXTE.png","contentUrl":"https:\/\/dicodusport.fr\/blog\/wp-content\/uploads\/2020\/06\/cropped-LOGO-DICODUSPORT-2020-SANS-FOND-SANS-TEXTE.png","width":512,"height":512,"caption":"Dicodusport"},"image":{"@id":"https:\/\/dicodusport.fr\/blog\/#\/schema\/logo\/image\/"},"sameAs":["https:\/\/www.facebook.com\/dicodusport","https:\/\/x.com\/dicodusport","https:\/\/www.instagram.com\/dicodusport\/","https:\/\/www.youtube.com\/channel\/UC7V2KZ5sd3htJivAbA4ZG3w"],"description":"Dicodusport est l'encyclop\u00e9die de l'actualit\u00e9 sportive.","email":"bonjour@dicodusport.fr","legalName":"DICODUSPORT","foundingDate":"2018-01-14","vatID":"FR71834470973","taxID":"83447097300043","numberOfEmployees":{"@type":"QuantitativeValue","minValue":"1","maxValue":"10"}},{"@type":"Person","@id":"https:\/\/dicodusport.fr\/blog\/#\/schema\/person\/d603dd7da31fb2b46c82b9835a77ec13","name":"Etienne Goursaud","image":{"@type":"ImageObject","inLanguage":"fr-FR","@id":"https:\/\/dicodusport.fr\/blog\/#\/schema\/person\/image\/","url":"https:\/\/dicodusport.fr\/blog\/wp-content\/uploads\/2023\/12\/410122264_10231602061736049_5565839791558026645_n-150x150.jpg","contentUrl":"https:\/\/dicodusport.fr\/blog\/wp-content\/uploads\/2023\/12\/410122264_10231602061736049_5565839791558026645_n-150x150.jpg","caption":"Etienne Goursaud"},"description":"Journaliste et amoureux de sport. Ancien footballeur reconverti athl\u00e8te quand ses muscles le laissent tranquille. \u00c9lev\u00e9 \u00e0 la sauce des exploits de Thomas Voeckler en 2004, du dernier essai de l\u00e9gende de Eunice Barber \u00e0 la longueur lors des championnats du monde d'athl\u00e9tisme de 2003 mais aussi Zidane, Omeyer et Titou Lamaison.","url":"https:\/\/dicodusport.fr\/blog\/author\/etienne-goursaud\/"}]}},"_links":{"self":[{"href":"https:\/\/dicodusport.fr\/blog\/wp-json\/wp\/v2\/posts\/644991","targetHints":{"allow":["GET"]}}],"collection":[{"href":"https:\/\/dicodusport.fr\/blog\/wp-json\/wp\/v2\/posts"}],"about":[{"href":"https:\/\/dicodusport.fr\/blog\/wp-json\/wp\/v2\/types\/post"}],"author":[{"embeddable":true,"href":"https:\/\/dicodusport.fr\/blog\/wp-json\/wp\/v2\/users\/83"}],"replies":[{"embeddable":true,"href":"https:\/\/dicodusport.fr\/blog\/wp-json\/wp\/v2\/comments?post=644991"}],"version-history":[{"count":4,"href":"https:\/\/dicodusport.fr\/blog\/wp-json\/wp\/v2\/posts\/644991\/revisions"}],"predecessor-version":[{"id":645024,"href":"https:\/\/dicodusport.fr\/blog\/wp-json\/wp\/v2\/posts\/644991\/revisions\/645024"}],"wp:featuredmedia":[{"embeddable":true,"href":"https:\/\/dicodusport.fr\/blog\/wp-json\/wp\/v2\/media\/645023"}],"wp:attachment":[{"href":"https:\/\/dicodusport.fr\/blog\/wp-json\/wp\/v2\/media?parent=644991"}],"wp:term":[{"taxonomy":"category","embeddable":true,"href":"https:\/\/dicodusport.fr\/blog\/wp-json\/wp\/v2\/categories?post=644991"},{"taxonomy":"post_tag","embeddable":true,"href":"https:\/\/dicodusport.fr\/blog\/wp-json\/wp\/v2\/tags?post=644991"}],"curies":[{"name":"wp","href":"https:\/\/api.w.org\/{rel}","templated":true}]}}