{"id":645077,"date":"2026-02-07T15:59:07","date_gmt":"2026-02-07T14:59:07","guid":{"rendered":"https:\/\/dicodusport.fr\/blog\/?p=645077&#038;preview=true&#038;preview_id=645077"},"modified":"2026-02-07T15:59:07","modified_gmt":"2026-02-07T14:59:07","slug":"la-startlist-du-relais-mixte-de-biathlon-aux-jo-2026-de-milan-cortina","status":"publish","type":"post","link":"https:\/\/dicodusport.fr\/blog\/la-startlist-du-relais-mixte-de-biathlon-aux-jo-2026-de-milan-cortina\/","title":{"rendered":"La startlist du relais mixte de biathlon aux JO 2026 de Milan-Cortina"},"content":{"rendered":"<p style=\"text-align: justify;\"><strong><em>Retrouvez la startlist compl\u00e8te du relais mixte des JO 2026 de Milan-Cortina, premi\u00e8re \u00e9preuve pour les biathl\u00e8tes en Italie.<\/em><\/strong><\/p>\n<ul>\n<li style=\"text-align: justify;\"><strong>\u00c0 ce sujet \u2013\u00a0<a href=\"https:\/\/dicodusport.fr\/blog\/calendrier-jo-dhiver-2026-programme-complet-des-epreuves-jour-par-jour-milan-cortina\/\">Calendrier JO d\u2019hiver 2026 : programme complet des \u00e9preuves, jour par jour (Milan-Cortina)<\/a><\/strong><\/li>\n<\/ul>\n<p style=\"text-align: justify;\">Le <strong>relais mixte 4 \u00d7 6 km des Jeux Olympiques de Milan-Cortina 2026<\/strong> se dispute ce <strong>dimanche 8 f\u00e9vrier<\/strong> \u00e0 14h05, sur le site exigeant d\u2019Anterselva, th\u00e9\u00e2tre de nombreuses grandes heures du biathlon. Vingt-et-une nations seront au d\u00e9part, avec un format classique m\u00ealant deux hommes puis deux femmes. Parmi les \u00e9quipes les plus attendues, la <strong>France<\/strong> affiche <a href=\"https:\/\/dicodusport.fr\/blog\/la-composition-de-la-france-pour-le-relais-mixte-de-biathlon-des-jo-2026-de-milan-cortina\/\">un quatuor de tr\u00e8s haut niveau<\/a> avec <a href=\"https:\/\/dicodusport.fr\/blog\/eric-perrot-aux-jo-2026-programme-horaires-et-epreuves-a-suivre\/\"><strong>\u00c9ric Perrot<\/strong><\/a> et <a href=\"https:\/\/dicodusport.fr\/blog\/quentin-fillon-maillet-aux-jo-2026-programme-horaires-et-epreuves-a-suivre\/\"><strong>Quentin Fillon Maillet<\/strong><\/a> pour lancer l\u2019\u00e9preuve, avant <a href=\"https:\/\/dicodusport.fr\/blog\/lou-jeanmonnot-aux-jo-2026-programme-horaires-et-epreuves-a-suivre\/\"><strong>Lou Jeanmonnot<\/strong><\/a> et <a href=\"https:\/\/dicodusport.fr\/blog\/julia-simon-aux-jo-2026-programme-horaires-et-epreuves-a-suivre\/\"><strong>Julia Simon<\/strong><\/a> en finisseuses.<\/p>\n<h2 style=\"text-align: justify;\">Italie, Norv\u00e8ge et Su\u00e8de en principaux adversaires<\/h2>\n<p style=\"text-align: justify;\">\u00c0 domicile, l\u2019<strong>Italie<\/strong> aligne une composition tr\u00e8s ambitieuse : <strong>Tommaso Giacomel<\/strong> et <strong>Lukas Hofer<\/strong> ouvriront le relais avant le duo f\u00e9minin <strong>Dorothea Wierer \u2013 Lisa Vittozzi<\/strong>, r\u00e9f\u00e9rence mondiale sur ce format. Soutenue par le public et parfaitement adapt\u00e9e au profil d\u2019Anterselva, la <em>Squadra Azzurra<\/em> visera clairement le podium. La <strong>Norv\u00e8ge<\/strong>, malgr\u00e9 un effectif partiellement renouvel\u00e9, reste une menace constante avec <strong>Martin Uldal<\/strong> et <strong>Vetle Christiansen<\/strong> chez les hommes, puis <strong>Karoline Knotten<\/strong> et <strong>Maren Kirkeeide<\/strong> c\u00f4t\u00e9 f\u00e9minin : une \u00e9quipe jeune mais dense, capable de faire la diff\u00e9rence au tir.<\/p>\n<ul>\n<li><strong>\u00c0 ce sujet &#8211; <a href=\"https:\/\/dicodusport.fr\/blog\/biathlon-jo-2026-programme-horaires-et-resultats\/\">Biathlon JO 2026 : Programme, Horaires et R\u00e9sultats<\/a><\/strong><\/li>\n<\/ul>\n<p style=\"text-align: justify;\">Enfin, la Su\u00e8de mise sur son homog\u00e9n\u00e9it\u00e9 avec <strong>Sebastian Samuelsson<\/strong> et <strong>Martin Ponsiluoma<\/strong> pour d\u00e9buter. Pas d\u2019<strong>Elvira Oeberg<\/strong> en revanche, les Su\u00e9dois seront suivis d\u2019<strong>Anna Magnusson<\/strong> et de la tr\u00e8s exp\u00e9riment\u00e9e <strong>Hanna Oeberg<\/strong>, un quatuor solide et r\u00e9gulier, toujours redoutable dans les grands rendez-vous.<\/p>\n<p style=\"text-align: justify;\">Dans ces conditions, la lutte pour les m\u00e9dailles s\u2019annonce particuli\u00e8rement ouverte, avec plusieurs nations arm\u00e9es pour jouer les premiers r\u00f4les d\u00e8s les premiers relais.<\/p>\n<h2>La startlist du relais mixte de biathlon des JO 2026<\/h2>\n<a href=\"https:\/\/dicodusport.fr\/blog\/wp-content\/uploads\/2026\/02\/Startlist-Relais-mixte-de-biathlon-des-JO-2026.pdf\" class=\"pdfemb-viewer\" style=\"\" data-width=\"max\" data-height=\"max\"  data-toolbar=\"both\" data-toolbar-fixed=\"on\">Startlist Relais mixte de biathlon des JO 2026<br\/><\/a>\n<ul>\n<li style=\"text-align: justify;\"><strong>\u00c0 ce sujet \u2013\u00a0<a href=\"https:\/\/dicodusport.fr\/blog\/tableau-des-medailles-jo-2026-classement-mis-a-jour-en-temps-reel\/\">Tableau des m\u00e9dailles JO 2026 : classement mis \u00e0 jour en temps r\u00e9el<\/a><\/strong><\/li>\n<\/ul>\n","protected":false},"excerpt":{"rendered":"<p>Retrouvez la startlist compl\u00e8te du relais mixte des JO 2026 de Milan-Cortina, premi\u00e8re \u00e9preuve pour les biathl\u00e8tes en Italie.<\/p>\n","protected":false},"author":4,"featured_media":645090,"comment_status":"open","ping_status":"closed","sticky":false,"template":"","format":"standard","meta":{"_acf_changed":false,"_daextam_enable_autolinks":"1","footnotes":""},"categories":[2426,44003],"tags":[2427,16878,46887,46888,47094],"class_list":["post-645077","post","type-post","status-publish","format-standard","has-post-thumbnail","hentry","category-biathlon","category-jo-hiver-2026","tag-biathlon","tag-breve","tag-jeux-olympiques-2026","tag-jo-2026","tag-jo-dhiver"],"acf":[],"yoast_head":"<!-- This site is optimized with the Yoast SEO Premium plugin v26.7 (Yoast SEO v26.7) - https:\/\/yoast.com\/wordpress\/plugins\/seo\/ -->\n<title>La startlist du relais mixte de biathlon aux JO 2026 de Milan-Cortina<\/title>\n<meta name=\"description\" content=\"Retrouvez la startlist compl\u00e8te du relais mixte des JO 2026 de Milan-Cortina, premi\u00e8re \u00e9preuve pour les biathl\u00e8tes en Italie.\" \/>\n<meta name=\"robots\" content=\"index, follow, max-snippet:-1, max-image-preview:large, max-video-preview:-1\" \/>\n<link rel=\"canonical\" href=\"https:\/\/dicodusport.fr\/blog\/la-startlist-du-relais-mixte-de-biathlon-aux-jo-2026-de-milan-cortina\/\" \/>\n<meta property=\"og:locale\" content=\"fr_FR\" \/>\n<meta property=\"og:type\" content=\"article\" \/>\n<meta property=\"og:title\" content=\"La startlist du relais mixte de biathlon aux JO 2026 de Milan-Cortina\" \/>\n<meta property=\"og:description\" content=\"Retrouvez la startlist compl\u00e8te du relais mixte des JO 2026 de Milan-Cortina, premi\u00e8re \u00e9preuve pour les biathl\u00e8tes en Italie.\" \/>\n<meta property=\"og:url\" content=\"https:\/\/dicodusport.fr\/blog\/la-startlist-du-relais-mixte-de-biathlon-aux-jo-2026-de-milan-cortina\/\" \/>\n<meta property=\"og:site_name\" content=\"Dicodusport\" \/>\n<meta property=\"article:publisher\" content=\"https:\/\/www.facebook.com\/dicodusport\" \/>\n<meta property=\"article:author\" content=\"https:\/\/www.facebook.com\/florent.ostermann\" \/>\n<meta property=\"article:published_time\" content=\"2026-02-07T14:59:07+00:00\" \/>\n<meta property=\"og:image\" content=\"https:\/\/dicodusport.fr\/blog\/wp-content\/uploads\/2026\/02\/La-startlist-du-relais-mixte-de-biathlon-aux-JO-2026-de-Milan-Cortina.png\" \/>\n\t<meta property=\"og:image:width\" content=\"1200\" \/>\n\t<meta property=\"og:image:height\" content=\"674\" \/>\n\t<meta property=\"og:image:type\" content=\"image\/png\" \/>\n<meta name=\"author\" content=\"Flo Ostermann\" \/>\n<meta name=\"twitter:card\" content=\"summary_large_image\" \/>\n<meta name=\"twitter:title\" content=\"La startlist du relais mixte de biathlon aux JO 2026 de Milan-Cortina\" \/>\n<meta name=\"twitter:creator\" content=\"@https:\/\/twitter.com\/FlOstermann\" \/>\n<meta name=\"twitter:site\" content=\"@dicodusport\" \/>\n<script type=\"application\/ld+json\" class=\"yoast-schema-graph\">{\"@context\":\"https:\/\/schema.org\",\"@graph\":[{\"@type\":\"NewsArticle\",\"@id\":\"https:\/\/dicodusport.fr\/blog\/la-startlist-du-relais-mixte-de-biathlon-aux-jo-2026-de-milan-cortina\/#article\",\"isPartOf\":{\"@id\":\"https:\/\/dicodusport.fr\/blog\/la-startlist-du-relais-mixte-de-biathlon-aux-jo-2026-de-milan-cortina\/\"},\"author\":{\"name\":\"Flo Ostermann\",\"@id\":\"https:\/\/dicodusport.fr\/blog\/#\/schema\/person\/cb02af4c173ce4a653b55e9baf388d4a\"},\"headline\":\"La startlist du relais mixte de biathlon aux JO 2026 de Milan-Cortina\",\"datePublished\":\"2026-02-07T14:59:07+00:00\",\"mainEntityOfPage\":{\"@id\":\"https:\/\/dicodusport.fr\/blog\/la-startlist-du-relais-mixte-de-biathlon-aux-jo-2026-de-milan-cortina\/\"},\"wordCount\":369,\"commentCount\":0,\"publisher\":{\"@id\":\"https:\/\/dicodusport.fr\/blog\/#organization\"},\"image\":{\"@id\":\"https:\/\/dicodusport.fr\/blog\/la-startlist-du-relais-mixte-de-biathlon-aux-jo-2026-de-milan-cortina\/#primaryimage\"},\"thumbnailUrl\":\"https:\/\/dicodusport.fr\/blog\/wp-content\/uploads\/2026\/02\/La-startlist-du-relais-mixte-de-biathlon-aux-JO-2026-de-Milan-Cortina.png\",\"keywords\":[\"Biathlon\",\"br\u00e8ve\",\"Jeux Olympiques 2026\",\"JO 2026\",\"JO d'hiver\"],\"articleSection\":[\"Biathlon\",\"JO d'hiver 2026\"],\"inLanguage\":\"fr-FR\",\"potentialAction\":[{\"@type\":\"CommentAction\",\"name\":\"Comment\",\"target\":[\"https:\/\/dicodusport.fr\/blog\/la-startlist-du-relais-mixte-de-biathlon-aux-jo-2026-de-milan-cortina\/#respond\"]}],\"copyrightYear\":\"2026\",\"copyrightHolder\":{\"@id\":\"https:\/\/dicodusport.fr\/blog\/#organization\"}},{\"@type\":\"WebPage\",\"@id\":\"https:\/\/dicodusport.fr\/blog\/la-startlist-du-relais-mixte-de-biathlon-aux-jo-2026-de-milan-cortina\/\",\"url\":\"https:\/\/dicodusport.fr\/blog\/la-startlist-du-relais-mixte-de-biathlon-aux-jo-2026-de-milan-cortina\/\",\"name\":\"La startlist du relais mixte de biathlon aux JO 2026 de Milan-Cortina\",\"isPartOf\":{\"@id\":\"https:\/\/dicodusport.fr\/blog\/#website\"},\"primaryImageOfPage\":{\"@id\":\"https:\/\/dicodusport.fr\/blog\/la-startlist-du-relais-mixte-de-biathlon-aux-jo-2026-de-milan-cortina\/#primaryimage\"},\"image\":{\"@id\":\"https:\/\/dicodusport.fr\/blog\/la-startlist-du-relais-mixte-de-biathlon-aux-jo-2026-de-milan-cortina\/#primaryimage\"},\"thumbnailUrl\":\"https:\/\/dicodusport.fr\/blog\/wp-content\/uploads\/2026\/02\/La-startlist-du-relais-mixte-de-biathlon-aux-JO-2026-de-Milan-Cortina.png\",\"datePublished\":\"2026-02-07T14:59:07+00:00\",\"description\":\"Retrouvez la startlist compl\u00e8te du relais mixte des JO 2026 de Milan-Cortina, premi\u00e8re \u00e9preuve pour les biathl\u00e8tes en Italie.\",\"breadcrumb\":{\"@id\":\"https:\/\/dicodusport.fr\/blog\/la-startlist-du-relais-mixte-de-biathlon-aux-jo-2026-de-milan-cortina\/#breadcrumb\"},\"inLanguage\":\"fr-FR\",\"potentialAction\":[{\"@type\":\"ReadAction\",\"target\":[\"https:\/\/dicodusport.fr\/blog\/la-startlist-du-relais-mixte-de-biathlon-aux-jo-2026-de-milan-cortina\/\"]}]},{\"@type\":\"ImageObject\",\"inLanguage\":\"fr-FR\",\"@id\":\"https:\/\/dicodusport.fr\/blog\/la-startlist-du-relais-mixte-de-biathlon-aux-jo-2026-de-milan-cortina\/#primaryimage\",\"url\":\"https:\/\/dicodusport.fr\/blog\/wp-content\/uploads\/2026\/02\/La-startlist-du-relais-mixte-de-biathlon-aux-JO-2026-de-Milan-Cortina.png\",\"contentUrl\":\"https:\/\/dicodusport.fr\/blog\/wp-content\/uploads\/2026\/02\/La-startlist-du-relais-mixte-de-biathlon-aux-JO-2026-de-Milan-Cortina.png\",\"width\":1200,\"height\":674,\"caption\":\"La startlist du relais mixte de biathlon aux JO 2026 de Milan-Cortina\"},{\"@type\":\"BreadcrumbList\",\"@id\":\"https:\/\/dicodusport.fr\/blog\/la-startlist-du-relais-mixte-de-biathlon-aux-jo-2026-de-milan-cortina\/#breadcrumb\",\"itemListElement\":[{\"@type\":\"ListItem\",\"position\":1,\"name\":\"Accueil\",\"item\":\"https:\/\/dicodusport.fr\/blog\/\"},{\"@type\":\"ListItem\",\"position\":2,\"name\":\"La startlist du relais mixte de biathlon aux JO 2026 de Milan-Cortina\"}]},{\"@type\":\"WebSite\",\"@id\":\"https:\/\/dicodusport.fr\/blog\/#website\",\"url\":\"https:\/\/dicodusport.fr\/blog\/\",\"name\":\"Dicodusport\",\"description\":\"L&#039;encyclop\u00e9die de l&#039;actualit\u00e9 sportive\",\"publisher\":{\"@id\":\"https:\/\/dicodusport.fr\/blog\/#organization\"},\"potentialAction\":[{\"@type\":\"SearchAction\",\"target\":{\"@type\":\"EntryPoint\",\"urlTemplate\":\"https:\/\/dicodusport.fr\/blog\/?s={search_term_string}\"},\"query-input\":{\"@type\":\"PropertyValueSpecification\",\"valueRequired\":true,\"valueName\":\"search_term_string\"}}],\"inLanguage\":\"fr-FR\"},{\"@type\":\"NewsMediaOrganization\",\"@id\":\"https:\/\/dicodusport.fr\/blog\/#organization\",\"name\":\"Dicodusport\",\"url\":\"https:\/\/dicodusport.fr\/blog\/\",\"logo\":{\"@type\":\"ImageObject\",\"inLanguage\":\"fr-FR\",\"@id\":\"https:\/\/dicodusport.fr\/blog\/#\/schema\/logo\/image\/\",\"url\":\"https:\/\/dicodusport.fr\/blog\/wp-content\/uploads\/2020\/06\/cropped-LOGO-DICODUSPORT-2020-SANS-FOND-SANS-TEXTE.png\",\"contentUrl\":\"https:\/\/dicodusport.fr\/blog\/wp-content\/uploads\/2020\/06\/cropped-LOGO-DICODUSPORT-2020-SANS-FOND-SANS-TEXTE.png\",\"width\":512,\"height\":512,\"caption\":\"Dicodusport\"},\"image\":{\"@id\":\"https:\/\/dicodusport.fr\/blog\/#\/schema\/logo\/image\/\"},\"sameAs\":[\"https:\/\/www.facebook.com\/dicodusport\",\"https:\/\/x.com\/dicodusport\",\"https:\/\/www.instagram.com\/dicodusport\/\",\"https:\/\/www.youtube.com\/channel\/UC7V2KZ5sd3htJivAbA4ZG3w\"],\"description\":\"Dicodusport est l'encyclop\u00e9die de l'actualit\u00e9 sportive.\",\"email\":\"bonjour@dicodusport.fr\",\"legalName\":\"DICODUSPORT\",\"foundingDate\":\"2018-01-14\",\"vatID\":\"FR71834470973\",\"taxID\":\"83447097300043\",\"numberOfEmployees\":{\"@type\":\"QuantitativeValue\",\"minValue\":\"1\",\"maxValue\":\"10\"}},{\"@type\":\"Person\",\"@id\":\"https:\/\/dicodusport.fr\/blog\/#\/schema\/person\/cb02af4c173ce4a653b55e9baf388d4a\",\"name\":\"Flo Ostermann\",\"image\":{\"@type\":\"ImageObject\",\"inLanguage\":\"fr-FR\",\"@id\":\"https:\/\/dicodusport.fr\/blog\/#\/schema\/person\/image\/\",\"url\":\"https:\/\/dicodusport.fr\/blog\/wp-content\/uploads\/2021\/05\/Flo-Ostermann-150x150.jpg\",\"contentUrl\":\"https:\/\/dicodusport.fr\/blog\/wp-content\/uploads\/2021\/05\/Flo-Ostermann-150x150.jpg\",\"caption\":\"Flo Ostermann\"},\"description\":\"Journaliste\/R\u00e9dacteur depuis septembre 2015 - Mes premiers souvenirs dans le sport ? Les envol\u00e9es du Stade Toulousain et les duels Villeneuve-Schumacher et H\u00e4kkinen-Schumacher \u00e0 la fin des ann\u00e9es 90, la Coupe du monde de football en 1998, l\u2019exploit du XV de France face aux All Blacks en 1999, mais aussi Richard C\u0153ur de Lion qui vole sur les montagnes du Tour de France. Bien parti pour devenir professeur d\u2019EPS, les \u00e9v\u00e9nements de la vie (et la flemme d\u2019animer des s\u00e9ances de 3x500 m\u00e8tres toute ma vie) m\u2019ont conduit \u00e0 revoir mes plans. Me voil\u00e0 depuis fin 2017 sur Dicodusport, m\u00e9dia gr\u00e2ce (et pour) lequel je partage ma passion : le sport dans tous ses \u00e9tats. Le tout accompagn\u00e9 par les fous furieux et folles furieuses cit\u00e9s sur cette page !\",\"sameAs\":[\"https:\/\/www.facebook.com\/florent.ostermann\",\"https:\/\/x.com\/https:\/\/twitter.com\/FlOstermann\",\"admin\"],\"url\":\"https:\/\/dicodusport.fr\/blog\/author\/flo\/\"}]}<\/script>\n<!-- \/ Yoast SEO Premium plugin. -->","yoast_head_json":{"title":"La startlist du relais mixte de biathlon aux JO 2026 de Milan-Cortina","description":"Retrouvez la startlist compl\u00e8te du relais mixte des JO 2026 de Milan-Cortina, premi\u00e8re \u00e9preuve pour les biathl\u00e8tes en Italie.","robots":{"index":"index","follow":"follow","max-snippet":"max-snippet:-1","max-image-preview":"max-image-preview:large","max-video-preview":"max-video-preview:-1"},"canonical":"https:\/\/dicodusport.fr\/blog\/la-startlist-du-relais-mixte-de-biathlon-aux-jo-2026-de-milan-cortina\/","og_locale":"fr_FR","og_type":"article","og_title":"La startlist du relais mixte de biathlon aux JO 2026 de Milan-Cortina","og_description":"Retrouvez la startlist compl\u00e8te du relais mixte des JO 2026 de Milan-Cortina, premi\u00e8re \u00e9preuve pour les biathl\u00e8tes en Italie.","og_url":"https:\/\/dicodusport.fr\/blog\/la-startlist-du-relais-mixte-de-biathlon-aux-jo-2026-de-milan-cortina\/","og_site_name":"Dicodusport","article_publisher":"https:\/\/www.facebook.com\/dicodusport","article_author":"https:\/\/www.facebook.com\/florent.ostermann","article_published_time":"2026-02-07T14:59:07+00:00","og_image":[{"width":1200,"height":674,"url":"https:\/\/dicodusport.fr\/blog\/wp-content\/uploads\/2026\/02\/La-startlist-du-relais-mixte-de-biathlon-aux-JO-2026-de-Milan-Cortina.png","type":"image\/png"}],"author":"Flo Ostermann","twitter_card":"summary_large_image","twitter_title":"La startlist du relais mixte de biathlon aux JO 2026 de Milan-Cortina","twitter_creator":"@https:\/\/twitter.com\/FlOstermann","twitter_site":"@dicodusport","schema":{"@context":"https:\/\/schema.org","@graph":[{"@type":"NewsArticle","@id":"https:\/\/dicodusport.fr\/blog\/la-startlist-du-relais-mixte-de-biathlon-aux-jo-2026-de-milan-cortina\/#article","isPartOf":{"@id":"https:\/\/dicodusport.fr\/blog\/la-startlist-du-relais-mixte-de-biathlon-aux-jo-2026-de-milan-cortina\/"},"author":{"name":"Flo Ostermann","@id":"https:\/\/dicodusport.fr\/blog\/#\/schema\/person\/cb02af4c173ce4a653b55e9baf388d4a"},"headline":"La startlist du relais mixte de biathlon aux JO 2026 de Milan-Cortina","datePublished":"2026-02-07T14:59:07+00:00","mainEntityOfPage":{"@id":"https:\/\/dicodusport.fr\/blog\/la-startlist-du-relais-mixte-de-biathlon-aux-jo-2026-de-milan-cortina\/"},"wordCount":369,"commentCount":0,"publisher":{"@id":"https:\/\/dicodusport.fr\/blog\/#organization"},"image":{"@id":"https:\/\/dicodusport.fr\/blog\/la-startlist-du-relais-mixte-de-biathlon-aux-jo-2026-de-milan-cortina\/#primaryimage"},"thumbnailUrl":"https:\/\/dicodusport.fr\/blog\/wp-content\/uploads\/2026\/02\/La-startlist-du-relais-mixte-de-biathlon-aux-JO-2026-de-Milan-Cortina.png","keywords":["Biathlon","br\u00e8ve","Jeux Olympiques 2026","JO 2026","JO d'hiver"],"articleSection":["Biathlon","JO d'hiver 2026"],"inLanguage":"fr-FR","potentialAction":[{"@type":"CommentAction","name":"Comment","target":["https:\/\/dicodusport.fr\/blog\/la-startlist-du-relais-mixte-de-biathlon-aux-jo-2026-de-milan-cortina\/#respond"]}],"copyrightYear":"2026","copyrightHolder":{"@id":"https:\/\/dicodusport.fr\/blog\/#organization"}},{"@type":"WebPage","@id":"https:\/\/dicodusport.fr\/blog\/la-startlist-du-relais-mixte-de-biathlon-aux-jo-2026-de-milan-cortina\/","url":"https:\/\/dicodusport.fr\/blog\/la-startlist-du-relais-mixte-de-biathlon-aux-jo-2026-de-milan-cortina\/","name":"La startlist du relais mixte de biathlon aux JO 2026 de Milan-Cortina","isPartOf":{"@id":"https:\/\/dicodusport.fr\/blog\/#website"},"primaryImageOfPage":{"@id":"https:\/\/dicodusport.fr\/blog\/la-startlist-du-relais-mixte-de-biathlon-aux-jo-2026-de-milan-cortina\/#primaryimage"},"image":{"@id":"https:\/\/dicodusport.fr\/blog\/la-startlist-du-relais-mixte-de-biathlon-aux-jo-2026-de-milan-cortina\/#primaryimage"},"thumbnailUrl":"https:\/\/dicodusport.fr\/blog\/wp-content\/uploads\/2026\/02\/La-startlist-du-relais-mixte-de-biathlon-aux-JO-2026-de-Milan-Cortina.png","datePublished":"2026-02-07T14:59:07+00:00","description":"Retrouvez la startlist compl\u00e8te du relais mixte des JO 2026 de Milan-Cortina, premi\u00e8re \u00e9preuve pour les biathl\u00e8tes en Italie.","breadcrumb":{"@id":"https:\/\/dicodusport.fr\/blog\/la-startlist-du-relais-mixte-de-biathlon-aux-jo-2026-de-milan-cortina\/#breadcrumb"},"inLanguage":"fr-FR","potentialAction":[{"@type":"ReadAction","target":["https:\/\/dicodusport.fr\/blog\/la-startlist-du-relais-mixte-de-biathlon-aux-jo-2026-de-milan-cortina\/"]}]},{"@type":"ImageObject","inLanguage":"fr-FR","@id":"https:\/\/dicodusport.fr\/blog\/la-startlist-du-relais-mixte-de-biathlon-aux-jo-2026-de-milan-cortina\/#primaryimage","url":"https:\/\/dicodusport.fr\/blog\/wp-content\/uploads\/2026\/02\/La-startlist-du-relais-mixte-de-biathlon-aux-JO-2026-de-Milan-Cortina.png","contentUrl":"https:\/\/dicodusport.fr\/blog\/wp-content\/uploads\/2026\/02\/La-startlist-du-relais-mixte-de-biathlon-aux-JO-2026-de-Milan-Cortina.png","width":1200,"height":674,"caption":"La startlist du relais mixte de biathlon aux JO 2026 de Milan-Cortina"},{"@type":"BreadcrumbList","@id":"https:\/\/dicodusport.fr\/blog\/la-startlist-du-relais-mixte-de-biathlon-aux-jo-2026-de-milan-cortina\/#breadcrumb","itemListElement":[{"@type":"ListItem","position":1,"name":"Accueil","item":"https:\/\/dicodusport.fr\/blog\/"},{"@type":"ListItem","position":2,"name":"La startlist du relais mixte de biathlon aux JO 2026 de Milan-Cortina"}]},{"@type":"WebSite","@id":"https:\/\/dicodusport.fr\/blog\/#website","url":"https:\/\/dicodusport.fr\/blog\/","name":"Dicodusport","description":"L&#039;encyclop\u00e9die de l&#039;actualit\u00e9 sportive","publisher":{"@id":"https:\/\/dicodusport.fr\/blog\/#organization"},"potentialAction":[{"@type":"SearchAction","target":{"@type":"EntryPoint","urlTemplate":"https:\/\/dicodusport.fr\/blog\/?s={search_term_string}"},"query-input":{"@type":"PropertyValueSpecification","valueRequired":true,"valueName":"search_term_string"}}],"inLanguage":"fr-FR"},{"@type":"NewsMediaOrganization","@id":"https:\/\/dicodusport.fr\/blog\/#organization","name":"Dicodusport","url":"https:\/\/dicodusport.fr\/blog\/","logo":{"@type":"ImageObject","inLanguage":"fr-FR","@id":"https:\/\/dicodusport.fr\/blog\/#\/schema\/logo\/image\/","url":"https:\/\/dicodusport.fr\/blog\/wp-content\/uploads\/2020\/06\/cropped-LOGO-DICODUSPORT-2020-SANS-FOND-SANS-TEXTE.png","contentUrl":"https:\/\/dicodusport.fr\/blog\/wp-content\/uploads\/2020\/06\/cropped-LOGO-DICODUSPORT-2020-SANS-FOND-SANS-TEXTE.png","width":512,"height":512,"caption":"Dicodusport"},"image":{"@id":"https:\/\/dicodusport.fr\/blog\/#\/schema\/logo\/image\/"},"sameAs":["https:\/\/www.facebook.com\/dicodusport","https:\/\/x.com\/dicodusport","https:\/\/www.instagram.com\/dicodusport\/","https:\/\/www.youtube.com\/channel\/UC7V2KZ5sd3htJivAbA4ZG3w"],"description":"Dicodusport est l'encyclop\u00e9die de l'actualit\u00e9 sportive.","email":"bonjour@dicodusport.fr","legalName":"DICODUSPORT","foundingDate":"2018-01-14","vatID":"FR71834470973","taxID":"83447097300043","numberOfEmployees":{"@type":"QuantitativeValue","minValue":"1","maxValue":"10"}},{"@type":"Person","@id":"https:\/\/dicodusport.fr\/blog\/#\/schema\/person\/cb02af4c173ce4a653b55e9baf388d4a","name":"Flo Ostermann","image":{"@type":"ImageObject","inLanguage":"fr-FR","@id":"https:\/\/dicodusport.fr\/blog\/#\/schema\/person\/image\/","url":"https:\/\/dicodusport.fr\/blog\/wp-content\/uploads\/2021\/05\/Flo-Ostermann-150x150.jpg","contentUrl":"https:\/\/dicodusport.fr\/blog\/wp-content\/uploads\/2021\/05\/Flo-Ostermann-150x150.jpg","caption":"Flo Ostermann"},"description":"Journaliste\/R\u00e9dacteur depuis septembre 2015 - Mes premiers souvenirs dans le sport ? Les envol\u00e9es du Stade Toulousain et les duels Villeneuve-Schumacher et H\u00e4kkinen-Schumacher \u00e0 la fin des ann\u00e9es 90, la Coupe du monde de football en 1998, l\u2019exploit du XV de France face aux All Blacks en 1999, mais aussi Richard C\u0153ur de Lion qui vole sur les montagnes du Tour de France. Bien parti pour devenir professeur d\u2019EPS, les \u00e9v\u00e9nements de la vie (et la flemme d\u2019animer des s\u00e9ances de 3x500 m\u00e8tres toute ma vie) m\u2019ont conduit \u00e0 revoir mes plans. Me voil\u00e0 depuis fin 2017 sur Dicodusport, m\u00e9dia gr\u00e2ce (et pour) lequel je partage ma passion : le sport dans tous ses \u00e9tats. Le tout accompagn\u00e9 par les fous furieux et folles furieuses cit\u00e9s sur cette page !","sameAs":["https:\/\/www.facebook.com\/florent.ostermann","https:\/\/x.com\/https:\/\/twitter.com\/FlOstermann","admin"],"url":"https:\/\/dicodusport.fr\/blog\/author\/flo\/"}]}},"_links":{"self":[{"href":"https:\/\/dicodusport.fr\/blog\/wp-json\/wp\/v2\/posts\/645077","targetHints":{"allow":["GET"]}}],"collection":[{"href":"https:\/\/dicodusport.fr\/blog\/wp-json\/wp\/v2\/posts"}],"about":[{"href":"https:\/\/dicodusport.fr\/blog\/wp-json\/wp\/v2\/types\/post"}],"author":[{"embeddable":true,"href":"https:\/\/dicodusport.fr\/blog\/wp-json\/wp\/v2\/users\/4"}],"replies":[{"embeddable":true,"href":"https:\/\/dicodusport.fr\/blog\/wp-json\/wp\/v2\/comments?post=645077"}],"version-history":[{"count":2,"href":"https:\/\/dicodusport.fr\/blog\/wp-json\/wp\/v2\/posts\/645077\/revisions"}],"predecessor-version":[{"id":645092,"href":"https:\/\/dicodusport.fr\/blog\/wp-json\/wp\/v2\/posts\/645077\/revisions\/645092"}],"wp:featuredmedia":[{"embeddable":true,"href":"https:\/\/dicodusport.fr\/blog\/wp-json\/wp\/v2\/media\/645090"}],"wp:attachment":[{"href":"https:\/\/dicodusport.fr\/blog\/wp-json\/wp\/v2\/media?parent=645077"}],"wp:term":[{"taxonomy":"category","embeddable":true,"href":"https:\/\/dicodusport.fr\/blog\/wp-json\/wp\/v2\/categories?post=645077"},{"taxonomy":"post_tag","embeddable":true,"href":"https:\/\/dicodusport.fr\/blog\/wp-json\/wp\/v2\/tags?post=645077"}],"curies":[{"name":"wp","href":"https:\/\/api.w.org\/{rel}","templated":true}]}}