{"id":645201,"date":"2026-02-07T19:06:57","date_gmt":"2026-02-07T18:06:57","guid":{"rendered":"https:\/\/dicodusport.fr\/blog\/?p=645201&#038;preview=true&#038;preview_id=645201"},"modified":"2026-02-07T19:06:57","modified_gmt":"2026-02-07T18:06:57","slug":"amandine-buchard-complete-la-belle-journee-francaise-au-grand-slam-de-paris-avec-du-bronze","status":"publish","type":"post","link":"https:\/\/dicodusport.fr\/blog\/amandine-buchard-complete-la-belle-journee-francaise-au-grand-slam-de-paris-avec-du-bronze\/","title":{"rendered":"Amandine Buchard compl\u00e8te la belle journ\u00e9e fran\u00e7aise au Grand Slam de Paris avec du bronze"},"content":{"rendered":"<p style=\"text-align: justify;\"><strong><em>JUDO PARIS GRAND SLAM 2026 &#8211; Amandine Buchard a \u00e9t\u00e9 solide pour rafler sa cinqui\u00e8me m\u00e9daille parisienne ce samedi.<\/em><\/strong><\/p>\n<ul style=\"text-align: justify;\">\n<li style=\"text-align: justify;\"><strong>\u00c0 ce sujet \u2013\u00a0<a href=\"https:\/\/dicodusport.fr\/blog\/grand-slam-de-paris-2026-le-direct-des-francais-du-samedi-7-fevrier\/\">Grand Slam de Paris 2026 : le direct des Fran\u00e7ais du samedi 7 f\u00e9vrier<\/a><\/strong><\/li>\n<\/ul>\n<p style=\"text-align: justify;\">Deux m\u00e9dailles d&rsquo;or pour la France en ce samedi au Grand Slam de Paris. <strong>Shirine Boukli<\/strong> chez les -48 kg, et <strong>Sarah-L\u00e9onie Cysique<\/strong> chez les -57 kg ont fait briller le judo tricolore. Mais on avait en prime trois chances de m\u00e9daille de bronze dans les autres cat\u00e9gories.<\/p>\n<h2 style=\"text-align: justify;\">Buchard en patronne<\/h2>\n<p style=\"text-align: justify;\"><strong>Amandine Buchard<\/strong>, laur\u00e9ate en 2022, deuxi\u00e8me en 2018, troisi\u00e8me en 2014 (!) et en 2023, ajoute une cinqui\u00e8me m\u00e9daille \u00e0 son palmar\u00e8s. Le bronze, apr\u00e8s une journ\u00e9e ternie, certes, par sa d\u00e9faite en demi-finale contre la championne olympique de Tokyo <strong>Distria Krasniqi<\/strong>, mais elle a redress\u00e9 le navire en signant un superbe ippon face \u00e0 <strong>Seyun Jang<\/strong> dans le match pour la troisi\u00e8me place.<\/p>\n<blockquote class=\"twitter-tweet\">\n<p dir=\"ltr\" lang=\"fr\">\ud83d\udea8 LE IPPON DE CE D\u00c9BUT D&rsquo;ANN\u00c9E POUR AMANDINE BUCHARD \ud83d\ude31\ud83c\uddeb\ud83c\uddf7<\/p>\n<p>M\u00e9daille de bronze pour la Fran\u00e7aise qui vient \u00e0 bout de Seyun Jang ! \ud83c\udf89<a href=\"https:\/\/twitter.com\/hashtag\/ParisGrandSlam2026?src=hash&amp;ref_src=twsrc%5Etfw\">#ParisGrandSlam2026<\/a> <a href=\"https:\/\/t.co\/edUNokOOd9\">pic.twitter.com\/edUNokOOd9<\/a><\/p>\n<p>\u2014 RMC Sport (@RMCsport) <a href=\"https:\/\/twitter.com\/RMCsport\/status\/2020180504247468412?ref_src=twsrc%5Etfw\">February 7, 2026<\/a><\/p><\/blockquote>\n<p style=\"text-align: justify;\"><script async src=\"https:\/\/platform.twitter.com\/widgets.js\" charset=\"utf-8\"><\/script><\/p>\n<p style=\"text-align: justify;\"><strong>Daikii Bouba<\/strong>, lui, aura des regrets. Une journ\u00e9e parfaite jusqu&rsquo;aux demi-finales, avant une d\u00e9faite sur deux waza-ari contre le champion du monde <strong>Takeshi Takeoka<\/strong>, l&rsquo;envoyant dans un match pour la troisi\u00e8me place compliqu\u00e9, qu&rsquo;il allait perdre contre un autre Japonais, <strong>Kairi Kentoku<\/strong>. La m\u00eame chose pour <strong>Dayyan Boulemtafes<\/strong>, sorti en demie par le m\u00e9daill\u00e9 mondial <strong>Makhmadbek Makhmadbekov<\/strong>, puis domin\u00e9 aux p\u00e9nalit\u00e9s par <strong>Muhidin Asadulloev<\/strong> pour le bronze. Mais le bilan reste positif pour ce combattant m\u00e9connu, qui a eu un bel aper\u00e7u du haut niveau.<\/p>\n<ul style=\"text-align: justify;\">\n<li><strong>\u00c0 ce sujet \u2013 <a title=\"Judo Paris Grand Slam 2025 : Programme complet et r\u00e9sultats\" href=\"https:\/\/dicodusport.fr\/blog\/judo-paris-grand-slam-2026-programme-et-resultats-mis-a-jour\/\" rel=\"\">Judo Paris Grand Slam 2026 : le programme complet<\/a><\/strong><\/li>\n<\/ul>\n<div id=\"gtx-trans\" style=\"position: absolute; left: -14px; top: 40.9091px;\">\n<div class=\"gtx-trans-icon\" style=\"text-align: justify;\"><\/div>\n<\/div>\n","protected":false},"excerpt":{"rendered":"<p>JUDO PARIS GRAND SLAM 2026 &#8211; Amandine Buchard a \u00e9t\u00e9 solide pour rafler sa cinqui\u00e8me m\u00e9daille parisienne ce samedi.<\/p>\n","protected":false},"author":59,"featured_media":645248,"comment_status":"open","ping_status":"closed","sticky":false,"template":"","format":"standard","meta":{"_acf_changed":false,"_daextam_enable_autolinks":"1","footnotes":""},"categories":[8651],"tags":[16878,3774,68],"class_list":["post-645201","post","type-post","status-publish","format-standard","has-post-thumbnail","hentry","category-judo","tag-breve","tag-grand-slam-de-paris","tag-judo"],"acf":[],"yoast_head":"<!-- This site is optimized with the Yoast SEO Premium plugin v26.7 (Yoast SEO v26.7) - https:\/\/yoast.com\/wordpress\/plugins\/seo\/ -->\n<title>Amandine Buchard compl\u00e8te la belle journ\u00e9e fran\u00e7aise au Grand Slam de Paris avec du bronze<\/title>\n<meta name=\"description\" content=\"JUDO PARIS GRAND SLAM 2026 - Amandine Buchard a \u00e9t\u00e9 solide pour rafler sa cinqui\u00e8me m\u00e9daille parisienne ce samedi.\" \/>\n<meta name=\"robots\" content=\"index, follow, max-snippet:-1, max-image-preview:large, max-video-preview:-1\" \/>\n<link rel=\"canonical\" href=\"https:\/\/dicodusport.fr\/blog\/amandine-buchard-complete-la-belle-journee-francaise-au-grand-slam-de-paris-avec-du-bronze\/\" \/>\n<meta property=\"og:locale\" content=\"fr_FR\" \/>\n<meta property=\"og:type\" content=\"article\" \/>\n<meta property=\"og:title\" content=\"Amandine Buchard compl\u00e8te la belle journ\u00e9e fran\u00e7aise au Grand Slam de Paris avec du bronze\" \/>\n<meta property=\"og:description\" content=\"JUDO PARIS GRAND SLAM 2026 - Amandine Buchard a \u00e9t\u00e9 solide pour rafler sa cinqui\u00e8me m\u00e9daille parisienne ce samedi.\" \/>\n<meta property=\"og:url\" content=\"https:\/\/dicodusport.fr\/blog\/amandine-buchard-complete-la-belle-journee-francaise-au-grand-slam-de-paris-avec-du-bronze\/\" \/>\n<meta property=\"og:site_name\" content=\"Dicodusport\" \/>\n<meta property=\"article:publisher\" content=\"https:\/\/www.facebook.com\/dicodusport\" \/>\n<meta property=\"article:author\" content=\"https:\/\/www.facebook.com\/sebastien.gente\/\" \/>\n<meta property=\"article:published_time\" content=\"2026-02-07T18:06:57+00:00\" \/>\n<meta property=\"og:image\" content=\"https:\/\/dicodusport.fr\/blog\/wp-content\/uploads\/2026\/02\/Amandine-Buchard-complete-la-belle-journee-francaise-au-Grand-Slam-de-Paris-avec-du-bronze.png\" \/>\n\t<meta property=\"og:image:width\" content=\"1200\" \/>\n\t<meta property=\"og:image:height\" content=\"674\" \/>\n\t<meta property=\"og:image:type\" content=\"image\/png\" \/>\n<meta name=\"author\" content=\"S\u00e9bastien Gente\" \/>\n<meta name=\"twitter:card\" content=\"summary_large_image\" \/>\n<meta name=\"twitter:title\" content=\"Amandine Buchard compl\u00e8te la belle journ\u00e9e fran\u00e7aise au Grand Slam de Paris avec du bronze\" \/>\n<meta name=\"twitter:creator\" content=\"@https:\/\/twitter.com\/globulo24\" \/>\n<meta name=\"twitter:site\" content=\"@dicodusport\" \/>\n<script type=\"application\/ld+json\" class=\"yoast-schema-graph\">{\"@context\":\"https:\/\/schema.org\",\"@graph\":[{\"@type\":\"NewsArticle\",\"@id\":\"https:\/\/dicodusport.fr\/blog\/amandine-buchard-complete-la-belle-journee-francaise-au-grand-slam-de-paris-avec-du-bronze\/#article\",\"isPartOf\":{\"@id\":\"https:\/\/dicodusport.fr\/blog\/amandine-buchard-complete-la-belle-journee-francaise-au-grand-slam-de-paris-avec-du-bronze\/\"},\"author\":{\"name\":\"S\u00e9bastien Gente\",\"@id\":\"https:\/\/dicodusport.fr\/blog\/#\/schema\/person\/627966a6cde45dbd8c5e36ac85d783da\"},\"headline\":\"Amandine Buchard compl\u00e8te la belle journ\u00e9e fran\u00e7aise au Grand Slam de Paris avec du bronze\",\"datePublished\":\"2026-02-07T18:06:57+00:00\",\"mainEntityOfPage\":{\"@id\":\"https:\/\/dicodusport.fr\/blog\/amandine-buchard-complete-la-belle-journee-francaise-au-grand-slam-de-paris-avec-du-bronze\/\"},\"wordCount\":317,\"commentCount\":0,\"publisher\":{\"@id\":\"https:\/\/dicodusport.fr\/blog\/#organization\"},\"image\":{\"@id\":\"https:\/\/dicodusport.fr\/blog\/amandine-buchard-complete-la-belle-journee-francaise-au-grand-slam-de-paris-avec-du-bronze\/#primaryimage\"},\"thumbnailUrl\":\"https:\/\/dicodusport.fr\/blog\/wp-content\/uploads\/2026\/02\/Amandine-Buchard-complete-la-belle-journee-francaise-au-Grand-Slam-de-Paris-avec-du-bronze.png\",\"keywords\":[\"br\u00e8ve\",\"Grand Slam de Paris\",\"Judo\"],\"articleSection\":[\"Judo\"],\"inLanguage\":\"fr-FR\",\"potentialAction\":[{\"@type\":\"CommentAction\",\"name\":\"Comment\",\"target\":[\"https:\/\/dicodusport.fr\/blog\/amandine-buchard-complete-la-belle-journee-francaise-au-grand-slam-de-paris-avec-du-bronze\/#respond\"]}],\"copyrightYear\":\"2026\",\"copyrightHolder\":{\"@id\":\"https:\/\/dicodusport.fr\/blog\/#organization\"}},{\"@type\":\"WebPage\",\"@id\":\"https:\/\/dicodusport.fr\/blog\/amandine-buchard-complete-la-belle-journee-francaise-au-grand-slam-de-paris-avec-du-bronze\/\",\"url\":\"https:\/\/dicodusport.fr\/blog\/amandine-buchard-complete-la-belle-journee-francaise-au-grand-slam-de-paris-avec-du-bronze\/\",\"name\":\"Amandine Buchard compl\u00e8te la belle journ\u00e9e fran\u00e7aise au Grand Slam de Paris avec du bronze\",\"isPartOf\":{\"@id\":\"https:\/\/dicodusport.fr\/blog\/#website\"},\"primaryImageOfPage\":{\"@id\":\"https:\/\/dicodusport.fr\/blog\/amandine-buchard-complete-la-belle-journee-francaise-au-grand-slam-de-paris-avec-du-bronze\/#primaryimage\"},\"image\":{\"@id\":\"https:\/\/dicodusport.fr\/blog\/amandine-buchard-complete-la-belle-journee-francaise-au-grand-slam-de-paris-avec-du-bronze\/#primaryimage\"},\"thumbnailUrl\":\"https:\/\/dicodusport.fr\/blog\/wp-content\/uploads\/2026\/02\/Amandine-Buchard-complete-la-belle-journee-francaise-au-Grand-Slam-de-Paris-avec-du-bronze.png\",\"datePublished\":\"2026-02-07T18:06:57+00:00\",\"description\":\"JUDO PARIS GRAND SLAM 2026 - Amandine Buchard a \u00e9t\u00e9 solide pour rafler sa cinqui\u00e8me m\u00e9daille parisienne ce samedi.\",\"breadcrumb\":{\"@id\":\"https:\/\/dicodusport.fr\/blog\/amandine-buchard-complete-la-belle-journee-francaise-au-grand-slam-de-paris-avec-du-bronze\/#breadcrumb\"},\"inLanguage\":\"fr-FR\",\"potentialAction\":[{\"@type\":\"ReadAction\",\"target\":[\"https:\/\/dicodusport.fr\/blog\/amandine-buchard-complete-la-belle-journee-francaise-au-grand-slam-de-paris-avec-du-bronze\/\"]}]},{\"@type\":\"ImageObject\",\"inLanguage\":\"fr-FR\",\"@id\":\"https:\/\/dicodusport.fr\/blog\/amandine-buchard-complete-la-belle-journee-francaise-au-grand-slam-de-paris-avec-du-bronze\/#primaryimage\",\"url\":\"https:\/\/dicodusport.fr\/blog\/wp-content\/uploads\/2026\/02\/Amandine-Buchard-complete-la-belle-journee-francaise-au-Grand-Slam-de-Paris-avec-du-bronze.png\",\"contentUrl\":\"https:\/\/dicodusport.fr\/blog\/wp-content\/uploads\/2026\/02\/Amandine-Buchard-complete-la-belle-journee-francaise-au-Grand-Slam-de-Paris-avec-du-bronze.png\",\"width\":1200,\"height\":674,\"caption\":\"Amandine Buchard compl\u00e8te la belle journ\u00e9e fran\u00e7aise au Grand Slam de Paris avec du bronze\"},{\"@type\":\"BreadcrumbList\",\"@id\":\"https:\/\/dicodusport.fr\/blog\/amandine-buchard-complete-la-belle-journee-francaise-au-grand-slam-de-paris-avec-du-bronze\/#breadcrumb\",\"itemListElement\":[{\"@type\":\"ListItem\",\"position\":1,\"name\":\"Accueil\",\"item\":\"https:\/\/dicodusport.fr\/blog\/\"},{\"@type\":\"ListItem\",\"position\":2,\"name\":\"Amandine Buchard compl\u00e8te la belle journ\u00e9e fran\u00e7aise au Grand Slam de Paris avec du bronze\"}]},{\"@type\":\"WebSite\",\"@id\":\"https:\/\/dicodusport.fr\/blog\/#website\",\"url\":\"https:\/\/dicodusport.fr\/blog\/\",\"name\":\"Dicodusport\",\"description\":\"L&#039;encyclop\u00e9die de l&#039;actualit\u00e9 sportive\",\"publisher\":{\"@id\":\"https:\/\/dicodusport.fr\/blog\/#organization\"},\"potentialAction\":[{\"@type\":\"SearchAction\",\"target\":{\"@type\":\"EntryPoint\",\"urlTemplate\":\"https:\/\/dicodusport.fr\/blog\/?s={search_term_string}\"},\"query-input\":{\"@type\":\"PropertyValueSpecification\",\"valueRequired\":true,\"valueName\":\"search_term_string\"}}],\"inLanguage\":\"fr-FR\"},{\"@type\":\"NewsMediaOrganization\",\"@id\":\"https:\/\/dicodusport.fr\/blog\/#organization\",\"name\":\"Dicodusport\",\"url\":\"https:\/\/dicodusport.fr\/blog\/\",\"logo\":{\"@type\":\"ImageObject\",\"inLanguage\":\"fr-FR\",\"@id\":\"https:\/\/dicodusport.fr\/blog\/#\/schema\/logo\/image\/\",\"url\":\"https:\/\/dicodusport.fr\/blog\/wp-content\/uploads\/2020\/06\/cropped-LOGO-DICODUSPORT-2020-SANS-FOND-SANS-TEXTE.png\",\"contentUrl\":\"https:\/\/dicodusport.fr\/blog\/wp-content\/uploads\/2020\/06\/cropped-LOGO-DICODUSPORT-2020-SANS-FOND-SANS-TEXTE.png\",\"width\":512,\"height\":512,\"caption\":\"Dicodusport\"},\"image\":{\"@id\":\"https:\/\/dicodusport.fr\/blog\/#\/schema\/logo\/image\/\"},\"sameAs\":[\"https:\/\/www.facebook.com\/dicodusport\",\"https:\/\/x.com\/dicodusport\",\"https:\/\/www.instagram.com\/dicodusport\/\",\"https:\/\/www.youtube.com\/channel\/UC7V2KZ5sd3htJivAbA4ZG3w\"],\"description\":\"Dicodusport est l'encyclop\u00e9die de l'actualit\u00e9 sportive.\",\"email\":\"bonjour@dicodusport.fr\",\"legalName\":\"DICODUSPORT\",\"foundingDate\":\"2018-01-14\",\"vatID\":\"FR71834470973\",\"taxID\":\"83447097300043\",\"numberOfEmployees\":{\"@type\":\"QuantitativeValue\",\"minValue\":\"1\",\"maxValue\":\"10\"}},{\"@type\":\"Person\",\"@id\":\"https:\/\/dicodusport.fr\/blog\/#\/schema\/person\/627966a6cde45dbd8c5e36ac85d783da\",\"name\":\"S\u00e9bastien Gente\",\"image\":{\"@type\":\"ImageObject\",\"inLanguage\":\"fr-FR\",\"@id\":\"https:\/\/dicodusport.fr\/blog\/#\/schema\/person\/image\/\",\"url\":\"https:\/\/dicodusport.fr\/blog\/wp-content\/uploads\/2021\/09\/1510990_10205810251400683_4124423575079401707_n-150x150.jpg\",\"contentUrl\":\"https:\/\/dicodusport.fr\/blog\/wp-content\/uploads\/2021\/09\/1510990_10205810251400683_4124423575079401707_n-150x150.jpg\",\"caption\":\"S\u00e9bastien Gente\"},\"description\":\"John Stockton, Gianni Bugno, Zinedine Zidane, Steffi Graf, Frode Andresen, St\u00e9phane Stoecklin, Davis Kamoga, Primoz Peterka, Werner Schlager et Aur\u00e9lien Rougerie. Point commun entre ces sportifs? Ils m'ont fait r\u00eaver et ont berc\u00e9 mon adolescence. Je suis un fondu de sports et j'essaie de retranscrire ma passion \u00e0 travers mes articles. Originaire du P\u00e9rigord, ma passion pour les Girondins, les Jaunards et les Jazzmen transpire dans mes \u00e9crits. \u00c0 Dicodusport depuis 2021, je d\u00e9niche les sports m\u00e9connus dans lesquels la France brille, et il y en a !\",\"sameAs\":[\"https:\/\/www.facebook.com\/sebastien.gente\/\",\"https:\/\/www.instagram.com\/sebgente\/\",\"https:\/\/www.linkedin.com\/in\/sbastien-gente-a29583169\/\",\"https:\/\/x.com\/https:\/\/twitter.com\/globulo24\",\"SebastienGente\"],\"worksFor\":\"S\u00e9bastien GENTE\",\"url\":\"https:\/\/dicodusport.fr\/blog\/author\/sebastiengente\/\"}]}<\/script>\n<!-- \/ Yoast SEO Premium plugin. -->","yoast_head_json":{"title":"Amandine Buchard compl\u00e8te la belle journ\u00e9e fran\u00e7aise au Grand Slam de Paris avec du bronze","description":"JUDO PARIS GRAND SLAM 2026 - Amandine Buchard a \u00e9t\u00e9 solide pour rafler sa cinqui\u00e8me m\u00e9daille parisienne ce samedi.","robots":{"index":"index","follow":"follow","max-snippet":"max-snippet:-1","max-image-preview":"max-image-preview:large","max-video-preview":"max-video-preview:-1"},"canonical":"https:\/\/dicodusport.fr\/blog\/amandine-buchard-complete-la-belle-journee-francaise-au-grand-slam-de-paris-avec-du-bronze\/","og_locale":"fr_FR","og_type":"article","og_title":"Amandine Buchard compl\u00e8te la belle journ\u00e9e fran\u00e7aise au Grand Slam de Paris avec du bronze","og_description":"JUDO PARIS GRAND SLAM 2026 - Amandine Buchard a \u00e9t\u00e9 solide pour rafler sa cinqui\u00e8me m\u00e9daille parisienne ce samedi.","og_url":"https:\/\/dicodusport.fr\/blog\/amandine-buchard-complete-la-belle-journee-francaise-au-grand-slam-de-paris-avec-du-bronze\/","og_site_name":"Dicodusport","article_publisher":"https:\/\/www.facebook.com\/dicodusport","article_author":"https:\/\/www.facebook.com\/sebastien.gente\/","article_published_time":"2026-02-07T18:06:57+00:00","og_image":[{"width":1200,"height":674,"url":"https:\/\/dicodusport.fr\/blog\/wp-content\/uploads\/2026\/02\/Amandine-Buchard-complete-la-belle-journee-francaise-au-Grand-Slam-de-Paris-avec-du-bronze.png","type":"image\/png"}],"author":"S\u00e9bastien Gente","twitter_card":"summary_large_image","twitter_title":"Amandine Buchard compl\u00e8te la belle journ\u00e9e fran\u00e7aise au Grand Slam de Paris avec du bronze","twitter_creator":"@https:\/\/twitter.com\/globulo24","twitter_site":"@dicodusport","schema":{"@context":"https:\/\/schema.org","@graph":[{"@type":"NewsArticle","@id":"https:\/\/dicodusport.fr\/blog\/amandine-buchard-complete-la-belle-journee-francaise-au-grand-slam-de-paris-avec-du-bronze\/#article","isPartOf":{"@id":"https:\/\/dicodusport.fr\/blog\/amandine-buchard-complete-la-belle-journee-francaise-au-grand-slam-de-paris-avec-du-bronze\/"},"author":{"name":"S\u00e9bastien Gente","@id":"https:\/\/dicodusport.fr\/blog\/#\/schema\/person\/627966a6cde45dbd8c5e36ac85d783da"},"headline":"Amandine Buchard compl\u00e8te la belle journ\u00e9e fran\u00e7aise au Grand Slam de Paris avec du bronze","datePublished":"2026-02-07T18:06:57+00:00","mainEntityOfPage":{"@id":"https:\/\/dicodusport.fr\/blog\/amandine-buchard-complete-la-belle-journee-francaise-au-grand-slam-de-paris-avec-du-bronze\/"},"wordCount":317,"commentCount":0,"publisher":{"@id":"https:\/\/dicodusport.fr\/blog\/#organization"},"image":{"@id":"https:\/\/dicodusport.fr\/blog\/amandine-buchard-complete-la-belle-journee-francaise-au-grand-slam-de-paris-avec-du-bronze\/#primaryimage"},"thumbnailUrl":"https:\/\/dicodusport.fr\/blog\/wp-content\/uploads\/2026\/02\/Amandine-Buchard-complete-la-belle-journee-francaise-au-Grand-Slam-de-Paris-avec-du-bronze.png","keywords":["br\u00e8ve","Grand Slam de Paris","Judo"],"articleSection":["Judo"],"inLanguage":"fr-FR","potentialAction":[{"@type":"CommentAction","name":"Comment","target":["https:\/\/dicodusport.fr\/blog\/amandine-buchard-complete-la-belle-journee-francaise-au-grand-slam-de-paris-avec-du-bronze\/#respond"]}],"copyrightYear":"2026","copyrightHolder":{"@id":"https:\/\/dicodusport.fr\/blog\/#organization"}},{"@type":"WebPage","@id":"https:\/\/dicodusport.fr\/blog\/amandine-buchard-complete-la-belle-journee-francaise-au-grand-slam-de-paris-avec-du-bronze\/","url":"https:\/\/dicodusport.fr\/blog\/amandine-buchard-complete-la-belle-journee-francaise-au-grand-slam-de-paris-avec-du-bronze\/","name":"Amandine Buchard compl\u00e8te la belle journ\u00e9e fran\u00e7aise au Grand Slam de Paris avec du bronze","isPartOf":{"@id":"https:\/\/dicodusport.fr\/blog\/#website"},"primaryImageOfPage":{"@id":"https:\/\/dicodusport.fr\/blog\/amandine-buchard-complete-la-belle-journee-francaise-au-grand-slam-de-paris-avec-du-bronze\/#primaryimage"},"image":{"@id":"https:\/\/dicodusport.fr\/blog\/amandine-buchard-complete-la-belle-journee-francaise-au-grand-slam-de-paris-avec-du-bronze\/#primaryimage"},"thumbnailUrl":"https:\/\/dicodusport.fr\/blog\/wp-content\/uploads\/2026\/02\/Amandine-Buchard-complete-la-belle-journee-francaise-au-Grand-Slam-de-Paris-avec-du-bronze.png","datePublished":"2026-02-07T18:06:57+00:00","description":"JUDO PARIS GRAND SLAM 2026 - Amandine Buchard a \u00e9t\u00e9 solide pour rafler sa cinqui\u00e8me m\u00e9daille parisienne ce samedi.","breadcrumb":{"@id":"https:\/\/dicodusport.fr\/blog\/amandine-buchard-complete-la-belle-journee-francaise-au-grand-slam-de-paris-avec-du-bronze\/#breadcrumb"},"inLanguage":"fr-FR","potentialAction":[{"@type":"ReadAction","target":["https:\/\/dicodusport.fr\/blog\/amandine-buchard-complete-la-belle-journee-francaise-au-grand-slam-de-paris-avec-du-bronze\/"]}]},{"@type":"ImageObject","inLanguage":"fr-FR","@id":"https:\/\/dicodusport.fr\/blog\/amandine-buchard-complete-la-belle-journee-francaise-au-grand-slam-de-paris-avec-du-bronze\/#primaryimage","url":"https:\/\/dicodusport.fr\/blog\/wp-content\/uploads\/2026\/02\/Amandine-Buchard-complete-la-belle-journee-francaise-au-Grand-Slam-de-Paris-avec-du-bronze.png","contentUrl":"https:\/\/dicodusport.fr\/blog\/wp-content\/uploads\/2026\/02\/Amandine-Buchard-complete-la-belle-journee-francaise-au-Grand-Slam-de-Paris-avec-du-bronze.png","width":1200,"height":674,"caption":"Amandine Buchard compl\u00e8te la belle journ\u00e9e fran\u00e7aise au Grand Slam de Paris avec du bronze"},{"@type":"BreadcrumbList","@id":"https:\/\/dicodusport.fr\/blog\/amandine-buchard-complete-la-belle-journee-francaise-au-grand-slam-de-paris-avec-du-bronze\/#breadcrumb","itemListElement":[{"@type":"ListItem","position":1,"name":"Accueil","item":"https:\/\/dicodusport.fr\/blog\/"},{"@type":"ListItem","position":2,"name":"Amandine Buchard compl\u00e8te la belle journ\u00e9e fran\u00e7aise au Grand Slam de Paris avec du bronze"}]},{"@type":"WebSite","@id":"https:\/\/dicodusport.fr\/blog\/#website","url":"https:\/\/dicodusport.fr\/blog\/","name":"Dicodusport","description":"L&#039;encyclop\u00e9die de l&#039;actualit\u00e9 sportive","publisher":{"@id":"https:\/\/dicodusport.fr\/blog\/#organization"},"potentialAction":[{"@type":"SearchAction","target":{"@type":"EntryPoint","urlTemplate":"https:\/\/dicodusport.fr\/blog\/?s={search_term_string}"},"query-input":{"@type":"PropertyValueSpecification","valueRequired":true,"valueName":"search_term_string"}}],"inLanguage":"fr-FR"},{"@type":"NewsMediaOrganization","@id":"https:\/\/dicodusport.fr\/blog\/#organization","name":"Dicodusport","url":"https:\/\/dicodusport.fr\/blog\/","logo":{"@type":"ImageObject","inLanguage":"fr-FR","@id":"https:\/\/dicodusport.fr\/blog\/#\/schema\/logo\/image\/","url":"https:\/\/dicodusport.fr\/blog\/wp-content\/uploads\/2020\/06\/cropped-LOGO-DICODUSPORT-2020-SANS-FOND-SANS-TEXTE.png","contentUrl":"https:\/\/dicodusport.fr\/blog\/wp-content\/uploads\/2020\/06\/cropped-LOGO-DICODUSPORT-2020-SANS-FOND-SANS-TEXTE.png","width":512,"height":512,"caption":"Dicodusport"},"image":{"@id":"https:\/\/dicodusport.fr\/blog\/#\/schema\/logo\/image\/"},"sameAs":["https:\/\/www.facebook.com\/dicodusport","https:\/\/x.com\/dicodusport","https:\/\/www.instagram.com\/dicodusport\/","https:\/\/www.youtube.com\/channel\/UC7V2KZ5sd3htJivAbA4ZG3w"],"description":"Dicodusport est l'encyclop\u00e9die de l'actualit\u00e9 sportive.","email":"bonjour@dicodusport.fr","legalName":"DICODUSPORT","foundingDate":"2018-01-14","vatID":"FR71834470973","taxID":"83447097300043","numberOfEmployees":{"@type":"QuantitativeValue","minValue":"1","maxValue":"10"}},{"@type":"Person","@id":"https:\/\/dicodusport.fr\/blog\/#\/schema\/person\/627966a6cde45dbd8c5e36ac85d783da","name":"S\u00e9bastien Gente","image":{"@type":"ImageObject","inLanguage":"fr-FR","@id":"https:\/\/dicodusport.fr\/blog\/#\/schema\/person\/image\/","url":"https:\/\/dicodusport.fr\/blog\/wp-content\/uploads\/2021\/09\/1510990_10205810251400683_4124423575079401707_n-150x150.jpg","contentUrl":"https:\/\/dicodusport.fr\/blog\/wp-content\/uploads\/2021\/09\/1510990_10205810251400683_4124423575079401707_n-150x150.jpg","caption":"S\u00e9bastien Gente"},"description":"John Stockton, Gianni Bugno, Zinedine Zidane, Steffi Graf, Frode Andresen, St\u00e9phane Stoecklin, Davis Kamoga, Primoz Peterka, Werner Schlager et Aur\u00e9lien Rougerie. Point commun entre ces sportifs? Ils m'ont fait r\u00eaver et ont berc\u00e9 mon adolescence. Je suis un fondu de sports et j'essaie de retranscrire ma passion \u00e0 travers mes articles. Originaire du P\u00e9rigord, ma passion pour les Girondins, les Jaunards et les Jazzmen transpire dans mes \u00e9crits. \u00c0 Dicodusport depuis 2021, je d\u00e9niche les sports m\u00e9connus dans lesquels la France brille, et il y en a !","sameAs":["https:\/\/www.facebook.com\/sebastien.gente\/","https:\/\/www.instagram.com\/sebgente\/","https:\/\/www.linkedin.com\/in\/sbastien-gente-a29583169\/","https:\/\/x.com\/https:\/\/twitter.com\/globulo24","SebastienGente"],"worksFor":"S\u00e9bastien GENTE","url":"https:\/\/dicodusport.fr\/blog\/author\/sebastiengente\/"}]}},"_links":{"self":[{"href":"https:\/\/dicodusport.fr\/blog\/wp-json\/wp\/v2\/posts\/645201","targetHints":{"allow":["GET"]}}],"collection":[{"href":"https:\/\/dicodusport.fr\/blog\/wp-json\/wp\/v2\/posts"}],"about":[{"href":"https:\/\/dicodusport.fr\/blog\/wp-json\/wp\/v2\/types\/post"}],"author":[{"embeddable":true,"href":"https:\/\/dicodusport.fr\/blog\/wp-json\/wp\/v2\/users\/59"}],"replies":[{"embeddable":true,"href":"https:\/\/dicodusport.fr\/blog\/wp-json\/wp\/v2\/comments?post=645201"}],"version-history":[{"count":1,"href":"https:\/\/dicodusport.fr\/blog\/wp-json\/wp\/v2\/posts\/645201\/revisions"}],"predecessor-version":[{"id":645249,"href":"https:\/\/dicodusport.fr\/blog\/wp-json\/wp\/v2\/posts\/645201\/revisions\/645249"}],"wp:featuredmedia":[{"embeddable":true,"href":"https:\/\/dicodusport.fr\/blog\/wp-json\/wp\/v2\/media\/645248"}],"wp:attachment":[{"href":"https:\/\/dicodusport.fr\/blog\/wp-json\/wp\/v2\/media?parent=645201"}],"wp:term":[{"taxonomy":"category","embeddable":true,"href":"https:\/\/dicodusport.fr\/blog\/wp-json\/wp\/v2\/categories?post=645201"},{"taxonomy":"post_tag","embeddable":true,"href":"https:\/\/dicodusport.fr\/blog\/wp-json\/wp\/v2\/tags?post=645201"}],"curies":[{"name":"wp","href":"https:\/\/api.w.org\/{rel}","templated":true}]}}