{"id":64616,"date":"2020-04-07T15:24:07","date_gmt":"2020-04-07T13:24:07","guid":{"rendered":"http:\/\/dicodusport.fr\/blog\/?p=64616&#038;preview=true&#038;preview_id=64616"},"modified":"2020-04-07T16:11:44","modified_gmt":"2020-04-07T14:11:44","slug":"bleues-handball-toit-du-monde-2017","status":"publish","type":"post","link":"https:\/\/dicodusport.fr\/blog\/bleues-handball-toit-du-monde-2017\/","title":{"rendered":"[Vid\u00e9o] Les Bleues du handball sur le toit du monde en 2017"},"content":{"rendered":"<p style=\"text-align: justify;\"><strong><em>HANDBALL &#8211; Le 17 d\u00e9cembre 2017, <a href=\"https:\/\/dicodusport.fr\/blog\/championnat-monde-handball-bleues-or\/\" target=\"_blank\" rel=\"noopener noreferrer\">l&rsquo;\u00e9quipe de France f\u00e9minine de handball d\u00e9crochait en deuxi\u00e8me titre mondial<\/a>, apr\u00e8s celui acquis en 2003.<\/em><\/strong><\/p>\n<p style=\"text-align: justify;\">Au sommet. Quelques jours avant No\u00ebl, les <strong>Bleues du handball<\/strong> ont offert un premier cadeau \u00e0 la France. En effet, au terme d&rsquo;un parcours presque parfait, avec un match nul face \u00e0 l&rsquo;Espagne (25-25) et une courte d\u00e9faite face \u00e0 la Slov\u00e9nie (23-24) lors du tour pr\u00e9liminaire, les filles d&rsquo;<strong>Olivier Krumbholz<\/strong> ont r\u00e9gal\u00e9. Les Hongroises, Mont\u00e9n\u00e9grines et Su\u00e9doises n&rsquo;ont rien pu faire face aux Fran\u00e7aises lors des phases finales. Avant un match pour l&rsquo;or tant attendu face aux Norv\u00e9giennes, championnes d&rsquo;Europe et du monde en titre.<\/p>\n<h2 style=\"text-align: justify;\">La vie en bleu(e)<\/h2>\n<p style=\"text-align: justify;\">Apr\u00e8s un d\u00e9but de rencontre compliqu\u00e9, les Bleues, emmen\u00e9es par une <strong>Manon Houette<\/strong> en feu (4\/4 au tir), ma\u00eetrisaient les grandes favorites de la comp\u00e9tition. Avec 66% de r\u00e9ussite au tir mais aussi 34% d&rsquo;arr\u00eats pour les deux gardiennes, <strong>Amandine Leynaud<\/strong> et <strong>Cl\u00e9op\u00e2tre Darleux<\/strong>, la France triomphait. Un sacre synonyme d&rsquo;av\u00e8nement pour les <strong>Siraba Demb\u00e9l\u00e9<\/strong>, <strong>Gr\u00e2ce Zaadi<\/strong>, <strong>Allison Pineau<\/strong> &amp; co. Une g\u00e9n\u00e9ration qui paracheva son oeuvre un an plus tard, en France, avec le titre europ\u00e9en. Que du bonheur !<\/p>\n<p><span class=\"Mj8RIqQ9Xc8khARow0OzBe9vlyHWotLjJsMKJKPFG1SSiVhH0TinrxLd4a41VAI5wu2xXDNcQpmCZgDq3Tyv6zaNUf3\"><iframe loading=\"lazy\" title=\"Mondial 2017 (F) M9 finale - France 23-21 Norv\u00e8ge [2017-12-17]\" width=\"740\" height=\"416\" src=\"https:\/\/www.youtube.com\/embed\/kD8CbYHpBwI?feature=oembed\" frameborder=\"0\" allow=\"accelerometer; autoplay; clipboard-write; encrypted-media; gyroscope; picture-in-picture; web-share\" allowfullscreen><\/iframe><\/span><\/p>\n<p><strong><em>Dicodusport<br \/>\n<a href=\"https:\/\/www.facebook.com\/dicodusport\/\" target=\"_blank\" rel=\"noopener noreferrer\"><img loading=\"lazy\" decoding=\"async\" class=\"alignnone wp-image-2909\" src=\"http:\/\/dicodusport.fr\/blog\/wp-content\/uploads\/2017\/07\/logo-facebook-150x150.png\" alt=\"\" width=\"40\" height=\"40\" \/><\/a><a href=\"https:\/\/twitter.com\/dicodusport\" target=\"_blank\" rel=\"noopener noreferrer\"><img loading=\"lazy\" decoding=\"async\" class=\"alignnone wp-image-2908\" src=\"http:\/\/dicodusport.fr\/blog\/wp-content\/uploads\/2017\/07\/logo-twitter-150x150.png\" alt=\"\" width=\"39\" height=\"39\" \/><\/a><\/em><\/strong><\/p>\n","protected":false},"excerpt":{"rendered":"<p>HANDBALL &#8211; Le 17 d\u00e9cembre 2017, l&rsquo;\u00e9quipe de France f\u00e9minine de handball d\u00e9crochait en deuxi\u00e8me titre mondial, apr\u00e8s celui acquis en 2003.<\/p>\n","protected":false},"author":4,"featured_media":64617,"comment_status":"open","ping_status":"closed","sticky":false,"template":"","format":"standard","meta":{"_acf_changed":false,"_daextam_enable_autolinks":"","footnotes":""},"categories":[2304,8],"tags":[10395,405],"class_list":["post-64616","post","type-post","status-publish","format-standard","has-post-thumbnail","hentry","category-handball","category-histoire","tag-equipe-de-france-feminine-de-handball","tag-handball"],"acf":[],"yoast_head":"<!-- This site is optimized with the Yoast SEO Premium plugin v26.7 (Yoast SEO v26.7) - https:\/\/yoast.com\/wordpress\/plugins\/seo\/ -->\n<title>[Vid\u00e9o] Les Bleues du handball sur le toit du monde en 2017<\/title>\n<meta name=\"description\" content=\"HANDBALL - Le 17 d\u00e9cembre 2017, l&#039;\u00e9quipe de France f\u00e9minine de handball d\u00e9crochait en deuxi\u00e8me titre mondial, apr\u00e8s celui acquis en 2003.\" \/>\n<meta name=\"robots\" content=\"index, follow, max-snippet:-1, max-image-preview:large, max-video-preview:-1\" \/>\n<link rel=\"canonical\" href=\"https:\/\/dicodusport.fr\/blog\/bleues-handball-toit-du-monde-2017\/\" \/>\n<meta property=\"og:locale\" content=\"fr_FR\" \/>\n<meta property=\"og:type\" content=\"article\" \/>\n<meta property=\"og:title\" content=\"[Vid\u00e9o] Les Bleues du handball sur le toit du monde en 2017\" \/>\n<meta property=\"og:description\" content=\"HANDBALL - Le 17 d\u00e9cembre 2017, l&#039;\u00e9quipe de France f\u00e9minine de handball d\u00e9crochait en deuxi\u00e8me titre mondial, apr\u00e8s celui acquis en 2003.\" \/>\n<meta property=\"og:url\" content=\"https:\/\/dicodusport.fr\/blog\/bleues-handball-toit-du-monde-2017\/\" \/>\n<meta property=\"og:site_name\" content=\"Dicodusport\" \/>\n<meta property=\"article:publisher\" content=\"https:\/\/www.facebook.com\/dicodusport\" \/>\n<meta property=\"article:author\" content=\"https:\/\/www.facebook.com\/florent.ostermann\" \/>\n<meta property=\"article:published_time\" content=\"2020-04-07T13:24:07+00:00\" \/>\n<meta property=\"article:modified_time\" content=\"2020-04-07T14:11:44+00:00\" \/>\n<meta property=\"og:image\" content=\"https:\/\/dicodusport.fr\/blog\/wp-content\/uploads\/2020\/04\/Vid\u00e9o-Les-Bleues-du-handball-sur-le-toit-du-monde-en-2017.png\" \/>\n\t<meta property=\"og:image:width\" content=\"800\" \/>\n\t<meta property=\"og:image:height\" content=\"445\" \/>\n\t<meta property=\"og:image:type\" content=\"image\/png\" \/>\n<meta name=\"author\" content=\"Flo Ostermann\" \/>\n<meta name=\"twitter:card\" content=\"summary_large_image\" \/>\n<meta name=\"twitter:title\" content=\"[Vid\u00e9o] Les Bleues du handball sur le toit du monde en 2017\" \/>\n<meta name=\"twitter:creator\" content=\"@https:\/\/twitter.com\/FlOstermann\" \/>\n<meta name=\"twitter:site\" content=\"@dicodusport\" \/>\n<script type=\"application\/ld+json\" class=\"yoast-schema-graph\">{\"@context\":\"https:\/\/schema.org\",\"@graph\":[{\"@type\":\"NewsArticle\",\"@id\":\"https:\/\/dicodusport.fr\/blog\/bleues-handball-toit-du-monde-2017\/#article\",\"isPartOf\":{\"@id\":\"https:\/\/dicodusport.fr\/blog\/bleues-handball-toit-du-monde-2017\/\"},\"author\":{\"name\":\"Flo Ostermann\",\"@id\":\"https:\/\/dicodusport.fr\/blog\/#\/schema\/person\/cb02af4c173ce4a653b55e9baf388d4a\"},\"headline\":\"[Vid\u00e9o] Les Bleues du handball sur le toit du monde en 2017\",\"datePublished\":\"2020-04-07T13:24:07+00:00\",\"dateModified\":\"2020-04-07T14:11:44+00:00\",\"mainEntityOfPage\":{\"@id\":\"https:\/\/dicodusport.fr\/blog\/bleues-handball-toit-du-monde-2017\/\"},\"wordCount\":244,\"commentCount\":0,\"publisher\":{\"@id\":\"https:\/\/dicodusport.fr\/blog\/#organization\"},\"image\":{\"@id\":\"https:\/\/dicodusport.fr\/blog\/bleues-handball-toit-du-monde-2017\/#primaryimage\"},\"thumbnailUrl\":\"https:\/\/dicodusport.fr\/blog\/wp-content\/uploads\/2020\/04\/Vid\u00e9o-Les-Bleues-du-handball-sur-le-toit-du-monde-en-2017.png\",\"keywords\":[\"\u00c9quipe de France f\u00e9minine de handball\",\"Handball\"],\"articleSection\":[\"Handball\",\"Histoire\"],\"inLanguage\":\"fr-FR\",\"potentialAction\":[{\"@type\":\"CommentAction\",\"name\":\"Comment\",\"target\":[\"https:\/\/dicodusport.fr\/blog\/bleues-handball-toit-du-monde-2017\/#respond\"]}],\"copyrightYear\":\"2020\",\"copyrightHolder\":{\"@id\":\"https:\/\/dicodusport.fr\/blog\/#organization\"}},{\"@type\":\"WebPage\",\"@id\":\"https:\/\/dicodusport.fr\/blog\/bleues-handball-toit-du-monde-2017\/\",\"url\":\"https:\/\/dicodusport.fr\/blog\/bleues-handball-toit-du-monde-2017\/\",\"name\":\"[Vid\u00e9o] Les Bleues du handball sur le toit du monde en 2017\",\"isPartOf\":{\"@id\":\"https:\/\/dicodusport.fr\/blog\/#website\"},\"primaryImageOfPage\":{\"@id\":\"https:\/\/dicodusport.fr\/blog\/bleues-handball-toit-du-monde-2017\/#primaryimage\"},\"image\":{\"@id\":\"https:\/\/dicodusport.fr\/blog\/bleues-handball-toit-du-monde-2017\/#primaryimage\"},\"thumbnailUrl\":\"https:\/\/dicodusport.fr\/blog\/wp-content\/uploads\/2020\/04\/Vid\u00e9o-Les-Bleues-du-handball-sur-le-toit-du-monde-en-2017.png\",\"datePublished\":\"2020-04-07T13:24:07+00:00\",\"dateModified\":\"2020-04-07T14:11:44+00:00\",\"description\":\"HANDBALL - Le 17 d\u00e9cembre 2017, l'\u00e9quipe de France f\u00e9minine de handball d\u00e9crochait en deuxi\u00e8me titre mondial, apr\u00e8s celui acquis en 2003.\",\"breadcrumb\":{\"@id\":\"https:\/\/dicodusport.fr\/blog\/bleues-handball-toit-du-monde-2017\/#breadcrumb\"},\"inLanguage\":\"fr-FR\",\"potentialAction\":[{\"@type\":\"ReadAction\",\"target\":[\"https:\/\/dicodusport.fr\/blog\/bleues-handball-toit-du-monde-2017\/\"]}]},{\"@type\":\"ImageObject\",\"inLanguage\":\"fr-FR\",\"@id\":\"https:\/\/dicodusport.fr\/blog\/bleues-handball-toit-du-monde-2017\/#primaryimage\",\"url\":\"https:\/\/dicodusport.fr\/blog\/wp-content\/uploads\/2020\/04\/Vid\u00e9o-Les-Bleues-du-handball-sur-le-toit-du-monde-en-2017.png\",\"contentUrl\":\"https:\/\/dicodusport.fr\/blog\/wp-content\/uploads\/2020\/04\/Vid\u00e9o-Les-Bleues-du-handball-sur-le-toit-du-monde-en-2017.png\",\"width\":800,\"height\":445,\"caption\":\"[Vid\u00e9o] Les Bleues du handball sur le toit du monde en 2017\"},{\"@type\":\"BreadcrumbList\",\"@id\":\"https:\/\/dicodusport.fr\/blog\/bleues-handball-toit-du-monde-2017\/#breadcrumb\",\"itemListElement\":[{\"@type\":\"ListItem\",\"position\":1,\"name\":\"Accueil\",\"item\":\"https:\/\/dicodusport.fr\/blog\/\"},{\"@type\":\"ListItem\",\"position\":2,\"name\":\"[Vid\u00e9o] Les Bleues du handball sur le toit du monde en 2017\"}]},{\"@type\":\"WebSite\",\"@id\":\"https:\/\/dicodusport.fr\/blog\/#website\",\"url\":\"https:\/\/dicodusport.fr\/blog\/\",\"name\":\"Dicodusport\",\"description\":\"L&#039;encyclop\u00e9die de l&#039;actualit\u00e9 sportive\",\"publisher\":{\"@id\":\"https:\/\/dicodusport.fr\/blog\/#organization\"},\"potentialAction\":[{\"@type\":\"SearchAction\",\"target\":{\"@type\":\"EntryPoint\",\"urlTemplate\":\"https:\/\/dicodusport.fr\/blog\/?s={search_term_string}\"},\"query-input\":{\"@type\":\"PropertyValueSpecification\",\"valueRequired\":true,\"valueName\":\"search_term_string\"}}],\"inLanguage\":\"fr-FR\"},{\"@type\":\"NewsMediaOrganization\",\"@id\":\"https:\/\/dicodusport.fr\/blog\/#organization\",\"name\":\"Dicodusport\",\"url\":\"https:\/\/dicodusport.fr\/blog\/\",\"logo\":{\"@type\":\"ImageObject\",\"inLanguage\":\"fr-FR\",\"@id\":\"https:\/\/dicodusport.fr\/blog\/#\/schema\/logo\/image\/\",\"url\":\"https:\/\/dicodusport.fr\/blog\/wp-content\/uploads\/2020\/06\/cropped-LOGO-DICODUSPORT-2020-SANS-FOND-SANS-TEXTE.png\",\"contentUrl\":\"https:\/\/dicodusport.fr\/blog\/wp-content\/uploads\/2020\/06\/cropped-LOGO-DICODUSPORT-2020-SANS-FOND-SANS-TEXTE.png\",\"width\":512,\"height\":512,\"caption\":\"Dicodusport\"},\"image\":{\"@id\":\"https:\/\/dicodusport.fr\/blog\/#\/schema\/logo\/image\/\"},\"sameAs\":[\"https:\/\/www.facebook.com\/dicodusport\",\"https:\/\/x.com\/dicodusport\",\"https:\/\/www.instagram.com\/dicodusport\/\",\"https:\/\/www.youtube.com\/channel\/UC7V2KZ5sd3htJivAbA4ZG3w\"],\"description\":\"Dicodusport est l'encyclop\u00e9die de l'actualit\u00e9 sportive.\",\"email\":\"bonjour@dicodusport.fr\",\"legalName\":\"DICODUSPORT\",\"foundingDate\":\"2018-01-14\",\"vatID\":\"FR71834470973\",\"taxID\":\"83447097300043\",\"numberOfEmployees\":{\"@type\":\"QuantitativeValue\",\"minValue\":\"1\",\"maxValue\":\"10\"}},{\"@type\":\"Person\",\"@id\":\"https:\/\/dicodusport.fr\/blog\/#\/schema\/person\/cb02af4c173ce4a653b55e9baf388d4a\",\"name\":\"Flo Ostermann\",\"image\":{\"@type\":\"ImageObject\",\"inLanguage\":\"fr-FR\",\"@id\":\"https:\/\/dicodusport.fr\/blog\/#\/schema\/person\/image\/\",\"url\":\"https:\/\/dicodusport.fr\/blog\/wp-content\/uploads\/2021\/05\/Flo-Ostermann-150x150.jpg\",\"contentUrl\":\"https:\/\/dicodusport.fr\/blog\/wp-content\/uploads\/2021\/05\/Flo-Ostermann-150x150.jpg\",\"caption\":\"Flo Ostermann\"},\"description\":\"Journaliste\/R\u00e9dacteur depuis septembre 2015 - Mes premiers souvenirs dans le sport ? Les envol\u00e9es du Stade Toulousain et les duels Villeneuve-Schumacher et H\u00e4kkinen-Schumacher \u00e0 la fin des ann\u00e9es 90, la Coupe du monde de football en 1998, l\u2019exploit du XV de France face aux All Blacks en 1999, mais aussi Richard C\u0153ur de Lion qui vole sur les montagnes du Tour de France. Bien parti pour devenir professeur d\u2019EPS, les \u00e9v\u00e9nements de la vie (et la flemme d\u2019animer des s\u00e9ances de 3x500 m\u00e8tres toute ma vie) m\u2019ont conduit \u00e0 revoir mes plans. Me voil\u00e0 depuis fin 2017 sur Dicodusport, m\u00e9dia gr\u00e2ce (et pour) lequel je partage ma passion : le sport dans tous ses \u00e9tats. Le tout accompagn\u00e9 par les fous furieux et folles furieuses cit\u00e9s sur cette page !\",\"sameAs\":[\"https:\/\/www.facebook.com\/florent.ostermann\",\"https:\/\/x.com\/https:\/\/twitter.com\/FlOstermann\",\"admin\"],\"url\":\"https:\/\/dicodusport.fr\/blog\/author\/flo\/\"}]}<\/script>\n<!-- \/ Yoast SEO Premium plugin. -->","yoast_head_json":{"title":"[Vid\u00e9o] Les Bleues du handball sur le toit du monde en 2017","description":"HANDBALL - Le 17 d\u00e9cembre 2017, l'\u00e9quipe de France f\u00e9minine de handball d\u00e9crochait en deuxi\u00e8me titre mondial, apr\u00e8s celui acquis en 2003.","robots":{"index":"index","follow":"follow","max-snippet":"max-snippet:-1","max-image-preview":"max-image-preview:large","max-video-preview":"max-video-preview:-1"},"canonical":"https:\/\/dicodusport.fr\/blog\/bleues-handball-toit-du-monde-2017\/","og_locale":"fr_FR","og_type":"article","og_title":"[Vid\u00e9o] Les Bleues du handball sur le toit du monde en 2017","og_description":"HANDBALL - Le 17 d\u00e9cembre 2017, l'\u00e9quipe de France f\u00e9minine de handball d\u00e9crochait en deuxi\u00e8me titre mondial, apr\u00e8s celui acquis en 2003.","og_url":"https:\/\/dicodusport.fr\/blog\/bleues-handball-toit-du-monde-2017\/","og_site_name":"Dicodusport","article_publisher":"https:\/\/www.facebook.com\/dicodusport","article_author":"https:\/\/www.facebook.com\/florent.ostermann","article_published_time":"2020-04-07T13:24:07+00:00","article_modified_time":"2020-04-07T14:11:44+00:00","og_image":[{"width":800,"height":445,"url":"https:\/\/dicodusport.fr\/blog\/wp-content\/uploads\/2020\/04\/Vid\u00e9o-Les-Bleues-du-handball-sur-le-toit-du-monde-en-2017.png","type":"image\/png"}],"author":"Flo Ostermann","twitter_card":"summary_large_image","twitter_title":"[Vid\u00e9o] Les Bleues du handball sur le toit du monde en 2017","twitter_creator":"@https:\/\/twitter.com\/FlOstermann","twitter_site":"@dicodusport","schema":{"@context":"https:\/\/schema.org","@graph":[{"@type":"NewsArticle","@id":"https:\/\/dicodusport.fr\/blog\/bleues-handball-toit-du-monde-2017\/#article","isPartOf":{"@id":"https:\/\/dicodusport.fr\/blog\/bleues-handball-toit-du-monde-2017\/"},"author":{"name":"Flo Ostermann","@id":"https:\/\/dicodusport.fr\/blog\/#\/schema\/person\/cb02af4c173ce4a653b55e9baf388d4a"},"headline":"[Vid\u00e9o] Les Bleues du handball sur le toit du monde en 2017","datePublished":"2020-04-07T13:24:07+00:00","dateModified":"2020-04-07T14:11:44+00:00","mainEntityOfPage":{"@id":"https:\/\/dicodusport.fr\/blog\/bleues-handball-toit-du-monde-2017\/"},"wordCount":244,"commentCount":0,"publisher":{"@id":"https:\/\/dicodusport.fr\/blog\/#organization"},"image":{"@id":"https:\/\/dicodusport.fr\/blog\/bleues-handball-toit-du-monde-2017\/#primaryimage"},"thumbnailUrl":"https:\/\/dicodusport.fr\/blog\/wp-content\/uploads\/2020\/04\/Vid\u00e9o-Les-Bleues-du-handball-sur-le-toit-du-monde-en-2017.png","keywords":["\u00c9quipe de France f\u00e9minine de handball","Handball"],"articleSection":["Handball","Histoire"],"inLanguage":"fr-FR","potentialAction":[{"@type":"CommentAction","name":"Comment","target":["https:\/\/dicodusport.fr\/blog\/bleues-handball-toit-du-monde-2017\/#respond"]}],"copyrightYear":"2020","copyrightHolder":{"@id":"https:\/\/dicodusport.fr\/blog\/#organization"}},{"@type":"WebPage","@id":"https:\/\/dicodusport.fr\/blog\/bleues-handball-toit-du-monde-2017\/","url":"https:\/\/dicodusport.fr\/blog\/bleues-handball-toit-du-monde-2017\/","name":"[Vid\u00e9o] Les Bleues du handball sur le toit du monde en 2017","isPartOf":{"@id":"https:\/\/dicodusport.fr\/blog\/#website"},"primaryImageOfPage":{"@id":"https:\/\/dicodusport.fr\/blog\/bleues-handball-toit-du-monde-2017\/#primaryimage"},"image":{"@id":"https:\/\/dicodusport.fr\/blog\/bleues-handball-toit-du-monde-2017\/#primaryimage"},"thumbnailUrl":"https:\/\/dicodusport.fr\/blog\/wp-content\/uploads\/2020\/04\/Vid\u00e9o-Les-Bleues-du-handball-sur-le-toit-du-monde-en-2017.png","datePublished":"2020-04-07T13:24:07+00:00","dateModified":"2020-04-07T14:11:44+00:00","description":"HANDBALL - Le 17 d\u00e9cembre 2017, l'\u00e9quipe de France f\u00e9minine de handball d\u00e9crochait en deuxi\u00e8me titre mondial, apr\u00e8s celui acquis en 2003.","breadcrumb":{"@id":"https:\/\/dicodusport.fr\/blog\/bleues-handball-toit-du-monde-2017\/#breadcrumb"},"inLanguage":"fr-FR","potentialAction":[{"@type":"ReadAction","target":["https:\/\/dicodusport.fr\/blog\/bleues-handball-toit-du-monde-2017\/"]}]},{"@type":"ImageObject","inLanguage":"fr-FR","@id":"https:\/\/dicodusport.fr\/blog\/bleues-handball-toit-du-monde-2017\/#primaryimage","url":"https:\/\/dicodusport.fr\/blog\/wp-content\/uploads\/2020\/04\/Vid\u00e9o-Les-Bleues-du-handball-sur-le-toit-du-monde-en-2017.png","contentUrl":"https:\/\/dicodusport.fr\/blog\/wp-content\/uploads\/2020\/04\/Vid\u00e9o-Les-Bleues-du-handball-sur-le-toit-du-monde-en-2017.png","width":800,"height":445,"caption":"[Vid\u00e9o] Les Bleues du handball sur le toit du monde en 2017"},{"@type":"BreadcrumbList","@id":"https:\/\/dicodusport.fr\/blog\/bleues-handball-toit-du-monde-2017\/#breadcrumb","itemListElement":[{"@type":"ListItem","position":1,"name":"Accueil","item":"https:\/\/dicodusport.fr\/blog\/"},{"@type":"ListItem","position":2,"name":"[Vid\u00e9o] Les Bleues du handball sur le toit du monde en 2017"}]},{"@type":"WebSite","@id":"https:\/\/dicodusport.fr\/blog\/#website","url":"https:\/\/dicodusport.fr\/blog\/","name":"Dicodusport","description":"L&#039;encyclop\u00e9die de l&#039;actualit\u00e9 sportive","publisher":{"@id":"https:\/\/dicodusport.fr\/blog\/#organization"},"potentialAction":[{"@type":"SearchAction","target":{"@type":"EntryPoint","urlTemplate":"https:\/\/dicodusport.fr\/blog\/?s={search_term_string}"},"query-input":{"@type":"PropertyValueSpecification","valueRequired":true,"valueName":"search_term_string"}}],"inLanguage":"fr-FR"},{"@type":"NewsMediaOrganization","@id":"https:\/\/dicodusport.fr\/blog\/#organization","name":"Dicodusport","url":"https:\/\/dicodusport.fr\/blog\/","logo":{"@type":"ImageObject","inLanguage":"fr-FR","@id":"https:\/\/dicodusport.fr\/blog\/#\/schema\/logo\/image\/","url":"https:\/\/dicodusport.fr\/blog\/wp-content\/uploads\/2020\/06\/cropped-LOGO-DICODUSPORT-2020-SANS-FOND-SANS-TEXTE.png","contentUrl":"https:\/\/dicodusport.fr\/blog\/wp-content\/uploads\/2020\/06\/cropped-LOGO-DICODUSPORT-2020-SANS-FOND-SANS-TEXTE.png","width":512,"height":512,"caption":"Dicodusport"},"image":{"@id":"https:\/\/dicodusport.fr\/blog\/#\/schema\/logo\/image\/"},"sameAs":["https:\/\/www.facebook.com\/dicodusport","https:\/\/x.com\/dicodusport","https:\/\/www.instagram.com\/dicodusport\/","https:\/\/www.youtube.com\/channel\/UC7V2KZ5sd3htJivAbA4ZG3w"],"description":"Dicodusport est l'encyclop\u00e9die de l'actualit\u00e9 sportive.","email":"bonjour@dicodusport.fr","legalName":"DICODUSPORT","foundingDate":"2018-01-14","vatID":"FR71834470973","taxID":"83447097300043","numberOfEmployees":{"@type":"QuantitativeValue","minValue":"1","maxValue":"10"}},{"@type":"Person","@id":"https:\/\/dicodusport.fr\/blog\/#\/schema\/person\/cb02af4c173ce4a653b55e9baf388d4a","name":"Flo Ostermann","image":{"@type":"ImageObject","inLanguage":"fr-FR","@id":"https:\/\/dicodusport.fr\/blog\/#\/schema\/person\/image\/","url":"https:\/\/dicodusport.fr\/blog\/wp-content\/uploads\/2021\/05\/Flo-Ostermann-150x150.jpg","contentUrl":"https:\/\/dicodusport.fr\/blog\/wp-content\/uploads\/2021\/05\/Flo-Ostermann-150x150.jpg","caption":"Flo Ostermann"},"description":"Journaliste\/R\u00e9dacteur depuis septembre 2015 - Mes premiers souvenirs dans le sport ? Les envol\u00e9es du Stade Toulousain et les duels Villeneuve-Schumacher et H\u00e4kkinen-Schumacher \u00e0 la fin des ann\u00e9es 90, la Coupe du monde de football en 1998, l\u2019exploit du XV de France face aux All Blacks en 1999, mais aussi Richard C\u0153ur de Lion qui vole sur les montagnes du Tour de France. Bien parti pour devenir professeur d\u2019EPS, les \u00e9v\u00e9nements de la vie (et la flemme d\u2019animer des s\u00e9ances de 3x500 m\u00e8tres toute ma vie) m\u2019ont conduit \u00e0 revoir mes plans. Me voil\u00e0 depuis fin 2017 sur Dicodusport, m\u00e9dia gr\u00e2ce (et pour) lequel je partage ma passion : le sport dans tous ses \u00e9tats. Le tout accompagn\u00e9 par les fous furieux et folles furieuses cit\u00e9s sur cette page !","sameAs":["https:\/\/www.facebook.com\/florent.ostermann","https:\/\/x.com\/https:\/\/twitter.com\/FlOstermann","admin"],"url":"https:\/\/dicodusport.fr\/blog\/author\/flo\/"}]}},"_links":{"self":[{"href":"https:\/\/dicodusport.fr\/blog\/wp-json\/wp\/v2\/posts\/64616","targetHints":{"allow":["GET"]}}],"collection":[{"href":"https:\/\/dicodusport.fr\/blog\/wp-json\/wp\/v2\/posts"}],"about":[{"href":"https:\/\/dicodusport.fr\/blog\/wp-json\/wp\/v2\/types\/post"}],"author":[{"embeddable":true,"href":"https:\/\/dicodusport.fr\/blog\/wp-json\/wp\/v2\/users\/4"}],"replies":[{"embeddable":true,"href":"https:\/\/dicodusport.fr\/blog\/wp-json\/wp\/v2\/comments?post=64616"}],"version-history":[{"count":0,"href":"https:\/\/dicodusport.fr\/blog\/wp-json\/wp\/v2\/posts\/64616\/revisions"}],"wp:featuredmedia":[{"embeddable":true,"href":"https:\/\/dicodusport.fr\/blog\/wp-json\/wp\/v2\/media\/64617"}],"wp:attachment":[{"href":"https:\/\/dicodusport.fr\/blog\/wp-json\/wp\/v2\/media?parent=64616"}],"wp:term":[{"taxonomy":"category","embeddable":true,"href":"https:\/\/dicodusport.fr\/blog\/wp-json\/wp\/v2\/categories?post=64616"},{"taxonomy":"post_tag","embeddable":true,"href":"https:\/\/dicodusport.fr\/blog\/wp-json\/wp\/v2\/tags?post=64616"}],"curies":[{"name":"wp","href":"https:\/\/api.w.org\/{rel}","templated":true}]}}