{"id":64631,"date":"2020-04-12T15:40:55","date_gmt":"2020-04-12T13:40:55","guid":{"rendered":"http:\/\/dicodusport.fr\/blog\/?p=64631&#038;preview=true&#038;preview_id=64631"},"modified":"2020-04-12T15:39:21","modified_gmt":"2020-04-12T13:39:21","slug":"composez-votre-11-de-legende-olympique-lyonnais","status":"publish","type":"post","link":"https:\/\/dicodusport.fr\/blog\/composez-votre-11-de-legende-olympique-lyonnais\/","title":{"rendered":"Composez votre 11 de l\u00e9gende de l&rsquo;Olympique Lyonnais"},"content":{"rendered":"<p style=\"text-align: justify;\"><em><b>FOOTBALL &#8211; En pleine p\u00e9riode de confinement, toutes les comp\u00e9titions sportives sont \u00e0 l&rsquo;arr\u00eat. On vous propose donc de vous lancer dans la composition du XI de L\u00e9gende de l&rsquo;<a href=\"https:\/\/dicodusport.fr\/blog\/tag\/olympique-lyonnais\/\" target=\"_blank\" rel=\"noopener noreferrer\">Olympique Lyonnais<\/a>.<\/b><\/em><\/p>\n<p style=\"text-align: justify;\">Pour faire un onze de l\u00e9gende, il faut choisir une formation. Plusieurs auraient pu \u00eatre adopt\u00e9es mais avec les forces en pr\u00e9sence, nous avons opt\u00e9 pour un 4-4-2, avec deux milieux axiaux et deux joueurs de couloir. Certains joueurs ne sont pas forc\u00e9ment au poste o\u00f9 ils ont toujours jou\u00e9 pour entrer dans le sch\u00e9ma choisi. Mais ne paniquez pas, ce n&rsquo;est que de la fiction !<\/p>\n<hr \/>\n<h2 style=\"text-align: center;\"><a id=\"gardiendefenseurs\"><\/a>Gardien et d\u00e9fenseurs<\/h2>\n<hr \/>\n<p style=\"text-align: justify;\"><div class=\"dem-poll-shortcode\">\n<style id=\"democracy-poll\">.democracy:after{content:'';display:table;clear:both}.democracy ul li,.democracy ul{background:0 0;padding:0;margin:0}.democracy ul li:before{display:none}.democracy input[type=radio],.democracy input[type=checkbox]{margin:0;vertical-align:middle}.democracy input[type=radio]:focus,.democracy input[type=checkbox]:focus{outline:none}.democracy ul{list-style:none !important;border:none !important}.democracy ul li{list-style:none !important}input[type=submit].dem-button,a.dem-button,.dem-button{position:relative;display:inline-block;text-decoration:none;line-height:1;border:0;margin:0;padding:0;cursor:pointer;white-space:nowrap;-webkit-user-select:none;-moz-user-select:none;-ms-user-select:none;user-select:none}input[type=submit].dem-button:focus,a.dem-button:focus,.dem-button:focus{outline:none}input[type=submit].dem-button:disabled,a.dem-button:disabled,.dem-button:disabled{opacity:.6;cursor:not-allowed}a.dem-button:hover{text-decoration:none !important}.democracy{position:relative;margin:0 auto}.democracy input[type=radio],.democracy input[type=checkbox]{margin-right:.2em}.dem-screen{position:relative;line-height:1.3}.democracy ul.dem-vote{margin-bottom:1em}.democracy ul.dem-vote li{padding-bottom:0;margin-bottom:0}.democracy ul.dem-vote li>*{margin-bottom:.6em}.democracy ul.dem-answers li{padding-bottom:1em}.dem-answers .dem-label{margin-bottom:.2em;line-height:1.2}.dem-graph{position:relative;color:#555;color:rgba(0,0,0,.6);box-sizing:content-box;width:100%;display:table;height:1.2em;line-height:1.2em}.dem-fill{position:absolute;top:0;left:0;height:100%;background-color:#7cb4dd}.dem-voted-this .dem-fill{background-color:#ffc45a}.dem-votes-txt,.dem-percent-txt{position:relative;display:table-cell;padding-left:.3em;vertical-align:middle;font-size:90%}.dem-poll-info{padding-bottom:1em}.dem-poll-info:after{content:'';display:table;clear:both}.dem-poll-info>*{font-size:85%;display:block;float:right;clear:both;text-align:right;opacity:.7;line-height:1.3}.dem-vote label{float:none;display:block}.dem-results-link{display:inline-block;line-height:1;margin:.8em 1em}.dem-vote .dem-disabled{opacity:.5}.democracy .dem-bottom{padding-bottom:1em}.dem-bottom{text-align:center}.dem-bottom:after{content:'';display:table;clear:both}.dem-poll-title{display:block;margin-bottom:1.5em;margin-top:1.2em;font-size:120%}.dem-notice{z-index:10;position:absolute;top:0;border-radius:2px;width:100%;padding:1.5em 2em;text-align:center;background:rgba(247,241,212,.8);color:#6d6214}.dem-notice-close{position:absolute;top:0;right:0;padding:5px;cursor:pointer;line-height:.6;font-size:150%}.dem-notice-close:hover{color:#d26616}.dem-star{font-size:90%;vertical-align:baseline;padding-left:.3em;color:#ff4e00}.dem-poll-note{font-size:90%;padding:.5em;opacity:.8;line-height:1.3}.democracy .dem-copyright{position:absolute;bottom:-1em;right:0;text-decoration:none;border-bottom:0;color:#b2b2b2;opacity:.5;line-height:1}.democracy .dem-copyright:hover{opacity:1}.dem-add-answer{position:relative}.dem-add-answer>*{display:block}.dem-add-answer a{display:inline-block}input.dem-add-answer-txt{width:100%;box-sizing:border-box}.dem-add-answer-close{position:absolute;right:0;padding:0 .7em;cursor:pointer;color:#333}.dem-add-answer-close:hover{color:#ff2700}.dem-edit-link{display:block;position:absolute;top:0;right:0;line-height:1;text-decoration:none !important;border:none !important}.dem-edit-link svg{width:1.2em!important;fill:#6c6c6c}.dem-edit-link:hover svg{fill:#35a91d}.dem-loader{display:none;position:absolute;top:0;left:0;width:100%;height:100%}.dem-loader>*{display:table-cell;vertical-align:middle;text-align:center}.dem-loader svg{width:20%;max-width:100px;min-width:80px;margin-bottom:15%}.dem-loader [class^=dem-]{margin-bottom:15%!important}.dem__collapser{display:block;cursor:pointer;text-align:center;font-size:150%;line-height:1}.dem__collapser:hover{color:#f31;background:rgba(255,255,255,.3)}.dem__collapser.expanded{position:relative;height:1em}.dem__collapser.collapsed{position:absolute;top:0;bottom:0;right:0;left:0}.dem__collapser .arr{display:block;position:absolute;bottom:0;width:100%}.dem__collapser.collapsed .arr:before{content:\"\u25be\"}.dem__collapser.expanded .arr:before{content:\"\u25b4\"}.dem-poll-shortcode{margin-bottom:1.5em}.dem-archives .dem-elem-wrap{margin-bottom:2em;padding-bottom:20px;border-bottom:1px dashed rgba(0,0,0,.1)}.dem-archives .dem-archive-link{display:none}.dem-paging{text-align:center;margin:1.5em auto}.dem-paging>*{display:inline-block;padding:.3em .8em;border-radius:.2em;background:#e2e2e2;color:#333;text-decoration:none;text-transform:lowercase;user-select:none}.dem-paging>a{color:#333}.dem-paging>a:hover{background:#ccc;color:#333;text-decoration:none}.dem-paging .current{background:#656565;color:#fff}.dem-paging .dots{background:0 0}.democracy{border-color:#ccc;border:1px solid rgba(0,0,0,.1);background-color:#eee;background-color:rgba(0,0,0,.1);background-image:-webkit-linear-gradient(bottom,rgba(0,0,0,.05),transparent);background-image:linear-gradient(to top,rgba(0,0,0,.05),transparent);padding:1em;padding-bottom:.5em;margin-bottom:1em}.dem-poll-title{margin:0;font-size:115%;margin:-.9em;margin-bottom:1em;text-align:center;padding:1em;border-bottom:1px solid rgba(0,0,0,.1)}.dem-percent-txt,.dem-label-percent-txt{display:none}.dem-votes-txt-percent:before{content:'- ';display:inline}.dem-revote-button:before{content:'\u25c2 '}.dem-graph{background-color:rgba(255,255,255,.8)}.dem-results-link{margin-bottom:0}.dem__checkbox,.dem__radio{display:none !important}.dem__checkbox_label,.dem__radio_label{position:relative;box-sizing:content-box}.dem__checkbox_label .dem__spot{border-radius:3px}.dem__radio_label .dem__spot{border-radius:50%}.dem__checkbox_label .dem__spot,.dem__radio_label .dem__spot{position:relative;display:inline-block;vertical-align:baseline;width:.9em;height:.9em;margin-right:.3em;cursor:pointer;background:#fff;border:1px solid #ccc}.dem__checkbox_label .dem__spot:after{width:.9em;height:.32em;top:-.1em;left:.145em;border:.17em solid #333;border-top:none;border-right:none;-webkit-transform:rotate(-45deg);transform:rotate(-45deg);background:0 0}.dem__radio_label .dem__spot:after{width:.5em;height:.5em;border-radius:50%;top:50%;left:50%;-webkit-transform:translate(-50%,-50%);transform:translate(-50%,-50%);background:#333}.dem__checkbox_label .dem__spot:after,.dem__radio_label .dem__spot:after{content:'';position:absolute;opacity:0}.dem__checkbox_label:hover .dem__spot:after,.dem__radio_label:hover .dem__spot:after{opacity:.2}.dem__checkbox:checked+.dem__spot,.dem__radio:checked+.dem__spot{border-color:#999}.dem__checkbox:checked+.dem__spot:after,.dem__radio:checked+.dem__spot:after{opacity:1}.dem__checkbox:disabled+.dem__spot,.dem__radio:disabled+.dem__spot{opacity:.5}.dem__checkbox:not(:checked):disabled+.dem__spot:after,.dem__radio:not(:checked):disabled+.dem__spot:after{opacity:0}input[type=submit].dem-button,a.dem-button,.dem-button{font-size:90%;font-family:tahoma,arial,sans-serif;padding:.8em 1.6em !important;color:#fff;background:#61a9de;text-transform:uppercase}input[type=submit].dem-button:hover,a.dem-button:hover,.dem-button:hover{color:#fff;background:#3b8bc6}a.dem-button:visited{color:#fff}.dem-loader .fill{fill:#0248ed !important}.dem-loader .css-fill{background-color:#0248ed !important}.dem-loader .stroke{stroke:#0248ed !important}.dem-graph{background:#a5a5a5 !important}.dem-fill{background-color:#1c62ed !important}.dem-voted-this .dem-fill{background-color:#30a82a !important}.dem-graph{height:25px;line-height:25px}.dem-button{background-color:#f71339 !important}.dem-button{color:#efefef !important}.democracy{background-color:#fff;color:#000}.dem-poll-info{color:#000}.dem-votes-txt,.dem-percent-txt{color:#fff}<\/style>\n<div id=\"democracy-401\" class=\"democracy\" data-opts='{\"ajax_url\":\"https:\\\/\\\/dicodusport.fr\\\/blog\\\/wp-admin\\\/admin-ajax.php\",\"pid\":401,\"max_answs\":0,\"answs_max_height\":\"-1\",\"anim_speed\":\"400\",\"line_anim_speed\":1500}' ><strong class=\"dem-poll-title\">Choisissez votre gardien de but<\/strong><div class=\"dem-screen voted\"><ul class=\"dem-answers\" data-voted-class=\"dem-voted-this\" data-voted-txt=\"(Votre vote)\">\n\t<li  class=\"dem-winner\" title=\"1825 voix - 76% des votes\" data-aid=\"1530\">\n\t<div class=\"dem-label\">Gr\u00e9gory Coupet (1997-2008)  <span class=\"dem-label-percent-txt\">76%, 1825 <span class=\"votxt\">voix<\/span><\/span><\/div>\n\t<div class=\"dem-graph\">\n\t\t<div class=\"dem-fill\" data-width=\"100%\"><\/div>\n\t\t<div class=\"dem-votes-txt\">\n\t\t\t<span class=\"dem-votes-txt-votes\">1825 <span class=\"votxt\">voix<\/span><\/span>\n\t\t\t<span class=\"dem-votes-txt-percent\">76%<\/span>\n\t\t<\/div>\n\t\t<div class=\"dem-percent-txt\">1825 voix - 76% des votes<\/div>\n\t<\/div>\n<\/li><li  title=\"336 voix - 14% des votes\" data-aid=\"1531\">\n\t<div class=\"dem-label\">Hugo Lloris (2008-2012)  <span class=\"dem-label-percent-txt\">14%, 336 <span class=\"votxt\">voix<\/span><\/span><\/div>\n\t<div class=\"dem-graph\">\n\t\t<div class=\"dem-fill\" data-width=\"18%\"><\/div>\n\t\t<div class=\"dem-votes-txt\">\n\t\t\t<span class=\"dem-votes-txt-votes\">336 <span class=\"votxt\">voix<\/span><\/span>\n\t\t\t<span class=\"dem-votes-txt-percent\">14%<\/span>\n\t\t<\/div>\n\t\t<div class=\"dem-percent-txt\">336 voix - 14% des votes<\/div>\n\t<\/div>\n<\/li><li  title=\"209 voix - 9% des votes\" data-aid=\"1532\">\n\t<div class=\"dem-label\">Anthony Lopes (2012-?)  <span class=\"dem-label-percent-txt\">9%, 209 <span class=\"votxt\">voix<\/span><\/span><\/div>\n\t<div class=\"dem-graph\">\n\t\t<div class=\"dem-fill\" data-width=\"11%\"><\/div>\n\t\t<div class=\"dem-votes-txt\">\n\t\t\t<span class=\"dem-votes-txt-votes\">209 <span class=\"votxt\">voix<\/span><\/span>\n\t\t\t<span class=\"dem-votes-txt-percent\">9%<\/span>\n\t\t<\/div>\n\t\t<div class=\"dem-percent-txt\">209 voix - 9% des votes<\/div>\n\t<\/div>\n<\/li><li  title=\"33 voix - 1% des votes\" data-aid=\"1529\">\n\t<div class=\"dem-label\">Pascal Olmeta (1993-1997)  <span class=\"dem-label-percent-txt\">1%, 33 <span class=\"votxt\">voix<\/span><\/span><\/div>\n\t<div class=\"dem-graph\">\n\t\t<div class=\"dem-fill\" data-width=\"2%\"><\/div>\n\t\t<div class=\"dem-votes-txt\">\n\t\t\t<span class=\"dem-votes-txt-votes\">33 <span class=\"votxt\">voix<\/span><\/span>\n\t\t\t<span class=\"dem-votes-txt-percent\">1%<\/span>\n\t\t<\/div>\n\t\t<div class=\"dem-percent-txt\">33 voix - 1% des votes<\/div>\n\t<\/div>\n<\/li><li  title=\"5 voix - 0% des votes\" data-aid=\"1527\">\n\t<div class=\"dem-label\">Marcel Aubour (1960-1966)  <span class=\"dem-label-percent-txt\">0%, 5 <span class=\"votxt\">voix<\/span><\/span><\/div>\n\t<div class=\"dem-graph\">\n\t\t<div class=\"dem-fill\" data-width=\"1px\"><\/div>\n\t\t<div class=\"dem-votes-txt\">\n\t\t\t<span class=\"dem-votes-txt-votes\">5 <span class=\"votxt\">voix<\/span><\/span>\n\t\t\t\n\t\t<\/div>\n\t\t<div class=\"dem-percent-txt\">5 voix - 0% des votes<\/div>\n\t<\/div>\n<\/li><li  title=\"5 voix - 0% des votes\" data-aid=\"1528\">\n\t<div class=\"dem-label\">Yves Chauveau (1963-1965, 1966-1975, 1978-1982)  <span class=\"dem-label-percent-txt\">0%, 5 <span class=\"votxt\">voix<\/span><\/span><\/div>\n\t<div class=\"dem-graph\">\n\t\t<div class=\"dem-fill\" data-width=\"1px\"><\/div>\n\t\t<div class=\"dem-votes-txt\">\n\t\t\t<span class=\"dem-votes-txt-votes\">5 <span class=\"votxt\">voix<\/span><\/span>\n\t\t\t\n\t\t<\/div>\n\t\t<div class=\"dem-percent-txt\">5 voix - 0% des votes<\/div>\n\t<\/div>\n<\/li>\n<\/ul>\n<div class=\"dem-bottom\">\n\t<div class=\"dem-poll-info\">\n\t\t<div class=\"dem-total-votes\">Total des votes : 2413<\/div>\n\t\t\n\t\t<div class=\"dem-date\" title=\"D\u00e9but\">\n\t\t\t<span class=\"dem-begin-date\">7 avril 2020<\/span> - <span class=\"dem-end-date\" title=\"Fin\">16 avril 2020<\/span>\n\t\t<\/div>\n\t\t\n\t\t<div>Les votes sont clos<\/div>\n\t\t\n\t<\/div>\n\t\n<\/div><\/div><noscript>Poll Options are limited because JavaScript is disabled in your browser.<\/noscript><div class=\"dem-loader\"><div><style type=\"text\/css\">\n.dem-circle {\n  width:100%;\n  height:100%;\n  min-width:40px;\n  min-height:40px;\n  max-width:70px;\n  max-height:70px;\n\n  position: relative;\n  margin: 0 auto;\n}\n\n.double-bounce1, .double-bounce2 {\n  width: 100%;\n  height: 100%;\n  border-radius: 50%;\n  background-color: #226ec6;\n  opacity: 0.6;\n  position: absolute;\n  top: 0;\n  left: 0;\n  \n  -webkit-animation: bounce 2.0s infinite ease-in-out;\n  animation: bounce 2.0s infinite ease-in-out;\n}\n\n.double-bounce2 {\n  -webkit-animation-delay: -1.0s;\n  animation-delay: -1.0s;\n}\n\n@-webkit-keyframes bounce {\n  0%, 100% { -webkit-transform: scale(0.0) }\n  50% { -webkit-transform: scale(1.0) }\n}\n\n@keyframes bounce {\n  0%, 100% { \n    transform: scale(0.0);\n    -webkit-transform: scale(0.0);\n  } 50% { \n    transform: scale(1.0);\n    -webkit-transform: scale(1.0);\n  }\n}<\/style>\n\n<div class=\"dem-circle\">\n  <div class=\"double-bounce1 css-fill\"><\/div>\n  <div class=\"double-bounce2 css-fill\"><\/div>\n<\/div><\/div><\/div><\/div><!--democracy--><\/div>\n<div class=\"dem-poll-shortcode\"><div id=\"democracy-402\" class=\"democracy\" data-opts='{\"ajax_url\":\"https:\\\/\\\/dicodusport.fr\\\/blog\\\/wp-admin\\\/admin-ajax.php\",\"pid\":402,\"max_answs\":0,\"answs_max_height\":\"-1\",\"anim_speed\":\"400\",\"line_anim_speed\":1500}' ><strong class=\"dem-poll-title\">Choisissez votre d\u00e9fenseur droit<\/strong><div class=\"dem-screen voted\"><ul class=\"dem-answers\" data-voted-class=\"dem-voted-this\" data-voted-txt=\"(Votre vote)\">\n\t<li  class=\"dem-winner\" title=\"1974 voix - 85% des votes\" data-aid=\"1537\">\n\t<div class=\"dem-label\">Anthony R\u00e9veill\u00e8re (2003-2013)  <span class=\"dem-label-percent-txt\">85%, 1974 <span class=\"votxt\">voix<\/span><\/span><\/div>\n\t<div class=\"dem-graph\">\n\t\t<div class=\"dem-fill\" data-width=\"100%\"><\/div>\n\t\t<div class=\"dem-votes-txt\">\n\t\t\t<span class=\"dem-votes-txt-votes\">1974 <span class=\"votxt\">voix<\/span><\/span>\n\t\t\t<span class=\"dem-votes-txt-percent\">85%<\/span>\n\t\t<\/div>\n\t\t<div class=\"dem-percent-txt\">1974 voix - 85% des votes<\/div>\n\t<\/div>\n<\/li><li  title=\"157 voix - 7% des votes\" data-aid=\"1533\">\n\t<div class=\"dem-label\">Raymond Domenech (1970-1978)  <span class=\"dem-label-percent-txt\">7%, 157 <span class=\"votxt\">voix<\/span><\/span><\/div>\n\t<div class=\"dem-graph\">\n\t\t<div class=\"dem-fill\" data-width=\"8%\"><\/div>\n\t\t<div class=\"dem-votes-txt\">\n\t\t\t<span class=\"dem-votes-txt-votes\">157 <span class=\"votxt\">voix<\/span><\/span>\n\t\t\t<span class=\"dem-votes-txt-percent\">7%<\/span>\n\t\t<\/div>\n\t\t<div class=\"dem-percent-txt\">157 voix - 7% des votes<\/div>\n\t<\/div>\n<\/li><li  title=\"87 voix - 4% des votes\" data-aid=\"1536\">\n\t<div class=\"dem-label\">Fran\u00e7ois Clerc (2003-2004, 2005-2010)  <span class=\"dem-label-percent-txt\">4%, 87 <span class=\"votxt\">voix<\/span><\/span><\/div>\n\t<div class=\"dem-graph\">\n\t\t<div class=\"dem-fill\" data-width=\"4%\"><\/div>\n\t\t<div class=\"dem-votes-txt\">\n\t\t\t<span class=\"dem-votes-txt-votes\">87 <span class=\"votxt\">voix<\/span><\/span>\n\t\t\t<span class=\"dem-votes-txt-percent\">4%<\/span>\n\t\t<\/div>\n\t\t<div class=\"dem-percent-txt\">87 voix - 4% des votes<\/div>\n\t<\/div>\n<\/li><li  title=\"67 voix - 3% des votes\" data-aid=\"1535\">\n\t<div class=\"dem-label\">Eric Deflandre (2000-2004)  <span class=\"dem-label-percent-txt\">3%, 67 <span class=\"votxt\">voix<\/span><\/span><\/div>\n\t<div class=\"dem-graph\">\n\t\t<div class=\"dem-fill\" data-width=\"3%\"><\/div>\n\t\t<div class=\"dem-votes-txt\">\n\t\t\t<span class=\"dem-votes-txt-votes\">67 <span class=\"votxt\">voix<\/span><\/span>\n\t\t\t<span class=\"dem-votes-txt-percent\">3%<\/span>\n\t\t<\/div>\n\t\t<div class=\"dem-percent-txt\">67 voix - 3% des votes<\/div>\n\t<\/div>\n<\/li><li  title=\"42 voix - 2% des votes\" data-aid=\"1534\">\n\t<div class=\"dem-label\">Patrice Carteron (1997-200  <span class=\"dem-label-percent-txt\">2%, 42 <span class=\"votxt\">voix<\/span><\/span><\/div>\n\t<div class=\"dem-graph\">\n\t\t<div class=\"dem-fill\" data-width=\"2%\"><\/div>\n\t\t<div class=\"dem-votes-txt\">\n\t\t\t<span class=\"dem-votes-txt-votes\">42 <span class=\"votxt\">voix<\/span><\/span>\n\t\t\t<span class=\"dem-votes-txt-percent\">2%<\/span>\n\t\t<\/div>\n\t\t<div class=\"dem-percent-txt\">42 voix - 2% des votes<\/div>\n\t<\/div>\n<\/li>\n<\/ul>\n<div class=\"dem-bottom\">\n\t<div class=\"dem-poll-info\">\n\t\t<div class=\"dem-total-votes\">Total des votes : 2327<\/div>\n\t\t\n\t\t<div class=\"dem-date\" title=\"D\u00e9but\">\n\t\t\t<span class=\"dem-begin-date\">7 avril 2020<\/span> - <span class=\"dem-end-date\" title=\"Fin\">16 avril 2020<\/span>\n\t\t<\/div>\n\t\t\n\t\t<div>Les votes sont clos<\/div>\n\t\t\n\t<\/div>\n\t\n<\/div><\/div><noscript>Poll Options are limited because JavaScript is disabled in your browser.<\/noscript><\/div><!--democracy--><\/div>\n<div class=\"dem-poll-shortcode\"><div id=\"democracy-403\" class=\"democracy\" data-opts='{\"ajax_url\":\"https:\\\/\\\/dicodusport.fr\\\/blog\\\/wp-admin\\\/admin-ajax.php\",\"pid\":403,\"max_answs\":0,\"answs_max_height\":\"-1\",\"anim_speed\":\"400\",\"line_anim_speed\":1500}' ><strong class=\"dem-poll-title\">Choisissez votre d\u00e9fenseur gauche<\/strong><div class=\"dem-screen voted\"><ul class=\"dem-answers\" data-voted-class=\"dem-voted-this\" data-voted-txt=\"(Votre vote)\">\n\t<li  class=\"dem-winner\" title=\"2038 voix - 88% des votes\" data-aid=\"1543\">\n\t<div class=\"dem-label\">\u00c9ric Abidal (2004-2007)  <span class=\"dem-label-percent-txt\">88%, 2038 <span class=\"votxt\">voix<\/span><\/span><\/div>\n\t<div class=\"dem-graph\">\n\t\t<div class=\"dem-fill\" data-width=\"100%\"><\/div>\n\t\t<div class=\"dem-votes-txt\">\n\t\t\t<span class=\"dem-votes-txt-votes\">2038 <span class=\"votxt\">voix<\/span><\/span>\n\t\t\t<span class=\"dem-votes-txt-percent\">88%<\/span>\n\t\t<\/div>\n\t\t<div class=\"dem-percent-txt\">2038 voix - 88% des votes<\/div>\n\t<\/div>\n<\/li><li  title=\"130 voix - 6% des votes\" data-aid=\"1538\">\n\t<div class=\"dem-label\">Jean Djorkaeff (1957-1966)  <span class=\"dem-label-percent-txt\">6%, 130 <span class=\"votxt\">voix<\/span><\/span><\/div>\n\t<div class=\"dem-graph\">\n\t\t<div class=\"dem-fill\" data-width=\"6%\"><\/div>\n\t\t<div class=\"dem-votes-txt\">\n\t\t\t<span class=\"dem-votes-txt-votes\">130 <span class=\"votxt\">voix<\/span><\/span>\n\t\t\t<span class=\"dem-votes-txt-percent\">6%<\/span>\n\t\t<\/div>\n\t\t<div class=\"dem-percent-txt\">130 voix - 6% des votes<\/div>\n\t<\/div>\n<\/li><li  title=\"101 voix - 4% des votes\" data-aid=\"1541\">\n\t<div class=\"dem-label\">Christophe Delmotte (1997-2004)  <span class=\"dem-label-percent-txt\">4%, 101 <span class=\"votxt\">voix<\/span><\/span><\/div>\n\t<div class=\"dem-graph\">\n\t\t<div class=\"dem-fill\" data-width=\"5%\"><\/div>\n\t\t<div class=\"dem-votes-txt\">\n\t\t\t<span class=\"dem-votes-txt-votes\">101 <span class=\"votxt\">voix<\/span><\/span>\n\t\t\t<span class=\"dem-votes-txt-percent\">4%<\/span>\n\t\t<\/div>\n\t\t<div class=\"dem-percent-txt\">101 voix - 4% des votes<\/div>\n\t<\/div>\n<\/li><li  title=\"33 voix - 1% des votes\" data-aid=\"1542\">\n\t<div class=\"dem-label\">J\u00e9r\u00e9mie Br\u00e9chet (1998-2003)  <span class=\"dem-label-percent-txt\">1%, 33 <span class=\"votxt\">voix<\/span><\/span><\/div>\n\t<div class=\"dem-graph\">\n\t\t<div class=\"dem-fill\" data-width=\"2%\"><\/div>\n\t\t<div class=\"dem-votes-txt\">\n\t\t\t<span class=\"dem-votes-txt-votes\">33 <span class=\"votxt\">voix<\/span><\/span>\n\t\t\t<span class=\"dem-votes-txt-percent\">1%<\/span>\n\t\t<\/div>\n\t\t<div class=\"dem-percent-txt\">33 voix - 1% des votes<\/div>\n\t<\/div>\n<\/li><li  title=\"13 voix - 1% des votes\" data-aid=\"1539\">\n\t<div class=\"dem-label\">Bernard Lhomme (1966-1976)  <span class=\"dem-label-percent-txt\">1%, 13 <span class=\"votxt\">voix<\/span><\/span><\/div>\n\t<div class=\"dem-graph\">\n\t\t<div class=\"dem-fill\" data-width=\"1%\"><\/div>\n\t\t<div class=\"dem-votes-txt\">\n\t\t\t<span class=\"dem-votes-txt-votes\">13 <span class=\"votxt\">voix<\/span><\/span>\n\t\t\t<span class=\"dem-votes-txt-percent\">1%<\/span>\n\t\t<\/div>\n\t\t<div class=\"dem-percent-txt\">13 voix - 1% des votes<\/div>\n\t<\/div>\n<\/li><li  title=\"3 voix - 0% des votes\" data-aid=\"1540\">\n\t<div class=\"dem-label\">Romarin Billong (1989-1995)  <span class=\"dem-label-percent-txt\">0%, 3 <span class=\"votxt\">voix<\/span><\/span><\/div>\n\t<div class=\"dem-graph\">\n\t\t<div class=\"dem-fill\" data-width=\"1px\"><\/div>\n\t\t<div class=\"dem-votes-txt\">\n\t\t\t<span class=\"dem-votes-txt-votes\">3 <span class=\"votxt\">voix<\/span><\/span>\n\t\t\t\n\t\t<\/div>\n\t\t<div class=\"dem-percent-txt\">3 voix - 0% des votes<\/div>\n\t<\/div>\n<\/li>\n<\/ul>\n<div class=\"dem-bottom\">\n\t<div class=\"dem-poll-info\">\n\t\t<div class=\"dem-total-votes\">Total des votes : 2318<\/div>\n\t\t\n\t\t<div class=\"dem-date\" title=\"D\u00e9but\">\n\t\t\t<span class=\"dem-begin-date\">7 avril 2020<\/span> - <span class=\"dem-end-date\" title=\"Fin\">16 avril 2020<\/span>\n\t\t<\/div>\n\t\t\n\t\t<div>Les votes sont clos<\/div>\n\t\t\n\t<\/div>\n\t\n<\/div><\/div><noscript>Poll Options are limited because JavaScript is disabled in your browser.<\/noscript><\/div><!--democracy--><\/div>\n<div class=\"dem-poll-shortcode\"><div id=\"democracy-404\" class=\"democracy\" data-opts='{\"ajax_url\":\"https:\\\/\\\/dicodusport.fr\\\/blog\\\/wp-admin\\\/admin-ajax.php\",\"pid\":404,\"max_answs\":2,\"answs_max_height\":\"-1\",\"anim_speed\":\"400\",\"line_anim_speed\":1500}' ><strong class=\"dem-poll-title\">Choisissez vos d\u00e9fenseurs centraux (2 choix)<\/strong><div class=\"dem-screen voted\"><ul class=\"dem-answers\" data-voted-class=\"dem-voted-this\" data-voted-txt=\"(Votre vote)\">\n\t<li  class=\"dem-winner\" title=\"2154 voix - 47% des votes\" data-aid=\"1552\">\n\t<div class=\"dem-label\">Cris (2004-2012)  <span class=\"dem-label-percent-txt\">47%, 2154 <span class=\"votxt\">voix<\/span><\/span><\/div>\n\t<div class=\"dem-graph\">\n\t\t<div class=\"dem-fill\" data-width=\"100%\"><\/div>\n\t\t<div class=\"dem-votes-txt\">\n\t\t\t<span class=\"dem-votes-txt-votes\">2154 <span class=\"votxt\">voix<\/span><\/span>\n\t\t\t<span class=\"dem-votes-txt-percent\">47%<\/span>\n\t\t<\/div>\n\t\t<div class=\"dem-percent-txt\">2154 voix - 47% des votes<\/div>\n\t<\/div>\n<\/li><li  title=\"1055 voix - 23% des votes\" data-aid=\"1553\">\n\t<div class=\"dem-label\">Samuel Umtiti (2011-2016)  <span class=\"dem-label-percent-txt\">23%, 1055 <span class=\"votxt\">voix<\/span><\/span><\/div>\n\t<div class=\"dem-graph\">\n\t\t<div class=\"dem-fill\" data-width=\"49%\"><\/div>\n\t\t<div class=\"dem-votes-txt\">\n\t\t\t<span class=\"dem-votes-txt-votes\">1055 <span class=\"votxt\">voix<\/span><\/span>\n\t\t\t<span class=\"dem-votes-txt-percent\">23%<\/span>\n\t\t<\/div>\n\t\t<div class=\"dem-percent-txt\">1055 voix - 23% des votes<\/div>\n\t<\/div>\n<\/li><li  title=\"794 voix - 17% des votes\" data-aid=\"1549\">\n\t<div class=\"dem-label\">Cl\u00e1udio Ca\u00e7apa (2000-2007)  <span class=\"dem-label-percent-txt\">17%, 794 <span class=\"votxt\">voix<\/span><\/span><\/div>\n\t<div class=\"dem-graph\">\n\t\t<div class=\"dem-fill\" data-width=\"37%\"><\/div>\n\t\t<div class=\"dem-votes-txt\">\n\t\t\t<span class=\"dem-votes-txt-votes\">794 <span class=\"votxt\">voix<\/span><\/span>\n\t\t\t<span class=\"dem-votes-txt-percent\">17%<\/span>\n\t\t<\/div>\n\t\t<div class=\"dem-percent-txt\">794 voix - 17% des votes<\/div>\n\t<\/div>\n<\/li><li  title=\"318 voix - 7% des votes\" data-aid=\"1550\">\n\t<div class=\"dem-label\">Edmilson (2000-2004)  <span class=\"dem-label-percent-txt\">7%, 318 <span class=\"votxt\">voix<\/span><\/span><\/div>\n\t<div class=\"dem-graph\">\n\t\t<div class=\"dem-fill\" data-width=\"15%\"><\/div>\n\t\t<div class=\"dem-votes-txt\">\n\t\t\t<span class=\"dem-votes-txt-votes\">318 <span class=\"votxt\">voix<\/span><\/span>\n\t\t\t<span class=\"dem-votes-txt-percent\">7%<\/span>\n\t\t<\/div>\n\t\t<div class=\"dem-percent-txt\">318 voix - 7% des votes<\/div>\n\t<\/div>\n<\/li><li  title=\"109 voix - 2% des votes\" data-aid=\"1547\">\n\t<div class=\"dem-label\">Bruno N'Gotty (1987-1995)  <span class=\"dem-label-percent-txt\">2%, 109 <span class=\"votxt\">voix<\/span><\/span><\/div>\n\t<div class=\"dem-graph\">\n\t\t<div class=\"dem-fill\" data-width=\"5%\"><\/div>\n\t\t<div class=\"dem-votes-txt\">\n\t\t\t<span class=\"dem-votes-txt-votes\">109 <span class=\"votxt\">voix<\/span><\/span>\n\t\t\t<span class=\"dem-votes-txt-percent\">2%<\/span>\n\t\t<\/div>\n\t\t<div class=\"dem-percent-txt\">109 voix - 2% des votes<\/div>\n\t<\/div>\n<\/li><li  title=\"48 voix - 1% des votes\" data-aid=\"1548\">\n\t<div class=\"dem-label\">Florent Laville (1993-2003)  <span class=\"dem-label-percent-txt\">1%, 48 <span class=\"votxt\">voix<\/span><\/span><\/div>\n\t<div class=\"dem-graph\">\n\t\t<div class=\"dem-fill\" data-width=\"2%\"><\/div>\n\t\t<div class=\"dem-votes-txt\">\n\t\t\t<span class=\"dem-votes-txt-votes\">48 <span class=\"votxt\">voix<\/span><\/span>\n\t\t\t<span class=\"dem-votes-txt-percent\">1%<\/span>\n\t\t<\/div>\n\t\t<div class=\"dem-percent-txt\">48 voix - 1% des votes<\/div>\n\t<\/div>\n<\/li><li  title=\"41 voix - 1% des votes\" data-aid=\"1551\">\n\t<div class=\"dem-label\">Patrick M\u00fcller (2000-2004, 2006-2008)  <span class=\"dem-label-percent-txt\">1%, 41 <span class=\"votxt\">voix<\/span><\/span><\/div>\n\t<div class=\"dem-graph\">\n\t\t<div class=\"dem-fill\" data-width=\"2%\"><\/div>\n\t\t<div class=\"dem-votes-txt\">\n\t\t\t<span class=\"dem-votes-txt-votes\">41 <span class=\"votxt\">voix<\/span><\/span>\n\t\t\t<span class=\"dem-votes-txt-percent\">1%<\/span>\n\t\t<\/div>\n\t\t<div class=\"dem-percent-txt\">41 voix - 1% des votes<\/div>\n\t<\/div>\n<\/li><li  title=\"23 voix - 1% des votes\" data-aid=\"1546\">\n\t<div class=\"dem-label\">Aim\u00e9 Mignot (1955-1967)  <span class=\"dem-label-percent-txt\">1%, 23 <span class=\"votxt\">voix<\/span><\/span><\/div>\n\t<div class=\"dem-graph\">\n\t\t<div class=\"dem-fill\" data-width=\"1%\"><\/div>\n\t\t<div class=\"dem-votes-txt\">\n\t\t\t<span class=\"dem-votes-txt-votes\">23 <span class=\"votxt\">voix<\/span><\/span>\n\t\t\t<span class=\"dem-votes-txt-percent\">1%<\/span>\n\t\t<\/div>\n\t\t<div class=\"dem-percent-txt\">23 voix - 1% des votes<\/div>\n\t<\/div>\n<\/li><li  title=\"5 voix - 0% des votes\" data-aid=\"1545\">\n\t<div class=\"dem-label\">Marcel Nowak (1953-1957, 1962-1963)  <span class=\"dem-label-percent-txt\">0%, 5 <span class=\"votxt\">voix<\/span><\/span><\/div>\n\t<div class=\"dem-graph\">\n\t\t<div class=\"dem-fill\" data-width=\"1px\"><\/div>\n\t\t<div class=\"dem-votes-txt\">\n\t\t\t<span class=\"dem-votes-txt-votes\">5 <span class=\"votxt\">voix<\/span><\/span>\n\t\t\t\n\t\t<\/div>\n\t\t<div class=\"dem-percent-txt\">5 voix - 0% des votes<\/div>\n\t<\/div>\n<\/li><li  title=\"1 voix - 0% des votes\" data-aid=\"1544\">\n\t<div class=\"dem-label\">Andr\u00e9 Lerond (1951-1959)  <span class=\"dem-label-percent-txt\">0%, 1 <span class=\"votxt\">voix<\/span><\/span><\/div>\n\t<div class=\"dem-graph\">\n\t\t<div class=\"dem-fill\" data-width=\"1px\"><\/div>\n\t\t<div class=\"dem-votes-txt\">\n\t\t\t<span class=\"dem-votes-txt-votes\">1 <span class=\"votxt\">voix<\/span><\/span>\n\t\t\t\n\t\t<\/div>\n\t\t<div class=\"dem-percent-txt\">1 voix - 0% des votes<\/div>\n\t<\/div>\n<\/li>\n<\/ul>\n<div class=\"dem-bottom\">\n\t<div class=\"dem-poll-info\">\n\t\t<div class=\"dem-total-votes\">Total des votes : 4548<\/div>\n\t\t<div class=\"dem-users-voted\">Votants : 2333<\/div>\n\t\t<div class=\"dem-date\" title=\"D\u00e9but\">\n\t\t\t<span class=\"dem-begin-date\">7 avril 2020<\/span> - <span class=\"dem-end-date\" title=\"Fin\">16 avril 2020<\/span>\n\t\t<\/div>\n\t\t\n\t\t<div>Les votes sont clos<\/div>\n\t\t\n\t<\/div>\n\t\n<\/div><\/div><noscript>Poll Options are limited because JavaScript is disabled in your browser.<\/noscript><\/div><!--democracy--><\/div>\n<p style=\"text-align: center;\"><a href=\"http:\/\/dicodusport.fr\/blog\/composez-votre-11-de-legende-olympique-lyonnais\/2\/#milieuxattaquants\" class=\"su-button su-button-style-flat\" style=\"color:#FFFFFF;background-color:#0057ae;border-color:#00468c;border-radius:4px\" target=\"_self\"><span style=\"color:#FFFFFF;padding:0px 26px;font-size:20px;line-height:40px;border-color:#4d8ac7;border-radius:4px;text-shadow:none\"> <strong>Choisir les milieux et les attaquants<\/strong><\/span><\/a><!--nextpage--><\/p>\n<hr \/>\n<h2 style=\"text-align: center;\"><a id=\"milieuxattaquants\"><\/a>Milieux et attaquants<\/h2>\n<hr \/>\n<p style=\"text-align: justify;\"><div class=\"dem-poll-shortcode\"><div id=\"democracy-405\" class=\"democracy\" data-opts='{\"ajax_url\":\"https:\\\/\\\/dicodusport.fr\\\/blog\\\/wp-admin\\\/admin-ajax.php\",\"pid\":405,\"max_answs\":2,\"answs_max_height\":\"-1\",\"anim_speed\":\"400\",\"line_anim_speed\":1500}' ><strong class=\"dem-poll-title\">Choisissez vos milieux axiaux (Deux choix)<\/strong><div class=\"dem-screen voted\"><ul class=\"dem-answers\" data-voted-class=\"dem-voted-this\" data-voted-txt=\"(Votre vote)\">\n\t<li  class=\"dem-winner\" title=\"1964 voix - 48% des votes\" data-aid=\"1560\">\n\t<div class=\"dem-label\">Juninho Pernambucano (2001-2009)  <span class=\"dem-label-percent-txt\">48%, 1964 <span class=\"votxt\">voix<\/span><\/span><\/div>\n\t<div class=\"dem-graph\">\n\t\t<div class=\"dem-fill\" data-width=\"100%\"><\/div>\n\t\t<div class=\"dem-votes-txt\">\n\t\t\t<span class=\"dem-votes-txt-votes\">1964 <span class=\"votxt\">voix<\/span><\/span>\n\t\t\t<span class=\"dem-votes-txt-percent\">48%<\/span>\n\t\t<\/div>\n\t\t<div class=\"dem-percent-txt\">1964 voix - 48% des votes<\/div>\n\t<\/div>\n<\/li><li  title=\"889 voix - 22% des votes\" data-aid=\"1562\">\n\t<div class=\"dem-label\">Michael Essien (2003-2005)  <span class=\"dem-label-percent-txt\">22%, 889 <span class=\"votxt\">voix<\/span><\/span><\/div>\n\t<div class=\"dem-graph\">\n\t\t<div class=\"dem-fill\" data-width=\"45%\"><\/div>\n\t\t<div class=\"dem-votes-txt\">\n\t\t\t<span class=\"dem-votes-txt-votes\">889 <span class=\"votxt\">voix<\/span><\/span>\n\t\t\t<span class=\"dem-votes-txt-percent\">22%<\/span>\n\t\t<\/div>\n\t\t<div class=\"dem-percent-txt\">889 voix - 22% des votes<\/div>\n\t<\/div>\n<\/li><li  title=\"357 voix - 9% des votes\" data-aid=\"1556\">\n\t<div class=\"dem-label\">Serge Chiesa (1969-1983)  <span class=\"dem-label-percent-txt\">9%, 357 <span class=\"votxt\">voix<\/span><\/span><\/div>\n\t<div class=\"dem-graph\">\n\t\t<div class=\"dem-fill\" data-width=\"18%\"><\/div>\n\t\t<div class=\"dem-votes-txt\">\n\t\t\t<span class=\"dem-votes-txt-votes\">357 <span class=\"votxt\">voix<\/span><\/span>\n\t\t\t<span class=\"dem-votes-txt-percent\">9%<\/span>\n\t\t<\/div>\n\t\t<div class=\"dem-percent-txt\">357 voix - 9% des votes<\/div>\n\t<\/div>\n<\/li><li  title=\"306 voix - 7% des votes\" data-aid=\"1564\">\n\t<div class=\"dem-label\">Kim K\u00e4llstr\u00f6m (2006-2012)  <span class=\"dem-label-percent-txt\">7%, 306 <span class=\"votxt\">voix<\/span><\/span><\/div>\n\t<div class=\"dem-graph\">\n\t\t<div class=\"dem-fill\" data-width=\"16%\"><\/div>\n\t\t<div class=\"dem-votes-txt\">\n\t\t\t<span class=\"dem-votes-txt-votes\">306 <span class=\"votxt\">voix<\/span><\/span>\n\t\t\t<span class=\"dem-votes-txt-percent\">7%<\/span>\n\t\t<\/div>\n\t\t<div class=\"dem-percent-txt\">306 voix - 7% des votes<\/div>\n\t<\/div>\n<\/li><li  title=\"293 voix - 7% des votes\" data-aid=\"1561\">\n\t<div class=\"dem-label\">Mahamadou Diarra (2002-2006)  <span class=\"dem-label-percent-txt\">7%, 293 <span class=\"votxt\">voix<\/span><\/span><\/div>\n\t<div class=\"dem-graph\">\n\t\t<div class=\"dem-fill\" data-width=\"15%\"><\/div>\n\t\t<div class=\"dem-votes-txt\">\n\t\t\t<span class=\"dem-votes-txt-votes\">293 <span class=\"votxt\">voix<\/span><\/span>\n\t\t\t<span class=\"dem-votes-txt-percent\">7%<\/span>\n\t\t<\/div>\n\t\t<div class=\"dem-percent-txt\">293 voix - 7% des votes<\/div>\n\t<\/div>\n<\/li><li  title=\"146 voix - 4% des votes\" data-aid=\"1563\">\n\t<div class=\"dem-label\">Tiago (2005-2007)  <span class=\"dem-label-percent-txt\">4%, 146 <span class=\"votxt\">voix<\/span><\/span><\/div>\n\t<div class=\"dem-graph\">\n\t\t<div class=\"dem-fill\" data-width=\"7%\"><\/div>\n\t\t<div class=\"dem-votes-txt\">\n\t\t\t<span class=\"dem-votes-txt-votes\">146 <span class=\"votxt\">voix<\/span><\/span>\n\t\t\t<span class=\"dem-votes-txt-percent\">4%<\/span>\n\t\t<\/div>\n\t\t<div class=\"dem-percent-txt\">146 voix - 4% des votes<\/div>\n\t<\/div>\n<\/li><li  title=\"78 voix - 2% des votes\" data-aid=\"1557\">\n\t<div class=\"dem-label\">R\u00e9mi Garde (1984-1985, 1987-1993)  <span class=\"dem-label-percent-txt\">2%, 78 <span class=\"votxt\">voix<\/span><\/span><\/div>\n\t<div class=\"dem-graph\">\n\t\t<div class=\"dem-fill\" data-width=\"4%\"><\/div>\n\t\t<div class=\"dem-votes-txt\">\n\t\t\t<span class=\"dem-votes-txt-votes\">78 <span class=\"votxt\">voix<\/span><\/span>\n\t\t\t<span class=\"dem-votes-txt-percent\">2%<\/span>\n\t\t<\/div>\n\t\t<div class=\"dem-percent-txt\">78 voix - 2% des votes<\/div>\n\t<\/div>\n<\/li><li  title=\"49 voix - 1% des votes\" data-aid=\"1558\">\n\t<div class=\"dem-label\">Marc-Vivien Fo\u00e9 (2000-2002)  <span class=\"dem-label-percent-txt\">1%, 49 <span class=\"votxt\">voix<\/span><\/span><\/div>\n\t<div class=\"dem-graph\">\n\t\t<div class=\"dem-fill\" data-width=\"2%\"><\/div>\n\t\t<div class=\"dem-votes-txt\">\n\t\t\t<span class=\"dem-votes-txt-votes\">49 <span class=\"votxt\">voix<\/span><\/span>\n\t\t\t<span class=\"dem-votes-txt-percent\">1%<\/span>\n\t\t<\/div>\n\t\t<div class=\"dem-percent-txt\">49 voix - 1% des votes<\/div>\n\t<\/div>\n<\/li><li  title=\"16 voix - 0% des votes\" data-aid=\"1559\">\n\t<div class=\"dem-label\">Philippe Violeau (1997-2003)  <span class=\"dem-label-percent-txt\">0%, 16 <span class=\"votxt\">voix<\/span><\/span><\/div>\n\t<div class=\"dem-graph\">\n\t\t<div class=\"dem-fill\" data-width=\"1px\"><\/div>\n\t\t<div class=\"dem-votes-txt\">\n\t\t\t<span class=\"dem-votes-txt-votes\">16 <span class=\"votxt\">voix<\/span><\/span>\n\t\t\t\n\t\t<\/div>\n\t\t<div class=\"dem-percent-txt\">16 voix - 0% des votes<\/div>\n\t<\/div>\n<\/li><li  title=\"2 voix - 0% des votes\" data-aid=\"1554\">\n\t<div class=\"dem-label\">Marcel Leborgne (1956-1960, 1961-1969)  <span class=\"dem-label-percent-txt\">0%, 2 <span class=\"votxt\">voix<\/span><\/span><\/div>\n\t<div class=\"dem-graph\">\n\t\t<div class=\"dem-fill\" data-width=\"1px\"><\/div>\n\t\t<div class=\"dem-votes-txt\">\n\t\t\t<span class=\"dem-votes-txt-votes\">2 <span class=\"votxt\">voix<\/span><\/span>\n\t\t\t\n\t\t<\/div>\n\t\t<div class=\"dem-percent-txt\">2 voix - 0% des votes<\/div>\n\t<\/div>\n<\/li><li  title=\"1 voix - 0% des votes\" data-aid=\"1555\">\n\t<div class=\"dem-label\">Lucien Degeorges (1959-1969)  <span class=\"dem-label-percent-txt\">0%, 1 <span class=\"votxt\">voix<\/span><\/span><\/div>\n\t<div class=\"dem-graph\">\n\t\t<div class=\"dem-fill\" data-width=\"1px\"><\/div>\n\t\t<div class=\"dem-votes-txt\">\n\t\t\t<span class=\"dem-votes-txt-votes\">1 <span class=\"votxt\">voix<\/span><\/span>\n\t\t\t\n\t\t<\/div>\n\t\t<div class=\"dem-percent-txt\">1 voix - 0% des votes<\/div>\n\t<\/div>\n<\/li>\n<\/ul>\n<div class=\"dem-bottom\">\n\t<div class=\"dem-poll-info\">\n\t\t<div class=\"dem-total-votes\">Total des votes : 4101<\/div>\n\t\t<div class=\"dem-users-voted\">Votants : 2079<\/div>\n\t\t<div class=\"dem-date\" title=\"D\u00e9but\">\n\t\t\t<span class=\"dem-begin-date\">7 avril 2020<\/span> - <span class=\"dem-end-date\" title=\"Fin\">16 avril 2020<\/span>\n\t\t<\/div>\n\t\t\n\t\t<div>Les votes sont clos<\/div>\n\t\t\n\t<\/div>\n\t\n<\/div><\/div><noscript>Poll Options are limited because JavaScript is disabled in your browser.<\/noscript><\/div><!--democracy--><\/div>\n<div class=\"dem-poll-shortcode\"><div id=\"democracy-406\" class=\"democracy\" data-opts='{\"ajax_url\":\"https:\\\/\\\/dicodusport.fr\\\/blog\\\/wp-admin\\\/admin-ajax.php\",\"pid\":406,\"max_answs\":0,\"answs_max_height\":\"-1\",\"anim_speed\":\"400\",\"line_anim_speed\":1500}' ><strong class=\"dem-poll-title\">Choisissez votre milieu droit<\/strong><div class=\"dem-screen voted\"><ul class=\"dem-answers\" data-voted-class=\"dem-voted-this\" data-voted-txt=\"(Votre vote)\">\n\t<li  class=\"dem-winner\" title=\"1520 voix - 73% des votes\" data-aid=\"1566\">\n\t<div class=\"dem-label\">Sidney Govou (1999-2010)  <span class=\"dem-label-percent-txt\">73%, 1520 <span class=\"votxt\">voix<\/span><\/span><\/div>\n\t<div class=\"dem-graph\">\n\t\t<div class=\"dem-fill\" data-width=\"100%\"><\/div>\n\t\t<div class=\"dem-votes-txt\">\n\t\t\t<span class=\"dem-votes-txt-votes\">1520 <span class=\"votxt\">voix<\/span><\/span>\n\t\t\t<span class=\"dem-votes-txt-percent\">73%<\/span>\n\t\t<\/div>\n\t\t<div class=\"dem-percent-txt\">1520 voix - 73% des votes<\/div>\n\t<\/div>\n<\/li><li  title=\"236 voix - 11% des votes\" data-aid=\"1569\">\n\t<div class=\"dem-label\">Michel Bastos (2009-2013)  <span class=\"dem-label-percent-txt\">11%, 236 <span class=\"votxt\">voix<\/span><\/span><\/div>\n\t<div class=\"dem-graph\">\n\t\t<div class=\"dem-fill\" data-width=\"16%\"><\/div>\n\t\t<div class=\"dem-votes-txt\">\n\t\t\t<span class=\"dem-votes-txt-votes\">236 <span class=\"votxt\">voix<\/span><\/span>\n\t\t\t<span class=\"dem-votes-txt-percent\">11%<\/span>\n\t\t<\/div>\n\t\t<div class=\"dem-percent-txt\">236 voix - 11% des votes<\/div>\n\t<\/div>\n<\/li><li  title=\"171 voix - 8% des votes\" data-aid=\"1565\">\n\t<div class=\"dem-label\">Ludovic Giuly (1994-1998)  <span class=\"dem-label-percent-txt\">8%, 171 <span class=\"votxt\">voix<\/span><\/span><\/div>\n\t<div class=\"dem-graph\">\n\t\t<div class=\"dem-fill\" data-width=\"11%\"><\/div>\n\t\t<div class=\"dem-votes-txt\">\n\t\t\t<span class=\"dem-votes-txt-votes\">171 <span class=\"votxt\">voix<\/span><\/span>\n\t\t\t<span class=\"dem-votes-txt-percent\">8%<\/span>\n\t\t<\/div>\n\t\t<div class=\"dem-percent-txt\">171 voix - 8% des votes<\/div>\n\t<\/div>\n<\/li><li  title=\"147 voix - 7% des votes\" data-aid=\"1567\">\n\t<div class=\"dem-label\">Sylvain Wiltord (2004-2007)  <span class=\"dem-label-percent-txt\">7%, 147 <span class=\"votxt\">voix<\/span><\/span><\/div>\n\t<div class=\"dem-graph\">\n\t\t<div class=\"dem-fill\" data-width=\"10%\"><\/div>\n\t\t<div class=\"dem-votes-txt\">\n\t\t\t<span class=\"dem-votes-txt-votes\">147 <span class=\"votxt\">voix<\/span><\/span>\n\t\t\t<span class=\"dem-votes-txt-percent\">7%<\/span>\n\t\t<\/div>\n\t\t<div class=\"dem-percent-txt\">147 voix - 7% des votes<\/div>\n\t<\/div>\n<\/li><li  title=\"17 voix - 1% des votes\" data-aid=\"1568\">\n\t<div class=\"dem-label\">C\u00e9sar Delgado (2008-2011)  <span class=\"dem-label-percent-txt\">1%, 17 <span class=\"votxt\">voix<\/span><\/span><\/div>\n\t<div class=\"dem-graph\">\n\t\t<div class=\"dem-fill\" data-width=\"1%\"><\/div>\n\t\t<div class=\"dem-votes-txt\">\n\t\t\t<span class=\"dem-votes-txt-votes\">17 <span class=\"votxt\">voix<\/span><\/span>\n\t\t\t<span class=\"dem-votes-txt-percent\">1%<\/span>\n\t\t<\/div>\n\t\t<div class=\"dem-percent-txt\">17 voix - 1% des votes<\/div>\n\t<\/div>\n<\/li>\n<\/ul>\n<div class=\"dem-bottom\">\n\t<div class=\"dem-poll-info\">\n\t\t<div class=\"dem-total-votes\">Total des votes : 2091<\/div>\n\t\t\n\t\t<div class=\"dem-date\" title=\"D\u00e9but\">\n\t\t\t<span class=\"dem-begin-date\">7 avril 2020<\/span> - <span class=\"dem-end-date\" title=\"Fin\">16 avril 2020<\/span>\n\t\t<\/div>\n\t\t\n\t\t<div>Les votes sont clos<\/div>\n\t\t\n\t<\/div>\n\t\n<\/div><\/div><noscript>Poll Options are limited because JavaScript is disabled in your browser.<\/noscript><\/div><!--democracy--><\/div>\n<div class=\"dem-poll-shortcode\"><div id=\"democracy-407\" class=\"democracy\" data-opts='{\"ajax_url\":\"https:\\\/\\\/dicodusport.fr\\\/blog\\\/wp-admin\\\/admin-ajax.php\",\"pid\":407,\"max_answs\":0,\"answs_max_height\":\"-1\",\"anim_speed\":\"400\",\"line_anim_speed\":1500}' ><strong class=\"dem-poll-title\">Choisissez votre milieu gauche<\/strong><div class=\"dem-screen voted\"><ul class=\"dem-answers\" data-voted-class=\"dem-voted-this\" data-voted-txt=\"(Votre vote)\">\n\t<li  class=\"dem-winner\" title=\"866 voix - 42% des votes\" data-aid=\"1574\">\n\t<div class=\"dem-label\">Nabil Fekir (2013-2019)  <span class=\"dem-label-percent-txt\">42%, 866 <span class=\"votxt\">voix<\/span><\/span><\/div>\n\t<div class=\"dem-graph\">\n\t\t<div class=\"dem-fill\" data-width=\"100%\"><\/div>\n\t\t<div class=\"dem-votes-txt\">\n\t\t\t<span class=\"dem-votes-txt-votes\">866 <span class=\"votxt\">voix<\/span><\/span>\n\t\t\t<span class=\"dem-votes-txt-percent\">42%<\/span>\n\t\t<\/div>\n\t\t<div class=\"dem-percent-txt\">866 voix - 42% des votes<\/div>\n\t<\/div>\n<\/li><li  title=\"816 voix - 39% des votes\" data-aid=\"1573\">\n\t<div class=\"dem-label\">Florent Malouda (2003-2007)  <span class=\"dem-label-percent-txt\">39%, 816 <span class=\"votxt\">voix<\/span><\/span><\/div>\n\t<div class=\"dem-graph\">\n\t\t<div class=\"dem-fill\" data-width=\"94%\"><\/div>\n\t\t<div class=\"dem-votes-txt\">\n\t\t\t<span class=\"dem-votes-txt-votes\">816 <span class=\"votxt\">voix<\/span><\/span>\n\t\t\t<span class=\"dem-votes-txt-percent\">39%<\/span>\n\t\t<\/div>\n\t\t<div class=\"dem-percent-txt\">816 voix - 39% des votes<\/div>\n\t<\/div>\n<\/li><li  title=\"330 voix - 16% des votes\" data-aid=\"1575\">\n\t<div class=\"dem-label\">Memphis Depay (2017-?)  <span class=\"dem-label-percent-txt\">16%, 330 <span class=\"votxt\">voix<\/span><\/span><\/div>\n\t<div class=\"dem-graph\">\n\t\t<div class=\"dem-fill\" data-width=\"38%\"><\/div>\n\t\t<div class=\"dem-votes-txt\">\n\t\t\t<span class=\"dem-votes-txt-votes\">330 <span class=\"votxt\">voix<\/span><\/span>\n\t\t\t<span class=\"dem-votes-txt-percent\">16%<\/span>\n\t\t<\/div>\n\t\t<div class=\"dem-percent-txt\">330 voix - 16% des votes<\/div>\n\t<\/div>\n<\/li><li  title=\"28 voix - 1% des votes\" data-aid=\"1571\">\n\t<div class=\"dem-label\">Franck Gava (1992-1997)  <span class=\"dem-label-percent-txt\">1%, 28 <span class=\"votxt\">voix<\/span><\/span><\/div>\n\t<div class=\"dem-graph\">\n\t\t<div class=\"dem-fill\" data-width=\"3%\"><\/div>\n\t\t<div class=\"dem-votes-txt\">\n\t\t\t<span class=\"dem-votes-txt-votes\">28 <span class=\"votxt\">voix<\/span><\/span>\n\t\t\t<span class=\"dem-votes-txt-percent\">1%<\/span>\n\t\t<\/div>\n\t\t<div class=\"dem-percent-txt\">28 voix - 1% des votes<\/div>\n\t<\/div>\n<\/li><li  title=\"20 voix - 1% des votes\" data-aid=\"1570\">\n\t<div class=\"dem-label\">Angel Rambert (1960-1970)  <span class=\"dem-label-percent-txt\">1%, 20 <span class=\"votxt\">voix<\/span><\/span><\/div>\n\t<div class=\"dem-graph\">\n\t\t<div class=\"dem-fill\" data-width=\"2%\"><\/div>\n\t\t<div class=\"dem-votes-txt\">\n\t\t\t<span class=\"dem-votes-txt-votes\">20 <span class=\"votxt\">voix<\/span><\/span>\n\t\t\t<span class=\"dem-votes-txt-percent\">1%<\/span>\n\t\t<\/div>\n\t\t<div class=\"dem-percent-txt\">20 voix - 1% des votes<\/div>\n\t<\/div>\n<\/li><li  title=\"18 voix - 1% des votes\" data-aid=\"1572\">\n\t<div class=\"dem-label\">Pierre Laigle (1999-2002)  <span class=\"dem-label-percent-txt\">1%, 18 <span class=\"votxt\">voix<\/span><\/span><\/div>\n\t<div class=\"dem-graph\">\n\t\t<div class=\"dem-fill\" data-width=\"2%\"><\/div>\n\t\t<div class=\"dem-votes-txt\">\n\t\t\t<span class=\"dem-votes-txt-votes\">18 <span class=\"votxt\">voix<\/span><\/span>\n\t\t\t<span class=\"dem-votes-txt-percent\">1%<\/span>\n\t\t<\/div>\n\t\t<div class=\"dem-percent-txt\">18 voix - 1% des votes<\/div>\n\t<\/div>\n<\/li>\n<\/ul>\n<div class=\"dem-bottom\">\n\t<div class=\"dem-poll-info\">\n\t\t<div class=\"dem-total-votes\">Total des votes : 2078<\/div>\n\t\t\n\t\t<div class=\"dem-date\" title=\"D\u00e9but\">\n\t\t\t<span class=\"dem-begin-date\">7 avril 2020<\/span> - <span class=\"dem-end-date\" title=\"Fin\">16 avril 2020<\/span>\n\t\t<\/div>\n\t\t\n\t\t<div>Les votes sont clos<\/div>\n\t\t\n\t<\/div>\n\t\n<\/div><\/div><noscript>Poll Options are limited because JavaScript is disabled in your browser.<\/noscript><\/div><!--democracy--><\/div>\n<div class=\"dem-poll-shortcode\"><div id=\"democracy-408\" class=\"democracy\" data-opts='{\"ajax_url\":\"https:\\\/\\\/dicodusport.fr\\\/blog\\\/wp-admin\\\/admin-ajax.php\",\"pid\":408,\"max_answs\":2,\"answs_max_height\":\"-1\",\"anim_speed\":\"400\",\"line_anim_speed\":1500}' ><strong class=\"dem-poll-title\">Choisissez vos attaquants (Deux choix)<\/strong><div class=\"dem-screen voted\"><ul class=\"dem-answers\" data-voted-class=\"dem-voted-this\" data-voted-txt=\"(Votre vote)\">\n\t<li  class=\"dem-winner\" title=\"1297 voix - 31% des votes\" data-aid=\"1582\">\n\t<div class=\"dem-label\">Karim Benzema (2005-2009)  <span class=\"dem-label-percent-txt\">31%, 1297 <span class=\"votxt\">voix<\/span><\/span><\/div>\n\t<div class=\"dem-graph\">\n\t\t<div class=\"dem-fill\" data-width=\"100%\"><\/div>\n\t\t<div class=\"dem-votes-txt\">\n\t\t\t<span class=\"dem-votes-txt-votes\">1297 <span class=\"votxt\">voix<\/span><\/span>\n\t\t\t<span class=\"dem-votes-txt-percent\">31%<\/span>\n\t\t<\/div>\n\t\t<div class=\"dem-percent-txt\">1297 voix - 31% des votes<\/div>\n\t<\/div>\n<\/li><li  title=\"1239 voix - 29% des votes\" data-aid=\"1581\">\n\t<div class=\"dem-label\">Sonny Anderson (1999-2003)  <span class=\"dem-label-percent-txt\">29%, 1239 <span class=\"votxt\">voix<\/span><\/span><\/div>\n\t<div class=\"dem-graph\">\n\t\t<div class=\"dem-fill\" data-width=\"96%\"><\/div>\n\t\t<div class=\"dem-votes-txt\">\n\t\t\t<span class=\"dem-votes-txt-votes\">1239 <span class=\"votxt\">voix<\/span><\/span>\n\t\t\t<span class=\"dem-votes-txt-percent\">29%<\/span>\n\t\t<\/div>\n\t\t<div class=\"dem-percent-txt\">1239 voix - 29% des votes<\/div>\n\t<\/div>\n<\/li><li  title=\"572 voix - 14% des votes\" data-aid=\"1584\">\n\t<div class=\"dem-label\">Lisandro L\u00f3pez (2009-2013)  <span class=\"dem-label-percent-txt\">14%, 572 <span class=\"votxt\">voix<\/span><\/span><\/div>\n\t<div class=\"dem-graph\">\n\t\t<div class=\"dem-fill\" data-width=\"44%\"><\/div>\n\t\t<div class=\"dem-votes-txt\">\n\t\t\t<span class=\"dem-votes-txt-votes\">572 <span class=\"votxt\">voix<\/span><\/span>\n\t\t\t<span class=\"dem-votes-txt-percent\">14%<\/span>\n\t\t<\/div>\n\t\t<div class=\"dem-percent-txt\">572 voix - 14% des votes<\/div>\n\t<\/div>\n<\/li><li  title=\"502 voix - 12% des votes\" data-aid=\"1585\">\n\t<div class=\"dem-label\">Alexandre Lacazette (2010-2017)  <span class=\"dem-label-percent-txt\">12%, 502 <span class=\"votxt\">voix<\/span><\/span><\/div>\n\t<div class=\"dem-graph\">\n\t\t<div class=\"dem-fill\" data-width=\"39%\"><\/div>\n\t\t<div class=\"dem-votes-txt\">\n\t\t\t<span class=\"dem-votes-txt-votes\">502 <span class=\"votxt\">voix<\/span><\/span>\n\t\t\t<span class=\"dem-votes-txt-percent\">12%<\/span>\n\t\t<\/div>\n\t\t<div class=\"dem-percent-txt\">502 voix - 12% des votes<\/div>\n\t<\/div>\n<\/li><li  title=\"296 voix - 7% des votes\" data-aid=\"1577\">\n\t<div class=\"dem-label\">Fleury Di Nallo (1960-1974)  <span class=\"dem-label-percent-txt\">7%, 296 <span class=\"votxt\">voix<\/span><\/span><\/div>\n\t<div class=\"dem-graph\">\n\t\t<div class=\"dem-fill\" data-width=\"23%\"><\/div>\n\t\t<div class=\"dem-votes-txt\">\n\t\t\t<span class=\"dem-votes-txt-votes\">296 <span class=\"votxt\">voix<\/span><\/span>\n\t\t\t<span class=\"dem-votes-txt-percent\">7%<\/span>\n\t\t<\/div>\n\t\t<div class=\"dem-percent-txt\">296 voix - 7% des votes<\/div>\n\t<\/div>\n<\/li><li  title=\"246 voix - 6% des votes\" data-aid=\"1578\">\n\t<div class=\"dem-label\">Bernard Lacombe (1969-1978)  <span class=\"dem-label-percent-txt\">6%, 246 <span class=\"votxt\">voix<\/span><\/span><\/div>\n\t<div class=\"dem-graph\">\n\t\t<div class=\"dem-fill\" data-width=\"19%\"><\/div>\n\t\t<div class=\"dem-votes-txt\">\n\t\t\t<span class=\"dem-votes-txt-votes\">246 <span class=\"votxt\">voix<\/span><\/span>\n\t\t\t<span class=\"dem-votes-txt-percent\">6%<\/span>\n\t\t<\/div>\n\t\t<div class=\"dem-percent-txt\">246 voix - 6% des votes<\/div>\n\t<\/div>\n<\/li><li  title=\"24 voix - 1% des votes\" data-aid=\"1580\">\n\t<div class=\"dem-label\">Alain Caveglia (1996-2000)  <span class=\"dem-label-percent-txt\">1%, 24 <span class=\"votxt\">voix<\/span><\/span><\/div>\n\t<div class=\"dem-graph\">\n\t\t<div class=\"dem-fill\" data-width=\"2%\"><\/div>\n\t\t<div class=\"dem-votes-txt\">\n\t\t\t<span class=\"dem-votes-txt-votes\">24 <span class=\"votxt\">voix<\/span><\/span>\n\t\t\t<span class=\"dem-votes-txt-percent\">1%<\/span>\n\t\t<\/div>\n\t\t<div class=\"dem-percent-txt\">24 voix - 1% des votes<\/div>\n\t<\/div>\n<\/li><li  title=\"14 voix - 0% des votes\" data-aid=\"1579\">\n\t<div class=\"dem-label\">Florian Maurice (1992-1997)  <span class=\"dem-label-percent-txt\">0%, 14 <span class=\"votxt\">voix<\/span><\/span><\/div>\n\t<div class=\"dem-graph\">\n\t\t<div class=\"dem-fill\" data-width=\"1px\"><\/div>\n\t\t<div class=\"dem-votes-txt\">\n\t\t\t<span class=\"dem-votes-txt-votes\">14 <span class=\"votxt\">voix<\/span><\/span>\n\t\t\t\n\t\t<\/div>\n\t\t<div class=\"dem-percent-txt\">14 voix - 0% des votes<\/div>\n\t<\/div>\n<\/li><li  title=\"12 voix - 0% des votes\" data-aid=\"1583\">\n\t<div class=\"dem-label\">Baf\u00e9timbi Gomis (2009-2014)  <span class=\"dem-label-percent-txt\">0%, 12 <span class=\"votxt\">voix<\/span><\/span><\/div>\n\t<div class=\"dem-graph\">\n\t\t<div class=\"dem-fill\" data-width=\"1px\"><\/div>\n\t\t<div class=\"dem-votes-txt\">\n\t\t\t<span class=\"dem-votes-txt-votes\">12 <span class=\"votxt\">voix<\/span><\/span>\n\t\t\t\n\t\t<\/div>\n\t\t<div class=\"dem-percent-txt\">12 voix - 0% des votes<\/div>\n\t<\/div>\n<\/li><li  title=\"7 voix - 0% des votes\" data-aid=\"1576\">\n\t<div class=\"dem-label\">Nestor Combin (1959-1964)  <span class=\"dem-label-percent-txt\">0%, 7 <span class=\"votxt\">voix<\/span><\/span><\/div>\n\t<div class=\"dem-graph\">\n\t\t<div class=\"dem-fill\" data-width=\"1px\"><\/div>\n\t\t<div class=\"dem-votes-txt\">\n\t\t\t<span class=\"dem-votes-txt-votes\">7 <span class=\"votxt\">voix<\/span><\/span>\n\t\t\t\n\t\t<\/div>\n\t\t<div class=\"dem-percent-txt\">7 voix - 0% des votes<\/div>\n\t<\/div>\n<\/li>\n<\/ul>\n<div class=\"dem-bottom\">\n\t<div class=\"dem-poll-info\">\n\t\t<div class=\"dem-total-votes\">Total des votes : 4209<\/div>\n\t\t<div class=\"dem-users-voted\">Votants : 2149<\/div>\n\t\t<div class=\"dem-date\" title=\"D\u00e9but\">\n\t\t\t<span class=\"dem-begin-date\">7 avril 2020<\/span> - <span class=\"dem-end-date\" title=\"Fin\">16 avril 2020<\/span>\n\t\t<\/div>\n\t\t\n\t\t<div>Les votes sont clos<\/div>\n\t\t\n\t<\/div>\n\t\n<\/div><\/div><noscript>Poll Options are limited because JavaScript is disabled in your browser.<\/noscript><\/div><!--democracy--><\/div>\n<p style=\"text-align: center;\"><a href=\"http:\/\/dicodusport.fr\/blog\/composez-votre-11-de-legende-olympique-lyonnais\/#gardiendefenseurs\" class=\"su-button su-button-style-flat\" style=\"color:#FFFFFF;background-color:#0057ae;border-color:#00468c;border-radius:4px\" target=\"_self\"><span style=\"color:#FFFFFF;padding:0px 26px;font-size:20px;line-height:40px;border-color:#4d8ac7;border-radius:4px;text-shadow:none\"> <strong>Revenir au gardien et d\u00e9fenseurs<\/strong><\/span><\/a>\n<p style=\"text-align: justify;\"><strong><em>Dicodusport<br \/>\n<a href=\"https:\/\/www.facebook.com\/dicodusport\/\" target=\"_blank\" rel=\"noopener noreferrer\"><img loading=\"lazy\" decoding=\"async\" class=\"alignnone wp-image-2909\" src=\"http:\/\/dicodusport.fr\/blog\/wp-content\/uploads\/2017\/07\/logo-facebook-150x150.png\" alt=\"\" width=\"40\" height=\"40\" \/><\/a><a href=\"https:\/\/twitter.com\/dicodusport\" target=\"_blank\" rel=\"noopener noreferrer\"><img loading=\"lazy\" decoding=\"async\" class=\"alignnone wp-image-2908\" src=\"http:\/\/dicodusport.fr\/blog\/wp-content\/uploads\/2017\/07\/logo-twitter-150x150.png\" alt=\"\" width=\"39\" height=\"39\" \/><\/a><\/em><\/strong><\/p>\n","protected":false},"excerpt":{"rendered":"<p>Football &#8211; En pleine p\u00e9riode de confinement, toutes les comp\u00e9titions sportives sont \u00e0 l&rsquo;arr\u00eat. On vous propose donc de vous lancer dans la composition du XI de L\u00e9gende de l&rsquo;Olympique Lyonnais.<\/p>\n","protected":false},"author":1,"featured_media":64668,"comment_status":"open","ping_status":"closed","sticky":false,"template":"","format":"standard","meta":{"_acf_changed":false,"_daextam_enable_autolinks":"","footnotes":""},"categories":[2301],"tags":[75,449,1145,1146],"class_list":["post-64631","post","type-post","status-publish","format-standard","has-post-thumbnail","hentry","category-football","tag-football","tag-lyon","tag-ol","tag-olympique-lyonnais"],"acf":[],"yoast_head":"<!-- This site is optimized with the Yoast SEO Premium plugin v26.7 (Yoast SEO v26.7) - https:\/\/yoast.com\/wordpress\/plugins\/seo\/ -->\n<title>Composez votre 11 de l\u00e9gende de l&#039;Olympique Lyonnais<\/title>\n<meta name=\"description\" content=\"FOOTBALL - En pleine p\u00e9riode de confinement, on vous propose donc de vous lancer dans la composition du 11 de L\u00e9gende de l&#039;Olympique Lyonnais.\" \/>\n<meta name=\"robots\" content=\"index, follow, max-snippet:-1, max-image-preview:large, max-video-preview:-1\" \/>\n<link rel=\"canonical\" href=\"https:\/\/dicodusport.fr\/blog\/composez-votre-11-de-legende-olympique-lyonnais\/\" \/>\n<link rel=\"next\" href=\"https:\/\/dicodusport.fr\/blog\/composez-votre-11-de-legende-olympique-lyonnais\/2\/\" \/>\n<meta property=\"og:locale\" content=\"fr_FR\" \/>\n<meta property=\"og:type\" content=\"article\" \/>\n<meta property=\"og:title\" content=\"Composez votre 11 de l\u00e9gende de l&#039;Olympique Lyonnais\" \/>\n<meta property=\"og:description\" content=\"FOOTBALL - En pleine p\u00e9riode de confinement, on vous propose donc de vous lancer dans la composition du 11 de L\u00e9gende de l&#039;Olympique Lyonnais.\" \/>\n<meta property=\"og:url\" content=\"https:\/\/dicodusport.fr\/blog\/composez-votre-11-de-legende-olympique-lyonnais\/\" \/>\n<meta property=\"og:site_name\" content=\"Dicodusport\" \/>\n<meta property=\"article:publisher\" content=\"https:\/\/www.facebook.com\/dicodusport\" \/>\n<meta property=\"article:author\" content=\"https:\/\/www.facebook.com\/dicodusport\" \/>\n<meta property=\"article:published_time\" content=\"2020-04-12T13:40:55+00:00\" \/>\n<meta property=\"og:image\" content=\"https:\/\/dicodusport.fr\/blog\/wp-content\/uploads\/2020\/04\/Football-Composez-votre-11-de-l\u00e9gende-de-lOlympique-Lyonnais-1.png\" \/>\n\t<meta property=\"og:image:width\" content=\"800\" \/>\n\t<meta property=\"og:image:height\" content=\"445\" \/>\n\t<meta property=\"og:image:type\" content=\"image\/png\" \/>\n<meta name=\"author\" content=\"Nicolas Jacquemard\" \/>\n<meta name=\"twitter:card\" content=\"summary_large_image\" \/>\n<meta name=\"twitter:title\" content=\"Composez votre 11 de l\u00e9gende de l&#039;Olympique Lyonnais\" \/>\n<meta name=\"twitter:creator\" content=\"@https:\/\/twitter.com\/Nico_Jacquemard\" \/>\n<meta name=\"twitter:site\" content=\"@dicodusport\" \/>\n<script type=\"application\/ld+json\" class=\"yoast-schema-graph\">{\"@context\":\"https:\/\/schema.org\",\"@graph\":[{\"@type\":\"NewsArticle\",\"@id\":\"https:\/\/dicodusport.fr\/blog\/composez-votre-11-de-legende-olympique-lyonnais\/#article\",\"isPartOf\":{\"@id\":\"https:\/\/dicodusport.fr\/blog\/composez-votre-11-de-legende-olympique-lyonnais\/\"},\"author\":{\"name\":\"Nicolas Jacquemard\",\"@id\":\"https:\/\/dicodusport.fr\/blog\/#\/schema\/person\/55dcb50ad410894e431ed812bbb70191\"},\"headline\":\"Composez votre 11 de l\u00e9gende de l&rsquo;Olympique Lyonnais\",\"datePublished\":\"2020-04-12T13:40:55+00:00\",\"mainEntityOfPage\":{\"@id\":\"https:\/\/dicodusport.fr\/blog\/composez-votre-11-de-legende-olympique-lyonnais\/\"},\"wordCount\":190,\"commentCount\":1,\"publisher\":{\"@id\":\"https:\/\/dicodusport.fr\/blog\/#organization\"},\"image\":{\"@id\":\"https:\/\/dicodusport.fr\/blog\/composez-votre-11-de-legende-olympique-lyonnais\/#primaryimage\"},\"thumbnailUrl\":\"https:\/\/dicodusport.fr\/blog\/wp-content\/uploads\/2020\/04\/Football-Composez-votre-11-de-l\u00e9gende-de-lOlympique-Lyonnais-1.png\",\"keywords\":[\"Football\",\"Lyon\",\"OL\",\"Olympique lyonnais\"],\"articleSection\":[\"Football\"],\"inLanguage\":\"fr-FR\",\"potentialAction\":[{\"@type\":\"CommentAction\",\"name\":\"Comment\",\"target\":[\"https:\/\/dicodusport.fr\/blog\/composez-votre-11-de-legende-olympique-lyonnais\/#respond\"]}],\"copyrightYear\":\"2020\",\"copyrightHolder\":{\"@id\":\"https:\/\/dicodusport.fr\/blog\/#organization\"}},{\"@type\":\"WebPage\",\"@id\":\"https:\/\/dicodusport.fr\/blog\/composez-votre-11-de-legende-olympique-lyonnais\/\",\"url\":\"https:\/\/dicodusport.fr\/blog\/composez-votre-11-de-legende-olympique-lyonnais\/\",\"name\":\"Composez votre 11 de l\u00e9gende de l'Olympique Lyonnais\",\"isPartOf\":{\"@id\":\"https:\/\/dicodusport.fr\/blog\/#website\"},\"primaryImageOfPage\":{\"@id\":\"https:\/\/dicodusport.fr\/blog\/composez-votre-11-de-legende-olympique-lyonnais\/#primaryimage\"},\"image\":{\"@id\":\"https:\/\/dicodusport.fr\/blog\/composez-votre-11-de-legende-olympique-lyonnais\/#primaryimage\"},\"thumbnailUrl\":\"https:\/\/dicodusport.fr\/blog\/wp-content\/uploads\/2020\/04\/Football-Composez-votre-11-de-l\u00e9gende-de-lOlympique-Lyonnais-1.png\",\"datePublished\":\"2020-04-12T13:40:55+00:00\",\"description\":\"FOOTBALL - En pleine p\u00e9riode de confinement, on vous propose donc de vous lancer dans la composition du 11 de L\u00e9gende de l'Olympique Lyonnais.\",\"inLanguage\":\"fr-FR\",\"potentialAction\":[{\"@type\":\"ReadAction\",\"target\":[\"https:\/\/dicodusport.fr\/blog\/composez-votre-11-de-legende-olympique-lyonnais\/\"]}]},{\"@type\":\"ImageObject\",\"inLanguage\":\"fr-FR\",\"@id\":\"https:\/\/dicodusport.fr\/blog\/composez-votre-11-de-legende-olympique-lyonnais\/#primaryimage\",\"url\":\"https:\/\/dicodusport.fr\/blog\/wp-content\/uploads\/2020\/04\/Football-Composez-votre-11-de-l\u00e9gende-de-lOlympique-Lyonnais-1.png\",\"contentUrl\":\"https:\/\/dicodusport.fr\/blog\/wp-content\/uploads\/2020\/04\/Football-Composez-votre-11-de-l\u00e9gende-de-lOlympique-Lyonnais-1.png\",\"width\":800,\"height\":445,\"caption\":\"Composez votre 11 de l\u00e9gende de l'Olympique Lyonnais\"},{\"@type\":\"WebSite\",\"@id\":\"https:\/\/dicodusport.fr\/blog\/#website\",\"url\":\"https:\/\/dicodusport.fr\/blog\/\",\"name\":\"Dicodusport\",\"description\":\"L&#039;encyclop\u00e9die de l&#039;actualit\u00e9 sportive\",\"publisher\":{\"@id\":\"https:\/\/dicodusport.fr\/blog\/#organization\"},\"potentialAction\":[{\"@type\":\"SearchAction\",\"target\":{\"@type\":\"EntryPoint\",\"urlTemplate\":\"https:\/\/dicodusport.fr\/blog\/?s={search_term_string}\"},\"query-input\":{\"@type\":\"PropertyValueSpecification\",\"valueRequired\":true,\"valueName\":\"search_term_string\"}}],\"inLanguage\":\"fr-FR\"},{\"@type\":\"NewsMediaOrganization\",\"@id\":\"https:\/\/dicodusport.fr\/blog\/#organization\",\"name\":\"Dicodusport\",\"url\":\"https:\/\/dicodusport.fr\/blog\/\",\"logo\":{\"@type\":\"ImageObject\",\"inLanguage\":\"fr-FR\",\"@id\":\"https:\/\/dicodusport.fr\/blog\/#\/schema\/logo\/image\/\",\"url\":\"https:\/\/dicodusport.fr\/blog\/wp-content\/uploads\/2020\/06\/cropped-LOGO-DICODUSPORT-2020-SANS-FOND-SANS-TEXTE.png\",\"contentUrl\":\"https:\/\/dicodusport.fr\/blog\/wp-content\/uploads\/2020\/06\/cropped-LOGO-DICODUSPORT-2020-SANS-FOND-SANS-TEXTE.png\",\"width\":512,\"height\":512,\"caption\":\"Dicodusport\"},\"image\":{\"@id\":\"https:\/\/dicodusport.fr\/blog\/#\/schema\/logo\/image\/\"},\"sameAs\":[\"https:\/\/www.facebook.com\/dicodusport\",\"https:\/\/x.com\/dicodusport\",\"https:\/\/www.instagram.com\/dicodusport\/\",\"https:\/\/www.youtube.com\/channel\/UC7V2KZ5sd3htJivAbA4ZG3w\"],\"description\":\"Dicodusport est l'encyclop\u00e9die de l'actualit\u00e9 sportive.\",\"email\":\"bonjour@dicodusport.fr\",\"legalName\":\"DICODUSPORT\",\"foundingDate\":\"2018-01-14\",\"vatID\":\"FR71834470973\",\"taxID\":\"83447097300043\",\"numberOfEmployees\":{\"@type\":\"QuantitativeValue\",\"minValue\":\"1\",\"maxValue\":\"10\"}},{\"@type\":\"Person\",\"@id\":\"https:\/\/dicodusport.fr\/blog\/#\/schema\/person\/55dcb50ad410894e431ed812bbb70191\",\"name\":\"Nicolas Jacquemard\",\"image\":{\"@type\":\"ImageObject\",\"inLanguage\":\"fr-FR\",\"@id\":\"https:\/\/dicodusport.fr\/blog\/#\/schema\/person\/image\/\",\"url\":\"https:\/\/dicodusport.fr\/blog\/wp-content\/uploads\/2021\/05\/Nicolas-Jacquemard-150x150.jpeg\",\"contentUrl\":\"https:\/\/dicodusport.fr\/blog\/wp-content\/uploads\/2021\/05\/Nicolas-Jacquemard-150x150.jpeg\",\"caption\":\"Nicolas Jacquemard\"},\"description\":\"Passionn\u00e9 de sport et entrepreneur depuis mes 18 ans, la cr\u00e9ation de Dicodusport m'a sembl\u00e9 \u00e9vidente pour participer \u00e0 la m\u00e9diatisation d'un plus grand nombre de sports. Le chemin est long mais avec une \u00e9quipe des plus motiv\u00e9es et les Jeux Olympiques de Paris 2024 en point de mire, nous y arriverons ! Journaliste dans le monde du sport depuis plus de 5 ans, je traite aussi bien de football, de rugby, de biathlon que de cyclisme.\",\"sameAs\":[\"https:\/\/www.facebook.com\/dicodusport\",\"https:\/\/x.com\/https:\/\/twitter.com\/Nico_Jacquemard\"],\"url\":\"https:\/\/dicodusport.fr\/blog\/author\/dicodusport\/\"}]}<\/script>\n<!-- \/ Yoast SEO Premium plugin. -->","yoast_head_json":{"title":"Composez votre 11 de l\u00e9gende de l'Olympique Lyonnais","description":"FOOTBALL - En pleine p\u00e9riode de confinement, on vous propose donc de vous lancer dans la composition du 11 de L\u00e9gende de l'Olympique Lyonnais.","robots":{"index":"index","follow":"follow","max-snippet":"max-snippet:-1","max-image-preview":"max-image-preview:large","max-video-preview":"max-video-preview:-1"},"canonical":"https:\/\/dicodusport.fr\/blog\/composez-votre-11-de-legende-olympique-lyonnais\/","next":"https:\/\/dicodusport.fr\/blog\/composez-votre-11-de-legende-olympique-lyonnais\/2\/","og_locale":"fr_FR","og_type":"article","og_title":"Composez votre 11 de l\u00e9gende de l'Olympique Lyonnais","og_description":"FOOTBALL - En pleine p\u00e9riode de confinement, on vous propose donc de vous lancer dans la composition du 11 de L\u00e9gende de l'Olympique Lyonnais.","og_url":"https:\/\/dicodusport.fr\/blog\/composez-votre-11-de-legende-olympique-lyonnais\/","og_site_name":"Dicodusport","article_publisher":"https:\/\/www.facebook.com\/dicodusport","article_author":"https:\/\/www.facebook.com\/dicodusport","article_published_time":"2020-04-12T13:40:55+00:00","og_image":[{"width":800,"height":445,"url":"https:\/\/dicodusport.fr\/blog\/wp-content\/uploads\/2020\/04\/Football-Composez-votre-11-de-l\u00e9gende-de-lOlympique-Lyonnais-1.png","type":"image\/png"}],"author":"Nicolas Jacquemard","twitter_card":"summary_large_image","twitter_title":"Composez votre 11 de l\u00e9gende de l'Olympique Lyonnais","twitter_creator":"@https:\/\/twitter.com\/Nico_Jacquemard","twitter_site":"@dicodusport","schema":{"@context":"https:\/\/schema.org","@graph":[{"@type":"NewsArticle","@id":"https:\/\/dicodusport.fr\/blog\/composez-votre-11-de-legende-olympique-lyonnais\/#article","isPartOf":{"@id":"https:\/\/dicodusport.fr\/blog\/composez-votre-11-de-legende-olympique-lyonnais\/"},"author":{"name":"Nicolas Jacquemard","@id":"https:\/\/dicodusport.fr\/blog\/#\/schema\/person\/55dcb50ad410894e431ed812bbb70191"},"headline":"Composez votre 11 de l\u00e9gende de l&rsquo;Olympique Lyonnais","datePublished":"2020-04-12T13:40:55+00:00","mainEntityOfPage":{"@id":"https:\/\/dicodusport.fr\/blog\/composez-votre-11-de-legende-olympique-lyonnais\/"},"wordCount":190,"commentCount":1,"publisher":{"@id":"https:\/\/dicodusport.fr\/blog\/#organization"},"image":{"@id":"https:\/\/dicodusport.fr\/blog\/composez-votre-11-de-legende-olympique-lyonnais\/#primaryimage"},"thumbnailUrl":"https:\/\/dicodusport.fr\/blog\/wp-content\/uploads\/2020\/04\/Football-Composez-votre-11-de-l\u00e9gende-de-lOlympique-Lyonnais-1.png","keywords":["Football","Lyon","OL","Olympique lyonnais"],"articleSection":["Football"],"inLanguage":"fr-FR","potentialAction":[{"@type":"CommentAction","name":"Comment","target":["https:\/\/dicodusport.fr\/blog\/composez-votre-11-de-legende-olympique-lyonnais\/#respond"]}],"copyrightYear":"2020","copyrightHolder":{"@id":"https:\/\/dicodusport.fr\/blog\/#organization"}},{"@type":"WebPage","@id":"https:\/\/dicodusport.fr\/blog\/composez-votre-11-de-legende-olympique-lyonnais\/","url":"https:\/\/dicodusport.fr\/blog\/composez-votre-11-de-legende-olympique-lyonnais\/","name":"Composez votre 11 de l\u00e9gende de l'Olympique Lyonnais","isPartOf":{"@id":"https:\/\/dicodusport.fr\/blog\/#website"},"primaryImageOfPage":{"@id":"https:\/\/dicodusport.fr\/blog\/composez-votre-11-de-legende-olympique-lyonnais\/#primaryimage"},"image":{"@id":"https:\/\/dicodusport.fr\/blog\/composez-votre-11-de-legende-olympique-lyonnais\/#primaryimage"},"thumbnailUrl":"https:\/\/dicodusport.fr\/blog\/wp-content\/uploads\/2020\/04\/Football-Composez-votre-11-de-l\u00e9gende-de-lOlympique-Lyonnais-1.png","datePublished":"2020-04-12T13:40:55+00:00","description":"FOOTBALL - En pleine p\u00e9riode de confinement, on vous propose donc de vous lancer dans la composition du 11 de L\u00e9gende de l'Olympique Lyonnais.","inLanguage":"fr-FR","potentialAction":[{"@type":"ReadAction","target":["https:\/\/dicodusport.fr\/blog\/composez-votre-11-de-legende-olympique-lyonnais\/"]}]},{"@type":"ImageObject","inLanguage":"fr-FR","@id":"https:\/\/dicodusport.fr\/blog\/composez-votre-11-de-legende-olympique-lyonnais\/#primaryimage","url":"https:\/\/dicodusport.fr\/blog\/wp-content\/uploads\/2020\/04\/Football-Composez-votre-11-de-l\u00e9gende-de-lOlympique-Lyonnais-1.png","contentUrl":"https:\/\/dicodusport.fr\/blog\/wp-content\/uploads\/2020\/04\/Football-Composez-votre-11-de-l\u00e9gende-de-lOlympique-Lyonnais-1.png","width":800,"height":445,"caption":"Composez votre 11 de l\u00e9gende de l'Olympique Lyonnais"},{"@type":"WebSite","@id":"https:\/\/dicodusport.fr\/blog\/#website","url":"https:\/\/dicodusport.fr\/blog\/","name":"Dicodusport","description":"L&#039;encyclop\u00e9die de l&#039;actualit\u00e9 sportive","publisher":{"@id":"https:\/\/dicodusport.fr\/blog\/#organization"},"potentialAction":[{"@type":"SearchAction","target":{"@type":"EntryPoint","urlTemplate":"https:\/\/dicodusport.fr\/blog\/?s={search_term_string}"},"query-input":{"@type":"PropertyValueSpecification","valueRequired":true,"valueName":"search_term_string"}}],"inLanguage":"fr-FR"},{"@type":"NewsMediaOrganization","@id":"https:\/\/dicodusport.fr\/blog\/#organization","name":"Dicodusport","url":"https:\/\/dicodusport.fr\/blog\/","logo":{"@type":"ImageObject","inLanguage":"fr-FR","@id":"https:\/\/dicodusport.fr\/blog\/#\/schema\/logo\/image\/","url":"https:\/\/dicodusport.fr\/blog\/wp-content\/uploads\/2020\/06\/cropped-LOGO-DICODUSPORT-2020-SANS-FOND-SANS-TEXTE.png","contentUrl":"https:\/\/dicodusport.fr\/blog\/wp-content\/uploads\/2020\/06\/cropped-LOGO-DICODUSPORT-2020-SANS-FOND-SANS-TEXTE.png","width":512,"height":512,"caption":"Dicodusport"},"image":{"@id":"https:\/\/dicodusport.fr\/blog\/#\/schema\/logo\/image\/"},"sameAs":["https:\/\/www.facebook.com\/dicodusport","https:\/\/x.com\/dicodusport","https:\/\/www.instagram.com\/dicodusport\/","https:\/\/www.youtube.com\/channel\/UC7V2KZ5sd3htJivAbA4ZG3w"],"description":"Dicodusport est l'encyclop\u00e9die de l'actualit\u00e9 sportive.","email":"bonjour@dicodusport.fr","legalName":"DICODUSPORT","foundingDate":"2018-01-14","vatID":"FR71834470973","taxID":"83447097300043","numberOfEmployees":{"@type":"QuantitativeValue","minValue":"1","maxValue":"10"}},{"@type":"Person","@id":"https:\/\/dicodusport.fr\/blog\/#\/schema\/person\/55dcb50ad410894e431ed812bbb70191","name":"Nicolas Jacquemard","image":{"@type":"ImageObject","inLanguage":"fr-FR","@id":"https:\/\/dicodusport.fr\/blog\/#\/schema\/person\/image\/","url":"https:\/\/dicodusport.fr\/blog\/wp-content\/uploads\/2021\/05\/Nicolas-Jacquemard-150x150.jpeg","contentUrl":"https:\/\/dicodusport.fr\/blog\/wp-content\/uploads\/2021\/05\/Nicolas-Jacquemard-150x150.jpeg","caption":"Nicolas Jacquemard"},"description":"Passionn\u00e9 de sport et entrepreneur depuis mes 18 ans, la cr\u00e9ation de Dicodusport m'a sembl\u00e9 \u00e9vidente pour participer \u00e0 la m\u00e9diatisation d'un plus grand nombre de sports. Le chemin est long mais avec une \u00e9quipe des plus motiv\u00e9es et les Jeux Olympiques de Paris 2024 en point de mire, nous y arriverons ! Journaliste dans le monde du sport depuis plus de 5 ans, je traite aussi bien de football, de rugby, de biathlon que de cyclisme.","sameAs":["https:\/\/www.facebook.com\/dicodusport","https:\/\/x.com\/https:\/\/twitter.com\/Nico_Jacquemard"],"url":"https:\/\/dicodusport.fr\/blog\/author\/dicodusport\/"}]}},"_links":{"self":[{"href":"https:\/\/dicodusport.fr\/blog\/wp-json\/wp\/v2\/posts\/64631","targetHints":{"allow":["GET"]}}],"collection":[{"href":"https:\/\/dicodusport.fr\/blog\/wp-json\/wp\/v2\/posts"}],"about":[{"href":"https:\/\/dicodusport.fr\/blog\/wp-json\/wp\/v2\/types\/post"}],"author":[{"embeddable":true,"href":"https:\/\/dicodusport.fr\/blog\/wp-json\/wp\/v2\/users\/1"}],"replies":[{"embeddable":true,"href":"https:\/\/dicodusport.fr\/blog\/wp-json\/wp\/v2\/comments?post=64631"}],"version-history":[{"count":0,"href":"https:\/\/dicodusport.fr\/blog\/wp-json\/wp\/v2\/posts\/64631\/revisions"}],"wp:featuredmedia":[{"embeddable":true,"href":"https:\/\/dicodusport.fr\/blog\/wp-json\/wp\/v2\/media\/64668"}],"wp:attachment":[{"href":"https:\/\/dicodusport.fr\/blog\/wp-json\/wp\/v2\/media?parent=64631"}],"wp:term":[{"taxonomy":"category","embeddable":true,"href":"https:\/\/dicodusport.fr\/blog\/wp-json\/wp\/v2\/categories?post=64631"},{"taxonomy":"post_tag","embeddable":true,"href":"https:\/\/dicodusport.fr\/blog\/wp-json\/wp\/v2\/tags?post=64631"}],"curies":[{"name":"wp","href":"https:\/\/api.w.org\/{rel}","templated":true}]}}