{"id":646312,"date":"2026-02-10T21:44:36","date_gmt":"2026-02-10T20:44:36","guid":{"rendered":"https:\/\/dicodusport.fr\/blog\/?p=646312&#038;preview=true&#038;preview_id=646312"},"modified":"2026-02-10T22:10:42","modified_gmt":"2026-02-10T21:10:42","slug":"jeanmonnot-laffont-cizeron-fournier-beaudry-le-programme-des-francais-a-suivre-ce-mercredi-11-fevrier-aux-jo-2026","status":"publish","type":"post","link":"https:\/\/dicodusport.fr\/blog\/jeanmonnot-laffont-cizeron-fournier-beaudry-le-programme-des-francais-a-suivre-ce-mercredi-11-fevrier-aux-jo-2026\/","title":{"rendered":"Jeanmonnot, Laffont, Cizeron-Fournier Beaudry&#8230; le programme des Fran\u00e7ais \u00e0 suivre ce mercredi 11 f\u00e9vrier aux JO 2026"},"content":{"rendered":"<p style=\"text-align: justify;\"><em><strong>JO D&rsquo;HIVER 2026 &#8211; Retrouvez le programme des Fran\u00e7ais de ce mercredi 11 f\u00e9vrier avec l&rsquo;individuel femmes de biathlon et la finale des bosses avec Perrine Laffont.<\/strong><\/em><\/p>\n<ul style=\"text-align: justify;\">\n<li style=\"text-align: justify;\"><strong>\u00c0 ce sujet \u2013\u00a0<a href=\"https:\/\/dicodusport.fr\/blog\/tableau-des-medailles-jo-2026-classement-mis-a-jour-en-temps-reel\/\">Tableau des m\u00e9dailles JO 2026 : classement mis \u00e0 jour en temps r\u00e9el<\/a><\/strong><\/li>\n<\/ul>\n<p style=\"text-align: justify;\"><strong>Lou Jeanmonnot <\/strong>parviendra-t-elle \u00e0 imiter<strong> \u00c9ric Perrot<\/strong>, <a href=\"https:\/\/dicodusport.fr\/blog\/eric-perrot-vice-champion-olympique-de-lindividuel-derriere-un-immense-johan-olav-botn\/\">qui est all\u00e9 chercher l\u2019argent sur l\u2019individuel<\/a> ? Sur un format o\u00f9 la moindre petite faute peut co\u00fbter l\u2019or, la Fran\u00e7aise va conna\u00eetre sa premi\u00e8re course olympique en solitaire. Imp\u00e9riale sur le relais mixte, elle tentera de doubler la mise sur la plus haute marche.<\/p>\n<p style=\"text-align: justify;\">Tout comme <strong>Julia Simon<\/strong>, qui avait d\u00e9gain\u00e9 vitesse grand V sur le pas de tir pour assurer l\u2019or au quatuor. Mais la derni\u00e8re laur\u00e9ate tricolore en date d\u2019un individuel est bien <strong>Justine Braisaz-Bouchet<\/strong>, vainqueure sur le court de Nove Mesto en Coupe du monde. Sur <a href=\"https:\/\/dicodusport.fr\/blog\/individuel-femmes-jo-2026-startlist-et-dossards-des-francaises-engagees\/\">la startlist<\/a>, les trois Fran\u00e7aises sont logiquement parmi les favorites. \u00c0 vos pronostics !<\/p>\n<blockquote class=\"twitter-tweet\">\n<p dir=\"ltr\" lang=\"fr\">\u2744\ufe0f <a href=\"https:\/\/twitter.com\/hashtag\/MilanoCortina2026?src=hash&amp;ref_src=twsrc%5Etfw\">#MilanoCortina2026<\/a> | \ud83c\uddeb\ud83c\uddf7\ud83e\udd48 \u00c9RIC PERROT EST VICE-CHAMPION OLYMPIQUE DE L\u2019INDIVIDUEL !<\/p>\n<p>\u26a1 Quel duel ! Le Fran\u00e7ais d\u00e9croche l&rsquo;argent gr\u00e2ce \u00e0 un 19\/20 au tir ! Il est devanc\u00e9 par le Norv\u00e9gien Johan-Olav Botn, auteur d&rsquo;une course parfaite. <a href=\"https:\/\/t.co\/gouc4LQMO6\">pic.twitter.com\/gouc4LQMO6<\/a><\/p>\n<p>\u2014 francetvsport (@francetvsport) <a href=\"https:\/\/twitter.com\/francetvsport\/status\/2021220369273647129?ref_src=twsrc%5Etfw\">February 10, 2026<\/a><\/p><\/blockquote>\n<p><script async src=\"https:\/\/platform.twitter.com\/widgets.js\" charset=\"utf-8\"><\/script><\/p>\n<h2 style=\"text-align: justify;\">Retour au sommet pour Perrine Laffont ?<\/h2>\n<p style=\"text-align: justify;\"><a href=\"https:\/\/dicodusport.fr\/blog\/perrine-laffont-et-camille-cabrol-directement-qualifiees-pour-la-finale-du-ski-de-bosses\/\">Rassurante avec la 4<sup>\u00e8me<\/sup> meilleure performance des qualifications<\/a>, <strong>Perrine Laffont<\/strong> a d\u00e9croch\u00e9 son ticket imm\u00e9diat pour la grande finale de ce mercredi 11 janvier. C\u2019est \u00e9galement le cas de <strong>Camille Cabrol<\/strong>, pass\u00e9e in extremis \u00e0 l\u2019issue de la premi\u00e8re tourn\u00e9e (10<sup>\u00e8me<\/sup>). <strong>Marie Duaux<\/strong> doit quant \u00e0 elle passer par une deuxi\u00e8me manche \u00e9liminatoire pour savoir si elle rejoindra ses deux compatriotes en finale.<\/p>\n<p style=\"text-align: justify;\">Pour terminer en beaut\u00e9 cette journ\u00e9e, les danseurs sur glace viendront pr\u00e9senter leur programme libre. <strong>Guillaume Cizeron<\/strong> et <strong>Laurence Fournier Beaudry<\/strong> sont actuellement en t\u00eate apr\u00e8s le court mais rien n\u2019est fait pour le titre, les Am\u00e9ricains sont \u00e0 l\u2019aff\u00fbt. <strong>Geoffrey Brissaud<\/strong> et <strong>Evgeniia Lopareva<\/strong> pointent quant \u00e0 eux \u00e0 la 8<sup>\u00e8me<\/sup> place.<\/p>\n<div class=\"vlp-link-container vlp-layout-article\"><a href=\"https:\/\/dicodusport.fr\/blog\/laurence-fournier-beaudry-et-guillaume-cizeron-en-tete-dun-souffle-apres-la-danse-rythmique\/\" class=\"vlp-link\" title=\"Laurence Fournier Beaudry et Guillaume Cizeron en t\u00eate d&#039;un souffle apr\u00e8s la danse rythmique\"><\/a><div class=\"vlp-layout-zone-side\"><div class=\"vlp-block-4 vlp-link-image\"><img loading=\"lazy\" decoding=\"async\" style=\"max-width: 792px;\" width=\"792\" height=\"445\" src=\"https:\/\/dicodusport.fr\/blog\/wp-content\/uploads\/2026\/02\/Laurence-Fournier-Beaudry-et-Guillaume-Cizeron-en-tete-dun-souffle-apres-la-danse-rythmique.png\" class=\"attachment-800x445 size-800x445\" alt=\"Laurence Fournier Beaudry et Guillaume Cizeron en t\u00eate d&#039;un souffle apr\u00e8s la danse rythmique\" srcset=\"https:\/\/dicodusport.fr\/blog\/wp-content\/uploads\/2026\/02\/Laurence-Fournier-Beaudry-et-Guillaume-Cizeron-en-tete-dun-souffle-apres-la-danse-rythmique.png 1200w, https:\/\/dicodusport.fr\/blog\/wp-content\/uploads\/2026\/02\/Laurence-Fournier-Beaudry-et-Guillaume-Cizeron-en-tete-dun-souffle-apres-la-danse-rythmique-300x169.png 300w, https:\/\/dicodusport.fr\/blog\/wp-content\/uploads\/2026\/02\/Laurence-Fournier-Beaudry-et-Guillaume-Cizeron-en-tete-dun-souffle-apres-la-danse-rythmique-1024x575.png 1024w, https:\/\/dicodusport.fr\/blog\/wp-content\/uploads\/2026\/02\/Laurence-Fournier-Beaudry-et-Guillaume-Cizeron-en-tete-dun-souffle-apres-la-danse-rythmique-768x431.png 768w\" sizes=\"auto, (max-width: 792px) 100vw, 792px\" \/><\/div><\/div><div class=\"vlp-layout-zone-main\"><div class=\"vlp-block-0 vlp-link-title\">Laurence Fournier Beaudry et Guillaume Cizeron en t\u00eate d'un souffle apr\u00e8s la danse rythmique<\/div><div class=\"vlp-block-1 vlp-link-summary\">PATINAGE ARTISTIQUE JO 2026 - Tr\u00e8s solides sur leur danse rythmique, Laurence Fournier Beaudry et Guillaume Cizeron (90.18) prennent la t\u00eate d'un rien devant les Am\u00e9ricains Madison Chock et Evan Bates (89.72).\u00a0<\/div><div class=\"vlp-block-2 vlp-link-button\">Lire l'article<\/div><div class=\"vlp-block-3 vlp-link-url\">dicodusport.fr<\/div><\/div><\/div>\n<ul style=\"text-align: justify;\">\n<li style=\"text-align: justify;\"><strong>\u00c0 ce sujet &#8211; <a href=\"https:\/\/dicodusport.fr\/blog\/jo-2026-biathlon-patinage-artistique-ski-bosses-les-meilleures-chances-de-medailles-francaises-ce-mercredi-11-fevrier\/\">Les meilleures chances de m\u00e9dailles fran\u00e7aises ce mercredi 11 f\u00e9vrier aux JO 2026<\/a><\/strong><\/li>\n<\/ul>\n<h2 style=\"text-align: justify;\">Le programme des Fran\u00e7ais du mecredi 11 f\u00e9vrier<\/h2>\n<p style=\"text-align: justify;\">(*) : Si qualification<\/p>\n<p style=\"text-align: justify;\"><span style=\"color: #ff0000;\">En rouge : \u00c9preuves \u00e0 m\u00e9dailles<\/span><\/p>\n<p style=\"text-align: justify;\">Le programme est actualis\u00e9 selon les r\u00e9sultats des Fran\u00e7ais et les horaires peuvent \u00eatre modifi\u00e9s par l\u2019organisation olympique selon les conditions climatiques du jour.<\/p>\n<ul style=\"text-align: justify;\">\n<li><strong>\u00c0 ce sujet \u2013\u00a0<a href=\"https:\/\/dicodusport.fr\/blog\/calendrier-jo-dhiver-2026-programme-complet-des-epreuves-jour-par-jour-milan-cortina\/\">Calendrier JO d\u2019hiver 2026 : programme complet des \u00e9preuves, jour par jour (Milan-Cortina)<\/a><\/strong><\/li>\n<\/ul>\n<p style=\"text-align: justify;\"><strong>10h00<\/strong>\u00a0: Combin\u00e9 nordique \u2013 Saut petit tremplin\u00a0: <em>\u00e0 venir<\/em><\/p>\n<p style=\"text-align: justify;\"><strong>11h00<\/strong>\u00a0: Ski acrobatique \u2013 Qualifications 2 bosses femmes\u00a0: <strong>Marie Duaux<\/strong><\/p>\n<p style=\"text-align: justify;\"><span style=\"color: #ff0000;\"><strong>11h30<\/strong> : Ski alpin \u2013 Super-G hommes : <b>Nils All\u00e8gre, Nils Alphand, Alban Elezi Cannaferina<\/b><\/span><\/p>\n<p style=\"text-align: justify;\"><strong>13h45<\/strong>\u00a0: Combin\u00e9 nordique \u2013 Saut petit tremplin\u00a0: <em>\u00e0 venir<\/em><\/p>\n<p style=\"text-align: justify;\"><span style=\"color: #ff0000;\"><strong>14h15<\/strong>\u00a0: Biathlon \u2013 Individuel femmes\u00a0: <strong>Lou Jeanmonnot<\/strong>, <strong>Justine Braisaz-Bouchet<\/strong>, <strong>Julia Simon<\/strong>, <strong>Camille Bened<\/strong><\/span><\/p>\n<p style=\"text-align: justify;\"><span style=\"color: #ff0000;\"><strong>14h15<\/strong>\u00a0: Ski acrobatique \u2013 Finale bosses femmes\u00a0: <strong>Perrine Laffont<\/strong>, <strong>Camille Cabrol<\/strong>, (<strong>Marie Duaux*<\/strong>)<\/span><\/p>\n<p style=\"text-align: justify;\"><span style=\"color: #ff0000;\"><strong>\u00c0 partir de 19h30<\/strong>\u00a0: Patinage artistique \u2013 Danse sur glace (libre)\u00a0: <strong>Guillaume Cizeron<\/strong>\/<strong>Laurence Fournier Beaudry<\/strong>, <strong>Geoffrey Brissaud<\/strong>\/<strong>Evgeniia Lopareva<\/strong><\/span><\/p>\n<h3 style=\"text-align: justify;\">Dicodusport vous conseille<\/h3>\n<div class=\"vlp-link-container vlp-layout-article\"><a href=\"https:\/\/dicodusport.fr\/blog\/le-guide-des-jeux-olympiques-de-milan-cortina-2026\/\" class=\"vlp-link\" title=\"Le guide des Jeux Olympiques de Milan-Cortina 2026\"><\/a><div class=\"vlp-layout-zone-side\"><div class=\"vlp-block-4 vlp-link-image\"><img loading=\"lazy\" decoding=\"async\" style=\"max-width: 792px;\" width=\"792\" height=\"445\" src=\"https:\/\/dicodusport.fr\/blog\/wp-content\/uploads\/2026\/01\/Le-guide-des-Jeux-Olympiques-de-Milan-Cortina-2026.png\" class=\"attachment-800x445 size-800x445\" alt=\"Le guide des Jeux Olympiques de Milan-Cortina 2026\" srcset=\"https:\/\/dicodusport.fr\/blog\/wp-content\/uploads\/2026\/01\/Le-guide-des-Jeux-Olympiques-de-Milan-Cortina-2026.png 1200w, https:\/\/dicodusport.fr\/blog\/wp-content\/uploads\/2026\/01\/Le-guide-des-Jeux-Olympiques-de-Milan-Cortina-2026-300x169.png 300w, https:\/\/dicodusport.fr\/blog\/wp-content\/uploads\/2026\/01\/Le-guide-des-Jeux-Olympiques-de-Milan-Cortina-2026-1024x575.png 1024w, https:\/\/dicodusport.fr\/blog\/wp-content\/uploads\/2026\/01\/Le-guide-des-Jeux-Olympiques-de-Milan-Cortina-2026-768x431.png 768w\" sizes=\"auto, (max-width: 792px) 100vw, 792px\" \/><\/div><\/div><div class=\"vlp-layout-zone-main\"><div class=\"vlp-block-0 vlp-link-title\">Le guide des Jeux Olympiques de Milan-Cortina 2026<\/div><div class=\"vlp-block-1 vlp-link-summary\">JEUX OLYMPIQUES DE MILAN-CORTINA 2026 - De la c\u00e9r\u00e9monie d\u2019ouverture \u00e0 Milan au bouquet final \u00e0 V\u00e9rone, Dicodusport vous emm\u00e8ne avec son guide pour ne rien manquer de la comp\u00e9tition.<\/div><div class=\"vlp-block-2 vlp-link-button\">Lire l'article<\/div><div class=\"vlp-block-3 vlp-link-url\">dicodusport.fr<\/div><\/div><\/div>\n<div id=\"gtx-trans\" style=\"position: absolute; left: -14px; top: 40.9091px;\">\n<div class=\"gtx-trans-icon\" style=\"text-align: justify;\"><\/div>\n<\/div>\n","protected":false},"excerpt":{"rendered":"<p>Retrouvez le programme des Fran\u00e7ais de ce mercredi 11 f\u00e9vrier avec l&rsquo;individuel femmes de biathlon et la finale des bosses avec Perrine Laffont.<\/p>\n","protected":false},"author":18,"featured_media":646398,"comment_status":"open","ping_status":"closed","sticky":false,"template":"","format":"standard","meta":{"_acf_changed":false,"_daextam_enable_autolinks":"1","footnotes":""},"categories":[44003],"tags":[32415,16878,46887,46888,47094],"class_list":["post-646312","post","type-post","status-publish","format-standard","has-post-thumbnail","hentry","category-jo-hiver-2026","tag-actu","tag-breve","tag-jeux-olympiques-2026","tag-jo-2026","tag-jo-dhiver"],"acf":[],"yoast_head":"<!-- This site is optimized with the Yoast SEO Premium plugin v26.7 (Yoast SEO v26.7) - https:\/\/yoast.com\/wordpress\/plugins\/seo\/ -->\n<title>Jeanmonnot, Laffont, Cizeron-Fournier Beaudry... le programme des Fran\u00e7ais \u00e0 suivre ce mercredi 11 f\u00e9vrier aux JO 2026<\/title>\n<meta name=\"description\" content=\"JO D&#039;HIVER 2026 - Retrouvez le programme des Fran\u00e7ais du 11 f\u00e9vrier avec l&#039;individuel femmes de biathlon et les bosses avec Perrine Laffont.\" \/>\n<meta name=\"robots\" content=\"index, follow, max-snippet:-1, max-image-preview:large, max-video-preview:-1\" \/>\n<link rel=\"canonical\" href=\"https:\/\/dicodusport.fr\/blog\/jeanmonnot-laffont-cizeron-fournier-beaudry-le-programme-des-francais-a-suivre-ce-mercredi-11-fevrier-aux-jo-2026\/\" \/>\n<meta property=\"og:locale\" content=\"fr_FR\" \/>\n<meta property=\"og:type\" content=\"article\" \/>\n<meta property=\"og:title\" content=\"Jeanmonnot, Laffont, Cizeron-Fournier Beaudry... le programme des Fran\u00e7ais \u00e0 suivre ce mercredi 11 f\u00e9vrier aux JO 2026\" \/>\n<meta property=\"og:description\" content=\"JO D&#039;HIVER 2026 - Retrouvez le programme des Fran\u00e7ais du 11 f\u00e9vrier avec l&#039;individuel femmes de biathlon et les bosses avec Perrine Laffont.\" \/>\n<meta property=\"og:url\" content=\"https:\/\/dicodusport.fr\/blog\/jeanmonnot-laffont-cizeron-fournier-beaudry-le-programme-des-francais-a-suivre-ce-mercredi-11-fevrier-aux-jo-2026\/\" \/>\n<meta property=\"og:site_name\" content=\"Dicodusport\" \/>\n<meta property=\"article:publisher\" content=\"https:\/\/www.facebook.com\/dicodusport\" \/>\n<meta property=\"article:author\" content=\"https:\/\/www.facebook.com\/soocube\" \/>\n<meta property=\"article:published_time\" content=\"2026-02-10T20:44:36+00:00\" \/>\n<meta property=\"article:modified_time\" content=\"2026-02-10T21:10:42+00:00\" \/>\n<meta property=\"og:image\" content=\"https:\/\/dicodusport.fr\/blog\/wp-content\/uploads\/2026\/02\/Jeanmonnot-Laffont-Cizeron-Fournier-Beaudry-le-programme-des-Francais-a-suivre-ce-mercredi-11-fevrier-aux-JO-2026.png\" \/>\n\t<meta property=\"og:image:width\" content=\"1200\" \/>\n\t<meta property=\"og:image:height\" content=\"674\" \/>\n\t<meta property=\"og:image:type\" content=\"image\/png\" \/>\n<meta name=\"author\" content=\"Sophie Clapier\" \/>\n<meta name=\"twitter:card\" content=\"summary_large_image\" \/>\n<meta name=\"twitter:title\" content=\"Jeanmonnot, Laffont, Cizeron-Fournier Beaudry... le programme des Fran\u00e7ais \u00e0 suivre ce mercredi 11 f\u00e9vrier aux JO 2026\" \/>\n<meta name=\"twitter:creator\" content=\"@https:\/\/twitter.com\/soocube\" \/>\n<meta name=\"twitter:site\" content=\"@dicodusport\" \/>\n<script type=\"application\/ld+json\" class=\"yoast-schema-graph\">{\"@context\":\"https:\/\/schema.org\",\"@graph\":[{\"@type\":\"NewsArticle\",\"@id\":\"https:\/\/dicodusport.fr\/blog\/jeanmonnot-laffont-cizeron-fournier-beaudry-le-programme-des-francais-a-suivre-ce-mercredi-11-fevrier-aux-jo-2026\/#article\",\"isPartOf\":{\"@id\":\"https:\/\/dicodusport.fr\/blog\/jeanmonnot-laffont-cizeron-fournier-beaudry-le-programme-des-francais-a-suivre-ce-mercredi-11-fevrier-aux-jo-2026\/\"},\"author\":{\"name\":\"Sophie Clapier\",\"@id\":\"https:\/\/dicodusport.fr\/blog\/#\/schema\/person\/416c975648aca9da8839bdfe333a21c9\"},\"headline\":\"Jeanmonnot, Laffont, Cizeron-Fournier Beaudry&#8230; le programme des Fran\u00e7ais \u00e0 suivre ce mercredi 11 f\u00e9vrier aux JO 2026\",\"datePublished\":\"2026-02-10T20:44:36+00:00\",\"dateModified\":\"2026-02-10T21:10:42+00:00\",\"mainEntityOfPage\":{\"@id\":\"https:\/\/dicodusport.fr\/blog\/jeanmonnot-laffont-cizeron-fournier-beaudry-le-programme-des-francais-a-suivre-ce-mercredi-11-fevrier-aux-jo-2026\/\"},\"wordCount\":691,\"commentCount\":0,\"publisher\":{\"@id\":\"https:\/\/dicodusport.fr\/blog\/#organization\"},\"image\":{\"@id\":\"https:\/\/dicodusport.fr\/blog\/jeanmonnot-laffont-cizeron-fournier-beaudry-le-programme-des-francais-a-suivre-ce-mercredi-11-fevrier-aux-jo-2026\/#primaryimage\"},\"thumbnailUrl\":\"https:\/\/dicodusport.fr\/blog\/wp-content\/uploads\/2026\/02\/Jeanmonnot-Laffont-Cizeron-Fournier-Beaudry-le-programme-des-Francais-a-suivre-ce-mercredi-11-fevrier-aux-JO-2026.png\",\"keywords\":[\"actu\",\"br\u00e8ve\",\"Jeux Olympiques 2026\",\"JO 2026\",\"JO d'hiver\"],\"articleSection\":[\"JO d'hiver 2026\"],\"inLanguage\":\"fr-FR\",\"potentialAction\":[{\"@type\":\"CommentAction\",\"name\":\"Comment\",\"target\":[\"https:\/\/dicodusport.fr\/blog\/jeanmonnot-laffont-cizeron-fournier-beaudry-le-programme-des-francais-a-suivre-ce-mercredi-11-fevrier-aux-jo-2026\/#respond\"]}],\"copyrightYear\":\"2026\",\"copyrightHolder\":{\"@id\":\"https:\/\/dicodusport.fr\/blog\/#organization\"}},{\"@type\":\"WebPage\",\"@id\":\"https:\/\/dicodusport.fr\/blog\/jeanmonnot-laffont-cizeron-fournier-beaudry-le-programme-des-francais-a-suivre-ce-mercredi-11-fevrier-aux-jo-2026\/\",\"url\":\"https:\/\/dicodusport.fr\/blog\/jeanmonnot-laffont-cizeron-fournier-beaudry-le-programme-des-francais-a-suivre-ce-mercredi-11-fevrier-aux-jo-2026\/\",\"name\":\"Jeanmonnot, Laffont, Cizeron-Fournier Beaudry... le programme des Fran\u00e7ais \u00e0 suivre ce mercredi 11 f\u00e9vrier aux JO 2026\",\"isPartOf\":{\"@id\":\"https:\/\/dicodusport.fr\/blog\/#website\"},\"primaryImageOfPage\":{\"@id\":\"https:\/\/dicodusport.fr\/blog\/jeanmonnot-laffont-cizeron-fournier-beaudry-le-programme-des-francais-a-suivre-ce-mercredi-11-fevrier-aux-jo-2026\/#primaryimage\"},\"image\":{\"@id\":\"https:\/\/dicodusport.fr\/blog\/jeanmonnot-laffont-cizeron-fournier-beaudry-le-programme-des-francais-a-suivre-ce-mercredi-11-fevrier-aux-jo-2026\/#primaryimage\"},\"thumbnailUrl\":\"https:\/\/dicodusport.fr\/blog\/wp-content\/uploads\/2026\/02\/Jeanmonnot-Laffont-Cizeron-Fournier-Beaudry-le-programme-des-Francais-a-suivre-ce-mercredi-11-fevrier-aux-JO-2026.png\",\"datePublished\":\"2026-02-10T20:44:36+00:00\",\"dateModified\":\"2026-02-10T21:10:42+00:00\",\"description\":\"JO D'HIVER 2026 - Retrouvez le programme des Fran\u00e7ais du 11 f\u00e9vrier avec l'individuel femmes de biathlon et les bosses avec Perrine Laffont.\",\"breadcrumb\":{\"@id\":\"https:\/\/dicodusport.fr\/blog\/jeanmonnot-laffont-cizeron-fournier-beaudry-le-programme-des-francais-a-suivre-ce-mercredi-11-fevrier-aux-jo-2026\/#breadcrumb\"},\"inLanguage\":\"fr-FR\",\"potentialAction\":[{\"@type\":\"ReadAction\",\"target\":[\"https:\/\/dicodusport.fr\/blog\/jeanmonnot-laffont-cizeron-fournier-beaudry-le-programme-des-francais-a-suivre-ce-mercredi-11-fevrier-aux-jo-2026\/\"]}]},{\"@type\":\"ImageObject\",\"inLanguage\":\"fr-FR\",\"@id\":\"https:\/\/dicodusport.fr\/blog\/jeanmonnot-laffont-cizeron-fournier-beaudry-le-programme-des-francais-a-suivre-ce-mercredi-11-fevrier-aux-jo-2026\/#primaryimage\",\"url\":\"https:\/\/dicodusport.fr\/blog\/wp-content\/uploads\/2026\/02\/Jeanmonnot-Laffont-Cizeron-Fournier-Beaudry-le-programme-des-Francais-a-suivre-ce-mercredi-11-fevrier-aux-JO-2026.png\",\"contentUrl\":\"https:\/\/dicodusport.fr\/blog\/wp-content\/uploads\/2026\/02\/Jeanmonnot-Laffont-Cizeron-Fournier-Beaudry-le-programme-des-Francais-a-suivre-ce-mercredi-11-fevrier-aux-JO-2026.png\",\"width\":1200,\"height\":674,\"caption\":\"Jeanmonnot, Laffont, Cizeron-Fournier Beaudry le programme des Fran\u00e7ais \u00e0 suivre ce mercredi 11 f\u00e9vrier aux JO 2026\"},{\"@type\":\"BreadcrumbList\",\"@id\":\"https:\/\/dicodusport.fr\/blog\/jeanmonnot-laffont-cizeron-fournier-beaudry-le-programme-des-francais-a-suivre-ce-mercredi-11-fevrier-aux-jo-2026\/#breadcrumb\",\"itemListElement\":[{\"@type\":\"ListItem\",\"position\":1,\"name\":\"Accueil\",\"item\":\"https:\/\/dicodusport.fr\/blog\/\"},{\"@type\":\"ListItem\",\"position\":2,\"name\":\"Jeanmonnot, Laffont, Cizeron-Fournier Beaudry&#8230; le programme des Fran\u00e7ais \u00e0 suivre ce mercredi 11 f\u00e9vrier aux JO 2026\"}]},{\"@type\":\"WebSite\",\"@id\":\"https:\/\/dicodusport.fr\/blog\/#website\",\"url\":\"https:\/\/dicodusport.fr\/blog\/\",\"name\":\"Dicodusport\",\"description\":\"L&#039;encyclop\u00e9die de l&#039;actualit\u00e9 sportive\",\"publisher\":{\"@id\":\"https:\/\/dicodusport.fr\/blog\/#organization\"},\"potentialAction\":[{\"@type\":\"SearchAction\",\"target\":{\"@type\":\"EntryPoint\",\"urlTemplate\":\"https:\/\/dicodusport.fr\/blog\/?s={search_term_string}\"},\"query-input\":{\"@type\":\"PropertyValueSpecification\",\"valueRequired\":true,\"valueName\":\"search_term_string\"}}],\"inLanguage\":\"fr-FR\"},{\"@type\":\"NewsMediaOrganization\",\"@id\":\"https:\/\/dicodusport.fr\/blog\/#organization\",\"name\":\"Dicodusport\",\"url\":\"https:\/\/dicodusport.fr\/blog\/\",\"logo\":{\"@type\":\"ImageObject\",\"inLanguage\":\"fr-FR\",\"@id\":\"https:\/\/dicodusport.fr\/blog\/#\/schema\/logo\/image\/\",\"url\":\"https:\/\/dicodusport.fr\/blog\/wp-content\/uploads\/2020\/06\/cropped-LOGO-DICODUSPORT-2020-SANS-FOND-SANS-TEXTE.png\",\"contentUrl\":\"https:\/\/dicodusport.fr\/blog\/wp-content\/uploads\/2020\/06\/cropped-LOGO-DICODUSPORT-2020-SANS-FOND-SANS-TEXTE.png\",\"width\":512,\"height\":512,\"caption\":\"Dicodusport\"},\"image\":{\"@id\":\"https:\/\/dicodusport.fr\/blog\/#\/schema\/logo\/image\/\"},\"sameAs\":[\"https:\/\/www.facebook.com\/dicodusport\",\"https:\/\/x.com\/dicodusport\",\"https:\/\/www.instagram.com\/dicodusport\/\",\"https:\/\/www.youtube.com\/channel\/UC7V2KZ5sd3htJivAbA4ZG3w\"],\"description\":\"Dicodusport est l'encyclop\u00e9die de l'actualit\u00e9 sportive.\",\"email\":\"bonjour@dicodusport.fr\",\"legalName\":\"DICODUSPORT\",\"foundingDate\":\"2018-01-14\",\"vatID\":\"FR71834470973\",\"taxID\":\"83447097300043\",\"numberOfEmployees\":{\"@type\":\"QuantitativeValue\",\"minValue\":\"1\",\"maxValue\":\"10\"}},{\"@type\":\"Person\",\"@id\":\"https:\/\/dicodusport.fr\/blog\/#\/schema\/person\/416c975648aca9da8839bdfe333a21c9\",\"name\":\"Sophie Clapier\",\"image\":{\"@type\":\"ImageObject\",\"inLanguage\":\"fr-FR\",\"@id\":\"https:\/\/dicodusport.fr\/blog\/#\/schema\/person\/image\/\",\"url\":\"https:\/\/dicodusport.fr\/blog\/wp-content\/uploads\/2021\/05\/Sophie-Clapier-150x150.jpg\",\"contentUrl\":\"https:\/\/dicodusport.fr\/blog\/wp-content\/uploads\/2021\/05\/Sophie-Clapier-150x150.jpg\",\"caption\":\"Sophie Clapier\"},\"description\":\"Journaliste\/r\u00e9dactrice depuis janvier 2016 - Passionn\u00e9e de sport depuis toujours, j\u2019en ai pratiqu\u00e9 quelques-uns. Judo, football, handball ou encore tennis, je n\u2019ai jamais pu me mettre d\u2019accord sur un en particulier. Mais \u00e7a, c\u2019\u00e9tait avant de d\u00e9couvrir le basket, devenu mon sport de pr\u00e9dilection. Les actions NBA, le All-Star Week-end, la fureur des Game 7 pendant les playoffs ou mieux, lors des Finals, this is why we play. Team Spurs T.P, je m\u2019accroche encore \u00e0 Gregg Popovich (don\u2019t leave !). Team chef Curry, je souhaite qu\u2019il finisse aux Warriors (staaaay !). Non, il n\u2019y a pas qu\u2019eux, des petits nouveaux -et des petites nouvelles \u00e9videmment- arrivent chaque jour dans toutes les disciplines et cr\u00e9ent de nouveaux exploits. Alors pour les grands \u00e9v\u00e9nements et comp\u00e9titions internationales, vive les pulsations 240\/minutes et le d\u00e9fibrillateur pas loin, et allez les Bleu(e)s ! C\u2019est s\u00fbr, j\u2019aurai plus vu ma vie sur un terrain de sport, mais \u00e0 d\u00e9faut d\u2019en faire en haut niveau, je le partage avec vous.\",\"sameAs\":[\"https:\/\/www.facebook.com\/soocube\",\"https:\/\/x.com\/https:\/\/twitter.com\/soocube\",\"admin\"],\"url\":\"https:\/\/dicodusport.fr\/blog\/author\/sophie\/\"}]}<\/script>\n<!-- \/ Yoast SEO Premium plugin. -->","yoast_head_json":{"title":"Jeanmonnot, Laffont, Cizeron-Fournier Beaudry... le programme des Fran\u00e7ais \u00e0 suivre ce mercredi 11 f\u00e9vrier aux JO 2026","description":"JO D'HIVER 2026 - Retrouvez le programme des Fran\u00e7ais du 11 f\u00e9vrier avec l'individuel femmes de biathlon et les bosses avec Perrine Laffont.","robots":{"index":"index","follow":"follow","max-snippet":"max-snippet:-1","max-image-preview":"max-image-preview:large","max-video-preview":"max-video-preview:-1"},"canonical":"https:\/\/dicodusport.fr\/blog\/jeanmonnot-laffont-cizeron-fournier-beaudry-le-programme-des-francais-a-suivre-ce-mercredi-11-fevrier-aux-jo-2026\/","og_locale":"fr_FR","og_type":"article","og_title":"Jeanmonnot, Laffont, Cizeron-Fournier Beaudry... le programme des Fran\u00e7ais \u00e0 suivre ce mercredi 11 f\u00e9vrier aux JO 2026","og_description":"JO D'HIVER 2026 - Retrouvez le programme des Fran\u00e7ais du 11 f\u00e9vrier avec l'individuel femmes de biathlon et les bosses avec Perrine Laffont.","og_url":"https:\/\/dicodusport.fr\/blog\/jeanmonnot-laffont-cizeron-fournier-beaudry-le-programme-des-francais-a-suivre-ce-mercredi-11-fevrier-aux-jo-2026\/","og_site_name":"Dicodusport","article_publisher":"https:\/\/www.facebook.com\/dicodusport","article_author":"https:\/\/www.facebook.com\/soocube","article_published_time":"2026-02-10T20:44:36+00:00","article_modified_time":"2026-02-10T21:10:42+00:00","og_image":[{"width":1200,"height":674,"url":"https:\/\/dicodusport.fr\/blog\/wp-content\/uploads\/2026\/02\/Jeanmonnot-Laffont-Cizeron-Fournier-Beaudry-le-programme-des-Francais-a-suivre-ce-mercredi-11-fevrier-aux-JO-2026.png","type":"image\/png"}],"author":"Sophie Clapier","twitter_card":"summary_large_image","twitter_title":"Jeanmonnot, Laffont, Cizeron-Fournier Beaudry... le programme des Fran\u00e7ais \u00e0 suivre ce mercredi 11 f\u00e9vrier aux JO 2026","twitter_creator":"@https:\/\/twitter.com\/soocube","twitter_site":"@dicodusport","schema":{"@context":"https:\/\/schema.org","@graph":[{"@type":"NewsArticle","@id":"https:\/\/dicodusport.fr\/blog\/jeanmonnot-laffont-cizeron-fournier-beaudry-le-programme-des-francais-a-suivre-ce-mercredi-11-fevrier-aux-jo-2026\/#article","isPartOf":{"@id":"https:\/\/dicodusport.fr\/blog\/jeanmonnot-laffont-cizeron-fournier-beaudry-le-programme-des-francais-a-suivre-ce-mercredi-11-fevrier-aux-jo-2026\/"},"author":{"name":"Sophie Clapier","@id":"https:\/\/dicodusport.fr\/blog\/#\/schema\/person\/416c975648aca9da8839bdfe333a21c9"},"headline":"Jeanmonnot, Laffont, Cizeron-Fournier Beaudry&#8230; le programme des Fran\u00e7ais \u00e0 suivre ce mercredi 11 f\u00e9vrier aux JO 2026","datePublished":"2026-02-10T20:44:36+00:00","dateModified":"2026-02-10T21:10:42+00:00","mainEntityOfPage":{"@id":"https:\/\/dicodusport.fr\/blog\/jeanmonnot-laffont-cizeron-fournier-beaudry-le-programme-des-francais-a-suivre-ce-mercredi-11-fevrier-aux-jo-2026\/"},"wordCount":691,"commentCount":0,"publisher":{"@id":"https:\/\/dicodusport.fr\/blog\/#organization"},"image":{"@id":"https:\/\/dicodusport.fr\/blog\/jeanmonnot-laffont-cizeron-fournier-beaudry-le-programme-des-francais-a-suivre-ce-mercredi-11-fevrier-aux-jo-2026\/#primaryimage"},"thumbnailUrl":"https:\/\/dicodusport.fr\/blog\/wp-content\/uploads\/2026\/02\/Jeanmonnot-Laffont-Cizeron-Fournier-Beaudry-le-programme-des-Francais-a-suivre-ce-mercredi-11-fevrier-aux-JO-2026.png","keywords":["actu","br\u00e8ve","Jeux Olympiques 2026","JO 2026","JO d'hiver"],"articleSection":["JO d'hiver 2026"],"inLanguage":"fr-FR","potentialAction":[{"@type":"CommentAction","name":"Comment","target":["https:\/\/dicodusport.fr\/blog\/jeanmonnot-laffont-cizeron-fournier-beaudry-le-programme-des-francais-a-suivre-ce-mercredi-11-fevrier-aux-jo-2026\/#respond"]}],"copyrightYear":"2026","copyrightHolder":{"@id":"https:\/\/dicodusport.fr\/blog\/#organization"}},{"@type":"WebPage","@id":"https:\/\/dicodusport.fr\/blog\/jeanmonnot-laffont-cizeron-fournier-beaudry-le-programme-des-francais-a-suivre-ce-mercredi-11-fevrier-aux-jo-2026\/","url":"https:\/\/dicodusport.fr\/blog\/jeanmonnot-laffont-cizeron-fournier-beaudry-le-programme-des-francais-a-suivre-ce-mercredi-11-fevrier-aux-jo-2026\/","name":"Jeanmonnot, Laffont, Cizeron-Fournier Beaudry... le programme des Fran\u00e7ais \u00e0 suivre ce mercredi 11 f\u00e9vrier aux JO 2026","isPartOf":{"@id":"https:\/\/dicodusport.fr\/blog\/#website"},"primaryImageOfPage":{"@id":"https:\/\/dicodusport.fr\/blog\/jeanmonnot-laffont-cizeron-fournier-beaudry-le-programme-des-francais-a-suivre-ce-mercredi-11-fevrier-aux-jo-2026\/#primaryimage"},"image":{"@id":"https:\/\/dicodusport.fr\/blog\/jeanmonnot-laffont-cizeron-fournier-beaudry-le-programme-des-francais-a-suivre-ce-mercredi-11-fevrier-aux-jo-2026\/#primaryimage"},"thumbnailUrl":"https:\/\/dicodusport.fr\/blog\/wp-content\/uploads\/2026\/02\/Jeanmonnot-Laffont-Cizeron-Fournier-Beaudry-le-programme-des-Francais-a-suivre-ce-mercredi-11-fevrier-aux-JO-2026.png","datePublished":"2026-02-10T20:44:36+00:00","dateModified":"2026-02-10T21:10:42+00:00","description":"JO D'HIVER 2026 - Retrouvez le programme des Fran\u00e7ais du 11 f\u00e9vrier avec l'individuel femmes de biathlon et les bosses avec Perrine Laffont.","breadcrumb":{"@id":"https:\/\/dicodusport.fr\/blog\/jeanmonnot-laffont-cizeron-fournier-beaudry-le-programme-des-francais-a-suivre-ce-mercredi-11-fevrier-aux-jo-2026\/#breadcrumb"},"inLanguage":"fr-FR","potentialAction":[{"@type":"ReadAction","target":["https:\/\/dicodusport.fr\/blog\/jeanmonnot-laffont-cizeron-fournier-beaudry-le-programme-des-francais-a-suivre-ce-mercredi-11-fevrier-aux-jo-2026\/"]}]},{"@type":"ImageObject","inLanguage":"fr-FR","@id":"https:\/\/dicodusport.fr\/blog\/jeanmonnot-laffont-cizeron-fournier-beaudry-le-programme-des-francais-a-suivre-ce-mercredi-11-fevrier-aux-jo-2026\/#primaryimage","url":"https:\/\/dicodusport.fr\/blog\/wp-content\/uploads\/2026\/02\/Jeanmonnot-Laffont-Cizeron-Fournier-Beaudry-le-programme-des-Francais-a-suivre-ce-mercredi-11-fevrier-aux-JO-2026.png","contentUrl":"https:\/\/dicodusport.fr\/blog\/wp-content\/uploads\/2026\/02\/Jeanmonnot-Laffont-Cizeron-Fournier-Beaudry-le-programme-des-Francais-a-suivre-ce-mercredi-11-fevrier-aux-JO-2026.png","width":1200,"height":674,"caption":"Jeanmonnot, Laffont, Cizeron-Fournier Beaudry le programme des Fran\u00e7ais \u00e0 suivre ce mercredi 11 f\u00e9vrier aux JO 2026"},{"@type":"BreadcrumbList","@id":"https:\/\/dicodusport.fr\/blog\/jeanmonnot-laffont-cizeron-fournier-beaudry-le-programme-des-francais-a-suivre-ce-mercredi-11-fevrier-aux-jo-2026\/#breadcrumb","itemListElement":[{"@type":"ListItem","position":1,"name":"Accueil","item":"https:\/\/dicodusport.fr\/blog\/"},{"@type":"ListItem","position":2,"name":"Jeanmonnot, Laffont, Cizeron-Fournier Beaudry&#8230; le programme des Fran\u00e7ais \u00e0 suivre ce mercredi 11 f\u00e9vrier aux JO 2026"}]},{"@type":"WebSite","@id":"https:\/\/dicodusport.fr\/blog\/#website","url":"https:\/\/dicodusport.fr\/blog\/","name":"Dicodusport","description":"L&#039;encyclop\u00e9die de l&#039;actualit\u00e9 sportive","publisher":{"@id":"https:\/\/dicodusport.fr\/blog\/#organization"},"potentialAction":[{"@type":"SearchAction","target":{"@type":"EntryPoint","urlTemplate":"https:\/\/dicodusport.fr\/blog\/?s={search_term_string}"},"query-input":{"@type":"PropertyValueSpecification","valueRequired":true,"valueName":"search_term_string"}}],"inLanguage":"fr-FR"},{"@type":"NewsMediaOrganization","@id":"https:\/\/dicodusport.fr\/blog\/#organization","name":"Dicodusport","url":"https:\/\/dicodusport.fr\/blog\/","logo":{"@type":"ImageObject","inLanguage":"fr-FR","@id":"https:\/\/dicodusport.fr\/blog\/#\/schema\/logo\/image\/","url":"https:\/\/dicodusport.fr\/blog\/wp-content\/uploads\/2020\/06\/cropped-LOGO-DICODUSPORT-2020-SANS-FOND-SANS-TEXTE.png","contentUrl":"https:\/\/dicodusport.fr\/blog\/wp-content\/uploads\/2020\/06\/cropped-LOGO-DICODUSPORT-2020-SANS-FOND-SANS-TEXTE.png","width":512,"height":512,"caption":"Dicodusport"},"image":{"@id":"https:\/\/dicodusport.fr\/blog\/#\/schema\/logo\/image\/"},"sameAs":["https:\/\/www.facebook.com\/dicodusport","https:\/\/x.com\/dicodusport","https:\/\/www.instagram.com\/dicodusport\/","https:\/\/www.youtube.com\/channel\/UC7V2KZ5sd3htJivAbA4ZG3w"],"description":"Dicodusport est l'encyclop\u00e9die de l'actualit\u00e9 sportive.","email":"bonjour@dicodusport.fr","legalName":"DICODUSPORT","foundingDate":"2018-01-14","vatID":"FR71834470973","taxID":"83447097300043","numberOfEmployees":{"@type":"QuantitativeValue","minValue":"1","maxValue":"10"}},{"@type":"Person","@id":"https:\/\/dicodusport.fr\/blog\/#\/schema\/person\/416c975648aca9da8839bdfe333a21c9","name":"Sophie Clapier","image":{"@type":"ImageObject","inLanguage":"fr-FR","@id":"https:\/\/dicodusport.fr\/blog\/#\/schema\/person\/image\/","url":"https:\/\/dicodusport.fr\/blog\/wp-content\/uploads\/2021\/05\/Sophie-Clapier-150x150.jpg","contentUrl":"https:\/\/dicodusport.fr\/blog\/wp-content\/uploads\/2021\/05\/Sophie-Clapier-150x150.jpg","caption":"Sophie Clapier"},"description":"Journaliste\/r\u00e9dactrice depuis janvier 2016 - Passionn\u00e9e de sport depuis toujours, j\u2019en ai pratiqu\u00e9 quelques-uns. Judo, football, handball ou encore tennis, je n\u2019ai jamais pu me mettre d\u2019accord sur un en particulier. Mais \u00e7a, c\u2019\u00e9tait avant de d\u00e9couvrir le basket, devenu mon sport de pr\u00e9dilection. Les actions NBA, le All-Star Week-end, la fureur des Game 7 pendant les playoffs ou mieux, lors des Finals, this is why we play. Team Spurs T.P, je m\u2019accroche encore \u00e0 Gregg Popovich (don\u2019t leave !). Team chef Curry, je souhaite qu\u2019il finisse aux Warriors (staaaay !). Non, il n\u2019y a pas qu\u2019eux, des petits nouveaux -et des petites nouvelles \u00e9videmment- arrivent chaque jour dans toutes les disciplines et cr\u00e9ent de nouveaux exploits. Alors pour les grands \u00e9v\u00e9nements et comp\u00e9titions internationales, vive les pulsations 240\/minutes et le d\u00e9fibrillateur pas loin, et allez les Bleu(e)s ! C\u2019est s\u00fbr, j\u2019aurai plus vu ma vie sur un terrain de sport, mais \u00e0 d\u00e9faut d\u2019en faire en haut niveau, je le partage avec vous.","sameAs":["https:\/\/www.facebook.com\/soocube","https:\/\/x.com\/https:\/\/twitter.com\/soocube","admin"],"url":"https:\/\/dicodusport.fr\/blog\/author\/sophie\/"}]}},"_links":{"self":[{"href":"https:\/\/dicodusport.fr\/blog\/wp-json\/wp\/v2\/posts\/646312","targetHints":{"allow":["GET"]}}],"collection":[{"href":"https:\/\/dicodusport.fr\/blog\/wp-json\/wp\/v2\/posts"}],"about":[{"href":"https:\/\/dicodusport.fr\/blog\/wp-json\/wp\/v2\/types\/post"}],"author":[{"embeddable":true,"href":"https:\/\/dicodusport.fr\/blog\/wp-json\/wp\/v2\/users\/18"}],"replies":[{"embeddable":true,"href":"https:\/\/dicodusport.fr\/blog\/wp-json\/wp\/v2\/comments?post=646312"}],"version-history":[{"count":5,"href":"https:\/\/dicodusport.fr\/blog\/wp-json\/wp\/v2\/posts\/646312\/revisions"}],"predecessor-version":[{"id":646405,"href":"https:\/\/dicodusport.fr\/blog\/wp-json\/wp\/v2\/posts\/646312\/revisions\/646405"}],"wp:featuredmedia":[{"embeddable":true,"href":"https:\/\/dicodusport.fr\/blog\/wp-json\/wp\/v2\/media\/646398"}],"wp:attachment":[{"href":"https:\/\/dicodusport.fr\/blog\/wp-json\/wp\/v2\/media?parent=646312"}],"wp:term":[{"taxonomy":"category","embeddable":true,"href":"https:\/\/dicodusport.fr\/blog\/wp-json\/wp\/v2\/categories?post=646312"},{"taxonomy":"post_tag","embeddable":true,"href":"https:\/\/dicodusport.fr\/blog\/wp-json\/wp\/v2\/tags?post=646312"}],"curies":[{"name":"wp","href":"https:\/\/api.w.org\/{rel}","templated":true}]}}