{"id":646337,"date":"2026-02-10T20:40:03","date_gmt":"2026-02-10T19:40:03","guid":{"rendered":"https:\/\/dicodusport.fr\/blog\/?p=646337&#038;preview=true&#038;preview_id=646337"},"modified":"2026-02-10T22:32:33","modified_gmt":"2026-02-10T21:32:33","slug":"la-slovenie-conserve-son-titre-sur-lepreuve-mixte-de-saut-a-skis-des-jo-2026-la-france-rate-la-finale-dun-souffle","status":"publish","type":"post","link":"https:\/\/dicodusport.fr\/blog\/la-slovenie-conserve-son-titre-sur-lepreuve-mixte-de-saut-a-skis-des-jo-2026-la-france-rate-la-finale-dun-souffle\/","title":{"rendered":"La Slov\u00e9nie conserve son titre sur l&rsquo;\u00e9preuve mixte de saut \u00e0 skis des JO 2026, la France rate la finale d&rsquo;un souffle"},"content":{"rendered":"<p style=\"text-align: justify;\"><strong><em>SAUT \u00c0 SKIS JO 2026 &#8211; Un cran au-dessus, la Slov\u00e9nie reste championne olympique par \u00e9quipes mixtes, alors que les Bleus ont connu une fin cruelle.<\/em><\/strong><\/p>\n<ul style=\"text-align: justify;\">\n<li style=\"text-align: justify;\"><strong>\u00c0 ce sujet \u2013\u00a0<a href=\"https:\/\/dicodusport.fr\/blog\/calendrier-jo-dhiver-2026-programme-complet-des-epreuves-jour-par-jour-milan-cortina\/\">Calendrier JO d\u2019hiver 2026 : programme complet des \u00e9preuves, jour par jour (Milan-Cortina)<\/a><\/strong><\/li>\n<\/ul>\n<p style=\"text-align: justify;\">Pour la deuxi\u00e8me fois, l&rsquo;\u00e9preuve mixte de saut \u00e0 skis \u00e9tait au programme des Jeux Olympiques, et la France allait enfin y participer. <strong>Emma Chervet<\/strong>, <strong>Enzo Milesi<\/strong>, <strong>Jos\u00e9phine Pagnier<\/strong> et <strong>Valentin Foubert<\/strong> \u00e9taient parmi les 12 \u00e9quipes au d\u00e9part, mais si on avait vibr\u00e9 la veille pour la performance du dernier nomm\u00e9, rien que rentrer en manche finale (donc dans les 8 premi\u00e8res nations) allait d\u00e9j\u00e0 \u00eatre une superbe performance.<\/p>\n<div class=\"vlp-link-container vlp-layout-article\"><a href=\"https:\/\/dicodusport.fr\/blog\/philipp-raimund-champion-olympique-sur-le-petit-tremplin-valentin-foubert-frole-un-exploit-monumental\/\" class=\"vlp-link\" title=\"Philipp Raimund champion olympique sur le petit tremplin, Valentin Foubert fr\u00f4le un exploit monumental\"><\/a><div class=\"vlp-layout-zone-side\"><div class=\"vlp-block-4 vlp-link-image\"><img loading=\"lazy\" decoding=\"async\" style=\"max-width: 792px;\" width=\"792\" height=\"445\" src=\"https:\/\/dicodusport.fr\/blog\/wp-content\/uploads\/2026\/02\/Philipp-Raimund-champion-olympique-sur-le-petit-tremplin-Valentin-Foubert-frole-un-exploit-monumental.png\" class=\"attachment-800x445 size-800x445\" alt=\"Philipp Raimund champion olympique sur le petit tremplin, Valentin Foubert fr\u00f4le un exploit monumental\" srcset=\"https:\/\/dicodusport.fr\/blog\/wp-content\/uploads\/2026\/02\/Philipp-Raimund-champion-olympique-sur-le-petit-tremplin-Valentin-Foubert-frole-un-exploit-monumental.png 1200w, https:\/\/dicodusport.fr\/blog\/wp-content\/uploads\/2026\/02\/Philipp-Raimund-champion-olympique-sur-le-petit-tremplin-Valentin-Foubert-frole-un-exploit-monumental-300x169.png 300w, https:\/\/dicodusport.fr\/blog\/wp-content\/uploads\/2026\/02\/Philipp-Raimund-champion-olympique-sur-le-petit-tremplin-Valentin-Foubert-frole-un-exploit-monumental-1024x575.png 1024w, https:\/\/dicodusport.fr\/blog\/wp-content\/uploads\/2026\/02\/Philipp-Raimund-champion-olympique-sur-le-petit-tremplin-Valentin-Foubert-frole-un-exploit-monumental-768x431.png 768w\" sizes=\"auto, (max-width: 792px) 100vw, 792px\" \/><\/div><\/div><div class=\"vlp-layout-zone-main\"><div class=\"vlp-block-0 vlp-link-title\">Philipp Raimund champion olympique sur le petit tremplin, Valentin Foubert fr\u00f4le un exploit monumental<\/div><div class=\"vlp-block-1 vlp-link-summary\">SAUT \u00c0 SKIS JO 2026 - Deuxi\u00e8me apr\u00e8s la premi\u00e8re manche, Valentin Foubert termine finalement cinqui\u00e8me d'un concours remport\u00e9 par Philipp Raimund.<\/div><div class=\"vlp-block-2 vlp-link-button\">Lire l'article<\/div><div class=\"vlp-block-3 vlp-link-url\">dicodusport.fr<\/div><\/div><\/div>\n<h2 style=\"text-align: justify;\">Cruel pour les Bleus<\/h2>\n<p style=\"text-align: justify;\">Avec un premier saut \u00e0 86 m\u00e8tres, <strong>Emma Chervet<\/strong> ne mettait pas son \u00e9quipe dans les meilleures dispositions. Mais <strong>Enzo Milesi<\/strong>, qui avait cr\u00e9\u00e9 une belle surprise hier en se qualifiant pour la premi\u00e8re fois pour une manche finale, redressait la situation en se posant \u00e0 97.5 m\u00e8tres. Un \u00e9lan fracass\u00e9 par Jos\u00e9phine Pagnier, d\u00e9cid\u00e9ment en difficult\u00e9 depuis quelque temps. La double laur\u00e9ate en Coupe du monde se reposait \u00e0 90.5 m\u00e8tres, et avant le dernier saut, la France, dixi\u00e8me, semblait partie pour s&rsquo;arr\u00eater l\u00e0.<\/p>\n<blockquote class=\"twitter-tweet\">\n<p dir=\"ltr\" lang=\"fr\">\u2744\ufe0f<a href=\"https:\/\/twitter.com\/hashtag\/MilanoCortina2026?src=hash&amp;ref_src=twsrc%5Etfw\">#MilanoCortina2026<\/a> | \ud83c\uddeb\ud83c\uddf7 La France 5e provisoire du saut \u00e0 ski par \u00e9quipes mixtes !<\/p>\n<p>Il faut terminer dans le top 8 pour acc\u00e9der \u00e0 la manche finale.<\/p>\n<p>\ud83d\udcfa Suivez les JO sur la cha\u00eene sport de France T\u00e9l\u00e9visions : <a href=\"https:\/\/t.co\/2YyyGIAfdo\">https:\/\/t.co\/2YyyGIAfdo<\/a> <a href=\"https:\/\/t.co\/1lqTE0dDrH\">pic.twitter.com\/1lqTE0dDrH<\/a><\/p>\n<p>\u2014 francetvsport (@francetvsport) <a href=\"https:\/\/twitter.com\/francetvsport\/status\/2021288097921614031?ref_src=twsrc%5Etfw\">February 10, 2026<\/a><\/p><\/blockquote>\n<p style=\"text-align: justify;\"><script async src=\"https:\/\/platform.twitter.com\/widgets.js\" charset=\"utf-8\"><\/script><br \/>\nMais d\u00e9finitivement, <strong>Valentin Foubert<\/strong> aime ce petit tremplin. Un saut \u00e0 98 m\u00e8tres, et surtout des notes de style de haut niveau, les Bleus doublaient les Italiens et devaient alors attendre le passage de la Finlande. <strong>Niko Kyt\u00f6saho<\/strong> allait plus loin que le Fran\u00e7ais, avec 99 m\u00e8tres, mais de moins bonnes notes. L&rsquo;attente allait d\u00e9boucher sur un cauchemar : l&rsquo;\u00e9quipe de France se faisait \u00e9liminer pour&#8230; <strong>0.6 points<\/strong> !<\/p>\n<blockquote class=\"twitter-tweet\">\n<p dir=\"ltr\" lang=\"fr\">Malgr\u00e9 un tr\u00e8s bon saut de Valentin Foubert, l\u2019\u00e9quipe de France ne verra pas la finale du saut \u00e0 ski mixte, pour 0,6 pts \ud83d\ude30<\/p>\n<p>Suivez les Jeux Olympiques en int\u00e9gralit\u00e9 sur Eurosport et HBO Max <a href=\"https:\/\/t.co\/QNs5Rb5hU1\">pic.twitter.com\/QNs5Rb5hU1<\/a><\/p>\n<p>\u2014 Eurosport France (@Eurosport_FR) <a href=\"https:\/\/twitter.com\/Eurosport_FR\/status\/2021293636529348688?ref_src=twsrc%5Etfw\">February 10, 2026<\/a><\/p><\/blockquote>\n<p style=\"text-align: justify;\"><script async src=\"https:\/\/platform.twitter.com\/widgets.js\" charset=\"utf-8\"><\/script><\/p>\n<h2 style=\"text-align: justify;\">La Slov\u00e9nie trop forte<\/h2>\n<p style=\"text-align: justify;\">C\u00f4t\u00e9 favoris, la Slov\u00e9nie d&rsquo;un <strong>Domen Prevc<\/strong> revanchard et d&rsquo;un <strong>Anze Lanisek<\/strong> en pleine forme menait apr\u00e8s le premier tour, et les positions \u00e9taient d\u00e9j\u00e0 bien \u00e9tablies. Le Japon \u00e9tait deuxi\u00e8me devant la Norv\u00e8ge d&rsquo;un<strong> Kristoffer Sundal<\/strong> qui avait vol\u00e9 jusqu&rsquo;\u00e0 104 m\u00e8tres. L&rsquo;Allemagne et l&rsquo;Autriche allaient devoir sortir le grand jeu pour se faufiler sur le podium.<\/p>\n<p style=\"text-align: justify;\">Puis, la championne olympique <strong>Anna Odine Str\u00f8m<\/strong> d\u00e9passait les 100 m\u00e8tres pour remettre la Norv\u00e8ge deuxi\u00e8me. La bagarre pour la deuxi\u00e8me place \u00e9tait d&rsquo;ailleurs le principal int\u00e9r\u00eat de la manche finale, mais les Scandinaves allaient avoir le dernier mot avec un dernier saut \u00e0 100.5 m\u00e8tres assur\u00e9 sign\u00e9 <strong>Marius Lindvik<\/strong>, prenant l&rsquo;argent aux Japonais, qui se consoleraient avec le bronze. Loin de la Slov\u00e9nie de <strong>Nika Vodan<\/strong>, <strong>Anze Lanisek<\/strong>, <strong>Nika Prevc<\/strong> et <strong>Domen Prevc<\/strong>, qui conservent avec <strong>60.9 points d&rsquo;avance<\/strong> le titre acquis \u00e0 P\u00e9kin&#8230; alors qu&rsquo;aucun d&rsquo;entre eux n&rsquo;\u00e9tait dans l&rsquo;\u00e9quipe ! D\u00e9finitivement, la Slov\u00e9nie est une immense nation de saut \u00e0 skis.<\/p>\n","protected":false},"excerpt":{"rendered":"<p>SAUT \u00c0 SKIS JO 2026 &#8211; Un cran au-dessus, la Slov\u00e9nie reste championne olympique par \u00e9quipes mixtes, alors que les Bleus ont connu une fin cruelle.<\/p>\n","protected":false},"author":59,"featured_media":646406,"comment_status":"open","ping_status":"closed","sticky":false,"template":"","format":"standard","meta":{"_acf_changed":false,"_daextam_enable_autolinks":"1","footnotes":""},"categories":[44003],"tags":[32415,16878,46887,46888,47094],"class_list":["post-646337","post","type-post","status-publish","format-standard","has-post-thumbnail","hentry","category-jo-hiver-2026","tag-actu","tag-breve","tag-jeux-olympiques-2026","tag-jo-2026","tag-jo-dhiver"],"acf":[],"yoast_head":"<!-- This site is optimized with the Yoast SEO Premium plugin v26.7 (Yoast SEO v26.7) - https:\/\/yoast.com\/wordpress\/plugins\/seo\/ -->\n<title>La Slov\u00e9nie conserve son titre sur l&#039;\u00e9preuve mixte de saut \u00e0 skis des JO 2026, la France rate la finale d&#039;un souffle<\/title>\n<meta name=\"description\" content=\"SAUT \u00c0 SKIS JO 2026 - Un cran au-dessus, la Slov\u00e9nie reste championne olympique par \u00e9quipes mixtes, alors que les Bleus ont connu une fin cruelle.\" \/>\n<meta name=\"robots\" content=\"index, follow, max-snippet:-1, max-image-preview:large, max-video-preview:-1\" \/>\n<link rel=\"canonical\" href=\"https:\/\/dicodusport.fr\/blog\/la-slovenie-conserve-son-titre-sur-lepreuve-mixte-de-saut-a-skis-des-jo-2026-la-france-rate-la-finale-dun-souffle\/\" \/>\n<meta property=\"og:locale\" content=\"fr_FR\" \/>\n<meta property=\"og:type\" content=\"article\" \/>\n<meta property=\"og:title\" content=\"La Slov\u00e9nie conserve son titre sur l&#039;\u00e9preuve mixte de saut \u00e0 skis des JO 2026, la France rate la finale d&#039;un souffle\" \/>\n<meta property=\"og:description\" content=\"SAUT \u00c0 SKIS JO 2026 - Un cran au-dessus, la Slov\u00e9nie reste championne olympique par \u00e9quipes mixtes, alors que les Bleus ont connu une fin cruelle.\" \/>\n<meta property=\"og:url\" content=\"https:\/\/dicodusport.fr\/blog\/la-slovenie-conserve-son-titre-sur-lepreuve-mixte-de-saut-a-skis-des-jo-2026-la-france-rate-la-finale-dun-souffle\/\" \/>\n<meta property=\"og:site_name\" content=\"Dicodusport\" \/>\n<meta property=\"article:publisher\" content=\"https:\/\/www.facebook.com\/dicodusport\" \/>\n<meta property=\"article:author\" content=\"https:\/\/www.facebook.com\/sebastien.gente\/\" \/>\n<meta property=\"article:published_time\" content=\"2026-02-10T19:40:03+00:00\" \/>\n<meta property=\"article:modified_time\" content=\"2026-02-10T21:32:33+00:00\" \/>\n<meta property=\"og:image\" content=\"https:\/\/dicodusport.fr\/blog\/wp-content\/uploads\/2026\/02\/La-Slovenie-conserve-son-titre-sur-lepreuve-mixte-de-saut-a-skis-des-JO-2026-la-France-rate-la-finale-dun-souffle-1.png\" \/>\n\t<meta property=\"og:image:width\" content=\"1200\" \/>\n\t<meta property=\"og:image:height\" content=\"674\" \/>\n\t<meta property=\"og:image:type\" content=\"image\/png\" \/>\n<meta name=\"author\" content=\"S\u00e9bastien Gente\" \/>\n<meta name=\"twitter:card\" content=\"summary_large_image\" \/>\n<meta name=\"twitter:title\" content=\"La Slov\u00e9nie conserve son titre sur l&#039;\u00e9preuve mixte de saut \u00e0 skis des JO 2026, la France rate la finale d&#039;un souffle\" \/>\n<meta name=\"twitter:creator\" content=\"@https:\/\/twitter.com\/globulo24\" \/>\n<meta name=\"twitter:site\" content=\"@dicodusport\" \/>\n<script type=\"application\/ld+json\" class=\"yoast-schema-graph\">{\"@context\":\"https:\/\/schema.org\",\"@graph\":[{\"@type\":\"NewsArticle\",\"@id\":\"https:\/\/dicodusport.fr\/blog\/la-slovenie-conserve-son-titre-sur-lepreuve-mixte-de-saut-a-skis-des-jo-2026-la-france-rate-la-finale-dun-souffle\/#article\",\"isPartOf\":{\"@id\":\"https:\/\/dicodusport.fr\/blog\/la-slovenie-conserve-son-titre-sur-lepreuve-mixte-de-saut-a-skis-des-jo-2026-la-france-rate-la-finale-dun-souffle\/\"},\"author\":{\"name\":\"S\u00e9bastien Gente\",\"@id\":\"https:\/\/dicodusport.fr\/blog\/#\/schema\/person\/627966a6cde45dbd8c5e36ac85d783da\"},\"headline\":\"La Slov\u00e9nie conserve son titre sur l&rsquo;\u00e9preuve mixte de saut \u00e0 skis des JO 2026, la France rate la finale d&rsquo;un souffle\",\"datePublished\":\"2026-02-10T19:40:03+00:00\",\"dateModified\":\"2026-02-10T21:32:33+00:00\",\"mainEntityOfPage\":{\"@id\":\"https:\/\/dicodusport.fr\/blog\/la-slovenie-conserve-son-titre-sur-lepreuve-mixte-de-saut-a-skis-des-jo-2026-la-france-rate-la-finale-dun-souffle\/\"},\"wordCount\":687,\"commentCount\":0,\"publisher\":{\"@id\":\"https:\/\/dicodusport.fr\/blog\/#organization\"},\"image\":{\"@id\":\"https:\/\/dicodusport.fr\/blog\/la-slovenie-conserve-son-titre-sur-lepreuve-mixte-de-saut-a-skis-des-jo-2026-la-france-rate-la-finale-dun-souffle\/#primaryimage\"},\"thumbnailUrl\":\"https:\/\/dicodusport.fr\/blog\/wp-content\/uploads\/2026\/02\/La-Slovenie-conserve-son-titre-sur-lepreuve-mixte-de-saut-a-skis-des-JO-2026-la-France-rate-la-finale-dun-souffle-1.png\",\"keywords\":[\"actu\",\"br\u00e8ve\",\"Jeux Olympiques 2026\",\"JO 2026\",\"JO d'hiver\"],\"articleSection\":[\"JO d'hiver 2026\"],\"inLanguage\":\"fr-FR\",\"potentialAction\":[{\"@type\":\"CommentAction\",\"name\":\"Comment\",\"target\":[\"https:\/\/dicodusport.fr\/blog\/la-slovenie-conserve-son-titre-sur-lepreuve-mixte-de-saut-a-skis-des-jo-2026-la-france-rate-la-finale-dun-souffle\/#respond\"]}],\"copyrightYear\":\"2026\",\"copyrightHolder\":{\"@id\":\"https:\/\/dicodusport.fr\/blog\/#organization\"}},{\"@type\":\"WebPage\",\"@id\":\"https:\/\/dicodusport.fr\/blog\/la-slovenie-conserve-son-titre-sur-lepreuve-mixte-de-saut-a-skis-des-jo-2026-la-france-rate-la-finale-dun-souffle\/\",\"url\":\"https:\/\/dicodusport.fr\/blog\/la-slovenie-conserve-son-titre-sur-lepreuve-mixte-de-saut-a-skis-des-jo-2026-la-france-rate-la-finale-dun-souffle\/\",\"name\":\"La Slov\u00e9nie conserve son titre sur l'\u00e9preuve mixte de saut \u00e0 skis des JO 2026, la France rate la finale d'un souffle\",\"isPartOf\":{\"@id\":\"https:\/\/dicodusport.fr\/blog\/#website\"},\"primaryImageOfPage\":{\"@id\":\"https:\/\/dicodusport.fr\/blog\/la-slovenie-conserve-son-titre-sur-lepreuve-mixte-de-saut-a-skis-des-jo-2026-la-france-rate-la-finale-dun-souffle\/#primaryimage\"},\"image\":{\"@id\":\"https:\/\/dicodusport.fr\/blog\/la-slovenie-conserve-son-titre-sur-lepreuve-mixte-de-saut-a-skis-des-jo-2026-la-france-rate-la-finale-dun-souffle\/#primaryimage\"},\"thumbnailUrl\":\"https:\/\/dicodusport.fr\/blog\/wp-content\/uploads\/2026\/02\/La-Slovenie-conserve-son-titre-sur-lepreuve-mixte-de-saut-a-skis-des-JO-2026-la-France-rate-la-finale-dun-souffle-1.png\",\"datePublished\":\"2026-02-10T19:40:03+00:00\",\"dateModified\":\"2026-02-10T21:32:33+00:00\",\"description\":\"SAUT \u00c0 SKIS JO 2026 - Un cran au-dessus, la Slov\u00e9nie reste championne olympique par \u00e9quipes mixtes, alors que les Bleus ont connu une fin cruelle.\",\"breadcrumb\":{\"@id\":\"https:\/\/dicodusport.fr\/blog\/la-slovenie-conserve-son-titre-sur-lepreuve-mixte-de-saut-a-skis-des-jo-2026-la-france-rate-la-finale-dun-souffle\/#breadcrumb\"},\"inLanguage\":\"fr-FR\",\"potentialAction\":[{\"@type\":\"ReadAction\",\"target\":[\"https:\/\/dicodusport.fr\/blog\/la-slovenie-conserve-son-titre-sur-lepreuve-mixte-de-saut-a-skis-des-jo-2026-la-france-rate-la-finale-dun-souffle\/\"]}]},{\"@type\":\"ImageObject\",\"inLanguage\":\"fr-FR\",\"@id\":\"https:\/\/dicodusport.fr\/blog\/la-slovenie-conserve-son-titre-sur-lepreuve-mixte-de-saut-a-skis-des-jo-2026-la-france-rate-la-finale-dun-souffle\/#primaryimage\",\"url\":\"https:\/\/dicodusport.fr\/blog\/wp-content\/uploads\/2026\/02\/La-Slovenie-conserve-son-titre-sur-lepreuve-mixte-de-saut-a-skis-des-JO-2026-la-France-rate-la-finale-dun-souffle-1.png\",\"contentUrl\":\"https:\/\/dicodusport.fr\/blog\/wp-content\/uploads\/2026\/02\/La-Slovenie-conserve-son-titre-sur-lepreuve-mixte-de-saut-a-skis-des-JO-2026-la-France-rate-la-finale-dun-souffle-1.png\",\"width\":1200,\"height\":674,\"caption\":\"La Slov\u00e9nie conserve son titre sur l'\u00e9preuve mixte de saut \u00e0 skis des JO 2026, la France rate la finale d'un souffle\"},{\"@type\":\"BreadcrumbList\",\"@id\":\"https:\/\/dicodusport.fr\/blog\/la-slovenie-conserve-son-titre-sur-lepreuve-mixte-de-saut-a-skis-des-jo-2026-la-france-rate-la-finale-dun-souffle\/#breadcrumb\",\"itemListElement\":[{\"@type\":\"ListItem\",\"position\":1,\"name\":\"Accueil\",\"item\":\"https:\/\/dicodusport.fr\/blog\/\"},{\"@type\":\"ListItem\",\"position\":2,\"name\":\"La Slov\u00e9nie conserve son titre sur l&rsquo;\u00e9preuve mixte de saut \u00e0 skis des JO 2026, la France rate la finale d&rsquo;un souffle\"}]},{\"@type\":\"WebSite\",\"@id\":\"https:\/\/dicodusport.fr\/blog\/#website\",\"url\":\"https:\/\/dicodusport.fr\/blog\/\",\"name\":\"Dicodusport\",\"description\":\"L&#039;encyclop\u00e9die de l&#039;actualit\u00e9 sportive\",\"publisher\":{\"@id\":\"https:\/\/dicodusport.fr\/blog\/#organization\"},\"potentialAction\":[{\"@type\":\"SearchAction\",\"target\":{\"@type\":\"EntryPoint\",\"urlTemplate\":\"https:\/\/dicodusport.fr\/blog\/?s={search_term_string}\"},\"query-input\":{\"@type\":\"PropertyValueSpecification\",\"valueRequired\":true,\"valueName\":\"search_term_string\"}}],\"inLanguage\":\"fr-FR\"},{\"@type\":\"NewsMediaOrganization\",\"@id\":\"https:\/\/dicodusport.fr\/blog\/#organization\",\"name\":\"Dicodusport\",\"url\":\"https:\/\/dicodusport.fr\/blog\/\",\"logo\":{\"@type\":\"ImageObject\",\"inLanguage\":\"fr-FR\",\"@id\":\"https:\/\/dicodusport.fr\/blog\/#\/schema\/logo\/image\/\",\"url\":\"https:\/\/dicodusport.fr\/blog\/wp-content\/uploads\/2020\/06\/cropped-LOGO-DICODUSPORT-2020-SANS-FOND-SANS-TEXTE.png\",\"contentUrl\":\"https:\/\/dicodusport.fr\/blog\/wp-content\/uploads\/2020\/06\/cropped-LOGO-DICODUSPORT-2020-SANS-FOND-SANS-TEXTE.png\",\"width\":512,\"height\":512,\"caption\":\"Dicodusport\"},\"image\":{\"@id\":\"https:\/\/dicodusport.fr\/blog\/#\/schema\/logo\/image\/\"},\"sameAs\":[\"https:\/\/www.facebook.com\/dicodusport\",\"https:\/\/x.com\/dicodusport\",\"https:\/\/www.instagram.com\/dicodusport\/\",\"https:\/\/www.youtube.com\/channel\/UC7V2KZ5sd3htJivAbA4ZG3w\"],\"description\":\"Dicodusport est l'encyclop\u00e9die de l'actualit\u00e9 sportive.\",\"email\":\"bonjour@dicodusport.fr\",\"legalName\":\"DICODUSPORT\",\"foundingDate\":\"2018-01-14\",\"vatID\":\"FR71834470973\",\"taxID\":\"83447097300043\",\"numberOfEmployees\":{\"@type\":\"QuantitativeValue\",\"minValue\":\"1\",\"maxValue\":\"10\"}},{\"@type\":\"Person\",\"@id\":\"https:\/\/dicodusport.fr\/blog\/#\/schema\/person\/627966a6cde45dbd8c5e36ac85d783da\",\"name\":\"S\u00e9bastien Gente\",\"image\":{\"@type\":\"ImageObject\",\"inLanguage\":\"fr-FR\",\"@id\":\"https:\/\/dicodusport.fr\/blog\/#\/schema\/person\/image\/\",\"url\":\"https:\/\/dicodusport.fr\/blog\/wp-content\/uploads\/2021\/09\/1510990_10205810251400683_4124423575079401707_n-150x150.jpg\",\"contentUrl\":\"https:\/\/dicodusport.fr\/blog\/wp-content\/uploads\/2021\/09\/1510990_10205810251400683_4124423575079401707_n-150x150.jpg\",\"caption\":\"S\u00e9bastien Gente\"},\"description\":\"John Stockton, Gianni Bugno, Zinedine Zidane, Steffi Graf, Frode Andresen, St\u00e9phane Stoecklin, Davis Kamoga, Primoz Peterka, Werner Schlager et Aur\u00e9lien Rougerie. Point commun entre ces sportifs? Ils m'ont fait r\u00eaver et ont berc\u00e9 mon adolescence. Je suis un fondu de sports et j'essaie de retranscrire ma passion \u00e0 travers mes articles. Originaire du P\u00e9rigord, ma passion pour les Girondins, les Jaunards et les Jazzmen transpire dans mes \u00e9crits. \u00c0 Dicodusport depuis 2021, je d\u00e9niche les sports m\u00e9connus dans lesquels la France brille, et il y en a !\",\"sameAs\":[\"https:\/\/www.facebook.com\/sebastien.gente\/\",\"https:\/\/www.instagram.com\/sebgente\/\",\"https:\/\/www.linkedin.com\/in\/sbastien-gente-a29583169\/\",\"https:\/\/x.com\/https:\/\/twitter.com\/globulo24\",\"SebastienGente\"],\"worksFor\":\"S\u00e9bastien GENTE\",\"url\":\"https:\/\/dicodusport.fr\/blog\/author\/sebastiengente\/\"}]}<\/script>\n<!-- \/ Yoast SEO Premium plugin. -->","yoast_head_json":{"title":"La Slov\u00e9nie conserve son titre sur l'\u00e9preuve mixte de saut \u00e0 skis des JO 2026, la France rate la finale d'un souffle","description":"SAUT \u00c0 SKIS JO 2026 - Un cran au-dessus, la Slov\u00e9nie reste championne olympique par \u00e9quipes mixtes, alors que les Bleus ont connu une fin cruelle.","robots":{"index":"index","follow":"follow","max-snippet":"max-snippet:-1","max-image-preview":"max-image-preview:large","max-video-preview":"max-video-preview:-1"},"canonical":"https:\/\/dicodusport.fr\/blog\/la-slovenie-conserve-son-titre-sur-lepreuve-mixte-de-saut-a-skis-des-jo-2026-la-france-rate-la-finale-dun-souffle\/","og_locale":"fr_FR","og_type":"article","og_title":"La Slov\u00e9nie conserve son titre sur l'\u00e9preuve mixte de saut \u00e0 skis des JO 2026, la France rate la finale d'un souffle","og_description":"SAUT \u00c0 SKIS JO 2026 - Un cran au-dessus, la Slov\u00e9nie reste championne olympique par \u00e9quipes mixtes, alors que les Bleus ont connu une fin cruelle.","og_url":"https:\/\/dicodusport.fr\/blog\/la-slovenie-conserve-son-titre-sur-lepreuve-mixte-de-saut-a-skis-des-jo-2026-la-france-rate-la-finale-dun-souffle\/","og_site_name":"Dicodusport","article_publisher":"https:\/\/www.facebook.com\/dicodusport","article_author":"https:\/\/www.facebook.com\/sebastien.gente\/","article_published_time":"2026-02-10T19:40:03+00:00","article_modified_time":"2026-02-10T21:32:33+00:00","og_image":[{"width":1200,"height":674,"url":"https:\/\/dicodusport.fr\/blog\/wp-content\/uploads\/2026\/02\/La-Slovenie-conserve-son-titre-sur-lepreuve-mixte-de-saut-a-skis-des-JO-2026-la-France-rate-la-finale-dun-souffle-1.png","type":"image\/png"}],"author":"S\u00e9bastien Gente","twitter_card":"summary_large_image","twitter_title":"La Slov\u00e9nie conserve son titre sur l'\u00e9preuve mixte de saut \u00e0 skis des JO 2026, la France rate la finale d'un souffle","twitter_creator":"@https:\/\/twitter.com\/globulo24","twitter_site":"@dicodusport","schema":{"@context":"https:\/\/schema.org","@graph":[{"@type":"NewsArticle","@id":"https:\/\/dicodusport.fr\/blog\/la-slovenie-conserve-son-titre-sur-lepreuve-mixte-de-saut-a-skis-des-jo-2026-la-france-rate-la-finale-dun-souffle\/#article","isPartOf":{"@id":"https:\/\/dicodusport.fr\/blog\/la-slovenie-conserve-son-titre-sur-lepreuve-mixte-de-saut-a-skis-des-jo-2026-la-france-rate-la-finale-dun-souffle\/"},"author":{"name":"S\u00e9bastien Gente","@id":"https:\/\/dicodusport.fr\/blog\/#\/schema\/person\/627966a6cde45dbd8c5e36ac85d783da"},"headline":"La Slov\u00e9nie conserve son titre sur l&rsquo;\u00e9preuve mixte de saut \u00e0 skis des JO 2026, la France rate la finale d&rsquo;un souffle","datePublished":"2026-02-10T19:40:03+00:00","dateModified":"2026-02-10T21:32:33+00:00","mainEntityOfPage":{"@id":"https:\/\/dicodusport.fr\/blog\/la-slovenie-conserve-son-titre-sur-lepreuve-mixte-de-saut-a-skis-des-jo-2026-la-france-rate-la-finale-dun-souffle\/"},"wordCount":687,"commentCount":0,"publisher":{"@id":"https:\/\/dicodusport.fr\/blog\/#organization"},"image":{"@id":"https:\/\/dicodusport.fr\/blog\/la-slovenie-conserve-son-titre-sur-lepreuve-mixte-de-saut-a-skis-des-jo-2026-la-france-rate-la-finale-dun-souffle\/#primaryimage"},"thumbnailUrl":"https:\/\/dicodusport.fr\/blog\/wp-content\/uploads\/2026\/02\/La-Slovenie-conserve-son-titre-sur-lepreuve-mixte-de-saut-a-skis-des-JO-2026-la-France-rate-la-finale-dun-souffle-1.png","keywords":["actu","br\u00e8ve","Jeux Olympiques 2026","JO 2026","JO d'hiver"],"articleSection":["JO d'hiver 2026"],"inLanguage":"fr-FR","potentialAction":[{"@type":"CommentAction","name":"Comment","target":["https:\/\/dicodusport.fr\/blog\/la-slovenie-conserve-son-titre-sur-lepreuve-mixte-de-saut-a-skis-des-jo-2026-la-france-rate-la-finale-dun-souffle\/#respond"]}],"copyrightYear":"2026","copyrightHolder":{"@id":"https:\/\/dicodusport.fr\/blog\/#organization"}},{"@type":"WebPage","@id":"https:\/\/dicodusport.fr\/blog\/la-slovenie-conserve-son-titre-sur-lepreuve-mixte-de-saut-a-skis-des-jo-2026-la-france-rate-la-finale-dun-souffle\/","url":"https:\/\/dicodusport.fr\/blog\/la-slovenie-conserve-son-titre-sur-lepreuve-mixte-de-saut-a-skis-des-jo-2026-la-france-rate-la-finale-dun-souffle\/","name":"La Slov\u00e9nie conserve son titre sur l'\u00e9preuve mixte de saut \u00e0 skis des JO 2026, la France rate la finale d'un souffle","isPartOf":{"@id":"https:\/\/dicodusport.fr\/blog\/#website"},"primaryImageOfPage":{"@id":"https:\/\/dicodusport.fr\/blog\/la-slovenie-conserve-son-titre-sur-lepreuve-mixte-de-saut-a-skis-des-jo-2026-la-france-rate-la-finale-dun-souffle\/#primaryimage"},"image":{"@id":"https:\/\/dicodusport.fr\/blog\/la-slovenie-conserve-son-titre-sur-lepreuve-mixte-de-saut-a-skis-des-jo-2026-la-france-rate-la-finale-dun-souffle\/#primaryimage"},"thumbnailUrl":"https:\/\/dicodusport.fr\/blog\/wp-content\/uploads\/2026\/02\/La-Slovenie-conserve-son-titre-sur-lepreuve-mixte-de-saut-a-skis-des-JO-2026-la-France-rate-la-finale-dun-souffle-1.png","datePublished":"2026-02-10T19:40:03+00:00","dateModified":"2026-02-10T21:32:33+00:00","description":"SAUT \u00c0 SKIS JO 2026 - Un cran au-dessus, la Slov\u00e9nie reste championne olympique par \u00e9quipes mixtes, alors que les Bleus ont connu une fin cruelle.","breadcrumb":{"@id":"https:\/\/dicodusport.fr\/blog\/la-slovenie-conserve-son-titre-sur-lepreuve-mixte-de-saut-a-skis-des-jo-2026-la-france-rate-la-finale-dun-souffle\/#breadcrumb"},"inLanguage":"fr-FR","potentialAction":[{"@type":"ReadAction","target":["https:\/\/dicodusport.fr\/blog\/la-slovenie-conserve-son-titre-sur-lepreuve-mixte-de-saut-a-skis-des-jo-2026-la-france-rate-la-finale-dun-souffle\/"]}]},{"@type":"ImageObject","inLanguage":"fr-FR","@id":"https:\/\/dicodusport.fr\/blog\/la-slovenie-conserve-son-titre-sur-lepreuve-mixte-de-saut-a-skis-des-jo-2026-la-france-rate-la-finale-dun-souffle\/#primaryimage","url":"https:\/\/dicodusport.fr\/blog\/wp-content\/uploads\/2026\/02\/La-Slovenie-conserve-son-titre-sur-lepreuve-mixte-de-saut-a-skis-des-JO-2026-la-France-rate-la-finale-dun-souffle-1.png","contentUrl":"https:\/\/dicodusport.fr\/blog\/wp-content\/uploads\/2026\/02\/La-Slovenie-conserve-son-titre-sur-lepreuve-mixte-de-saut-a-skis-des-JO-2026-la-France-rate-la-finale-dun-souffle-1.png","width":1200,"height":674,"caption":"La Slov\u00e9nie conserve son titre sur l'\u00e9preuve mixte de saut \u00e0 skis des JO 2026, la France rate la finale d'un souffle"},{"@type":"BreadcrumbList","@id":"https:\/\/dicodusport.fr\/blog\/la-slovenie-conserve-son-titre-sur-lepreuve-mixte-de-saut-a-skis-des-jo-2026-la-france-rate-la-finale-dun-souffle\/#breadcrumb","itemListElement":[{"@type":"ListItem","position":1,"name":"Accueil","item":"https:\/\/dicodusport.fr\/blog\/"},{"@type":"ListItem","position":2,"name":"La Slov\u00e9nie conserve son titre sur l&rsquo;\u00e9preuve mixte de saut \u00e0 skis des JO 2026, la France rate la finale d&rsquo;un souffle"}]},{"@type":"WebSite","@id":"https:\/\/dicodusport.fr\/blog\/#website","url":"https:\/\/dicodusport.fr\/blog\/","name":"Dicodusport","description":"L&#039;encyclop\u00e9die de l&#039;actualit\u00e9 sportive","publisher":{"@id":"https:\/\/dicodusport.fr\/blog\/#organization"},"potentialAction":[{"@type":"SearchAction","target":{"@type":"EntryPoint","urlTemplate":"https:\/\/dicodusport.fr\/blog\/?s={search_term_string}"},"query-input":{"@type":"PropertyValueSpecification","valueRequired":true,"valueName":"search_term_string"}}],"inLanguage":"fr-FR"},{"@type":"NewsMediaOrganization","@id":"https:\/\/dicodusport.fr\/blog\/#organization","name":"Dicodusport","url":"https:\/\/dicodusport.fr\/blog\/","logo":{"@type":"ImageObject","inLanguage":"fr-FR","@id":"https:\/\/dicodusport.fr\/blog\/#\/schema\/logo\/image\/","url":"https:\/\/dicodusport.fr\/blog\/wp-content\/uploads\/2020\/06\/cropped-LOGO-DICODUSPORT-2020-SANS-FOND-SANS-TEXTE.png","contentUrl":"https:\/\/dicodusport.fr\/blog\/wp-content\/uploads\/2020\/06\/cropped-LOGO-DICODUSPORT-2020-SANS-FOND-SANS-TEXTE.png","width":512,"height":512,"caption":"Dicodusport"},"image":{"@id":"https:\/\/dicodusport.fr\/blog\/#\/schema\/logo\/image\/"},"sameAs":["https:\/\/www.facebook.com\/dicodusport","https:\/\/x.com\/dicodusport","https:\/\/www.instagram.com\/dicodusport\/","https:\/\/www.youtube.com\/channel\/UC7V2KZ5sd3htJivAbA4ZG3w"],"description":"Dicodusport est l'encyclop\u00e9die de l'actualit\u00e9 sportive.","email":"bonjour@dicodusport.fr","legalName":"DICODUSPORT","foundingDate":"2018-01-14","vatID":"FR71834470973","taxID":"83447097300043","numberOfEmployees":{"@type":"QuantitativeValue","minValue":"1","maxValue":"10"}},{"@type":"Person","@id":"https:\/\/dicodusport.fr\/blog\/#\/schema\/person\/627966a6cde45dbd8c5e36ac85d783da","name":"S\u00e9bastien Gente","image":{"@type":"ImageObject","inLanguage":"fr-FR","@id":"https:\/\/dicodusport.fr\/blog\/#\/schema\/person\/image\/","url":"https:\/\/dicodusport.fr\/blog\/wp-content\/uploads\/2021\/09\/1510990_10205810251400683_4124423575079401707_n-150x150.jpg","contentUrl":"https:\/\/dicodusport.fr\/blog\/wp-content\/uploads\/2021\/09\/1510990_10205810251400683_4124423575079401707_n-150x150.jpg","caption":"S\u00e9bastien Gente"},"description":"John Stockton, Gianni Bugno, Zinedine Zidane, Steffi Graf, Frode Andresen, St\u00e9phane Stoecklin, Davis Kamoga, Primoz Peterka, Werner Schlager et Aur\u00e9lien Rougerie. Point commun entre ces sportifs? Ils m'ont fait r\u00eaver et ont berc\u00e9 mon adolescence. Je suis un fondu de sports et j'essaie de retranscrire ma passion \u00e0 travers mes articles. Originaire du P\u00e9rigord, ma passion pour les Girondins, les Jaunards et les Jazzmen transpire dans mes \u00e9crits. \u00c0 Dicodusport depuis 2021, je d\u00e9niche les sports m\u00e9connus dans lesquels la France brille, et il y en a !","sameAs":["https:\/\/www.facebook.com\/sebastien.gente\/","https:\/\/www.instagram.com\/sebgente\/","https:\/\/www.linkedin.com\/in\/sbastien-gente-a29583169\/","https:\/\/x.com\/https:\/\/twitter.com\/globulo24","SebastienGente"],"worksFor":"S\u00e9bastien GENTE","url":"https:\/\/dicodusport.fr\/blog\/author\/sebastiengente\/"}]}},"_links":{"self":[{"href":"https:\/\/dicodusport.fr\/blog\/wp-json\/wp\/v2\/posts\/646337","targetHints":{"allow":["GET"]}}],"collection":[{"href":"https:\/\/dicodusport.fr\/blog\/wp-json\/wp\/v2\/posts"}],"about":[{"href":"https:\/\/dicodusport.fr\/blog\/wp-json\/wp\/v2\/types\/post"}],"author":[{"embeddable":true,"href":"https:\/\/dicodusport.fr\/blog\/wp-json\/wp\/v2\/users\/59"}],"replies":[{"embeddable":true,"href":"https:\/\/dicodusport.fr\/blog\/wp-json\/wp\/v2\/comments?post=646337"}],"version-history":[{"count":2,"href":"https:\/\/dicodusport.fr\/blog\/wp-json\/wp\/v2\/posts\/646337\/revisions"}],"predecessor-version":[{"id":646407,"href":"https:\/\/dicodusport.fr\/blog\/wp-json\/wp\/v2\/posts\/646337\/revisions\/646407"}],"wp:featuredmedia":[{"embeddable":true,"href":"https:\/\/dicodusport.fr\/blog\/wp-json\/wp\/v2\/media\/646406"}],"wp:attachment":[{"href":"https:\/\/dicodusport.fr\/blog\/wp-json\/wp\/v2\/media?parent=646337"}],"wp:term":[{"taxonomy":"category","embeddable":true,"href":"https:\/\/dicodusport.fr\/blog\/wp-json\/wp\/v2\/categories?post=646337"},{"taxonomy":"post_tag","embeddable":true,"href":"https:\/\/dicodusport.fr\/blog\/wp-json\/wp\/v2\/tags?post=646337"}],"curies":[{"name":"wp","href":"https:\/\/api.w.org\/{rel}","templated":true}]}}