{"id":646569,"date":"2026-02-11T19:17:53","date_gmt":"2026-02-11T18:17:53","guid":{"rendered":"https:\/\/dicodusport.fr\/blog\/?p=646569&#038;preview=true&#038;preview_id=646569"},"modified":"2026-02-11T22:29:29","modified_gmt":"2026-02-11T21:29:29","slug":"andrea-voetter-et-marion-oberhofer-remportent-un-premier-titre-historique-en-luge-biplace-feminin","status":"publish","type":"post","link":"https:\/\/dicodusport.fr\/blog\/andrea-voetter-et-marion-oberhofer-remportent-un-premier-titre-historique-en-luge-biplace-feminin\/","title":{"rendered":"Andrea Voetter et Marion Oberhofer remportent un premier titre historique en luge biplace f\u00e9minin"},"content":{"rendered":"<p style=\"text-align: justify;\"><strong><em>LUGE JO 2026 &#8211; Andrea Voetter et Marion Oberhofer s\u2019offrent le premier titre de l\u2019histoire du biplace femmes aux Jeux Olympiques devant les paires Eitberger\/Matschina et Egle\/Kipp.<\/em><\/strong><\/p>\n<ul style=\"text-align: justify;\">\n<li style=\"text-align: justify;\"><strong>\u00c0 ce sujet \u2013\u00a0<a href=\"https:\/\/dicodusport.fr\/blog\/calendrier-jo-dhiver-2026-programme-complet-des-epreuves-jour-par-jour-milan-cortina\/\">Calendrier JO d\u2019hiver 2026 : programme complet des \u00e9preuves, jour par jour (Milan-Cortina)<\/a><\/strong><\/li>\n<\/ul>\n<h2 style=\"text-align: justify;\">Les favorites au rendez-vous<\/h2>\n<p style=\"text-align: justify;\">Avec le meilleur temps des 6 manches d\u2019entra\u00eenement, <strong>Andrea Voetter<\/strong> et <strong>Marion Oberhofer<\/strong> avaient annonc\u00e9 la couleur. La paire italienne, vainqueure de deux gros globes de cristal, \u00e9tait dans une forme \u00e9tincelante et confirmait lors de la premi\u00e8re manche. Sur une piste connue sur le bout des doigts, Voetter et Oberhof affichaient encore une fois le chrono r\u00e9f\u00e9rence et s\u2019offrait le droit de fermer l\u2019ultime run. Le titre \u00e9tait toutefois loin d\u2019\u00eatre acquis.<\/p>\n<p style=\"text-align: justify;\">Vice-champion du monde et double champion d\u2019Europe, le duo autrichien compos\u00e9 de <strong>Selina Egle<\/strong> et <strong>Lara-Michaela Kipp<\/strong> \u00e9tait rest\u00e9 dans le coup. Malgr\u00e9 une erreur \u00e0 mi-parcours, il avait limit\u00e9 la casse, pointant \u00e0 moins d\u2019un dixi\u00e8me. Quelques instants plus tard, <strong>Dajana Eitberger<\/strong> et <strong>Madgalena Matschina<\/strong> avaient rajout\u00e9 davantage de suspense. Les Allemandes s\u2019intercalaient \u00e0 la 2<sup>\u00e8me<\/sup> place provisoire, \u00e0 seulement 22 milli\u00e8mes des Italiennes. Toutes les favorites \u00e9taient alors au rendez-vous pour l\u2019or olympique.<\/p>\n<blockquote class=\"twitter-tweet\">\n<p dir=\"ltr\" lang=\"en\">Sliding into history! \ud83d\ude4c<a href=\"https:\/\/twitter.com\/hashtag\/MilanoCortina2026?src=hash&amp;ref_src=twsrc%5Etfw\">#MilanoCortina2026<\/a> <a href=\"https:\/\/twitter.com\/FIL_Luge?ref_src=twsrc%5Etfw\">@FIL_Luge<\/a> <a href=\"https:\/\/t.co\/1mxpK0zI1U\">pic.twitter.com\/1mxpK0zI1U<\/a><\/p>\n<p>\u2014 The Olympic Games (@Olympics) <a href=\"https:\/\/twitter.com\/Olympics\/status\/2021653158251188678?ref_src=twsrc%5Etfw\">February 11, 2026<\/a><\/p><\/blockquote>\n<p><script async src=\"https:\/\/platform.twitter.com\/widgets.js\" charset=\"utf-8\"><\/script><\/p>\n<h2 style=\"text-align: justify;\">Voetter et Oberhofer dans l\u2019Histoire de la luge<\/h2>\n<p style=\"text-align: justify;\"><strong>Nikola Domowicz<\/strong> et <strong>Dominika Piwkowska<\/strong> s\u2019offraient une belle remont\u00e9e (+2 places) mais les Polonaises comptaient trop de retard \u00e0 l\u2019issue du premier acte pour esp\u00e9rer l\u2019exploit (6<sup>\u00e8me<\/sup>). <strong>Robezniece<\/strong> et <strong>Bogdanova<\/strong> ont quant \u00e0 elles bien essay\u00e9 de faire pression sur <strong>Selina Egle<\/strong> et <strong>Lara-Michaela Kipp<\/strong> mais les Autrichiennes ont assur\u00e9 le podium dans la foul\u00e9e. La course \u00e0 l\u2019or et le duel italo-allemand \u00e9tait lanc\u00e9.<\/p>\n<p style=\"text-align: justify;\">L\u2019enjeu \u00e9tait de taille pour <strong>Andrea Voetter<\/strong> et <strong>Marion Oberhofer<\/strong> qui pouvaient marquer l\u2019histoire \u00e0 la maison. Imperturbables, encore meilleur temps de cette manche, les Italiennes ont alors laiss\u00e9 <strong>Dajana Eitberger<\/strong> et <strong>Magdalena Matschnia<\/strong> sur la deuxi\u00e8me marche pour grimper au sommet de l\u2019Olympe et d\u00e9crocher le 1<sup>er<\/sup> titre olympique de l\u2019histoire de la discipline.<\/p>\n<p style=\"text-align: justify;\">Coup double pour l&rsquo;Italie, qui grimpe au classement des m\u00e9dailles gr\u00e2ce \u00e0 ce troisi\u00e8me titre, repassant notamment devant la France.<\/p>\n<div class=\"vlp-link-container vlp-layout-article\"><a href=\"https:\/\/dicodusport.fr\/blog\/tableau-des-medailles-jo-2026-classement-mis-a-jour-en-temps-reel\/\" class=\"vlp-link\" title=\"Tableau des m\u00e9dailles JO 2026 : classement mis \u00e0 jour en temps r\u00e9el\"><\/a><div class=\"vlp-layout-zone-side\"><div class=\"vlp-block-4 vlp-link-image\"><img loading=\"lazy\" decoding=\"async\" style=\"max-width: 792px;\" width=\"792\" height=\"445\" src=\"https:\/\/dicodusport.fr\/blog\/wp-content\/uploads\/2026\/02\/Tableau-des-medailles-JO-2026-classement-mis-a-jour-en-temps-reel.png\" class=\"attachment-800x445 size-800x445\" alt=\"Tableau des m\u00e9dailles JO 2026 classement mis \u00e0 jour en temps r\u00e9el\" srcset=\"https:\/\/dicodusport.fr\/blog\/wp-content\/uploads\/2026\/02\/Tableau-des-medailles-JO-2026-classement-mis-a-jour-en-temps-reel.png 1200w, https:\/\/dicodusport.fr\/blog\/wp-content\/uploads\/2026\/02\/Tableau-des-medailles-JO-2026-classement-mis-a-jour-en-temps-reel-300x169.png 300w, https:\/\/dicodusport.fr\/blog\/wp-content\/uploads\/2026\/02\/Tableau-des-medailles-JO-2026-classement-mis-a-jour-en-temps-reel-1024x575.png 1024w, https:\/\/dicodusport.fr\/blog\/wp-content\/uploads\/2026\/02\/Tableau-des-medailles-JO-2026-classement-mis-a-jour-en-temps-reel-768x431.png 768w\" sizes=\"auto, (max-width: 792px) 100vw, 792px\" \/><\/div><\/div><div class=\"vlp-layout-zone-main\"><div class=\"vlp-block-0 vlp-link-title\">Tableau des m\u00e9dailles JO 2026 : classement mis \u00e0 jour en temps r\u00e9el<\/div><div class=\"vlp-block-1 vlp-link-summary\">D\u00e9couvrez le tableau des m\u00e9dailles des JO 2026 : classement par pays, m\u00e9dailles d\u2019or, d\u2019argent et de bronze, mis \u00e0 jour en temps r\u00e9el pendant les Jeux.<\/div><div class=\"vlp-block-2 vlp-link-button\">Lire l'article<\/div><div class=\"vlp-block-3 vlp-link-url\">dicodusport.fr<\/div><\/div><\/div>\n<div id=\"gtx-trans\" style=\"position: absolute; left: -14px; top: 40.9091px;\">\n<div class=\"gtx-trans-icon\" style=\"text-align: justify;\"><\/div>\n<\/div>\n","protected":false},"excerpt":{"rendered":"<p>LUGE JO 2026 &#8211; Andrea Voetter et Marion Oberhofer s\u2019offrent le premier titre de l\u2019histoire du biplace femmes aux Jeux Olympiques devant les paires Eitberger\/Matschina et Egle\/Kipp.<\/p>\n","protected":false},"author":18,"featured_media":646650,"comment_status":"open","ping_status":"closed","sticky":false,"template":"","format":"standard","meta":{"_acf_changed":false,"_daextam_enable_autolinks":"1","footnotes":""},"categories":[44003],"tags":[32415,16878,46887,46888,47094],"class_list":["post-646569","post","type-post","status-publish","format-standard","has-post-thumbnail","hentry","category-jo-hiver-2026","tag-actu","tag-breve","tag-jeux-olympiques-2026","tag-jo-2026","tag-jo-dhiver"],"acf":[],"yoast_head":"<!-- This site is optimized with the Yoast SEO Premium plugin v26.7 (Yoast SEO v26.7) - https:\/\/yoast.com\/wordpress\/plugins\/seo\/ -->\n<title>Andrea Voetter et Marion Oberhofer remportent un premier titre historique en luge biplace f\u00e9minin<\/title>\n<meta name=\"description\" content=\"LUGE JO 2026 - Andrea Voetter et Marion Oberhofer s\u2019offrent le premier titre de l\u2019histoire du biplace femmes aux Jeux Olympiques.\" \/>\n<meta name=\"robots\" content=\"index, follow, max-snippet:-1, max-image-preview:large, max-video-preview:-1\" \/>\n<link rel=\"canonical\" href=\"https:\/\/dicodusport.fr\/blog\/andrea-voetter-et-marion-oberhofer-remportent-un-premier-titre-historique-en-luge-biplace-feminin\/\" \/>\n<meta property=\"og:locale\" content=\"fr_FR\" \/>\n<meta property=\"og:type\" content=\"article\" \/>\n<meta property=\"og:title\" content=\"Andrea Voetter et Marion Oberhofer remportent un premier titre historique en luge biplace f\u00e9minin\" \/>\n<meta property=\"og:description\" content=\"LUGE JO 2026 - Andrea Voetter et Marion Oberhofer s\u2019offrent le premier titre de l\u2019histoire du biplace femmes aux Jeux Olympiques.\" \/>\n<meta property=\"og:url\" content=\"https:\/\/dicodusport.fr\/blog\/andrea-voetter-et-marion-oberhofer-remportent-un-premier-titre-historique-en-luge-biplace-feminin\/\" \/>\n<meta property=\"og:site_name\" content=\"Dicodusport\" \/>\n<meta property=\"article:publisher\" content=\"https:\/\/www.facebook.com\/dicodusport\" \/>\n<meta property=\"article:author\" content=\"https:\/\/www.facebook.com\/soocube\" \/>\n<meta property=\"article:published_time\" content=\"2026-02-11T18:17:53+00:00\" \/>\n<meta property=\"article:modified_time\" content=\"2026-02-11T21:29:29+00:00\" \/>\n<meta property=\"og:image\" content=\"https:\/\/dicodusport.fr\/blog\/wp-content\/uploads\/2026\/02\/Andrea-Voetter-et-Marion-Oberhofer-remportent-un-premier-titre-historique-en-luge-biplace-feminin-1.png\" \/>\n\t<meta property=\"og:image:width\" content=\"1200\" \/>\n\t<meta property=\"og:image:height\" content=\"674\" \/>\n\t<meta property=\"og:image:type\" content=\"image\/png\" \/>\n<meta name=\"author\" content=\"Sophie Clapier\" \/>\n<meta name=\"twitter:card\" content=\"summary_large_image\" \/>\n<meta name=\"twitter:title\" content=\"Andrea Voetter et Marion Oberhofer remportent un premier titre historique en luge biplace f\u00e9minin\" \/>\n<meta name=\"twitter:creator\" content=\"@https:\/\/twitter.com\/soocube\" \/>\n<meta name=\"twitter:site\" content=\"@dicodusport\" \/>\n<script type=\"application\/ld+json\" class=\"yoast-schema-graph\">{\"@context\":\"https:\/\/schema.org\",\"@graph\":[{\"@type\":\"NewsArticle\",\"@id\":\"https:\/\/dicodusport.fr\/blog\/andrea-voetter-et-marion-oberhofer-remportent-un-premier-titre-historique-en-luge-biplace-feminin\/#article\",\"isPartOf\":{\"@id\":\"https:\/\/dicodusport.fr\/blog\/andrea-voetter-et-marion-oberhofer-remportent-un-premier-titre-historique-en-luge-biplace-feminin\/\"},\"author\":{\"name\":\"Sophie Clapier\",\"@id\":\"https:\/\/dicodusport.fr\/blog\/#\/schema\/person\/416c975648aca9da8839bdfe333a21c9\"},\"headline\":\"Andrea Voetter et Marion Oberhofer remportent un premier titre historique en luge biplace f\u00e9minin\",\"datePublished\":\"2026-02-11T18:17:53+00:00\",\"dateModified\":\"2026-02-11T21:29:29+00:00\",\"mainEntityOfPage\":{\"@id\":\"https:\/\/dicodusport.fr\/blog\/andrea-voetter-et-marion-oberhofer-remportent-un-premier-titre-historique-en-luge-biplace-feminin\/\"},\"wordCount\":471,\"commentCount\":0,\"publisher\":{\"@id\":\"https:\/\/dicodusport.fr\/blog\/#organization\"},\"image\":{\"@id\":\"https:\/\/dicodusport.fr\/blog\/andrea-voetter-et-marion-oberhofer-remportent-un-premier-titre-historique-en-luge-biplace-feminin\/#primaryimage\"},\"thumbnailUrl\":\"https:\/\/dicodusport.fr\/blog\/wp-content\/uploads\/2026\/02\/Andrea-Voetter-et-Marion-Oberhofer-remportent-un-premier-titre-historique-en-luge-biplace-feminin-1.png\",\"keywords\":[\"actu\",\"br\u00e8ve\",\"Jeux Olympiques 2026\",\"JO 2026\",\"JO d'hiver\"],\"articleSection\":[\"JO d'hiver 2026\"],\"inLanguage\":\"fr-FR\",\"potentialAction\":[{\"@type\":\"CommentAction\",\"name\":\"Comment\",\"target\":[\"https:\/\/dicodusport.fr\/blog\/andrea-voetter-et-marion-oberhofer-remportent-un-premier-titre-historique-en-luge-biplace-feminin\/#respond\"]}],\"copyrightYear\":\"2026\",\"copyrightHolder\":{\"@id\":\"https:\/\/dicodusport.fr\/blog\/#organization\"}},{\"@type\":\"WebPage\",\"@id\":\"https:\/\/dicodusport.fr\/blog\/andrea-voetter-et-marion-oberhofer-remportent-un-premier-titre-historique-en-luge-biplace-feminin\/\",\"url\":\"https:\/\/dicodusport.fr\/blog\/andrea-voetter-et-marion-oberhofer-remportent-un-premier-titre-historique-en-luge-biplace-feminin\/\",\"name\":\"Andrea Voetter et Marion Oberhofer remportent un premier titre historique en luge biplace f\u00e9minin\",\"isPartOf\":{\"@id\":\"https:\/\/dicodusport.fr\/blog\/#website\"},\"primaryImageOfPage\":{\"@id\":\"https:\/\/dicodusport.fr\/blog\/andrea-voetter-et-marion-oberhofer-remportent-un-premier-titre-historique-en-luge-biplace-feminin\/#primaryimage\"},\"image\":{\"@id\":\"https:\/\/dicodusport.fr\/blog\/andrea-voetter-et-marion-oberhofer-remportent-un-premier-titre-historique-en-luge-biplace-feminin\/#primaryimage\"},\"thumbnailUrl\":\"https:\/\/dicodusport.fr\/blog\/wp-content\/uploads\/2026\/02\/Andrea-Voetter-et-Marion-Oberhofer-remportent-un-premier-titre-historique-en-luge-biplace-feminin-1.png\",\"datePublished\":\"2026-02-11T18:17:53+00:00\",\"dateModified\":\"2026-02-11T21:29:29+00:00\",\"description\":\"LUGE JO 2026 - Andrea Voetter et Marion Oberhofer s\u2019offrent le premier titre de l\u2019histoire du biplace femmes aux Jeux Olympiques.\",\"breadcrumb\":{\"@id\":\"https:\/\/dicodusport.fr\/blog\/andrea-voetter-et-marion-oberhofer-remportent-un-premier-titre-historique-en-luge-biplace-feminin\/#breadcrumb\"},\"inLanguage\":\"fr-FR\",\"potentialAction\":[{\"@type\":\"ReadAction\",\"target\":[\"https:\/\/dicodusport.fr\/blog\/andrea-voetter-et-marion-oberhofer-remportent-un-premier-titre-historique-en-luge-biplace-feminin\/\"]}]},{\"@type\":\"ImageObject\",\"inLanguage\":\"fr-FR\",\"@id\":\"https:\/\/dicodusport.fr\/blog\/andrea-voetter-et-marion-oberhofer-remportent-un-premier-titre-historique-en-luge-biplace-feminin\/#primaryimage\",\"url\":\"https:\/\/dicodusport.fr\/blog\/wp-content\/uploads\/2026\/02\/Andrea-Voetter-et-Marion-Oberhofer-remportent-un-premier-titre-historique-en-luge-biplace-feminin-1.png\",\"contentUrl\":\"https:\/\/dicodusport.fr\/blog\/wp-content\/uploads\/2026\/02\/Andrea-Voetter-et-Marion-Oberhofer-remportent-un-premier-titre-historique-en-luge-biplace-feminin-1.png\",\"width\":1200,\"height\":674,\"caption\":\"Andrea Voetter et Marion Oberhofer remportent un premier titre historique en luge biplace f\u00e9minin\"},{\"@type\":\"BreadcrumbList\",\"@id\":\"https:\/\/dicodusport.fr\/blog\/andrea-voetter-et-marion-oberhofer-remportent-un-premier-titre-historique-en-luge-biplace-feminin\/#breadcrumb\",\"itemListElement\":[{\"@type\":\"ListItem\",\"position\":1,\"name\":\"Accueil\",\"item\":\"https:\/\/dicodusport.fr\/blog\/\"},{\"@type\":\"ListItem\",\"position\":2,\"name\":\"Andrea Voetter et Marion Oberhofer remportent un premier titre historique en luge biplace f\u00e9minin\"}]},{\"@type\":\"WebSite\",\"@id\":\"https:\/\/dicodusport.fr\/blog\/#website\",\"url\":\"https:\/\/dicodusport.fr\/blog\/\",\"name\":\"Dicodusport\",\"description\":\"L&#039;encyclop\u00e9die de l&#039;actualit\u00e9 sportive\",\"publisher\":{\"@id\":\"https:\/\/dicodusport.fr\/blog\/#organization\"},\"potentialAction\":[{\"@type\":\"SearchAction\",\"target\":{\"@type\":\"EntryPoint\",\"urlTemplate\":\"https:\/\/dicodusport.fr\/blog\/?s={search_term_string}\"},\"query-input\":{\"@type\":\"PropertyValueSpecification\",\"valueRequired\":true,\"valueName\":\"search_term_string\"}}],\"inLanguage\":\"fr-FR\"},{\"@type\":\"NewsMediaOrganization\",\"@id\":\"https:\/\/dicodusport.fr\/blog\/#organization\",\"name\":\"Dicodusport\",\"url\":\"https:\/\/dicodusport.fr\/blog\/\",\"logo\":{\"@type\":\"ImageObject\",\"inLanguage\":\"fr-FR\",\"@id\":\"https:\/\/dicodusport.fr\/blog\/#\/schema\/logo\/image\/\",\"url\":\"https:\/\/dicodusport.fr\/blog\/wp-content\/uploads\/2020\/06\/cropped-LOGO-DICODUSPORT-2020-SANS-FOND-SANS-TEXTE.png\",\"contentUrl\":\"https:\/\/dicodusport.fr\/blog\/wp-content\/uploads\/2020\/06\/cropped-LOGO-DICODUSPORT-2020-SANS-FOND-SANS-TEXTE.png\",\"width\":512,\"height\":512,\"caption\":\"Dicodusport\"},\"image\":{\"@id\":\"https:\/\/dicodusport.fr\/blog\/#\/schema\/logo\/image\/\"},\"sameAs\":[\"https:\/\/www.facebook.com\/dicodusport\",\"https:\/\/x.com\/dicodusport\",\"https:\/\/www.instagram.com\/dicodusport\/\",\"https:\/\/www.youtube.com\/channel\/UC7V2KZ5sd3htJivAbA4ZG3w\"],\"description\":\"Dicodusport est l'encyclop\u00e9die de l'actualit\u00e9 sportive.\",\"email\":\"bonjour@dicodusport.fr\",\"legalName\":\"DICODUSPORT\",\"foundingDate\":\"2018-01-14\",\"vatID\":\"FR71834470973\",\"taxID\":\"83447097300043\",\"numberOfEmployees\":{\"@type\":\"QuantitativeValue\",\"minValue\":\"1\",\"maxValue\":\"10\"}},{\"@type\":\"Person\",\"@id\":\"https:\/\/dicodusport.fr\/blog\/#\/schema\/person\/416c975648aca9da8839bdfe333a21c9\",\"name\":\"Sophie Clapier\",\"image\":{\"@type\":\"ImageObject\",\"inLanguage\":\"fr-FR\",\"@id\":\"https:\/\/dicodusport.fr\/blog\/#\/schema\/person\/image\/\",\"url\":\"https:\/\/dicodusport.fr\/blog\/wp-content\/uploads\/2021\/05\/Sophie-Clapier-150x150.jpg\",\"contentUrl\":\"https:\/\/dicodusport.fr\/blog\/wp-content\/uploads\/2021\/05\/Sophie-Clapier-150x150.jpg\",\"caption\":\"Sophie Clapier\"},\"description\":\"Journaliste\/r\u00e9dactrice depuis janvier 2016 - Passionn\u00e9e de sport depuis toujours, j\u2019en ai pratiqu\u00e9 quelques-uns. Judo, football, handball ou encore tennis, je n\u2019ai jamais pu me mettre d\u2019accord sur un en particulier. Mais \u00e7a, c\u2019\u00e9tait avant de d\u00e9couvrir le basket, devenu mon sport de pr\u00e9dilection. Les actions NBA, le All-Star Week-end, la fureur des Game 7 pendant les playoffs ou mieux, lors des Finals, this is why we play. Team Spurs T.P, je m\u2019accroche encore \u00e0 Gregg Popovich (don\u2019t leave !). Team chef Curry, je souhaite qu\u2019il finisse aux Warriors (staaaay !). Non, il n\u2019y a pas qu\u2019eux, des petits nouveaux -et des petites nouvelles \u00e9videmment- arrivent chaque jour dans toutes les disciplines et cr\u00e9ent de nouveaux exploits. Alors pour les grands \u00e9v\u00e9nements et comp\u00e9titions internationales, vive les pulsations 240\/minutes et le d\u00e9fibrillateur pas loin, et allez les Bleu(e)s ! C\u2019est s\u00fbr, j\u2019aurai plus vu ma vie sur un terrain de sport, mais \u00e0 d\u00e9faut d\u2019en faire en haut niveau, je le partage avec vous.\",\"sameAs\":[\"https:\/\/www.facebook.com\/soocube\",\"https:\/\/x.com\/https:\/\/twitter.com\/soocube\",\"admin\"],\"url\":\"https:\/\/dicodusport.fr\/blog\/author\/sophie\/\"}]}<\/script>\n<!-- \/ Yoast SEO Premium plugin. -->","yoast_head_json":{"title":"Andrea Voetter et Marion Oberhofer remportent un premier titre historique en luge biplace f\u00e9minin","description":"LUGE JO 2026 - Andrea Voetter et Marion Oberhofer s\u2019offrent le premier titre de l\u2019histoire du biplace femmes aux Jeux Olympiques.","robots":{"index":"index","follow":"follow","max-snippet":"max-snippet:-1","max-image-preview":"max-image-preview:large","max-video-preview":"max-video-preview:-1"},"canonical":"https:\/\/dicodusport.fr\/blog\/andrea-voetter-et-marion-oberhofer-remportent-un-premier-titre-historique-en-luge-biplace-feminin\/","og_locale":"fr_FR","og_type":"article","og_title":"Andrea Voetter et Marion Oberhofer remportent un premier titre historique en luge biplace f\u00e9minin","og_description":"LUGE JO 2026 - Andrea Voetter et Marion Oberhofer s\u2019offrent le premier titre de l\u2019histoire du biplace femmes aux Jeux Olympiques.","og_url":"https:\/\/dicodusport.fr\/blog\/andrea-voetter-et-marion-oberhofer-remportent-un-premier-titre-historique-en-luge-biplace-feminin\/","og_site_name":"Dicodusport","article_publisher":"https:\/\/www.facebook.com\/dicodusport","article_author":"https:\/\/www.facebook.com\/soocube","article_published_time":"2026-02-11T18:17:53+00:00","article_modified_time":"2026-02-11T21:29:29+00:00","og_image":[{"width":1200,"height":674,"url":"https:\/\/dicodusport.fr\/blog\/wp-content\/uploads\/2026\/02\/Andrea-Voetter-et-Marion-Oberhofer-remportent-un-premier-titre-historique-en-luge-biplace-feminin-1.png","type":"image\/png"}],"author":"Sophie Clapier","twitter_card":"summary_large_image","twitter_title":"Andrea Voetter et Marion Oberhofer remportent un premier titre historique en luge biplace f\u00e9minin","twitter_creator":"@https:\/\/twitter.com\/soocube","twitter_site":"@dicodusport","schema":{"@context":"https:\/\/schema.org","@graph":[{"@type":"NewsArticle","@id":"https:\/\/dicodusport.fr\/blog\/andrea-voetter-et-marion-oberhofer-remportent-un-premier-titre-historique-en-luge-biplace-feminin\/#article","isPartOf":{"@id":"https:\/\/dicodusport.fr\/blog\/andrea-voetter-et-marion-oberhofer-remportent-un-premier-titre-historique-en-luge-biplace-feminin\/"},"author":{"name":"Sophie Clapier","@id":"https:\/\/dicodusport.fr\/blog\/#\/schema\/person\/416c975648aca9da8839bdfe333a21c9"},"headline":"Andrea Voetter et Marion Oberhofer remportent un premier titre historique en luge biplace f\u00e9minin","datePublished":"2026-02-11T18:17:53+00:00","dateModified":"2026-02-11T21:29:29+00:00","mainEntityOfPage":{"@id":"https:\/\/dicodusport.fr\/blog\/andrea-voetter-et-marion-oberhofer-remportent-un-premier-titre-historique-en-luge-biplace-feminin\/"},"wordCount":471,"commentCount":0,"publisher":{"@id":"https:\/\/dicodusport.fr\/blog\/#organization"},"image":{"@id":"https:\/\/dicodusport.fr\/blog\/andrea-voetter-et-marion-oberhofer-remportent-un-premier-titre-historique-en-luge-biplace-feminin\/#primaryimage"},"thumbnailUrl":"https:\/\/dicodusport.fr\/blog\/wp-content\/uploads\/2026\/02\/Andrea-Voetter-et-Marion-Oberhofer-remportent-un-premier-titre-historique-en-luge-biplace-feminin-1.png","keywords":["actu","br\u00e8ve","Jeux Olympiques 2026","JO 2026","JO d'hiver"],"articleSection":["JO d'hiver 2026"],"inLanguage":"fr-FR","potentialAction":[{"@type":"CommentAction","name":"Comment","target":["https:\/\/dicodusport.fr\/blog\/andrea-voetter-et-marion-oberhofer-remportent-un-premier-titre-historique-en-luge-biplace-feminin\/#respond"]}],"copyrightYear":"2026","copyrightHolder":{"@id":"https:\/\/dicodusport.fr\/blog\/#organization"}},{"@type":"WebPage","@id":"https:\/\/dicodusport.fr\/blog\/andrea-voetter-et-marion-oberhofer-remportent-un-premier-titre-historique-en-luge-biplace-feminin\/","url":"https:\/\/dicodusport.fr\/blog\/andrea-voetter-et-marion-oberhofer-remportent-un-premier-titre-historique-en-luge-biplace-feminin\/","name":"Andrea Voetter et Marion Oberhofer remportent un premier titre historique en luge biplace f\u00e9minin","isPartOf":{"@id":"https:\/\/dicodusport.fr\/blog\/#website"},"primaryImageOfPage":{"@id":"https:\/\/dicodusport.fr\/blog\/andrea-voetter-et-marion-oberhofer-remportent-un-premier-titre-historique-en-luge-biplace-feminin\/#primaryimage"},"image":{"@id":"https:\/\/dicodusport.fr\/blog\/andrea-voetter-et-marion-oberhofer-remportent-un-premier-titre-historique-en-luge-biplace-feminin\/#primaryimage"},"thumbnailUrl":"https:\/\/dicodusport.fr\/blog\/wp-content\/uploads\/2026\/02\/Andrea-Voetter-et-Marion-Oberhofer-remportent-un-premier-titre-historique-en-luge-biplace-feminin-1.png","datePublished":"2026-02-11T18:17:53+00:00","dateModified":"2026-02-11T21:29:29+00:00","description":"LUGE JO 2026 - Andrea Voetter et Marion Oberhofer s\u2019offrent le premier titre de l\u2019histoire du biplace femmes aux Jeux Olympiques.","breadcrumb":{"@id":"https:\/\/dicodusport.fr\/blog\/andrea-voetter-et-marion-oberhofer-remportent-un-premier-titre-historique-en-luge-biplace-feminin\/#breadcrumb"},"inLanguage":"fr-FR","potentialAction":[{"@type":"ReadAction","target":["https:\/\/dicodusport.fr\/blog\/andrea-voetter-et-marion-oberhofer-remportent-un-premier-titre-historique-en-luge-biplace-feminin\/"]}]},{"@type":"ImageObject","inLanguage":"fr-FR","@id":"https:\/\/dicodusport.fr\/blog\/andrea-voetter-et-marion-oberhofer-remportent-un-premier-titre-historique-en-luge-biplace-feminin\/#primaryimage","url":"https:\/\/dicodusport.fr\/blog\/wp-content\/uploads\/2026\/02\/Andrea-Voetter-et-Marion-Oberhofer-remportent-un-premier-titre-historique-en-luge-biplace-feminin-1.png","contentUrl":"https:\/\/dicodusport.fr\/blog\/wp-content\/uploads\/2026\/02\/Andrea-Voetter-et-Marion-Oberhofer-remportent-un-premier-titre-historique-en-luge-biplace-feminin-1.png","width":1200,"height":674,"caption":"Andrea Voetter et Marion Oberhofer remportent un premier titre historique en luge biplace f\u00e9minin"},{"@type":"BreadcrumbList","@id":"https:\/\/dicodusport.fr\/blog\/andrea-voetter-et-marion-oberhofer-remportent-un-premier-titre-historique-en-luge-biplace-feminin\/#breadcrumb","itemListElement":[{"@type":"ListItem","position":1,"name":"Accueil","item":"https:\/\/dicodusport.fr\/blog\/"},{"@type":"ListItem","position":2,"name":"Andrea Voetter et Marion Oberhofer remportent un premier titre historique en luge biplace f\u00e9minin"}]},{"@type":"WebSite","@id":"https:\/\/dicodusport.fr\/blog\/#website","url":"https:\/\/dicodusport.fr\/blog\/","name":"Dicodusport","description":"L&#039;encyclop\u00e9die de l&#039;actualit\u00e9 sportive","publisher":{"@id":"https:\/\/dicodusport.fr\/blog\/#organization"},"potentialAction":[{"@type":"SearchAction","target":{"@type":"EntryPoint","urlTemplate":"https:\/\/dicodusport.fr\/blog\/?s={search_term_string}"},"query-input":{"@type":"PropertyValueSpecification","valueRequired":true,"valueName":"search_term_string"}}],"inLanguage":"fr-FR"},{"@type":"NewsMediaOrganization","@id":"https:\/\/dicodusport.fr\/blog\/#organization","name":"Dicodusport","url":"https:\/\/dicodusport.fr\/blog\/","logo":{"@type":"ImageObject","inLanguage":"fr-FR","@id":"https:\/\/dicodusport.fr\/blog\/#\/schema\/logo\/image\/","url":"https:\/\/dicodusport.fr\/blog\/wp-content\/uploads\/2020\/06\/cropped-LOGO-DICODUSPORT-2020-SANS-FOND-SANS-TEXTE.png","contentUrl":"https:\/\/dicodusport.fr\/blog\/wp-content\/uploads\/2020\/06\/cropped-LOGO-DICODUSPORT-2020-SANS-FOND-SANS-TEXTE.png","width":512,"height":512,"caption":"Dicodusport"},"image":{"@id":"https:\/\/dicodusport.fr\/blog\/#\/schema\/logo\/image\/"},"sameAs":["https:\/\/www.facebook.com\/dicodusport","https:\/\/x.com\/dicodusport","https:\/\/www.instagram.com\/dicodusport\/","https:\/\/www.youtube.com\/channel\/UC7V2KZ5sd3htJivAbA4ZG3w"],"description":"Dicodusport est l'encyclop\u00e9die de l'actualit\u00e9 sportive.","email":"bonjour@dicodusport.fr","legalName":"DICODUSPORT","foundingDate":"2018-01-14","vatID":"FR71834470973","taxID":"83447097300043","numberOfEmployees":{"@type":"QuantitativeValue","minValue":"1","maxValue":"10"}},{"@type":"Person","@id":"https:\/\/dicodusport.fr\/blog\/#\/schema\/person\/416c975648aca9da8839bdfe333a21c9","name":"Sophie Clapier","image":{"@type":"ImageObject","inLanguage":"fr-FR","@id":"https:\/\/dicodusport.fr\/blog\/#\/schema\/person\/image\/","url":"https:\/\/dicodusport.fr\/blog\/wp-content\/uploads\/2021\/05\/Sophie-Clapier-150x150.jpg","contentUrl":"https:\/\/dicodusport.fr\/blog\/wp-content\/uploads\/2021\/05\/Sophie-Clapier-150x150.jpg","caption":"Sophie Clapier"},"description":"Journaliste\/r\u00e9dactrice depuis janvier 2016 - Passionn\u00e9e de sport depuis toujours, j\u2019en ai pratiqu\u00e9 quelques-uns. Judo, football, handball ou encore tennis, je n\u2019ai jamais pu me mettre d\u2019accord sur un en particulier. Mais \u00e7a, c\u2019\u00e9tait avant de d\u00e9couvrir le basket, devenu mon sport de pr\u00e9dilection. Les actions NBA, le All-Star Week-end, la fureur des Game 7 pendant les playoffs ou mieux, lors des Finals, this is why we play. Team Spurs T.P, je m\u2019accroche encore \u00e0 Gregg Popovich (don\u2019t leave !). Team chef Curry, je souhaite qu\u2019il finisse aux Warriors (staaaay !). Non, il n\u2019y a pas qu\u2019eux, des petits nouveaux -et des petites nouvelles \u00e9videmment- arrivent chaque jour dans toutes les disciplines et cr\u00e9ent de nouveaux exploits. Alors pour les grands \u00e9v\u00e9nements et comp\u00e9titions internationales, vive les pulsations 240\/minutes et le d\u00e9fibrillateur pas loin, et allez les Bleu(e)s ! C\u2019est s\u00fbr, j\u2019aurai plus vu ma vie sur un terrain de sport, mais \u00e0 d\u00e9faut d\u2019en faire en haut niveau, je le partage avec vous.","sameAs":["https:\/\/www.facebook.com\/soocube","https:\/\/x.com\/https:\/\/twitter.com\/soocube","admin"],"url":"https:\/\/dicodusport.fr\/blog\/author\/sophie\/"}]}},"_links":{"self":[{"href":"https:\/\/dicodusport.fr\/blog\/wp-json\/wp\/v2\/posts\/646569","targetHints":{"allow":["GET"]}}],"collection":[{"href":"https:\/\/dicodusport.fr\/blog\/wp-json\/wp\/v2\/posts"}],"about":[{"href":"https:\/\/dicodusport.fr\/blog\/wp-json\/wp\/v2\/types\/post"}],"author":[{"embeddable":true,"href":"https:\/\/dicodusport.fr\/blog\/wp-json\/wp\/v2\/users\/18"}],"replies":[{"embeddable":true,"href":"https:\/\/dicodusport.fr\/blog\/wp-json\/wp\/v2\/comments?post=646569"}],"version-history":[{"count":5,"href":"https:\/\/dicodusport.fr\/blog\/wp-json\/wp\/v2\/posts\/646569\/revisions"}],"predecessor-version":[{"id":646606,"href":"https:\/\/dicodusport.fr\/blog\/wp-json\/wp\/v2\/posts\/646569\/revisions\/646606"}],"wp:featuredmedia":[{"embeddable":true,"href":"https:\/\/dicodusport.fr\/blog\/wp-json\/wp\/v2\/media\/646650"}],"wp:attachment":[{"href":"https:\/\/dicodusport.fr\/blog\/wp-json\/wp\/v2\/media?parent=646569"}],"wp:term":[{"taxonomy":"category","embeddable":true,"href":"https:\/\/dicodusport.fr\/blog\/wp-json\/wp\/v2\/categories?post=646569"},{"taxonomy":"post_tag","embeddable":true,"href":"https:\/\/dicodusport.fr\/blog\/wp-json\/wp\/v2\/tags?post=646569"}],"curies":[{"name":"wp","href":"https:\/\/api.w.org\/{rel}","templated":true}]}}