{"id":646578,"date":"2026-02-11T20:23:18","date_gmt":"2026-02-11T19:23:18","guid":{"rendered":"https:\/\/dicodusport.fr\/blog\/?p=646578&#038;preview=true&#038;preview_id=646578"},"modified":"2026-02-11T22:38:39","modified_gmt":"2026-02-11T21:38:39","slug":"pas-de-quadruple-pour-la-paire-des-tobias-emanuel-rieder-et-simon-kainzwaldner-sacres-champions-olympiques-de-luge-biplace","status":"publish","type":"post","link":"https:\/\/dicodusport.fr\/blog\/pas-de-quadruple-pour-la-paire-des-tobias-emanuel-rieder-et-simon-kainzwaldner-sacres-champions-olympiques-de-luge-biplace\/","title":{"rendered":"Pas de quadrupl\u00e9 pour la paire des Tobias : Emanuel Rieder et Simon Kainzwaldner sacr\u00e9s champions olympiques de luge biplace"},"content":{"rendered":"<p style=\"text-align: justify;\"><em><strong>LUGE JO 2026 &#8211; Au terme d\u2019une finale folle, Emanuel Rieder et Simon Kainzwaldner s\u2019offrent le titre olympique en biplace et apportent le doubl\u00e9 \u00e0 l\u2019Italie apr\u00e8s la victoire de leurs homologues f\u00e9minines quelques instants plus t\u00f4t.<\/strong><\/em><\/p>\n<ul style=\"text-align: justify;\">\n<li style=\"text-align: justify;\"><strong>\u00c0 ce sujet \u2013\u00a0<a href=\"https:\/\/dicodusport.fr\/blog\/calendrier-jo-dhiver-2026-programme-complet-des-epreuves-jour-par-jour-milan-cortina\/\">Calendrier JO d\u2019hiver 2026 : programme complet des \u00e9preuves, jour par jour (Milan-Cortina)<\/a><\/strong><\/li>\n<\/ul>\n<h2>5 \u00e9quipages en 1 dixi\u00e8me apr\u00e8s la 1\u00e8re manche<\/h2>\n<p style=\"text-align: justify;\">Contrairement aux femmes, l\u2019\u00e9preuve de biplace en double est en place depuis bien longtemps aux Jeux. Et sur les trois derni\u00e8res \u00e9ditions, un duo avait \u00e9teint toute concurrence. La paire des Tobias (Wendl et Artl), triple tenante du titre, \u00e9tait en qu\u00eate d\u2019un historique quadrupl\u00e9 dor\u00e9. Mais entre probl\u00e8mes techniques et virages capricieux, les Allemands ne s\u2019\u00e9taient pas mis en confiance lors des entra\u00eenements.<\/p>\n<p style=\"text-align: justify;\">Puis le ton \u00e9tait donn\u00e9 en premi\u00e8re manche de la finale par <strong>Thomas Steu<\/strong> et <strong>Wolfgang Kindl<\/strong>. Les Autrichiens frappaient un grand coup d\u2019entr\u00e9e avec un temps r\u00e9f\u00e9rence de 52.485, record de piste. Un record qui tombait une seconde fois quelques instants plus tard. 10<sup>\u00e8me <\/sup>\u00e9quipage au d\u00e9part, les Am\u00e9ricains <strong>Marcus Mueller<\/strong> et <strong>Ansel Haugsjaa<\/strong> signaient une fin de descente explosive et prenaient la m\u00e8ne pour 3 minuscules milli\u00e8mes. Un sc\u00e9nario fou, comme celui qui nous attendait lors de la deuxi\u00e8me et derni\u00e8re manche, les 5 premiers duos se tenant en 1 dixi\u00e8me avec une 5<sup>\u00e8me<\/sup> place provisoire pour <strong>Tobias Wendl<\/strong> et <strong>Tobias Artl<\/strong>.<\/p>\n<blockquote class=\"twitter-tweet\">\n<p dir=\"ltr\" lang=\"en\">GOLD ON GOLD! \ud83e\udd47<\/p>\n<p>A fantastic one-two for Italy, after triumphing in the Women\u2019s event, they claim victory in the Men\u2019s Doubles as well!! \ud83c\uddee\ud83c\uddf9<\/p>\n<p>Emanuel Rieder and Simon Kainzwaldner win GOLD! <a href=\"https:\/\/twitter.com\/hashtag\/MilanoCortina2026?src=hash&amp;ref_src=twsrc%5Etfw\">#MilanoCortina2026<\/a> <a href=\"https:\/\/twitter.com\/hashtag\/Olympics?src=hash&amp;ref_src=twsrc%5Etfw\">#Olympics<\/a> <a href=\"https:\/\/twitter.com\/hashtag\/Luge?src=hash&amp;ref_src=twsrc%5Etfw\">#Luge<\/a> <a href=\"https:\/\/t.co\/5xoTKZ7BDi\">pic.twitter.com\/5xoTKZ7BDi<\/a><\/p>\n<p>\u2014 Milano Cortina 2026 (@milanocortina26) <a href=\"https:\/\/twitter.com\/milanocortina26\/status\/2021667164290429062?ref_src=twsrc%5Etfw\">February 11, 2026<\/a><\/p><\/blockquote>\n<p><script async src=\"https:\/\/platform.twitter.com\/widgets.js\" charset=\"utf-8\"><\/script><\/p>\n<h2 style=\"text-align: justify;\">Le doubl\u00e9 italien<\/h2>\n<p style=\"text-align: justify;\">Les Allemands grapillaient une place apr\u00e8s le passage de leurs compatriotes <strong>Toni Eggert<\/strong> et <strong>Florian Mueller<\/strong>, qui n\u2019ont jamais r\u00e9ussi \u00e0 afficher du vert dans ce 2<sup>\u00e8me<\/sup> acte. Le podium se rapprochait pour <strong>Wendl<\/strong> et <strong>Artl<\/strong> mais le quadrupl\u00e9 s\u2019\u00e9chappait apr\u00e8s le passage du duo italien <strong>Rieder<\/strong>\/<strong>Kainzwaldner<\/strong> qui assurait une m\u00e9daille. Et quel m\u00e9tal\u00a0! <strong>Thomas Steu<\/strong> et <strong>Lorenz Koller<\/strong> ne parvenait pas \u00e0 suivre le rythme pr\u00e9c\u00e9demment impos\u00e9 par leurs h\u00f4tes tandis que l\u2019explosion \u00e9tait totale sur le bas de piste pour la paire am\u00e9ricaine. Longtemps en or, <strong>Marcus Mueller<\/strong> et <strong>Ansel Haugsjaa<\/strong> ont compl\u00e8tement craqu\u00e9 pour en finir \u00e0 une 6<sup>\u00e8me<\/sup> place.<\/p>\n<p style=\"text-align: justify;\">Elle n\u2019est pas dor\u00e9e, mais les triples tenants du titre (avant cette finale) glanent n\u00e9anmoins un nouveau podium et se parent de bronze. Associ\u00e9 \u00e0 <strong>Lorenz Koller<\/strong> il y a quatre ans o\u00f9 il \u00e9tait mont\u00e9 sur la 3<sup>\u00e8me<\/sup> marche, <strong>Thomas Steu<\/strong> grimpe d\u2019un rang et prend l\u2019argent aux c\u00f4t\u00e9s de <strong>Wolfgang Kindl<\/strong>. Apr\u00e8s la victoire de <strong>Voetter<\/strong> et <strong>Oberhofer <\/strong>chez les femmes, l\u2019or est encore italien et est sign\u00e9 <strong>Emanuel Rieder<\/strong> et <strong>Simon Kainzwaldner<\/strong>.<\/p>\n<div class=\"vlp-link-container vlp-layout-article\"><a href=\"https:\/\/dicodusport.fr\/blog\/andrea-voetter-et-marion-oberhofer-remportent-un-premier-titre-historique-en-luge-biplace-feminin\/\" class=\"vlp-link\" title=\"Andrea Voetter et Marion Oberhofer remportent un premier titre historique en luge biplace f\u00e9minin\"><\/a><div class=\"vlp-layout-zone-side\"><div class=\"vlp-block-4 vlp-link-image\"><img loading=\"lazy\" decoding=\"async\" style=\"max-width: 792px;\" width=\"792\" height=\"445\" src=\"https:\/\/dicodusport.fr\/blog\/wp-content\/uploads\/2026\/02\/Andrea-Voetter-et-Marion-Oberhofer-remportent-un-premier-titre-historique-en-luge-biplace-feminin.png\" class=\"attachment-800x445 size-800x445\" alt=\"Andrea Voetter et Marion Oberhofer remportent un premier titre historique en luge biplace f\u00e9minin\" srcset=\"https:\/\/dicodusport.fr\/blog\/wp-content\/uploads\/2026\/02\/Andrea-Voetter-et-Marion-Oberhofer-remportent-un-premier-titre-historique-en-luge-biplace-feminin.png 1200w, https:\/\/dicodusport.fr\/blog\/wp-content\/uploads\/2026\/02\/Andrea-Voetter-et-Marion-Oberhofer-remportent-un-premier-titre-historique-en-luge-biplace-feminin-300x169.png 300w, https:\/\/dicodusport.fr\/blog\/wp-content\/uploads\/2026\/02\/Andrea-Voetter-et-Marion-Oberhofer-remportent-un-premier-titre-historique-en-luge-biplace-feminin-1024x575.png 1024w, https:\/\/dicodusport.fr\/blog\/wp-content\/uploads\/2026\/02\/Andrea-Voetter-et-Marion-Oberhofer-remportent-un-premier-titre-historique-en-luge-biplace-feminin-768x431.png 768w\" sizes=\"auto, (max-width: 792px) 100vw, 792px\" \/><\/div><\/div><div class=\"vlp-layout-zone-main\"><div class=\"vlp-block-0 vlp-link-title\">Andrea Voetter et Marion Oberhofer remportent un premier titre historique en luge biplace f\u00e9minin<\/div><div class=\"vlp-block-1 vlp-link-summary\">LUGE JO 2026 - Andrea Voetter et Marion Oberhofer s\u2019offrent le premier titre de l\u2019histoire du biplace femmes aux Jeux Olympiques devant les paires Eitberger\/Matschina et Egle\/Kipp.<\/div><div class=\"vlp-block-2 vlp-link-button\">Lire l'article<\/div><div class=\"vlp-block-3 vlp-link-url\">dicodusport.fr<\/div><\/div><\/div>\n<div id=\"gtx-trans\" style=\"position: absolute; left: -14px; top: 40.9091px;\">\n<div class=\"gtx-trans-icon\" style=\"text-align: justify;\"><\/div>\n<\/div>\n","protected":false},"excerpt":{"rendered":"<p>LUGE JO 2026 &#8211; Au terme d\u2019une finale folle, Emanuel Rieder et Simon Kainzwaldner s\u2019offrent le titre olympique en biplace et apportent le doubl\u00e9 \u00e0 l\u2019Italie apr\u00e8s la victoire de leurs homologues f\u00e9minines quelques instants plus t\u00f4t.<\/p>\n","protected":false},"author":18,"featured_media":646651,"comment_status":"open","ping_status":"closed","sticky":false,"template":"","format":"standard","meta":{"_acf_changed":false,"_daextam_enable_autolinks":"1","footnotes":""},"categories":[44003],"tags":[32415,16878,46887,46888,47094],"class_list":["post-646578","post","type-post","status-publish","format-standard","has-post-thumbnail","hentry","category-jo-hiver-2026","tag-actu","tag-breve","tag-jeux-olympiques-2026","tag-jo-2026","tag-jo-dhiver"],"acf":[],"yoast_head":"<!-- This site is optimized with the Yoast SEO Premium plugin v26.7 (Yoast SEO v26.7) - https:\/\/yoast.com\/wordpress\/plugins\/seo\/ -->\n<title>Pas de quadrupl\u00e9 pour la paire des Tobias : Emanuel Rieder et Simon Kainzwaldner sacr\u00e9s champions olympiques de luge biplace<\/title>\n<meta name=\"description\" content=\"LUGE JO 2026 - Au terme d\u2019une finale folle, Emanuel Rieder et Simon Kainzwaldner s\u2019offrent le titre olympique en biplace.\" \/>\n<meta name=\"robots\" content=\"index, follow, max-snippet:-1, max-image-preview:large, max-video-preview:-1\" \/>\n<link rel=\"canonical\" href=\"https:\/\/dicodusport.fr\/blog\/pas-de-quadruple-pour-la-paire-des-tobias-emanuel-rieder-et-simon-kainzwaldner-sacres-champions-olympiques-de-luge-biplace\/\" \/>\n<meta property=\"og:locale\" content=\"fr_FR\" \/>\n<meta property=\"og:type\" content=\"article\" \/>\n<meta property=\"og:title\" content=\"Pas de quadrupl\u00e9 pour la paire des Tobias : Emanuel Rieder et Simon Kainzwaldner sacr\u00e9s champions olympiques de luge biplace\" \/>\n<meta property=\"og:description\" content=\"LUGE JO 2026 - Au terme d\u2019une finale folle, Emanuel Rieder et Simon Kainzwaldner s\u2019offrent le titre olympique en biplace.\" \/>\n<meta property=\"og:url\" content=\"https:\/\/dicodusport.fr\/blog\/pas-de-quadruple-pour-la-paire-des-tobias-emanuel-rieder-et-simon-kainzwaldner-sacres-champions-olympiques-de-luge-biplace\/\" \/>\n<meta property=\"og:site_name\" content=\"Dicodusport\" \/>\n<meta property=\"article:publisher\" content=\"https:\/\/www.facebook.com\/dicodusport\" \/>\n<meta property=\"article:author\" content=\"https:\/\/www.facebook.com\/soocube\" \/>\n<meta property=\"article:published_time\" content=\"2026-02-11T19:23:18+00:00\" \/>\n<meta property=\"article:modified_time\" content=\"2026-02-11T21:38:39+00:00\" \/>\n<meta property=\"og:image\" content=\"https:\/\/dicodusport.fr\/blog\/wp-content\/uploads\/2026\/02\/Pas-de-quadruple-pour-la-paire-des-Tobias-Emanuel-Rieder-et-Simon-Kainzwaldner-sacres-champions-olympiques-de-luge-biplace-1.png\" \/>\n\t<meta property=\"og:image:width\" content=\"1200\" \/>\n\t<meta property=\"og:image:height\" content=\"674\" \/>\n\t<meta property=\"og:image:type\" content=\"image\/png\" \/>\n<meta name=\"author\" content=\"Sophie Clapier\" \/>\n<meta name=\"twitter:card\" content=\"summary_large_image\" \/>\n<meta name=\"twitter:title\" content=\"Pas de quadrupl\u00e9 pour la paire des Tobias : Emanuel Rieder et Simon Kainzwaldner sacr\u00e9s champions olympiques de luge biplace\" \/>\n<meta name=\"twitter:creator\" content=\"@https:\/\/twitter.com\/soocube\" \/>\n<meta name=\"twitter:site\" content=\"@dicodusport\" \/>\n<script type=\"application\/ld+json\" class=\"yoast-schema-graph\">{\"@context\":\"https:\/\/schema.org\",\"@graph\":[{\"@type\":\"NewsArticle\",\"@id\":\"https:\/\/dicodusport.fr\/blog\/pas-de-quadruple-pour-la-paire-des-tobias-emanuel-rieder-et-simon-kainzwaldner-sacres-champions-olympiques-de-luge-biplace\/#article\",\"isPartOf\":{\"@id\":\"https:\/\/dicodusport.fr\/blog\/pas-de-quadruple-pour-la-paire-des-tobias-emanuel-rieder-et-simon-kainzwaldner-sacres-champions-olympiques-de-luge-biplace\/\"},\"author\":{\"name\":\"Sophie Clapier\",\"@id\":\"https:\/\/dicodusport.fr\/blog\/#\/schema\/person\/416c975648aca9da8839bdfe333a21c9\"},\"headline\":\"Pas de quadrupl\u00e9 pour la paire des Tobias : Emanuel Rieder et Simon Kainzwaldner sacr\u00e9s champions olympiques de luge biplace\",\"datePublished\":\"2026-02-11T19:23:18+00:00\",\"dateModified\":\"2026-02-11T21:38:39+00:00\",\"mainEntityOfPage\":{\"@id\":\"https:\/\/dicodusport.fr\/blog\/pas-de-quadruple-pour-la-paire-des-tobias-emanuel-rieder-et-simon-kainzwaldner-sacres-champions-olympiques-de-luge-biplace\/\"},\"wordCount\":610,\"commentCount\":0,\"publisher\":{\"@id\":\"https:\/\/dicodusport.fr\/blog\/#organization\"},\"image\":{\"@id\":\"https:\/\/dicodusport.fr\/blog\/pas-de-quadruple-pour-la-paire-des-tobias-emanuel-rieder-et-simon-kainzwaldner-sacres-champions-olympiques-de-luge-biplace\/#primaryimage\"},\"thumbnailUrl\":\"https:\/\/dicodusport.fr\/blog\/wp-content\/uploads\/2026\/02\/Pas-de-quadruple-pour-la-paire-des-Tobias-Emanuel-Rieder-et-Simon-Kainzwaldner-sacres-champions-olympiques-de-luge-biplace-1.png\",\"keywords\":[\"actu\",\"br\u00e8ve\",\"Jeux Olympiques 2026\",\"JO 2026\",\"JO d'hiver\"],\"articleSection\":[\"JO d'hiver 2026\"],\"inLanguage\":\"fr-FR\",\"potentialAction\":[{\"@type\":\"CommentAction\",\"name\":\"Comment\",\"target\":[\"https:\/\/dicodusport.fr\/blog\/pas-de-quadruple-pour-la-paire-des-tobias-emanuel-rieder-et-simon-kainzwaldner-sacres-champions-olympiques-de-luge-biplace\/#respond\"]}],\"copyrightYear\":\"2026\",\"copyrightHolder\":{\"@id\":\"https:\/\/dicodusport.fr\/blog\/#organization\"}},{\"@type\":\"WebPage\",\"@id\":\"https:\/\/dicodusport.fr\/blog\/pas-de-quadruple-pour-la-paire-des-tobias-emanuel-rieder-et-simon-kainzwaldner-sacres-champions-olympiques-de-luge-biplace\/\",\"url\":\"https:\/\/dicodusport.fr\/blog\/pas-de-quadruple-pour-la-paire-des-tobias-emanuel-rieder-et-simon-kainzwaldner-sacres-champions-olympiques-de-luge-biplace\/\",\"name\":\"Pas de quadrupl\u00e9 pour la paire des Tobias : Emanuel Rieder et Simon Kainzwaldner sacr\u00e9s champions olympiques de luge biplace\",\"isPartOf\":{\"@id\":\"https:\/\/dicodusport.fr\/blog\/#website\"},\"primaryImageOfPage\":{\"@id\":\"https:\/\/dicodusport.fr\/blog\/pas-de-quadruple-pour-la-paire-des-tobias-emanuel-rieder-et-simon-kainzwaldner-sacres-champions-olympiques-de-luge-biplace\/#primaryimage\"},\"image\":{\"@id\":\"https:\/\/dicodusport.fr\/blog\/pas-de-quadruple-pour-la-paire-des-tobias-emanuel-rieder-et-simon-kainzwaldner-sacres-champions-olympiques-de-luge-biplace\/#primaryimage\"},\"thumbnailUrl\":\"https:\/\/dicodusport.fr\/blog\/wp-content\/uploads\/2026\/02\/Pas-de-quadruple-pour-la-paire-des-Tobias-Emanuel-Rieder-et-Simon-Kainzwaldner-sacres-champions-olympiques-de-luge-biplace-1.png\",\"datePublished\":\"2026-02-11T19:23:18+00:00\",\"dateModified\":\"2026-02-11T21:38:39+00:00\",\"description\":\"LUGE JO 2026 - Au terme d\u2019une finale folle, Emanuel Rieder et Simon Kainzwaldner s\u2019offrent le titre olympique en biplace.\",\"breadcrumb\":{\"@id\":\"https:\/\/dicodusport.fr\/blog\/pas-de-quadruple-pour-la-paire-des-tobias-emanuel-rieder-et-simon-kainzwaldner-sacres-champions-olympiques-de-luge-biplace\/#breadcrumb\"},\"inLanguage\":\"fr-FR\",\"potentialAction\":[{\"@type\":\"ReadAction\",\"target\":[\"https:\/\/dicodusport.fr\/blog\/pas-de-quadruple-pour-la-paire-des-tobias-emanuel-rieder-et-simon-kainzwaldner-sacres-champions-olympiques-de-luge-biplace\/\"]}]},{\"@type\":\"ImageObject\",\"inLanguage\":\"fr-FR\",\"@id\":\"https:\/\/dicodusport.fr\/blog\/pas-de-quadruple-pour-la-paire-des-tobias-emanuel-rieder-et-simon-kainzwaldner-sacres-champions-olympiques-de-luge-biplace\/#primaryimage\",\"url\":\"https:\/\/dicodusport.fr\/blog\/wp-content\/uploads\/2026\/02\/Pas-de-quadruple-pour-la-paire-des-Tobias-Emanuel-Rieder-et-Simon-Kainzwaldner-sacres-champions-olympiques-de-luge-biplace-1.png\",\"contentUrl\":\"https:\/\/dicodusport.fr\/blog\/wp-content\/uploads\/2026\/02\/Pas-de-quadruple-pour-la-paire-des-Tobias-Emanuel-Rieder-et-Simon-Kainzwaldner-sacres-champions-olympiques-de-luge-biplace-1.png\",\"width\":1200,\"height\":674,\"caption\":\"Pas de quadrupl\u00e9 pour la paire des Tobias Emanuel Rieder et Simon Kainzwaldner sacr\u00e9s champions olympiques de luge biplace\"},{\"@type\":\"BreadcrumbList\",\"@id\":\"https:\/\/dicodusport.fr\/blog\/pas-de-quadruple-pour-la-paire-des-tobias-emanuel-rieder-et-simon-kainzwaldner-sacres-champions-olympiques-de-luge-biplace\/#breadcrumb\",\"itemListElement\":[{\"@type\":\"ListItem\",\"position\":1,\"name\":\"Accueil\",\"item\":\"https:\/\/dicodusport.fr\/blog\/\"},{\"@type\":\"ListItem\",\"position\":2,\"name\":\"Pas de quadrupl\u00e9 pour la paire des Tobias : Emanuel Rieder et Simon Kainzwaldner sacr\u00e9s champions olympiques de luge biplace\"}]},{\"@type\":\"WebSite\",\"@id\":\"https:\/\/dicodusport.fr\/blog\/#website\",\"url\":\"https:\/\/dicodusport.fr\/blog\/\",\"name\":\"Dicodusport\",\"description\":\"L&#039;encyclop\u00e9die de l&#039;actualit\u00e9 sportive\",\"publisher\":{\"@id\":\"https:\/\/dicodusport.fr\/blog\/#organization\"},\"potentialAction\":[{\"@type\":\"SearchAction\",\"target\":{\"@type\":\"EntryPoint\",\"urlTemplate\":\"https:\/\/dicodusport.fr\/blog\/?s={search_term_string}\"},\"query-input\":{\"@type\":\"PropertyValueSpecification\",\"valueRequired\":true,\"valueName\":\"search_term_string\"}}],\"inLanguage\":\"fr-FR\"},{\"@type\":\"NewsMediaOrganization\",\"@id\":\"https:\/\/dicodusport.fr\/blog\/#organization\",\"name\":\"Dicodusport\",\"url\":\"https:\/\/dicodusport.fr\/blog\/\",\"logo\":{\"@type\":\"ImageObject\",\"inLanguage\":\"fr-FR\",\"@id\":\"https:\/\/dicodusport.fr\/blog\/#\/schema\/logo\/image\/\",\"url\":\"https:\/\/dicodusport.fr\/blog\/wp-content\/uploads\/2020\/06\/cropped-LOGO-DICODUSPORT-2020-SANS-FOND-SANS-TEXTE.png\",\"contentUrl\":\"https:\/\/dicodusport.fr\/blog\/wp-content\/uploads\/2020\/06\/cropped-LOGO-DICODUSPORT-2020-SANS-FOND-SANS-TEXTE.png\",\"width\":512,\"height\":512,\"caption\":\"Dicodusport\"},\"image\":{\"@id\":\"https:\/\/dicodusport.fr\/blog\/#\/schema\/logo\/image\/\"},\"sameAs\":[\"https:\/\/www.facebook.com\/dicodusport\",\"https:\/\/x.com\/dicodusport\",\"https:\/\/www.instagram.com\/dicodusport\/\",\"https:\/\/www.youtube.com\/channel\/UC7V2KZ5sd3htJivAbA4ZG3w\"],\"description\":\"Dicodusport est l'encyclop\u00e9die de l'actualit\u00e9 sportive.\",\"email\":\"bonjour@dicodusport.fr\",\"legalName\":\"DICODUSPORT\",\"foundingDate\":\"2018-01-14\",\"vatID\":\"FR71834470973\",\"taxID\":\"83447097300043\",\"numberOfEmployees\":{\"@type\":\"QuantitativeValue\",\"minValue\":\"1\",\"maxValue\":\"10\"}},{\"@type\":\"Person\",\"@id\":\"https:\/\/dicodusport.fr\/blog\/#\/schema\/person\/416c975648aca9da8839bdfe333a21c9\",\"name\":\"Sophie Clapier\",\"image\":{\"@type\":\"ImageObject\",\"inLanguage\":\"fr-FR\",\"@id\":\"https:\/\/dicodusport.fr\/blog\/#\/schema\/person\/image\/\",\"url\":\"https:\/\/dicodusport.fr\/blog\/wp-content\/uploads\/2021\/05\/Sophie-Clapier-150x150.jpg\",\"contentUrl\":\"https:\/\/dicodusport.fr\/blog\/wp-content\/uploads\/2021\/05\/Sophie-Clapier-150x150.jpg\",\"caption\":\"Sophie Clapier\"},\"description\":\"Journaliste\/r\u00e9dactrice depuis janvier 2016 - Passionn\u00e9e de sport depuis toujours, j\u2019en ai pratiqu\u00e9 quelques-uns. Judo, football, handball ou encore tennis, je n\u2019ai jamais pu me mettre d\u2019accord sur un en particulier. Mais \u00e7a, c\u2019\u00e9tait avant de d\u00e9couvrir le basket, devenu mon sport de pr\u00e9dilection. Les actions NBA, le All-Star Week-end, la fureur des Game 7 pendant les playoffs ou mieux, lors des Finals, this is why we play. Team Spurs T.P, je m\u2019accroche encore \u00e0 Gregg Popovich (don\u2019t leave !). Team chef Curry, je souhaite qu\u2019il finisse aux Warriors (staaaay !). Non, il n\u2019y a pas qu\u2019eux, des petits nouveaux -et des petites nouvelles \u00e9videmment- arrivent chaque jour dans toutes les disciplines et cr\u00e9ent de nouveaux exploits. Alors pour les grands \u00e9v\u00e9nements et comp\u00e9titions internationales, vive les pulsations 240\/minutes et le d\u00e9fibrillateur pas loin, et allez les Bleu(e)s ! C\u2019est s\u00fbr, j\u2019aurai plus vu ma vie sur un terrain de sport, mais \u00e0 d\u00e9faut d\u2019en faire en haut niveau, je le partage avec vous.\",\"sameAs\":[\"https:\/\/www.facebook.com\/soocube\",\"https:\/\/x.com\/https:\/\/twitter.com\/soocube\",\"admin\"],\"url\":\"https:\/\/dicodusport.fr\/blog\/author\/sophie\/\"}]}<\/script>\n<!-- \/ Yoast SEO Premium plugin. -->","yoast_head_json":{"title":"Pas de quadrupl\u00e9 pour la paire des Tobias : Emanuel Rieder et Simon Kainzwaldner sacr\u00e9s champions olympiques de luge biplace","description":"LUGE JO 2026 - Au terme d\u2019une finale folle, Emanuel Rieder et Simon Kainzwaldner s\u2019offrent le titre olympique en biplace.","robots":{"index":"index","follow":"follow","max-snippet":"max-snippet:-1","max-image-preview":"max-image-preview:large","max-video-preview":"max-video-preview:-1"},"canonical":"https:\/\/dicodusport.fr\/blog\/pas-de-quadruple-pour-la-paire-des-tobias-emanuel-rieder-et-simon-kainzwaldner-sacres-champions-olympiques-de-luge-biplace\/","og_locale":"fr_FR","og_type":"article","og_title":"Pas de quadrupl\u00e9 pour la paire des Tobias : Emanuel Rieder et Simon Kainzwaldner sacr\u00e9s champions olympiques de luge biplace","og_description":"LUGE JO 2026 - Au terme d\u2019une finale folle, Emanuel Rieder et Simon Kainzwaldner s\u2019offrent le titre olympique en biplace.","og_url":"https:\/\/dicodusport.fr\/blog\/pas-de-quadruple-pour-la-paire-des-tobias-emanuel-rieder-et-simon-kainzwaldner-sacres-champions-olympiques-de-luge-biplace\/","og_site_name":"Dicodusport","article_publisher":"https:\/\/www.facebook.com\/dicodusport","article_author":"https:\/\/www.facebook.com\/soocube","article_published_time":"2026-02-11T19:23:18+00:00","article_modified_time":"2026-02-11T21:38:39+00:00","og_image":[{"width":1200,"height":674,"url":"https:\/\/dicodusport.fr\/blog\/wp-content\/uploads\/2026\/02\/Pas-de-quadruple-pour-la-paire-des-Tobias-Emanuel-Rieder-et-Simon-Kainzwaldner-sacres-champions-olympiques-de-luge-biplace-1.png","type":"image\/png"}],"author":"Sophie Clapier","twitter_card":"summary_large_image","twitter_title":"Pas de quadrupl\u00e9 pour la paire des Tobias : Emanuel Rieder et Simon Kainzwaldner sacr\u00e9s champions olympiques de luge biplace","twitter_creator":"@https:\/\/twitter.com\/soocube","twitter_site":"@dicodusport","schema":{"@context":"https:\/\/schema.org","@graph":[{"@type":"NewsArticle","@id":"https:\/\/dicodusport.fr\/blog\/pas-de-quadruple-pour-la-paire-des-tobias-emanuel-rieder-et-simon-kainzwaldner-sacres-champions-olympiques-de-luge-biplace\/#article","isPartOf":{"@id":"https:\/\/dicodusport.fr\/blog\/pas-de-quadruple-pour-la-paire-des-tobias-emanuel-rieder-et-simon-kainzwaldner-sacres-champions-olympiques-de-luge-biplace\/"},"author":{"name":"Sophie Clapier","@id":"https:\/\/dicodusport.fr\/blog\/#\/schema\/person\/416c975648aca9da8839bdfe333a21c9"},"headline":"Pas de quadrupl\u00e9 pour la paire des Tobias : Emanuel Rieder et Simon Kainzwaldner sacr\u00e9s champions olympiques de luge biplace","datePublished":"2026-02-11T19:23:18+00:00","dateModified":"2026-02-11T21:38:39+00:00","mainEntityOfPage":{"@id":"https:\/\/dicodusport.fr\/blog\/pas-de-quadruple-pour-la-paire-des-tobias-emanuel-rieder-et-simon-kainzwaldner-sacres-champions-olympiques-de-luge-biplace\/"},"wordCount":610,"commentCount":0,"publisher":{"@id":"https:\/\/dicodusport.fr\/blog\/#organization"},"image":{"@id":"https:\/\/dicodusport.fr\/blog\/pas-de-quadruple-pour-la-paire-des-tobias-emanuel-rieder-et-simon-kainzwaldner-sacres-champions-olympiques-de-luge-biplace\/#primaryimage"},"thumbnailUrl":"https:\/\/dicodusport.fr\/blog\/wp-content\/uploads\/2026\/02\/Pas-de-quadruple-pour-la-paire-des-Tobias-Emanuel-Rieder-et-Simon-Kainzwaldner-sacres-champions-olympiques-de-luge-biplace-1.png","keywords":["actu","br\u00e8ve","Jeux Olympiques 2026","JO 2026","JO d'hiver"],"articleSection":["JO d'hiver 2026"],"inLanguage":"fr-FR","potentialAction":[{"@type":"CommentAction","name":"Comment","target":["https:\/\/dicodusport.fr\/blog\/pas-de-quadruple-pour-la-paire-des-tobias-emanuel-rieder-et-simon-kainzwaldner-sacres-champions-olympiques-de-luge-biplace\/#respond"]}],"copyrightYear":"2026","copyrightHolder":{"@id":"https:\/\/dicodusport.fr\/blog\/#organization"}},{"@type":"WebPage","@id":"https:\/\/dicodusport.fr\/blog\/pas-de-quadruple-pour-la-paire-des-tobias-emanuel-rieder-et-simon-kainzwaldner-sacres-champions-olympiques-de-luge-biplace\/","url":"https:\/\/dicodusport.fr\/blog\/pas-de-quadruple-pour-la-paire-des-tobias-emanuel-rieder-et-simon-kainzwaldner-sacres-champions-olympiques-de-luge-biplace\/","name":"Pas de quadrupl\u00e9 pour la paire des Tobias : Emanuel Rieder et Simon Kainzwaldner sacr\u00e9s champions olympiques de luge biplace","isPartOf":{"@id":"https:\/\/dicodusport.fr\/blog\/#website"},"primaryImageOfPage":{"@id":"https:\/\/dicodusport.fr\/blog\/pas-de-quadruple-pour-la-paire-des-tobias-emanuel-rieder-et-simon-kainzwaldner-sacres-champions-olympiques-de-luge-biplace\/#primaryimage"},"image":{"@id":"https:\/\/dicodusport.fr\/blog\/pas-de-quadruple-pour-la-paire-des-tobias-emanuel-rieder-et-simon-kainzwaldner-sacres-champions-olympiques-de-luge-biplace\/#primaryimage"},"thumbnailUrl":"https:\/\/dicodusport.fr\/blog\/wp-content\/uploads\/2026\/02\/Pas-de-quadruple-pour-la-paire-des-Tobias-Emanuel-Rieder-et-Simon-Kainzwaldner-sacres-champions-olympiques-de-luge-biplace-1.png","datePublished":"2026-02-11T19:23:18+00:00","dateModified":"2026-02-11T21:38:39+00:00","description":"LUGE JO 2026 - Au terme d\u2019une finale folle, Emanuel Rieder et Simon Kainzwaldner s\u2019offrent le titre olympique en biplace.","breadcrumb":{"@id":"https:\/\/dicodusport.fr\/blog\/pas-de-quadruple-pour-la-paire-des-tobias-emanuel-rieder-et-simon-kainzwaldner-sacres-champions-olympiques-de-luge-biplace\/#breadcrumb"},"inLanguage":"fr-FR","potentialAction":[{"@type":"ReadAction","target":["https:\/\/dicodusport.fr\/blog\/pas-de-quadruple-pour-la-paire-des-tobias-emanuel-rieder-et-simon-kainzwaldner-sacres-champions-olympiques-de-luge-biplace\/"]}]},{"@type":"ImageObject","inLanguage":"fr-FR","@id":"https:\/\/dicodusport.fr\/blog\/pas-de-quadruple-pour-la-paire-des-tobias-emanuel-rieder-et-simon-kainzwaldner-sacres-champions-olympiques-de-luge-biplace\/#primaryimage","url":"https:\/\/dicodusport.fr\/blog\/wp-content\/uploads\/2026\/02\/Pas-de-quadruple-pour-la-paire-des-Tobias-Emanuel-Rieder-et-Simon-Kainzwaldner-sacres-champions-olympiques-de-luge-biplace-1.png","contentUrl":"https:\/\/dicodusport.fr\/blog\/wp-content\/uploads\/2026\/02\/Pas-de-quadruple-pour-la-paire-des-Tobias-Emanuel-Rieder-et-Simon-Kainzwaldner-sacres-champions-olympiques-de-luge-biplace-1.png","width":1200,"height":674,"caption":"Pas de quadrupl\u00e9 pour la paire des Tobias Emanuel Rieder et Simon Kainzwaldner sacr\u00e9s champions olympiques de luge biplace"},{"@type":"BreadcrumbList","@id":"https:\/\/dicodusport.fr\/blog\/pas-de-quadruple-pour-la-paire-des-tobias-emanuel-rieder-et-simon-kainzwaldner-sacres-champions-olympiques-de-luge-biplace\/#breadcrumb","itemListElement":[{"@type":"ListItem","position":1,"name":"Accueil","item":"https:\/\/dicodusport.fr\/blog\/"},{"@type":"ListItem","position":2,"name":"Pas de quadrupl\u00e9 pour la paire des Tobias : Emanuel Rieder et Simon Kainzwaldner sacr\u00e9s champions olympiques de luge biplace"}]},{"@type":"WebSite","@id":"https:\/\/dicodusport.fr\/blog\/#website","url":"https:\/\/dicodusport.fr\/blog\/","name":"Dicodusport","description":"L&#039;encyclop\u00e9die de l&#039;actualit\u00e9 sportive","publisher":{"@id":"https:\/\/dicodusport.fr\/blog\/#organization"},"potentialAction":[{"@type":"SearchAction","target":{"@type":"EntryPoint","urlTemplate":"https:\/\/dicodusport.fr\/blog\/?s={search_term_string}"},"query-input":{"@type":"PropertyValueSpecification","valueRequired":true,"valueName":"search_term_string"}}],"inLanguage":"fr-FR"},{"@type":"NewsMediaOrganization","@id":"https:\/\/dicodusport.fr\/blog\/#organization","name":"Dicodusport","url":"https:\/\/dicodusport.fr\/blog\/","logo":{"@type":"ImageObject","inLanguage":"fr-FR","@id":"https:\/\/dicodusport.fr\/blog\/#\/schema\/logo\/image\/","url":"https:\/\/dicodusport.fr\/blog\/wp-content\/uploads\/2020\/06\/cropped-LOGO-DICODUSPORT-2020-SANS-FOND-SANS-TEXTE.png","contentUrl":"https:\/\/dicodusport.fr\/blog\/wp-content\/uploads\/2020\/06\/cropped-LOGO-DICODUSPORT-2020-SANS-FOND-SANS-TEXTE.png","width":512,"height":512,"caption":"Dicodusport"},"image":{"@id":"https:\/\/dicodusport.fr\/blog\/#\/schema\/logo\/image\/"},"sameAs":["https:\/\/www.facebook.com\/dicodusport","https:\/\/x.com\/dicodusport","https:\/\/www.instagram.com\/dicodusport\/","https:\/\/www.youtube.com\/channel\/UC7V2KZ5sd3htJivAbA4ZG3w"],"description":"Dicodusport est l'encyclop\u00e9die de l'actualit\u00e9 sportive.","email":"bonjour@dicodusport.fr","legalName":"DICODUSPORT","foundingDate":"2018-01-14","vatID":"FR71834470973","taxID":"83447097300043","numberOfEmployees":{"@type":"QuantitativeValue","minValue":"1","maxValue":"10"}},{"@type":"Person","@id":"https:\/\/dicodusport.fr\/blog\/#\/schema\/person\/416c975648aca9da8839bdfe333a21c9","name":"Sophie Clapier","image":{"@type":"ImageObject","inLanguage":"fr-FR","@id":"https:\/\/dicodusport.fr\/blog\/#\/schema\/person\/image\/","url":"https:\/\/dicodusport.fr\/blog\/wp-content\/uploads\/2021\/05\/Sophie-Clapier-150x150.jpg","contentUrl":"https:\/\/dicodusport.fr\/blog\/wp-content\/uploads\/2021\/05\/Sophie-Clapier-150x150.jpg","caption":"Sophie Clapier"},"description":"Journaliste\/r\u00e9dactrice depuis janvier 2016 - Passionn\u00e9e de sport depuis toujours, j\u2019en ai pratiqu\u00e9 quelques-uns. Judo, football, handball ou encore tennis, je n\u2019ai jamais pu me mettre d\u2019accord sur un en particulier. Mais \u00e7a, c\u2019\u00e9tait avant de d\u00e9couvrir le basket, devenu mon sport de pr\u00e9dilection. Les actions NBA, le All-Star Week-end, la fureur des Game 7 pendant les playoffs ou mieux, lors des Finals, this is why we play. Team Spurs T.P, je m\u2019accroche encore \u00e0 Gregg Popovich (don\u2019t leave !). Team chef Curry, je souhaite qu\u2019il finisse aux Warriors (staaaay !). Non, il n\u2019y a pas qu\u2019eux, des petits nouveaux -et des petites nouvelles \u00e9videmment- arrivent chaque jour dans toutes les disciplines et cr\u00e9ent de nouveaux exploits. Alors pour les grands \u00e9v\u00e9nements et comp\u00e9titions internationales, vive les pulsations 240\/minutes et le d\u00e9fibrillateur pas loin, et allez les Bleu(e)s ! C\u2019est s\u00fbr, j\u2019aurai plus vu ma vie sur un terrain de sport, mais \u00e0 d\u00e9faut d\u2019en faire en haut niveau, je le partage avec vous.","sameAs":["https:\/\/www.facebook.com\/soocube","https:\/\/x.com\/https:\/\/twitter.com\/soocube","admin"],"url":"https:\/\/dicodusport.fr\/blog\/author\/sophie\/"}]}},"_links":{"self":[{"href":"https:\/\/dicodusport.fr\/blog\/wp-json\/wp\/v2\/posts\/646578","targetHints":{"allow":["GET"]}}],"collection":[{"href":"https:\/\/dicodusport.fr\/blog\/wp-json\/wp\/v2\/posts"}],"about":[{"href":"https:\/\/dicodusport.fr\/blog\/wp-json\/wp\/v2\/types\/post"}],"author":[{"embeddable":true,"href":"https:\/\/dicodusport.fr\/blog\/wp-json\/wp\/v2\/users\/18"}],"replies":[{"embeddable":true,"href":"https:\/\/dicodusport.fr\/blog\/wp-json\/wp\/v2\/comments?post=646578"}],"version-history":[{"count":5,"href":"https:\/\/dicodusport.fr\/blog\/wp-json\/wp\/v2\/posts\/646578\/revisions"}],"predecessor-version":[{"id":646652,"href":"https:\/\/dicodusport.fr\/blog\/wp-json\/wp\/v2\/posts\/646578\/revisions\/646652"}],"wp:featuredmedia":[{"embeddable":true,"href":"https:\/\/dicodusport.fr\/blog\/wp-json\/wp\/v2\/media\/646651"}],"wp:attachment":[{"href":"https:\/\/dicodusport.fr\/blog\/wp-json\/wp\/v2\/media?parent=646578"}],"wp:term":[{"taxonomy":"category","embeddable":true,"href":"https:\/\/dicodusport.fr\/blog\/wp-json\/wp\/v2\/categories?post=646578"},{"taxonomy":"post_tag","embeddable":true,"href":"https:\/\/dicodusport.fr\/blog\/wp-json\/wp\/v2\/tags?post=646578"}],"curies":[{"name":"wp","href":"https:\/\/api.w.org\/{rel}","templated":true}]}}