{"id":646633,"date":"2026-02-11T22:04:10","date_gmt":"2026-02-11T21:04:10","guid":{"rendered":"https:\/\/dicodusport.fr\/blog\/?p=646633&#038;preview=true&#038;preview_id=646633"},"modified":"2026-02-11T22:04:10","modified_gmt":"2026-02-11T21:04:10","slug":"jo-2026-super-g-femmes-startlist-et-dossards-des-francaises-engagees","status":"publish","type":"post","link":"https:\/\/dicodusport.fr\/blog\/jo-2026-super-g-femmes-startlist-et-dossards-des-francaises-engagees\/","title":{"rendered":"JO 2026 Super-G femmes : startlist et dossards des Fran\u00e7aises engag\u00e9es"},"content":{"rendered":"<p style=\"text-align: justify;\"><strong><em>Qui sont les Fran\u00e7aises engag\u00e9es au d\u00e9part du Super-G femmes des JO 2026 ? Startlist officielle, dossards et ordre de passage.<\/em><\/strong><\/p>\n<ul>\n<li style=\"text-align: justify;\"><strong>\u00c0 ce sujet &#8211; <a href=\"https:\/\/dicodusport.fr\/blog\/calendrier-jo-dhiver-2026-programme-complet-des-epreuves-jour-par-jour-milan-cortina\/\">Calendrier JO d\u2019hiver 2026 : programme complet des \u00e9preuves, jour par jour (Milan-Cortina)<\/a><\/strong><\/li>\n<\/ul>\n<p style=\"text-align: justify;\">Le <strong>Super-G f\u00e9minin des Jeux Olympiques d\u2019hiver 2026<\/strong> se dispute ce <strong>jeudi 12 f\u00e9vrier<\/strong> \u00e0 11h30 sur la mythique piste <em>Olympia delle Tofane<\/em>, au Tofane Alpine Skiing Centre, en Italie. Long de <strong>2 105 m\u00e8tres<\/strong> pour un d\u00e9nivel\u00e9 de <strong>635 m\u00e8tres<\/strong>, le trac\u00e9 comprend <strong>43 portes<\/strong>, dont <strong>39 changements<\/strong> de direction. Un profil exigeant, typique des grandes courses de vitesse, o\u00f9 l\u2019engagement doit se conjuguer \u00e0 la pr\u00e9cision.<\/p>\n<h2 style=\"text-align: justify;\">Les favorites du jour<\/h2>\n<p style=\"text-align: justify;\">Devant leur public, les Italiennes r\u00eavent d\u2019un sacre. <strong>Federica Brignone<\/strong> s\u2019avance comme l\u2019une des principales favorites : polyvalente et redoutable sur les profils techniques, elle conna\u00eet parfaitement la piste de Cortina. Sa compatriote <strong>Sofia Goggia<\/strong>, sp\u00e9cialiste des disciplines de vitesse, poss\u00e8de l\u2019explosivit\u00e9 et l\u2019audace n\u00e9cessaires pour faire la diff\u00e9rence sur les portions les plus rapides.<\/p>\n<p style=\"text-align: justify;\">La concurrence sera n\u00e9anmoins f\u00e9roce. La Suissesse <strong>Corinne Suter<\/strong>, toujours solide dans les grands rendez-vous, fait figure de valeur s\u00fbre. L\u2019Autrichienne <strong>Cornelia H\u00fctter<\/strong> arrive \u00e9galement avec de s\u00e9rieuses ambitions, tout comme la Norv\u00e9gienne <strong>Kajsa Vickhoff Lie<\/strong> ou l\u2019Am\u00e9ricaine <strong>Breezy Johnson<\/strong>.<\/p>\n<p style=\"text-align: justify;\">Avec <strong>43 concurrentes<\/strong> issues de 23 nations au d\u00e9part, ce <strong>Super-G olympique<\/strong> s\u2019annonce ouvert et spectaculaire. Entre la pression du public italien et l\u2019exp\u00e9rience des grandes nations de la vitesse, la bataille pour les m\u00e9dailles promet d\u2019\u00eatre intense sur les pentes des Tofane.<\/p>\n<ul>\n<li style=\"text-align: justify;\"><strong>\u00c0 ce sujet \u2013\u00a0<a href=\"https:\/\/dicodusport.fr\/blog\/tableau-des-medailles-jo-2026-classement-mis-a-jour-en-temps-reel\/\">Tableau des m\u00e9dailles JO 2026 : classement mis \u00e0 jour en temps r\u00e9el<\/a><\/strong><\/li>\n<\/ul>\n<div class=\"vlp-link-container vlp-layout-article\"><a href=\"https:\/\/dicodusport.fr\/blog\/ski-alpin-jo-2026-programme-horaires-et-resultats\/\" class=\"vlp-link\" title=\"Ski alpin JO 2026 : Programme, Horaires et R\u00e9sultats\"><\/a><div class=\"vlp-layout-zone-side\"><div class=\"vlp-block-4 vlp-link-image\"><img loading=\"lazy\" decoding=\"async\" style=\"max-width: 792px;\" width=\"792\" height=\"445\" src=\"https:\/\/dicodusport.fr\/blog\/wp-content\/uploads\/2026\/02\/Ski-alpin-JO-2026-Programme-Horaires-et-Resultats.png\" class=\"attachment-800x445 size-800x445\" alt=\"Ski alpin JO 2026 Programme, Horaires et R\u00e9sultats\" srcset=\"https:\/\/dicodusport.fr\/blog\/wp-content\/uploads\/2026\/02\/Ski-alpin-JO-2026-Programme-Horaires-et-Resultats.png 1200w, https:\/\/dicodusport.fr\/blog\/wp-content\/uploads\/2026\/02\/Ski-alpin-JO-2026-Programme-Horaires-et-Resultats-300x169.png 300w, https:\/\/dicodusport.fr\/blog\/wp-content\/uploads\/2026\/02\/Ski-alpin-JO-2026-Programme-Horaires-et-Resultats-1024x575.png 1024w, https:\/\/dicodusport.fr\/blog\/wp-content\/uploads\/2026\/02\/Ski-alpin-JO-2026-Programme-Horaires-et-Resultats-768x431.png 768w\" sizes=\"auto, (max-width: 792px) 100vw, 792px\" \/><\/div><\/div><div class=\"vlp-layout-zone-main\"><div class=\"vlp-block-0 vlp-link-title\">Ski alpin JO 2026 : Programme, Horaires et R\u00e9sultats<\/div><div class=\"vlp-block-1 vlp-link-summary\">Retrouvez le programme complet, les horaires et les r\u00e9sultats des \u00e9preuves de ski lapin aux Jeux Olympiques 2026 de Milan-Cortina.<\/div><div class=\"vlp-block-2 vlp-link-button\">Lire l'article<\/div><div class=\"vlp-block-3 vlp-link-url\">dicodusport.fr<\/div><\/div><\/div>\n<h2 style=\"text-align: justify;\"><span style=\"text-align: justify;\">Startlist officielle et dossards du Super-G femmes \u2013 JO 2026<\/span><\/h2>\n<a href=\"https:\/\/dicodusport.fr\/blog\/wp-content\/uploads\/2026\/02\/Startlist-Super-G-femmes-des-JO-2026.pdf\" class=\"pdfemb-viewer\" style=\"\" data-width=\"max\" data-height=\"max\"  data-toolbar=\"both\" data-toolbar-fixed=\"on\">Startlist Super-G femmes des JO 2026<br\/><\/a>\n<h3 style=\"text-align: justify;\">Dicodusport vous conseille<\/h3>\n<ul>\n<li><a href=\"https:\/\/dicodusport.fr\/blog\/ski-alpin-coupe-du-monde-2025-2026-le-calendrier-complet\/\"><strong>Ski alpin Coupe du monde 2025-2026 \u2013 Le calendrier complet<\/strong><\/a><\/li>\n<\/ul>\n<p>&nbsp;<\/p>\n<div id=\"gtx-trans\" style=\"position: absolute; left: 138px; top: 1315.59px;\">\n<div class=\"gtx-trans-icon\"><\/div>\n<\/div>\n","protected":false},"excerpt":{"rendered":"<p>Qui sont les Fran\u00e7aises engag\u00e9es au d\u00e9part du Super-G femmes des JO 2026 ? Startlist officielle, dossards et ordre de passage.<\/p>\n","protected":false},"author":4,"featured_media":646639,"comment_status":"open","ping_status":"closed","sticky":false,"template":"","format":"standard","meta":{"_acf_changed":false,"_daextam_enable_autolinks":"1","footnotes":""},"categories":[44003,9217],"tags":[32415,16878,46887,46888,47094,2233],"class_list":["post-646633","post","type-post","status-publish","format-standard","has-post-thumbnail","hentry","category-jo-hiver-2026","category-ski","tag-actu","tag-breve","tag-jeux-olympiques-2026","tag-jo-2026","tag-jo-dhiver","tag-ski-alpin"],"acf":[],"yoast_head":"<!-- This site is optimized with the Yoast SEO Premium plugin v26.7 (Yoast SEO v26.7) - https:\/\/yoast.com\/wordpress\/plugins\/seo\/ -->\n<title>JO 2026 Super-G femmes : startlist et dossards des Fran\u00e7aises engag\u00e9es<\/title>\n<meta name=\"description\" content=\"Qui sont les Fran\u00e7aises engag\u00e9es au d\u00e9part du Super-G femmes des JO 2026 ? Startlist officielle, dossards et ordre de passage.\" \/>\n<meta name=\"robots\" content=\"index, follow, max-snippet:-1, max-image-preview:large, max-video-preview:-1\" \/>\n<link rel=\"canonical\" href=\"https:\/\/dicodusport.fr\/blog\/jo-2026-super-g-femmes-startlist-et-dossards-des-francaises-engagees\/\" \/>\n<meta property=\"og:locale\" content=\"fr_FR\" \/>\n<meta property=\"og:type\" content=\"article\" \/>\n<meta property=\"og:title\" content=\"JO 2026 Super-G femmes : startlist et dossards des Fran\u00e7aises engag\u00e9es\" \/>\n<meta property=\"og:description\" content=\"Qui sont les Fran\u00e7aises engag\u00e9es au d\u00e9part du Super-G femmes des JO 2026 ? Startlist officielle, dossards et ordre de passage.\" \/>\n<meta property=\"og:url\" content=\"https:\/\/dicodusport.fr\/blog\/jo-2026-super-g-femmes-startlist-et-dossards-des-francaises-engagees\/\" \/>\n<meta property=\"og:site_name\" content=\"Dicodusport\" \/>\n<meta property=\"article:publisher\" content=\"https:\/\/www.facebook.com\/dicodusport\" \/>\n<meta property=\"article:author\" content=\"https:\/\/www.facebook.com\/florent.ostermann\" \/>\n<meta property=\"article:published_time\" content=\"2026-02-11T21:04:10+00:00\" \/>\n<meta property=\"og:image\" content=\"https:\/\/dicodusport.fr\/blog\/wp-content\/uploads\/2026\/02\/JO-2026-Super-G-femmes-startlist-et-dossards-des-Francaises-engagees.png\" \/>\n\t<meta property=\"og:image:width\" content=\"1200\" \/>\n\t<meta property=\"og:image:height\" content=\"674\" \/>\n\t<meta property=\"og:image:type\" content=\"image\/png\" \/>\n<meta name=\"author\" content=\"Flo Ostermann\" \/>\n<meta name=\"twitter:card\" content=\"summary_large_image\" \/>\n<meta name=\"twitter:title\" content=\"JO 2026 Super-G femmes : startlist et dossards des Fran\u00e7aises engag\u00e9es\" \/>\n<meta name=\"twitter:creator\" content=\"@https:\/\/twitter.com\/FlOstermann\" \/>\n<meta name=\"twitter:site\" content=\"@dicodusport\" \/>\n<script type=\"application\/ld+json\" class=\"yoast-schema-graph\">{\"@context\":\"https:\/\/schema.org\",\"@graph\":[{\"@type\":\"NewsArticle\",\"@id\":\"https:\/\/dicodusport.fr\/blog\/jo-2026-super-g-femmes-startlist-et-dossards-des-francaises-engagees\/#article\",\"isPartOf\":{\"@id\":\"https:\/\/dicodusport.fr\/blog\/jo-2026-super-g-femmes-startlist-et-dossards-des-francaises-engagees\/\"},\"author\":{\"name\":\"Flo Ostermann\",\"@id\":\"https:\/\/dicodusport.fr\/blog\/#\/schema\/person\/cb02af4c173ce4a653b55e9baf388d4a\"},\"headline\":\"JO 2026 Super-G femmes : startlist et dossards des Fran\u00e7aises engag\u00e9es\",\"datePublished\":\"2026-02-11T21:04:10+00:00\",\"mainEntityOfPage\":{\"@id\":\"https:\/\/dicodusport.fr\/blog\/jo-2026-super-g-femmes-startlist-et-dossards-des-francaises-engagees\/\"},\"wordCount\":417,\"commentCount\":0,\"publisher\":{\"@id\":\"https:\/\/dicodusport.fr\/blog\/#organization\"},\"image\":{\"@id\":\"https:\/\/dicodusport.fr\/blog\/jo-2026-super-g-femmes-startlist-et-dossards-des-francaises-engagees\/#primaryimage\"},\"thumbnailUrl\":\"https:\/\/dicodusport.fr\/blog\/wp-content\/uploads\/2026\/02\/JO-2026-Super-G-femmes-startlist-et-dossards-des-Francaises-engagees.png\",\"keywords\":[\"actu\",\"br\u00e8ve\",\"Jeux Olympiques 2026\",\"JO 2026\",\"JO d'hiver\",\"Ski alpin\"],\"articleSection\":[\"JO d'hiver 2026\",\"Ski\"],\"inLanguage\":\"fr-FR\",\"potentialAction\":[{\"@type\":\"CommentAction\",\"name\":\"Comment\",\"target\":[\"https:\/\/dicodusport.fr\/blog\/jo-2026-super-g-femmes-startlist-et-dossards-des-francaises-engagees\/#respond\"]}],\"copyrightYear\":\"2026\",\"copyrightHolder\":{\"@id\":\"https:\/\/dicodusport.fr\/blog\/#organization\"}},{\"@type\":\"WebPage\",\"@id\":\"https:\/\/dicodusport.fr\/blog\/jo-2026-super-g-femmes-startlist-et-dossards-des-francaises-engagees\/\",\"url\":\"https:\/\/dicodusport.fr\/blog\/jo-2026-super-g-femmes-startlist-et-dossards-des-francaises-engagees\/\",\"name\":\"JO 2026 Super-G femmes : startlist et dossards des Fran\u00e7aises engag\u00e9es\",\"isPartOf\":{\"@id\":\"https:\/\/dicodusport.fr\/blog\/#website\"},\"primaryImageOfPage\":{\"@id\":\"https:\/\/dicodusport.fr\/blog\/jo-2026-super-g-femmes-startlist-et-dossards-des-francaises-engagees\/#primaryimage\"},\"image\":{\"@id\":\"https:\/\/dicodusport.fr\/blog\/jo-2026-super-g-femmes-startlist-et-dossards-des-francaises-engagees\/#primaryimage\"},\"thumbnailUrl\":\"https:\/\/dicodusport.fr\/blog\/wp-content\/uploads\/2026\/02\/JO-2026-Super-G-femmes-startlist-et-dossards-des-Francaises-engagees.png\",\"datePublished\":\"2026-02-11T21:04:10+00:00\",\"description\":\"Qui sont les Fran\u00e7aises engag\u00e9es au d\u00e9part du Super-G femmes des JO 2026 ? Startlist officielle, dossards et ordre de passage.\",\"breadcrumb\":{\"@id\":\"https:\/\/dicodusport.fr\/blog\/jo-2026-super-g-femmes-startlist-et-dossards-des-francaises-engagees\/#breadcrumb\"},\"inLanguage\":\"fr-FR\",\"potentialAction\":[{\"@type\":\"ReadAction\",\"target\":[\"https:\/\/dicodusport.fr\/blog\/jo-2026-super-g-femmes-startlist-et-dossards-des-francaises-engagees\/\"]}]},{\"@type\":\"ImageObject\",\"inLanguage\":\"fr-FR\",\"@id\":\"https:\/\/dicodusport.fr\/blog\/jo-2026-super-g-femmes-startlist-et-dossards-des-francaises-engagees\/#primaryimage\",\"url\":\"https:\/\/dicodusport.fr\/blog\/wp-content\/uploads\/2026\/02\/JO-2026-Super-G-femmes-startlist-et-dossards-des-Francaises-engagees.png\",\"contentUrl\":\"https:\/\/dicodusport.fr\/blog\/wp-content\/uploads\/2026\/02\/JO-2026-Super-G-femmes-startlist-et-dossards-des-Francaises-engagees.png\",\"width\":1200,\"height\":674,\"caption\":\"JO 2026 Super-G femmes startlist et dossards des Fran\u00e7aises engag\u00e9es\"},{\"@type\":\"BreadcrumbList\",\"@id\":\"https:\/\/dicodusport.fr\/blog\/jo-2026-super-g-femmes-startlist-et-dossards-des-francaises-engagees\/#breadcrumb\",\"itemListElement\":[{\"@type\":\"ListItem\",\"position\":1,\"name\":\"Accueil\",\"item\":\"https:\/\/dicodusport.fr\/blog\/\"},{\"@type\":\"ListItem\",\"position\":2,\"name\":\"JO 2026 Super-G femmes : startlist et dossards des Fran\u00e7aises engag\u00e9es\"}]},{\"@type\":\"WebSite\",\"@id\":\"https:\/\/dicodusport.fr\/blog\/#website\",\"url\":\"https:\/\/dicodusport.fr\/blog\/\",\"name\":\"Dicodusport\",\"description\":\"L&#039;encyclop\u00e9die de l&#039;actualit\u00e9 sportive\",\"publisher\":{\"@id\":\"https:\/\/dicodusport.fr\/blog\/#organization\"},\"potentialAction\":[{\"@type\":\"SearchAction\",\"target\":{\"@type\":\"EntryPoint\",\"urlTemplate\":\"https:\/\/dicodusport.fr\/blog\/?s={search_term_string}\"},\"query-input\":{\"@type\":\"PropertyValueSpecification\",\"valueRequired\":true,\"valueName\":\"search_term_string\"}}],\"inLanguage\":\"fr-FR\"},{\"@type\":\"NewsMediaOrganization\",\"@id\":\"https:\/\/dicodusport.fr\/blog\/#organization\",\"name\":\"Dicodusport\",\"url\":\"https:\/\/dicodusport.fr\/blog\/\",\"logo\":{\"@type\":\"ImageObject\",\"inLanguage\":\"fr-FR\",\"@id\":\"https:\/\/dicodusport.fr\/blog\/#\/schema\/logo\/image\/\",\"url\":\"https:\/\/dicodusport.fr\/blog\/wp-content\/uploads\/2020\/06\/cropped-LOGO-DICODUSPORT-2020-SANS-FOND-SANS-TEXTE.png\",\"contentUrl\":\"https:\/\/dicodusport.fr\/blog\/wp-content\/uploads\/2020\/06\/cropped-LOGO-DICODUSPORT-2020-SANS-FOND-SANS-TEXTE.png\",\"width\":512,\"height\":512,\"caption\":\"Dicodusport\"},\"image\":{\"@id\":\"https:\/\/dicodusport.fr\/blog\/#\/schema\/logo\/image\/\"},\"sameAs\":[\"https:\/\/www.facebook.com\/dicodusport\",\"https:\/\/x.com\/dicodusport\",\"https:\/\/www.instagram.com\/dicodusport\/\",\"https:\/\/www.youtube.com\/channel\/UC7V2KZ5sd3htJivAbA4ZG3w\"],\"description\":\"Dicodusport est l'encyclop\u00e9die de l'actualit\u00e9 sportive.\",\"email\":\"bonjour@dicodusport.fr\",\"legalName\":\"DICODUSPORT\",\"foundingDate\":\"2018-01-14\",\"vatID\":\"FR71834470973\",\"taxID\":\"83447097300043\",\"numberOfEmployees\":{\"@type\":\"QuantitativeValue\",\"minValue\":\"1\",\"maxValue\":\"10\"}},{\"@type\":\"Person\",\"@id\":\"https:\/\/dicodusport.fr\/blog\/#\/schema\/person\/cb02af4c173ce4a653b55e9baf388d4a\",\"name\":\"Flo Ostermann\",\"image\":{\"@type\":\"ImageObject\",\"inLanguage\":\"fr-FR\",\"@id\":\"https:\/\/dicodusport.fr\/blog\/#\/schema\/person\/image\/\",\"url\":\"https:\/\/dicodusport.fr\/blog\/wp-content\/uploads\/2021\/05\/Flo-Ostermann-150x150.jpg\",\"contentUrl\":\"https:\/\/dicodusport.fr\/blog\/wp-content\/uploads\/2021\/05\/Flo-Ostermann-150x150.jpg\",\"caption\":\"Flo Ostermann\"},\"description\":\"Journaliste\/R\u00e9dacteur depuis septembre 2015 - Mes premiers souvenirs dans le sport ? Les envol\u00e9es du Stade Toulousain et les duels Villeneuve-Schumacher et H\u00e4kkinen-Schumacher \u00e0 la fin des ann\u00e9es 90, la Coupe du monde de football en 1998, l\u2019exploit du XV de France face aux All Blacks en 1999, mais aussi Richard C\u0153ur de Lion qui vole sur les montagnes du Tour de France. Bien parti pour devenir professeur d\u2019EPS, les \u00e9v\u00e9nements de la vie (et la flemme d\u2019animer des s\u00e9ances de 3x500 m\u00e8tres toute ma vie) m\u2019ont conduit \u00e0 revoir mes plans. Me voil\u00e0 depuis fin 2017 sur Dicodusport, m\u00e9dia gr\u00e2ce (et pour) lequel je partage ma passion : le sport dans tous ses \u00e9tats. Le tout accompagn\u00e9 par les fous furieux et folles furieuses cit\u00e9s sur cette page !\",\"sameAs\":[\"https:\/\/www.facebook.com\/florent.ostermann\",\"https:\/\/x.com\/https:\/\/twitter.com\/FlOstermann\",\"admin\"],\"url\":\"https:\/\/dicodusport.fr\/blog\/author\/flo\/\"}]}<\/script>\n<!-- \/ Yoast SEO Premium plugin. -->","yoast_head_json":{"title":"JO 2026 Super-G femmes : startlist et dossards des Fran\u00e7aises engag\u00e9es","description":"Qui sont les Fran\u00e7aises engag\u00e9es au d\u00e9part du Super-G femmes des JO 2026 ? Startlist officielle, dossards et ordre de passage.","robots":{"index":"index","follow":"follow","max-snippet":"max-snippet:-1","max-image-preview":"max-image-preview:large","max-video-preview":"max-video-preview:-1"},"canonical":"https:\/\/dicodusport.fr\/blog\/jo-2026-super-g-femmes-startlist-et-dossards-des-francaises-engagees\/","og_locale":"fr_FR","og_type":"article","og_title":"JO 2026 Super-G femmes : startlist et dossards des Fran\u00e7aises engag\u00e9es","og_description":"Qui sont les Fran\u00e7aises engag\u00e9es au d\u00e9part du Super-G femmes des JO 2026 ? Startlist officielle, dossards et ordre de passage.","og_url":"https:\/\/dicodusport.fr\/blog\/jo-2026-super-g-femmes-startlist-et-dossards-des-francaises-engagees\/","og_site_name":"Dicodusport","article_publisher":"https:\/\/www.facebook.com\/dicodusport","article_author":"https:\/\/www.facebook.com\/florent.ostermann","article_published_time":"2026-02-11T21:04:10+00:00","og_image":[{"width":1200,"height":674,"url":"https:\/\/dicodusport.fr\/blog\/wp-content\/uploads\/2026\/02\/JO-2026-Super-G-femmes-startlist-et-dossards-des-Francaises-engagees.png","type":"image\/png"}],"author":"Flo Ostermann","twitter_card":"summary_large_image","twitter_title":"JO 2026 Super-G femmes : startlist et dossards des Fran\u00e7aises engag\u00e9es","twitter_creator":"@https:\/\/twitter.com\/FlOstermann","twitter_site":"@dicodusport","schema":{"@context":"https:\/\/schema.org","@graph":[{"@type":"NewsArticle","@id":"https:\/\/dicodusport.fr\/blog\/jo-2026-super-g-femmes-startlist-et-dossards-des-francaises-engagees\/#article","isPartOf":{"@id":"https:\/\/dicodusport.fr\/blog\/jo-2026-super-g-femmes-startlist-et-dossards-des-francaises-engagees\/"},"author":{"name":"Flo Ostermann","@id":"https:\/\/dicodusport.fr\/blog\/#\/schema\/person\/cb02af4c173ce4a653b55e9baf388d4a"},"headline":"JO 2026 Super-G femmes : startlist et dossards des Fran\u00e7aises engag\u00e9es","datePublished":"2026-02-11T21:04:10+00:00","mainEntityOfPage":{"@id":"https:\/\/dicodusport.fr\/blog\/jo-2026-super-g-femmes-startlist-et-dossards-des-francaises-engagees\/"},"wordCount":417,"commentCount":0,"publisher":{"@id":"https:\/\/dicodusport.fr\/blog\/#organization"},"image":{"@id":"https:\/\/dicodusport.fr\/blog\/jo-2026-super-g-femmes-startlist-et-dossards-des-francaises-engagees\/#primaryimage"},"thumbnailUrl":"https:\/\/dicodusport.fr\/blog\/wp-content\/uploads\/2026\/02\/JO-2026-Super-G-femmes-startlist-et-dossards-des-Francaises-engagees.png","keywords":["actu","br\u00e8ve","Jeux Olympiques 2026","JO 2026","JO d'hiver","Ski alpin"],"articleSection":["JO d'hiver 2026","Ski"],"inLanguage":"fr-FR","potentialAction":[{"@type":"CommentAction","name":"Comment","target":["https:\/\/dicodusport.fr\/blog\/jo-2026-super-g-femmes-startlist-et-dossards-des-francaises-engagees\/#respond"]}],"copyrightYear":"2026","copyrightHolder":{"@id":"https:\/\/dicodusport.fr\/blog\/#organization"}},{"@type":"WebPage","@id":"https:\/\/dicodusport.fr\/blog\/jo-2026-super-g-femmes-startlist-et-dossards-des-francaises-engagees\/","url":"https:\/\/dicodusport.fr\/blog\/jo-2026-super-g-femmes-startlist-et-dossards-des-francaises-engagees\/","name":"JO 2026 Super-G femmes : startlist et dossards des Fran\u00e7aises engag\u00e9es","isPartOf":{"@id":"https:\/\/dicodusport.fr\/blog\/#website"},"primaryImageOfPage":{"@id":"https:\/\/dicodusport.fr\/blog\/jo-2026-super-g-femmes-startlist-et-dossards-des-francaises-engagees\/#primaryimage"},"image":{"@id":"https:\/\/dicodusport.fr\/blog\/jo-2026-super-g-femmes-startlist-et-dossards-des-francaises-engagees\/#primaryimage"},"thumbnailUrl":"https:\/\/dicodusport.fr\/blog\/wp-content\/uploads\/2026\/02\/JO-2026-Super-G-femmes-startlist-et-dossards-des-Francaises-engagees.png","datePublished":"2026-02-11T21:04:10+00:00","description":"Qui sont les Fran\u00e7aises engag\u00e9es au d\u00e9part du Super-G femmes des JO 2026 ? Startlist officielle, dossards et ordre de passage.","breadcrumb":{"@id":"https:\/\/dicodusport.fr\/blog\/jo-2026-super-g-femmes-startlist-et-dossards-des-francaises-engagees\/#breadcrumb"},"inLanguage":"fr-FR","potentialAction":[{"@type":"ReadAction","target":["https:\/\/dicodusport.fr\/blog\/jo-2026-super-g-femmes-startlist-et-dossards-des-francaises-engagees\/"]}]},{"@type":"ImageObject","inLanguage":"fr-FR","@id":"https:\/\/dicodusport.fr\/blog\/jo-2026-super-g-femmes-startlist-et-dossards-des-francaises-engagees\/#primaryimage","url":"https:\/\/dicodusport.fr\/blog\/wp-content\/uploads\/2026\/02\/JO-2026-Super-G-femmes-startlist-et-dossards-des-Francaises-engagees.png","contentUrl":"https:\/\/dicodusport.fr\/blog\/wp-content\/uploads\/2026\/02\/JO-2026-Super-G-femmes-startlist-et-dossards-des-Francaises-engagees.png","width":1200,"height":674,"caption":"JO 2026 Super-G femmes startlist et dossards des Fran\u00e7aises engag\u00e9es"},{"@type":"BreadcrumbList","@id":"https:\/\/dicodusport.fr\/blog\/jo-2026-super-g-femmes-startlist-et-dossards-des-francaises-engagees\/#breadcrumb","itemListElement":[{"@type":"ListItem","position":1,"name":"Accueil","item":"https:\/\/dicodusport.fr\/blog\/"},{"@type":"ListItem","position":2,"name":"JO 2026 Super-G femmes : startlist et dossards des Fran\u00e7aises engag\u00e9es"}]},{"@type":"WebSite","@id":"https:\/\/dicodusport.fr\/blog\/#website","url":"https:\/\/dicodusport.fr\/blog\/","name":"Dicodusport","description":"L&#039;encyclop\u00e9die de l&#039;actualit\u00e9 sportive","publisher":{"@id":"https:\/\/dicodusport.fr\/blog\/#organization"},"potentialAction":[{"@type":"SearchAction","target":{"@type":"EntryPoint","urlTemplate":"https:\/\/dicodusport.fr\/blog\/?s={search_term_string}"},"query-input":{"@type":"PropertyValueSpecification","valueRequired":true,"valueName":"search_term_string"}}],"inLanguage":"fr-FR"},{"@type":"NewsMediaOrganization","@id":"https:\/\/dicodusport.fr\/blog\/#organization","name":"Dicodusport","url":"https:\/\/dicodusport.fr\/blog\/","logo":{"@type":"ImageObject","inLanguage":"fr-FR","@id":"https:\/\/dicodusport.fr\/blog\/#\/schema\/logo\/image\/","url":"https:\/\/dicodusport.fr\/blog\/wp-content\/uploads\/2020\/06\/cropped-LOGO-DICODUSPORT-2020-SANS-FOND-SANS-TEXTE.png","contentUrl":"https:\/\/dicodusport.fr\/blog\/wp-content\/uploads\/2020\/06\/cropped-LOGO-DICODUSPORT-2020-SANS-FOND-SANS-TEXTE.png","width":512,"height":512,"caption":"Dicodusport"},"image":{"@id":"https:\/\/dicodusport.fr\/blog\/#\/schema\/logo\/image\/"},"sameAs":["https:\/\/www.facebook.com\/dicodusport","https:\/\/x.com\/dicodusport","https:\/\/www.instagram.com\/dicodusport\/","https:\/\/www.youtube.com\/channel\/UC7V2KZ5sd3htJivAbA4ZG3w"],"description":"Dicodusport est l'encyclop\u00e9die de l'actualit\u00e9 sportive.","email":"bonjour@dicodusport.fr","legalName":"DICODUSPORT","foundingDate":"2018-01-14","vatID":"FR71834470973","taxID":"83447097300043","numberOfEmployees":{"@type":"QuantitativeValue","minValue":"1","maxValue":"10"}},{"@type":"Person","@id":"https:\/\/dicodusport.fr\/blog\/#\/schema\/person\/cb02af4c173ce4a653b55e9baf388d4a","name":"Flo Ostermann","image":{"@type":"ImageObject","inLanguage":"fr-FR","@id":"https:\/\/dicodusport.fr\/blog\/#\/schema\/person\/image\/","url":"https:\/\/dicodusport.fr\/blog\/wp-content\/uploads\/2021\/05\/Flo-Ostermann-150x150.jpg","contentUrl":"https:\/\/dicodusport.fr\/blog\/wp-content\/uploads\/2021\/05\/Flo-Ostermann-150x150.jpg","caption":"Flo Ostermann"},"description":"Journaliste\/R\u00e9dacteur depuis septembre 2015 - Mes premiers souvenirs dans le sport ? Les envol\u00e9es du Stade Toulousain et les duels Villeneuve-Schumacher et H\u00e4kkinen-Schumacher \u00e0 la fin des ann\u00e9es 90, la Coupe du monde de football en 1998, l\u2019exploit du XV de France face aux All Blacks en 1999, mais aussi Richard C\u0153ur de Lion qui vole sur les montagnes du Tour de France. Bien parti pour devenir professeur d\u2019EPS, les \u00e9v\u00e9nements de la vie (et la flemme d\u2019animer des s\u00e9ances de 3x500 m\u00e8tres toute ma vie) m\u2019ont conduit \u00e0 revoir mes plans. Me voil\u00e0 depuis fin 2017 sur Dicodusport, m\u00e9dia gr\u00e2ce (et pour) lequel je partage ma passion : le sport dans tous ses \u00e9tats. Le tout accompagn\u00e9 par les fous furieux et folles furieuses cit\u00e9s sur cette page !","sameAs":["https:\/\/www.facebook.com\/florent.ostermann","https:\/\/x.com\/https:\/\/twitter.com\/FlOstermann","admin"],"url":"https:\/\/dicodusport.fr\/blog\/author\/flo\/"}]}},"_links":{"self":[{"href":"https:\/\/dicodusport.fr\/blog\/wp-json\/wp\/v2\/posts\/646633","targetHints":{"allow":["GET"]}}],"collection":[{"href":"https:\/\/dicodusport.fr\/blog\/wp-json\/wp\/v2\/posts"}],"about":[{"href":"https:\/\/dicodusport.fr\/blog\/wp-json\/wp\/v2\/types\/post"}],"author":[{"embeddable":true,"href":"https:\/\/dicodusport.fr\/blog\/wp-json\/wp\/v2\/users\/4"}],"replies":[{"embeddable":true,"href":"https:\/\/dicodusport.fr\/blog\/wp-json\/wp\/v2\/comments?post=646633"}],"version-history":[{"count":2,"href":"https:\/\/dicodusport.fr\/blog\/wp-json\/wp\/v2\/posts\/646633\/revisions"}],"predecessor-version":[{"id":646641,"href":"https:\/\/dicodusport.fr\/blog\/wp-json\/wp\/v2\/posts\/646633\/revisions\/646641"}],"wp:featuredmedia":[{"embeddable":true,"href":"https:\/\/dicodusport.fr\/blog\/wp-json\/wp\/v2\/media\/646639"}],"wp:attachment":[{"href":"https:\/\/dicodusport.fr\/blog\/wp-json\/wp\/v2\/media?parent=646633"}],"wp:term":[{"taxonomy":"category","embeddable":true,"href":"https:\/\/dicodusport.fr\/blog\/wp-json\/wp\/v2\/categories?post=646633"},{"taxonomy":"post_tag","embeddable":true,"href":"https:\/\/dicodusport.fr\/blog\/wp-json\/wp\/v2\/tags?post=646633"}],"curies":[{"name":"wp","href":"https:\/\/api.w.org\/{rel}","templated":true}]}}