{"id":647107,"date":"2026-02-13T16:13:38","date_gmt":"2026-02-13T15:13:38","guid":{"rendered":"https:\/\/dicodusport.fr\/blog\/?p=647107&#038;preview=true&#038;preview_id=647107"},"modified":"2026-02-13T21:42:08","modified_gmt":"2026-02-13T20:42:08","slug":"pas-de-victoire-mais-des-podiums-pour-camille-bourbon-et-yoann-rostolan-sur-le-sprint-dal","status":"publish","type":"post","link":"https:\/\/dicodusport.fr\/blog\/pas-de-victoire-mais-des-podiums-pour-camille-bourbon-et-yoann-rostolan-sur-le-sprint-dal\/","title":{"rendered":"Pas de victoire mais des podiums pour Camille Bourbon et Yoann Rostolan sur le sprint d&rsquo;\u00c5l"},"content":{"rendered":"<p style=\"text-align: justify;\"><strong><em>COUPE DU MONDE DE T\u00c9L\u00c9MARK 2025\/2026 &#8211; Camille Bourbon et Yoann Rostolan se sont hiss\u00e9s sur le podium du sprint d&rsquo;ouverture de la manche d&rsquo;\u00c5l.<\/em><\/strong><\/p>\n<p style=\"text-align: justify;\">L&rsquo;\u00e9tape de Trillevallen \u00e0 peine termin\u00e9e, la <strong>Coupe du monde de t\u00e9l\u00e9mark<\/strong> encha\u00eenait en Scandinavie par l&rsquo;\u00e9tape la plus mythique du calendrier \u00e0 <strong>\u00c5l<\/strong> (Norv\u00e8ge). Au pays du t\u00e9l\u00e9mark, les Bleus comptaient bien poursuivre leur saison de folie. Ce vendredi, un sprint inaugurait trois jours de comp\u00e9tition intenses.<\/p>\n<div class=\"vlp-link-container vlp-layout-article\"><a href=\"https:\/\/dicodusport.fr\/blog\/le-dernier-sprint-de-trillevallen-sourit-aux-bleus-du-telemark-alexis-page-double-la-mise-charly-petex-3eme\/\" class=\"vlp-link\" title=\"Le dernier sprint de Trillevallen sourit aux Bleus du t\u00e9l\u00e9mark : Alexis Page double la mise, Charly Petex 3\u00e8me\"><\/a><div class=\"vlp-layout-zone-side\"><div class=\"vlp-block-4 vlp-link-image\"><img loading=\"lazy\" decoding=\"async\" style=\"max-width: 792px;\" width=\"792\" height=\"445\" src=\"https:\/\/dicodusport.fr\/blog\/wp-content\/uploads\/2026\/02\/Le-dernier-sprint-de-Trillevallen-sourit-aux-Bleus-du-telemark-Alexis-Page-double-la-mise-Charly-Petex-3eme-1.png\" class=\"attachment-800x445 size-800x445\" alt=\"Le dernier sprint de Trillevallen sourit aux Bleus du t\u00e9l\u00e9mark : Alexis Page double la mise, Charly Petex 3\u00e8me\" srcset=\"https:\/\/dicodusport.fr\/blog\/wp-content\/uploads\/2026\/02\/Le-dernier-sprint-de-Trillevallen-sourit-aux-Bleus-du-telemark-Alexis-Page-double-la-mise-Charly-Petex-3eme-1.png 1200w, https:\/\/dicodusport.fr\/blog\/wp-content\/uploads\/2026\/02\/Le-dernier-sprint-de-Trillevallen-sourit-aux-Bleus-du-telemark-Alexis-Page-double-la-mise-Charly-Petex-3eme-1-300x169.png 300w, https:\/\/dicodusport.fr\/blog\/wp-content\/uploads\/2026\/02\/Le-dernier-sprint-de-Trillevallen-sourit-aux-Bleus-du-telemark-Alexis-Page-double-la-mise-Charly-Petex-3eme-1-1024x575.png 1024w, https:\/\/dicodusport.fr\/blog\/wp-content\/uploads\/2026\/02\/Le-dernier-sprint-de-Trillevallen-sourit-aux-Bleus-du-telemark-Alexis-Page-double-la-mise-Charly-Petex-3eme-1-768x431.png 768w\" sizes=\"auto, (max-width: 792px) 100vw, 792px\" \/><\/div><\/div><div class=\"vlp-layout-zone-main\"><div class=\"vlp-block-0 vlp-link-title\">Le dernier sprint de Trillevallen sourit aux Bleus du t\u00e9l\u00e9mark : Alexis Page double la mise, Charly Petex 3\u00e8me<\/div><div class=\"vlp-block-1 vlp-link-summary\">COUPE DU MONDE DE T\u00c9L\u00c9MARK 2025\/2026 - Alexis Page a doubl\u00e9 la mise en remportant le dernier sprint de Trillevallen ce samedi. Charly Petex signe de son c\u00f4t\u00e9 une belle 3\u00e8me place.<\/div><div class=\"vlp-block-2 vlp-link-button\">Lire l'article<\/div><div class=\"vlp-block-3 vlp-link-url\">dicodusport.fr<\/div><\/div><\/div>\n<h2 style=\"text-align: justify;\">Bourbon et Rostolan encha\u00eenent<\/h2>\n<p style=\"text-align: justify;\">Si le clan tricolore n&rsquo;a pas eu de victoire \u00e0 c\u00e9l\u00e9brer, il ne se passe pas une journ\u00e9e sans qu&rsquo;un ou deux t\u00e9l\u00e9markeurs fran\u00e7ais prennent place sur le podium. Cette manche n&rsquo;a pas fait exception. Dans le tableau f\u00e9minin, <strong>Camille Bourbon<\/strong> a confirm\u00e9 son excellente saison en allant chercher une belle 2\u00e8me place, derri\u00e8re la locale de l&rsquo;\u00e9tape,<strong> Goril Strom Eriksen<\/strong>.<\/p>\n<p style=\"text-align: justify;\">Alors qu&rsquo;elle comptait \u00e0 son actif 6 podiums en carri\u00e8re \u00e0 l&rsquo;aube de cet hiver, la Fran\u00e7aise a d\u00e9j\u00e0 doubl\u00e9 son total ! <strong>Jasmin Taylor<\/strong> compl\u00e8te la bo\u00eete en devan\u00e7ant une autre Norv\u00e9gienne, <strong>Ella Strom Eriksen<\/strong>. Apr\u00e8s ses trois chutes \u00e0 Trillevallen, <strong>Laly Chaucheprat<\/strong> a repris des couleurs en compl\u00e9tant le Top 5.<\/p>\n<p style=\"text-align: justify;\">Chez les hommes, le Suisse <strong>Nicolas Michel<\/strong> a rafl\u00e9 la mise dans un mouchoir de poche. L&rsquo;Italien <strong>Raphael Mahlknecht<\/strong> a ainsi \u00e9chou\u00e9 \u00e0 moins de 4 dixi\u00e8mes, tandis que <strong>Yoann Rostolan<\/strong> est venu chercher la 3\u00e8me place \u00e0 62 centi\u00e8mes. En d\u00e9pit de ce 8\u00e8me podium de la saison en seulement 11 manches, le Fran\u00e7ais perd la t\u00eate du classement g\u00e9n\u00e9ral au profit de Nicolas Michel pour 1 seul petit point ! La bataille entre les deux hommes risque d&rsquo;\u00eatre intense jusqu&rsquo;\u00e0 la fin de l&rsquo;hiver.<\/p>\n<p style=\"text-align: justify;\">Suite \u00e0 ses deux premiers succ\u00e8s en carri\u00e8re en Su\u00e8de, <strong>Alexis Page<\/strong> doit se contenter de la 4\u00e8me place. Devant son compatriote, <strong>Charly Petex<\/strong>. D\u00e8s demain, les t\u00e9l\u00e9markeurs seront de retour en piste pour disputer un sprint parall\u00e8le.<\/p>\n<h3 style=\"text-align: justify;\">Les r\u00e9sultats des Fran\u00e7ais sur le sprint d&rsquo;\u00c5l<\/h3>\n<p style=\"text-align: justify;\"><strong>Hommes<\/strong> : 3. Yoann Rostolan \/ 4. Alexis Page \/ 5. Charly Petex \/ 14. Th\u00e9o Sillon \/ 15. \u00c9lie Nabot.<\/p>\n<p style=\"text-align: justify;\"><strong>Femmes<\/strong> : 2. Camille Bourbon \/ 5. Laly Chaucheprat \/ 8. Lena\u00efg Mansart \/ 17. Augustine Carliez.<\/p>\n<div id=\"gtx-trans\" style=\"position: absolute; left: -14px; top: 40.9091px;\">\n<div class=\"gtx-trans-icon\"><\/div>\n<\/div>\n","protected":false},"excerpt":{"rendered":"<p>COUPE DU MONDE DE T\u00c9L\u00c9MARK 2025\/2026 &#8211; Camille Bourbon et Yoann Rostolan se sont hiss\u00e9s sur le podium du sprint d&rsquo;ouverture de la manche d&rsquo;\u00c5l.<\/p>\n","protected":false},"author":55,"featured_media":647413,"comment_status":"open","ping_status":"closed","sticky":false,"template":"","format":"standard","meta":{"_acf_changed":false,"_daextam_enable_autolinks":"1","footnotes":""},"categories":[45756],"tags":[16878,13759,675,30243],"class_list":["post-647107","post","type-post","status-publish","format-standard","has-post-thumbnail","hentry","category-telemark","tag-breve","tag-coupe-du-monde-de-telemark","tag-telemark","tag-yoann-rostolan"],"acf":[],"yoast_head":"<!-- This site is optimized with the Yoast SEO Premium plugin v26.7 (Yoast SEO v26.7) - https:\/\/yoast.com\/wordpress\/plugins\/seo\/ -->\n<title>Pas de victoire mais des podiums pour Camille Bourbon et Yoann Rostolan sur le sprint d&#039;\u00c5l<\/title>\n<meta name=\"description\" content=\"COUPE DU MONDE DE T\u00c9L\u00c9MARK 2025\/2026 - Camille Bourbon et Yoann Rostolan se sont hiss\u00e9s sur le podium du sprint d&#039;ouverture de la manche d&#039;\u00c5l.\" \/>\n<meta name=\"robots\" content=\"index, follow, max-snippet:-1, max-image-preview:large, max-video-preview:-1\" \/>\n<link rel=\"canonical\" href=\"https:\/\/dicodusport.fr\/blog\/pas-de-victoire-mais-des-podiums-pour-camille-bourbon-et-yoann-rostolan-sur-le-sprint-dal\/\" \/>\n<meta property=\"og:locale\" content=\"fr_FR\" \/>\n<meta property=\"og:type\" content=\"article\" \/>\n<meta property=\"og:title\" content=\"Pas de victoire mais des podiums pour Camille Bourbon et Yoann Rostolan sur le sprint d&#039;\u00c5l\" \/>\n<meta property=\"og:description\" content=\"COUPE DU MONDE DE T\u00c9L\u00c9MARK 2025\/2026 - Camille Bourbon et Yoann Rostolan se sont hiss\u00e9s sur le podium du sprint d&#039;ouverture de la manche d&#039;\u00c5l.\" \/>\n<meta property=\"og:url\" content=\"https:\/\/dicodusport.fr\/blog\/pas-de-victoire-mais-des-podiums-pour-camille-bourbon-et-yoann-rostolan-sur-le-sprint-dal\/\" \/>\n<meta property=\"og:site_name\" content=\"Dicodusport\" \/>\n<meta property=\"article:publisher\" content=\"https:\/\/www.facebook.com\/dicodusport\" \/>\n<meta property=\"article:published_time\" content=\"2026-02-13T15:13:38+00:00\" \/>\n<meta property=\"article:modified_time\" content=\"2026-02-13T20:42:08+00:00\" \/>\n<meta property=\"og:image\" content=\"https:\/\/dicodusport.fr\/blog\/wp-content\/uploads\/2026\/02\/Pas-de-victoire-mais-des-podiums-pour-Camille-Bourbon-et-Yoann-Rostolan-sur-le-sprint-dAl-1.png\" \/>\n\t<meta property=\"og:image:width\" content=\"1200\" \/>\n\t<meta property=\"og:image:height\" content=\"674\" \/>\n\t<meta property=\"og:image:type\" content=\"image\/png\" \/>\n<meta name=\"author\" content=\"Maxime Cazenave\" \/>\n<meta name=\"twitter:card\" content=\"summary_large_image\" \/>\n<meta name=\"twitter:title\" content=\"Pas de victoire mais des podiums pour Camille Bourbon et Yoann Rostolan sur le sprint d&#039;\u00c5l\" \/>\n<meta name=\"twitter:creator\" content=\"@https:\/\/twitter.com\/Maxime_Caze\" \/>\n<meta name=\"twitter:site\" content=\"@dicodusport\" \/>\n<script type=\"application\/ld+json\" class=\"yoast-schema-graph\">{\"@context\":\"https:\/\/schema.org\",\"@graph\":[{\"@type\":\"NewsArticle\",\"@id\":\"https:\/\/dicodusport.fr\/blog\/pas-de-victoire-mais-des-podiums-pour-camille-bourbon-et-yoann-rostolan-sur-le-sprint-dal\/#article\",\"isPartOf\":{\"@id\":\"https:\/\/dicodusport.fr\/blog\/pas-de-victoire-mais-des-podiums-pour-camille-bourbon-et-yoann-rostolan-sur-le-sprint-dal\/\"},\"author\":{\"name\":\"Maxime Cazenave\",\"@id\":\"https:\/\/dicodusport.fr\/blog\/#\/schema\/person\/37def232098a7a5cbab3974a3690abb0\"},\"headline\":\"Pas de victoire mais des podiums pour Camille Bourbon et Yoann Rostolan sur le sprint d&rsquo;\u00c5l\",\"datePublished\":\"2026-02-13T15:13:38+00:00\",\"dateModified\":\"2026-02-13T20:42:08+00:00\",\"mainEntityOfPage\":{\"@id\":\"https:\/\/dicodusport.fr\/blog\/pas-de-victoire-mais-des-podiums-pour-camille-bourbon-et-yoann-rostolan-sur-le-sprint-dal\/\"},\"wordCount\":501,\"commentCount\":0,\"publisher\":{\"@id\":\"https:\/\/dicodusport.fr\/blog\/#organization\"},\"image\":{\"@id\":\"https:\/\/dicodusport.fr\/blog\/pas-de-victoire-mais-des-podiums-pour-camille-bourbon-et-yoann-rostolan-sur-le-sprint-dal\/#primaryimage\"},\"thumbnailUrl\":\"https:\/\/dicodusport.fr\/blog\/wp-content\/uploads\/2026\/02\/Pas-de-victoire-mais-des-podiums-pour-Camille-Bourbon-et-Yoann-Rostolan-sur-le-sprint-dAl-1.png\",\"keywords\":[\"br\u00e8ve\",\"Coupe du monde de t\u00e9l\u00e9mark\",\"T\u00e9l\u00e9mark\",\"Yoann Rostolan\"],\"articleSection\":[\"T\u00e9l\u00e9mark\"],\"inLanguage\":\"fr-FR\",\"potentialAction\":[{\"@type\":\"CommentAction\",\"name\":\"Comment\",\"target\":[\"https:\/\/dicodusport.fr\/blog\/pas-de-victoire-mais-des-podiums-pour-camille-bourbon-et-yoann-rostolan-sur-le-sprint-dal\/#respond\"]}],\"copyrightYear\":\"2026\",\"copyrightHolder\":{\"@id\":\"https:\/\/dicodusport.fr\/blog\/#organization\"}},{\"@type\":\"WebPage\",\"@id\":\"https:\/\/dicodusport.fr\/blog\/pas-de-victoire-mais-des-podiums-pour-camille-bourbon-et-yoann-rostolan-sur-le-sprint-dal\/\",\"url\":\"https:\/\/dicodusport.fr\/blog\/pas-de-victoire-mais-des-podiums-pour-camille-bourbon-et-yoann-rostolan-sur-le-sprint-dal\/\",\"name\":\"Pas de victoire mais des podiums pour Camille Bourbon et Yoann Rostolan sur le sprint d'\u00c5l\",\"isPartOf\":{\"@id\":\"https:\/\/dicodusport.fr\/blog\/#website\"},\"primaryImageOfPage\":{\"@id\":\"https:\/\/dicodusport.fr\/blog\/pas-de-victoire-mais-des-podiums-pour-camille-bourbon-et-yoann-rostolan-sur-le-sprint-dal\/#primaryimage\"},\"image\":{\"@id\":\"https:\/\/dicodusport.fr\/blog\/pas-de-victoire-mais-des-podiums-pour-camille-bourbon-et-yoann-rostolan-sur-le-sprint-dal\/#primaryimage\"},\"thumbnailUrl\":\"https:\/\/dicodusport.fr\/blog\/wp-content\/uploads\/2026\/02\/Pas-de-victoire-mais-des-podiums-pour-Camille-Bourbon-et-Yoann-Rostolan-sur-le-sprint-dAl-1.png\",\"datePublished\":\"2026-02-13T15:13:38+00:00\",\"dateModified\":\"2026-02-13T20:42:08+00:00\",\"description\":\"COUPE DU MONDE DE T\u00c9L\u00c9MARK 2025\/2026 - Camille Bourbon et Yoann Rostolan se sont hiss\u00e9s sur le podium du sprint d'ouverture de la manche d'\u00c5l.\",\"breadcrumb\":{\"@id\":\"https:\/\/dicodusport.fr\/blog\/pas-de-victoire-mais-des-podiums-pour-camille-bourbon-et-yoann-rostolan-sur-le-sprint-dal\/#breadcrumb\"},\"inLanguage\":\"fr-FR\",\"potentialAction\":[{\"@type\":\"ReadAction\",\"target\":[\"https:\/\/dicodusport.fr\/blog\/pas-de-victoire-mais-des-podiums-pour-camille-bourbon-et-yoann-rostolan-sur-le-sprint-dal\/\"]}]},{\"@type\":\"ImageObject\",\"inLanguage\":\"fr-FR\",\"@id\":\"https:\/\/dicodusport.fr\/blog\/pas-de-victoire-mais-des-podiums-pour-camille-bourbon-et-yoann-rostolan-sur-le-sprint-dal\/#primaryimage\",\"url\":\"https:\/\/dicodusport.fr\/blog\/wp-content\/uploads\/2026\/02\/Pas-de-victoire-mais-des-podiums-pour-Camille-Bourbon-et-Yoann-Rostolan-sur-le-sprint-dAl-1.png\",\"contentUrl\":\"https:\/\/dicodusport.fr\/blog\/wp-content\/uploads\/2026\/02\/Pas-de-victoire-mais-des-podiums-pour-Camille-Bourbon-et-Yoann-Rostolan-sur-le-sprint-dAl-1.png\",\"width\":1200,\"height\":674,\"caption\":\"Pas de victoire mais des podiums pour Camille Bourbon et Yoann Rostolan sur le sprint d'\u00c5l\"},{\"@type\":\"BreadcrumbList\",\"@id\":\"https:\/\/dicodusport.fr\/blog\/pas-de-victoire-mais-des-podiums-pour-camille-bourbon-et-yoann-rostolan-sur-le-sprint-dal\/#breadcrumb\",\"itemListElement\":[{\"@type\":\"ListItem\",\"position\":1,\"name\":\"Accueil\",\"item\":\"https:\/\/dicodusport.fr\/blog\/\"},{\"@type\":\"ListItem\",\"position\":2,\"name\":\"Pas de victoire mais des podiums pour Camille Bourbon et Yoann Rostolan sur le sprint d&rsquo;\u00c5l\"}]},{\"@type\":\"WebSite\",\"@id\":\"https:\/\/dicodusport.fr\/blog\/#website\",\"url\":\"https:\/\/dicodusport.fr\/blog\/\",\"name\":\"Dicodusport\",\"description\":\"L&#039;encyclop\u00e9die de l&#039;actualit\u00e9 sportive\",\"publisher\":{\"@id\":\"https:\/\/dicodusport.fr\/blog\/#organization\"},\"potentialAction\":[{\"@type\":\"SearchAction\",\"target\":{\"@type\":\"EntryPoint\",\"urlTemplate\":\"https:\/\/dicodusport.fr\/blog\/?s={search_term_string}\"},\"query-input\":{\"@type\":\"PropertyValueSpecification\",\"valueRequired\":true,\"valueName\":\"search_term_string\"}}],\"inLanguage\":\"fr-FR\"},{\"@type\":\"NewsMediaOrganization\",\"@id\":\"https:\/\/dicodusport.fr\/blog\/#organization\",\"name\":\"Dicodusport\",\"url\":\"https:\/\/dicodusport.fr\/blog\/\",\"logo\":{\"@type\":\"ImageObject\",\"inLanguage\":\"fr-FR\",\"@id\":\"https:\/\/dicodusport.fr\/blog\/#\/schema\/logo\/image\/\",\"url\":\"https:\/\/dicodusport.fr\/blog\/wp-content\/uploads\/2020\/06\/cropped-LOGO-DICODUSPORT-2020-SANS-FOND-SANS-TEXTE.png\",\"contentUrl\":\"https:\/\/dicodusport.fr\/blog\/wp-content\/uploads\/2020\/06\/cropped-LOGO-DICODUSPORT-2020-SANS-FOND-SANS-TEXTE.png\",\"width\":512,\"height\":512,\"caption\":\"Dicodusport\"},\"image\":{\"@id\":\"https:\/\/dicodusport.fr\/blog\/#\/schema\/logo\/image\/\"},\"sameAs\":[\"https:\/\/www.facebook.com\/dicodusport\",\"https:\/\/x.com\/dicodusport\",\"https:\/\/www.instagram.com\/dicodusport\/\",\"https:\/\/www.youtube.com\/channel\/UC7V2KZ5sd3htJivAbA4ZG3w\"],\"description\":\"Dicodusport est l'encyclop\u00e9die de l'actualit\u00e9 sportive.\",\"email\":\"bonjour@dicodusport.fr\",\"legalName\":\"DICODUSPORT\",\"foundingDate\":\"2018-01-14\",\"vatID\":\"FR71834470973\",\"taxID\":\"83447097300043\",\"numberOfEmployees\":{\"@type\":\"QuantitativeValue\",\"minValue\":\"1\",\"maxValue\":\"10\"}},{\"@type\":\"Person\",\"@id\":\"https:\/\/dicodusport.fr\/blog\/#\/schema\/person\/37def232098a7a5cbab3974a3690abb0\",\"name\":\"Maxime Cazenave\",\"image\":{\"@type\":\"ImageObject\",\"inLanguage\":\"fr-FR\",\"@id\":\"https:\/\/dicodusport.fr\/blog\/#\/schema\/person\/image\/\",\"url\":\"https:\/\/dicodusport.fr\/blog\/wp-content\/uploads\/2021\/05\/Maxime-Cazenave-150x150.jpg\",\"contentUrl\":\"https:\/\/dicodusport.fr\/blog\/wp-content\/uploads\/2021\/05\/Maxime-Cazenave-150x150.jpg\",\"caption\":\"Maxime Cazenave\"},\"description\":\"Journaliste\/R\u00e9dacteur depuis 2012 - Berc\u00e9 par l\u2019amour des Girondins de Bordeaux, les \u00e9checs de Christophe Moreau sur le Tour de France sous l'\u00e8re Lance Armstrong et le fade-away l\u00e9tal de Dirk Nowitzki, ma passion d\u00e9vorante pour le sport a toujours \u00e9t\u00e9 un pan incontournable de ma vie. Transmettre ma passion \u00e0 l\u2019\u00e9crit a \u00e9t\u00e9 une transition naturelle. Suiveur assidu de basket et de hockey sur glace, je garde toujours un peu de place pour suivre le cyclisme, le football et le maximum de performances fran\u00e7aises.\",\"sameAs\":[\"https:\/\/x.com\/https:\/\/twitter.com\/Maxime_Caze\"],\"url\":\"https:\/\/dicodusport.fr\/blog\/author\/maximec\/\"}]}<\/script>\n<!-- \/ Yoast SEO Premium plugin. -->","yoast_head_json":{"title":"Pas de victoire mais des podiums pour Camille Bourbon et Yoann Rostolan sur le sprint d'\u00c5l","description":"COUPE DU MONDE DE T\u00c9L\u00c9MARK 2025\/2026 - Camille Bourbon et Yoann Rostolan se sont hiss\u00e9s sur le podium du sprint d'ouverture de la manche d'\u00c5l.","robots":{"index":"index","follow":"follow","max-snippet":"max-snippet:-1","max-image-preview":"max-image-preview:large","max-video-preview":"max-video-preview:-1"},"canonical":"https:\/\/dicodusport.fr\/blog\/pas-de-victoire-mais-des-podiums-pour-camille-bourbon-et-yoann-rostolan-sur-le-sprint-dal\/","og_locale":"fr_FR","og_type":"article","og_title":"Pas de victoire mais des podiums pour Camille Bourbon et Yoann Rostolan sur le sprint d'\u00c5l","og_description":"COUPE DU MONDE DE T\u00c9L\u00c9MARK 2025\/2026 - Camille Bourbon et Yoann Rostolan se sont hiss\u00e9s sur le podium du sprint d'ouverture de la manche d'\u00c5l.","og_url":"https:\/\/dicodusport.fr\/blog\/pas-de-victoire-mais-des-podiums-pour-camille-bourbon-et-yoann-rostolan-sur-le-sprint-dal\/","og_site_name":"Dicodusport","article_publisher":"https:\/\/www.facebook.com\/dicodusport","article_published_time":"2026-02-13T15:13:38+00:00","article_modified_time":"2026-02-13T20:42:08+00:00","og_image":[{"width":1200,"height":674,"url":"https:\/\/dicodusport.fr\/blog\/wp-content\/uploads\/2026\/02\/Pas-de-victoire-mais-des-podiums-pour-Camille-Bourbon-et-Yoann-Rostolan-sur-le-sprint-dAl-1.png","type":"image\/png"}],"author":"Maxime Cazenave","twitter_card":"summary_large_image","twitter_title":"Pas de victoire mais des podiums pour Camille Bourbon et Yoann Rostolan sur le sprint d'\u00c5l","twitter_creator":"@https:\/\/twitter.com\/Maxime_Caze","twitter_site":"@dicodusport","schema":{"@context":"https:\/\/schema.org","@graph":[{"@type":"NewsArticle","@id":"https:\/\/dicodusport.fr\/blog\/pas-de-victoire-mais-des-podiums-pour-camille-bourbon-et-yoann-rostolan-sur-le-sprint-dal\/#article","isPartOf":{"@id":"https:\/\/dicodusport.fr\/blog\/pas-de-victoire-mais-des-podiums-pour-camille-bourbon-et-yoann-rostolan-sur-le-sprint-dal\/"},"author":{"name":"Maxime Cazenave","@id":"https:\/\/dicodusport.fr\/blog\/#\/schema\/person\/37def232098a7a5cbab3974a3690abb0"},"headline":"Pas de victoire mais des podiums pour Camille Bourbon et Yoann Rostolan sur le sprint d&rsquo;\u00c5l","datePublished":"2026-02-13T15:13:38+00:00","dateModified":"2026-02-13T20:42:08+00:00","mainEntityOfPage":{"@id":"https:\/\/dicodusport.fr\/blog\/pas-de-victoire-mais-des-podiums-pour-camille-bourbon-et-yoann-rostolan-sur-le-sprint-dal\/"},"wordCount":501,"commentCount":0,"publisher":{"@id":"https:\/\/dicodusport.fr\/blog\/#organization"},"image":{"@id":"https:\/\/dicodusport.fr\/blog\/pas-de-victoire-mais-des-podiums-pour-camille-bourbon-et-yoann-rostolan-sur-le-sprint-dal\/#primaryimage"},"thumbnailUrl":"https:\/\/dicodusport.fr\/blog\/wp-content\/uploads\/2026\/02\/Pas-de-victoire-mais-des-podiums-pour-Camille-Bourbon-et-Yoann-Rostolan-sur-le-sprint-dAl-1.png","keywords":["br\u00e8ve","Coupe du monde de t\u00e9l\u00e9mark","T\u00e9l\u00e9mark","Yoann Rostolan"],"articleSection":["T\u00e9l\u00e9mark"],"inLanguage":"fr-FR","potentialAction":[{"@type":"CommentAction","name":"Comment","target":["https:\/\/dicodusport.fr\/blog\/pas-de-victoire-mais-des-podiums-pour-camille-bourbon-et-yoann-rostolan-sur-le-sprint-dal\/#respond"]}],"copyrightYear":"2026","copyrightHolder":{"@id":"https:\/\/dicodusport.fr\/blog\/#organization"}},{"@type":"WebPage","@id":"https:\/\/dicodusport.fr\/blog\/pas-de-victoire-mais-des-podiums-pour-camille-bourbon-et-yoann-rostolan-sur-le-sprint-dal\/","url":"https:\/\/dicodusport.fr\/blog\/pas-de-victoire-mais-des-podiums-pour-camille-bourbon-et-yoann-rostolan-sur-le-sprint-dal\/","name":"Pas de victoire mais des podiums pour Camille Bourbon et Yoann Rostolan sur le sprint d'\u00c5l","isPartOf":{"@id":"https:\/\/dicodusport.fr\/blog\/#website"},"primaryImageOfPage":{"@id":"https:\/\/dicodusport.fr\/blog\/pas-de-victoire-mais-des-podiums-pour-camille-bourbon-et-yoann-rostolan-sur-le-sprint-dal\/#primaryimage"},"image":{"@id":"https:\/\/dicodusport.fr\/blog\/pas-de-victoire-mais-des-podiums-pour-camille-bourbon-et-yoann-rostolan-sur-le-sprint-dal\/#primaryimage"},"thumbnailUrl":"https:\/\/dicodusport.fr\/blog\/wp-content\/uploads\/2026\/02\/Pas-de-victoire-mais-des-podiums-pour-Camille-Bourbon-et-Yoann-Rostolan-sur-le-sprint-dAl-1.png","datePublished":"2026-02-13T15:13:38+00:00","dateModified":"2026-02-13T20:42:08+00:00","description":"COUPE DU MONDE DE T\u00c9L\u00c9MARK 2025\/2026 - Camille Bourbon et Yoann Rostolan se sont hiss\u00e9s sur le podium du sprint d'ouverture de la manche d'\u00c5l.","breadcrumb":{"@id":"https:\/\/dicodusport.fr\/blog\/pas-de-victoire-mais-des-podiums-pour-camille-bourbon-et-yoann-rostolan-sur-le-sprint-dal\/#breadcrumb"},"inLanguage":"fr-FR","potentialAction":[{"@type":"ReadAction","target":["https:\/\/dicodusport.fr\/blog\/pas-de-victoire-mais-des-podiums-pour-camille-bourbon-et-yoann-rostolan-sur-le-sprint-dal\/"]}]},{"@type":"ImageObject","inLanguage":"fr-FR","@id":"https:\/\/dicodusport.fr\/blog\/pas-de-victoire-mais-des-podiums-pour-camille-bourbon-et-yoann-rostolan-sur-le-sprint-dal\/#primaryimage","url":"https:\/\/dicodusport.fr\/blog\/wp-content\/uploads\/2026\/02\/Pas-de-victoire-mais-des-podiums-pour-Camille-Bourbon-et-Yoann-Rostolan-sur-le-sprint-dAl-1.png","contentUrl":"https:\/\/dicodusport.fr\/blog\/wp-content\/uploads\/2026\/02\/Pas-de-victoire-mais-des-podiums-pour-Camille-Bourbon-et-Yoann-Rostolan-sur-le-sprint-dAl-1.png","width":1200,"height":674,"caption":"Pas de victoire mais des podiums pour Camille Bourbon et Yoann Rostolan sur le sprint d'\u00c5l"},{"@type":"BreadcrumbList","@id":"https:\/\/dicodusport.fr\/blog\/pas-de-victoire-mais-des-podiums-pour-camille-bourbon-et-yoann-rostolan-sur-le-sprint-dal\/#breadcrumb","itemListElement":[{"@type":"ListItem","position":1,"name":"Accueil","item":"https:\/\/dicodusport.fr\/blog\/"},{"@type":"ListItem","position":2,"name":"Pas de victoire mais des podiums pour Camille Bourbon et Yoann Rostolan sur le sprint d&rsquo;\u00c5l"}]},{"@type":"WebSite","@id":"https:\/\/dicodusport.fr\/blog\/#website","url":"https:\/\/dicodusport.fr\/blog\/","name":"Dicodusport","description":"L&#039;encyclop\u00e9die de l&#039;actualit\u00e9 sportive","publisher":{"@id":"https:\/\/dicodusport.fr\/blog\/#organization"},"potentialAction":[{"@type":"SearchAction","target":{"@type":"EntryPoint","urlTemplate":"https:\/\/dicodusport.fr\/blog\/?s={search_term_string}"},"query-input":{"@type":"PropertyValueSpecification","valueRequired":true,"valueName":"search_term_string"}}],"inLanguage":"fr-FR"},{"@type":"NewsMediaOrganization","@id":"https:\/\/dicodusport.fr\/blog\/#organization","name":"Dicodusport","url":"https:\/\/dicodusport.fr\/blog\/","logo":{"@type":"ImageObject","inLanguage":"fr-FR","@id":"https:\/\/dicodusport.fr\/blog\/#\/schema\/logo\/image\/","url":"https:\/\/dicodusport.fr\/blog\/wp-content\/uploads\/2020\/06\/cropped-LOGO-DICODUSPORT-2020-SANS-FOND-SANS-TEXTE.png","contentUrl":"https:\/\/dicodusport.fr\/blog\/wp-content\/uploads\/2020\/06\/cropped-LOGO-DICODUSPORT-2020-SANS-FOND-SANS-TEXTE.png","width":512,"height":512,"caption":"Dicodusport"},"image":{"@id":"https:\/\/dicodusport.fr\/blog\/#\/schema\/logo\/image\/"},"sameAs":["https:\/\/www.facebook.com\/dicodusport","https:\/\/x.com\/dicodusport","https:\/\/www.instagram.com\/dicodusport\/","https:\/\/www.youtube.com\/channel\/UC7V2KZ5sd3htJivAbA4ZG3w"],"description":"Dicodusport est l'encyclop\u00e9die de l'actualit\u00e9 sportive.","email":"bonjour@dicodusport.fr","legalName":"DICODUSPORT","foundingDate":"2018-01-14","vatID":"FR71834470973","taxID":"83447097300043","numberOfEmployees":{"@type":"QuantitativeValue","minValue":"1","maxValue":"10"}},{"@type":"Person","@id":"https:\/\/dicodusport.fr\/blog\/#\/schema\/person\/37def232098a7a5cbab3974a3690abb0","name":"Maxime Cazenave","image":{"@type":"ImageObject","inLanguage":"fr-FR","@id":"https:\/\/dicodusport.fr\/blog\/#\/schema\/person\/image\/","url":"https:\/\/dicodusport.fr\/blog\/wp-content\/uploads\/2021\/05\/Maxime-Cazenave-150x150.jpg","contentUrl":"https:\/\/dicodusport.fr\/blog\/wp-content\/uploads\/2021\/05\/Maxime-Cazenave-150x150.jpg","caption":"Maxime Cazenave"},"description":"Journaliste\/R\u00e9dacteur depuis 2012 - Berc\u00e9 par l\u2019amour des Girondins de Bordeaux, les \u00e9checs de Christophe Moreau sur le Tour de France sous l'\u00e8re Lance Armstrong et le fade-away l\u00e9tal de Dirk Nowitzki, ma passion d\u00e9vorante pour le sport a toujours \u00e9t\u00e9 un pan incontournable de ma vie. Transmettre ma passion \u00e0 l\u2019\u00e9crit a \u00e9t\u00e9 une transition naturelle. Suiveur assidu de basket et de hockey sur glace, je garde toujours un peu de place pour suivre le cyclisme, le football et le maximum de performances fran\u00e7aises.","sameAs":["https:\/\/x.com\/https:\/\/twitter.com\/Maxime_Caze"],"url":"https:\/\/dicodusport.fr\/blog\/author\/maximec\/"}]}},"_links":{"self":[{"href":"https:\/\/dicodusport.fr\/blog\/wp-json\/wp\/v2\/posts\/647107","targetHints":{"allow":["GET"]}}],"collection":[{"href":"https:\/\/dicodusport.fr\/blog\/wp-json\/wp\/v2\/posts"}],"about":[{"href":"https:\/\/dicodusport.fr\/blog\/wp-json\/wp\/v2\/types\/post"}],"author":[{"embeddable":true,"href":"https:\/\/dicodusport.fr\/blog\/wp-json\/wp\/v2\/users\/55"}],"replies":[{"embeddable":true,"href":"https:\/\/dicodusport.fr\/blog\/wp-json\/wp\/v2\/comments?post=647107"}],"version-history":[{"count":5,"href":"https:\/\/dicodusport.fr\/blog\/wp-json\/wp\/v2\/posts\/647107\/revisions"}],"predecessor-version":[{"id":647340,"href":"https:\/\/dicodusport.fr\/blog\/wp-json\/wp\/v2\/posts\/647107\/revisions\/647340"}],"wp:featuredmedia":[{"embeddable":true,"href":"https:\/\/dicodusport.fr\/blog\/wp-json\/wp\/v2\/media\/647413"}],"wp:attachment":[{"href":"https:\/\/dicodusport.fr\/blog\/wp-json\/wp\/v2\/media?parent=647107"}],"wp:term":[{"taxonomy":"category","embeddable":true,"href":"https:\/\/dicodusport.fr\/blog\/wp-json\/wp\/v2\/categories?post=647107"},{"taxonomy":"post_tag","embeddable":true,"href":"https:\/\/dicodusport.fr\/blog\/wp-json\/wp\/v2\/tags?post=647107"}],"curies":[{"name":"wp","href":"https:\/\/api.w.org\/{rel}","templated":true}]}}