{"id":647215,"date":"2026-02-13T16:07:39","date_gmt":"2026-02-13T15:07:39","guid":{"rendered":"https:\/\/dicodusport.fr\/blog\/?p=647215&#038;preview=true&#038;preview_id=647215"},"modified":"2026-02-13T18:10:41","modified_gmt":"2026-02-13T17:10:41","slug":"present-dans-lechappee-arnaud-tendon-dompte-la-pluie-et-remporte-la-premiere-etape-du-tour-de-la-provence","status":"publish","type":"post","link":"https:\/\/dicodusport.fr\/blog\/present-dans-lechappee-arnaud-tendon-dompte-la-pluie-et-remporte-la-premiere-etape-du-tour-de-la-provence\/","title":{"rendered":"Pr\u00e9sent dans l&rsquo;\u00e9chapp\u00e9e, Arnaud Tendon dompte la pluie et remporte la premi\u00e8re \u00e9tape du Tour de La Provence"},"content":{"rendered":"<p style=\"text-align: justify;\"><strong><em>TOUR DE LA PROVENCE 2026 &#8211; Malgr\u00e9 le retour du peloton dans le final, l&rsquo;\u00e9chapp\u00e9e est all\u00e9e au bout de cette premi\u00e8re \u00e9tape, permettant \u00e0 Arnaud Tendon (Van Rysel-Roubaix) de remporter sa premi\u00e8re victoire de la saison.<\/em><\/strong><\/p>\n<ul style=\"text-align: justify;\">\n<li style=\"text-align: justify;\"><strong>\u00c0 ce sujet &#8211; <a href=\"https:\/\/dicodusport.fr\/blog\/tour-de-la-provence-2026-parcours-complet-et-profils-des-etapes\/\">Tour de La Provence 2026 : Parcours complet et profils des \u00e9tapes<\/a><\/strong><\/li>\n<\/ul>\n<p style=\"font-weight: 400; text-align: justify;\">C\u2019est sous une m\u00e9t\u00e9o apocalyptique et sur une chauss\u00e9e d\u00e9tremp\u00e9e que s\u2019est \u00e9lanc\u00e9e la 10e \u00e9dition du <strong>Tour de La Provence<\/strong>, compos\u00e9 comme l\u2019ann\u00e9e pr\u00e9c\u00e9dente de trois \u00e9tapes. Un triptyque qui satisfera autant les sprinteurs que les grimpeurs, avec des profils diff\u00e9rents chaque jour. Les baroudeurs, eux, pouvaient jouer leur carte d\u00e8s aujourd\u2019hui sur cette premi\u00e8re \u00e9tape accident\u00e9e reliant <strong>Marseille<\/strong> \u00e0 <strong>Saint-Victoret<\/strong>.<\/p>\n<h2 style=\"font-weight: 400; text-align: justify;\"><strong>Cinq hommes \u00e0 l\u2019avant de la course<\/strong><\/h2>\n<p style=\"font-weight: 400; text-align: justify;\">D\u00e8s les premiers kilom\u00e8tres de course, cinq coureurs ont fauss\u00e9 compagnie au peloton pour former l\u2019\u00e9chapp\u00e9e du jour : <strong>Arnaud Tendon<\/strong> (Van Rysel Roubaix), <strong>Jonas Walton<\/strong> (CIC Pro Cycling Academy), <strong>Mattia Bais<\/strong> (Team Polti VisitMalta), <strong>Bailey McDonald<\/strong> (Team Novo Nordisk) et <strong>David Zanutta<\/strong> (XDS Astana Development Team). Ils ouvraient la route avec une maigre avance qui ne d\u00e9passa jamais les cinq minutes.<\/p>\n<ul style=\"text-align: justify;\">\n<li style=\"text-align: justify;\"><strong>\u00c0 ce sujet &#8211; <a href=\"https:\/\/dicodusport.fr\/blog\/1ere-etape-tour-de-la-provence-2026-classement-et-resultats\/\">1\u00e8re \u00e9tape Tour de La Provence 2026 \u2013 Classement et r\u00e9sultats<\/a><\/strong><\/li>\n<\/ul>\n<p style=\"font-weight: 400; text-align: justify;\">\u00c0 l\u2019entame des 60 derniers kilom\u00e8tres de course, dans les pentes du <strong>Pas de la Couelle<\/strong> (5,1 km \u00e0 5 %), le groupe se scindait en deux. <strong>Bailey McDonald<\/strong> et <strong>David Zanutta<\/strong> l\u00e2chaient prise, laissant leurs compagnons d\u2019infortune poursuivre leur odyss\u00e9e pluvieuse.<\/p>\n<h2 style=\"font-weight: 400; text-align: justify;\"><strong>L\u2019\u00e9chapp\u00e9e r\u00e9siste au peloton<\/strong><\/h2>\n<p style=\"font-weight: 400; text-align: justify;\">Derniers rescap\u00e9s, <strong>Arnaud Tendon<\/strong> et <strong>Mattia Bais<\/strong> jet\u00e8rent leurs derni\u00e8res forces dans le final et r\u00e9sist\u00e8rent au retour d\u2019un peloton r\u00e9duit \u00e0 une quarantaine d\u2019unit\u00e9s. Malgr\u00e9 la chasse men\u00e9e depuis le d\u00e9but de l\u2019\u00e9tape par la formation <strong>INEOS Grenadiers<\/strong>, le duo de t\u00eate passait sous la flamme rouge avec une dizaine de secondes d\u2019avance. Dans les derniers hectom\u00e8tres, le peloton revenait \u00e0 vive allure sur les deux fuyards. <strong>Arnaud Tendon<\/strong> et <strong>Mattia Bais<\/strong> continuaient \u00e0 collaborer jusqu\u2019aux 200 derniers m\u00e8tres, distance choisie par le premier nomm\u00e9 pour d\u00e9border son comp\u00e8re et lancer son sprint.<\/p>\n<blockquote class=\"twitter-tweet\">\n<p dir=\"ltr\" lang=\"fr\">Sous le d\u00e9luge, l&rsquo;\u00e9chapp\u00e9e est all\u00e9e au bout sur la premi\u00e8re \u00e9tape du Tour de La Provence !<\/p>\n<p>C&rsquo;est le Suisse Arnaud Tendon qui d\u00e9croche la victoire, la deuxi\u00e8me de la saison pour son \u00e9quipe Van Rysel Roubaix ! <a href=\"https:\/\/twitter.com\/hashtag\/lequipeVELO?src=hash&amp;ref_src=twsrc%5Etfw\">#lequipeVELO<\/a> <a href=\"https:\/\/t.co\/I8QmI2FCmI\">pic.twitter.com\/I8QmI2FCmI<\/a><\/p>\n<p>\u2014 la chaine L&rsquo;\u00c9quipe (@lachainelequipe) <a href=\"https:\/\/twitter.com\/lachainelequipe\/status\/2022326064047948212?ref_src=twsrc%5Etfw\">February 13, 2026<\/a><\/p><\/blockquote>\n<p style=\"text-align: justify;\"><script async src=\"https:\/\/platform.twitter.com\/widgets.js\" charset=\"utf-8\"><\/script><\/p>\n<p style=\"text-align: justify;\">\u00c0 bout de force, <strong>Mattia Bais<\/strong> ne pouvait r\u00e9pondre. Il laissait <strong>Arnaud Tendon<\/strong> d\u00e9crocher le premier succ\u00e8s de sa carri\u00e8re, avec une vingtaine de m\u00e8tres d\u2019avance sur le peloton. Le beau d\u00e9but de saison de l\u2019\u00e9quipe <strong>Van Rysel Roubaix<\/strong> se poursuit, une semaine apr\u00e8s la victoire du Belge <strong>Joppe Heremans<\/strong> sur la quatri\u00e8me \u00e9tape de l\u2019<strong>\u00c9toile de Bess\u00e8ges<\/strong>.<\/p>\n<ul style=\"text-align: justify;\">\n<li style=\"text-align: justify;\"><strong>\u00c0 ce sujet \u2013\u00a0<a href=\"https:\/\/dicodusport.fr\/blog\/classement-general-tour-de-la-provence-2026-mis-a-jour\/\">Classement g\u00e9n\u00e9ral Tour de La Provence 2026 mis \u00e0 jour<\/a><\/strong><\/li>\n<\/ul>\n<div id=\"gtx-trans\" style=\"position: absolute; left: -14px; top: 40.9091px;\">\n<div class=\"gtx-trans-icon\" style=\"text-align: justify;\"><\/div>\n<\/div>\n","protected":false},"excerpt":{"rendered":"<p>TOUR DE LA PROVENCE 2026 &#8211; Malgr\u00e9 le retour du peloton dans le final, l&rsquo;\u00e9chapp\u00e9e est all\u00e9e au bout de cette premi\u00e8re \u00e9tape, permettant \u00e0 Arnaud Tendon (Van Rysel-Roubaix) de remporter sa premi\u00e8re victoire de la saison.<\/p>\n","protected":false},"author":107,"featured_media":647279,"comment_status":"open","ping_status":"closed","sticky":false,"template":"","format":"standard","meta":{"_acf_changed":false,"_daextam_enable_autolinks":"1","footnotes":""},"categories":[46994],"tags":[16878,574,11197,9916],"class_list":["post-647215","post","type-post","status-publish","format-standard","has-post-thumbnail","hentry","category-cyclisme-sur-route","tag-breve","tag-cyclisme","tag-cyclisme-sur-route","tag-tour-de-la-provence"],"acf":[],"yoast_head":"<!-- This site is optimized with the Yoast SEO Premium plugin v26.7 (Yoast SEO v26.7) - https:\/\/yoast.com\/wordpress\/plugins\/seo\/ -->\n<title>Pr\u00e9sent dans l&#039;\u00e9chapp\u00e9e, Arnaud Tendon dompte la pluie et remporte la premi\u00e8re \u00e9tape du Tour de La Provence<\/title>\n<meta name=\"description\" content=\"TOUR DE LA PROVENCE 2026 - l&#039;\u00e9chapp\u00e9e est all\u00e9e au bout, permettant \u00e0 Arnaud Tendon (Van Rysel-Roubaix) de remporter sa premi\u00e8re victoire de la saison.\" \/>\n<meta name=\"robots\" content=\"index, follow, max-snippet:-1, max-image-preview:large, max-video-preview:-1\" \/>\n<link rel=\"canonical\" href=\"https:\/\/dicodusport.fr\/blog\/present-dans-lechappee-arnaud-tendon-dompte-la-pluie-et-remporte-la-premiere-etape-du-tour-de-la-provence\/\" \/>\n<meta property=\"og:locale\" content=\"fr_FR\" \/>\n<meta property=\"og:type\" content=\"article\" \/>\n<meta property=\"og:title\" content=\"Pr\u00e9sent dans l&#039;\u00e9chapp\u00e9e, Arnaud Tendon dompte la pluie et remporte la premi\u00e8re \u00e9tape du Tour de La Provence\" \/>\n<meta property=\"og:description\" content=\"TOUR DE LA PROVENCE 2026 - l&#039;\u00e9chapp\u00e9e est all\u00e9e au bout, permettant \u00e0 Arnaud Tendon (Van Rysel-Roubaix) de remporter sa premi\u00e8re victoire de la saison.\" \/>\n<meta property=\"og:url\" content=\"https:\/\/dicodusport.fr\/blog\/present-dans-lechappee-arnaud-tendon-dompte-la-pluie-et-remporte-la-premiere-etape-du-tour-de-la-provence\/\" \/>\n<meta property=\"og:site_name\" content=\"Dicodusport\" \/>\n<meta property=\"article:publisher\" content=\"https:\/\/www.facebook.com\/dicodusport\" \/>\n<meta property=\"article:published_time\" content=\"2026-02-13T15:07:39+00:00\" \/>\n<meta property=\"article:modified_time\" content=\"2026-02-13T17:10:41+00:00\" \/>\n<meta property=\"og:image\" content=\"https:\/\/dicodusport.fr\/blog\/wp-content\/uploads\/2026\/02\/Present-dans-lechappee-Arnaud-Tendon-dompte-la-pluie-et-remporte-la-premiere-etape-du-Tour-de-la-Provence-1.png\" \/>\n\t<meta property=\"og:image:width\" content=\"1200\" \/>\n\t<meta property=\"og:image:height\" content=\"674\" \/>\n\t<meta property=\"og:image:type\" content=\"image\/png\" \/>\n<meta name=\"author\" content=\"Th\u00e9o Gripon Auer\" \/>\n<meta name=\"twitter:card\" content=\"summary_large_image\" \/>\n<meta name=\"twitter:title\" content=\"Pr\u00e9sent dans l&#039;\u00e9chapp\u00e9e, Arnaud Tendon dompte la pluie et remporte la premi\u00e8re \u00e9tape du Tour de La Provence\" \/>\n<meta name=\"twitter:creator\" content=\"@dicodusport\" \/>\n<meta name=\"twitter:site\" content=\"@dicodusport\" \/>\n<script type=\"application\/ld+json\" class=\"yoast-schema-graph\">{\"@context\":\"https:\/\/schema.org\",\"@graph\":[{\"@type\":\"NewsArticle\",\"@id\":\"https:\/\/dicodusport.fr\/blog\/present-dans-lechappee-arnaud-tendon-dompte-la-pluie-et-remporte-la-premiere-etape-du-tour-de-la-provence\/#article\",\"isPartOf\":{\"@id\":\"https:\/\/dicodusport.fr\/blog\/present-dans-lechappee-arnaud-tendon-dompte-la-pluie-et-remporte-la-premiere-etape-du-tour-de-la-provence\/\"},\"author\":{\"name\":\"Th\u00e9o Gripon Auer\",\"@id\":\"https:\/\/dicodusport.fr\/blog\/#\/schema\/person\/c0d35c220c4e79773da9e19a595ab67c\"},\"headline\":\"Pr\u00e9sent dans l&rsquo;\u00e9chapp\u00e9e, Arnaud Tendon dompte la pluie et remporte la premi\u00e8re \u00e9tape du Tour de La Provence\",\"datePublished\":\"2026-02-13T15:07:39+00:00\",\"dateModified\":\"2026-02-13T17:10:41+00:00\",\"mainEntityOfPage\":{\"@id\":\"https:\/\/dicodusport.fr\/blog\/present-dans-lechappee-arnaud-tendon-dompte-la-pluie-et-remporte-la-premiere-etape-du-tour-de-la-provence\/\"},\"wordCount\":535,\"commentCount\":0,\"publisher\":{\"@id\":\"https:\/\/dicodusport.fr\/blog\/#organization\"},\"image\":{\"@id\":\"https:\/\/dicodusport.fr\/blog\/present-dans-lechappee-arnaud-tendon-dompte-la-pluie-et-remporte-la-premiere-etape-du-tour-de-la-provence\/#primaryimage\"},\"thumbnailUrl\":\"https:\/\/dicodusport.fr\/blog\/wp-content\/uploads\/2026\/02\/Present-dans-lechappee-Arnaud-Tendon-dompte-la-pluie-et-remporte-la-premiere-etape-du-Tour-de-la-Provence-1.png\",\"keywords\":[\"br\u00e8ve\",\"Cyclisme\",\"Cyclisme sur route\",\"Tour de La Provence\"],\"articleSection\":[\"Cyclisme sur route\"],\"inLanguage\":\"fr-FR\",\"potentialAction\":[{\"@type\":\"CommentAction\",\"name\":\"Comment\",\"target\":[\"https:\/\/dicodusport.fr\/blog\/present-dans-lechappee-arnaud-tendon-dompte-la-pluie-et-remporte-la-premiere-etape-du-tour-de-la-provence\/#respond\"]}],\"copyrightYear\":\"2026\",\"copyrightHolder\":{\"@id\":\"https:\/\/dicodusport.fr\/blog\/#organization\"}},{\"@type\":\"WebPage\",\"@id\":\"https:\/\/dicodusport.fr\/blog\/present-dans-lechappee-arnaud-tendon-dompte-la-pluie-et-remporte-la-premiere-etape-du-tour-de-la-provence\/\",\"url\":\"https:\/\/dicodusport.fr\/blog\/present-dans-lechappee-arnaud-tendon-dompte-la-pluie-et-remporte-la-premiere-etape-du-tour-de-la-provence\/\",\"name\":\"Pr\u00e9sent dans l'\u00e9chapp\u00e9e, Arnaud Tendon dompte la pluie et remporte la premi\u00e8re \u00e9tape du Tour de La Provence\",\"isPartOf\":{\"@id\":\"https:\/\/dicodusport.fr\/blog\/#website\"},\"primaryImageOfPage\":{\"@id\":\"https:\/\/dicodusport.fr\/blog\/present-dans-lechappee-arnaud-tendon-dompte-la-pluie-et-remporte-la-premiere-etape-du-tour-de-la-provence\/#primaryimage\"},\"image\":{\"@id\":\"https:\/\/dicodusport.fr\/blog\/present-dans-lechappee-arnaud-tendon-dompte-la-pluie-et-remporte-la-premiere-etape-du-tour-de-la-provence\/#primaryimage\"},\"thumbnailUrl\":\"https:\/\/dicodusport.fr\/blog\/wp-content\/uploads\/2026\/02\/Present-dans-lechappee-Arnaud-Tendon-dompte-la-pluie-et-remporte-la-premiere-etape-du-Tour-de-la-Provence-1.png\",\"datePublished\":\"2026-02-13T15:07:39+00:00\",\"dateModified\":\"2026-02-13T17:10:41+00:00\",\"description\":\"TOUR DE LA PROVENCE 2026 - l'\u00e9chapp\u00e9e est all\u00e9e au bout, permettant \u00e0 Arnaud Tendon (Van Rysel-Roubaix) de remporter sa premi\u00e8re victoire de la saison.\",\"breadcrumb\":{\"@id\":\"https:\/\/dicodusport.fr\/blog\/present-dans-lechappee-arnaud-tendon-dompte-la-pluie-et-remporte-la-premiere-etape-du-tour-de-la-provence\/#breadcrumb\"},\"inLanguage\":\"fr-FR\",\"potentialAction\":[{\"@type\":\"ReadAction\",\"target\":[\"https:\/\/dicodusport.fr\/blog\/present-dans-lechappee-arnaud-tendon-dompte-la-pluie-et-remporte-la-premiere-etape-du-tour-de-la-provence\/\"]}]},{\"@type\":\"ImageObject\",\"inLanguage\":\"fr-FR\",\"@id\":\"https:\/\/dicodusport.fr\/blog\/present-dans-lechappee-arnaud-tendon-dompte-la-pluie-et-remporte-la-premiere-etape-du-tour-de-la-provence\/#primaryimage\",\"url\":\"https:\/\/dicodusport.fr\/blog\/wp-content\/uploads\/2026\/02\/Present-dans-lechappee-Arnaud-Tendon-dompte-la-pluie-et-remporte-la-premiere-etape-du-Tour-de-la-Provence-1.png\",\"contentUrl\":\"https:\/\/dicodusport.fr\/blog\/wp-content\/uploads\/2026\/02\/Present-dans-lechappee-Arnaud-Tendon-dompte-la-pluie-et-remporte-la-premiere-etape-du-Tour-de-la-Provence-1.png\",\"width\":1200,\"height\":674,\"caption\":\"Pr\u00e9sent dans l'\u00e9chapp\u00e9e, Arnaud Tendon dompte la pluie et remporte la premi\u00e8re \u00e9tape du Tour de la Provence\"},{\"@type\":\"BreadcrumbList\",\"@id\":\"https:\/\/dicodusport.fr\/blog\/present-dans-lechappee-arnaud-tendon-dompte-la-pluie-et-remporte-la-premiere-etape-du-tour-de-la-provence\/#breadcrumb\",\"itemListElement\":[{\"@type\":\"ListItem\",\"position\":1,\"name\":\"Accueil\",\"item\":\"https:\/\/dicodusport.fr\/blog\/\"},{\"@type\":\"ListItem\",\"position\":2,\"name\":\"Pr\u00e9sent dans l&rsquo;\u00e9chapp\u00e9e, Arnaud Tendon dompte la pluie et remporte la premi\u00e8re \u00e9tape du Tour de La Provence\"}]},{\"@type\":\"WebSite\",\"@id\":\"https:\/\/dicodusport.fr\/blog\/#website\",\"url\":\"https:\/\/dicodusport.fr\/blog\/\",\"name\":\"Dicodusport\",\"description\":\"L&#039;encyclop\u00e9die de l&#039;actualit\u00e9 sportive\",\"publisher\":{\"@id\":\"https:\/\/dicodusport.fr\/blog\/#organization\"},\"potentialAction\":[{\"@type\":\"SearchAction\",\"target\":{\"@type\":\"EntryPoint\",\"urlTemplate\":\"https:\/\/dicodusport.fr\/blog\/?s={search_term_string}\"},\"query-input\":{\"@type\":\"PropertyValueSpecification\",\"valueRequired\":true,\"valueName\":\"search_term_string\"}}],\"inLanguage\":\"fr-FR\"},{\"@type\":\"NewsMediaOrganization\",\"@id\":\"https:\/\/dicodusport.fr\/blog\/#organization\",\"name\":\"Dicodusport\",\"url\":\"https:\/\/dicodusport.fr\/blog\/\",\"logo\":{\"@type\":\"ImageObject\",\"inLanguage\":\"fr-FR\",\"@id\":\"https:\/\/dicodusport.fr\/blog\/#\/schema\/logo\/image\/\",\"url\":\"https:\/\/dicodusport.fr\/blog\/wp-content\/uploads\/2020\/06\/cropped-LOGO-DICODUSPORT-2020-SANS-FOND-SANS-TEXTE.png\",\"contentUrl\":\"https:\/\/dicodusport.fr\/blog\/wp-content\/uploads\/2020\/06\/cropped-LOGO-DICODUSPORT-2020-SANS-FOND-SANS-TEXTE.png\",\"width\":512,\"height\":512,\"caption\":\"Dicodusport\"},\"image\":{\"@id\":\"https:\/\/dicodusport.fr\/blog\/#\/schema\/logo\/image\/\"},\"sameAs\":[\"https:\/\/www.facebook.com\/dicodusport\",\"https:\/\/x.com\/dicodusport\",\"https:\/\/www.instagram.com\/dicodusport\/\",\"https:\/\/www.youtube.com\/channel\/UC7V2KZ5sd3htJivAbA4ZG3w\"],\"description\":\"Dicodusport est l'encyclop\u00e9die de l'actualit\u00e9 sportive.\",\"email\":\"bonjour@dicodusport.fr\",\"legalName\":\"DICODUSPORT\",\"foundingDate\":\"2018-01-14\",\"vatID\":\"FR71834470973\",\"taxID\":\"83447097300043\",\"numberOfEmployees\":{\"@type\":\"QuantitativeValue\",\"minValue\":\"1\",\"maxValue\":\"10\"}},{\"@type\":\"Person\",\"@id\":\"https:\/\/dicodusport.fr\/blog\/#\/schema\/person\/c0d35c220c4e79773da9e19a595ab67c\",\"name\":\"Th\u00e9o Gripon Auer\",\"image\":{\"@type\":\"ImageObject\",\"inLanguage\":\"fr-FR\",\"@id\":\"https:\/\/dicodusport.fr\/blog\/#\/schema\/person\/image\/\",\"url\":\"https:\/\/dicodusport.fr\/blog\/wp-content\/uploads\/2025\/02\/Maillot-Dicodusport-Theo-150x150.png\",\"contentUrl\":\"https:\/\/dicodusport.fr\/blog\/wp-content\/uploads\/2025\/02\/Maillot-Dicodusport-Theo-150x150.png\",\"caption\":\"Th\u00e9o Gripon Auer\"},\"description\":\"Partag\u00e9 entre la passion du sport et celle de l\u2019\u00e9criture, je f\u00e9d\u00e8re les deux au service de Dicodusport. Un poil frustr\u00e9 de ne pas avoir r\u00e9ussi \u00e0 devenir sportif pro, alors que je ne me suis jamais fait les crois\u00e9s, je partage tout de m\u00eame un point commun avec Tadej Pogacar, Cristiano Ronaldo et John McEnroe : celui de n\u2019avoir jamais \u00e9t\u00e9 champion olympique.\",\"url\":\"https:\/\/dicodusport.fr\/blog\/author\/theo-gripon-auer\/\"}]}<\/script>\n<!-- \/ Yoast SEO Premium plugin. -->","yoast_head_json":{"title":"Pr\u00e9sent dans l'\u00e9chapp\u00e9e, Arnaud Tendon dompte la pluie et remporte la premi\u00e8re \u00e9tape du Tour de La Provence","description":"TOUR DE LA PROVENCE 2026 - l'\u00e9chapp\u00e9e est all\u00e9e au bout, permettant \u00e0 Arnaud Tendon (Van Rysel-Roubaix) de remporter sa premi\u00e8re victoire de la saison.","robots":{"index":"index","follow":"follow","max-snippet":"max-snippet:-1","max-image-preview":"max-image-preview:large","max-video-preview":"max-video-preview:-1"},"canonical":"https:\/\/dicodusport.fr\/blog\/present-dans-lechappee-arnaud-tendon-dompte-la-pluie-et-remporte-la-premiere-etape-du-tour-de-la-provence\/","og_locale":"fr_FR","og_type":"article","og_title":"Pr\u00e9sent dans l'\u00e9chapp\u00e9e, Arnaud Tendon dompte la pluie et remporte la premi\u00e8re \u00e9tape du Tour de La Provence","og_description":"TOUR DE LA PROVENCE 2026 - l'\u00e9chapp\u00e9e est all\u00e9e au bout, permettant \u00e0 Arnaud Tendon (Van Rysel-Roubaix) de remporter sa premi\u00e8re victoire de la saison.","og_url":"https:\/\/dicodusport.fr\/blog\/present-dans-lechappee-arnaud-tendon-dompte-la-pluie-et-remporte-la-premiere-etape-du-tour-de-la-provence\/","og_site_name":"Dicodusport","article_publisher":"https:\/\/www.facebook.com\/dicodusport","article_published_time":"2026-02-13T15:07:39+00:00","article_modified_time":"2026-02-13T17:10:41+00:00","og_image":[{"width":1200,"height":674,"url":"https:\/\/dicodusport.fr\/blog\/wp-content\/uploads\/2026\/02\/Present-dans-lechappee-Arnaud-Tendon-dompte-la-pluie-et-remporte-la-premiere-etape-du-Tour-de-la-Provence-1.png","type":"image\/png"}],"author":"Th\u00e9o Gripon Auer","twitter_card":"summary_large_image","twitter_title":"Pr\u00e9sent dans l'\u00e9chapp\u00e9e, Arnaud Tendon dompte la pluie et remporte la premi\u00e8re \u00e9tape du Tour de La Provence","twitter_creator":"@dicodusport","twitter_site":"@dicodusport","schema":{"@context":"https:\/\/schema.org","@graph":[{"@type":"NewsArticle","@id":"https:\/\/dicodusport.fr\/blog\/present-dans-lechappee-arnaud-tendon-dompte-la-pluie-et-remporte-la-premiere-etape-du-tour-de-la-provence\/#article","isPartOf":{"@id":"https:\/\/dicodusport.fr\/blog\/present-dans-lechappee-arnaud-tendon-dompte-la-pluie-et-remporte-la-premiere-etape-du-tour-de-la-provence\/"},"author":{"name":"Th\u00e9o Gripon Auer","@id":"https:\/\/dicodusport.fr\/blog\/#\/schema\/person\/c0d35c220c4e79773da9e19a595ab67c"},"headline":"Pr\u00e9sent dans l&rsquo;\u00e9chapp\u00e9e, Arnaud Tendon dompte la pluie et remporte la premi\u00e8re \u00e9tape du Tour de La Provence","datePublished":"2026-02-13T15:07:39+00:00","dateModified":"2026-02-13T17:10:41+00:00","mainEntityOfPage":{"@id":"https:\/\/dicodusport.fr\/blog\/present-dans-lechappee-arnaud-tendon-dompte-la-pluie-et-remporte-la-premiere-etape-du-tour-de-la-provence\/"},"wordCount":535,"commentCount":0,"publisher":{"@id":"https:\/\/dicodusport.fr\/blog\/#organization"},"image":{"@id":"https:\/\/dicodusport.fr\/blog\/present-dans-lechappee-arnaud-tendon-dompte-la-pluie-et-remporte-la-premiere-etape-du-tour-de-la-provence\/#primaryimage"},"thumbnailUrl":"https:\/\/dicodusport.fr\/blog\/wp-content\/uploads\/2026\/02\/Present-dans-lechappee-Arnaud-Tendon-dompte-la-pluie-et-remporte-la-premiere-etape-du-Tour-de-la-Provence-1.png","keywords":["br\u00e8ve","Cyclisme","Cyclisme sur route","Tour de La Provence"],"articleSection":["Cyclisme sur route"],"inLanguage":"fr-FR","potentialAction":[{"@type":"CommentAction","name":"Comment","target":["https:\/\/dicodusport.fr\/blog\/present-dans-lechappee-arnaud-tendon-dompte-la-pluie-et-remporte-la-premiere-etape-du-tour-de-la-provence\/#respond"]}],"copyrightYear":"2026","copyrightHolder":{"@id":"https:\/\/dicodusport.fr\/blog\/#organization"}},{"@type":"WebPage","@id":"https:\/\/dicodusport.fr\/blog\/present-dans-lechappee-arnaud-tendon-dompte-la-pluie-et-remporte-la-premiere-etape-du-tour-de-la-provence\/","url":"https:\/\/dicodusport.fr\/blog\/present-dans-lechappee-arnaud-tendon-dompte-la-pluie-et-remporte-la-premiere-etape-du-tour-de-la-provence\/","name":"Pr\u00e9sent dans l'\u00e9chapp\u00e9e, Arnaud Tendon dompte la pluie et remporte la premi\u00e8re \u00e9tape du Tour de La Provence","isPartOf":{"@id":"https:\/\/dicodusport.fr\/blog\/#website"},"primaryImageOfPage":{"@id":"https:\/\/dicodusport.fr\/blog\/present-dans-lechappee-arnaud-tendon-dompte-la-pluie-et-remporte-la-premiere-etape-du-tour-de-la-provence\/#primaryimage"},"image":{"@id":"https:\/\/dicodusport.fr\/blog\/present-dans-lechappee-arnaud-tendon-dompte-la-pluie-et-remporte-la-premiere-etape-du-tour-de-la-provence\/#primaryimage"},"thumbnailUrl":"https:\/\/dicodusport.fr\/blog\/wp-content\/uploads\/2026\/02\/Present-dans-lechappee-Arnaud-Tendon-dompte-la-pluie-et-remporte-la-premiere-etape-du-Tour-de-la-Provence-1.png","datePublished":"2026-02-13T15:07:39+00:00","dateModified":"2026-02-13T17:10:41+00:00","description":"TOUR DE LA PROVENCE 2026 - l'\u00e9chapp\u00e9e est all\u00e9e au bout, permettant \u00e0 Arnaud Tendon (Van Rysel-Roubaix) de remporter sa premi\u00e8re victoire de la saison.","breadcrumb":{"@id":"https:\/\/dicodusport.fr\/blog\/present-dans-lechappee-arnaud-tendon-dompte-la-pluie-et-remporte-la-premiere-etape-du-tour-de-la-provence\/#breadcrumb"},"inLanguage":"fr-FR","potentialAction":[{"@type":"ReadAction","target":["https:\/\/dicodusport.fr\/blog\/present-dans-lechappee-arnaud-tendon-dompte-la-pluie-et-remporte-la-premiere-etape-du-tour-de-la-provence\/"]}]},{"@type":"ImageObject","inLanguage":"fr-FR","@id":"https:\/\/dicodusport.fr\/blog\/present-dans-lechappee-arnaud-tendon-dompte-la-pluie-et-remporte-la-premiere-etape-du-tour-de-la-provence\/#primaryimage","url":"https:\/\/dicodusport.fr\/blog\/wp-content\/uploads\/2026\/02\/Present-dans-lechappee-Arnaud-Tendon-dompte-la-pluie-et-remporte-la-premiere-etape-du-Tour-de-la-Provence-1.png","contentUrl":"https:\/\/dicodusport.fr\/blog\/wp-content\/uploads\/2026\/02\/Present-dans-lechappee-Arnaud-Tendon-dompte-la-pluie-et-remporte-la-premiere-etape-du-Tour-de-la-Provence-1.png","width":1200,"height":674,"caption":"Pr\u00e9sent dans l'\u00e9chapp\u00e9e, Arnaud Tendon dompte la pluie et remporte la premi\u00e8re \u00e9tape du Tour de la Provence"},{"@type":"BreadcrumbList","@id":"https:\/\/dicodusport.fr\/blog\/present-dans-lechappee-arnaud-tendon-dompte-la-pluie-et-remporte-la-premiere-etape-du-tour-de-la-provence\/#breadcrumb","itemListElement":[{"@type":"ListItem","position":1,"name":"Accueil","item":"https:\/\/dicodusport.fr\/blog\/"},{"@type":"ListItem","position":2,"name":"Pr\u00e9sent dans l&rsquo;\u00e9chapp\u00e9e, Arnaud Tendon dompte la pluie et remporte la premi\u00e8re \u00e9tape du Tour de La Provence"}]},{"@type":"WebSite","@id":"https:\/\/dicodusport.fr\/blog\/#website","url":"https:\/\/dicodusport.fr\/blog\/","name":"Dicodusport","description":"L&#039;encyclop\u00e9die de l&#039;actualit\u00e9 sportive","publisher":{"@id":"https:\/\/dicodusport.fr\/blog\/#organization"},"potentialAction":[{"@type":"SearchAction","target":{"@type":"EntryPoint","urlTemplate":"https:\/\/dicodusport.fr\/blog\/?s={search_term_string}"},"query-input":{"@type":"PropertyValueSpecification","valueRequired":true,"valueName":"search_term_string"}}],"inLanguage":"fr-FR"},{"@type":"NewsMediaOrganization","@id":"https:\/\/dicodusport.fr\/blog\/#organization","name":"Dicodusport","url":"https:\/\/dicodusport.fr\/blog\/","logo":{"@type":"ImageObject","inLanguage":"fr-FR","@id":"https:\/\/dicodusport.fr\/blog\/#\/schema\/logo\/image\/","url":"https:\/\/dicodusport.fr\/blog\/wp-content\/uploads\/2020\/06\/cropped-LOGO-DICODUSPORT-2020-SANS-FOND-SANS-TEXTE.png","contentUrl":"https:\/\/dicodusport.fr\/blog\/wp-content\/uploads\/2020\/06\/cropped-LOGO-DICODUSPORT-2020-SANS-FOND-SANS-TEXTE.png","width":512,"height":512,"caption":"Dicodusport"},"image":{"@id":"https:\/\/dicodusport.fr\/blog\/#\/schema\/logo\/image\/"},"sameAs":["https:\/\/www.facebook.com\/dicodusport","https:\/\/x.com\/dicodusport","https:\/\/www.instagram.com\/dicodusport\/","https:\/\/www.youtube.com\/channel\/UC7V2KZ5sd3htJivAbA4ZG3w"],"description":"Dicodusport est l'encyclop\u00e9die de l'actualit\u00e9 sportive.","email":"bonjour@dicodusport.fr","legalName":"DICODUSPORT","foundingDate":"2018-01-14","vatID":"FR71834470973","taxID":"83447097300043","numberOfEmployees":{"@type":"QuantitativeValue","minValue":"1","maxValue":"10"}},{"@type":"Person","@id":"https:\/\/dicodusport.fr\/blog\/#\/schema\/person\/c0d35c220c4e79773da9e19a595ab67c","name":"Th\u00e9o Gripon Auer","image":{"@type":"ImageObject","inLanguage":"fr-FR","@id":"https:\/\/dicodusport.fr\/blog\/#\/schema\/person\/image\/","url":"https:\/\/dicodusport.fr\/blog\/wp-content\/uploads\/2025\/02\/Maillot-Dicodusport-Theo-150x150.png","contentUrl":"https:\/\/dicodusport.fr\/blog\/wp-content\/uploads\/2025\/02\/Maillot-Dicodusport-Theo-150x150.png","caption":"Th\u00e9o Gripon Auer"},"description":"Partag\u00e9 entre la passion du sport et celle de l\u2019\u00e9criture, je f\u00e9d\u00e8re les deux au service de Dicodusport. Un poil frustr\u00e9 de ne pas avoir r\u00e9ussi \u00e0 devenir sportif pro, alors que je ne me suis jamais fait les crois\u00e9s, je partage tout de m\u00eame un point commun avec Tadej Pogacar, Cristiano Ronaldo et John McEnroe : celui de n\u2019avoir jamais \u00e9t\u00e9 champion olympique.","url":"https:\/\/dicodusport.fr\/blog\/author\/theo-gripon-auer\/"}]}},"_links":{"self":[{"href":"https:\/\/dicodusport.fr\/blog\/wp-json\/wp\/v2\/posts\/647215","targetHints":{"allow":["GET"]}}],"collection":[{"href":"https:\/\/dicodusport.fr\/blog\/wp-json\/wp\/v2\/posts"}],"about":[{"href":"https:\/\/dicodusport.fr\/blog\/wp-json\/wp\/v2\/types\/post"}],"author":[{"embeddable":true,"href":"https:\/\/dicodusport.fr\/blog\/wp-json\/wp\/v2\/users\/107"}],"replies":[{"embeddable":true,"href":"https:\/\/dicodusport.fr\/blog\/wp-json\/wp\/v2\/comments?post=647215"}],"version-history":[{"count":5,"href":"https:\/\/dicodusport.fr\/blog\/wp-json\/wp\/v2\/posts\/647215\/revisions"}],"predecessor-version":[{"id":647331,"href":"https:\/\/dicodusport.fr\/blog\/wp-json\/wp\/v2\/posts\/647215\/revisions\/647331"}],"wp:featuredmedia":[{"embeddable":true,"href":"https:\/\/dicodusport.fr\/blog\/wp-json\/wp\/v2\/media\/647279"}],"wp:attachment":[{"href":"https:\/\/dicodusport.fr\/blog\/wp-json\/wp\/v2\/media?parent=647215"}],"wp:term":[{"taxonomy":"category","embeddable":true,"href":"https:\/\/dicodusport.fr\/blog\/wp-json\/wp\/v2\/categories?post=647215"},{"taxonomy":"post_tag","embeddable":true,"href":"https:\/\/dicodusport.fr\/blog\/wp-json\/wp\/v2\/tags?post=647215"}],"curies":[{"name":"wp","href":"https:\/\/api.w.org\/{rel}","templated":true}]}}