{"id":647341,"date":"2026-02-13T20:29:39","date_gmt":"2026-02-13T19:29:39","guid":{"rendered":"https:\/\/dicodusport.fr\/blog\/?p=647341&#038;preview=true&#038;preview_id=647341"},"modified":"2026-02-13T20:29:39","modified_gmt":"2026-02-13T19:29:39","slug":"jo-2026-geant-hommes-startlist-et-dossards-des-francais-engages","status":"publish","type":"post","link":"https:\/\/dicodusport.fr\/blog\/jo-2026-geant-hommes-startlist-et-dossards-des-francais-engages\/","title":{"rendered":"JO 2026 G\u00e9ant hommes : startlist et dossards des Fran\u00e7ais engag\u00e9s"},"content":{"rendered":"<p style=\"text-align: justify;\"><strong><em>Qui sont les Fran\u00e7ais au d\u00e9part du g\u00e9ant hommes aux JO 2026 ? Startlist officielle, dossards et ordre de passage.<\/em><\/strong><\/p>\n<ul>\n<li style=\"text-align: justify;\"><strong>\u00c0 ce sujet &#8211; <a href=\"https:\/\/dicodusport.fr\/blog\/calendrier-jo-dhiver-2026-programme-complet-des-epreuves-jour-par-jour-milan-cortina\/\">Calendrier JO d\u2019hiver 2026 : programme complet des \u00e9preuves, jour par jour (Milan-Cortina)<\/a><\/strong><\/li>\n<\/ul>\n<p style=\"text-align: justify;\">La <strong>premi\u00e8re manche du g\u00e9ant hommes des Jeux Olympiques 2026<\/strong>, programm\u00e9e ce <strong>samedi 14 f\u00e9vrier<\/strong> \u00e0 10h00 sur la piste du <em>Stelvio<\/em>, s\u2019annonce particuli\u00e8rement relev\u00e9e. La startlist fait \u00e9tat de <strong>81 concurrents issus de 62 nations<\/strong>, un plateau dense et tr\u00e8s international.<\/p>\n<h2 style=\"text-align: justify;\">Les dossards \u00e0 suivre<\/h2>\n<p style=\"text-align: justify;\">Le tirage des dossards place d\u2019entr\u00e9e plusieurs grands noms dans le portillon. <strong>Lucas Pinheiro Braathen<\/strong> ouvrira la course avec le dossard 1, devant le Norv\u00e9gien <strong>Atle Lie McGrath<\/strong> et son compatriote <strong>Henrik Kristoffersen<\/strong>. L\u2019Autrichien <strong>Marco Schwarz<\/strong> s\u2019\u00e9lancera avec le 4, juste avant le grand favori suisse <strong>Marco Odermatt<\/strong> (5), suivi de <strong>Lo\u00efc Meillard<\/strong> (6). Ce premier groupe concentre une grande partie des sp\u00e9cialistes du g\u00e9ant et pourrait d\u00e9j\u00e0 donner le ton sur une piste r\u00e9put\u00e9e exigeante.<\/p>\n<p style=\"text-align: justify;\">Parmi les autres t\u00eates d\u2019affiche figurent <strong>Stefan Brennsteiner<\/strong>, <strong>\u017dan Kranjec<\/strong> et <strong>Thomas Tumler<\/strong> dans les dix premiers dossards, ainsi que le Fran\u00e7ais <strong>L\u00e9o Anguenot<\/strong>, qui partira avec le 10. L\u2019Am\u00e9ricain <strong>River Radamus<\/strong> (15) et l\u2019Italien <strong>Luca De Aliprandini<\/strong> (21) tenteront eux aussi de se placer avant la deuxi\u00e8me manche. Deuxi\u00e8me Fran\u00e7ais en lice, <a href=\"https:\/\/dicodusport.fr\/blog\/alban-elezi-cannaferina-invite-de-derniere-minute-aux-jo-et-peut-etre-mieux\/\"><strong>Alban Elezi Cannaferina<\/strong><\/a> partira avec 20.<\/p>\n<p style=\"text-align: justify;\">Avec <strong>un d\u00e9nivel\u00e9 de 390 m\u00e8tres<\/strong>, 56 portes en premi\u00e8re manche et un d\u00e9part situ\u00e9 \u00e0 1 619 m d\u2019altitude, le trac\u00e9 du Stelvio devrait rapidement cr\u00e9er des \u00e9carts et r\u00e9compenser les skieurs les plus solides techniquement. Tous les regards seront tourn\u00e9s vers le premier groupe, appel\u00e9 \u00e0 poser les bases de la bataille olympique.<\/p>\n<div class=\"vlp-link-container vlp-layout-article\"><a href=\"https:\/\/dicodusport.fr\/blog\/ski-alpin-jo-2026-programme-horaires-et-resultats\/\" class=\"vlp-link\" title=\"Ski alpin JO 2026 : Programme, Horaires et R\u00e9sultats\"><\/a><div class=\"vlp-layout-zone-side\"><div class=\"vlp-block-4 vlp-link-image\"><img loading=\"lazy\" decoding=\"async\" style=\"max-width: 792px;\" width=\"792\" height=\"445\" src=\"https:\/\/dicodusport.fr\/blog\/wp-content\/uploads\/2026\/02\/Ski-alpin-JO-2026-Programme-Horaires-et-Resultats.png\" class=\"attachment-800x445 size-800x445\" alt=\"Ski alpin JO 2026 Programme, Horaires et R\u00e9sultats\" srcset=\"https:\/\/dicodusport.fr\/blog\/wp-content\/uploads\/2026\/02\/Ski-alpin-JO-2026-Programme-Horaires-et-Resultats.png 1200w, https:\/\/dicodusport.fr\/blog\/wp-content\/uploads\/2026\/02\/Ski-alpin-JO-2026-Programme-Horaires-et-Resultats-300x169.png 300w, https:\/\/dicodusport.fr\/blog\/wp-content\/uploads\/2026\/02\/Ski-alpin-JO-2026-Programme-Horaires-et-Resultats-1024x575.png 1024w, https:\/\/dicodusport.fr\/blog\/wp-content\/uploads\/2026\/02\/Ski-alpin-JO-2026-Programme-Horaires-et-Resultats-768x431.png 768w\" sizes=\"auto, (max-width: 792px) 100vw, 792px\" \/><\/div><\/div><div class=\"vlp-layout-zone-main\"><div class=\"vlp-block-0 vlp-link-title\">Ski alpin JO 2026 : Programme, Horaires et R\u00e9sultats<\/div><div class=\"vlp-block-1 vlp-link-summary\">Retrouvez le programme complet, les horaires et les r\u00e9sultats des \u00e9preuves de ski lapin aux Jeux Olympiques 2026 de Milan-Cortina.<\/div><div class=\"vlp-block-2 vlp-link-button\">Lire l'article<\/div><div class=\"vlp-block-3 vlp-link-url\">dicodusport.fr<\/div><\/div><\/div>\n<h2 style=\"text-align: justify;\">Startlist officielle et dossards du g\u00e9ant hommes \u2013 JO 2026<\/h2>\n<p>&nbsp;<\/p>\n<h3 style=\"text-align: justify;\">Dicodusport vous conseille<\/h3>\n<ul>\n<li><a href=\"https:\/\/dicodusport.fr\/blog\/ski-alpin-coupe-du-monde-2025-2026-le-calendrier-complet\/\"><strong>Ski alpin Coupe du monde 2025-2026 \u2013 Le calendrier complet<\/strong><\/a><\/li>\n<\/ul>\n<p>&nbsp;<\/p>\n<div id=\"gtx-trans\" style=\"position: absolute; left: 138px; top: 1315.59px;\">\n<div class=\"gtx-trans-icon\"><\/div>\n<\/div>\n","protected":false},"excerpt":{"rendered":"<p>Qui sont les Fran\u00e7ais au d\u00e9part du g\u00e9ant hommes aux JO 2026 ? Startlist officielle, dossards et ordre de passage.<\/p>\n","protected":false},"author":4,"featured_media":647384,"comment_status":"open","ping_status":"closed","sticky":false,"template":"","format":"standard","meta":{"_acf_changed":false,"_daextam_enable_autolinks":"1","footnotes":""},"categories":[44003,9217],"tags":[32415,16878,46887,46888,47094,2233],"class_list":["post-647341","post","type-post","status-publish","format-standard","has-post-thumbnail","hentry","category-jo-hiver-2026","category-ski","tag-actu","tag-breve","tag-jeux-olympiques-2026","tag-jo-2026","tag-jo-dhiver","tag-ski-alpin"],"acf":[],"yoast_head":"<!-- This site is optimized with the Yoast SEO Premium plugin v26.7 (Yoast SEO v26.7) - https:\/\/yoast.com\/wordpress\/plugins\/seo\/ -->\n<title>JO 2026 G\u00e9ant hommes : startlist et dossards des Fran\u00e7ais engag\u00e9s<\/title>\n<meta name=\"description\" content=\"Qui sont les Fran\u00e7ais au d\u00e9part du g\u00e9ant hommes aux JO 2026 ? Startlist officielle, dossards et ordre de passage.\" \/>\n<meta name=\"robots\" content=\"index, follow, max-snippet:-1, max-image-preview:large, max-video-preview:-1\" \/>\n<link rel=\"canonical\" href=\"https:\/\/dicodusport.fr\/blog\/jo-2026-geant-hommes-startlist-et-dossards-des-francais-engages\/\" \/>\n<meta property=\"og:locale\" content=\"fr_FR\" \/>\n<meta property=\"og:type\" content=\"article\" \/>\n<meta property=\"og:title\" content=\"JO 2026 G\u00e9ant hommes : startlist et dossards des Fran\u00e7ais engag\u00e9s\" \/>\n<meta property=\"og:description\" content=\"Qui sont les Fran\u00e7ais au d\u00e9part du g\u00e9ant hommes aux JO 2026 ? Startlist officielle, dossards et ordre de passage.\" \/>\n<meta property=\"og:url\" content=\"https:\/\/dicodusport.fr\/blog\/jo-2026-geant-hommes-startlist-et-dossards-des-francais-engages\/\" \/>\n<meta property=\"og:site_name\" content=\"Dicodusport\" \/>\n<meta property=\"article:publisher\" content=\"https:\/\/www.facebook.com\/dicodusport\" \/>\n<meta property=\"article:author\" content=\"https:\/\/www.facebook.com\/florent.ostermann\" \/>\n<meta property=\"article:published_time\" content=\"2026-02-13T19:29:39+00:00\" \/>\n<meta property=\"og:image\" content=\"https:\/\/dicodusport.fr\/blog\/wp-content\/uploads\/2026\/02\/JO-2026-Geant-hommes-startlist-et-dossards-des-Francais-engages.png\" \/>\n\t<meta property=\"og:image:width\" content=\"1200\" \/>\n\t<meta property=\"og:image:height\" content=\"674\" \/>\n\t<meta property=\"og:image:type\" content=\"image\/png\" \/>\n<meta name=\"author\" content=\"Flo Ostermann\" \/>\n<meta name=\"twitter:card\" content=\"summary_large_image\" \/>\n<meta name=\"twitter:title\" content=\"JO 2026 G\u00e9ant hommes : startlist et dossards des Fran\u00e7ais engag\u00e9s\" \/>\n<meta name=\"twitter:creator\" content=\"@https:\/\/twitter.com\/FlOstermann\" \/>\n<meta name=\"twitter:site\" content=\"@dicodusport\" \/>\n<script type=\"application\/ld+json\" class=\"yoast-schema-graph\">{\"@context\":\"https:\/\/schema.org\",\"@graph\":[{\"@type\":\"NewsArticle\",\"@id\":\"https:\/\/dicodusport.fr\/blog\/jo-2026-geant-hommes-startlist-et-dossards-des-francais-engages\/#article\",\"isPartOf\":{\"@id\":\"https:\/\/dicodusport.fr\/blog\/jo-2026-geant-hommes-startlist-et-dossards-des-francais-engages\/\"},\"author\":{\"name\":\"Flo Ostermann\",\"@id\":\"https:\/\/dicodusport.fr\/blog\/#\/schema\/person\/cb02af4c173ce4a653b55e9baf388d4a\"},\"headline\":\"JO 2026 G\u00e9ant hommes : startlist et dossards des Fran\u00e7ais engag\u00e9s\",\"datePublished\":\"2026-02-13T19:29:39+00:00\",\"mainEntityOfPage\":{\"@id\":\"https:\/\/dicodusport.fr\/blog\/jo-2026-geant-hommes-startlist-et-dossards-des-francais-engages\/\"},\"wordCount\":410,\"commentCount\":0,\"publisher\":{\"@id\":\"https:\/\/dicodusport.fr\/blog\/#organization\"},\"image\":{\"@id\":\"https:\/\/dicodusport.fr\/blog\/jo-2026-geant-hommes-startlist-et-dossards-des-francais-engages\/#primaryimage\"},\"thumbnailUrl\":\"https:\/\/dicodusport.fr\/blog\/wp-content\/uploads\/2026\/02\/JO-2026-Geant-hommes-startlist-et-dossards-des-Francais-engages.png\",\"keywords\":[\"actu\",\"br\u00e8ve\",\"Jeux Olympiques 2026\",\"JO 2026\",\"JO d'hiver\",\"Ski alpin\"],\"articleSection\":[\"JO d'hiver 2026\",\"Ski\"],\"inLanguage\":\"fr-FR\",\"potentialAction\":[{\"@type\":\"CommentAction\",\"name\":\"Comment\",\"target\":[\"https:\/\/dicodusport.fr\/blog\/jo-2026-geant-hommes-startlist-et-dossards-des-francais-engages\/#respond\"]}],\"copyrightYear\":\"2026\",\"copyrightHolder\":{\"@id\":\"https:\/\/dicodusport.fr\/blog\/#organization\"}},{\"@type\":\"WebPage\",\"@id\":\"https:\/\/dicodusport.fr\/blog\/jo-2026-geant-hommes-startlist-et-dossards-des-francais-engages\/\",\"url\":\"https:\/\/dicodusport.fr\/blog\/jo-2026-geant-hommes-startlist-et-dossards-des-francais-engages\/\",\"name\":\"JO 2026 G\u00e9ant hommes : startlist et dossards des Fran\u00e7ais engag\u00e9s\",\"isPartOf\":{\"@id\":\"https:\/\/dicodusport.fr\/blog\/#website\"},\"primaryImageOfPage\":{\"@id\":\"https:\/\/dicodusport.fr\/blog\/jo-2026-geant-hommes-startlist-et-dossards-des-francais-engages\/#primaryimage\"},\"image\":{\"@id\":\"https:\/\/dicodusport.fr\/blog\/jo-2026-geant-hommes-startlist-et-dossards-des-francais-engages\/#primaryimage\"},\"thumbnailUrl\":\"https:\/\/dicodusport.fr\/blog\/wp-content\/uploads\/2026\/02\/JO-2026-Geant-hommes-startlist-et-dossards-des-Francais-engages.png\",\"datePublished\":\"2026-02-13T19:29:39+00:00\",\"description\":\"Qui sont les Fran\u00e7ais au d\u00e9part du g\u00e9ant hommes aux JO 2026 ? Startlist officielle, dossards et ordre de passage.\",\"breadcrumb\":{\"@id\":\"https:\/\/dicodusport.fr\/blog\/jo-2026-geant-hommes-startlist-et-dossards-des-francais-engages\/#breadcrumb\"},\"inLanguage\":\"fr-FR\",\"potentialAction\":[{\"@type\":\"ReadAction\",\"target\":[\"https:\/\/dicodusport.fr\/blog\/jo-2026-geant-hommes-startlist-et-dossards-des-francais-engages\/\"]}]},{\"@type\":\"ImageObject\",\"inLanguage\":\"fr-FR\",\"@id\":\"https:\/\/dicodusport.fr\/blog\/jo-2026-geant-hommes-startlist-et-dossards-des-francais-engages\/#primaryimage\",\"url\":\"https:\/\/dicodusport.fr\/blog\/wp-content\/uploads\/2026\/02\/JO-2026-Geant-hommes-startlist-et-dossards-des-Francais-engages.png\",\"contentUrl\":\"https:\/\/dicodusport.fr\/blog\/wp-content\/uploads\/2026\/02\/JO-2026-Geant-hommes-startlist-et-dossards-des-Francais-engages.png\",\"width\":1200,\"height\":674,\"caption\":\"JO 2026 G\u00e9ant hommes startlist et dossards des Fran\u00e7ais engag\u00e9s\"},{\"@type\":\"BreadcrumbList\",\"@id\":\"https:\/\/dicodusport.fr\/blog\/jo-2026-geant-hommes-startlist-et-dossards-des-francais-engages\/#breadcrumb\",\"itemListElement\":[{\"@type\":\"ListItem\",\"position\":1,\"name\":\"Accueil\",\"item\":\"https:\/\/dicodusport.fr\/blog\/\"},{\"@type\":\"ListItem\",\"position\":2,\"name\":\"JO 2026 G\u00e9ant hommes : startlist et dossards des Fran\u00e7ais engag\u00e9s\"}]},{\"@type\":\"WebSite\",\"@id\":\"https:\/\/dicodusport.fr\/blog\/#website\",\"url\":\"https:\/\/dicodusport.fr\/blog\/\",\"name\":\"Dicodusport\",\"description\":\"L&#039;encyclop\u00e9die de l&#039;actualit\u00e9 sportive\",\"publisher\":{\"@id\":\"https:\/\/dicodusport.fr\/blog\/#organization\"},\"potentialAction\":[{\"@type\":\"SearchAction\",\"target\":{\"@type\":\"EntryPoint\",\"urlTemplate\":\"https:\/\/dicodusport.fr\/blog\/?s={search_term_string}\"},\"query-input\":{\"@type\":\"PropertyValueSpecification\",\"valueRequired\":true,\"valueName\":\"search_term_string\"}}],\"inLanguage\":\"fr-FR\"},{\"@type\":\"NewsMediaOrganization\",\"@id\":\"https:\/\/dicodusport.fr\/blog\/#organization\",\"name\":\"Dicodusport\",\"url\":\"https:\/\/dicodusport.fr\/blog\/\",\"logo\":{\"@type\":\"ImageObject\",\"inLanguage\":\"fr-FR\",\"@id\":\"https:\/\/dicodusport.fr\/blog\/#\/schema\/logo\/image\/\",\"url\":\"https:\/\/dicodusport.fr\/blog\/wp-content\/uploads\/2020\/06\/cropped-LOGO-DICODUSPORT-2020-SANS-FOND-SANS-TEXTE.png\",\"contentUrl\":\"https:\/\/dicodusport.fr\/blog\/wp-content\/uploads\/2020\/06\/cropped-LOGO-DICODUSPORT-2020-SANS-FOND-SANS-TEXTE.png\",\"width\":512,\"height\":512,\"caption\":\"Dicodusport\"},\"image\":{\"@id\":\"https:\/\/dicodusport.fr\/blog\/#\/schema\/logo\/image\/\"},\"sameAs\":[\"https:\/\/www.facebook.com\/dicodusport\",\"https:\/\/x.com\/dicodusport\",\"https:\/\/www.instagram.com\/dicodusport\/\",\"https:\/\/www.youtube.com\/channel\/UC7V2KZ5sd3htJivAbA4ZG3w\"],\"description\":\"Dicodusport est l'encyclop\u00e9die de l'actualit\u00e9 sportive.\",\"email\":\"bonjour@dicodusport.fr\",\"legalName\":\"DICODUSPORT\",\"foundingDate\":\"2018-01-14\",\"vatID\":\"FR71834470973\",\"taxID\":\"83447097300043\",\"numberOfEmployees\":{\"@type\":\"QuantitativeValue\",\"minValue\":\"1\",\"maxValue\":\"10\"}},{\"@type\":\"Person\",\"@id\":\"https:\/\/dicodusport.fr\/blog\/#\/schema\/person\/cb02af4c173ce4a653b55e9baf388d4a\",\"name\":\"Flo Ostermann\",\"image\":{\"@type\":\"ImageObject\",\"inLanguage\":\"fr-FR\",\"@id\":\"https:\/\/dicodusport.fr\/blog\/#\/schema\/person\/image\/\",\"url\":\"https:\/\/dicodusport.fr\/blog\/wp-content\/uploads\/2021\/05\/Flo-Ostermann-150x150.jpg\",\"contentUrl\":\"https:\/\/dicodusport.fr\/blog\/wp-content\/uploads\/2021\/05\/Flo-Ostermann-150x150.jpg\",\"caption\":\"Flo Ostermann\"},\"description\":\"Journaliste\/R\u00e9dacteur depuis septembre 2015 - Mes premiers souvenirs dans le sport ? Les envol\u00e9es du Stade Toulousain et les duels Villeneuve-Schumacher et H\u00e4kkinen-Schumacher \u00e0 la fin des ann\u00e9es 90, la Coupe du monde de football en 1998, l\u2019exploit du XV de France face aux All Blacks en 1999, mais aussi Richard C\u0153ur de Lion qui vole sur les montagnes du Tour de France. Bien parti pour devenir professeur d\u2019EPS, les \u00e9v\u00e9nements de la vie (et la flemme d\u2019animer des s\u00e9ances de 3x500 m\u00e8tres toute ma vie) m\u2019ont conduit \u00e0 revoir mes plans. Me voil\u00e0 depuis fin 2017 sur Dicodusport, m\u00e9dia gr\u00e2ce (et pour) lequel je partage ma passion : le sport dans tous ses \u00e9tats. Le tout accompagn\u00e9 par les fous furieux et folles furieuses cit\u00e9s sur cette page !\",\"sameAs\":[\"https:\/\/www.facebook.com\/florent.ostermann\",\"https:\/\/x.com\/https:\/\/twitter.com\/FlOstermann\",\"admin\"],\"url\":\"https:\/\/dicodusport.fr\/blog\/author\/flo\/\"}]}<\/script>\n<!-- \/ Yoast SEO Premium plugin. -->","yoast_head_json":{"title":"JO 2026 G\u00e9ant hommes : startlist et dossards des Fran\u00e7ais engag\u00e9s","description":"Qui sont les Fran\u00e7ais au d\u00e9part du g\u00e9ant hommes aux JO 2026 ? Startlist officielle, dossards et ordre de passage.","robots":{"index":"index","follow":"follow","max-snippet":"max-snippet:-1","max-image-preview":"max-image-preview:large","max-video-preview":"max-video-preview:-1"},"canonical":"https:\/\/dicodusport.fr\/blog\/jo-2026-geant-hommes-startlist-et-dossards-des-francais-engages\/","og_locale":"fr_FR","og_type":"article","og_title":"JO 2026 G\u00e9ant hommes : startlist et dossards des Fran\u00e7ais engag\u00e9s","og_description":"Qui sont les Fran\u00e7ais au d\u00e9part du g\u00e9ant hommes aux JO 2026 ? Startlist officielle, dossards et ordre de passage.","og_url":"https:\/\/dicodusport.fr\/blog\/jo-2026-geant-hommes-startlist-et-dossards-des-francais-engages\/","og_site_name":"Dicodusport","article_publisher":"https:\/\/www.facebook.com\/dicodusport","article_author":"https:\/\/www.facebook.com\/florent.ostermann","article_published_time":"2026-02-13T19:29:39+00:00","og_image":[{"width":1200,"height":674,"url":"https:\/\/dicodusport.fr\/blog\/wp-content\/uploads\/2026\/02\/JO-2026-Geant-hommes-startlist-et-dossards-des-Francais-engages.png","type":"image\/png"}],"author":"Flo Ostermann","twitter_card":"summary_large_image","twitter_title":"JO 2026 G\u00e9ant hommes : startlist et dossards des Fran\u00e7ais engag\u00e9s","twitter_creator":"@https:\/\/twitter.com\/FlOstermann","twitter_site":"@dicodusport","schema":{"@context":"https:\/\/schema.org","@graph":[{"@type":"NewsArticle","@id":"https:\/\/dicodusport.fr\/blog\/jo-2026-geant-hommes-startlist-et-dossards-des-francais-engages\/#article","isPartOf":{"@id":"https:\/\/dicodusport.fr\/blog\/jo-2026-geant-hommes-startlist-et-dossards-des-francais-engages\/"},"author":{"name":"Flo Ostermann","@id":"https:\/\/dicodusport.fr\/blog\/#\/schema\/person\/cb02af4c173ce4a653b55e9baf388d4a"},"headline":"JO 2026 G\u00e9ant hommes : startlist et dossards des Fran\u00e7ais engag\u00e9s","datePublished":"2026-02-13T19:29:39+00:00","mainEntityOfPage":{"@id":"https:\/\/dicodusport.fr\/blog\/jo-2026-geant-hommes-startlist-et-dossards-des-francais-engages\/"},"wordCount":410,"commentCount":0,"publisher":{"@id":"https:\/\/dicodusport.fr\/blog\/#organization"},"image":{"@id":"https:\/\/dicodusport.fr\/blog\/jo-2026-geant-hommes-startlist-et-dossards-des-francais-engages\/#primaryimage"},"thumbnailUrl":"https:\/\/dicodusport.fr\/blog\/wp-content\/uploads\/2026\/02\/JO-2026-Geant-hommes-startlist-et-dossards-des-Francais-engages.png","keywords":["actu","br\u00e8ve","Jeux Olympiques 2026","JO 2026","JO d'hiver","Ski alpin"],"articleSection":["JO d'hiver 2026","Ski"],"inLanguage":"fr-FR","potentialAction":[{"@type":"CommentAction","name":"Comment","target":["https:\/\/dicodusport.fr\/blog\/jo-2026-geant-hommes-startlist-et-dossards-des-francais-engages\/#respond"]}],"copyrightYear":"2026","copyrightHolder":{"@id":"https:\/\/dicodusport.fr\/blog\/#organization"}},{"@type":"WebPage","@id":"https:\/\/dicodusport.fr\/blog\/jo-2026-geant-hommes-startlist-et-dossards-des-francais-engages\/","url":"https:\/\/dicodusport.fr\/blog\/jo-2026-geant-hommes-startlist-et-dossards-des-francais-engages\/","name":"JO 2026 G\u00e9ant hommes : startlist et dossards des Fran\u00e7ais engag\u00e9s","isPartOf":{"@id":"https:\/\/dicodusport.fr\/blog\/#website"},"primaryImageOfPage":{"@id":"https:\/\/dicodusport.fr\/blog\/jo-2026-geant-hommes-startlist-et-dossards-des-francais-engages\/#primaryimage"},"image":{"@id":"https:\/\/dicodusport.fr\/blog\/jo-2026-geant-hommes-startlist-et-dossards-des-francais-engages\/#primaryimage"},"thumbnailUrl":"https:\/\/dicodusport.fr\/blog\/wp-content\/uploads\/2026\/02\/JO-2026-Geant-hommes-startlist-et-dossards-des-Francais-engages.png","datePublished":"2026-02-13T19:29:39+00:00","description":"Qui sont les Fran\u00e7ais au d\u00e9part du g\u00e9ant hommes aux JO 2026 ? Startlist officielle, dossards et ordre de passage.","breadcrumb":{"@id":"https:\/\/dicodusport.fr\/blog\/jo-2026-geant-hommes-startlist-et-dossards-des-francais-engages\/#breadcrumb"},"inLanguage":"fr-FR","potentialAction":[{"@type":"ReadAction","target":["https:\/\/dicodusport.fr\/blog\/jo-2026-geant-hommes-startlist-et-dossards-des-francais-engages\/"]}]},{"@type":"ImageObject","inLanguage":"fr-FR","@id":"https:\/\/dicodusport.fr\/blog\/jo-2026-geant-hommes-startlist-et-dossards-des-francais-engages\/#primaryimage","url":"https:\/\/dicodusport.fr\/blog\/wp-content\/uploads\/2026\/02\/JO-2026-Geant-hommes-startlist-et-dossards-des-Francais-engages.png","contentUrl":"https:\/\/dicodusport.fr\/blog\/wp-content\/uploads\/2026\/02\/JO-2026-Geant-hommes-startlist-et-dossards-des-Francais-engages.png","width":1200,"height":674,"caption":"JO 2026 G\u00e9ant hommes startlist et dossards des Fran\u00e7ais engag\u00e9s"},{"@type":"BreadcrumbList","@id":"https:\/\/dicodusport.fr\/blog\/jo-2026-geant-hommes-startlist-et-dossards-des-francais-engages\/#breadcrumb","itemListElement":[{"@type":"ListItem","position":1,"name":"Accueil","item":"https:\/\/dicodusport.fr\/blog\/"},{"@type":"ListItem","position":2,"name":"JO 2026 G\u00e9ant hommes : startlist et dossards des Fran\u00e7ais engag\u00e9s"}]},{"@type":"WebSite","@id":"https:\/\/dicodusport.fr\/blog\/#website","url":"https:\/\/dicodusport.fr\/blog\/","name":"Dicodusport","description":"L&#039;encyclop\u00e9die de l&#039;actualit\u00e9 sportive","publisher":{"@id":"https:\/\/dicodusport.fr\/blog\/#organization"},"potentialAction":[{"@type":"SearchAction","target":{"@type":"EntryPoint","urlTemplate":"https:\/\/dicodusport.fr\/blog\/?s={search_term_string}"},"query-input":{"@type":"PropertyValueSpecification","valueRequired":true,"valueName":"search_term_string"}}],"inLanguage":"fr-FR"},{"@type":"NewsMediaOrganization","@id":"https:\/\/dicodusport.fr\/blog\/#organization","name":"Dicodusport","url":"https:\/\/dicodusport.fr\/blog\/","logo":{"@type":"ImageObject","inLanguage":"fr-FR","@id":"https:\/\/dicodusport.fr\/blog\/#\/schema\/logo\/image\/","url":"https:\/\/dicodusport.fr\/blog\/wp-content\/uploads\/2020\/06\/cropped-LOGO-DICODUSPORT-2020-SANS-FOND-SANS-TEXTE.png","contentUrl":"https:\/\/dicodusport.fr\/blog\/wp-content\/uploads\/2020\/06\/cropped-LOGO-DICODUSPORT-2020-SANS-FOND-SANS-TEXTE.png","width":512,"height":512,"caption":"Dicodusport"},"image":{"@id":"https:\/\/dicodusport.fr\/blog\/#\/schema\/logo\/image\/"},"sameAs":["https:\/\/www.facebook.com\/dicodusport","https:\/\/x.com\/dicodusport","https:\/\/www.instagram.com\/dicodusport\/","https:\/\/www.youtube.com\/channel\/UC7V2KZ5sd3htJivAbA4ZG3w"],"description":"Dicodusport est l'encyclop\u00e9die de l'actualit\u00e9 sportive.","email":"bonjour@dicodusport.fr","legalName":"DICODUSPORT","foundingDate":"2018-01-14","vatID":"FR71834470973","taxID":"83447097300043","numberOfEmployees":{"@type":"QuantitativeValue","minValue":"1","maxValue":"10"}},{"@type":"Person","@id":"https:\/\/dicodusport.fr\/blog\/#\/schema\/person\/cb02af4c173ce4a653b55e9baf388d4a","name":"Flo Ostermann","image":{"@type":"ImageObject","inLanguage":"fr-FR","@id":"https:\/\/dicodusport.fr\/blog\/#\/schema\/person\/image\/","url":"https:\/\/dicodusport.fr\/blog\/wp-content\/uploads\/2021\/05\/Flo-Ostermann-150x150.jpg","contentUrl":"https:\/\/dicodusport.fr\/blog\/wp-content\/uploads\/2021\/05\/Flo-Ostermann-150x150.jpg","caption":"Flo Ostermann"},"description":"Journaliste\/R\u00e9dacteur depuis septembre 2015 - Mes premiers souvenirs dans le sport ? Les envol\u00e9es du Stade Toulousain et les duels Villeneuve-Schumacher et H\u00e4kkinen-Schumacher \u00e0 la fin des ann\u00e9es 90, la Coupe du monde de football en 1998, l\u2019exploit du XV de France face aux All Blacks en 1999, mais aussi Richard C\u0153ur de Lion qui vole sur les montagnes du Tour de France. Bien parti pour devenir professeur d\u2019EPS, les \u00e9v\u00e9nements de la vie (et la flemme d\u2019animer des s\u00e9ances de 3x500 m\u00e8tres toute ma vie) m\u2019ont conduit \u00e0 revoir mes plans. Me voil\u00e0 depuis fin 2017 sur Dicodusport, m\u00e9dia gr\u00e2ce (et pour) lequel je partage ma passion : le sport dans tous ses \u00e9tats. Le tout accompagn\u00e9 par les fous furieux et folles furieuses cit\u00e9s sur cette page !","sameAs":["https:\/\/www.facebook.com\/florent.ostermann","https:\/\/x.com\/https:\/\/twitter.com\/FlOstermann","admin"],"url":"https:\/\/dicodusport.fr\/blog\/author\/flo\/"}]}},"_links":{"self":[{"href":"https:\/\/dicodusport.fr\/blog\/wp-json\/wp\/v2\/posts\/647341","targetHints":{"allow":["GET"]}}],"collection":[{"href":"https:\/\/dicodusport.fr\/blog\/wp-json\/wp\/v2\/posts"}],"about":[{"href":"https:\/\/dicodusport.fr\/blog\/wp-json\/wp\/v2\/types\/post"}],"author":[{"embeddable":true,"href":"https:\/\/dicodusport.fr\/blog\/wp-json\/wp\/v2\/users\/4"}],"replies":[{"embeddable":true,"href":"https:\/\/dicodusport.fr\/blog\/wp-json\/wp\/v2\/comments?post=647341"}],"version-history":[{"count":3,"href":"https:\/\/dicodusport.fr\/blog\/wp-json\/wp\/v2\/posts\/647341\/revisions"}],"predecessor-version":[{"id":647385,"href":"https:\/\/dicodusport.fr\/blog\/wp-json\/wp\/v2\/posts\/647341\/revisions\/647385"}],"wp:featuredmedia":[{"embeddable":true,"href":"https:\/\/dicodusport.fr\/blog\/wp-json\/wp\/v2\/media\/647384"}],"wp:attachment":[{"href":"https:\/\/dicodusport.fr\/blog\/wp-json\/wp\/v2\/media?parent=647341"}],"wp:term":[{"taxonomy":"category","embeddable":true,"href":"https:\/\/dicodusport.fr\/blog\/wp-json\/wp\/v2\/categories?post=647341"},{"taxonomy":"post_tag","embeddable":true,"href":"https:\/\/dicodusport.fr\/blog\/wp-json\/wp\/v2\/tags?post=647341"}],"curies":[{"name":"wp","href":"https:\/\/api.w.org\/{rel}","templated":true}]}}