{"id":647556,"date":"2026-02-14T15:14:13","date_gmt":"2026-02-14T14:14:13","guid":{"rendered":"https:\/\/dicodusport.fr\/blog\/?p=647556&#038;preview=true&#038;preview_id=647556"},"modified":"2026-02-14T17:01:15","modified_gmt":"2026-02-14T16:01:15","slug":"emils-liepins-sadjuge-une-deuxieme-etape-tronquee-sur-le-tour-de-murcie-marc-soler-vainqueur-final","status":"publish","type":"post","link":"https:\/\/dicodusport.fr\/blog\/emils-liepins-sadjuge-une-deuxieme-etape-tronquee-sur-le-tour-de-murcie-marc-soler-vainqueur-final\/","title":{"rendered":"Em\u012bls Liepi\u0146\u0161 s&rsquo;adjuge une deuxi\u00e8me \u00e9tape tronqu\u00e9e sur le Tour de Murcie, Marc Soler vainqueur final"},"content":{"rendered":"<p style=\"text-align: justify;\"><em><strong>TOUR DE MURCIE 2026 &#8211; Em\u012bls Liepi\u0146\u0161 (Pinarello Q36.5 Pro Cycling) a remport\u00e9 en solitaire la seconde \u00e9tape du Tour de Murcie, neutralis\u00e9e \u00e0 cause du vent, \u00e0 Santomera<span class=\"red\"><span dir=\"auto\">. Vainqueur de la premi\u00e8re \u00e9tape, Marc Soler (UAE Team Emirates &#8211; XRG) a remport\u00e9 le classement g\u00e9n\u00e9ral final.\u00a0<\/span><\/span><\/strong><\/em><\/p>\n<ul style=\"text-align: justify;\">\n<li style=\"text-align: justify;\"><strong>\u00c0 ce sujet &#8211; <a href=\"https:\/\/dicodusport.fr\/blog\/actualites\/cyclisme\/\">L&rsquo;actualit\u00e9 du cyclisme<\/a><\/strong><\/li>\n<\/ul>\n<p style=\"text-align: justify;\">La <strong>46e \u00e9dition du Tour de Murcie<\/strong> s&rsquo;est conclu ce samedi avec la deuxi\u00e8me et derni\u00e8re \u00e9tape vallonn\u00e9e avec 148,4 km entre <strong>Fortuna<\/strong> et <strong>Santomera<\/strong> avec les ascensions du Alto Collado Bermejo (16.1km \u00e0 5.5 %) avant la mi-course et du Alto de la Cresta del Gallo (4.4km \u00e0 6.6%), \u00e0 23 kilom\u00e8tres de l&rsquo;arriv\u00e9e. Malheureusement, la course a \u00e9t\u00e9 neutralis\u00e9e en raison des vents violents apr\u00e8s une vingtaine de kilom\u00e8tres de course. Alors, le peloton s&rsquo;est dirig\u00e9 vers Santomera pour parcourir un circuit urbain neutralis\u00e9 de 10 km. Donc les temps ont \u00e9t\u00e9 neutralis\u00e9s, cela permis donc \u00e0 <strong>Marc Soler<\/strong> (UAE Team Emirates &#8211; XRG) de remporter d\u00e9finitivement le classement g\u00e9n\u00e9ral.<\/p>\n<ul style=\"text-align: justify;\">\n<li style=\"text-align: justify;\"><strong>\u00c0 ce sujet &#8211; <a href=\"https:\/\/dicodusport.fr\/blog\/2eme-etape-tour-de-murcie-2026-classement-et-resultats\/\">2\u00e8me \u00e9tape Tour de Murcie 2026 \u2013 Classement et r\u00e9sultats<\/a><\/strong><\/li>\n<\/ul>\n<p style=\"text-align: justify;\">Finalement, les 10 derniers kilom\u00e8tres se sont r\u00e9sum\u00e9s \u00e0 un peloton group\u00e9 et \u00e0 un sprint final dans la bonne humeur. <strong>Em\u012bls Liepi\u0146\u0161<\/strong> (Pinarello Q36.5 Pro Cycling) s&rsquo;est facilement impos\u00e9 sans trop d&rsquo;opposition devant <strong>Julius Johansen<\/strong> (UAE Team Emirates &#8211; XRG).<\/p>\n<ul style=\"text-align: justify;\">\n<li style=\"text-align: justify;\"><strong>\u00c0 ce sujet \u2013\u00a0<a href=\"https:\/\/dicodusport.fr\/blog\/classement-general-tour-de-murcie-2026-actualise\/\">Classement g\u00e9n\u00e9ral Tour de Murcie 2026 actualis\u00e9<\/a><\/strong><\/li>\n<\/ul>\n","protected":false},"excerpt":{"rendered":"<p>TOUR DE MURCIE 2026 &#8211; Em\u012bls Liepi\u0146\u0161 (Pinarello Q36.5 Pro Cycling) a remport\u00e9 en solitaire la seconde \u00e9tape du Tour de Murcie, neutralis\u00e9e \u00e0 cause du vent, \u00e0 Santomera. Vainqueur de la premi\u00e8re \u00e9tape, Marc Soler (UAE Team Emirates &#8211; XRG) a remport\u00e9 le classement g\u00e9n\u00e9ral final.\u00a0<\/p>\n","protected":false},"author":48,"featured_media":647687,"comment_status":"open","ping_status":"closed","sticky":false,"template":"","format":"standard","meta":{"_acf_changed":false,"_daextam_enable_autolinks":"1","footnotes":""},"categories":[46994],"tags":[32415,16878,574,11197,21794],"class_list":["post-647556","post","type-post","status-publish","format-standard","has-post-thumbnail","hentry","category-cyclisme-sur-route","tag-actu","tag-breve","tag-cyclisme","tag-cyclisme-sur-route","tag-tour-de-murcie"],"acf":[],"yoast_head":"<!-- This site is optimized with the Yoast SEO Premium plugin v26.7 (Yoast SEO v26.7) - https:\/\/yoast.com\/wordpress\/plugins\/seo\/ -->\n<title>Em\u012bls Liepi\u0146\u0161 s&#039;adjuge une deuxi\u00e8me \u00e9tape tronqu\u00e9e sur le Tour de Murcie, Marc Soler vainqueur final<\/title>\n<meta name=\"description\" content=\"TOUR DE MURCIE 2026 - Em\u012bls Liepi\u0146\u0161 (Pinarello Q36.5 Pro Cycling) a remport\u00e9 en solitaire la seconde \u00e9tape du Tour de Murcie, neutralis\u00e9e \u00e0 cause du vent, \u00e0 Santomera. Vainqueur de la premi\u00e8re \u00e9tape, Marc Soler (UAE Team Emirates - XRG) a remport\u00e9 le classement g\u00e9n\u00e9ral final.\u00a0\" \/>\n<meta name=\"robots\" content=\"index, follow, max-snippet:-1, max-image-preview:large, max-video-preview:-1\" \/>\n<link rel=\"canonical\" href=\"https:\/\/dicodusport.fr\/blog\/emils-liepins-sadjuge-une-deuxieme-etape-tronquee-sur-le-tour-de-murcie-marc-soler-vainqueur-final\/\" \/>\n<meta property=\"og:locale\" content=\"fr_FR\" \/>\n<meta property=\"og:type\" content=\"article\" \/>\n<meta property=\"og:title\" content=\"Em\u012bls Liepi\u0146\u0161 s&#039;adjuge une deuxi\u00e8me \u00e9tape tronqu\u00e9e sur le Tour de Murcie, Marc Soler vainqueur final\" \/>\n<meta property=\"og:description\" content=\"TOUR DE MURCIE 2026 - Em\u012bls Liepi\u0146\u0161 (Pinarello Q36.5 Pro Cycling) a remport\u00e9 en solitaire la seconde \u00e9tape du Tour de Murcie, neutralis\u00e9e \u00e0 cause du vent, \u00e0 Santomera. Vainqueur de la premi\u00e8re \u00e9tape, Marc Soler (UAE Team Emirates - XRG) a remport\u00e9 le classement g\u00e9n\u00e9ral final.\u00a0\" \/>\n<meta property=\"og:url\" content=\"https:\/\/dicodusport.fr\/blog\/emils-liepins-sadjuge-une-deuxieme-etape-tronquee-sur-le-tour-de-murcie-marc-soler-vainqueur-final\/\" \/>\n<meta property=\"og:site_name\" content=\"Dicodusport\" \/>\n<meta property=\"article:publisher\" content=\"https:\/\/www.facebook.com\/dicodusport\" \/>\n<meta property=\"article:author\" content=\"https:\/\/www.facebook.com\/groups\/LesRoisDuPeloton\" \/>\n<meta property=\"article:published_time\" content=\"2026-02-14T14:14:13+00:00\" \/>\n<meta property=\"article:modified_time\" content=\"2026-02-14T16:01:15+00:00\" \/>\n<meta property=\"og:image\" content=\"https:\/\/dicodusport.fr\/blog\/wp-content\/uploads\/2026\/02\/Emils-Liepins-sadjuge-une-deuxieme-etape-tronquee-sur-le-Tour-de-Murcie-Marc-Soler-vainqueur-final-1.png\" \/>\n\t<meta property=\"og:image:width\" content=\"1200\" \/>\n\t<meta property=\"og:image:height\" content=\"674\" \/>\n\t<meta property=\"og:image:type\" content=\"image\/png\" \/>\n<meta name=\"author\" content=\"Emilien Descampiaux\" \/>\n<meta name=\"twitter:card\" content=\"summary_large_image\" \/>\n<meta name=\"twitter:creator\" content=\"@https:\/\/twitter.com\/LRoisDuPeloton\" \/>\n<meta name=\"twitter:site\" content=\"@dicodusport\" \/>\n<script type=\"application\/ld+json\" class=\"yoast-schema-graph\">{\"@context\":\"https:\/\/schema.org\",\"@graph\":[{\"@type\":\"NewsArticle\",\"@id\":\"https:\/\/dicodusport.fr\/blog\/emils-liepins-sadjuge-une-deuxieme-etape-tronquee-sur-le-tour-de-murcie-marc-soler-vainqueur-final\/#article\",\"isPartOf\":{\"@id\":\"https:\/\/dicodusport.fr\/blog\/emils-liepins-sadjuge-une-deuxieme-etape-tronquee-sur-le-tour-de-murcie-marc-soler-vainqueur-final\/\"},\"author\":{\"name\":\"Emilien Descampiaux\",\"@id\":\"https:\/\/dicodusport.fr\/blog\/#\/schema\/person\/6db4bae06b171592211be385b32876a7\"},\"headline\":\"Em\u012bls Liepi\u0146\u0161 s&rsquo;adjuge une deuxi\u00e8me \u00e9tape tronqu\u00e9e sur le Tour de Murcie, Marc Soler vainqueur final\",\"datePublished\":\"2026-02-14T14:14:13+00:00\",\"dateModified\":\"2026-02-14T16:01:15+00:00\",\"mainEntityOfPage\":{\"@id\":\"https:\/\/dicodusport.fr\/blog\/emils-liepins-sadjuge-une-deuxieme-etape-tronquee-sur-le-tour-de-murcie-marc-soler-vainqueur-final\/\"},\"wordCount\":259,\"commentCount\":0,\"publisher\":{\"@id\":\"https:\/\/dicodusport.fr\/blog\/#organization\"},\"image\":{\"@id\":\"https:\/\/dicodusport.fr\/blog\/emils-liepins-sadjuge-une-deuxieme-etape-tronquee-sur-le-tour-de-murcie-marc-soler-vainqueur-final\/#primaryimage\"},\"thumbnailUrl\":\"https:\/\/dicodusport.fr\/blog\/wp-content\/uploads\/2026\/02\/Emils-Liepins-sadjuge-une-deuxieme-etape-tronquee-sur-le-Tour-de-Murcie-Marc-Soler-vainqueur-final-1.png\",\"keywords\":[\"actu\",\"br\u00e8ve\",\"Cyclisme\",\"Cyclisme sur route\",\"Tour de Murcie\"],\"articleSection\":[\"Cyclisme sur route\"],\"inLanguage\":\"fr-FR\",\"potentialAction\":[{\"@type\":\"CommentAction\",\"name\":\"Comment\",\"target\":[\"https:\/\/dicodusport.fr\/blog\/emils-liepins-sadjuge-une-deuxieme-etape-tronquee-sur-le-tour-de-murcie-marc-soler-vainqueur-final\/#respond\"]}],\"copyrightYear\":\"2026\",\"copyrightHolder\":{\"@id\":\"https:\/\/dicodusport.fr\/blog\/#organization\"}},{\"@type\":\"WebPage\",\"@id\":\"https:\/\/dicodusport.fr\/blog\/emils-liepins-sadjuge-une-deuxieme-etape-tronquee-sur-le-tour-de-murcie-marc-soler-vainqueur-final\/\",\"url\":\"https:\/\/dicodusport.fr\/blog\/emils-liepins-sadjuge-une-deuxieme-etape-tronquee-sur-le-tour-de-murcie-marc-soler-vainqueur-final\/\",\"name\":\"Em\u012bls Liepi\u0146\u0161 s'adjuge une deuxi\u00e8me \u00e9tape tronqu\u00e9e sur le Tour de Murcie, Marc Soler vainqueur final\",\"isPartOf\":{\"@id\":\"https:\/\/dicodusport.fr\/blog\/#website\"},\"primaryImageOfPage\":{\"@id\":\"https:\/\/dicodusport.fr\/blog\/emils-liepins-sadjuge-une-deuxieme-etape-tronquee-sur-le-tour-de-murcie-marc-soler-vainqueur-final\/#primaryimage\"},\"image\":{\"@id\":\"https:\/\/dicodusport.fr\/blog\/emils-liepins-sadjuge-une-deuxieme-etape-tronquee-sur-le-tour-de-murcie-marc-soler-vainqueur-final\/#primaryimage\"},\"thumbnailUrl\":\"https:\/\/dicodusport.fr\/blog\/wp-content\/uploads\/2026\/02\/Emils-Liepins-sadjuge-une-deuxieme-etape-tronquee-sur-le-Tour-de-Murcie-Marc-Soler-vainqueur-final-1.png\",\"datePublished\":\"2026-02-14T14:14:13+00:00\",\"dateModified\":\"2026-02-14T16:01:15+00:00\",\"description\":\"TOUR DE MURCIE 2026 - Em\u012bls Liepi\u0146\u0161 (Pinarello Q36.5 Pro Cycling) a remport\u00e9 en solitaire la seconde \u00e9tape du Tour de Murcie, neutralis\u00e9e \u00e0 cause du vent, \u00e0 Santomera. Vainqueur de la premi\u00e8re \u00e9tape, Marc Soler (UAE Team Emirates - XRG) a remport\u00e9 le classement g\u00e9n\u00e9ral final.\u00a0\",\"breadcrumb\":{\"@id\":\"https:\/\/dicodusport.fr\/blog\/emils-liepins-sadjuge-une-deuxieme-etape-tronquee-sur-le-tour-de-murcie-marc-soler-vainqueur-final\/#breadcrumb\"},\"inLanguage\":\"fr-FR\",\"potentialAction\":[{\"@type\":\"ReadAction\",\"target\":[\"https:\/\/dicodusport.fr\/blog\/emils-liepins-sadjuge-une-deuxieme-etape-tronquee-sur-le-tour-de-murcie-marc-soler-vainqueur-final\/\"]}]},{\"@type\":\"ImageObject\",\"inLanguage\":\"fr-FR\",\"@id\":\"https:\/\/dicodusport.fr\/blog\/emils-liepins-sadjuge-une-deuxieme-etape-tronquee-sur-le-tour-de-murcie-marc-soler-vainqueur-final\/#primaryimage\",\"url\":\"https:\/\/dicodusport.fr\/blog\/wp-content\/uploads\/2026\/02\/Emils-Liepins-sadjuge-une-deuxieme-etape-tronquee-sur-le-Tour-de-Murcie-Marc-Soler-vainqueur-final-1.png\",\"contentUrl\":\"https:\/\/dicodusport.fr\/blog\/wp-content\/uploads\/2026\/02\/Emils-Liepins-sadjuge-une-deuxieme-etape-tronquee-sur-le-Tour-de-Murcie-Marc-Soler-vainqueur-final-1.png\",\"width\":1200,\"height\":674,\"caption\":\"Em\u012bls Liepi\u0146\u0161 s'adjuge une deuxi\u00e8me \u00e9tape tronqu\u00e9e sur le Tour de Murcie, Marc Soler vainqueur final\"},{\"@type\":\"BreadcrumbList\",\"@id\":\"https:\/\/dicodusport.fr\/blog\/emils-liepins-sadjuge-une-deuxieme-etape-tronquee-sur-le-tour-de-murcie-marc-soler-vainqueur-final\/#breadcrumb\",\"itemListElement\":[{\"@type\":\"ListItem\",\"position\":1,\"name\":\"Accueil\",\"item\":\"https:\/\/dicodusport.fr\/blog\/\"},{\"@type\":\"ListItem\",\"position\":2,\"name\":\"Em\u012bls Liepi\u0146\u0161 s&rsquo;adjuge une deuxi\u00e8me \u00e9tape tronqu\u00e9e sur le Tour de Murcie, Marc Soler vainqueur final\"}]},{\"@type\":\"WebSite\",\"@id\":\"https:\/\/dicodusport.fr\/blog\/#website\",\"url\":\"https:\/\/dicodusport.fr\/blog\/\",\"name\":\"Dicodusport\",\"description\":\"L&#039;encyclop\u00e9die de l&#039;actualit\u00e9 sportive\",\"publisher\":{\"@id\":\"https:\/\/dicodusport.fr\/blog\/#organization\"},\"potentialAction\":[{\"@type\":\"SearchAction\",\"target\":{\"@type\":\"EntryPoint\",\"urlTemplate\":\"https:\/\/dicodusport.fr\/blog\/?s={search_term_string}\"},\"query-input\":{\"@type\":\"PropertyValueSpecification\",\"valueRequired\":true,\"valueName\":\"search_term_string\"}}],\"inLanguage\":\"fr-FR\"},{\"@type\":\"NewsMediaOrganization\",\"@id\":\"https:\/\/dicodusport.fr\/blog\/#organization\",\"name\":\"Dicodusport\",\"url\":\"https:\/\/dicodusport.fr\/blog\/\",\"logo\":{\"@type\":\"ImageObject\",\"inLanguage\":\"fr-FR\",\"@id\":\"https:\/\/dicodusport.fr\/blog\/#\/schema\/logo\/image\/\",\"url\":\"https:\/\/dicodusport.fr\/blog\/wp-content\/uploads\/2020\/06\/cropped-LOGO-DICODUSPORT-2020-SANS-FOND-SANS-TEXTE.png\",\"contentUrl\":\"https:\/\/dicodusport.fr\/blog\/wp-content\/uploads\/2020\/06\/cropped-LOGO-DICODUSPORT-2020-SANS-FOND-SANS-TEXTE.png\",\"width\":512,\"height\":512,\"caption\":\"Dicodusport\"},\"image\":{\"@id\":\"https:\/\/dicodusport.fr\/blog\/#\/schema\/logo\/image\/\"},\"sameAs\":[\"https:\/\/www.facebook.com\/dicodusport\",\"https:\/\/x.com\/dicodusport\",\"https:\/\/www.instagram.com\/dicodusport\/\",\"https:\/\/www.youtube.com\/channel\/UC7V2KZ5sd3htJivAbA4ZG3w\"],\"description\":\"Dicodusport est l'encyclop\u00e9die de l'actualit\u00e9 sportive.\",\"email\":\"bonjour@dicodusport.fr\",\"legalName\":\"DICODUSPORT\",\"foundingDate\":\"2018-01-14\",\"vatID\":\"FR71834470973\",\"taxID\":\"83447097300043\",\"numberOfEmployees\":{\"@type\":\"QuantitativeValue\",\"minValue\":\"1\",\"maxValue\":\"10\"}},{\"@type\":\"Person\",\"@id\":\"https:\/\/dicodusport.fr\/blog\/#\/schema\/person\/6db4bae06b171592211be385b32876a7\",\"name\":\"Emilien Descampiaux\",\"image\":{\"@type\":\"ImageObject\",\"inLanguage\":\"fr-FR\",\"@id\":\"https:\/\/dicodusport.fr\/blog\/#\/schema\/person\/image\/\",\"url\":\"https:\/\/dicodusport.fr\/blog\/wp-content\/uploads\/2021\/05\/Emilien-Descampiaux-150x150.jpg\",\"contentUrl\":\"https:\/\/dicodusport.fr\/blog\/wp-content\/uploads\/2021\/05\/Emilien-Descampiaux-150x150.jpg\",\"caption\":\"Emilien Descampiaux\"},\"description\":\"Journaliste\/r\u00e9dacteur depuis 2014 - Fan de la classe de Frank Vandenbroucke, je vis cyclisme (et de ses paysages) depuis plus de 20 ans. Je suis tr\u00e8s impliqu\u00e9 sur mes diff\u00e9rents r\u00e9seaux sociaux pour partager ma passion sur le monde et l'Histoire de la bicyclette avec ma voix sur les images en noir et blanc du succ\u00e8s de Rik Van Steenbergen lors du Ronde sur le V\u00e9lodrome de Gand.\",\"sameAs\":[\"https:\/\/www.facebook.com\/groups\/LesRoisDuPeloton\",\"https:\/\/x.com\/https:\/\/twitter.com\/LRoisDuPeloton\"],\"url\":\"https:\/\/dicodusport.fr\/blog\/author\/emiliend\/\"}]}<\/script>\n<!-- \/ Yoast SEO Premium plugin. -->","yoast_head_json":{"title":"Em\u012bls Liepi\u0146\u0161 s'adjuge une deuxi\u00e8me \u00e9tape tronqu\u00e9e sur le Tour de Murcie, Marc Soler vainqueur final","description":"TOUR DE MURCIE 2026 - Em\u012bls Liepi\u0146\u0161 (Pinarello Q36.5 Pro Cycling) a remport\u00e9 en solitaire la seconde \u00e9tape du Tour de Murcie, neutralis\u00e9e \u00e0 cause du vent, \u00e0 Santomera. Vainqueur de la premi\u00e8re \u00e9tape, Marc Soler (UAE Team Emirates - XRG) a remport\u00e9 le classement g\u00e9n\u00e9ral final.\u00a0","robots":{"index":"index","follow":"follow","max-snippet":"max-snippet:-1","max-image-preview":"max-image-preview:large","max-video-preview":"max-video-preview:-1"},"canonical":"https:\/\/dicodusport.fr\/blog\/emils-liepins-sadjuge-une-deuxieme-etape-tronquee-sur-le-tour-de-murcie-marc-soler-vainqueur-final\/","og_locale":"fr_FR","og_type":"article","og_title":"Em\u012bls Liepi\u0146\u0161 s'adjuge une deuxi\u00e8me \u00e9tape tronqu\u00e9e sur le Tour de Murcie, Marc Soler vainqueur final","og_description":"TOUR DE MURCIE 2026 - Em\u012bls Liepi\u0146\u0161 (Pinarello Q36.5 Pro Cycling) a remport\u00e9 en solitaire la seconde \u00e9tape du Tour de Murcie, neutralis\u00e9e \u00e0 cause du vent, \u00e0 Santomera. Vainqueur de la premi\u00e8re \u00e9tape, Marc Soler (UAE Team Emirates - XRG) a remport\u00e9 le classement g\u00e9n\u00e9ral final.\u00a0","og_url":"https:\/\/dicodusport.fr\/blog\/emils-liepins-sadjuge-une-deuxieme-etape-tronquee-sur-le-tour-de-murcie-marc-soler-vainqueur-final\/","og_site_name":"Dicodusport","article_publisher":"https:\/\/www.facebook.com\/dicodusport","article_author":"https:\/\/www.facebook.com\/groups\/LesRoisDuPeloton","article_published_time":"2026-02-14T14:14:13+00:00","article_modified_time":"2026-02-14T16:01:15+00:00","og_image":[{"width":1200,"height":674,"url":"https:\/\/dicodusport.fr\/blog\/wp-content\/uploads\/2026\/02\/Emils-Liepins-sadjuge-une-deuxieme-etape-tronquee-sur-le-Tour-de-Murcie-Marc-Soler-vainqueur-final-1.png","type":"image\/png"}],"author":"Emilien Descampiaux","twitter_card":"summary_large_image","twitter_creator":"@https:\/\/twitter.com\/LRoisDuPeloton","twitter_site":"@dicodusport","schema":{"@context":"https:\/\/schema.org","@graph":[{"@type":"NewsArticle","@id":"https:\/\/dicodusport.fr\/blog\/emils-liepins-sadjuge-une-deuxieme-etape-tronquee-sur-le-tour-de-murcie-marc-soler-vainqueur-final\/#article","isPartOf":{"@id":"https:\/\/dicodusport.fr\/blog\/emils-liepins-sadjuge-une-deuxieme-etape-tronquee-sur-le-tour-de-murcie-marc-soler-vainqueur-final\/"},"author":{"name":"Emilien Descampiaux","@id":"https:\/\/dicodusport.fr\/blog\/#\/schema\/person\/6db4bae06b171592211be385b32876a7"},"headline":"Em\u012bls Liepi\u0146\u0161 s&rsquo;adjuge une deuxi\u00e8me \u00e9tape tronqu\u00e9e sur le Tour de Murcie, Marc Soler vainqueur final","datePublished":"2026-02-14T14:14:13+00:00","dateModified":"2026-02-14T16:01:15+00:00","mainEntityOfPage":{"@id":"https:\/\/dicodusport.fr\/blog\/emils-liepins-sadjuge-une-deuxieme-etape-tronquee-sur-le-tour-de-murcie-marc-soler-vainqueur-final\/"},"wordCount":259,"commentCount":0,"publisher":{"@id":"https:\/\/dicodusport.fr\/blog\/#organization"},"image":{"@id":"https:\/\/dicodusport.fr\/blog\/emils-liepins-sadjuge-une-deuxieme-etape-tronquee-sur-le-tour-de-murcie-marc-soler-vainqueur-final\/#primaryimage"},"thumbnailUrl":"https:\/\/dicodusport.fr\/blog\/wp-content\/uploads\/2026\/02\/Emils-Liepins-sadjuge-une-deuxieme-etape-tronquee-sur-le-Tour-de-Murcie-Marc-Soler-vainqueur-final-1.png","keywords":["actu","br\u00e8ve","Cyclisme","Cyclisme sur route","Tour de Murcie"],"articleSection":["Cyclisme sur route"],"inLanguage":"fr-FR","potentialAction":[{"@type":"CommentAction","name":"Comment","target":["https:\/\/dicodusport.fr\/blog\/emils-liepins-sadjuge-une-deuxieme-etape-tronquee-sur-le-tour-de-murcie-marc-soler-vainqueur-final\/#respond"]}],"copyrightYear":"2026","copyrightHolder":{"@id":"https:\/\/dicodusport.fr\/blog\/#organization"}},{"@type":"WebPage","@id":"https:\/\/dicodusport.fr\/blog\/emils-liepins-sadjuge-une-deuxieme-etape-tronquee-sur-le-tour-de-murcie-marc-soler-vainqueur-final\/","url":"https:\/\/dicodusport.fr\/blog\/emils-liepins-sadjuge-une-deuxieme-etape-tronquee-sur-le-tour-de-murcie-marc-soler-vainqueur-final\/","name":"Em\u012bls Liepi\u0146\u0161 s'adjuge une deuxi\u00e8me \u00e9tape tronqu\u00e9e sur le Tour de Murcie, Marc Soler vainqueur final","isPartOf":{"@id":"https:\/\/dicodusport.fr\/blog\/#website"},"primaryImageOfPage":{"@id":"https:\/\/dicodusport.fr\/blog\/emils-liepins-sadjuge-une-deuxieme-etape-tronquee-sur-le-tour-de-murcie-marc-soler-vainqueur-final\/#primaryimage"},"image":{"@id":"https:\/\/dicodusport.fr\/blog\/emils-liepins-sadjuge-une-deuxieme-etape-tronquee-sur-le-tour-de-murcie-marc-soler-vainqueur-final\/#primaryimage"},"thumbnailUrl":"https:\/\/dicodusport.fr\/blog\/wp-content\/uploads\/2026\/02\/Emils-Liepins-sadjuge-une-deuxieme-etape-tronquee-sur-le-Tour-de-Murcie-Marc-Soler-vainqueur-final-1.png","datePublished":"2026-02-14T14:14:13+00:00","dateModified":"2026-02-14T16:01:15+00:00","description":"TOUR DE MURCIE 2026 - Em\u012bls Liepi\u0146\u0161 (Pinarello Q36.5 Pro Cycling) a remport\u00e9 en solitaire la seconde \u00e9tape du Tour de Murcie, neutralis\u00e9e \u00e0 cause du vent, \u00e0 Santomera. Vainqueur de la premi\u00e8re \u00e9tape, Marc Soler (UAE Team Emirates - XRG) a remport\u00e9 le classement g\u00e9n\u00e9ral final.\u00a0","breadcrumb":{"@id":"https:\/\/dicodusport.fr\/blog\/emils-liepins-sadjuge-une-deuxieme-etape-tronquee-sur-le-tour-de-murcie-marc-soler-vainqueur-final\/#breadcrumb"},"inLanguage":"fr-FR","potentialAction":[{"@type":"ReadAction","target":["https:\/\/dicodusport.fr\/blog\/emils-liepins-sadjuge-une-deuxieme-etape-tronquee-sur-le-tour-de-murcie-marc-soler-vainqueur-final\/"]}]},{"@type":"ImageObject","inLanguage":"fr-FR","@id":"https:\/\/dicodusport.fr\/blog\/emils-liepins-sadjuge-une-deuxieme-etape-tronquee-sur-le-tour-de-murcie-marc-soler-vainqueur-final\/#primaryimage","url":"https:\/\/dicodusport.fr\/blog\/wp-content\/uploads\/2026\/02\/Emils-Liepins-sadjuge-une-deuxieme-etape-tronquee-sur-le-Tour-de-Murcie-Marc-Soler-vainqueur-final-1.png","contentUrl":"https:\/\/dicodusport.fr\/blog\/wp-content\/uploads\/2026\/02\/Emils-Liepins-sadjuge-une-deuxieme-etape-tronquee-sur-le-Tour-de-Murcie-Marc-Soler-vainqueur-final-1.png","width":1200,"height":674,"caption":"Em\u012bls Liepi\u0146\u0161 s'adjuge une deuxi\u00e8me \u00e9tape tronqu\u00e9e sur le Tour de Murcie, Marc Soler vainqueur final"},{"@type":"BreadcrumbList","@id":"https:\/\/dicodusport.fr\/blog\/emils-liepins-sadjuge-une-deuxieme-etape-tronquee-sur-le-tour-de-murcie-marc-soler-vainqueur-final\/#breadcrumb","itemListElement":[{"@type":"ListItem","position":1,"name":"Accueil","item":"https:\/\/dicodusport.fr\/blog\/"},{"@type":"ListItem","position":2,"name":"Em\u012bls Liepi\u0146\u0161 s&rsquo;adjuge une deuxi\u00e8me \u00e9tape tronqu\u00e9e sur le Tour de Murcie, Marc Soler vainqueur final"}]},{"@type":"WebSite","@id":"https:\/\/dicodusport.fr\/blog\/#website","url":"https:\/\/dicodusport.fr\/blog\/","name":"Dicodusport","description":"L&#039;encyclop\u00e9die de l&#039;actualit\u00e9 sportive","publisher":{"@id":"https:\/\/dicodusport.fr\/blog\/#organization"},"potentialAction":[{"@type":"SearchAction","target":{"@type":"EntryPoint","urlTemplate":"https:\/\/dicodusport.fr\/blog\/?s={search_term_string}"},"query-input":{"@type":"PropertyValueSpecification","valueRequired":true,"valueName":"search_term_string"}}],"inLanguage":"fr-FR"},{"@type":"NewsMediaOrganization","@id":"https:\/\/dicodusport.fr\/blog\/#organization","name":"Dicodusport","url":"https:\/\/dicodusport.fr\/blog\/","logo":{"@type":"ImageObject","inLanguage":"fr-FR","@id":"https:\/\/dicodusport.fr\/blog\/#\/schema\/logo\/image\/","url":"https:\/\/dicodusport.fr\/blog\/wp-content\/uploads\/2020\/06\/cropped-LOGO-DICODUSPORT-2020-SANS-FOND-SANS-TEXTE.png","contentUrl":"https:\/\/dicodusport.fr\/blog\/wp-content\/uploads\/2020\/06\/cropped-LOGO-DICODUSPORT-2020-SANS-FOND-SANS-TEXTE.png","width":512,"height":512,"caption":"Dicodusport"},"image":{"@id":"https:\/\/dicodusport.fr\/blog\/#\/schema\/logo\/image\/"},"sameAs":["https:\/\/www.facebook.com\/dicodusport","https:\/\/x.com\/dicodusport","https:\/\/www.instagram.com\/dicodusport\/","https:\/\/www.youtube.com\/channel\/UC7V2KZ5sd3htJivAbA4ZG3w"],"description":"Dicodusport est l'encyclop\u00e9die de l'actualit\u00e9 sportive.","email":"bonjour@dicodusport.fr","legalName":"DICODUSPORT","foundingDate":"2018-01-14","vatID":"FR71834470973","taxID":"83447097300043","numberOfEmployees":{"@type":"QuantitativeValue","minValue":"1","maxValue":"10"}},{"@type":"Person","@id":"https:\/\/dicodusport.fr\/blog\/#\/schema\/person\/6db4bae06b171592211be385b32876a7","name":"Emilien Descampiaux","image":{"@type":"ImageObject","inLanguage":"fr-FR","@id":"https:\/\/dicodusport.fr\/blog\/#\/schema\/person\/image\/","url":"https:\/\/dicodusport.fr\/blog\/wp-content\/uploads\/2021\/05\/Emilien-Descampiaux-150x150.jpg","contentUrl":"https:\/\/dicodusport.fr\/blog\/wp-content\/uploads\/2021\/05\/Emilien-Descampiaux-150x150.jpg","caption":"Emilien Descampiaux"},"description":"Journaliste\/r\u00e9dacteur depuis 2014 - Fan de la classe de Frank Vandenbroucke, je vis cyclisme (et de ses paysages) depuis plus de 20 ans. Je suis tr\u00e8s impliqu\u00e9 sur mes diff\u00e9rents r\u00e9seaux sociaux pour partager ma passion sur le monde et l'Histoire de la bicyclette avec ma voix sur les images en noir et blanc du succ\u00e8s de Rik Van Steenbergen lors du Ronde sur le V\u00e9lodrome de Gand.","sameAs":["https:\/\/www.facebook.com\/groups\/LesRoisDuPeloton","https:\/\/x.com\/https:\/\/twitter.com\/LRoisDuPeloton"],"url":"https:\/\/dicodusport.fr\/blog\/author\/emiliend\/"}]}},"_links":{"self":[{"href":"https:\/\/dicodusport.fr\/blog\/wp-json\/wp\/v2\/posts\/647556","targetHints":{"allow":["GET"]}}],"collection":[{"href":"https:\/\/dicodusport.fr\/blog\/wp-json\/wp\/v2\/posts"}],"about":[{"href":"https:\/\/dicodusport.fr\/blog\/wp-json\/wp\/v2\/types\/post"}],"author":[{"embeddable":true,"href":"https:\/\/dicodusport.fr\/blog\/wp-json\/wp\/v2\/users\/48"}],"replies":[{"embeddable":true,"href":"https:\/\/dicodusport.fr\/blog\/wp-json\/wp\/v2\/comments?post=647556"}],"version-history":[{"count":5,"href":"https:\/\/dicodusport.fr\/blog\/wp-json\/wp\/v2\/posts\/647556\/revisions"}],"predecessor-version":[{"id":647623,"href":"https:\/\/dicodusport.fr\/blog\/wp-json\/wp\/v2\/posts\/647556\/revisions\/647623"}],"wp:featuredmedia":[{"embeddable":true,"href":"https:\/\/dicodusport.fr\/blog\/wp-json\/wp\/v2\/media\/647687"}],"wp:attachment":[{"href":"https:\/\/dicodusport.fr\/blog\/wp-json\/wp\/v2\/media?parent=647556"}],"wp:term":[{"taxonomy":"category","embeddable":true,"href":"https:\/\/dicodusport.fr\/blog\/wp-json\/wp\/v2\/categories?post=647556"},{"taxonomy":"post_tag","embeddable":true,"href":"https:\/\/dicodusport.fr\/blog\/wp-json\/wp\/v2\/tags?post=647556"}],"curies":[{"name":"wp","href":"https:\/\/api.w.org\/{rel}","templated":true}]}}