{"id":64768,"date":"2020-04-09T20:29:12","date_gmt":"2020-04-09T18:29:12","guid":{"rendered":"http:\/\/dicodusport.fr\/blog\/?p=64768&#038;preview=true&#038;preview_id=64768"},"modified":"2020-04-10T09:52:07","modified_gmt":"2020-04-10T07:52:07","slug":"benoit-paire-parle-ses-echanges-stan-wawrinka-reseaux-sociaux","status":"publish","type":"post","link":"https:\/\/dicodusport.fr\/blog\/benoit-paire-parle-ses-echanges-stan-wawrinka-reseaux-sociaux\/","title":{"rendered":"Beno\u00eet Paire parle de ses \u00e9changes avec Stan Wawrinka sur les r\u00e9seaux sociaux"},"content":{"rendered":"<p style=\"text-align: justify;\"><strong><em>TENNIS &#8211; Dans un entretien accord\u00e9 \u00e0 nos confr\u00e8res de <a href=\"https:\/\/www.lequipe.fr\/Tennis\/Article\/Lors-de-ses-echanges-avec-stan-wawrinka-sur-les-reseaux-sociaux-benoit-paire-n-a-pas-envie-d-etre-catalogue-tennisman-alcoolique\/1126171\" target=\"_blank\" rel=\"noopener noreferrer\">L&rsquo;\u00c9quipe<\/a>, Beno\u00eet Paire est revenu sur ses \u00e9changes en vid\u00e9o avec Stan Wawrinka. Le Fran\u00e7aise assume, avec honn\u00eatet\u00e9.<\/em><\/strong><\/p>\n<p style=\"text-align: justify;\">Les <em>StanPairo<\/em> sont devenus des rendez-vous immanquables pour les fans de tennis. En effet, depuis le d\u00e9but du confinement, <a href=\"https:\/\/dicodusport.fr\/blog\/tag\/benoit-paire\/\" target=\"_blank\" rel=\"noopener noreferrer\"><strong>Beno\u00eet Paire<\/strong><\/a> et <strong>Stan Wawrinka<\/strong> partagent leurs ap\u00e9ros \u00e0 distance avec leurs followers. Un concept que le Fran\u00e7ais assume avec grand plaisir : <em>\u00ab Le but du \u00ab\u00a0StanPairo\u00a0\u00bb, c&rsquo;est que les gens nous regardent, nous \u00e9coutent et apprennent \u00e0 nous conna\u00eetre un peu mieux en buvant un coup. Si \u00e7a aide certains \u00e0 faire passer le temps plus vite pendant le confinement, c&rsquo;est bien, non ? \u00bb<\/em><\/p>\n<h2 style=\"text-align: justify;\">\u00ab Je ne passe pas mon temps \u00e0 boire et \u00e0 \u00eatre d\u00e9chir\u00e9 \u00bb<\/h2>\n<p style=\"text-align: justify;\">Entre chambrage et partage de recettes de cocktail, les deux comp\u00e8res passent donc de bons moments \u00e0 distance. Mais le natif d&rsquo;Avignon rejette l&rsquo;image que beaucoup d&rsquo;internautes ont de lui, celle d&rsquo;un alcoolique. Le 22\u00e8me du classement ATP se d\u00e9fend : <em>\u00ab Je ne passe pas mon temps \u00e0 boire et \u00e0 \u00eatre d\u00e9chir\u00e9. J&rsquo;ai juste envie de prendre mon petit verre et de me poser. On ne rejoue pas avant juillet ou ao\u00fbt, on n&rsquo;a jamais autant de temps d&rsquo;habitude. \u00bb <\/em>Juste une mise au point. Prochain rendez-vous pour les deux potes, ce vendredi, m\u00eame heure, m\u00eame endroit.<\/p>\n<blockquote class=\"twitter-tweet\">\n<p dir=\"ltr\" lang=\"fr\">Toujours dans l\u2019exag\u00e9ration!! Tu bois 3 verres on dit que tu te mets une caisse!! <a href=\"https:\/\/twitter.com\/hashtag\/ducalme?src=hash&amp;ref_src=twsrc%5Etfw\">#ducalme<\/a><\/p>\n<p>\u2014 paire benoit (@benoitpaire) <a href=\"https:\/\/twitter.com\/benoitpaire\/status\/1247462405304614912?ref_src=twsrc%5Etfw\">April 7, 2020<\/a><\/p><\/blockquote>\n<p><script async src=\"https:\/\/platform.twitter.com\/widgets.js\" charset=\"utf-8\"><\/script><\/p>\n<p><strong><em>Dicodusport<br \/>\n<a href=\"https:\/\/www.facebook.com\/dicodusport\/\" target=\"_blank\" rel=\"noopener noreferrer\"><img loading=\"lazy\" decoding=\"async\" class=\"alignnone wp-image-2909\" src=\"http:\/\/dicodusport.fr\/blog\/wp-content\/uploads\/2017\/07\/logo-facebook-150x150.png\" alt=\"\" width=\"40\" height=\"40\" \/><\/a><a href=\"https:\/\/twitter.com\/dicodusport\" target=\"_blank\" rel=\"noopener noreferrer\"><img loading=\"lazy\" decoding=\"async\" class=\"alignnone wp-image-2908\" src=\"http:\/\/dicodusport.fr\/blog\/wp-content\/uploads\/2017\/07\/logo-twitter-150x150.png\" alt=\"\" width=\"39\" height=\"39\" \/><\/a><\/em><\/strong><\/p>\n","protected":false},"excerpt":{"rendered":"<p>TENNIS &#8211; Dans un entretien accord\u00e9 \u00e0 nos confr\u00e8res de L&rsquo;\u00c9quipe, Beno\u00eet Paire est revenu sur ses \u00e9changes en vid\u00e9o avec Stan Wawrinka. Le Fran\u00e7aise assume, avec honn\u00eatet\u00e9.<\/p>\n","protected":false},"author":4,"featured_media":64769,"comment_status":"open","ping_status":"closed","sticky":false,"template":"","format":"standard","meta":{"_acf_changed":false,"_daextam_enable_autolinks":"","footnotes":""},"categories":[2302],"tags":[5942,3923,136],"class_list":["post-64768","post","type-post","status-publish","format-standard","has-post-thumbnail","hentry","category-tennis","tag-benoit-paire","tag-stan-wawrinka","tag-tennis"],"acf":[],"yoast_head":"<!-- This site is optimized with the Yoast SEO Premium plugin v26.7 (Yoast SEO v26.7) - https:\/\/yoast.com\/wordpress\/plugins\/seo\/ -->\n<title>Beno\u00eet Paire parle de ses \u00e9changes avec Stan Wawrinka sur les r\u00e9seaux sociaux<\/title>\n<meta name=\"description\" content=\"TENNIS - Dans un entretien accord\u00e9 \u00e0 nos confr\u00e8res de L&#039;\u00c9quipe, Beno\u00eet Paire est revenu sur ses \u00e9changes en vid\u00e9o avec Stan Wawrinka. Le Fran\u00e7aise assume.\" \/>\n<meta name=\"robots\" content=\"index, follow, max-snippet:-1, max-image-preview:large, max-video-preview:-1\" \/>\n<link rel=\"canonical\" href=\"https:\/\/dicodusport.fr\/blog\/benoit-paire-parle-ses-echanges-stan-wawrinka-reseaux-sociaux\/\" \/>\n<meta property=\"og:locale\" content=\"fr_FR\" \/>\n<meta property=\"og:type\" content=\"article\" \/>\n<meta property=\"og:title\" content=\"Beno\u00eet Paire parle de ses \u00e9changes avec Wawrinka sur les r\u00e9seaux sociaux\" \/>\n<meta property=\"og:description\" content=\"TENNIS - Dans un entretien accord\u00e9 \u00e0 nos confr\u00e8res de L&#039;\u00c9quipe, Beno\u00eet Paire est revenu sur ses \u00e9changes en vid\u00e9o avec Stan Wawrinka. Le Fran\u00e7aise assume.\" \/>\n<meta property=\"og:url\" content=\"https:\/\/dicodusport.fr\/blog\/benoit-paire-parle-ses-echanges-stan-wawrinka-reseaux-sociaux\/\" \/>\n<meta property=\"og:site_name\" content=\"Dicodusport\" \/>\n<meta property=\"article:publisher\" content=\"https:\/\/www.facebook.com\/dicodusport\" \/>\n<meta property=\"article:author\" content=\"https:\/\/www.facebook.com\/florent.ostermann\" \/>\n<meta property=\"article:published_time\" content=\"2020-04-09T18:29:12+00:00\" \/>\n<meta property=\"article:modified_time\" content=\"2020-04-10T07:52:07+00:00\" \/>\n<meta property=\"og:image\" content=\"https:\/\/dicodusport.fr\/blog\/wp-content\/uploads\/2020\/04\/Beno\u00eet-Paire-parle-de-ses-\u00e9changes-avec-Stan-Wawrinka-sur-les-r\u00e9seaux-sociaux.png\" \/>\n\t<meta property=\"og:image:width\" content=\"800\" \/>\n\t<meta property=\"og:image:height\" content=\"445\" \/>\n\t<meta property=\"og:image:type\" content=\"image\/png\" \/>\n<meta name=\"author\" content=\"Flo Ostermann\" \/>\n<meta name=\"twitter:card\" content=\"summary_large_image\" \/>\n<meta name=\"twitter:title\" content=\"Beno\u00eet Paire parle de ses \u00e9changes avec Stan Wawrinka sur les r\u00e9seaux sociaux\" \/>\n<meta name=\"twitter:creator\" content=\"@https:\/\/twitter.com\/FlOstermann\" \/>\n<meta name=\"twitter:site\" content=\"@dicodusport\" \/>\n<script type=\"application\/ld+json\" class=\"yoast-schema-graph\">{\"@context\":\"https:\/\/schema.org\",\"@graph\":[{\"@type\":\"NewsArticle\",\"@id\":\"https:\/\/dicodusport.fr\/blog\/benoit-paire-parle-ses-echanges-stan-wawrinka-reseaux-sociaux\/#article\",\"isPartOf\":{\"@id\":\"https:\/\/dicodusport.fr\/blog\/benoit-paire-parle-ses-echanges-stan-wawrinka-reseaux-sociaux\/\"},\"author\":{\"name\":\"Flo Ostermann\",\"@id\":\"https:\/\/dicodusport.fr\/blog\/#\/schema\/person\/cb02af4c173ce4a653b55e9baf388d4a\"},\"headline\":\"Beno\u00eet Paire parle de ses \u00e9changes avec Stan Wawrinka sur les r\u00e9seaux sociaux\",\"datePublished\":\"2020-04-09T18:29:12+00:00\",\"dateModified\":\"2020-04-10T07:52:07+00:00\",\"mainEntityOfPage\":{\"@id\":\"https:\/\/dicodusport.fr\/blog\/benoit-paire-parle-ses-echanges-stan-wawrinka-reseaux-sociaux\/\"},\"wordCount\":273,\"commentCount\":0,\"publisher\":{\"@id\":\"https:\/\/dicodusport.fr\/blog\/#organization\"},\"image\":{\"@id\":\"https:\/\/dicodusport.fr\/blog\/benoit-paire-parle-ses-echanges-stan-wawrinka-reseaux-sociaux\/#primaryimage\"},\"thumbnailUrl\":\"https:\/\/dicodusport.fr\/blog\/wp-content\/uploads\/2020\/04\/Beno\u00eet-Paire-parle-de-ses-\u00e9changes-avec-Stan-Wawrinka-sur-les-r\u00e9seaux-sociaux.png\",\"keywords\":[\"Beno\u00eet Paire\",\"Stan Wawrinka\",\"Tennis\"],\"articleSection\":[\"Tennis\"],\"inLanguage\":\"fr-FR\",\"potentialAction\":[{\"@type\":\"CommentAction\",\"name\":\"Comment\",\"target\":[\"https:\/\/dicodusport.fr\/blog\/benoit-paire-parle-ses-echanges-stan-wawrinka-reseaux-sociaux\/#respond\"]}],\"copyrightYear\":\"2020\",\"copyrightHolder\":{\"@id\":\"https:\/\/dicodusport.fr\/blog\/#organization\"}},{\"@type\":\"WebPage\",\"@id\":\"https:\/\/dicodusport.fr\/blog\/benoit-paire-parle-ses-echanges-stan-wawrinka-reseaux-sociaux\/\",\"url\":\"https:\/\/dicodusport.fr\/blog\/benoit-paire-parle-ses-echanges-stan-wawrinka-reseaux-sociaux\/\",\"name\":\"Beno\u00eet Paire parle de ses \u00e9changes avec Stan Wawrinka sur les r\u00e9seaux sociaux\",\"isPartOf\":{\"@id\":\"https:\/\/dicodusport.fr\/blog\/#website\"},\"primaryImageOfPage\":{\"@id\":\"https:\/\/dicodusport.fr\/blog\/benoit-paire-parle-ses-echanges-stan-wawrinka-reseaux-sociaux\/#primaryimage\"},\"image\":{\"@id\":\"https:\/\/dicodusport.fr\/blog\/benoit-paire-parle-ses-echanges-stan-wawrinka-reseaux-sociaux\/#primaryimage\"},\"thumbnailUrl\":\"https:\/\/dicodusport.fr\/blog\/wp-content\/uploads\/2020\/04\/Beno\u00eet-Paire-parle-de-ses-\u00e9changes-avec-Stan-Wawrinka-sur-les-r\u00e9seaux-sociaux.png\",\"datePublished\":\"2020-04-09T18:29:12+00:00\",\"dateModified\":\"2020-04-10T07:52:07+00:00\",\"description\":\"TENNIS - Dans un entretien accord\u00e9 \u00e0 nos confr\u00e8res de L'\u00c9quipe, Beno\u00eet Paire est revenu sur ses \u00e9changes en vid\u00e9o avec Stan Wawrinka. Le Fran\u00e7aise assume.\",\"breadcrumb\":{\"@id\":\"https:\/\/dicodusport.fr\/blog\/benoit-paire-parle-ses-echanges-stan-wawrinka-reseaux-sociaux\/#breadcrumb\"},\"inLanguage\":\"fr-FR\",\"potentialAction\":[{\"@type\":\"ReadAction\",\"target\":[\"https:\/\/dicodusport.fr\/blog\/benoit-paire-parle-ses-echanges-stan-wawrinka-reseaux-sociaux\/\"]}]},{\"@type\":\"ImageObject\",\"inLanguage\":\"fr-FR\",\"@id\":\"https:\/\/dicodusport.fr\/blog\/benoit-paire-parle-ses-echanges-stan-wawrinka-reseaux-sociaux\/#primaryimage\",\"url\":\"https:\/\/dicodusport.fr\/blog\/wp-content\/uploads\/2020\/04\/Beno\u00eet-Paire-parle-de-ses-\u00e9changes-avec-Stan-Wawrinka-sur-les-r\u00e9seaux-sociaux.png\",\"contentUrl\":\"https:\/\/dicodusport.fr\/blog\/wp-content\/uploads\/2020\/04\/Beno\u00eet-Paire-parle-de-ses-\u00e9changes-avec-Stan-Wawrinka-sur-les-r\u00e9seaux-sociaux.png\",\"width\":800,\"height\":445,\"caption\":\"Beno\u00eet Paire parle de ses \u00e9changes avec Stan Wawrinka sur les r\u00e9seaux sociaux\"},{\"@type\":\"BreadcrumbList\",\"@id\":\"https:\/\/dicodusport.fr\/blog\/benoit-paire-parle-ses-echanges-stan-wawrinka-reseaux-sociaux\/#breadcrumb\",\"itemListElement\":[{\"@type\":\"ListItem\",\"position\":1,\"name\":\"Accueil\",\"item\":\"https:\/\/dicodusport.fr\/blog\/\"},{\"@type\":\"ListItem\",\"position\":2,\"name\":\"Beno\u00eet Paire parle de ses \u00e9changes avec Stan Wawrinka sur les r\u00e9seaux sociaux\"}]},{\"@type\":\"WebSite\",\"@id\":\"https:\/\/dicodusport.fr\/blog\/#website\",\"url\":\"https:\/\/dicodusport.fr\/blog\/\",\"name\":\"Dicodusport\",\"description\":\"L&#039;encyclop\u00e9die de l&#039;actualit\u00e9 sportive\",\"publisher\":{\"@id\":\"https:\/\/dicodusport.fr\/blog\/#organization\"},\"potentialAction\":[{\"@type\":\"SearchAction\",\"target\":{\"@type\":\"EntryPoint\",\"urlTemplate\":\"https:\/\/dicodusport.fr\/blog\/?s={search_term_string}\"},\"query-input\":{\"@type\":\"PropertyValueSpecification\",\"valueRequired\":true,\"valueName\":\"search_term_string\"}}],\"inLanguage\":\"fr-FR\"},{\"@type\":\"NewsMediaOrganization\",\"@id\":\"https:\/\/dicodusport.fr\/blog\/#organization\",\"name\":\"Dicodusport\",\"url\":\"https:\/\/dicodusport.fr\/blog\/\",\"logo\":{\"@type\":\"ImageObject\",\"inLanguage\":\"fr-FR\",\"@id\":\"https:\/\/dicodusport.fr\/blog\/#\/schema\/logo\/image\/\",\"url\":\"https:\/\/dicodusport.fr\/blog\/wp-content\/uploads\/2020\/06\/cropped-LOGO-DICODUSPORT-2020-SANS-FOND-SANS-TEXTE.png\",\"contentUrl\":\"https:\/\/dicodusport.fr\/blog\/wp-content\/uploads\/2020\/06\/cropped-LOGO-DICODUSPORT-2020-SANS-FOND-SANS-TEXTE.png\",\"width\":512,\"height\":512,\"caption\":\"Dicodusport\"},\"image\":{\"@id\":\"https:\/\/dicodusport.fr\/blog\/#\/schema\/logo\/image\/\"},\"sameAs\":[\"https:\/\/www.facebook.com\/dicodusport\",\"https:\/\/x.com\/dicodusport\",\"https:\/\/www.instagram.com\/dicodusport\/\",\"https:\/\/www.youtube.com\/channel\/UC7V2KZ5sd3htJivAbA4ZG3w\"],\"description\":\"Dicodusport est l'encyclop\u00e9die de l'actualit\u00e9 sportive.\",\"email\":\"bonjour@dicodusport.fr\",\"legalName\":\"DICODUSPORT\",\"foundingDate\":\"2018-01-14\",\"vatID\":\"FR71834470973\",\"taxID\":\"83447097300043\",\"numberOfEmployees\":{\"@type\":\"QuantitativeValue\",\"minValue\":\"1\",\"maxValue\":\"10\"}},{\"@type\":\"Person\",\"@id\":\"https:\/\/dicodusport.fr\/blog\/#\/schema\/person\/cb02af4c173ce4a653b55e9baf388d4a\",\"name\":\"Flo Ostermann\",\"image\":{\"@type\":\"ImageObject\",\"inLanguage\":\"fr-FR\",\"@id\":\"https:\/\/dicodusport.fr\/blog\/#\/schema\/person\/image\/\",\"url\":\"https:\/\/dicodusport.fr\/blog\/wp-content\/uploads\/2021\/05\/Flo-Ostermann-150x150.jpg\",\"contentUrl\":\"https:\/\/dicodusport.fr\/blog\/wp-content\/uploads\/2021\/05\/Flo-Ostermann-150x150.jpg\",\"caption\":\"Flo Ostermann\"},\"description\":\"Journaliste\/R\u00e9dacteur depuis septembre 2015 - Mes premiers souvenirs dans le sport ? Les envol\u00e9es du Stade Toulousain et les duels Villeneuve-Schumacher et H\u00e4kkinen-Schumacher \u00e0 la fin des ann\u00e9es 90, la Coupe du monde de football en 1998, l\u2019exploit du XV de France face aux All Blacks en 1999, mais aussi Richard C\u0153ur de Lion qui vole sur les montagnes du Tour de France. Bien parti pour devenir professeur d\u2019EPS, les \u00e9v\u00e9nements de la vie (et la flemme d\u2019animer des s\u00e9ances de 3x500 m\u00e8tres toute ma vie) m\u2019ont conduit \u00e0 revoir mes plans. Me voil\u00e0 depuis fin 2017 sur Dicodusport, m\u00e9dia gr\u00e2ce (et pour) lequel je partage ma passion : le sport dans tous ses \u00e9tats. Le tout accompagn\u00e9 par les fous furieux et folles furieuses cit\u00e9s sur cette page !\",\"sameAs\":[\"https:\/\/www.facebook.com\/florent.ostermann\",\"https:\/\/x.com\/https:\/\/twitter.com\/FlOstermann\",\"admin\"],\"url\":\"https:\/\/dicodusport.fr\/blog\/author\/flo\/\"}]}<\/script>\n<!-- \/ Yoast SEO Premium plugin. -->","yoast_head_json":{"title":"Beno\u00eet Paire parle de ses \u00e9changes avec Stan Wawrinka sur les r\u00e9seaux sociaux","description":"TENNIS - Dans un entretien accord\u00e9 \u00e0 nos confr\u00e8res de L'\u00c9quipe, Beno\u00eet Paire est revenu sur ses \u00e9changes en vid\u00e9o avec Stan Wawrinka. Le Fran\u00e7aise assume.","robots":{"index":"index","follow":"follow","max-snippet":"max-snippet:-1","max-image-preview":"max-image-preview:large","max-video-preview":"max-video-preview:-1"},"canonical":"https:\/\/dicodusport.fr\/blog\/benoit-paire-parle-ses-echanges-stan-wawrinka-reseaux-sociaux\/","og_locale":"fr_FR","og_type":"article","og_title":"Beno\u00eet Paire parle de ses \u00e9changes avec Wawrinka sur les r\u00e9seaux sociaux","og_description":"TENNIS - Dans un entretien accord\u00e9 \u00e0 nos confr\u00e8res de L'\u00c9quipe, Beno\u00eet Paire est revenu sur ses \u00e9changes en vid\u00e9o avec Stan Wawrinka. Le Fran\u00e7aise assume.","og_url":"https:\/\/dicodusport.fr\/blog\/benoit-paire-parle-ses-echanges-stan-wawrinka-reseaux-sociaux\/","og_site_name":"Dicodusport","article_publisher":"https:\/\/www.facebook.com\/dicodusport","article_author":"https:\/\/www.facebook.com\/florent.ostermann","article_published_time":"2020-04-09T18:29:12+00:00","article_modified_time":"2020-04-10T07:52:07+00:00","og_image":[{"width":800,"height":445,"url":"https:\/\/dicodusport.fr\/blog\/wp-content\/uploads\/2020\/04\/Beno\u00eet-Paire-parle-de-ses-\u00e9changes-avec-Stan-Wawrinka-sur-les-r\u00e9seaux-sociaux.png","type":"image\/png"}],"author":"Flo Ostermann","twitter_card":"summary_large_image","twitter_title":"Beno\u00eet Paire parle de ses \u00e9changes avec Stan Wawrinka sur les r\u00e9seaux sociaux","twitter_creator":"@https:\/\/twitter.com\/FlOstermann","twitter_site":"@dicodusport","schema":{"@context":"https:\/\/schema.org","@graph":[{"@type":"NewsArticle","@id":"https:\/\/dicodusport.fr\/blog\/benoit-paire-parle-ses-echanges-stan-wawrinka-reseaux-sociaux\/#article","isPartOf":{"@id":"https:\/\/dicodusport.fr\/blog\/benoit-paire-parle-ses-echanges-stan-wawrinka-reseaux-sociaux\/"},"author":{"name":"Flo Ostermann","@id":"https:\/\/dicodusport.fr\/blog\/#\/schema\/person\/cb02af4c173ce4a653b55e9baf388d4a"},"headline":"Beno\u00eet Paire parle de ses \u00e9changes avec Stan Wawrinka sur les r\u00e9seaux sociaux","datePublished":"2020-04-09T18:29:12+00:00","dateModified":"2020-04-10T07:52:07+00:00","mainEntityOfPage":{"@id":"https:\/\/dicodusport.fr\/blog\/benoit-paire-parle-ses-echanges-stan-wawrinka-reseaux-sociaux\/"},"wordCount":273,"commentCount":0,"publisher":{"@id":"https:\/\/dicodusport.fr\/blog\/#organization"},"image":{"@id":"https:\/\/dicodusport.fr\/blog\/benoit-paire-parle-ses-echanges-stan-wawrinka-reseaux-sociaux\/#primaryimage"},"thumbnailUrl":"https:\/\/dicodusport.fr\/blog\/wp-content\/uploads\/2020\/04\/Beno\u00eet-Paire-parle-de-ses-\u00e9changes-avec-Stan-Wawrinka-sur-les-r\u00e9seaux-sociaux.png","keywords":["Beno\u00eet Paire","Stan Wawrinka","Tennis"],"articleSection":["Tennis"],"inLanguage":"fr-FR","potentialAction":[{"@type":"CommentAction","name":"Comment","target":["https:\/\/dicodusport.fr\/blog\/benoit-paire-parle-ses-echanges-stan-wawrinka-reseaux-sociaux\/#respond"]}],"copyrightYear":"2020","copyrightHolder":{"@id":"https:\/\/dicodusport.fr\/blog\/#organization"}},{"@type":"WebPage","@id":"https:\/\/dicodusport.fr\/blog\/benoit-paire-parle-ses-echanges-stan-wawrinka-reseaux-sociaux\/","url":"https:\/\/dicodusport.fr\/blog\/benoit-paire-parle-ses-echanges-stan-wawrinka-reseaux-sociaux\/","name":"Beno\u00eet Paire parle de ses \u00e9changes avec Stan Wawrinka sur les r\u00e9seaux sociaux","isPartOf":{"@id":"https:\/\/dicodusport.fr\/blog\/#website"},"primaryImageOfPage":{"@id":"https:\/\/dicodusport.fr\/blog\/benoit-paire-parle-ses-echanges-stan-wawrinka-reseaux-sociaux\/#primaryimage"},"image":{"@id":"https:\/\/dicodusport.fr\/blog\/benoit-paire-parle-ses-echanges-stan-wawrinka-reseaux-sociaux\/#primaryimage"},"thumbnailUrl":"https:\/\/dicodusport.fr\/blog\/wp-content\/uploads\/2020\/04\/Beno\u00eet-Paire-parle-de-ses-\u00e9changes-avec-Stan-Wawrinka-sur-les-r\u00e9seaux-sociaux.png","datePublished":"2020-04-09T18:29:12+00:00","dateModified":"2020-04-10T07:52:07+00:00","description":"TENNIS - Dans un entretien accord\u00e9 \u00e0 nos confr\u00e8res de L'\u00c9quipe, Beno\u00eet Paire est revenu sur ses \u00e9changes en vid\u00e9o avec Stan Wawrinka. Le Fran\u00e7aise assume.","breadcrumb":{"@id":"https:\/\/dicodusport.fr\/blog\/benoit-paire-parle-ses-echanges-stan-wawrinka-reseaux-sociaux\/#breadcrumb"},"inLanguage":"fr-FR","potentialAction":[{"@type":"ReadAction","target":["https:\/\/dicodusport.fr\/blog\/benoit-paire-parle-ses-echanges-stan-wawrinka-reseaux-sociaux\/"]}]},{"@type":"ImageObject","inLanguage":"fr-FR","@id":"https:\/\/dicodusport.fr\/blog\/benoit-paire-parle-ses-echanges-stan-wawrinka-reseaux-sociaux\/#primaryimage","url":"https:\/\/dicodusport.fr\/blog\/wp-content\/uploads\/2020\/04\/Beno\u00eet-Paire-parle-de-ses-\u00e9changes-avec-Stan-Wawrinka-sur-les-r\u00e9seaux-sociaux.png","contentUrl":"https:\/\/dicodusport.fr\/blog\/wp-content\/uploads\/2020\/04\/Beno\u00eet-Paire-parle-de-ses-\u00e9changes-avec-Stan-Wawrinka-sur-les-r\u00e9seaux-sociaux.png","width":800,"height":445,"caption":"Beno\u00eet Paire parle de ses \u00e9changes avec Stan Wawrinka sur les r\u00e9seaux sociaux"},{"@type":"BreadcrumbList","@id":"https:\/\/dicodusport.fr\/blog\/benoit-paire-parle-ses-echanges-stan-wawrinka-reseaux-sociaux\/#breadcrumb","itemListElement":[{"@type":"ListItem","position":1,"name":"Accueil","item":"https:\/\/dicodusport.fr\/blog\/"},{"@type":"ListItem","position":2,"name":"Beno\u00eet Paire parle de ses \u00e9changes avec Stan Wawrinka sur les r\u00e9seaux sociaux"}]},{"@type":"WebSite","@id":"https:\/\/dicodusport.fr\/blog\/#website","url":"https:\/\/dicodusport.fr\/blog\/","name":"Dicodusport","description":"L&#039;encyclop\u00e9die de l&#039;actualit\u00e9 sportive","publisher":{"@id":"https:\/\/dicodusport.fr\/blog\/#organization"},"potentialAction":[{"@type":"SearchAction","target":{"@type":"EntryPoint","urlTemplate":"https:\/\/dicodusport.fr\/blog\/?s={search_term_string}"},"query-input":{"@type":"PropertyValueSpecification","valueRequired":true,"valueName":"search_term_string"}}],"inLanguage":"fr-FR"},{"@type":"NewsMediaOrganization","@id":"https:\/\/dicodusport.fr\/blog\/#organization","name":"Dicodusport","url":"https:\/\/dicodusport.fr\/blog\/","logo":{"@type":"ImageObject","inLanguage":"fr-FR","@id":"https:\/\/dicodusport.fr\/blog\/#\/schema\/logo\/image\/","url":"https:\/\/dicodusport.fr\/blog\/wp-content\/uploads\/2020\/06\/cropped-LOGO-DICODUSPORT-2020-SANS-FOND-SANS-TEXTE.png","contentUrl":"https:\/\/dicodusport.fr\/blog\/wp-content\/uploads\/2020\/06\/cropped-LOGO-DICODUSPORT-2020-SANS-FOND-SANS-TEXTE.png","width":512,"height":512,"caption":"Dicodusport"},"image":{"@id":"https:\/\/dicodusport.fr\/blog\/#\/schema\/logo\/image\/"},"sameAs":["https:\/\/www.facebook.com\/dicodusport","https:\/\/x.com\/dicodusport","https:\/\/www.instagram.com\/dicodusport\/","https:\/\/www.youtube.com\/channel\/UC7V2KZ5sd3htJivAbA4ZG3w"],"description":"Dicodusport est l'encyclop\u00e9die de l'actualit\u00e9 sportive.","email":"bonjour@dicodusport.fr","legalName":"DICODUSPORT","foundingDate":"2018-01-14","vatID":"FR71834470973","taxID":"83447097300043","numberOfEmployees":{"@type":"QuantitativeValue","minValue":"1","maxValue":"10"}},{"@type":"Person","@id":"https:\/\/dicodusport.fr\/blog\/#\/schema\/person\/cb02af4c173ce4a653b55e9baf388d4a","name":"Flo Ostermann","image":{"@type":"ImageObject","inLanguage":"fr-FR","@id":"https:\/\/dicodusport.fr\/blog\/#\/schema\/person\/image\/","url":"https:\/\/dicodusport.fr\/blog\/wp-content\/uploads\/2021\/05\/Flo-Ostermann-150x150.jpg","contentUrl":"https:\/\/dicodusport.fr\/blog\/wp-content\/uploads\/2021\/05\/Flo-Ostermann-150x150.jpg","caption":"Flo Ostermann"},"description":"Journaliste\/R\u00e9dacteur depuis septembre 2015 - Mes premiers souvenirs dans le sport ? Les envol\u00e9es du Stade Toulousain et les duels Villeneuve-Schumacher et H\u00e4kkinen-Schumacher \u00e0 la fin des ann\u00e9es 90, la Coupe du monde de football en 1998, l\u2019exploit du XV de France face aux All Blacks en 1999, mais aussi Richard C\u0153ur de Lion qui vole sur les montagnes du Tour de France. Bien parti pour devenir professeur d\u2019EPS, les \u00e9v\u00e9nements de la vie (et la flemme d\u2019animer des s\u00e9ances de 3x500 m\u00e8tres toute ma vie) m\u2019ont conduit \u00e0 revoir mes plans. Me voil\u00e0 depuis fin 2017 sur Dicodusport, m\u00e9dia gr\u00e2ce (et pour) lequel je partage ma passion : le sport dans tous ses \u00e9tats. Le tout accompagn\u00e9 par les fous furieux et folles furieuses cit\u00e9s sur cette page !","sameAs":["https:\/\/www.facebook.com\/florent.ostermann","https:\/\/x.com\/https:\/\/twitter.com\/FlOstermann","admin"],"url":"https:\/\/dicodusport.fr\/blog\/author\/flo\/"}]}},"_links":{"self":[{"href":"https:\/\/dicodusport.fr\/blog\/wp-json\/wp\/v2\/posts\/64768","targetHints":{"allow":["GET"]}}],"collection":[{"href":"https:\/\/dicodusport.fr\/blog\/wp-json\/wp\/v2\/posts"}],"about":[{"href":"https:\/\/dicodusport.fr\/blog\/wp-json\/wp\/v2\/types\/post"}],"author":[{"embeddable":true,"href":"https:\/\/dicodusport.fr\/blog\/wp-json\/wp\/v2\/users\/4"}],"replies":[{"embeddable":true,"href":"https:\/\/dicodusport.fr\/blog\/wp-json\/wp\/v2\/comments?post=64768"}],"version-history":[{"count":0,"href":"https:\/\/dicodusport.fr\/blog\/wp-json\/wp\/v2\/posts\/64768\/revisions"}],"wp:featuredmedia":[{"embeddable":true,"href":"https:\/\/dicodusport.fr\/blog\/wp-json\/wp\/v2\/media\/64769"}],"wp:attachment":[{"href":"https:\/\/dicodusport.fr\/blog\/wp-json\/wp\/v2\/media?parent=64768"}],"wp:term":[{"taxonomy":"category","embeddable":true,"href":"https:\/\/dicodusport.fr\/blog\/wp-json\/wp\/v2\/categories?post=64768"},{"taxonomy":"post_tag","embeddable":true,"href":"https:\/\/dicodusport.fr\/blog\/wp-json\/wp\/v2\/tags?post=64768"}],"curies":[{"name":"wp","href":"https:\/\/api.w.org\/{rel}","templated":true}]}}