{"id":647862,"date":"2026-02-15T14:31:12","date_gmt":"2026-02-15T13:31:12","guid":{"rendered":"https:\/\/dicodusport.fr\/blog\/?p=647862&#038;preview=true&#038;preview_id=647862"},"modified":"2026-02-15T15:07:51","modified_gmt":"2026-02-15T14:07:51","slug":"exceptionnelle-federica-brignone-litalienne-est-championne-olympique-du-geant","status":"publish","type":"post","link":"https:\/\/dicodusport.fr\/blog\/exceptionnelle-federica-brignone-litalienne-est-championne-olympique-du-geant\/","title":{"rendered":"Exceptionnelle Federica Brignone : l&rsquo;Italienne est championne olympique du g\u00e9ant !"},"content":{"rendered":"<p style=\"text-align: justify;\"><strong><em>SKI ALPIN JO 2026 &#8211; Inarr\u00eatable, l&rsquo;Italienne Federica Brignone remporte son 2\u00e8me titre olympique en d\u00e9crochant l&rsquo;or sur le slalom g\u00e9ant !<\/em><\/strong><\/p>\n<ul>\n<li style=\"text-align: justify;\"><strong>\u00c0 ce sujet \u2013\u00a0<a href=\"https:\/\/dicodusport.fr\/blog\/calendrier-jo-dhiver-2026-programme-complet-des-epreuves-jour-par-jour-milan-cortina\/\">Calendrier JO d\u2019hiver 2026 : programme complet des \u00e9preuves, jour par jour (Milan-Cortina)<\/a><\/strong><\/li>\n<\/ul>\n<p style=\"text-align: justify;\">L\u2019heure du verdict pour les g\u00e9antistes f\u00e9minines apr\u00e8s une premi\u00e8re manche ultra serr\u00e9e, o\u00f9 <strong>Federica Brignone<\/strong> a impressionn\u00e9 en r\u00e9alisant le meilleur temps.<\/p>\n<h2 style=\"text-align: justify;\">Pas d\u2019exploit pour les Fran\u00e7aises<\/h2>\n<p style=\"text-align: justify;\">Partie en premi\u00e8re position, la Fran\u00e7aise <strong>Camille Cerutti<\/strong> ne termine malheureusement pas sa course apr\u00e8s une chute, sans gravit\u00e9. Cela ne se passe pas beaucoup mieux pour <strong>Doriane Escan\u00e9<\/strong>, qui finit n\u00e9anmoins sa manche avec 76 centi\u00e8mes de retard sur l\u2019Italienne <strong>Asja Zenere<\/strong>.<\/p>\n<p style=\"text-align: justify;\">C\u2019est l\u2019Italienne <strong>Lara Della Mea<\/strong> qui prend la t\u00eate provisoire apr\u00e8s une manche tr\u00e8s engag\u00e9e. Beaucoup de skieuses s\u2019\u00e9lancent mais perdent \u00e9norm\u00e9ment de temps d\u00e8s la premi\u00e8re section du trac\u00e9 et ne parviennent jamais \u00e0 combler leur retard. <strong>Alice Robinson<\/strong> et <strong>Julia Scheib<\/strong> ne r\u00e9ussissent pas \u00e0 devancer l\u2019Italienne.<\/p>\n<p style=\"text-align: justify;\"><strong>Mikaela Shiffrin<\/strong> s\u2019\u00e9lance avec 17 centi\u00e8mes d\u2019avance. Malgr\u00e9 des interm\u00e9diaires favorables, elle finit elle aussi derri\u00e8re et ne d\u00e9crochera pas de m\u00e9daille. C\u2019est la Norv\u00e9gienne <strong>Thea Louise Stjernesund<\/strong> qui parvient \u00e0 d\u00e9loger l\u2019Italienne pour 5 centi\u00e8mes gr\u00e2ce \u00e0 une tr\u00e8s bonne derni\u00e8re section.<\/p>\n<blockquote class=\"twitter-tweet\">\n<p dir=\"ltr\" lang=\"fr\">\u2744\ufe0f <a href=\"https:\/\/twitter.com\/hashtag\/MilanoCortina2026?src=hash&amp;ref_src=twsrc%5Etfw\">#MilanoCortina2026<\/a> | \ud83c\uddeb\ud83c\uddf7 Doriane Escan\u00e9 termine sa deuxi\u00e8me manche du slalom g\u00e9ant avec le 5e temps provisoire<\/p>\n<p>\ud83d\udcfa Suivez les JO sur la cha\u00eene sport : <a href=\"https:\/\/t.co\/2YyyGIAfdo\">https:\/\/t.co\/2YyyGIAfdo<\/a> <a href=\"https:\/\/t.co\/ang5A3VuaC\">pic.twitter.com\/ang5A3VuaC<\/a><\/p>\n<p>\u2014 francetvsport (@francetvsport) <a href=\"https:\/\/twitter.com\/francetvsport\/status\/2023017179612844221?ref_src=twsrc%5Etfw\">February 15, 2026<\/a><\/p><\/blockquote>\n<p><script async src=\"https:\/\/platform.twitter.com\/widgets.js\" charset=\"utf-8\"><\/script><\/p>\n<h2 style=\"text-align: justify;\">Monstrueuse Federica Brignone<\/h2>\n<p style=\"text-align: justify;\">D\u00e9cid\u00e9ment, ce g\u00e9ant est plein de surprises. Ex \u00e6quo avec la Norv\u00e9gienne lors de la premi\u00e8re manche, la Su\u00e9doise <strong>Sara Hector<\/strong> termine son g\u00e9ant dans le m\u00eame temps ! Elles ne sont plus que trois au d\u00e9part.<\/p>\n<p style=\"text-align: justify;\">C\u2019est <strong>Sofia Goggia<\/strong> qui pousse le portillon devant son public. Tr\u00e8s engag\u00e9e, l\u2019Italienne donne tout mais \u00e9choue derri\u00e8re. Incapable de revenir, elle dit au revoir \u00e0 la m\u00e9daille tandis que les deux premi\u00e8res exultent de joie.<\/p>\n<div class=\"vlp-link-container vlp-layout-article\"><a href=\"https:\/\/dicodusport.fr\/blog\/geant-femmes-jo-2026-classement-et-resultats\/\" class=\"vlp-link\" title=\"G\u00e9ant femmes JO 2026 - Classement et r\u00e9sultats\"><\/a><div class=\"vlp-layout-zone-side\"><div class=\"vlp-block-4 vlp-link-image\"><img loading=\"lazy\" decoding=\"async\" style=\"max-width: 792px;\" width=\"792\" height=\"445\" src=\"https:\/\/dicodusport.fr\/blog\/wp-content\/uploads\/2026\/02\/Geant-femmes-JO-2026-Classement-et-resultats.png\" class=\"attachment-800x445 size-800x445\" alt=\"G\u00e9ant femmes JO 2026 - Classement et r\u00e9sultats\" srcset=\"https:\/\/dicodusport.fr\/blog\/wp-content\/uploads\/2026\/02\/Geant-femmes-JO-2026-Classement-et-resultats.png 1200w, https:\/\/dicodusport.fr\/blog\/wp-content\/uploads\/2026\/02\/Geant-femmes-JO-2026-Classement-et-resultats-300x169.png 300w, https:\/\/dicodusport.fr\/blog\/wp-content\/uploads\/2026\/02\/Geant-femmes-JO-2026-Classement-et-resultats-1024x575.png 1024w, https:\/\/dicodusport.fr\/blog\/wp-content\/uploads\/2026\/02\/Geant-femmes-JO-2026-Classement-et-resultats-768x431.png 768w\" sizes=\"auto, (max-width: 792px) 100vw, 792px\" \/><\/div><\/div><div class=\"vlp-layout-zone-main\"><div class=\"vlp-block-0 vlp-link-title\">G\u00e9ant femmes JO 2026 - Classement et r\u00e9sultats<\/div><div class=\"vlp-block-1 vlp-link-summary\">Retrouvez les r\u00e9sultats complets et le classement du g\u00e9ant femmes des JO 2026 de Milan-Cortina, qui se dispute ce dimanche 15 f\u00e9vrier 2026.<\/div><div class=\"vlp-block-2 vlp-link-button\">Lire l'article<\/div><div class=\"vlp-block-3 vlp-link-url\">dicodusport.fr<\/div><\/div><\/div>\n<p style=\"text-align: justify;\">Au tour de <strong>Lena Duerr<\/strong> de s\u2019\u00e9lancer. Alors qu\u2019elle fon\u00e7ait vers la victoire, l\u2019Allemande commet une grosse faute dans les toutes derni\u00e8res portes et ne coupe la ligne qu\u2019en 8<sup>e<\/sup> position.<\/p>\n<p style=\"text-align: justify;\">La championne olympique de Super-G <strong>Federica Brignone<\/strong> pousse sur ses b\u00e2tons et ne perd rien sur le haut du parcours. Elle reprend m\u00eame du temps dans la deuxi\u00e8me section et ne faiblit jamais. Au-dessus du lot, Brignone remporte son deuxi\u00e8me sacre olympique.<\/p>\n<p style=\"text-align: justify;\">Elle devance <strong>Sara Hector<\/strong> et <strong>Thea Louise Stjernesund<\/strong>, toutes deux deuxi\u00e8mes. <strong>Doriane Escan\u00e9<\/strong> se classe 22<sup>e<\/sup>.<\/p>\n<blockquote class=\"twitter-tweet\">\n<p dir=\"ltr\" lang=\"fr\">Federica Brignone, incontestablement la reine de ces Jeux Olympiques \ud83d\udc78 <a href=\"https:\/\/twitter.com\/hashtag\/MilanoCortina2026?src=hash&amp;ref_src=twsrc%5Etfw\">#MilanoCortina2026<\/a> <a href=\"https:\/\/t.co\/aVrEBdXpmZ\">pic.twitter.com\/aVrEBdXpmZ<\/a><\/p>\n<p>\u2014 Eurosport France (@Eurosport_FR) <a href=\"https:\/\/twitter.com\/Eurosport_FR\/status\/2023026406632853581?ref_src=twsrc%5Etfw\">February 15, 2026<\/a><\/p><\/blockquote>\n<p><script async src=\"https:\/\/platform.twitter.com\/widgets.js\" charset=\"utf-8\"><\/script><\/p>\n<ul>\n<li style=\"text-align: justify;\"><strong>\u00c0 ce sujet \u2013\u00a0<a href=\"https:\/\/dicodusport.fr\/blog\/tableau-des-medailles-jo-2026-classement-mis-a-jour-en-temps-reel\/\">Tableau des m\u00e9dailles JO 2026 : classement mis \u00e0 jour en temps r\u00e9el<\/a><\/strong><\/li>\n<\/ul>\n<div id=\"gtx-trans\" style=\"position: absolute; left: -14px; top: 40.9091px;\">\n<div class=\"gtx-trans-icon\" style=\"text-align: justify;\"><\/div>\n<\/div>\n","protected":false},"excerpt":{"rendered":"<p>Inarr\u00eatable, l&rsquo;Italienne Federica Brignone remporte son 2\u00e8me titre olympique en d\u00e9crochant l&rsquo;or sur le slalom g\u00e9ant !<\/p>\n","protected":false},"author":89,"featured_media":648100,"comment_status":"open","ping_status":"closed","sticky":false,"template":"","format":"standard","meta":{"_acf_changed":false,"_daextam_enable_autolinks":"1","footnotes":""},"categories":[44003,9217],"tags":[16878,46887,46888,47094,2233,24],"class_list":["post-647862","post","type-post","status-publish","format-standard","has-post-thumbnail","hentry","category-jo-hiver-2026","category-ski","tag-breve","tag-jeux-olympiques-2026","tag-jo-2026","tag-jo-dhiver","tag-ski-alpin","tag-sport"],"acf":[],"yoast_head":"<!-- This site is optimized with the Yoast SEO Premium plugin v26.7 (Yoast SEO v26.7) - https:\/\/yoast.com\/wordpress\/plugins\/seo\/ -->\n<title>Exceptionnelle Federica Brignone : l&#039;Italienne est championne olympique du g\u00e9ant !<\/title>\n<meta name=\"description\" content=\"Inarr\u00eatable, l&#039;Italienne Federica Brignone remporte son 2\u00e8me titre olympique en d\u00e9crochant l&#039;or sur le slalom g\u00e9ant !\" \/>\n<meta name=\"robots\" content=\"index, follow, max-snippet:-1, max-image-preview:large, max-video-preview:-1\" \/>\n<link rel=\"canonical\" href=\"https:\/\/dicodusport.fr\/blog\/exceptionnelle-federica-brignone-litalienne-est-championne-olympique-du-geant\/\" \/>\n<meta property=\"og:locale\" content=\"fr_FR\" \/>\n<meta property=\"og:type\" content=\"article\" \/>\n<meta property=\"og:title\" content=\"Exceptionnelle Federica Brignone : l&#039;Italienne est championne olympique du g\u00e9ant !\" \/>\n<meta property=\"og:description\" content=\"Inarr\u00eatable, l&#039;Italienne Federica Brignone remporte son 2\u00e8me titre olympique en d\u00e9crochant l&#039;or sur le slalom g\u00e9ant !\" \/>\n<meta property=\"og:url\" content=\"https:\/\/dicodusport.fr\/blog\/exceptionnelle-federica-brignone-litalienne-est-championne-olympique-du-geant\/\" \/>\n<meta property=\"og:site_name\" content=\"Dicodusport\" \/>\n<meta property=\"article:publisher\" content=\"https:\/\/www.facebook.com\/dicodusport\" \/>\n<meta property=\"article:published_time\" content=\"2026-02-15T13:31:12+00:00\" \/>\n<meta property=\"article:modified_time\" content=\"2026-02-15T14:07:51+00:00\" \/>\n<meta property=\"og:image\" content=\"https:\/\/dicodusport.fr\/blog\/wp-content\/uploads\/2026\/02\/Exceptionnelle-Federica-Brignone-lItalienne-est-championne-olympique-du-geant-.png\" \/>\n\t<meta property=\"og:image:width\" content=\"1200\" \/>\n\t<meta property=\"og:image:height\" content=\"674\" \/>\n\t<meta property=\"og:image:type\" content=\"image\/png\" \/>\n<meta name=\"author\" content=\"Louka Lesueur\" \/>\n<meta name=\"twitter:card\" content=\"summary_large_image\" \/>\n<meta name=\"twitter:title\" content=\"Exceptionnelle Federica Brignone : l&#039;Italienne est championne olympique du g\u00e9ant !\" \/>\n<meta name=\"twitter:creator\" content=\"@https:\/\/twitter.com\/LNewsSF\" \/>\n<meta name=\"twitter:site\" content=\"@dicodusport\" \/>\n<script type=\"application\/ld+json\" class=\"yoast-schema-graph\">{\"@context\":\"https:\/\/schema.org\",\"@graph\":[{\"@type\":\"NewsArticle\",\"@id\":\"https:\/\/dicodusport.fr\/blog\/exceptionnelle-federica-brignone-litalienne-est-championne-olympique-du-geant\/#article\",\"isPartOf\":{\"@id\":\"https:\/\/dicodusport.fr\/blog\/exceptionnelle-federica-brignone-litalienne-est-championne-olympique-du-geant\/\"},\"author\":{\"name\":\"Louka Lesueur\",\"@id\":\"https:\/\/dicodusport.fr\/blog\/#\/schema\/person\/54b6cdccebdfcd5a1036c594aecffc2a\"},\"headline\":\"Exceptionnelle Federica Brignone : l&rsquo;Italienne est championne olympique du g\u00e9ant !\",\"datePublished\":\"2026-02-15T13:31:12+00:00\",\"dateModified\":\"2026-02-15T14:07:51+00:00\",\"mainEntityOfPage\":{\"@id\":\"https:\/\/dicodusport.fr\/blog\/exceptionnelle-federica-brignone-litalienne-est-championne-olympique-du-geant\/\"},\"wordCount\":583,\"commentCount\":0,\"publisher\":{\"@id\":\"https:\/\/dicodusport.fr\/blog\/#organization\"},\"image\":{\"@id\":\"https:\/\/dicodusport.fr\/blog\/exceptionnelle-federica-brignone-litalienne-est-championne-olympique-du-geant\/#primaryimage\"},\"thumbnailUrl\":\"https:\/\/dicodusport.fr\/blog\/wp-content\/uploads\/2026\/02\/Exceptionnelle-Federica-Brignone-lItalienne-est-championne-olympique-du-geant-.png\",\"keywords\":[\"br\u00e8ve\",\"Jeux Olympiques 2026\",\"JO 2026\",\"JO d'hiver\",\"Ski alpin\",\"sport\"],\"articleSection\":[\"JO d'hiver 2026\",\"Ski\"],\"inLanguage\":\"fr-FR\",\"potentialAction\":[{\"@type\":\"CommentAction\",\"name\":\"Comment\",\"target\":[\"https:\/\/dicodusport.fr\/blog\/exceptionnelle-federica-brignone-litalienne-est-championne-olympique-du-geant\/#respond\"]}],\"copyrightYear\":\"2026\",\"copyrightHolder\":{\"@id\":\"https:\/\/dicodusport.fr\/blog\/#organization\"}},{\"@type\":\"WebPage\",\"@id\":\"https:\/\/dicodusport.fr\/blog\/exceptionnelle-federica-brignone-litalienne-est-championne-olympique-du-geant\/\",\"url\":\"https:\/\/dicodusport.fr\/blog\/exceptionnelle-federica-brignone-litalienne-est-championne-olympique-du-geant\/\",\"name\":\"Exceptionnelle Federica Brignone : l'Italienne est championne olympique du g\u00e9ant !\",\"isPartOf\":{\"@id\":\"https:\/\/dicodusport.fr\/blog\/#website\"},\"primaryImageOfPage\":{\"@id\":\"https:\/\/dicodusport.fr\/blog\/exceptionnelle-federica-brignone-litalienne-est-championne-olympique-du-geant\/#primaryimage\"},\"image\":{\"@id\":\"https:\/\/dicodusport.fr\/blog\/exceptionnelle-federica-brignone-litalienne-est-championne-olympique-du-geant\/#primaryimage\"},\"thumbnailUrl\":\"https:\/\/dicodusport.fr\/blog\/wp-content\/uploads\/2026\/02\/Exceptionnelle-Federica-Brignone-lItalienne-est-championne-olympique-du-geant-.png\",\"datePublished\":\"2026-02-15T13:31:12+00:00\",\"dateModified\":\"2026-02-15T14:07:51+00:00\",\"description\":\"Inarr\u00eatable, l'Italienne Federica Brignone remporte son 2\u00e8me titre olympique en d\u00e9crochant l'or sur le slalom g\u00e9ant !\",\"breadcrumb\":{\"@id\":\"https:\/\/dicodusport.fr\/blog\/exceptionnelle-federica-brignone-litalienne-est-championne-olympique-du-geant\/#breadcrumb\"},\"inLanguage\":\"fr-FR\",\"potentialAction\":[{\"@type\":\"ReadAction\",\"target\":[\"https:\/\/dicodusport.fr\/blog\/exceptionnelle-federica-brignone-litalienne-est-championne-olympique-du-geant\/\"]}]},{\"@type\":\"ImageObject\",\"inLanguage\":\"fr-FR\",\"@id\":\"https:\/\/dicodusport.fr\/blog\/exceptionnelle-federica-brignone-litalienne-est-championne-olympique-du-geant\/#primaryimage\",\"url\":\"https:\/\/dicodusport.fr\/blog\/wp-content\/uploads\/2026\/02\/Exceptionnelle-Federica-Brignone-lItalienne-est-championne-olympique-du-geant-.png\",\"contentUrl\":\"https:\/\/dicodusport.fr\/blog\/wp-content\/uploads\/2026\/02\/Exceptionnelle-Federica-Brignone-lItalienne-est-championne-olympique-du-geant-.png\",\"width\":1200,\"height\":674,\"caption\":\"Exceptionnelle Federica Brignone l'Italienne est championne olympique du g\u00e9ant !\"},{\"@type\":\"BreadcrumbList\",\"@id\":\"https:\/\/dicodusport.fr\/blog\/exceptionnelle-federica-brignone-litalienne-est-championne-olympique-du-geant\/#breadcrumb\",\"itemListElement\":[{\"@type\":\"ListItem\",\"position\":1,\"name\":\"Accueil\",\"item\":\"https:\/\/dicodusport.fr\/blog\/\"},{\"@type\":\"ListItem\",\"position\":2,\"name\":\"Exceptionnelle Federica Brignone : l&rsquo;Italienne est championne olympique du g\u00e9ant !\"}]},{\"@type\":\"WebSite\",\"@id\":\"https:\/\/dicodusport.fr\/blog\/#website\",\"url\":\"https:\/\/dicodusport.fr\/blog\/\",\"name\":\"Dicodusport\",\"description\":\"L&#039;encyclop\u00e9die de l&#039;actualit\u00e9 sportive\",\"publisher\":{\"@id\":\"https:\/\/dicodusport.fr\/blog\/#organization\"},\"potentialAction\":[{\"@type\":\"SearchAction\",\"target\":{\"@type\":\"EntryPoint\",\"urlTemplate\":\"https:\/\/dicodusport.fr\/blog\/?s={search_term_string}\"},\"query-input\":{\"@type\":\"PropertyValueSpecification\",\"valueRequired\":true,\"valueName\":\"search_term_string\"}}],\"inLanguage\":\"fr-FR\"},{\"@type\":\"NewsMediaOrganization\",\"@id\":\"https:\/\/dicodusport.fr\/blog\/#organization\",\"name\":\"Dicodusport\",\"url\":\"https:\/\/dicodusport.fr\/blog\/\",\"logo\":{\"@type\":\"ImageObject\",\"inLanguage\":\"fr-FR\",\"@id\":\"https:\/\/dicodusport.fr\/blog\/#\/schema\/logo\/image\/\",\"url\":\"https:\/\/dicodusport.fr\/blog\/wp-content\/uploads\/2020\/06\/cropped-LOGO-DICODUSPORT-2020-SANS-FOND-SANS-TEXTE.png\",\"contentUrl\":\"https:\/\/dicodusport.fr\/blog\/wp-content\/uploads\/2020\/06\/cropped-LOGO-DICODUSPORT-2020-SANS-FOND-SANS-TEXTE.png\",\"width\":512,\"height\":512,\"caption\":\"Dicodusport\"},\"image\":{\"@id\":\"https:\/\/dicodusport.fr\/blog\/#\/schema\/logo\/image\/\"},\"sameAs\":[\"https:\/\/www.facebook.com\/dicodusport\",\"https:\/\/x.com\/dicodusport\",\"https:\/\/www.instagram.com\/dicodusport\/\",\"https:\/\/www.youtube.com\/channel\/UC7V2KZ5sd3htJivAbA4ZG3w\"],\"description\":\"Dicodusport est l'encyclop\u00e9die de l'actualit\u00e9 sportive.\",\"email\":\"bonjour@dicodusport.fr\",\"legalName\":\"DICODUSPORT\",\"foundingDate\":\"2018-01-14\",\"vatID\":\"FR71834470973\",\"taxID\":\"83447097300043\",\"numberOfEmployees\":{\"@type\":\"QuantitativeValue\",\"minValue\":\"1\",\"maxValue\":\"10\"}},{\"@type\":\"Person\",\"@id\":\"https:\/\/dicodusport.fr\/blog\/#\/schema\/person\/54b6cdccebdfcd5a1036c594aecffc2a\",\"name\":\"Louka Lesueur\",\"image\":{\"@type\":\"ImageObject\",\"inLanguage\":\"fr-FR\",\"@id\":\"https:\/\/dicodusport.fr\/blog\/#\/schema\/person\/image\/\",\"url\":\"https:\/\/dicodusport.fr\/blog\/wp-content\/uploads\/2023\/09\/IMG_2783-150x150.jpeg\",\"contentUrl\":\"https:\/\/dicodusport.fr\/blog\/wp-content\/uploads\/2023\/09\/IMG_2783-150x150.jpeg\",\"caption\":\"Louka Lesueur\"},\"description\":\"Passionn\u00e9 depuis tout petit par les exploits de Bolt, Fourcade, Riner, Lavillenie, Wilkinson, Hirscher. Les \u00e9motions provoqu\u00e9es par le sport ont berc\u00e9 mon enfance et continuent de le faire aujourd'hui. C'est ainsi qu'il m'est arriv\u00e9 de pleurer devant la d\u00e9faite des Bleus face aux Blacks en 2011, ou encore devant le titre olympique de Florent Manaudou \u00e0 Londres. Bien loin de ce milieu professionnel, j'ai os\u00e9 tenter ma chance pour rejoindre l'\u00e9quipe de r\u00e9daction de Dicodusport, et depuis septembre 2023, je tente de retransmettre au mieux les exploits des athl\u00e8tes, tous sports confondus. Grand chauvin, c'est bel et bien sur les sportifs tricolores que je pr\u00e9f\u00e8re \u00e9crire.\",\"sameAs\":[\"https:\/\/x.com\/https:\/\/twitter.com\/LNewsSF\"],\"gender\":\"Homme\",\"worksFor\":\"Louka LESUEUR\",\"url\":\"https:\/\/dicodusport.fr\/blog\/author\/louka-lesueur\/\"}]}<\/script>\n<!-- \/ Yoast SEO Premium plugin. -->","yoast_head_json":{"title":"Exceptionnelle Federica Brignone : l'Italienne est championne olympique du g\u00e9ant !","description":"Inarr\u00eatable, l'Italienne Federica Brignone remporte son 2\u00e8me titre olympique en d\u00e9crochant l'or sur le slalom g\u00e9ant !","robots":{"index":"index","follow":"follow","max-snippet":"max-snippet:-1","max-image-preview":"max-image-preview:large","max-video-preview":"max-video-preview:-1"},"canonical":"https:\/\/dicodusport.fr\/blog\/exceptionnelle-federica-brignone-litalienne-est-championne-olympique-du-geant\/","og_locale":"fr_FR","og_type":"article","og_title":"Exceptionnelle Federica Brignone : l'Italienne est championne olympique du g\u00e9ant !","og_description":"Inarr\u00eatable, l'Italienne Federica Brignone remporte son 2\u00e8me titre olympique en d\u00e9crochant l'or sur le slalom g\u00e9ant !","og_url":"https:\/\/dicodusport.fr\/blog\/exceptionnelle-federica-brignone-litalienne-est-championne-olympique-du-geant\/","og_site_name":"Dicodusport","article_publisher":"https:\/\/www.facebook.com\/dicodusport","article_published_time":"2026-02-15T13:31:12+00:00","article_modified_time":"2026-02-15T14:07:51+00:00","og_image":[{"width":1200,"height":674,"url":"https:\/\/dicodusport.fr\/blog\/wp-content\/uploads\/2026\/02\/Exceptionnelle-Federica-Brignone-lItalienne-est-championne-olympique-du-geant-.png","type":"image\/png"}],"author":"Louka Lesueur","twitter_card":"summary_large_image","twitter_title":"Exceptionnelle Federica Brignone : l'Italienne est championne olympique du g\u00e9ant !","twitter_creator":"@https:\/\/twitter.com\/LNewsSF","twitter_site":"@dicodusport","schema":{"@context":"https:\/\/schema.org","@graph":[{"@type":"NewsArticle","@id":"https:\/\/dicodusport.fr\/blog\/exceptionnelle-federica-brignone-litalienne-est-championne-olympique-du-geant\/#article","isPartOf":{"@id":"https:\/\/dicodusport.fr\/blog\/exceptionnelle-federica-brignone-litalienne-est-championne-olympique-du-geant\/"},"author":{"name":"Louka Lesueur","@id":"https:\/\/dicodusport.fr\/blog\/#\/schema\/person\/54b6cdccebdfcd5a1036c594aecffc2a"},"headline":"Exceptionnelle Federica Brignone : l&rsquo;Italienne est championne olympique du g\u00e9ant !","datePublished":"2026-02-15T13:31:12+00:00","dateModified":"2026-02-15T14:07:51+00:00","mainEntityOfPage":{"@id":"https:\/\/dicodusport.fr\/blog\/exceptionnelle-federica-brignone-litalienne-est-championne-olympique-du-geant\/"},"wordCount":583,"commentCount":0,"publisher":{"@id":"https:\/\/dicodusport.fr\/blog\/#organization"},"image":{"@id":"https:\/\/dicodusport.fr\/blog\/exceptionnelle-federica-brignone-litalienne-est-championne-olympique-du-geant\/#primaryimage"},"thumbnailUrl":"https:\/\/dicodusport.fr\/blog\/wp-content\/uploads\/2026\/02\/Exceptionnelle-Federica-Brignone-lItalienne-est-championne-olympique-du-geant-.png","keywords":["br\u00e8ve","Jeux Olympiques 2026","JO 2026","JO d'hiver","Ski alpin","sport"],"articleSection":["JO d'hiver 2026","Ski"],"inLanguage":"fr-FR","potentialAction":[{"@type":"CommentAction","name":"Comment","target":["https:\/\/dicodusport.fr\/blog\/exceptionnelle-federica-brignone-litalienne-est-championne-olympique-du-geant\/#respond"]}],"copyrightYear":"2026","copyrightHolder":{"@id":"https:\/\/dicodusport.fr\/blog\/#organization"}},{"@type":"WebPage","@id":"https:\/\/dicodusport.fr\/blog\/exceptionnelle-federica-brignone-litalienne-est-championne-olympique-du-geant\/","url":"https:\/\/dicodusport.fr\/blog\/exceptionnelle-federica-brignone-litalienne-est-championne-olympique-du-geant\/","name":"Exceptionnelle Federica Brignone : l'Italienne est championne olympique du g\u00e9ant !","isPartOf":{"@id":"https:\/\/dicodusport.fr\/blog\/#website"},"primaryImageOfPage":{"@id":"https:\/\/dicodusport.fr\/blog\/exceptionnelle-federica-brignone-litalienne-est-championne-olympique-du-geant\/#primaryimage"},"image":{"@id":"https:\/\/dicodusport.fr\/blog\/exceptionnelle-federica-brignone-litalienne-est-championne-olympique-du-geant\/#primaryimage"},"thumbnailUrl":"https:\/\/dicodusport.fr\/blog\/wp-content\/uploads\/2026\/02\/Exceptionnelle-Federica-Brignone-lItalienne-est-championne-olympique-du-geant-.png","datePublished":"2026-02-15T13:31:12+00:00","dateModified":"2026-02-15T14:07:51+00:00","description":"Inarr\u00eatable, l'Italienne Federica Brignone remporte son 2\u00e8me titre olympique en d\u00e9crochant l'or sur le slalom g\u00e9ant !","breadcrumb":{"@id":"https:\/\/dicodusport.fr\/blog\/exceptionnelle-federica-brignone-litalienne-est-championne-olympique-du-geant\/#breadcrumb"},"inLanguage":"fr-FR","potentialAction":[{"@type":"ReadAction","target":["https:\/\/dicodusport.fr\/blog\/exceptionnelle-federica-brignone-litalienne-est-championne-olympique-du-geant\/"]}]},{"@type":"ImageObject","inLanguage":"fr-FR","@id":"https:\/\/dicodusport.fr\/blog\/exceptionnelle-federica-brignone-litalienne-est-championne-olympique-du-geant\/#primaryimage","url":"https:\/\/dicodusport.fr\/blog\/wp-content\/uploads\/2026\/02\/Exceptionnelle-Federica-Brignone-lItalienne-est-championne-olympique-du-geant-.png","contentUrl":"https:\/\/dicodusport.fr\/blog\/wp-content\/uploads\/2026\/02\/Exceptionnelle-Federica-Brignone-lItalienne-est-championne-olympique-du-geant-.png","width":1200,"height":674,"caption":"Exceptionnelle Federica Brignone l'Italienne est championne olympique du g\u00e9ant !"},{"@type":"BreadcrumbList","@id":"https:\/\/dicodusport.fr\/blog\/exceptionnelle-federica-brignone-litalienne-est-championne-olympique-du-geant\/#breadcrumb","itemListElement":[{"@type":"ListItem","position":1,"name":"Accueil","item":"https:\/\/dicodusport.fr\/blog\/"},{"@type":"ListItem","position":2,"name":"Exceptionnelle Federica Brignone : l&rsquo;Italienne est championne olympique du g\u00e9ant !"}]},{"@type":"WebSite","@id":"https:\/\/dicodusport.fr\/blog\/#website","url":"https:\/\/dicodusport.fr\/blog\/","name":"Dicodusport","description":"L&#039;encyclop\u00e9die de l&#039;actualit\u00e9 sportive","publisher":{"@id":"https:\/\/dicodusport.fr\/blog\/#organization"},"potentialAction":[{"@type":"SearchAction","target":{"@type":"EntryPoint","urlTemplate":"https:\/\/dicodusport.fr\/blog\/?s={search_term_string}"},"query-input":{"@type":"PropertyValueSpecification","valueRequired":true,"valueName":"search_term_string"}}],"inLanguage":"fr-FR"},{"@type":"NewsMediaOrganization","@id":"https:\/\/dicodusport.fr\/blog\/#organization","name":"Dicodusport","url":"https:\/\/dicodusport.fr\/blog\/","logo":{"@type":"ImageObject","inLanguage":"fr-FR","@id":"https:\/\/dicodusport.fr\/blog\/#\/schema\/logo\/image\/","url":"https:\/\/dicodusport.fr\/blog\/wp-content\/uploads\/2020\/06\/cropped-LOGO-DICODUSPORT-2020-SANS-FOND-SANS-TEXTE.png","contentUrl":"https:\/\/dicodusport.fr\/blog\/wp-content\/uploads\/2020\/06\/cropped-LOGO-DICODUSPORT-2020-SANS-FOND-SANS-TEXTE.png","width":512,"height":512,"caption":"Dicodusport"},"image":{"@id":"https:\/\/dicodusport.fr\/blog\/#\/schema\/logo\/image\/"},"sameAs":["https:\/\/www.facebook.com\/dicodusport","https:\/\/x.com\/dicodusport","https:\/\/www.instagram.com\/dicodusport\/","https:\/\/www.youtube.com\/channel\/UC7V2KZ5sd3htJivAbA4ZG3w"],"description":"Dicodusport est l'encyclop\u00e9die de l'actualit\u00e9 sportive.","email":"bonjour@dicodusport.fr","legalName":"DICODUSPORT","foundingDate":"2018-01-14","vatID":"FR71834470973","taxID":"83447097300043","numberOfEmployees":{"@type":"QuantitativeValue","minValue":"1","maxValue":"10"}},{"@type":"Person","@id":"https:\/\/dicodusport.fr\/blog\/#\/schema\/person\/54b6cdccebdfcd5a1036c594aecffc2a","name":"Louka Lesueur","image":{"@type":"ImageObject","inLanguage":"fr-FR","@id":"https:\/\/dicodusport.fr\/blog\/#\/schema\/person\/image\/","url":"https:\/\/dicodusport.fr\/blog\/wp-content\/uploads\/2023\/09\/IMG_2783-150x150.jpeg","contentUrl":"https:\/\/dicodusport.fr\/blog\/wp-content\/uploads\/2023\/09\/IMG_2783-150x150.jpeg","caption":"Louka Lesueur"},"description":"Passionn\u00e9 depuis tout petit par les exploits de Bolt, Fourcade, Riner, Lavillenie, Wilkinson, Hirscher. Les \u00e9motions provoqu\u00e9es par le sport ont berc\u00e9 mon enfance et continuent de le faire aujourd'hui. C'est ainsi qu'il m'est arriv\u00e9 de pleurer devant la d\u00e9faite des Bleus face aux Blacks en 2011, ou encore devant le titre olympique de Florent Manaudou \u00e0 Londres. Bien loin de ce milieu professionnel, j'ai os\u00e9 tenter ma chance pour rejoindre l'\u00e9quipe de r\u00e9daction de Dicodusport, et depuis septembre 2023, je tente de retransmettre au mieux les exploits des athl\u00e8tes, tous sports confondus. Grand chauvin, c'est bel et bien sur les sportifs tricolores que je pr\u00e9f\u00e8re \u00e9crire.","sameAs":["https:\/\/x.com\/https:\/\/twitter.com\/LNewsSF"],"gender":"Homme","worksFor":"Louka LESUEUR","url":"https:\/\/dicodusport.fr\/blog\/author\/louka-lesueur\/"}]}},"_links":{"self":[{"href":"https:\/\/dicodusport.fr\/blog\/wp-json\/wp\/v2\/posts\/647862","targetHints":{"allow":["GET"]}}],"collection":[{"href":"https:\/\/dicodusport.fr\/blog\/wp-json\/wp\/v2\/posts"}],"about":[{"href":"https:\/\/dicodusport.fr\/blog\/wp-json\/wp\/v2\/types\/post"}],"author":[{"embeddable":true,"href":"https:\/\/dicodusport.fr\/blog\/wp-json\/wp\/v2\/users\/89"}],"replies":[{"embeddable":true,"href":"https:\/\/dicodusport.fr\/blog\/wp-json\/wp\/v2\/comments?post=647862"}],"version-history":[{"count":6,"href":"https:\/\/dicodusport.fr\/blog\/wp-json\/wp\/v2\/posts\/647862\/revisions"}],"predecessor-version":[{"id":648132,"href":"https:\/\/dicodusport.fr\/blog\/wp-json\/wp\/v2\/posts\/647862\/revisions\/648132"}],"wp:featuredmedia":[{"embeddable":true,"href":"https:\/\/dicodusport.fr\/blog\/wp-json\/wp\/v2\/media\/648100"}],"wp:attachment":[{"href":"https:\/\/dicodusport.fr\/blog\/wp-json\/wp\/v2\/media?parent=647862"}],"wp:term":[{"taxonomy":"category","embeddable":true,"href":"https:\/\/dicodusport.fr\/blog\/wp-json\/wp\/v2\/categories?post=647862"},{"taxonomy":"post_tag","embeddable":true,"href":"https:\/\/dicodusport.fr\/blog\/wp-json\/wp\/v2\/tags?post=647862"}],"curies":[{"name":"wp","href":"https:\/\/api.w.org\/{rel}","templated":true}]}}