{"id":648081,"date":"2026-02-15T16:22:23","date_gmt":"2026-02-15T15:22:23","guid":{"rendered":"https:\/\/dicodusport.fr\/blog\/?p=648081&#038;preview=true&#038;preview_id=648081"},"modified":"2026-02-15T17:12:56","modified_gmt":"2026-02-15T16:12:56","slug":"la-derniere-etape-pour-axel-laurance-sur-le-tour-de-la-provence-le-classement-general-pour-matthew-riccitello","status":"publish","type":"post","link":"https:\/\/dicodusport.fr\/blog\/la-derniere-etape-pour-axel-laurance-sur-le-tour-de-la-provence-le-classement-general-pour-matthew-riccitello\/","title":{"rendered":"La derni\u00e8re \u00e9tape pour Axel Laurance sur le Tour de La Provence, le classement g\u00e9n\u00e9ral pour Matthew Riccitello"},"content":{"rendered":"<p style=\"text-align: justify;\"><strong><em>TOUR DE LA PROVENCE 2026 &#8211; Axel Laurance (INEOS Grenadiers) dompte l&rsquo;\u00e9chapp\u00e9e pour s&rsquo;imposer sur la derni\u00e8re \u00e9tape \u00e0 Arles. Matthew Riccitello (Decathlon CMA CGM) enl\u00e8ve le g\u00e9n\u00e9ral.<\/em><\/strong><\/p>\n<p style=\"text-align: justify;\">Le d\u00e9but de saison sur les terres fran\u00e7aises est un pur r\u00e9gal. Apr\u00e8s l&rsquo;\u00c9toile de Bess\u00e8ges la semaine derni\u00e8re, ce <strong>Tour de La Provence<\/strong> a tenu toutes ses promesses dans l&rsquo;intensit\u00e9 et surtout avec un sc\u00e9nario perp\u00e9tuellement ind\u00e9cis. Si la montagne de Lure a logiquement dessin\u00e9 les lignes du classement g\u00e9n\u00e9ral, les \u00e9tapes de plaine n&rsquo;ont pas \u00e9t\u00e9 en reste en termes de spectacle. Et ce dimanche n&rsquo;a pas fait exception sur la route d&rsquo;Arles.<\/p>\n<ul style=\"text-align: justify;\">\n<li><strong>\u00c0 ce sujet &#8211; <a href=\"https:\/\/dicodusport.fr\/blog\/classement-general-tour-de-la-provence-2026-mis-a-jour\/\">Classement g\u00e9n\u00e9ral Tour de La Provence 2026 mis \u00e0 jour<\/a><\/strong><\/li>\n<\/ul>\n<h2 style=\"text-align: justify;\">Une nouvelle bataille \u00e9chapp\u00e9e contre peloton<\/h2>\n<p style=\"text-align: justify;\">Tout d&rsquo;abord, une \u00e9chapp\u00e9e de neuf coureurs s&rsquo;est dessin\u00e9e d\u00e8s les premiers kilom\u00e8tres. On y retrouvait cinq Fran\u00e7ais : <strong>Victor Loulergue<\/strong> (Groupama-FDJ United), <strong>Axel Laurance<\/strong> (INEOS Grenadiers), <strong>Lorrenzo Manzin<\/strong> (TotalEnergies), <strong>Cl\u00e9ment Davy<\/strong> (Nice M\u00e9tropole C\u00f4te d&rsquo;Azur) et <strong>Maxime Jarnet<\/strong> (Van Rysel Roubaix). Avec eux, le Norv\u00e9gien <strong>Daniel \u00c5rnes<\/strong>, co\u00e9quipier de Jarnet, <strong>Jannis Peter<\/strong> (Unibet Rose Rockets), <strong>Simon Carr<\/strong> (Cofidis) et <strong>Sam Oomen<\/strong> (Lidl-Trek).<\/p>\n<p style=\"text-align: justify;\">Ils ont rapidement compt\u00e9 trois minutes d&rsquo;avance sur un peloton contr\u00f4l\u00e9 par la formation Decathlon CMA CGM du leader am\u00e9ricain <strong>Matthew Riccitello<\/strong>. Peu de r\u00e9action du c\u00f4t\u00e9 des \u00e9quipes de sprinteurs qui avaient des repr\u00e9sentants \u00e0 l&rsquo;avant, ce qui laissait de bonnes chances \u00e0 l&rsquo;\u00e9chapp\u00e9e d&rsquo;aller au bout.<\/p>\n<ul>\n<li style=\"text-align: justify;\"><strong>\u00c0 ce sujet &#8211; <a href=\"https:\/\/dicodusport.fr\/blog\/3eme-etape-tour-de-la-provence-2026-classement-et-resultats\/\">3<sup>e<\/sup> \u00e9tape Tour de La Provence 2026 &#8211; Classement et r\u00e9sultats<\/a><\/strong><\/li>\n<\/ul>\n<h2 style=\"text-align: justify;\">Le show Axel Laurance<\/h2>\n<p style=\"text-align: justify;\">Ensuite, la bonne entente a \u00e9t\u00e9 quelque peu perturb\u00e9e \u00e0 l&rsquo;avant avec une attaque \u00e0 20 km du but de <strong>Simon Carr<\/strong>, puis un groupe scind\u00e9 en deux \u00e0 10 km \u00e0 l&rsquo;initiative du Norv\u00e9gien <strong>Daniel \u00c5rnes<\/strong>. <strong>Axel Laurance<\/strong>, semblant tr\u00e8s fort, s&rsquo;est \u00e0 chaque fois charg\u00e9 de ramener \u00e0 la raison les diff\u00e9rentes vell\u00e9it\u00e9s. C&rsquo;est m\u00eame le sprinteur d&rsquo;INEOS Grenadiers qui a lanc\u00e9 un ultime coup de rein en compagnie de l&rsquo;intenable \u00c5rnes.<\/p>\n<p style=\"text-align: justify;\"><strong>Axel Laurance<\/strong> s&rsquo;est ensuite envol\u00e9 en solitaire \u00e0 la flamme rouge, profitant d&rsquo;un rond-point n\u00e9goci\u00e9 dans le bon sens contrairement au Norv\u00e9gien, repris par le groupe des poursuivants. Le peloton, quant \u00e0 lui, ne reviendra sur personne.<\/p>\n<p style=\"text-align: justify;\">Et <strong>Axel Laurance<\/strong> signait ainsi sa sixi\u00e8me victoire professionnelle. <strong>Maxime Jarnet<\/strong> a r\u00e9gl\u00e9 le sprint du reste des \u00e9chapp\u00e9s et a lui aussi surf\u00e9 sur la bonne forme de la formation Van Rysel Roubaix, juste devant <strong>Lorrenzo Manzin<\/strong>, offrant ainsi un tripl\u00e9 fran\u00e7ais \u00e0 Arles. Quant \u00e0 <strong>Matthew Riccitello<\/strong>, il n&rsquo;a jamais \u00e9t\u00e9 inqui\u00e9t\u00e9 et apporte une nouvelle victoire \u00e0 <strong>Matthew Riccitello<\/strong> (Decathlon CMA CGM) en s&rsquo;adjugeant le classement g\u00e9n\u00e9ral.<\/p>\n<blockquote class=\"twitter-tweet\">\n<p dir=\"ltr\" lang=\"fr\">L&rsquo;\u00e9chapp\u00e9e est encore all\u00e9e au bout sur la derni\u00e8re \u00e9tape du Tour de La Provence, avec une victoire fran\u00e7aise au bout : Axel Laurance d\u00e9croche son premier succ\u00e8s depuis deux ans !<\/p>\n<p>Matthew Riccitello remporte le classement g\u00e9n\u00e9ral. <a href=\"https:\/\/twitter.com\/hashtag\/lequipeVELO?src=hash&amp;ref_src=twsrc%5Etfw\">#lequipeVELO<\/a> <a href=\"https:\/\/t.co\/EPd11xV5wv\">pic.twitter.com\/EPd11xV5wv<\/a><\/p>\n<p>\u2014 la chaine L&rsquo;\u00c9quipe (@lachainelequipe) <a href=\"https:\/\/twitter.com\/lachainelequipe\/status\/2023053767650746620?ref_src=twsrc%5Etfw\">February 15, 2026<\/a><\/p><\/blockquote>\n<p><script async src=\"https:\/\/platform.twitter.com\/widgets.js\" charset=\"utf-8\"><\/script><\/p>\n<div id=\"gtx-trans\" style=\"position: absolute; left: -14px; top: 40.9091px;\">\n<div class=\"gtx-trans-icon\" style=\"text-align: justify;\"><\/div>\n<\/div>\n","protected":false},"excerpt":{"rendered":"<p>TOUR DE LA PROVENCE 2026 &#8211; Axel Laurance (Ineos Grenadiers) dompte l&rsquo;\u00e9chapp\u00e9e pour s&rsquo;imposer sur la derni\u00e8re \u00e9tape \u00e0 Arles. Matthew Riccitello (Decathlon CMA CGM) enl\u00e8ve le g\u00e9n\u00e9ral.<\/p>\n","protected":false},"author":92,"featured_media":648220,"comment_status":"open","ping_status":"closed","sticky":false,"template":"","format":"standard","meta":{"_acf_changed":false,"_daextam_enable_autolinks":"1","footnotes":""},"categories":[46994],"tags":[16878,574,11197,9916],"class_list":["post-648081","post","type-post","status-publish","format-standard","has-post-thumbnail","hentry","category-cyclisme-sur-route","tag-breve","tag-cyclisme","tag-cyclisme-sur-route","tag-tour-de-la-provence"],"acf":[],"yoast_head":"<!-- This site is optimized with the Yoast SEO Premium plugin v26.7 (Yoast SEO v26.7) - https:\/\/yoast.com\/wordpress\/plugins\/seo\/ -->\n<title>La derni\u00e8re \u00e9tape pour Axel Laurance sur le Tour de La Provence, le classement g\u00e9n\u00e9ral pour Matthew Riccitello<\/title>\n<meta name=\"description\" content=\"Axel Laurance (INEOS Grenadiers) dompte l&#039;\u00e9chapp\u00e9e pour s&#039;imposer \u00e0 Arles. Matthew Riccitello (Decathlon CMA CGM) enl\u00e8ve le g\u00e9n\u00e9ral.\" \/>\n<meta name=\"robots\" content=\"index, follow, max-snippet:-1, max-image-preview:large, max-video-preview:-1\" \/>\n<link rel=\"canonical\" href=\"https:\/\/dicodusport.fr\/blog\/la-derniere-etape-pour-axel-laurance-sur-le-tour-de-la-provence-le-classement-general-pour-matthew-riccitello\/\" \/>\n<meta property=\"og:locale\" content=\"fr_FR\" \/>\n<meta property=\"og:type\" content=\"article\" \/>\n<meta property=\"og:title\" content=\"La derni\u00e8re \u00e9tape pour Axel Laurance sur le Tour de La Provence, le classement g\u00e9n\u00e9ral pour Matthew Riccitello\" \/>\n<meta property=\"og:description\" content=\"Axel Laurance (INEOS Grenadiers) dompte l&#039;\u00e9chapp\u00e9e pour s&#039;imposer \u00e0 Arles. Matthew Riccitello (Decathlon CMA CGM) enl\u00e8ve le g\u00e9n\u00e9ral.\" \/>\n<meta property=\"og:url\" content=\"https:\/\/dicodusport.fr\/blog\/la-derniere-etape-pour-axel-laurance-sur-le-tour-de-la-provence-le-classement-general-pour-matthew-riccitello\/\" \/>\n<meta property=\"og:site_name\" content=\"Dicodusport\" \/>\n<meta property=\"article:publisher\" content=\"https:\/\/www.facebook.com\/dicodusport\" \/>\n<meta property=\"article:published_time\" content=\"2026-02-15T15:22:23+00:00\" \/>\n<meta property=\"article:modified_time\" content=\"2026-02-15T16:12:56+00:00\" \/>\n<meta property=\"og:image\" content=\"https:\/\/dicodusport.fr\/blog\/wp-content\/uploads\/2026\/02\/La-derniere-etape-pour-Axel-Laurance-sur-le-Tour-de-La-Provence-le-classement-general-pour-Matthew-Riccitello-1.png\" \/>\n\t<meta property=\"og:image:width\" content=\"1200\" \/>\n\t<meta property=\"og:image:height\" content=\"674\" \/>\n\t<meta property=\"og:image:type\" content=\"image\/png\" \/>\n<meta name=\"author\" content=\"Olivier Dobiezynski\" \/>\n<meta name=\"twitter:card\" content=\"summary_large_image\" \/>\n<meta name=\"twitter:title\" content=\"La derni\u00e8re \u00e9tape pour Axel Laurance sur le Tour de La Provence, le classement g\u00e9n\u00e9ral pour Matthew Riccitello\" \/>\n<meta name=\"twitter:creator\" content=\"@https:\/\/x.com\/Olivier_Matros\" \/>\n<meta name=\"twitter:site\" content=\"@dicodusport\" \/>\n<script type=\"application\/ld+json\" class=\"yoast-schema-graph\">{\"@context\":\"https:\/\/schema.org\",\"@graph\":[{\"@type\":\"NewsArticle\",\"@id\":\"https:\/\/dicodusport.fr\/blog\/la-derniere-etape-pour-axel-laurance-sur-le-tour-de-la-provence-le-classement-general-pour-matthew-riccitello\/#article\",\"isPartOf\":{\"@id\":\"https:\/\/dicodusport.fr\/blog\/la-derniere-etape-pour-axel-laurance-sur-le-tour-de-la-provence-le-classement-general-pour-matthew-riccitello\/\"},\"author\":{\"name\":\"Olivier Dobiezynski\",\"@id\":\"https:\/\/dicodusport.fr\/blog\/#\/schema\/person\/fe500246414ca17ddf0c0312d7a792cc\"},\"headline\":\"La derni\u00e8re \u00e9tape pour Axel Laurance sur le Tour de La Provence, le classement g\u00e9n\u00e9ral pour Matthew Riccitello\",\"datePublished\":\"2026-02-15T15:22:23+00:00\",\"dateModified\":\"2026-02-15T16:12:56+00:00\",\"mainEntityOfPage\":{\"@id\":\"https:\/\/dicodusport.fr\/blog\/la-derniere-etape-pour-axel-laurance-sur-le-tour-de-la-provence-le-classement-general-pour-matthew-riccitello\/\"},\"wordCount\":566,\"commentCount\":0,\"publisher\":{\"@id\":\"https:\/\/dicodusport.fr\/blog\/#organization\"},\"image\":{\"@id\":\"https:\/\/dicodusport.fr\/blog\/la-derniere-etape-pour-axel-laurance-sur-le-tour-de-la-provence-le-classement-general-pour-matthew-riccitello\/#primaryimage\"},\"thumbnailUrl\":\"https:\/\/dicodusport.fr\/blog\/wp-content\/uploads\/2026\/02\/La-derniere-etape-pour-Axel-Laurance-sur-le-Tour-de-La-Provence-le-classement-general-pour-Matthew-Riccitello-1.png\",\"keywords\":[\"br\u00e8ve\",\"Cyclisme\",\"Cyclisme sur route\",\"Tour de La Provence\"],\"articleSection\":[\"Cyclisme sur route\"],\"inLanguage\":\"fr-FR\",\"potentialAction\":[{\"@type\":\"CommentAction\",\"name\":\"Comment\",\"target\":[\"https:\/\/dicodusport.fr\/blog\/la-derniere-etape-pour-axel-laurance-sur-le-tour-de-la-provence-le-classement-general-pour-matthew-riccitello\/#respond\"]}],\"copyrightYear\":\"2026\",\"copyrightHolder\":{\"@id\":\"https:\/\/dicodusport.fr\/blog\/#organization\"}},{\"@type\":\"WebPage\",\"@id\":\"https:\/\/dicodusport.fr\/blog\/la-derniere-etape-pour-axel-laurance-sur-le-tour-de-la-provence-le-classement-general-pour-matthew-riccitello\/\",\"url\":\"https:\/\/dicodusport.fr\/blog\/la-derniere-etape-pour-axel-laurance-sur-le-tour-de-la-provence-le-classement-general-pour-matthew-riccitello\/\",\"name\":\"La derni\u00e8re \u00e9tape pour Axel Laurance sur le Tour de La Provence, le classement g\u00e9n\u00e9ral pour Matthew Riccitello\",\"isPartOf\":{\"@id\":\"https:\/\/dicodusport.fr\/blog\/#website\"},\"primaryImageOfPage\":{\"@id\":\"https:\/\/dicodusport.fr\/blog\/la-derniere-etape-pour-axel-laurance-sur-le-tour-de-la-provence-le-classement-general-pour-matthew-riccitello\/#primaryimage\"},\"image\":{\"@id\":\"https:\/\/dicodusport.fr\/blog\/la-derniere-etape-pour-axel-laurance-sur-le-tour-de-la-provence-le-classement-general-pour-matthew-riccitello\/#primaryimage\"},\"thumbnailUrl\":\"https:\/\/dicodusport.fr\/blog\/wp-content\/uploads\/2026\/02\/La-derniere-etape-pour-Axel-Laurance-sur-le-Tour-de-La-Provence-le-classement-general-pour-Matthew-Riccitello-1.png\",\"datePublished\":\"2026-02-15T15:22:23+00:00\",\"dateModified\":\"2026-02-15T16:12:56+00:00\",\"description\":\"Axel Laurance (INEOS Grenadiers) dompte l'\u00e9chapp\u00e9e pour s'imposer \u00e0 Arles. Matthew Riccitello (Decathlon CMA CGM) enl\u00e8ve le g\u00e9n\u00e9ral.\",\"breadcrumb\":{\"@id\":\"https:\/\/dicodusport.fr\/blog\/la-derniere-etape-pour-axel-laurance-sur-le-tour-de-la-provence-le-classement-general-pour-matthew-riccitello\/#breadcrumb\"},\"inLanguage\":\"fr-FR\",\"potentialAction\":[{\"@type\":\"ReadAction\",\"target\":[\"https:\/\/dicodusport.fr\/blog\/la-derniere-etape-pour-axel-laurance-sur-le-tour-de-la-provence-le-classement-general-pour-matthew-riccitello\/\"]}]},{\"@type\":\"ImageObject\",\"inLanguage\":\"fr-FR\",\"@id\":\"https:\/\/dicodusport.fr\/blog\/la-derniere-etape-pour-axel-laurance-sur-le-tour-de-la-provence-le-classement-general-pour-matthew-riccitello\/#primaryimage\",\"url\":\"https:\/\/dicodusport.fr\/blog\/wp-content\/uploads\/2026\/02\/La-derniere-etape-pour-Axel-Laurance-sur-le-Tour-de-La-Provence-le-classement-general-pour-Matthew-Riccitello-1.png\",\"contentUrl\":\"https:\/\/dicodusport.fr\/blog\/wp-content\/uploads\/2026\/02\/La-derniere-etape-pour-Axel-Laurance-sur-le-Tour-de-La-Provence-le-classement-general-pour-Matthew-Riccitello-1.png\",\"width\":1200,\"height\":674,\"caption\":\"La derni\u00e8re \u00e9tape pour Axel Laurance sur le Tour de La Provence, le classement g\u00e9n\u00e9ral pour Matthew Riccitello (1)\"},{\"@type\":\"BreadcrumbList\",\"@id\":\"https:\/\/dicodusport.fr\/blog\/la-derniere-etape-pour-axel-laurance-sur-le-tour-de-la-provence-le-classement-general-pour-matthew-riccitello\/#breadcrumb\",\"itemListElement\":[{\"@type\":\"ListItem\",\"position\":1,\"name\":\"Accueil\",\"item\":\"https:\/\/dicodusport.fr\/blog\/\"},{\"@type\":\"ListItem\",\"position\":2,\"name\":\"La derni\u00e8re \u00e9tape pour Axel Laurance sur le Tour de La Provence, le classement g\u00e9n\u00e9ral pour Matthew Riccitello\"}]},{\"@type\":\"WebSite\",\"@id\":\"https:\/\/dicodusport.fr\/blog\/#website\",\"url\":\"https:\/\/dicodusport.fr\/blog\/\",\"name\":\"Dicodusport\",\"description\":\"L&#039;encyclop\u00e9die de l&#039;actualit\u00e9 sportive\",\"publisher\":{\"@id\":\"https:\/\/dicodusport.fr\/blog\/#organization\"},\"potentialAction\":[{\"@type\":\"SearchAction\",\"target\":{\"@type\":\"EntryPoint\",\"urlTemplate\":\"https:\/\/dicodusport.fr\/blog\/?s={search_term_string}\"},\"query-input\":{\"@type\":\"PropertyValueSpecification\",\"valueRequired\":true,\"valueName\":\"search_term_string\"}}],\"inLanguage\":\"fr-FR\"},{\"@type\":\"NewsMediaOrganization\",\"@id\":\"https:\/\/dicodusport.fr\/blog\/#organization\",\"name\":\"Dicodusport\",\"url\":\"https:\/\/dicodusport.fr\/blog\/\",\"logo\":{\"@type\":\"ImageObject\",\"inLanguage\":\"fr-FR\",\"@id\":\"https:\/\/dicodusport.fr\/blog\/#\/schema\/logo\/image\/\",\"url\":\"https:\/\/dicodusport.fr\/blog\/wp-content\/uploads\/2020\/06\/cropped-LOGO-DICODUSPORT-2020-SANS-FOND-SANS-TEXTE.png\",\"contentUrl\":\"https:\/\/dicodusport.fr\/blog\/wp-content\/uploads\/2020\/06\/cropped-LOGO-DICODUSPORT-2020-SANS-FOND-SANS-TEXTE.png\",\"width\":512,\"height\":512,\"caption\":\"Dicodusport\"},\"image\":{\"@id\":\"https:\/\/dicodusport.fr\/blog\/#\/schema\/logo\/image\/\"},\"sameAs\":[\"https:\/\/www.facebook.com\/dicodusport\",\"https:\/\/x.com\/dicodusport\",\"https:\/\/www.instagram.com\/dicodusport\/\",\"https:\/\/www.youtube.com\/channel\/UC7V2KZ5sd3htJivAbA4ZG3w\"],\"description\":\"Dicodusport est l'encyclop\u00e9die de l'actualit\u00e9 sportive.\",\"email\":\"bonjour@dicodusport.fr\",\"legalName\":\"DICODUSPORT\",\"foundingDate\":\"2018-01-14\",\"vatID\":\"FR71834470973\",\"taxID\":\"83447097300043\",\"numberOfEmployees\":{\"@type\":\"QuantitativeValue\",\"minValue\":\"1\",\"maxValue\":\"10\"}},{\"@type\":\"Person\",\"@id\":\"https:\/\/dicodusport.fr\/blog\/#\/schema\/person\/fe500246414ca17ddf0c0312d7a792cc\",\"name\":\"Olivier Dobiezynski\",\"image\":{\"@type\":\"ImageObject\",\"inLanguage\":\"fr-FR\",\"@id\":\"https:\/\/dicodusport.fr\/blog\/#\/schema\/person\/image\/\",\"url\":\"https:\/\/dicodusport.fr\/blog\/wp-content\/uploads\/2024\/09\/5be8fe8d-9962-4f1e-ad06-d6f9dee30e6d-150x150.jpg\",\"contentUrl\":\"https:\/\/dicodusport.fr\/blog\/wp-content\/uploads\/2024\/09\/5be8fe8d-9962-4f1e-ad06-d6f9dee30e6d-150x150.jpg\",\"caption\":\"Olivier Dobiezynski\"},\"description\":\"Depuis le milieu des ann\u00e9es 90, la passion du cyclisme m'anime. Mes h\u00e9ros s'appellent Luc Leblanc, Piotr Ugrumov, Paolo Savoldelli, Peter Sagan et bien \u00e9videmment Romain Bardet. R\u00e9dacteur depuis 2023, je suis ici pour partager cet amour de la Petite Reine. Vous pourrez me lire \u00e9galement sur du trail, du ski de fond et tout autre sujet susceptible d'\u00e9veiller ma curiosit\u00e9 sportive.\",\"sameAs\":[\"https:\/\/x.com\/https:\/\/x.com\/Olivier_Matros\"],\"url\":\"https:\/\/dicodusport.fr\/blog\/author\/olivier-gh\/\"}]}<\/script>\n<!-- \/ Yoast SEO Premium plugin. -->","yoast_head_json":{"title":"La derni\u00e8re \u00e9tape pour Axel Laurance sur le Tour de La Provence, le classement g\u00e9n\u00e9ral pour Matthew Riccitello","description":"Axel Laurance (INEOS Grenadiers) dompte l'\u00e9chapp\u00e9e pour s'imposer \u00e0 Arles. Matthew Riccitello (Decathlon CMA CGM) enl\u00e8ve le g\u00e9n\u00e9ral.","robots":{"index":"index","follow":"follow","max-snippet":"max-snippet:-1","max-image-preview":"max-image-preview:large","max-video-preview":"max-video-preview:-1"},"canonical":"https:\/\/dicodusport.fr\/blog\/la-derniere-etape-pour-axel-laurance-sur-le-tour-de-la-provence-le-classement-general-pour-matthew-riccitello\/","og_locale":"fr_FR","og_type":"article","og_title":"La derni\u00e8re \u00e9tape pour Axel Laurance sur le Tour de La Provence, le classement g\u00e9n\u00e9ral pour Matthew Riccitello","og_description":"Axel Laurance (INEOS Grenadiers) dompte l'\u00e9chapp\u00e9e pour s'imposer \u00e0 Arles. Matthew Riccitello (Decathlon CMA CGM) enl\u00e8ve le g\u00e9n\u00e9ral.","og_url":"https:\/\/dicodusport.fr\/blog\/la-derniere-etape-pour-axel-laurance-sur-le-tour-de-la-provence-le-classement-general-pour-matthew-riccitello\/","og_site_name":"Dicodusport","article_publisher":"https:\/\/www.facebook.com\/dicodusport","article_published_time":"2026-02-15T15:22:23+00:00","article_modified_time":"2026-02-15T16:12:56+00:00","og_image":[{"width":1200,"height":674,"url":"https:\/\/dicodusport.fr\/blog\/wp-content\/uploads\/2026\/02\/La-derniere-etape-pour-Axel-Laurance-sur-le-Tour-de-La-Provence-le-classement-general-pour-Matthew-Riccitello-1.png","type":"image\/png"}],"author":"Olivier Dobiezynski","twitter_card":"summary_large_image","twitter_title":"La derni\u00e8re \u00e9tape pour Axel Laurance sur le Tour de La Provence, le classement g\u00e9n\u00e9ral pour Matthew Riccitello","twitter_creator":"@https:\/\/x.com\/Olivier_Matros","twitter_site":"@dicodusport","schema":{"@context":"https:\/\/schema.org","@graph":[{"@type":"NewsArticle","@id":"https:\/\/dicodusport.fr\/blog\/la-derniere-etape-pour-axel-laurance-sur-le-tour-de-la-provence-le-classement-general-pour-matthew-riccitello\/#article","isPartOf":{"@id":"https:\/\/dicodusport.fr\/blog\/la-derniere-etape-pour-axel-laurance-sur-le-tour-de-la-provence-le-classement-general-pour-matthew-riccitello\/"},"author":{"name":"Olivier Dobiezynski","@id":"https:\/\/dicodusport.fr\/blog\/#\/schema\/person\/fe500246414ca17ddf0c0312d7a792cc"},"headline":"La derni\u00e8re \u00e9tape pour Axel Laurance sur le Tour de La Provence, le classement g\u00e9n\u00e9ral pour Matthew Riccitello","datePublished":"2026-02-15T15:22:23+00:00","dateModified":"2026-02-15T16:12:56+00:00","mainEntityOfPage":{"@id":"https:\/\/dicodusport.fr\/blog\/la-derniere-etape-pour-axel-laurance-sur-le-tour-de-la-provence-le-classement-general-pour-matthew-riccitello\/"},"wordCount":566,"commentCount":0,"publisher":{"@id":"https:\/\/dicodusport.fr\/blog\/#organization"},"image":{"@id":"https:\/\/dicodusport.fr\/blog\/la-derniere-etape-pour-axel-laurance-sur-le-tour-de-la-provence-le-classement-general-pour-matthew-riccitello\/#primaryimage"},"thumbnailUrl":"https:\/\/dicodusport.fr\/blog\/wp-content\/uploads\/2026\/02\/La-derniere-etape-pour-Axel-Laurance-sur-le-Tour-de-La-Provence-le-classement-general-pour-Matthew-Riccitello-1.png","keywords":["br\u00e8ve","Cyclisme","Cyclisme sur route","Tour de La Provence"],"articleSection":["Cyclisme sur route"],"inLanguage":"fr-FR","potentialAction":[{"@type":"CommentAction","name":"Comment","target":["https:\/\/dicodusport.fr\/blog\/la-derniere-etape-pour-axel-laurance-sur-le-tour-de-la-provence-le-classement-general-pour-matthew-riccitello\/#respond"]}],"copyrightYear":"2026","copyrightHolder":{"@id":"https:\/\/dicodusport.fr\/blog\/#organization"}},{"@type":"WebPage","@id":"https:\/\/dicodusport.fr\/blog\/la-derniere-etape-pour-axel-laurance-sur-le-tour-de-la-provence-le-classement-general-pour-matthew-riccitello\/","url":"https:\/\/dicodusport.fr\/blog\/la-derniere-etape-pour-axel-laurance-sur-le-tour-de-la-provence-le-classement-general-pour-matthew-riccitello\/","name":"La derni\u00e8re \u00e9tape pour Axel Laurance sur le Tour de La Provence, le classement g\u00e9n\u00e9ral pour Matthew Riccitello","isPartOf":{"@id":"https:\/\/dicodusport.fr\/blog\/#website"},"primaryImageOfPage":{"@id":"https:\/\/dicodusport.fr\/blog\/la-derniere-etape-pour-axel-laurance-sur-le-tour-de-la-provence-le-classement-general-pour-matthew-riccitello\/#primaryimage"},"image":{"@id":"https:\/\/dicodusport.fr\/blog\/la-derniere-etape-pour-axel-laurance-sur-le-tour-de-la-provence-le-classement-general-pour-matthew-riccitello\/#primaryimage"},"thumbnailUrl":"https:\/\/dicodusport.fr\/blog\/wp-content\/uploads\/2026\/02\/La-derniere-etape-pour-Axel-Laurance-sur-le-Tour-de-La-Provence-le-classement-general-pour-Matthew-Riccitello-1.png","datePublished":"2026-02-15T15:22:23+00:00","dateModified":"2026-02-15T16:12:56+00:00","description":"Axel Laurance (INEOS Grenadiers) dompte l'\u00e9chapp\u00e9e pour s'imposer \u00e0 Arles. Matthew Riccitello (Decathlon CMA CGM) enl\u00e8ve le g\u00e9n\u00e9ral.","breadcrumb":{"@id":"https:\/\/dicodusport.fr\/blog\/la-derniere-etape-pour-axel-laurance-sur-le-tour-de-la-provence-le-classement-general-pour-matthew-riccitello\/#breadcrumb"},"inLanguage":"fr-FR","potentialAction":[{"@type":"ReadAction","target":["https:\/\/dicodusport.fr\/blog\/la-derniere-etape-pour-axel-laurance-sur-le-tour-de-la-provence-le-classement-general-pour-matthew-riccitello\/"]}]},{"@type":"ImageObject","inLanguage":"fr-FR","@id":"https:\/\/dicodusport.fr\/blog\/la-derniere-etape-pour-axel-laurance-sur-le-tour-de-la-provence-le-classement-general-pour-matthew-riccitello\/#primaryimage","url":"https:\/\/dicodusport.fr\/blog\/wp-content\/uploads\/2026\/02\/La-derniere-etape-pour-Axel-Laurance-sur-le-Tour-de-La-Provence-le-classement-general-pour-Matthew-Riccitello-1.png","contentUrl":"https:\/\/dicodusport.fr\/blog\/wp-content\/uploads\/2026\/02\/La-derniere-etape-pour-Axel-Laurance-sur-le-Tour-de-La-Provence-le-classement-general-pour-Matthew-Riccitello-1.png","width":1200,"height":674,"caption":"La derni\u00e8re \u00e9tape pour Axel Laurance sur le Tour de La Provence, le classement g\u00e9n\u00e9ral pour Matthew Riccitello (1)"},{"@type":"BreadcrumbList","@id":"https:\/\/dicodusport.fr\/blog\/la-derniere-etape-pour-axel-laurance-sur-le-tour-de-la-provence-le-classement-general-pour-matthew-riccitello\/#breadcrumb","itemListElement":[{"@type":"ListItem","position":1,"name":"Accueil","item":"https:\/\/dicodusport.fr\/blog\/"},{"@type":"ListItem","position":2,"name":"La derni\u00e8re \u00e9tape pour Axel Laurance sur le Tour de La Provence, le classement g\u00e9n\u00e9ral pour Matthew Riccitello"}]},{"@type":"WebSite","@id":"https:\/\/dicodusport.fr\/blog\/#website","url":"https:\/\/dicodusport.fr\/blog\/","name":"Dicodusport","description":"L&#039;encyclop\u00e9die de l&#039;actualit\u00e9 sportive","publisher":{"@id":"https:\/\/dicodusport.fr\/blog\/#organization"},"potentialAction":[{"@type":"SearchAction","target":{"@type":"EntryPoint","urlTemplate":"https:\/\/dicodusport.fr\/blog\/?s={search_term_string}"},"query-input":{"@type":"PropertyValueSpecification","valueRequired":true,"valueName":"search_term_string"}}],"inLanguage":"fr-FR"},{"@type":"NewsMediaOrganization","@id":"https:\/\/dicodusport.fr\/blog\/#organization","name":"Dicodusport","url":"https:\/\/dicodusport.fr\/blog\/","logo":{"@type":"ImageObject","inLanguage":"fr-FR","@id":"https:\/\/dicodusport.fr\/blog\/#\/schema\/logo\/image\/","url":"https:\/\/dicodusport.fr\/blog\/wp-content\/uploads\/2020\/06\/cropped-LOGO-DICODUSPORT-2020-SANS-FOND-SANS-TEXTE.png","contentUrl":"https:\/\/dicodusport.fr\/blog\/wp-content\/uploads\/2020\/06\/cropped-LOGO-DICODUSPORT-2020-SANS-FOND-SANS-TEXTE.png","width":512,"height":512,"caption":"Dicodusport"},"image":{"@id":"https:\/\/dicodusport.fr\/blog\/#\/schema\/logo\/image\/"},"sameAs":["https:\/\/www.facebook.com\/dicodusport","https:\/\/x.com\/dicodusport","https:\/\/www.instagram.com\/dicodusport\/","https:\/\/www.youtube.com\/channel\/UC7V2KZ5sd3htJivAbA4ZG3w"],"description":"Dicodusport est l'encyclop\u00e9die de l'actualit\u00e9 sportive.","email":"bonjour@dicodusport.fr","legalName":"DICODUSPORT","foundingDate":"2018-01-14","vatID":"FR71834470973","taxID":"83447097300043","numberOfEmployees":{"@type":"QuantitativeValue","minValue":"1","maxValue":"10"}},{"@type":"Person","@id":"https:\/\/dicodusport.fr\/blog\/#\/schema\/person\/fe500246414ca17ddf0c0312d7a792cc","name":"Olivier Dobiezynski","image":{"@type":"ImageObject","inLanguage":"fr-FR","@id":"https:\/\/dicodusport.fr\/blog\/#\/schema\/person\/image\/","url":"https:\/\/dicodusport.fr\/blog\/wp-content\/uploads\/2024\/09\/5be8fe8d-9962-4f1e-ad06-d6f9dee30e6d-150x150.jpg","contentUrl":"https:\/\/dicodusport.fr\/blog\/wp-content\/uploads\/2024\/09\/5be8fe8d-9962-4f1e-ad06-d6f9dee30e6d-150x150.jpg","caption":"Olivier Dobiezynski"},"description":"Depuis le milieu des ann\u00e9es 90, la passion du cyclisme m'anime. Mes h\u00e9ros s'appellent Luc Leblanc, Piotr Ugrumov, Paolo Savoldelli, Peter Sagan et bien \u00e9videmment Romain Bardet. R\u00e9dacteur depuis 2023, je suis ici pour partager cet amour de la Petite Reine. Vous pourrez me lire \u00e9galement sur du trail, du ski de fond et tout autre sujet susceptible d'\u00e9veiller ma curiosit\u00e9 sportive.","sameAs":["https:\/\/x.com\/https:\/\/x.com\/Olivier_Matros"],"url":"https:\/\/dicodusport.fr\/blog\/author\/olivier-gh\/"}]}},"_links":{"self":[{"href":"https:\/\/dicodusport.fr\/blog\/wp-json\/wp\/v2\/posts\/648081","targetHints":{"allow":["GET"]}}],"collection":[{"href":"https:\/\/dicodusport.fr\/blog\/wp-json\/wp\/v2\/posts"}],"about":[{"href":"https:\/\/dicodusport.fr\/blog\/wp-json\/wp\/v2\/types\/post"}],"author":[{"embeddable":true,"href":"https:\/\/dicodusport.fr\/blog\/wp-json\/wp\/v2\/users\/92"}],"replies":[{"embeddable":true,"href":"https:\/\/dicodusport.fr\/blog\/wp-json\/wp\/v2\/comments?post=648081"}],"version-history":[{"count":6,"href":"https:\/\/dicodusport.fr\/blog\/wp-json\/wp\/v2\/posts\/648081\/revisions"}],"predecessor-version":[{"id":648221,"href":"https:\/\/dicodusport.fr\/blog\/wp-json\/wp\/v2\/posts\/648081\/revisions\/648221"}],"wp:featuredmedia":[{"embeddable":true,"href":"https:\/\/dicodusport.fr\/blog\/wp-json\/wp\/v2\/media\/648220"}],"wp:attachment":[{"href":"https:\/\/dicodusport.fr\/blog\/wp-json\/wp\/v2\/media?parent=648081"}],"wp:term":[{"taxonomy":"category","embeddable":true,"href":"https:\/\/dicodusport.fr\/blog\/wp-json\/wp\/v2\/categories?post=648081"},{"taxonomy":"post_tag","embeddable":true,"href":"https:\/\/dicodusport.fr\/blog\/wp-json\/wp\/v2\/tags?post=648081"}],"curies":[{"name":"wp","href":"https:\/\/api.w.org\/{rel}","templated":true}]}}