{"id":648589,"date":"2026-02-19T22:13:03","date_gmt":"2026-02-19T21:13:03","guid":{"rendered":"https:\/\/dicodusport.fr\/blog\/?p=648589&#038;preview=true&#038;preview_id=648589"},"modified":"2026-02-19T22:13:49","modified_gmt":"2026-02-19T21:13:49","slug":"tour-dalgarve-2026-la-startlist-complete-la-diffusion-tv-et-les-favoris-avec-seixas-et-alaphilippe","status":"publish","type":"post","link":"https:\/\/dicodusport.fr\/blog\/tour-dalgarve-2026-la-startlist-complete-la-diffusion-tv-et-les-favoris-avec-seixas-et-alaphilippe\/","title":{"rendered":"Tour d&rsquo;Algarve 2026 : la startlist compl\u00e8te, la diffusion TV et les favoris avec Seixas et Alaphilippe"},"content":{"rendered":"<p style=\"text-align: justify;\"><strong><em>Retrouvez les infos sur la diffusion TV, la liste des engag\u00e9s ainsi que les favoris du Tour d&rsquo;Algarve 2026, qui se d\u00e9roule du mercredi 18 au dimanche 22 f\u00e9vrier.<\/em><\/strong><\/p>\n<ul>\n<li style=\"text-align: justify;\"><strong>\u00c0 ce sujet \u2013\u00a0<a href=\"https:\/\/dicodusport.fr\/blog\/actualites\/cyclisme\/\">L\u2019actualit\u00e9 du cyclisme<\/a><\/strong><strong><br \/>\n<\/strong><\/li>\n<\/ul>\n<p style=\"text-align: justify;\">Le <strong>Tour d\u2019Algarve 2026<\/strong> se d\u00e9roule du <strong>18 au 22 f\u00e9vrier<\/strong> avec une liste de participants particuli\u00e8rement riche. Cette course par \u00e9tapes inscrite au calendrier <strong>UCI ProSeries<\/strong> marque l\u2019un des premiers grands rendez-vous de la saison pour de nombreux leaders internationaux, m\u00ealant profils pour sprinters, grimpeurs et sp\u00e9cialistes du contre-la-montre sur ses cinq jours de comp\u00e9tition.<\/p>\n<p style=\"text-align: justify;\">Parmi les coureurs les plus attendus figure <strong>Jo\u00e3o Almeida<\/strong>, le Portugais de l\u2019UAE Team Emirates XRG, qui voudra briller devant son public. Il devra notamment composer avec la pr\u00e9sence de son ex-\u00e9quipier <strong>Juan Ayuso<\/strong> (Lidl-Trek), pour sa course de reprise au sein de sa nouvelle \u00e9quipe. \u00c0 leurs c\u00f4t\u00e9s, des grimpeurs et coureurs complets comme <strong>Oscar Onley<\/strong> (INEOS Grenadiers), <strong>Florian Lipowitz<\/strong> (Red Bull-Bora-Hansgrohe) ou <strong>Brandon McNulty<\/strong> renforceront un niveau de concurrence \u00e9lev\u00e9 tout au long de l\u2019\u00e9preuve.<\/p>\n<div class=\"vlp-link-container vlp-layout-article\"><a href=\"https:\/\/dicodusport.fr\/blog\/tour-d-algarve-2026-parcours-complet-et-profils-des-etapes\/\" class=\"vlp-link\" title=\"Tour d&#039;Algarve 2026 : Parcours complet et profiles des \u00e9tapes\"><\/a><div class=\"vlp-layout-zone-side\"><div class=\"vlp-block-4 vlp-link-image\"><img loading=\"lazy\" decoding=\"async\" style=\"max-width: 792px;\" width=\"792\" height=\"445\" src=\"https:\/\/dicodusport.fr\/blog\/wp-content\/uploads\/2026\/01\/Tour-dAlgarve-2026-Parcours-complet-et-profils-des-etapes.png\" class=\"attachment-800x445 size-800x445\" alt=\"Tour d&#039;Algarve 2026 Parcours complet et profils des \u00e9tapes\" srcset=\"https:\/\/dicodusport.fr\/blog\/wp-content\/uploads\/2026\/01\/Tour-dAlgarve-2026-Parcours-complet-et-profils-des-etapes.png 1200w, https:\/\/dicodusport.fr\/blog\/wp-content\/uploads\/2026\/01\/Tour-dAlgarve-2026-Parcours-complet-et-profils-des-etapes-300x169.png 300w, https:\/\/dicodusport.fr\/blog\/wp-content\/uploads\/2026\/01\/Tour-dAlgarve-2026-Parcours-complet-et-profils-des-etapes-1024x575.png 1024w, https:\/\/dicodusport.fr\/blog\/wp-content\/uploads\/2026\/01\/Tour-dAlgarve-2026-Parcours-complet-et-profils-des-etapes-768x431.png 768w\" sizes=\"auto, (max-width: 792px) 100vw, 792px\" \/><\/div><\/div><div class=\"vlp-layout-zone-main\"><div class=\"vlp-block-0 vlp-link-title\">Tour d'Algarve 2026 : Parcours complet et profiles des \u00e9tapes<\/div><div class=\"vlp-block-1 vlp-link-summary\">Retrouvez le parcours d\u00e9tail\u00e9 ainsi que les profils des \u00e9tapes du Tour d'Algarve 2026, qui se dispute du mercredi 18 au dimanche 22 fevrier 2026.<\/div><div class=\"vlp-block-2 vlp-link-button\">Lire l'article<\/div><div class=\"vlp-block-3 vlp-link-url\">dicodusport.fr<\/div><\/div><\/div>\n<h2 style=\"text-align: justify;\">Alaphilippe, Seixas et Vauquelin font leur rentr\u00e9e<\/h2>\n<p style=\"text-align: justify;\">La participation de <a href=\"https:\/\/dicodusport.fr\/blog\/tag\/julian-alaphilippe\/\"><strong>Julian Alaphilippe<\/strong><\/a> retient particuli\u00e8rement l\u2019attention. Le Fran\u00e7ais, connu pour son sens de la course et son punch sur les profils accident\u00e9s, sera au d\u00e9part avec <strong>Tudor Pro Cycling Team<\/strong> pour sa rentr\u00e9e en 2026. M\u00eame si le trac\u00e9 n\u2019est pas taill\u00e9 sur mesure pour ses qualit\u00e9s les plus explosives, il peut cr\u00e9er des mouvements d\u00e9cisifs dans les \u00e9tapes cl\u00e9s.<\/p>\n<p style=\"text-align: justify;\">Autre coureur qu\u2019il faudra suivre avec int\u00e9r\u00eat et qui effectue sa rentr\u00e9e au Portugal : <a href=\"https:\/\/dicodusport.fr\/blog\/quel-paul-seixas-verra-t-on-en-2026\/\"><strong>Paul Seixas<\/strong><\/a>. Jeune talent fran\u00e7ais align\u00e9 avec la <strong>Decathlon AG2R La Mondiale Team<\/strong>, il arrive avec l\u2019ambition de faire ses preuves dans une course \u00e0 forte densit\u00e9 de candidats. Son r\u00f4le pourrait \u00eatre d\u00e9terminant, notamment gr\u00e2ce \u00e0 son r\u00e9cent \u00e9tat de forme et \u00e0 sa progression sur des \u00e9preuves par \u00e9tapes exigeantes. R\u00e9cent vainqueur du Tour de La Provence, l\u2019Am\u00e9ricain <a href=\"https:\/\/dicodusport.fr\/blog\/matthew-riccitello-fait-coup-double-sur-la-2eme-etape-du-tour-de-la-provence\/\"><strong>Matthew Riccitello<\/strong><\/a> sera de la partie pour \u00e9pauler le Fran\u00e7ais.<\/p>\n<p style=\"text-align: justify;\">On n\u2019oublie pas <strong>K\u00e9vin Vauquelin<\/strong>, le coureur fran\u00e7ais phare de la saison 2025. Le coureur normand disputera sa premi\u00e8re course sous ses nouvelles couleurs, <strong>INEOS Grenadiers<\/strong>, avec l\u2019objectif de prendre ses marques et de montrer qu\u2019il fait bien partie des meilleurs grimpeurs-rouleurs du peloton.<\/p>\n<p style=\"text-align: justify;\">Outre ces leaders, la course compte une vaste start-list rassemblant plusieurs formations WorldTour et ProTeam, assurant un spectacle riche et impr\u00e9visible jusqu\u2019\u00e0 l\u2019ultime \u00e9tape \u00e0 l\u2019<strong>Alto do Malh\u00e3o<\/strong>.<\/p>\n<div class=\"vlp-link-container vlp-layout-article\"><a href=\"https:\/\/dicodusport.fr\/blog\/classement-general-tour-d-algarve-2026-actualise\/\" class=\"vlp-link\" title=\"Classement g\u00e9n\u00e9ral Tour d&#039;Algarve 2026 actualis\u00e9\"><\/a><div class=\"vlp-layout-zone-side\"><div class=\"vlp-block-4 vlp-link-image\"><img loading=\"lazy\" decoding=\"async\" style=\"max-width: 792px;\" width=\"792\" height=\"445\" src=\"https:\/\/dicodusport.fr\/blog\/wp-content\/uploads\/2026\/02\/Classement-general-Tour-dAlgarve-2026-actualise.png\" class=\"attachment-800x445 size-800x445\" alt=\"Classement g\u00e9n\u00e9ral Tour d&#039;Algarve 2026 actualis\u00e9\" srcset=\"https:\/\/dicodusport.fr\/blog\/wp-content\/uploads\/2026\/02\/Classement-general-Tour-dAlgarve-2026-actualise.png 1200w, https:\/\/dicodusport.fr\/blog\/wp-content\/uploads\/2026\/02\/Classement-general-Tour-dAlgarve-2026-actualise-300x169.png 300w, https:\/\/dicodusport.fr\/blog\/wp-content\/uploads\/2026\/02\/Classement-general-Tour-dAlgarve-2026-actualise-1024x575.png 1024w, https:\/\/dicodusport.fr\/blog\/wp-content\/uploads\/2026\/02\/Classement-general-Tour-dAlgarve-2026-actualise-768x431.png 768w\" sizes=\"auto, (max-width: 792px) 100vw, 792px\" \/><\/div><\/div><div class=\"vlp-layout-zone-main\"><div class=\"vlp-block-0 vlp-link-title\">Classement g\u00e9n\u00e9ral Tour d'Algarve 2026 actualis\u00e9<\/div><div class=\"vlp-block-1 vlp-link-summary\">Retrouvez le classement g\u00e9n\u00e9ral du Tour d'Algarve 2026, qui se dispute du mercredi 18 au dimanche 22 f\u00e9vrier 2026.<\/div><div class=\"vlp-block-2 vlp-link-button\">Lire l'article<\/div><div class=\"vlp-block-3 vlp-link-url\">dicodusport.fr<\/div><\/div><\/div>\n<h2 style=\"text-align: justify;\">Les engag\u00e9s du Tour d&rsquo;Algarve 2026<\/h2>\n<p style=\"text-align: justify;\"><a href=\"https:\/\/dicodusport.fr\/blog\/wp-content\/uploads\/2026\/02\/Startlist-du-Tour-dAlgarve-2026.pdf\" class=\"pdfemb-viewer\" style=\"\" data-width=\"max\" data-height=\"max\"  data-toolbar=\"both\" data-toolbar-fixed=\"on\">Startlist du Tour d&#039;Algarve 2026<br\/><\/a>\n<h2 style=\"text-align: justify;\">Le programme TV du Tour d&rsquo;Algarve 2026<\/h2>\n<p style=\"text-align: justify;\">Organis\u00e9 du 18 au 22 f\u00e9vrier 2026, le <strong>Tour d\u2019Algarve<\/strong> sera retransmis quotidiennement en direct. Les cinq \u00e9tapes de l\u2019\u00e9preuve seront \u00e0 suivre en int\u00e9gralit\u00e9 sur <em>Eurosport 2<\/em> et <em>HBO Max<\/em>.<\/p>\n<h3 style=\"text-align: justify;\">Mercredi 18 f\u00e9vrier<\/h3>\n<p style=\"text-align: justify;\"><span style=\"text-decoration: underline;\"><strong>\u00c9tape 1 : Vila Real de Santo Ant\u00f3nio \u2013 Tavira<\/strong><\/span><br \/>\n<strong>Distance :<\/strong> 185,6 km<br \/>\nDiffusion en direct \u00e0 partir de 16h00 sur Eurosport 2 et HBO Max.<\/p>\n<h3 style=\"text-align: justify;\">Jeudi 19 f\u00e9vrier<\/h3>\n<p style=\"text-align: justify;\"><span style=\"text-decoration: underline;\"><strong>\u00c9tape 2 : Portim\u00e3o \u2013 F\u00f3ia<\/strong><\/span><br \/>\n<strong>Distance :<\/strong> 157,1 km<br \/>\nDiffusion en direct \u00e0 partir de 16h00 sur Eurosport 2 et HBO Max.<\/p>\n<h3 style=\"text-align: justify;\">Vendredi 20 f\u00e9vrier<\/h3>\n<p style=\"text-align: justify;\"><span style=\"text-decoration: underline;\">\u00c9tape 3 (contre-la-montre individuel) : Vilamoura \u2013 Vilamoura<\/span><br \/>\nDistance : 19,5 km<br \/>\nDiffusion en direct \u00e0 partir de 16h00 sur Eurosport 2 et HBO Max.<\/p>\n<h3 style=\"text-align: justify;\">Samedi 21 f\u00e9vrier<\/h3>\n<p style=\"text-align: justify;\"><span style=\"text-decoration: underline;\"><strong>\u00c9tape 4 : Albufeira \u2013 Lagos<\/strong><\/span><br \/>\n<strong>Distance :<\/strong> 182,1 km<br \/>\nDiffusion en direct \u00e0 partir de 15h15 sur Eurosport 2 et HBO Max.<\/p>\n<h3 style=\"text-align: justify;\">Dimanche 22 f\u00e9vrier<\/h3>\n<p style=\"text-align: justify;\"><span style=\"text-decoration: underline;\"><strong>\u00c9tape 5 : Faro \u2013 Malh\u00e3o<\/strong><\/span><br \/>\n<strong>Distance :<\/strong> 153,1 km<br \/>\nDiffusion en direct \u00e0 partir de 15h30 sur Eurosport 2 et HBO Max.<\/p>\n","protected":false},"excerpt":{"rendered":"<p>Retrouvez les infos sur la diffusion TV, la liste des engag\u00e9s ainsi que les favoris du Tour d&rsquo;Algarve 2026, qui se d\u00e9roule du mercredi 18 au dimanche 22 f\u00e9vrier.<\/p>\n","protected":false},"author":4,"featured_media":648657,"comment_status":"open","ping_status":"closed","sticky":false,"template":"","format":"standard","meta":{"_acf_changed":false,"_daextam_enable_autolinks":"1","footnotes":""},"categories":[46994],"tags":[32415,16878,574,11197,9973],"class_list":["post-648589","post","type-post","status-publish","format-standard","has-post-thumbnail","hentry","category-cyclisme-sur-route","tag-actu","tag-breve","tag-cyclisme","tag-cyclisme-sur-route","tag-tour-dalgarve"],"acf":[],"yoast_head":"<!-- This site is optimized with the Yoast SEO Premium plugin v26.7 (Yoast SEO v26.7) - https:\/\/yoast.com\/wordpress\/plugins\/seo\/ -->\n<title>Tour d&#039;Algarve 2026 : la startlist compl\u00e8te, la diffusion TV et les favoris avec Seixas et Alaphilippe<\/title>\n<meta name=\"description\" content=\"Retrouvez les infos sur la diffusion TV, la liste des engag\u00e9s ainsi que les favoris du Tour d&#039;Algarve 2026, qui se d\u00e9roule du mercredi 18 au dimanche 22 f\u00e9vrier.\" \/>\n<meta name=\"robots\" content=\"index, follow, max-snippet:-1, max-image-preview:large, max-video-preview:-1\" \/>\n<link rel=\"canonical\" href=\"https:\/\/dicodusport.fr\/blog\/tour-dalgarve-2026-la-startlist-complete-la-diffusion-tv-et-les-favoris-avec-seixas-et-alaphilippe\/\" \/>\n<meta property=\"og:locale\" content=\"fr_FR\" \/>\n<meta property=\"og:type\" content=\"article\" \/>\n<meta property=\"og:title\" content=\"Tour d&#039;Algarve 2026 : la startlist compl\u00e8te, la diffusion TV et les favoris avec Seixas et Alaphilippe\" \/>\n<meta property=\"og:description\" content=\"Retrouvez les infos sur la diffusion TV, la liste des engag\u00e9s ainsi que les favoris du Tour d&#039;Algarve 2026, qui se d\u00e9roule du mercredi 18 au dimanche 22 f\u00e9vrier.\" \/>\n<meta property=\"og:url\" content=\"https:\/\/dicodusport.fr\/blog\/tour-dalgarve-2026-la-startlist-complete-la-diffusion-tv-et-les-favoris-avec-seixas-et-alaphilippe\/\" \/>\n<meta property=\"og:site_name\" content=\"Dicodusport\" \/>\n<meta property=\"article:publisher\" content=\"https:\/\/www.facebook.com\/dicodusport\" \/>\n<meta property=\"article:author\" content=\"https:\/\/www.facebook.com\/florent.ostermann\" \/>\n<meta property=\"article:published_time\" content=\"2026-02-19T21:13:03+00:00\" \/>\n<meta property=\"article:modified_time\" content=\"2026-02-19T21:13:49+00:00\" \/>\n<meta property=\"og:image\" content=\"https:\/\/dicodusport.fr\/blog\/wp-content\/uploads\/2026\/02\/Tour-dAlgarve-2026-la-startlist-complete-la-diffusion-TV-et-les-favoris-avec-Seixas-et-Alaphilippe.png\" \/>\n\t<meta property=\"og:image:width\" content=\"1200\" \/>\n\t<meta property=\"og:image:height\" content=\"674\" \/>\n\t<meta property=\"og:image:type\" content=\"image\/png\" \/>\n<meta name=\"author\" content=\"Flo Ostermann\" \/>\n<meta name=\"twitter:card\" content=\"summary_large_image\" \/>\n<meta name=\"twitter:title\" content=\"Tour d&#039;Algarve 2026 : la startlist compl\u00e8te, la diffusion TV et les favoris avec Seixas et Alaphilippe\" \/>\n<meta name=\"twitter:creator\" content=\"@https:\/\/twitter.com\/FlOstermann\" \/>\n<meta name=\"twitter:site\" content=\"@dicodusport\" \/>\n<script type=\"application\/ld+json\" class=\"yoast-schema-graph\">{\"@context\":\"https:\/\/schema.org\",\"@graph\":[{\"@type\":\"NewsArticle\",\"@id\":\"https:\/\/dicodusport.fr\/blog\/tour-dalgarve-2026-la-startlist-complete-la-diffusion-tv-et-les-favoris-avec-seixas-et-alaphilippe\/#article\",\"isPartOf\":{\"@id\":\"https:\/\/dicodusport.fr\/blog\/tour-dalgarve-2026-la-startlist-complete-la-diffusion-tv-et-les-favoris-avec-seixas-et-alaphilippe\/\"},\"author\":{\"name\":\"Flo Ostermann\",\"@id\":\"https:\/\/dicodusport.fr\/blog\/#\/schema\/person\/cb02af4c173ce4a653b55e9baf388d4a\"},\"headline\":\"Tour d&rsquo;Algarve 2026 : la startlist compl\u00e8te, la diffusion TV et les favoris avec Seixas et Alaphilippe\",\"datePublished\":\"2026-02-19T21:13:03+00:00\",\"dateModified\":\"2026-02-19T21:13:49+00:00\",\"mainEntityOfPage\":{\"@id\":\"https:\/\/dicodusport.fr\/blog\/tour-dalgarve-2026-la-startlist-complete-la-diffusion-tv-et-les-favoris-avec-seixas-et-alaphilippe\/\"},\"wordCount\":763,\"commentCount\":0,\"publisher\":{\"@id\":\"https:\/\/dicodusport.fr\/blog\/#organization\"},\"image\":{\"@id\":\"https:\/\/dicodusport.fr\/blog\/tour-dalgarve-2026-la-startlist-complete-la-diffusion-tv-et-les-favoris-avec-seixas-et-alaphilippe\/#primaryimage\"},\"thumbnailUrl\":\"https:\/\/dicodusport.fr\/blog\/wp-content\/uploads\/2026\/02\/Tour-dAlgarve-2026-la-startlist-complete-la-diffusion-TV-et-les-favoris-avec-Seixas-et-Alaphilippe.png\",\"keywords\":[\"actu\",\"br\u00e8ve\",\"Cyclisme\",\"Cyclisme sur route\",\"Tour d'Algarve\"],\"articleSection\":[\"Cyclisme sur route\"],\"inLanguage\":\"fr-FR\",\"potentialAction\":[{\"@type\":\"CommentAction\",\"name\":\"Comment\",\"target\":[\"https:\/\/dicodusport.fr\/blog\/tour-dalgarve-2026-la-startlist-complete-la-diffusion-tv-et-les-favoris-avec-seixas-et-alaphilippe\/#respond\"]}],\"copyrightYear\":\"2026\",\"copyrightHolder\":{\"@id\":\"https:\/\/dicodusport.fr\/blog\/#organization\"}},{\"@type\":\"WebPage\",\"@id\":\"https:\/\/dicodusport.fr\/blog\/tour-dalgarve-2026-la-startlist-complete-la-diffusion-tv-et-les-favoris-avec-seixas-et-alaphilippe\/\",\"url\":\"https:\/\/dicodusport.fr\/blog\/tour-dalgarve-2026-la-startlist-complete-la-diffusion-tv-et-les-favoris-avec-seixas-et-alaphilippe\/\",\"name\":\"Tour d'Algarve 2026 : la startlist compl\u00e8te, la diffusion TV et les favoris avec Seixas et Alaphilippe\",\"isPartOf\":{\"@id\":\"https:\/\/dicodusport.fr\/blog\/#website\"},\"primaryImageOfPage\":{\"@id\":\"https:\/\/dicodusport.fr\/blog\/tour-dalgarve-2026-la-startlist-complete-la-diffusion-tv-et-les-favoris-avec-seixas-et-alaphilippe\/#primaryimage\"},\"image\":{\"@id\":\"https:\/\/dicodusport.fr\/blog\/tour-dalgarve-2026-la-startlist-complete-la-diffusion-tv-et-les-favoris-avec-seixas-et-alaphilippe\/#primaryimage\"},\"thumbnailUrl\":\"https:\/\/dicodusport.fr\/blog\/wp-content\/uploads\/2026\/02\/Tour-dAlgarve-2026-la-startlist-complete-la-diffusion-TV-et-les-favoris-avec-Seixas-et-Alaphilippe.png\",\"datePublished\":\"2026-02-19T21:13:03+00:00\",\"dateModified\":\"2026-02-19T21:13:49+00:00\",\"description\":\"Retrouvez les infos sur la diffusion TV, la liste des engag\u00e9s ainsi que les favoris du Tour d'Algarve 2026, qui se d\u00e9roule du mercredi 18 au dimanche 22 f\u00e9vrier.\",\"breadcrumb\":{\"@id\":\"https:\/\/dicodusport.fr\/blog\/tour-dalgarve-2026-la-startlist-complete-la-diffusion-tv-et-les-favoris-avec-seixas-et-alaphilippe\/#breadcrumb\"},\"inLanguage\":\"fr-FR\",\"potentialAction\":[{\"@type\":\"ReadAction\",\"target\":[\"https:\/\/dicodusport.fr\/blog\/tour-dalgarve-2026-la-startlist-complete-la-diffusion-tv-et-les-favoris-avec-seixas-et-alaphilippe\/\"]}]},{\"@type\":\"ImageObject\",\"inLanguage\":\"fr-FR\",\"@id\":\"https:\/\/dicodusport.fr\/blog\/tour-dalgarve-2026-la-startlist-complete-la-diffusion-tv-et-les-favoris-avec-seixas-et-alaphilippe\/#primaryimage\",\"url\":\"https:\/\/dicodusport.fr\/blog\/wp-content\/uploads\/2026\/02\/Tour-dAlgarve-2026-la-startlist-complete-la-diffusion-TV-et-les-favoris-avec-Seixas-et-Alaphilippe.png\",\"contentUrl\":\"https:\/\/dicodusport.fr\/blog\/wp-content\/uploads\/2026\/02\/Tour-dAlgarve-2026-la-startlist-complete-la-diffusion-TV-et-les-favoris-avec-Seixas-et-Alaphilippe.png\",\"width\":1200,\"height\":674,\"caption\":\"Tour d'Algarve 2026 la startlist compl\u00e8te, la diffusion TV et les favoris avec Seixas et Alaphilippe\"},{\"@type\":\"BreadcrumbList\",\"@id\":\"https:\/\/dicodusport.fr\/blog\/tour-dalgarve-2026-la-startlist-complete-la-diffusion-tv-et-les-favoris-avec-seixas-et-alaphilippe\/#breadcrumb\",\"itemListElement\":[{\"@type\":\"ListItem\",\"position\":1,\"name\":\"Accueil\",\"item\":\"https:\/\/dicodusport.fr\/blog\/\"},{\"@type\":\"ListItem\",\"position\":2,\"name\":\"Tour d&rsquo;Algarve 2026 : la startlist compl\u00e8te, la diffusion TV et les favoris avec Seixas et Alaphilippe\"}]},{\"@type\":\"WebSite\",\"@id\":\"https:\/\/dicodusport.fr\/blog\/#website\",\"url\":\"https:\/\/dicodusport.fr\/blog\/\",\"name\":\"Dicodusport\",\"description\":\"L&#039;encyclop\u00e9die de l&#039;actualit\u00e9 sportive\",\"publisher\":{\"@id\":\"https:\/\/dicodusport.fr\/blog\/#organization\"},\"potentialAction\":[{\"@type\":\"SearchAction\",\"target\":{\"@type\":\"EntryPoint\",\"urlTemplate\":\"https:\/\/dicodusport.fr\/blog\/?s={search_term_string}\"},\"query-input\":{\"@type\":\"PropertyValueSpecification\",\"valueRequired\":true,\"valueName\":\"search_term_string\"}}],\"inLanguage\":\"fr-FR\"},{\"@type\":\"NewsMediaOrganization\",\"@id\":\"https:\/\/dicodusport.fr\/blog\/#organization\",\"name\":\"Dicodusport\",\"url\":\"https:\/\/dicodusport.fr\/blog\/\",\"logo\":{\"@type\":\"ImageObject\",\"inLanguage\":\"fr-FR\",\"@id\":\"https:\/\/dicodusport.fr\/blog\/#\/schema\/logo\/image\/\",\"url\":\"https:\/\/dicodusport.fr\/blog\/wp-content\/uploads\/2020\/06\/cropped-LOGO-DICODUSPORT-2020-SANS-FOND-SANS-TEXTE.png\",\"contentUrl\":\"https:\/\/dicodusport.fr\/blog\/wp-content\/uploads\/2020\/06\/cropped-LOGO-DICODUSPORT-2020-SANS-FOND-SANS-TEXTE.png\",\"width\":512,\"height\":512,\"caption\":\"Dicodusport\"},\"image\":{\"@id\":\"https:\/\/dicodusport.fr\/blog\/#\/schema\/logo\/image\/\"},\"sameAs\":[\"https:\/\/www.facebook.com\/dicodusport\",\"https:\/\/x.com\/dicodusport\",\"https:\/\/www.instagram.com\/dicodusport\/\",\"https:\/\/www.youtube.com\/channel\/UC7V2KZ5sd3htJivAbA4ZG3w\"],\"description\":\"Dicodusport est l'encyclop\u00e9die de l'actualit\u00e9 sportive.\",\"email\":\"bonjour@dicodusport.fr\",\"legalName\":\"DICODUSPORT\",\"foundingDate\":\"2018-01-14\",\"vatID\":\"FR71834470973\",\"taxID\":\"83447097300043\",\"numberOfEmployees\":{\"@type\":\"QuantitativeValue\",\"minValue\":\"1\",\"maxValue\":\"10\"}},{\"@type\":\"Person\",\"@id\":\"https:\/\/dicodusport.fr\/blog\/#\/schema\/person\/cb02af4c173ce4a653b55e9baf388d4a\",\"name\":\"Flo Ostermann\",\"image\":{\"@type\":\"ImageObject\",\"inLanguage\":\"fr-FR\",\"@id\":\"https:\/\/dicodusport.fr\/blog\/#\/schema\/person\/image\/\",\"url\":\"https:\/\/dicodusport.fr\/blog\/wp-content\/uploads\/2021\/05\/Flo-Ostermann-150x150.jpg\",\"contentUrl\":\"https:\/\/dicodusport.fr\/blog\/wp-content\/uploads\/2021\/05\/Flo-Ostermann-150x150.jpg\",\"caption\":\"Flo Ostermann\"},\"description\":\"Journaliste\/R\u00e9dacteur depuis septembre 2015 - Mes premiers souvenirs dans le sport ? Les envol\u00e9es du Stade Toulousain et les duels Villeneuve-Schumacher et H\u00e4kkinen-Schumacher \u00e0 la fin des ann\u00e9es 90, la Coupe du monde de football en 1998, l\u2019exploit du XV de France face aux All Blacks en 1999, mais aussi Richard C\u0153ur de Lion qui vole sur les montagnes du Tour de France. Bien parti pour devenir professeur d\u2019EPS, les \u00e9v\u00e9nements de la vie (et la flemme d\u2019animer des s\u00e9ances de 3x500 m\u00e8tres toute ma vie) m\u2019ont conduit \u00e0 revoir mes plans. Me voil\u00e0 depuis fin 2017 sur Dicodusport, m\u00e9dia gr\u00e2ce (et pour) lequel je partage ma passion : le sport dans tous ses \u00e9tats. Le tout accompagn\u00e9 par les fous furieux et folles furieuses cit\u00e9s sur cette page !\",\"sameAs\":[\"https:\/\/www.facebook.com\/florent.ostermann\",\"https:\/\/x.com\/https:\/\/twitter.com\/FlOstermann\",\"admin\"],\"url\":\"https:\/\/dicodusport.fr\/blog\/author\/flo\/\"}]}<\/script>\n<!-- \/ Yoast SEO Premium plugin. -->","yoast_head_json":{"title":"Tour d'Algarve 2026 : la startlist compl\u00e8te, la diffusion TV et les favoris avec Seixas et Alaphilippe","description":"Retrouvez les infos sur la diffusion TV, la liste des engag\u00e9s ainsi que les favoris du Tour d'Algarve 2026, qui se d\u00e9roule du mercredi 18 au dimanche 22 f\u00e9vrier.","robots":{"index":"index","follow":"follow","max-snippet":"max-snippet:-1","max-image-preview":"max-image-preview:large","max-video-preview":"max-video-preview:-1"},"canonical":"https:\/\/dicodusport.fr\/blog\/tour-dalgarve-2026-la-startlist-complete-la-diffusion-tv-et-les-favoris-avec-seixas-et-alaphilippe\/","og_locale":"fr_FR","og_type":"article","og_title":"Tour d'Algarve 2026 : la startlist compl\u00e8te, la diffusion TV et les favoris avec Seixas et Alaphilippe","og_description":"Retrouvez les infos sur la diffusion TV, la liste des engag\u00e9s ainsi que les favoris du Tour d'Algarve 2026, qui se d\u00e9roule du mercredi 18 au dimanche 22 f\u00e9vrier.","og_url":"https:\/\/dicodusport.fr\/blog\/tour-dalgarve-2026-la-startlist-complete-la-diffusion-tv-et-les-favoris-avec-seixas-et-alaphilippe\/","og_site_name":"Dicodusport","article_publisher":"https:\/\/www.facebook.com\/dicodusport","article_author":"https:\/\/www.facebook.com\/florent.ostermann","article_published_time":"2026-02-19T21:13:03+00:00","article_modified_time":"2026-02-19T21:13:49+00:00","og_image":[{"width":1200,"height":674,"url":"https:\/\/dicodusport.fr\/blog\/wp-content\/uploads\/2026\/02\/Tour-dAlgarve-2026-la-startlist-complete-la-diffusion-TV-et-les-favoris-avec-Seixas-et-Alaphilippe.png","type":"image\/png"}],"author":"Flo Ostermann","twitter_card":"summary_large_image","twitter_title":"Tour d'Algarve 2026 : la startlist compl\u00e8te, la diffusion TV et les favoris avec Seixas et Alaphilippe","twitter_creator":"@https:\/\/twitter.com\/FlOstermann","twitter_site":"@dicodusport","schema":{"@context":"https:\/\/schema.org","@graph":[{"@type":"NewsArticle","@id":"https:\/\/dicodusport.fr\/blog\/tour-dalgarve-2026-la-startlist-complete-la-diffusion-tv-et-les-favoris-avec-seixas-et-alaphilippe\/#article","isPartOf":{"@id":"https:\/\/dicodusport.fr\/blog\/tour-dalgarve-2026-la-startlist-complete-la-diffusion-tv-et-les-favoris-avec-seixas-et-alaphilippe\/"},"author":{"name":"Flo Ostermann","@id":"https:\/\/dicodusport.fr\/blog\/#\/schema\/person\/cb02af4c173ce4a653b55e9baf388d4a"},"headline":"Tour d&rsquo;Algarve 2026 : la startlist compl\u00e8te, la diffusion TV et les favoris avec Seixas et Alaphilippe","datePublished":"2026-02-19T21:13:03+00:00","dateModified":"2026-02-19T21:13:49+00:00","mainEntityOfPage":{"@id":"https:\/\/dicodusport.fr\/blog\/tour-dalgarve-2026-la-startlist-complete-la-diffusion-tv-et-les-favoris-avec-seixas-et-alaphilippe\/"},"wordCount":763,"commentCount":0,"publisher":{"@id":"https:\/\/dicodusport.fr\/blog\/#organization"},"image":{"@id":"https:\/\/dicodusport.fr\/blog\/tour-dalgarve-2026-la-startlist-complete-la-diffusion-tv-et-les-favoris-avec-seixas-et-alaphilippe\/#primaryimage"},"thumbnailUrl":"https:\/\/dicodusport.fr\/blog\/wp-content\/uploads\/2026\/02\/Tour-dAlgarve-2026-la-startlist-complete-la-diffusion-TV-et-les-favoris-avec-Seixas-et-Alaphilippe.png","keywords":["actu","br\u00e8ve","Cyclisme","Cyclisme sur route","Tour d'Algarve"],"articleSection":["Cyclisme sur route"],"inLanguage":"fr-FR","potentialAction":[{"@type":"CommentAction","name":"Comment","target":["https:\/\/dicodusport.fr\/blog\/tour-dalgarve-2026-la-startlist-complete-la-diffusion-tv-et-les-favoris-avec-seixas-et-alaphilippe\/#respond"]}],"copyrightYear":"2026","copyrightHolder":{"@id":"https:\/\/dicodusport.fr\/blog\/#organization"}},{"@type":"WebPage","@id":"https:\/\/dicodusport.fr\/blog\/tour-dalgarve-2026-la-startlist-complete-la-diffusion-tv-et-les-favoris-avec-seixas-et-alaphilippe\/","url":"https:\/\/dicodusport.fr\/blog\/tour-dalgarve-2026-la-startlist-complete-la-diffusion-tv-et-les-favoris-avec-seixas-et-alaphilippe\/","name":"Tour d'Algarve 2026 : la startlist compl\u00e8te, la diffusion TV et les favoris avec Seixas et Alaphilippe","isPartOf":{"@id":"https:\/\/dicodusport.fr\/blog\/#website"},"primaryImageOfPage":{"@id":"https:\/\/dicodusport.fr\/blog\/tour-dalgarve-2026-la-startlist-complete-la-diffusion-tv-et-les-favoris-avec-seixas-et-alaphilippe\/#primaryimage"},"image":{"@id":"https:\/\/dicodusport.fr\/blog\/tour-dalgarve-2026-la-startlist-complete-la-diffusion-tv-et-les-favoris-avec-seixas-et-alaphilippe\/#primaryimage"},"thumbnailUrl":"https:\/\/dicodusport.fr\/blog\/wp-content\/uploads\/2026\/02\/Tour-dAlgarve-2026-la-startlist-complete-la-diffusion-TV-et-les-favoris-avec-Seixas-et-Alaphilippe.png","datePublished":"2026-02-19T21:13:03+00:00","dateModified":"2026-02-19T21:13:49+00:00","description":"Retrouvez les infos sur la diffusion TV, la liste des engag\u00e9s ainsi que les favoris du Tour d'Algarve 2026, qui se d\u00e9roule du mercredi 18 au dimanche 22 f\u00e9vrier.","breadcrumb":{"@id":"https:\/\/dicodusport.fr\/blog\/tour-dalgarve-2026-la-startlist-complete-la-diffusion-tv-et-les-favoris-avec-seixas-et-alaphilippe\/#breadcrumb"},"inLanguage":"fr-FR","potentialAction":[{"@type":"ReadAction","target":["https:\/\/dicodusport.fr\/blog\/tour-dalgarve-2026-la-startlist-complete-la-diffusion-tv-et-les-favoris-avec-seixas-et-alaphilippe\/"]}]},{"@type":"ImageObject","inLanguage":"fr-FR","@id":"https:\/\/dicodusport.fr\/blog\/tour-dalgarve-2026-la-startlist-complete-la-diffusion-tv-et-les-favoris-avec-seixas-et-alaphilippe\/#primaryimage","url":"https:\/\/dicodusport.fr\/blog\/wp-content\/uploads\/2026\/02\/Tour-dAlgarve-2026-la-startlist-complete-la-diffusion-TV-et-les-favoris-avec-Seixas-et-Alaphilippe.png","contentUrl":"https:\/\/dicodusport.fr\/blog\/wp-content\/uploads\/2026\/02\/Tour-dAlgarve-2026-la-startlist-complete-la-diffusion-TV-et-les-favoris-avec-Seixas-et-Alaphilippe.png","width":1200,"height":674,"caption":"Tour d'Algarve 2026 la startlist compl\u00e8te, la diffusion TV et les favoris avec Seixas et Alaphilippe"},{"@type":"BreadcrumbList","@id":"https:\/\/dicodusport.fr\/blog\/tour-dalgarve-2026-la-startlist-complete-la-diffusion-tv-et-les-favoris-avec-seixas-et-alaphilippe\/#breadcrumb","itemListElement":[{"@type":"ListItem","position":1,"name":"Accueil","item":"https:\/\/dicodusport.fr\/blog\/"},{"@type":"ListItem","position":2,"name":"Tour d&rsquo;Algarve 2026 : la startlist compl\u00e8te, la diffusion TV et les favoris avec Seixas et Alaphilippe"}]},{"@type":"WebSite","@id":"https:\/\/dicodusport.fr\/blog\/#website","url":"https:\/\/dicodusport.fr\/blog\/","name":"Dicodusport","description":"L&#039;encyclop\u00e9die de l&#039;actualit\u00e9 sportive","publisher":{"@id":"https:\/\/dicodusport.fr\/blog\/#organization"},"potentialAction":[{"@type":"SearchAction","target":{"@type":"EntryPoint","urlTemplate":"https:\/\/dicodusport.fr\/blog\/?s={search_term_string}"},"query-input":{"@type":"PropertyValueSpecification","valueRequired":true,"valueName":"search_term_string"}}],"inLanguage":"fr-FR"},{"@type":"NewsMediaOrganization","@id":"https:\/\/dicodusport.fr\/blog\/#organization","name":"Dicodusport","url":"https:\/\/dicodusport.fr\/blog\/","logo":{"@type":"ImageObject","inLanguage":"fr-FR","@id":"https:\/\/dicodusport.fr\/blog\/#\/schema\/logo\/image\/","url":"https:\/\/dicodusport.fr\/blog\/wp-content\/uploads\/2020\/06\/cropped-LOGO-DICODUSPORT-2020-SANS-FOND-SANS-TEXTE.png","contentUrl":"https:\/\/dicodusport.fr\/blog\/wp-content\/uploads\/2020\/06\/cropped-LOGO-DICODUSPORT-2020-SANS-FOND-SANS-TEXTE.png","width":512,"height":512,"caption":"Dicodusport"},"image":{"@id":"https:\/\/dicodusport.fr\/blog\/#\/schema\/logo\/image\/"},"sameAs":["https:\/\/www.facebook.com\/dicodusport","https:\/\/x.com\/dicodusport","https:\/\/www.instagram.com\/dicodusport\/","https:\/\/www.youtube.com\/channel\/UC7V2KZ5sd3htJivAbA4ZG3w"],"description":"Dicodusport est l'encyclop\u00e9die de l'actualit\u00e9 sportive.","email":"bonjour@dicodusport.fr","legalName":"DICODUSPORT","foundingDate":"2018-01-14","vatID":"FR71834470973","taxID":"83447097300043","numberOfEmployees":{"@type":"QuantitativeValue","minValue":"1","maxValue":"10"}},{"@type":"Person","@id":"https:\/\/dicodusport.fr\/blog\/#\/schema\/person\/cb02af4c173ce4a653b55e9baf388d4a","name":"Flo Ostermann","image":{"@type":"ImageObject","inLanguage":"fr-FR","@id":"https:\/\/dicodusport.fr\/blog\/#\/schema\/person\/image\/","url":"https:\/\/dicodusport.fr\/blog\/wp-content\/uploads\/2021\/05\/Flo-Ostermann-150x150.jpg","contentUrl":"https:\/\/dicodusport.fr\/blog\/wp-content\/uploads\/2021\/05\/Flo-Ostermann-150x150.jpg","caption":"Flo Ostermann"},"description":"Journaliste\/R\u00e9dacteur depuis septembre 2015 - Mes premiers souvenirs dans le sport ? Les envol\u00e9es du Stade Toulousain et les duels Villeneuve-Schumacher et H\u00e4kkinen-Schumacher \u00e0 la fin des ann\u00e9es 90, la Coupe du monde de football en 1998, l\u2019exploit du XV de France face aux All Blacks en 1999, mais aussi Richard C\u0153ur de Lion qui vole sur les montagnes du Tour de France. Bien parti pour devenir professeur d\u2019EPS, les \u00e9v\u00e9nements de la vie (et la flemme d\u2019animer des s\u00e9ances de 3x500 m\u00e8tres toute ma vie) m\u2019ont conduit \u00e0 revoir mes plans. Me voil\u00e0 depuis fin 2017 sur Dicodusport, m\u00e9dia gr\u00e2ce (et pour) lequel je partage ma passion : le sport dans tous ses \u00e9tats. Le tout accompagn\u00e9 par les fous furieux et folles furieuses cit\u00e9s sur cette page !","sameAs":["https:\/\/www.facebook.com\/florent.ostermann","https:\/\/x.com\/https:\/\/twitter.com\/FlOstermann","admin"],"url":"https:\/\/dicodusport.fr\/blog\/author\/flo\/"}]}},"_links":{"self":[{"href":"https:\/\/dicodusport.fr\/blog\/wp-json\/wp\/v2\/posts\/648589","targetHints":{"allow":["GET"]}}],"collection":[{"href":"https:\/\/dicodusport.fr\/blog\/wp-json\/wp\/v2\/posts"}],"about":[{"href":"https:\/\/dicodusport.fr\/blog\/wp-json\/wp\/v2\/types\/post"}],"author":[{"embeddable":true,"href":"https:\/\/dicodusport.fr\/blog\/wp-json\/wp\/v2\/users\/4"}],"replies":[{"embeddable":true,"href":"https:\/\/dicodusport.fr\/blog\/wp-json\/wp\/v2\/comments?post=648589"}],"version-history":[{"count":5,"href":"https:\/\/dicodusport.fr\/blog\/wp-json\/wp\/v2\/posts\/648589\/revisions"}],"predecessor-version":[{"id":649328,"href":"https:\/\/dicodusport.fr\/blog\/wp-json\/wp\/v2\/posts\/648589\/revisions\/649328"}],"wp:featuredmedia":[{"embeddable":true,"href":"https:\/\/dicodusport.fr\/blog\/wp-json\/wp\/v2\/media\/648657"}],"wp:attachment":[{"href":"https:\/\/dicodusport.fr\/blog\/wp-json\/wp\/v2\/media?parent=648589"}],"wp:term":[{"taxonomy":"category","embeddable":true,"href":"https:\/\/dicodusport.fr\/blog\/wp-json\/wp\/v2\/categories?post=648589"},{"taxonomy":"post_tag","embeddable":true,"href":"https:\/\/dicodusport.fr\/blog\/wp-json\/wp\/v2\/tags?post=648589"}],"curies":[{"name":"wp","href":"https:\/\/api.w.org\/{rel}","templated":true}]}}