{"id":648811,"date":"2026-02-18T10:39:15","date_gmt":"2026-02-18T09:39:15","guid":{"rendered":"https:\/\/dicodusport.fr\/blog\/?p=648811&#038;preview=true&#038;preview_id=648811"},"modified":"2026-02-18T12:02:17","modified_gmt":"2026-02-18T11:02:17","slug":"les-paires-tricolores-perry-gal-et-desloges-chappaz-qualifiees-pour-les-finales-du-team-sprint-en-ski-de-fond-aux-jo-2026","status":"publish","type":"post","link":"https:\/\/dicodusport.fr\/blog\/les-paires-tricolores-perry-gal-et-desloges-chappaz-qualifiees-pour-les-finales-du-team-sprint-en-ski-de-fond-aux-jo-2026\/","title":{"rendered":"Les paires tricolores Perry-Gal et Desloges-Chappaz qualifi\u00e9es pour les finales du Team Sprint en ski de fond aux JO 2026"},"content":{"rendered":"<p style=\"text-align: justify;\"><strong><em>SKI DE FOND JO 2026 &#8211; Les deux paires tricolores Mathis Desloges &#8211; Jules Chappaz et L\u00e9onie Perry &#8211; M\u00e9lissa Gal ont s\u00e9curis\u00e9 leur place en finale du Team Sprint.<\/em><\/strong><\/p>\n<ul style=\"text-align: justify;\">\n<li style=\"text-align: justify;\"><strong>\u00c0 ce sujet \u2013\u00a0<a href=\"https:\/\/dicodusport.fr\/blog\/calendrier-jo-dhiver-2026-programme-complet-des-epreuves-jour-par-jour-milan-cortina\/\">Calendrier JO d\u2019hiver 2026 : programme complet des \u00e9preuves, jour par jour (Milan-Cortina)<\/a><\/strong><\/li>\n<\/ul>\n<p style=\"text-align: justify;\">Alors que les 50km mettront un terme au<strong> ski de fond<\/strong> lors du dernier weekend des Jeux Olympiques, le <strong>Team Sprint<\/strong> animait ce mercredi. Disposant de deux paires en lice, l&rsquo;\u00e9quipe de France comptait \u00e0 nouveau sur son triple m\u00e9daill\u00e9 d&rsquo;argent <strong>Mathis Delosges<\/strong> pour tenter de faire la passe de quatre, en \u00e9tant associ\u00e9 \u00e0 <strong>Jules Chappaz<\/strong>. Dans le tableau f\u00e9minin, <strong>L\u00e9onie Perry <\/strong>et <strong>M\u00e9lissa Gal<\/strong> \u00e9taient align\u00e9es pour aller chercher le meilleur classement possible.<\/p>\n<h2 style=\"text-align: justify;\">La Su\u00e8de seule au monde chez les femmes, Perry et Gal qualifi\u00e9es<\/h2>\n<p style=\"text-align: justify;\">Mais avant les courses aux m\u00e9dailles vers midi, il y avait tout de m\u00eame des qualifications \u00e0 franchir. Dans le tableau f\u00e9minin, la Su\u00e8de a imm\u00e9diatement assum\u00e9 son statut de grande favorite. D\u00e8s la premi\u00e8re s\u00e9rie, <strong>Jonna Sundling<\/strong> a frapp\u00e9 un gros coup en terminant quasiment dans les skis d&rsquo;<strong>Astrid Slind<\/strong>, reprenant \u00e0 la Norv\u00e9gienne plus de 12 secondes en 1,5km !<\/p>\n<p style=\"text-align: justify;\">Seule l&rsquo;Am\u00e9ricaine <strong>Jessie Diggins<\/strong> a accus\u00e9 un d\u00e9bours inf\u00e9rieur \u00e0 10 secondes lors de cette premi\u00e8re s\u00e9rie. Mise sur orbite, <strong>Maja Dahlqvist<\/strong> a confirm\u00e9 dans la 2\u00e8me s\u00e9rie pour assurer la 1\u00e8re place su\u00e9doise avec une avance d\u00e9mentielle de 15 secondes sur la Finlande (+14.92).<\/p>\n<p style=\"text-align: justify;\">C\u00f4t\u00e9 fran\u00e7ais, <strong>L\u00e9onie Perry<\/strong> et<strong> M\u00e9lissa Gal<\/strong> ont valid\u00e9 la qualification sans trembler. Toutes deux ont sign\u00e9 un chrono similaire qui leur a permis de s&rsquo;assurer une place dans le Top 10 (10\u00e8mes), en sachant que les 15 premi\u00e8res nations \u00e9taient qualifi\u00e9es. Les Bleues seront donc de la partie en phase finale.<\/p>\n<blockquote class=\"twitter-tweet\">\n<p dir=\"ltr\" lang=\"fr\">Ski de fond \ud83c\udfbf<\/p>\n<p>Nos Fran\u00e7aises Leonie Perry et Melissa Gal sont arriv\u00e9es 10e des qualifications du sprint libre par \u00e9quipes et se qualifient pour la finale.<a href=\"https:\/\/twitter.com\/hashtag\/AllezLesBleus?src=hash&amp;ref_src=twsrc%5Etfw\">#AllezLesBleus<\/a> <a href=\"https:\/\/twitter.com\/hashtag\/MilanoCortina2026?src=hash&amp;ref_src=twsrc%5Etfw\">#MilanoCortina2026<\/a><\/p>\n<p>\u2014 Equipe France (@EquipeFRA) <a href=\"https:\/\/twitter.com\/EquipeFRA\/status\/2024050115543965757?ref_src=twsrc%5Etfw\">February 18, 2026<\/a><\/p><\/blockquote>\n<p style=\"text-align: justify;\"><script async src=\"https:\/\/platform.twitter.com\/widgets.js\" charset=\"utf-8\"><\/script><\/p>\n<h2 style=\"text-align: justify;\">Chappaz et Desloges assurent, une bataille resserr\u00e9e au sommet<\/h2>\n<p style=\"text-align: justify;\">Les gar\u00e7ons ont \u00e9galement compost\u00e9 leur ticket pour la finale. Triple m\u00e9daill\u00e9 d&rsquo;argent, <strong>Mathis Desloges<\/strong> a d\u00e9marr\u00e9 en douceur en signant le 11\u00e8me chrono d&rsquo;un premier relais domin\u00e9 par l&rsquo;Espagnol <strong>Jaume Pueyo<\/strong>. N\u00e9anmoins, les deuxi\u00e8mes relais ont permis de remettre de l&rsquo;ordre dans un classement auparavant resserr\u00e9.<\/p>\n<ul style=\"text-align: justify;\">\n<li><strong>\u00c0 ce sujet \u2013\u00a0<a href=\"https:\/\/dicodusport.fr\/blog\/tableau-des-medailles-jo-2026-classement-mis-a-jour-en-temps-reel\/\">Tableau des m\u00e9dailles JO 2026 : classement mis \u00e0 jour en temps r\u00e9el<\/a><\/strong><\/li>\n<\/ul>\n<p style=\"text-align: justify;\">En v\u00e9ritable patron, <strong>Johannes Kl\u00e6bo<\/strong> a ainsi r\u00e9alis\u00e9 le meilleur temps de la journ\u00e9e, mais ce sont bien les \u00c9tats-Unis du duo Ogden-Schumacher qui ont pris la 1\u00e8re place de ces qualifications, lan\u00e7ant d\u00e9j\u00e0 un duel au sein duquel l&rsquo;Italie peut se positionner en arbitre. Auteur d&rsquo;un bon relais, <strong>Jules Chappaz<\/strong> a permis aux Tricolores de progresser au classement pour aller chercher une prometteuse 6\u00e8me place.<\/p>\n<p style=\"text-align: justify;\">Rendez-vous \u00e0 partir de 11h30 pour le d\u00e9but des finales de ce Team Sprint.<\/p>\n<blockquote class=\"twitter-tweet\">\n<p dir=\"ltr\" lang=\"fr\">Ski de fond \ud83c\udfbf<\/p>\n<p>Mathis Desloges et Jules Chappaz se qualifient \u00e9galement pour la finale de sprint libre par \u00e9quipes.<a href=\"https:\/\/twitter.com\/hashtag\/AllezLesBleus?src=hash&amp;ref_src=twsrc%5Etfw\">#AllezLesBleus<\/a> <a href=\"https:\/\/twitter.com\/hashtag\/MilanoCortina2026?src=hash&amp;ref_src=twsrc%5Etfw\">#MilanoCortina2026<\/a><\/p>\n<p>\u2014 Equipe France (@EquipeFRA) <a href=\"https:\/\/twitter.com\/EquipeFRA\/status\/2024056099419062550?ref_src=twsrc%5Etfw\">February 18, 2026<\/a><\/p><\/blockquote>\n<p style=\"text-align: justify;\"><script async src=\"https:\/\/platform.twitter.com\/widgets.js\" charset=\"utf-8\"><\/script><\/p>\n<div id=\"gtx-trans\" style=\"position: absolute; left: -14px; top: 40.9091px;\">\n<div class=\"gtx-trans-icon\" style=\"text-align: justify;\"><\/div>\n<\/div>\n","protected":false},"excerpt":{"rendered":"<p>SKI DE FOND JO 2026 &#8211; Les deux paires tricolores Mathis Desloges &#8211; Jules Chappaz et L\u00e9onie Perry &#8211; M\u00e9lissa Gal ont s\u00e9curis\u00e9 leur place en finale du Team Sprint.<\/p>\n","protected":false},"author":55,"featured_media":648817,"comment_status":"open","ping_status":"closed","sticky":false,"template":"","format":"standard","meta":{"_acf_changed":false,"_daextam_enable_autolinks":"1","footnotes":""},"categories":[44003,9217],"tags":[32415,16878,46887,46888,47094,2819],"class_list":["post-648811","post","type-post","status-publish","format-standard","has-post-thumbnail","hentry","category-jo-hiver-2026","category-ski","tag-actu","tag-breve","tag-jeux-olympiques-2026","tag-jo-2026","tag-jo-dhiver","tag-ski-de-fond"],"acf":[],"yoast_head":"<!-- This site is optimized with the Yoast SEO Premium plugin v26.7 (Yoast SEO v26.7) - https:\/\/yoast.com\/wordpress\/plugins\/seo\/ -->\n<title>Les paires tricolores Perry-Gal et Desloges-Chappaz qualifi\u00e9es pour les finales du Team Sprint en ski de fond aux JO 2026<\/title>\n<meta name=\"description\" content=\"SKI DE FOND JO 2026 - Les deux paires tricolores Mathis Desloges - Jules Chappaz et L\u00e9onie Perry - M\u00e9lissa Gal ont s\u00e9curis\u00e9 leur place en finale du Team Sprint.\" \/>\n<meta name=\"robots\" content=\"index, follow, max-snippet:-1, max-image-preview:large, max-video-preview:-1\" \/>\n<link rel=\"canonical\" href=\"https:\/\/dicodusport.fr\/blog\/les-paires-tricolores-perry-gal-et-desloges-chappaz-qualifiees-pour-les-finales-du-team-sprint-en-ski-de-fond-aux-jo-2026\/\" \/>\n<meta property=\"og:locale\" content=\"fr_FR\" \/>\n<meta property=\"og:type\" content=\"article\" \/>\n<meta property=\"og:title\" content=\"Les paires tricolores Perry-Gal et Desloges-Chappaz qualifi\u00e9es pour les finales du Team Sprint en ski de fond aux JO 2026\" \/>\n<meta property=\"og:description\" content=\"SKI DE FOND JO 2026 - Les deux paires tricolores Mathis Desloges - Jules Chappaz et L\u00e9onie Perry - M\u00e9lissa Gal ont s\u00e9curis\u00e9 leur place en finale du Team Sprint.\" \/>\n<meta property=\"og:url\" content=\"https:\/\/dicodusport.fr\/blog\/les-paires-tricolores-perry-gal-et-desloges-chappaz-qualifiees-pour-les-finales-du-team-sprint-en-ski-de-fond-aux-jo-2026\/\" \/>\n<meta property=\"og:site_name\" content=\"Dicodusport\" \/>\n<meta property=\"article:publisher\" content=\"https:\/\/www.facebook.com\/dicodusport\" \/>\n<meta property=\"article:published_time\" content=\"2026-02-18T09:39:15+00:00\" \/>\n<meta property=\"article:modified_time\" content=\"2026-02-18T11:02:17+00:00\" \/>\n<meta property=\"og:image\" content=\"https:\/\/dicodusport.fr\/blog\/wp-content\/uploads\/2026\/02\/Les-paires-tricolores-Perry-Gal-et-Desloges-Chappaz-qualifiees-pour-les-finales-du-Team-Sprint-en-ski-de-fond-aux-JO-2026.png\" \/>\n\t<meta property=\"og:image:width\" content=\"1200\" \/>\n\t<meta property=\"og:image:height\" content=\"674\" \/>\n\t<meta property=\"og:image:type\" content=\"image\/png\" \/>\n<meta name=\"author\" content=\"Maxime Cazenave\" \/>\n<meta name=\"twitter:card\" content=\"summary_large_image\" \/>\n<meta name=\"twitter:title\" content=\"Les paires tricolores Perry-Gal et Desloges-Chappaz qualifi\u00e9es pour les finales du Team Sprint en ski de fond aux JO 2026\" \/>\n<meta name=\"twitter:creator\" content=\"@https:\/\/twitter.com\/Maxime_Caze\" \/>\n<meta name=\"twitter:site\" content=\"@dicodusport\" \/>\n<script type=\"application\/ld+json\" class=\"yoast-schema-graph\">{\"@context\":\"https:\/\/schema.org\",\"@graph\":[{\"@type\":\"NewsArticle\",\"@id\":\"https:\/\/dicodusport.fr\/blog\/les-paires-tricolores-perry-gal-et-desloges-chappaz-qualifiees-pour-les-finales-du-team-sprint-en-ski-de-fond-aux-jo-2026\/#article\",\"isPartOf\":{\"@id\":\"https:\/\/dicodusport.fr\/blog\/les-paires-tricolores-perry-gal-et-desloges-chappaz-qualifiees-pour-les-finales-du-team-sprint-en-ski-de-fond-aux-jo-2026\/\"},\"author\":{\"name\":\"Maxime Cazenave\",\"@id\":\"https:\/\/dicodusport.fr\/blog\/#\/schema\/person\/37def232098a7a5cbab3974a3690abb0\"},\"headline\":\"Les paires tricolores Perry-Gal et Desloges-Chappaz qualifi\u00e9es pour les finales du Team Sprint en ski de fond aux JO 2026\",\"datePublished\":\"2026-02-18T09:39:15+00:00\",\"dateModified\":\"2026-02-18T11:02:17+00:00\",\"mainEntityOfPage\":{\"@id\":\"https:\/\/dicodusport.fr\/blog\/les-paires-tricolores-perry-gal-et-desloges-chappaz-qualifiees-pour-les-finales-du-team-sprint-en-ski-de-fond-aux-jo-2026\/\"},\"wordCount\":562,\"commentCount\":0,\"publisher\":{\"@id\":\"https:\/\/dicodusport.fr\/blog\/#organization\"},\"image\":{\"@id\":\"https:\/\/dicodusport.fr\/blog\/les-paires-tricolores-perry-gal-et-desloges-chappaz-qualifiees-pour-les-finales-du-team-sprint-en-ski-de-fond-aux-jo-2026\/#primaryimage\"},\"thumbnailUrl\":\"https:\/\/dicodusport.fr\/blog\/wp-content\/uploads\/2026\/02\/Les-paires-tricolores-Perry-Gal-et-Desloges-Chappaz-qualifiees-pour-les-finales-du-Team-Sprint-en-ski-de-fond-aux-JO-2026.png\",\"keywords\":[\"actu\",\"br\u00e8ve\",\"Jeux Olympiques 2026\",\"JO 2026\",\"JO d'hiver\",\"Ski de fond\"],\"articleSection\":[\"JO d'hiver 2026\",\"Ski\"],\"inLanguage\":\"fr-FR\",\"potentialAction\":[{\"@type\":\"CommentAction\",\"name\":\"Comment\",\"target\":[\"https:\/\/dicodusport.fr\/blog\/les-paires-tricolores-perry-gal-et-desloges-chappaz-qualifiees-pour-les-finales-du-team-sprint-en-ski-de-fond-aux-jo-2026\/#respond\"]}],\"copyrightYear\":\"2026\",\"copyrightHolder\":{\"@id\":\"https:\/\/dicodusport.fr\/blog\/#organization\"}},{\"@type\":\"WebPage\",\"@id\":\"https:\/\/dicodusport.fr\/blog\/les-paires-tricolores-perry-gal-et-desloges-chappaz-qualifiees-pour-les-finales-du-team-sprint-en-ski-de-fond-aux-jo-2026\/\",\"url\":\"https:\/\/dicodusport.fr\/blog\/les-paires-tricolores-perry-gal-et-desloges-chappaz-qualifiees-pour-les-finales-du-team-sprint-en-ski-de-fond-aux-jo-2026\/\",\"name\":\"Les paires tricolores Perry-Gal et Desloges-Chappaz qualifi\u00e9es pour les finales du Team Sprint en ski de fond aux JO 2026\",\"isPartOf\":{\"@id\":\"https:\/\/dicodusport.fr\/blog\/#website\"},\"primaryImageOfPage\":{\"@id\":\"https:\/\/dicodusport.fr\/blog\/les-paires-tricolores-perry-gal-et-desloges-chappaz-qualifiees-pour-les-finales-du-team-sprint-en-ski-de-fond-aux-jo-2026\/#primaryimage\"},\"image\":{\"@id\":\"https:\/\/dicodusport.fr\/blog\/les-paires-tricolores-perry-gal-et-desloges-chappaz-qualifiees-pour-les-finales-du-team-sprint-en-ski-de-fond-aux-jo-2026\/#primaryimage\"},\"thumbnailUrl\":\"https:\/\/dicodusport.fr\/blog\/wp-content\/uploads\/2026\/02\/Les-paires-tricolores-Perry-Gal-et-Desloges-Chappaz-qualifiees-pour-les-finales-du-Team-Sprint-en-ski-de-fond-aux-JO-2026.png\",\"datePublished\":\"2026-02-18T09:39:15+00:00\",\"dateModified\":\"2026-02-18T11:02:17+00:00\",\"description\":\"SKI DE FOND JO 2026 - Les deux paires tricolores Mathis Desloges - Jules Chappaz et L\u00e9onie Perry - M\u00e9lissa Gal ont s\u00e9curis\u00e9 leur place en finale du Team Sprint.\",\"breadcrumb\":{\"@id\":\"https:\/\/dicodusport.fr\/blog\/les-paires-tricolores-perry-gal-et-desloges-chappaz-qualifiees-pour-les-finales-du-team-sprint-en-ski-de-fond-aux-jo-2026\/#breadcrumb\"},\"inLanguage\":\"fr-FR\",\"potentialAction\":[{\"@type\":\"ReadAction\",\"target\":[\"https:\/\/dicodusport.fr\/blog\/les-paires-tricolores-perry-gal-et-desloges-chappaz-qualifiees-pour-les-finales-du-team-sprint-en-ski-de-fond-aux-jo-2026\/\"]}]},{\"@type\":\"ImageObject\",\"inLanguage\":\"fr-FR\",\"@id\":\"https:\/\/dicodusport.fr\/blog\/les-paires-tricolores-perry-gal-et-desloges-chappaz-qualifiees-pour-les-finales-du-team-sprint-en-ski-de-fond-aux-jo-2026\/#primaryimage\",\"url\":\"https:\/\/dicodusport.fr\/blog\/wp-content\/uploads\/2026\/02\/Les-paires-tricolores-Perry-Gal-et-Desloges-Chappaz-qualifiees-pour-les-finales-du-Team-Sprint-en-ski-de-fond-aux-JO-2026.png\",\"contentUrl\":\"https:\/\/dicodusport.fr\/blog\/wp-content\/uploads\/2026\/02\/Les-paires-tricolores-Perry-Gal-et-Desloges-Chappaz-qualifiees-pour-les-finales-du-Team-Sprint-en-ski-de-fond-aux-JO-2026.png\",\"width\":1200,\"height\":674,\"caption\":\"Les paires tricolores Perry-Gal et Desloges-Chappaz qualifi\u00e9es pour les finales du Team Sprint en ski de fond aux JO 2026\"},{\"@type\":\"BreadcrumbList\",\"@id\":\"https:\/\/dicodusport.fr\/blog\/les-paires-tricolores-perry-gal-et-desloges-chappaz-qualifiees-pour-les-finales-du-team-sprint-en-ski-de-fond-aux-jo-2026\/#breadcrumb\",\"itemListElement\":[{\"@type\":\"ListItem\",\"position\":1,\"name\":\"Accueil\",\"item\":\"https:\/\/dicodusport.fr\/blog\/\"},{\"@type\":\"ListItem\",\"position\":2,\"name\":\"Les paires tricolores Perry-Gal et Desloges-Chappaz qualifi\u00e9es pour les finales du Team Sprint en ski de fond aux JO 2026\"}]},{\"@type\":\"WebSite\",\"@id\":\"https:\/\/dicodusport.fr\/blog\/#website\",\"url\":\"https:\/\/dicodusport.fr\/blog\/\",\"name\":\"Dicodusport\",\"description\":\"L&#039;encyclop\u00e9die de l&#039;actualit\u00e9 sportive\",\"publisher\":{\"@id\":\"https:\/\/dicodusport.fr\/blog\/#organization\"},\"potentialAction\":[{\"@type\":\"SearchAction\",\"target\":{\"@type\":\"EntryPoint\",\"urlTemplate\":\"https:\/\/dicodusport.fr\/blog\/?s={search_term_string}\"},\"query-input\":{\"@type\":\"PropertyValueSpecification\",\"valueRequired\":true,\"valueName\":\"search_term_string\"}}],\"inLanguage\":\"fr-FR\"},{\"@type\":\"NewsMediaOrganization\",\"@id\":\"https:\/\/dicodusport.fr\/blog\/#organization\",\"name\":\"Dicodusport\",\"url\":\"https:\/\/dicodusport.fr\/blog\/\",\"logo\":{\"@type\":\"ImageObject\",\"inLanguage\":\"fr-FR\",\"@id\":\"https:\/\/dicodusport.fr\/blog\/#\/schema\/logo\/image\/\",\"url\":\"https:\/\/dicodusport.fr\/blog\/wp-content\/uploads\/2020\/06\/cropped-LOGO-DICODUSPORT-2020-SANS-FOND-SANS-TEXTE.png\",\"contentUrl\":\"https:\/\/dicodusport.fr\/blog\/wp-content\/uploads\/2020\/06\/cropped-LOGO-DICODUSPORT-2020-SANS-FOND-SANS-TEXTE.png\",\"width\":512,\"height\":512,\"caption\":\"Dicodusport\"},\"image\":{\"@id\":\"https:\/\/dicodusport.fr\/blog\/#\/schema\/logo\/image\/\"},\"sameAs\":[\"https:\/\/www.facebook.com\/dicodusport\",\"https:\/\/x.com\/dicodusport\",\"https:\/\/www.instagram.com\/dicodusport\/\",\"https:\/\/www.youtube.com\/channel\/UC7V2KZ5sd3htJivAbA4ZG3w\"],\"description\":\"Dicodusport est l'encyclop\u00e9die de l'actualit\u00e9 sportive.\",\"email\":\"bonjour@dicodusport.fr\",\"legalName\":\"DICODUSPORT\",\"foundingDate\":\"2018-01-14\",\"vatID\":\"FR71834470973\",\"taxID\":\"83447097300043\",\"numberOfEmployees\":{\"@type\":\"QuantitativeValue\",\"minValue\":\"1\",\"maxValue\":\"10\"}},{\"@type\":\"Person\",\"@id\":\"https:\/\/dicodusport.fr\/blog\/#\/schema\/person\/37def232098a7a5cbab3974a3690abb0\",\"name\":\"Maxime Cazenave\",\"image\":{\"@type\":\"ImageObject\",\"inLanguage\":\"fr-FR\",\"@id\":\"https:\/\/dicodusport.fr\/blog\/#\/schema\/person\/image\/\",\"url\":\"https:\/\/dicodusport.fr\/blog\/wp-content\/uploads\/2021\/05\/Maxime-Cazenave-150x150.jpg\",\"contentUrl\":\"https:\/\/dicodusport.fr\/blog\/wp-content\/uploads\/2021\/05\/Maxime-Cazenave-150x150.jpg\",\"caption\":\"Maxime Cazenave\"},\"description\":\"Journaliste\/R\u00e9dacteur depuis 2012 - Berc\u00e9 par l\u2019amour des Girondins de Bordeaux, les \u00e9checs de Christophe Moreau sur le Tour de France sous l'\u00e8re Lance Armstrong et le fade-away l\u00e9tal de Dirk Nowitzki, ma passion d\u00e9vorante pour le sport a toujours \u00e9t\u00e9 un pan incontournable de ma vie. Transmettre ma passion \u00e0 l\u2019\u00e9crit a \u00e9t\u00e9 une transition naturelle. Suiveur assidu de basket et de hockey sur glace, je garde toujours un peu de place pour suivre le cyclisme, le football et le maximum de performances fran\u00e7aises.\",\"sameAs\":[\"https:\/\/x.com\/https:\/\/twitter.com\/Maxime_Caze\"],\"url\":\"https:\/\/dicodusport.fr\/blog\/author\/maximec\/\"}]}<\/script>\n<!-- \/ Yoast SEO Premium plugin. -->","yoast_head_json":{"title":"Les paires tricolores Perry-Gal et Desloges-Chappaz qualifi\u00e9es pour les finales du Team Sprint en ski de fond aux JO 2026","description":"SKI DE FOND JO 2026 - Les deux paires tricolores Mathis Desloges - Jules Chappaz et L\u00e9onie Perry - M\u00e9lissa Gal ont s\u00e9curis\u00e9 leur place en finale du Team Sprint.","robots":{"index":"index","follow":"follow","max-snippet":"max-snippet:-1","max-image-preview":"max-image-preview:large","max-video-preview":"max-video-preview:-1"},"canonical":"https:\/\/dicodusport.fr\/blog\/les-paires-tricolores-perry-gal-et-desloges-chappaz-qualifiees-pour-les-finales-du-team-sprint-en-ski-de-fond-aux-jo-2026\/","og_locale":"fr_FR","og_type":"article","og_title":"Les paires tricolores Perry-Gal et Desloges-Chappaz qualifi\u00e9es pour les finales du Team Sprint en ski de fond aux JO 2026","og_description":"SKI DE FOND JO 2026 - Les deux paires tricolores Mathis Desloges - Jules Chappaz et L\u00e9onie Perry - M\u00e9lissa Gal ont s\u00e9curis\u00e9 leur place en finale du Team Sprint.","og_url":"https:\/\/dicodusport.fr\/blog\/les-paires-tricolores-perry-gal-et-desloges-chappaz-qualifiees-pour-les-finales-du-team-sprint-en-ski-de-fond-aux-jo-2026\/","og_site_name":"Dicodusport","article_publisher":"https:\/\/www.facebook.com\/dicodusport","article_published_time":"2026-02-18T09:39:15+00:00","article_modified_time":"2026-02-18T11:02:17+00:00","og_image":[{"width":1200,"height":674,"url":"https:\/\/dicodusport.fr\/blog\/wp-content\/uploads\/2026\/02\/Les-paires-tricolores-Perry-Gal-et-Desloges-Chappaz-qualifiees-pour-les-finales-du-Team-Sprint-en-ski-de-fond-aux-JO-2026.png","type":"image\/png"}],"author":"Maxime Cazenave","twitter_card":"summary_large_image","twitter_title":"Les paires tricolores Perry-Gal et Desloges-Chappaz qualifi\u00e9es pour les finales du Team Sprint en ski de fond aux JO 2026","twitter_creator":"@https:\/\/twitter.com\/Maxime_Caze","twitter_site":"@dicodusport","schema":{"@context":"https:\/\/schema.org","@graph":[{"@type":"NewsArticle","@id":"https:\/\/dicodusport.fr\/blog\/les-paires-tricolores-perry-gal-et-desloges-chappaz-qualifiees-pour-les-finales-du-team-sprint-en-ski-de-fond-aux-jo-2026\/#article","isPartOf":{"@id":"https:\/\/dicodusport.fr\/blog\/les-paires-tricolores-perry-gal-et-desloges-chappaz-qualifiees-pour-les-finales-du-team-sprint-en-ski-de-fond-aux-jo-2026\/"},"author":{"name":"Maxime Cazenave","@id":"https:\/\/dicodusport.fr\/blog\/#\/schema\/person\/37def232098a7a5cbab3974a3690abb0"},"headline":"Les paires tricolores Perry-Gal et Desloges-Chappaz qualifi\u00e9es pour les finales du Team Sprint en ski de fond aux JO 2026","datePublished":"2026-02-18T09:39:15+00:00","dateModified":"2026-02-18T11:02:17+00:00","mainEntityOfPage":{"@id":"https:\/\/dicodusport.fr\/blog\/les-paires-tricolores-perry-gal-et-desloges-chappaz-qualifiees-pour-les-finales-du-team-sprint-en-ski-de-fond-aux-jo-2026\/"},"wordCount":562,"commentCount":0,"publisher":{"@id":"https:\/\/dicodusport.fr\/blog\/#organization"},"image":{"@id":"https:\/\/dicodusport.fr\/blog\/les-paires-tricolores-perry-gal-et-desloges-chappaz-qualifiees-pour-les-finales-du-team-sprint-en-ski-de-fond-aux-jo-2026\/#primaryimage"},"thumbnailUrl":"https:\/\/dicodusport.fr\/blog\/wp-content\/uploads\/2026\/02\/Les-paires-tricolores-Perry-Gal-et-Desloges-Chappaz-qualifiees-pour-les-finales-du-Team-Sprint-en-ski-de-fond-aux-JO-2026.png","keywords":["actu","br\u00e8ve","Jeux Olympiques 2026","JO 2026","JO d'hiver","Ski de fond"],"articleSection":["JO d'hiver 2026","Ski"],"inLanguage":"fr-FR","potentialAction":[{"@type":"CommentAction","name":"Comment","target":["https:\/\/dicodusport.fr\/blog\/les-paires-tricolores-perry-gal-et-desloges-chappaz-qualifiees-pour-les-finales-du-team-sprint-en-ski-de-fond-aux-jo-2026\/#respond"]}],"copyrightYear":"2026","copyrightHolder":{"@id":"https:\/\/dicodusport.fr\/blog\/#organization"}},{"@type":"WebPage","@id":"https:\/\/dicodusport.fr\/blog\/les-paires-tricolores-perry-gal-et-desloges-chappaz-qualifiees-pour-les-finales-du-team-sprint-en-ski-de-fond-aux-jo-2026\/","url":"https:\/\/dicodusport.fr\/blog\/les-paires-tricolores-perry-gal-et-desloges-chappaz-qualifiees-pour-les-finales-du-team-sprint-en-ski-de-fond-aux-jo-2026\/","name":"Les paires tricolores Perry-Gal et Desloges-Chappaz qualifi\u00e9es pour les finales du Team Sprint en ski de fond aux JO 2026","isPartOf":{"@id":"https:\/\/dicodusport.fr\/blog\/#website"},"primaryImageOfPage":{"@id":"https:\/\/dicodusport.fr\/blog\/les-paires-tricolores-perry-gal-et-desloges-chappaz-qualifiees-pour-les-finales-du-team-sprint-en-ski-de-fond-aux-jo-2026\/#primaryimage"},"image":{"@id":"https:\/\/dicodusport.fr\/blog\/les-paires-tricolores-perry-gal-et-desloges-chappaz-qualifiees-pour-les-finales-du-team-sprint-en-ski-de-fond-aux-jo-2026\/#primaryimage"},"thumbnailUrl":"https:\/\/dicodusport.fr\/blog\/wp-content\/uploads\/2026\/02\/Les-paires-tricolores-Perry-Gal-et-Desloges-Chappaz-qualifiees-pour-les-finales-du-Team-Sprint-en-ski-de-fond-aux-JO-2026.png","datePublished":"2026-02-18T09:39:15+00:00","dateModified":"2026-02-18T11:02:17+00:00","description":"SKI DE FOND JO 2026 - Les deux paires tricolores Mathis Desloges - Jules Chappaz et L\u00e9onie Perry - M\u00e9lissa Gal ont s\u00e9curis\u00e9 leur place en finale du Team Sprint.","breadcrumb":{"@id":"https:\/\/dicodusport.fr\/blog\/les-paires-tricolores-perry-gal-et-desloges-chappaz-qualifiees-pour-les-finales-du-team-sprint-en-ski-de-fond-aux-jo-2026\/#breadcrumb"},"inLanguage":"fr-FR","potentialAction":[{"@type":"ReadAction","target":["https:\/\/dicodusport.fr\/blog\/les-paires-tricolores-perry-gal-et-desloges-chappaz-qualifiees-pour-les-finales-du-team-sprint-en-ski-de-fond-aux-jo-2026\/"]}]},{"@type":"ImageObject","inLanguage":"fr-FR","@id":"https:\/\/dicodusport.fr\/blog\/les-paires-tricolores-perry-gal-et-desloges-chappaz-qualifiees-pour-les-finales-du-team-sprint-en-ski-de-fond-aux-jo-2026\/#primaryimage","url":"https:\/\/dicodusport.fr\/blog\/wp-content\/uploads\/2026\/02\/Les-paires-tricolores-Perry-Gal-et-Desloges-Chappaz-qualifiees-pour-les-finales-du-Team-Sprint-en-ski-de-fond-aux-JO-2026.png","contentUrl":"https:\/\/dicodusport.fr\/blog\/wp-content\/uploads\/2026\/02\/Les-paires-tricolores-Perry-Gal-et-Desloges-Chappaz-qualifiees-pour-les-finales-du-Team-Sprint-en-ski-de-fond-aux-JO-2026.png","width":1200,"height":674,"caption":"Les paires tricolores Perry-Gal et Desloges-Chappaz qualifi\u00e9es pour les finales du Team Sprint en ski de fond aux JO 2026"},{"@type":"BreadcrumbList","@id":"https:\/\/dicodusport.fr\/blog\/les-paires-tricolores-perry-gal-et-desloges-chappaz-qualifiees-pour-les-finales-du-team-sprint-en-ski-de-fond-aux-jo-2026\/#breadcrumb","itemListElement":[{"@type":"ListItem","position":1,"name":"Accueil","item":"https:\/\/dicodusport.fr\/blog\/"},{"@type":"ListItem","position":2,"name":"Les paires tricolores Perry-Gal et Desloges-Chappaz qualifi\u00e9es pour les finales du Team Sprint en ski de fond aux JO 2026"}]},{"@type":"WebSite","@id":"https:\/\/dicodusport.fr\/blog\/#website","url":"https:\/\/dicodusport.fr\/blog\/","name":"Dicodusport","description":"L&#039;encyclop\u00e9die de l&#039;actualit\u00e9 sportive","publisher":{"@id":"https:\/\/dicodusport.fr\/blog\/#organization"},"potentialAction":[{"@type":"SearchAction","target":{"@type":"EntryPoint","urlTemplate":"https:\/\/dicodusport.fr\/blog\/?s={search_term_string}"},"query-input":{"@type":"PropertyValueSpecification","valueRequired":true,"valueName":"search_term_string"}}],"inLanguage":"fr-FR"},{"@type":"NewsMediaOrganization","@id":"https:\/\/dicodusport.fr\/blog\/#organization","name":"Dicodusport","url":"https:\/\/dicodusport.fr\/blog\/","logo":{"@type":"ImageObject","inLanguage":"fr-FR","@id":"https:\/\/dicodusport.fr\/blog\/#\/schema\/logo\/image\/","url":"https:\/\/dicodusport.fr\/blog\/wp-content\/uploads\/2020\/06\/cropped-LOGO-DICODUSPORT-2020-SANS-FOND-SANS-TEXTE.png","contentUrl":"https:\/\/dicodusport.fr\/blog\/wp-content\/uploads\/2020\/06\/cropped-LOGO-DICODUSPORT-2020-SANS-FOND-SANS-TEXTE.png","width":512,"height":512,"caption":"Dicodusport"},"image":{"@id":"https:\/\/dicodusport.fr\/blog\/#\/schema\/logo\/image\/"},"sameAs":["https:\/\/www.facebook.com\/dicodusport","https:\/\/x.com\/dicodusport","https:\/\/www.instagram.com\/dicodusport\/","https:\/\/www.youtube.com\/channel\/UC7V2KZ5sd3htJivAbA4ZG3w"],"description":"Dicodusport est l'encyclop\u00e9die de l'actualit\u00e9 sportive.","email":"bonjour@dicodusport.fr","legalName":"DICODUSPORT","foundingDate":"2018-01-14","vatID":"FR71834470973","taxID":"83447097300043","numberOfEmployees":{"@type":"QuantitativeValue","minValue":"1","maxValue":"10"}},{"@type":"Person","@id":"https:\/\/dicodusport.fr\/blog\/#\/schema\/person\/37def232098a7a5cbab3974a3690abb0","name":"Maxime Cazenave","image":{"@type":"ImageObject","inLanguage":"fr-FR","@id":"https:\/\/dicodusport.fr\/blog\/#\/schema\/person\/image\/","url":"https:\/\/dicodusport.fr\/blog\/wp-content\/uploads\/2021\/05\/Maxime-Cazenave-150x150.jpg","contentUrl":"https:\/\/dicodusport.fr\/blog\/wp-content\/uploads\/2021\/05\/Maxime-Cazenave-150x150.jpg","caption":"Maxime Cazenave"},"description":"Journaliste\/R\u00e9dacteur depuis 2012 - Berc\u00e9 par l\u2019amour des Girondins de Bordeaux, les \u00e9checs de Christophe Moreau sur le Tour de France sous l'\u00e8re Lance Armstrong et le fade-away l\u00e9tal de Dirk Nowitzki, ma passion d\u00e9vorante pour le sport a toujours \u00e9t\u00e9 un pan incontournable de ma vie. Transmettre ma passion \u00e0 l\u2019\u00e9crit a \u00e9t\u00e9 une transition naturelle. Suiveur assidu de basket et de hockey sur glace, je garde toujours un peu de place pour suivre le cyclisme, le football et le maximum de performances fran\u00e7aises.","sameAs":["https:\/\/x.com\/https:\/\/twitter.com\/Maxime_Caze"],"url":"https:\/\/dicodusport.fr\/blog\/author\/maximec\/"}]}},"_links":{"self":[{"href":"https:\/\/dicodusport.fr\/blog\/wp-json\/wp\/v2\/posts\/648811","targetHints":{"allow":["GET"]}}],"collection":[{"href":"https:\/\/dicodusport.fr\/blog\/wp-json\/wp\/v2\/posts"}],"about":[{"href":"https:\/\/dicodusport.fr\/blog\/wp-json\/wp\/v2\/types\/post"}],"author":[{"embeddable":true,"href":"https:\/\/dicodusport.fr\/blog\/wp-json\/wp\/v2\/users\/55"}],"replies":[{"embeddable":true,"href":"https:\/\/dicodusport.fr\/blog\/wp-json\/wp\/v2\/comments?post=648811"}],"version-history":[{"count":5,"href":"https:\/\/dicodusport.fr\/blog\/wp-json\/wp\/v2\/posts\/648811\/revisions"}],"predecessor-version":[{"id":648843,"href":"https:\/\/dicodusport.fr\/blog\/wp-json\/wp\/v2\/posts\/648811\/revisions\/648843"}],"wp:featuredmedia":[{"embeddable":true,"href":"https:\/\/dicodusport.fr\/blog\/wp-json\/wp\/v2\/media\/648817"}],"wp:attachment":[{"href":"https:\/\/dicodusport.fr\/blog\/wp-json\/wp\/v2\/media?parent=648811"}],"wp:term":[{"taxonomy":"category","embeddable":true,"href":"https:\/\/dicodusport.fr\/blog\/wp-json\/wp\/v2\/categories?post=648811"},{"taxonomy":"post_tag","embeddable":true,"href":"https:\/\/dicodusport.fr\/blog\/wp-json\/wp\/v2\/tags?post=648811"}],"curies":[{"name":"wp","href":"https:\/\/api.w.org\/{rel}","templated":true}]}}