{"id":64896,"date":"2020-04-12T12:00:32","date_gmt":"2020-04-12T10:00:32","guid":{"rendered":"http:\/\/dicodusport.fr\/blog\/?p=64896"},"modified":"2020-04-12T11:45:10","modified_gmt":"2020-04-12T09:45:10","slug":"avez-vous-bien-suivi-la-saison-de-challenge-cup-jusqua-sa-suspension","status":"publish","type":"post","link":"https:\/\/dicodusport.fr\/blog\/avez-vous-bien-suivi-la-saison-de-challenge-cup-jusqua-sa-suspension\/","title":{"rendered":"Avez-vous bien suivi la saison de Challenge Cup jusqu&rsquo;\u00e0 sa suspension ?"},"content":{"rendered":"<p style=\"text-align: justify;\"><em><strong><a href=\"https:\/\/dicodusport.fr\/blog\/?s=challenge+cup\">Challenge Cup<\/a> \u2013 Depuis son d\u00e9but en novembre jusqu\u2019\u00e0 sa suspension le 24 mars dernier, nous avons pu assister \u00e0 une \u00e9dition 2019-2020 de la Challenge Cup brutalement coup\u00e9e avant les phases \u00e9liminatoires. Les phases de groupes ont elle pu \u00eatres jou\u00e9es dans leur totalit\u00e9. De quoi d\u00e9gager des tendances solides en terme de statistiques individuelles ou collectives. Des chiffres sur lesquels vous allez avoir l\u2019occasion de vous tester dans un rapide quiz, en plus des joueurs, matchs, \u00e9v\u00e9nements et autres moments qui ont marqu\u00e9 cette saison !<\/strong><\/em><\/p>\n[WpProQuiz 484]\n<p><em><strong>Tom Compayrot<\/strong><br \/>\n<\/em><a href=\"https:\/\/twitter.com\/tom_Cprt?lang=fr\" target=\"_blank\" rel=\"noopener noreferrer\"><img loading=\"lazy\" decoding=\"async\" class=\"alignnone wp-image-2908\" src=\"http:\/\/dicodusport.fr\/blog\/wp-content\/uploads\/2017\/07\/logo-twitter-150x150.png\" alt=\"\" width=\"39\" height=\"39\" \/><\/a><\/p>\n","protected":false},"excerpt":{"rendered":"<p>Challenge Cup \u2013 Depuis son d\u00e9but en novembre jusqu\u2019\u00e0 sa suspension le 24 mars dernier, nous avons pu assister \u00e0 une \u00e9dition 2019-2020 de la Challenge Cup brutalement coup\u00e9e avant les phases \u00e9liminatoires. Les phases de groupes ont elle pu \u00eatres jou\u00e9es dans leur totalit\u00e9. De quoi d\u00e9gager des tendances solides en terme de statistiques individuelles ou collectives. Des chiffres sur lesquels vous allez avoir l\u2019occasion de vous tester dans un rapide quiz, en plus des joueurs, matchs, \u00e9v\u00e9nements et autres moments qui ont marqu\u00e9 cette saison !<\/p>\n","protected":false},"author":13,"featured_media":64897,"comment_status":"open","ping_status":"closed","sticky":false,"template":"","format":"standard","meta":{"_acf_changed":false,"_daextam_enable_autolinks":"","footnotes":""},"categories":[3692,9129],"tags":[],"class_list":["post-64896","post","type-post","status-publish","format-standard","has-post-thumbnail","hentry","category-quiz","category-rugby-a-xv"],"acf":[],"yoast_head":"<!-- This site is optimized with the Yoast SEO Premium plugin v26.7 (Yoast SEO v26.7) - https:\/\/yoast.com\/wordpress\/plugins\/seo\/ -->\n<title>Avez-vous bien suivi la saison de Challenge Cup jusqu&#039;\u00e0 sa suspension ?<\/title>\n<meta name=\"description\" content=\"La saison de Challenge Cup est suspensue. L&#039;occasion de voir si vous avez bien suivi la saison jusque l\u00e0 : chiffres, classements, moments-cl\u00e9s, performances\" \/>\n<meta name=\"robots\" content=\"index, follow, max-snippet:-1, max-image-preview:large, max-video-preview:-1\" \/>\n<link rel=\"canonical\" href=\"https:\/\/dicodusport.fr\/blog\/avez-vous-bien-suivi-la-saison-de-challenge-cup-jusqua-sa-suspension\/\" \/>\n<meta property=\"og:locale\" content=\"fr_FR\" \/>\n<meta property=\"og:type\" content=\"article\" \/>\n<meta property=\"og:title\" content=\"Avez-vous bien suivi la saison de Challenge Cup jusqu&#039;\u00e0 sa suspension ?\" \/>\n<meta property=\"og:description\" content=\"La saison de Challenge Cup est suspensue. L&#039;occasion de voir si vous avez bien suivi la saison jusque l\u00e0 : chiffres, classements, moments-cl\u00e9s, performances\" \/>\n<meta property=\"og:url\" content=\"https:\/\/dicodusport.fr\/blog\/avez-vous-bien-suivi-la-saison-de-challenge-cup-jusqua-sa-suspension\/\" \/>\n<meta property=\"og:site_name\" content=\"Dicodusport\" \/>\n<meta property=\"article:publisher\" content=\"https:\/\/www.facebook.com\/dicodusport\" \/>\n<meta property=\"article:published_time\" content=\"2020-04-12T10:00:32+00:00\" \/>\n<meta property=\"og:image\" content=\"https:\/\/dicodusport.fr\/blog\/wp-content\/uploads\/2020\/04\/Quiz-sur-la-saison-de-Challenge-cup-2019-2020.png\" \/>\n\t<meta property=\"og:image:width\" content=\"1904\" \/>\n\t<meta property=\"og:image:height\" content=\"1059\" \/>\n\t<meta property=\"og:image:type\" content=\"image\/png\" \/>\n<meta name=\"author\" content=\"Tom Compayrot\" \/>\n<meta name=\"twitter:card\" content=\"summary_large_image\" \/>\n<meta name=\"twitter:title\" content=\"Avez-vous bien suivi la saison de Challenge Cup jusqu&#039;\u00e0 sa suspension ?\" \/>\n<meta name=\"twitter:creator\" content=\"@https:\/\/twitter.com\/Tom_Cprt\" \/>\n<meta name=\"twitter:site\" content=\"@dicodusport\" \/>\n<script type=\"application\/ld+json\" class=\"yoast-schema-graph\">{\"@context\":\"https:\/\/schema.org\",\"@graph\":[{\"@type\":\"NewsArticle\",\"@id\":\"https:\/\/dicodusport.fr\/blog\/avez-vous-bien-suivi-la-saison-de-challenge-cup-jusqua-sa-suspension\/#article\",\"isPartOf\":{\"@id\":\"https:\/\/dicodusport.fr\/blog\/avez-vous-bien-suivi-la-saison-de-challenge-cup-jusqua-sa-suspension\/\"},\"author\":{\"name\":\"Tom Compayrot\",\"@id\":\"https:\/\/dicodusport.fr\/blog\/#\/schema\/person\/bf1e4f404e108bd2be5b447b16bde9a7\"},\"headline\":\"Avez-vous bien suivi la saison de Challenge Cup jusqu&rsquo;\u00e0 sa suspension ?\",\"datePublished\":\"2020-04-12T10:00:32+00:00\",\"mainEntityOfPage\":{\"@id\":\"https:\/\/dicodusport.fr\/blog\/avez-vous-bien-suivi-la-saison-de-challenge-cup-jusqua-sa-suspension\/\"},\"wordCount\":104,\"commentCount\":0,\"publisher\":{\"@id\":\"https:\/\/dicodusport.fr\/blog\/#organization\"},\"image\":{\"@id\":\"https:\/\/dicodusport.fr\/blog\/avez-vous-bien-suivi-la-saison-de-challenge-cup-jusqua-sa-suspension\/#primaryimage\"},\"thumbnailUrl\":\"https:\/\/dicodusport.fr\/blog\/wp-content\/uploads\/2020\/04\/Quiz-sur-la-saison-de-Challenge-cup-2019-2020.png\",\"articleSection\":[\"Quiz\",\"Rugby \u00e0 XV\"],\"inLanguage\":\"fr-FR\",\"potentialAction\":[{\"@type\":\"CommentAction\",\"name\":\"Comment\",\"target\":[\"https:\/\/dicodusport.fr\/blog\/avez-vous-bien-suivi-la-saison-de-challenge-cup-jusqua-sa-suspension\/#respond\"]}],\"copyrightYear\":\"2020\",\"copyrightHolder\":{\"@id\":\"https:\/\/dicodusport.fr\/blog\/#organization\"}},{\"@type\":\"WebPage\",\"@id\":\"https:\/\/dicodusport.fr\/blog\/avez-vous-bien-suivi-la-saison-de-challenge-cup-jusqua-sa-suspension\/\",\"url\":\"https:\/\/dicodusport.fr\/blog\/avez-vous-bien-suivi-la-saison-de-challenge-cup-jusqua-sa-suspension\/\",\"name\":\"Avez-vous bien suivi la saison de Challenge Cup jusqu'\u00e0 sa suspension ?\",\"isPartOf\":{\"@id\":\"https:\/\/dicodusport.fr\/blog\/#website\"},\"primaryImageOfPage\":{\"@id\":\"https:\/\/dicodusport.fr\/blog\/avez-vous-bien-suivi-la-saison-de-challenge-cup-jusqua-sa-suspension\/#primaryimage\"},\"image\":{\"@id\":\"https:\/\/dicodusport.fr\/blog\/avez-vous-bien-suivi-la-saison-de-challenge-cup-jusqua-sa-suspension\/#primaryimage\"},\"thumbnailUrl\":\"https:\/\/dicodusport.fr\/blog\/wp-content\/uploads\/2020\/04\/Quiz-sur-la-saison-de-Challenge-cup-2019-2020.png\",\"datePublished\":\"2020-04-12T10:00:32+00:00\",\"description\":\"La saison de Challenge Cup est suspensue. L'occasion de voir si vous avez bien suivi la saison jusque l\u00e0 : chiffres, classements, moments-cl\u00e9s, performances\",\"breadcrumb\":{\"@id\":\"https:\/\/dicodusport.fr\/blog\/avez-vous-bien-suivi-la-saison-de-challenge-cup-jusqua-sa-suspension\/#breadcrumb\"},\"inLanguage\":\"fr-FR\",\"potentialAction\":[{\"@type\":\"ReadAction\",\"target\":[\"https:\/\/dicodusport.fr\/blog\/avez-vous-bien-suivi-la-saison-de-challenge-cup-jusqua-sa-suspension\/\"]}]},{\"@type\":\"ImageObject\",\"inLanguage\":\"fr-FR\",\"@id\":\"https:\/\/dicodusport.fr\/blog\/avez-vous-bien-suivi-la-saison-de-challenge-cup-jusqua-sa-suspension\/#primaryimage\",\"url\":\"https:\/\/dicodusport.fr\/blog\/wp-content\/uploads\/2020\/04\/Quiz-sur-la-saison-de-Challenge-cup-2019-2020.png\",\"contentUrl\":\"https:\/\/dicodusport.fr\/blog\/wp-content\/uploads\/2020\/04\/Quiz-sur-la-saison-de-Challenge-cup-2019-2020.png\",\"width\":1904,\"height\":1059},{\"@type\":\"BreadcrumbList\",\"@id\":\"https:\/\/dicodusport.fr\/blog\/avez-vous-bien-suivi-la-saison-de-challenge-cup-jusqua-sa-suspension\/#breadcrumb\",\"itemListElement\":[{\"@type\":\"ListItem\",\"position\":1,\"name\":\"Accueil\",\"item\":\"https:\/\/dicodusport.fr\/blog\/\"},{\"@type\":\"ListItem\",\"position\":2,\"name\":\"Avez-vous bien suivi la saison de Challenge Cup jusqu&rsquo;\u00e0 sa suspension ?\"}]},{\"@type\":\"WebSite\",\"@id\":\"https:\/\/dicodusport.fr\/blog\/#website\",\"url\":\"https:\/\/dicodusport.fr\/blog\/\",\"name\":\"Dicodusport\",\"description\":\"L&#039;encyclop\u00e9die de l&#039;actualit\u00e9 sportive\",\"publisher\":{\"@id\":\"https:\/\/dicodusport.fr\/blog\/#organization\"},\"potentialAction\":[{\"@type\":\"SearchAction\",\"target\":{\"@type\":\"EntryPoint\",\"urlTemplate\":\"https:\/\/dicodusport.fr\/blog\/?s={search_term_string}\"},\"query-input\":{\"@type\":\"PropertyValueSpecification\",\"valueRequired\":true,\"valueName\":\"search_term_string\"}}],\"inLanguage\":\"fr-FR\"},{\"@type\":\"NewsMediaOrganization\",\"@id\":\"https:\/\/dicodusport.fr\/blog\/#organization\",\"name\":\"Dicodusport\",\"url\":\"https:\/\/dicodusport.fr\/blog\/\",\"logo\":{\"@type\":\"ImageObject\",\"inLanguage\":\"fr-FR\",\"@id\":\"https:\/\/dicodusport.fr\/blog\/#\/schema\/logo\/image\/\",\"url\":\"https:\/\/dicodusport.fr\/blog\/wp-content\/uploads\/2020\/06\/cropped-LOGO-DICODUSPORT-2020-SANS-FOND-SANS-TEXTE.png\",\"contentUrl\":\"https:\/\/dicodusport.fr\/blog\/wp-content\/uploads\/2020\/06\/cropped-LOGO-DICODUSPORT-2020-SANS-FOND-SANS-TEXTE.png\",\"width\":512,\"height\":512,\"caption\":\"Dicodusport\"},\"image\":{\"@id\":\"https:\/\/dicodusport.fr\/blog\/#\/schema\/logo\/image\/\"},\"sameAs\":[\"https:\/\/www.facebook.com\/dicodusport\",\"https:\/\/x.com\/dicodusport\",\"https:\/\/www.instagram.com\/dicodusport\/\",\"https:\/\/www.youtube.com\/channel\/UC7V2KZ5sd3htJivAbA4ZG3w\"],\"description\":\"Dicodusport est l'encyclop\u00e9die de l'actualit\u00e9 sportive.\",\"email\":\"bonjour@dicodusport.fr\",\"legalName\":\"DICODUSPORT\",\"foundingDate\":\"2018-01-14\",\"vatID\":\"FR71834470973\",\"taxID\":\"83447097300043\",\"numberOfEmployees\":{\"@type\":\"QuantitativeValue\",\"minValue\":\"1\",\"maxValue\":\"10\"}},{\"@type\":\"Person\",\"@id\":\"https:\/\/dicodusport.fr\/blog\/#\/schema\/person\/bf1e4f404e108bd2be5b447b16bde9a7\",\"name\":\"Tom Compayrot\",\"image\":{\"@type\":\"ImageObject\",\"inLanguage\":\"fr-FR\",\"@id\":\"https:\/\/dicodusport.fr\/blog\/#\/schema\/person\/image\/\",\"url\":\"https:\/\/dicodusport.fr\/blog\/wp-content\/uploads\/2021\/05\/Tom-Compayrot-150x150.jpg\",\"contentUrl\":\"https:\/\/dicodusport.fr\/blog\/wp-content\/uploads\/2021\/05\/Tom-Compayrot-150x150.jpg\",\"caption\":\"Tom Compayrot\"},\"description\":\"Journaliste\/r\u00e9dacteur depuis mars 2017 - Amoureux de la petite balle jaune et du gros ballon orange qui tra\u00eene sa carcasse sur Dicodusport depuis 2017. Rafael Nadal et LeBron James sont les meilleurs joueurs de l'histoire.\",\"sameAs\":[\"https:\/\/x.com\/https:\/\/twitter.com\/Tom_Cprt\"],\"url\":\"https:\/\/dicodusport.fr\/blog\/author\/tom\/\"}]}<\/script>\n<!-- \/ Yoast SEO Premium plugin. -->","yoast_head_json":{"title":"Avez-vous bien suivi la saison de Challenge Cup jusqu'\u00e0 sa suspension ?","description":"La saison de Challenge Cup est suspensue. L'occasion de voir si vous avez bien suivi la saison jusque l\u00e0 : chiffres, classements, moments-cl\u00e9s, performances","robots":{"index":"index","follow":"follow","max-snippet":"max-snippet:-1","max-image-preview":"max-image-preview:large","max-video-preview":"max-video-preview:-1"},"canonical":"https:\/\/dicodusport.fr\/blog\/avez-vous-bien-suivi-la-saison-de-challenge-cup-jusqua-sa-suspension\/","og_locale":"fr_FR","og_type":"article","og_title":"Avez-vous bien suivi la saison de Challenge Cup jusqu'\u00e0 sa suspension ?","og_description":"La saison de Challenge Cup est suspensue. L'occasion de voir si vous avez bien suivi la saison jusque l\u00e0 : chiffres, classements, moments-cl\u00e9s, performances","og_url":"https:\/\/dicodusport.fr\/blog\/avez-vous-bien-suivi-la-saison-de-challenge-cup-jusqua-sa-suspension\/","og_site_name":"Dicodusport","article_publisher":"https:\/\/www.facebook.com\/dicodusport","article_published_time":"2020-04-12T10:00:32+00:00","og_image":[{"width":1904,"height":1059,"url":"https:\/\/dicodusport.fr\/blog\/wp-content\/uploads\/2020\/04\/Quiz-sur-la-saison-de-Challenge-cup-2019-2020.png","type":"image\/png"}],"author":"Tom Compayrot","twitter_card":"summary_large_image","twitter_title":"Avez-vous bien suivi la saison de Challenge Cup jusqu'\u00e0 sa suspension ?","twitter_creator":"@https:\/\/twitter.com\/Tom_Cprt","twitter_site":"@dicodusport","schema":{"@context":"https:\/\/schema.org","@graph":[{"@type":"NewsArticle","@id":"https:\/\/dicodusport.fr\/blog\/avez-vous-bien-suivi-la-saison-de-challenge-cup-jusqua-sa-suspension\/#article","isPartOf":{"@id":"https:\/\/dicodusport.fr\/blog\/avez-vous-bien-suivi-la-saison-de-challenge-cup-jusqua-sa-suspension\/"},"author":{"name":"Tom Compayrot","@id":"https:\/\/dicodusport.fr\/blog\/#\/schema\/person\/bf1e4f404e108bd2be5b447b16bde9a7"},"headline":"Avez-vous bien suivi la saison de Challenge Cup jusqu&rsquo;\u00e0 sa suspension ?","datePublished":"2020-04-12T10:00:32+00:00","mainEntityOfPage":{"@id":"https:\/\/dicodusport.fr\/blog\/avez-vous-bien-suivi-la-saison-de-challenge-cup-jusqua-sa-suspension\/"},"wordCount":104,"commentCount":0,"publisher":{"@id":"https:\/\/dicodusport.fr\/blog\/#organization"},"image":{"@id":"https:\/\/dicodusport.fr\/blog\/avez-vous-bien-suivi-la-saison-de-challenge-cup-jusqua-sa-suspension\/#primaryimage"},"thumbnailUrl":"https:\/\/dicodusport.fr\/blog\/wp-content\/uploads\/2020\/04\/Quiz-sur-la-saison-de-Challenge-cup-2019-2020.png","articleSection":["Quiz","Rugby \u00e0 XV"],"inLanguage":"fr-FR","potentialAction":[{"@type":"CommentAction","name":"Comment","target":["https:\/\/dicodusport.fr\/blog\/avez-vous-bien-suivi-la-saison-de-challenge-cup-jusqua-sa-suspension\/#respond"]}],"copyrightYear":"2020","copyrightHolder":{"@id":"https:\/\/dicodusport.fr\/blog\/#organization"}},{"@type":"WebPage","@id":"https:\/\/dicodusport.fr\/blog\/avez-vous-bien-suivi-la-saison-de-challenge-cup-jusqua-sa-suspension\/","url":"https:\/\/dicodusport.fr\/blog\/avez-vous-bien-suivi-la-saison-de-challenge-cup-jusqua-sa-suspension\/","name":"Avez-vous bien suivi la saison de Challenge Cup jusqu'\u00e0 sa suspension ?","isPartOf":{"@id":"https:\/\/dicodusport.fr\/blog\/#website"},"primaryImageOfPage":{"@id":"https:\/\/dicodusport.fr\/blog\/avez-vous-bien-suivi-la-saison-de-challenge-cup-jusqua-sa-suspension\/#primaryimage"},"image":{"@id":"https:\/\/dicodusport.fr\/blog\/avez-vous-bien-suivi-la-saison-de-challenge-cup-jusqua-sa-suspension\/#primaryimage"},"thumbnailUrl":"https:\/\/dicodusport.fr\/blog\/wp-content\/uploads\/2020\/04\/Quiz-sur-la-saison-de-Challenge-cup-2019-2020.png","datePublished":"2020-04-12T10:00:32+00:00","description":"La saison de Challenge Cup est suspensue. L'occasion de voir si vous avez bien suivi la saison jusque l\u00e0 : chiffres, classements, moments-cl\u00e9s, performances","breadcrumb":{"@id":"https:\/\/dicodusport.fr\/blog\/avez-vous-bien-suivi-la-saison-de-challenge-cup-jusqua-sa-suspension\/#breadcrumb"},"inLanguage":"fr-FR","potentialAction":[{"@type":"ReadAction","target":["https:\/\/dicodusport.fr\/blog\/avez-vous-bien-suivi-la-saison-de-challenge-cup-jusqua-sa-suspension\/"]}]},{"@type":"ImageObject","inLanguage":"fr-FR","@id":"https:\/\/dicodusport.fr\/blog\/avez-vous-bien-suivi-la-saison-de-challenge-cup-jusqua-sa-suspension\/#primaryimage","url":"https:\/\/dicodusport.fr\/blog\/wp-content\/uploads\/2020\/04\/Quiz-sur-la-saison-de-Challenge-cup-2019-2020.png","contentUrl":"https:\/\/dicodusport.fr\/blog\/wp-content\/uploads\/2020\/04\/Quiz-sur-la-saison-de-Challenge-cup-2019-2020.png","width":1904,"height":1059},{"@type":"BreadcrumbList","@id":"https:\/\/dicodusport.fr\/blog\/avez-vous-bien-suivi-la-saison-de-challenge-cup-jusqua-sa-suspension\/#breadcrumb","itemListElement":[{"@type":"ListItem","position":1,"name":"Accueil","item":"https:\/\/dicodusport.fr\/blog\/"},{"@type":"ListItem","position":2,"name":"Avez-vous bien suivi la saison de Challenge Cup jusqu&rsquo;\u00e0 sa suspension ?"}]},{"@type":"WebSite","@id":"https:\/\/dicodusport.fr\/blog\/#website","url":"https:\/\/dicodusport.fr\/blog\/","name":"Dicodusport","description":"L&#039;encyclop\u00e9die de l&#039;actualit\u00e9 sportive","publisher":{"@id":"https:\/\/dicodusport.fr\/blog\/#organization"},"potentialAction":[{"@type":"SearchAction","target":{"@type":"EntryPoint","urlTemplate":"https:\/\/dicodusport.fr\/blog\/?s={search_term_string}"},"query-input":{"@type":"PropertyValueSpecification","valueRequired":true,"valueName":"search_term_string"}}],"inLanguage":"fr-FR"},{"@type":"NewsMediaOrganization","@id":"https:\/\/dicodusport.fr\/blog\/#organization","name":"Dicodusport","url":"https:\/\/dicodusport.fr\/blog\/","logo":{"@type":"ImageObject","inLanguage":"fr-FR","@id":"https:\/\/dicodusport.fr\/blog\/#\/schema\/logo\/image\/","url":"https:\/\/dicodusport.fr\/blog\/wp-content\/uploads\/2020\/06\/cropped-LOGO-DICODUSPORT-2020-SANS-FOND-SANS-TEXTE.png","contentUrl":"https:\/\/dicodusport.fr\/blog\/wp-content\/uploads\/2020\/06\/cropped-LOGO-DICODUSPORT-2020-SANS-FOND-SANS-TEXTE.png","width":512,"height":512,"caption":"Dicodusport"},"image":{"@id":"https:\/\/dicodusport.fr\/blog\/#\/schema\/logo\/image\/"},"sameAs":["https:\/\/www.facebook.com\/dicodusport","https:\/\/x.com\/dicodusport","https:\/\/www.instagram.com\/dicodusport\/","https:\/\/www.youtube.com\/channel\/UC7V2KZ5sd3htJivAbA4ZG3w"],"description":"Dicodusport est l'encyclop\u00e9die de l'actualit\u00e9 sportive.","email":"bonjour@dicodusport.fr","legalName":"DICODUSPORT","foundingDate":"2018-01-14","vatID":"FR71834470973","taxID":"83447097300043","numberOfEmployees":{"@type":"QuantitativeValue","minValue":"1","maxValue":"10"}},{"@type":"Person","@id":"https:\/\/dicodusport.fr\/blog\/#\/schema\/person\/bf1e4f404e108bd2be5b447b16bde9a7","name":"Tom Compayrot","image":{"@type":"ImageObject","inLanguage":"fr-FR","@id":"https:\/\/dicodusport.fr\/blog\/#\/schema\/person\/image\/","url":"https:\/\/dicodusport.fr\/blog\/wp-content\/uploads\/2021\/05\/Tom-Compayrot-150x150.jpg","contentUrl":"https:\/\/dicodusport.fr\/blog\/wp-content\/uploads\/2021\/05\/Tom-Compayrot-150x150.jpg","caption":"Tom Compayrot"},"description":"Journaliste\/r\u00e9dacteur depuis mars 2017 - Amoureux de la petite balle jaune et du gros ballon orange qui tra\u00eene sa carcasse sur Dicodusport depuis 2017. Rafael Nadal et LeBron James sont les meilleurs joueurs de l'histoire.","sameAs":["https:\/\/x.com\/https:\/\/twitter.com\/Tom_Cprt"],"url":"https:\/\/dicodusport.fr\/blog\/author\/tom\/"}]}},"_links":{"self":[{"href":"https:\/\/dicodusport.fr\/blog\/wp-json\/wp\/v2\/posts\/64896","targetHints":{"allow":["GET"]}}],"collection":[{"href":"https:\/\/dicodusport.fr\/blog\/wp-json\/wp\/v2\/posts"}],"about":[{"href":"https:\/\/dicodusport.fr\/blog\/wp-json\/wp\/v2\/types\/post"}],"author":[{"embeddable":true,"href":"https:\/\/dicodusport.fr\/blog\/wp-json\/wp\/v2\/users\/13"}],"replies":[{"embeddable":true,"href":"https:\/\/dicodusport.fr\/blog\/wp-json\/wp\/v2\/comments?post=64896"}],"version-history":[{"count":0,"href":"https:\/\/dicodusport.fr\/blog\/wp-json\/wp\/v2\/posts\/64896\/revisions"}],"wp:featuredmedia":[{"embeddable":true,"href":"https:\/\/dicodusport.fr\/blog\/wp-json\/wp\/v2\/media\/64897"}],"wp:attachment":[{"href":"https:\/\/dicodusport.fr\/blog\/wp-json\/wp\/v2\/media?parent=64896"}],"wp:term":[{"taxonomy":"category","embeddable":true,"href":"https:\/\/dicodusport.fr\/blog\/wp-json\/wp\/v2\/categories?post=64896"},{"taxonomy":"post_tag","embeddable":true,"href":"https:\/\/dicodusport.fr\/blog\/wp-json\/wp\/v2\/tags?post=64896"}],"curies":[{"name":"wp","href":"https:\/\/api.w.org\/{rel}","templated":true}]}}