{"id":648986,"date":"2026-02-18T17:14:30","date_gmt":"2026-02-18T16:14:30","guid":{"rendered":"https:\/\/dicodusport.fr\/blog\/?p=648986&#038;preview=true&#038;preview_id=648986"},"modified":"2026-02-18T17:14:30","modified_gmt":"2026-02-18T16:14:30","slug":"brau-boirie-gailleton-barassi-quelle-composition-pour-les-bleus-face-a-litalie","status":"publish","type":"post","link":"https:\/\/dicodusport.fr\/blog\/brau-boirie-gailleton-barassi-quelle-composition-pour-les-bleus-face-a-litalie\/","title":{"rendered":"Brau-Boirie, Gailleton, Barassi : quelle composition pour les Bleus face \u00e0 l&rsquo;Italie ?"},"content":{"rendered":"<p style=\"text-align: justify;\"><strong><em>TOURNOI DES 6 NATIONS 2026 &#8211; Le staff du XV de France devrait maintenir les m\u00eames titulaires contre l&rsquo;Italie, mais faire quelques ajustements sur le banc.<\/em><\/strong><\/p>\n<ul style=\"text-align: justify;\">\n<li><strong>\u00c0 ce sujet \u2013\u00a0<a href=\"https:\/\/dicodusport.fr\/blog\/tournoi-des-6-nations-2026-calendrier-resultats-et-classement-mis-a-jour\/\">Tournoi des 6 Nations 2026 : calendrier, r\u00e9sultats et classement mis \u00e0 jour<\/a><\/strong><\/li>\n<\/ul>\n<p style=\"text-align: justify;\">Dimanche, le<strong> XV de France<\/strong> a comme pr\u00e9vu domin\u00e9 son sujet au Pays de Galles. Les Bleus n&rsquo;ont jamais \u00e9t\u00e9 menac\u00e9s, d\u00e9roulant leur rugby pour aller chercher une large victoire. Cons\u00e9quence : la France est la derni\u00e8re \u00e9quipe encore en course pour r\u00e9aliser le Grand Chelem dans cette \u00e9dition du Tournoi des 6 Nations.<\/p>\n<ul style=\"text-align: justify;\">\n<li><strong>\u00c0 ce sujet \u2013\u00a0<a href=\"https:\/\/dicodusport.fr\/blog\/les-notes-de-pays-de-galles-france-jalibert-magistral-aldegheri-en-retrait\/\">Les notes de Pays de Galles-France : Jalibert magistral, Aldegheri en retrait<\/a><\/strong><\/li>\n<\/ul>\n<h2 style=\"text-align: justify;\">Prime \u00e0 la continuit\u00e9 ?<\/h2>\n<p style=\"text-align: justify;\">Ainsi, la composition pour affronter l&rsquo;Italie, dimanche \u00e0 Lille, ne devrait pas receler de surprises selon <a href=\"https:\/\/www.rugbyrama.fr\/2026\/02\/18\/tournoi-des-6-nations-la-composition-probable-pour-france-italie-la-paire-fabien-brau-boirie-emilien-gailleton-maintenue-pierre-louis-barassi-sur-le-13232594.php\">Rugbyrama<\/a>. Puisque <strong>Yoram Moefana<\/strong> et <strong>Nicolas Depoort\u00e8re<\/strong> sont toujours sur le flanc, confiance devrait \u00eatre maintenue \u00e0 la paire de centre paloise<strong> Fabien Brau-Boirie &#8211; \u00c9milien Gailleton<\/strong>, qui a fait bonne impression dimanche. Puisque la d\u00e9monstration a \u00e9t\u00e9 totale contre les Gallois, difficile d&rsquo;envisager de sortir un membre du XV de d\u00e9part, sauf blessure, ce qui n&rsquo;est pas le cas&#8230; pour l&rsquo;instant.<\/p>\n<p style=\"text-align: justify;\">Les ajustements pourraient donc \u00eatre effectu\u00e9s sur le banc. De retour en forme, <strong>Pierre-Louis Barassi<\/strong> pourrait venir s&rsquo;y assoir et \u00e9jecter <strong>Noah Nene<\/strong> du groupe. L&rsquo;interrogation autour des piliers rempla\u00e7ants demeure, puisque <strong>Rabah Slimani<\/strong> est mentionn\u00e9 comme possible rempla\u00e7ant dimanche, \u00e0 la place de <strong>R\u00e9gis Montagne<\/strong>. La demi-surprise vient du fait que <strong>Thibaud Flament<\/strong> devrait prolonger son bail comme rempla\u00e7ant et ne pas int\u00e9grer le XV de d\u00e9part.<\/p>\n<h3 style=\"text-align: justify;\">Le XV de d\u00e9part th\u00e9orique<\/h3>\n<div class=\"vlp-link-container vlp-layout-article\"><a href=\"https:\/\/dicodusport.fr\/blog\/gregroy-patat-a-bayonne-cest-termine\/\" class=\"vlp-link\" title=\"Gr\u00e9gory Patat \u00e0 Bayonne, c&#039;est termin\u00e9 !\"><\/a><div class=\"vlp-layout-zone-side\"><div class=\"vlp-block-4 vlp-link-image\"><img loading=\"lazy\" decoding=\"async\" style=\"max-width: 792px;\" width=\"792\" height=\"445\" src=\"https:\/\/dicodusport.fr\/blog\/wp-content\/uploads\/2026\/02\/Gregroy-Patat-a-Bayonne-cest-termine-.png\" class=\"attachment-800x445 size-800x445\" alt=\"Gr\u00e9groy Patat \u00e0 Bayonne, c&#039;est termin\u00e9 !\" srcset=\"https:\/\/dicodusport.fr\/blog\/wp-content\/uploads\/2026\/02\/Gregroy-Patat-a-Bayonne-cest-termine-.png 1200w, https:\/\/dicodusport.fr\/blog\/wp-content\/uploads\/2026\/02\/Gregroy-Patat-a-Bayonne-cest-termine--300x169.png 300w, https:\/\/dicodusport.fr\/blog\/wp-content\/uploads\/2026\/02\/Gregroy-Patat-a-Bayonne-cest-termine--1024x575.png 1024w, https:\/\/dicodusport.fr\/blog\/wp-content\/uploads\/2026\/02\/Gregroy-Patat-a-Bayonne-cest-termine--768x431.png 768w\" sizes=\"auto, (max-width: 792px) 100vw, 792px\" \/><\/div><\/div><div class=\"vlp-layout-zone-main\"><div class=\"vlp-block-0 vlp-link-title\">Gr\u00e9gory Patat \u00e0 Bayonne, c'est termin\u00e9 !<\/div><div class=\"vlp-block-1 vlp-link-summary\">TRANSFERTS RUGBY - Selon Ici Pays Basque, Gr\u00e9gory Patat a quitt\u00e9 ses fonctions de manager de l'Aviron Bayonnais.<\/div><div class=\"vlp-block-2 vlp-link-button\">Lire l'article<\/div><div class=\"vlp-block-3 vlp-link-url\">dicodusport.fr<\/div><\/div><\/div>\n<\/div>\n<\/div>\n<\/div>\n","protected":false},"excerpt":{"rendered":"<p>TOURNOI DES 6 NATIONS 2026 &#8211; Le staff du XV de France devrait maintenir les m\u00eames titulaires contre l&rsquo;Italie, mais faire quelques ajustements sur le banc.<\/p>\n","protected":false},"author":59,"featured_media":648987,"comment_status":"open","ping_status":"closed","sticky":false,"template":"","format":"standard","meta":{"_acf_changed":false,"_daextam_enable_autolinks":"1","footnotes":""},"categories":[47048,19951],"tags":[16878,9734,1638],"class_list":["post-648986","post","type-post","status-publish","format-standard","has-post-thumbnail","hentry","category-tournoi-des-6-nations","category-xv-de-france","tag-breve","tag-tournoi-des-6-nations","tag-xv-de-france"],"acf":[],"yoast_head":"<!-- This site is optimized with the Yoast SEO Premium plugin v26.7 (Yoast SEO v26.7) - https:\/\/yoast.com\/wordpress\/plugins\/seo\/ -->\n<title>Brau-Boirie, Gailleton, Barassi : quelle composition pour les Bleus face \u00e0 l&#039;Italie ?<\/title>\n<meta name=\"description\" content=\"TOURNOI DES 6 NATIONS 2026 - Le staff du XV de France devrait maintenir les m\u00eames titulaires contre l&#039;Italie, mais faire quelques ajustements sur le banc.\" \/>\n<meta name=\"robots\" content=\"index, follow, max-snippet:-1, max-image-preview:large, max-video-preview:-1\" \/>\n<link rel=\"canonical\" href=\"https:\/\/dicodusport.fr\/blog\/brau-boirie-gailleton-barassi-quelle-composition-pour-les-bleus-face-a-litalie\/\" \/>\n<meta property=\"og:locale\" content=\"fr_FR\" \/>\n<meta property=\"og:type\" content=\"article\" \/>\n<meta property=\"og:title\" content=\"Brau-Boirie, Gailleton, Barassi : quelle composition pour les Bleus face \u00e0 l&#039;Italie ?\" \/>\n<meta property=\"og:description\" content=\"TOURNOI DES 6 NATIONS 2026 - Le staff du XV de France devrait maintenir les m\u00eames titulaires contre l&#039;Italie, mais faire quelques ajustements sur le banc.\" \/>\n<meta property=\"og:url\" content=\"https:\/\/dicodusport.fr\/blog\/brau-boirie-gailleton-barassi-quelle-composition-pour-les-bleus-face-a-litalie\/\" \/>\n<meta property=\"og:site_name\" content=\"Dicodusport\" \/>\n<meta property=\"article:publisher\" content=\"https:\/\/www.facebook.com\/dicodusport\" \/>\n<meta property=\"article:author\" content=\"https:\/\/www.facebook.com\/sebastien.gente\/\" \/>\n<meta property=\"article:published_time\" content=\"2026-02-18T16:14:30+00:00\" \/>\n<meta property=\"og:image\" content=\"https:\/\/dicodusport.fr\/blog\/wp-content\/uploads\/2026\/02\/Brau-Boirie-Gailleton-Barassi-quelle-composition-pour-les-Bleus-face-a-lItalie.png\" \/>\n\t<meta property=\"og:image:width\" content=\"1200\" \/>\n\t<meta property=\"og:image:height\" content=\"674\" \/>\n\t<meta property=\"og:image:type\" content=\"image\/png\" \/>\n<meta name=\"author\" content=\"S\u00e9bastien Gente\" \/>\n<meta name=\"twitter:card\" content=\"summary_large_image\" \/>\n<meta name=\"twitter:title\" content=\"Brau-Boirie, Gailleton, Barassi : quelle composition pour les Bleus face \u00e0 l&#039;Italie ?\" \/>\n<meta name=\"twitter:creator\" content=\"@https:\/\/twitter.com\/globulo24\" \/>\n<meta name=\"twitter:site\" content=\"@dicodusport\" \/>\n<script type=\"application\/ld+json\" class=\"yoast-schema-graph\">{\"@context\":\"https:\/\/schema.org\",\"@graph\":[{\"@type\":\"NewsArticle\",\"@id\":\"https:\/\/dicodusport.fr\/blog\/brau-boirie-gailleton-barassi-quelle-composition-pour-les-bleus-face-a-litalie\/#article\",\"isPartOf\":{\"@id\":\"https:\/\/dicodusport.fr\/blog\/brau-boirie-gailleton-barassi-quelle-composition-pour-les-bleus-face-a-litalie\/\"},\"author\":{\"name\":\"S\u00e9bastien Gente\",\"@id\":\"https:\/\/dicodusport.fr\/blog\/#\/schema\/person\/627966a6cde45dbd8c5e36ac85d783da\"},\"headline\":\"Brau-Boirie, Gailleton, Barassi : quelle composition pour les Bleus face \u00e0 l&rsquo;Italie ?\",\"datePublished\":\"2026-02-18T16:14:30+00:00\",\"mainEntityOfPage\":{\"@id\":\"https:\/\/dicodusport.fr\/blog\/brau-boirie-gailleton-barassi-quelle-composition-pour-les-bleus-face-a-litalie\/\"},\"wordCount\":361,\"commentCount\":0,\"publisher\":{\"@id\":\"https:\/\/dicodusport.fr\/blog\/#organization\"},\"image\":{\"@id\":\"https:\/\/dicodusport.fr\/blog\/brau-boirie-gailleton-barassi-quelle-composition-pour-les-bleus-face-a-litalie\/#primaryimage\"},\"thumbnailUrl\":\"https:\/\/dicodusport.fr\/blog\/wp-content\/uploads\/2026\/02\/Brau-Boirie-Gailleton-Barassi-quelle-composition-pour-les-Bleus-face-a-lItalie.png\",\"keywords\":[\"br\u00e8ve\",\"Tournoi des 6 Nations\",\"XV de France\"],\"articleSection\":[\"Tournoi des 6 Nations\",\"XV de France\"],\"inLanguage\":\"fr-FR\",\"potentialAction\":[{\"@type\":\"CommentAction\",\"name\":\"Comment\",\"target\":[\"https:\/\/dicodusport.fr\/blog\/brau-boirie-gailleton-barassi-quelle-composition-pour-les-bleus-face-a-litalie\/#respond\"]}],\"copyrightYear\":\"2026\",\"copyrightHolder\":{\"@id\":\"https:\/\/dicodusport.fr\/blog\/#organization\"}},{\"@type\":\"WebPage\",\"@id\":\"https:\/\/dicodusport.fr\/blog\/brau-boirie-gailleton-barassi-quelle-composition-pour-les-bleus-face-a-litalie\/\",\"url\":\"https:\/\/dicodusport.fr\/blog\/brau-boirie-gailleton-barassi-quelle-composition-pour-les-bleus-face-a-litalie\/\",\"name\":\"Brau-Boirie, Gailleton, Barassi : quelle composition pour les Bleus face \u00e0 l'Italie ?\",\"isPartOf\":{\"@id\":\"https:\/\/dicodusport.fr\/blog\/#website\"},\"primaryImageOfPage\":{\"@id\":\"https:\/\/dicodusport.fr\/blog\/brau-boirie-gailleton-barassi-quelle-composition-pour-les-bleus-face-a-litalie\/#primaryimage\"},\"image\":{\"@id\":\"https:\/\/dicodusport.fr\/blog\/brau-boirie-gailleton-barassi-quelle-composition-pour-les-bleus-face-a-litalie\/#primaryimage\"},\"thumbnailUrl\":\"https:\/\/dicodusport.fr\/blog\/wp-content\/uploads\/2026\/02\/Brau-Boirie-Gailleton-Barassi-quelle-composition-pour-les-Bleus-face-a-lItalie.png\",\"datePublished\":\"2026-02-18T16:14:30+00:00\",\"description\":\"TOURNOI DES 6 NATIONS 2026 - Le staff du XV de France devrait maintenir les m\u00eames titulaires contre l'Italie, mais faire quelques ajustements sur le banc.\",\"breadcrumb\":{\"@id\":\"https:\/\/dicodusport.fr\/blog\/brau-boirie-gailleton-barassi-quelle-composition-pour-les-bleus-face-a-litalie\/#breadcrumb\"},\"inLanguage\":\"fr-FR\",\"potentialAction\":[{\"@type\":\"ReadAction\",\"target\":[\"https:\/\/dicodusport.fr\/blog\/brau-boirie-gailleton-barassi-quelle-composition-pour-les-bleus-face-a-litalie\/\"]}]},{\"@type\":\"ImageObject\",\"inLanguage\":\"fr-FR\",\"@id\":\"https:\/\/dicodusport.fr\/blog\/brau-boirie-gailleton-barassi-quelle-composition-pour-les-bleus-face-a-litalie\/#primaryimage\",\"url\":\"https:\/\/dicodusport.fr\/blog\/wp-content\/uploads\/2026\/02\/Brau-Boirie-Gailleton-Barassi-quelle-composition-pour-les-Bleus-face-a-lItalie.png\",\"contentUrl\":\"https:\/\/dicodusport.fr\/blog\/wp-content\/uploads\/2026\/02\/Brau-Boirie-Gailleton-Barassi-quelle-composition-pour-les-Bleus-face-a-lItalie.png\",\"width\":1200,\"height\":674,\"caption\":\"Brau-Boirie, Gailleton, Barassi quelle composition pour les Bleus face \u00e0 l'Italie\"},{\"@type\":\"BreadcrumbList\",\"@id\":\"https:\/\/dicodusport.fr\/blog\/brau-boirie-gailleton-barassi-quelle-composition-pour-les-bleus-face-a-litalie\/#breadcrumb\",\"itemListElement\":[{\"@type\":\"ListItem\",\"position\":1,\"name\":\"Accueil\",\"item\":\"https:\/\/dicodusport.fr\/blog\/\"},{\"@type\":\"ListItem\",\"position\":2,\"name\":\"Brau-Boirie, Gailleton, Barassi : quelle composition pour les Bleus face \u00e0 l&rsquo;Italie ?\"}]},{\"@type\":\"WebSite\",\"@id\":\"https:\/\/dicodusport.fr\/blog\/#website\",\"url\":\"https:\/\/dicodusport.fr\/blog\/\",\"name\":\"Dicodusport\",\"description\":\"L&#039;encyclop\u00e9die de l&#039;actualit\u00e9 sportive\",\"publisher\":{\"@id\":\"https:\/\/dicodusport.fr\/blog\/#organization\"},\"potentialAction\":[{\"@type\":\"SearchAction\",\"target\":{\"@type\":\"EntryPoint\",\"urlTemplate\":\"https:\/\/dicodusport.fr\/blog\/?s={search_term_string}\"},\"query-input\":{\"@type\":\"PropertyValueSpecification\",\"valueRequired\":true,\"valueName\":\"search_term_string\"}}],\"inLanguage\":\"fr-FR\"},{\"@type\":\"NewsMediaOrganization\",\"@id\":\"https:\/\/dicodusport.fr\/blog\/#organization\",\"name\":\"Dicodusport\",\"url\":\"https:\/\/dicodusport.fr\/blog\/\",\"logo\":{\"@type\":\"ImageObject\",\"inLanguage\":\"fr-FR\",\"@id\":\"https:\/\/dicodusport.fr\/blog\/#\/schema\/logo\/image\/\",\"url\":\"https:\/\/dicodusport.fr\/blog\/wp-content\/uploads\/2020\/06\/cropped-LOGO-DICODUSPORT-2020-SANS-FOND-SANS-TEXTE.png\",\"contentUrl\":\"https:\/\/dicodusport.fr\/blog\/wp-content\/uploads\/2020\/06\/cropped-LOGO-DICODUSPORT-2020-SANS-FOND-SANS-TEXTE.png\",\"width\":512,\"height\":512,\"caption\":\"Dicodusport\"},\"image\":{\"@id\":\"https:\/\/dicodusport.fr\/blog\/#\/schema\/logo\/image\/\"},\"sameAs\":[\"https:\/\/www.facebook.com\/dicodusport\",\"https:\/\/x.com\/dicodusport\",\"https:\/\/www.instagram.com\/dicodusport\/\",\"https:\/\/www.youtube.com\/channel\/UC7V2KZ5sd3htJivAbA4ZG3w\"],\"description\":\"Dicodusport est l'encyclop\u00e9die de l'actualit\u00e9 sportive.\",\"email\":\"bonjour@dicodusport.fr\",\"legalName\":\"DICODUSPORT\",\"foundingDate\":\"2018-01-14\",\"vatID\":\"FR71834470973\",\"taxID\":\"83447097300043\",\"numberOfEmployees\":{\"@type\":\"QuantitativeValue\",\"minValue\":\"1\",\"maxValue\":\"10\"}},{\"@type\":\"Person\",\"@id\":\"https:\/\/dicodusport.fr\/blog\/#\/schema\/person\/627966a6cde45dbd8c5e36ac85d783da\",\"name\":\"S\u00e9bastien Gente\",\"image\":{\"@type\":\"ImageObject\",\"inLanguage\":\"fr-FR\",\"@id\":\"https:\/\/dicodusport.fr\/blog\/#\/schema\/person\/image\/\",\"url\":\"https:\/\/dicodusport.fr\/blog\/wp-content\/uploads\/2021\/09\/1510990_10205810251400683_4124423575079401707_n-150x150.jpg\",\"contentUrl\":\"https:\/\/dicodusport.fr\/blog\/wp-content\/uploads\/2021\/09\/1510990_10205810251400683_4124423575079401707_n-150x150.jpg\",\"caption\":\"S\u00e9bastien Gente\"},\"description\":\"John Stockton, Gianni Bugno, Zinedine Zidane, Steffi Graf, Frode Andresen, St\u00e9phane Stoecklin, Davis Kamoga, Primoz Peterka, Werner Schlager et Aur\u00e9lien Rougerie. Point commun entre ces sportifs? Ils m'ont fait r\u00eaver et ont berc\u00e9 mon adolescence. Je suis un fondu de sports et j'essaie de retranscrire ma passion \u00e0 travers mes articles. Originaire du P\u00e9rigord, ma passion pour les Girondins, les Jaunards et les Jazzmen transpire dans mes \u00e9crits. \u00c0 Dicodusport depuis 2021, je d\u00e9niche les sports m\u00e9connus dans lesquels la France brille, et il y en a !\",\"sameAs\":[\"https:\/\/www.facebook.com\/sebastien.gente\/\",\"https:\/\/www.instagram.com\/sebgente\/\",\"https:\/\/www.linkedin.com\/in\/sbastien-gente-a29583169\/\",\"https:\/\/x.com\/https:\/\/twitter.com\/globulo24\",\"SebastienGente\"],\"worksFor\":\"S\u00e9bastien GENTE\",\"url\":\"https:\/\/dicodusport.fr\/blog\/author\/sebastiengente\/\"}]}<\/script>\n<!-- \/ Yoast SEO Premium plugin. -->","yoast_head_json":{"title":"Brau-Boirie, Gailleton, Barassi : quelle composition pour les Bleus face \u00e0 l'Italie ?","description":"TOURNOI DES 6 NATIONS 2026 - Le staff du XV de France devrait maintenir les m\u00eames titulaires contre l'Italie, mais faire quelques ajustements sur le banc.","robots":{"index":"index","follow":"follow","max-snippet":"max-snippet:-1","max-image-preview":"max-image-preview:large","max-video-preview":"max-video-preview:-1"},"canonical":"https:\/\/dicodusport.fr\/blog\/brau-boirie-gailleton-barassi-quelle-composition-pour-les-bleus-face-a-litalie\/","og_locale":"fr_FR","og_type":"article","og_title":"Brau-Boirie, Gailleton, Barassi : quelle composition pour les Bleus face \u00e0 l'Italie ?","og_description":"TOURNOI DES 6 NATIONS 2026 - Le staff du XV de France devrait maintenir les m\u00eames titulaires contre l'Italie, mais faire quelques ajustements sur le banc.","og_url":"https:\/\/dicodusport.fr\/blog\/brau-boirie-gailleton-barassi-quelle-composition-pour-les-bleus-face-a-litalie\/","og_site_name":"Dicodusport","article_publisher":"https:\/\/www.facebook.com\/dicodusport","article_author":"https:\/\/www.facebook.com\/sebastien.gente\/","article_published_time":"2026-02-18T16:14:30+00:00","og_image":[{"width":1200,"height":674,"url":"https:\/\/dicodusport.fr\/blog\/wp-content\/uploads\/2026\/02\/Brau-Boirie-Gailleton-Barassi-quelle-composition-pour-les-Bleus-face-a-lItalie.png","type":"image\/png"}],"author":"S\u00e9bastien Gente","twitter_card":"summary_large_image","twitter_title":"Brau-Boirie, Gailleton, Barassi : quelle composition pour les Bleus face \u00e0 l'Italie ?","twitter_creator":"@https:\/\/twitter.com\/globulo24","twitter_site":"@dicodusport","schema":{"@context":"https:\/\/schema.org","@graph":[{"@type":"NewsArticle","@id":"https:\/\/dicodusport.fr\/blog\/brau-boirie-gailleton-barassi-quelle-composition-pour-les-bleus-face-a-litalie\/#article","isPartOf":{"@id":"https:\/\/dicodusport.fr\/blog\/brau-boirie-gailleton-barassi-quelle-composition-pour-les-bleus-face-a-litalie\/"},"author":{"name":"S\u00e9bastien Gente","@id":"https:\/\/dicodusport.fr\/blog\/#\/schema\/person\/627966a6cde45dbd8c5e36ac85d783da"},"headline":"Brau-Boirie, Gailleton, Barassi : quelle composition pour les Bleus face \u00e0 l&rsquo;Italie ?","datePublished":"2026-02-18T16:14:30+00:00","mainEntityOfPage":{"@id":"https:\/\/dicodusport.fr\/blog\/brau-boirie-gailleton-barassi-quelle-composition-pour-les-bleus-face-a-litalie\/"},"wordCount":361,"commentCount":0,"publisher":{"@id":"https:\/\/dicodusport.fr\/blog\/#organization"},"image":{"@id":"https:\/\/dicodusport.fr\/blog\/brau-boirie-gailleton-barassi-quelle-composition-pour-les-bleus-face-a-litalie\/#primaryimage"},"thumbnailUrl":"https:\/\/dicodusport.fr\/blog\/wp-content\/uploads\/2026\/02\/Brau-Boirie-Gailleton-Barassi-quelle-composition-pour-les-Bleus-face-a-lItalie.png","keywords":["br\u00e8ve","Tournoi des 6 Nations","XV de France"],"articleSection":["Tournoi des 6 Nations","XV de France"],"inLanguage":"fr-FR","potentialAction":[{"@type":"CommentAction","name":"Comment","target":["https:\/\/dicodusport.fr\/blog\/brau-boirie-gailleton-barassi-quelle-composition-pour-les-bleus-face-a-litalie\/#respond"]}],"copyrightYear":"2026","copyrightHolder":{"@id":"https:\/\/dicodusport.fr\/blog\/#organization"}},{"@type":"WebPage","@id":"https:\/\/dicodusport.fr\/blog\/brau-boirie-gailleton-barassi-quelle-composition-pour-les-bleus-face-a-litalie\/","url":"https:\/\/dicodusport.fr\/blog\/brau-boirie-gailleton-barassi-quelle-composition-pour-les-bleus-face-a-litalie\/","name":"Brau-Boirie, Gailleton, Barassi : quelle composition pour les Bleus face \u00e0 l'Italie ?","isPartOf":{"@id":"https:\/\/dicodusport.fr\/blog\/#website"},"primaryImageOfPage":{"@id":"https:\/\/dicodusport.fr\/blog\/brau-boirie-gailleton-barassi-quelle-composition-pour-les-bleus-face-a-litalie\/#primaryimage"},"image":{"@id":"https:\/\/dicodusport.fr\/blog\/brau-boirie-gailleton-barassi-quelle-composition-pour-les-bleus-face-a-litalie\/#primaryimage"},"thumbnailUrl":"https:\/\/dicodusport.fr\/blog\/wp-content\/uploads\/2026\/02\/Brau-Boirie-Gailleton-Barassi-quelle-composition-pour-les-Bleus-face-a-lItalie.png","datePublished":"2026-02-18T16:14:30+00:00","description":"TOURNOI DES 6 NATIONS 2026 - Le staff du XV de France devrait maintenir les m\u00eames titulaires contre l'Italie, mais faire quelques ajustements sur le banc.","breadcrumb":{"@id":"https:\/\/dicodusport.fr\/blog\/brau-boirie-gailleton-barassi-quelle-composition-pour-les-bleus-face-a-litalie\/#breadcrumb"},"inLanguage":"fr-FR","potentialAction":[{"@type":"ReadAction","target":["https:\/\/dicodusport.fr\/blog\/brau-boirie-gailleton-barassi-quelle-composition-pour-les-bleus-face-a-litalie\/"]}]},{"@type":"ImageObject","inLanguage":"fr-FR","@id":"https:\/\/dicodusport.fr\/blog\/brau-boirie-gailleton-barassi-quelle-composition-pour-les-bleus-face-a-litalie\/#primaryimage","url":"https:\/\/dicodusport.fr\/blog\/wp-content\/uploads\/2026\/02\/Brau-Boirie-Gailleton-Barassi-quelle-composition-pour-les-Bleus-face-a-lItalie.png","contentUrl":"https:\/\/dicodusport.fr\/blog\/wp-content\/uploads\/2026\/02\/Brau-Boirie-Gailleton-Barassi-quelle-composition-pour-les-Bleus-face-a-lItalie.png","width":1200,"height":674,"caption":"Brau-Boirie, Gailleton, Barassi quelle composition pour les Bleus face \u00e0 l'Italie"},{"@type":"BreadcrumbList","@id":"https:\/\/dicodusport.fr\/blog\/brau-boirie-gailleton-barassi-quelle-composition-pour-les-bleus-face-a-litalie\/#breadcrumb","itemListElement":[{"@type":"ListItem","position":1,"name":"Accueil","item":"https:\/\/dicodusport.fr\/blog\/"},{"@type":"ListItem","position":2,"name":"Brau-Boirie, Gailleton, Barassi : quelle composition pour les Bleus face \u00e0 l&rsquo;Italie ?"}]},{"@type":"WebSite","@id":"https:\/\/dicodusport.fr\/blog\/#website","url":"https:\/\/dicodusport.fr\/blog\/","name":"Dicodusport","description":"L&#039;encyclop\u00e9die de l&#039;actualit\u00e9 sportive","publisher":{"@id":"https:\/\/dicodusport.fr\/blog\/#organization"},"potentialAction":[{"@type":"SearchAction","target":{"@type":"EntryPoint","urlTemplate":"https:\/\/dicodusport.fr\/blog\/?s={search_term_string}"},"query-input":{"@type":"PropertyValueSpecification","valueRequired":true,"valueName":"search_term_string"}}],"inLanguage":"fr-FR"},{"@type":"NewsMediaOrganization","@id":"https:\/\/dicodusport.fr\/blog\/#organization","name":"Dicodusport","url":"https:\/\/dicodusport.fr\/blog\/","logo":{"@type":"ImageObject","inLanguage":"fr-FR","@id":"https:\/\/dicodusport.fr\/blog\/#\/schema\/logo\/image\/","url":"https:\/\/dicodusport.fr\/blog\/wp-content\/uploads\/2020\/06\/cropped-LOGO-DICODUSPORT-2020-SANS-FOND-SANS-TEXTE.png","contentUrl":"https:\/\/dicodusport.fr\/blog\/wp-content\/uploads\/2020\/06\/cropped-LOGO-DICODUSPORT-2020-SANS-FOND-SANS-TEXTE.png","width":512,"height":512,"caption":"Dicodusport"},"image":{"@id":"https:\/\/dicodusport.fr\/blog\/#\/schema\/logo\/image\/"},"sameAs":["https:\/\/www.facebook.com\/dicodusport","https:\/\/x.com\/dicodusport","https:\/\/www.instagram.com\/dicodusport\/","https:\/\/www.youtube.com\/channel\/UC7V2KZ5sd3htJivAbA4ZG3w"],"description":"Dicodusport est l'encyclop\u00e9die de l'actualit\u00e9 sportive.","email":"bonjour@dicodusport.fr","legalName":"DICODUSPORT","foundingDate":"2018-01-14","vatID":"FR71834470973","taxID":"83447097300043","numberOfEmployees":{"@type":"QuantitativeValue","minValue":"1","maxValue":"10"}},{"@type":"Person","@id":"https:\/\/dicodusport.fr\/blog\/#\/schema\/person\/627966a6cde45dbd8c5e36ac85d783da","name":"S\u00e9bastien Gente","image":{"@type":"ImageObject","inLanguage":"fr-FR","@id":"https:\/\/dicodusport.fr\/blog\/#\/schema\/person\/image\/","url":"https:\/\/dicodusport.fr\/blog\/wp-content\/uploads\/2021\/09\/1510990_10205810251400683_4124423575079401707_n-150x150.jpg","contentUrl":"https:\/\/dicodusport.fr\/blog\/wp-content\/uploads\/2021\/09\/1510990_10205810251400683_4124423575079401707_n-150x150.jpg","caption":"S\u00e9bastien Gente"},"description":"John Stockton, Gianni Bugno, Zinedine Zidane, Steffi Graf, Frode Andresen, St\u00e9phane Stoecklin, Davis Kamoga, Primoz Peterka, Werner Schlager et Aur\u00e9lien Rougerie. Point commun entre ces sportifs? Ils m'ont fait r\u00eaver et ont berc\u00e9 mon adolescence. Je suis un fondu de sports et j'essaie de retranscrire ma passion \u00e0 travers mes articles. Originaire du P\u00e9rigord, ma passion pour les Girondins, les Jaunards et les Jazzmen transpire dans mes \u00e9crits. \u00c0 Dicodusport depuis 2021, je d\u00e9niche les sports m\u00e9connus dans lesquels la France brille, et il y en a !","sameAs":["https:\/\/www.facebook.com\/sebastien.gente\/","https:\/\/www.instagram.com\/sebgente\/","https:\/\/www.linkedin.com\/in\/sbastien-gente-a29583169\/","https:\/\/x.com\/https:\/\/twitter.com\/globulo24","SebastienGente"],"worksFor":"S\u00e9bastien GENTE","url":"https:\/\/dicodusport.fr\/blog\/author\/sebastiengente\/"}]}},"_links":{"self":[{"href":"https:\/\/dicodusport.fr\/blog\/wp-json\/wp\/v2\/posts\/648986","targetHints":{"allow":["GET"]}}],"collection":[{"href":"https:\/\/dicodusport.fr\/blog\/wp-json\/wp\/v2\/posts"}],"about":[{"href":"https:\/\/dicodusport.fr\/blog\/wp-json\/wp\/v2\/types\/post"}],"author":[{"embeddable":true,"href":"https:\/\/dicodusport.fr\/blog\/wp-json\/wp\/v2\/users\/59"}],"replies":[{"embeddable":true,"href":"https:\/\/dicodusport.fr\/blog\/wp-json\/wp\/v2\/comments?post=648986"}],"version-history":[{"count":1,"href":"https:\/\/dicodusport.fr\/blog\/wp-json\/wp\/v2\/posts\/648986\/revisions"}],"predecessor-version":[{"id":648989,"href":"https:\/\/dicodusport.fr\/blog\/wp-json\/wp\/v2\/posts\/648986\/revisions\/648989"}],"wp:featuredmedia":[{"embeddable":true,"href":"https:\/\/dicodusport.fr\/blog\/wp-json\/wp\/v2\/media\/648987"}],"wp:attachment":[{"href":"https:\/\/dicodusport.fr\/blog\/wp-json\/wp\/v2\/media?parent=648986"}],"wp:term":[{"taxonomy":"category","embeddable":true,"href":"https:\/\/dicodusport.fr\/blog\/wp-json\/wp\/v2\/categories?post=648986"},{"taxonomy":"post_tag","embeddable":true,"href":"https:\/\/dicodusport.fr\/blog\/wp-json\/wp\/v2\/tags?post=648986"}],"curies":[{"name":"wp","href":"https:\/\/api.w.org\/{rel}","templated":true}]}}