{"id":64903,"date":"2020-04-12T09:49:40","date_gmt":"2020-04-12T07:49:40","guid":{"rendered":"http:\/\/dicodusport.fr\/blog\/?p=64903&#038;preview=true&#038;preview_id=64903"},"modified":"2020-04-12T09:49:40","modified_gmt":"2020-04-12T07:49:40","slug":"thibaut-verhoeven-bat-record-de-france-100-kilometres-sur-ergometre","status":"publish","type":"post","link":"https:\/\/dicodusport.fr\/blog\/thibaut-verhoeven-bat-record-de-france-100-kilometres-sur-ergometre\/","title":{"rendered":"Thibaut Verhoeven bat le record de France du 100 kilom\u00e8tres sur ergom\u00e8tre"},"content":{"rendered":"<p style=\"text-align: justify;\"><strong><em>AVIRON &#8211; Thibaut Verhoeven, rameur fran\u00e7ais de 27 ans, a profit\u00e9 du confinement pour battre le record de France du 100 kilom\u00e8tres sur ergom\u00e8tre samedi.\u00a0<\/em><\/strong><\/p>\n<p style=\"text-align: justify;\">6 heures 22 minutes et 17 secondes, c&rsquo;est la marque r\u00e9ussie par <strong>Thibaut Verhoeven<\/strong> sur les 100 kilom\u00e8tres en ergo. Le rameur de 27 ans bat de plus de deux minutes l&rsquo;ancienne marque nationale d\u00e9tenue par <strong>Julien Brabant<\/strong>. En revanche, il n&rsquo;a pas pu s&rsquo;approcher du record du monde du Finlandais <strong>Joel Naukkarinen<\/strong> avec un temps de 6 heures et 6 minutes. Un effort inou\u00ef pour le rameur fran\u00e7ais qui s&rsquo;est expliqu\u00e9 \u00e0 <a href=\"https:\/\/www.magaviron.fr\/actualites\/aviron-2020-ergometre-record-france-verhoeven\" target=\"_blank\" rel=\"noopener noreferrer\"><em>Mag Aviron<\/em><\/a>.<\/p>\n<blockquote>\n<p style=\"text-align: justify;\"><span style=\"color: #000000;\">Au bout de 4 heures, \u00e7a devenait vraiment dur. Il a fallu serrer les dents. Je ne le cache pas : j\u2019ai connu quelques moments de doute, notamment \u00e0 mi-parcours. Je m\u2019\u00e9tais fix\u00e9 6h20, mais j\u2019ai essuy\u00e9 quelques gros coups de fatigue et la deuxi\u00e8me partie s\u2019est av\u00e9r\u00e9e assez compliqu\u00e9e. J\u2019ai d\u00fb pousser par vagues jusqu\u2019au bout.\u00a0<\/span><\/p>\n<\/blockquote>\n<p>https:\/\/www.facebook.com\/thibaut.verovier\/videos\/10221894418011756\/<\/p>\n<p><strong><em>Dicodusport<br \/>\n<a href=\"https:\/\/www.facebook.com\/dicodusport\/\" target=\"_blank\" rel=\"noopener noreferrer\"><img loading=\"lazy\" decoding=\"async\" class=\"alignnone wp-image-2909\" src=\"http:\/\/dicodusport.fr\/blog\/wp-content\/uploads\/2017\/07\/logo-facebook-150x150.png\" alt=\"\" width=\"40\" height=\"40\" \/><\/a><a href=\"https:\/\/twitter.com\/dicodusport\" target=\"_blank\" rel=\"noopener noreferrer\"><img loading=\"lazy\" decoding=\"async\" class=\"alignnone wp-image-2908\" src=\"http:\/\/dicodusport.fr\/blog\/wp-content\/uploads\/2017\/07\/logo-twitter-150x150.png\" alt=\"\" width=\"39\" height=\"39\" \/><\/a><\/em><\/strong><\/p>\n","protected":false},"excerpt":{"rendered":"<p>AVIRON &#8211; Thibaut Verhoeven, rameur fran\u00e7ais de 27 ans, a profit\u00e9 du confinement pour battre le record de France du 100 kilom\u00e8tres sur ergom\u00e8tre samedi.\u00a0<\/p>\n","protected":false},"author":1,"featured_media":64906,"comment_status":"open","ping_status":"closed","sticky":false,"template":"","format":"standard","meta":{"_acf_changed":false,"_daextam_enable_autolinks":"","footnotes":""},"categories":[2309],"tags":[739],"class_list":["post-64903","post","type-post","status-publish","format-standard","has-post-thumbnail","hentry","category-aviron","tag-aviron"],"acf":[],"yoast_head":"<!-- This site is optimized with the Yoast SEO Premium plugin v26.7 (Yoast SEO v26.7) - https:\/\/yoast.com\/wordpress\/plugins\/seo\/ -->\n<title>Thibaut Verhoeven bat le record de France du 100 kilom\u00e8tres sur ergom\u00e8tre<\/title>\n<meta name=\"description\" content=\"AVIRON - Thibaut Verhoeven, rameur fran\u00e7ais de 27 ans, a profit\u00e9 du confinement pour battre le record de France du 100 kilom\u00e8tres sur ergom\u00e8tre samedi.\u00a0\" \/>\n<meta name=\"robots\" content=\"index, follow, max-snippet:-1, max-image-preview:large, max-video-preview:-1\" \/>\n<link rel=\"canonical\" href=\"https:\/\/dicodusport.fr\/blog\/thibaut-verhoeven-bat-record-de-france-100-kilometres-sur-ergometre\/\" \/>\n<meta property=\"og:locale\" content=\"fr_FR\" \/>\n<meta property=\"og:type\" content=\"article\" \/>\n<meta property=\"og:title\" content=\"Thibaut Verhoeven bat le record de France du 100 kilom\u00e8tres sur ergom\u00e8tre\" \/>\n<meta property=\"og:description\" content=\"AVIRON - Thibaut Verhoeven, rameur fran\u00e7ais de 27 ans, a profit\u00e9 du confinement pour battre le record de France du 100 kilom\u00e8tres sur ergom\u00e8tre samedi.\u00a0\" \/>\n<meta property=\"og:url\" content=\"https:\/\/dicodusport.fr\/blog\/thibaut-verhoeven-bat-record-de-france-100-kilometres-sur-ergometre\/\" \/>\n<meta property=\"og:site_name\" content=\"Dicodusport\" \/>\n<meta property=\"article:publisher\" content=\"https:\/\/www.facebook.com\/dicodusport\" \/>\n<meta property=\"article:author\" content=\"https:\/\/www.facebook.com\/dicodusport\" \/>\n<meta property=\"article:published_time\" content=\"2020-04-12T07:49:40+00:00\" \/>\n<meta property=\"og:image\" content=\"https:\/\/dicodusport.fr\/blog\/wp-content\/uploads\/2020\/04\/Thibaut-Verhoeven-bat-le-record-de-France-du-100-kilom\u00e8tres-sur-ergom\u00e8tre.png\" \/>\n\t<meta property=\"og:image:width\" content=\"800\" \/>\n\t<meta property=\"og:image:height\" content=\"445\" \/>\n\t<meta property=\"og:image:type\" content=\"image\/png\" \/>\n<meta name=\"author\" content=\"Nicolas Jacquemard\" \/>\n<meta name=\"twitter:card\" content=\"summary_large_image\" \/>\n<meta name=\"twitter:title\" content=\"Thibaut Verhoeven bat le record de France du 100 kilom\u00e8tres sur ergom\u00e8tre\" \/>\n<meta name=\"twitter:creator\" content=\"@https:\/\/twitter.com\/Nico_Jacquemard\" \/>\n<meta name=\"twitter:site\" content=\"@dicodusport\" \/>\n<script type=\"application\/ld+json\" class=\"yoast-schema-graph\">{\"@context\":\"https:\/\/schema.org\",\"@graph\":[{\"@type\":\"NewsArticle\",\"@id\":\"https:\/\/dicodusport.fr\/blog\/thibaut-verhoeven-bat-record-de-france-100-kilometres-sur-ergometre\/#article\",\"isPartOf\":{\"@id\":\"https:\/\/dicodusport.fr\/blog\/thibaut-verhoeven-bat-record-de-france-100-kilometres-sur-ergometre\/\"},\"author\":{\"name\":\"Nicolas Jacquemard\",\"@id\":\"https:\/\/dicodusport.fr\/blog\/#\/schema\/person\/55dcb50ad410894e431ed812bbb70191\"},\"headline\":\"Thibaut Verhoeven bat le record de France du 100 kilom\u00e8tres sur ergom\u00e8tre\",\"datePublished\":\"2020-04-12T07:49:40+00:00\",\"mainEntityOfPage\":{\"@id\":\"https:\/\/dicodusport.fr\/blog\/thibaut-verhoeven-bat-record-de-france-100-kilometres-sur-ergometre\/\"},\"wordCount\":187,\"commentCount\":0,\"publisher\":{\"@id\":\"https:\/\/dicodusport.fr\/blog\/#organization\"},\"image\":{\"@id\":\"https:\/\/dicodusport.fr\/blog\/thibaut-verhoeven-bat-record-de-france-100-kilometres-sur-ergometre\/#primaryimage\"},\"thumbnailUrl\":\"https:\/\/dicodusport.fr\/blog\/wp-content\/uploads\/2020\/04\/Thibaut-Verhoeven-bat-le-record-de-France-du-100-kilom\u00e8tres-sur-ergom\u00e8tre.png\",\"keywords\":[\"aviron\"],\"articleSection\":[\"Aviron\"],\"inLanguage\":\"fr-FR\",\"potentialAction\":[{\"@type\":\"CommentAction\",\"name\":\"Comment\",\"target\":[\"https:\/\/dicodusport.fr\/blog\/thibaut-verhoeven-bat-record-de-france-100-kilometres-sur-ergometre\/#respond\"]}],\"copyrightYear\":\"2020\",\"copyrightHolder\":{\"@id\":\"https:\/\/dicodusport.fr\/blog\/#organization\"}},{\"@type\":\"WebPage\",\"@id\":\"https:\/\/dicodusport.fr\/blog\/thibaut-verhoeven-bat-record-de-france-100-kilometres-sur-ergometre\/\",\"url\":\"https:\/\/dicodusport.fr\/blog\/thibaut-verhoeven-bat-record-de-france-100-kilometres-sur-ergometre\/\",\"name\":\"Thibaut Verhoeven bat le record de France du 100 kilom\u00e8tres sur ergom\u00e8tre\",\"isPartOf\":{\"@id\":\"https:\/\/dicodusport.fr\/blog\/#website\"},\"primaryImageOfPage\":{\"@id\":\"https:\/\/dicodusport.fr\/blog\/thibaut-verhoeven-bat-record-de-france-100-kilometres-sur-ergometre\/#primaryimage\"},\"image\":{\"@id\":\"https:\/\/dicodusport.fr\/blog\/thibaut-verhoeven-bat-record-de-france-100-kilometres-sur-ergometre\/#primaryimage\"},\"thumbnailUrl\":\"https:\/\/dicodusport.fr\/blog\/wp-content\/uploads\/2020\/04\/Thibaut-Verhoeven-bat-le-record-de-France-du-100-kilom\u00e8tres-sur-ergom\u00e8tre.png\",\"datePublished\":\"2020-04-12T07:49:40+00:00\",\"description\":\"AVIRON - Thibaut Verhoeven, rameur fran\u00e7ais de 27 ans, a profit\u00e9 du confinement pour battre le record de France du 100 kilom\u00e8tres sur ergom\u00e8tre samedi.\u00a0\",\"breadcrumb\":{\"@id\":\"https:\/\/dicodusport.fr\/blog\/thibaut-verhoeven-bat-record-de-france-100-kilometres-sur-ergometre\/#breadcrumb\"},\"inLanguage\":\"fr-FR\",\"potentialAction\":[{\"@type\":\"ReadAction\",\"target\":[\"https:\/\/dicodusport.fr\/blog\/thibaut-verhoeven-bat-record-de-france-100-kilometres-sur-ergometre\/\"]}]},{\"@type\":\"ImageObject\",\"inLanguage\":\"fr-FR\",\"@id\":\"https:\/\/dicodusport.fr\/blog\/thibaut-verhoeven-bat-record-de-france-100-kilometres-sur-ergometre\/#primaryimage\",\"url\":\"https:\/\/dicodusport.fr\/blog\/wp-content\/uploads\/2020\/04\/Thibaut-Verhoeven-bat-le-record-de-France-du-100-kilom\u00e8tres-sur-ergom\u00e8tre.png\",\"contentUrl\":\"https:\/\/dicodusport.fr\/blog\/wp-content\/uploads\/2020\/04\/Thibaut-Verhoeven-bat-le-record-de-France-du-100-kilom\u00e8tres-sur-ergom\u00e8tre.png\",\"width\":800,\"height\":445,\"caption\":\"Thibaut Verhoeven bat le record de France du 100 kilom\u00e8tres sur ergom\u00e8tre\"},{\"@type\":\"BreadcrumbList\",\"@id\":\"https:\/\/dicodusport.fr\/blog\/thibaut-verhoeven-bat-record-de-france-100-kilometres-sur-ergometre\/#breadcrumb\",\"itemListElement\":[{\"@type\":\"ListItem\",\"position\":1,\"name\":\"Accueil\",\"item\":\"https:\/\/dicodusport.fr\/blog\/\"},{\"@type\":\"ListItem\",\"position\":2,\"name\":\"Thibaut Verhoeven bat le record de France du 100 kilom\u00e8tres sur ergom\u00e8tre\"}]},{\"@type\":\"WebSite\",\"@id\":\"https:\/\/dicodusport.fr\/blog\/#website\",\"url\":\"https:\/\/dicodusport.fr\/blog\/\",\"name\":\"Dicodusport\",\"description\":\"L&#039;encyclop\u00e9die de l&#039;actualit\u00e9 sportive\",\"publisher\":{\"@id\":\"https:\/\/dicodusport.fr\/blog\/#organization\"},\"potentialAction\":[{\"@type\":\"SearchAction\",\"target\":{\"@type\":\"EntryPoint\",\"urlTemplate\":\"https:\/\/dicodusport.fr\/blog\/?s={search_term_string}\"},\"query-input\":{\"@type\":\"PropertyValueSpecification\",\"valueRequired\":true,\"valueName\":\"search_term_string\"}}],\"inLanguage\":\"fr-FR\"},{\"@type\":\"NewsMediaOrganization\",\"@id\":\"https:\/\/dicodusport.fr\/blog\/#organization\",\"name\":\"Dicodusport\",\"url\":\"https:\/\/dicodusport.fr\/blog\/\",\"logo\":{\"@type\":\"ImageObject\",\"inLanguage\":\"fr-FR\",\"@id\":\"https:\/\/dicodusport.fr\/blog\/#\/schema\/logo\/image\/\",\"url\":\"https:\/\/dicodusport.fr\/blog\/wp-content\/uploads\/2020\/06\/cropped-LOGO-DICODUSPORT-2020-SANS-FOND-SANS-TEXTE.png\",\"contentUrl\":\"https:\/\/dicodusport.fr\/blog\/wp-content\/uploads\/2020\/06\/cropped-LOGO-DICODUSPORT-2020-SANS-FOND-SANS-TEXTE.png\",\"width\":512,\"height\":512,\"caption\":\"Dicodusport\"},\"image\":{\"@id\":\"https:\/\/dicodusport.fr\/blog\/#\/schema\/logo\/image\/\"},\"sameAs\":[\"https:\/\/www.facebook.com\/dicodusport\",\"https:\/\/x.com\/dicodusport\",\"https:\/\/www.instagram.com\/dicodusport\/\",\"https:\/\/www.youtube.com\/channel\/UC7V2KZ5sd3htJivAbA4ZG3w\"],\"description\":\"Dicodusport est l'encyclop\u00e9die de l'actualit\u00e9 sportive.\",\"email\":\"bonjour@dicodusport.fr\",\"legalName\":\"DICODUSPORT\",\"foundingDate\":\"2018-01-14\",\"vatID\":\"FR71834470973\",\"taxID\":\"83447097300043\",\"numberOfEmployees\":{\"@type\":\"QuantitativeValue\",\"minValue\":\"1\",\"maxValue\":\"10\"}},{\"@type\":\"Person\",\"@id\":\"https:\/\/dicodusport.fr\/blog\/#\/schema\/person\/55dcb50ad410894e431ed812bbb70191\",\"name\":\"Nicolas Jacquemard\",\"image\":{\"@type\":\"ImageObject\",\"inLanguage\":\"fr-FR\",\"@id\":\"https:\/\/dicodusport.fr\/blog\/#\/schema\/person\/image\/\",\"url\":\"https:\/\/dicodusport.fr\/blog\/wp-content\/uploads\/2021\/05\/Nicolas-Jacquemard-150x150.jpeg\",\"contentUrl\":\"https:\/\/dicodusport.fr\/blog\/wp-content\/uploads\/2021\/05\/Nicolas-Jacquemard-150x150.jpeg\",\"caption\":\"Nicolas Jacquemard\"},\"description\":\"Passionn\u00e9 de sport et entrepreneur depuis mes 18 ans, la cr\u00e9ation de Dicodusport m'a sembl\u00e9 \u00e9vidente pour participer \u00e0 la m\u00e9diatisation d'un plus grand nombre de sports. Le chemin est long mais avec une \u00e9quipe des plus motiv\u00e9es et les Jeux Olympiques de Paris 2024 en point de mire, nous y arriverons ! Journaliste dans le monde du sport depuis plus de 5 ans, je traite aussi bien de football, de rugby, de biathlon que de cyclisme.\",\"sameAs\":[\"https:\/\/www.facebook.com\/dicodusport\",\"https:\/\/x.com\/https:\/\/twitter.com\/Nico_Jacquemard\"],\"url\":\"https:\/\/dicodusport.fr\/blog\/author\/dicodusport\/\"}]}<\/script>\n<!-- \/ Yoast SEO Premium plugin. -->","yoast_head_json":{"title":"Thibaut Verhoeven bat le record de France du 100 kilom\u00e8tres sur ergom\u00e8tre","description":"AVIRON - Thibaut Verhoeven, rameur fran\u00e7ais de 27 ans, a profit\u00e9 du confinement pour battre le record de France du 100 kilom\u00e8tres sur ergom\u00e8tre samedi.\u00a0","robots":{"index":"index","follow":"follow","max-snippet":"max-snippet:-1","max-image-preview":"max-image-preview:large","max-video-preview":"max-video-preview:-1"},"canonical":"https:\/\/dicodusport.fr\/blog\/thibaut-verhoeven-bat-record-de-france-100-kilometres-sur-ergometre\/","og_locale":"fr_FR","og_type":"article","og_title":"Thibaut Verhoeven bat le record de France du 100 kilom\u00e8tres sur ergom\u00e8tre","og_description":"AVIRON - Thibaut Verhoeven, rameur fran\u00e7ais de 27 ans, a profit\u00e9 du confinement pour battre le record de France du 100 kilom\u00e8tres sur ergom\u00e8tre samedi.\u00a0","og_url":"https:\/\/dicodusport.fr\/blog\/thibaut-verhoeven-bat-record-de-france-100-kilometres-sur-ergometre\/","og_site_name":"Dicodusport","article_publisher":"https:\/\/www.facebook.com\/dicodusport","article_author":"https:\/\/www.facebook.com\/dicodusport","article_published_time":"2020-04-12T07:49:40+00:00","og_image":[{"width":800,"height":445,"url":"https:\/\/dicodusport.fr\/blog\/wp-content\/uploads\/2020\/04\/Thibaut-Verhoeven-bat-le-record-de-France-du-100-kilom\u00e8tres-sur-ergom\u00e8tre.png","type":"image\/png"}],"author":"Nicolas Jacquemard","twitter_card":"summary_large_image","twitter_title":"Thibaut Verhoeven bat le record de France du 100 kilom\u00e8tres sur ergom\u00e8tre","twitter_creator":"@https:\/\/twitter.com\/Nico_Jacquemard","twitter_site":"@dicodusport","schema":{"@context":"https:\/\/schema.org","@graph":[{"@type":"NewsArticle","@id":"https:\/\/dicodusport.fr\/blog\/thibaut-verhoeven-bat-record-de-france-100-kilometres-sur-ergometre\/#article","isPartOf":{"@id":"https:\/\/dicodusport.fr\/blog\/thibaut-verhoeven-bat-record-de-france-100-kilometres-sur-ergometre\/"},"author":{"name":"Nicolas Jacquemard","@id":"https:\/\/dicodusport.fr\/blog\/#\/schema\/person\/55dcb50ad410894e431ed812bbb70191"},"headline":"Thibaut Verhoeven bat le record de France du 100 kilom\u00e8tres sur ergom\u00e8tre","datePublished":"2020-04-12T07:49:40+00:00","mainEntityOfPage":{"@id":"https:\/\/dicodusport.fr\/blog\/thibaut-verhoeven-bat-record-de-france-100-kilometres-sur-ergometre\/"},"wordCount":187,"commentCount":0,"publisher":{"@id":"https:\/\/dicodusport.fr\/blog\/#organization"},"image":{"@id":"https:\/\/dicodusport.fr\/blog\/thibaut-verhoeven-bat-record-de-france-100-kilometres-sur-ergometre\/#primaryimage"},"thumbnailUrl":"https:\/\/dicodusport.fr\/blog\/wp-content\/uploads\/2020\/04\/Thibaut-Verhoeven-bat-le-record-de-France-du-100-kilom\u00e8tres-sur-ergom\u00e8tre.png","keywords":["aviron"],"articleSection":["Aviron"],"inLanguage":"fr-FR","potentialAction":[{"@type":"CommentAction","name":"Comment","target":["https:\/\/dicodusport.fr\/blog\/thibaut-verhoeven-bat-record-de-france-100-kilometres-sur-ergometre\/#respond"]}],"copyrightYear":"2020","copyrightHolder":{"@id":"https:\/\/dicodusport.fr\/blog\/#organization"}},{"@type":"WebPage","@id":"https:\/\/dicodusport.fr\/blog\/thibaut-verhoeven-bat-record-de-france-100-kilometres-sur-ergometre\/","url":"https:\/\/dicodusport.fr\/blog\/thibaut-verhoeven-bat-record-de-france-100-kilometres-sur-ergometre\/","name":"Thibaut Verhoeven bat le record de France du 100 kilom\u00e8tres sur ergom\u00e8tre","isPartOf":{"@id":"https:\/\/dicodusport.fr\/blog\/#website"},"primaryImageOfPage":{"@id":"https:\/\/dicodusport.fr\/blog\/thibaut-verhoeven-bat-record-de-france-100-kilometres-sur-ergometre\/#primaryimage"},"image":{"@id":"https:\/\/dicodusport.fr\/blog\/thibaut-verhoeven-bat-record-de-france-100-kilometres-sur-ergometre\/#primaryimage"},"thumbnailUrl":"https:\/\/dicodusport.fr\/blog\/wp-content\/uploads\/2020\/04\/Thibaut-Verhoeven-bat-le-record-de-France-du-100-kilom\u00e8tres-sur-ergom\u00e8tre.png","datePublished":"2020-04-12T07:49:40+00:00","description":"AVIRON - Thibaut Verhoeven, rameur fran\u00e7ais de 27 ans, a profit\u00e9 du confinement pour battre le record de France du 100 kilom\u00e8tres sur ergom\u00e8tre samedi.\u00a0","breadcrumb":{"@id":"https:\/\/dicodusport.fr\/blog\/thibaut-verhoeven-bat-record-de-france-100-kilometres-sur-ergometre\/#breadcrumb"},"inLanguage":"fr-FR","potentialAction":[{"@type":"ReadAction","target":["https:\/\/dicodusport.fr\/blog\/thibaut-verhoeven-bat-record-de-france-100-kilometres-sur-ergometre\/"]}]},{"@type":"ImageObject","inLanguage":"fr-FR","@id":"https:\/\/dicodusport.fr\/blog\/thibaut-verhoeven-bat-record-de-france-100-kilometres-sur-ergometre\/#primaryimage","url":"https:\/\/dicodusport.fr\/blog\/wp-content\/uploads\/2020\/04\/Thibaut-Verhoeven-bat-le-record-de-France-du-100-kilom\u00e8tres-sur-ergom\u00e8tre.png","contentUrl":"https:\/\/dicodusport.fr\/blog\/wp-content\/uploads\/2020\/04\/Thibaut-Verhoeven-bat-le-record-de-France-du-100-kilom\u00e8tres-sur-ergom\u00e8tre.png","width":800,"height":445,"caption":"Thibaut Verhoeven bat le record de France du 100 kilom\u00e8tres sur ergom\u00e8tre"},{"@type":"BreadcrumbList","@id":"https:\/\/dicodusport.fr\/blog\/thibaut-verhoeven-bat-record-de-france-100-kilometres-sur-ergometre\/#breadcrumb","itemListElement":[{"@type":"ListItem","position":1,"name":"Accueil","item":"https:\/\/dicodusport.fr\/blog\/"},{"@type":"ListItem","position":2,"name":"Thibaut Verhoeven bat le record de France du 100 kilom\u00e8tres sur ergom\u00e8tre"}]},{"@type":"WebSite","@id":"https:\/\/dicodusport.fr\/blog\/#website","url":"https:\/\/dicodusport.fr\/blog\/","name":"Dicodusport","description":"L&#039;encyclop\u00e9die de l&#039;actualit\u00e9 sportive","publisher":{"@id":"https:\/\/dicodusport.fr\/blog\/#organization"},"potentialAction":[{"@type":"SearchAction","target":{"@type":"EntryPoint","urlTemplate":"https:\/\/dicodusport.fr\/blog\/?s={search_term_string}"},"query-input":{"@type":"PropertyValueSpecification","valueRequired":true,"valueName":"search_term_string"}}],"inLanguage":"fr-FR"},{"@type":"NewsMediaOrganization","@id":"https:\/\/dicodusport.fr\/blog\/#organization","name":"Dicodusport","url":"https:\/\/dicodusport.fr\/blog\/","logo":{"@type":"ImageObject","inLanguage":"fr-FR","@id":"https:\/\/dicodusport.fr\/blog\/#\/schema\/logo\/image\/","url":"https:\/\/dicodusport.fr\/blog\/wp-content\/uploads\/2020\/06\/cropped-LOGO-DICODUSPORT-2020-SANS-FOND-SANS-TEXTE.png","contentUrl":"https:\/\/dicodusport.fr\/blog\/wp-content\/uploads\/2020\/06\/cropped-LOGO-DICODUSPORT-2020-SANS-FOND-SANS-TEXTE.png","width":512,"height":512,"caption":"Dicodusport"},"image":{"@id":"https:\/\/dicodusport.fr\/blog\/#\/schema\/logo\/image\/"},"sameAs":["https:\/\/www.facebook.com\/dicodusport","https:\/\/x.com\/dicodusport","https:\/\/www.instagram.com\/dicodusport\/","https:\/\/www.youtube.com\/channel\/UC7V2KZ5sd3htJivAbA4ZG3w"],"description":"Dicodusport est l'encyclop\u00e9die de l'actualit\u00e9 sportive.","email":"bonjour@dicodusport.fr","legalName":"DICODUSPORT","foundingDate":"2018-01-14","vatID":"FR71834470973","taxID":"83447097300043","numberOfEmployees":{"@type":"QuantitativeValue","minValue":"1","maxValue":"10"}},{"@type":"Person","@id":"https:\/\/dicodusport.fr\/blog\/#\/schema\/person\/55dcb50ad410894e431ed812bbb70191","name":"Nicolas Jacquemard","image":{"@type":"ImageObject","inLanguage":"fr-FR","@id":"https:\/\/dicodusport.fr\/blog\/#\/schema\/person\/image\/","url":"https:\/\/dicodusport.fr\/blog\/wp-content\/uploads\/2021\/05\/Nicolas-Jacquemard-150x150.jpeg","contentUrl":"https:\/\/dicodusport.fr\/blog\/wp-content\/uploads\/2021\/05\/Nicolas-Jacquemard-150x150.jpeg","caption":"Nicolas Jacquemard"},"description":"Passionn\u00e9 de sport et entrepreneur depuis mes 18 ans, la cr\u00e9ation de Dicodusport m'a sembl\u00e9 \u00e9vidente pour participer \u00e0 la m\u00e9diatisation d'un plus grand nombre de sports. Le chemin est long mais avec une \u00e9quipe des plus motiv\u00e9es et les Jeux Olympiques de Paris 2024 en point de mire, nous y arriverons ! Journaliste dans le monde du sport depuis plus de 5 ans, je traite aussi bien de football, de rugby, de biathlon que de cyclisme.","sameAs":["https:\/\/www.facebook.com\/dicodusport","https:\/\/x.com\/https:\/\/twitter.com\/Nico_Jacquemard"],"url":"https:\/\/dicodusport.fr\/blog\/author\/dicodusport\/"}]}},"_links":{"self":[{"href":"https:\/\/dicodusport.fr\/blog\/wp-json\/wp\/v2\/posts\/64903","targetHints":{"allow":["GET"]}}],"collection":[{"href":"https:\/\/dicodusport.fr\/blog\/wp-json\/wp\/v2\/posts"}],"about":[{"href":"https:\/\/dicodusport.fr\/blog\/wp-json\/wp\/v2\/types\/post"}],"author":[{"embeddable":true,"href":"https:\/\/dicodusport.fr\/blog\/wp-json\/wp\/v2\/users\/1"}],"replies":[{"embeddable":true,"href":"https:\/\/dicodusport.fr\/blog\/wp-json\/wp\/v2\/comments?post=64903"}],"version-history":[{"count":0,"href":"https:\/\/dicodusport.fr\/blog\/wp-json\/wp\/v2\/posts\/64903\/revisions"}],"wp:featuredmedia":[{"embeddable":true,"href":"https:\/\/dicodusport.fr\/blog\/wp-json\/wp\/v2\/media\/64906"}],"wp:attachment":[{"href":"https:\/\/dicodusport.fr\/blog\/wp-json\/wp\/v2\/media?parent=64903"}],"wp:term":[{"taxonomy":"category","embeddable":true,"href":"https:\/\/dicodusport.fr\/blog\/wp-json\/wp\/v2\/categories?post=64903"},{"taxonomy":"post_tag","embeddable":true,"href":"https:\/\/dicodusport.fr\/blog\/wp-json\/wp\/v2\/tags?post=64903"}],"curies":[{"name":"wp","href":"https:\/\/api.w.org\/{rel}","templated":true}]}}