{"id":649125,"date":"2026-02-19T11:52:30","date_gmt":"2026-02-19T10:52:30","guid":{"rendered":"https:\/\/dicodusport.fr\/blog\/?p=649125&#038;preview=true&#038;preview_id=649125"},"modified":"2026-02-19T15:44:36","modified_gmt":"2026-02-19T14:44:36","slug":"france-u20-la-composition-des-bleuets-pour-affronter-litalie","status":"publish","type":"post","link":"https:\/\/dicodusport.fr\/blog\/france-u20-la-composition-des-bleuets-pour-affronter-litalie\/","title":{"rendered":"France U20 : La composition des Bleuets pour affronter l&rsquo;Italie"},"content":{"rendered":"<p style=\"text-align: justify;\"><strong><em>TOURNOI DES 6 NATIONS U20 &#8211; D\u00e9couvrez la compo des Bleuets pour affronter les l&rsquo;Italie ce samedi (21h00) lors du troisi\u00e8me match du 6 Nations U20.<\/em><\/strong><\/p>\n<ul style=\"text-align: justify;\">\n<li><strong>\u00c0 ce sujet \u2013\u00a0<a href=\"https:\/\/dicodusport.fr\/blog\/france-u20-italie-sur-quelle-chaine-a-quelle-heure-et-avec-quelles-compositions\/\">France U20-Italie : sur quelle cha\u00eene, \u00e0 quelle heure et avec quelles compositions<\/a><\/strong><\/li>\n<\/ul>\n<p style=\"text-align: justify;\">Apr\u00e8s deux victoires bonifi\u00e9es <a href=\"https:\/\/dicodusport.fr\/blog\/carton-plein-pour-les-bleuets-en-ouverture-du-tournoi-des-6-nations-u20-la-victoire-et-le-bonus-face-a-lirlande\/\">contre l&rsquo;Irlande<\/a> et <a href=\"https:\/\/dicodusport.fr\/blog\/les-bleuets-renversent-le-pays-de-galles-et-restent-en-course-pour-le-grand-chelem\/\">contre le Pays de Galles<\/a>, la France a rendez-vous avec l&rsquo;Italie ce samedi soir (21h) pour le 3e match du Tournoi des 6 Nations U20. Pour continuer \u00e0 faire le plein et r\u00eaver au Grand Chelem, les tenants du titre ne doivent pas faire de faux pas \u00e0 Valenciennes face \u00e0 une jeune \u00e9quipe d&rsquo;Italie, qui a r\u00e9cemment tenu la drag\u00e9e haute aux Irlandais (d\u00e9faite 30-27).<\/p>\n<div class=\"vlp-link-container vlp-layout-article\"><a href=\"https:\/\/dicodusport.fr\/blog\/luka-keletaona-tranchant-gil-decevant-les-notes-des-bleuets-face-au-pays-de-galles\/\" class=\"vlp-link\" title=\"Luka Keletaona tranchant, Gil d\u00e9cevant : les notes des Bleuets face au Pays de Galles\"><\/a><div class=\"vlp-layout-zone-side\"><div class=\"vlp-block-4 vlp-link-image\"><img loading=\"lazy\" decoding=\"async\" style=\"max-width: 792px;\" width=\"792\" height=\"445\" src=\"https:\/\/dicodusport.fr\/blog\/wp-content\/uploads\/2026\/02\/Luka-Keletaona-tranchant-Gil-decevant-les-notes-des-Bleuets-face-au-Pays-de-Galles.png\" class=\"attachment-800x445 size-800x445\" alt=\"Luka Keletaona tranchant, Gil d\u00e9cevant les notes des Bleuets face au Pays de Galles\" srcset=\"https:\/\/dicodusport.fr\/blog\/wp-content\/uploads\/2026\/02\/Luka-Keletaona-tranchant-Gil-decevant-les-notes-des-Bleuets-face-au-Pays-de-Galles.png 1200w, https:\/\/dicodusport.fr\/blog\/wp-content\/uploads\/2026\/02\/Luka-Keletaona-tranchant-Gil-decevant-les-notes-des-Bleuets-face-au-Pays-de-Galles-300x169.png 300w, https:\/\/dicodusport.fr\/blog\/wp-content\/uploads\/2026\/02\/Luka-Keletaona-tranchant-Gil-decevant-les-notes-des-Bleuets-face-au-Pays-de-Galles-1024x575.png 1024w, https:\/\/dicodusport.fr\/blog\/wp-content\/uploads\/2026\/02\/Luka-Keletaona-tranchant-Gil-decevant-les-notes-des-Bleuets-face-au-Pays-de-Galles-768x431.png 768w\" sizes=\"auto, (max-width: 792px) 100vw, 792px\" \/><\/div><\/div><div class=\"vlp-layout-zone-main\"><div class=\"vlp-block-0 vlp-link-title\">Luka Keletaona tranchant, Gil d\u00e9cevant : les notes des Bleuets face au Pays de Galles<\/div><div class=\"vlp-block-1 vlp-link-summary\">D\u00e9couvrez les notes des Bleuets face au Pays de Galles, lors du match du Tournoi des 6 Nations U20 2026 disput\u00e9 ce samedi soir, remport\u00e9 par les Fran\u00e7ais (24-34).<\/div><div class=\"vlp-block-2 vlp-link-button\">Lire l'article<\/div><div class=\"vlp-block-3 vlp-link-url\">dicodusport.fr<\/div><\/div><\/div>\n<h2 style=\"text-align: justify;\">Un XV de d\u00e9part plus que renouvel\u00e9<\/h2>\n<p style=\"text-align: justify;\">Le moins que l&rsquo;on puisse dire, c&rsquo;est que le staff du XV de France U20 renouvelle largement son XV de d\u00e9part pour le match de ce samedi soir. Apr\u00e8s deux gros combats contre l&rsquo;Irlande et le Pays de Galles, certains cadres avaient sans doute besoin de repos. On pense \u00e0 la premi\u00e8re ligne, enti\u00e8rement renouvel\u00e9e. <strong>Liam Couturier, Gabin Garault et Ma\u00ebl Turpin<\/strong> sont titulaires pour ce troisi\u00e8me match contre l&rsquo;Italie. La charni\u00e8re change \u00e9galement, avec les titularisations de <strong>Baptiste Tilloles<\/strong> et <strong>Gabin Kretchmann<\/strong>, qui auront la charge de l&rsquo;animation offensive des Bleuets et la confiance de leur staff.<\/p>\n<ul style=\"text-align: justify;\">\n<li><strong>\u00c0 ce sujet &#8211; <a href=\"https:\/\/dicodusport.fr\/blog\/calendrier-resultats-et-classement-du-tournoi-des-6-nations-u20-2026-mis-a-jour\/\">Calendrier, r\u00e9sultats et classement du Tournoi des 6 Nations U20 2026 mis \u00e0 jour<\/a><\/strong><\/li>\n<\/ul>\n<p style=\"text-align: justify;\">Plus globalement, seuls <strong>Joachim Senga Kouo<\/strong>, <strong>Dylan Cazemajou<\/strong>, <strong>Marceau Marzullo<\/strong> et <strong>Baptiste Veschambre<\/strong> sont de nouveau align\u00e9s parmi le XV de d\u00e9part qui avait d\u00e9but\u00e9 au Pays de Galles. On va pouvoir d\u00e9couvrir des profils int\u00e9ressants comme <strong>Lucas Andjisseramatchi<\/strong> en troisi\u00e8me ligne centre. Ou encore <strong>Gabin Garault<\/strong>, auteur d&rsquo;une entr\u00e9e int\u00e9ressante en seconde p\u00e9riode face aux Gallois, \u00e0 son poste de talonneur.<\/p>\n<ul style=\"text-align: justify;\">\n<li style=\"text-align: justify;\"><strong>\u00c0 ce sujet &#8211; <a href=\"https:\/\/dicodusport.fr\/blog\/actualites\/rugby\/rugby-a-xv\/xv-de-france\/\">L\u2019actualit\u00e9 du XV de France<\/a><\/strong><\/li>\n<\/ul>\n<h2 style=\"text-align: justify;\">La compo des Bleuets contre l&rsquo;Italie<\/h2>\n<p style=\"text-align: justify;\"><strong>Le XV de d\u00e9part :<\/strong> 15. Senga Kouo ; 14. Cazemajou, 13. Frier, 12. Rasal, 11. Cellio Zwiller ; 10. Kretchmann, 9. Tilloles ; 7. Couty, 8. Andjisseramatchi, 6. Marzullo (cap.) ; 5. Punti, 4. Veschambre ; 3. Turpin, 2. Garault, 1. Couturier.<\/p>\n<p style=\"text-align: justify;\"><strong>Rempla\u00e7ants :<\/strong> 16. Ratavo, 17. Jean-Christophe, 18. Langlois, 19. Portat, 20. Bonnard Martin, 21. Latrasse, 22. Keletaona, 23. Guillaud.<\/p>\n<blockquote class=\"twitter-tweet\">\n<p dir=\"ltr\" lang=\"fr\">\ud83e\udd29 Voici l\u2019\u00e9quipe de <a href=\"https:\/\/twitter.com\/hashtag\/FranceU20?src=hash&amp;ref_src=twsrc%5Etfw\">#FranceU20<\/a> pour affronter l&rsquo;Italie, samedi 21 f\u00e9vrier \u00e0 21h00 !\ud83d\udd25<\/p>\n<p>\ud83c\udf9f\ufe0f Venez les soutenir \u00e0 Villeneuve-d&rsquo;Ascq \u27a1\ufe0f <a href=\"https:\/\/t.co\/OHUScsKquJ\">https:\/\/t.co\/OHUScsKquJ<\/a><br \/>\n<a href=\"https:\/\/twitter.com\/hashtag\/FRAITA?src=hash&amp;ref_src=twsrc%5Etfw\">#FRAITA<\/a> <a href=\"https:\/\/t.co\/3weJZYsVVp\">pic.twitter.com\/3weJZYsVVp<\/a><\/p>\n<p>\u2014 France Rugby (@FranceRugby) <a href=\"https:\/\/twitter.com\/FranceRugby\/status\/2024429114438885878?ref_src=twsrc%5Etfw\">February 19, 2026<\/a><\/p><\/blockquote>\n<p><script async src=\"https:\/\/platform.twitter.com\/widgets.js\" charset=\"utf-8\"><\/script><\/p>\n","protected":false},"excerpt":{"rendered":"<p>D\u00e9couvrez la compo des Bleuets pour affronter les l&rsquo;Italie ce samedi (21h00) lors du troisi\u00e8me match du 6 Nations U20.<\/p>\n","protected":false},"author":83,"featured_media":649129,"comment_status":"open","ping_status":"closed","sticky":false,"template":"","format":"standard","meta":{"_acf_changed":false,"_daextam_enable_autolinks":"1","footnotes":""},"categories":[47048,19951],"tags":[32415,16878,13,110,13442,1638],"class_list":["post-649125","post","type-post","status-publish","format-standard","has-post-thumbnail","hentry","category-tournoi-des-6-nations","category-xv-de-france","tag-actu","tag-breve","tag-rugby","tag-rugby-a-xv","tag-tournoi-des-6-nations-u20","tag-xv-de-france"],"acf":[],"yoast_head":"<!-- This site is optimized with the Yoast SEO Premium plugin v26.7 (Yoast SEO v26.7) - https:\/\/yoast.com\/wordpress\/plugins\/seo\/ -->\n<title>France U20 : La composition des Bleuets pour affronter l&#039;Italie<\/title>\n<meta name=\"description\" content=\"TOURNOI DES 6 NATIONS U20 - D\u00e9couvrez la compo des Bleuets pour affronter les l&#039;Italie ce samedi (21h00) lors du troisi\u00e8me match du 6 Nations U20.\" \/>\n<meta name=\"robots\" content=\"index, follow, max-snippet:-1, max-image-preview:large, max-video-preview:-1\" \/>\n<link rel=\"canonical\" href=\"https:\/\/dicodusport.fr\/blog\/france-u20-la-composition-des-bleuets-pour-affronter-litalie\/\" \/>\n<meta property=\"og:locale\" content=\"fr_FR\" \/>\n<meta property=\"og:type\" content=\"article\" \/>\n<meta property=\"og:title\" content=\"France U20 : La composition des Bleuets pour affronter l&#039;Italie\" \/>\n<meta property=\"og:description\" content=\"TOURNOI DES 6 NATIONS U20 - D\u00e9couvrez la compo des Bleuets pour affronter les l&#039;Italie ce samedi (21h00) lors du troisi\u00e8me match du 6 Nations U20.\" \/>\n<meta property=\"og:url\" content=\"https:\/\/dicodusport.fr\/blog\/france-u20-la-composition-des-bleuets-pour-affronter-litalie\/\" \/>\n<meta property=\"og:site_name\" content=\"Dicodusport\" \/>\n<meta property=\"article:publisher\" content=\"https:\/\/www.facebook.com\/dicodusport\" \/>\n<meta property=\"article:published_time\" content=\"2026-02-19T10:52:30+00:00\" \/>\n<meta property=\"article:modified_time\" content=\"2026-02-19T14:44:36+00:00\" \/>\n<meta property=\"og:image\" content=\"https:\/\/dicodusport.fr\/blog\/wp-content\/uploads\/2026\/02\/France-U20-La-compo-des-Bleuets-pour-affronter-lItalie.png\" \/>\n\t<meta property=\"og:image:width\" content=\"1200\" \/>\n\t<meta property=\"og:image:height\" content=\"674\" \/>\n\t<meta property=\"og:image:type\" content=\"image\/png\" \/>\n<meta name=\"author\" content=\"Etienne Goursaud\" \/>\n<meta name=\"twitter:card\" content=\"summary_large_image\" \/>\n<meta name=\"twitter:title\" content=\"France U20 : La composition des Bleuets pour affronter l&#039;Italie\" \/>\n<meta name=\"twitter:creator\" content=\"@dicodusport\" \/>\n<meta name=\"twitter:site\" content=\"@dicodusport\" \/>\n<script type=\"application\/ld+json\" class=\"yoast-schema-graph\">{\"@context\":\"https:\/\/schema.org\",\"@graph\":[{\"@type\":\"NewsArticle\",\"@id\":\"https:\/\/dicodusport.fr\/blog\/france-u20-la-composition-des-bleuets-pour-affronter-litalie\/#article\",\"isPartOf\":{\"@id\":\"https:\/\/dicodusport.fr\/blog\/france-u20-la-composition-des-bleuets-pour-affronter-litalie\/\"},\"author\":{\"name\":\"Etienne Goursaud\",\"@id\":\"https:\/\/dicodusport.fr\/blog\/#\/schema\/person\/d603dd7da31fb2b46c82b9835a77ec13\"},\"headline\":\"France U20 : La composition des Bleuets pour affronter l&rsquo;Italie\",\"datePublished\":\"2026-02-19T10:52:30+00:00\",\"dateModified\":\"2026-02-19T14:44:36+00:00\",\"mainEntityOfPage\":{\"@id\":\"https:\/\/dicodusport.fr\/blog\/france-u20-la-composition-des-bleuets-pour-affronter-litalie\/\"},\"wordCount\":506,\"commentCount\":0,\"publisher\":{\"@id\":\"https:\/\/dicodusport.fr\/blog\/#organization\"},\"image\":{\"@id\":\"https:\/\/dicodusport.fr\/blog\/france-u20-la-composition-des-bleuets-pour-affronter-litalie\/#primaryimage\"},\"thumbnailUrl\":\"https:\/\/dicodusport.fr\/blog\/wp-content\/uploads\/2026\/02\/France-U20-La-compo-des-Bleuets-pour-affronter-lItalie.png\",\"keywords\":[\"actu\",\"br\u00e8ve\",\"Rugby\",\"Rugby \u00e0 XV\",\"tournoi des 6 nations u20\",\"XV de France\"],\"articleSection\":[\"Tournoi des 6 Nations\",\"XV de France\"],\"inLanguage\":\"fr-FR\",\"potentialAction\":[{\"@type\":\"CommentAction\",\"name\":\"Comment\",\"target\":[\"https:\/\/dicodusport.fr\/blog\/france-u20-la-composition-des-bleuets-pour-affronter-litalie\/#respond\"]}],\"copyrightYear\":\"2026\",\"copyrightHolder\":{\"@id\":\"https:\/\/dicodusport.fr\/blog\/#organization\"}},{\"@type\":\"WebPage\",\"@id\":\"https:\/\/dicodusport.fr\/blog\/france-u20-la-composition-des-bleuets-pour-affronter-litalie\/\",\"url\":\"https:\/\/dicodusport.fr\/blog\/france-u20-la-composition-des-bleuets-pour-affronter-litalie\/\",\"name\":\"France U20 : La composition des Bleuets pour affronter l'Italie\",\"isPartOf\":{\"@id\":\"https:\/\/dicodusport.fr\/blog\/#website\"},\"primaryImageOfPage\":{\"@id\":\"https:\/\/dicodusport.fr\/blog\/france-u20-la-composition-des-bleuets-pour-affronter-litalie\/#primaryimage\"},\"image\":{\"@id\":\"https:\/\/dicodusport.fr\/blog\/france-u20-la-composition-des-bleuets-pour-affronter-litalie\/#primaryimage\"},\"thumbnailUrl\":\"https:\/\/dicodusport.fr\/blog\/wp-content\/uploads\/2026\/02\/France-U20-La-compo-des-Bleuets-pour-affronter-lItalie.png\",\"datePublished\":\"2026-02-19T10:52:30+00:00\",\"dateModified\":\"2026-02-19T14:44:36+00:00\",\"description\":\"TOURNOI DES 6 NATIONS U20 - D\u00e9couvrez la compo des Bleuets pour affronter les l'Italie ce samedi (21h00) lors du troisi\u00e8me match du 6 Nations U20.\",\"breadcrumb\":{\"@id\":\"https:\/\/dicodusport.fr\/blog\/france-u20-la-composition-des-bleuets-pour-affronter-litalie\/#breadcrumb\"},\"inLanguage\":\"fr-FR\",\"potentialAction\":[{\"@type\":\"ReadAction\",\"target\":[\"https:\/\/dicodusport.fr\/blog\/france-u20-la-composition-des-bleuets-pour-affronter-litalie\/\"]}]},{\"@type\":\"ImageObject\",\"inLanguage\":\"fr-FR\",\"@id\":\"https:\/\/dicodusport.fr\/blog\/france-u20-la-composition-des-bleuets-pour-affronter-litalie\/#primaryimage\",\"url\":\"https:\/\/dicodusport.fr\/blog\/wp-content\/uploads\/2026\/02\/France-U20-La-compo-des-Bleuets-pour-affronter-lItalie.png\",\"contentUrl\":\"https:\/\/dicodusport.fr\/blog\/wp-content\/uploads\/2026\/02\/France-U20-La-compo-des-Bleuets-pour-affronter-lItalie.png\",\"width\":1200,\"height\":674,\"caption\":\"France U20 : La compo des Bleuets pour affronter l'Italie\"},{\"@type\":\"BreadcrumbList\",\"@id\":\"https:\/\/dicodusport.fr\/blog\/france-u20-la-composition-des-bleuets-pour-affronter-litalie\/#breadcrumb\",\"itemListElement\":[{\"@type\":\"ListItem\",\"position\":1,\"name\":\"Accueil\",\"item\":\"https:\/\/dicodusport.fr\/blog\/\"},{\"@type\":\"ListItem\",\"position\":2,\"name\":\"France U20 : La composition des Bleuets pour affronter l&rsquo;Italie\"}]},{\"@type\":\"WebSite\",\"@id\":\"https:\/\/dicodusport.fr\/blog\/#website\",\"url\":\"https:\/\/dicodusport.fr\/blog\/\",\"name\":\"Dicodusport\",\"description\":\"L&#039;encyclop\u00e9die de l&#039;actualit\u00e9 sportive\",\"publisher\":{\"@id\":\"https:\/\/dicodusport.fr\/blog\/#organization\"},\"potentialAction\":[{\"@type\":\"SearchAction\",\"target\":{\"@type\":\"EntryPoint\",\"urlTemplate\":\"https:\/\/dicodusport.fr\/blog\/?s={search_term_string}\"},\"query-input\":{\"@type\":\"PropertyValueSpecification\",\"valueRequired\":true,\"valueName\":\"search_term_string\"}}],\"inLanguage\":\"fr-FR\"},{\"@type\":\"NewsMediaOrganization\",\"@id\":\"https:\/\/dicodusport.fr\/blog\/#organization\",\"name\":\"Dicodusport\",\"url\":\"https:\/\/dicodusport.fr\/blog\/\",\"logo\":{\"@type\":\"ImageObject\",\"inLanguage\":\"fr-FR\",\"@id\":\"https:\/\/dicodusport.fr\/blog\/#\/schema\/logo\/image\/\",\"url\":\"https:\/\/dicodusport.fr\/blog\/wp-content\/uploads\/2020\/06\/cropped-LOGO-DICODUSPORT-2020-SANS-FOND-SANS-TEXTE.png\",\"contentUrl\":\"https:\/\/dicodusport.fr\/blog\/wp-content\/uploads\/2020\/06\/cropped-LOGO-DICODUSPORT-2020-SANS-FOND-SANS-TEXTE.png\",\"width\":512,\"height\":512,\"caption\":\"Dicodusport\"},\"image\":{\"@id\":\"https:\/\/dicodusport.fr\/blog\/#\/schema\/logo\/image\/\"},\"sameAs\":[\"https:\/\/www.facebook.com\/dicodusport\",\"https:\/\/x.com\/dicodusport\",\"https:\/\/www.instagram.com\/dicodusport\/\",\"https:\/\/www.youtube.com\/channel\/UC7V2KZ5sd3htJivAbA4ZG3w\"],\"description\":\"Dicodusport est l'encyclop\u00e9die de l'actualit\u00e9 sportive.\",\"email\":\"bonjour@dicodusport.fr\",\"legalName\":\"DICODUSPORT\",\"foundingDate\":\"2018-01-14\",\"vatID\":\"FR71834470973\",\"taxID\":\"83447097300043\",\"numberOfEmployees\":{\"@type\":\"QuantitativeValue\",\"minValue\":\"1\",\"maxValue\":\"10\"}},{\"@type\":\"Person\",\"@id\":\"https:\/\/dicodusport.fr\/blog\/#\/schema\/person\/d603dd7da31fb2b46c82b9835a77ec13\",\"name\":\"Etienne Goursaud\",\"image\":{\"@type\":\"ImageObject\",\"inLanguage\":\"fr-FR\",\"@id\":\"https:\/\/dicodusport.fr\/blog\/#\/schema\/person\/image\/\",\"url\":\"https:\/\/dicodusport.fr\/blog\/wp-content\/uploads\/2023\/12\/410122264_10231602061736049_5565839791558026645_n-150x150.jpg\",\"contentUrl\":\"https:\/\/dicodusport.fr\/blog\/wp-content\/uploads\/2023\/12\/410122264_10231602061736049_5565839791558026645_n-150x150.jpg\",\"caption\":\"Etienne Goursaud\"},\"description\":\"Journaliste et amoureux de sport. Ancien footballeur reconverti athl\u00e8te quand ses muscles le laissent tranquille. \u00c9lev\u00e9 \u00e0 la sauce des exploits de Thomas Voeckler en 2004, du dernier essai de l\u00e9gende de Eunice Barber \u00e0 la longueur lors des championnats du monde d'athl\u00e9tisme de 2003 mais aussi Zidane, Omeyer et Titou Lamaison.\",\"url\":\"https:\/\/dicodusport.fr\/blog\/author\/etienne-goursaud\/\"}]}<\/script>\n<!-- \/ Yoast SEO Premium plugin. -->","yoast_head_json":{"title":"France U20 : La composition des Bleuets pour affronter l'Italie","description":"TOURNOI DES 6 NATIONS U20 - D\u00e9couvrez la compo des Bleuets pour affronter les l'Italie ce samedi (21h00) lors du troisi\u00e8me match du 6 Nations U20.","robots":{"index":"index","follow":"follow","max-snippet":"max-snippet:-1","max-image-preview":"max-image-preview:large","max-video-preview":"max-video-preview:-1"},"canonical":"https:\/\/dicodusport.fr\/blog\/france-u20-la-composition-des-bleuets-pour-affronter-litalie\/","og_locale":"fr_FR","og_type":"article","og_title":"France U20 : La composition des Bleuets pour affronter l'Italie","og_description":"TOURNOI DES 6 NATIONS U20 - D\u00e9couvrez la compo des Bleuets pour affronter les l'Italie ce samedi (21h00) lors du troisi\u00e8me match du 6 Nations U20.","og_url":"https:\/\/dicodusport.fr\/blog\/france-u20-la-composition-des-bleuets-pour-affronter-litalie\/","og_site_name":"Dicodusport","article_publisher":"https:\/\/www.facebook.com\/dicodusport","article_published_time":"2026-02-19T10:52:30+00:00","article_modified_time":"2026-02-19T14:44:36+00:00","og_image":[{"width":1200,"height":674,"url":"https:\/\/dicodusport.fr\/blog\/wp-content\/uploads\/2026\/02\/France-U20-La-compo-des-Bleuets-pour-affronter-lItalie.png","type":"image\/png"}],"author":"Etienne Goursaud","twitter_card":"summary_large_image","twitter_title":"France U20 : La composition des Bleuets pour affronter l'Italie","twitter_creator":"@dicodusport","twitter_site":"@dicodusport","schema":{"@context":"https:\/\/schema.org","@graph":[{"@type":"NewsArticle","@id":"https:\/\/dicodusport.fr\/blog\/france-u20-la-composition-des-bleuets-pour-affronter-litalie\/#article","isPartOf":{"@id":"https:\/\/dicodusport.fr\/blog\/france-u20-la-composition-des-bleuets-pour-affronter-litalie\/"},"author":{"name":"Etienne Goursaud","@id":"https:\/\/dicodusport.fr\/blog\/#\/schema\/person\/d603dd7da31fb2b46c82b9835a77ec13"},"headline":"France U20 : La composition des Bleuets pour affronter l&rsquo;Italie","datePublished":"2026-02-19T10:52:30+00:00","dateModified":"2026-02-19T14:44:36+00:00","mainEntityOfPage":{"@id":"https:\/\/dicodusport.fr\/blog\/france-u20-la-composition-des-bleuets-pour-affronter-litalie\/"},"wordCount":506,"commentCount":0,"publisher":{"@id":"https:\/\/dicodusport.fr\/blog\/#organization"},"image":{"@id":"https:\/\/dicodusport.fr\/blog\/france-u20-la-composition-des-bleuets-pour-affronter-litalie\/#primaryimage"},"thumbnailUrl":"https:\/\/dicodusport.fr\/blog\/wp-content\/uploads\/2026\/02\/France-U20-La-compo-des-Bleuets-pour-affronter-lItalie.png","keywords":["actu","br\u00e8ve","Rugby","Rugby \u00e0 XV","tournoi des 6 nations u20","XV de France"],"articleSection":["Tournoi des 6 Nations","XV de France"],"inLanguage":"fr-FR","potentialAction":[{"@type":"CommentAction","name":"Comment","target":["https:\/\/dicodusport.fr\/blog\/france-u20-la-composition-des-bleuets-pour-affronter-litalie\/#respond"]}],"copyrightYear":"2026","copyrightHolder":{"@id":"https:\/\/dicodusport.fr\/blog\/#organization"}},{"@type":"WebPage","@id":"https:\/\/dicodusport.fr\/blog\/france-u20-la-composition-des-bleuets-pour-affronter-litalie\/","url":"https:\/\/dicodusport.fr\/blog\/france-u20-la-composition-des-bleuets-pour-affronter-litalie\/","name":"France U20 : La composition des Bleuets pour affronter l'Italie","isPartOf":{"@id":"https:\/\/dicodusport.fr\/blog\/#website"},"primaryImageOfPage":{"@id":"https:\/\/dicodusport.fr\/blog\/france-u20-la-composition-des-bleuets-pour-affronter-litalie\/#primaryimage"},"image":{"@id":"https:\/\/dicodusport.fr\/blog\/france-u20-la-composition-des-bleuets-pour-affronter-litalie\/#primaryimage"},"thumbnailUrl":"https:\/\/dicodusport.fr\/blog\/wp-content\/uploads\/2026\/02\/France-U20-La-compo-des-Bleuets-pour-affronter-lItalie.png","datePublished":"2026-02-19T10:52:30+00:00","dateModified":"2026-02-19T14:44:36+00:00","description":"TOURNOI DES 6 NATIONS U20 - D\u00e9couvrez la compo des Bleuets pour affronter les l'Italie ce samedi (21h00) lors du troisi\u00e8me match du 6 Nations U20.","breadcrumb":{"@id":"https:\/\/dicodusport.fr\/blog\/france-u20-la-composition-des-bleuets-pour-affronter-litalie\/#breadcrumb"},"inLanguage":"fr-FR","potentialAction":[{"@type":"ReadAction","target":["https:\/\/dicodusport.fr\/blog\/france-u20-la-composition-des-bleuets-pour-affronter-litalie\/"]}]},{"@type":"ImageObject","inLanguage":"fr-FR","@id":"https:\/\/dicodusport.fr\/blog\/france-u20-la-composition-des-bleuets-pour-affronter-litalie\/#primaryimage","url":"https:\/\/dicodusport.fr\/blog\/wp-content\/uploads\/2026\/02\/France-U20-La-compo-des-Bleuets-pour-affronter-lItalie.png","contentUrl":"https:\/\/dicodusport.fr\/blog\/wp-content\/uploads\/2026\/02\/France-U20-La-compo-des-Bleuets-pour-affronter-lItalie.png","width":1200,"height":674,"caption":"France U20 : La compo des Bleuets pour affronter l'Italie"},{"@type":"BreadcrumbList","@id":"https:\/\/dicodusport.fr\/blog\/france-u20-la-composition-des-bleuets-pour-affronter-litalie\/#breadcrumb","itemListElement":[{"@type":"ListItem","position":1,"name":"Accueil","item":"https:\/\/dicodusport.fr\/blog\/"},{"@type":"ListItem","position":2,"name":"France U20 : La composition des Bleuets pour affronter l&rsquo;Italie"}]},{"@type":"WebSite","@id":"https:\/\/dicodusport.fr\/blog\/#website","url":"https:\/\/dicodusport.fr\/blog\/","name":"Dicodusport","description":"L&#039;encyclop\u00e9die de l&#039;actualit\u00e9 sportive","publisher":{"@id":"https:\/\/dicodusport.fr\/blog\/#organization"},"potentialAction":[{"@type":"SearchAction","target":{"@type":"EntryPoint","urlTemplate":"https:\/\/dicodusport.fr\/blog\/?s={search_term_string}"},"query-input":{"@type":"PropertyValueSpecification","valueRequired":true,"valueName":"search_term_string"}}],"inLanguage":"fr-FR"},{"@type":"NewsMediaOrganization","@id":"https:\/\/dicodusport.fr\/blog\/#organization","name":"Dicodusport","url":"https:\/\/dicodusport.fr\/blog\/","logo":{"@type":"ImageObject","inLanguage":"fr-FR","@id":"https:\/\/dicodusport.fr\/blog\/#\/schema\/logo\/image\/","url":"https:\/\/dicodusport.fr\/blog\/wp-content\/uploads\/2020\/06\/cropped-LOGO-DICODUSPORT-2020-SANS-FOND-SANS-TEXTE.png","contentUrl":"https:\/\/dicodusport.fr\/blog\/wp-content\/uploads\/2020\/06\/cropped-LOGO-DICODUSPORT-2020-SANS-FOND-SANS-TEXTE.png","width":512,"height":512,"caption":"Dicodusport"},"image":{"@id":"https:\/\/dicodusport.fr\/blog\/#\/schema\/logo\/image\/"},"sameAs":["https:\/\/www.facebook.com\/dicodusport","https:\/\/x.com\/dicodusport","https:\/\/www.instagram.com\/dicodusport\/","https:\/\/www.youtube.com\/channel\/UC7V2KZ5sd3htJivAbA4ZG3w"],"description":"Dicodusport est l'encyclop\u00e9die de l'actualit\u00e9 sportive.","email":"bonjour@dicodusport.fr","legalName":"DICODUSPORT","foundingDate":"2018-01-14","vatID":"FR71834470973","taxID":"83447097300043","numberOfEmployees":{"@type":"QuantitativeValue","minValue":"1","maxValue":"10"}},{"@type":"Person","@id":"https:\/\/dicodusport.fr\/blog\/#\/schema\/person\/d603dd7da31fb2b46c82b9835a77ec13","name":"Etienne Goursaud","image":{"@type":"ImageObject","inLanguage":"fr-FR","@id":"https:\/\/dicodusport.fr\/blog\/#\/schema\/person\/image\/","url":"https:\/\/dicodusport.fr\/blog\/wp-content\/uploads\/2023\/12\/410122264_10231602061736049_5565839791558026645_n-150x150.jpg","contentUrl":"https:\/\/dicodusport.fr\/blog\/wp-content\/uploads\/2023\/12\/410122264_10231602061736049_5565839791558026645_n-150x150.jpg","caption":"Etienne Goursaud"},"description":"Journaliste et amoureux de sport. Ancien footballeur reconverti athl\u00e8te quand ses muscles le laissent tranquille. \u00c9lev\u00e9 \u00e0 la sauce des exploits de Thomas Voeckler en 2004, du dernier essai de l\u00e9gende de Eunice Barber \u00e0 la longueur lors des championnats du monde d'athl\u00e9tisme de 2003 mais aussi Zidane, Omeyer et Titou Lamaison.","url":"https:\/\/dicodusport.fr\/blog\/author\/etienne-goursaud\/"}]}},"_links":{"self":[{"href":"https:\/\/dicodusport.fr\/blog\/wp-json\/wp\/v2\/posts\/649125","targetHints":{"allow":["GET"]}}],"collection":[{"href":"https:\/\/dicodusport.fr\/blog\/wp-json\/wp\/v2\/posts"}],"about":[{"href":"https:\/\/dicodusport.fr\/blog\/wp-json\/wp\/v2\/types\/post"}],"author":[{"embeddable":true,"href":"https:\/\/dicodusport.fr\/blog\/wp-json\/wp\/v2\/users\/83"}],"replies":[{"embeddable":true,"href":"https:\/\/dicodusport.fr\/blog\/wp-json\/wp\/v2\/comments?post=649125"}],"version-history":[{"count":3,"href":"https:\/\/dicodusport.fr\/blog\/wp-json\/wp\/v2\/posts\/649125\/revisions"}],"predecessor-version":[{"id":649203,"href":"https:\/\/dicodusport.fr\/blog\/wp-json\/wp\/v2\/posts\/649125\/revisions\/649203"}],"wp:featuredmedia":[{"embeddable":true,"href":"https:\/\/dicodusport.fr\/blog\/wp-json\/wp\/v2\/media\/649129"}],"wp:attachment":[{"href":"https:\/\/dicodusport.fr\/blog\/wp-json\/wp\/v2\/media?parent=649125"}],"wp:term":[{"taxonomy":"category","embeddable":true,"href":"https:\/\/dicodusport.fr\/blog\/wp-json\/wp\/v2\/categories?post=649125"},{"taxonomy":"post_tag","embeddable":true,"href":"https:\/\/dicodusport.fr\/blog\/wp-json\/wp\/v2\/tags?post=649125"}],"curies":[{"name":"wp","href":"https:\/\/api.w.org\/{rel}","templated":true}]}}