{"id":649138,"date":"2026-03-01T08:59:34","date_gmt":"2026-03-01T07:59:34","guid":{"rendered":"https:\/\/dicodusport.fr\/blog\/?p=649138&#038;preview=true&#038;preview_id=649138"},"modified":"2026-03-01T08:59:19","modified_gmt":"2026-03-01T07:59:19","slug":"kuurne-bruxelles-kuurne-2026-parcours-detaille-et-profil-de-la-course","status":"publish","type":"post","link":"https:\/\/dicodusport.fr\/blog\/kuurne-bruxelles-kuurne-2026-parcours-detaille-et-profil-de-la-course\/","title":{"rendered":"Kuurne-Bruxelles-Kuurne 2026 : parcours d\u00e9taill\u00e9 et profil de la course"},"content":{"rendered":"<p style=\"text-align: justify;\"><em><strong>Kuurne-Bruxelles-Kuurne 2026 : parcours complet, profil, distance et principales difficult\u00e9s de la classique belge du week-end d\u2019ouverture flamand.\u00a0<\/strong><\/em><\/p>\n<ul>\n<li style=\"text-align: justify;\"><strong>\u00c0 ce sujet \u2013 <a href=\"https:\/\/dicodusport.fr\/blog\/actualites\/cyclisme\/\">L\u2019actualit\u00e9 du cyclisme<\/a><\/strong><\/li>\n<\/ul>\n<p style=\"text-align: justify;\">Au lendemain de l\u2019<a href=\"https:\/\/dicodusport.fr\/blog\/resultats-omloop-nieuwsblad-2026-classement-de-la-course\/\">Omloop Nieuwsblad<\/a> remport\u00e9 <a href=\"https:\/\/dicodusport.fr\/blog\/mathieu-van-der-poel-trop-fort-pour-la-concurrence-le-neerlandais-fait-un-numero-sur-lomloop-nieuwsblad\/\">par Mathieu van der Poel<\/a>, le week-end d\u2019ouverture flamand se conclura ce dimanche 1er mars avec la semi-classique <strong>Kuurne-Bruxelles-Kuurne<\/strong>, inscrite au calendrier <strong>UCI ProSeries<\/strong>. 194 kilom\u00e8tres sont au programme entre <strong>Courtrai (Kortrijk)<\/strong> et <strong>Kuurne<\/strong>. Cette seconde course flamande du week-end promet un affrontement entre sprinteurs, contraints de s\u2019accrocher dans les monts, et purs Flandriens d\u00e9cid\u00e9s \u00e0 durcir la course.<\/p>\n<p style=\"text-align: justify;\">La <strong>Kuurne-Bruxelles-Kuurne 2026<\/strong> s\u2019annonce palpitante, avec un trac\u00e9 exigeant et plusieurs secteurs cl\u00e9s susceptibles de faire la diff\u00e9rence. D\u00e9couvrez le parcours complet et les principales difficult\u00e9s de la classique belge.<\/p>\n<ul>\n<li style=\"text-align: justify;\"><strong>\u00c0 ce sujet \u2013 <a href=\"https:\/\/dicodusport.fr\/blog\/kuurne-bruxelles-kuurne-2026-a-quelle-heure-et-sur-quelle-chaine-tv-regarder-la-course-en-direct\/\">Kuurne-Bruxelles-Kuurne 2026 : \u00e0 quelle heure et sur quelle cha\u00eene TV regarder la course en direct ?<\/a><\/strong><\/li>\n<\/ul>\n<h2 style=\"text-align: justify;\">Le parcours de Kuurne-Bruxelles-Kuurne 2026 dans le d\u00e9tail<\/h2>\n<p style=\"text-align: justify;\">Au lendemain de l\u2019<a href=\"https:\/\/dicodusport.fr\/blog\/omloop-nieuwsblad-2026-les-favoris-et-la-startlist-complete\/\"><strong>Omloop Nieuwsblad<\/strong><\/a>, place \u00e0 la 78e \u00e9dition de <strong>Kuurne-Bruxelles-Kuurne<\/strong>. Le d\u00e9part sera donn\u00e9 \u00e0 <strong>Courtrai (Kortrijk)<\/strong>, sur la Brugsesteenweg, pour 194 kilom\u00e8tres et douze monts \u00e0 gravir. Le premier d\u2019entre eux sera le c\u00e9l\u00e8bre <strong>Tiegemberg<\/strong> (1 400 m \u00e0 4 %), apr\u00e8s seulement 16 kilom\u00e8tres de course, sur de longues lignes droites avant de rejoindre deux nouvelles difficult\u00e9s en direction d\u2019<strong>Audenarde<\/strong>.<\/p>\n<p style=\"text-align: justify;\">Apr\u00e8s le <strong>Volkegemberg<\/strong> (1 000 m \u00e0 4,8 %), avec ses pav\u00e9s, au kilom\u00e8tre 35, les coureurs traverseront une portion vallonn\u00e9e d\u2019une quinzaine de kilom\u00e8tres avant d\u2019aborder le <strong>Lepelstraat<\/strong> (2 200 m \u00e0 3,4 %), absent lors de la derni\u00e8re \u00e9dition.<\/p>\n<div class=\"vlp-link-container vlp-layout-article\"><a href=\"https:\/\/dicodusport.fr\/blog\/kuurne-bruxelles-kuurne-2026-la-startlist-complete-et-les-favoris-de-la-course\/\" class=\"vlp-link\" title=\"Kuurne-Bruxelles-Kuurne 2026 : la startlist compl\u00e8te et les favoris de la course\"><\/a><div class=\"vlp-layout-zone-side\"><div class=\"vlp-block-4 vlp-link-image\"><img loading=\"lazy\" decoding=\"async\" style=\"max-width: 792px;\" width=\"792\" height=\"445\" src=\"https:\/\/dicodusport.fr\/blog\/wp-content\/uploads\/2026\/02\/Kuurne-Bruxelles-Kuurne-2026-la-startlist-complete-et-les-favoris-de-la-course.png\" class=\"attachment-800x445 size-800x445\" alt=\"Kuurne-Bruxelles-Kuurne 2026 la startlist compl\u00e8te et les favoris de la course\" srcset=\"https:\/\/dicodusport.fr\/blog\/wp-content\/uploads\/2026\/02\/Kuurne-Bruxelles-Kuurne-2026-la-startlist-complete-et-les-favoris-de-la-course.png 1200w, https:\/\/dicodusport.fr\/blog\/wp-content\/uploads\/2026\/02\/Kuurne-Bruxelles-Kuurne-2026-la-startlist-complete-et-les-favoris-de-la-course-300x169.png 300w, https:\/\/dicodusport.fr\/blog\/wp-content\/uploads\/2026\/02\/Kuurne-Bruxelles-Kuurne-2026-la-startlist-complete-et-les-favoris-de-la-course-1024x575.png 1024w, https:\/\/dicodusport.fr\/blog\/wp-content\/uploads\/2026\/02\/Kuurne-Bruxelles-Kuurne-2026-la-startlist-complete-et-les-favoris-de-la-course-768x431.png 768w\" sizes=\"auto, (max-width: 792px) 100vw, 792px\" \/><\/div><\/div><div class=\"vlp-layout-zone-main\"><div class=\"vlp-block-0 vlp-link-title\">Kuurne-Bruxelles-Kuurne 2026 : la startlist compl\u00e8te et les favoris de la course<\/div><div class=\"vlp-block-1 vlp-link-summary\">Kuurne-Bruxelles-Kuurne 2026 : d\u00e9couvrez la startlist compl\u00e8te, les favoris et les principaux engag\u00e9s de la classique belge du week-end d\u2019ouverture flamand.\u00a0<\/div><div class=\"vlp-block-2 vlp-link-button\">Lire l'article<\/div><div class=\"vlp-block-3 vlp-link-url\">dicodusport.fr<\/div><\/div><\/div>\n<h3 style=\"text-align: justify;\">Les collines du Hainaut pour faire exploser la course<\/h3>\n<p style=\"text-align: justify;\">Le <strong>Bossenaarstraat<\/strong> (1 300 m \u00e0 4,3 %, avec un passage \u00e0 10 %) interviendra ensuite, avant deux ascensions rapproch\u00e9es : le <strong>Berg ten Houte<\/strong> (1 100 m \u00e0 6,2 % sur pav\u00e9s, avec des passages \u00e0 plus de 10 %) et la <strong>Houppe<\/strong> (1 900 m \u00e0 4,8 %, r\u00e9guli\u00e8re malgr\u00e9 un l\u00e9ger replat).<\/p>\n<p style=\"text-align: justify;\">Viendra alors le triptyque du Hainaut : le <strong>Hameau des Papins<\/strong> (1 200 m \u00e0 6,6 %, avec un passage \u00e0 16,2 %), <strong>Le Bourliquet<\/strong> (1 300 m \u00e0 6,8 %, maximum 15,3 %) pr\u00e8s de <strong>Frasnes<\/strong>, puis le <strong>Mont Saint-Laurent<\/strong> (1 300 m \u00e0 7,8 %, avec des rampes \u00e0 17 %). Ces trois monts s\u2019encha\u00eeneront en seulement 14 kilom\u00e8tres, un moment cl\u00e9 pour les \u00e9quipes d\u00e9sireuses d\u2019\u00e9liminer les sprinteurs.<\/p>\n<p style=\"text-align: justify;\">Dix kilom\u00e8tres plus loin, le peloton affrontera le <strong>Kruisberg<\/strong> (1 800 m \u00e0 4,8 %, pr\u00e9c\u00e9d\u00e9 des pav\u00e9s de l\u2019<strong>Oudestraat<\/strong>) puis le long <strong>Hotond<\/strong> (2 700 m \u00e0 3,1 %). Les routes \u00e9troites et sinueuses entre les diff\u00e9rentes difficult\u00e9s rendront la course nerveuse et usante. Les formations d\u00e9pourvues de sprinteur pourraient imposer un tempo \u00e9lev\u00e9 pour distancer ces derniers avant les deux derni\u00e8res ascensions : la <strong>C\u00f4te de Trieu<\/strong> (1 300 m \u00e0 7 %) et le <strong>Kluisberg<\/strong> (1 100 m \u00e0 6,3 %), dont le sommet est situ\u00e9 \u00e0 pr\u00e8s de 60 kilom\u00e8tres de l\u2019arriv\u00e9e.<\/p>\n<h3 style=\"text-align: justify;\">Les sprinteurs couronn\u00e9s \u00e0 Kuurne ?<\/h3>\n<p style=\"text-align: justify;\">Le secteur pav\u00e9 du <strong>Beerbosstraat<\/strong>, long de 500 m\u00e8tres en faux plat montant, sera franchi \u00e0 35 kilom\u00e8tres de l\u2019arriv\u00e9e et constituera le dernier obstacle notable avant le retour vers <strong>Kuurne<\/strong>. Apr\u00e8s un passage par les petites collines de <strong>Sint-Denijs<\/strong>, les coureurs rejoindront des routes larges et plates en direction de l\u2019arriv\u00e9e. La ligne sera franchie une premi\u00e8re fois avant un circuit local de 14 kilom\u00e8tres \u00e0 travers <strong>Courtrai<\/strong> et <strong>Harelbeke<\/strong>, propice \u00e0 un regroupement et \u00e0 un sprint massif\u2026 si les sprinteurs ont surv\u00e9cu aux monts.<\/p>\n<h2 style=\"text-align: justify;\">Le profil de Kuurne-Bruxelles-Kuurne 2026<\/h2>\n<div id=\"attachment_651157\" style=\"width: 1546px\" class=\"wp-caption aligncenter\"><img loading=\"lazy\" decoding=\"async\" aria-describedby=\"caption-attachment-651157\" class=\"size-full wp-image-651157\" src=\"https:\/\/dicodusport.fr\/blog\/wp-content\/uploads\/2026\/02\/Profil-de-Kuurne-Bruxelles-Kuurne-2026.webp\" alt=\"Profil de Kuurne-Bruxelles-Kuurne 2026\" width=\"1536\" height=\"696\" srcset=\"https:\/\/dicodusport.fr\/blog\/wp-content\/uploads\/2026\/02\/Profil-de-Kuurne-Bruxelles-Kuurne-2026.webp 1536w, https:\/\/dicodusport.fr\/blog\/wp-content\/uploads\/2026\/02\/Profil-de-Kuurne-Bruxelles-Kuurne-2026-300x136.webp 300w, https:\/\/dicodusport.fr\/blog\/wp-content\/uploads\/2026\/02\/Profil-de-Kuurne-Bruxelles-Kuurne-2026-1024x464.webp 1024w, https:\/\/dicodusport.fr\/blog\/wp-content\/uploads\/2026\/02\/Profil-de-Kuurne-Bruxelles-Kuurne-2026-768x348.webp 768w\" sizes=\"auto, (max-width: 1536px) 100vw, 1536px\" \/><p id=\"caption-attachment-651157\" class=\"wp-caption-text\">Profil de Kuurne-Bruxelles-Kuurne 2026<\/p><\/div>\n<h2 style=\"text-align: justify;\">Le palmar\u00e8s r\u00e9cent de Kuurne-Bruxelles-Kuurne<\/h2>\n<p><strong>2025 : <\/strong>PHILIPSEN Jasper &#8211; <a href=\"https:\/\/dicodusport.fr\/blog\/kuurne-bruxelles-kuurne-2025-classement-et-resultats-de-la-course\/\"><em>Classement<\/em><\/a><\/p>\n<p style=\"text-align: justify;\"><strong>2024 :<\/strong> VAN AERT Wout &#8211; <a href=\"https:\/\/dicodusport.fr\/blog\/classement-kuurne-bruxelles-kuurne-2024\/\"><em>Classement<\/em><\/a><\/p>\n<p style=\"text-align: justify;\"><strong>2023 :<\/strong>\u00a0BENOOT Tiesj \u2013\u00a0<a href=\"https:\/\/dicodusport.fr\/blog\/classement-kuurne-bruxelles-kuurne-2023\/\"><em>Classement<\/em><\/a><\/p>\n<p style=\"text-align: justify;\"><strong>2022 :<\/strong>\u00a0JAKOBSEN Fabio \u2013\u00a0<a href=\"https:\/\/dicodusport.fr\/blog\/kuurne-bruxelles-kuurne-2022-classement-course\/\"><em>Classement<\/em><\/a><\/p>\n<p style=\"text-align: justify;\"><strong>2021 :<\/strong>\u00a0PEDERSEN Mads \u2013\u00a0<a href=\"https:\/\/dicodusport.fr\/blog\/kuurne-bruxelles-kuurne-2021-classement-course\/\"><em>Classement<\/em><\/a><\/p>\n<p style=\"text-align: justify;\"><strong>2020 :<\/strong>\u00a0ASGREEN Kasper<\/p>\n<p style=\"text-align: justify;\"><strong>2019 :<\/strong>\u00a0JUNGELS Bob<\/p>\n<p style=\"text-align: justify;\"><strong>2018 :<\/strong>\u00a0GROENEWEGEN Dylan<\/p>\n<p style=\"text-align: justify;\"><strong>2017 :<\/strong>\u00a0SAGAN Peter<\/p>\n<p style=\"text-align: justify;\"><strong>2016 :<\/strong>\u00a0STUYVEN Jasper<\/p>\n<p style=\"text-align: justify;\"><strong>2015 :<\/strong>\u00a0CAVENDISH Mark<\/p>\n<p style=\"text-align: justify;\"><strong>2014 :<\/strong>\u00a0BOONEN Tom<\/p>\n<p style=\"text-align: justify;\"><strong>2012 :<\/strong>\u00a0CAVENDISH Mark<\/p>\n","protected":false},"excerpt":{"rendered":"<p>Kuurne-Bruxelles-Kuurne 2026 : parcours complet, profil, distance et principales difficult\u00e9s de la classique belge du week-end d\u2019ouverture flamand.\u00a0<\/p>\n","protected":false},"author":48,"featured_media":651154,"comment_status":"open","ping_status":"closed","sticky":false,"template":"","format":"standard","meta":{"_acf_changed":false,"_daextam_enable_autolinks":"1","footnotes":""},"categories":[46994],"tags":[32415,16878,574,11197,10042],"class_list":["post-649138","post","type-post","status-publish","format-standard","has-post-thumbnail","hentry","category-cyclisme-sur-route","tag-actu","tag-breve","tag-cyclisme","tag-cyclisme-sur-route","tag-kuurne-bruxelles-kuurne"],"acf":[],"yoast_head":"<!-- This site is optimized with the Yoast SEO Premium plugin v26.7 (Yoast SEO v26.7) - https:\/\/yoast.com\/wordpress\/plugins\/seo\/ -->\n<title>Kuurne-Bruxelles-Kuurne 2026 : parcours d\u00e9taill\u00e9 et profil de la course<\/title>\n<meta name=\"description\" content=\"Kuurne-Bruxelles-Kuurne 2026 : parcours complet, profil, distance et principales difficult\u00e9s de la classique belge du week-end d\u2019ouverture flamand.\u00a0\" \/>\n<meta name=\"robots\" content=\"index, follow, max-snippet:-1, max-image-preview:large, max-video-preview:-1\" \/>\n<link rel=\"canonical\" href=\"https:\/\/dicodusport.fr\/blog\/kuurne-bruxelles-kuurne-2026-parcours-detaille-et-profil-de-la-course\/\" \/>\n<meta property=\"og:locale\" content=\"fr_FR\" \/>\n<meta property=\"og:type\" content=\"article\" \/>\n<meta property=\"og:title\" content=\"Kuurne-Bruxelles-Kuurne 2026 : parcours d\u00e9taill\u00e9 et profil de la course\" \/>\n<meta property=\"og:description\" content=\"Kuurne-Bruxelles-Kuurne 2026 : parcours complet, profil, distance et principales difficult\u00e9s de la classique belge du week-end d\u2019ouverture flamand.\u00a0\" \/>\n<meta property=\"og:url\" content=\"https:\/\/dicodusport.fr\/blog\/kuurne-bruxelles-kuurne-2026-parcours-detaille-et-profil-de-la-course\/\" \/>\n<meta property=\"og:site_name\" content=\"Dicodusport\" \/>\n<meta property=\"article:publisher\" content=\"https:\/\/www.facebook.com\/dicodusport\" \/>\n<meta property=\"article:author\" content=\"https:\/\/www.facebook.com\/groups\/LesRoisDuPeloton\" \/>\n<meta property=\"article:published_time\" content=\"2026-03-01T07:59:34+00:00\" \/>\n<meta property=\"og:image\" content=\"https:\/\/dicodusport.fr\/blog\/wp-content\/uploads\/2026\/02\/Kuurne-Bruxelles-Kuurne-2026-parcours-detaille-et-profil-de-la-course.png\" \/>\n\t<meta property=\"og:image:width\" content=\"1200\" \/>\n\t<meta property=\"og:image:height\" content=\"674\" \/>\n\t<meta property=\"og:image:type\" content=\"image\/png\" \/>\n<meta name=\"author\" content=\"Emilien Descampiaux\" \/>\n<meta name=\"twitter:card\" content=\"summary_large_image\" \/>\n<meta name=\"twitter:title\" content=\"Kuurne-Bruxelles-Kuurne 2026 : parcours d\u00e9taill\u00e9 et profil de la course\" \/>\n<meta name=\"twitter:creator\" content=\"@https:\/\/twitter.com\/LRoisDuPeloton\" \/>\n<meta name=\"twitter:site\" content=\"@dicodusport\" \/>\n<script type=\"application\/ld+json\" class=\"yoast-schema-graph\">{\"@context\":\"https:\/\/schema.org\",\"@graph\":[{\"@type\":\"NewsArticle\",\"@id\":\"https:\/\/dicodusport.fr\/blog\/kuurne-bruxelles-kuurne-2026-parcours-detaille-et-profil-de-la-course\/#article\",\"isPartOf\":{\"@id\":\"https:\/\/dicodusport.fr\/blog\/kuurne-bruxelles-kuurne-2026-parcours-detaille-et-profil-de-la-course\/\"},\"author\":{\"name\":\"Emilien Descampiaux\",\"@id\":\"https:\/\/dicodusport.fr\/blog\/#\/schema\/person\/6db4bae06b171592211be385b32876a7\"},\"headline\":\"Kuurne-Bruxelles-Kuurne 2026 : parcours d\u00e9taill\u00e9 et profil de la course\",\"datePublished\":\"2026-03-01T07:59:34+00:00\",\"mainEntityOfPage\":{\"@id\":\"https:\/\/dicodusport.fr\/blog\/kuurne-bruxelles-kuurne-2026-parcours-detaille-et-profil-de-la-course\/\"},\"wordCount\":696,\"commentCount\":0,\"publisher\":{\"@id\":\"https:\/\/dicodusport.fr\/blog\/#organization\"},\"image\":{\"@id\":\"https:\/\/dicodusport.fr\/blog\/kuurne-bruxelles-kuurne-2026-parcours-detaille-et-profil-de-la-course\/#primaryimage\"},\"thumbnailUrl\":\"https:\/\/dicodusport.fr\/blog\/wp-content\/uploads\/2026\/02\/Kuurne-Bruxelles-Kuurne-2026-parcours-detaille-et-profil-de-la-course.png\",\"keywords\":[\"actu\",\"br\u00e8ve\",\"Cyclisme\",\"Cyclisme sur route\",\"Kuurne \u2013 Bruxelles \u2013 Kuurne\"],\"articleSection\":[\"Cyclisme sur route\"],\"inLanguage\":\"fr-FR\",\"potentialAction\":[{\"@type\":\"CommentAction\",\"name\":\"Comment\",\"target\":[\"https:\/\/dicodusport.fr\/blog\/kuurne-bruxelles-kuurne-2026-parcours-detaille-et-profil-de-la-course\/#respond\"]}],\"copyrightYear\":\"2026\",\"copyrightHolder\":{\"@id\":\"https:\/\/dicodusport.fr\/blog\/#organization\"}},{\"@type\":\"WebPage\",\"@id\":\"https:\/\/dicodusport.fr\/blog\/kuurne-bruxelles-kuurne-2026-parcours-detaille-et-profil-de-la-course\/\",\"url\":\"https:\/\/dicodusport.fr\/blog\/kuurne-bruxelles-kuurne-2026-parcours-detaille-et-profil-de-la-course\/\",\"name\":\"Kuurne-Bruxelles-Kuurne 2026 : parcours d\u00e9taill\u00e9 et profil de la course\",\"isPartOf\":{\"@id\":\"https:\/\/dicodusport.fr\/blog\/#website\"},\"primaryImageOfPage\":{\"@id\":\"https:\/\/dicodusport.fr\/blog\/kuurne-bruxelles-kuurne-2026-parcours-detaille-et-profil-de-la-course\/#primaryimage\"},\"image\":{\"@id\":\"https:\/\/dicodusport.fr\/blog\/kuurne-bruxelles-kuurne-2026-parcours-detaille-et-profil-de-la-course\/#primaryimage\"},\"thumbnailUrl\":\"https:\/\/dicodusport.fr\/blog\/wp-content\/uploads\/2026\/02\/Kuurne-Bruxelles-Kuurne-2026-parcours-detaille-et-profil-de-la-course.png\",\"datePublished\":\"2026-03-01T07:59:34+00:00\",\"description\":\"Kuurne-Bruxelles-Kuurne 2026 : parcours complet, profil, distance et principales difficult\u00e9s de la classique belge du week-end d\u2019ouverture flamand.\u00a0\",\"breadcrumb\":{\"@id\":\"https:\/\/dicodusport.fr\/blog\/kuurne-bruxelles-kuurne-2026-parcours-detaille-et-profil-de-la-course\/#breadcrumb\"},\"inLanguage\":\"fr-FR\",\"potentialAction\":[{\"@type\":\"ReadAction\",\"target\":[\"https:\/\/dicodusport.fr\/blog\/kuurne-bruxelles-kuurne-2026-parcours-detaille-et-profil-de-la-course\/\"]}]},{\"@type\":\"ImageObject\",\"inLanguage\":\"fr-FR\",\"@id\":\"https:\/\/dicodusport.fr\/blog\/kuurne-bruxelles-kuurne-2026-parcours-detaille-et-profil-de-la-course\/#primaryimage\",\"url\":\"https:\/\/dicodusport.fr\/blog\/wp-content\/uploads\/2026\/02\/Kuurne-Bruxelles-Kuurne-2026-parcours-detaille-et-profil-de-la-course.png\",\"contentUrl\":\"https:\/\/dicodusport.fr\/blog\/wp-content\/uploads\/2026\/02\/Kuurne-Bruxelles-Kuurne-2026-parcours-detaille-et-profil-de-la-course.png\",\"width\":1200,\"height\":674,\"caption\":\"Kuurne-Bruxelles-Kuurne 2026 parcours d\u00e9taill\u00e9 et profil de la course\"},{\"@type\":\"BreadcrumbList\",\"@id\":\"https:\/\/dicodusport.fr\/blog\/kuurne-bruxelles-kuurne-2026-parcours-detaille-et-profil-de-la-course\/#breadcrumb\",\"itemListElement\":[{\"@type\":\"ListItem\",\"position\":1,\"name\":\"Accueil\",\"item\":\"https:\/\/dicodusport.fr\/blog\/\"},{\"@type\":\"ListItem\",\"position\":2,\"name\":\"Kuurne-Bruxelles-Kuurne 2026 : parcours d\u00e9taill\u00e9 et profil de la course\"}]},{\"@type\":\"WebSite\",\"@id\":\"https:\/\/dicodusport.fr\/blog\/#website\",\"url\":\"https:\/\/dicodusport.fr\/blog\/\",\"name\":\"Dicodusport\",\"description\":\"L&#039;encyclop\u00e9die de l&#039;actualit\u00e9 sportive\",\"publisher\":{\"@id\":\"https:\/\/dicodusport.fr\/blog\/#organization\"},\"potentialAction\":[{\"@type\":\"SearchAction\",\"target\":{\"@type\":\"EntryPoint\",\"urlTemplate\":\"https:\/\/dicodusport.fr\/blog\/?s={search_term_string}\"},\"query-input\":{\"@type\":\"PropertyValueSpecification\",\"valueRequired\":true,\"valueName\":\"search_term_string\"}}],\"inLanguage\":\"fr-FR\"},{\"@type\":\"NewsMediaOrganization\",\"@id\":\"https:\/\/dicodusport.fr\/blog\/#organization\",\"name\":\"Dicodusport\",\"url\":\"https:\/\/dicodusport.fr\/blog\/\",\"logo\":{\"@type\":\"ImageObject\",\"inLanguage\":\"fr-FR\",\"@id\":\"https:\/\/dicodusport.fr\/blog\/#\/schema\/logo\/image\/\",\"url\":\"https:\/\/dicodusport.fr\/blog\/wp-content\/uploads\/2020\/06\/cropped-LOGO-DICODUSPORT-2020-SANS-FOND-SANS-TEXTE.png\",\"contentUrl\":\"https:\/\/dicodusport.fr\/blog\/wp-content\/uploads\/2020\/06\/cropped-LOGO-DICODUSPORT-2020-SANS-FOND-SANS-TEXTE.png\",\"width\":512,\"height\":512,\"caption\":\"Dicodusport\"},\"image\":{\"@id\":\"https:\/\/dicodusport.fr\/blog\/#\/schema\/logo\/image\/\"},\"sameAs\":[\"https:\/\/www.facebook.com\/dicodusport\",\"https:\/\/x.com\/dicodusport\",\"https:\/\/www.instagram.com\/dicodusport\/\",\"https:\/\/www.youtube.com\/channel\/UC7V2KZ5sd3htJivAbA4ZG3w\"],\"description\":\"Dicodusport est l'encyclop\u00e9die de l'actualit\u00e9 sportive.\",\"email\":\"bonjour@dicodusport.fr\",\"legalName\":\"DICODUSPORT\",\"foundingDate\":\"2018-01-14\",\"vatID\":\"FR71834470973\",\"taxID\":\"83447097300043\",\"numberOfEmployees\":{\"@type\":\"QuantitativeValue\",\"minValue\":\"1\",\"maxValue\":\"10\"}},{\"@type\":\"Person\",\"@id\":\"https:\/\/dicodusport.fr\/blog\/#\/schema\/person\/6db4bae06b171592211be385b32876a7\",\"name\":\"Emilien Descampiaux\",\"image\":{\"@type\":\"ImageObject\",\"inLanguage\":\"fr-FR\",\"@id\":\"https:\/\/dicodusport.fr\/blog\/#\/schema\/person\/image\/\",\"url\":\"https:\/\/dicodusport.fr\/blog\/wp-content\/uploads\/2021\/05\/Emilien-Descampiaux-150x150.jpg\",\"contentUrl\":\"https:\/\/dicodusport.fr\/blog\/wp-content\/uploads\/2021\/05\/Emilien-Descampiaux-150x150.jpg\",\"caption\":\"Emilien Descampiaux\"},\"description\":\"Journaliste\/r\u00e9dacteur depuis 2014 - Fan de la classe de Frank Vandenbroucke, je vis cyclisme (et de ses paysages) depuis plus de 20 ans. Je suis tr\u00e8s impliqu\u00e9 sur mes diff\u00e9rents r\u00e9seaux sociaux pour partager ma passion sur le monde et l'Histoire de la bicyclette avec ma voix sur les images en noir et blanc du succ\u00e8s de Rik Van Steenbergen lors du Ronde sur le V\u00e9lodrome de Gand.\",\"sameAs\":[\"https:\/\/www.facebook.com\/groups\/LesRoisDuPeloton\",\"https:\/\/x.com\/https:\/\/twitter.com\/LRoisDuPeloton\"],\"url\":\"https:\/\/dicodusport.fr\/blog\/author\/emiliend\/\"}]}<\/script>\n<!-- \/ Yoast SEO Premium plugin. -->","yoast_head_json":{"title":"Kuurne-Bruxelles-Kuurne 2026 : parcours d\u00e9taill\u00e9 et profil de la course","description":"Kuurne-Bruxelles-Kuurne 2026 : parcours complet, profil, distance et principales difficult\u00e9s de la classique belge du week-end d\u2019ouverture flamand.\u00a0","robots":{"index":"index","follow":"follow","max-snippet":"max-snippet:-1","max-image-preview":"max-image-preview:large","max-video-preview":"max-video-preview:-1"},"canonical":"https:\/\/dicodusport.fr\/blog\/kuurne-bruxelles-kuurne-2026-parcours-detaille-et-profil-de-la-course\/","og_locale":"fr_FR","og_type":"article","og_title":"Kuurne-Bruxelles-Kuurne 2026 : parcours d\u00e9taill\u00e9 et profil de la course","og_description":"Kuurne-Bruxelles-Kuurne 2026 : parcours complet, profil, distance et principales difficult\u00e9s de la classique belge du week-end d\u2019ouverture flamand.\u00a0","og_url":"https:\/\/dicodusport.fr\/blog\/kuurne-bruxelles-kuurne-2026-parcours-detaille-et-profil-de-la-course\/","og_site_name":"Dicodusport","article_publisher":"https:\/\/www.facebook.com\/dicodusport","article_author":"https:\/\/www.facebook.com\/groups\/LesRoisDuPeloton","article_published_time":"2026-03-01T07:59:34+00:00","og_image":[{"width":1200,"height":674,"url":"https:\/\/dicodusport.fr\/blog\/wp-content\/uploads\/2026\/02\/Kuurne-Bruxelles-Kuurne-2026-parcours-detaille-et-profil-de-la-course.png","type":"image\/png"}],"author":"Emilien Descampiaux","twitter_card":"summary_large_image","twitter_title":"Kuurne-Bruxelles-Kuurne 2026 : parcours d\u00e9taill\u00e9 et profil de la course","twitter_creator":"@https:\/\/twitter.com\/LRoisDuPeloton","twitter_site":"@dicodusport","schema":{"@context":"https:\/\/schema.org","@graph":[{"@type":"NewsArticle","@id":"https:\/\/dicodusport.fr\/blog\/kuurne-bruxelles-kuurne-2026-parcours-detaille-et-profil-de-la-course\/#article","isPartOf":{"@id":"https:\/\/dicodusport.fr\/blog\/kuurne-bruxelles-kuurne-2026-parcours-detaille-et-profil-de-la-course\/"},"author":{"name":"Emilien Descampiaux","@id":"https:\/\/dicodusport.fr\/blog\/#\/schema\/person\/6db4bae06b171592211be385b32876a7"},"headline":"Kuurne-Bruxelles-Kuurne 2026 : parcours d\u00e9taill\u00e9 et profil de la course","datePublished":"2026-03-01T07:59:34+00:00","mainEntityOfPage":{"@id":"https:\/\/dicodusport.fr\/blog\/kuurne-bruxelles-kuurne-2026-parcours-detaille-et-profil-de-la-course\/"},"wordCount":696,"commentCount":0,"publisher":{"@id":"https:\/\/dicodusport.fr\/blog\/#organization"},"image":{"@id":"https:\/\/dicodusport.fr\/blog\/kuurne-bruxelles-kuurne-2026-parcours-detaille-et-profil-de-la-course\/#primaryimage"},"thumbnailUrl":"https:\/\/dicodusport.fr\/blog\/wp-content\/uploads\/2026\/02\/Kuurne-Bruxelles-Kuurne-2026-parcours-detaille-et-profil-de-la-course.png","keywords":["actu","br\u00e8ve","Cyclisme","Cyclisme sur route","Kuurne \u2013 Bruxelles \u2013 Kuurne"],"articleSection":["Cyclisme sur route"],"inLanguage":"fr-FR","potentialAction":[{"@type":"CommentAction","name":"Comment","target":["https:\/\/dicodusport.fr\/blog\/kuurne-bruxelles-kuurne-2026-parcours-detaille-et-profil-de-la-course\/#respond"]}],"copyrightYear":"2026","copyrightHolder":{"@id":"https:\/\/dicodusport.fr\/blog\/#organization"}},{"@type":"WebPage","@id":"https:\/\/dicodusport.fr\/blog\/kuurne-bruxelles-kuurne-2026-parcours-detaille-et-profil-de-la-course\/","url":"https:\/\/dicodusport.fr\/blog\/kuurne-bruxelles-kuurne-2026-parcours-detaille-et-profil-de-la-course\/","name":"Kuurne-Bruxelles-Kuurne 2026 : parcours d\u00e9taill\u00e9 et profil de la course","isPartOf":{"@id":"https:\/\/dicodusport.fr\/blog\/#website"},"primaryImageOfPage":{"@id":"https:\/\/dicodusport.fr\/blog\/kuurne-bruxelles-kuurne-2026-parcours-detaille-et-profil-de-la-course\/#primaryimage"},"image":{"@id":"https:\/\/dicodusport.fr\/blog\/kuurne-bruxelles-kuurne-2026-parcours-detaille-et-profil-de-la-course\/#primaryimage"},"thumbnailUrl":"https:\/\/dicodusport.fr\/blog\/wp-content\/uploads\/2026\/02\/Kuurne-Bruxelles-Kuurne-2026-parcours-detaille-et-profil-de-la-course.png","datePublished":"2026-03-01T07:59:34+00:00","description":"Kuurne-Bruxelles-Kuurne 2026 : parcours complet, profil, distance et principales difficult\u00e9s de la classique belge du week-end d\u2019ouverture flamand.\u00a0","breadcrumb":{"@id":"https:\/\/dicodusport.fr\/blog\/kuurne-bruxelles-kuurne-2026-parcours-detaille-et-profil-de-la-course\/#breadcrumb"},"inLanguage":"fr-FR","potentialAction":[{"@type":"ReadAction","target":["https:\/\/dicodusport.fr\/blog\/kuurne-bruxelles-kuurne-2026-parcours-detaille-et-profil-de-la-course\/"]}]},{"@type":"ImageObject","inLanguage":"fr-FR","@id":"https:\/\/dicodusport.fr\/blog\/kuurne-bruxelles-kuurne-2026-parcours-detaille-et-profil-de-la-course\/#primaryimage","url":"https:\/\/dicodusport.fr\/blog\/wp-content\/uploads\/2026\/02\/Kuurne-Bruxelles-Kuurne-2026-parcours-detaille-et-profil-de-la-course.png","contentUrl":"https:\/\/dicodusport.fr\/blog\/wp-content\/uploads\/2026\/02\/Kuurne-Bruxelles-Kuurne-2026-parcours-detaille-et-profil-de-la-course.png","width":1200,"height":674,"caption":"Kuurne-Bruxelles-Kuurne 2026 parcours d\u00e9taill\u00e9 et profil de la course"},{"@type":"BreadcrumbList","@id":"https:\/\/dicodusport.fr\/blog\/kuurne-bruxelles-kuurne-2026-parcours-detaille-et-profil-de-la-course\/#breadcrumb","itemListElement":[{"@type":"ListItem","position":1,"name":"Accueil","item":"https:\/\/dicodusport.fr\/blog\/"},{"@type":"ListItem","position":2,"name":"Kuurne-Bruxelles-Kuurne 2026 : parcours d\u00e9taill\u00e9 et profil de la course"}]},{"@type":"WebSite","@id":"https:\/\/dicodusport.fr\/blog\/#website","url":"https:\/\/dicodusport.fr\/blog\/","name":"Dicodusport","description":"L&#039;encyclop\u00e9die de l&#039;actualit\u00e9 sportive","publisher":{"@id":"https:\/\/dicodusport.fr\/blog\/#organization"},"potentialAction":[{"@type":"SearchAction","target":{"@type":"EntryPoint","urlTemplate":"https:\/\/dicodusport.fr\/blog\/?s={search_term_string}"},"query-input":{"@type":"PropertyValueSpecification","valueRequired":true,"valueName":"search_term_string"}}],"inLanguage":"fr-FR"},{"@type":"NewsMediaOrganization","@id":"https:\/\/dicodusport.fr\/blog\/#organization","name":"Dicodusport","url":"https:\/\/dicodusport.fr\/blog\/","logo":{"@type":"ImageObject","inLanguage":"fr-FR","@id":"https:\/\/dicodusport.fr\/blog\/#\/schema\/logo\/image\/","url":"https:\/\/dicodusport.fr\/blog\/wp-content\/uploads\/2020\/06\/cropped-LOGO-DICODUSPORT-2020-SANS-FOND-SANS-TEXTE.png","contentUrl":"https:\/\/dicodusport.fr\/blog\/wp-content\/uploads\/2020\/06\/cropped-LOGO-DICODUSPORT-2020-SANS-FOND-SANS-TEXTE.png","width":512,"height":512,"caption":"Dicodusport"},"image":{"@id":"https:\/\/dicodusport.fr\/blog\/#\/schema\/logo\/image\/"},"sameAs":["https:\/\/www.facebook.com\/dicodusport","https:\/\/x.com\/dicodusport","https:\/\/www.instagram.com\/dicodusport\/","https:\/\/www.youtube.com\/channel\/UC7V2KZ5sd3htJivAbA4ZG3w"],"description":"Dicodusport est l'encyclop\u00e9die de l'actualit\u00e9 sportive.","email":"bonjour@dicodusport.fr","legalName":"DICODUSPORT","foundingDate":"2018-01-14","vatID":"FR71834470973","taxID":"83447097300043","numberOfEmployees":{"@type":"QuantitativeValue","minValue":"1","maxValue":"10"}},{"@type":"Person","@id":"https:\/\/dicodusport.fr\/blog\/#\/schema\/person\/6db4bae06b171592211be385b32876a7","name":"Emilien Descampiaux","image":{"@type":"ImageObject","inLanguage":"fr-FR","@id":"https:\/\/dicodusport.fr\/blog\/#\/schema\/person\/image\/","url":"https:\/\/dicodusport.fr\/blog\/wp-content\/uploads\/2021\/05\/Emilien-Descampiaux-150x150.jpg","contentUrl":"https:\/\/dicodusport.fr\/blog\/wp-content\/uploads\/2021\/05\/Emilien-Descampiaux-150x150.jpg","caption":"Emilien Descampiaux"},"description":"Journaliste\/r\u00e9dacteur depuis 2014 - Fan de la classe de Frank Vandenbroucke, je vis cyclisme (et de ses paysages) depuis plus de 20 ans. Je suis tr\u00e8s impliqu\u00e9 sur mes diff\u00e9rents r\u00e9seaux sociaux pour partager ma passion sur le monde et l'Histoire de la bicyclette avec ma voix sur les images en noir et blanc du succ\u00e8s de Rik Van Steenbergen lors du Ronde sur le V\u00e9lodrome de Gand.","sameAs":["https:\/\/www.facebook.com\/groups\/LesRoisDuPeloton","https:\/\/x.com\/https:\/\/twitter.com\/LRoisDuPeloton"],"url":"https:\/\/dicodusport.fr\/blog\/author\/emiliend\/"}]}},"_links":{"self":[{"href":"https:\/\/dicodusport.fr\/blog\/wp-json\/wp\/v2\/posts\/649138","targetHints":{"allow":["GET"]}}],"collection":[{"href":"https:\/\/dicodusport.fr\/blog\/wp-json\/wp\/v2\/posts"}],"about":[{"href":"https:\/\/dicodusport.fr\/blog\/wp-json\/wp\/v2\/types\/post"}],"author":[{"embeddable":true,"href":"https:\/\/dicodusport.fr\/blog\/wp-json\/wp\/v2\/users\/48"}],"replies":[{"embeddable":true,"href":"https:\/\/dicodusport.fr\/blog\/wp-json\/wp\/v2\/comments?post=649138"}],"version-history":[{"count":5,"href":"https:\/\/dicodusport.fr\/blog\/wp-json\/wp\/v2\/posts\/649138\/revisions"}],"predecessor-version":[{"id":651695,"href":"https:\/\/dicodusport.fr\/blog\/wp-json\/wp\/v2\/posts\/649138\/revisions\/651695"}],"wp:featuredmedia":[{"embeddable":true,"href":"https:\/\/dicodusport.fr\/blog\/wp-json\/wp\/v2\/media\/651154"}],"wp:attachment":[{"href":"https:\/\/dicodusport.fr\/blog\/wp-json\/wp\/v2\/media?parent=649138"}],"wp:term":[{"taxonomy":"category","embeddable":true,"href":"https:\/\/dicodusport.fr\/blog\/wp-json\/wp\/v2\/categories?post=649138"},{"taxonomy":"post_tag","embeddable":true,"href":"https:\/\/dicodusport.fr\/blog\/wp-json\/wp\/v2\/tags?post=649138"}],"curies":[{"name":"wp","href":"https:\/\/api.w.org\/{rel}","templated":true}]}}