{"id":649320,"date":"2026-02-19T23:00:08","date_gmt":"2026-02-19T22:00:08","guid":{"rendered":"https:\/\/dicodusport.fr\/blog\/?p=649320&#038;preview=true&#038;preview_id=649320"},"modified":"2026-02-19T23:15:50","modified_gmt":"2026-02-19T22:15:50","slug":"le-losc-puni-par-letoile-rouge-et-sous-pression-avant-le-barrage-retour-a-belgrade-en-ligue-europa","status":"publish","type":"post","link":"https:\/\/dicodusport.fr\/blog\/le-losc-puni-par-letoile-rouge-et-sous-pression-avant-le-barrage-retour-a-belgrade-en-ligue-europa\/","title":{"rendered":"Le LOSC puni par l\u2019\u00c9toile Rouge et sous pression avant le barrage retour \u00e0 Belgrade en Ligue Europa"},"content":{"rendered":"<p style=\"text-align: justify;\"><strong><em>LIGUE EUROPA 2025\/2026 &#8211; La s\u00e9rie noire continue pour le LOSC, battu \u00e0 domicile par l\u2019\u00c9toile Rouge de Belgrade (0-1) et contraint de r\u00e9agir, dans une semaine, \u00e0 Belgrade.<\/em><\/strong><\/p>\n<p style=\"text-align: justify;\">Actuellement sur une s\u00e9rie noire d\u2019une victoire sur les neuf derni\u00e8res rencontres, toutes comp\u00e9titions confondues, le LOSC doit r\u00e9agir. Dans une comp\u00e9tition qui compte leur seule victoire de la s\u00e9rie, face \u00e0 <strong>Fribourg<\/strong> lors de la derni\u00e8re journ\u00e9e de phase r\u00e9guli\u00e8re de <strong>Ligue Europa<\/strong>, <strong>Bruno Genesio<\/strong> a d\u00fb composer avec de nombreux bless\u00e9s comme <strong>Igamane<\/strong> ou <strong>Mbapp\u00e9<\/strong>, ce qui permet \u00e0 <strong>Perrin<\/strong> d\u2019entrer dans le onze apr\u00e8s son but face \u00e0 <strong>Brest<\/strong>.<\/p>\n<p style=\"text-align: justify;\">Du c\u00f4t\u00e9 de l\u2019<strong>\u00c9toile Rouge de Belgrade<\/strong>, beaucoup de turnovers \u00e9galement \u00e0 cause du derby de <strong>Belgrade<\/strong> le week-end prochain face au <strong>Partizan<\/strong>.<\/p>\n<h2 style=\"text-align: justify;\">Des Lillois peu dangereux\u2026<\/h2>\n<p style=\"text-align: justify;\">L\u2019entame de match a \u00e9t\u00e9 compliqu\u00e9e pour les <strong>Dogues<\/strong>, ayant du mal \u00e0 contourner le pressing adverse. Les pertes de balle lilloises ont donn\u00e9 lieu \u00e0 des occasions, notamment \u00e0 de nombreux corners pour les Serbes. Apr\u00e8s cinq \u00e0 dix minutes de domination claire de <strong>Belgrade<\/strong>, les <strong>Lillois<\/strong> ont gagn\u00e9 en confiance. Les offensifs ont commenc\u00e9 \u00e0 se montrer, comme sur la premi\u00e8re occasion de <strong>F\u00e9lix Correia<\/strong> apr\u00e8s un bel encha\u00eenement pour entrer dans la surface.<\/p>\n<p style=\"text-align: justify;\">Malgr\u00e9 des duels difficiles pour la charni\u00e8re centrale face au grand attaquant <strong>Emem<\/strong>, l\u2019<strong>\u00c9toile Rouge<\/strong> a pein\u00e9 \u00e0 se cr\u00e9er de vraies occasions, \u00e0 l\u2019inverse des <strong>Lillois<\/strong>. Ce fut le cas avec la frappe de <strong>Fern\u00e1ndez-Pardo<\/strong>, en conclusion d\u2019une contre-attaque \u00e0 la suite d\u2019un tr\u00e8s bon tacle de <strong>Mandi<\/strong>. Mais encore une fois, la frappe est rat\u00e9e et ce fut la derni\u00e8re occasion lilloise en premi\u00e8re p\u00e9riode.<\/p>\n<p style=\"text-align: justify;\">Mais le milieu et la d\u00e9fense lillois ont laiss\u00e9 trop d\u2019espaces et de facilit\u00e9s aux attaques serbes au fur et \u00e0 mesure. Puis, la domination de l\u2019<strong>\u00c9toile Rouge<\/strong> s\u2019est accentu\u00e9e en fin de premi\u00e8re p\u00e9riode, jusqu\u2019au temps additionnel. Sur un corner mal tir\u00e9 par <strong>Handel<\/strong>, le ballon traverse la surface lilloise jusqu\u2019\u00e0 <strong>Tebo Uchenna<\/strong>. Le d\u00e9fenseur nig\u00e9rian, seul dans les six m\u00e8tres, n\u2019a plus qu\u2019\u00e0 pousser le ballon au fond pour l\u2019ouverture du score (<strong>0-1, 45+1&prime;<\/strong>). Dans une premi\u00e8re p\u00e9riode difficile, le <strong>LOSC<\/strong> est logiquement rentr\u00e9 aux vestiaires men\u00e9 au score.<\/p>\n<blockquote class=\"twitter-tweet\">\n<p dir=\"ltr\" lang=\"fr\">Lille craque juste avant la mi-temps face \u00e0 l&rsquo;\u00c9toile Rouge \ud83d\ude2c<\/p>\n<p>\ud83d\udda5\ufe0f Il va rester 45 minutes aux Lillois sur CANAL+ FOOT pour remonter le score et \u00e9viter une d\u00e9faite \u00e0 domicile.<a href=\"https:\/\/twitter.com\/hashtag\/UEL?src=hash&amp;ref_src=twsrc%5Etfw\">#UEL<\/a> <a href=\"https:\/\/t.co\/hUWfQnDVOo\">pic.twitter.com\/hUWfQnDVOo<\/a><\/p>\n<p>\u2014 CANAL+ Foot (@CanalplusFoot) <a href=\"https:\/\/twitter.com\/CanalplusFoot\/status\/2024588863398711716?ref_src=twsrc%5Etfw\">February 19, 2026<\/a><\/p><\/blockquote>\n<h2><script async src=\"https:\/\/platform.twitter.com\/widgets.js\" charset=\"utf-8\"><\/script><\/h2>\n<h2 style=\"text-align: justify;\">Lille ne trouve pas la faille<\/h2>\n<p style=\"text-align: justify;\">Au retour des vestiaires, <strong>Genesio<\/strong> a effectu\u00e9 deux changements pour inverser la tendance. <strong>Tiago Santos<\/strong> remplace <strong>Haraldsson<\/strong> pour prendre le c\u00f4t\u00e9 droit de la d\u00e9fense. <strong>Bouaddi<\/strong> a \u00e9t\u00e9 replac\u00e9 au milieu de terrain aux c\u00f4t\u00e9s d\u2019<strong>Andr\u00e9<\/strong> et <strong>Bentaleb<\/strong>, rempla\u00e7ant \u00e9galement <strong>Mukau<\/strong>. Apr\u00e8s quelques minutes compliqu\u00e9es, ce nouveau trio a permis au <strong>LOSC<\/strong> de reprendre le contr\u00f4le du match.<\/p>\n<p style=\"text-align: justify;\">Mais cette possession s\u2019est r\u00e9v\u00e9l\u00e9e peu dangereuse, les corners \u00e9tant les seules armes lilloises sans se conclure par des tirs. \u00c0 l\u2019inverse, l\u2019<strong>\u00c9toile Rouge de Belgrade<\/strong> a eu l\u2019occasion de faire le break sur une tentative d\u2019<strong>Arnautovi\u0107<\/strong>. <strong>Berke \u00d6zer<\/strong> s\u2019est montr\u00e9 d\u00e9cisif devant le Serbe pour garder l\u2019espoir du <strong>LOSC<\/strong> (66&prime;).<\/p>\n<p style=\"text-align: justify;\">Cette occasion a agi comme un l\u00e9ger \u00e9lectrochoc pour <strong>Lille<\/strong>. La domination nordiste s\u2019est ensuite faite plus pressante dans la surface adverse. Apr\u00e8s une frappe contr\u00e9e de <strong>Santos<\/strong>, c\u2019est l\u2019autre lat\u00e9ral, <strong>Perraud<\/strong>, qui a tent\u00e9 sa chance. Il s\u2019agit de la premi\u00e8re frappe cadr\u00e9e du match, trop facile toutefois pour le gardien de l\u2019<strong>\u00c9toile Rouge<\/strong> (80&prime;).<\/p>\n<p style=\"text-align: justify;\">Malgr\u00e9 quelques tentatives du <strong>LOSC<\/strong> dans le temps additionnel, les Serbes ont su contr\u00f4ler le jeu et le score en fin de rencontre. Une nouvelle d\u00e9faite pour les <strong>Lillois<\/strong>, qui prolongent leur s\u00e9rie noire en 2026.<\/p>\n<blockquote class=\"twitter-tweet\">\n<p dir=\"ltr\" lang=\"fr\">\ud83d\ude28 Le LOSC n\u2019y arrive toujours pas et s\u2019incline \u00e0 domicile face \u00e0 l\u2019\u00c9toile de Belgrade dans le barrage aller de Ligue Europa !<\/p>\n<p>\ud83d\ude2c Les hommes des Bruno Genesio restent sur 1 victoire lors des 10 derniers matches TCC <a href=\"https:\/\/twitter.com\/hashtag\/UEL?src=hash&amp;ref_src=twsrc%5Etfw\">#UEL<\/a> <a href=\"https:\/\/t.co\/whWTWRTikb\">pic.twitter.com\/whWTWRTikb<\/a><\/p>\n<p>\u2014 CANAL+ Foot (@CanalplusFoot) <a href=\"https:\/\/twitter.com\/CanalplusFoot\/status\/2024605502194278532?ref_src=twsrc%5Etfw\">February 19, 2026<\/a><\/p><\/blockquote>\n<p><script async src=\"https:\/\/platform.twitter.com\/widgets.js\" charset=\"utf-8\"><\/script><\/p>\n<div id=\"gtx-trans\" style=\"position: absolute; left: -14px; top: 40.9091px;\">\n<div class=\"gtx-trans-icon\"><\/div>\n<\/div>\n","protected":false},"excerpt":{"rendered":"<p>La s\u00e9rie noire continue pour le LOSC, battu \u00e0 domicile par l\u2019\u00c9toile Rouge de Belgrade (0-1) et contraint de r\u00e9agir, dans une semaine, \u00e0 Belgrade.<\/p>\n","protected":false},"author":110,"featured_media":649340,"comment_status":"open","ping_status":"closed","sticky":false,"template":"","format":"standard","meta":{"_acf_changed":false,"_daextam_enable_autolinks":"1","footnotes":""},"categories":[2301],"tags":[32415,16878,21651,4437,19345],"class_list":["post-649320","post","type-post","status-publish","format-standard","has-post-thumbnail","hentry","category-football","tag-actu","tag-breve","tag-etoile-rouge-de-belgrade","tag-ligue-europa","tag-lille-osc"],"acf":[],"yoast_head":"<!-- This site is optimized with the Yoast SEO Premium plugin v26.7 (Yoast SEO v26.7) - https:\/\/yoast.com\/wordpress\/plugins\/seo\/ -->\n<title>Le LOSC puni par l\u2019\u00c9toile Rouge et sous pression avant le barrage retour \u00e0 Belgrade en Ligue Europa<\/title>\n<meta name=\"description\" content=\"La s\u00e9rie noire continue pour le LOSC, battu \u00e0 domicile par l\u2019\u00c9toile Rouge de Belgrade (0-1) et contraint de r\u00e9agir, dans une semaine, \u00e0 Belgrade.\" \/>\n<meta name=\"robots\" content=\"index, follow, max-snippet:-1, max-image-preview:large, max-video-preview:-1\" \/>\n<link rel=\"canonical\" href=\"https:\/\/dicodusport.fr\/blog\/le-losc-puni-par-letoile-rouge-et-sous-pression-avant-le-barrage-retour-a-belgrade-en-ligue-europa\/\" \/>\n<meta property=\"og:locale\" content=\"fr_FR\" \/>\n<meta property=\"og:type\" content=\"article\" \/>\n<meta property=\"og:title\" content=\"Le LOSC puni par l\u2019\u00c9toile Rouge et sous pression avant le barrage retour \u00e0 Belgrade en Ligue Europa\" \/>\n<meta property=\"og:description\" content=\"La s\u00e9rie noire continue pour le LOSC, battu \u00e0 domicile par l\u2019\u00c9toile Rouge de Belgrade (0-1) et contraint de r\u00e9agir, dans une semaine, \u00e0 Belgrade.\" \/>\n<meta property=\"og:url\" content=\"https:\/\/dicodusport.fr\/blog\/le-losc-puni-par-letoile-rouge-et-sous-pression-avant-le-barrage-retour-a-belgrade-en-ligue-europa\/\" \/>\n<meta property=\"og:site_name\" content=\"Dicodusport\" \/>\n<meta property=\"article:publisher\" content=\"https:\/\/www.facebook.com\/dicodusport\" \/>\n<meta property=\"article:published_time\" content=\"2026-02-19T22:00:08+00:00\" \/>\n<meta property=\"article:modified_time\" content=\"2026-02-19T22:15:50+00:00\" \/>\n<meta property=\"og:image\" content=\"https:\/\/dicodusport.fr\/blog\/wp-content\/uploads\/2026\/02\/Le-LOSC-puni-par-lEtoile-Rouge-et-sous-pression-avant-le-barrage-retour-a-Belgrade-en-Ligue-Europa.png\" \/>\n\t<meta property=\"og:image:width\" content=\"1200\" \/>\n\t<meta property=\"og:image:height\" content=\"674\" \/>\n\t<meta property=\"og:image:type\" content=\"image\/png\" \/>\n<meta name=\"author\" content=\"Malo Clement\" \/>\n<meta name=\"twitter:card\" content=\"summary_large_image\" \/>\n<meta name=\"twitter:title\" content=\"Le LOSC puni par l\u2019\u00c9toile Rouge et sous pression avant le barrage retour \u00e0 Belgrade en Ligue Europa\" \/>\n<meta name=\"twitter:creator\" content=\"@dicodusport\" \/>\n<meta name=\"twitter:site\" content=\"@dicodusport\" \/>\n<script type=\"application\/ld+json\" class=\"yoast-schema-graph\">{\"@context\":\"https:\/\/schema.org\",\"@graph\":[{\"@type\":\"NewsArticle\",\"@id\":\"https:\/\/dicodusport.fr\/blog\/le-losc-puni-par-letoile-rouge-et-sous-pression-avant-le-barrage-retour-a-belgrade-en-ligue-europa\/#article\",\"isPartOf\":{\"@id\":\"https:\/\/dicodusport.fr\/blog\/le-losc-puni-par-letoile-rouge-et-sous-pression-avant-le-barrage-retour-a-belgrade-en-ligue-europa\/\"},\"author\":{\"name\":\"Malo Clement\",\"@id\":\"https:\/\/dicodusport.fr\/blog\/#\/schema\/person\/c28883329a45cc92814310316945b3ce\"},\"headline\":\"Le LOSC puni par l\u2019\u00c9toile Rouge et sous pression avant le barrage retour \u00e0 Belgrade en Ligue Europa\",\"datePublished\":\"2026-02-19T22:00:08+00:00\",\"dateModified\":\"2026-02-19T22:15:50+00:00\",\"mainEntityOfPage\":{\"@id\":\"https:\/\/dicodusport.fr\/blog\/le-losc-puni-par-letoile-rouge-et-sous-pression-avant-le-barrage-retour-a-belgrade-en-ligue-europa\/\"},\"wordCount\":737,\"commentCount\":0,\"publisher\":{\"@id\":\"https:\/\/dicodusport.fr\/blog\/#organization\"},\"image\":{\"@id\":\"https:\/\/dicodusport.fr\/blog\/le-losc-puni-par-letoile-rouge-et-sous-pression-avant-le-barrage-retour-a-belgrade-en-ligue-europa\/#primaryimage\"},\"thumbnailUrl\":\"https:\/\/dicodusport.fr\/blog\/wp-content\/uploads\/2026\/02\/Le-LOSC-puni-par-lEtoile-Rouge-et-sous-pression-avant-le-barrage-retour-a-Belgrade-en-Ligue-Europa.png\",\"keywords\":[\"actu\",\"br\u00e8ve\",\"\u00c9toile Rouge de Belgrade\",\"Ligue Europa\",\"Lille OSC\"],\"articleSection\":[\"Football\"],\"inLanguage\":\"fr-FR\",\"potentialAction\":[{\"@type\":\"CommentAction\",\"name\":\"Comment\",\"target\":[\"https:\/\/dicodusport.fr\/blog\/le-losc-puni-par-letoile-rouge-et-sous-pression-avant-le-barrage-retour-a-belgrade-en-ligue-europa\/#respond\"]}],\"copyrightYear\":\"2026\",\"copyrightHolder\":{\"@id\":\"https:\/\/dicodusport.fr\/blog\/#organization\"}},{\"@type\":\"WebPage\",\"@id\":\"https:\/\/dicodusport.fr\/blog\/le-losc-puni-par-letoile-rouge-et-sous-pression-avant-le-barrage-retour-a-belgrade-en-ligue-europa\/\",\"url\":\"https:\/\/dicodusport.fr\/blog\/le-losc-puni-par-letoile-rouge-et-sous-pression-avant-le-barrage-retour-a-belgrade-en-ligue-europa\/\",\"name\":\"Le LOSC puni par l\u2019\u00c9toile Rouge et sous pression avant le barrage retour \u00e0 Belgrade en Ligue Europa\",\"isPartOf\":{\"@id\":\"https:\/\/dicodusport.fr\/blog\/#website\"},\"primaryImageOfPage\":{\"@id\":\"https:\/\/dicodusport.fr\/blog\/le-losc-puni-par-letoile-rouge-et-sous-pression-avant-le-barrage-retour-a-belgrade-en-ligue-europa\/#primaryimage\"},\"image\":{\"@id\":\"https:\/\/dicodusport.fr\/blog\/le-losc-puni-par-letoile-rouge-et-sous-pression-avant-le-barrage-retour-a-belgrade-en-ligue-europa\/#primaryimage\"},\"thumbnailUrl\":\"https:\/\/dicodusport.fr\/blog\/wp-content\/uploads\/2026\/02\/Le-LOSC-puni-par-lEtoile-Rouge-et-sous-pression-avant-le-barrage-retour-a-Belgrade-en-Ligue-Europa.png\",\"datePublished\":\"2026-02-19T22:00:08+00:00\",\"dateModified\":\"2026-02-19T22:15:50+00:00\",\"description\":\"La s\u00e9rie noire continue pour le LOSC, battu \u00e0 domicile par l\u2019\u00c9toile Rouge de Belgrade (0-1) et contraint de r\u00e9agir, dans une semaine, \u00e0 Belgrade.\",\"breadcrumb\":{\"@id\":\"https:\/\/dicodusport.fr\/blog\/le-losc-puni-par-letoile-rouge-et-sous-pression-avant-le-barrage-retour-a-belgrade-en-ligue-europa\/#breadcrumb\"},\"inLanguage\":\"fr-FR\",\"potentialAction\":[{\"@type\":\"ReadAction\",\"target\":[\"https:\/\/dicodusport.fr\/blog\/le-losc-puni-par-letoile-rouge-et-sous-pression-avant-le-barrage-retour-a-belgrade-en-ligue-europa\/\"]}]},{\"@type\":\"ImageObject\",\"inLanguage\":\"fr-FR\",\"@id\":\"https:\/\/dicodusport.fr\/blog\/le-losc-puni-par-letoile-rouge-et-sous-pression-avant-le-barrage-retour-a-belgrade-en-ligue-europa\/#primaryimage\",\"url\":\"https:\/\/dicodusport.fr\/blog\/wp-content\/uploads\/2026\/02\/Le-LOSC-puni-par-lEtoile-Rouge-et-sous-pression-avant-le-barrage-retour-a-Belgrade-en-Ligue-Europa.png\",\"contentUrl\":\"https:\/\/dicodusport.fr\/blog\/wp-content\/uploads\/2026\/02\/Le-LOSC-puni-par-lEtoile-Rouge-et-sous-pression-avant-le-barrage-retour-a-Belgrade-en-Ligue-Europa.png\",\"width\":1200,\"height\":674,\"caption\":\"Le LOSC puni par l\u2019\u00c9toile Rouge et sous pression avant le barrage retour \u00e0 Belgrade en Ligue Europa\"},{\"@type\":\"BreadcrumbList\",\"@id\":\"https:\/\/dicodusport.fr\/blog\/le-losc-puni-par-letoile-rouge-et-sous-pression-avant-le-barrage-retour-a-belgrade-en-ligue-europa\/#breadcrumb\",\"itemListElement\":[{\"@type\":\"ListItem\",\"position\":1,\"name\":\"Accueil\",\"item\":\"https:\/\/dicodusport.fr\/blog\/\"},{\"@type\":\"ListItem\",\"position\":2,\"name\":\"Le LOSC puni par l\u2019\u00c9toile Rouge et sous pression avant le barrage retour \u00e0 Belgrade en Ligue Europa\"}]},{\"@type\":\"WebSite\",\"@id\":\"https:\/\/dicodusport.fr\/blog\/#website\",\"url\":\"https:\/\/dicodusport.fr\/blog\/\",\"name\":\"Dicodusport\",\"description\":\"L&#039;encyclop\u00e9die de l&#039;actualit\u00e9 sportive\",\"publisher\":{\"@id\":\"https:\/\/dicodusport.fr\/blog\/#organization\"},\"potentialAction\":[{\"@type\":\"SearchAction\",\"target\":{\"@type\":\"EntryPoint\",\"urlTemplate\":\"https:\/\/dicodusport.fr\/blog\/?s={search_term_string}\"},\"query-input\":{\"@type\":\"PropertyValueSpecification\",\"valueRequired\":true,\"valueName\":\"search_term_string\"}}],\"inLanguage\":\"fr-FR\"},{\"@type\":\"NewsMediaOrganization\",\"@id\":\"https:\/\/dicodusport.fr\/blog\/#organization\",\"name\":\"Dicodusport\",\"url\":\"https:\/\/dicodusport.fr\/blog\/\",\"logo\":{\"@type\":\"ImageObject\",\"inLanguage\":\"fr-FR\",\"@id\":\"https:\/\/dicodusport.fr\/blog\/#\/schema\/logo\/image\/\",\"url\":\"https:\/\/dicodusport.fr\/blog\/wp-content\/uploads\/2020\/06\/cropped-LOGO-DICODUSPORT-2020-SANS-FOND-SANS-TEXTE.png\",\"contentUrl\":\"https:\/\/dicodusport.fr\/blog\/wp-content\/uploads\/2020\/06\/cropped-LOGO-DICODUSPORT-2020-SANS-FOND-SANS-TEXTE.png\",\"width\":512,\"height\":512,\"caption\":\"Dicodusport\"},\"image\":{\"@id\":\"https:\/\/dicodusport.fr\/blog\/#\/schema\/logo\/image\/\"},\"sameAs\":[\"https:\/\/www.facebook.com\/dicodusport\",\"https:\/\/x.com\/dicodusport\",\"https:\/\/www.instagram.com\/dicodusport\/\",\"https:\/\/www.youtube.com\/channel\/UC7V2KZ5sd3htJivAbA4ZG3w\"],\"description\":\"Dicodusport est l'encyclop\u00e9die de l'actualit\u00e9 sportive.\",\"email\":\"bonjour@dicodusport.fr\",\"legalName\":\"DICODUSPORT\",\"foundingDate\":\"2018-01-14\",\"vatID\":\"FR71834470973\",\"taxID\":\"83447097300043\",\"numberOfEmployees\":{\"@type\":\"QuantitativeValue\",\"minValue\":\"1\",\"maxValue\":\"10\"}},{\"@type\":\"Person\",\"@id\":\"https:\/\/dicodusport.fr\/blog\/#\/schema\/person\/c28883329a45cc92814310316945b3ce\",\"name\":\"Malo Clement\",\"image\":{\"@type\":\"ImageObject\",\"inLanguage\":\"fr-FR\",\"@id\":\"https:\/\/dicodusport.fr\/blog\/#\/schema\/person\/image\/\",\"url\":\"https:\/\/dicodusport.fr\/blog\/wp-content\/uploads\/2025\/02\/Maillot-Dicodusport-Malo-150x150.png\",\"contentUrl\":\"https:\/\/dicodusport.fr\/blog\/wp-content\/uploads\/2025\/02\/Maillot-Dicodusport-Malo-150x150.png\",\"caption\":\"Malo Clement\"},\"description\":\"Fan de sport depuis mes 10 ans, mes premiers souvenirs de stade sont le Racing M\u00e9tro 92 \u00e0 Yves du Manoir, le XV de France et le PSG de Nen\u00ea. Celui d\u2019Ibra, Lucas, Cavani et Verratti m\u2019ont d\u00e9finitivement emport\u00e9 dans le football, au d\u00e9sarroi de ma famille. Entre les finales perdues de Champions Cup et les m\u00e9saventures en Ligue des Champions, j\u2019ai eu le nez fin. Au-del\u00e0 de mes clubs franciliens, je m\u2019int\u00e9resse au sport en g\u00e9n\u00e9ral et principalement \u00e0 la d\u00e9couverte de jeunes sportifs. Cela a commenc\u00e9 par Football Manager et j'ai repris \u00e7a avec les sports automobiles. Depuis 2020, mes dimanches apr\u00e8s-midi sont occup\u00e9s par Julien F\u00e9breau et la Formule 1. L\u2019endurance, la F2, la F3 et les autres championnats compl\u00e8tent mes week-ends. J\u2019ai rejoint Dicodusport en novembre 2024 et je suis ravi d\u2019\u00eatre le cadet de la r\u00e9daction.\",\"url\":\"https:\/\/dicodusport.fr\/blog\/author\/clement-malo\/\"}]}<\/script>\n<!-- \/ Yoast SEO Premium plugin. -->","yoast_head_json":{"title":"Le LOSC puni par l\u2019\u00c9toile Rouge et sous pression avant le barrage retour \u00e0 Belgrade en Ligue Europa","description":"La s\u00e9rie noire continue pour le LOSC, battu \u00e0 domicile par l\u2019\u00c9toile Rouge de Belgrade (0-1) et contraint de r\u00e9agir, dans une semaine, \u00e0 Belgrade.","robots":{"index":"index","follow":"follow","max-snippet":"max-snippet:-1","max-image-preview":"max-image-preview:large","max-video-preview":"max-video-preview:-1"},"canonical":"https:\/\/dicodusport.fr\/blog\/le-losc-puni-par-letoile-rouge-et-sous-pression-avant-le-barrage-retour-a-belgrade-en-ligue-europa\/","og_locale":"fr_FR","og_type":"article","og_title":"Le LOSC puni par l\u2019\u00c9toile Rouge et sous pression avant le barrage retour \u00e0 Belgrade en Ligue Europa","og_description":"La s\u00e9rie noire continue pour le LOSC, battu \u00e0 domicile par l\u2019\u00c9toile Rouge de Belgrade (0-1) et contraint de r\u00e9agir, dans une semaine, \u00e0 Belgrade.","og_url":"https:\/\/dicodusport.fr\/blog\/le-losc-puni-par-letoile-rouge-et-sous-pression-avant-le-barrage-retour-a-belgrade-en-ligue-europa\/","og_site_name":"Dicodusport","article_publisher":"https:\/\/www.facebook.com\/dicodusport","article_published_time":"2026-02-19T22:00:08+00:00","article_modified_time":"2026-02-19T22:15:50+00:00","og_image":[{"width":1200,"height":674,"url":"https:\/\/dicodusport.fr\/blog\/wp-content\/uploads\/2026\/02\/Le-LOSC-puni-par-lEtoile-Rouge-et-sous-pression-avant-le-barrage-retour-a-Belgrade-en-Ligue-Europa.png","type":"image\/png"}],"author":"Malo Clement","twitter_card":"summary_large_image","twitter_title":"Le LOSC puni par l\u2019\u00c9toile Rouge et sous pression avant le barrage retour \u00e0 Belgrade en Ligue Europa","twitter_creator":"@dicodusport","twitter_site":"@dicodusport","schema":{"@context":"https:\/\/schema.org","@graph":[{"@type":"NewsArticle","@id":"https:\/\/dicodusport.fr\/blog\/le-losc-puni-par-letoile-rouge-et-sous-pression-avant-le-barrage-retour-a-belgrade-en-ligue-europa\/#article","isPartOf":{"@id":"https:\/\/dicodusport.fr\/blog\/le-losc-puni-par-letoile-rouge-et-sous-pression-avant-le-barrage-retour-a-belgrade-en-ligue-europa\/"},"author":{"name":"Malo Clement","@id":"https:\/\/dicodusport.fr\/blog\/#\/schema\/person\/c28883329a45cc92814310316945b3ce"},"headline":"Le LOSC puni par l\u2019\u00c9toile Rouge et sous pression avant le barrage retour \u00e0 Belgrade en Ligue Europa","datePublished":"2026-02-19T22:00:08+00:00","dateModified":"2026-02-19T22:15:50+00:00","mainEntityOfPage":{"@id":"https:\/\/dicodusport.fr\/blog\/le-losc-puni-par-letoile-rouge-et-sous-pression-avant-le-barrage-retour-a-belgrade-en-ligue-europa\/"},"wordCount":737,"commentCount":0,"publisher":{"@id":"https:\/\/dicodusport.fr\/blog\/#organization"},"image":{"@id":"https:\/\/dicodusport.fr\/blog\/le-losc-puni-par-letoile-rouge-et-sous-pression-avant-le-barrage-retour-a-belgrade-en-ligue-europa\/#primaryimage"},"thumbnailUrl":"https:\/\/dicodusport.fr\/blog\/wp-content\/uploads\/2026\/02\/Le-LOSC-puni-par-lEtoile-Rouge-et-sous-pression-avant-le-barrage-retour-a-Belgrade-en-Ligue-Europa.png","keywords":["actu","br\u00e8ve","\u00c9toile Rouge de Belgrade","Ligue Europa","Lille OSC"],"articleSection":["Football"],"inLanguage":"fr-FR","potentialAction":[{"@type":"CommentAction","name":"Comment","target":["https:\/\/dicodusport.fr\/blog\/le-losc-puni-par-letoile-rouge-et-sous-pression-avant-le-barrage-retour-a-belgrade-en-ligue-europa\/#respond"]}],"copyrightYear":"2026","copyrightHolder":{"@id":"https:\/\/dicodusport.fr\/blog\/#organization"}},{"@type":"WebPage","@id":"https:\/\/dicodusport.fr\/blog\/le-losc-puni-par-letoile-rouge-et-sous-pression-avant-le-barrage-retour-a-belgrade-en-ligue-europa\/","url":"https:\/\/dicodusport.fr\/blog\/le-losc-puni-par-letoile-rouge-et-sous-pression-avant-le-barrage-retour-a-belgrade-en-ligue-europa\/","name":"Le LOSC puni par l\u2019\u00c9toile Rouge et sous pression avant le barrage retour \u00e0 Belgrade en Ligue Europa","isPartOf":{"@id":"https:\/\/dicodusport.fr\/blog\/#website"},"primaryImageOfPage":{"@id":"https:\/\/dicodusport.fr\/blog\/le-losc-puni-par-letoile-rouge-et-sous-pression-avant-le-barrage-retour-a-belgrade-en-ligue-europa\/#primaryimage"},"image":{"@id":"https:\/\/dicodusport.fr\/blog\/le-losc-puni-par-letoile-rouge-et-sous-pression-avant-le-barrage-retour-a-belgrade-en-ligue-europa\/#primaryimage"},"thumbnailUrl":"https:\/\/dicodusport.fr\/blog\/wp-content\/uploads\/2026\/02\/Le-LOSC-puni-par-lEtoile-Rouge-et-sous-pression-avant-le-barrage-retour-a-Belgrade-en-Ligue-Europa.png","datePublished":"2026-02-19T22:00:08+00:00","dateModified":"2026-02-19T22:15:50+00:00","description":"La s\u00e9rie noire continue pour le LOSC, battu \u00e0 domicile par l\u2019\u00c9toile Rouge de Belgrade (0-1) et contraint de r\u00e9agir, dans une semaine, \u00e0 Belgrade.","breadcrumb":{"@id":"https:\/\/dicodusport.fr\/blog\/le-losc-puni-par-letoile-rouge-et-sous-pression-avant-le-barrage-retour-a-belgrade-en-ligue-europa\/#breadcrumb"},"inLanguage":"fr-FR","potentialAction":[{"@type":"ReadAction","target":["https:\/\/dicodusport.fr\/blog\/le-losc-puni-par-letoile-rouge-et-sous-pression-avant-le-barrage-retour-a-belgrade-en-ligue-europa\/"]}]},{"@type":"ImageObject","inLanguage":"fr-FR","@id":"https:\/\/dicodusport.fr\/blog\/le-losc-puni-par-letoile-rouge-et-sous-pression-avant-le-barrage-retour-a-belgrade-en-ligue-europa\/#primaryimage","url":"https:\/\/dicodusport.fr\/blog\/wp-content\/uploads\/2026\/02\/Le-LOSC-puni-par-lEtoile-Rouge-et-sous-pression-avant-le-barrage-retour-a-Belgrade-en-Ligue-Europa.png","contentUrl":"https:\/\/dicodusport.fr\/blog\/wp-content\/uploads\/2026\/02\/Le-LOSC-puni-par-lEtoile-Rouge-et-sous-pression-avant-le-barrage-retour-a-Belgrade-en-Ligue-Europa.png","width":1200,"height":674,"caption":"Le LOSC puni par l\u2019\u00c9toile Rouge et sous pression avant le barrage retour \u00e0 Belgrade en Ligue Europa"},{"@type":"BreadcrumbList","@id":"https:\/\/dicodusport.fr\/blog\/le-losc-puni-par-letoile-rouge-et-sous-pression-avant-le-barrage-retour-a-belgrade-en-ligue-europa\/#breadcrumb","itemListElement":[{"@type":"ListItem","position":1,"name":"Accueil","item":"https:\/\/dicodusport.fr\/blog\/"},{"@type":"ListItem","position":2,"name":"Le LOSC puni par l\u2019\u00c9toile Rouge et sous pression avant le barrage retour \u00e0 Belgrade en Ligue Europa"}]},{"@type":"WebSite","@id":"https:\/\/dicodusport.fr\/blog\/#website","url":"https:\/\/dicodusport.fr\/blog\/","name":"Dicodusport","description":"L&#039;encyclop\u00e9die de l&#039;actualit\u00e9 sportive","publisher":{"@id":"https:\/\/dicodusport.fr\/blog\/#organization"},"potentialAction":[{"@type":"SearchAction","target":{"@type":"EntryPoint","urlTemplate":"https:\/\/dicodusport.fr\/blog\/?s={search_term_string}"},"query-input":{"@type":"PropertyValueSpecification","valueRequired":true,"valueName":"search_term_string"}}],"inLanguage":"fr-FR"},{"@type":"NewsMediaOrganization","@id":"https:\/\/dicodusport.fr\/blog\/#organization","name":"Dicodusport","url":"https:\/\/dicodusport.fr\/blog\/","logo":{"@type":"ImageObject","inLanguage":"fr-FR","@id":"https:\/\/dicodusport.fr\/blog\/#\/schema\/logo\/image\/","url":"https:\/\/dicodusport.fr\/blog\/wp-content\/uploads\/2020\/06\/cropped-LOGO-DICODUSPORT-2020-SANS-FOND-SANS-TEXTE.png","contentUrl":"https:\/\/dicodusport.fr\/blog\/wp-content\/uploads\/2020\/06\/cropped-LOGO-DICODUSPORT-2020-SANS-FOND-SANS-TEXTE.png","width":512,"height":512,"caption":"Dicodusport"},"image":{"@id":"https:\/\/dicodusport.fr\/blog\/#\/schema\/logo\/image\/"},"sameAs":["https:\/\/www.facebook.com\/dicodusport","https:\/\/x.com\/dicodusport","https:\/\/www.instagram.com\/dicodusport\/","https:\/\/www.youtube.com\/channel\/UC7V2KZ5sd3htJivAbA4ZG3w"],"description":"Dicodusport est l'encyclop\u00e9die de l'actualit\u00e9 sportive.","email":"bonjour@dicodusport.fr","legalName":"DICODUSPORT","foundingDate":"2018-01-14","vatID":"FR71834470973","taxID":"83447097300043","numberOfEmployees":{"@type":"QuantitativeValue","minValue":"1","maxValue":"10"}},{"@type":"Person","@id":"https:\/\/dicodusport.fr\/blog\/#\/schema\/person\/c28883329a45cc92814310316945b3ce","name":"Malo Clement","image":{"@type":"ImageObject","inLanguage":"fr-FR","@id":"https:\/\/dicodusport.fr\/blog\/#\/schema\/person\/image\/","url":"https:\/\/dicodusport.fr\/blog\/wp-content\/uploads\/2025\/02\/Maillot-Dicodusport-Malo-150x150.png","contentUrl":"https:\/\/dicodusport.fr\/blog\/wp-content\/uploads\/2025\/02\/Maillot-Dicodusport-Malo-150x150.png","caption":"Malo Clement"},"description":"Fan de sport depuis mes 10 ans, mes premiers souvenirs de stade sont le Racing M\u00e9tro 92 \u00e0 Yves du Manoir, le XV de France et le PSG de Nen\u00ea. Celui d\u2019Ibra, Lucas, Cavani et Verratti m\u2019ont d\u00e9finitivement emport\u00e9 dans le football, au d\u00e9sarroi de ma famille. Entre les finales perdues de Champions Cup et les m\u00e9saventures en Ligue des Champions, j\u2019ai eu le nez fin. Au-del\u00e0 de mes clubs franciliens, je m\u2019int\u00e9resse au sport en g\u00e9n\u00e9ral et principalement \u00e0 la d\u00e9couverte de jeunes sportifs. Cela a commenc\u00e9 par Football Manager et j'ai repris \u00e7a avec les sports automobiles. Depuis 2020, mes dimanches apr\u00e8s-midi sont occup\u00e9s par Julien F\u00e9breau et la Formule 1. L\u2019endurance, la F2, la F3 et les autres championnats compl\u00e8tent mes week-ends. J\u2019ai rejoint Dicodusport en novembre 2024 et je suis ravi d\u2019\u00eatre le cadet de la r\u00e9daction.","url":"https:\/\/dicodusport.fr\/blog\/author\/clement-malo\/"}]}},"_links":{"self":[{"href":"https:\/\/dicodusport.fr\/blog\/wp-json\/wp\/v2\/posts\/649320","targetHints":{"allow":["GET"]}}],"collection":[{"href":"https:\/\/dicodusport.fr\/blog\/wp-json\/wp\/v2\/posts"}],"about":[{"href":"https:\/\/dicodusport.fr\/blog\/wp-json\/wp\/v2\/types\/post"}],"author":[{"embeddable":true,"href":"https:\/\/dicodusport.fr\/blog\/wp-json\/wp\/v2\/users\/110"}],"replies":[{"embeddable":true,"href":"https:\/\/dicodusport.fr\/blog\/wp-json\/wp\/v2\/comments?post=649320"}],"version-history":[{"count":6,"href":"https:\/\/dicodusport.fr\/blog\/wp-json\/wp\/v2\/posts\/649320\/revisions"}],"predecessor-version":[{"id":649353,"href":"https:\/\/dicodusport.fr\/blog\/wp-json\/wp\/v2\/posts\/649320\/revisions\/649353"}],"wp:featuredmedia":[{"embeddable":true,"href":"https:\/\/dicodusport.fr\/blog\/wp-json\/wp\/v2\/media\/649340"}],"wp:attachment":[{"href":"https:\/\/dicodusport.fr\/blog\/wp-json\/wp\/v2\/media?parent=649320"}],"wp:term":[{"taxonomy":"category","embeddable":true,"href":"https:\/\/dicodusport.fr\/blog\/wp-json\/wp\/v2\/categories?post=649320"},{"taxonomy":"post_tag","embeddable":true,"href":"https:\/\/dicodusport.fr\/blog\/wp-json\/wp\/v2\/tags?post=649320"}],"curies":[{"name":"wp","href":"https:\/\/api.w.org\/{rel}","templated":true}]}}