{"id":650062,"date":"2026-02-22T13:01:51","date_gmt":"2026-02-22T12:01:51","guid":{"rendered":"https:\/\/dicodusport.fr\/blog\/?p=650062&#038;preview=true&#038;preview_id=650062"},"modified":"2026-02-22T14:10:58","modified_gmt":"2026-02-22T13:10:58","slug":"en-or-sur-le-bob-a-4-johannes-lochner-realise-le-double-aux-jo-2026","status":"publish","type":"post","link":"https:\/\/dicodusport.fr\/blog\/en-or-sur-le-bob-a-4-johannes-lochner-realise-le-double-aux-jo-2026\/","title":{"rendered":"En or sur le bob \u00e0 4, Johannes Lochner r\u00e9alise le doubl\u00e9 aux JO 2026 !"},"content":{"rendered":"<p style=\"text-align: justify;\"><strong><em>BOBSLEIGH JO 2026 &#8211; Johannes Lochner a d\u00e9croch\u00e9 l&rsquo;or olympique en bob \u00e0 4. L&rsquo;\u00e9quipage devance un autre bob allemand, celui de Francesco Friedrich.<\/em><\/strong><\/p>\n<ul style=\"text-align: justify;\">\n<li style=\"text-align: justify;\"><strong>\u00c0 ce sujet \u2013\u00a0<a href=\"https:\/\/dicodusport.fr\/blog\/calendrier-jo-dhiver-2026-programme-complet-des-epreuves-jour-par-jour-milan-cortina\/\">Calendrier JO d\u2019hiver 2026 : programme complet des \u00e9preuves, jour par jour (Milan-Cortina)<\/a><\/strong><\/li>\n<\/ul>\n<p style=\"text-align: justify;\">Au lendemain des deux premi\u00e8res manches, les bobeurs \u00e9taient \u00e0 nouveau au d\u00e9part ce dimanche matin pour attribuer l&rsquo;un des derniers titres de la quinzaine olympique. \u00c0 l&rsquo;issue des deux premi\u00e8res manches, <a href=\"https:\/\/dicodusport.fr\/blog\/lallemagne-en-route-pour-un-triple-en-bob-a-quatre-aux-jo-2026-les-bleus-hors-du-coup\/\">les Allemands semblaient s&rsquo;orienter tout droit vers un tripl\u00e9<\/a> puisque les bobs de <strong>Johannes Lochner, Francesco Friedrich et Adam Ammour<\/strong> occupaient respectivement les trois premi\u00e8res places du classement.<\/p>\n<p style=\"text-align: justify;\">En revanche, inutile de s&rsquo;attarder \u00e0 rechercher la place du bob tricolore de <strong>Romain Heinrich.<\/strong> L&rsquo;\u00e9quipage fran\u00e7ais n&rsquo;\u00e9tait pas au d\u00e9part ce matin apr\u00e8s leur accident d&rsquo;hier. N&rsquo;ayant pas pass\u00e9 la ligne d&rsquo;arriv\u00e9e, leurs Jeux Olympiques ont pris une fin inattendue.<\/p>\n<blockquote class=\"twitter-tweet\">\n<p dir=\"ltr\" lang=\"fr\">\u2744\ufe0f <a href=\"https:\/\/twitter.com\/hashtag\/MilanoCortina2026?src=hash&amp;ref_src=twsrc%5Etfw\">#MilanoCortina2026<\/a> | \ud83c\uddeb\ud83c\uddf7 Terrible nouvelle pour l&rsquo;\u00e9quipe de France de bobsleigh \u00e0 4, qui a renvers\u00e9 son bob.<\/p>\n<p>Les quatre Bleus vont bien et passent actuellement un protocole commotion<\/p>\n<p>\u27a1\ufe0f Suivez les JO en direct : <a href=\"https:\/\/t.co\/fWyqfxoDw3\">https:\/\/t.co\/fWyqfxoDw3<\/a> <a href=\"https:\/\/t.co\/RZ4A5CT2MB\">pic.twitter.com\/RZ4A5CT2MB<\/a><\/p>\n<p>\u2014 francetvsport (@francetvsport) <a href=\"https:\/\/twitter.com\/francetvsport\/status\/2025187119103169012?ref_src=twsrc%5Etfw\">February 21, 2026<\/a><\/p><\/blockquote>\n<p><script async src=\"https:\/\/platform.twitter.com\/widgets.js\" charset=\"utf-8\"><\/script><\/p>\n<h2>Du suspens pour la m\u00e9daille de bronze<\/h2>\n<p style=\"text-align: justify;\">La troisi\u00e8me manche a un peu plus confort\u00e9 les deux premiers \u00e9quipages aux deux premi\u00e8res places puisque <strong>Johannes Lochner, Thorsten Margis, Jorn Wenzel et Georg Fleischhauer<\/strong> ont accentu\u00e9 leur avance sur le bob de <strong>Francesco Friedrich<\/strong> (+0.48) qui lui-m\u00eame a augment\u00e9 sa marge sur <strong>Adam Ammour<\/strong>. C&rsquo;est sans doute ce dernier \u00e9quipage qui a r\u00e9alis\u00e9 la mauvaise op\u00e9ration de la manche (+0.92), ne signant que le cinqui\u00e8me temps et voyant revenir sur lui le bob suisse de<strong> Michael Vogt<\/strong>. L&rsquo;\u00e9quipage helv\u00e8te ne comptait que neuf centi\u00e8mes de retard (+1.01) au moment de partir pour la manche finale.<\/p>\n<h2>Tripl\u00e9 allemand<\/h2>\n<p style=\"text-align: justify;\">Les Suisses ont fait le travail, r\u00e9alisant une tr\u00e8s belle derni\u00e8re manche, mettant la pression \u00e0 <strong>Adam Ammour<\/strong> et ses partenaires. Une pression que les Allemands ont eu du mal \u00e0 g\u00e9rer. En effet, un travers \u00e0 l&rsquo;entame du dernier tiers de la piste a eu raison des espoirs de podium de l&rsquo;\u00e9quipage allemand. Les neuf centi\u00e8mes d&rsquo;avance au d\u00e9part de la manche se sont ainsi transform\u00e9s en quatre centi\u00e8mes de retard : quatre ans apr\u00e8s une quatri\u00e8me place en bob \u00e0 deux \u00e0 P\u00e9kin, <strong>Michael Vogt<\/strong> d\u00e9croche son premier podium olympique (+1.07).<\/p>\n<p style=\"text-align: justify;\">Un bilan encore loin de celui de <strong>Friedrich<\/strong> qui, ce dimanche, a r\u00e9colt\u00e9 sa sixi\u00e8me m\u00e9daille olympique. Sa derni\u00e8re d&rsquo;ailleurs, puisque l&rsquo;Allemand avait annonc\u00e9 qu&rsquo;il mettrait un terme \u00e0 sa carri\u00e8re. L&rsquo;\u00e9quipage n&rsquo;a pas trembl\u00e9 et a sign\u00e9 le troisi\u00e8me temps de la manche, s&rsquo;assurant <em>de facto<\/em> la m\u00e9daille d&rsquo;argent. Sans surprise, <strong>Johannes Lochner<\/strong>, d\u00e9j\u00e0 champion olympique \u00e0 deux il y a quelques jours, s&#8217;empare de la m\u00e9daille d&rsquo;or et signe le doubl\u00e9. L&rsquo;Allemand, d\u00e9j\u00e0 argent\u00e9 \u00e0 P\u00e9kin, parach\u00e8ve une remarquable quinzaine olympique.<\/p>\n<p style=\"text-align: justify;\">Enfin, on notera par ailleurs la belle op\u00e9ration du bob suisse de <strong>C\u00e9dric Follador,<\/strong> qui a fait son entr\u00e9e dans le top 6 final, en d\u00e9passant sur le fil l&rsquo;\u00e9quipage britannique, auteur d&rsquo;un temps d\u00e9cevant de 55.09 secondes sur la derni\u00e8re manche (7\u00e8me place finale, +1.55). La cinqui\u00e8me place revient quant \u00e0 elle \u00e0 l&rsquo;Italien <strong>Patrick Baumgartner<\/strong> et ses co\u00e9quipiers.<\/p>\n<ul style=\"text-align: justify;\">\n<li><strong>\u00c0 ce sujet \u2013\u00a0<a href=\"https:\/\/dicodusport.fr\/blog\/tableau-des-medailles-jo-2026-classement-mis-a-jour-en-temps-reel\/\">Tableau des m\u00e9dailles JO 2026 : classement mis \u00e0 jour en temps r\u00e9el<\/a><\/strong><\/li>\n<\/ul>\n<div id=\"gtx-trans\" style=\"position: absolute; left: -14px; top: 40.9091px;\">\n<div class=\"gtx-trans-icon\" style=\"text-align: justify;\"><\/div>\n<\/div>\n","protected":false},"excerpt":{"rendered":"<p>BOBSLEIGH JO 2026 &#8211; Johannes Lochner a d\u00e9croch\u00e9 l&rsquo;or olympique en bob \u00e0 4. L&rsquo;\u00e9quipage devance un autre bob allemand, celui de Francesco Friedrich.<\/p>\n","protected":false},"author":91,"featured_media":650160,"comment_status":"open","ping_status":"closed","sticky":false,"template":"","format":"standard","meta":{"_acf_changed":false,"_daextam_enable_autolinks":"1","footnotes":""},"categories":[44003],"tags":[32415,16878,46887,46888,47094],"class_list":["post-650062","post","type-post","status-publish","format-standard","has-post-thumbnail","hentry","category-jo-hiver-2026","tag-actu","tag-breve","tag-jeux-olympiques-2026","tag-jo-2026","tag-jo-dhiver"],"acf":[],"yoast_head":"<!-- This site is optimized with the Yoast SEO Premium plugin v26.7 (Yoast SEO v26.7) - https:\/\/yoast.com\/wordpress\/plugins\/seo\/ -->\n<title>En or sur le bob \u00e0 4, Johannes Lochner r\u00e9alise le doubl\u00e9 aux JO 2026 !<\/title>\n<meta name=\"description\" content=\"BOBSLEIGH JO 2026 - Johannes Lochner a d\u00e9croch\u00e9 l&#039;or olympique en bob \u00e0 4. L&#039;\u00e9quipage devance un autre bob allemand, celui de Francesco Friedrich.\" \/>\n<meta name=\"robots\" content=\"index, follow, max-snippet:-1, max-image-preview:large, max-video-preview:-1\" \/>\n<link rel=\"canonical\" href=\"https:\/\/dicodusport.fr\/blog\/en-or-sur-le-bob-a-4-johannes-lochner-realise-le-double-aux-jo-2026\/\" \/>\n<meta property=\"og:locale\" content=\"fr_FR\" \/>\n<meta property=\"og:type\" content=\"article\" \/>\n<meta property=\"og:title\" content=\"En or sur le bob \u00e0 4, Johannes Lochner r\u00e9alise le doubl\u00e9 aux JO 2026 !\" \/>\n<meta property=\"og:description\" content=\"BOBSLEIGH JO 2026 - Johannes Lochner a d\u00e9croch\u00e9 l&#039;or olympique en bob \u00e0 4. L&#039;\u00e9quipage devance un autre bob allemand, celui de Francesco Friedrich.\" \/>\n<meta property=\"og:url\" content=\"https:\/\/dicodusport.fr\/blog\/en-or-sur-le-bob-a-4-johannes-lochner-realise-le-double-aux-jo-2026\/\" \/>\n<meta property=\"og:site_name\" content=\"Dicodusport\" \/>\n<meta property=\"article:publisher\" content=\"https:\/\/www.facebook.com\/dicodusport\" \/>\n<meta property=\"article:published_time\" content=\"2026-02-22T12:01:51+00:00\" \/>\n<meta property=\"article:modified_time\" content=\"2026-02-22T13:10:58+00:00\" \/>\n<meta property=\"og:image\" content=\"https:\/\/dicodusport.fr\/blog\/wp-content\/uploads\/2026\/02\/En-or-sur-le-bob-a-4-Johannes-Lochner-realise-le-double-aux-JO-2026-1-1.png\" \/>\n\t<meta property=\"og:image:width\" content=\"1200\" \/>\n\t<meta property=\"og:image:height\" content=\"674\" \/>\n\t<meta property=\"og:image:type\" content=\"image\/png\" \/>\n<meta name=\"author\" content=\"Victor Clot-Amiot\" \/>\n<meta name=\"twitter:card\" content=\"summary_large_image\" \/>\n<meta name=\"twitter:title\" content=\"En or sur le bob \u00e0 4, Johannes Lochner r\u00e9alise le doubl\u00e9 aux JO 2026 !\" \/>\n<meta name=\"twitter:creator\" content=\"@https:\/\/x.com\/VictorClotAmiot\" \/>\n<meta name=\"twitter:site\" content=\"@dicodusport\" \/>\n<script type=\"application\/ld+json\" class=\"yoast-schema-graph\">{\"@context\":\"https:\/\/schema.org\",\"@graph\":[{\"@type\":\"NewsArticle\",\"@id\":\"https:\/\/dicodusport.fr\/blog\/en-or-sur-le-bob-a-4-johannes-lochner-realise-le-double-aux-jo-2026\/#article\",\"isPartOf\":{\"@id\":\"https:\/\/dicodusport.fr\/blog\/en-or-sur-le-bob-a-4-johannes-lochner-realise-le-double-aux-jo-2026\/\"},\"author\":{\"name\":\"Victor Clot-Amiot\",\"@id\":\"https:\/\/dicodusport.fr\/blog\/#\/schema\/person\/b623199cba9ba90fe84a3d16e9282360\"},\"headline\":\"En or sur le bob \u00e0 4, Johannes Lochner r\u00e9alise le doubl\u00e9 aux JO 2026 !\",\"datePublished\":\"2026-02-22T12:01:51+00:00\",\"dateModified\":\"2026-02-22T13:10:58+00:00\",\"mainEntityOfPage\":{\"@id\":\"https:\/\/dicodusport.fr\/blog\/en-or-sur-le-bob-a-4-johannes-lochner-realise-le-double-aux-jo-2026\/\"},\"wordCount\":608,\"commentCount\":0,\"publisher\":{\"@id\":\"https:\/\/dicodusport.fr\/blog\/#organization\"},\"image\":{\"@id\":\"https:\/\/dicodusport.fr\/blog\/en-or-sur-le-bob-a-4-johannes-lochner-realise-le-double-aux-jo-2026\/#primaryimage\"},\"thumbnailUrl\":\"https:\/\/dicodusport.fr\/blog\/wp-content\/uploads\/2026\/02\/En-or-sur-le-bob-a-4-Johannes-Lochner-realise-le-double-aux-JO-2026-1-1.png\",\"keywords\":[\"actu\",\"br\u00e8ve\",\"Jeux Olympiques 2026\",\"JO 2026\",\"JO d'hiver\"],\"articleSection\":[\"JO d'hiver 2026\"],\"inLanguage\":\"fr-FR\",\"potentialAction\":[{\"@type\":\"CommentAction\",\"name\":\"Comment\",\"target\":[\"https:\/\/dicodusport.fr\/blog\/en-or-sur-le-bob-a-4-johannes-lochner-realise-le-double-aux-jo-2026\/#respond\"]}],\"copyrightYear\":\"2026\",\"copyrightHolder\":{\"@id\":\"https:\/\/dicodusport.fr\/blog\/#organization\"}},{\"@type\":\"WebPage\",\"@id\":\"https:\/\/dicodusport.fr\/blog\/en-or-sur-le-bob-a-4-johannes-lochner-realise-le-double-aux-jo-2026\/\",\"url\":\"https:\/\/dicodusport.fr\/blog\/en-or-sur-le-bob-a-4-johannes-lochner-realise-le-double-aux-jo-2026\/\",\"name\":\"En or sur le bob \u00e0 4, Johannes Lochner r\u00e9alise le doubl\u00e9 aux JO 2026 !\",\"isPartOf\":{\"@id\":\"https:\/\/dicodusport.fr\/blog\/#website\"},\"primaryImageOfPage\":{\"@id\":\"https:\/\/dicodusport.fr\/blog\/en-or-sur-le-bob-a-4-johannes-lochner-realise-le-double-aux-jo-2026\/#primaryimage\"},\"image\":{\"@id\":\"https:\/\/dicodusport.fr\/blog\/en-or-sur-le-bob-a-4-johannes-lochner-realise-le-double-aux-jo-2026\/#primaryimage\"},\"thumbnailUrl\":\"https:\/\/dicodusport.fr\/blog\/wp-content\/uploads\/2026\/02\/En-or-sur-le-bob-a-4-Johannes-Lochner-realise-le-double-aux-JO-2026-1-1.png\",\"datePublished\":\"2026-02-22T12:01:51+00:00\",\"dateModified\":\"2026-02-22T13:10:58+00:00\",\"description\":\"BOBSLEIGH JO 2026 - Johannes Lochner a d\u00e9croch\u00e9 l'or olympique en bob \u00e0 4. L'\u00e9quipage devance un autre bob allemand, celui de Francesco Friedrich.\",\"breadcrumb\":{\"@id\":\"https:\/\/dicodusport.fr\/blog\/en-or-sur-le-bob-a-4-johannes-lochner-realise-le-double-aux-jo-2026\/#breadcrumb\"},\"inLanguage\":\"fr-FR\",\"potentialAction\":[{\"@type\":\"ReadAction\",\"target\":[\"https:\/\/dicodusport.fr\/blog\/en-or-sur-le-bob-a-4-johannes-lochner-realise-le-double-aux-jo-2026\/\"]}]},{\"@type\":\"ImageObject\",\"inLanguage\":\"fr-FR\",\"@id\":\"https:\/\/dicodusport.fr\/blog\/en-or-sur-le-bob-a-4-johannes-lochner-realise-le-double-aux-jo-2026\/#primaryimage\",\"url\":\"https:\/\/dicodusport.fr\/blog\/wp-content\/uploads\/2026\/02\/En-or-sur-le-bob-a-4-Johannes-Lochner-realise-le-double-aux-JO-2026-1-1.png\",\"contentUrl\":\"https:\/\/dicodusport.fr\/blog\/wp-content\/uploads\/2026\/02\/En-or-sur-le-bob-a-4-Johannes-Lochner-realise-le-double-aux-JO-2026-1-1.png\",\"width\":1200,\"height\":674,\"caption\":\"En or sur le bob \u00e0 4, Johannes Lochner r\u00e9alise le doubl\u00e9 aux JO 2026 !\"},{\"@type\":\"BreadcrumbList\",\"@id\":\"https:\/\/dicodusport.fr\/blog\/en-or-sur-le-bob-a-4-johannes-lochner-realise-le-double-aux-jo-2026\/#breadcrumb\",\"itemListElement\":[{\"@type\":\"ListItem\",\"position\":1,\"name\":\"Accueil\",\"item\":\"https:\/\/dicodusport.fr\/blog\/\"},{\"@type\":\"ListItem\",\"position\":2,\"name\":\"En or sur le bob \u00e0 4, Johannes Lochner r\u00e9alise le doubl\u00e9 aux JO 2026 !\"}]},{\"@type\":\"WebSite\",\"@id\":\"https:\/\/dicodusport.fr\/blog\/#website\",\"url\":\"https:\/\/dicodusport.fr\/blog\/\",\"name\":\"Dicodusport\",\"description\":\"L&#039;encyclop\u00e9die de l&#039;actualit\u00e9 sportive\",\"publisher\":{\"@id\":\"https:\/\/dicodusport.fr\/blog\/#organization\"},\"potentialAction\":[{\"@type\":\"SearchAction\",\"target\":{\"@type\":\"EntryPoint\",\"urlTemplate\":\"https:\/\/dicodusport.fr\/blog\/?s={search_term_string}\"},\"query-input\":{\"@type\":\"PropertyValueSpecification\",\"valueRequired\":true,\"valueName\":\"search_term_string\"}}],\"inLanguage\":\"fr-FR\"},{\"@type\":\"NewsMediaOrganization\",\"@id\":\"https:\/\/dicodusport.fr\/blog\/#organization\",\"name\":\"Dicodusport\",\"url\":\"https:\/\/dicodusport.fr\/blog\/\",\"logo\":{\"@type\":\"ImageObject\",\"inLanguage\":\"fr-FR\",\"@id\":\"https:\/\/dicodusport.fr\/blog\/#\/schema\/logo\/image\/\",\"url\":\"https:\/\/dicodusport.fr\/blog\/wp-content\/uploads\/2020\/06\/cropped-LOGO-DICODUSPORT-2020-SANS-FOND-SANS-TEXTE.png\",\"contentUrl\":\"https:\/\/dicodusport.fr\/blog\/wp-content\/uploads\/2020\/06\/cropped-LOGO-DICODUSPORT-2020-SANS-FOND-SANS-TEXTE.png\",\"width\":512,\"height\":512,\"caption\":\"Dicodusport\"},\"image\":{\"@id\":\"https:\/\/dicodusport.fr\/blog\/#\/schema\/logo\/image\/\"},\"sameAs\":[\"https:\/\/www.facebook.com\/dicodusport\",\"https:\/\/x.com\/dicodusport\",\"https:\/\/www.instagram.com\/dicodusport\/\",\"https:\/\/www.youtube.com\/channel\/UC7V2KZ5sd3htJivAbA4ZG3w\"],\"description\":\"Dicodusport est l'encyclop\u00e9die de l'actualit\u00e9 sportive.\",\"email\":\"bonjour@dicodusport.fr\",\"legalName\":\"DICODUSPORT\",\"foundingDate\":\"2018-01-14\",\"vatID\":\"FR71834470973\",\"taxID\":\"83447097300043\",\"numberOfEmployees\":{\"@type\":\"QuantitativeValue\",\"minValue\":\"1\",\"maxValue\":\"10\"}},{\"@type\":\"Person\",\"@id\":\"https:\/\/dicodusport.fr\/blog\/#\/schema\/person\/b623199cba9ba90fe84a3d16e9282360\",\"name\":\"Victor Clot-Amiot\",\"image\":{\"@type\":\"ImageObject\",\"inLanguage\":\"fr-FR\",\"@id\":\"https:\/\/dicodusport.fr\/blog\/#\/schema\/person\/image\/\",\"url\":\"https:\/\/dicodusport.fr\/blog\/wp-content\/uploads\/2023\/09\/IMG_20190826_114722-150x150.jpg\",\"contentUrl\":\"https:\/\/dicodusport.fr\/blog\/wp-content\/uploads\/2023\/09\/IMG_20190826_114722-150x150.jpg\",\"caption\":\"Victor Clot-Amiot\"},\"description\":\"Passionn\u00e9 de sport depuis toujours, un jour \u00e0 l'adolescence mes parents m'ont dit : \\\"quitte \u00e0 passer ton temps \u00e0 regarder du sport, au moins va le voir en vrai\\\" ! Depuis, cette remarque ne m'a plus quitt\u00e9 et je passe une grande partie de mon temps libre \u00e0 assister \u00e0 des comp\u00e9titions de tous sports. Je m\u00eale d'ailleurs mes deux passions, le sport et les voyages afin de faire une pierre deux coups ! Outre l'US Open ou l'Euro 2021 par exemple, j'ai assist\u00e9 cet \u00e9t\u00e9 aux Mondiaux d'athl\u00e9tisme \u00e0 Budapest. Mon plus gros coup dur est et restera les JO 2020-2021 pour lesquels j'avais r\u00e9serv\u00e9 17 \u00e9preuves. La suite, vous la connaissez...\",\"sameAs\":[\"https:\/\/x.com\/https:\/\/x.com\/VictorClotAmiot\"],\"url\":\"https:\/\/dicodusport.fr\/blog\/author\/victor-clot-amiot\/\"}]}<\/script>\n<!-- \/ Yoast SEO Premium plugin. -->","yoast_head_json":{"title":"En or sur le bob \u00e0 4, Johannes Lochner r\u00e9alise le doubl\u00e9 aux JO 2026 !","description":"BOBSLEIGH JO 2026 - Johannes Lochner a d\u00e9croch\u00e9 l'or olympique en bob \u00e0 4. L'\u00e9quipage devance un autre bob allemand, celui de Francesco Friedrich.","robots":{"index":"index","follow":"follow","max-snippet":"max-snippet:-1","max-image-preview":"max-image-preview:large","max-video-preview":"max-video-preview:-1"},"canonical":"https:\/\/dicodusport.fr\/blog\/en-or-sur-le-bob-a-4-johannes-lochner-realise-le-double-aux-jo-2026\/","og_locale":"fr_FR","og_type":"article","og_title":"En or sur le bob \u00e0 4, Johannes Lochner r\u00e9alise le doubl\u00e9 aux JO 2026 !","og_description":"BOBSLEIGH JO 2026 - Johannes Lochner a d\u00e9croch\u00e9 l'or olympique en bob \u00e0 4. L'\u00e9quipage devance un autre bob allemand, celui de Francesco Friedrich.","og_url":"https:\/\/dicodusport.fr\/blog\/en-or-sur-le-bob-a-4-johannes-lochner-realise-le-double-aux-jo-2026\/","og_site_name":"Dicodusport","article_publisher":"https:\/\/www.facebook.com\/dicodusport","article_published_time":"2026-02-22T12:01:51+00:00","article_modified_time":"2026-02-22T13:10:58+00:00","og_image":[{"width":1200,"height":674,"url":"https:\/\/dicodusport.fr\/blog\/wp-content\/uploads\/2026\/02\/En-or-sur-le-bob-a-4-Johannes-Lochner-realise-le-double-aux-JO-2026-1-1.png","type":"image\/png"}],"author":"Victor Clot-Amiot","twitter_card":"summary_large_image","twitter_title":"En or sur le bob \u00e0 4, Johannes Lochner r\u00e9alise le doubl\u00e9 aux JO 2026 !","twitter_creator":"@https:\/\/x.com\/VictorClotAmiot","twitter_site":"@dicodusport","schema":{"@context":"https:\/\/schema.org","@graph":[{"@type":"NewsArticle","@id":"https:\/\/dicodusport.fr\/blog\/en-or-sur-le-bob-a-4-johannes-lochner-realise-le-double-aux-jo-2026\/#article","isPartOf":{"@id":"https:\/\/dicodusport.fr\/blog\/en-or-sur-le-bob-a-4-johannes-lochner-realise-le-double-aux-jo-2026\/"},"author":{"name":"Victor Clot-Amiot","@id":"https:\/\/dicodusport.fr\/blog\/#\/schema\/person\/b623199cba9ba90fe84a3d16e9282360"},"headline":"En or sur le bob \u00e0 4, Johannes Lochner r\u00e9alise le doubl\u00e9 aux JO 2026 !","datePublished":"2026-02-22T12:01:51+00:00","dateModified":"2026-02-22T13:10:58+00:00","mainEntityOfPage":{"@id":"https:\/\/dicodusport.fr\/blog\/en-or-sur-le-bob-a-4-johannes-lochner-realise-le-double-aux-jo-2026\/"},"wordCount":608,"commentCount":0,"publisher":{"@id":"https:\/\/dicodusport.fr\/blog\/#organization"},"image":{"@id":"https:\/\/dicodusport.fr\/blog\/en-or-sur-le-bob-a-4-johannes-lochner-realise-le-double-aux-jo-2026\/#primaryimage"},"thumbnailUrl":"https:\/\/dicodusport.fr\/blog\/wp-content\/uploads\/2026\/02\/En-or-sur-le-bob-a-4-Johannes-Lochner-realise-le-double-aux-JO-2026-1-1.png","keywords":["actu","br\u00e8ve","Jeux Olympiques 2026","JO 2026","JO d'hiver"],"articleSection":["JO d'hiver 2026"],"inLanguage":"fr-FR","potentialAction":[{"@type":"CommentAction","name":"Comment","target":["https:\/\/dicodusport.fr\/blog\/en-or-sur-le-bob-a-4-johannes-lochner-realise-le-double-aux-jo-2026\/#respond"]}],"copyrightYear":"2026","copyrightHolder":{"@id":"https:\/\/dicodusport.fr\/blog\/#organization"}},{"@type":"WebPage","@id":"https:\/\/dicodusport.fr\/blog\/en-or-sur-le-bob-a-4-johannes-lochner-realise-le-double-aux-jo-2026\/","url":"https:\/\/dicodusport.fr\/blog\/en-or-sur-le-bob-a-4-johannes-lochner-realise-le-double-aux-jo-2026\/","name":"En or sur le bob \u00e0 4, Johannes Lochner r\u00e9alise le doubl\u00e9 aux JO 2026 !","isPartOf":{"@id":"https:\/\/dicodusport.fr\/blog\/#website"},"primaryImageOfPage":{"@id":"https:\/\/dicodusport.fr\/blog\/en-or-sur-le-bob-a-4-johannes-lochner-realise-le-double-aux-jo-2026\/#primaryimage"},"image":{"@id":"https:\/\/dicodusport.fr\/blog\/en-or-sur-le-bob-a-4-johannes-lochner-realise-le-double-aux-jo-2026\/#primaryimage"},"thumbnailUrl":"https:\/\/dicodusport.fr\/blog\/wp-content\/uploads\/2026\/02\/En-or-sur-le-bob-a-4-Johannes-Lochner-realise-le-double-aux-JO-2026-1-1.png","datePublished":"2026-02-22T12:01:51+00:00","dateModified":"2026-02-22T13:10:58+00:00","description":"BOBSLEIGH JO 2026 - Johannes Lochner a d\u00e9croch\u00e9 l'or olympique en bob \u00e0 4. L'\u00e9quipage devance un autre bob allemand, celui de Francesco Friedrich.","breadcrumb":{"@id":"https:\/\/dicodusport.fr\/blog\/en-or-sur-le-bob-a-4-johannes-lochner-realise-le-double-aux-jo-2026\/#breadcrumb"},"inLanguage":"fr-FR","potentialAction":[{"@type":"ReadAction","target":["https:\/\/dicodusport.fr\/blog\/en-or-sur-le-bob-a-4-johannes-lochner-realise-le-double-aux-jo-2026\/"]}]},{"@type":"ImageObject","inLanguage":"fr-FR","@id":"https:\/\/dicodusport.fr\/blog\/en-or-sur-le-bob-a-4-johannes-lochner-realise-le-double-aux-jo-2026\/#primaryimage","url":"https:\/\/dicodusport.fr\/blog\/wp-content\/uploads\/2026\/02\/En-or-sur-le-bob-a-4-Johannes-Lochner-realise-le-double-aux-JO-2026-1-1.png","contentUrl":"https:\/\/dicodusport.fr\/blog\/wp-content\/uploads\/2026\/02\/En-or-sur-le-bob-a-4-Johannes-Lochner-realise-le-double-aux-JO-2026-1-1.png","width":1200,"height":674,"caption":"En or sur le bob \u00e0 4, Johannes Lochner r\u00e9alise le doubl\u00e9 aux JO 2026 !"},{"@type":"BreadcrumbList","@id":"https:\/\/dicodusport.fr\/blog\/en-or-sur-le-bob-a-4-johannes-lochner-realise-le-double-aux-jo-2026\/#breadcrumb","itemListElement":[{"@type":"ListItem","position":1,"name":"Accueil","item":"https:\/\/dicodusport.fr\/blog\/"},{"@type":"ListItem","position":2,"name":"En or sur le bob \u00e0 4, Johannes Lochner r\u00e9alise le doubl\u00e9 aux JO 2026 !"}]},{"@type":"WebSite","@id":"https:\/\/dicodusport.fr\/blog\/#website","url":"https:\/\/dicodusport.fr\/blog\/","name":"Dicodusport","description":"L&#039;encyclop\u00e9die de l&#039;actualit\u00e9 sportive","publisher":{"@id":"https:\/\/dicodusport.fr\/blog\/#organization"},"potentialAction":[{"@type":"SearchAction","target":{"@type":"EntryPoint","urlTemplate":"https:\/\/dicodusport.fr\/blog\/?s={search_term_string}"},"query-input":{"@type":"PropertyValueSpecification","valueRequired":true,"valueName":"search_term_string"}}],"inLanguage":"fr-FR"},{"@type":"NewsMediaOrganization","@id":"https:\/\/dicodusport.fr\/blog\/#organization","name":"Dicodusport","url":"https:\/\/dicodusport.fr\/blog\/","logo":{"@type":"ImageObject","inLanguage":"fr-FR","@id":"https:\/\/dicodusport.fr\/blog\/#\/schema\/logo\/image\/","url":"https:\/\/dicodusport.fr\/blog\/wp-content\/uploads\/2020\/06\/cropped-LOGO-DICODUSPORT-2020-SANS-FOND-SANS-TEXTE.png","contentUrl":"https:\/\/dicodusport.fr\/blog\/wp-content\/uploads\/2020\/06\/cropped-LOGO-DICODUSPORT-2020-SANS-FOND-SANS-TEXTE.png","width":512,"height":512,"caption":"Dicodusport"},"image":{"@id":"https:\/\/dicodusport.fr\/blog\/#\/schema\/logo\/image\/"},"sameAs":["https:\/\/www.facebook.com\/dicodusport","https:\/\/x.com\/dicodusport","https:\/\/www.instagram.com\/dicodusport\/","https:\/\/www.youtube.com\/channel\/UC7V2KZ5sd3htJivAbA4ZG3w"],"description":"Dicodusport est l'encyclop\u00e9die de l'actualit\u00e9 sportive.","email":"bonjour@dicodusport.fr","legalName":"DICODUSPORT","foundingDate":"2018-01-14","vatID":"FR71834470973","taxID":"83447097300043","numberOfEmployees":{"@type":"QuantitativeValue","minValue":"1","maxValue":"10"}},{"@type":"Person","@id":"https:\/\/dicodusport.fr\/blog\/#\/schema\/person\/b623199cba9ba90fe84a3d16e9282360","name":"Victor Clot-Amiot","image":{"@type":"ImageObject","inLanguage":"fr-FR","@id":"https:\/\/dicodusport.fr\/blog\/#\/schema\/person\/image\/","url":"https:\/\/dicodusport.fr\/blog\/wp-content\/uploads\/2023\/09\/IMG_20190826_114722-150x150.jpg","contentUrl":"https:\/\/dicodusport.fr\/blog\/wp-content\/uploads\/2023\/09\/IMG_20190826_114722-150x150.jpg","caption":"Victor Clot-Amiot"},"description":"Passionn\u00e9 de sport depuis toujours, un jour \u00e0 l'adolescence mes parents m'ont dit : \"quitte \u00e0 passer ton temps \u00e0 regarder du sport, au moins va le voir en vrai\" ! Depuis, cette remarque ne m'a plus quitt\u00e9 et je passe une grande partie de mon temps libre \u00e0 assister \u00e0 des comp\u00e9titions de tous sports. Je m\u00eale d'ailleurs mes deux passions, le sport et les voyages afin de faire une pierre deux coups ! Outre l'US Open ou l'Euro 2021 par exemple, j'ai assist\u00e9 cet \u00e9t\u00e9 aux Mondiaux d'athl\u00e9tisme \u00e0 Budapest. Mon plus gros coup dur est et restera les JO 2020-2021 pour lesquels j'avais r\u00e9serv\u00e9 17 \u00e9preuves. La suite, vous la connaissez...","sameAs":["https:\/\/x.com\/https:\/\/x.com\/VictorClotAmiot"],"url":"https:\/\/dicodusport.fr\/blog\/author\/victor-clot-amiot\/"}]}},"_links":{"self":[{"href":"https:\/\/dicodusport.fr\/blog\/wp-json\/wp\/v2\/posts\/650062","targetHints":{"allow":["GET"]}}],"collection":[{"href":"https:\/\/dicodusport.fr\/blog\/wp-json\/wp\/v2\/posts"}],"about":[{"href":"https:\/\/dicodusport.fr\/blog\/wp-json\/wp\/v2\/types\/post"}],"author":[{"embeddable":true,"href":"https:\/\/dicodusport.fr\/blog\/wp-json\/wp\/v2\/users\/91"}],"replies":[{"embeddable":true,"href":"https:\/\/dicodusport.fr\/blog\/wp-json\/wp\/v2\/comments?post=650062"}],"version-history":[{"count":5,"href":"https:\/\/dicodusport.fr\/blog\/wp-json\/wp\/v2\/posts\/650062\/revisions"}],"predecessor-version":[{"id":650161,"href":"https:\/\/dicodusport.fr\/blog\/wp-json\/wp\/v2\/posts\/650062\/revisions\/650161"}],"wp:featuredmedia":[{"embeddable":true,"href":"https:\/\/dicodusport.fr\/blog\/wp-json\/wp\/v2\/media\/650160"}],"wp:attachment":[{"href":"https:\/\/dicodusport.fr\/blog\/wp-json\/wp\/v2\/media?parent=650062"}],"wp:term":[{"taxonomy":"category","embeddable":true,"href":"https:\/\/dicodusport.fr\/blog\/wp-json\/wp\/v2\/categories?post=650062"},{"taxonomy":"post_tag","embeddable":true,"href":"https:\/\/dicodusport.fr\/blog\/wp-json\/wp\/v2\/tags?post=650062"}],"curies":[{"name":"wp","href":"https:\/\/api.w.org\/{rel}","templated":true}]}}